{"id":193932,"date":"2021-02-26T16:23:32","date_gmt":"2021-02-26T15:23:32","guid":{"rendered":"https:\/\/www.radiopiu.net\/wordpress\/?p=193932"},"modified":"2021-02-26T16:58:05","modified_gmt":"2021-02-26T15:58:05","slug":"passo-sella-dimenticato-la-protesta-degli-operatori-e-residenti","status":"publish","type":"post","link":"https:\/\/www.radiopiu.net\/wordpress\/passo-sella-dimenticato-la-protesta-degli-operatori-e-residenti\/","title":{"rendered":"PASSO SELLA DIMENTICATO, LA PROTESTA DEGLI OPERATORI E RESIDENTI"},"content":{"rendered":"<p><a href=\"https:\/\/www.radiopiu.net\/wordpress\/passo-sella-dimenticato-la-protesta-degli-operatori-e-residenti\/photo-2021-02-26-residuo-fine-valanga-al-passo-sella\/\" rel=\"attachment wp-att-193959\"><img loading=\"lazy\" decoding=\"async\" class=\"size-medium wp-image-193959 alignleft\" src=\"https:\/\/www.radiopiu.net\/wordpress\/wp-content\/uploads\/2021\/02\/PHOTO-2021-02-26-Residuo-fine-valanga-al-Passo-Sella-300x169.jpg\" alt=\"\" width=\"300\" height=\"169\" srcset=\"https:\/\/www.radiopiu.net\/wordpress\/wp-content\/uploads\/2021\/02\/PHOTO-2021-02-26-Residuo-fine-valanga-al-Passo-Sella-300x169.jpg 300w, https:\/\/www.radiopiu.net\/wordpress\/wp-content\/uploads\/2021\/02\/PHOTO-2021-02-26-Residuo-fine-valanga-al-Passo-Sella-1024x576.jpg 1024w, https:\/\/www.radiopiu.net\/wordpress\/wp-content\/uploads\/2021\/02\/PHOTO-2021-02-26-Residuo-fine-valanga-al-Passo-Sella-768x432.jpg 768w, https:\/\/www.radiopiu.net\/wordpress\/wp-content\/uploads\/2021\/02\/PHOTO-2021-02-26-Residuo-fine-valanga-al-Passo-Sella.jpg 1280w\" sizes=\"auto, (max-width: 300px) 100vw, 300px\" \/><\/a><\/p>\n<p>Il Comitato per la salvaguardia dei passi dolomitici rende pubblica la protesta per le condizioni in cui versa la\u00a0 strada per il Passo Sella, chiusa dal 23 gennaio scorso con relative deviazioni anche fino a 100 chilometri in pi\u00f9 da percorrere.\u00a0 Da una settimana la strada dal lato di Fassa \u00e8 completamente libera dalla neve fino a 400 metri dal valico, le temute valanghe non sono scese, se non fino a bordo strada. Un scivolamento da pendio, per la sicurezza sarebbero sufficienti\u00a0 100 metri di paravalanghe. Situazione difficile anche a Passo Fedaia, la strada lungo il lago \u00e8 chiusa dal 4 dicembre mentre la salita da Pian Trevisan \u00e8 stata richiusa dopo le ultime nevicate. I paravalanghe non insufficienti. E qui lo sfogo a supporto del malessere delle persone che vivono nelle aree rese inaccessibili dalla mancata apertura della strada o che hanno aziende in quell\u2019area e devono raggiungerle. <em>&#8220;Sembra &#8211; dice il comitato &#8211;\u00a0 che a nessuno interessi chi si trova per giorni isolato. Nessuno si \u00e8 mai preoccupato di come vanno le cose sui passi. E questo si ripete anno dopo anno. Ma quest\u2019anno ancora pi\u00f9 a lungo perch\u00e9 non \u00e8 urgente liberare la strada per i turisti che non ci sono&#8221;.<\/em> Altro tasto dolente quello delle multe per chi\u00a0 cerca di raggiungere a piedi la propria azienda al passo Sella. <em>&#8220;E\u2019 ormai necessario un lasciapassare per arrivare alla propria abitazione o alla propria azienda?&#8221; <\/em>Il Passo Sella \u00e8 a cavallo del confine amministrativo delle due Province autonome di Trento e Bolzano, in quelle stesse Province dove in\u00a0 Val Gardena\u00a0 e in\u00a0 Val Badia le valanghe sono comunque scese e\u00a0 le strade liberate.<\/p>\n\n\t\t\t<style type='text\/css'>\n\t\t\t\t#gallery-1 {\n\t\t\t\t\tmargin: auto;\n\t\t\t\t}\n\t\t\t\t#gallery-1 .gallery-item {\n\t\t\t\t\tfloat: left;\n\t\t\t\t\tmargin-top: 10px;\n\t\t\t\t\ttext-align: center;\n\t\t\t\t\twidth: 50%;\n\t\t\t\t}\n\t\t\t\t#gallery-1 img {\n\t\t\t\t\tborder: 2px solid #cfcfcf;\n\t\t\t\t}\n\t\t\t\t#gallery-1 .gallery-caption {\n\t\t\t\t\tmargin-left: 0;\n\t\t\t\t}\n\t\t\t\t\/* see gallery_shortcode() in wp-includes\/media.php *\/\n\t\t\t<\/style>\n\t\t<div id='gallery-1' class='dt-gallery-container gallery galleryid-193932 gallery-columns-2 gallery-size-thumbnail'><dl class='gallery-item'>\n\t\t\t\t<dt class='gallery-icon landscape'>\n\t\t\t\t\t<a class=\"rollover rollover-zoom dt-pswp-item\" title=\"\" data-dt-img-description=\"\" data-large_image_width=\"1280\" data-large_image_height=\"720\"href='https:\/\/www.radiopiu.net\/wordpress\/wp-content\/uploads\/2021\/02\/PHOTO-2021-02-25-lieve-valanga-Passo-Sella.jpg'><img loading=\"lazy\" decoding=\"async\" width=\"150\" height=\"150\" src=\"https:\/\/www.radiopiu.net\/wordpress\/wp-content\/uploads\/2021\/02\/PHOTO-2021-02-25-lieve-valanga-Passo-Sella-150x150.jpg\" class=\"attachment-thumbnail size-thumbnail\" alt=\"\" aria-describedby=\"gallery-1-193958\" \/><\/a>\n\t\t\t\t<\/dt>\n\t\t\t\t\t<dd class='wp-caption-text gallery-caption' id='gallery-1-193958'>\n\t\t\t\t\t lieve valanga Passo Sella\n\t\t\t\t\t<\/dd><\/dl><dl class='gallery-item'>\n\t\t\t\t<dt class='gallery-icon landscape'>\n\t\t\t\t\t<a class=\"rollover rollover-zoom dt-pswp-item\" title=\"\" data-dt-img-description=\"\" data-large_image_width=\"1280\" data-large_image_height=\"720\"href='https:\/\/www.radiopiu.net\/wordpress\/wp-content\/uploads\/2021\/02\/PHOTO-2021-02-26-Residuo-fine-valanga-al-Passo-Sella.jpg'><img loading=\"lazy\" decoding=\"async\" width=\"150\" height=\"150\" src=\"https:\/\/www.radiopiu.net\/wordpress\/wp-content\/uploads\/2021\/02\/PHOTO-2021-02-26-Residuo-fine-valanga-al-Passo-Sella-150x150.jpg\" class=\"attachment-thumbnail size-thumbnail\" alt=\"\" aria-describedby=\"gallery-1-193959\" \/><\/a>\n\t\t\t\t<\/dt>\n\t\t\t\t\t<dd class='wp-caption-text gallery-caption' id='gallery-1-193959'>\n\t\t\t\t\tResiduo fine valanga al Passo Sella\n\t\t\t\t\t<\/dd><\/dl><br style=\"clear: both\" \/><dl class='gallery-item'>\n\t\t\t\t<dt class='gallery-icon landscape'>\n\t\t\t\t\t<a class=\"rollover rollover-zoom dt-pswp-item\" title=\"\" data-dt-img-description=\"\" data-large_image_width=\"2048\" data-large_image_height=\"1536\"href='https:\/\/www.radiopiu.net\/wordpress\/wp-content\/uploads\/2021\/02\/PHOTO-2021-02-25-libero-passo-Gardena-Corvara.jpg'><img loading=\"lazy\" decoding=\"async\" width=\"150\" height=\"150\" src=\"https:\/\/www.radiopiu.net\/wordpress\/wp-content\/uploads\/2021\/02\/PHOTO-2021-02-25-libero-passo-Gardena-Corvara-150x150.jpg\" class=\"attachment-thumbnail size-thumbnail\" alt=\"\" aria-describedby=\"gallery-1-193960\" \/><\/a>\n\t\t\t\t<\/dt>\n\t\t\t\t\t<dd class='wp-caption-text gallery-caption' id='gallery-1-193960'>\n\t\t\t\t\t libero passo Gardena Corvara\n\t\t\t\t\t<\/dd><\/dl><dl class='gallery-item'>\n\t\t\t\t<dt class='gallery-icon landscape'>\n\t\t\t\t\t<a class=\"rollover rollover-zoom dt-pswp-item\" title=\"\" data-dt-img-description=\"\" data-large_image_width=\"2016\" data-large_image_height=\"980\"href='https:\/\/www.radiopiu.net\/wordpress\/wp-content\/uploads\/2021\/02\/PHOTO-2021-02-21-al-Passo-Sella-in-bici.jpg'><img loading=\"lazy\" decoding=\"async\" width=\"150\" height=\"150\" src=\"https:\/\/www.radiopiu.net\/wordpress\/wp-content\/uploads\/2021\/02\/PHOTO-2021-02-21-al-Passo-Sella-in-bici-150x150.jpg\" class=\"attachment-thumbnail size-thumbnail\" alt=\"\" aria-describedby=\"gallery-1-193961\" \/><\/a>\n\t\t\t\t<\/dt>\n\t\t\t\t\t<dd class='wp-caption-text gallery-caption' id='gallery-1-193961'>\n\t\t\t\t\t al Passo Sella in bici\n\t\t\t\t\t<\/dd><\/dl><br style=\"clear: both\" \/>\n\t\t\t<\/div>\n\n","protected":false},"excerpt":{"rendered":"<p>Il Comitato per la salvaguardia dei passi dolomitici rende pubblica la protesta per le condizioni in cui versa la\u00a0 strada per il Passo Sella, chiusa dal 23 gennaio scorso con relative deviazioni anche fino a 100 chilometri in pi\u00f9 da percorrere.\u00a0 Da una settimana la strada dal lato di Fassa \u00e8 completamente libera dalla neve&hellip;<\/p>\n","protected":false},"author":4,"featured_media":193960,"comment_status":"closed","ping_status":"closed","sticky":false,"template":"","format":"standard","meta":{"_monsterinsights_skip_tracking":false,"_monsterinsights_sitenote_active":false,"_monsterinsights_sitenote_note":"","_monsterinsights_sitenote_category":0,"footnotes":""},"categories":[51,49],"tags":[],"class_list":["post-193932","post","type-post","status-publish","format-standard","has-post-thumbnail","hentry","category-evidenza-top","category-news-18","category-51","category-49","description-off"],"img_url":"https:\/\/www.radiopiu.net\/wordpress\/wp-content\/uploads\/2021\/02\/PHOTO-2021-02-25-libero-passo-Gardena-Corvara.jpg","_links":{"self":[{"href":"https:\/\/www.radiopiu.net\/wordpress\/wp-json\/wp\/v2\/posts\/193932","targetHints":{"allow":["GET"]}}],"collection":[{"href":"https:\/\/www.radiopiu.net\/wordpress\/wp-json\/wp\/v2\/posts"}],"about":[{"href":"https:\/\/www.radiopiu.net\/wordpress\/wp-json\/wp\/v2\/types\/post"}],"author":[{"embeddable":true,"href":"https:\/\/www.radiopiu.net\/wordpress\/wp-json\/wp\/v2\/users\/4"}],"replies":[{"embeddable":true,"href":"https:\/\/www.radiopiu.net\/wordpress\/wp-json\/wp\/v2\/comments?post=193932"}],"version-history":[{"count":0,"href":"https:\/\/www.radiopiu.net\/wordpress\/wp-json\/wp\/v2\/posts\/193932\/revisions"}],"wp:featuredmedia":[{"embeddable":true,"href":"https:\/\/www.radiopiu.net\/wordpress\/wp-json\/wp\/v2\/media\/193960"}],"wp:attachment":[{"href":"https:\/\/www.radiopiu.net\/wordpress\/wp-json\/wp\/v2\/media?parent=193932"}],"wp:term":[{"taxonomy":"category","embeddable":true,"href":"https:\/\/www.radiopiu.net\/wordpress\/wp-json\/wp\/v2\/categories?post=193932"},{"taxonomy":"post_tag","embeddable":true,"href":"https:\/\/www.radiopiu.net\/wordpress\/wp-json\/wp\/v2\/tags?post=193932"}],"curies":[{"name":"wp","href":"https:\/\/api.w.org\/{rel}","templated":true}]}}