{"id":193965,"date":"2021-02-26T17:58:33","date_gmt":"2021-02-26T16:58:33","guid":{"rendered":"https:\/\/www.radiopiu.net\/wordpress\/?p=193965"},"modified":"2021-02-26T20:01:52","modified_gmt":"2021-02-26T19:01:52","slug":"veneto-confermato-in-zona-gialla","status":"publish","type":"post","link":"https:\/\/www.radiopiu.net\/wordpress\/veneto-confermato-in-zona-gialla\/","title":{"rendered":"VENETO CONFERMATO IN ZONA GIALLA"},"content":{"rendered":"<p><strong><a href=\"https:\/\/www.radiopiu.net\/wordpress\/il-veneto-rimane-in-zona-gialla-la-provincia-di-trento-passa-in-arancione\/giallo\/\" rel=\"attachment wp-att-190818\"><img loading=\"lazy\" decoding=\"async\" class=\" wp-image-190818 alignleft\" src=\"https:\/\/www.radiopiu.net\/wordpress\/wp-content\/uploads\/2021\/02\/Giallo-300x200.png\" alt=\"\" width=\"167\" height=\"111\" srcset=\"https:\/\/www.radiopiu.net\/wordpress\/wp-content\/uploads\/2021\/02\/Giallo-300x200.png 300w, https:\/\/www.radiopiu.net\/wordpress\/wp-content\/uploads\/2021\/02\/Giallo-1024x682.png 1024w, https:\/\/www.radiopiu.net\/wordpress\/wp-content\/uploads\/2021\/02\/Giallo-768x512.png 768w, https:\/\/www.radiopiu.net\/wordpress\/wp-content\/uploads\/2021\/02\/Giallo.png 1250w\" sizes=\"auto, (max-width: 167px) 100vw, 167px\" \/><\/a>ROMA<\/strong> Dopo la conferenza stampa dell&#8217;Istituto Superiore di Sanit\u00e0 \u00e8 arrivata la conferma per il Veneto che rimane in zona gialla. Cambiano colore Lombardia, Piemonte e Marche che passano in arancione mentre Basilicata e Molise in zona rossa. La Liguria torna in zona gialla dopo due settimane consecutive di dati in miglioramento. Per quanto riguarda RT, a livello nazionale rimane a 0.99 mentre in Veneto sta crescendo passando a rischio moderato col valore di 0,97.<\/p>\n<p><strong>VENETO CONFERMATO IN ZONA GIALLA: ZAIA <\/strong><\/p>\n<p>&#8220;<em>Prendiamo atto della conferma del Veneto in area gialla, ma non si tratta di un gioco a premi, e dobbiamo farlo con senso di responsabilit\u00e0. Non \u00e8 un segnale che ci dice che \u00e8 finita, ma che ci invita a tenere la guardia alta. Per rendersene conto, basta guardare la cartina dell&#8217;Italia, dove sempre pi\u00f9 Regioni si stanno colorando di arancione. Attorno a noi il virus sta crescendo. In Veneto registriamo un calo dei ricoveri da 55 giorni consecutivi e abbiamo potuto liberare 2.100 letti dei 3.400 che siamo arrivati ad avere occupati. Abbiamo anche decollassato le terapie intensive. E&#8217; per\u00f2 anche vero che ci si attende una terza fase, nella speranza che ci\u00f2 non accada o lo faccia in entit\u00e0 limitata. Bisogna quindi tenere la guardia alta e rispettare tutte le regole di comportamento e igiene, avendo coscienza che ne usciremo, ma anche che un ruolo fondamentale lo avr\u00e0 la partita dei vaccini<\/em>&#8220;.<\/p>\n","protected":false},"excerpt":{"rendered":"<p>ROMA Dopo la conferenza stampa dell&#8217;Istituto Superiore di Sanit\u00e0 \u00e8 arrivata la conferma per il Veneto che rimane in zona gialla. Cambiano colore Lombardia, Piemonte e Marche che passano in arancione mentre Basilicata e Molise in zona rossa. La Liguria torna in zona gialla dopo due settimane consecutive di dati in miglioramento. Per quanto riguarda&hellip;<\/p>\n","protected":false},"author":4,"featured_media":190818,"comment_status":"closed","ping_status":"closed","sticky":false,"template":"","format":"standard","meta":{"_monsterinsights_skip_tracking":false,"_monsterinsights_sitenote_active":false,"_monsterinsights_sitenote_note":"","_monsterinsights_sitenote_category":0,"footnotes":""},"categories":[51,49],"tags":[],"class_list":["post-193965","post","type-post","status-publish","format-standard","has-post-thumbnail","hentry","category-evidenza-top","category-news-18","category-51","category-49","description-off"],"img_url":"https:\/\/www.radiopiu.net\/wordpress\/wp-content\/uploads\/2021\/02\/Giallo.png","_links":{"self":[{"href":"https:\/\/www.radiopiu.net\/wordpress\/wp-json\/wp\/v2\/posts\/193965","targetHints":{"allow":["GET"]}}],"collection":[{"href":"https:\/\/www.radiopiu.net\/wordpress\/wp-json\/wp\/v2\/posts"}],"about":[{"href":"https:\/\/www.radiopiu.net\/wordpress\/wp-json\/wp\/v2\/types\/post"}],"author":[{"embeddable":true,"href":"https:\/\/www.radiopiu.net\/wordpress\/wp-json\/wp\/v2\/users\/4"}],"replies":[{"embeddable":true,"href":"https:\/\/www.radiopiu.net\/wordpress\/wp-json\/wp\/v2\/comments?post=193965"}],"version-history":[{"count":0,"href":"https:\/\/www.radiopiu.net\/wordpress\/wp-json\/wp\/v2\/posts\/193965\/revisions"}],"wp:featuredmedia":[{"embeddable":true,"href":"https:\/\/www.radiopiu.net\/wordpress\/wp-json\/wp\/v2\/media\/190818"}],"wp:attachment":[{"href":"https:\/\/www.radiopiu.net\/wordpress\/wp-json\/wp\/v2\/media?parent=193965"}],"wp:term":[{"taxonomy":"category","embeddable":true,"href":"https:\/\/www.radiopiu.net\/wordpress\/wp-json\/wp\/v2\/categories?post=193965"},{"taxonomy":"post_tag","embeddable":true,"href":"https:\/\/www.radiopiu.net\/wordpress\/wp-json\/wp\/v2\/tags?post=193965"}],"curies":[{"name":"wp","href":"https:\/\/api.w.org\/{rel}","templated":true}]}}