{"id":194020,"date":"2021-02-28T07:30:39","date_gmt":"2021-02-28T06:30:39","guid":{"rendered":"https:\/\/www.radiopiu.net\/wordpress\/?p=194020"},"modified":"2021-02-28T11:50:16","modified_gmt":"2021-02-28T10:50:16","slug":"giornale-radiopiu-28-febbraio-2021-direttore-mirko-mezzacasa","status":"publish","type":"post","link":"https:\/\/www.radiopiu.net\/wordpress\/giornale-radiopiu-28-febbraio-2021-direttore-mirko-mezzacasa\/","title":{"rendered":"GIORNALE RADIOPIU 28 FEBBRAIO 2021 DIRETTORE MIRKO MEZZACASA"},"content":{"rendered":"<h3><a href=\"https:\/\/www.radiopiu.net\/wordpress\/giornale-radiopiu-24-gennaio-2021-direttore-mirko-mezzacasa\/141433770_171616291414874_2957460898102012198_n\/\" rel=\"attachment wp-att-186566\"><img loading=\"lazy\" decoding=\"async\" class=\"wp-image-186566 alignleft\" src=\"https:\/\/www.radiopiu.net\/wordpress\/wp-content\/uploads\/2021\/01\/141433770_171616291414874_2957460898102012198_n-300x300.jpg\" alt=\"\" width=\"144\" height=\"144\" srcset=\"https:\/\/www.radiopiu.net\/wordpress\/wp-content\/uploads\/2021\/01\/141433770_171616291414874_2957460898102012198_n-300x300.jpg 300w, https:\/\/www.radiopiu.net\/wordpress\/wp-content\/uploads\/2021\/01\/141433770_171616291414874_2957460898102012198_n-150x150.jpg 150w, https:\/\/www.radiopiu.net\/wordpress\/wp-content\/uploads\/2021\/01\/141433770_171616291414874_2957460898102012198_n-768x768.jpg 768w, https:\/\/www.radiopiu.net\/wordpress\/wp-content\/uploads\/2021\/01\/141433770_171616291414874_2957460898102012198_n.jpg 800w\" sizes=\"auto, (max-width: 144px) 100vw, 144px\" \/><\/a>PER<strong> RICEVERE QUESTO NOTIZIARIO DIRETTAMENTE SUL TUO CELLULARE ISCRIVITI AL CANALE TELEGRAM <\/strong><strong>\u201cRADIO PIU\u00a0 INFORMAZIONE&#8221;\u00a0<\/strong><\/h3>\n<h3>SUPERATI I 3000 ISCRITTI, il CANALE TELEGRAM&#8230; UNISCITI A: RADIO PIU INFORMAZIONE<\/h3>\n<p>&nbsp;<\/p>\n<p>&nbsp;<\/p>\n<p><em><a href=\"https:\/\/www.radiopiu.net\/wordpress\/giornale-radiopiu-24-gennaio-2021-direttore-mirko-mezzacasa\/79216601_126817312416448_708980208774483089_n\/\" rel=\"attachment wp-att-186567\"><img loading=\"lazy\" decoding=\"async\" class=\"size-medium wp-image-186567 alignright\" src=\"https:\/\/www.radiopiu.net\/wordpress\/wp-content\/uploads\/2021\/01\/79216601_126817312416448_708980208774483089_n-300x114.jpg\" alt=\"\" width=\"300\" height=\"114\" srcset=\"https:\/\/www.radiopiu.net\/wordpress\/wp-content\/uploads\/2021\/01\/79216601_126817312416448_708980208774483089_n-300x114.jpg 300w, https:\/\/www.radiopiu.net\/wordpress\/wp-content\/uploads\/2021\/01\/79216601_126817312416448_708980208774483089_n-768x292.jpg 768w, https:\/\/www.radiopiu.net\/wordpress\/wp-content\/uploads\/2021\/01\/79216601_126817312416448_708980208774483089_n.jpg 820w\" sizes=\"auto, (max-width: 300px) 100vw, 300px\" \/><\/a><span style=\"color: #ff0000;\">ATTENZIONE: LA NUOVA APP PER IOS-IPHONE di Nicola Vettorello <\/span><\/em><a href=\"https:\/\/apps.apple.com\/it\/app\/radio-pi%C3%B9-emittente-agordina\/id1515939845\">https:\/\/apps.apple.com\/it\/app\/radio-pi%C3%B9-emittente-agordina\/id1515939845<\/a><\/p>\n<p><em style=\"color: #ff0000;\">ATTENZIONE: LA NUOVA APP RADIO\u00a0 PER ANDROID di Nicola Vettorello<\/em><\/p>\n<p><a href=\"https:\/\/play.google.com\/store\/apps\/details?id=net.radiopiu.iniko\" target=\"_blank\" rel=\"noopener noreferrer\">https:\/\/play.google.com\/store\/apps\/details?id=net.radiopiu.iniko\u00a0\u00a0<\/a><\/p>\n<p>&nbsp;<\/p>\n<p>&nbsp;<\/p>\n<hr \/>\n<p>&nbsp;<\/p>\n<p><strong><a href=\"https:\/\/www.radiopiu.net\/wordpress\/giornale-radiopiu-09-agosto-2018-direttore-mirko-mezzacasa\/acqua\/\" rel=\"attachment wp-att-57052\"><img loading=\"lazy\" decoding=\"async\" class=\" wp-image-57052 alignleft\" src=\"https:\/\/www.radiopiu.net\/wordpress\/wp-content\/uploads\/2018\/08\/ACQUA-300x180.jpeg\" alt=\"\" width=\"253\" height=\"152\" srcset=\"https:\/\/www.radiopiu.net\/wordpress\/wp-content\/uploads\/2018\/08\/ACQUA-300x180.jpeg 300w, https:\/\/www.radiopiu.net\/wordpress\/wp-content\/uploads\/2018\/08\/ACQUA-768x461.jpeg 768w, https:\/\/www.radiopiu.net\/wordpress\/wp-content\/uploads\/2018\/08\/ACQUA-1024x614.jpeg 1024w, https:\/\/www.radiopiu.net\/wordpress\/wp-content\/uploads\/2018\/08\/ACQUA.jpeg 1280w\" sizes=\"auto, (max-width: 253px) 100vw, 253px\" \/><\/a>Gestione Servizi Pubblici informa che a CANALE D&#8217;AGORDO in localit\u00e0 CARFON, l&#8217;acqua erogata dall&#8217;acquedotto \u00e8 di nuovo potabile e pu\u00f2 essere usata, quindi, per scopi alimentari. Per informazioni \u00e8 possibile contattare il Servizio Clienti al numero 800 306 999 o +39 0445 230521 (da estero) .<br \/>\n<\/strong><\/p>\n<p><strong>A RIVAMONTE AGORDINO nelle localit\u00e0 MIOTTE, ZENICH, MOTTES, ZEP-SCHENA, SARET, ROSTE, PALUCH, GONA DI CONEDERA, PONTE ALTO, LONIE, SANTEL, ROSSON, VIA ROMA, VILLAGRANDE E TOS, l&#8217;acqua erogata dall&#8217;acquedotto non \u00e8 potabile e pu\u00f2 essere usata per scopi alimentari SOLO PREVIA bollitura.<\/strong><\/p>\n<p>&nbsp;<\/p>\n<p>&nbsp;<\/p>\n<hr \/>\n<p>&nbsp;<\/p>\n<blockquote>\n<h3>CONTAGI DI NUOVO I CRESCITA, CADORE OSSERVATO SPECIALE<\/h3>\n<\/blockquote>\n<p>&nbsp;<\/p>\n<p>Ieri in Italia: 18.916 nuovi casi positivi, il 20 per cento in pi\u00f9 in sette giorni. Posti letto occupati 20.588, 102 in pi\u00f9 di venerdi.\u00a0 Diventano arancioni da domani le Regioni Lombardia, Marche e Piemonte e in area rossa le Regioni Basilicata e Molise. La Sardegna passa in fascia bianca, quella con meno restrizioni, perch\u00e9 ha abbattuto il numero dei contagi, con una incidenza settimanale di 29,47 casi ogni centomila abitanti (il dato pi\u00f9 alto \u00e8 quello della Provincia autonoma di Bolzano pari a\u00a0 539, In Provincia \u00a0636\u00a0 persone attualmente positive (+13 in 24 ore).. Nelle ultime 36 ore sono stati individuati 1.724 nuovi casi e 26 nuovi decessi, 1.204 ricoveri in area medica (+7 rispetto a venerdi)\u00a0 e 138 nei reparti di Rianimazione (+4), \u00a0Invariati invece gli infetti a <strong>Valle<\/strong> di Cadore, dove crescono le persone in quarantena , a <strong>Domegge,<\/strong> il sindaco Achille Barnab\u00f2 sul sito del comune ha richiamato l&#8217;attenzione dei cittadini sull&#8217;aumento degli infetti, 20 casi rispetto ai zero di due settimane fa. A <strong>Santo Stefano<\/strong> i positivi sono fermi da qualche giorno a 10, mentre a San Nicol\u00f2, da comune covid free oggi segna 5 casi.\u00a0 A <strong>Rocca Pietore<\/strong> scende a 1 sia il numero dei contagi che nelle persone in quarantena, numeri in aumento ad <strong>Agordo,<\/strong> in una settimana 4 contagi in pi\u00f9 (8) e 14 persone ijn pi\u00f9 in isolamento (18). Ad <strong>Alleghe<\/strong> 7 persone positive (+4 nella settimana) e 6 in insolamento\u00a0 (+2). A <strong>Falcade<\/strong> sono 8 per persone positivi (+3 in altrettanti giorni) e 6 in isolamento (+1)<\/p>\n<p>&nbsp;<\/p>\n<blockquote>\n<h3>UNA GIORNATA SENZA DECESSI IN ULSS 1 DOLOMITI, 5 NUOVI POSITIVI IN 10 ORE<\/h3>\n<\/blockquote>\n<p><strong><a href=\"https:\/\/www.radiopiu.net\/wordpress\/giornale-radiopiu-10-marzo-2020-direttore-mirko-mezzacasa\/covid-ulss\/\" rel=\"attachment wp-att-121260\"><img loading=\"lazy\" decoding=\"async\" class=\" wp-image-121260 alignleft\" src=\"https:\/\/www.radiopiu.net\/wordpress\/wp-content\/uploads\/2020\/03\/covid-ulss-300x225.jpg\" alt=\"\" width=\"164\" height=\"123\" srcset=\"https:\/\/www.radiopiu.net\/wordpress\/wp-content\/uploads\/2020\/03\/covid-ulss-300x225.jpg 300w, https:\/\/www.radiopiu.net\/wordpress\/wp-content\/uploads\/2020\/03\/covid-ulss-768x576.jpg 768w, https:\/\/www.radiopiu.net\/wordpress\/wp-content\/uploads\/2020\/03\/covid-ulss.jpg 800w\" sizes=\"auto, (max-width: 164px) 100vw, 164px\" \/><\/a>BELLUNO\u00a0<\/strong>Nelle ultime 24 ore non si sono verificati decessi Covid negli ospedali dell&#8217;Ulss Dolomiti<\/p>\n<p><strong>I DATI AZIENDA ZERO DALLE ORE 8 IN PROVINCIA<\/strong> POSITIVI DAL 21 FEBBRAIO 18122 (+5)\u00a0 \u00a0ATTUALMENTE POSITIVI 636 (-15) DECEDUTI DAL 21 FEBBRAIO 578\u00a0 (0)\u00a0 \u00a0NEGATIVIZZATI\u00a0 16888\u00a0 (+20)\u00a0 RICOVERATI AL SAN MARTINO DI BELLUNO 37 (0)(TERAPIA INTENSIVA\u00a0 4 (0) RICOVERATI A FELTRE 19 (0) (TERAPIA INTENSIVA 4 (0) OSPEDALE DI COMUNITA\u2019 BELLUNO 9 (0) OSPEDALE DI FELTRE 11 (0)<\/p>\n<p>&nbsp;<\/p>\n<p>&nbsp;<\/p>\n<hr \/>\n<p>&nbsp;<\/p>\n<h2>FORSE CI SIAMO CON LA LOTTA AGLI INCIDENTI PER GLI ATTRAVERSAMENTI FAUNISTICI , PROVINCIA E VENETO STRADE AL LAVORO<\/h2>\n<p><strong><a href=\"https:\/\/www.radiopiu.net\/wordpress\/incidenti-con-gli-ungulati-provincia-e-veneto-strade-al-lavoro-per-gli-attraversamenti-faunistici\/cervo-in-strada\/\" rel=\"attachment wp-att-194101\"><img loading=\"lazy\" decoding=\"async\" class=\"size-medium wp-image-194101 alignleft\" src=\"https:\/\/www.radiopiu.net\/wordpress\/wp-content\/uploads\/2021\/02\/CERVO-IN-STRADA-300x200.jpg\" alt=\"\" width=\"300\" height=\"200\" srcset=\"https:\/\/www.radiopiu.net\/wordpress\/wp-content\/uploads\/2021\/02\/CERVO-IN-STRADA-300x200.jpg 300w, https:\/\/www.radiopiu.net\/wordpress\/wp-content\/uploads\/2021\/02\/CERVO-IN-STRADA-1024x682.jpg 1024w, https:\/\/www.radiopiu.net\/wordpress\/wp-content\/uploads\/2021\/02\/CERVO-IN-STRADA-768x512.jpg 768w, https:\/\/www.radiopiu.net\/wordpress\/wp-content\/uploads\/2021\/02\/CERVO-IN-STRADA.jpg 1280w\" sizes=\"auto, (max-width: 300px) 100vw, 300px\" \/><\/a>BELLUNO <\/strong><span class=\"s1\">Provincia di Belluno e Veneto Strade sono al lavoro per prevenire gli incidenti stradali che coinvolgono la fauna selvatica. Negli ultimi vent\u2019anni infatti sono aumentati in maniera consistente gli investimenti di ungulati (soprattutto cervi e caprioli, ma anche cinghiali ultimamente) sulle arterie bellunesi. Gli ultimi dati dicono che ogni anno avvengono dai 340 ai 380 sinistri stradali che coinvolgono cervi, caprioli e altri animali selvatici, localizzati in alcuni punti specifici della rete stradale bellunese (a Candaten, ad Anz\u00f9, nella zona di Busche, ad Acquabona, solo per citare i principali). <\/span><span class=\"s1\">Una possibile soluzione \u00e8 stata individuata nella creazione di particolari attraversamenti dedicati alla fauna selvatica. Si tratta di cavalcavia o sottopassaggi che esistono gi\u00e0 in molte zone d\u2019Europa e che Veneto Strade ha sperimentato in maniera positiva, lungo la Sp 1 della Sinistra Piave, in zona Case Fagherazzi alle porte di Levego (in una localit\u00e0 in cui negli ultimi anni non si sono pi\u00f9 registrati incidenti con cervi e caprioli). \u00ab<em>Proprio per questo abbiamo avuto una riunione, venerd\u00ec mattina, con Veneto Strade, per affrontare la problematica degli incidenti stradali con fauna selvatica &#8211; spiega il consigliere provinciale delegato alla gestione faunistica, Franco De Bon -. La Provincia non pensa solo alla gestione della viabilit\u00e0, ma ha interesse che questa sia green e soprattutto sicura. Per gli automobilisti che si trovano a percorrerla, ma anche per gli animali. Non dimentichiamo che i sinistri sono in aumento e che di recente c\u2019\u00e8 stato anche un incidente mortale sulla 203 Agordina, proprio a causa degli attraversamenti degli ungulati<\/em>\u00bb. <\/span><span class=\"s1\">L\u2019incontro tra Provincia e Veneto Strade ha fissato la linea comune, vale a dire l\u2019inserimento nel piano di manutenzione della rete stradale di progetti puntuali per la realizzazione di attraversamenti faunistici, secondo le modalit\u00e0 pi\u00f9 funzionali. \u00ab<em>All\u2019interno dei lavori di manutenzione della viabilit\u00e0, \u00e8 doveroso trovare spazio anche per gli attraversamenti &#8211; continua il consigliere De Bon -. Veneto Strade \u00e8 molto sensibile al tema e ha gi\u00e0 dimostrato grande collaborazione, anche annunciando un prossimo intervento a difesa degli anfibi, rane e rospi che soprattutto in primavera attraversano le strade per raggiungere gli specchi d\u2019acqua<\/em>\u00bb.\u00a0 <\/span><span class=\"s1\">I punti precisi dove intervenire saranno individuati nei prossimi mesi, seguendo i corridoi faunistici consolidati presenti sul territorio, con progetti mirati. Ma un attraversamento \u00e8 gi\u00e0 stato previsto dalla progettazione provinciale, all\u2019altezza di Marziai, lungo la Sp 1 bis Madonna del Piave. \u00ab<em>Si tratta di un intervento per cui abbiamo gi\u00e0 individuato il finanziamento &#8211; sottolinea il consigliere provinciale delegato alle infrastrutture, Fabio Luchetta -. Parallelamente, stiamo cercando di lavorare anche al taglio della vegetazione, in modo da aumentare la visibilit\u00e0 lungo le strade, nella consapevolezza che le fasce di rispetto oggi previste sono insufficienti a garantire condizioni di sicurezza, non solo per quanto riguarda la fauna selvatica, ma anche per la caduta piante. \u00c8 per questo che stiamo cercando di sensibilizzare i privati che hanno propriet\u00e0 a ridosso delle strade, perch\u00e9 provvedano anche a non lasciare fieno di sfalcio, che rischia di far avvicinare alla carreggiata gli animali selvatici. Nel frattempo anche Anas sta lavorando sui corridoi faunistici. Il nostro territorio ha bisogno di queste attenzioni, per garantire sicurezza e vivibilit\u00e0<\/em>\u00bb.<\/span><\/p>\n<p>&nbsp;<\/p>\n<p>&nbsp;<\/p>\n<p>&nbsp;<\/p>\n<p>&nbsp;<\/p>\n<p>&nbsp;<\/p>\n<hr \/>\n<blockquote>\n<h3>UN CINQUE STELLE AL GIAU, L&#8217;INTERESSE DEL PAESE C&#8217;E&#8217; MA EVITANDO ERRORI DEL PASSATO<\/h3>\n<p><em>Le decisione la prender\u00e0 l&#8217;amministrazione comunale con la convinzione che l&#8217;obiettivo \u00e8 avere per il\u00a0 territorio uno sviluppo rispettoso nel contesto antropologico, quello che oggi ci invidiano in tutto il mondo. Un investitore dalle idee chiare si sarebbe innamorato del luogo ed \u00e8 pronto a mettere sul piatto pi\u00f9 di 20 milioni di euro.\u00a0 il soggetto attuattore \u00a0fa capo a una societ\u00e0 la Tsara Holding Limited, realt\u00e0 attiva nella gestione di investimenti con una lunga esperienza nel settore di acquisizione e valorizzazione di complessi immobiliari turistici a livello internazionale.<\/em><\/p><\/blockquote>\n<p><strong><a href=\"https:\/\/www.radiopiu.net\/wordpress\/un-cinque-stelle-al-giau-linteresse-del-paese-ce-ma-evitando-errori-del-passato\/43b6c1a3-41cc-4943-b06c-c309facb3e67\/\" rel=\"attachment wp-att-194133\"><img loading=\"lazy\" decoding=\"async\" class=\"size-medium wp-image-194133 alignleft\" src=\"https:\/\/www.radiopiu.net\/wordpress\/wp-content\/uploads\/2021\/02\/43b6c1a3-41cc-4943-b06c-c309facb3e67-300x169.jpg\" alt=\"\" width=\"300\" height=\"169\" srcset=\"https:\/\/www.radiopiu.net\/wordpress\/wp-content\/uploads\/2021\/02\/43b6c1a3-41cc-4943-b06c-c309facb3e67-300x169.jpg 300w, https:\/\/www.radiopiu.net\/wordpress\/wp-content\/uploads\/2021\/02\/43b6c1a3-41cc-4943-b06c-c309facb3e67-1024x576.jpg 1024w, https:\/\/www.radiopiu.net\/wordpress\/wp-content\/uploads\/2021\/02\/43b6c1a3-41cc-4943-b06c-c309facb3e67-768x432.jpg 768w, https:\/\/www.radiopiu.net\/wordpress\/wp-content\/uploads\/2021\/02\/43b6c1a3-41cc-4943-b06c-c309facb3e67-1536x864.jpg 1536w, https:\/\/www.radiopiu.net\/wordpress\/wp-content\/uploads\/2021\/02\/43b6c1a3-41cc-4943-b06c-c309facb3e67.jpg 1600w\" sizes=\"auto, (max-width: 300px) 100vw, 300px\" \/><\/a>COLLE SANTA LUCIA\u00a0<\/strong> Equilibrio, sostenibilit\u00e0 e armonia. Sono tre parole, usate dal sindaco Paolo Frena per introdurre una serata partecipata, in presenza e da remoto. Tre parole fondamentali nello sviluppo di Passo Giau dove si pensa alla realizzazione di un Hotel 5 Stelle,\u00a0 considerando l&#8217;antropologia di un territorio marchiato dallo spopolamento. <em>&#8220;La preoccupazione pi\u00f9 grande che abbiamo \u00e8 il contesto delicato di Passo Giau, il nostro Passo Giau che dovr\u00e0 avere uno sviluppo armonioso &#8211; ha detto il sindaco Paolo Frena &#8211; discutiamo da anni l&#8217;accessibilit\u00e0 ai passi dolomitici, che questa sia un&#8217;occasione per la riflessione&#8221;. <\/em>\u00a0L&#8217;amministrazione comunale sente la necessit\u00e0 di condividere la progettualit\u00e0 con la popolazione. Alcuni paletti sono gi\u00e0 stati indicati su parametri ben precisi come i 24500 metri cubi, che sono comunque dieci volte il volume dell&#8217;attuale. Il sindaco\u00a0 non ha nascosto qualche perplessit\u00e0 sull&#8217;ammortamento dell&#8217;investimento pur pensando alle Olimpiadi del 2026 nel vicino territorio Ampezzano. <em>&#8220;Ma l&#8217;operazione se si far\u00e0 non deve dipendere da Cortina o da un evento straordinario. In questo paese si continua a investire sulla straordinariet\u00e0 degli eventi come non dovrebbe essere&#8221;. <\/em>Poi ci sono i vincoli \u00a0<em> &#8220;Siamo scottati e penalizzati dai vincoli. Il risultato di attivit\u00e0 speculative portate all&#8217;esasperazione. Questo era il metodo usato negli anni Ottanta e Novanta, poi la crisi ha bloccato gli investimenti, Sono convinto che con la fine della pandemia non mancher\u00e0 l&#8217;assalto alle Dolomiti. Abbiamo iniziato questo percorso con la consapevolezza di accompagnare l&#8217;iniziativa, ma soprattutto con la convinzione che dovremo essere orgogliosi di quello che abbiamo fatto a Passo Giau. Se cos\u00ec non fosse faccio un passo indietro. Qui non si pu\u00f2 essere superficiali&#8221;. <\/em>ha concluso Frena. Al di l\u00e0 dell&#8217;inserimento urbanistico e architettonico sul quale vigiler\u00e0 la Soprintendenza (si pensi all&#8217;intervento recente in Comelico) una parentesi a parte l&#8217;ha aperta l&#8217;assessore Maurizio Troi invocando per il territorio un turismo pi\u00f9 di qualit\u00e0 rispetto a quello attuale.<\/p>\n<p><strong>LO STUDIO DI FATTIBILITA&#8217;<\/strong> E&#8217; una proposta ancora in embrione, la prima iniziativa risale al 2010 che ha avuto una serie di avvicendamenti, questa \u00e8 la prima proposta concreta. . Lo hanno spiegato l&#8217;architetto Antonio Pollazzon e l&#8217;ingegner Milan. Un progetto che mette in chiaro l&#8217;importanza dell&#8217;interramento dei tralicci e i parcheggi interrati per migliorare\u00a0 la qualit\u00e0 dell&#8217;area. La struttura cinque stelle richiede servizi\u00a0 e spazi, con 100-105 camere. Dimensione non compatibile con l&#8217;attuale rifugio. Il progetto di fattibilit\u00e0 tiene conto del numero minimo per la gestione dell&#8217;albergo. La dimensione minima sono 70 camere e di conseguenza l&#8217;architetto ha individuato una struttura che potesse garantire questo numero di camere con attivit\u00e0 di servizio necessarie (Spa, piscina, ristorante&#8230;) il progetto \u00e8 per questo molto particolareggiato. . Siamo all&#8217;ex Enrosadira, struttura abbandonato da una decina d&#8217;anni che ha subito la violenza di vaia e le abbandonanti nevicate. E&#8217; in uno stato degradato e pericoloso. Un problema da risolvere riqualificando l&#8217;intera area. E&#8217; una struttura degli anni Settanta da 16 camere. La nuova struttura su tre blocchi : ricettiva, camere, e servizi. Parcheggi interrati di elevata sostenibilit\u00e0 ambientale. Di importanza strategica per il futuro del turismo che porter\u00e0 ad ulteriori servizi nel paese di Colle Santa Lucia.<\/p>\n<blockquote><p><em>Dal pubblico l&#8217;invito a non rifare gli errori del passato, con garanzie gestionali ma soprattutto con un patto molto chiaro perch\u00e9 poi l&#8217;albergo rimanga tale e venga gestito come tale. Ci dovranno essere vantaggi per il paese, compensazioni non solo con riferimento ad acquedotti e fognature che gi\u00e0 servono per l&#8217;Hotel. Oltre 24mila metri cubi, 10 volte l&#8217;attuale Enrosadira \u00e8 molto. Diamo per scontato che dovr\u00e0 essere struttura di altissimo livello e con le moderne tecnologie.<\/em><\/p><\/blockquote>\n<p>&nbsp;<\/p>\n<hr \/>\n<p>&nbsp;<\/p>\n<blockquote>\n<h3>LANZARIN RISPONDE A PD SUI FONDI PER BELLUNO. 90 MILIONI DI INVESTIMENTI SOLO NEL RECENTE<\/h3>\n<\/blockquote>\n<p><strong><a href=\"https:\/\/www.radiopiu.net\/wordpress\/lanzarin-risponde-a-pd-sui-fondi-per-belluno-90-milioni-di-investimenti-solo-nel-recente\/manuela-lanzarin-4\/\" rel=\"attachment wp-att-194080\"><img loading=\"lazy\" decoding=\"async\" class=\"size-medium wp-image-194080 alignleft\" src=\"https:\/\/www.radiopiu.net\/wordpress\/wp-content\/uploads\/2021\/02\/MANUELA-LANZARIN-197x300.png\" alt=\"\" width=\"197\" height=\"300\" srcset=\"https:\/\/www.radiopiu.net\/wordpress\/wp-content\/uploads\/2021\/02\/MANUELA-LANZARIN-197x300.png 197w, https:\/\/www.radiopiu.net\/wordpress\/wp-content\/uploads\/2021\/02\/MANUELA-LANZARIN.png 336w\" sizes=\"auto, (max-width: 197px) 100vw, 197px\" \/><\/a>VENEZIA <\/strong>\u201c<em>Dopo una breve pausa, torna a soffiare sul bellunese un venticello di allarme sulla sanit\u00e0 privo di ogni fondamento. Di nuovo il PD locale accusa la Regione di non finanziare il sistema sanitario dell\u2019Ulss Dolomiti, di nuovo dimostra di non conoscere i numeri o di far finta di non saperli. Non sanno, ad esempio, che, negli ultimi 2-3 anni sono stati autorizzati investimenti di vario genere per la bellezza di 90 milioni 053 mila 877 euro. E non sanno che, se anche nell\u2019ultima tornata di progetti Crite Belluno mancava, nelle precedenti era abbondantemente presente<\/em>\u201d. Cos\u00ec, l\u2019Assessore regionale alla Sanit\u00e0, Manuela Lanzarin, ribatte alle polemiche degli ultimi giorni su presunti mancati finanziamenti al sistema sanitario bellunese. \u201c<em>Stiamo parlando \u2013 aggiunge Lanzarin \u2013 di pi\u00f9 di 72 milioni di investimenti in edilizia dal 2019 al 2021, di pi\u00f9 di 7 milioni in attrezzature nel 2019 e 2020, di 7 milioni e 219 mila euro di investimenti straordinari, di altri 2 milioni 930 mila euro di investimenti vari. Pi\u00f9, ovviamente, il finanziamento annuale dal riparto del Fondo Sanitario Nazionale che, tra l\u2019altro, riconosce a Belluno lo status di area disagiata<\/em>\u201d. \u201c<em>Fare di pi\u00f9 \u00e8 sempre possibile \u2013 conclude la Lanzarin \u2013 e lo faremo fino al limite massimo, per Belluno come per il resto del Veneto, ma sostenere che non si \u00e8 fatto niente \u00e8 tristemente falso. Fare leva sui timori che si innescano sulla gente non \u00e8 mai un buon modo di fare politica da parte di nessuno<\/em>\u201d.<\/p>\n<p><strong>LE TABELLE CON GLI INVESTIMENTI FATTI NEGLI ULTIMI ANNI IN ULSS 1 DOLOMITI<\/strong><\/p>\n\n\t\t\t<style type='text\/css'>\n\t\t\t\t#gallery-1 {\n\t\t\t\t\tmargin: auto;\n\t\t\t\t}\n\t\t\t\t#gallery-1 .gallery-item {\n\t\t\t\t\tfloat: left;\n\t\t\t\t\tmargin-top: 10px;\n\t\t\t\t\ttext-align: center;\n\t\t\t\t\twidth: 25%;\n\t\t\t\t}\n\t\t\t\t#gallery-1 img {\n\t\t\t\t\tborder: 2px solid #cfcfcf;\n\t\t\t\t}\n\t\t\t\t#gallery-1 .gallery-caption {\n\t\t\t\t\tmargin-left: 0;\n\t\t\t\t}\n\t\t\t\t\/* see gallery_shortcode() in wp-includes\/media.php *\/\n\t\t\t<\/style>\n\t\t<div id='gallery-1' class='dt-gallery-container gallery galleryid-194020 gallery-columns-4 gallery-size-medium'><dl class='gallery-item'>\n\t\t\t\t<dt class='gallery-icon portrait'>\n\t\t\t\t\t<a class=\"rollover rollover-zoom dt-pswp-item\" title=\"Tabella ATTREZZATURE BL\" data-dt-img-description=\"\" data-large_image_width=\"1239\" data-large_image_height=\"1754\"href='https:\/\/www.radiopiu.net\/wordpress\/wp-content\/uploads\/2021\/02\/Tabella-ATTREZZATURE-BL.jpg'><img loading=\"lazy\" decoding=\"async\" width=\"212\" height=\"300\" src=\"https:\/\/www.radiopiu.net\/wordpress\/wp-content\/uploads\/2021\/02\/Tabella-ATTREZZATURE-BL-212x300.jpg\" class=\"attachment-medium size-medium\" alt=\"\" srcset=\"https:\/\/www.radiopiu.net\/wordpress\/wp-content\/uploads\/2021\/02\/Tabella-ATTREZZATURE-BL-212x300.jpg 212w, https:\/\/www.radiopiu.net\/wordpress\/wp-content\/uploads\/2021\/02\/Tabella-ATTREZZATURE-BL-723x1024.jpg 723w, https:\/\/www.radiopiu.net\/wordpress\/wp-content\/uploads\/2021\/02\/Tabella-ATTREZZATURE-BL-768x1087.jpg 768w, https:\/\/www.radiopiu.net\/wordpress\/wp-content\/uploads\/2021\/02\/Tabella-ATTREZZATURE-BL-1085x1536.jpg 1085w, https:\/\/www.radiopiu.net\/wordpress\/wp-content\/uploads\/2021\/02\/Tabella-ATTREZZATURE-BL.jpg 1239w\" sizes=\"auto, (max-width: 212px) 100vw, 212px\" \/><\/a>\n\t\t\t\t<\/dt><\/dl><dl class='gallery-item'>\n\t\t\t\t<dt class='gallery-icon portrait'>\n\t\t\t\t\t<a class=\"rollover rollover-zoom dt-pswp-item\" title=\"Schermata 2021-02-27 alle 14.25.02\" data-dt-img-description=\"\" data-large_image_width=\"1260\" data-large_image_height=\"1630\"href='https:\/\/www.radiopiu.net\/wordpress\/wp-content\/uploads\/2021\/02\/Schermata-2021-02-27-alle-14.25.02.png'><img loading=\"lazy\" decoding=\"async\" width=\"232\" height=\"300\" src=\"https:\/\/www.radiopiu.net\/wordpress\/wp-content\/uploads\/2021\/02\/Schermata-2021-02-27-alle-14.25.02-232x300.png\" class=\"attachment-medium size-medium\" alt=\"\" srcset=\"https:\/\/www.radiopiu.net\/wordpress\/wp-content\/uploads\/2021\/02\/Schermata-2021-02-27-alle-14.25.02-232x300.png 232w, https:\/\/www.radiopiu.net\/wordpress\/wp-content\/uploads\/2021\/02\/Schermata-2021-02-27-alle-14.25.02-792x1024.png 792w, https:\/\/www.radiopiu.net\/wordpress\/wp-content\/uploads\/2021\/02\/Schermata-2021-02-27-alle-14.25.02-768x994.png 768w, https:\/\/www.radiopiu.net\/wordpress\/wp-content\/uploads\/2021\/02\/Schermata-2021-02-27-alle-14.25.02-1187x1536.png 1187w, https:\/\/www.radiopiu.net\/wordpress\/wp-content\/uploads\/2021\/02\/Schermata-2021-02-27-alle-14.25.02.png 1260w\" sizes=\"auto, (max-width: 232px) 100vw, 232px\" \/><\/a>\n\t\t\t\t<\/dt><\/dl><dl class='gallery-item'>\n\t\t\t\t<dt class='gallery-icon landscape'>\n\t\t\t\t\t<a class=\"rollover rollover-zoom dt-pswp-item\" title=\"Schermata 2021-02-27 alle 14.25.46\" data-dt-img-description=\"\" data-large_image_width=\"1560\" data-large_image_height=\"1414\"href='https:\/\/www.radiopiu.net\/wordpress\/wp-content\/uploads\/2021\/02\/Schermata-2021-02-27-alle-14.25.46.png'><img loading=\"lazy\" decoding=\"async\" width=\"300\" height=\"272\" src=\"https:\/\/www.radiopiu.net\/wordpress\/wp-content\/uploads\/2021\/02\/Schermata-2021-02-27-alle-14.25.46-300x272.png\" class=\"attachment-medium size-medium\" alt=\"\" srcset=\"https:\/\/www.radiopiu.net\/wordpress\/wp-content\/uploads\/2021\/02\/Schermata-2021-02-27-alle-14.25.46-300x272.png 300w, https:\/\/www.radiopiu.net\/wordpress\/wp-content\/uploads\/2021\/02\/Schermata-2021-02-27-alle-14.25.46-1024x928.png 1024w, https:\/\/www.radiopiu.net\/wordpress\/wp-content\/uploads\/2021\/02\/Schermata-2021-02-27-alle-14.25.46-768x696.png 768w, https:\/\/www.radiopiu.net\/wordpress\/wp-content\/uploads\/2021\/02\/Schermata-2021-02-27-alle-14.25.46-1536x1392.png 1536w, https:\/\/www.radiopiu.net\/wordpress\/wp-content\/uploads\/2021\/02\/Schermata-2021-02-27-alle-14.25.46.png 1560w\" sizes=\"auto, (max-width: 300px) 100vw, 300px\" \/><\/a>\n\t\t\t\t<\/dt><\/dl><dl class='gallery-item'>\n\t\t\t\t<dt class='gallery-icon landscape'>\n\t\t\t\t\t<a class=\"rollover rollover-zoom dt-pswp-item\" title=\"Schermata 2021-02-27 alle 14.25.32\" data-dt-img-description=\"\" data-large_image_width=\"1560\" data-large_image_height=\"1076\"href='https:\/\/www.radiopiu.net\/wordpress\/wp-content\/uploads\/2021\/02\/Schermata-2021-02-27-alle-14.25.32.png'><img loading=\"lazy\" decoding=\"async\" width=\"300\" height=\"207\" src=\"https:\/\/www.radiopiu.net\/wordpress\/wp-content\/uploads\/2021\/02\/Schermata-2021-02-27-alle-14.25.32-300x207.png\" class=\"attachment-medium size-medium\" alt=\"\" srcset=\"https:\/\/www.radiopiu.net\/wordpress\/wp-content\/uploads\/2021\/02\/Schermata-2021-02-27-alle-14.25.32-300x207.png 300w, https:\/\/www.radiopiu.net\/wordpress\/wp-content\/uploads\/2021\/02\/Schermata-2021-02-27-alle-14.25.32-1024x706.png 1024w, https:\/\/www.radiopiu.net\/wordpress\/wp-content\/uploads\/2021\/02\/Schermata-2021-02-27-alle-14.25.32-768x530.png 768w, https:\/\/www.radiopiu.net\/wordpress\/wp-content\/uploads\/2021\/02\/Schermata-2021-02-27-alle-14.25.32-1536x1059.png 1536w, https:\/\/www.radiopiu.net\/wordpress\/wp-content\/uploads\/2021\/02\/Schermata-2021-02-27-alle-14.25.32.png 1560w\" sizes=\"auto, (max-width: 300px) 100vw, 300px\" \/><\/a>\n\t\t\t\t<\/dt><\/dl><br style=\"clear: both\" \/>\n\t\t\t<\/div>\n\n<p>&nbsp;<\/p>\n<p>&nbsp;<\/p>\n<hr \/>\n<p>&nbsp;<\/p>\n<blockquote>\n<h3>IL SALUTO DALL&#8217;ORDINE DEI MEDICI CHIRURGHI E ODONTOIATRI AL NUOVO DIRETTORE GENERALE DELLA ULSS 1 DOLOMITI<\/h3>\n<\/blockquote>\n<p><strong><a href=\"https:\/\/www.radiopiu.net\/wordpress\/giornale-radiopiu-28-febbraio-2021-direttore-mirko-mezzacasa\/dentista\/\" rel=\"attachment wp-att-194087\"><img loading=\"lazy\" decoding=\"async\" class=\"size-medium wp-image-194087 alignleft\" src=\"https:\/\/www.radiopiu.net\/wordpress\/wp-content\/uploads\/2021\/02\/DENTISTA-300x206.jpg\" alt=\"\" width=\"300\" height=\"206\" srcset=\"https:\/\/www.radiopiu.net\/wordpress\/wp-content\/uploads\/2021\/02\/DENTISTA-300x206.jpg 300w, https:\/\/www.radiopiu.net\/wordpress\/wp-content\/uploads\/2021\/02\/DENTISTA-1024x704.jpg 1024w, https:\/\/www.radiopiu.net\/wordpress\/wp-content\/uploads\/2021\/02\/DENTISTA-768x528.jpg 768w, https:\/\/www.radiopiu.net\/wordpress\/wp-content\/uploads\/2021\/02\/DENTISTA.jpg 1280w\" sizes=\"auto, (max-width: 300px) 100vw, 300px\" \/><\/a>BELLUNO<\/strong> L\u2019Ordine dei Medici e degli Odontoiatri della Provincia di Belluno da\u0300 il benvenuto alla Dr.ssa Maria Grazia Carraro, che per i prossimi 5 anni sara\u0300 il Direttore Generale della ULSS 1 Dolomiti. Auguriamo a Lei ed al Suo futuro staff un proficuo lavoro per qualificare ulteriormente la nostra sanita\u0300, che vede negli Ospedali e nei presidi sanitari sul Territorio una rete di riferimento che deve tenere nella massima considerazione le peculiarita\u0300 della sanita\u0300 di montagna. Per noi cio\u0300 significa poter contare su un Ospedale con caratteristiche di vero hub provinciale, tenuto conto delle distanze che separano le aree montane dagli Ospedali hub regionali, nel quale le eccellenze gia\u0300 consolidate si integrino con competenze gia\u0300 presenti in passato e da riattivare al piu\u0300 presto. Solo cosi\u0300 sara\u0300 possibile incentivare i giovani medici a vedere nelle nostre strutture opportunita\u0300 di formazione, di sviluppo professionale e quindi di lavoro stabile nella nostra Provincia, sia negli Ospedali che nella Medicina del Territorio. La nuova Direzione della ULSS 1 potra\u0300 contare sulla piena collaborazione da parte del nostro Ordine e delle sue articolazioni, in cui sono rappresentate le varie realta\u0300 professionali presenti nella ULSS 1 Dolomiti e che da anni sono private di reali tavoli di confronto. Auspichiamo quindi si apra al piu\u0300 presto una lunga stagione di dialogo costruttivo e partecipato fra la nuova Direzione della ULSS 1 ed il nostro Ordine per la riqualificazione della sanita\u0300 nella nostra Provincia, che possa anche portare i professionisti e le strutture sanitarie ad essere pienamente in grado di affrontare la sfida organizzativa rappresentata dalle Olimpiadi del 2026 .<\/p>\n<p>&nbsp;<\/p>\n<p>&nbsp;<\/p>\n<hr \/>\n<p>&nbsp;<\/p>\n<blockquote>\n<h3>NUOVA DIRETTRICE PER L\u2019ULSS 1 DOLOMITI \u2013 BERTON A MARIA GRAZIA CARRARO: \u201cSIA GARANTE DELL\u2019ECCELLENZA DELLA NOSTRA SANIT\u00c0. LA SALUTE VALORE INESTIMABILE, IN MONTAGNA ANCORA DI PI\u00d9\u201d<\/h3>\n<\/blockquote>\n<p><strong><a href=\"https:\/\/www.radiopiu.net\/wordpress\/giornale-radiopiu-31-ottobre-2019-direttore-mirko-mezzacasa\/lorraine_berton-1-2\/\" rel=\"attachment wp-att-104566\"><img loading=\"lazy\" decoding=\"async\" class=\"size-medium wp-image-104566 alignleft\" src=\"https:\/\/www.radiopiu.net\/wordpress\/wp-content\/uploads\/2019\/10\/Lorraine_Berton-1-1-300x300.jpg\" alt=\"\" width=\"300\" height=\"300\" srcset=\"https:\/\/www.radiopiu.net\/wordpress\/wp-content\/uploads\/2019\/10\/Lorraine_Berton-1-1-300x300.jpg 300w, https:\/\/www.radiopiu.net\/wordpress\/wp-content\/uploads\/2019\/10\/Lorraine_Berton-1-1-150x150.jpg 150w, https:\/\/www.radiopiu.net\/wordpress\/wp-content\/uploads\/2019\/10\/Lorraine_Berton-1-1.jpg 767w\" sizes=\"auto, (max-width: 300px) 100vw, 300px\" \/><\/a>BELLUNO <\/strong>\u201c<em>La salute \u00e8 un valore inestimabile, in montagna lo \u00e8 ancora di pi\u00f9. Una sanit\u00e0 efficiente ed efficace \u00e8 la migliore garanzia contro lo spopolamento del territorio, la permanenza delle famiglie, la qualit\u00e0 di vita dei nostri anziani in una provincia che invecchia. Per tutti questi motivi, auguro alla nuova direttrice generale dell\u2019Ulss 1 Dolomiti un buon lavoro. Spero si appassioni a questa terra e sappia valorizzare le sue tante eccellenze, preservando la rete ospedaliera e la medicina del territorio<\/em>\u201d. A dirlo \u00e8 Lorraine Berton, presidente di Confindustria Belluno Dolomiti, all\u2019indomani della nomina di Maria Grazia Carraro a direttrice generale dell\u2019Ulss 1 Dolomiti. \u201c<em>La macchina della sanit\u00e0 oggi \u00e8 chiamata a dare risposte straordinarie, a cominciare dal Covid. Solo risolvendo il problema sanitario, riusciremo a ripartire dal punto di vista economico, sociale e culturale<\/em>\u201d, rimarca Berton. \u201c<em>Anche per questo, come industriali rimaniamo a disposizione dell\u2019Ulss in maniera concreta. Qualora necessario \u2013 come annunciato dal nostro presidente Carlo Bonomi \u2013 siamo pronti anche ad aprire le nostre fabbriche per agevolare la campagna vaccinale<\/em>\u201d, afferma Berton, che ricorda come in questo anno di pandemia l\u2019Associazione degli Industriali abbia sostenuto la sanit\u00e0 bellunese con azioni concrete, dall\u2019acquisto di posti letto di terapia intensiva al noleggio di un camper per l\u2019effettuazione dei tamponi. \u201c<em>Sono poi felice sia stata scelta una donna<\/em>\u201d, sottolinea Berton. \u201c<em>In un mondo perfetto sappiamo che questo non dovrebbe fare la differenza, ma cos\u00ec ancora non \u00e8. Come dico sempre, questi sono cambiamenti culturali che fanno bene e devono motivare soprattutto le ragazze pi\u00f9 giovani. \u00c8 importante avere modelli e comprendere che non ci devono essere preclusioni professionali<\/em>\u201d. In ultima battuta, Berton si rivolge al direttore generale uscente Adriano Rasi Caldogno: \u201c<em>Lo ringrazio per la sua opera costante e competente, la sua abnegazione nell\u2019affrontare la pandemia. \u00c8 un uomo del territorio, conosce queste montagne e le ama. Mi auguro che il suo patrimonio di conoscenze e contatti sia ancora messo a disposizione della nostra provincia<\/em>\u201d.<\/p>\n<p>&nbsp;<\/p>\n<hr \/>\n<p>&nbsp;<\/p>\n<blockquote>\n<h3>PRESENTATO IL PROGETTO PER IL SISTEMA DEPURATIVO DELLA VAL CORDEVOLE<\/h3>\n<\/blockquote>\n<p><strong>ROCCA PIETORE<\/strong> E&#8217; stato presentato da GSP ATO e Veneto Acque il nuovo sistema depurativo della Val Cordevole. Un impianto che parte da Malga Ciapela e arriver\u00e0 ad Alleghe. La previsione di messa in esercizio \u00e8 per il 2024.<\/p>\n<p><strong>IL SINDACO DI ALLEGHE DANILO DE TONI<\/strong><\/p>\n<audio class=\"wp-audio-shortcode\" id=\"audio-194020-1\" preload=\"none\" style=\"width: 100%;\" controls=\"controls\"><source type=\"audio\/mpeg\" src=\"https:\/\/www.radiopiu.net\/wordpress\/wp-content\/uploads\/2021\/02\/DANILO-DE-TONI-NUOVA-CONDOTTA.mp3?_=1\" \/><a href=\"https:\/\/www.radiopiu.net\/wordpress\/wp-content\/uploads\/2021\/02\/DANILO-DE-TONI-NUOVA-CONDOTTA.mp3\">https:\/\/www.radiopiu.net\/wordpress\/wp-content\/uploads\/2021\/02\/DANILO-DE-TONI-NUOVA-CONDOTTA.mp3<\/a><\/audio>\n<p>&nbsp;<\/p>\n<p><strong>IL SINDACO DI ROCCA PIETORE ANDREA DE BERNARDIN<\/strong><\/p>\n<audio class=\"wp-audio-shortcode\" id=\"audio-194020-2\" preload=\"none\" style=\"width: 100%;\" controls=\"controls\"><source type=\"audio\/mpeg\" src=\"https:\/\/www.radiopiu.net\/wordpress\/wp-content\/uploads\/2021\/02\/DE-BERNARDIN-NUOVA-CONDOTTA.mp3?_=2\" \/><a href=\"https:\/\/www.radiopiu.net\/wordpress\/wp-content\/uploads\/2021\/02\/DE-BERNARDIN-NUOVA-CONDOTTA.mp3\">https:\/\/www.radiopiu.net\/wordpress\/wp-content\/uploads\/2021\/02\/DE-BERNARDIN-NUOVA-CONDOTTA.mp3<\/a><\/audio>\n<p>&nbsp;<\/p>\n\n\t\t\t<style type='text\/css'>\n\t\t\t\t#gallery-2 {\n\t\t\t\t\tmargin: auto;\n\t\t\t\t}\n\t\t\t\t#gallery-2 .gallery-item {\n\t\t\t\t\tfloat: left;\n\t\t\t\t\tmargin-top: 10px;\n\t\t\t\t\ttext-align: center;\n\t\t\t\t\twidth: 25%;\n\t\t\t\t}\n\t\t\t\t#gallery-2 img {\n\t\t\t\t\tborder: 2px solid #cfcfcf;\n\t\t\t\t}\n\t\t\t\t#gallery-2 .gallery-caption {\n\t\t\t\t\tmargin-left: 0;\n\t\t\t\t}\n\t\t\t\t\/* see gallery_shortcode() in wp-includes\/media.php *\/\n\t\t\t<\/style>\n\t\t<div id='gallery-2' class='dt-gallery-container gallery galleryid-194020 gallery-columns-4 gallery-size-medium'><dl class='gallery-item'>\n\t\t\t\t<dt class='gallery-icon landscape'>\n\t\t\t\t\t<a class=\"rollover rollover-zoom dt-pswp-item\" title=\"af544937-453f-417b-8f2c-de987ccb341d\" data-dt-img-description=\"\" data-large_image_width=\"1599\" data-large_image_height=\"1200\"href='https:\/\/www.radiopiu.net\/wordpress\/wp-content\/uploads\/2021\/02\/af544937-453f-417b-8f2c-de987ccb341d.jpg'><img loading=\"lazy\" decoding=\"async\" width=\"300\" height=\"225\" src=\"https:\/\/www.radiopiu.net\/wordpress\/wp-content\/uploads\/2021\/02\/af544937-453f-417b-8f2c-de987ccb341d-300x225.jpg\" class=\"attachment-medium size-medium\" alt=\"\" srcset=\"https:\/\/www.radiopiu.net\/wordpress\/wp-content\/uploads\/2021\/02\/af544937-453f-417b-8f2c-de987ccb341d-300x225.jpg 300w, https:\/\/www.radiopiu.net\/wordpress\/wp-content\/uploads\/2021\/02\/af544937-453f-417b-8f2c-de987ccb341d-1024x768.jpg 1024w, https:\/\/www.radiopiu.net\/wordpress\/wp-content\/uploads\/2021\/02\/af544937-453f-417b-8f2c-de987ccb341d-768x576.jpg 768w, https:\/\/www.radiopiu.net\/wordpress\/wp-content\/uploads\/2021\/02\/af544937-453f-417b-8f2c-de987ccb341d-1536x1153.jpg 1536w, https:\/\/www.radiopiu.net\/wordpress\/wp-content\/uploads\/2021\/02\/af544937-453f-417b-8f2c-de987ccb341d.jpg 1599w\" sizes=\"auto, (max-width: 300px) 100vw, 300px\" \/><\/a>\n\t\t\t\t<\/dt><\/dl><dl class='gallery-item'>\n\t\t\t\t<dt class='gallery-icon landscape'>\n\t\t\t\t\t<a class=\"rollover rollover-zoom dt-pswp-item\" title=\"7b6a1657-2768-420a-b791-1bdeac7828a5\" data-dt-img-description=\"\" data-large_image_width=\"1599\" data-large_image_height=\"1200\"href='https:\/\/www.radiopiu.net\/wordpress\/wp-content\/uploads\/2021\/02\/7b6a1657-2768-420a-b791-1bdeac7828a5.jpg'><img loading=\"lazy\" decoding=\"async\" width=\"300\" height=\"225\" src=\"https:\/\/www.radiopiu.net\/wordpress\/wp-content\/uploads\/2021\/02\/7b6a1657-2768-420a-b791-1bdeac7828a5-300x225.jpg\" class=\"attachment-medium size-medium\" alt=\"\" srcset=\"https:\/\/www.radiopiu.net\/wordpress\/wp-content\/uploads\/2021\/02\/7b6a1657-2768-420a-b791-1bdeac7828a5-300x225.jpg 300w, https:\/\/www.radiopiu.net\/wordpress\/wp-content\/uploads\/2021\/02\/7b6a1657-2768-420a-b791-1bdeac7828a5-1024x768.jpg 1024w, https:\/\/www.radiopiu.net\/wordpress\/wp-content\/uploads\/2021\/02\/7b6a1657-2768-420a-b791-1bdeac7828a5-768x576.jpg 768w, https:\/\/www.radiopiu.net\/wordpress\/wp-content\/uploads\/2021\/02\/7b6a1657-2768-420a-b791-1bdeac7828a5-1536x1153.jpg 1536w, https:\/\/www.radiopiu.net\/wordpress\/wp-content\/uploads\/2021\/02\/7b6a1657-2768-420a-b791-1bdeac7828a5.jpg 1599w\" sizes=\"auto, (max-width: 300px) 100vw, 300px\" \/><\/a>\n\t\t\t\t<\/dt><\/dl><dl class='gallery-item'>\n\t\t\t\t<dt class='gallery-icon landscape'>\n\t\t\t\t\t<a class=\"rollover rollover-zoom dt-pswp-item\" title=\"59fb7c2f-5363-40ca-b0da-7e1832831aa8\" data-dt-img-description=\"\" data-large_image_width=\"1599\" data-large_image_height=\"1200\"href='https:\/\/www.radiopiu.net\/wordpress\/wp-content\/uploads\/2021\/02\/59fb7c2f-5363-40ca-b0da-7e1832831aa8.jpg'><img loading=\"lazy\" decoding=\"async\" width=\"300\" height=\"225\" src=\"https:\/\/www.radiopiu.net\/wordpress\/wp-content\/uploads\/2021\/02\/59fb7c2f-5363-40ca-b0da-7e1832831aa8-300x225.jpg\" class=\"attachment-medium size-medium\" alt=\"\" srcset=\"https:\/\/www.radiopiu.net\/wordpress\/wp-content\/uploads\/2021\/02\/59fb7c2f-5363-40ca-b0da-7e1832831aa8-300x225.jpg 300w, https:\/\/www.radiopiu.net\/wordpress\/wp-content\/uploads\/2021\/02\/59fb7c2f-5363-40ca-b0da-7e1832831aa8-1024x768.jpg 1024w, https:\/\/www.radiopiu.net\/wordpress\/wp-content\/uploads\/2021\/02\/59fb7c2f-5363-40ca-b0da-7e1832831aa8-768x576.jpg 768w, https:\/\/www.radiopiu.net\/wordpress\/wp-content\/uploads\/2021\/02\/59fb7c2f-5363-40ca-b0da-7e1832831aa8-1536x1153.jpg 1536w, https:\/\/www.radiopiu.net\/wordpress\/wp-content\/uploads\/2021\/02\/59fb7c2f-5363-40ca-b0da-7e1832831aa8.jpg 1599w\" sizes=\"auto, (max-width: 300px) 100vw, 300px\" \/><\/a>\n\t\t\t\t<\/dt><\/dl><dl class='gallery-item'>\n\t\t\t\t<dt class='gallery-icon landscape'>\n\t\t\t\t\t<a class=\"rollover rollover-zoom dt-pswp-item\" title=\"a449c2aa-30c4-4cce-8a3f-ba007132234d\" data-dt-img-description=\"\" data-large_image_width=\"1599\" data-large_image_height=\"1200\"href='https:\/\/www.radiopiu.net\/wordpress\/wp-content\/uploads\/2021\/02\/a449c2aa-30c4-4cce-8a3f-ba007132234d.jpg'><img loading=\"lazy\" decoding=\"async\" width=\"300\" height=\"225\" src=\"https:\/\/www.radiopiu.net\/wordpress\/wp-content\/uploads\/2021\/02\/a449c2aa-30c4-4cce-8a3f-ba007132234d-300x225.jpg\" class=\"attachment-medium size-medium\" alt=\"\" srcset=\"https:\/\/www.radiopiu.net\/wordpress\/wp-content\/uploads\/2021\/02\/a449c2aa-30c4-4cce-8a3f-ba007132234d-300x225.jpg 300w, https:\/\/www.radiopiu.net\/wordpress\/wp-content\/uploads\/2021\/02\/a449c2aa-30c4-4cce-8a3f-ba007132234d-1024x768.jpg 1024w, https:\/\/www.radiopiu.net\/wordpress\/wp-content\/uploads\/2021\/02\/a449c2aa-30c4-4cce-8a3f-ba007132234d-768x576.jpg 768w, https:\/\/www.radiopiu.net\/wordpress\/wp-content\/uploads\/2021\/02\/a449c2aa-30c4-4cce-8a3f-ba007132234d-1536x1153.jpg 1536w, https:\/\/www.radiopiu.net\/wordpress\/wp-content\/uploads\/2021\/02\/a449c2aa-30c4-4cce-8a3f-ba007132234d.jpg 1599w\" sizes=\"auto, (max-width: 300px) 100vw, 300px\" \/><\/a>\n\t\t\t\t<\/dt><\/dl><br style=\"clear: both\" \/>\n\t\t\t<\/div>\n\n<p>&nbsp;<\/p>\n<hr \/>\n<p>&nbsp;<\/p>\n<h2><span style=\"color: #ff0000;\">L&#8217;OPINIONE&#8230;di Franco Piacentini<\/span><\/h2>\n<blockquote>\n<p dir=\"auto\"><a href=\"https:\/\/www.radiopiu.net\/wordpress\/giornale-radiopiu-28-febbraio-2021-direttore-mirko-mezzacasa\/opinione\/\" rel=\"attachment wp-att-194073\"><img loading=\"lazy\" decoding=\"async\" class=\"size-medium wp-image-194073 alignleft\" src=\"https:\/\/www.radiopiu.net\/wordpress\/wp-content\/uploads\/2021\/02\/OPINIONE-300x199.jpg\" alt=\"\" width=\"300\" height=\"199\" srcset=\"https:\/\/www.radiopiu.net\/wordpress\/wp-content\/uploads\/2021\/02\/OPINIONE-300x199.jpg 300w, https:\/\/www.radiopiu.net\/wordpress\/wp-content\/uploads\/2021\/02\/OPINIONE-1024x680.jpg 1024w, https:\/\/www.radiopiu.net\/wordpress\/wp-content\/uploads\/2021\/02\/OPINIONE-768x510.jpg 768w, https:\/\/www.radiopiu.net\/wordpress\/wp-content\/uploads\/2021\/02\/OPINIONE-1536x1020.jpg 1536w, https:\/\/www.radiopiu.net\/wordpress\/wp-content\/uploads\/2021\/02\/OPINIONE.jpg 1920w\" sizes=\"auto, (max-width: 300px) 100vw, 300px\" \/><\/a><em>In questo drammatico periodo di pandemia, augurare buon lavoro ai nuovi e riconfermati Direttori Generali delle strutture sanitarie venete, non \u00e8 il solito messaggio di circostanza. Oggi il buon lavoro, ha un grande valore sociale per lo straordinario impegno che questi Direttori, da subito, devono mettere in cantiere per contribuire a fermare Covid 19 e per migliorare ulteriormente il sistema sociosanitario veneto. Per questi due prioritari obiettivi, in campo deve scendere una coesa squadra di operatori sanitari (tutte le professioni) e a bordo campo un leale incitamento e un convinto supporto da parte delle istituzioni pubbliche, delle organizzazioni sindacali Cgil Cisl Uil, del terzo settore e del volontariato.<\/em><\/p>\n<p dir=\"auto\"><em>Franco Piacentini<\/em><\/p>\n<\/blockquote>\n<p>&nbsp;<\/p>\n<p>&nbsp;<\/p>\n<p>&nbsp;<\/p>\n<p>&nbsp;<\/p>\n<hr \/>\n<p>&nbsp;<\/p>\n<blockquote class=\"wp-embedded-content\" data-secret=\"bZnZzErSkI\"><p><a href=\"https:\/\/www.radiopiu.net\/wordpress\/aggfeb27\/\">CORONAVIRUS: AGGIORNAMENTO NAZIONALE 27 FEBBRAIO 2021<\/a><\/p><\/blockquote>\n<p><iframe loading=\"lazy\" class=\"wp-embedded-content\" sandbox=\"allow-scripts\" security=\"restricted\" style=\"position: absolute; clip: rect(1px, 1px, 1px, 1px);\" title=\"&#8220;CORONAVIRUS: AGGIORNAMENTO NAZIONALE 27 FEBBRAIO 2021&#8221; &#8212; Radio Pi\u00f9\" src=\"https:\/\/www.radiopiu.net\/wordpress\/aggfeb27\/embed\/#?secret=bZnZzErSkI\" data-secret=\"bZnZzErSkI\" width=\"600\" height=\"338\" frameborder=\"0\" marginwidth=\"0\" marginheight=\"0\" scrolling=\"no\"><\/iframe><\/p>\n<p>&nbsp;<\/p>\n<hr \/>\n<p>&nbsp;<\/p>\n<blockquote class=\"wp-embedded-content\" data-secret=\"L7FR0Y2JqL\"><p><a href=\"https:\/\/www.radiopiu.net\/wordpress\/i-ricoveri-aumentano-sia-in-area-non-critica-17-che-in-terapia-intensiva-2-in-veneto-439-nuovi-positivi-da-stamattina-3-i-decessi-a-belluno-5-positivita-in-piu\/\">I RICOVERI AUMENTANO, SIA IN AREA NON CRITICA (+17) CHE IN TERAPIA INTENSIVA (+2). IN VENETO 439 NUOVI POSITIVI DA STAMATTINA, 3 I DECESSI. A BELLUNO 5 POSITIVITA&#8217; IN PIU&#8217;<\/a><\/p><\/blockquote>\n<p><iframe loading=\"lazy\" class=\"wp-embedded-content\" sandbox=\"allow-scripts\" security=\"restricted\" style=\"position: absolute; clip: rect(1px, 1px, 1px, 1px);\" title=\"&#8220;I RICOVERI AUMENTANO, SIA IN AREA NON CRITICA (+17) CHE IN TERAPIA INTENSIVA (+2). IN VENETO 439 NUOVI POSITIVI DA STAMATTINA, 3 I DECESSI. A BELLUNO 5 POSITIVITA&#8217; IN PIU&#8217;&#8221; &#8212; Radio Pi\u00f9\" src=\"https:\/\/www.radiopiu.net\/wordpress\/i-ricoveri-aumentano-sia-in-area-non-critica-17-che-in-terapia-intensiva-2-in-veneto-439-nuovi-positivi-da-stamattina-3-i-decessi-a-belluno-5-positivita-in-piu\/embed\/#?secret=L7FR0Y2JqL\" data-secret=\"L7FR0Y2JqL\" width=\"600\" height=\"338\" frameborder=\"0\" marginwidth=\"0\" marginheight=\"0\" scrolling=\"no\"><\/iframe><\/p>\n<p>&nbsp;<\/p>\n<hr \/>\n<p>&nbsp;<\/p>\n<blockquote>\n<h3>I GRAFICI DI TIZIANO DE COL<\/h3>\n<\/blockquote>\n\n\t\t\t<style type='text\/css'>\n\t\t\t\t#gallery-3 {\n\t\t\t\t\tmargin: auto;\n\t\t\t\t}\n\t\t\t\t#gallery-3 .gallery-item {\n\t\t\t\t\tfloat: left;\n\t\t\t\t\tmargin-top: 10px;\n\t\t\t\t\ttext-align: center;\n\t\t\t\t\twidth: 20%;\n\t\t\t\t}\n\t\t\t\t#gallery-3 img {\n\t\t\t\t\tborder: 2px solid #cfcfcf;\n\t\t\t\t}\n\t\t\t\t#gallery-3 .gallery-caption {\n\t\t\t\t\tmargin-left: 0;\n\t\t\t\t}\n\t\t\t\t\/* see gallery_shortcode() in wp-includes\/media.php *\/\n\t\t\t<\/style>\n\t\t<div id='gallery-3' class='dt-gallery-container gallery galleryid-194020 gallery-columns-5 gallery-size-medium'><dl class='gallery-item'>\n\t\t\t\t<dt class='gallery-icon landscape'>\n\t\t\t\t\t<a class=\"rollover rollover-zoom dt-pswp-item\" title=\"9c7d79a5-ed6b-45a3-8079-9125a451325d\" data-dt-img-description=\"\" data-large_image_width=\"596\" data-large_image_height=\"360\"href='https:\/\/www.radiopiu.net\/wordpress\/wp-content\/uploads\/2021\/02\/9c7d79a5-ed6b-45a3-8079-9125a451325d.jpg'><img loading=\"lazy\" decoding=\"async\" width=\"300\" height=\"181\" src=\"https:\/\/www.radiopiu.net\/wordpress\/wp-content\/uploads\/2021\/02\/9c7d79a5-ed6b-45a3-8079-9125a451325d-300x181.jpg\" class=\"attachment-medium size-medium\" alt=\"\" srcset=\"https:\/\/www.radiopiu.net\/wordpress\/wp-content\/uploads\/2021\/02\/9c7d79a5-ed6b-45a3-8079-9125a451325d-300x181.jpg 300w, https:\/\/www.radiopiu.net\/wordpress\/wp-content\/uploads\/2021\/02\/9c7d79a5-ed6b-45a3-8079-9125a451325d.jpg 596w\" sizes=\"auto, (max-width: 300px) 100vw, 300px\" \/><\/a>\n\t\t\t\t<\/dt><\/dl><dl class='gallery-item'>\n\t\t\t\t<dt class='gallery-icon landscape'>\n\t\t\t\t\t<a class=\"rollover rollover-zoom dt-pswp-item\" title=\"894299ed-03da-4211-914a-33156a9689cc\" data-dt-img-description=\"\" data-large_image_width=\"614\" data-large_image_height=\"357\"href='https:\/\/www.radiopiu.net\/wordpress\/wp-content\/uploads\/2021\/02\/894299ed-03da-4211-914a-33156a9689cc.jpg'><img loading=\"lazy\" decoding=\"async\" width=\"300\" height=\"174\" src=\"https:\/\/www.radiopiu.net\/wordpress\/wp-content\/uploads\/2021\/02\/894299ed-03da-4211-914a-33156a9689cc-300x174.jpg\" class=\"attachment-medium size-medium\" alt=\"\" srcset=\"https:\/\/www.radiopiu.net\/wordpress\/wp-content\/uploads\/2021\/02\/894299ed-03da-4211-914a-33156a9689cc-300x174.jpg 300w, https:\/\/www.radiopiu.net\/wordpress\/wp-content\/uploads\/2021\/02\/894299ed-03da-4211-914a-33156a9689cc.jpg 614w\" sizes=\"auto, (max-width: 300px) 100vw, 300px\" \/><\/a>\n\t\t\t\t<\/dt><\/dl><dl class='gallery-item'>\n\t\t\t\t<dt class='gallery-icon landscape'>\n\t\t\t\t\t<a class=\"rollover rollover-zoom dt-pswp-item\" title=\"e383b80c-964d-4e0f-862c-16b13e1978dc\" data-dt-img-description=\"\" data-large_image_width=\"620\" data-large_image_height=\"356\"href='https:\/\/www.radiopiu.net\/wordpress\/wp-content\/uploads\/2021\/02\/e383b80c-964d-4e0f-862c-16b13e1978dc.jpg'><img loading=\"lazy\" decoding=\"async\" width=\"300\" height=\"172\" src=\"https:\/\/www.radiopiu.net\/wordpress\/wp-content\/uploads\/2021\/02\/e383b80c-964d-4e0f-862c-16b13e1978dc-300x172.jpg\" class=\"attachment-medium size-medium\" alt=\"\" srcset=\"https:\/\/www.radiopiu.net\/wordpress\/wp-content\/uploads\/2021\/02\/e383b80c-964d-4e0f-862c-16b13e1978dc-300x172.jpg 300w, https:\/\/www.radiopiu.net\/wordpress\/wp-content\/uploads\/2021\/02\/e383b80c-964d-4e0f-862c-16b13e1978dc.jpg 620w\" sizes=\"auto, (max-width: 300px) 100vw, 300px\" \/><\/a>\n\t\t\t\t<\/dt><\/dl><dl class='gallery-item'>\n\t\t\t\t<dt class='gallery-icon landscape'>\n\t\t\t\t\t<a class=\"rollover rollover-zoom dt-pswp-item\" title=\"311bd82c-9753-495d-b019-74499a034f3d\" data-dt-img-description=\"\" data-large_image_width=\"616\" data-large_image_height=\"358\"href='https:\/\/www.radiopiu.net\/wordpress\/wp-content\/uploads\/2021\/02\/311bd82c-9753-495d-b019-74499a034f3d.jpg'><img loading=\"lazy\" decoding=\"async\" width=\"300\" height=\"174\" src=\"https:\/\/www.radiopiu.net\/wordpress\/wp-content\/uploads\/2021\/02\/311bd82c-9753-495d-b019-74499a034f3d-300x174.jpg\" class=\"attachment-medium size-medium\" alt=\"\" srcset=\"https:\/\/www.radiopiu.net\/wordpress\/wp-content\/uploads\/2021\/02\/311bd82c-9753-495d-b019-74499a034f3d-300x174.jpg 300w, https:\/\/www.radiopiu.net\/wordpress\/wp-content\/uploads\/2021\/02\/311bd82c-9753-495d-b019-74499a034f3d.jpg 616w\" sizes=\"auto, (max-width: 300px) 100vw, 300px\" \/><\/a>\n\t\t\t\t<\/dt><\/dl><dl class='gallery-item'>\n\t\t\t\t<dt class='gallery-icon landscape'>\n\t\t\t\t\t<a class=\"rollover rollover-zoom dt-pswp-item\" title=\"26a5cbd4-8168-4945-acf8-4d92910c0661\" data-dt-img-description=\"\" data-large_image_width=\"606\" data-large_image_height=\"351\"href='https:\/\/www.radiopiu.net\/wordpress\/wp-content\/uploads\/2021\/02\/26a5cbd4-8168-4945-acf8-4d92910c0661.jpg'><img loading=\"lazy\" decoding=\"async\" width=\"300\" height=\"174\" src=\"https:\/\/www.radiopiu.net\/wordpress\/wp-content\/uploads\/2021\/02\/26a5cbd4-8168-4945-acf8-4d92910c0661-300x174.jpg\" class=\"attachment-medium size-medium\" alt=\"\" srcset=\"https:\/\/www.radiopiu.net\/wordpress\/wp-content\/uploads\/2021\/02\/26a5cbd4-8168-4945-acf8-4d92910c0661-300x174.jpg 300w, https:\/\/www.radiopiu.net\/wordpress\/wp-content\/uploads\/2021\/02\/26a5cbd4-8168-4945-acf8-4d92910c0661.jpg 606w\" sizes=\"auto, (max-width: 300px) 100vw, 300px\" \/><\/a>\n\t\t\t\t<\/dt><\/dl><br style=\"clear: both\" \/>\n\t\t\t<\/div>\n\n<p>&nbsp;<\/p>\n<p>&nbsp;<\/p>\n<hr \/>\n<p>&nbsp;<\/p>\n<p>&nbsp;<\/p>\n<hr \/>\n<blockquote>\n<h3 dir=\"auto\">MANUTENZIONI A SOPRACRODA, ULTIMATI I LAVORI<\/h3>\n<\/blockquote>\n<p><strong>BELLUNO <\/strong>Sono stati ultimati in questi giorni i lavori di manutenzione nell&#8217;area di Sopracroda, come da programma presentato un paio di settimane fa dall&#8217;assessore ai lavori pubblici Biagio Giannone. \u00c8 stato installato il guard-rail sulla prima curva a gomito salendo verso l&#8217;abitato; nei prossimi giorni si interverr\u00e0 per adeguare il tratto di guard-rail che precede quello appena montato. Per quanto riguarda il cedimento della sede stradale a monte, si \u00e8 proceduto con gli scavi e il controllo di eventuali perdite d&#8217;acqua; si \u00e8 ripristinata la strada, con la rimozione del semaforo che regolava il senso unico alternato. Verranno comunque installati dei micropali e verr\u00e0 effettuata una perizia geologica per verificare eventuali nuovi movimenti o problemi. Sul piazzale che ospita anche la fermata dell&#8217;autobus \u00e8 stato realizzato il canale di scolo delle acque che consentir\u00e0 quindi di scongiurare nuovi allegamenti in caso di forti piogge. Infine, vista la pericolosit\u00e0 in occasioni di eventi meteo particolarmente violenti, si \u00e8 proceduto al tagli di alcuni alberi di propriet\u00e0 comunale che incombevano su abitazioni private. \u00ab<em>Come annunciato, nel mese di febbraio abbiamo ultimato quei lavori che Covid e maltempo ci avevano costretto a rallentare o posticipare. &#8211; commenta Giannone \u2013 Sono piccoli interventi che per\u00f2 rispondono alle esigenze e alle richieste dei cittadini; non riteniamo finita cos\u00ec la nostra azione, che proseguir\u00e0 con il controllo delle situazioni pi\u00f9 a rischio. \u00c8 il caso, ad esempio, del tratto di strada in curva che si trova a monte del cedimento oggetto di quest&#8217;ultimo intervento: anche l\u00ec sembra esserci un leggero avvallamento che stiamo monitorando e continueremo a valutare settimana dopo settimana<\/em>\u00bb.<\/p>\n\n\t\t\t<style type='text\/css'>\n\t\t\t\t#gallery-4 {\n\t\t\t\t\tmargin: auto;\n\t\t\t\t}\n\t\t\t\t#gallery-4 .gallery-item {\n\t\t\t\t\tfloat: left;\n\t\t\t\t\tmargin-top: 10px;\n\t\t\t\t\ttext-align: center;\n\t\t\t\t\twidth: 20%;\n\t\t\t\t}\n\t\t\t\t#gallery-4 img {\n\t\t\t\t\tborder: 2px solid #cfcfcf;\n\t\t\t\t}\n\t\t\t\t#gallery-4 .gallery-caption {\n\t\t\t\t\tmargin-left: 0;\n\t\t\t\t}\n\t\t\t\t\/* see gallery_shortcode() in wp-includes\/media.php *\/\n\t\t\t<\/style>\n\t\t<div id='gallery-4' class='dt-gallery-container gallery galleryid-194020 gallery-columns-5 gallery-size-thumbnail'><dl class='gallery-item'>\n\t\t\t\t<dt class='gallery-icon landscape'>\n\t\t\t\t\t<a class=\"rollover rollover-zoom dt-pswp-item\" title=\"Sistemazione cedimento Sopracroda\" data-dt-img-description=\"\" data-large_image_width=\"2048\" data-large_image_height=\"1536\"href='https:\/\/www.radiopiu.net\/wordpress\/wp-content\/uploads\/2021\/02\/Sistemazione-cedimento-Sopracroda.jpeg'><img loading=\"lazy\" decoding=\"async\" width=\"150\" height=\"150\" src=\"https:\/\/www.radiopiu.net\/wordpress\/wp-content\/uploads\/2021\/02\/Sistemazione-cedimento-Sopracroda-150x150.jpeg\" class=\"attachment-thumbnail size-thumbnail\" alt=\"\" \/><\/a>\n\t\t\t\t<\/dt><\/dl><dl class='gallery-item'>\n\t\t\t\t<dt class='gallery-icon landscape'>\n\t\t\t\t\t<a class=\"rollover rollover-zoom dt-pswp-item\" title=\"Scolo Piazzale Sopracroda\" data-dt-img-description=\"\" data-large_image_width=\"2048\" data-large_image_height=\"1536\"href='https:\/\/www.radiopiu.net\/wordpress\/wp-content\/uploads\/2021\/02\/Scolo-Piazzale-Sopracroda-.jpeg'><img loading=\"lazy\" decoding=\"async\" width=\"150\" height=\"150\" src=\"https:\/\/www.radiopiu.net\/wordpress\/wp-content\/uploads\/2021\/02\/Scolo-Piazzale-Sopracroda--150x150.jpeg\" class=\"attachment-thumbnail size-thumbnail\" alt=\"\" \/><\/a>\n\t\t\t\t<\/dt><\/dl><dl class='gallery-item'>\n\t\t\t\t<dt class='gallery-icon landscape'>\n\t\t\t\t\t<a class=\"rollover rollover-zoom dt-pswp-item\" title=\"Guardrail Sopracroda nuovo (2)\" data-dt-img-description=\"\" data-large_image_width=\"2048\" data-large_image_height=\"1536\"href='https:\/\/www.radiopiu.net\/wordpress\/wp-content\/uploads\/2021\/02\/Guardrail-Sopracroda-nuovo-2.jpeg'><img loading=\"lazy\" decoding=\"async\" width=\"150\" height=\"150\" src=\"https:\/\/www.radiopiu.net\/wordpress\/wp-content\/uploads\/2021\/02\/Guardrail-Sopracroda-nuovo-2-150x150.jpeg\" class=\"attachment-thumbnail size-thumbnail\" alt=\"\" \/><\/a>\n\t\t\t\t<\/dt><\/dl><dl class='gallery-item'>\n\t\t\t\t<dt class='gallery-icon landscape'>\n\t\t\t\t\t<a class=\"rollover rollover-zoom dt-pswp-item\" title=\"Guardrail Sopracroda nuovo (1)\" data-dt-img-description=\"\" data-large_image_width=\"2048\" data-large_image_height=\"1536\"href='https:\/\/www.radiopiu.net\/wordpress\/wp-content\/uploads\/2021\/02\/Guardrail-Sopracroda-nuovo-1.jpeg'><img loading=\"lazy\" decoding=\"async\" width=\"150\" height=\"150\" src=\"https:\/\/www.radiopiu.net\/wordpress\/wp-content\/uploads\/2021\/02\/Guardrail-Sopracroda-nuovo-1-150x150.jpeg\" class=\"attachment-thumbnail size-thumbnail\" alt=\"\" \/><\/a>\n\t\t\t\t<\/dt><\/dl><dl class='gallery-item'>\n\t\t\t\t<dt class='gallery-icon portrait'>\n\t\t\t\t\t<a class=\"rollover rollover-zoom dt-pswp-item\" title=\"Guardrail Sopracroda (nuovo e precedente)\" data-dt-img-description=\"\" data-large_image_width=\"1200\" data-large_image_height=\"1600\"href='https:\/\/www.radiopiu.net\/wordpress\/wp-content\/uploads\/2021\/02\/Guardrail-Sopracroda-nuovo-e-precedente.jpeg'><img loading=\"lazy\" decoding=\"async\" width=\"150\" height=\"150\" src=\"https:\/\/www.radiopiu.net\/wordpress\/wp-content\/uploads\/2021\/02\/Guardrail-Sopracroda-nuovo-e-precedente-150x150.jpeg\" class=\"attachment-thumbnail size-thumbnail\" alt=\"\" \/><\/a>\n\t\t\t\t<\/dt><\/dl><br style=\"clear: both\" \/>\n\t\t\t<\/div>\n\n<p>&nbsp;<\/p>\n<hr \/>\n<p>&nbsp;<\/p>\n<blockquote>\n<h3 class=\"p1\"><span class=\"s1\">PROVINCIA-FIDAL, INCONTRO CON IL NUOVO PRESIDENTE DELLA FEDERAZIONE ITALIANA ATLETICA LEGGERA STEFANO MEI<\/span><\/h3>\n<\/blockquote>\n<p class=\"p1\"><span class=\"s1\"><strong><a href=\"https:\/\/www.radiopiu.net\/wordpress\/giornale-radiopiu-28-febbraio-2021-direttore-mirko-mezzacasa\/img_9116\/\" rel=\"attachment wp-att-194105\"><img loading=\"lazy\" decoding=\"async\" class=\"size-medium wp-image-194105 alignleft\" src=\"https:\/\/www.radiopiu.net\/wordpress\/wp-content\/uploads\/2021\/02\/IMG_9116-300x225.jpg\" alt=\"\" width=\"300\" height=\"225\" srcset=\"https:\/\/www.radiopiu.net\/wordpress\/wp-content\/uploads\/2021\/02\/IMG_9116-300x225.jpg 300w, https:\/\/www.radiopiu.net\/wordpress\/wp-content\/uploads\/2021\/02\/IMG_9116-1024x768.jpg 1024w, https:\/\/www.radiopiu.net\/wordpress\/wp-content\/uploads\/2021\/02\/IMG_9116-768x576.jpg 768w, https:\/\/www.radiopiu.net\/wordpress\/wp-content\/uploads\/2021\/02\/IMG_9116-1536x1152.jpg 1536w, https:\/\/www.radiopiu.net\/wordpress\/wp-content\/uploads\/2021\/02\/IMG_9116.jpg 2016w\" sizes=\"auto, (max-width: 300px) 100vw, 300px\" \/><\/a>BELLUNO<\/strong> Il presidente della Provincia di Belluno Roberto Padrin ha incontrato questa mattina all\u2019hotel Faloria di Cortina il nuovo presidente Fidal Stefano Mei. Un incontro informale per portare i saluti bellunesi ai nuovi vertici della Federazione italiana atletica leggera, ma anche per offrire la massima disponibilit\u00e0 a lavorare per lo sviluppo dello sport e del turismo sportivo. <\/span><span class=\"s1\">Sul tavolo dell\u2019incontro, gli impianti sportivi del Bellunese e i possibili adeguamenti da mettere in progetto. E anche la possibilit\u00e0 di organizzare meeting ed eventi, a partire da gare giovanili. <\/span><span class=\"s1\">\u00ab<em>La volont\u00e0 \u00e8 di costruire insieme il presente e anche il futuro dell\u2019atletica bellunese &#8211; spiega il presidente Padrin -. Oggi forse si tratta di discipline di nicchia, ma nell\u2019ottica di una provincia che ha ospitato i Mondiali di sci e ospiter\u00e0 a breve raggio anche le Olimpiadi, puntare sullo sport a 360 gradi \u00e8 un dovere. Abbiamo impianti sportivi che si prestano all\u2019organizzazione di eventi di atletica, da Feltre a Belluno &#8211; con l\u2019investimento di ristrutturazione allo stadio Polisportivo &#8211; passando per Borgo Valbelluna, Domegge e Longarone, dove sono in corso studi per valutare il tipo di intervento da realizzare sulla pista di atletica. Attraverso progetti ad hoc, la Provincia \u00e8 a disposizione per garantire i possibili adeguamenti, dove necessario. E il presidente Mei ci ha assicurato la massima collaborazione per far crescere il movimento sportivo nella nostra provincia. Il turismo e la ricettivit\u00e0 legati allo sport sono gi\u00e0 oggi uno dei canali economici fondamentali per il nostro territorio; possiamo fare ancora di pi\u00f9, perch\u00e9 sono convinto che dopo la pandemia si apriranno spazi importanti per lo sport<\/em>\u00bb. <\/span><span class=\"s1\">\u00ab<em>Ringrazio il presidente Padrin e la Provincia di Belluno per la collaborazione &#8211; il commento di Stefano Mei -. Nello sport il gioco di squadra paga sempre e sono convinto che nell\u2019era post-pandemica poter lavorare insieme al territorio, per di pi\u00f9 in un ambiente montano sicuro e di pregio come quello bellunese, sar\u00e0 il valore aggiunto e aprir\u00e0 grandi spazi di rilancio. Stiamo gi\u00e0 pensando a organizzare qualche evento speciale con testimonial che possano far innamorare i giovani dell\u2019atletica leggera<\/em>\u00bb.<\/span><\/p>\n<p>&nbsp;<\/p>\n<p>&nbsp;<\/p>\n<hr \/>\n<p>&nbsp;<\/p>\n<blockquote>\n<h3><a href=\"https:\/\/www.radiopiu.net\/wordpress\/un-san-valentino-carico-di-cuori-in-agordino-grazie-a-nicola-tancon\/sulla-piana-di-falcade\/\" rel=\"attachment wp-att-191357\"><img loading=\"lazy\" decoding=\"async\" class=\"wp-image-191357 alignleft\" src=\"https:\/\/www.radiopiu.net\/wordpress\/wp-content\/uploads\/2021\/02\/Sulla-Piana-di-Falcade-229x300.jpeg\" alt=\"\" width=\"118\" height=\"155\" srcset=\"https:\/\/www.radiopiu.net\/wordpress\/wp-content\/uploads\/2021\/02\/Sulla-Piana-di-Falcade-229x300.jpeg 229w, https:\/\/www.radiopiu.net\/wordpress\/wp-content\/uploads\/2021\/02\/Sulla-Piana-di-Falcade-781x1024.jpeg 781w, https:\/\/www.radiopiu.net\/wordpress\/wp-content\/uploads\/2021\/02\/Sulla-Piana-di-Falcade-768x1008.jpeg 768w, https:\/\/www.radiopiu.net\/wordpress\/wp-content\/uploads\/2021\/02\/Sulla-Piana-di-Falcade-1171x1536.jpeg 1171w, https:\/\/www.radiopiu.net\/wordpress\/wp-content\/uploads\/2021\/02\/Sulla-Piana-di-Falcade.jpeg 1561w\" sizes=\"auto, (max-width: 118px) 100vw, 118px\" \/><\/a><\/h3>\n<h3>GIOVEDI IL BILANCIO DI PREVISIONE E IL DUP<\/h3>\n<\/blockquote>\n<p><strong>FALCADE<\/strong> Il sindaco Michele Costa ha convocato il consiglio comunale per giovedi alle 19.30 (in video conferenza). All&#8217;ordine del giorno: regolamento controlli interni, affidamento incarichi esterni, canone per l&#8217;esposizione pubblicitaria, approvazione bilancio di previsione finanziario e l&#8217;aggiornamento al Dup (Documento Unico di Programmazione 21-23). (foto Nico Tancon).<\/p>\n<p><strong>DAL CORRIERE DELLE ALPI IL SERVIZIO DI GIANNI SANTOMASO<\/strong><\/p>\n<audio class=\"wp-audio-shortcode\" id=\"audio-194020-3\" preload=\"none\" style=\"width: 100%;\" controls=\"controls\"><source type=\"audio\/mpeg\" src=\"https:\/\/www.radiopiu.net\/wordpress\/wp-content\/uploads\/2021\/02\/GIANNI-CONSIGLIO-FALCADE.mp3?_=3\" \/><a href=\"https:\/\/www.radiopiu.net\/wordpress\/wp-content\/uploads\/2021\/02\/GIANNI-CONSIGLIO-FALCADE.mp3\">https:\/\/www.radiopiu.net\/wordpress\/wp-content\/uploads\/2021\/02\/GIANNI-CONSIGLIO-FALCADE.mp3<\/a><\/audio>\n<p>&nbsp;<\/p>\n<hr \/>\n<p>&nbsp;<\/p>\n<blockquote>\n<h3>IN CONSIGLIO ANCHE PER LA VERIFICA DELLE AREE FABBRICABILI<\/h3>\n<\/blockquote>\n<p><strong><a href=\"https:\/\/www.radiopiu.net\/wordpress\/feb01010112\/th-25\/\" rel=\"attachment wp-att-188402\"><img loading=\"lazy\" decoding=\"async\" class=\"wp-image-188402 alignleft\" src=\"https:\/\/www.radiopiu.net\/wordpress\/wp-content\/uploads\/2021\/02\/th.jpg\" alt=\"\" width=\"140\" height=\"97\" \/><\/a>COLLE SANTA LUCIA<\/strong> Sabato 6 marzo\u00a0 mattina alle 7.30 consiglio comunale convocato dal sindaco Paolo Frena. Quindici punti all&#8217;ordine del giorno, comunicazioni del sindaco comprese. Regolamenti, approvazione di programmi a bilanci, verifica delle aree edificabili, Documento Unico di Programmazione tra gli argomenti principali.<\/p>\n<p>&nbsp;<\/p>\n<p>&nbsp;<\/p>\n<hr \/>\n<p>&nbsp;<\/p>\n<blockquote>\n<h3>LE PROPOSTE PER LA MODIFICA DEL PIANO DEGLI INTERVENTI<\/h3>\n<\/blockquote>\n<p><strong><a href=\"https:\/\/www.radiopiu.net\/wordpress\/consiglio-comunale-di-falcade-registrazione-integrale-durata-1h33m\/falcade-3-2\/\" rel=\"attachment wp-att-163179\"><img loading=\"lazy\" decoding=\"async\" class=\"wp-image-163179 alignleft\" src=\"https:\/\/www.radiopiu.net\/wordpress\/wp-content\/uploads\/2020\/09\/FALCADE-3-300x225.jpg\" alt=\"\" width=\"133\" height=\"100\" srcset=\"https:\/\/www.radiopiu.net\/wordpress\/wp-content\/uploads\/2020\/09\/FALCADE-3-300x225.jpg 300w, https:\/\/www.radiopiu.net\/wordpress\/wp-content\/uploads\/2020\/09\/FALCADE-3-768x576.jpg 768w, https:\/\/www.radiopiu.net\/wordpress\/wp-content\/uploads\/2020\/09\/FALCADE-3-640x480.jpg 640w, https:\/\/www.radiopiu.net\/wordpress\/wp-content\/uploads\/2020\/09\/FALCADE-3.jpg 960w\" sizes=\"auto, (max-width: 133px) 100vw, 133px\" \/><\/a>FALCADE<\/strong>\u00a0 <em>&#8220;Il Comune di Falcade comunica che \u00e8 stato pubblicato un importante <u>AVVISO\u00a0per la\u00a0presentazione delle proposte per la modifica del Piano degli Interventi<\/u>, a firma del Sindaco Michele Costa,\u00a0 l<\/em><em>&#8216;avviso \u00e8 pubblicato e scaricabile dal sito internet del Comune di Falcade. <\/em><em>Le proposte dovranno pervenire entro e non oltre il 18 marzo 2021&#8243;<\/em><\/p>\n<p>&nbsp;<\/p>\n<p>&nbsp;<\/p>\n<hr \/>\n<p>&nbsp;<\/p>\n<blockquote>\n<h3>ASCA ALLA RICERCA DI UN ISTRUTTORE AMMINISTRATIVO ADDETTO AL PERSONALE E INFERMIERI<\/h3>\n<\/blockquote>\n<p><strong><a href=\"https:\/\/www.radiopiu.net\/wordpress\/asca-ricerca-personale-infermieristico\/asca-4\/\" rel=\"attachment wp-att-128881\"><img loading=\"lazy\" decoding=\"async\" class=\" wp-image-128881 alignleft\" src=\"https:\/\/www.radiopiu.net\/wordpress\/wp-content\/uploads\/2020\/04\/ASCA-300x165.png\" alt=\"\" width=\"224\" height=\"123\" srcset=\"https:\/\/www.radiopiu.net\/wordpress\/wp-content\/uploads\/2020\/04\/ASCA-300x165.png 300w, https:\/\/www.radiopiu.net\/wordpress\/wp-content\/uploads\/2020\/04\/ASCA-1024x565.png 1024w, https:\/\/www.radiopiu.net\/wordpress\/wp-content\/uploads\/2020\/04\/ASCA-768x424.png 768w, https:\/\/www.radiopiu.net\/wordpress\/wp-content\/uploads\/2020\/04\/ASCA.png 1211w\" sizes=\"auto, (max-width: 224px) 100vw, 224px\" \/><\/a>AGORDO<\/strong> L&#8217;Azienda Speciale Consortile Agordina \u00e8 alla ricerca di un istruttore amministrativo addetto al personale da inserire nell\u2019organico amministrativo della Residenza Sanitaria Anziani di Agordo. Possono partecipare laureati in materie giuridiche od economiche o materie equipollenti, o diplomati con comprovata esperienza. La selezione \u00e8 finalizzata all\u2019inserimento a tempo indeterminato e pieno in Azienda. Il bando con il modello della domanda \u00e8 rinvenibile sul sito dell\u2019Azienda www.servizisocialiasca.it\u00a0.<br \/>\nL&#8217;amministratore unico di Asca Mariachiara Santin ha inoltre emanato un avviso di selezione utile alla formulazione di una graduatoria di idoneit\u00e0 finalizzata all&#8217;inserimento a tempo indeterminato pieno e part time della figura di infermiere con un premio di benvenuto di 250,00 \u20ac in beni e servizi di Welfare Aziendali (una tantum) e un premio produttivit\u00e0 \/welfare annuo di 2.500,00 euro pro capite che viene erogato sulla base della valutazione e dopo almeno 7 mesi di lavoro continuativo in Azienda. Per informazioni \u00e8 possibile rivolgersi alla Segreteria dell\u2019Azienda A.S.C.A.: e-mail: amministrazione@servizisocialiasca.it<\/p>\n<p>&nbsp;<\/p>\n<p>&nbsp;<\/p>\n<hr \/>\n<blockquote>\n<h3><\/h3>\n<h3>CERCASI FARMACISTI-COLLABORATORI AD AGORDO<\/h3>\n<\/blockquote>\n<p><strong><img loading=\"lazy\" decoding=\"async\" class=\"alignleft\" src=\"https:\/\/www.radiopiu.net\/wordpress\/wp-content\/uploads\/2020\/06\/e557474c-a46e-408a-ad77-242a0f3ef7c9.jpg\" width=\"62\" height=\"83\" \/>AGORDO<\/strong> L&#8217;Azienda Speciale Agordo Servizi ha indetto una selezione per la copertura di due posti e tempo pieno (40 ore) come Farmacista-collaboratore di primo livello. Il candidato dovr\u00e0 essere in grado di svolgere attivit\u00e0 ad elevato contenuto professionale di natura sanitaria o tecnica amministrativa in condizione di ampia autonomia. Le domande devono essere presentate entro le 12 del 3 marzo. Di seguito tutti i particolari compreso il calendario della prova che sar\u00e0 pubblicato sul sito agordofarmaciacomunale.it<\/p>\n<p>&nbsp;<\/p>\n<p>&nbsp;<\/p>\n<hr \/>\n<p>&nbsp;<\/p>\n<blockquote>\n<h3><a href=\"https:\/\/www.radiopiu.net\/wordpress\/giornale-radiopiu-26-febbraio-2021-direttore-mirko-mezzacasa\/sottocoperta-lettura-28-febbraio\/\" rel=\"attachment wp-att-193623\"><img loading=\"lazy\" decoding=\"async\" class=\"wp-image-193623 alignleft\" src=\"https:\/\/www.radiopiu.net\/wordpress\/wp-content\/uploads\/2021\/02\/Sottocoperta-Lettura-28-febbraio-300x169.jpg\" alt=\"\" width=\"167\" height=\"94\" srcset=\"https:\/\/www.radiopiu.net\/wordpress\/wp-content\/uploads\/2021\/02\/Sottocoperta-Lettura-28-febbraio-300x169.jpg 300w, https:\/\/www.radiopiu.net\/wordpress\/wp-content\/uploads\/2021\/02\/Sottocoperta-Lettura-28-febbraio-1024x576.jpg 1024w, https:\/\/www.radiopiu.net\/wordpress\/wp-content\/uploads\/2021\/02\/Sottocoperta-Lettura-28-febbraio-768x432.jpg 768w, https:\/\/www.radiopiu.net\/wordpress\/wp-content\/uploads\/2021\/02\/Sottocoperta-Lettura-28-febbraio-1536x864.jpg 1536w, https:\/\/www.radiopiu.net\/wordpress\/wp-content\/uploads\/2021\/02\/Sottocoperta-Lettura-28-febbraio.jpg 1707w\" sizes=\"auto, (max-width: 167px) 100vw, 167px\" \/><\/a>SOTTOCOPERTA, I PROSSIMI EVENTI<\/h3>\n<\/blockquote>\n<p><strong>LIMANA<\/strong> Domenica\u00a0 alle 18 ci sar\u00e0 la lettura con Carlo Corsini, Simone Carnielli e Alessandro Marchetti. Un viaggio fantastico tra fiabe, racconti e tradizioni di posti vicini o posti lontani, per bambini dai 4 anni in su. Per seguire la diretta streaming prenotate il vostro link: sbogo.limana@valbelluna.bl.it entro le\u00a0 12 di sabato.<\/p>\n<p>&nbsp;<\/p>\n<p>&nbsp;<\/p>\n<hr \/>\n<blockquote>\n<h3><\/h3>\n<h3>&#8220;SOSPIROLO TRA LEGGENDE E MISTERI&#8221; GIOVEDI&#8217; SERA IN DIRETTA YOUTUBE<\/h3>\n<\/blockquote>\n<p><strong><a href=\"https:\/\/www.radiopiu.net\/wordpress\/giornale-radiopiu-21-febbraio-2021-direttore-mirko-mezzacasa\/post-serata-lancio-concorso-2021\/\" rel=\"attachment wp-att-192611\"><img loading=\"lazy\" decoding=\"async\" class=\" wp-image-192611 alignleft\" src=\"https:\/\/www.radiopiu.net\/wordpress\/wp-content\/uploads\/2021\/02\/POST-SERATA-LANCIO-CONCORSO-2021-300x300.jpg\" alt=\"\" width=\"167\" height=\"167\" srcset=\"https:\/\/www.radiopiu.net\/wordpress\/wp-content\/uploads\/2021\/02\/POST-SERATA-LANCIO-CONCORSO-2021-300x300.jpg 300w, https:\/\/www.radiopiu.net\/wordpress\/wp-content\/uploads\/2021\/02\/POST-SERATA-LANCIO-CONCORSO-2021-1024x1024.jpg 1024w, https:\/\/www.radiopiu.net\/wordpress\/wp-content\/uploads\/2021\/02\/POST-SERATA-LANCIO-CONCORSO-2021-150x150.jpg 150w, https:\/\/www.radiopiu.net\/wordpress\/wp-content\/uploads\/2021\/02\/POST-SERATA-LANCIO-CONCORSO-2021-768x768.jpg 768w, https:\/\/www.radiopiu.net\/wordpress\/wp-content\/uploads\/2021\/02\/POST-SERATA-LANCIO-CONCORSO-2021.jpg 1080w\" sizes=\"auto, (max-width: 167px) 100vw, 167px\" \/><\/a>SOSPIROLO<\/strong> Comune di Sospirolo, Biblioteca civica e la Pro Loco Monti del Sole organizzano per oggi alle 21 una diretta YouTube in occasione della serata inaugurale della 12\u00aa edizione del concorso letterario &#8220;Sospirolo tra leggende e misteri&#8221;. La serata inaugurale, con il lancio del tema di concorso, sar\u00e0 condotta dall\u2019appassionato di tradizioni locali venete Roberto <i>Popi<\/i> Frison.<\/p>\n<p>&nbsp;<\/p>\n<p>&nbsp;<\/p>\n<p>&nbsp;<\/p>\n<hr \/>\n<p>&nbsp;<\/p>\n<blockquote>\n<h3>NUOVI ORARI CALL CENTER COVID DAL 1\u00b0 FEBBRAIO 2021<\/h3>\n<\/blockquote>\n<p><strong><a href=\"https:\/\/www.radiopiu.net\/wordpress\/giornale-radiopiu-26-gennaio-2021-direttore-mirko-mezzacasa\/numero-covid_febbraio-2021\/\" rel=\"attachment wp-att-186852\"><img loading=\"lazy\" decoding=\"async\" class=\"wp-image-186852 alignleft\" src=\"https:\/\/www.radiopiu.net\/wordpress\/wp-content\/uploads\/2021\/01\/numero-covid_febbraio-2021-300x212.jpg\" alt=\"\" width=\"202\" height=\"143\" srcset=\"https:\/\/www.radiopiu.net\/wordpress\/wp-content\/uploads\/2021\/01\/numero-covid_febbraio-2021-300x212.jpg 300w, https:\/\/www.radiopiu.net\/wordpress\/wp-content\/uploads\/2021\/01\/numero-covid_febbraio-2021-1024x724.jpg 1024w, https:\/\/www.radiopiu.net\/wordpress\/wp-content\/uploads\/2021\/01\/numero-covid_febbraio-2021-768x543.jpg 768w, https:\/\/www.radiopiu.net\/wordpress\/wp-content\/uploads\/2021\/01\/numero-covid_febbraio-2021-1536x1086.jpg 1536w, https:\/\/www.radiopiu.net\/wordpress\/wp-content\/uploads\/2021\/01\/numero-covid_febbraio-2021.jpg 2000w\" sizes=\"auto, (max-width: 202px) 100vw, 202px\" \/><\/a> <\/strong><\/p>\n<p><strong>\u00a0<\/strong><\/p>\n<p><strong>BELLUNO <\/strong>L&#8217;importante rallentamento epidemico registrato nelle ultime settimane e la conseguente forte riduzione delle telefonate con richiesta di informazioni da parte dei cittadini, consentono di rimodulare giorni ed orari di attivit\u00e0 del CALL CENTER COVID Dal 1\u00b0 febbraio 2021 lo 0437\/514343 sar\u00e0 attivo dalle 8 alle 18 da luned\u00ec a sabato.<\/p>\n<p>&nbsp;<\/p>\n<p>&nbsp;<\/p>\n<p>&nbsp;<\/p>\n<p>&nbsp;<\/p>\n<hr \/>\n<blockquote>\n<h3><a href=\"https:\/\/www.radiopiu.net\/wordpress\/giornale-radiopiu-17-febbraio-2021-direttore-mirko-mezzacasa\/149288210_864291084356461_5213230709275692954_o\/\" rel=\"attachment wp-att-191849\"><img loading=\"lazy\" decoding=\"async\" class=\"wp-image-191849 alignleft\" src=\"https:\/\/www.radiopiu.net\/wordpress\/wp-content\/uploads\/2021\/02\/149288210_864291084356461_5213230709275692954_o-300x256.jpg\" alt=\"\" width=\"131\" height=\"112\" srcset=\"https:\/\/www.radiopiu.net\/wordpress\/wp-content\/uploads\/2021\/02\/149288210_864291084356461_5213230709275692954_o-300x256.jpg 300w, https:\/\/www.radiopiu.net\/wordpress\/wp-content\/uploads\/2021\/02\/149288210_864291084356461_5213230709275692954_o.jpg 600w\" sizes=\"auto, (max-width: 131px) 100vw, 131px\" \/><\/a>L&#8217;INIZIATIVA SOLIDALE DELLA CORALE DI LIMANA<\/h3>\n<\/blockquote>\n<p><strong>AUDIO<\/strong><\/p>\n<audio class=\"wp-audio-shortcode\" id=\"audio-194020-4\" preload=\"none\" style=\"width: 100%;\" controls=\"controls\"><source type=\"audio\/mpeg\" src=\"https:\/\/www.radiopiu.net\/wordpress\/wp-content\/uploads\/2021\/02\/cori-silvia2.mp3?_=4\" \/><a href=\"https:\/\/www.radiopiu.net\/wordpress\/wp-content\/uploads\/2021\/02\/cori-silvia2.mp3\">https:\/\/www.radiopiu.net\/wordpress\/wp-content\/uploads\/2021\/02\/cori-silvia2.mp3<\/a><\/audio>\n<p>&nbsp;<\/p>\n<hr \/>\n<p>&nbsp;<\/p>\n<blockquote>\n<h2>CASSA SOLIDARIET\u00c0 LUXOTTICA<\/h2>\n<\/blockquote>\n<h3><strong><span style=\"color: #ff0000;\">IL NUMERO DI FEBBRAIO CON PAOLO CHISSALE&#8217; E FABRIZIO CAMPEDEL\u00a0\u00a0<\/span><\/strong><\/h3>\n<audio class=\"wp-audio-shortcode\" id=\"audio-194020-5\" preload=\"none\" style=\"width: 100%;\" controls=\"controls\"><source type=\"audio\/mpeg\" src=\"https:\/\/www.radiopiu.net\/wordpress\/wp-content\/uploads\/2021\/02\/ca-sol-lux-febbraio.mp3?_=5\" \/><a href=\"https:\/\/www.radiopiu.net\/wordpress\/wp-content\/uploads\/2021\/02\/ca-sol-lux-febbraio.mp3\">https:\/\/www.radiopiu.net\/wordpress\/wp-content\/uploads\/2021\/02\/ca-sol-lux-febbraio.mp3<\/a><\/audio>\n<blockquote>\n<h2>RACCOLTA COMPLETA<\/h2>\n<\/blockquote>\n<blockquote class=\"wp-embedded-content\" data-secret=\"vPvwRRU3Mw\"><p><a href=\"https:\/\/www.radiopiu.net\/wordpress\/cassa-solidarieta-luxottica-puntata-del-16-ottobre-2020\/\">CASSA SOLIDARIET\u00c0 LUXOTTICA &#8211; PUNTATA DEL 20 NOVEMBRE 2020<\/a><\/p><\/blockquote>\n<p><iframe loading=\"lazy\" class=\"wp-embedded-content\" sandbox=\"allow-scripts\" security=\"restricted\" style=\"position: absolute; clip: rect(1px, 1px, 1px, 1px);\" title=\"&#8220;CASSA SOLIDARIET\u00c0 LUXOTTICA &#8211; PUNTATA DEL 20 NOVEMBRE 2020&#8221; &#8212; Radio Pi\u00f9\" src=\"https:\/\/www.radiopiu.net\/wordpress\/cassa-solidarieta-luxottica-puntata-del-16-ottobre-2020\/embed\/#?secret=vPvwRRU3Mw\" data-secret=\"vPvwRRU3Mw\" width=\"600\" height=\"338\" frameborder=\"0\" marginwidth=\"0\" marginheight=\"0\" scrolling=\"no\"><\/iframe><\/p>\n<div>\n<p>&nbsp;<\/p>\n<p>&nbsp;<\/p>\n<hr \/>\n<p>&nbsp;<\/p>\n<blockquote>\n<h3><a href=\"https:\/\/www.radiopiu.net\/wordpress\/giornale-radiopiu-06-febbraio-2019-direttore-mirko-mezzacasa\/logo_spi-cgil-800x445\/\" rel=\"attachment wp-att-75538\"><img loading=\"lazy\" decoding=\"async\" class=\"wp-image-75538 alignleft\" src=\"https:\/\/www.radiopiu.net\/wordpress\/wp-content\/uploads\/2019\/02\/Logo_Spi-CGIL-800x445-300x167.jpg\" alt=\"\" width=\"210\" height=\"117\" srcset=\"https:\/\/www.radiopiu.net\/wordpress\/wp-content\/uploads\/2019\/02\/Logo_Spi-CGIL-800x445-300x167.jpg 300w, https:\/\/www.radiopiu.net\/wordpress\/wp-content\/uploads\/2019\/02\/Logo_Spi-CGIL-800x445-768x427.jpg 768w, https:\/\/www.radiopiu.net\/wordpress\/wp-content\/uploads\/2019\/02\/Logo_Spi-CGIL-800x445.jpg 800w\" sizes=\"auto, (max-width: 210px) 100vw, 210px\" \/><\/a>ALLA RADIO, APPUNTAMENTO QUINDICINALE CON SPI-CGIL BELLUNO, IN STUDIO MARIA RITA GENTILIN<\/h3>\n<\/blockquote>\n<p><strong>di Claudio Fontanive<\/strong><\/p>\n<audio class=\"wp-audio-shortcode\" id=\"audio-194020-6\" preload=\"none\" style=\"width: 100%;\" controls=\"controls\"><source type=\"audio\/mpeg\" src=\"https:\/\/www.radiopiu.net\/wordpress\/wp-content\/uploads\/2021\/02\/spi-cgil-18-febbraio.mp3?_=6\" \/><a href=\"https:\/\/www.radiopiu.net\/wordpress\/wp-content\/uploads\/2021\/02\/spi-cgil-18-febbraio.mp3\">https:\/\/www.radiopiu.net\/wordpress\/wp-content\/uploads\/2021\/02\/spi-cgil-18-febbraio.mp3<\/a><\/audio>\n<p>&nbsp;<\/p>\n<p>&nbsp;<\/p>\n<hr \/>\n<p>&nbsp;<\/p>\n<p><span style=\"color: #ff0000;\"><a href=\"https:\/\/www.radiopiu.net\/wordpress\/giornale-radiopiu-25-febbraio-2021-direttore-mirko-mezzacasa\/84168586_3724582740900333_7440029064968011776_n\/\" rel=\"attachment wp-att-193399\"><img loading=\"lazy\" decoding=\"async\" class=\"wp-image-193399 alignleft\" src=\"https:\/\/www.radiopiu.net\/wordpress\/wp-content\/uploads\/2021\/02\/84168586_3724582740900333_7440029064968011776_n.jpg\" alt=\"\" width=\"143\" height=\"141\" \/><\/a>\u00a0<\/span><\/p>\n<p><strong>CISL LA VOCE DEI LAVORATORI<\/strong><\/p>\n<p><em>con Paolo Chissal\u00e8 e la Segretaria Femca Cisl Milena Cesca\u00a0<\/em><\/p>\n<audio class=\"wp-audio-shortcode\" id=\"audio-194020-7\" preload=\"none\" style=\"width: 100%;\" controls=\"controls\"><source type=\"audio\/mpeg\" src=\"https:\/\/www.radiopiu.net\/wordpress\/wp-content\/uploads\/2021\/02\/CISL-1.mp3?_=7\" \/><a href=\"https:\/\/www.radiopiu.net\/wordpress\/wp-content\/uploads\/2021\/02\/CISL-1.mp3\">https:\/\/www.radiopiu.net\/wordpress\/wp-content\/uploads\/2021\/02\/CISL-1.mp3<\/a><\/audio>\n<p>&nbsp;<\/p>\n<p>&nbsp;<\/p>\n<hr \/>\n<p>&nbsp;<\/p>\n<blockquote>\n<h2><a href=\"https:\/\/www.radiopiu.net\/wordpress\/speciale-solidarieta-veneto\/solidarieta-veneto-3\/\" rel=\"attachment wp-att-134366\"><img loading=\"lazy\" decoding=\"async\" class=\"wp-image-134366 alignleft\" src=\"https:\/\/www.radiopiu.net\/wordpress\/wp-content\/uploads\/2020\/05\/solidariet\u00e0-veneto-300x210.jpg\" alt=\"\" width=\"102\" height=\"71\" srcset=\"https:\/\/www.radiopiu.net\/wordpress\/wp-content\/uploads\/2020\/05\/solidariet\u00e0-veneto-300x210.jpg 300w, https:\/\/www.radiopiu.net\/wordpress\/wp-content\/uploads\/2020\/05\/solidariet\u00e0-veneto-1024x717.jpg 1024w, https:\/\/www.radiopiu.net\/wordpress\/wp-content\/uploads\/2020\/05\/solidariet\u00e0-veneto-768x538.jpg 768w, https:\/\/www.radiopiu.net\/wordpress\/wp-content\/uploads\/2020\/05\/solidariet\u00e0-veneto.jpg 1373w\" sizes=\"auto, (max-width: 102px) 100vw, 102px\" \/><\/a>SOLIDARIETA&#8217; VENETO FONDO PENSIONE, IN ONDA IL PRIMO VENERDI DEL MESE ALLE 10.30 E ALLE 19.00 QUINTA STAGIONE<\/h2>\n<\/blockquote>\n<p><strong>AUDIO FEBBRAIO 2021<\/strong><\/p>\n<audio class=\"wp-audio-shortcode\" id=\"audio-194020-8\" preload=\"none\" style=\"width: 100%;\" controls=\"controls\"><source type=\"audio\/mpeg\" src=\"https:\/\/www.radiopiu.net\/wordpress\/wp-content\/uploads\/2021\/02\/solidarieta-veneto-febbraio.mp3?_=8\" \/><a href=\"https:\/\/www.radiopiu.net\/wordpress\/wp-content\/uploads\/2021\/02\/solidarieta-veneto-febbraio.mp3\">https:\/\/www.radiopiu.net\/wordpress\/wp-content\/uploads\/2021\/02\/solidarieta-veneto-febbraio.mp3<\/a><\/audio>\n<blockquote>\n<h2>RACCOLTA COMPLETA<\/h2>\n<\/blockquote>\n<blockquote class=\"wp-embedded-content\" data-secret=\"2CH1FtPvo6\"><p><a href=\"https:\/\/www.radiopiu.net\/wordpress\/solidarieta-veneto\/\">Solidariet\u00e0 Veneto<\/a><\/p><\/blockquote>\n<p><iframe loading=\"lazy\" class=\"wp-embedded-content\" sandbox=\"allow-scripts\" security=\"restricted\" style=\"position: absolute; clip: rect(1px, 1px, 1px, 1px);\" title=\"&#8220;Solidariet\u00e0 Veneto&#8221; &#8212; Radio Pi\u00f9\" src=\"https:\/\/www.radiopiu.net\/wordpress\/solidarieta-veneto\/embed\/#?secret=2CH1FtPvo6\" data-secret=\"2CH1FtPvo6\" width=\"600\" height=\"338\" frameborder=\"0\" marginwidth=\"0\" marginheight=\"0\" scrolling=\"no\"><\/iframe><\/p>\n<p>&nbsp;<\/p>\n<p>&nbsp;<\/p>\n<\/div>\n<p>&nbsp;<\/p>\n<hr \/>\n<div>\n<h2><span style=\"color: #000080;\"><a class=\"dt-pswp-item\" href=\"https:\/\/www.radiopiu.net\/wordpress\/wp-content\/uploads\/2020\/10\/pp.jpg\" data-dt-img-description=\"\" data-large_image_width=\"640\" data-large_image_height=\"640\"><img loading=\"lazy\" decoding=\"async\" class=\"wp-image-163678 alignleft\" src=\"https:\/\/www.radiopiu.net\/wordpress\/wp-content\/uploads\/2020\/10\/pp-300x300.jpg\" alt=\"\" width=\"106\" height=\"106\" srcset=\"https:\/\/www.radiopiu.net\/wordpress\/wp-content\/uploads\/2020\/10\/pp-300x300.jpg 300w, https:\/\/www.radiopiu.net\/wordpress\/wp-content\/uploads\/2020\/10\/pp-150x150.jpg 150w, https:\/\/www.radiopiu.net\/wordpress\/wp-content\/uploads\/2020\/10\/pp-125x125.jpg 125w, https:\/\/www.radiopiu.net\/wordpress\/wp-content\/uploads\/2020\/10\/pp-200x200.jpg 200w, https:\/\/www.radiopiu.net\/wordpress\/wp-content\/uploads\/2020\/10\/pp-80x80.jpg 80w, https:\/\/www.radiopiu.net\/wordpress\/wp-content\/uploads\/2020\/10\/pp-480x480.jpg 480w, https:\/\/www.radiopiu.net\/wordpress\/wp-content\/uploads\/2020\/10\/pp.jpg 640w\" sizes=\"auto, (max-width: 106px) 100vw, 106px\" \/><\/a><\/span><\/h2>\n<h2><span style=\"color: #000080;\">DON CESARE, IL PENSIERO DEL GIORNO. ALLA RADIO ALLE 7 DEL MATTINO E ALLE 19.30 DELLA SERA.\u00a0\u00a0<\/span><\/h2>\n<p>&nbsp;<\/p>\n<\/div>\n<audio class=\"wp-audio-shortcode\" id=\"audio-194020-9\" preload=\"none\" style=\"width: 100%;\" controls=\"controls\"><source type=\"audio\/mpeg\" src=\"https:\/\/www.radiopiu.net\/wordpress\/wp-content\/uploads\/2021\/02\/cesare-13.mp3?_=9\" \/><a href=\"https:\/\/www.radiopiu.net\/wordpress\/wp-content\/uploads\/2021\/02\/cesare-13.mp3\">https:\/\/www.radiopiu.net\/wordpress\/wp-content\/uploads\/2021\/02\/cesare-13.mp3<\/a><\/audio>\n<p>&nbsp;<\/p>\n<hr \/>\n<p>&nbsp;<\/p>\n<h2><span style=\"color: #008080;\"><a href=\"https:\/\/www.radiopiu.net\/wordpress\/laugurio-di-monsignor-giorgio-lise-agli-agordini\/don-giorgio-lise\/\" rel=\"attachment wp-att-177420\"><img loading=\"lazy\" decoding=\"async\" class=\"size-medium wp-image-177420 alignleft\" src=\"https:\/\/www.radiopiu.net\/wordpress\/wp-content\/uploads\/2020\/12\/DON-GIORGIO-LISE-300x169.jpg\" alt=\"\" width=\"300\" height=\"169\" srcset=\"https:\/\/www.radiopiu.net\/wordpress\/wp-content\/uploads\/2020\/12\/DON-GIORGIO-LISE-300x169.jpg 300w, https:\/\/www.radiopiu.net\/wordpress\/wp-content\/uploads\/2020\/12\/DON-GIORGIO-LISE-1024x577.jpg 1024w, https:\/\/www.radiopiu.net\/wordpress\/wp-content\/uploads\/2020\/12\/DON-GIORGIO-LISE-768x432.jpg 768w, https:\/\/www.radiopiu.net\/wordpress\/wp-content\/uploads\/2020\/12\/DON-GIORGIO-LISE-1536x865.jpg 1536w, https:\/\/www.radiopiu.net\/wordpress\/wp-content\/uploads\/2020\/12\/DON-GIORGIO-LISE.jpg 1600w\" sizes=\"auto, (max-width: 300px) 100vw, 300px\" \/><\/a>DUE MINUTI PER TE CON DON GIORGIO LISE<\/span><\/h2>\n<audio class=\"wp-audio-shortcode\" id=\"audio-194020-10\" preload=\"none\" style=\"width: 100%;\" controls=\"controls\"><source type=\"audio\/mpeg\" src=\"https:\/\/www.radiopiu.net\/wordpress\/wp-content\/uploads\/2021\/02\/DON-GIORGIO-5.mp3?_=10\" \/><a href=\"https:\/\/www.radiopiu.net\/wordpress\/wp-content\/uploads\/2021\/02\/DON-GIORGIO-5.mp3\">https:\/\/www.radiopiu.net\/wordpress\/wp-content\/uploads\/2021\/02\/DON-GIORGIO-5.mp3<\/a><\/audio>\n<p>&nbsp;<\/p>\n<hr \/>\n<p>&nbsp;<\/p>\n<blockquote>\n<h2>FANTASTICHE DOLOMITI, NUOVA STAGIONE. APPUNTAMENTO QUINDICINALE IL GIOVEDI ALLE 10.30 E 19.00<\/h2>\n<\/blockquote>\n<p><span style=\"color: #000000;\"><strong><img loading=\"lazy\" decoding=\"async\" class=\"alignleft\" src=\"https:\/\/www.radiopiu.net\/wordpress\/wp-content\/uploads\/2017\/10\/logo-fantastiche-dolomiti-300x113.jpg\" width=\"181\" height=\"68\" \/>LA NUOVA PUNTATA i corsi di formazione della Fondazione 11 FEBBRAIO 2021<\/strong><\/span><\/p>\n<h2><span style=\"color: #ff0000;\">PUNTATA 10 ,<\/span><\/h2>\n<p><strong>OSPITE IL PRESIDENTE CLAUDIO CANOVA<\/strong><\/p>\n<audio class=\"wp-audio-shortcode\" id=\"audio-194020-11\" preload=\"none\" style=\"width: 100%;\" controls=\"controls\"><source type=\"audio\/mpeg\" src=\"https:\/\/www.radiopiu.net\/wordpress\/wp-content\/uploads\/2021\/02\/fantastiche-dolomiti-25-febbraio.mp3?_=11\" \/><a href=\"https:\/\/www.radiopiu.net\/wordpress\/wp-content\/uploads\/2021\/02\/fantastiche-dolomiti-25-febbraio.mp3\">https:\/\/www.radiopiu.net\/wordpress\/wp-content\/uploads\/2021\/02\/fantastiche-dolomiti-25-febbraio.mp3<\/a><\/audio>\n<h3>LA RACCOLTA COMPLETA<\/h3>\n<blockquote class=\"wp-embedded-content\" data-secret=\"SA5Gt1OSze\"><p><a href=\"https:\/\/www.radiopiu.net\/wordpress\/raccolta-completa\/\">FANTASTICHE DOLOMITI 10^ PUNTATA: IL QUINDICINALE APPUNTAMENTO ALLA RADIO<\/a><\/p><\/blockquote>\n<p><iframe loading=\"lazy\" class=\"wp-embedded-content\" sandbox=\"allow-scripts\" security=\"restricted\" style=\"position: absolute; clip: rect(1px, 1px, 1px, 1px);\" title=\"&#8220;FANTASTICHE DOLOMITI 10^ PUNTATA: IL QUINDICINALE APPUNTAMENTO ALLA RADIO&#8221; &#8212; Radio Pi\u00f9\" src=\"https:\/\/www.radiopiu.net\/wordpress\/raccolta-completa\/embed\/#?secret=SA5Gt1OSze\" data-secret=\"SA5Gt1OSze\" width=\"600\" height=\"338\" frameborder=\"0\" marginwidth=\"0\" marginheight=\"0\" scrolling=\"no\"><\/iframe><\/p>\n<p>&nbsp;<\/p>\n<p>&nbsp;<\/p>\n<hr \/>\n<p>&nbsp;<\/p>\n<blockquote>\n<h3>PER LA PRIMA VOLTA: COPPA DEL MONDO DI SCI SULLA &#8220;VOLATA&#8221;<\/h3>\n<h3><\/h3>\n<p><strong>PUNTATA 9<\/strong><\/p>\n<h3><a href=\"https:\/\/www.radiopiu.net\/wordpress\/lara-gut-behrami\/michele-costa-renzo-minella\/\" rel=\"attachment wp-att-194108\"><img loading=\"lazy\" decoding=\"async\" class=\" wp-image-194108 alignright\" src=\"https:\/\/www.radiopiu.net\/wordpress\/wp-content\/uploads\/2021\/02\/MICHELE-COSTA-RENZO-MINELLA-300x300.jpg\" alt=\"\" width=\"139\" height=\"139\" srcset=\"https:\/\/www.radiopiu.net\/wordpress\/wp-content\/uploads\/2021\/02\/MICHELE-COSTA-RENZO-MINELLA-300x300.jpg 300w, https:\/\/www.radiopiu.net\/wordpress\/wp-content\/uploads\/2021\/02\/MICHELE-COSTA-RENZO-MINELLA-1024x1024.jpg 1024w, https:\/\/www.radiopiu.net\/wordpress\/wp-content\/uploads\/2021\/02\/MICHELE-COSTA-RENZO-MINELLA-150x150.jpg 150w, https:\/\/www.radiopiu.net\/wordpress\/wp-content\/uploads\/2021\/02\/MICHELE-COSTA-RENZO-MINELLA-768x768.jpg 768w, https:\/\/www.radiopiu.net\/wordpress\/wp-content\/uploads\/2021\/02\/MICHELE-COSTA-RENZO-MINELLA-1536x1536.jpg 1536w, https:\/\/www.radiopiu.net\/wordpress\/wp-content\/uploads\/2021\/02\/MICHELE-COSTA-RENZO-MINELLA.jpg 1600w\" sizes=\"auto, (max-width: 139px) 100vw, 139px\" \/><\/a>IL SINDACO DI FALCADE MICHELE COSTA E IL RESPONSABILE MARKETING SKI AREA SAN PELLEGRINO RENZO MINELLA AI MICROFONI DI RADIO PIU&#8217;<\/h3>\n<audio class=\"wp-audio-shortcode\" id=\"audio-194020-12\" preload=\"none\" style=\"width: 100%;\" controls=\"controls\"><source type=\"audio\/mpeg\" src=\"https:\/\/www.radiopiu.net\/wordpress\/wp-content\/uploads\/2021\/02\/michele-costa-rezzo-minella-27-febbraio.mp3?_=12\" \/><a href=\"https:\/\/www.radiopiu.net\/wordpress\/wp-content\/uploads\/2021\/02\/michele-costa-rezzo-minella-27-febbraio.mp3\">https:\/\/www.radiopiu.net\/wordpress\/wp-content\/uploads\/2021\/02\/michele-costa-rezzo-minella-27-febbraio.mp3<\/a><\/audio>\n<p>&nbsp;<\/p><\/blockquote>\n<blockquote>\n<h3 style=\"text-align: center;\">LA RACCOLTA COMPLETA<\/h3>\n<\/blockquote>\n<blockquote class=\"wp-embedded-content\" data-secret=\"D8cI05Vi2x\"><p><a href=\"https:\/\/www.radiopiu.net\/wordpress\/lara-gut-behrami-fa-doppietta-su-la-volata\/\">LARA GUT-BEHRAMI FA DOPPIETTA SU &#8220;LA VOLATA&#8221;<\/a><\/p><\/blockquote>\n<p><iframe loading=\"lazy\" class=\"wp-embedded-content\" sandbox=\"allow-scripts\" security=\"restricted\" style=\"position: absolute; clip: rect(1px, 1px, 1px, 1px);\" title=\"&#8220;LARA GUT-BEHRAMI FA DOPPIETTA SU &#8220;LA VOLATA&#8221;&#8221; &#8212; Radio Pi\u00f9\" src=\"https:\/\/www.radiopiu.net\/wordpress\/lara-gut-behrami-fa-doppietta-su-la-volata\/embed\/#?secret=D8cI05Vi2x\" data-secret=\"D8cI05Vi2x\" width=\"600\" height=\"338\" frameborder=\"0\" marginwidth=\"0\" marginheight=\"0\" scrolling=\"no\"><\/iframe><\/p>\n<blockquote><p>&nbsp;<\/p>\n<p>&nbsp;<\/p><\/blockquote>\n<hr \/>\n<blockquote>\n<h2><span style=\"color: #ff0000;\">\u00a0<\/span><\/h2>\n<h2><span style=\"color: #ff0000;\">ALLA RADIO<\/span><\/h2>\n<h2><a href=\"https:\/\/www.radiopiu.net\/wordpress\/erbe-e-piante-curative-quarta-puntata\/eucalipto\/\" rel=\"attachment wp-att-193216\"><img loading=\"lazy\" decoding=\"async\" class=\" wp-image-193216 alignleft\" src=\"https:\/\/www.radiopiu.net\/wordpress\/wp-content\/uploads\/2021\/02\/EUCALIPTO-300x300.jpg\" alt=\"\" width=\"60\" height=\"60\" srcset=\"https:\/\/www.radiopiu.net\/wordpress\/wp-content\/uploads\/2021\/02\/EUCALIPTO-300x300.jpg 300w, https:\/\/www.radiopiu.net\/wordpress\/wp-content\/uploads\/2021\/02\/EUCALIPTO-1024x1024.jpg 1024w, https:\/\/www.radiopiu.net\/wordpress\/wp-content\/uploads\/2021\/02\/EUCALIPTO-150x150.jpg 150w, https:\/\/www.radiopiu.net\/wordpress\/wp-content\/uploads\/2021\/02\/EUCALIPTO-768x768.jpg 768w, https:\/\/www.radiopiu.net\/wordpress\/wp-content\/uploads\/2021\/02\/EUCALIPTO-1536x1536.jpg 1536w, https:\/\/www.radiopiu.net\/wordpress\/wp-content\/uploads\/2021\/02\/EUCALIPTO.jpg 1920w\" sizes=\"auto, (max-width: 60px) 100vw, 60px\" \/><\/a><\/h2>\n<h2><span style=\"color: #008000;\">ERBE E PIANTE CURATIVE&#8230;IL NUOVO PROGRAMMA DI PAOLA LANCIATO<\/span><\/h2>\n<p>&nbsp;<\/p>\n<p><strong>QUARTA PUNTATA &#8211; L&#8217;EUCALIPTO \u00a0<\/strong><\/p><\/blockquote>\n<blockquote><audio class=\"wp-audio-shortcode\" id=\"audio-194020-13\" preload=\"none\" style=\"width: 100%;\" controls=\"controls\"><source type=\"audio\/mpeg\" src=\"https:\/\/www.radiopiu.net\/wordpress\/wp-content\/uploads\/2021\/02\/4-Leucalipto-M.mp3?_=13\" \/><a href=\"https:\/\/www.radiopiu.net\/wordpress\/wp-content\/uploads\/2021\/02\/4-Leucalipto-M.mp3\">https:\/\/www.radiopiu.net\/wordpress\/wp-content\/uploads\/2021\/02\/4-Leucalipto-M.mp3<\/a><\/audio>\n<p><strong>LA RACCOLTA COMPLETA<\/strong><\/p>\n<blockquote class=\"wp-embedded-content\" data-secret=\"T47A7KNodJ\"><p><a href=\"https:\/\/www.radiopiu.net\/wordpress\/erbe-e-piante-curative\/\">ERBE E PIANTE CURATIVE<\/a><\/p><\/blockquote>\n<p><iframe loading=\"lazy\" class=\"wp-embedded-content\" sandbox=\"allow-scripts\" security=\"restricted\" style=\"position: absolute; clip: rect(1px, 1px, 1px, 1px);\" title=\"&#8220;ERBE E PIANTE CURATIVE&#8221; &#8212; Radio Pi\u00f9\" src=\"https:\/\/www.radiopiu.net\/wordpress\/erbe-e-piante-curative\/embed\/#?secret=T47A7KNodJ\" data-secret=\"T47A7KNodJ\" width=\"600\" height=\"338\" frameborder=\"0\" marginwidth=\"0\" marginheight=\"0\" scrolling=\"no\"><\/iframe><\/p>\n<p>&nbsp;<\/p><\/blockquote>\n<blockquote><p>&nbsp;<\/p><\/blockquote>\n<p>&nbsp;<\/p>\n<hr \/>\n<blockquote><p>&nbsp;<\/p>\n<blockquote>\n<div>\n<h2><span style=\"color: #ff0000;\">ALLA RADIO<\/span><\/h2>\n<h2><strong>LE\u00a0 PUNTATE di Luisa Alchini di Leggermente Bellunesi, la domenica alle 11, <span style=\"color: #0000ff;\">IL MARTEDI IN PRIMA EDIZIONE\u00a0<\/span> alle 10.30 e alle 19.00<\/strong><\/h2>\n<p><strong><a href=\"https:\/\/www.radiopiu.net\/wordpress\/legger-mente-bellunesi-puntata-del-23-febbraio-2021\/152570613_1593331434188251_7871817895016381530_o\/\" rel=\"attachment wp-att-193220\"><img loading=\"lazy\" decoding=\"async\" class=\" wp-image-193220 alignleft\" src=\"https:\/\/www.radiopiu.net\/wordpress\/wp-content\/uploads\/2021\/02\/152570613_1593331434188251_7871817895016381530_o-192x300.jpg\" alt=\"\" width=\"55\" height=\"86\" srcset=\"https:\/\/www.radiopiu.net\/wordpress\/wp-content\/uploads\/2021\/02\/152570613_1593331434188251_7871817895016381530_o-192x300.jpg 192w, https:\/\/www.radiopiu.net\/wordpress\/wp-content\/uploads\/2021\/02\/152570613_1593331434188251_7871817895016381530_o-655x1024.jpg 655w, https:\/\/www.radiopiu.net\/wordpress\/wp-content\/uploads\/2021\/02\/152570613_1593331434188251_7871817895016381530_o.jpg 748w\" sizes=\"auto, (max-width: 55px) 100vw, 55px\" \/><\/a><\/strong><\/p>\n<p>&nbsp;<\/p>\n<p>&nbsp;<\/p>\n<p>L&#8217;autore della settimana \u00e8 Gino Miana e i suoi &#8220;colorati&#8221; racconti<\/p>\n<audio class=\"wp-audio-shortcode\" id=\"audio-194020-14\" preload=\"none\" style=\"width: 100%;\" controls=\"controls\"><source type=\"audio\/mpeg\" src=\"https:\/\/www.radiopiu.net\/wordpress\/wp-content\/uploads\/2021\/02\/19leggermenteginomiana2021.mp3?_=14\" \/><a href=\"https:\/\/www.radiopiu.net\/wordpress\/wp-content\/uploads\/2021\/02\/19leggermenteginomiana2021.mp3\">https:\/\/www.radiopiu.net\/wordpress\/wp-content\/uploads\/2021\/02\/19leggermenteginomiana2021.mp3<\/a><\/audio>\n<h2><strong style=\"font-size: 14px;\"><span style=\"color: #000000;\">RACCOLTA COMPLETA<\/span><\/strong><\/h2>\n<\/div>\n<blockquote class=\"wp-embedded-content\" data-secret=\"E6CEF7asEI\"><p><a href=\"https:\/\/www.radiopiu.net\/wordpress\/leggermente-20\/\">LEGGERmente&#8230;Bellunesi<\/a><\/p><\/blockquote>\n<p><iframe loading=\"lazy\" class=\"wp-embedded-content\" sandbox=\"allow-scripts\" security=\"restricted\" style=\"position: absolute; clip: rect(1px, 1px, 1px, 1px);\" title=\"&#8220;LEGGERmente&#8230;Bellunesi&#8221; &#8212; Radio Pi\u00f9\" src=\"https:\/\/www.radiopiu.net\/wordpress\/leggermente-20\/embed\/#?secret=E6CEF7asEI\" data-secret=\"E6CEF7asEI\" width=\"600\" height=\"338\" frameborder=\"0\" marginwidth=\"0\" marginheight=\"0\" scrolling=\"no\"><\/iframe><\/p>\n<p>&nbsp;<\/p>\n<hr \/>\n<\/blockquote>\n<h2><\/h2>\n<h3 class=\"kvgmc6g5 cxmmr5t8 oygrvhab hcukyx3x c1et5uql\"><span style=\"color: #0000ff;\">INFORMAZIONE il canale su TELEGRAM informazione di prima mano e in tempo reale. iscriviti ed aiutaci a farlo conoscere\u00a0<\/span><\/h3>\n<h2>007 IN CONDOTTA CON LA PROF. MARIA ROSA SALMAZO IL LUNEDI ALLE 10,30 E ALLE 19.00 LA DOMENICA ALLE 8 DEL <img loading=\"lazy\" decoding=\"async\" class=\"alignleft\" src=\"https:\/\/www.radiopiu.net\/wordpress\/wp-content\/uploads\/2021\/02\/sci.jpg\" width=\"162\" height=\"108\" \/>MATTINO. NONA STAGIONE<\/h2>\n<p><strong>LA PUNTATA DELLA SETTIMANA Scuola e sport<\/strong><\/p>\n<audio class=\"wp-audio-shortcode\" id=\"audio-194020-15\" preload=\"none\" style=\"width: 100%;\" controls=\"controls\"><source type=\"audio\/mpeg\" src=\"https:\/\/www.radiopiu.net\/wordpress\/wp-content\/uploads\/2021\/02\/007-22-febbraio.mp3?_=15\" \/><a href=\"https:\/\/www.radiopiu.net\/wordpress\/wp-content\/uploads\/2021\/02\/007-22-febbraio.mp3\">https:\/\/www.radiopiu.net\/wordpress\/wp-content\/uploads\/2021\/02\/007-22-febbraio.mp3<\/a><\/audio>\n<h2>LA RACCOLTA COMPLETA<\/h2>\n<blockquote class=\"wp-embedded-content\" data-secret=\"aBzjGGd2tq\"><p><a href=\"https:\/\/www.radiopiu.net\/wordpress\/007incondotta-9\/\">007 in condotta<\/a><\/p><\/blockquote>\n<p><iframe loading=\"lazy\" class=\"wp-embedded-content\" sandbox=\"allow-scripts\" security=\"restricted\" style=\"position: absolute; clip: rect(1px, 1px, 1px, 1px);\" title=\"&#8220;007 in condotta&#8221; &#8212; Radio Pi\u00f9\" src=\"https:\/\/www.radiopiu.net\/wordpress\/007incondotta-9\/embed\/#?secret=aBzjGGd2tq\" data-secret=\"aBzjGGd2tq\" width=\"600\" height=\"338\" frameborder=\"0\" marginwidth=\"0\" marginheight=\"0\" scrolling=\"no\"><\/iframe><\/p>\n<p>&nbsp;<\/p>\n<p>&nbsp;<\/p>\n<p>&nbsp;<\/p><\/blockquote>\n<hr \/>\n<p>&nbsp;<\/p>\n<div>\n<h2><span style=\"color: #33cccc;\">I RACCONTI DI PAOLO SOPPELSA il lunedi alle 9.30 e 18.30<\/span><\/h2>\n<blockquote class=\"wp-embedded-content\" data-secret=\"0BT53Rx28f\"><p><a href=\"https:\/\/www.radiopiu.net\/wordpress\/i-racconti-di-paolo-soppelsa-sessantatreesima-puntata\/\">I RACCONTI DI PAOLO SOPPELSA SESSANTATREESIMA PUNTATA<\/a><\/p><\/blockquote>\n<p><iframe loading=\"lazy\" class=\"wp-embedded-content\" sandbox=\"allow-scripts\" security=\"restricted\" style=\"position: absolute; clip: rect(1px, 1px, 1px, 1px);\" title=\"&#8220;I RACCONTI DI PAOLO SOPPELSA SESSANTATREESIMA PUNTATA&#8221; &#8212; Radio Pi\u00f9\" src=\"https:\/\/www.radiopiu.net\/wordpress\/i-racconti-di-paolo-soppelsa-sessantatreesima-puntata\/embed\/#?secret=0BT53Rx28f\" data-secret=\"0BT53Rx28f\" width=\"600\" height=\"338\" frameborder=\"0\" marginwidth=\"0\" marginheight=\"0\" scrolling=\"no\"><\/iframe><\/p>\n<h3 class=\"kvgmc6g5 cxmmr5t8 oygrvhab hcukyx3x c1et5uql\"><span style=\"color: #0000ff;\">INFORMAZIONE il canale su TELEGRAM informazione di prima mano e in tempo reale. iscriviti ed aiutaci a farlo conoscere\u00a0<\/span><\/h3>\n<h2><span style=\"color: #33cccc;\"><strong>RACCOLTA COMPLETA<\/strong><\/span><\/h2>\n<blockquote class=\"wp-embedded-content\" data-secret=\"BMaRErQ1KG\"><p><a href=\"https:\/\/www.radiopiu.net\/wordpress\/i-racconti-di-paolo-soppelsa\/\">I racconti di Paolo Soppelsa<\/a><\/p><\/blockquote>\n<p><iframe loading=\"lazy\" class=\"wp-embedded-content\" sandbox=\"allow-scripts\" security=\"restricted\" style=\"position: absolute; clip: rect(1px, 1px, 1px, 1px);\" title=\"&#8220;I racconti di Paolo Soppelsa&#8221; &#8212; Radio Pi\u00f9\" src=\"https:\/\/www.radiopiu.net\/wordpress\/i-racconti-di-paolo-soppelsa\/embed\/#?secret=BMaRErQ1KG\" data-secret=\"BMaRErQ1KG\" width=\"600\" height=\"338\" frameborder=\"0\" marginwidth=\"0\" marginheight=\"0\" scrolling=\"no\"><\/iframe><\/p>\n<\/div>\n<p>&nbsp;<\/p>\n<hr \/>\n<p>&nbsp;<\/p>\n<h2><\/h2>\n<h2><span style=\"color: #ff0000;\"><a href=\"https:\/\/www.radiopiu.net\/wordpress\/giornale-radiopiu-05-gennaio-2021-direttore-mirko-mezzacasa\/133200401_100838761953611_1258544160541445132_o-2\/\" rel=\"attachment wp-att-183078\"><img loading=\"lazy\" decoding=\"async\" class=\" wp-image-183078 alignleft\" src=\"https:\/\/www.radiopiu.net\/wordpress\/wp-content\/uploads\/2021\/01\/133200401_100838761953611_1258544160541445132_o-1-300x157.jpg\" alt=\"\" width=\"192\" height=\"101\" srcset=\"https:\/\/www.radiopiu.net\/wordpress\/wp-content\/uploads\/2021\/01\/133200401_100838761953611_1258544160541445132_o-1-300x157.jpg 300w, https:\/\/www.radiopiu.net\/wordpress\/wp-content\/uploads\/2021\/01\/133200401_100838761953611_1258544160541445132_o-1.jpg 526w\" sizes=\"auto, (max-width: 192px) 100vw, 192px\" \/><\/a>GOCCE DI FILOSOFIA, CON CHIARA CAU, CON LISA DE LUCA. <\/span><\/h2>\n<h2><span style=\"color: #ff0000;\">TUTTI I GIORNI DAL LUNEDI AL VENERDI ALLE 6.55 E ALLE 18.55<\/span><\/h2>\n<h3>LA RACCOLTA COMPLETA<\/h3>\n<blockquote class=\"wp-embedded-content\" data-secret=\"JO2vvWrmBm\"><p><a href=\"https:\/\/www.radiopiu.net\/wordpress\/gocce-filosofia\/\">Gocce di filosofia<\/a><\/p><\/blockquote>\n<p><iframe loading=\"lazy\" class=\"wp-embedded-content\" sandbox=\"allow-scripts\" security=\"restricted\" style=\"position: absolute; clip: rect(1px, 1px, 1px, 1px);\" title=\"&#8220;Gocce di filosofia&#8221; &#8212; Radio Pi\u00f9\" src=\"https:\/\/www.radiopiu.net\/wordpress\/gocce-filosofia\/embed\/#?secret=JO2vvWrmBm\" data-secret=\"JO2vvWrmBm\" width=\"600\" height=\"338\" frameborder=\"0\" marginwidth=\"0\" marginheight=\"0\" scrolling=\"no\"><\/iframe><\/p>\n<p>&nbsp;<\/p>\n<hr \/>\n<p>&nbsp;<\/p>\n<div class=\"im_message_wrap clearfix\">\n<div class=\"im_content_message_wrap im_message_out\">\n<h2><span style=\"color: #ff0000;\">IERI ALLA RADIO\u00a0 IN VIVO VERSO 2020-21<\/span><\/h2>\n<p><strong><span style=\"color: #0000ff;\">IN ONDA DAL LUNEDI AL VENERDI ALLE 7.10, 10.10, 18.50\u00a0 \u00a0<\/span><\/strong><\/p>\n<p><strong>LA RACCOLTA<\/strong><\/p>\n<blockquote class=\"wp-embedded-content\" data-secret=\"5KaaDgeCZ6\"><p><a href=\"https:\/\/www.radiopiu.net\/wordpress\/in-vivo-verso\/\">In Vivo Verso<\/a><\/p><\/blockquote>\n<p><iframe loading=\"lazy\" class=\"wp-embedded-content\" sandbox=\"allow-scripts\" security=\"restricted\" style=\"position: absolute; clip: rect(1px, 1px, 1px, 1px);\" title=\"&#8220;In Vivo Verso&#8221; &#8212; Radio Pi\u00f9\" src=\"https:\/\/www.radiopiu.net\/wordpress\/in-vivo-verso\/embed\/#?secret=5KaaDgeCZ6\" data-secret=\"5KaaDgeCZ6\" width=\"600\" height=\"338\" frameborder=\"0\" marginwidth=\"0\" marginheight=\"0\" scrolling=\"no\"><\/iframe><\/p>\n<hr \/>\n<p>&nbsp;<\/p>\n<\/div>\n<\/div>\n<p>&nbsp;<\/p>\n<h2><span style=\"color: #808000;\">DUE MINUTI UN LIBRO\u00a0 TUTTI I GIORNI ALLA RADIO ALLE 9.30 E ALLE 18. QUINTA STAGIONE\u00a0<\/span><\/h2>\n<blockquote class=\"wp-embedded-content\" data-secret=\"RiQmlM87pa\"><p><a href=\"https:\/\/www.radiopiu.net\/wordpress\/i-delitti-della-salina\/\">I DELITTI DELLA SALINA<\/a><\/p><\/blockquote>\n<p><iframe loading=\"lazy\" class=\"wp-embedded-content\" sandbox=\"allow-scripts\" security=\"restricted\" style=\"position: absolute; clip: rect(1px, 1px, 1px, 1px);\" title=\"&#8220;I DELITTI DELLA SALINA&#8221; &#8212; Radio Pi\u00f9\" src=\"https:\/\/www.radiopiu.net\/wordpress\/i-delitti-della-salina\/embed\/#?secret=RiQmlM87pa\" data-secret=\"RiQmlM87pa\" width=\"600\" height=\"338\" frameborder=\"0\" marginwidth=\"0\" marginheight=\"0\" scrolling=\"no\"><\/iframe><\/p>\n<h3><span style=\"color: #808000;\">\u00a0<\/span>LA RACCOLTA COMPLETA<\/h3>\n<blockquote class=\"wp-embedded-content\" data-secret=\"OIQ8kyQw4A\"><p><a href=\"https:\/\/www.radiopiu.net\/wordpress\/due-minuti-un-libro\/\">Due minuti un libro<\/a><\/p><\/blockquote>\n<p><iframe loading=\"lazy\" class=\"wp-embedded-content\" sandbox=\"allow-scripts\" security=\"restricted\" style=\"position: absolute; clip: rect(1px, 1px, 1px, 1px);\" title=\"&#8220;Due minuti un libro&#8221; &#8212; Radio Pi\u00f9\" src=\"https:\/\/www.radiopiu.net\/wordpress\/due-minuti-un-libro\/embed\/#?secret=OIQ8kyQw4A\" data-secret=\"OIQ8kyQw4A\" width=\"600\" height=\"338\" frameborder=\"0\" marginwidth=\"0\" marginheight=\"0\" scrolling=\"no\"><\/iframe><\/p>\n<p>&nbsp;<\/p>\n<p>&nbsp;<\/p>\n<hr \/>\n<blockquote>\n<h3>SALUTE E SOCIETA&#8217; IL LUNEDI ALLE 13.10 E ALLE 20.10, LA DOMENICA ALLE 10.30 A CURA DEL DOTTOR MARCO CARACCIOLO. QUINTA STAGIONE<\/h3>\n<\/blockquote>\n<p><strong><img loading=\"lazy\" decoding=\"async\" class=\"alignleft\" src=\"https:\/\/www.radiopiu.net\/wordpress\/wp-content\/uploads\/2021\/02\/dott.jpg\" width=\"208\" height=\"138\" \/>LA PUNTATA DELLA SETTIMANA: <\/strong>\u201cLa salute: un bene da difendere, un diritto da promuovere\u201d \u00e8 un progetto di tutela dei diritti dei pazienti oncologici e onco-ematologici che coinvolge ben 34 Associazioni in tutta Italia. Antonella Pitrelli ha parlato delle difficolt\u00e0 del Servizio Sanitario in questa fase storica caratterizzata dalla pandemia con:<br \/>\nAnnamaria Mancuso, Coordinatrice del gruppo \u201cLa salute: un bene da difendere, un diritto da promuovere\u201d e Presidente Salute Donna Onlus<br \/>\nFilippo de Braud, Direttore Dipartimento di Oncologia Medica, Istituto Nazionale dei Tumori di Milano Marco Vignetti, Presidente Fondazione GIMEMA e Vicepresidente AIL<\/p>\n<audio class=\"wp-audio-shortcode\" id=\"audio-194020-16\" preload=\"none\" style=\"width: 100%;\" controls=\"controls\"><source type=\"audio\/mpeg\" src=\"https:\/\/www.radiopiu.net\/wordpress\/wp-content\/uploads\/2021\/02\/SALUTE-3.mp3?_=16\" \/><a href=\"https:\/\/www.radiopiu.net\/wordpress\/wp-content\/uploads\/2021\/02\/SALUTE-3.mp3\">https:\/\/www.radiopiu.net\/wordpress\/wp-content\/uploads\/2021\/02\/SALUTE-3.mp3<\/a><\/audio>\n<p>&nbsp;<\/p>\n<p>&nbsp;<\/p>\n<p>&nbsp;<\/p>\n<hr \/>\n<p>&nbsp;<\/p>\n<div dir=\"auto\">\n<div>\n<h2><span style=\"color: #800080;\"><strong>LA RASSEGNA STAMPA DA L&#8217;AMICO DEL POPOLO\u00a0<\/strong><\/span><\/h2>\n<h3 class=\"kvgmc6g5 cxmmr5t8 oygrvhab hcukyx3x c1et5uql\"><span style=\"color: #0000ff;\"> INFORMAZIONE il canale su TELEGRAM informazione di prima mano e in tempo reale. iscriviti ed aiutaci a farlo conoscere\u00a0<\/span><\/h3>\n<p><strong><a href=\"https:\/\/www.radiopiu.net\/wordpress\/giornale-radiopiu-07-aprile\/cai-agordo-2\/\" rel=\"attachment wp-att-127841\"><img loading=\"lazy\" decoding=\"async\" class=\"size-full wp-image-127841 alignleft\" src=\"https:\/\/www.radiopiu.net\/wordpress\/wp-content\/uploads\/2020\/04\/cai-agordo.jpg\" alt=\"\" width=\"297\" height=\"170\" \/><\/a>di Gianni Santomaso<\/strong><\/p>\n<p>OSPITE: Anna Magro presidente CAI Agordo<\/p>\n<audio class=\"wp-audio-shortcode\" id=\"audio-194020-17\" preload=\"none\" style=\"width: 100%;\" controls=\"controls\"><source type=\"audio\/mpeg\" src=\"https:\/\/www.radiopiu.net\/wordpress\/wp-content\/uploads\/2021\/02\/RASSEGNA-GIANNI-3.mp3?_=17\" \/><a href=\"https:\/\/www.radiopiu.net\/wordpress\/wp-content\/uploads\/2021\/02\/RASSEGNA-GIANNI-3.mp3\">https:\/\/www.radiopiu.net\/wordpress\/wp-content\/uploads\/2021\/02\/RASSEGNA-GIANNI-3.mp3<\/a><\/audio>\n<p>&nbsp;<\/p>\n<p><strong>LA RACCOLTA COMPLETA<\/strong><\/p>\n<blockquote class=\"wp-embedded-content\" data-secret=\"xViV1hiJai\"><p><a href=\"https:\/\/www.radiopiu.net\/wordpress\/rassegna-stampa-di-gianni-santomaso\/\">Rassegna stampa da l&#8217;amico del popolo &#8211; di Gianni Santomaso<\/a><\/p><\/blockquote>\n<p><iframe loading=\"lazy\" class=\"wp-embedded-content\" sandbox=\"allow-scripts\" security=\"restricted\" style=\"position: absolute; clip: rect(1px, 1px, 1px, 1px);\" title=\"&#8220;Rassegna stampa da l&#8217;amico del popolo &#8211; di Gianni Santomaso&#8221; &#8212; Radio Pi\u00f9\" src=\"https:\/\/www.radiopiu.net\/wordpress\/rassegna-stampa-di-gianni-santomaso\/embed\/#?secret=xViV1hiJai\" data-secret=\"xViV1hiJai\" width=\"600\" height=\"338\" frameborder=\"0\" marginwidth=\"0\" marginheight=\"0\" scrolling=\"no\"><\/iframe><\/p>\n<p>&nbsp;<\/p>\n<p>&nbsp;<\/p>\n<\/div>\n<\/div>\n<p>&nbsp;<\/p>\n<hr \/>\n<p>&nbsp;<\/p>\n<blockquote>\n<h3><a href=\"https:\/\/www.radiopiu.net\/wordpress\/almanacco-ladino-puntata-5-2020\/sn\/\" rel=\"attachment wp-att-180931\"><img loading=\"lazy\" decoding=\"async\" class=\"wp-image-180931 alignleft\" src=\"https:\/\/www.radiopiu.net\/wordpress\/wp-content\/uploads\/2020\/12\/sn-300x194.jpg\" alt=\"\" width=\"181\" height=\"117\" srcset=\"https:\/\/www.radiopiu.net\/wordpress\/wp-content\/uploads\/2020\/12\/sn-300x194.jpg 300w, https:\/\/www.radiopiu.net\/wordpress\/wp-content\/uploads\/2020\/12\/sn.jpg 626w\" sizes=\"auto, (max-width: 181px) 100vw, 181px\" \/><\/a>L&#8217;ALMANACCO LADINO CON L&#8217;ISTITUT CESA DE JAN QUINDICINALE APPUNTAMENTO. LA DOMENICA ALLE 9 IL LUNEDI ALLE 8.35 IL MARTEDI ALLE 12.35 IL MERCOLEDI ALLE 18.35. SECONDA STAGIONE.<\/h3>\n<\/blockquote>\n<p><strong>RACCOLTA COMPLETA\u00a0<\/strong><\/p>\n<blockquote class=\"wp-embedded-content\" data-secret=\"yiqHmRmfjT\"><p><a href=\"https:\/\/www.radiopiu.net\/wordpress\/almanacco-ladino\/\">Almanacco Ladino<\/a><\/p><\/blockquote>\n<p><iframe loading=\"lazy\" class=\"wp-embedded-content\" sandbox=\"allow-scripts\" security=\"restricted\" style=\"position: absolute; clip: rect(1px, 1px, 1px, 1px);\" title=\"&#8220;Almanacco Ladino&#8221; &#8212; Radio Pi\u00f9\" src=\"https:\/\/www.radiopiu.net\/wordpress\/almanacco-ladino\/embed\/#?secret=yiqHmRmfjT\" data-secret=\"yiqHmRmfjT\" width=\"600\" height=\"338\" frameborder=\"0\" marginwidth=\"0\" marginheight=\"0\" scrolling=\"no\"><\/iframe><\/p>\n<p>&nbsp;<\/p>\n<hr \/>\n<blockquote>\n<h2><\/h2>\n<h2>RITORNA AI MICROFONI DI RADIO PIU&#8217; FRANCESCO ZILLIO<br \/>\nQUARTA puntata, stagione 2021 &#8211; EVOLUZIONE DEI SISTEMI DI COMUNICAZIONE SUPPORTATI DA SMARTH PHONE PER LE AZIENDE<\/h2>\n<\/blockquote>\n<p><iframe loading=\"lazy\" title=\"EPCENTER - EVOLUZIONE DEI SISTEMI DI COMUNICAZIONE SUPPORTATI DA SMART PHONE PER LE  AZIENDE\" width=\"1200\" height=\"675\" src=\"https:\/\/www.youtube.com\/embed\/VQu8U59Rjrw?feature=oembed\" frameborder=\"0\" allow=\"accelerometer; autoplay; clipboard-write; encrypted-media; gyroscope; picture-in-picture\" allowfullscreen><\/iframe><\/p>\n<p>&nbsp;<\/p>\n<p><strong>LA VIDEO GALLERY\u00a0<\/strong><\/p>\n<blockquote class=\"wp-embedded-content\" data-secret=\"SBKSOhMBpT\"><p><a href=\"https:\/\/www.radiopiu.net\/wordpress\/ep-center-video-gallery\/\">EP CENTER video gallery<\/a><\/p><\/blockquote>\n<p><iframe loading=\"lazy\" class=\"wp-embedded-content\" sandbox=\"allow-scripts\" security=\"restricted\" style=\"position: absolute; clip: rect(1px, 1px, 1px, 1px);\" title=\"&#8220;EP CENTER video gallery&#8221; &#8212; Radio Pi\u00f9\" src=\"https:\/\/www.radiopiu.net\/wordpress\/ep-center-video-gallery\/embed\/#?secret=SBKSOhMBpT\" data-secret=\"SBKSOhMBpT\" width=\"600\" height=\"338\" frameborder=\"0\" marginwidth=\"0\" marginheight=\"0\" scrolling=\"no\"><\/iframe><\/p>\n<p>&nbsp;<\/p>\n<p>&nbsp;<\/p>\n<hr \/>\n<p>&nbsp;<\/p>\n<p>&nbsp;<\/p>\n<blockquote class=\"wp-embedded-content\" data-secret=\"W19mDxuqaC\"><p><a href=\"https:\/\/www.radiopiu.net\/wordpress\/conosciamo-i-cori-del-bellunese-con-la-corale-zumellese\/\">CONOSCIAMO I CORI DEL BELLUNESE, con la Corale Zumellese<\/a><\/p><\/blockquote>\n<p><iframe loading=\"lazy\" class=\"wp-embedded-content\" sandbox=\"allow-scripts\" security=\"restricted\" style=\"position: absolute; clip: rect(1px, 1px, 1px, 1px);\" title=\"&#8220;CONOSCIAMO I CORI DEL BELLUNESE, con la Corale Zumellese&#8221; &#8212; Radio Pi\u00f9\" src=\"https:\/\/www.radiopiu.net\/wordpress\/conosciamo-i-cori-del-bellunese-con-la-corale-zumellese\/embed\/#?secret=W19mDxuqaC\" data-secret=\"W19mDxuqaC\" width=\"600\" height=\"338\" frameborder=\"0\" marginwidth=\"0\" marginheight=\"0\" scrolling=\"no\"><\/iframe><\/p>\n<p>&nbsp;<\/p>\n<p>&nbsp;<\/p>\n<div dir=\"auto\">\n<p>&nbsp;<\/p>\n<hr \/>\n<p>&nbsp;<\/p>\n<div>\n<p class=\"photoswipe-wrapper\"><a class=\"dt-pswp-item pspw-wrap-ready\" href=\"https:\/\/i0.wp.com\/www.radiopiu.net\/wordpress\/wp-content\/uploads\/2018\/09\/viabilita.jpeg?ssl=1\" data-dt-img-description=\"\" data-large_image_width=\"800\" data-large_image_height=\"100\"><img loading=\"lazy\" decoding=\"async\" class=\"aligncenter wp-image-61954 size-full\" src=\"https:\/\/i0.wp.com\/www.radiopiu.net\/wordpress\/wp-content\/uploads\/2018\/09\/viabilita.jpeg?resize=800%2C100&amp;ssl=1\" sizes=\"auto, (max-width: 800px) 100vw, 800px\" srcset=\"https:\/\/i0.wp.com\/www.radiopiu.net\/wordpress\/wp-content\/uploads\/2018\/09\/viabilita.jpeg?w=800&amp;ssl=1 800w, https:\/\/i0.wp.com\/www.radiopiu.net\/wordpress\/wp-content\/uploads\/2018\/09\/viabilita.jpeg?resize=300%2C38&amp;ssl=1 300w, https:\/\/i0.wp.com\/www.radiopiu.net\/wordpress\/wp-content\/uploads\/2018\/09\/viabilita.jpeg?resize=768%2C96&amp;ssl=1 768w\" alt=\"\" width=\"800\" height=\"100\" \/><\/a><\/p>\n<\/div>\n<p>&nbsp;<\/p>\n<p><strong>SP 21 DI QUERO<\/strong> fino al 5 marzo, esclusi sabato e domenica, interdizione totale al traffico tra Quero e Ponte Tegorzo per posa cavidotto per conto di E-Distribuzione<\/p>\n<p><strong>SP 251 DELLA VAL DI ZOLDO E CELLINA<\/strong> Istituzione di senso unico alternato regolato da semaforo nel comune di Val di Zoldo per messa in sicurezza della strada<\/p>\n<p><strong>SP 42 CAVALLERA<\/strong> fino a revoca, chiusura della strada nell&#8217;abitato di Perarolo per attivazione emergenza frana &#8220;Busa del Cristo&#8221;<\/p>\n<p><strong>S.P.2 DELLA VALLE DEL MIS\u00a0<\/strong>Interdizione totale al traffico fino a revoca dal km 14,920 (localit\u00e0 Gona Bassa) al km 20,650 (localit\u00e0 Titele) per cedimento della carreggiata<\/p>\n<p><strong>S.P. 5 DI LAMOSANO<\/strong>\u00a0Interdizione totale fino a revoca per presenza di materiale e alberi in strada.<\/p>\n<p><strong>SP 3 DELLA VAL IMPERINA<\/strong> fino a revoca, senso unico alternato regolato a vista in localit\u00e0 Gona di Conedera di Rivamonte per cedimento della carreggiata stradale<\/p>\n<p>&nbsp;<\/p>\n<p>&nbsp;<\/p>\n<hr \/>\n<p>&nbsp;<\/p>\n<div>\n<p class=\"photoswipe-wrapper\"><a class=\"dt-pswp-item pspw-wrap-ready\" href=\"https:\/\/i0.wp.com\/www.radiopiu.net\/wordpress\/wp-content\/uploads\/2018\/09\/WhatsApp-Image-2018-09-20-at-16.04.06.jpeg?ssl=1\" data-dt-img-description=\"\" data-large_image_width=\"800\" data-large_image_height=\"100\"><img loading=\"lazy\" decoding=\"async\" class=\"aligncenter wp-image-61378 size-full jetpack-lazy-image jetpack-lazy-image--handled\" src=\"https:\/\/i0.wp.com\/www.radiopiu.net\/wordpress\/wp-content\/uploads\/2018\/09\/WhatsApp-Image-2018-09-20-at-16.04.06.jpeg?resize=800%2C100&amp;ssl=1\" sizes=\"auto, (max-width: 800px) 100vw, 800px\" srcset=\"https:\/\/i0.wp.com\/www.radiopiu.net\/wordpress\/wp-content\/uploads\/2018\/09\/WhatsApp-Image-2018-09-20-at-16.04.06.jpeg?w=800&amp;ssl=1 800w, https:\/\/i0.wp.com\/www.radiopiu.net\/wordpress\/wp-content\/uploads\/2018\/09\/WhatsApp-Image-2018-09-20-at-16.04.06.jpeg?resize=300%2C38&amp;ssl=1 300w, https:\/\/i0.wp.com\/www.radiopiu.net\/wordpress\/wp-content\/uploads\/2018\/09\/WhatsApp-Image-2018-09-20-at-16.04.06.jpeg?resize=768%2C96&amp;ssl=1 768w\" alt=\"\" width=\"800\" height=\"100\" data-lazy-loaded=\"1\" \/><\/a><\/p>\n<\/div>\n<p>&nbsp;<\/p>\n<div><center><b>Domenica 28<\/b><\/center><b>Tempo atteso: <\/b>Dopo l&#8217;allontanamento della modesta nuvolosit\u00e0 media notturna ritorno del bel tempo con cielo sereno specie sulle Dolomiti dove la giornata sar\u00e0 ben soleggiata con cielo terso, aria limpida e ottima visibilit\u00e0. Sulle Prealpi possibili nubi basse o foschie tra la notte ed il mattino, in rapido dissolvimento dopo l&#8217;alba con ampi rasserenamenti nel corso della giornata.<br \/>\n<b>Precipitazioni: <\/b>Assenti (0%).<br \/>\n<b>Temperature: <\/b>In generale calo. Su Prealpi a 1500 m min -2\u00b0C max 3\u00b0C, a 2000 m min -4\u00b0C max 0\u00b0C. Su Dolomiti a 2000 m min -4\u00b0C max 1\u00b0C, a 3000 m min -7\u00b0C max -4\u00b0C.<br \/>\n<b>Venti: <\/b>Deboli a regime di brezza nelle valli, in quota deboli, a tratti moderati, da est nord-est, a 10-15 km\/h a 2000 m e 15-25 km\/h a 3000 m.<\/div>\n<\/div>\n<hr \/>\n<p><center><b>Lunedi 1<\/b><\/center><b>Tempo atteso: <\/b>Tempo ben soleggiato e asciutto con cielo generalmente sereno e visibilit\u00e0 buona a tutte le quote, salvo eventuali locali foschie nottetempo nei luoghi solitamente pi\u00f9 umidi delle conche prealpine, in rapido dissolvimento dopo l&#8217;alba. Rialzo termico in quota, con accentuazione dell&#8217;inversione termica notturna nelle valli.<br \/>\n<b>Precipitazioni: <\/b>Assenti (0%).<br \/>\n<b>Temperature: <\/b>In aumento, eccetto le minime nelle valli, stazionarie. Su Prealpi a 1500 m min 1\u00b0C max 5\u00b0C, a 2000 m min -1\u00b0C max 2\u00b0C. Su Dolomiti a 2000 m min -1\u00b0C max 3\u00b0C, a 3000 m min -6\u00b0C max -4\u00b0C.<br \/>\n<b>Venti: <\/b>Deboli a regime di brezza nelle valli; in quota deboli da nord-est, a 5-10 km\/h a 2000 m e 5-15 km\/h a 3000 m.<\/p>\n<hr \/>\n<p><center><b>Martedi 2<\/b><\/center>Tempo molto soleggiato con cielo sereno ovunque, con aria tersa in quota e qualche possibile foschia mattutina nelle valli. Ulteriore rialzo termico, eccetto le minime nelle valli, che rimarranno stazionarie, con lieve accentuazione dell&#8217;inversione termica notturna. Venti deboli.<\/p>\n<hr \/>\n<p><center><b>Mercoledi 3<\/b><\/center>Ancora una bella giornata di sole con cielo perlopi\u00f9 sereno ovunque, anche se sulle Prealpi non sar\u00e0 esclusa qualche foschia o banco di nebbia nelle ore pi\u00f9 fredde. Ulteriore lieve rialzo termico in quota. Venti deboli. Previsore: G.M.<\/p>\n<p><center>\u00a0<\/center><\/p>\n<hr \/>\n<p>&nbsp;<\/p>\n<p><a href=\"https:\/\/www.radiopiu.net\/wordpress\/giornale-radiopiu-15-settembre-2018-direttore-mirko-mezzacasa\/sport-7\/\" rel=\"attachment wp-att-60761\"><img loading=\"lazy\" decoding=\"async\" class=\"wp-image-60761 size-full aligncenter\" src=\"https:\/\/www.radiopiu.net\/wordpress\/wp-content\/uploads\/2018\/09\/sport.jpg\" alt=\"\" width=\"800\" height=\"100\" srcset=\"https:\/\/www.radiopiu.net\/wordpress\/wp-content\/uploads\/2018\/09\/sport.jpg 800w, https:\/\/www.radiopiu.net\/wordpress\/wp-content\/uploads\/2018\/09\/sport-300x38.jpg 300w, https:\/\/www.radiopiu.net\/wordpress\/wp-content\/uploads\/2018\/09\/sport-768x96.jpg 768w\" sizes=\"auto, (max-width: 800px) 100vw, 800px\" \/><\/a><\/p>\n<p>&nbsp;<\/p>\n<blockquote>\n<h3>UNA GRANDE LUCIA PRIMA IN COPPA EUROPA A FUNES<\/h3>\n<\/blockquote>\n<p>Una affermazioni di quelle da ricordare per la falcadina Lucia Dalmasso, prima\u00a0 in Coppa Europa nello slalom gigante parallelo a <a href=\"https:\/\/www.radiopiu.net\/wordpress\/giornale-radiopiu-28-febbraio-2021-direttore-mirko-mezzacasa\/17309810_400491970306092_336252210194568325_n-2\/\" rel=\"attachment wp-att-194150\"><img loading=\"lazy\" decoding=\"async\" class=\"wp-image-194150 alignleft\" src=\"https:\/\/www.radiopiu.net\/wordpress\/wp-content\/uploads\/2021\/02\/17309810_400491970306092_336252210194568325_n-300x300.jpg\" alt=\"\" width=\"196\" height=\"196\" srcset=\"https:\/\/www.radiopiu.net\/wordpress\/wp-content\/uploads\/2021\/02\/17309810_400491970306092_336252210194568325_n-300x300.jpg 300w, https:\/\/www.radiopiu.net\/wordpress\/wp-content\/uploads\/2021\/02\/17309810_400491970306092_336252210194568325_n-150x150.jpg 150w, https:\/\/www.radiopiu.net\/wordpress\/wp-content\/uploads\/2021\/02\/17309810_400491970306092_336252210194568325_n.jpg 647w\" sizes=\"auto, (max-width: 196px) 100vw, 196px\" \/><\/a>Funes (Bolzano) . La snowboarder di Falcade ha messo in fila tre canadesi e a una svizzera.<\/p>\n<p>&nbsp;<\/p>\n<blockquote>\n<h3>SKI COLLEGE FALCADE AGLI ONORI IN NEVEGAL<\/h3>\n<\/blockquote>\n<p>In Nevegal\u00a0 prima giornata del Trofeo Agonistica Valbelluna.\u00a0 In campo maschile\u00a0 successo pieno per\u00a0 Gianlorenzo Di Paolo (Fiamme Gialle scuola Ski College) e in ambito femminile il successo di Ambra Pomar\u00e8 (Sci club Cortina).<\/p>\n<p>&nbsp;<\/p>\n<p>&nbsp;<\/p>\n<blockquote>\n<h3>LARA GUT-BEHRAMI FA DOPPIETTA SU &#8220;LA VOLATA&#8221;<\/h3>\n<\/blockquote>\n<p>Lara Gut-Behrami concede il bis, vince anche la seconda discesa libera della Val di Fassa e allunga il passo in vetta alla classifica generale di Coppa del Mondo, rimanendo in corsa anche per la conquista della sfera di cristallo di specialit\u00e0. Per metterla in bacheca le servir\u00e0 un nuovo successo nell\u2019ultima gara veloce della stagione, alle finali di Lenzerheide, necessario per sfilare lo scettro all\u2019infortunata Sofia Goggia, che \u00e8 costretta a sperare nei risultati favorevoli di altre atlete per difendere la leadership. La Coppa di discesa \u00e8 alla portata anche della iridata Corinne Suter, che dopo il terzo posto di venerd\u00ec chiude seconda a 32 centesimi dalla connazionale, regalando una splendida doppietta alla Svizzera, con la tedesca Kira Weidle (terza a 0\u201d68) a completare il podio.<br \/>\nUn obiettivo mancato per appena 11 centesimi da Laura Pirovano, che \u00e8 quinta ex aequo con la norvegese Kajsa Vickhoff Lie, ancora una volta la migliore delle italiane. La ventitreenne di Spiazzo Rendena, gi\u00e0 ottava venerd\u00ec, \u00e8 soddisfatta della prestazione, ma non pu\u00f2 nascondere un pizzico di rammarico per aver mancato di un \u201cnulla\u201d l\u2019appuntamento con la prima top 3 della carriera nel massimo circuito internazionale. Celebrarlo sulle nevi di casa avrebbe avuto un sapore particolare per l\u2019azzurra, anche se il terzo piazzamento nella top 5 della stagione ha comunque un proprio peso specifico. La Pirovano paga il distacco accumulato nella parte alta della pista, brava poi a recuperare terreno sulle big nel tratto conclusivo dopo il Muro del Poeta, non certo quello a lei pi\u00f9 congeniale. Come da pronostico, la Gut-Behrami vince il confronto con la diretta concorrente Petra Vhlova, che \u00e8 dodicesima, ora staccata di 107 punti nella graduatoria assoluta. Un gap destinato a incrementarsi al termine del superG di oggi, che chiuder\u00e0 la tre giorni della Val di Fassa. Oggi \u00e8 in programma l\u2019ultima gara del trittico della Val di Fassa, un superG, organizzato al solito dallo Ski Team Fassa. La partenza \u00e8 in programma alle 11.<\/p>\n\n\t\t\t<style type='text\/css'>\n\t\t\t\t#gallery-5 {\n\t\t\t\t\tmargin: auto;\n\t\t\t\t}\n\t\t\t\t#gallery-5 .gallery-item {\n\t\t\t\t\tfloat: left;\n\t\t\t\t\tmargin-top: 10px;\n\t\t\t\t\ttext-align: center;\n\t\t\t\t\twidth: 33%;\n\t\t\t\t}\n\t\t\t\t#gallery-5 img {\n\t\t\t\t\tborder: 2px solid #cfcfcf;\n\t\t\t\t}\n\t\t\t\t#gallery-5 .gallery-caption {\n\t\t\t\t\tmargin-left: 0;\n\t\t\t\t}\n\t\t\t\t\/* see gallery_shortcode() in wp-includes\/media.php *\/\n\t\t\t<\/style>\n\t\t<div id='gallery-5' class='dt-gallery-container gallery galleryid-194020 gallery-columns-3 gallery-size-medium'><dl class='gallery-item'>\n\t\t\t\t<dt class='gallery-icon landscape'>\n\t\t\t\t\t<a class=\"rollover rollover-zoom dt-pswp-item\" title=\"22071\" data-dt-img-description=\"\" data-large_image_width=\"2560\" data-large_image_height=\"1567\"href='https:\/\/www.radiopiu.net\/wordpress\/wp-content\/uploads\/2021\/02\/22071-scaled.jpg'><img loading=\"lazy\" decoding=\"async\" width=\"300\" height=\"184\" src=\"https:\/\/www.radiopiu.net\/wordpress\/wp-content\/uploads\/2021\/02\/22071-300x184.jpg\" class=\"attachment-medium size-medium\" alt=\"\" aria-describedby=\"gallery-5-194110\" srcset=\"https:\/\/www.radiopiu.net\/wordpress\/wp-content\/uploads\/2021\/02\/22071-300x184.jpg 300w, https:\/\/www.radiopiu.net\/wordpress\/wp-content\/uploads\/2021\/02\/22071-1024x627.jpg 1024w, https:\/\/www.radiopiu.net\/wordpress\/wp-content\/uploads\/2021\/02\/22071-768x470.jpg 768w, https:\/\/www.radiopiu.net\/wordpress\/wp-content\/uploads\/2021\/02\/22071-1536x940.jpg 1536w, https:\/\/www.radiopiu.net\/wordpress\/wp-content\/uploads\/2021\/02\/22071-2048x1253.jpg 2048w\" sizes=\"auto, (max-width: 300px) 100vw, 300px\" \/><\/a>\n\t\t\t\t<\/dt>\n\t\t\t\t\t<dd class='wp-caption-text gallery-caption' id='gallery-5-194110'>\n\t\t\t\t\tSKI WORLD CUP 2020\/2021 &#8211; Lara Gut &#8211; Behrani (Svi)  Val di fassa , Italy, 27\/2\/2021 ,  photo Alessandro Trovati\/Pentaphoto\n\t\t\t\t\t<\/dd><\/dl><dl class='gallery-item'>\n\t\t\t\t<dt class='gallery-icon landscape'>\n\t\t\t\t\t<a class=\"rollover rollover-zoom dt-pswp-item\" title=\"22068\" data-dt-img-description=\"\" data-large_image_width=\"2560\" data-large_image_height=\"1623\"href='https:\/\/www.radiopiu.net\/wordpress\/wp-content\/uploads\/2021\/02\/22068-scaled.jpg'><img loading=\"lazy\" decoding=\"async\" width=\"300\" height=\"190\" src=\"https:\/\/www.radiopiu.net\/wordpress\/wp-content\/uploads\/2021\/02\/22068-300x190.jpg\" class=\"attachment-medium size-medium\" alt=\"\" aria-describedby=\"gallery-5-194109\" srcset=\"https:\/\/www.radiopiu.net\/wordpress\/wp-content\/uploads\/2021\/02\/22068-300x190.jpg 300w, https:\/\/www.radiopiu.net\/wordpress\/wp-content\/uploads\/2021\/02\/22068-1024x649.jpg 1024w, https:\/\/www.radiopiu.net\/wordpress\/wp-content\/uploads\/2021\/02\/22068-768x487.jpg 768w, https:\/\/www.radiopiu.net\/wordpress\/wp-content\/uploads\/2021\/02\/22068-1536x974.jpg 1536w, https:\/\/www.radiopiu.net\/wordpress\/wp-content\/uploads\/2021\/02\/22068-2048x1299.jpg 2048w\" sizes=\"auto, (max-width: 300px) 100vw, 300px\" \/><\/a>\n\t\t\t\t<\/dt>\n\t\t\t\t\t<dd class='wp-caption-text gallery-caption' id='gallery-5-194109'>\n\t\t\t\t\tSKI WORLD CUP 2020\/2021 &#8211; Lara Gut &#8211; Behrani (Svi)  Val di fassa , Italy, 27\/2\/2021 ,  photo Alessandro Trovati\/Pentaphoto\n\t\t\t\t\t<\/dd><\/dl><dl class='gallery-item'>\n\t\t\t\t<dt class='gallery-icon landscape'>\n\t\t\t\t\t<a class=\"rollover rollover-zoom dt-pswp-item\" title=\"22070\" data-dt-img-description=\"\" data-large_image_width=\"2560\" data-large_image_height=\"1692\"href='https:\/\/www.radiopiu.net\/wordpress\/wp-content\/uploads\/2021\/02\/22070-scaled.jpg'><img loading=\"lazy\" decoding=\"async\" width=\"300\" height=\"198\" src=\"https:\/\/www.radiopiu.net\/wordpress\/wp-content\/uploads\/2021\/02\/22070-300x198.jpg\" class=\"attachment-medium size-medium\" alt=\"\" aria-describedby=\"gallery-5-194111\" srcset=\"https:\/\/www.radiopiu.net\/wordpress\/wp-content\/uploads\/2021\/02\/22070-300x198.jpg 300w, https:\/\/www.radiopiu.net\/wordpress\/wp-content\/uploads\/2021\/02\/22070-1024x677.jpg 1024w, https:\/\/www.radiopiu.net\/wordpress\/wp-content\/uploads\/2021\/02\/22070-768x508.jpg 768w, https:\/\/www.radiopiu.net\/wordpress\/wp-content\/uploads\/2021\/02\/22070-1536x1015.jpg 1536w, https:\/\/www.radiopiu.net\/wordpress\/wp-content\/uploads\/2021\/02\/22070-2048x1354.jpg 2048w\" sizes=\"auto, (max-width: 300px) 100vw, 300px\" \/><\/a>\n\t\t\t\t<\/dt>\n\t\t\t\t\t<dd class='wp-caption-text gallery-caption' id='gallery-5-194111'>\n\t\t\t\t\tSKI WORLD CUP 2020\/2021 &#8211; Corinne Suter (Svi) Kira Weidle (Ger) Lara Gut &#8211; Behrani (Svi)  Val di fassa , Italy, 27\/2\/2021 ,  photo Alessandro Trovati\/Pentaphoto\n\t\t\t\t\t<\/dd><\/dl><br style=\"clear: both\" \/>\n\t\t\t<\/div>\n\n<p>&nbsp;<\/p>\n<hr \/>\n<p>&nbsp;<\/p>\n<blockquote>\n<h3>SCI ALPINO REGIONALE: LA SECONDA GIORNATA DEI NET INSURANCE<\/h3>\n<\/blockquote>\n<p><strong>MONTE VERENA (VICENZA) <\/strong>Alla ski area Monte Verena (Vicenza) lo Sci club 2000 ha proposto la seconda giornata delle finali regionali del Grand Prix Net Insurance, il circuito regionale dello sci alpino per le categorie Ragazzi (under 14) e Allievi (under 16). Le categorie ragazzi sono state impegnate in gigante sulla pista Centrale. In ambito femminile, vittoria della vicentina dello Sci club 2000 Vittoria Rossi che si \u00e8 imposta su Lucia Sartorelli (Ski team Sorapiss) e su Elisa Sagui (Dolomiti Cadore) mentre tra i maschi si \u00e8 imposto Zaccaria Trevisan (Drusci\u00e9 Cortina) su Alberto Davare (Arabba) e Mattia Valente (Cortina). Giornata dedicata alla velocit\u00e0 per Allievi e Allieve, impegnati in superG. Vittoria per Lorenzo Pittarello (Arabba) tra i maschi, con Alessandro Guerresco (Drusci\u00e9 Cortina) secondo ed Edoardo Baldo (Cortina) terzo. Camilla Vanni (Drusci\u00e9) prima tra le ragazze. Secondo e terzo posto rispettivamente per Lucia Vecellio Oliva e Arianna De Martin Topranin, entrambe dello Sci club Cortina.<\/p>\n\n\t\t\t<style type='text\/css'>\n\t\t\t\t#gallery-6 {\n\t\t\t\t\tmargin: auto;\n\t\t\t\t}\n\t\t\t\t#gallery-6 .gallery-item {\n\t\t\t\t\tfloat: left;\n\t\t\t\t\tmargin-top: 10px;\n\t\t\t\t\ttext-align: center;\n\t\t\t\t\twidth: 33%;\n\t\t\t\t}\n\t\t\t\t#gallery-6 img {\n\t\t\t\t\tborder: 2px solid #cfcfcf;\n\t\t\t\t}\n\t\t\t\t#gallery-6 .gallery-caption {\n\t\t\t\t\tmargin-left: 0;\n\t\t\t\t}\n\t\t\t\t\/* see gallery_shortcode() in wp-includes\/media.php *\/\n\t\t\t<\/style>\n\t\t<div id='gallery-6' class='dt-gallery-container gallery galleryid-194020 gallery-columns-3 gallery-size-medium'><dl class='gallery-item'>\n\t\t\t\t<dt class='gallery-icon landscape'>\n\t\t\t\t\t<a class=\"rollover rollover-zoom dt-pswp-item\" title=\"net insurance GS RAGAZZI 27.02.2021\" data-dt-img-description=\"\" data-large_image_width=\"1599\" data-large_image_height=\"1067\"href='https:\/\/www.radiopiu.net\/wordpress\/wp-content\/uploads\/2021\/02\/net-insurance-GS-RAGAZZI-27.02.2021.jpeg'><img loading=\"lazy\" decoding=\"async\" width=\"300\" height=\"200\" src=\"https:\/\/www.radiopiu.net\/wordpress\/wp-content\/uploads\/2021\/02\/net-insurance-GS-RAGAZZI-27.02.2021-300x200.jpeg\" class=\"attachment-medium size-medium\" alt=\"\" srcset=\"https:\/\/www.radiopiu.net\/wordpress\/wp-content\/uploads\/2021\/02\/net-insurance-GS-RAGAZZI-27.02.2021-300x200.jpeg 300w, https:\/\/www.radiopiu.net\/wordpress\/wp-content\/uploads\/2021\/02\/net-insurance-GS-RAGAZZI-27.02.2021-1024x683.jpeg 1024w, https:\/\/www.radiopiu.net\/wordpress\/wp-content\/uploads\/2021\/02\/net-insurance-GS-RAGAZZI-27.02.2021-768x512.jpeg 768w, https:\/\/www.radiopiu.net\/wordpress\/wp-content\/uploads\/2021\/02\/net-insurance-GS-RAGAZZI-27.02.2021-1536x1025.jpeg 1536w, https:\/\/www.radiopiu.net\/wordpress\/wp-content\/uploads\/2021\/02\/net-insurance-GS-RAGAZZI-27.02.2021.jpeg 1599w\" sizes=\"auto, (max-width: 300px) 100vw, 300px\" \/><\/a>\n\t\t\t\t<\/dt><\/dl><dl class='gallery-item'>\n\t\t\t\t<dt class='gallery-icon landscape'>\n\t\t\t\t\t<a class=\"rollover rollover-zoom dt-pswp-item\" title=\"net INSURANCE SUPERG ALLIEVE 27.02.2021\" data-dt-img-description=\"\" data-large_image_width=\"1599\" data-large_image_height=\"1067\"href='https:\/\/www.radiopiu.net\/wordpress\/wp-content\/uploads\/2021\/02\/net-INSURANCE-SUPERG-ALLIEVE-27.02.2021.jpeg'><img loading=\"lazy\" decoding=\"async\" width=\"300\" height=\"200\" src=\"https:\/\/www.radiopiu.net\/wordpress\/wp-content\/uploads\/2021\/02\/net-INSURANCE-SUPERG-ALLIEVE-27.02.2021-300x200.jpeg\" class=\"attachment-medium size-medium\" alt=\"\" srcset=\"https:\/\/www.radiopiu.net\/wordpress\/wp-content\/uploads\/2021\/02\/net-INSURANCE-SUPERG-ALLIEVE-27.02.2021-300x200.jpeg 300w, https:\/\/www.radiopiu.net\/wordpress\/wp-content\/uploads\/2021\/02\/net-INSURANCE-SUPERG-ALLIEVE-27.02.2021-1024x683.jpeg 1024w, https:\/\/www.radiopiu.net\/wordpress\/wp-content\/uploads\/2021\/02\/net-INSURANCE-SUPERG-ALLIEVE-27.02.2021-768x512.jpeg 768w, https:\/\/www.radiopiu.net\/wordpress\/wp-content\/uploads\/2021\/02\/net-INSURANCE-SUPERG-ALLIEVE-27.02.2021-1536x1025.jpeg 1536w, https:\/\/www.radiopiu.net\/wordpress\/wp-content\/uploads\/2021\/02\/net-INSURANCE-SUPERG-ALLIEVE-27.02.2021.jpeg 1599w\" sizes=\"auto, (max-width: 300px) 100vw, 300px\" \/><\/a>\n\t\t\t\t<\/dt><\/dl><dl class='gallery-item'>\n\t\t\t\t<dt class='gallery-icon landscape'>\n\t\t\t\t\t<a class=\"rollover rollover-zoom dt-pswp-item\" title=\"net insurance SUPERG ALLIEVI 27.02.2021\" data-dt-img-description=\"\" data-large_image_width=\"1599\" data-large_image_height=\"1066\"href='https:\/\/www.radiopiu.net\/wordpress\/wp-content\/uploads\/2021\/02\/net-insurance-SUPERG-ALLIEVI-27.02.2021.jpeg'><img loading=\"lazy\" decoding=\"async\" width=\"300\" height=\"200\" src=\"https:\/\/www.radiopiu.net\/wordpress\/wp-content\/uploads\/2021\/02\/net-insurance-SUPERG-ALLIEVI-27.02.2021-300x200.jpeg\" class=\"attachment-medium size-medium\" alt=\"\" srcset=\"https:\/\/www.radiopiu.net\/wordpress\/wp-content\/uploads\/2021\/02\/net-insurance-SUPERG-ALLIEVI-27.02.2021-300x200.jpeg 300w, https:\/\/www.radiopiu.net\/wordpress\/wp-content\/uploads\/2021\/02\/net-insurance-SUPERG-ALLIEVI-27.02.2021-1024x683.jpeg 1024w, https:\/\/www.radiopiu.net\/wordpress\/wp-content\/uploads\/2021\/02\/net-insurance-SUPERG-ALLIEVI-27.02.2021-768x512.jpeg 768w, https:\/\/www.radiopiu.net\/wordpress\/wp-content\/uploads\/2021\/02\/net-insurance-SUPERG-ALLIEVI-27.02.2021-1536x1024.jpeg 1536w, https:\/\/www.radiopiu.net\/wordpress\/wp-content\/uploads\/2021\/02\/net-insurance-SUPERG-ALLIEVI-27.02.2021.jpeg 1599w\" sizes=\"auto, (max-width: 300px) 100vw, 300px\" \/><\/a>\n\t\t\t\t<\/dt><\/dl><br style=\"clear: both\" \/>\n\t\t\t<\/div>\n\n<p><strong>CLASSIFICA UFFICIALE CATEGORIA RAGAZZI <a href=\"https:\/\/www.fisiveneto.com\/wp-content\/uploads\/2021\/02\/Classifica-ufficiale_RAGAZZI-GS-27.02.2021.pdf\">clicca qui<\/a><\/strong><\/p>\n<p><strong>CLASSIFICA UFFICIALE CATEGORIA ALLIEVI <a href=\"https:\/\/www.fisiveneto.com\/wp-content\/uploads\/2021\/02\/Classifica-ufficiale_ALLIEVI-SG-27.02.2021.pdf\">clicca qui<\/a><\/strong><\/p>\n","protected":false},"excerpt":{"rendered":"<p>PER RICEVERE QUESTO NOTIZIARIO DIRETTAMENTE SUL TUO CELLULARE ISCRIVITI AL CANALE TELEGRAM \u201cRADIO PIU\u00a0 INFORMAZIONE&#8221;\u00a0 SUPERATI I 3000 ISCRITTI, il CANALE TELEGRAM&#8230; UNISCITI A: RADIO PIU INFORMAZIONE &nbsp; &nbsp; ATTENZIONE: LA NUOVA APP PER IOS-IPHONE di Nicola Vettorello https:\/\/apps.apple.com\/it\/app\/radio-pi%C3%B9-emittente-agordina\/id1515939845 ATTENZIONE: LA NUOVA APP RADIO\u00a0 PER ANDROID di Nicola Vettorello https:\/\/play.google.com\/store\/apps\/details?id=net.radiopiu.iniko\u00a0\u00a0 &nbsp; &nbsp; &nbsp; Gestione Servizi&hellip;<\/p>\n","protected":false},"author":4,"featured_media":194093,"comment_status":"closed","ping_status":"closed","sticky":false,"template":"","format":"standard","meta":{"_monsterinsights_skip_tracking":false,"_monsterinsights_sitenote_active":false,"_monsterinsights_sitenote_note":"","_monsterinsights_sitenote_category":0,"footnotes":""},"categories":[1,86,49],"tags":[],"class_list":["post-194020","post","type-post","status-publish","format-standard","has-post-thumbnail","hentry","category-senza-categoria","category-gr","category-news-18","category-1","category-86","category-49","description-off"],"img_url":"https:\/\/www.radiopiu.net\/wordpress\/wp-content\/uploads\/2021\/02\/Sistemazione-cedimento-Sopracroda.jpeg","_links":{"self":[{"href":"https:\/\/www.radiopiu.net\/wordpress\/wp-json\/wp\/v2\/posts\/194020","targetHints":{"allow":["GET"]}}],"collection":[{"href":"https:\/\/www.radiopiu.net\/wordpress\/wp-json\/wp\/v2\/posts"}],"about":[{"href":"https:\/\/www.radiopiu.net\/wordpress\/wp-json\/wp\/v2\/types\/post"}],"author":[{"embeddable":true,"href":"https:\/\/www.radiopiu.net\/wordpress\/wp-json\/wp\/v2\/users\/4"}],"replies":[{"embeddable":true,"href":"https:\/\/www.radiopiu.net\/wordpress\/wp-json\/wp\/v2\/comments?post=194020"}],"version-history":[{"count":0,"href":"https:\/\/www.radiopiu.net\/wordpress\/wp-json\/wp\/v2\/posts\/194020\/revisions"}],"wp:featuredmedia":[{"embeddable":true,"href":"https:\/\/www.radiopiu.net\/wordpress\/wp-json\/wp\/v2\/media\/194093"}],"wp:attachment":[{"href":"https:\/\/www.radiopiu.net\/wordpress\/wp-json\/wp\/v2\/media?parent=194020"}],"wp:term":[{"taxonomy":"category","embeddable":true,"href":"https:\/\/www.radiopiu.net\/wordpress\/wp-json\/wp\/v2\/categories?post=194020"},{"taxonomy":"post_tag","embeddable":true,"href":"https:\/\/www.radiopiu.net\/wordpress\/wp-json\/wp\/v2\/tags?post=194020"}],"curies":[{"name":"wp","href":"https:\/\/api.w.org\/{rel}","templated":true}]}}