{"id":194075,"date":"2021-02-27T14:31:30","date_gmt":"2021-02-27T13:31:30","guid":{"rendered":"https:\/\/www.radiopiu.net\/wordpress\/?p=194075"},"modified":"2021-02-28T07:38:49","modified_gmt":"2021-02-28T06:38:49","slug":"lanzarin-risponde-a-pd-sui-fondi-per-belluno-90-milioni-di-investimenti-solo-nel-recente","status":"publish","type":"post","link":"https:\/\/www.radiopiu.net\/wordpress\/lanzarin-risponde-a-pd-sui-fondi-per-belluno-90-milioni-di-investimenti-solo-nel-recente\/","title":{"rendered":"LANZARIN RISPONDE A PD SUI FONDI PER BELLUNO. 90 MILIONI DI INVESTIMENTI SOLO NEL RECENTE"},"content":{"rendered":"<p><strong><a href=\"https:\/\/www.radiopiu.net\/wordpress\/lanzarin-risponde-a-pd-sui-fondi-per-belluno-90-milioni-di-investimenti-solo-nel-recente\/manuela-lanzarin-4\/\" rel=\"attachment wp-att-194080\"><img loading=\"lazy\" decoding=\"async\" class=\"size-medium wp-image-194080 alignleft\" src=\"https:\/\/www.radiopiu.net\/wordpress\/wp-content\/uploads\/2021\/02\/MANUELA-LANZARIN-197x300.png\" alt=\"\" width=\"197\" height=\"300\" srcset=\"https:\/\/www.radiopiu.net\/wordpress\/wp-content\/uploads\/2021\/02\/MANUELA-LANZARIN-197x300.png 197w, https:\/\/www.radiopiu.net\/wordpress\/wp-content\/uploads\/2021\/02\/MANUELA-LANZARIN.png 336w\" sizes=\"auto, (max-width: 197px) 100vw, 197px\" \/><\/a>VENEZIA <\/strong>\u201c<em>Dopo una breve pausa, torna a soffiare sul bellunese un venticello di allarme sulla sanit\u00e0 privo di ogni fondamento. Di nuovo il PD locale accusa la Regione di non finanziare il sistema sanitario dell\u2019Ulss Dolomiti, di nuovo dimostra di non conoscere i numeri o di far finta di non saperli. Non sanno, ad esempio, che, negli ultimi 2-3 anni sono stati autorizzati investimenti di vario genere per la bellezza di 90 milioni 053 mila 877 euro. E non sanno che, se anche nell\u2019ultima tornata di progetti Crite Belluno mancava, nelle precedenti era abbondantemente presente<\/em>\u201d. Cos\u00ec, l\u2019Assessore regionale alla Sanit\u00e0, Manuela Lanzarin, ribatte alle polemiche degli ultimi giorni su presunti mancati finanziamenti al sistema sanitario bellunese. \u201c<em>Stiamo parlando \u2013 aggiunge Lanzarin \u2013 di pi\u00f9 di 72 milioni di investimenti in edilizia dal 2019 al 2021, di pi\u00f9 di 7 milioni in attrezzature nel 2019 e 2020, di 7 milioni e 219 mila euro di investimenti straordinari, di altri 2 milioni 930 mila euro di investimenti vari. Pi\u00f9, ovviamente, il finanziamento annuale dal riparto del Fondo Sanitario Nazionale che, tra l\u2019altro, riconosce a Belluno lo status di area disagiata<\/em>\u201d. \u201c<em>Fare di pi\u00f9 \u00e8 sempre possibile \u2013 conclude la Lanzarin \u2013 e lo faremo fino al limite massimo, per Belluno come per il resto del Veneto, ma sostenere che non si \u00e8 fatto niente \u00e8 tristemente falso. Fare leva sui timori che si innescano sulla gente non \u00e8 mai un buon modo di fare politica da parte di nessuno<\/em>\u201d.<\/p>\n<p><strong>LE TABELLE CON GLI INVESTIMENTI FATTI NEGLI ULTIMI ANNI IN ULSS 1 DOLOMITI<\/strong><\/p>\n\n\t\t\t<style type='text\/css'>\n\t\t\t\t#gallery-1 {\n\t\t\t\t\tmargin: auto;\n\t\t\t\t}\n\t\t\t\t#gallery-1 .gallery-item {\n\t\t\t\t\tfloat: left;\n\t\t\t\t\tmargin-top: 10px;\n\t\t\t\t\ttext-align: center;\n\t\t\t\t\twidth: 25%;\n\t\t\t\t}\n\t\t\t\t#gallery-1 img {\n\t\t\t\t\tborder: 2px solid #cfcfcf;\n\t\t\t\t}\n\t\t\t\t#gallery-1 .gallery-caption {\n\t\t\t\t\tmargin-left: 0;\n\t\t\t\t}\n\t\t\t\t\/* see gallery_shortcode() in wp-includes\/media.php *\/\n\t\t\t<\/style>\n\t\t<div id='gallery-1' class='dt-gallery-container gallery galleryid-194075 gallery-columns-4 gallery-size-medium'><dl class='gallery-item'>\n\t\t\t\t<dt class='gallery-icon portrait'>\n\t\t\t\t\t<a class=\"rollover rollover-zoom dt-pswp-item\" title=\"Tabella ATTREZZATURE BL\" data-dt-img-description=\"\" data-large_image_width=\"1239\" data-large_image_height=\"1754\"href='https:\/\/www.radiopiu.net\/wordpress\/wp-content\/uploads\/2021\/02\/Tabella-ATTREZZATURE-BL.jpg'><img loading=\"lazy\" decoding=\"async\" width=\"212\" height=\"300\" src=\"https:\/\/www.radiopiu.net\/wordpress\/wp-content\/uploads\/2021\/02\/Tabella-ATTREZZATURE-BL-212x300.jpg\" class=\"attachment-medium size-medium\" alt=\"\" srcset=\"https:\/\/www.radiopiu.net\/wordpress\/wp-content\/uploads\/2021\/02\/Tabella-ATTREZZATURE-BL-212x300.jpg 212w, https:\/\/www.radiopiu.net\/wordpress\/wp-content\/uploads\/2021\/02\/Tabella-ATTREZZATURE-BL-723x1024.jpg 723w, https:\/\/www.radiopiu.net\/wordpress\/wp-content\/uploads\/2021\/02\/Tabella-ATTREZZATURE-BL-768x1087.jpg 768w, https:\/\/www.radiopiu.net\/wordpress\/wp-content\/uploads\/2021\/02\/Tabella-ATTREZZATURE-BL-1085x1536.jpg 1085w, https:\/\/www.radiopiu.net\/wordpress\/wp-content\/uploads\/2021\/02\/Tabella-ATTREZZATURE-BL.jpg 1239w\" sizes=\"auto, (max-width: 212px) 100vw, 212px\" \/><\/a>\n\t\t\t\t<\/dt><\/dl><dl class='gallery-item'>\n\t\t\t\t<dt class='gallery-icon portrait'>\n\t\t\t\t\t<a class=\"rollover rollover-zoom dt-pswp-item\" title=\"Schermata 2021-02-27 alle 14.25.02\" data-dt-img-description=\"\" data-large_image_width=\"1260\" data-large_image_height=\"1630\"href='https:\/\/www.radiopiu.net\/wordpress\/wp-content\/uploads\/2021\/02\/Schermata-2021-02-27-alle-14.25.02.png'><img loading=\"lazy\" decoding=\"async\" width=\"232\" height=\"300\" src=\"https:\/\/www.radiopiu.net\/wordpress\/wp-content\/uploads\/2021\/02\/Schermata-2021-02-27-alle-14.25.02-232x300.png\" class=\"attachment-medium size-medium\" alt=\"\" srcset=\"https:\/\/www.radiopiu.net\/wordpress\/wp-content\/uploads\/2021\/02\/Schermata-2021-02-27-alle-14.25.02-232x300.png 232w, https:\/\/www.radiopiu.net\/wordpress\/wp-content\/uploads\/2021\/02\/Schermata-2021-02-27-alle-14.25.02-792x1024.png 792w, https:\/\/www.radiopiu.net\/wordpress\/wp-content\/uploads\/2021\/02\/Schermata-2021-02-27-alle-14.25.02-768x994.png 768w, https:\/\/www.radiopiu.net\/wordpress\/wp-content\/uploads\/2021\/02\/Schermata-2021-02-27-alle-14.25.02-1187x1536.png 1187w, https:\/\/www.radiopiu.net\/wordpress\/wp-content\/uploads\/2021\/02\/Schermata-2021-02-27-alle-14.25.02.png 1260w\" sizes=\"auto, (max-width: 232px) 100vw, 232px\" \/><\/a>\n\t\t\t\t<\/dt><\/dl><dl class='gallery-item'>\n\t\t\t\t<dt class='gallery-icon landscape'>\n\t\t\t\t\t<a class=\"rollover rollover-zoom dt-pswp-item\" title=\"Schermata 2021-02-27 alle 14.25.46\" data-dt-img-description=\"\" data-large_image_width=\"1560\" data-large_image_height=\"1414\"href='https:\/\/www.radiopiu.net\/wordpress\/wp-content\/uploads\/2021\/02\/Schermata-2021-02-27-alle-14.25.46.png'><img loading=\"lazy\" decoding=\"async\" width=\"300\" height=\"272\" src=\"https:\/\/www.radiopiu.net\/wordpress\/wp-content\/uploads\/2021\/02\/Schermata-2021-02-27-alle-14.25.46-300x272.png\" class=\"attachment-medium size-medium\" alt=\"\" srcset=\"https:\/\/www.radiopiu.net\/wordpress\/wp-content\/uploads\/2021\/02\/Schermata-2021-02-27-alle-14.25.46-300x272.png 300w, https:\/\/www.radiopiu.net\/wordpress\/wp-content\/uploads\/2021\/02\/Schermata-2021-02-27-alle-14.25.46-1024x928.png 1024w, https:\/\/www.radiopiu.net\/wordpress\/wp-content\/uploads\/2021\/02\/Schermata-2021-02-27-alle-14.25.46-768x696.png 768w, https:\/\/www.radiopiu.net\/wordpress\/wp-content\/uploads\/2021\/02\/Schermata-2021-02-27-alle-14.25.46-1536x1392.png 1536w, https:\/\/www.radiopiu.net\/wordpress\/wp-content\/uploads\/2021\/02\/Schermata-2021-02-27-alle-14.25.46.png 1560w\" sizes=\"auto, (max-width: 300px) 100vw, 300px\" \/><\/a>\n\t\t\t\t<\/dt><\/dl><dl class='gallery-item'>\n\t\t\t\t<dt class='gallery-icon landscape'>\n\t\t\t\t\t<a class=\"rollover rollover-zoom dt-pswp-item\" title=\"Schermata 2021-02-27 alle 14.25.32\" data-dt-img-description=\"\" data-large_image_width=\"1560\" data-large_image_height=\"1076\"href='https:\/\/www.radiopiu.net\/wordpress\/wp-content\/uploads\/2021\/02\/Schermata-2021-02-27-alle-14.25.32.png'><img loading=\"lazy\" decoding=\"async\" width=\"300\" height=\"207\" src=\"https:\/\/www.radiopiu.net\/wordpress\/wp-content\/uploads\/2021\/02\/Schermata-2021-02-27-alle-14.25.32-300x207.png\" class=\"attachment-medium size-medium\" alt=\"\" srcset=\"https:\/\/www.radiopiu.net\/wordpress\/wp-content\/uploads\/2021\/02\/Schermata-2021-02-27-alle-14.25.32-300x207.png 300w, https:\/\/www.radiopiu.net\/wordpress\/wp-content\/uploads\/2021\/02\/Schermata-2021-02-27-alle-14.25.32-1024x706.png 1024w, https:\/\/www.radiopiu.net\/wordpress\/wp-content\/uploads\/2021\/02\/Schermata-2021-02-27-alle-14.25.32-768x530.png 768w, https:\/\/www.radiopiu.net\/wordpress\/wp-content\/uploads\/2021\/02\/Schermata-2021-02-27-alle-14.25.32-1536x1059.png 1536w, https:\/\/www.radiopiu.net\/wordpress\/wp-content\/uploads\/2021\/02\/Schermata-2021-02-27-alle-14.25.32.png 1560w\" sizes=\"auto, (max-width: 300px) 100vw, 300px\" \/><\/a>\n\t\t\t\t<\/dt><\/dl><br style=\"clear: both\" \/>\n\t\t\t<\/div>\n\n","protected":false},"excerpt":{"rendered":"<p>VENEZIA \u201cDopo una breve pausa, torna a soffiare sul bellunese un venticello di allarme sulla sanit\u00e0 privo di ogni fondamento. Di nuovo il PD locale accusa la Regione di non finanziare il sistema sanitario dell\u2019Ulss Dolomiti, di nuovo dimostra di non conoscere i numeri o di far finta di non saperli. Non sanno, ad esempio,&hellip;<\/p>\n","protected":false},"author":4,"featured_media":194081,"comment_status":"closed","ping_status":"closed","sticky":false,"template":"","format":"standard","meta":{"_monsterinsights_skip_tracking":false,"_monsterinsights_sitenote_active":false,"_monsterinsights_sitenote_note":"","_monsterinsights_sitenote_category":0,"footnotes":""},"categories":[51,49],"tags":[],"class_list":["post-194075","post","type-post","status-publish","format-standard","has-post-thumbnail","hentry","category-evidenza-top","category-news-18","category-51","category-49","description-off"],"img_url":"https:\/\/www.radiopiu.net\/wordpress\/wp-content\/uploads\/2021\/02\/LANZARIN.png","_links":{"self":[{"href":"https:\/\/www.radiopiu.net\/wordpress\/wp-json\/wp\/v2\/posts\/194075","targetHints":{"allow":["GET"]}}],"collection":[{"href":"https:\/\/www.radiopiu.net\/wordpress\/wp-json\/wp\/v2\/posts"}],"about":[{"href":"https:\/\/www.radiopiu.net\/wordpress\/wp-json\/wp\/v2\/types\/post"}],"author":[{"embeddable":true,"href":"https:\/\/www.radiopiu.net\/wordpress\/wp-json\/wp\/v2\/users\/4"}],"replies":[{"embeddable":true,"href":"https:\/\/www.radiopiu.net\/wordpress\/wp-json\/wp\/v2\/comments?post=194075"}],"version-history":[{"count":0,"href":"https:\/\/www.radiopiu.net\/wordpress\/wp-json\/wp\/v2\/posts\/194075\/revisions"}],"wp:featuredmedia":[{"embeddable":true,"href":"https:\/\/www.radiopiu.net\/wordpress\/wp-json\/wp\/v2\/media\/194081"}],"wp:attachment":[{"href":"https:\/\/www.radiopiu.net\/wordpress\/wp-json\/wp\/v2\/media?parent=194075"}],"wp:term":[{"taxonomy":"category","embeddable":true,"href":"https:\/\/www.radiopiu.net\/wordpress\/wp-json\/wp\/v2\/categories?post=194075"},{"taxonomy":"post_tag","embeddable":true,"href":"https:\/\/www.radiopiu.net\/wordpress\/wp-json\/wp\/v2\/tags?post=194075"}],"curies":[{"name":"wp","href":"https:\/\/api.w.org\/{rel}","templated":true}]}}