{"id":194171,"date":"2021-03-01T06:00:29","date_gmt":"2021-03-01T05:00:29","guid":{"rendered":"https:\/\/www.radiopiu.net\/wordpress\/?p=194171"},"modified":"2021-03-01T08:33:25","modified_gmt":"2021-03-01T07:33:25","slug":"giornale-radiopiu-01-marzo-2021-direttore-mirko-mezzacasa","status":"publish","type":"post","link":"https:\/\/www.radiopiu.net\/wordpress\/giornale-radiopiu-01-marzo-2021-direttore-mirko-mezzacasa\/","title":{"rendered":"GIORNALE RADIOPIU 01 MARZO 2021 DIRETTORE MIRKO MEZZACASA"},"content":{"rendered":"<h3><a href=\"https:\/\/www.radiopiu.net\/wordpress\/giornale-radiopiu-24-gennaio-2021-direttore-mirko-mezzacasa\/141433770_171616291414874_2957460898102012198_n\/\" rel=\"attachment wp-att-186566\"><img loading=\"lazy\" decoding=\"async\" class=\"wp-image-186566 alignleft\" src=\"https:\/\/www.radiopiu.net\/wordpress\/wp-content\/uploads\/2021\/01\/141433770_171616291414874_2957460898102012198_n-300x300.jpg\" alt=\"\" width=\"144\" height=\"144\" srcset=\"https:\/\/www.radiopiu.net\/wordpress\/wp-content\/uploads\/2021\/01\/141433770_171616291414874_2957460898102012198_n-300x300.jpg 300w, https:\/\/www.radiopiu.net\/wordpress\/wp-content\/uploads\/2021\/01\/141433770_171616291414874_2957460898102012198_n-150x150.jpg 150w, https:\/\/www.radiopiu.net\/wordpress\/wp-content\/uploads\/2021\/01\/141433770_171616291414874_2957460898102012198_n-768x768.jpg 768w, https:\/\/www.radiopiu.net\/wordpress\/wp-content\/uploads\/2021\/01\/141433770_171616291414874_2957460898102012198_n.jpg 800w\" sizes=\"auto, (max-width: 144px) 100vw, 144px\" \/><\/a>PER<strong> RICEVERE QUESTO NOTIZIARIO DIRETTAMENTE SUL TUO CELLULARE ISCRIVITI AL CANALE TELEGRAM <\/strong><strong>\u201cRADIO PIU\u00a0 INFORMAZIONE&#8221;\u00a0<\/strong><\/h3>\n<h3>SUPERATI I 3000 ISCRITTI, il CANALE TELEGRAM&#8230; UNISCITI A: RADIO PIU INFORMAZIONE<\/h3>\n<p>&nbsp;<\/p>\n<p>&nbsp;<\/p>\n<p><em><a href=\"https:\/\/www.radiopiu.net\/wordpress\/giornale-radiopiu-24-gennaio-2021-direttore-mirko-mezzacasa\/79216601_126817312416448_708980208774483089_n\/\" rel=\"attachment wp-att-186567\"><img loading=\"lazy\" decoding=\"async\" class=\"size-medium wp-image-186567 alignright\" src=\"https:\/\/www.radiopiu.net\/wordpress\/wp-content\/uploads\/2021\/01\/79216601_126817312416448_708980208774483089_n-300x114.jpg\" alt=\"\" width=\"300\" height=\"114\" srcset=\"https:\/\/www.radiopiu.net\/wordpress\/wp-content\/uploads\/2021\/01\/79216601_126817312416448_708980208774483089_n-300x114.jpg 300w, https:\/\/www.radiopiu.net\/wordpress\/wp-content\/uploads\/2021\/01\/79216601_126817312416448_708980208774483089_n-768x292.jpg 768w, https:\/\/www.radiopiu.net\/wordpress\/wp-content\/uploads\/2021\/01\/79216601_126817312416448_708980208774483089_n.jpg 820w\" sizes=\"auto, (max-width: 300px) 100vw, 300px\" \/><\/a><span style=\"color: #ff0000;\">ATTENZIONE: LA NUOVA APP PER IOS-IPHONE di Nicola Vettorello <\/span><\/em><a href=\"https:\/\/apps.apple.com\/it\/app\/radio-pi%C3%B9-emittente-agordina\/id1515939845\">https:\/\/apps.apple.com\/it\/app\/radio-pi%C3%B9-emittente-agordina\/id1515939845<\/a><\/p>\n<p><em style=\"color: #ff0000;\">ATTENZIONE: LA NUOVA APP RADIO\u00a0 PER ANDROID di Nicola Vettorello<\/em><\/p>\n<p><a href=\"https:\/\/play.google.com\/store\/apps\/details?id=net.radiopiu.iniko\" target=\"_blank\" rel=\"noopener noreferrer\">https:\/\/play.google.com\/store\/apps\/details?id=net.radiopiu.iniko\u00a0\u00a0<\/a><\/p>\n<p>&nbsp;<\/p>\n<p>&nbsp;<\/p>\n<hr \/>\n<p>&nbsp;<\/p>\n<blockquote>\n<h3><a href=\"https:\/\/www.radiopiu.net\/wordpress\/giornale-radiopiu-01-marzo-2021-direttore-mirko-mezzacasa\/153066630_3964622806927097_8220693000287056248_n\/\" rel=\"attachment wp-att-194260\"><img loading=\"lazy\" decoding=\"async\" class=\"wp-image-194260 alignleft\" src=\"https:\/\/www.radiopiu.net\/wordpress\/wp-content\/uploads\/2021\/03\/153066630_3964622806927097_8220693000287056248_n-271x300.jpg\" alt=\"\" width=\"121\" height=\"134\" srcset=\"https:\/\/www.radiopiu.net\/wordpress\/wp-content\/uploads\/2021\/03\/153066630_3964622806927097_8220693000287056248_n-271x300.jpg 271w, https:\/\/www.radiopiu.net\/wordpress\/wp-content\/uploads\/2021\/03\/153066630_3964622806927097_8220693000287056248_n.jpg 526w\" sizes=\"auto, (max-width: 121px) 100vw, 121px\" \/><\/a>LA VOLPE FALCADINA&#8230; SEMPRE PIU&#8217; DI CASA<\/h3>\n<\/blockquote>\n<p><strong>FALCADE<\/strong> Questa \u00e8 la storia di \u00a0Rudy, la volpe adottata da alcuni turisti che l&#8217;hanno rifocillata. Lo spiega sulla pagina facebook Marco Cecolin &#8220;Bobby&#8221; ricordando che l&#8217;animale \u00e8 diventata l&#8217;amica dei turisti. Ora l&#8217;inverno piano piano lascia spazio alla primavera anche la volpe torner\u00e0 nei boschi.<\/p>\n<p>&nbsp;<\/p>\n<hr \/>\n<p>&nbsp;<\/p>\n<blockquote>\n<h3>NON BESTEMMIARE PERCHE&#8217; DIO TI SENTE, IL COMUNE NO ANCHE PERCHE&#8217; HA FINITO L&#8217;ASFALTO&#8230;<\/h3>\n<\/blockquote>\n<p><a href=\"https:\/\/www.radiopiu.net\/wordpress\/giornale-radiopiu-01-marzo-2021-direttore-mirko-mezzacasa\/003cc94d-6ed7-44b3-b4e2-d2dec9d83a8b\/\" rel=\"attachment wp-att-194262\"><img loading=\"lazy\" decoding=\"async\" class=\"size-medium wp-image-194262 aligncenter\" src=\"https:\/\/www.radiopiu.net\/wordpress\/wp-content\/uploads\/2021\/03\/003cc94d-6ed7-44b3-b4e2-d2dec9d83a8b-300x169.jpg\" alt=\"\" width=\"300\" height=\"169\" srcset=\"https:\/\/www.radiopiu.net\/wordpress\/wp-content\/uploads\/2021\/03\/003cc94d-6ed7-44b3-b4e2-d2dec9d83a8b-300x169.jpg 300w, https:\/\/www.radiopiu.net\/wordpress\/wp-content\/uploads\/2021\/03\/003cc94d-6ed7-44b3-b4e2-d2dec9d83a8b-1024x576.jpg 1024w, https:\/\/www.radiopiu.net\/wordpress\/wp-content\/uploads\/2021\/03\/003cc94d-6ed7-44b3-b4e2-d2dec9d83a8b-768x432.jpg 768w, https:\/\/www.radiopiu.net\/wordpress\/wp-content\/uploads\/2021\/03\/003cc94d-6ed7-44b3-b4e2-d2dec9d83a8b-1536x864.jpg 1536w, https:\/\/www.radiopiu.net\/wordpress\/wp-content\/uploads\/2021\/03\/003cc94d-6ed7-44b3-b4e2-d2dec9d83a8b.jpg 2000w\" sizes=\"auto, (max-width: 300px) 100vw, 300px\" \/><\/a><strong>LAMON<\/strong> Il cartello diffuso anche in rete\u00a0 \u00e8 stato appeso sabato sera in piazza sotto l&#8217;insegna che indica il centro di riabilitazione. Ed \u00e8 proprio lo stato di manutenzione della strada che dalla piazza porta all&#8217;ospedale ad essere contestato all&#8217;imbocco di via Giuseppe Balin Campigotto, la strada in porfido ma sconnessa,\u00a0 che sale verso l&#8217;ospedale. Il Comune si giustifica dicendo che ha finito l&#8217;asfalto&#8230; forse dopo la figuraccia pubblica lo ordiner\u00e0 per evitare ulteriori cartelli&#8230; e parolacce.<\/p>\n<p>&nbsp;<\/p>\n<p>&nbsp;<\/p>\n<hr \/>\n<p>&nbsp;<\/p>\n<p><strong><a href=\"https:\/\/www.radiopiu.net\/wordpress\/giornale-radiopiu-09-agosto-2018-direttore-mirko-mezzacasa\/acqua\/\" rel=\"attachment wp-att-57052\"><img loading=\"lazy\" decoding=\"async\" class=\" wp-image-57052 alignleft\" src=\"https:\/\/www.radiopiu.net\/wordpress\/wp-content\/uploads\/2018\/08\/ACQUA-300x180.jpeg\" alt=\"\" width=\"253\" height=\"152\" srcset=\"https:\/\/www.radiopiu.net\/wordpress\/wp-content\/uploads\/2018\/08\/ACQUA-300x180.jpeg 300w, https:\/\/www.radiopiu.net\/wordpress\/wp-content\/uploads\/2018\/08\/ACQUA-768x461.jpeg 768w, https:\/\/www.radiopiu.net\/wordpress\/wp-content\/uploads\/2018\/08\/ACQUA-1024x614.jpeg 1024w, https:\/\/www.radiopiu.net\/wordpress\/wp-content\/uploads\/2018\/08\/ACQUA.jpeg 1280w\" sizes=\"auto, (max-width: 253px) 100vw, 253px\" \/><\/a>Gestione Servizi Pubblici informa che a CANALE D&#8217;AGORDO in localit\u00e0 CARFON, l&#8217;acqua erogata dall&#8217;acquedotto \u00e8 di nuovo potabile e pu\u00f2 essere usata, quindi, per scopi alimentari. Per informazioni \u00e8 possibile contattare il Servizio Clienti al numero 800 306 999 o +39 0445 230521 (da estero) .<br \/>\n<\/strong><\/p>\n<p><strong>A RIVAMONTE AGORDINO nelle localit\u00e0 MIOTTE, ZENICH, MOTTES, ZEP-SCHENA, SARET, ROSTE, PALUCH, GONA DI CONEDERA, PONTE ALTO, LONIE, SANTEL, ROSSON, VIA ROMA, VILLAGRANDE E TOS, l&#8217;acqua erogata dall&#8217;acquedotto non \u00e8 potabile e pu\u00f2 essere usata per scopi alimentari SOLO PREVIA bollitura.<\/strong><\/p>\n<p>&nbsp;<\/p>\n<hr \/>\n<p>&nbsp;<\/p>\n<blockquote>\n<h3>UN VIOLENTO INCENDIO CAUSATO DAL CAMINETTO<\/h3>\n<\/blockquote>\n<p><strong>SAPPADA<\/strong>\u00a0 Vigili del fuoco al lavoro per tutta la notte nella casa per le vacanze di via\u00a0 Borgata Ecche. Alle fiamme una struttura in legno, antica casa del paese. Al momento dell&#8217;incendio in casa non c&#8217;era nessuno, i proprietari erano gi\u00e0 ripartiti dalla seconda verso la prima casa in pianura.\u00a0 Il rogo sarebbe stato causato probabilmente dal caminetto acceso durante le giornate di vacanza nello storico caseggiato che doveva diventare un B&amp;B.<\/p>\n<p>&nbsp;<\/p>\n<hr \/>\n<blockquote>\n<h3>TETTO A FUOCO AD ALANO PER IL CATTIVO FUNZIONAMENTO DELLA CANNA FUMARIA<\/h3>\n<\/blockquote>\n<p><strong>ALANO\u00a0<\/strong> Incendio ieri sera in via Montegrappa. I pompieri sono intervenuti tagliando con la motosega dei pezzi di copertura\u00a0 del tetto in legno della casa, che stavano bruciano.\u00a0 La villetta, ristrutturata di recente di propriet\u00e0 di una famiglia arrivata da fuori comune, non sono stati interessati altri edifici. Nella casa, oggi si capir\u00e0 se \u00e8 ancora agibile, abita una famiglia, con due ragazzi ma nessuno \u00e8 rimasto coinvolto nell&#8217;incendio\u00a0 scatenato, presumibilmente dal malfunzionamento della canna fumaria.<\/p>\n<p>&nbsp;<\/p>\n<hr \/>\n<p>&nbsp;<\/p>\n<blockquote>\n<h3>MUORE IN CASA, LA CAUSA UN INFARTO<\/h3>\n<\/blockquote>\n<p><strong>ALANO\u00a0<\/strong> Rosalino Bettega \u00e8 morto nella sua casa di via Tessaro 58, viveva solo. Un improvviso malore, probabilmente un infarto, lo ha colto senza lasciargli scampo. A scoprire il corpo\u00a0 senza vita\u00a0 un vicino di casa che ha dato subito l&#8217;allarme.<\/p>\n<p>&nbsp;<\/p>\n<hr \/>\n<p>&nbsp;<\/p>\n<blockquote>\n<h3>SLAVINA VERSO IL TRE CROCI<\/h3>\n<\/blockquote>\n<p><strong> AURONZO<\/strong> Slavina sulla strada fra Federavecchia e il bivio per il Passo Tre Croci.\u00a0 La polizia locale ha consentito il transito a senso alternato; rapido anche l&#8217;intervento di Veneto Strade che ha sgomberato la neve.<\/p>\n<p>&nbsp;<\/p>\n<hr \/>\n<blockquote>\n<h3><\/h3>\n<h3>DOMENICA DI ASSEMBRAMENTI MENTRE I CONTAGI RISALGONO COSI&#8217; COME I RICOVERI ANCHE IN TERAPIA INTENSIVA. ALLERTA CONTAGI: RADDOPPIANO OGNI CINQUE GIORNI.<\/h3>\n<\/blockquote>\n<p>Un&#8217;altra domenica dai grandi assembramenti con ressa in centro a Venezia ma anche sui treni. In coda verso il mare e la montagna. Gente accalcata in spiaggia ed ora si teme l&#8217;effetto contagio in un Veneto gi\u00e0 lo scorso venerdi a rischio zona arancione. Infatti, in Veneto torna a salire la curva dei contagi e anche i ricoveri in rianimazione. I ricoveri 1.217 pazienti in area non critica (+13 rispetto a sabato),\u00a0 terapie intensive sono tornate ad avere 142 posti letto occupati (+4). Nelle ultime ventiquattr&#8217;ore i casi positivi sono stati 699 (333.874 il totale),\u00a0 24.610 gli attualmente positivi. Ieri altri 8 decessi per un totale di 9.848.<\/p>\n<blockquote>\n<h3>COVID: UN DECESSO IN ULSS 1 DOLOMITI. I NATI NEL 1941 HANNO RICEVUTO LA PRIMA DOSE DI VACCINO<\/h3>\n<\/blockquote>\n<p><strong>BELLUNO<\/strong> Nelle ultime 24 ore \u00e8 deceduta una donna covid positiva di anni 85 ricoverata in Geriatria covid a Belluno. Sono 24 i nuovi positivi in ULSS 1 Dolomiti. Grande impegno del team vaccinale dell\u2019Ulss Dolomiti a favore delle persone della classe 1941, che hanno ricevuto la prima dose di vaccino Pfizer. Complessivamente sono stati vaccinati 1.500 soggetti, con operativit\u00e0 regolare e tempi di attesa contenuti. La sorveglianza post vaccinale non ha messo in evidenza eventi avversi significativi. Le persone che non hanno potuto ricevere la vaccinazione per immobilit\u00e0 o difficolt\u00e0 di trasporto saranno \u201crecuperate\u201d nei prossimi giorni con vaccinazioni dedicate a domicilio e con tre sedute territoriali a Feltre, Tai e Agordo. Il programma vaccinale per gli ultra ottantenni proseguir\u00e0 con la classe 1940, il 14-15-16 marzo nei quattro Centri Vaccinali Popolazione (CVP) di Belluno, Feltre, Tai di Cadore e Agordo. Sono gi\u00e0 inoltre state spedite le lettere invito per la classe 1939, attesa nelle quattro sedi: 26 marzo Feltre, 29 marzo Feltre e Tai di Cadore, 30 marzo Agordo, 31 marzo 1 aprile Belluno. Per accelerare i tempi di immunizzazione della popolazione anziana, viste le recenti buone forniture di vaccino Pfizer sar\u00e0 anticipata la convocazione della classe 1938, convocazione che verr\u00e0 fissata entro le festivit\u00e0 Pasquali.<\/p>\n\n\t\t\t<style type='text\/css'>\n\t\t\t\t#gallery-1 {\n\t\t\t\t\tmargin: auto;\n\t\t\t\t}\n\t\t\t\t#gallery-1 .gallery-item {\n\t\t\t\t\tfloat: left;\n\t\t\t\t\tmargin-top: 10px;\n\t\t\t\t\ttext-align: center;\n\t\t\t\t\twidth: 33%;\n\t\t\t\t}\n\t\t\t\t#gallery-1 img {\n\t\t\t\t\tborder: 2px solid #cfcfcf;\n\t\t\t\t}\n\t\t\t\t#gallery-1 .gallery-caption {\n\t\t\t\t\tmargin-left: 0;\n\t\t\t\t}\n\t\t\t\t\/* see gallery_shortcode() in wp-includes\/media.php *\/\n\t\t\t<\/style>\n\t\t<div id='gallery-1' class='dt-gallery-container gallery galleryid-194171 gallery-columns-3 gallery-size-medium'><dl class='gallery-item'>\n\t\t\t\t<dt class='gallery-icon portrait'>\n\t\t\t\t\t<a class=\"rollover rollover-zoom dt-pswp-item\" title=\"IMG-20210228-WA0004\" data-dt-img-description=\"\" data-large_image_width=\"768\" data-large_image_height=\"1024\"href='https:\/\/www.radiopiu.net\/wordpress\/wp-content\/uploads\/2021\/02\/IMG-20210228-WA0004.jpg'><img loading=\"lazy\" decoding=\"async\" width=\"225\" height=\"300\" src=\"https:\/\/www.radiopiu.net\/wordpress\/wp-content\/uploads\/2021\/02\/IMG-20210228-WA0004-225x300.jpg\" class=\"attachment-medium size-medium\" alt=\"\" srcset=\"https:\/\/www.radiopiu.net\/wordpress\/wp-content\/uploads\/2021\/02\/IMG-20210228-WA0004-225x300.jpg 225w, https:\/\/www.radiopiu.net\/wordpress\/wp-content\/uploads\/2021\/02\/IMG-20210228-WA0004.jpg 768w\" sizes=\"auto, (max-width: 225px) 100vw, 225px\" \/><\/a>\n\t\t\t\t<\/dt><\/dl><dl class='gallery-item'>\n\t\t\t\t<dt class='gallery-icon portrait'>\n\t\t\t\t\t<a class=\"rollover rollover-zoom dt-pswp-item\" title=\"IMG-20210228-WA0005\" data-dt-img-description=\"\" data-large_image_width=\"768\" data-large_image_height=\"1024\"href='https:\/\/www.radiopiu.net\/wordpress\/wp-content\/uploads\/2021\/02\/IMG-20210228-WA0005.jpg'><img loading=\"lazy\" decoding=\"async\" width=\"225\" height=\"300\" src=\"https:\/\/www.radiopiu.net\/wordpress\/wp-content\/uploads\/2021\/02\/IMG-20210228-WA0005-225x300.jpg\" class=\"attachment-medium size-medium\" alt=\"\" srcset=\"https:\/\/www.radiopiu.net\/wordpress\/wp-content\/uploads\/2021\/02\/IMG-20210228-WA0005-225x300.jpg 225w, https:\/\/www.radiopiu.net\/wordpress\/wp-content\/uploads\/2021\/02\/IMG-20210228-WA0005.jpg 768w\" sizes=\"auto, (max-width: 225px) 100vw, 225px\" \/><\/a>\n\t\t\t\t<\/dt><\/dl><dl class='gallery-item'>\n\t\t\t\t<dt class='gallery-icon portrait'>\n\t\t\t\t\t<a class=\"rollover rollover-zoom dt-pswp-item\" title=\"IMG-20210228-WA0012\" data-dt-img-description=\"\" data-large_image_width=\"768\" data-large_image_height=\"1024\"href='https:\/\/www.radiopiu.net\/wordpress\/wp-content\/uploads\/2021\/02\/IMG-20210228-WA0012.jpg'><img loading=\"lazy\" decoding=\"async\" width=\"225\" height=\"300\" src=\"https:\/\/www.radiopiu.net\/wordpress\/wp-content\/uploads\/2021\/02\/IMG-20210228-WA0012-225x300.jpg\" class=\"attachment-medium size-medium\" alt=\"\" srcset=\"https:\/\/www.radiopiu.net\/wordpress\/wp-content\/uploads\/2021\/02\/IMG-20210228-WA0012-225x300.jpg 225w, https:\/\/www.radiopiu.net\/wordpress\/wp-content\/uploads\/2021\/02\/IMG-20210228-WA0012.jpg 768w\" sizes=\"auto, (max-width: 225px) 100vw, 225px\" \/><\/a>\n\t\t\t\t<\/dt><\/dl><br style=\"clear: both\" \/>\n\t\t\t<\/div>\n\n<p>&nbsp;<\/p>\n<hr \/>\n<p>&nbsp;<\/p>\n<blockquote>\n<h3>DUE INFORTUNI IN MONTAGNA. A TAMBRE UNO SCIALPINISTA, A MISURINA UN UOMO CADE DALLO SLITTINO<\/h3>\n<\/blockquote>\n<p dir=\"auto\"><strong><a href=\"https:\/\/www.radiopiu.net\/wordpress\/in-diretta-da-marghera-il-punto-stampa-di-luca-zaia-3\/salt_20210216_124343_642\/\" rel=\"attachment wp-att-191832\"><img loading=\"lazy\" decoding=\"async\" class=\" wp-image-191832 alignleft\" src=\"https:\/\/www.radiopiu.net\/wordpress\/wp-content\/uploads\/2021\/02\/salt_20210216_124343_642-300x225.jpg\" alt=\"\" width=\"200\" height=\"150\" srcset=\"https:\/\/www.radiopiu.net\/wordpress\/wp-content\/uploads\/2021\/02\/salt_20210216_124343_642-300x225.jpg 300w, https:\/\/www.radiopiu.net\/wordpress\/wp-content\/uploads\/2021\/02\/salt_20210216_124343_642-1024x768.jpg 1024w, https:\/\/www.radiopiu.net\/wordpress\/wp-content\/uploads\/2021\/02\/salt_20210216_124343_642-768x576.jpg 768w, https:\/\/www.radiopiu.net\/wordpress\/wp-content\/uploads\/2021\/02\/salt_20210216_124343_642-1536x1152.jpg 1536w, https:\/\/www.radiopiu.net\/wordpress\/wp-content\/uploads\/2021\/02\/salt_20210216_124343_642-2048x1536.jpg 2048w\" sizes=\"auto, (max-width: 200px) 100vw, 200px\" \/><\/a>TAMBRE <\/strong>Ieri attorno alle 12.40 l&#8217;elicottero del Suem di Pieve di Cadore \u00e8 intervenuto nel comune di Tambre, per uno scialpinista che, scendendo con altri dal Monte Guslon verso Col Indes, aveva riportato un probabile trauma alla gamba. L&#8217;infortunato, P.G.B., 49 anni, di Cittadella (PD), \u00e8 stato individuato e recuperato con il verricello, per essere trasportato all&#8217;ospedale di Belluno.<\/p>\n<p dir=\"auto\"><strong>MISURINA <\/strong>Sempre ieri, verso le 17, l&#8217;eliambulanza \u00e8 poi volata ad Auronzo di Cadore, sulla pista baby tra Misurina e il Lago d&#8217;Antorno, per un uomo caduto dallo slittino con conseguenti probabili traumi al volto e a una spalla.<\/p>\n<hr \/>\n<p>&nbsp;<\/p>\n<p><span style=\"color: #ff0000;\">OGGI SUL CORRIERE DELLE ALPI\u00a0<\/span><\/p>\n<p>di Cristina Contento<\/p>\n<blockquote>\n<h3>Park conteso, il conto dopo 34 anni Falcade dovr\u00e0 pagare 35mila euro<\/h3>\n<\/blockquote>\n<p><strong>FALCADE<\/strong> Undicimila e rotti euro da rivalutare e con gli interessi: per 34 anni. Sembra sia stata scritta la parola fine alla &#8220;annosa&#8221; (\u00e8 dire poco dopo 34 anni) querelle tra l&#8217;impresa e il Comune di Falcade per il parcheggio famoso prima concesso e poi bellamente negato.Il Consiglio di Stato, nella sentenza del 5 febbraio 2021, ha disposto che il Comune di Falcade risarcisca la Gaon Sas della rivalutazione di 11.646 euro di danno emergente. In tutto fanno 35mila euro circa. &#8230;.Il vice Ferrini: \u00abstiamo per chiudere il bilancio e siamo riusciti a inserirli: non abbiamo dovuto toccare lavori pubblici o altro. Ogni anno accantoniamo qualcosa\u00bb.<\/p>\n<p>&nbsp;<\/p>\n<hr \/>\n<p>&nbsp;<\/p>\n<blockquote class=\"wp-embedded-content\" data-secret=\"B9LdUYcewr\"><p><a href=\"https:\/\/www.radiopiu.net\/wordpress\/aggfeb28\/\">CORONAVIRUS: AGGIORNAMENTO NAZIONALE 28 FEBBRAIO 2021<\/a><\/p><\/blockquote>\n<p><iframe loading=\"lazy\" class=\"wp-embedded-content\" sandbox=\"allow-scripts\" security=\"restricted\" style=\"position: absolute; clip: rect(1px, 1px, 1px, 1px);\" title=\"&#8220;CORONAVIRUS: AGGIORNAMENTO NAZIONALE 28 FEBBRAIO 2021&#8221; &#8212; Radio Pi\u00f9\" src=\"https:\/\/www.radiopiu.net\/wordpress\/aggfeb28\/embed\/#?secret=B9LdUYcewr\" data-secret=\"B9LdUYcewr\" width=\"600\" height=\"338\" frameborder=\"0\" marginwidth=\"0\" marginheight=\"0\" scrolling=\"no\"><\/iframe><\/p>\n<p>&nbsp;<\/p>\n<hr \/>\n<p>&nbsp;<\/p>\n<blockquote class=\"wp-embedded-content\" data-secret=\"TYk9G5Ruor\"><p><a href=\"https:\/\/www.radiopiu.net\/wordpress\/quasi-700-positivi-in-piu-in-veneto-nelle-ultime-24-ore-aumentano-i-ricoveri-8-le-persone-decedute-a-belluno-24-nuove-positivita\/\">QUASI 700 POSITIVI IN PIU&#8217; IN VENETO NELLE ULTIME 24 ORE. AUMENTANO I RICOVERI, 8 LE PERSONE DECEDUTE. A BELLUNO 24 NUOVE POSITIVITA&#8217;<\/a><\/p><\/blockquote>\n<p><iframe loading=\"lazy\" class=\"wp-embedded-content\" sandbox=\"allow-scripts\" security=\"restricted\" style=\"position: absolute; clip: rect(1px, 1px, 1px, 1px);\" title=\"&#8220;QUASI 700 POSITIVI IN PIU&#8217; IN VENETO NELLE ULTIME 24 ORE. AUMENTANO I RICOVERI, 8 LE PERSONE DECEDUTE. A BELLUNO 24 NUOVE POSITIVITA&#8217;&#8221; &#8212; Radio Pi\u00f9\" src=\"https:\/\/www.radiopiu.net\/wordpress\/quasi-700-positivi-in-piu-in-veneto-nelle-ultime-24-ore-aumentano-i-ricoveri-8-le-persone-decedute-a-belluno-24-nuove-positivita\/embed\/#?secret=TYk9G5Ruor\" data-secret=\"TYk9G5Ruor\" width=\"600\" height=\"338\" frameborder=\"0\" marginwidth=\"0\" marginheight=\"0\" scrolling=\"no\"><\/iframe><\/p>\n<p>&nbsp;<\/p>\n<hr \/>\n<p>&nbsp;<\/p>\n<blockquote>\n<h3>I GRAFICI DI TIZIANO DE COL<\/h3>\n<\/blockquote>\n\n\t\t\t<style type='text\/css'>\n\t\t\t\t#gallery-2 {\n\t\t\t\t\tmargin: auto;\n\t\t\t\t}\n\t\t\t\t#gallery-2 .gallery-item {\n\t\t\t\t\tfloat: left;\n\t\t\t\t\tmargin-top: 10px;\n\t\t\t\t\ttext-align: center;\n\t\t\t\t\twidth: 20%;\n\t\t\t\t}\n\t\t\t\t#gallery-2 img {\n\t\t\t\t\tborder: 2px solid #cfcfcf;\n\t\t\t\t}\n\t\t\t\t#gallery-2 .gallery-caption {\n\t\t\t\t\tmargin-left: 0;\n\t\t\t\t}\n\t\t\t\t\/* see gallery_shortcode() in wp-includes\/media.php *\/\n\t\t\t<\/style>\n\t\t<div id='gallery-2' class='dt-gallery-container gallery galleryid-194171 gallery-columns-5 gallery-size-medium'><dl class='gallery-item'>\n\t\t\t\t<dt class='gallery-icon landscape'>\n\t\t\t\t\t<a class=\"rollover rollover-zoom dt-pswp-item\" title=\"18e01bd3-d419-41b9-8c1b-39c9e88f553a\" data-dt-img-description=\"\" data-large_image_width=\"596\" data-large_image_height=\"359\"href='https:\/\/www.radiopiu.net\/wordpress\/wp-content\/uploads\/2021\/02\/18e01bd3-d419-41b9-8c1b-39c9e88f553a.jpg'><img loading=\"lazy\" decoding=\"async\" width=\"300\" height=\"181\" src=\"https:\/\/www.radiopiu.net\/wordpress\/wp-content\/uploads\/2021\/02\/18e01bd3-d419-41b9-8c1b-39c9e88f553a-300x181.jpg\" class=\"attachment-medium size-medium\" alt=\"\" srcset=\"https:\/\/www.radiopiu.net\/wordpress\/wp-content\/uploads\/2021\/02\/18e01bd3-d419-41b9-8c1b-39c9e88f553a-300x181.jpg 300w, https:\/\/www.radiopiu.net\/wordpress\/wp-content\/uploads\/2021\/02\/18e01bd3-d419-41b9-8c1b-39c9e88f553a.jpg 596w\" sizes=\"auto, (max-width: 300px) 100vw, 300px\" \/><\/a>\n\t\t\t\t<\/dt><\/dl><dl class='gallery-item'>\n\t\t\t\t<dt class='gallery-icon landscape'>\n\t\t\t\t\t<a class=\"rollover rollover-zoom dt-pswp-item\" title=\"d38c9d77-e91a-4f42-a3c5-4073cc77e9dd\" data-dt-img-description=\"\" data-large_image_width=\"618\" data-large_image_height=\"353\"href='https:\/\/www.radiopiu.net\/wordpress\/wp-content\/uploads\/2021\/02\/d38c9d77-e91a-4f42-a3c5-4073cc77e9dd.jpg'><img loading=\"lazy\" decoding=\"async\" width=\"300\" height=\"171\" src=\"https:\/\/www.radiopiu.net\/wordpress\/wp-content\/uploads\/2021\/02\/d38c9d77-e91a-4f42-a3c5-4073cc77e9dd-300x171.jpg\" class=\"attachment-medium size-medium\" alt=\"\" srcset=\"https:\/\/www.radiopiu.net\/wordpress\/wp-content\/uploads\/2021\/02\/d38c9d77-e91a-4f42-a3c5-4073cc77e9dd-300x171.jpg 300w, https:\/\/www.radiopiu.net\/wordpress\/wp-content\/uploads\/2021\/02\/d38c9d77-e91a-4f42-a3c5-4073cc77e9dd.jpg 618w\" sizes=\"auto, (max-width: 300px) 100vw, 300px\" \/><\/a>\n\t\t\t\t<\/dt><\/dl><dl class='gallery-item'>\n\t\t\t\t<dt class='gallery-icon landscape'>\n\t\t\t\t\t<a class=\"rollover rollover-zoom dt-pswp-item\" title=\"c77f5101-12db-4541-a974-66a2957d39ca\" data-dt-img-description=\"\" data-large_image_width=\"614\" data-large_image_height=\"356\"href='https:\/\/www.radiopiu.net\/wordpress\/wp-content\/uploads\/2021\/02\/c77f5101-12db-4541-a974-66a2957d39ca.jpg'><img loading=\"lazy\" decoding=\"async\" width=\"300\" height=\"174\" src=\"https:\/\/www.radiopiu.net\/wordpress\/wp-content\/uploads\/2021\/02\/c77f5101-12db-4541-a974-66a2957d39ca-300x174.jpg\" class=\"attachment-medium size-medium\" alt=\"\" srcset=\"https:\/\/www.radiopiu.net\/wordpress\/wp-content\/uploads\/2021\/02\/c77f5101-12db-4541-a974-66a2957d39ca-300x174.jpg 300w, https:\/\/www.radiopiu.net\/wordpress\/wp-content\/uploads\/2021\/02\/c77f5101-12db-4541-a974-66a2957d39ca.jpg 614w\" sizes=\"auto, (max-width: 300px) 100vw, 300px\" \/><\/a>\n\t\t\t\t<\/dt><\/dl><dl class='gallery-item'>\n\t\t\t\t<dt class='gallery-icon landscape'>\n\t\t\t\t\t<a class=\"rollover rollover-zoom dt-pswp-item\" title=\"ea1e542c-0c3c-40cb-aeb8-2ce63cb347ab\" data-dt-img-description=\"\" data-large_image_width=\"604\" data-large_image_height=\"354\"href='https:\/\/www.radiopiu.net\/wordpress\/wp-content\/uploads\/2021\/02\/ea1e542c-0c3c-40cb-aeb8-2ce63cb347ab.jpg'><img loading=\"lazy\" decoding=\"async\" width=\"300\" height=\"176\" src=\"https:\/\/www.radiopiu.net\/wordpress\/wp-content\/uploads\/2021\/02\/ea1e542c-0c3c-40cb-aeb8-2ce63cb347ab-300x176.jpg\" class=\"attachment-medium size-medium\" alt=\"\" srcset=\"https:\/\/www.radiopiu.net\/wordpress\/wp-content\/uploads\/2021\/02\/ea1e542c-0c3c-40cb-aeb8-2ce63cb347ab-300x176.jpg 300w, https:\/\/www.radiopiu.net\/wordpress\/wp-content\/uploads\/2021\/02\/ea1e542c-0c3c-40cb-aeb8-2ce63cb347ab.jpg 604w\" sizes=\"auto, (max-width: 300px) 100vw, 300px\" \/><\/a>\n\t\t\t\t<\/dt><\/dl><dl class='gallery-item'>\n\t\t\t\t<dt class='gallery-icon landscape'>\n\t\t\t\t\t<a class=\"rollover rollover-zoom dt-pswp-item\" title=\"dbfe5397-274d-4329-af04-3439d9eb0cb9\" data-dt-img-description=\"\" data-large_image_width=\"602\" data-large_image_height=\"352\"href='https:\/\/www.radiopiu.net\/wordpress\/wp-content\/uploads\/2021\/02\/dbfe5397-274d-4329-af04-3439d9eb0cb9.jpg'><img loading=\"lazy\" decoding=\"async\" width=\"300\" height=\"175\" src=\"https:\/\/www.radiopiu.net\/wordpress\/wp-content\/uploads\/2021\/02\/dbfe5397-274d-4329-af04-3439d9eb0cb9-300x175.jpg\" class=\"attachment-medium size-medium\" alt=\"\" srcset=\"https:\/\/www.radiopiu.net\/wordpress\/wp-content\/uploads\/2021\/02\/dbfe5397-274d-4329-af04-3439d9eb0cb9-300x175.jpg 300w, https:\/\/www.radiopiu.net\/wordpress\/wp-content\/uploads\/2021\/02\/dbfe5397-274d-4329-af04-3439d9eb0cb9.jpg 602w\" sizes=\"auto, (max-width: 300px) 100vw, 300px\" \/><\/a>\n\t\t\t\t<\/dt><\/dl><br style=\"clear: both\" \/>\n\t\t\t<\/div>\n\n<p>&nbsp;<\/p>\n<hr \/>\n<p>&nbsp;<\/p>\n<blockquote>\n<h3>3,5 MILIONI DI EURO PER L&#8217;EMERGENZA NEVE DI INIZIO ANNO. BOTTACIN RINGRAZIA<\/h3>\n<\/blockquote>\n<p><strong><a href=\"https:\/\/www.radiopiu.net\/wordpress\/giornale-radiopiu-05-gennaio-2021-direttore-mirko-mezzacasa\/bottacin-neve-1\/\" rel=\"attachment wp-att-183082\"><img loading=\"lazy\" decoding=\"async\" class=\"size-medium wp-image-183082 alignleft\" src=\"https:\/\/www.radiopiu.net\/wordpress\/wp-content\/uploads\/2021\/01\/BOTTACIN-NEVE-1-300x255.jpg\" alt=\"\" width=\"300\" height=\"255\" srcset=\"https:\/\/www.radiopiu.net\/wordpress\/wp-content\/uploads\/2021\/01\/BOTTACIN-NEVE-1-300x255.jpg 300w, https:\/\/www.radiopiu.net\/wordpress\/wp-content\/uploads\/2021\/01\/BOTTACIN-NEVE-1-1024x871.jpg 1024w, https:\/\/www.radiopiu.net\/wordpress\/wp-content\/uploads\/2021\/01\/BOTTACIN-NEVE-1-768x653.jpg 768w, https:\/\/www.radiopiu.net\/wordpress\/wp-content\/uploads\/2021\/01\/BOTTACIN-NEVE-1-1536x1307.jpg 1536w, https:\/\/www.radiopiu.net\/wordpress\/wp-content\/uploads\/2021\/01\/BOTTACIN-NEVE-1.jpg 1600w\" sizes=\"auto, (max-width: 300px) 100vw, 300px\" \/><\/a>VENEZIA<\/strong> &#8220;<em>Ringrazio il presidente Draghi per aver proposto e fatto deliberare nel corso dell&#8217;ultimo Consiglio dei Ministri la dichiarazione dello stato di emergenza in conseguenza alle precipitazioni nevose che si sono verificate nei giorni dal 1\u00b0 al 10 gennaio 2021 nel territorio dei comuni colpiti delle province di Belluno, di Treviso, di Verona e di Vicenza<\/em>.&#8221; cos\u00ec l&#8217;assessore regionale alla Protezione Civile Bottacin relativamente al riconoscimento dello stato di emergenza che la Regione Veneto aveva richiesto al governo a seguito delle rilevanti precipitazioni nevose registrate a inizio anno soprattutto nella zona del Comelico. &#8220;<em>Avevamo segnalato circa 3,5 milioni di spese straordinarie sostenute per fronteggiare l&#8217;emergenza e a fronte della nostra segnalazione il governo Draghi, appena insediato, &#8211; continua Bottacin- ha provveduto a stanziare fin da subito una cifra che consente di coprire quasi interamente le spese sostenute<\/em>.&#8221; &#8220;<em>\u00c8 certamente un&#8217;ottima notizia soprattutto per le nostre amministrazioni comunali che non sono ovviamente in grado di far fronte a spese straordinarie rilevanti con i loro bilanci. Ringrazio quindi il governo Draghi per la tempestivit\u00e0 e la corposit\u00e0 della somma<\/em>&#8220;. &#8220;<em>Resta invece ancora aperta la partita relativa all&#8217;emergenza di inizio dicembre dove il governo Conte2 a fronte di oltre 300 milioni di euro di danni registrati nel Veneto, aveva stanziato meno di 4 milioni di euro. E su questo fronte &#8211; conclude Bottacin &#8211; ci attendiamo un&#8217;integrazione congrua rispetto ai danni registrati. E a tal fine sono gi\u00e0 in contatto con il nuovo capo dipartimento della protezione civile nazionale Fabrizio Curcio, al quale approfitto per rivolgere gli auguri di buon lavoro<\/em>&#8220;.<\/p>\n<p>&nbsp;<\/p>\n<p>&nbsp;<\/p>\n<hr \/>\n<p>&nbsp;<\/p>\n<blockquote>\n<h3>COVID, BOND (FI): PRESIDENZA ITALIANA G20 SIA OCCASIONE PER AIUTARE CHI \u00c8 INDIETRO SUL VACCINO<\/h3>\n<\/blockquote>\n<p><strong><a href=\"https:\/\/www.radiopiu.net\/wordpress\/giornale-radiopiu-20-maggio-2020-direttore-mirko-mezzacasa\/dario-bond-11\/\" rel=\"attachment wp-att-138833\"><img loading=\"lazy\" decoding=\"async\" class=\"size-full wp-image-138833 alignleft\" src=\"https:\/\/www.radiopiu.net\/wordpress\/wp-content\/uploads\/2020\/05\/Dario-Bond.jpg\" alt=\"\" width=\"165\" height=\"228\" \/><\/a>ROMA <\/strong>&#8220;<em>I temi del prossimo G20 sono gi\u00e0 stati decisi, ma con la Presidenza italiana potremmo avere l&#8217;opportunit\u00e0 per lanciare un messaggio a tutti i Paesi, in particolare quelli dell&#8217;UE: \u00e8 necessario favorire la produzione del vaccino in maniera autonoma ed agire in un sistema di mutuo soccorso. In Italia, ma non solo, siamo indietro: non abbiamo una filiera organizzata per la produzione del vaccino, gli ultraottantenni non vengono adeguatamente supportati e non si sono ancora organizzati i trasporti in modo efficiente al fine di scongiurare il rischio contagio. Pertanto, se si liberalizzassero i brevetti, garantendo la possibilit\u00e0 di certificarli in tempi rapidi, i Paesi che in questo momento sono lenti nella somministrazione, potrebbero produrre il vaccino &#8220;in house&#8221;. Questo potrebbe accelerare le operazioni, mettendo in moto un sistema economico virtuoso che genererebbe lavoro e guadagno ma che assicurerebbe soprattutto maggiori disponibilit\u00e0 di dosi per vaccinare i cittadini in tempi pi\u00f9 rapidi. Tutti i Paesi dimostrino unit\u00e0 d&#8217;intenti in un momento delicato per tutti: al virus poco interessano le differenze tra Stati e aiutarsi vicendevolmente significa intravedere prima la luce in fondo al tunnel<\/em>&#8220;. Cos\u00ec in una nota il Deputato di Forza Italia Dario Bond, in riferimento al dibattito di questi giorni sulle possibilit\u00e0 di produrre il vaccino in Italia.<\/p>\n<p>&nbsp;<\/p>\n<p>&nbsp;<\/p>\n<hr \/>\n<p>&nbsp;<\/p>\n<blockquote>\n<h3>FORSE CI SIAMO CON LA LOTTA AGLI INCIDENTI PER GLI ATTRAVERSAMENTI FAUNISTICI , PROVINCIA E VENETO STRADE AL LAVORO<\/h3>\n<\/blockquote>\n<p><strong><a href=\"https:\/\/www.radiopiu.net\/wordpress\/incidenti-con-gli-ungulati-provincia-e-veneto-strade-al-lavoro-per-gli-attraversamenti-faunistici\/cervo-in-strada\/\" rel=\"attachment wp-att-194101\"><img loading=\"lazy\" decoding=\"async\" class=\"size-medium wp-image-194101 alignleft\" src=\"https:\/\/www.radiopiu.net\/wordpress\/wp-content\/uploads\/2021\/02\/CERVO-IN-STRADA-300x200.jpg\" alt=\"\" width=\"300\" height=\"200\" srcset=\"https:\/\/www.radiopiu.net\/wordpress\/wp-content\/uploads\/2021\/02\/CERVO-IN-STRADA-300x200.jpg 300w, https:\/\/www.radiopiu.net\/wordpress\/wp-content\/uploads\/2021\/02\/CERVO-IN-STRADA-1024x682.jpg 1024w, https:\/\/www.radiopiu.net\/wordpress\/wp-content\/uploads\/2021\/02\/CERVO-IN-STRADA-768x512.jpg 768w, https:\/\/www.radiopiu.net\/wordpress\/wp-content\/uploads\/2021\/02\/CERVO-IN-STRADA.jpg 1280w\" sizes=\"auto, (max-width: 300px) 100vw, 300px\" \/><\/a>BELLUNO <\/strong><span class=\"s1\">Provincia di Belluno e Veneto Strade sono al lavoro per prevenire gli incidenti stradali che coinvolgono la fauna selvatica. Negli ultimi vent\u2019anni infatti sono aumentati in maniera consistente gli investimenti di ungulati (soprattutto cervi e caprioli, ma anche cinghiali ultimamente) sulle arterie bellunesi. Gli ultimi dati dicono che ogni anno avvengono dai 340 ai 380 sinistri stradali che coinvolgono cervi, caprioli e altri animali selvatici, localizzati in alcuni punti specifici della rete stradale bellunese (a Candaten, ad Anz\u00f9, nella zona di Busche, ad Acquabona, solo per citare i principali). <\/span><span class=\"s1\">Una possibile soluzione \u00e8 stata individuata nella creazione di particolari attraversamenti dedicati alla fauna selvatica. Si tratta di cavalcavia o sottopassaggi che esistono gi\u00e0 in molte zone d\u2019Europa e che Veneto Strade ha sperimentato in maniera positiva, lungo la Sp 1 della Sinistra Piave, in zona Case Fagherazzi alle porte di Levego (in una localit\u00e0 in cui negli ultimi anni non si sono pi\u00f9 registrati incidenti con cervi e caprioli). \u00ab<em>Proprio per questo abbiamo avuto una riunione, venerd\u00ec mattina, con Veneto Strade, per affrontare la problematica degli incidenti stradali con fauna selvatica &#8211; spiega il consigliere provinciale delegato alla gestione faunistica, Franco De Bon -. La Provincia non pensa solo alla gestione della viabilit\u00e0, ma ha interesse che questa sia green e soprattutto sicura. Per gli automobilisti che si trovano a percorrerla, ma anche per gli animali. Non dimentichiamo che i sinistri sono in aumento e che di recente c\u2019\u00e8 stato anche un incidente mortale sulla 203 Agordina, proprio a causa degli attraversamenti degli ungulati<\/em>\u00bb. <\/span><span class=\"s1\">L\u2019incontro tra Provincia e Veneto Strade ha fissato la linea comune, vale a dire l\u2019inserimento nel piano di manutenzione della rete stradale di progetti puntuali per la realizzazione di attraversamenti faunistici, secondo le modalit\u00e0 pi\u00f9 funzionali. \u00ab<em>All\u2019interno dei lavori di manutenzione della viabilit\u00e0, \u00e8 doveroso trovare spazio anche per gli attraversamenti &#8211; continua il consigliere De Bon -. Veneto Strade \u00e8 molto sensibile al tema e ha gi\u00e0 dimostrato grande collaborazione, anche annunciando un prossimo intervento a difesa degli anfibi, rane e rospi che soprattutto in primavera attraversano le strade per raggiungere gli specchi d\u2019acqua<\/em>\u00bb.\u00a0 <\/span><span class=\"s1\">I punti precisi dove intervenire saranno individuati nei prossimi mesi, seguendo i corridoi faunistici consolidati presenti sul territorio, con progetti mirati. Ma un attraversamento \u00e8 gi\u00e0 stato previsto dalla progettazione provinciale, all\u2019altezza di Marziai, lungo la Sp 1 bis Madonna del Piave. \u00ab<em>Si tratta di un intervento per cui abbiamo gi\u00e0 individuato il finanziamento &#8211; sottolinea il consigliere provinciale delegato alle infrastrutture, Fabio Luchetta -. Parallelamente, stiamo cercando di lavorare anche al taglio della vegetazione, in modo da aumentare la visibilit\u00e0 lungo le strade, nella consapevolezza che le fasce di rispetto oggi previste sono insufficienti a garantire condizioni di sicurezza, non solo per quanto riguarda la fauna selvatica, ma anche per la caduta piante. \u00c8 per questo che stiamo cercando di sensibilizzare i privati che hanno propriet\u00e0 a ridosso delle strade, perch\u00e9 provvedano anche a non lasciare fieno di sfalcio, che rischia di far avvicinare alla carreggiata gli animali selvatici. Nel frattempo anche Anas sta lavorando sui corridoi faunistici. Il nostro territorio ha bisogno di queste attenzioni, per garantire sicurezza e vivibilit\u00e0<\/em>\u00bb.<\/span><\/p>\n<p>&nbsp;<\/p>\n<p>&nbsp;<\/p>\n<hr \/>\n<p>&nbsp;<\/p>\n<h4><span style=\"color: #ff0000;\">ARRIVANO I RUSSI \u00a0un privato che fa capo a una societ\u00e0 la Tsara Holding Limited, realt\u00e0 attiva nella gestione di investimenti con una lunga esperienza nel settore di acquisizione e valorizzazione di complessi immobiliari turistici a livello internazionale.<\/span><\/h4>\n<blockquote>\n<h3>UN CINQUE STELLE AL GIAU, L&#8217;INTERESSE DEL PAESE C&#8217;E&#8217; MA EVITANDO ERRORI DEL PASSATO<\/h3>\n<p><em>La decisione la prender\u00e0 l&#8217;amministrazione comunale con la convinzione che l&#8217;obiettivo \u00e8 avere per il\u00a0 territorio uno sviluppo rispettoso nel contesto antropologico, quello che oggi ci invidiano in tutto il mondo. Un investitore dalle idee chiare si sarebbe innamorato del luogo ed \u00e8 pronto a mettere sul piatto pi\u00f9 di 20 milioni di euro. Commissionato lo studio di mercato per un hotel gran lusso aperto tutto l&#8217;anno, un centinaio di persone impiegate, si pensa anche ad una navetta elettrica per il collegamento con il paese.<\/em><\/p><\/blockquote>\n<p><strong>IL SALUTO INTRODUTTIVO DEL SINDACO PAOLO FRENA<\/strong><\/p>\n<audio class=\"wp-audio-shortcode\" id=\"audio-194171-1\" preload=\"none\" style=\"width: 100%;\" controls=\"controls\"><source type=\"audio\/mpeg\" src=\"https:\/\/www.radiopiu.net\/wordpress\/wp-content\/uploads\/2021\/02\/solo-paolo.mp3?_=1\" \/><a href=\"https:\/\/www.radiopiu.net\/wordpress\/wp-content\/uploads\/2021\/02\/solo-paolo.mp3\">https:\/\/www.radiopiu.net\/wordpress\/wp-content\/uploads\/2021\/02\/solo-paolo.mp3<\/a><\/audio>\n<p>&nbsp;<\/p>\n<p><strong><a href=\"https:\/\/www.radiopiu.net\/wordpress\/un-cinque-stelle-al-giau-linteresse-del-paese-ce-ma-evitando-errori-del-passato\/43b6c1a3-41cc-4943-b06c-c309facb3e67\/\" rel=\"attachment wp-att-194133\"><img loading=\"lazy\" decoding=\"async\" class=\"size-medium wp-image-194133 alignleft\" src=\"https:\/\/www.radiopiu.net\/wordpress\/wp-content\/uploads\/2021\/02\/43b6c1a3-41cc-4943-b06c-c309facb3e67-300x169.jpg\" alt=\"\" width=\"300\" height=\"169\" srcset=\"https:\/\/www.radiopiu.net\/wordpress\/wp-content\/uploads\/2021\/02\/43b6c1a3-41cc-4943-b06c-c309facb3e67-300x169.jpg 300w, https:\/\/www.radiopiu.net\/wordpress\/wp-content\/uploads\/2021\/02\/43b6c1a3-41cc-4943-b06c-c309facb3e67-1024x576.jpg 1024w, https:\/\/www.radiopiu.net\/wordpress\/wp-content\/uploads\/2021\/02\/43b6c1a3-41cc-4943-b06c-c309facb3e67-768x432.jpg 768w, https:\/\/www.radiopiu.net\/wordpress\/wp-content\/uploads\/2021\/02\/43b6c1a3-41cc-4943-b06c-c309facb3e67-1536x864.jpg 1536w, https:\/\/www.radiopiu.net\/wordpress\/wp-content\/uploads\/2021\/02\/43b6c1a3-41cc-4943-b06c-c309facb3e67.jpg 1600w\" sizes=\"auto, (max-width: 300px) 100vw, 300px\" \/><\/a>COLLE SANTA LUCIA\u00a0<\/strong> Equilibrio, sostenibilit\u00e0 e armonia. Sono tre parole, usate dal sindaco Paolo Frena per introdurre una serata partecipata, in presenza e da remoto. Tre parole fondamentali nello sviluppo di Passo Giau dove si pensa alla realizzazione di un Hotel 5 Stelle,\u00a0 considerando l&#8217;antropologia di un territorio marchiato dallo spopolamento. <em>&#8220;La preoccupazione pi\u00f9 grande che abbiamo \u00e8 il contesto delicato di Passo Giau, il nostro Passo Giau che dovr\u00e0 avere uno sviluppo armonioso &#8211; ha detto il sindaco Paolo Frena &#8211; discutiamo da anni l&#8217;accessibilit\u00e0 ai passi dolomitici, che questa sia un&#8217;occasione per la riflessione&#8221;. <\/em>\u00a0L&#8217;amministrazione comunale sente la necessit\u00e0 di condividere la progettualit\u00e0 con la popolazione. Alcuni paletti sono gi\u00e0 stati indicati su parametri ben precisi come i 24500 metri cubi, che sono comunque dieci volte il volume dell&#8217;attuale. Il sindaco\u00a0 non ha nascosto qualche perplessit\u00e0 sull&#8217;ammortamento dell&#8217;investimento pur pensando alle Olimpiadi del 2026 nel vicino territorio Ampezzano. <em>&#8220;Ma l&#8217;operazione se si far\u00e0 non deve dipendere da Cortina o da un evento straordinario. In questo paese si continua a investire sulla straordinariet\u00e0 degli eventi come non dovrebbe essere&#8221;. <\/em>Poi ci sono i vincoli \u00a0<em> &#8220;Siamo scottati e penalizzati dai vincoli. Il risultato di attivit\u00e0 speculative portate all&#8217;esasperazione. Questo era il metodo usato negli anni Ottanta e Novanta, poi la crisi ha bloccato gli investimenti, Sono convinto che con la fine della pandemia non mancher\u00e0 l&#8217;assalto alle Dolomiti. Abbiamo iniziato questo percorso con la consapevolezza di accompagnare l&#8217;iniziativa, ma soprattutto con la convinzione che dovremo essere orgogliosi di quello che abbiamo fatto a Passo Giau. Se cos\u00ec non fosse faccio un passo indietro. Qui non si pu\u00f2 essere superficiali&#8221;. <\/em>ha concluso Frena. Al di l\u00e0 dell&#8217;inserimento urbanistico e architettonico sul quale vigiler\u00e0 la Soprintendenza (si pensi all&#8217;intervento recente in Comelico) una parentesi a parte l&#8217;ha aperta l&#8217;assessore Maurizio Troi invocando per il territorio un turismo pi\u00f9 di qualit\u00e0 rispetto a quello attuale.<\/p>\n<p><strong>LO STUDIO DI FATTIBILITA&#8217;<\/strong> E&#8217; una proposta ancora in embrione, la prima iniziativa risale al 2010 che ha avuto una serie di avvicendamenti, questa \u00e8 la prima proposta concreta. . Lo hanno spiegato l&#8217;architetto Antonio Pollazzon e l&#8217;ingegner Milan. Un progetto che mette in chiaro l&#8217;importanza dell&#8217;interramento dei tralicci e i parcheggi interrati per migliorare\u00a0 la qualit\u00e0 dell&#8217;area. La struttura cinque stelle richiede servizi\u00a0 e spazi, con 100-105 camere. Dimensione non compatibile con l&#8217;attuale rifugio. Il progetto di fattibilit\u00e0 tiene conto del numero minimo per la gestione dell&#8217;albergo. La dimensione minima sono 70 camere e di conseguenza l&#8217;architetto ha individuato una struttura che potesse garantire questo numero di camere con attivit\u00e0 di servizio necessarie (Spa, piscina, ristorante&#8230;) il progetto \u00e8 per questo molto particolareggiato. . Siamo all&#8217;ex Enrosadira, struttura abbandonato da una decina d&#8217;anni che ha subito la violenza di vaia e le abbandonanti nevicate. E&#8217; in uno stato degradato e pericoloso. Un problema da risolvere riqualificando l&#8217;intera area. E&#8217; una struttura degli anni Settanta da 16 camere. La nuova struttura su tre blocchi : ricettiva, camere, e servizi. Parcheggi interrati di elevata sostenibilit\u00e0 ambientale. Di importanza strategica per il futuro del turismo che porter\u00e0 ad ulteriori servizi nel paese di Colle Santa Lucia.<\/p>\n<blockquote><p><em>Dal pubblico l&#8217;invito a non rifare gli errori del passato, con garanzie gestionali ma soprattutto con un patto molto chiaro perch\u00e9 poi l&#8217;albergo rimanga tale e venga gestito come tale. Ci dovranno essere vantaggi per il paese, compensazioni non solo con riferimento ad acquedotti e fognature che gi\u00e0 servono per l&#8217;Hotel. Oltre 24mila metri cubi, 10 volte l&#8217;attuale Enrosadira \u00e8 molto. Diamo per scontato che dovr\u00e0 essere struttura di altissimo livello e con le moderne tecnologie.<\/em><\/p><\/blockquote>\n<p>&nbsp;<\/p>\n<p>&nbsp;<\/p>\n<hr \/>\n<p>&nbsp;<\/p>\n<blockquote>\n<h3>BUROCRAZIA NORMATIVA: \u201cSOMMERSI\u201d DA UNA SLAVINA DA 32 MILA PAGINE ALL\u2019 ANNO<\/h3>\n<\/blockquote>\n<p><a class=\"dt-pswp-item\" href=\"https:\/\/www.radiopiu.net\/wordpress\/wp-content\/uploads\/2021\/02\/Schermata-2021-02-27-alle-09.33.52.png\" data-dt-img-description=\"\" data-large_image_width=\"714\" data-large_image_height=\"712\"><img loading=\"lazy\" decoding=\"async\" class=\"alignleft size-medium wp-image-194064\" src=\"https:\/\/www.radiopiu.net\/wordpress\/wp-content\/uploads\/2021\/02\/Schermata-2021-02-27-alle-09.33.52-300x300.png\" alt=\"\" width=\"300\" height=\"300\" srcset=\"https:\/\/www.radiopiu.net\/wordpress\/wp-content\/uploads\/2021\/02\/Schermata-2021-02-27-alle-09.33.52-300x300.png 300w, https:\/\/www.radiopiu.net\/wordpress\/wp-content\/uploads\/2021\/02\/Schermata-2021-02-27-alle-09.33.52-150x150.png 150w, https:\/\/www.radiopiu.net\/wordpress\/wp-content\/uploads\/2021\/02\/Schermata-2021-02-27-alle-09.33.52.png 714w\" sizes=\"auto, (max-width: 300px) 100vw, 300px\" \/><\/a>L\u2019anno scorso tra decreti, Dpcm, leggi, ordinanze, delibere, determine, circolari, etc., l\u2019Istituto Poligrafico e la Zecca dello Stato hanno prodotto e diffuso 323 Gazzette Ufficiali a cui si aggiungono 45 Supplementi Ordinari e Straordinari. Complessivamente questi documenti erano costituiti da 31.942 pagine. Se fossero state stampate tutte, il peso raggiunto da questa \u201cslavina\u201d di carta ammonterebbe a 80 chilogrammi. Se, inoltre, ipotizzassimo di impiegare 5 minuti a pagina, una persona dotata di una intelligenza media che si fosse dedicata a leggerle tutte, comprendendone ovviamente anche il significato, nel 2020 avrebbe impiegato 333 giorni lavorativi, praticamente un anno di lavoro.<\/p>\n<p>Rispetto agli anni precedenti, comunque, la situazione rimane stazionaria. Se includiamo anche i Supplementi Ordinari e Straordinari, nel 2019, ad esempio, erano state pubblicate 305 Gazzette Ufficiali; sebbene il numero dei volumi rispetto al 2020 fosse diminuito, il numero complessivo di pagine \u00e8 stato leggermente superiore: 32.236. Nel 2018, invece, a fronte di 365 Gazzette, il numero di pagine ha toccato quota precisamente 30.671, mentre nel 2017 si \u00e8 raggiunto il record del numero di fascicoli prodotti (371), con quasi lo stesso numero di pagine registrato l\u2019anno scorso (31.959) (vedi Tab. 1).<\/p>\n<p>Record toccato l\u20198 gennaio 2020 con il Supplemento alla G.U. da 4.617 pagine<br \/>\nNel 2020 la punta massima di \u201cproduttivit\u00e0 normativa\u201d \u00e8 stata registrata l\u20198 gennaio. In quell\u2019occasione, l\u2019Istituto Poligrafico dello Stato ha stampato il Supplemento ordinario n\u00b0 1 contenete il testo, le tabelle e i grafici degli ISA (Indici Sintetici di Affidabilit\u00e0 fiscale) che da qualche anno hanno sostituito gli studi di settore. In buona sostanza le imprese, i commercialisti, le associazioni di categoria e gli addetti ai lavori si sono trovati tra le mani un faldone da 4.617 pagine che sviscera gli indicatori di tutte le attivit\u00e0 economiche con le relative specificit\u00e0 territoriali che sono soggette agli ISA.<\/p>\n<p>Nel Sud inefficienza PA e illegalit\u00e0 si alimentano a vicenda<br \/>\nSecondo la Banca d\u2019Italia, il principale ritardo che caratterizza l\u2019 economia del nostro Paese \u00e8 la Pubblica Amministrazione (PA) che deve assolutamente migliorare le performance riferite alla qualit\u00e0 e ai tempi di risposta dei servizi richiesti dai cittadini e dalle imprese. La situazione appare particolarmente deficitaria nel Mezzogiorno. Ancorch\u00e8 i dati siano riferiti al 2014, viene segnalato che il 55 per cento dei reati contro la PA si verifica al Sud, con una incidenza rispetto alla popolazione residente di 2,3 volte superiore alle altre ripartizioni geografiche. Si segnala, altres\u00ec, che il 70 per cento delle cosiddette \u201copere incompiute\u201d \u00e8 localizzato nel Mezzogiorno, sebbene in queste regioni sia concentrato solo il 30 per cento circa dei lavori pubblici nazionali. Dati che denotano come l\u2019inefficienza della PA e l\u2019illegalit\u00e0 siano due criticit\u00e0 che in una parte importante del Paese si alimentano a vicenda.<\/p>\n<p>Cosa fare per migliorare il rapporto tra cittadini\/imprese e gli uffici pubblici?<br \/>\nInnanzitutto, bisogna semplificare il quadro normativo. Cercare, ove \u00e8 possibile, di non sovrapporre pi\u00f9 livelli di governo sullo stesso argomento e, in particolar modo, accelerare i tempi di risposta della Pubblica amministrazione. Con troppe leggi, decreti e regolamenti i primi penalizzati sono i funzionari pubblici che nell\u2019incertezza interpretativa si \u201cdifendono\u201d spostando nel tempo le decisioni. Nello specifico \u00e8 necessario: migliorare la qualit\u00e0 e ridurre il numero delle leggi, analizzando pi\u00f9 attentamente il loro impatto, soprattutto su micro e piccole imprese; monitorare con cadenza periodica gli effetti delle nuove misure per poter introdurre tempestivamente dei correttivi; consolidare l\u2019informatizzazione della Pubblica amministrazione, rendendo i siti pi\u00f9 accessibili e i contenuti pi\u00f9 fruibili; far dialogare tra di loro le banche dati pubbliche per evitare la duplicazione delle richieste; permettere all\u2019utenza la compilazione esclusivamente per via telematica delle istanze; procedere e completare la standardizzazione della modulistica; accrescere la professionalit\u00e0 dei dipendenti pubblici attraverso un\u2019adeguata e continua formazione.<\/p>\n<p>&nbsp;<\/p>\n<p>&nbsp;<\/p>\n<hr \/>\n<p>&nbsp;<\/p>\n<blockquote>\n<h3><a href=\"https:\/\/www.radiopiu.net\/wordpress\/un-san-valentino-carico-di-cuori-in-agordino-grazie-a-nicola-tancon\/sulla-piana-di-falcade\/\" rel=\"attachment wp-att-191357\"><img loading=\"lazy\" decoding=\"async\" class=\"wp-image-191357 alignleft\" src=\"https:\/\/www.radiopiu.net\/wordpress\/wp-content\/uploads\/2021\/02\/Sulla-Piana-di-Falcade-229x300.jpeg\" alt=\"\" width=\"118\" height=\"155\" srcset=\"https:\/\/www.radiopiu.net\/wordpress\/wp-content\/uploads\/2021\/02\/Sulla-Piana-di-Falcade-229x300.jpeg 229w, https:\/\/www.radiopiu.net\/wordpress\/wp-content\/uploads\/2021\/02\/Sulla-Piana-di-Falcade-781x1024.jpeg 781w, https:\/\/www.radiopiu.net\/wordpress\/wp-content\/uploads\/2021\/02\/Sulla-Piana-di-Falcade-768x1008.jpeg 768w, https:\/\/www.radiopiu.net\/wordpress\/wp-content\/uploads\/2021\/02\/Sulla-Piana-di-Falcade-1171x1536.jpeg 1171w, https:\/\/www.radiopiu.net\/wordpress\/wp-content\/uploads\/2021\/02\/Sulla-Piana-di-Falcade.jpeg 1561w\" sizes=\"auto, (max-width: 118px) 100vw, 118px\" \/><\/a><\/h3>\n<h3>GIOVEDI IL BILANCIO DI PREVISIONE E IL DUP<\/h3>\n<\/blockquote>\n<p><strong>FALCADE<\/strong> Il sindaco Michele Costa ha convocato il consiglio comunale per giovedi alle 19.30 (in video conferenza). All&#8217;ordine del giorno: regolamento controlli interni, affidamento incarichi esterni, canone per l&#8217;esposizione pubblicitaria, approvazione bilancio di previsione finanziario e l&#8217;aggiornamento al Dup (Documento Unico di Programmazione 21-23). (foto Nico Tancon).<\/p>\n<p><strong>DAL CORRIERE DELLE ALPI IL SERVIZIO DI GIANNI SANTOMASO<\/strong><\/p>\n<audio class=\"wp-audio-shortcode\" id=\"audio-194171-2\" preload=\"none\" style=\"width: 100%;\" controls=\"controls\"><source type=\"audio\/mpeg\" src=\"https:\/\/www.radiopiu.net\/wordpress\/wp-content\/uploads\/2021\/02\/GIANNI-CONSIGLIO-FALCADE.mp3?_=2\" \/><a href=\"https:\/\/www.radiopiu.net\/wordpress\/wp-content\/uploads\/2021\/02\/GIANNI-CONSIGLIO-FALCADE.mp3\">https:\/\/www.radiopiu.net\/wordpress\/wp-content\/uploads\/2021\/02\/GIANNI-CONSIGLIO-FALCADE.mp3<\/a><\/audio>\n<p>&nbsp;<\/p>\n<hr \/>\n<p>&nbsp;<\/p>\n<blockquote>\n<h3>IN CONSIGLIO ANCHE PER LA VERIFICA DELLE AREE FABBRICABILI<\/h3>\n<\/blockquote>\n<p><strong><a href=\"https:\/\/www.radiopiu.net\/wordpress\/feb01010112\/th-25\/\" rel=\"attachment wp-att-188402\"><img loading=\"lazy\" decoding=\"async\" class=\"wp-image-188402 alignleft\" src=\"https:\/\/www.radiopiu.net\/wordpress\/wp-content\/uploads\/2021\/02\/th.jpg\" alt=\"\" width=\"140\" height=\"97\" \/><\/a>COLLE SANTA LUCIA<\/strong> Sabato 6 marzo\u00a0 mattina alle 7.30 consiglio comunale convocato dal sindaco Paolo Frena. Quindici punti all&#8217;ordine del giorno, comunicazioni del sindaco comprese. Regolamenti, approvazione di programmi a bilanci, verifica delle aree edificabili, Documento Unico di Programmazione tra gli argomenti principali.<\/p>\n<p>&nbsp;<\/p>\n<p>&nbsp;<\/p>\n<hr \/>\n<p>&nbsp;<\/p>\n<blockquote>\n<h3>LE PROPOSTE PER LA MODIFICA DEL PIANO DEGLI INTERVENTI<\/h3>\n<\/blockquote>\n<p><strong><a href=\"https:\/\/www.radiopiu.net\/wordpress\/consiglio-comunale-di-falcade-registrazione-integrale-durata-1h33m\/falcade-3-2\/\" rel=\"attachment wp-att-163179\"><img loading=\"lazy\" decoding=\"async\" class=\"wp-image-163179 alignleft\" src=\"https:\/\/www.radiopiu.net\/wordpress\/wp-content\/uploads\/2020\/09\/FALCADE-3-300x225.jpg\" alt=\"\" width=\"133\" height=\"100\" srcset=\"https:\/\/www.radiopiu.net\/wordpress\/wp-content\/uploads\/2020\/09\/FALCADE-3-300x225.jpg 300w, https:\/\/www.radiopiu.net\/wordpress\/wp-content\/uploads\/2020\/09\/FALCADE-3-768x576.jpg 768w, https:\/\/www.radiopiu.net\/wordpress\/wp-content\/uploads\/2020\/09\/FALCADE-3-640x480.jpg 640w, https:\/\/www.radiopiu.net\/wordpress\/wp-content\/uploads\/2020\/09\/FALCADE-3.jpg 960w\" sizes=\"auto, (max-width: 133px) 100vw, 133px\" \/><\/a>FALCADE<\/strong>\u00a0 <em>&#8220;Il Comune di Falcade comunica che \u00e8 stato pubblicato un importante <u>AVVISO\u00a0per la\u00a0presentazione delle proposte per la modifica del Piano degli Interventi<\/u>, a firma del Sindaco Michele Costa,\u00a0 l<\/em><em>&#8216;avviso \u00e8 pubblicato e scaricabile dal sito internet del Comune di Falcade. <\/em><em>Le proposte dovranno pervenire entro e non oltre il 18 marzo 2021&#8243;<\/em><\/p>\n<p>&nbsp;<\/p>\n<p>&nbsp;<\/p>\n<hr \/>\n<p>&nbsp;<\/p>\n<blockquote>\n<h3>ASCA ALLA RICERCA DI UN ISTRUTTORE AMMINISTRATIVO ADDETTO AL PERSONALE E INFERMIERI<\/h3>\n<\/blockquote>\n<p><strong><a href=\"https:\/\/www.radiopiu.net\/wordpress\/asca-ricerca-personale-infermieristico\/asca-4\/\" rel=\"attachment wp-att-128881\"><img loading=\"lazy\" decoding=\"async\" class=\" wp-image-128881 alignleft\" src=\"https:\/\/www.radiopiu.net\/wordpress\/wp-content\/uploads\/2020\/04\/ASCA-300x165.png\" alt=\"\" width=\"224\" height=\"123\" srcset=\"https:\/\/www.radiopiu.net\/wordpress\/wp-content\/uploads\/2020\/04\/ASCA-300x165.png 300w, https:\/\/www.radiopiu.net\/wordpress\/wp-content\/uploads\/2020\/04\/ASCA-1024x565.png 1024w, https:\/\/www.radiopiu.net\/wordpress\/wp-content\/uploads\/2020\/04\/ASCA-768x424.png 768w, https:\/\/www.radiopiu.net\/wordpress\/wp-content\/uploads\/2020\/04\/ASCA.png 1211w\" sizes=\"auto, (max-width: 224px) 100vw, 224px\" \/><\/a>AGORDO<\/strong> L&#8217;Azienda Speciale Consortile Agordina \u00e8 alla ricerca di un istruttore amministrativo addetto al personale da inserire nell\u2019organico amministrativo della Residenza Sanitaria Anziani di Agordo. Possono partecipare laureati in materie giuridiche od economiche o materie equipollenti, o diplomati con comprovata esperienza. La selezione \u00e8 finalizzata all\u2019inserimento a tempo indeterminato e pieno in Azienda. Il bando con il modello della domanda \u00e8 rinvenibile sul sito dell\u2019Azienda www.servizisocialiasca.it\u00a0.<br \/>\nL&#8217;amministratore unico di Asca Mariachiara Santin ha inoltre emanato un avviso di selezione utile alla formulazione di una graduatoria di idoneit\u00e0 finalizzata all&#8217;inserimento a tempo indeterminato pieno e part time della figura di infermiere con un premio di benvenuto di 250,00 \u20ac in beni e servizi di Welfare Aziendali (una tantum) e un premio produttivit\u00e0 \/welfare annuo di 2.500,00 euro pro capite che viene erogato sulla base della valutazione e dopo almeno 7 mesi di lavoro continuativo in Azienda. Per informazioni \u00e8 possibile rivolgersi alla Segreteria dell\u2019Azienda A.S.C.A.: e-mail: amministrazione@servizisocialiasca.it<\/p>\n<p>&nbsp;<\/p>\n<p>&nbsp;<\/p>\n<hr \/>\n<blockquote>\n<h3><\/h3>\n<h3>CERCASI FARMACISTI-COLLABORATORI AD AGORDO<\/h3>\n<\/blockquote>\n<p><strong><img loading=\"lazy\" decoding=\"async\" class=\"alignleft\" src=\"https:\/\/www.radiopiu.net\/wordpress\/wp-content\/uploads\/2020\/06\/e557474c-a46e-408a-ad77-242a0f3ef7c9.jpg\" width=\"62\" height=\"83\" \/>AGORDO<\/strong> L&#8217;Azienda Speciale Agordo Servizi ha indetto una selezione per la copertura di due posti e tempo pieno (40 ore) come Farmacista-collaboratore di primo livello. Il candidato dovr\u00e0 essere in grado di svolgere attivit\u00e0 ad elevato contenuto professionale di natura sanitaria o tecnica amministrativa in condizione di ampia autonomia. Le domande devono essere presentate entro le 12 del 3 marzo. Di seguito tutti i particolari compreso il calendario della prova che sar\u00e0 pubblicato sul sito agordofarmaciacomunale.it<\/p>\n<p>&nbsp;<\/p>\n<p>&nbsp;<\/p>\n<hr \/>\n<p>&nbsp;<\/p>\n<blockquote>\n<h3>NUOVI ORARI CALL CENTER COVID DAL 1\u00b0 FEBBRAIO 2021<\/h3>\n<\/blockquote>\n<p><strong><a href=\"https:\/\/www.radiopiu.net\/wordpress\/giornale-radiopiu-26-gennaio-2021-direttore-mirko-mezzacasa\/numero-covid_febbraio-2021\/\" rel=\"attachment wp-att-186852\"><img loading=\"lazy\" decoding=\"async\" class=\"wp-image-186852 alignleft\" src=\"https:\/\/www.radiopiu.net\/wordpress\/wp-content\/uploads\/2021\/01\/numero-covid_febbraio-2021-300x212.jpg\" alt=\"\" width=\"202\" height=\"143\" srcset=\"https:\/\/www.radiopiu.net\/wordpress\/wp-content\/uploads\/2021\/01\/numero-covid_febbraio-2021-300x212.jpg 300w, https:\/\/www.radiopiu.net\/wordpress\/wp-content\/uploads\/2021\/01\/numero-covid_febbraio-2021-1024x724.jpg 1024w, https:\/\/www.radiopiu.net\/wordpress\/wp-content\/uploads\/2021\/01\/numero-covid_febbraio-2021-768x543.jpg 768w, https:\/\/www.radiopiu.net\/wordpress\/wp-content\/uploads\/2021\/01\/numero-covid_febbraio-2021-1536x1086.jpg 1536w, https:\/\/www.radiopiu.net\/wordpress\/wp-content\/uploads\/2021\/01\/numero-covid_febbraio-2021.jpg 2000w\" sizes=\"auto, (max-width: 202px) 100vw, 202px\" \/><\/a> <\/strong><\/p>\n<p><strong>\u00a0<\/strong><\/p>\n<p><strong>BELLUNO <\/strong>L&#8217;importante rallentamento epidemico registrato nelle ultime settimane e la conseguente forte riduzione delle telefonate con richiesta di informazioni da parte dei cittadini, consentono di rimodulare giorni ed orari di attivit\u00e0 del CALL CENTER COVID Dal 1\u00b0 febbraio 2021 lo 0437\/514343 sar\u00e0 attivo dalle 8 alle 18 da luned\u00ec a sabato.<\/p>\n<p>&nbsp;<\/p>\n<p>&nbsp;<\/p>\n<p>&nbsp;<\/p>\n<hr \/>\n<p>&nbsp;<\/p>\n<blockquote>\n<h3>A MARZO PRO LOCO DI CANALE D&#8217;AGORDO CHIUSA<\/h3>\n<\/blockquote>\n<p><strong>CANALE D&#8217;AGORDO <\/strong>Durante il mese di marzo l&#8217;ufficio pro loco rimarr\u00e0 chiuso. Il Museo Albino Luciani apre solo SU RICHIESTA E PRENOTAZIONE allo 0437 1948001 (WhatsApp 377 9665237) oppure via mail a <a title=\"mailto:info@fondazionepapaluciani.com\" href=\"mailto:info@fondazionepapaluciani.com\">info@fondazionepapaluciani.com<\/a>.<\/p>\n<p>&nbsp;<\/p>\n<p>&nbsp;<\/p>\n<hr \/>\n<p>&nbsp;<\/p>\n<h3><a href=\"https:\/\/www.radiopiu.net\/wordpress\/giornale-radiopiu-17-febbraio-2021-direttore-mirko-mezzacasa\/149288210_864291084356461_5213230709275692954_o\/\" rel=\"attachment wp-att-191849\"><img loading=\"lazy\" decoding=\"async\" class=\"wp-image-191849 alignleft\" src=\"https:\/\/www.radiopiu.net\/wordpress\/wp-content\/uploads\/2021\/02\/149288210_864291084356461_5213230709275692954_o-300x256.jpg\" alt=\"\" width=\"131\" height=\"112\" srcset=\"https:\/\/www.radiopiu.net\/wordpress\/wp-content\/uploads\/2021\/02\/149288210_864291084356461_5213230709275692954_o-300x256.jpg 300w, https:\/\/www.radiopiu.net\/wordpress\/wp-content\/uploads\/2021\/02\/149288210_864291084356461_5213230709275692954_o.jpg 600w\" sizes=\"auto, (max-width: 131px) 100vw, 131px\" \/><\/a>L&#8217;INIZIATIVA SOLIDALE DELLA CORALE DI LIMANA<\/h3>\n<p><strong>AUDIO<\/strong><\/p>\n<audio class=\"wp-audio-shortcode\" id=\"audio-194171-3\" preload=\"none\" style=\"width: 100%;\" controls=\"controls\"><source type=\"audio\/mpeg\" src=\"https:\/\/www.radiopiu.net\/wordpress\/wp-content\/uploads\/2021\/02\/cori-silvia2.mp3?_=3\" \/><a href=\"https:\/\/www.radiopiu.net\/wordpress\/wp-content\/uploads\/2021\/02\/cori-silvia2.mp3\">https:\/\/www.radiopiu.net\/wordpress\/wp-content\/uploads\/2021\/02\/cori-silvia2.mp3<\/a><\/audio>\n<p>&nbsp;<\/p>\n<div class=\"nc684nl6\">Matteo Squaiera e Giampaolo Rossi Il Qualunque hanno gi\u00e0 prenotato l&#8217;uovo solidale pieno di musica!<\/div>\n<div><\/div>\n<div><\/div>\n<div><a href=\"https:\/\/www.facebook.com\/corolimana\/videos\/245308613808745\">https:\/\/fb.watch\/3YbzZkzA4n\/<\/a><\/div>\n<div><\/div>\n<p>&nbsp;<\/p>\n<p>&nbsp;<\/p>\n<hr \/>\n<p>&nbsp;<\/p>\n<blockquote>\n<h3>OPERE REALIZZATE IN REGIME FASCISTA A CESIOMAGGIORE E A SANTA GIUSTINA<\/h3>\n<\/blockquote>\n<p><strong>di Renato Bona<\/strong><\/p>\n<p>Facciamo tappa nella pedemontana bellunese per ricordare &#8211; grazie all\u2019ormai introvabile volume \u201cLa provincia di Belluno in regime fascista\u201d che il vice prefetto Carlo Riva cur\u00f2 nell\u2019aprile 1934 (stabilimento tipografico Panfilo Castaldi di Feltre) per conto della Regia Prefettura (a capo della quale all\u2019epoca vi era Costanzo Gazzera) e della Federazione provinciale fascista &#8211; \u201cL\u2019attivit\u00e0 svolta e opere compiute sotto il regime fascista dalle amministrazioni e dagli enti della provincia\u201d. Riva spiegava (tutte le maiuscole sono opera sua\u2026 \u2013 ndr.) che \u201c\u2026 il volume vede la luce nella data fatidica del XXI Aprile, Anno XII, Natale di Roma, Festa del Lavoro, con l\u2019ambita approvazione di S.E. il Prefetto Capo della Provincia Comm. Dott. Costanzo Gazzera, che benevolmente ha voluto dettare la prefazione, e colla preziosa adesione del Segretario Federale On. Avv. Dino Gusatti Bonsembiante, il quale ha poi consacrato in felice sintesi il ricordo dei Gloriosi Martiri Fascisti Bellunesi ed il meraviglioso sviluppo oggi raggiunto dal Partito nella Provincia\u201d. Dopo questa prosa ridondante, il prefetto Gazzera scriveva a sua volta, fra l\u2019altro, che \u201cLa felice iniziativa del mio valoroso collaboratore, il Vice Prefetto Carlo Riva, di raccogliere dalle Amministrazioni pubbliche ed ordinare il materiale dimostrativo del lavoro compiuto, si \u00e8 tradotta in un vivo documento di attivit\u00e0 bene spesa, che \u00e8 giusto riconoscimento di quanto \u00e8 stato fatto e confortante certezza per l\u2019opera futura\u201d. Ed allora vediamole queste opere del regime. CESIOMAGGIORE. Nell\u2019anno 1928 (VI dell\u2019era): sistemata la presa d\u2019acqua alla sorgente &#8211; da Corte &#8211; per l\u2019acquedotto Cesio-Pez-Busche, con sostituzione di tubi di maggior diametro per un tratto di circa metri 500, con spesa di L. 8750. Anno 1930: ricostruzione del ponticello in legno in localit\u00e0 Ave, sul torrente Caorame, con luce di 8 metri , ad unica travatura, spesa L. 6000; ricostruzione del ponticello Grei sulla strada Cesio-Feltre, in cemento armato, e rettifica stradale, L. 7200; sistemazione dell\u2019acquedotto di Pullir con sostituzione parziale di tubi, L. 6000; strada Cesio-Feltre: allargamento e rettifica da Fianema a sotto Soranzen L. 3500; messa in piena efficienza di un locale ad uso Ambulatorio medico-chirurgico secondo le esigenze tecnico-sanitarie, L. 4500; sistemazione degli uffici municipali L. 5.200. Anno 1931: strada di accesso al cimitero di Pez, con relativa piantagione sui due bordi, lunghezza 200 metri, L. 2000; sistemazione Via Roma nel capoluogo, con costruzione di diversi canali di scarico, cunette e consolidamento stradale L. 7900. Anno 1932: costruzione dell\u2019edificio scolastico del Capoluogo con 6 aule, sala per biblioteca e per direzione, impianto di riscaldamento centrale, impianto sanitario e luce nonch\u00e9 costruzione in pietra viva di pavimento in asfalto L. 267.000; Ponte di Umin sulla strada ex militare in Valle di Canzoi, a cavallo del torrente Caorame: ricostruzione in cemento armato ad unica arcata di 42,70 metri di luce, spesa di L. 71.016,05; acquedotto Cesio-Pez: sostituzione di conduttura con tubi di acciaio \u201ctipo Mannesman, a bicchiere, incastrati e jutati\u201d, degli Stabilimenti di Dalmine, L. 78.077,14. SANTA GIUSTINA BELLUNESE. Nell\u2019anno 1923: edificio scolastico \u201cGian Vittore Mezzomo\u201d in Cergnai, opera gi\u00e0 deliberata ed iniziata nel 1922 per due aule: fu ampliata ed ultimata per quattro, con una spesa complessiva di L. 86.460; Monumento ai Caduti: la pregevole opera dell\u2019architetto Alfar\u00e8 \u00e8 costituita da un basamento quadrato di pietra a gradinate su cui si eleva una colonna marmorea reggente un capitello ionico che sorregge un tripode votivo; \u00e8 alta 15 metri e cost\u00f2 complessivamente 97 mila lire delle quali 26 mila di contributo del Comune e il resto offerto dalla popolazione. Anno 1925: diramazione dell\u2019acquedotto principale per Formegan, Giardinetto, Gravazze, L. 57.300. Anno 1926: riattati 16 chilometri di strade comunali danneggiate da alluvioni, L. 45.640. Anno 1927: opere di difesa dell\u2019abitato sul torrente Veses, spesa L. 53.900 cui per due terzi contribu\u00ec lo Stato. Anno 1928: nuove opere di difesa dell\u2019abitato sul torrente Veses L. 16,.500 con concorso statale di 11.000; completamento dell\u2019acquedotto con 22 chilometri di tubature e 55 fontane pubbliche, che aveva comportato una spesa complessiva di L. 1.100.000 si affront\u00f2 un costo di ulteriori L. 26.500 per la frazione di Salmenega. Anno 1929: impianto idrico per sei aule della scuola del capoluogo e gli uffici municipali: L. 10.800; riatto strade comunali di Salmenega, Castel S. Giorgio e S. Libera con costo di L. 15.000: il Comune contribu\u00ec con L. 3.999. Anno 1930: opere di completamento del fabbricato scolastico di Cergnai, L. 11.916. Anno 1931: lavatoi di Caslibago, Dussan e Cergnai L. 11.200 di cui un terzo a carico del Comune. Anno 1932; riatto della strada Salet e altre minori, spesa complessiva L. 8000 con concorso comunale per 1600. SAN GREGORIO NELLE ALPI. Nell\u2019anno1924: prolungamento dell\u2019acquedotto comunale dalla frazione di Muiach a quella di Velos ed all\u2019abitato di Donce, diramazione idrica di 480 metri con tubi di acciaio e costruzione di due fontane, a servizio di un centinaio di abitanti, con spesa di L. 22.800 a totale carico del Comune. Anno 1925: sistemazione della Piazza del capoluogo con ampliamento e miglioramento del suo accesso stradale, spesa di L. 11.600 a carico delle casse comunali.<\/p>\n\n\t\t\t<style type='text\/css'>\n\t\t\t\t#gallery-3 {\n\t\t\t\t\tmargin: auto;\n\t\t\t\t}\n\t\t\t\t#gallery-3 .gallery-item {\n\t\t\t\t\tfloat: left;\n\t\t\t\t\tmargin-top: 10px;\n\t\t\t\t\ttext-align: center;\n\t\t\t\t\twidth: 20%;\n\t\t\t\t}\n\t\t\t\t#gallery-3 img {\n\t\t\t\t\tborder: 2px solid #cfcfcf;\n\t\t\t\t}\n\t\t\t\t#gallery-3 .gallery-caption {\n\t\t\t\t\tmargin-left: 0;\n\t\t\t\t}\n\t\t\t\t\/* see gallery_shortcode() in wp-includes\/media.php *\/\n\t\t\t<\/style>\n\t\t<div id='gallery-3' class='dt-gallery-container gallery galleryid-194171 gallery-columns-5 gallery-size-thumbnail'><dl class='gallery-item'>\n\t\t\t\t<dt class='gallery-icon landscape'>\n\t\t\t\t\t<a class=\"rollover rollover-zoom dt-pswp-item\" title=\"155183999_251334869878851_3403228568283753301_n\" data-dt-img-description=\"\" data-large_image_width=\"2560\" data-large_image_height=\"1679\"href='https:\/\/www.radiopiu.net\/wordpress\/wp-content\/uploads\/2021\/02\/155183999_251334869878851_3403228568283753301_n-scaled.jpg'><img loading=\"lazy\" decoding=\"async\" width=\"150\" height=\"150\" src=\"https:\/\/www.radiopiu.net\/wordpress\/wp-content\/uploads\/2021\/02\/155183999_251334869878851_3403228568283753301_n-150x150.jpg\" class=\"attachment-thumbnail size-thumbnail\" alt=\"\" \/><\/a>\n\t\t\t\t<\/dt><\/dl><dl class='gallery-item'>\n\t\t\t\t<dt class='gallery-icon landscape'>\n\t\t\t\t\t<a class=\"rollover rollover-zoom dt-pswp-item\" title=\"155420730_274439217396850_6555599645576694644_n\" data-dt-img-description=\"\" data-large_image_width=\"784\" data-large_image_height=\"349\"href='https:\/\/www.radiopiu.net\/wordpress\/wp-content\/uploads\/2021\/02\/155420730_274439217396850_6555599645576694644_n.jpg'><img loading=\"lazy\" decoding=\"async\" width=\"150\" height=\"150\" src=\"https:\/\/www.radiopiu.net\/wordpress\/wp-content\/uploads\/2021\/02\/155420730_274439217396850_6555599645576694644_n-150x150.jpg\" class=\"attachment-thumbnail size-thumbnail\" alt=\"\" \/><\/a>\n\t\t\t\t<\/dt><\/dl><dl class='gallery-item'>\n\t\t\t\t<dt class='gallery-icon landscape'>\n\t\t\t\t\t<a class=\"rollover rollover-zoom dt-pswp-item\" title=\"154916684_712699812947335_4364585953473706980_n\" data-dt-img-description=\"\" data-large_image_width=\"2560\" data-large_image_height=\"1786\"href='https:\/\/www.radiopiu.net\/wordpress\/wp-content\/uploads\/2021\/02\/154916684_712699812947335_4364585953473706980_n-scaled.jpg'><img loading=\"lazy\" decoding=\"async\" width=\"150\" height=\"150\" src=\"https:\/\/www.radiopiu.net\/wordpress\/wp-content\/uploads\/2021\/02\/154916684_712699812947335_4364585953473706980_n-150x150.jpg\" class=\"attachment-thumbnail size-thumbnail\" alt=\"\" \/><\/a>\n\t\t\t\t<\/dt><\/dl><dl class='gallery-item'>\n\t\t\t\t<dt class='gallery-icon landscape'>\n\t\t\t\t\t<a class=\"rollover rollover-zoom dt-pswp-item\" title=\"154932962_805015276778444_4434178140740758414_n\" data-dt-img-description=\"\" data-large_image_width=\"2560\" data-large_image_height=\"1621\"href='https:\/\/www.radiopiu.net\/wordpress\/wp-content\/uploads\/2021\/02\/154932962_805015276778444_4434178140740758414_n-scaled.jpg'><img loading=\"lazy\" decoding=\"async\" width=\"150\" height=\"150\" src=\"https:\/\/www.radiopiu.net\/wordpress\/wp-content\/uploads\/2021\/02\/154932962_805015276778444_4434178140740758414_n-150x150.jpg\" class=\"attachment-thumbnail size-thumbnail\" alt=\"\" \/><\/a>\n\t\t\t\t<\/dt><\/dl><dl class='gallery-item'>\n\t\t\t\t<dt class='gallery-icon landscape'>\n\t\t\t\t\t<a class=\"rollover rollover-zoom dt-pswp-item\" title=\"154805927_885007558948605_4764604065059541778_n\" data-dt-img-description=\"\" data-large_image_width=\"2560\" data-large_image_height=\"1630\"href='https:\/\/www.radiopiu.net\/wordpress\/wp-content\/uploads\/2021\/02\/154805927_885007558948605_4764604065059541778_n-scaled.jpg'><img loading=\"lazy\" decoding=\"async\" width=\"150\" height=\"150\" src=\"https:\/\/www.radiopiu.net\/wordpress\/wp-content\/uploads\/2021\/02\/154805927_885007558948605_4764604065059541778_n-150x150.jpg\" class=\"attachment-thumbnail size-thumbnail\" alt=\"\" \/><\/a>\n\t\t\t\t<\/dt><\/dl><br style=\"clear: both\" \/>\n\t\t\t<\/div>\n\n<p>NELLE FOTO (Radio Pi\u00f9 e riproduzioni dal libro \u201cLa provincia di Belluno in regime fascista): l\u2019edificio scolastico di Cesiomaggiore; il ponte di Umin sul torrente Caorame; il fabbricato scolastico di Cergnai di Santa Giustina Bellunese; il Monumento ai Caduti e Palazzo Municipale di Santa Giustina Bellunese; un\u2019immagine degli Anni Trenta di San Gregorio nelle Alpi durante una processione religiosa.<\/p>\n<p>&nbsp;<\/p>\n<p>&nbsp;<\/p>\n<hr \/>\n<p>&nbsp;<\/p>\n<blockquote>\n<h2>CASSA SOLIDARIET\u00c0 LUXOTTICA<\/h2>\n<\/blockquote>\n<h3><strong><span style=\"color: #ff0000;\">IL NUMERO DI FEBBRAIO CON PAOLO CHISSALE&#8217; E FABRIZIO CAMPEDEL\u00a0\u00a0<\/span><\/strong><\/h3>\n<audio class=\"wp-audio-shortcode\" id=\"audio-194171-4\" preload=\"none\" style=\"width: 100%;\" controls=\"controls\"><source type=\"audio\/mpeg\" src=\"https:\/\/www.radiopiu.net\/wordpress\/wp-content\/uploads\/2021\/02\/ca-sol-lux-febbraio.mp3?_=4\" \/><a href=\"https:\/\/www.radiopiu.net\/wordpress\/wp-content\/uploads\/2021\/02\/ca-sol-lux-febbraio.mp3\">https:\/\/www.radiopiu.net\/wordpress\/wp-content\/uploads\/2021\/02\/ca-sol-lux-febbraio.mp3<\/a><\/audio>\n<blockquote>\n<h2>RACCOLTA COMPLETA<\/h2>\n<\/blockquote>\n<blockquote class=\"wp-embedded-content\" data-secret=\"BiQp03nm5T\"><p><a href=\"https:\/\/www.radiopiu.net\/wordpress\/cassa-solidarieta-luxottica-puntata-del-16-ottobre-2020\/\">CASSA SOLIDARIET\u00c0 LUXOTTICA &#8211; PUNTATA DEL 20 NOVEMBRE 2020<\/a><\/p><\/blockquote>\n<p><iframe loading=\"lazy\" class=\"wp-embedded-content\" sandbox=\"allow-scripts\" security=\"restricted\" style=\"position: absolute; clip: rect(1px, 1px, 1px, 1px);\" title=\"&#8220;CASSA SOLIDARIET\u00c0 LUXOTTICA &#8211; PUNTATA DEL 20 NOVEMBRE 2020&#8221; &#8212; Radio Pi\u00f9\" src=\"https:\/\/www.radiopiu.net\/wordpress\/cassa-solidarieta-luxottica-puntata-del-16-ottobre-2020\/embed\/#?secret=BiQp03nm5T\" data-secret=\"BiQp03nm5T\" width=\"600\" height=\"338\" frameborder=\"0\" marginwidth=\"0\" marginheight=\"0\" scrolling=\"no\"><\/iframe><\/p>\n<div>\n<p>&nbsp;<\/p>\n<p>&nbsp;<\/p>\n<hr \/>\n<p>&nbsp;<\/p>\n<blockquote>\n<h3><a href=\"https:\/\/www.radiopiu.net\/wordpress\/giornale-radiopiu-06-febbraio-2019-direttore-mirko-mezzacasa\/logo_spi-cgil-800x445\/\" rel=\"attachment wp-att-75538\"><img loading=\"lazy\" decoding=\"async\" class=\"wp-image-75538 alignleft\" src=\"https:\/\/www.radiopiu.net\/wordpress\/wp-content\/uploads\/2019\/02\/Logo_Spi-CGIL-800x445-300x167.jpg\" alt=\"\" width=\"210\" height=\"117\" srcset=\"https:\/\/www.radiopiu.net\/wordpress\/wp-content\/uploads\/2019\/02\/Logo_Spi-CGIL-800x445-300x167.jpg 300w, https:\/\/www.radiopiu.net\/wordpress\/wp-content\/uploads\/2019\/02\/Logo_Spi-CGIL-800x445-768x427.jpg 768w, https:\/\/www.radiopiu.net\/wordpress\/wp-content\/uploads\/2019\/02\/Logo_Spi-CGIL-800x445.jpg 800w\" sizes=\"auto, (max-width: 210px) 100vw, 210px\" \/><\/a>ALLA RADIO, APPUNTAMENTO QUINDICINALE CON SPI-CGIL BELLUNO, IN STUDIO MARIA RITA GENTILIN<\/h3>\n<\/blockquote>\n<p><strong>di Claudio Fontanive<\/strong><\/p>\n<audio class=\"wp-audio-shortcode\" id=\"audio-194171-5\" preload=\"none\" style=\"width: 100%;\" controls=\"controls\"><source type=\"audio\/mpeg\" src=\"https:\/\/www.radiopiu.net\/wordpress\/wp-content\/uploads\/2021\/02\/spi-cgil-18-febbraio.mp3?_=5\" \/><a href=\"https:\/\/www.radiopiu.net\/wordpress\/wp-content\/uploads\/2021\/02\/spi-cgil-18-febbraio.mp3\">https:\/\/www.radiopiu.net\/wordpress\/wp-content\/uploads\/2021\/02\/spi-cgil-18-febbraio.mp3<\/a><\/audio>\n<p>&nbsp;<\/p>\n<p>&nbsp;<\/p>\n<hr \/>\n<p>&nbsp;<\/p>\n<p><span style=\"color: #ff0000;\"><a href=\"https:\/\/www.radiopiu.net\/wordpress\/giornale-radiopiu-25-febbraio-2021-direttore-mirko-mezzacasa\/84168586_3724582740900333_7440029064968011776_n\/\" rel=\"attachment wp-att-193399\"><img loading=\"lazy\" decoding=\"async\" class=\"wp-image-193399 alignleft\" src=\"https:\/\/www.radiopiu.net\/wordpress\/wp-content\/uploads\/2021\/02\/84168586_3724582740900333_7440029064968011776_n.jpg\" alt=\"\" width=\"143\" height=\"141\" \/><\/a>\u00a0<\/span><\/p>\n<p><strong>CISL LA VOCE DEI LAVORATORI<\/strong><\/p>\n<p><em>con Paolo Chissal\u00e8 e la Segretaria Femca Cisl Milena Cesca\u00a0<\/em><\/p>\n<audio class=\"wp-audio-shortcode\" id=\"audio-194171-6\" preload=\"none\" style=\"width: 100%;\" controls=\"controls\"><source type=\"audio\/mpeg\" src=\"https:\/\/www.radiopiu.net\/wordpress\/wp-content\/uploads\/2021\/02\/CISL-1.mp3?_=6\" \/><a href=\"https:\/\/www.radiopiu.net\/wordpress\/wp-content\/uploads\/2021\/02\/CISL-1.mp3\">https:\/\/www.radiopiu.net\/wordpress\/wp-content\/uploads\/2021\/02\/CISL-1.mp3<\/a><\/audio>\n<p>&nbsp;<\/p>\n<p>&nbsp;<\/p>\n<hr \/>\n<p>&nbsp;<\/p>\n<blockquote>\n<h2><a href=\"https:\/\/www.radiopiu.net\/wordpress\/speciale-solidarieta-veneto\/solidarieta-veneto-3\/\" rel=\"attachment wp-att-134366\"><img loading=\"lazy\" decoding=\"async\" class=\"wp-image-134366 alignleft\" src=\"https:\/\/www.radiopiu.net\/wordpress\/wp-content\/uploads\/2020\/05\/solidariet\u00e0-veneto-300x210.jpg\" alt=\"\" width=\"102\" height=\"71\" srcset=\"https:\/\/www.radiopiu.net\/wordpress\/wp-content\/uploads\/2020\/05\/solidariet\u00e0-veneto-300x210.jpg 300w, https:\/\/www.radiopiu.net\/wordpress\/wp-content\/uploads\/2020\/05\/solidariet\u00e0-veneto-1024x717.jpg 1024w, https:\/\/www.radiopiu.net\/wordpress\/wp-content\/uploads\/2020\/05\/solidariet\u00e0-veneto-768x538.jpg 768w, https:\/\/www.radiopiu.net\/wordpress\/wp-content\/uploads\/2020\/05\/solidariet\u00e0-veneto.jpg 1373w\" sizes=\"auto, (max-width: 102px) 100vw, 102px\" \/><\/a>SOLIDARIETA&#8217; VENETO FONDO PENSIONE, IN ONDA IL PRIMO VENERDI DEL MESE ALLE 10.30 E ALLE 19.00 QUINTA STAGIONE<\/h2>\n<\/blockquote>\n<p><strong>AUDIO FEBBRAIO 2021<\/strong><\/p>\n<audio class=\"wp-audio-shortcode\" id=\"audio-194171-7\" preload=\"none\" style=\"width: 100%;\" controls=\"controls\"><source type=\"audio\/mpeg\" src=\"https:\/\/www.radiopiu.net\/wordpress\/wp-content\/uploads\/2021\/02\/solidarieta-veneto-febbraio.mp3?_=7\" \/><a href=\"https:\/\/www.radiopiu.net\/wordpress\/wp-content\/uploads\/2021\/02\/solidarieta-veneto-febbraio.mp3\">https:\/\/www.radiopiu.net\/wordpress\/wp-content\/uploads\/2021\/02\/solidarieta-veneto-febbraio.mp3<\/a><\/audio>\n<blockquote>\n<h2>RACCOLTA COMPLETA<\/h2>\n<\/blockquote>\n<blockquote class=\"wp-embedded-content\" data-secret=\"CYwr1lYR47\"><p><a href=\"https:\/\/www.radiopiu.net\/wordpress\/solidarieta-veneto\/\">Solidariet\u00e0 Veneto<\/a><\/p><\/blockquote>\n<p><iframe loading=\"lazy\" class=\"wp-embedded-content\" sandbox=\"allow-scripts\" security=\"restricted\" style=\"position: absolute; clip: rect(1px, 1px, 1px, 1px);\" title=\"&#8220;Solidariet\u00e0 Veneto&#8221; &#8212; Radio Pi\u00f9\" src=\"https:\/\/www.radiopiu.net\/wordpress\/solidarieta-veneto\/embed\/#?secret=CYwr1lYR47\" data-secret=\"CYwr1lYR47\" width=\"600\" height=\"338\" frameborder=\"0\" marginwidth=\"0\" marginheight=\"0\" scrolling=\"no\"><\/iframe><\/p>\n<p>&nbsp;<\/p>\n<p>&nbsp;<\/p>\n<\/div>\n<p>&nbsp;<\/p>\n<hr \/>\n<div>\n<h2><span style=\"color: #000080;\"><a class=\"dt-pswp-item\" href=\"https:\/\/www.radiopiu.net\/wordpress\/wp-content\/uploads\/2020\/10\/pp.jpg\" data-dt-img-description=\"\" data-large_image_width=\"640\" data-large_image_height=\"640\"><img loading=\"lazy\" decoding=\"async\" class=\"wp-image-163678 alignleft\" src=\"https:\/\/www.radiopiu.net\/wordpress\/wp-content\/uploads\/2020\/10\/pp-300x300.jpg\" alt=\"\" width=\"106\" height=\"106\" srcset=\"https:\/\/www.radiopiu.net\/wordpress\/wp-content\/uploads\/2020\/10\/pp-300x300.jpg 300w, https:\/\/www.radiopiu.net\/wordpress\/wp-content\/uploads\/2020\/10\/pp-150x150.jpg 150w, https:\/\/www.radiopiu.net\/wordpress\/wp-content\/uploads\/2020\/10\/pp-125x125.jpg 125w, https:\/\/www.radiopiu.net\/wordpress\/wp-content\/uploads\/2020\/10\/pp-200x200.jpg 200w, https:\/\/www.radiopiu.net\/wordpress\/wp-content\/uploads\/2020\/10\/pp-80x80.jpg 80w, https:\/\/www.radiopiu.net\/wordpress\/wp-content\/uploads\/2020\/10\/pp-480x480.jpg 480w, https:\/\/www.radiopiu.net\/wordpress\/wp-content\/uploads\/2020\/10\/pp.jpg 640w\" sizes=\"auto, (max-width: 106px) 100vw, 106px\" \/><\/a><\/span><\/h2>\n<h2><span style=\"color: #000080;\">DON CESARE, IL PENSIERO DEL GIORNO. ALLA RADIO ALLE 7 DEL MATTINO E ALLE 19.30 DELLA SERA.\u00a0\u00a0<\/span><\/h2>\n<p>&nbsp;<\/p>\n<\/div>\n<audio class=\"wp-audio-shortcode\" id=\"audio-194171-8\" preload=\"none\" style=\"width: 100%;\" controls=\"controls\"><source type=\"audio\/mpeg\" src=\"https:\/\/www.radiopiu.net\/wordpress\/wp-content\/uploads\/2021\/02\/CESARE-14.mp3?_=8\" \/><a href=\"https:\/\/www.radiopiu.net\/wordpress\/wp-content\/uploads\/2021\/02\/CESARE-14.mp3\">https:\/\/www.radiopiu.net\/wordpress\/wp-content\/uploads\/2021\/02\/CESARE-14.mp3<\/a><\/audio>\n<p>&nbsp;<\/p>\n<p>&nbsp;<\/p>\n<hr \/>\n<p>&nbsp;<\/p>\n<blockquote>\n<h2>FANTASTICHE DOLOMITI, NUOVA STAGIONE. APPUNTAMENTO QUINDICINALE IL GIOVEDI ALLE 10.30 E 19.00<\/h2>\n<\/blockquote>\n<p><span style=\"color: #000000;\"><strong><img loading=\"lazy\" decoding=\"async\" class=\"alignleft\" src=\"https:\/\/www.radiopiu.net\/wordpress\/wp-content\/uploads\/2017\/10\/logo-fantastiche-dolomiti-300x113.jpg\" width=\"181\" height=\"68\" \/>LA NUOVA PUNTATA i corsi di formazione della Fondazione 11 FEBBRAIO 2021<\/strong><\/span><\/p>\n<h2><span style=\"color: #ff0000;\">PUNTATA 10 ,<\/span><\/h2>\n<p><strong>OSPITE IL PRESIDENTE CLAUDIO CANOVA<\/strong><\/p>\n<audio class=\"wp-audio-shortcode\" id=\"audio-194171-9\" preload=\"none\" style=\"width: 100%;\" controls=\"controls\"><source type=\"audio\/mpeg\" src=\"https:\/\/www.radiopiu.net\/wordpress\/wp-content\/uploads\/2021\/02\/fantastiche-dolomiti-25-febbraio.mp3?_=9\" \/><a href=\"https:\/\/www.radiopiu.net\/wordpress\/wp-content\/uploads\/2021\/02\/fantastiche-dolomiti-25-febbraio.mp3\">https:\/\/www.radiopiu.net\/wordpress\/wp-content\/uploads\/2021\/02\/fantastiche-dolomiti-25-febbraio.mp3<\/a><\/audio>\n<h3>LA RACCOLTA COMPLETA<\/h3>\n<blockquote class=\"wp-embedded-content\" data-secret=\"YyJziF4yHH\"><p><a href=\"https:\/\/www.radiopiu.net\/wordpress\/raccolta-completa\/\">FANTASTICHE DOLOMITI 10^ PUNTATA: IL QUINDICINALE APPUNTAMENTO ALLA RADIO<\/a><\/p><\/blockquote>\n<p><iframe loading=\"lazy\" class=\"wp-embedded-content\" sandbox=\"allow-scripts\" security=\"restricted\" style=\"position: absolute; clip: rect(1px, 1px, 1px, 1px);\" title=\"&#8220;FANTASTICHE DOLOMITI 10^ PUNTATA: IL QUINDICINALE APPUNTAMENTO ALLA RADIO&#8221; &#8212; Radio Pi\u00f9\" src=\"https:\/\/www.radiopiu.net\/wordpress\/raccolta-completa\/embed\/#?secret=YyJziF4yHH\" data-secret=\"YyJziF4yHH\" width=\"600\" height=\"338\" frameborder=\"0\" marginwidth=\"0\" marginheight=\"0\" scrolling=\"no\"><\/iframe><\/p>\n<p>&nbsp;<\/p>\n<p>&nbsp;<\/p>\n<hr \/>\n<p>&nbsp;<\/p>\n<blockquote>\n<h3>PER LA PRIMA VOLTA: COPPA DEL MONDO DI SCI SULLA &#8220;VOLATA&#8221;<\/h3>\n<h3><\/h3>\n<h3><a href=\"https:\/\/www.radiopiu.net\/wordpress\/lara-gut-behrami-fa-doppietta-su-la-volata\/volata-2\/\" rel=\"attachment wp-att-194200\"><img loading=\"lazy\" decoding=\"async\" class=\" wp-image-194200 alignright\" src=\"https:\/\/www.radiopiu.net\/wordpress\/wp-content\/uploads\/2021\/02\/VOLATA-300x229.jpg\" alt=\"\" width=\"197\" height=\"150\" srcset=\"https:\/\/www.radiopiu.net\/wordpress\/wp-content\/uploads\/2021\/02\/VOLATA-300x229.jpg 300w, https:\/\/www.radiopiu.net\/wordpress\/wp-content\/uploads\/2021\/02\/VOLATA-1024x781.jpg 1024w, https:\/\/www.radiopiu.net\/wordpress\/wp-content\/uploads\/2021\/02\/VOLATA-768x586.jpg 768w, https:\/\/www.radiopiu.net\/wordpress\/wp-content\/uploads\/2021\/02\/VOLATA-1536x1171.jpg 1536w, https:\/\/www.radiopiu.net\/wordpress\/wp-content\/uploads\/2021\/02\/VOLATA.jpg 1600w\" sizes=\"auto, (max-width: 197px) 100vw, 197px\" \/><\/a>MAURO VENDRUSCOLO PRESIDENTE DELLA SKI AREA SAN PELLEGRINO E MATTIA GIONGO DIRETTORE DELLA PISTA &#8220;LA VOLATA&#8221;<\/h3>\n<audio class=\"wp-audio-shortcode\" id=\"audio-194171-10\" preload=\"none\" style=\"width: 100%;\" controls=\"controls\"><source type=\"audio\/mpeg\" src=\"https:\/\/www.radiopiu.net\/wordpress\/wp-content\/uploads\/2021\/02\/vendruccolo-giongo.mp3?_=10\" \/><a href=\"https:\/\/www.radiopiu.net\/wordpress\/wp-content\/uploads\/2021\/02\/vendruccolo-giongo.mp3\">https:\/\/www.radiopiu.net\/wordpress\/wp-content\/uploads\/2021\/02\/vendruccolo-giongo.mp3<\/a><\/audio>\n<p>&nbsp;<\/p><\/blockquote>\n<blockquote>\n<h3 style=\"text-align: center;\">LA RACCOLTA COMPLETA<\/h3>\n<\/blockquote>\n<p>https:\/\/www.radiopiu.net\/wordpress\/federica-brignone-vince-il-super-g-lara-gut-behrami-fa-doppietta-in-dicesa-il-fine-settimana-dalla-pista-la-volata\/<\/p>\n<blockquote><p>&nbsp;<\/p>\n<p>&nbsp;<\/p><\/blockquote>\n<hr \/>\n<blockquote>\n<h2><span style=\"color: #ff0000;\">\u00a0<\/span><\/h2>\n<h2><span style=\"color: #ff0000;\">ALLA RADIO<\/span><\/h2>\n<h2><a href=\"https:\/\/www.radiopiu.net\/wordpress\/erbe-e-piante-curative-quarta-puntata\/eucalipto\/\" rel=\"attachment wp-att-193216\"><img loading=\"lazy\" decoding=\"async\" class=\" wp-image-193216 alignleft\" src=\"https:\/\/www.radiopiu.net\/wordpress\/wp-content\/uploads\/2021\/02\/EUCALIPTO-300x300.jpg\" alt=\"\" width=\"60\" height=\"60\" srcset=\"https:\/\/www.radiopiu.net\/wordpress\/wp-content\/uploads\/2021\/02\/EUCALIPTO-300x300.jpg 300w, https:\/\/www.radiopiu.net\/wordpress\/wp-content\/uploads\/2021\/02\/EUCALIPTO-1024x1024.jpg 1024w, https:\/\/www.radiopiu.net\/wordpress\/wp-content\/uploads\/2021\/02\/EUCALIPTO-150x150.jpg 150w, https:\/\/www.radiopiu.net\/wordpress\/wp-content\/uploads\/2021\/02\/EUCALIPTO-768x768.jpg 768w, https:\/\/www.radiopiu.net\/wordpress\/wp-content\/uploads\/2021\/02\/EUCALIPTO-1536x1536.jpg 1536w, https:\/\/www.radiopiu.net\/wordpress\/wp-content\/uploads\/2021\/02\/EUCALIPTO.jpg 1920w\" sizes=\"auto, (max-width: 60px) 100vw, 60px\" \/><\/a><\/h2>\n<h2><span style=\"color: #008000;\">ERBE E PIANTE CURATIVE&#8230;IL NUOVO PROGRAMMA DI PAOLA LANCIATO<\/span><\/h2>\n<p>&nbsp;<\/p>\n<p><strong>QUARTA PUNTATA &#8211; L&#8217;EUCALIPTO \u00a0<\/strong><\/p><\/blockquote>\n<blockquote><audio class=\"wp-audio-shortcode\" id=\"audio-194171-11\" preload=\"none\" style=\"width: 100%;\" controls=\"controls\"><source type=\"audio\/mpeg\" src=\"https:\/\/www.radiopiu.net\/wordpress\/wp-content\/uploads\/2021\/02\/4-Leucalipto-M.mp3?_=11\" \/><a href=\"https:\/\/www.radiopiu.net\/wordpress\/wp-content\/uploads\/2021\/02\/4-Leucalipto-M.mp3\">https:\/\/www.radiopiu.net\/wordpress\/wp-content\/uploads\/2021\/02\/4-Leucalipto-M.mp3<\/a><\/audio>\n<p><strong>LA RACCOLTA COMPLETA<\/strong><\/p>\n<blockquote class=\"wp-embedded-content\" data-secret=\"aAali9TD4p\"><p><a href=\"https:\/\/www.radiopiu.net\/wordpress\/erbe-e-piante-curative\/\">ERBE E PIANTE CURATIVE<\/a><\/p><\/blockquote>\n<p><iframe loading=\"lazy\" class=\"wp-embedded-content\" sandbox=\"allow-scripts\" security=\"restricted\" style=\"position: absolute; clip: rect(1px, 1px, 1px, 1px);\" title=\"&#8220;ERBE E PIANTE CURATIVE&#8221; &#8212; Radio Pi\u00f9\" src=\"https:\/\/www.radiopiu.net\/wordpress\/erbe-e-piante-curative\/embed\/#?secret=aAali9TD4p\" data-secret=\"aAali9TD4p\" width=\"600\" height=\"338\" frameborder=\"0\" marginwidth=\"0\" marginheight=\"0\" scrolling=\"no\"><\/iframe><\/p>\n<p>&nbsp;<\/p><\/blockquote>\n<blockquote><p>&nbsp;<\/p><\/blockquote>\n<p>&nbsp;<\/p>\n<hr \/>\n<blockquote><p>&nbsp;<\/p>\n<blockquote>\n<div>\n<h2><span style=\"color: #ff0000;\">ALLA RADIO<\/span><\/h2>\n<h2><strong>LE\u00a0 PUNTATE di Luisa Alchini di Leggermente Bellunesi, la domenica alle 11, <span style=\"color: #0000ff;\">IL MARTEDI IN PRIMA EDIZIONE\u00a0<\/span> alle 10.30 e alle 19.00<\/strong><\/h2>\n<p><strong><a href=\"https:\/\/www.radiopiu.net\/wordpress\/legger-mente-bellunesi-puntata-del-23-febbraio-2021\/152570613_1593331434188251_7871817895016381530_o\/\" rel=\"attachment wp-att-193220\"><img loading=\"lazy\" decoding=\"async\" class=\" wp-image-193220 alignleft\" src=\"https:\/\/www.radiopiu.net\/wordpress\/wp-content\/uploads\/2021\/02\/152570613_1593331434188251_7871817895016381530_o-192x300.jpg\" alt=\"\" width=\"55\" height=\"86\" srcset=\"https:\/\/www.radiopiu.net\/wordpress\/wp-content\/uploads\/2021\/02\/152570613_1593331434188251_7871817895016381530_o-192x300.jpg 192w, https:\/\/www.radiopiu.net\/wordpress\/wp-content\/uploads\/2021\/02\/152570613_1593331434188251_7871817895016381530_o-655x1024.jpg 655w, https:\/\/www.radiopiu.net\/wordpress\/wp-content\/uploads\/2021\/02\/152570613_1593331434188251_7871817895016381530_o.jpg 748w\" sizes=\"auto, (max-width: 55px) 100vw, 55px\" \/><\/a><\/strong><\/p>\n<p>&nbsp;<\/p>\n<p>&nbsp;<\/p>\n<p>L&#8217;autore della settimana \u00e8 Gino Miana e i suoi &#8220;colorati&#8221; racconti<\/p>\n<audio class=\"wp-audio-shortcode\" id=\"audio-194171-12\" preload=\"none\" style=\"width: 100%;\" controls=\"controls\"><source type=\"audio\/mpeg\" src=\"https:\/\/www.radiopiu.net\/wordpress\/wp-content\/uploads\/2021\/02\/19leggermenteginomiana2021.mp3?_=12\" \/><a href=\"https:\/\/www.radiopiu.net\/wordpress\/wp-content\/uploads\/2021\/02\/19leggermenteginomiana2021.mp3\">https:\/\/www.radiopiu.net\/wordpress\/wp-content\/uploads\/2021\/02\/19leggermenteginomiana2021.mp3<\/a><\/audio>\n<h2><strong style=\"font-size: 14px;\"><span style=\"color: #000000;\">RACCOLTA COMPLETA<\/span><\/strong><\/h2>\n<\/div>\n<blockquote class=\"wp-embedded-content\" data-secret=\"JuxYwbkXI3\"><p><a href=\"https:\/\/www.radiopiu.net\/wordpress\/leggermente-20\/\">LEGGERmente&#8230;Bellunesi<\/a><\/p><\/blockquote>\n<p><iframe loading=\"lazy\" class=\"wp-embedded-content\" sandbox=\"allow-scripts\" security=\"restricted\" style=\"position: absolute; clip: rect(1px, 1px, 1px, 1px);\" title=\"&#8220;LEGGERmente&#8230;Bellunesi&#8221; &#8212; Radio Pi\u00f9\" src=\"https:\/\/www.radiopiu.net\/wordpress\/leggermente-20\/embed\/#?secret=JuxYwbkXI3\" data-secret=\"JuxYwbkXI3\" width=\"600\" height=\"338\" frameborder=\"0\" marginwidth=\"0\" marginheight=\"0\" scrolling=\"no\"><\/iframe><\/p>\n<p>&nbsp;<\/p>\n<hr \/>\n<\/blockquote>\n<h2><\/h2>\n<h3 class=\"kvgmc6g5 cxmmr5t8 oygrvhab hcukyx3x c1et5uql\"><span style=\"color: #0000ff;\">INFORMAZIONE il canale su TELEGRAM informazione di prima mano e in tempo reale. iscriviti ed aiutaci a farlo conoscere\u00a0<\/span><\/h3>\n<h2>007 IN CONDOTTA CON LA PROF. MARIA ROSA SALMAZO IL LUNEDI ALLE 10,30 E ALLE 19.00 LA DOMENICA ALLE 8 DEL <img loading=\"lazy\" decoding=\"async\" class=\"alignleft\" src=\"https:\/\/www.radiopiu.net\/wordpress\/wp-content\/uploads\/2021\/02\/sci.jpg\" width=\"162\" height=\"108\" \/>MATTINO. NONA STAGIONE<\/h2>\n<p><strong>LA PUNTATA DELLA SETTIMANA Scuola e sport<\/strong><\/p>\n<audio class=\"wp-audio-shortcode\" id=\"audio-194171-13\" preload=\"none\" style=\"width: 100%;\" controls=\"controls\"><source type=\"audio\/mpeg\" src=\"https:\/\/www.radiopiu.net\/wordpress\/wp-content\/uploads\/2021\/02\/007-22-febbraio.mp3?_=13\" \/><a href=\"https:\/\/www.radiopiu.net\/wordpress\/wp-content\/uploads\/2021\/02\/007-22-febbraio.mp3\">https:\/\/www.radiopiu.net\/wordpress\/wp-content\/uploads\/2021\/02\/007-22-febbraio.mp3<\/a><\/audio>\n<h2>LA RACCOLTA COMPLETA<\/h2>\n<blockquote class=\"wp-embedded-content\" data-secret=\"expJzdU4Rc\"><p><a href=\"https:\/\/www.radiopiu.net\/wordpress\/007incondotta-9\/\">007 in condotta<\/a><\/p><\/blockquote>\n<p><iframe loading=\"lazy\" class=\"wp-embedded-content\" sandbox=\"allow-scripts\" security=\"restricted\" style=\"position: absolute; clip: rect(1px, 1px, 1px, 1px);\" title=\"&#8220;007 in condotta&#8221; &#8212; Radio Pi\u00f9\" src=\"https:\/\/www.radiopiu.net\/wordpress\/007incondotta-9\/embed\/#?secret=expJzdU4Rc\" data-secret=\"expJzdU4Rc\" width=\"600\" height=\"338\" frameborder=\"0\" marginwidth=\"0\" marginheight=\"0\" scrolling=\"no\"><\/iframe><\/p>\n<p>&nbsp;<\/p>\n<p>&nbsp;<\/p>\n<p>&nbsp;<\/p><\/blockquote>\n<hr \/>\n<p>&nbsp;<\/p>\n<div>\n<h2><span style=\"color: #33cccc;\">I RACCONTI DI PAOLO SOPPELSA il lunedi alle 9.30 e 18.30<\/span><\/h2>\n<blockquote class=\"wp-embedded-content\" data-secret=\"nzvUiDmqYG\"><p><a href=\"https:\/\/www.radiopiu.net\/wordpress\/i-racconti-di-paolo-soppelsa-sessantatreesima-puntata\/\">I RACCONTI DI PAOLO SOPPELSA SESSANTATREESIMA PUNTATA<\/a><\/p><\/blockquote>\n<p><iframe loading=\"lazy\" class=\"wp-embedded-content\" sandbox=\"allow-scripts\" security=\"restricted\" style=\"position: absolute; clip: rect(1px, 1px, 1px, 1px);\" title=\"&#8220;I RACCONTI DI PAOLO SOPPELSA SESSANTATREESIMA PUNTATA&#8221; &#8212; Radio Pi\u00f9\" src=\"https:\/\/www.radiopiu.net\/wordpress\/i-racconti-di-paolo-soppelsa-sessantatreesima-puntata\/embed\/#?secret=nzvUiDmqYG\" data-secret=\"nzvUiDmqYG\" width=\"600\" height=\"338\" frameborder=\"0\" marginwidth=\"0\" marginheight=\"0\" scrolling=\"no\"><\/iframe><\/p>\n<h3 class=\"kvgmc6g5 cxmmr5t8 oygrvhab hcukyx3x c1et5uql\"><span style=\"color: #0000ff;\">INFORMAZIONE il canale su TELEGRAM informazione di prima mano e in tempo reale. iscriviti ed aiutaci a farlo conoscere\u00a0<\/span><\/h3>\n<h2><span style=\"color: #33cccc;\"><strong>RACCOLTA COMPLETA<\/strong><\/span><\/h2>\n<blockquote class=\"wp-embedded-content\" data-secret=\"BdrVlK1a6Z\"><p><a href=\"https:\/\/www.radiopiu.net\/wordpress\/i-racconti-di-paolo-soppelsa\/\">I racconti di Paolo Soppelsa<\/a><\/p><\/blockquote>\n<p><iframe loading=\"lazy\" class=\"wp-embedded-content\" sandbox=\"allow-scripts\" security=\"restricted\" style=\"position: absolute; clip: rect(1px, 1px, 1px, 1px);\" title=\"&#8220;I racconti di Paolo Soppelsa&#8221; &#8212; Radio Pi\u00f9\" src=\"https:\/\/www.radiopiu.net\/wordpress\/i-racconti-di-paolo-soppelsa\/embed\/#?secret=BdrVlK1a6Z\" data-secret=\"BdrVlK1a6Z\" width=\"600\" height=\"338\" frameborder=\"0\" marginwidth=\"0\" marginheight=\"0\" scrolling=\"no\"><\/iframe><\/p>\n<\/div>\n<p>&nbsp;<\/p>\n<hr \/>\n<p>&nbsp;<\/p>\n<h2><\/h2>\n<h2><span style=\"color: #ff0000;\"><a href=\"https:\/\/www.radiopiu.net\/wordpress\/giornale-radiopiu-05-gennaio-2021-direttore-mirko-mezzacasa\/133200401_100838761953611_1258544160541445132_o-2\/\" rel=\"attachment wp-att-183078\"><img loading=\"lazy\" decoding=\"async\" class=\" wp-image-183078 alignleft\" src=\"https:\/\/www.radiopiu.net\/wordpress\/wp-content\/uploads\/2021\/01\/133200401_100838761953611_1258544160541445132_o-1-300x157.jpg\" alt=\"\" width=\"192\" height=\"101\" srcset=\"https:\/\/www.radiopiu.net\/wordpress\/wp-content\/uploads\/2021\/01\/133200401_100838761953611_1258544160541445132_o-1-300x157.jpg 300w, https:\/\/www.radiopiu.net\/wordpress\/wp-content\/uploads\/2021\/01\/133200401_100838761953611_1258544160541445132_o-1.jpg 526w\" sizes=\"auto, (max-width: 192px) 100vw, 192px\" \/><\/a>GOCCE DI FILOSOFIA, CON CHIARA CAU, CON LISA DE LUCA. <\/span><\/h2>\n<h2><span style=\"color: #ff0000;\">TUTTI I GIORNI DAL LUNEDI AL VENERDI ALLE 6.55 E ALLE 18.55\u00a0<\/span><\/h2>\n<h3>LA RACCOLTA COMPLETA<\/h3>\n<blockquote class=\"wp-embedded-content\" data-secret=\"ENtWEhpotr\"><p><a href=\"https:\/\/www.radiopiu.net\/wordpress\/gocce-filosofia\/\">Gocce di filosofia<\/a><\/p><\/blockquote>\n<p><iframe loading=\"lazy\" class=\"wp-embedded-content\" sandbox=\"allow-scripts\" security=\"restricted\" style=\"position: absolute; clip: rect(1px, 1px, 1px, 1px);\" title=\"&#8220;Gocce di filosofia&#8221; &#8212; Radio Pi\u00f9\" src=\"https:\/\/www.radiopiu.net\/wordpress\/gocce-filosofia\/embed\/#?secret=ENtWEhpotr\" data-secret=\"ENtWEhpotr\" width=\"600\" height=\"338\" frameborder=\"0\" marginwidth=\"0\" marginheight=\"0\" scrolling=\"no\"><\/iframe><\/p>\n<p>&nbsp;<\/p>\n<hr \/>\n<p>&nbsp;<\/p>\n<div class=\"im_message_wrap clearfix\">\n<div class=\"im_content_message_wrap im_message_out\">\n<h2><span style=\"color: #ff0000;\">IERI ALLA RADIO\u00a0 IN VIVO VERSO 2020-21<\/span><\/h2>\n<p><strong><span style=\"color: #0000ff;\">IN ONDA DAL LUNEDI AL VENERDI ALLE 7.10, 10.10, 18.50\u00a0 \u00a0<\/span><\/strong><\/p>\n<p><strong>LA RACCOLTA<\/strong><\/p>\n<blockquote class=\"wp-embedded-content\" data-secret=\"xWuy2bLkcR\"><p><a href=\"https:\/\/www.radiopiu.net\/wordpress\/in-vivo-verso\/\">In Vivo Verso<\/a><\/p><\/blockquote>\n<p><iframe loading=\"lazy\" class=\"wp-embedded-content\" sandbox=\"allow-scripts\" security=\"restricted\" style=\"position: absolute; clip: rect(1px, 1px, 1px, 1px);\" title=\"&#8220;In Vivo Verso&#8221; &#8212; Radio Pi\u00f9\" src=\"https:\/\/www.radiopiu.net\/wordpress\/in-vivo-verso\/embed\/#?secret=xWuy2bLkcR\" data-secret=\"xWuy2bLkcR\" width=\"600\" height=\"338\" frameborder=\"0\" marginwidth=\"0\" marginheight=\"0\" scrolling=\"no\"><\/iframe><\/p>\n<hr \/>\n<p>&nbsp;<\/p>\n<\/div>\n<\/div>\n<p>&nbsp;<\/p>\n<h2><span style=\"color: #808000;\">DUE MINUTI UN LIBRO\u00a0 TUTTI I GIORNI ALLA RADIO ALLE 9.30 E ALLE 18. QUINTA STAGIONE\u00a0<\/span><\/h2>\n<h3><span style=\"color: #808000;\">\u00a0<\/span>LA RACCOLTA COMPLETA<\/h3>\n<blockquote class=\"wp-embedded-content\" data-secret=\"ZqMcggF2ye\"><p><a href=\"https:\/\/www.radiopiu.net\/wordpress\/due-minuti-un-libro\/\">Due minuti un libro<\/a><\/p><\/blockquote>\n<p><iframe loading=\"lazy\" class=\"wp-embedded-content\" sandbox=\"allow-scripts\" security=\"restricted\" style=\"position: absolute; clip: rect(1px, 1px, 1px, 1px);\" title=\"&#8220;Due minuti un libro&#8221; &#8212; Radio Pi\u00f9\" src=\"https:\/\/www.radiopiu.net\/wordpress\/due-minuti-un-libro\/embed\/#?secret=ZqMcggF2ye\" data-secret=\"ZqMcggF2ye\" width=\"600\" height=\"338\" frameborder=\"0\" marginwidth=\"0\" marginheight=\"0\" scrolling=\"no\"><\/iframe><\/p>\n<p>&nbsp;<\/p>\n<p>&nbsp;<\/p>\n<hr \/>\n<blockquote>\n<h3>SALUTE E SOCIETA&#8217; IL LUNEDI ALLE 13.10 E ALLE 20.10, LA DOMENICA ALLE 10.30 A CURA DEL DOTTOR MARCO CARACCIOLO. QUINTA STAGIONE<\/h3>\n<\/blockquote>\n<p><strong><img loading=\"lazy\" decoding=\"async\" class=\"alignleft\" src=\"https:\/\/www.radiopiu.net\/wordpress\/wp-content\/uploads\/2021\/02\/dott.jpg\" width=\"208\" height=\"138\" \/>LA PUNTATA DELLA SETTIMANA: <\/strong>\u201cLa salute: un bene da difendere, un diritto da promuovere\u201d \u00e8 un progetto di tutela dei diritti dei pazienti oncologici e onco-ematologici che coinvolge ben 34 Associazioni in tutta Italia. Antonella Pitrelli ha parlato delle difficolt\u00e0 del Servizio Sanitario in questa fase storica caratterizzata dalla pandemia con:<br \/>\nAnnamaria Mancuso, Coordinatrice del gruppo \u201cLa salute: un bene da difendere, un diritto da promuovere\u201d e Presidente Salute Donna Onlus<br \/>\nFilippo de Braud, Direttore Dipartimento di Oncologia Medica, Istituto Nazionale dei Tumori di Milano Marco Vignetti, Presidente Fondazione GIMEMA e Vicepresidente AIL<\/p>\n<audio class=\"wp-audio-shortcode\" id=\"audio-194171-14\" preload=\"none\" style=\"width: 100%;\" controls=\"controls\"><source type=\"audio\/mpeg\" src=\"https:\/\/www.radiopiu.net\/wordpress\/wp-content\/uploads\/2021\/02\/SALUTE-3.mp3?_=14\" \/><a href=\"https:\/\/www.radiopiu.net\/wordpress\/wp-content\/uploads\/2021\/02\/SALUTE-3.mp3\">https:\/\/www.radiopiu.net\/wordpress\/wp-content\/uploads\/2021\/02\/SALUTE-3.mp3<\/a><\/audio>\n<p>&nbsp;<\/p>\n<p>&nbsp;<\/p>\n<p>&nbsp;<\/p>\n<hr \/>\n<p>&nbsp;<\/p>\n<div dir=\"auto\">\n<div>\n<h2><span style=\"color: #800080;\"><strong>LA RASSEGNA STAMPA DA L&#8217;AMICO DEL POPOLO\u00a0<\/strong><\/span><\/h2>\n<h3 class=\"kvgmc6g5 cxmmr5t8 oygrvhab hcukyx3x c1et5uql\"><span style=\"color: #0000ff;\"> INFORMAZIONE il canale su TELEGRAM informazione di prima mano e in tempo reale. iscriviti ed aiutaci a farlo conoscere\u00a0<\/span><\/h3>\n<p><strong><a href=\"https:\/\/www.radiopiu.net\/wordpress\/giornale-radiopiu-07-aprile\/cai-agordo-2\/\" rel=\"attachment wp-att-127841\"><img loading=\"lazy\" decoding=\"async\" class=\"size-full wp-image-127841 alignleft\" src=\"https:\/\/www.radiopiu.net\/wordpress\/wp-content\/uploads\/2020\/04\/cai-agordo.jpg\" alt=\"\" width=\"297\" height=\"170\" \/><\/a>di Gianni Santomaso<\/strong><\/p>\n<p>OSPITE: Anna Magro presidente CAI Agordo<\/p>\n<audio class=\"wp-audio-shortcode\" id=\"audio-194171-15\" preload=\"none\" style=\"width: 100%;\" controls=\"controls\"><source type=\"audio\/mpeg\" src=\"https:\/\/www.radiopiu.net\/wordpress\/wp-content\/uploads\/2021\/02\/RASSEGNA-GIANNI-3.mp3?_=15\" \/><a href=\"https:\/\/www.radiopiu.net\/wordpress\/wp-content\/uploads\/2021\/02\/RASSEGNA-GIANNI-3.mp3\">https:\/\/www.radiopiu.net\/wordpress\/wp-content\/uploads\/2021\/02\/RASSEGNA-GIANNI-3.mp3<\/a><\/audio>\n<p>&nbsp;<\/p>\n<p><strong>LA RACCOLTA COMPLETA<\/strong><\/p>\n<blockquote class=\"wp-embedded-content\" data-secret=\"uaJ4408ogn\"><p><a href=\"https:\/\/www.radiopiu.net\/wordpress\/rassegna-stampa-di-gianni-santomaso\/\">Rassegna stampa da l&#8217;amico del popolo &#8211; di Gianni Santomaso<\/a><\/p><\/blockquote>\n<p><iframe loading=\"lazy\" class=\"wp-embedded-content\" sandbox=\"allow-scripts\" security=\"restricted\" style=\"position: absolute; clip: rect(1px, 1px, 1px, 1px);\" title=\"&#8220;Rassegna stampa da l&#8217;amico del popolo &#8211; di Gianni Santomaso&#8221; &#8212; Radio Pi\u00f9\" src=\"https:\/\/www.radiopiu.net\/wordpress\/rassegna-stampa-di-gianni-santomaso\/embed\/#?secret=uaJ4408ogn\" data-secret=\"uaJ4408ogn\" width=\"600\" height=\"338\" frameborder=\"0\" marginwidth=\"0\" marginheight=\"0\" scrolling=\"no\"><\/iframe><\/p>\n<p>&nbsp;<\/p>\n<p>&nbsp;<\/p>\n<\/div>\n<\/div>\n<p>&nbsp;<\/p>\n<hr \/>\n<p>&nbsp;<\/p>\n<blockquote>\n<h3><a href=\"https:\/\/www.radiopiu.net\/wordpress\/almanacco-ladino-puntata-5-2020\/sn\/\" rel=\"attachment wp-att-180931\"><img loading=\"lazy\" decoding=\"async\" class=\"wp-image-180931 alignleft\" src=\"https:\/\/www.radiopiu.net\/wordpress\/wp-content\/uploads\/2020\/12\/sn-300x194.jpg\" alt=\"\" width=\"181\" height=\"117\" srcset=\"https:\/\/www.radiopiu.net\/wordpress\/wp-content\/uploads\/2020\/12\/sn-300x194.jpg 300w, https:\/\/www.radiopiu.net\/wordpress\/wp-content\/uploads\/2020\/12\/sn.jpg 626w\" sizes=\"auto, (max-width: 181px) 100vw, 181px\" \/><\/a>L&#8217;ALMANACCO LADINO CON L&#8217;ISTITUT CESA DE JAN QUINDICINALE APPUNTAMENTO. LA DOMENICA ALLE 9 IL LUNEDI ALLE 8.35 IL MARTEDI ALLE 12.35 IL MERCOLEDI ALLE 18.35. SECONDA STAGIONE.<\/h3>\n<\/blockquote>\n<p><strong>RACCOLTA COMPLETA\u00a0<\/strong><\/p>\n<blockquote class=\"wp-embedded-content\" data-secret=\"A66geRgXic\"><p><a href=\"https:\/\/www.radiopiu.net\/wordpress\/almanacco-ladino\/\">Almanacco Ladino<\/a><\/p><\/blockquote>\n<p><iframe loading=\"lazy\" class=\"wp-embedded-content\" sandbox=\"allow-scripts\" security=\"restricted\" style=\"position: absolute; clip: rect(1px, 1px, 1px, 1px);\" title=\"&#8220;Almanacco Ladino&#8221; &#8212; Radio Pi\u00f9\" src=\"https:\/\/www.radiopiu.net\/wordpress\/almanacco-ladino\/embed\/#?secret=A66geRgXic\" data-secret=\"A66geRgXic\" width=\"600\" height=\"338\" frameborder=\"0\" marginwidth=\"0\" marginheight=\"0\" scrolling=\"no\"><\/iframe><\/p>\n<p>&nbsp;<\/p>\n<hr \/>\n<blockquote>\n<h2><\/h2>\n<h2>RITORNA AI MICROFONI DI RADIO PIU&#8217; FRANCESCO ZILLIO<br \/>\nQUARTA puntata, stagione 2021 &#8211; EVOLUZIONE DEI SISTEMI DI COMUNICAZIONE SUPPORTATI DA SMARTH PHONE PER LE AZIENDE<\/h2>\n<\/blockquote>\n<p><iframe loading=\"lazy\" title=\"EPCENTER - EVOLUZIONE DEI SISTEMI DI COMUNICAZIONE SUPPORTATI DA SMART PHONE PER LE  AZIENDE\" width=\"1200\" height=\"675\" src=\"https:\/\/www.youtube.com\/embed\/VQu8U59Rjrw?feature=oembed\" frameborder=\"0\" allow=\"accelerometer; autoplay; clipboard-write; encrypted-media; gyroscope; picture-in-picture\" allowfullscreen><\/iframe><\/p>\n<p>&nbsp;<\/p>\n<p><strong>LA VIDEO GALLERY\u00a0<\/strong><\/p>\n<blockquote class=\"wp-embedded-content\" data-secret=\"Sl6wY97wdi\"><p><a href=\"https:\/\/www.radiopiu.net\/wordpress\/ep-center-video-gallery\/\">EP CENTER video gallery<\/a><\/p><\/blockquote>\n<p><iframe loading=\"lazy\" class=\"wp-embedded-content\" sandbox=\"allow-scripts\" security=\"restricted\" style=\"position: absolute; clip: rect(1px, 1px, 1px, 1px);\" title=\"&#8220;EP CENTER video gallery&#8221; &#8212; Radio Pi\u00f9\" src=\"https:\/\/www.radiopiu.net\/wordpress\/ep-center-video-gallery\/embed\/#?secret=Sl6wY97wdi\" data-secret=\"Sl6wY97wdi\" width=\"600\" height=\"338\" frameborder=\"0\" marginwidth=\"0\" marginheight=\"0\" scrolling=\"no\"><\/iframe><\/p>\n<p>&nbsp;<\/p>\n<p>&nbsp;<\/p>\n<hr \/>\n<p>&nbsp;<\/p>\n<p>&nbsp;<\/p>\n<blockquote class=\"wp-embedded-content\" data-secret=\"oang3WM1uR\"><p><a href=\"https:\/\/www.radiopiu.net\/wordpress\/conosciamo-i-cori-del-bellunese-con-la-corale-zumellese\/\">CONOSCIAMO I CORI DEL BELLUNESE, con la Corale Zumellese<\/a><\/p><\/blockquote>\n<p><iframe loading=\"lazy\" class=\"wp-embedded-content\" sandbox=\"allow-scripts\" security=\"restricted\" style=\"position: absolute; clip: rect(1px, 1px, 1px, 1px);\" title=\"&#8220;CONOSCIAMO I CORI DEL BELLUNESE, con la Corale Zumellese&#8221; &#8212; Radio Pi\u00f9\" src=\"https:\/\/www.radiopiu.net\/wordpress\/conosciamo-i-cori-del-bellunese-con-la-corale-zumellese\/embed\/#?secret=oang3WM1uR\" data-secret=\"oang3WM1uR\" width=\"600\" height=\"338\" frameborder=\"0\" marginwidth=\"0\" marginheight=\"0\" scrolling=\"no\"><\/iframe><\/p>\n<p>&nbsp;<\/p>\n<p>&nbsp;<\/p>\n<div dir=\"auto\">\n<p>&nbsp;<\/p>\n<hr \/>\n<p>&nbsp;<\/p>\n<div>\n<p class=\"photoswipe-wrapper\"><a class=\"dt-pswp-item pspw-wrap-ready\" href=\"https:\/\/i0.wp.com\/www.radiopiu.net\/wordpress\/wp-content\/uploads\/2018\/09\/viabilita.jpeg?ssl=1\" data-dt-img-description=\"\" data-large_image_width=\"800\" data-large_image_height=\"100\"><img loading=\"lazy\" decoding=\"async\" class=\"aligncenter wp-image-61954 size-full\" src=\"https:\/\/i0.wp.com\/www.radiopiu.net\/wordpress\/wp-content\/uploads\/2018\/09\/viabilita.jpeg?resize=800%2C100&amp;ssl=1\" sizes=\"auto, (max-width: 800px) 100vw, 800px\" srcset=\"https:\/\/i0.wp.com\/www.radiopiu.net\/wordpress\/wp-content\/uploads\/2018\/09\/viabilita.jpeg?w=800&amp;ssl=1 800w, https:\/\/i0.wp.com\/www.radiopiu.net\/wordpress\/wp-content\/uploads\/2018\/09\/viabilita.jpeg?resize=300%2C38&amp;ssl=1 300w, https:\/\/i0.wp.com\/www.radiopiu.net\/wordpress\/wp-content\/uploads\/2018\/09\/viabilita.jpeg?resize=768%2C96&amp;ssl=1 768w\" alt=\"\" width=\"800\" height=\"100\" \/><\/a><\/p>\n<\/div>\n<p>&nbsp;<\/p>\n<p><strong>SP 21 DI QUERO<\/strong> fino al 5 marzo, esclusi sabato e domenica, interdizione totale al traffico tra Quero e Ponte Tegorzo per posa cavidotto per conto di E-Distribuzione<\/p>\n<p><strong>SP 251 DELLA VAL DI ZOLDO E CELLINA<\/strong> Istituzione di senso unico alternato regolato da semaforo nel comune di Val di Zoldo per messa in sicurezza della strada<\/p>\n<p><strong>SP 42 CAVALLERA<\/strong> fino a revoca, chiusura della strada nell&#8217;abitato di Perarolo per attivazione emergenza frana &#8220;Busa del Cristo&#8221;<\/p>\n<p><strong>S.P.2 DELLA VALLE DEL MIS\u00a0<\/strong>Interdizione totale al traffico fino a revoca dal km 14,920 (localit\u00e0 Gona Bassa) al km 20,650 (localit\u00e0 Titele) per cedimento della carreggiata<\/p>\n<p><strong>S.P. 5 DI LAMOSANO<\/strong>\u00a0Interdizione totale fino a revoca per presenza di materiale e alberi in strada.<\/p>\n<p><strong>SP 3 DELLA VAL IMPERINA<\/strong> fino a revoca, senso unico alternato regolato a vista in localit\u00e0 Gona di Conedera di Rivamonte per cedimento della carreggiata stradale<\/p>\n<p>&nbsp;<\/p>\n<p>&nbsp;<\/p>\n<hr \/>\n<p>&nbsp;<\/p>\n<div>\n<p class=\"photoswipe-wrapper\"><a class=\"dt-pswp-item pspw-wrap-ready\" href=\"https:\/\/i0.wp.com\/www.radiopiu.net\/wordpress\/wp-content\/uploads\/2018\/09\/WhatsApp-Image-2018-09-20-at-16.04.06.jpeg?ssl=1\" data-dt-img-description=\"\" data-large_image_width=\"800\" data-large_image_height=\"100\"><img loading=\"lazy\" decoding=\"async\" class=\"aligncenter wp-image-61378 size-full jetpack-lazy-image jetpack-lazy-image--handled\" src=\"https:\/\/i0.wp.com\/www.radiopiu.net\/wordpress\/wp-content\/uploads\/2018\/09\/WhatsApp-Image-2018-09-20-at-16.04.06.jpeg?resize=800%2C100&amp;ssl=1\" sizes=\"auto, (max-width: 800px) 100vw, 800px\" srcset=\"https:\/\/i0.wp.com\/www.radiopiu.net\/wordpress\/wp-content\/uploads\/2018\/09\/WhatsApp-Image-2018-09-20-at-16.04.06.jpeg?w=800&amp;ssl=1 800w, https:\/\/i0.wp.com\/www.radiopiu.net\/wordpress\/wp-content\/uploads\/2018\/09\/WhatsApp-Image-2018-09-20-at-16.04.06.jpeg?resize=300%2C38&amp;ssl=1 300w, https:\/\/i0.wp.com\/www.radiopiu.net\/wordpress\/wp-content\/uploads\/2018\/09\/WhatsApp-Image-2018-09-20-at-16.04.06.jpeg?resize=768%2C96&amp;ssl=1 768w\" alt=\"\" width=\"800\" height=\"100\" data-lazy-loaded=\"1\" \/><\/a><\/p>\n<\/div>\n<p>&nbsp;<\/p>\n<div><center><b>Lunedi 1<\/b><\/center><b>Tempo atteso: <\/b>Tempo ben soleggiato con cielo sereno e visibilit\u00e0 buona a tutte le quote, salvo eventuali foschie o locali banchi di nebbia nottetempo nei luoghi solitamente pi\u00f9 umidi delle conche prealpine, eventualmente in rapido dissolvimento dopo l&#8217;alba. Rialzo termico in quota, con accentuazione dell&#8217;inversione termica notturna nelle valli.<br \/>\n<b>Precipitazioni: <\/b>Assenti (0%).<br \/>\n<b>Temperature: <\/b>In aumento, eccetto le minime nelle valli, stazionarie. Su Prealpi a 1500 m min 0\u00b0C max 5\u00b0C, a 2000 m min -1\u00b0C max 2\u00b0C. Su Dolomiti a 2000 m min 0\u00b0C max 3\u00b0C, a 3000 m min -6\u00b0C max -4\u00b0C.<br \/>\n<b>Venti: <\/b>Deboli, al pi\u00f9 localmente moderati, a regime di brezza nelle valli; in quota deboli da est nord-est, a 5-10 km\/h a 2000 m e 5-15 km\/h a 3000 m.<\/div>\n<\/div>\n<hr \/>\n<p><center><b>Martedi 2<\/b><\/center><b>Tempo atteso: <\/b>Tempo molto soleggiato con cielo sereno ovunque, con aria tersa in quota e qualche possibile foschia o nebbia mattutina nelle valli prealpine, eventualmente in rapido dissolvimento col soleggiamento diurno.<br \/>\n<b>Precipitazioni: <\/b>Assenti (0%).<br \/>\n<b>Temperature: <\/b>In ulteriore aumento, eccetto le minime nei fondovalle e sugli altopiani prealpini, con condizioni di inversione termica notturna. Su Prealpi a 1500 m min 1\u00b0C max 6\u00b0C, a 2000 m min -1\u00b0C max 3\u00b0C. Su Dolomiti a 2000 m min 0\u00b0C max 4\u00b0C, a 3000 m min -4\u00b0C max -2\u00b0C.<br \/>\n<b>Venti: <\/b>Deboli, al pi\u00f9 localmente moderati, a regime di brezza nelle valli; in quota deboli da sud-est, a 5-10 km\/h a 2000 m e 5-15 km\/h a 3000 m.<\/p>\n<hr \/>\n<p><center><b>Mercoledi 3<\/b><\/center>Ancora una bella giornata di sole con cielo perlopi\u00f9 sereno ovunque, anche se sulle Prealpi non sar\u00e0 esclusa qualche foschia o banco di nebbia nelle ore pi\u00f9 fredde. Ulteriore lieve rialzo termico in quota. Venti deboli.<\/p>\n<hr \/>\n<p><center><b>Giovedi 4<\/b><\/center>Tempo prevalentemente soleggiato, ma con qualche velatura, anche estesa. Sulle Prealpi il rischio di nubi basse sar\u00e0 in aumento. Tendenza a generale aumento della nuvolosit\u00e0 alla sera. Lieve calo termico a tutte le quote. Previsore: G.M.<\/p>\n<p>&nbsp;<\/p>\n<p><center>\u00a0<\/center><\/p>\n<hr \/>\n<p>&nbsp;<\/p>\n<p><a href=\"https:\/\/www.radiopiu.net\/wordpress\/giornale-radiopiu-15-settembre-2018-direttore-mirko-mezzacasa\/sport-7\/\" rel=\"attachment wp-att-60761\"><img loading=\"lazy\" decoding=\"async\" class=\"wp-image-60761 size-full aligncenter\" src=\"https:\/\/www.radiopiu.net\/wordpress\/wp-content\/uploads\/2018\/09\/sport.jpg\" alt=\"\" width=\"800\" height=\"100\" srcset=\"https:\/\/www.radiopiu.net\/wordpress\/wp-content\/uploads\/2018\/09\/sport.jpg 800w, https:\/\/www.radiopiu.net\/wordpress\/wp-content\/uploads\/2018\/09\/sport-300x38.jpg 300w, https:\/\/www.radiopiu.net\/wordpress\/wp-content\/uploads\/2018\/09\/sport-768x96.jpg 768w\" sizes=\"auto, (max-width: 800px) 100vw, 800px\" \/><\/a><\/p>\n<p>&nbsp;<\/p>\n<blockquote>\n<h3>FEDERICA BRIGNONE LA REGINA DEL SUPER-G SU &#8220;LA VOLATA&#8221;<\/h3>\n<\/blockquote>\n<p>Federica Brignone trova la giornata perfetta, la vittoria della liberazione, e rompe il dominio della Svizzera in Val di Fassa, regalandosi il sedicesimo trionfo in carriera in Coppa del Mondo, il primo della stagione. La trentenne valdostana ritrova la sciata dei giorni migliori nel superG, che chiude la tre giorni della skiarea Passo San Pellegrino ed eguaglia il record di successi nel massimo circuito internazionale di Deborah Compagnoni, nella giornata in cui l\u2019Italia sfodera una splendida prova di squadra, con Elena Curtoni, Francesca Marsaglia e Marta Bassino rimaste gi\u00f9 dal podio per questione di centesimi, quarta, quinta e sesta in classifica. Dopo i due successi conquistati in discesa venerd\u00ec e sabato, Lara Gut-Behrami questa volta non ce l&#8217;ha fatta. L\u2019immagine di copertina dell\u2019ultima giornata del trittico fassano, intanto, spetta a Federica Brignone, che riscatta la delusione patita ai Mondiali di Cortina, dimostrando di saper ancora fare quello che pi\u00f9 le piace, pennellare curve e vincere. L\u2019azzurra \u00e8 stata performante anche nei tratti di scorrimento, quelli a lei meno congeniali, ed \u00e8 riuscita a fare la differenza nella parte pi\u00f9 tecnica della pista, disegnando linee ideali sui Muri del Poeta, dove recita la propria ode alla tecnica dello sci. La norvegese Kajsa Vickhoff Lie e l\u2019austriaca Rosina Schneeberger, entrambe vittima di una brutta caduta, due incidenti che hanno causato una doppia interruzione della gara, chiamando all\u2019intervento i soccorsi dell&#8217;Aiut Alpin Dolomites. Alle due atlete, trasportate con l&#8217;elicottero del 118 all\u2019ospedale di Trento, viene riscontato il medesimo infortunio, ovvero la frattura di tibia e perone. La Val di Fassa e la pista La VolatA torneranno protagoniste gi\u00e0 marted\u00ec 2 e mercoled\u00ec 3 marzo, quando saranno teatro di una doppia gara di superG del circuito continentale.<\/p>\n\n\t\t\t<style type='text\/css'>\n\t\t\t\t#gallery-4 {\n\t\t\t\t\tmargin: auto;\n\t\t\t\t}\n\t\t\t\t#gallery-4 .gallery-item {\n\t\t\t\t\tfloat: left;\n\t\t\t\t\tmargin-top: 10px;\n\t\t\t\t\ttext-align: center;\n\t\t\t\t\twidth: 25%;\n\t\t\t\t}\n\t\t\t\t#gallery-4 img {\n\t\t\t\t\tborder: 2px solid #cfcfcf;\n\t\t\t\t}\n\t\t\t\t#gallery-4 .gallery-caption {\n\t\t\t\t\tmargin-left: 0;\n\t\t\t\t}\n\t\t\t\t\/* see gallery_shortcode() in wp-includes\/media.php *\/\n\t\t\t<\/style>\n\t\t<div id='gallery-4' class='dt-gallery-container gallery galleryid-194171 gallery-columns-4 gallery-size-medium'><dl class='gallery-item'>\n\t\t\t\t<dt class='gallery-icon landscape'>\n\t\t\t\t\t<a class=\"rollover rollover-zoom dt-pswp-item\" title=\"22092\" data-dt-img-description=\"\" data-large_image_width=\"2560\" data-large_image_height=\"1589\"href='https:\/\/www.radiopiu.net\/wordpress\/wp-content\/uploads\/2021\/02\/22092-scaled.jpg'><img loading=\"lazy\" decoding=\"async\" width=\"300\" height=\"186\" src=\"https:\/\/www.radiopiu.net\/wordpress\/wp-content\/uploads\/2021\/02\/22092-300x186.jpg\" class=\"attachment-medium size-medium\" alt=\"\" srcset=\"https:\/\/www.radiopiu.net\/wordpress\/wp-content\/uploads\/2021\/02\/22092-300x186.jpg 300w, https:\/\/www.radiopiu.net\/wordpress\/wp-content\/uploads\/2021\/02\/22092-1024x636.jpg 1024w, https:\/\/www.radiopiu.net\/wordpress\/wp-content\/uploads\/2021\/02\/22092-768x477.jpg 768w, https:\/\/www.radiopiu.net\/wordpress\/wp-content\/uploads\/2021\/02\/22092-1536x953.jpg 1536w, https:\/\/www.radiopiu.net\/wordpress\/wp-content\/uploads\/2021\/02\/22092-2048x1271.jpg 2048w\" sizes=\"auto, (max-width: 300px) 100vw, 300px\" \/><\/a>\n\t\t\t\t<\/dt><\/dl><dl class='gallery-item'>\n\t\t\t\t<dt class='gallery-icon landscape'>\n\t\t\t\t\t<a class=\"rollover rollover-zoom dt-pswp-item\" title=\"22103\" data-dt-img-description=\"\" data-large_image_width=\"2560\" data-large_image_height=\"1517\"href='https:\/\/www.radiopiu.net\/wordpress\/wp-content\/uploads\/2021\/02\/22103-scaled.jpg'><img loading=\"lazy\" decoding=\"async\" width=\"300\" height=\"178\" src=\"https:\/\/www.radiopiu.net\/wordpress\/wp-content\/uploads\/2021\/02\/22103-300x178.jpg\" class=\"attachment-medium size-medium\" alt=\"\" aria-describedby=\"gallery-4-194211\" srcset=\"https:\/\/www.radiopiu.net\/wordpress\/wp-content\/uploads\/2021\/02\/22103-300x178.jpg 300w, https:\/\/www.radiopiu.net\/wordpress\/wp-content\/uploads\/2021\/02\/22103-1024x607.jpg 1024w, https:\/\/www.radiopiu.net\/wordpress\/wp-content\/uploads\/2021\/02\/22103-768x455.jpg 768w, https:\/\/www.radiopiu.net\/wordpress\/wp-content\/uploads\/2021\/02\/22103-1536x910.jpg 1536w, https:\/\/www.radiopiu.net\/wordpress\/wp-content\/uploads\/2021\/02\/22103-2048x1213.jpg 2048w\" sizes=\"auto, (max-width: 300px) 100vw, 300px\" \/><\/a>\n\t\t\t\t<\/dt>\n\t\t\t\t\t<dd class='wp-caption-text gallery-caption' id='gallery-4-194211'>\n\t\t\t\t\tSKI WORLD CUP 2020\/2021 &#8211; Lara Gut-Behrni (svi)  Val di fassa , Italy, 28\/2\/2021 ,  photo Alessandro Trovati\/Pentaphoto\n\t\t\t\t\t<\/dd><\/dl><dl class='gallery-item'>\n\t\t\t\t<dt class='gallery-icon landscape'>\n\t\t\t\t\t<a class=\"rollover rollover-zoom dt-pswp-item\" title=\"22096\" data-dt-img-description=\"\" data-large_image_width=\"2560\" data-large_image_height=\"1627\"href='https:\/\/www.radiopiu.net\/wordpress\/wp-content\/uploads\/2021\/02\/22096-scaled.jpg'><img loading=\"lazy\" decoding=\"async\" width=\"300\" height=\"191\" src=\"https:\/\/www.radiopiu.net\/wordpress\/wp-content\/uploads\/2021\/02\/22096-300x191.jpg\" class=\"attachment-medium size-medium\" alt=\"\" aria-describedby=\"gallery-4-194209\" srcset=\"https:\/\/www.radiopiu.net\/wordpress\/wp-content\/uploads\/2021\/02\/22096-300x191.jpg 300w, https:\/\/www.radiopiu.net\/wordpress\/wp-content\/uploads\/2021\/02\/22096-1024x651.jpg 1024w, https:\/\/www.radiopiu.net\/wordpress\/wp-content\/uploads\/2021\/02\/22096-768x488.jpg 768w, https:\/\/www.radiopiu.net\/wordpress\/wp-content\/uploads\/2021\/02\/22096-1536x976.jpg 1536w, https:\/\/www.radiopiu.net\/wordpress\/wp-content\/uploads\/2021\/02\/22096-2048x1302.jpg 2048w\" sizes=\"auto, (max-width: 300px) 100vw, 300px\" \/><\/a>\n\t\t\t\t<\/dt>\n\t\t\t\t\t<dd class='wp-caption-text gallery-caption' id='gallery-4-194209'>\n\t\t\t\t\tSKI WORLD CUP 2020\/2021 &#8211; Federica Brignone (Ita)  Val di fassa , Italy, 28\/2\/2021 ,  photo Pentaphoto\n\t\t\t\t\t<\/dd><\/dl><dl class='gallery-item'>\n\t\t\t\t<dt class='gallery-icon landscape'>\n\t\t\t\t\t<a class=\"rollover rollover-zoom dt-pswp-item\" title=\"22106\" data-dt-img-description=\"\" data-large_image_width=\"2560\" data-large_image_height=\"1458\"href='https:\/\/www.radiopiu.net\/wordpress\/wp-content\/uploads\/2021\/02\/22106-scaled.jpg'><img loading=\"lazy\" decoding=\"async\" width=\"300\" height=\"171\" src=\"https:\/\/www.radiopiu.net\/wordpress\/wp-content\/uploads\/2021\/02\/22106-300x171.jpg\" class=\"attachment-medium size-medium\" alt=\"\" aria-describedby=\"gallery-4-194212\" srcset=\"https:\/\/www.radiopiu.net\/wordpress\/wp-content\/uploads\/2021\/02\/22106-300x171.jpg 300w, https:\/\/www.radiopiu.net\/wordpress\/wp-content\/uploads\/2021\/02\/22106-1024x583.jpg 1024w, https:\/\/www.radiopiu.net\/wordpress\/wp-content\/uploads\/2021\/02\/22106-768x437.jpg 768w, https:\/\/www.radiopiu.net\/wordpress\/wp-content\/uploads\/2021\/02\/22106-1536x875.jpg 1536w, https:\/\/www.radiopiu.net\/wordpress\/wp-content\/uploads\/2021\/02\/22106-2048x1166.jpg 2048w\" sizes=\"auto, (max-width: 300px) 100vw, 300px\" \/><\/a>\n\t\t\t\t<\/dt>\n\t\t\t\t\t<dd class='wp-caption-text gallery-caption' id='gallery-4-194212'>\n\t\t\t\t\tSKI WORLD CUP 2020\/2021 -Kajsa Lie (nor)  Val di fassa , Italy, 28\/2\/2021 ,  photo Alessandro Trovati\/Pentaphoto\n\t\t\t\t\t<\/dd><\/dl><br style=\"clear: both\" \/>\n\t\t\t<\/div>\n\n<p>&nbsp;<\/p>\n<hr \/>\n<p>&nbsp;<\/p>\n<blockquote>\n<h3>VECELLIO OLIVA E DE PIERI FIRMANO IL GIGANTE NELLE TERZA GIORNATA DELLE FINALI NET INSURANCE<\/h3>\n<\/blockquote>\n<p><strong>MONTE VERENA (VICENZA) <\/strong>Terza giornata a Monte Verena (Vicenza) per le finali regionali del Grand Prix Ragazzi Allievi Net Insurance. Di scena, sulla pista Centrale, il gigante della categoria Allievi. in campo maschile si \u00e8 registrata la doppietta dello Sci club Drusci\u00e9 Cortina con Vittorio De Pieri al primo posto e Alessandro Guerresco al secondo. a completare il podio \u00e8 stato Elia Zopp\u00e8, dello Sci club Tambre. Tra le ragazze, vittoria dello Sci club Cortina con Lucia Vecellio Oliva davanti ad Agnese Pais Bianco. Terza posizione per Lisa Stona, dello Sci club Gallio. Si sono disputate le prove cronometrate in vista del superG Ragazzi: i migliori riscontri cronometrici sono stati quelli di Francesco Saletti (Limana) e Vittoria Rossi (2000). Oggi la giornata conclusiva delle finali Net Insurance proposte dallo Sci club 2000: in programma il superG Ragazzi e lo slalom Allievi.<\/p>\n<p><strong>LA CLASSIFICA DEL GIGANTE ALLIEVI <a href=\"https:\/\/www.fisiveneto.com\/wp-content\/uploads\/2021\/02\/Classifica-ufficiale_ALLIEVI.pdf\">clicca qui<\/a><\/strong><\/p>\n\n\t\t\t<style type='text\/css'>\n\t\t\t\t#gallery-5 {\n\t\t\t\t\tmargin: auto;\n\t\t\t\t}\n\t\t\t\t#gallery-5 .gallery-item {\n\t\t\t\t\tfloat: left;\n\t\t\t\t\tmargin-top: 10px;\n\t\t\t\t\ttext-align: center;\n\t\t\t\t\twidth: 50%;\n\t\t\t\t}\n\t\t\t\t#gallery-5 img {\n\t\t\t\t\tborder: 2px solid #cfcfcf;\n\t\t\t\t}\n\t\t\t\t#gallery-5 .gallery-caption {\n\t\t\t\t\tmargin-left: 0;\n\t\t\t\t}\n\t\t\t\t\/* see gallery_shortcode() in wp-includes\/media.php *\/\n\t\t\t<\/style>\n\t\t<div id='gallery-5' class='dt-gallery-container gallery galleryid-194171 gallery-columns-2 gallery-size-medium'><dl class='gallery-item'>\n\t\t\t\t<dt class='gallery-icon landscape'>\n\t\t\t\t\t<a class=\"rollover rollover-zoom dt-pswp-item\" title=\"gs allievi 28 feb\" data-dt-img-description=\"\" data-large_image_width=\"2560\" data-large_image_height=\"1707\"href='https:\/\/www.radiopiu.net\/wordpress\/wp-content\/uploads\/2021\/02\/gs-allievi-28-feb-scaled.jpg'><img loading=\"lazy\" decoding=\"async\" width=\"300\" height=\"200\" src=\"https:\/\/www.radiopiu.net\/wordpress\/wp-content\/uploads\/2021\/02\/gs-allievi-28-feb-300x200.jpg\" class=\"attachment-medium size-medium\" alt=\"\" srcset=\"https:\/\/www.radiopiu.net\/wordpress\/wp-content\/uploads\/2021\/02\/gs-allievi-28-feb-300x200.jpg 300w, https:\/\/www.radiopiu.net\/wordpress\/wp-content\/uploads\/2021\/02\/gs-allievi-28-feb-1024x683.jpg 1024w, https:\/\/www.radiopiu.net\/wordpress\/wp-content\/uploads\/2021\/02\/gs-allievi-28-feb-768x512.jpg 768w, https:\/\/www.radiopiu.net\/wordpress\/wp-content\/uploads\/2021\/02\/gs-allievi-28-feb-1536x1024.jpg 1536w, https:\/\/www.radiopiu.net\/wordpress\/wp-content\/uploads\/2021\/02\/gs-allievi-28-feb-2048x1365.jpg 2048w\" sizes=\"auto, (max-width: 300px) 100vw, 300px\" \/><\/a>\n\t\t\t\t<\/dt><\/dl><dl class='gallery-item'>\n\t\t\t\t<dt class='gallery-icon landscape'>\n\t\t\t\t\t<a class=\"rollover rollover-zoom dt-pswp-item\" title=\"gs allieve 28 feb\" data-dt-img-description=\"\" data-large_image_width=\"2560\" data-large_image_height=\"1707\"href='https:\/\/www.radiopiu.net\/wordpress\/wp-content\/uploads\/2021\/02\/gs-allieve-28-feb-scaled.jpg'><img loading=\"lazy\" decoding=\"async\" width=\"300\" height=\"200\" src=\"https:\/\/www.radiopiu.net\/wordpress\/wp-content\/uploads\/2021\/02\/gs-allieve-28-feb-300x200.jpg\" class=\"attachment-medium size-medium\" alt=\"\" srcset=\"https:\/\/www.radiopiu.net\/wordpress\/wp-content\/uploads\/2021\/02\/gs-allieve-28-feb-300x200.jpg 300w, https:\/\/www.radiopiu.net\/wordpress\/wp-content\/uploads\/2021\/02\/gs-allieve-28-feb-1024x683.jpg 1024w, https:\/\/www.radiopiu.net\/wordpress\/wp-content\/uploads\/2021\/02\/gs-allieve-28-feb-768x512.jpg 768w, https:\/\/www.radiopiu.net\/wordpress\/wp-content\/uploads\/2021\/02\/gs-allieve-28-feb-1536x1024.jpg 1536w, https:\/\/www.radiopiu.net\/wordpress\/wp-content\/uploads\/2021\/02\/gs-allieve-28-feb-2048x1365.jpg 2048w\" sizes=\"auto, (max-width: 300px) 100vw, 300px\" \/><\/a>\n\t\t\t\t<\/dt><\/dl><br style=\"clear: both\" \/>\n\t\t\t<\/div>\n\n<p>&nbsp;<\/p>\n<p>&nbsp;<\/p>\n<hr \/>\n<p>&nbsp;<\/p>\n<blockquote>\n<h3>UNA GRANDE LUCIA PRIMA IN COPPA EUROPA A FUNES<\/h3>\n<\/blockquote>\n<p>Una affermazione di quelle da ricordare per la falcadina Lucia Dalmasso, prima\u00a0 in Coppa Europa nello slalom gigante parallelo a <a href=\"https:\/\/www.radiopiu.net\/wordpress\/giornale-radiopiu-28-febbraio-2021-direttore-mirko-mezzacasa\/17309810_400491970306092_336252210194568325_n-2\/\" rel=\"attachment wp-att-194150\"><img loading=\"lazy\" decoding=\"async\" class=\"wp-image-194150 alignleft\" src=\"https:\/\/www.radiopiu.net\/wordpress\/wp-content\/uploads\/2021\/02\/17309810_400491970306092_336252210194568325_n-300x300.jpg\" alt=\"\" width=\"196\" height=\"196\" srcset=\"https:\/\/www.radiopiu.net\/wordpress\/wp-content\/uploads\/2021\/02\/17309810_400491970306092_336252210194568325_n-300x300.jpg 300w, https:\/\/www.radiopiu.net\/wordpress\/wp-content\/uploads\/2021\/02\/17309810_400491970306092_336252210194568325_n-150x150.jpg 150w, https:\/\/www.radiopiu.net\/wordpress\/wp-content\/uploads\/2021\/02\/17309810_400491970306092_336252210194568325_n.jpg 647w\" sizes=\"auto, (max-width: 196px) 100vw, 196px\" \/><\/a>Funes (Bolzano) . La snowboarder di Falcade ha messo in fila tre canadesi e una svizzera.<\/p>\n<p>&nbsp;<\/p>\n<blockquote>\n<h3>SKI COLLEGE FALCADE AGLI ONORI IN NEVEGAL<\/h3>\n<\/blockquote>\n<p>In Nevegal\u00a0 prima giornata del Trofeo Agonistica Valbelluna.\u00a0 In campo maschile\u00a0 successo pieno per\u00a0 Gianlorenzo Di Paolo (Fiamme Gialle scuola Ski College) e in ambito femminile il successo di Ambra Pomar\u00e8 (Sci club Cortina).<\/p>\n<p>&nbsp;<\/p>\n<p>&nbsp;<\/p>\n<p>&nbsp;<\/p>\n<hr \/>\n<p>&nbsp;<\/p>\n<blockquote>\n<h3>ALLEGHE HOCKEY: SCONFITTA PER L&#8217;UNDER 15, LA UNDER 19 RINVIA LA PARTITA COL MERANO<\/h3>\n<\/blockquote>\n<p class=\"p1\"><b><a href=\"https:\/\/www.radiopiu.net\/wordpress\/il-calendario-ufficiale-dellitalian-hockey-league\/logo-alleghe-hockey\/\" rel=\"attachment wp-att-95699\"><img loading=\"lazy\" decoding=\"async\" class=\"wp-image-95699 alignright\" src=\"https:\/\/www.radiopiu.net\/wordpress\/wp-content\/uploads\/2019\/08\/logo-alleghe-hockey-300x281.png\" alt=\"\" width=\"200\" height=\"187\" srcset=\"https:\/\/www.radiopiu.net\/wordpress\/wp-content\/uploads\/2019\/08\/logo-alleghe-hockey-300x281.png 300w, https:\/\/www.radiopiu.net\/wordpress\/wp-content\/uploads\/2019\/08\/logo-alleghe-hockey.png 547w\" sizes=\"auto, (max-width: 200px) 100vw, 200px\" \/><\/a>UNDER 15 <\/b><\/p>\n<p class=\"p1\"><b>ALLEGHE &#8211; ASIAGO 2-7<\/b><\/p>\n<p class=\"p1\">Ancora una sconfitta per le civette under 15 che si piegano di fronte ad un Asiago che nella terza frazione ha fatto la voce grossa. Agordini sotto di due gol ma riescono a recuperare lo svantaggio grazie alle reti di Frenademez e Fattor . Alleghe che tiene bene anche nel drittel centrale subendo una sola marcatura. Ospiti che chiudono il match nel terzo tempo quando nel giro di pochi minuti vanno a segno per altre 3 volte. Penultima posizione per la squadra Under 15 biancorossa che domenica prossima giocher\u00e0 l\u2019ultima partita di stagione regolare contro il Padova.<\/p>\n<p class=\"p1\"><b><a class=\"dt-pswp-item\" href=\"https:\/\/www.radiopiu.net\/wordpress\/wp-content\/uploads\/2021\/03\/155441131_750673325835548_4947505442732132978_n.jpg\" data-dt-img-description=\"\" data-large_image_width=\"160\" data-large_image_height=\"347\"><img loading=\"lazy\" decoding=\"async\" class=\"size-medium wp-image-194286 alignleft\" src=\"https:\/\/www.radiopiu.net\/wordpress\/wp-content\/uploads\/2021\/03\/155441131_750673325835548_4947505442732132978_n-138x300.jpg\" alt=\"\" width=\"138\" height=\"300\" srcset=\"https:\/\/www.radiopiu.net\/wordpress\/wp-content\/uploads\/2021\/03\/155441131_750673325835548_4947505442732132978_n-138x300.jpg 138w, https:\/\/www.radiopiu.net\/wordpress\/wp-content\/uploads\/2021\/03\/155441131_750673325835548_4947505442732132978_n.jpg 160w\" sizes=\"auto, (max-width: 138px) 100vw, 138px\" \/><\/a><\/b><\/p>\n<p>&nbsp;<\/p>\n<p>&nbsp;<\/p>\n<p class=\"p1\"><b>UNDER 19<\/b><\/p>\n<p class=\"p1\"><b>FASSA\/ALLEGHE &#8211; MERANO<\/b><\/p>\n<p class=\"p1\">Partita rinviata a data da destinarsi<\/p>\n<p>&nbsp;<\/p>\n<hr \/>\n<p><span style=\"color: #ff0000;\"><strong>ASIAGO-ALLEGHE 8-1 Ieri sera<\/strong><\/span><\/p>\n<p>&nbsp;<\/p>\n<p>&nbsp;<\/p>\n<p>&nbsp;<\/p>\n<p>&nbsp;<\/p>\n<p>&nbsp;<\/p>\n<p>&nbsp;<\/p>\n<p>&nbsp;<\/p>\n<blockquote>\n<h3>OTTIMI RISULTATI PER LO SCI CLUB NORDICO MARMOLADA AL TROFEO COMUNE DI GALLIO<\/h3>\n<\/blockquote>\n<p><strong>CAMPOLONGO &#8211; ROTZO (VICENZA) <\/strong>Buona prestazione per i giovani atleti dello Sci Club Nordico Marmolada che hanno partecipato al Trofeo Comune di Gallio valido per il Grand Prix Lattebusche. Nella categoria Baby Under 10 Giada Bellenzier si \u00e8 piazzata al primo posto assoluto. Sempre nella stessa categoria, ma in ambito maschile, seconda posizione per Rayan Hathout. Buoni piazzamenti anche nei Cuccioli Under 12 con il quarto posto di Andrea Bellenzier e il sesto di Diego De Toni. Buon piazzamento in ambito femminile anche per Martina Costa che ha chiuso al nono posto. Da segnalare la presenza di Martina Scola ma soprattutto di Christian, il pi\u00f9 giovane della comitiva che ha partecipato alla trasferta in terra vicentina nonostante faccia parte della squadra da poco <em>(nelle foto i superbaby Alice e Nicol\u00f2 e le mamme con i giovani fondisti)<\/em><\/p>\n\n\t\t\t<style type='text\/css'>\n\t\t\t\t#gallery-6 {\n\t\t\t\t\tmargin: auto;\n\t\t\t\t}\n\t\t\t\t#gallery-6 .gallery-item {\n\t\t\t\t\tfloat: left;\n\t\t\t\t\tmargin-top: 10px;\n\t\t\t\t\ttext-align: center;\n\t\t\t\t\twidth: 50%;\n\t\t\t\t}\n\t\t\t\t#gallery-6 img {\n\t\t\t\t\tborder: 2px solid #cfcfcf;\n\t\t\t\t}\n\t\t\t\t#gallery-6 .gallery-caption {\n\t\t\t\t\tmargin-left: 0;\n\t\t\t\t}\n\t\t\t\t\/* see gallery_shortcode() in wp-includes\/media.php *\/\n\t\t\t<\/style>\n\t\t<div id='gallery-6' class='dt-gallery-container gallery galleryid-194171 gallery-columns-2 gallery-size-medium'><dl class='gallery-item'>\n\t\t\t\t<dt class='gallery-icon portrait'>\n\t\t\t\t\t<a class=\"rollover\" href='https:\/\/www.radiopiu.net\/wordpress\/ottimi-risultati-per-lo-sci-club-nordico-marmolada-al-trofeo-comune-di-gallio\/schermata-2021-02-28-alle-13-58-55\/'><img loading=\"lazy\" decoding=\"async\" width=\"295\" height=\"300\" src=\"https:\/\/www.radiopiu.net\/wordpress\/wp-content\/uploads\/2021\/02\/Schermata-2021-02-28-alle-13.58.55-295x300.png\" class=\"attachment-medium size-medium\" alt=\"\" srcset=\"https:\/\/www.radiopiu.net\/wordpress\/wp-content\/uploads\/2021\/02\/Schermata-2021-02-28-alle-13.58.55-295x300.png 295w, https:\/\/www.radiopiu.net\/wordpress\/wp-content\/uploads\/2021\/02\/Schermata-2021-02-28-alle-13.58.55-768x782.png 768w, https:\/\/www.radiopiu.net\/wordpress\/wp-content\/uploads\/2021\/02\/Schermata-2021-02-28-alle-13.58.55.png 976w\" sizes=\"auto, (max-width: 295px) 100vw, 295px\" \/><\/a>\n\t\t\t\t<\/dt><\/dl><dl class='gallery-item'>\n\t\t\t\t<dt class='gallery-icon landscape'>\n\t\t\t\t\t<a class=\"rollover\" href='https:\/\/www.radiopiu.net\/wordpress\/ottimi-risultati-per-lo-sci-club-nordico-marmolada-al-trofeo-comune-di-gallio\/schermata-2021-02-28-alle-19-24-56\/'><img loading=\"lazy\" decoding=\"async\" width=\"300\" height=\"297\" src=\"https:\/\/www.radiopiu.net\/wordpress\/wp-content\/uploads\/2021\/02\/Schermata-2021-02-28-alle-19.24.56-300x297.png\" class=\"attachment-medium size-medium\" alt=\"\" srcset=\"https:\/\/www.radiopiu.net\/wordpress\/wp-content\/uploads\/2021\/02\/Schermata-2021-02-28-alle-19.24.56-300x297.png 300w, https:\/\/www.radiopiu.net\/wordpress\/wp-content\/uploads\/2021\/02\/Schermata-2021-02-28-alle-19.24.56-1024x1014.png 1024w, https:\/\/www.radiopiu.net\/wordpress\/wp-content\/uploads\/2021\/02\/Schermata-2021-02-28-alle-19.24.56-150x150.png 150w, https:\/\/www.radiopiu.net\/wordpress\/wp-content\/uploads\/2021\/02\/Schermata-2021-02-28-alle-19.24.56-768x761.png 768w, https:\/\/www.radiopiu.net\/wordpress\/wp-content\/uploads\/2021\/02\/Schermata-2021-02-28-alle-19.24.56.png 1472w\" sizes=\"auto, (max-width: 300px) 100vw, 300px\" \/><\/a>\n\t\t\t\t<\/dt><\/dl><br style=\"clear: both\" \/>\n\t\t\t<\/div>\n\n<p>&nbsp;<\/p>\n","protected":false},"excerpt":{"rendered":"<p>PER RICEVERE QUESTO NOTIZIARIO DIRETTAMENTE SUL TUO CELLULARE ISCRIVITI AL CANALE TELEGRAM \u201cRADIO PIU\u00a0 INFORMAZIONE&#8221;\u00a0 SUPERATI I 3000 ISCRITTI, il CANALE TELEGRAM&#8230; UNISCITI A: RADIO PIU INFORMAZIONE &nbsp; &nbsp; ATTENZIONE: LA NUOVA APP PER IOS-IPHONE di Nicola Vettorello https:\/\/apps.apple.com\/it\/app\/radio-pi%C3%B9-emittente-agordina\/id1515939845 ATTENZIONE: LA NUOVA APP RADIO\u00a0 PER ANDROID di Nicola Vettorello https:\/\/play.google.com\/store\/apps\/details?id=net.radiopiu.iniko\u00a0\u00a0 &nbsp; &nbsp; &nbsp; LA VOLPE&hellip;<\/p>\n","protected":false},"author":4,"featured_media":194262,"comment_status":"closed","ping_status":"closed","sticky":false,"template":"","format":"standard","meta":{"_monsterinsights_skip_tracking":false,"_monsterinsights_sitenote_active":false,"_monsterinsights_sitenote_note":"","_monsterinsights_sitenote_category":0,"footnotes":""},"categories":[1,86,49],"tags":[],"class_list":["post-194171","post","type-post","status-publish","format-standard","has-post-thumbnail","hentry","category-senza-categoria","category-gr","category-news-18","category-1","category-86","category-49","description-off"],"img_url":"https:\/\/www.radiopiu.net\/wordpress\/wp-content\/uploads\/2021\/03\/003cc94d-6ed7-44b3-b4e2-d2dec9d83a8b.jpg","_links":{"self":[{"href":"https:\/\/www.radiopiu.net\/wordpress\/wp-json\/wp\/v2\/posts\/194171","targetHints":{"allow":["GET"]}}],"collection":[{"href":"https:\/\/www.radiopiu.net\/wordpress\/wp-json\/wp\/v2\/posts"}],"about":[{"href":"https:\/\/www.radiopiu.net\/wordpress\/wp-json\/wp\/v2\/types\/post"}],"author":[{"embeddable":true,"href":"https:\/\/www.radiopiu.net\/wordpress\/wp-json\/wp\/v2\/users\/4"}],"replies":[{"embeddable":true,"href":"https:\/\/www.radiopiu.net\/wordpress\/wp-json\/wp\/v2\/comments?post=194171"}],"version-history":[{"count":0,"href":"https:\/\/www.radiopiu.net\/wordpress\/wp-json\/wp\/v2\/posts\/194171\/revisions"}],"wp:featuredmedia":[{"embeddable":true,"href":"https:\/\/www.radiopiu.net\/wordpress\/wp-json\/wp\/v2\/media\/194262"}],"wp:attachment":[{"href":"https:\/\/www.radiopiu.net\/wordpress\/wp-json\/wp\/v2\/media?parent=194171"}],"wp:term":[{"taxonomy":"category","embeddable":true,"href":"https:\/\/www.radiopiu.net\/wordpress\/wp-json\/wp\/v2\/categories?post=194171"},{"taxonomy":"post_tag","embeddable":true,"href":"https:\/\/www.radiopiu.net\/wordpress\/wp-json\/wp\/v2\/tags?post=194171"}],"curies":[{"name":"wp","href":"https:\/\/api.w.org\/{rel}","templated":true}]}}