{"id":194173,"date":"2021-02-28T23:59:07","date_gmt":"2021-02-28T22:59:07","guid":{"rendered":"https:\/\/www.radiopiu.net\/wordpress\/?p=194173"},"modified":"2021-03-01T06:05:08","modified_gmt":"2021-03-01T05:05:08","slug":"opere-realizzate-in-regime-fascista-a-cesiomaggiore-e-a-santa-giustina","status":"publish","type":"post","link":"https:\/\/www.radiopiu.net\/wordpress\/opere-realizzate-in-regime-fascista-a-cesiomaggiore-e-a-santa-giustina\/","title":{"rendered":"OPERE REALIZZATE IN REGIME FASCISTA A CESIOMAGGIORE E A SANTA GIUSTINA"},"content":{"rendered":"<p><strong>di Renato Bona<\/strong><\/p>\n<p>Facciamo tappa nella pedemontana bellunese per ricordare &#8211; grazie all\u2019ormai introvabile volume \u201cLa provincia di Belluno in regime fascista\u201d che il vice prefetto Carlo Riva cur\u00f2 nell\u2019aprile 1934 (stabilimento tipografico Panfilo Castaldi di Feltre) per conto della Regia Prefettura (a capo della quale all\u2019epoca vi era Costanzo Gazzera) e della Federazione provinciale fascista &#8211; \u201cL\u2019attivit\u00e0 svolta e opere compiute sotto il regime fascista dalle amministrazioni e dagli enti della provincia\u201d. Riva spiegava (tutte le maiuscole sono opera sua\u2026 \u2013 ndr.) che \u201c\u2026 il volume vede la luce nella data fatidica del XXI Aprile, Anno XII, Natale di Roma, Festa del Lavoro, con l\u2019ambita approvazione di S.E. il Prefetto Capo della Provincia Comm. Dott. Costanzo Gazzera, che benevolmente ha voluto dettare la prefazione, e colla preziosa adesione del Segretario Federale On. Avv. Dino Gusatti Bonsembiante, il quale ha poi consacrato in felice sintesi il ricordo dei Gloriosi Martiri Fascisti Bellunesi ed il meraviglioso sviluppo oggi raggiunto dal Partito nella Provincia\u201d. Dopo questa prosa ridondante, il prefetto Gazzera scriveva a sua volta, fra l\u2019altro, che \u201cLa felice iniziativa del mio valoroso collaboratore, il Vice Prefetto Carlo Riva, di raccogliere dalle Amministrazioni pubbliche ed ordinare il materiale dimostrativo del lavoro compiuto, si \u00e8 tradotta in un vivo documento di attivit\u00e0 bene spesa, che \u00e8 giusto riconoscimento di quanto \u00e8 stato fatto e confortante certezza per l\u2019opera futura\u201d. Ed allora vediamole queste opere del regime. CESIOMAGGIORE. Nell\u2019anno 1928 (VI dell\u2019era): sistemata la presa d\u2019acqua alla sorgente &#8211; da Corte &#8211; per l\u2019acquedotto Cesio-Pez-Busche, con sostituzione di tubi di maggior diametro per un tratto di circa metri 500, con spesa di L. 8750. Anno 1930: ricostruzione del ponticello in legno in localit\u00e0 Ave, sul torrente Caorame, con luce di 8 metri , ad unica travatura, spesa L. 6000; ricostruzione del ponticello Grei sulla strada Cesio-Feltre, in cemento armato, e rettifica stradale, L. 7200; sistemazione dell\u2019acquedotto di Pullir con sostituzione parziale di tubi, L. 6000; strada Cesio-Feltre: allargamento e rettifica da Fianema a sotto Soranzen L. 3500; messa in piena efficienza di un locale ad uso Ambulatorio medico-chirurgico secondo le esigenze tecnico-sanitarie, L. 4500; sistemazione degli uffici municipali L. 5.200. Anno 1931: strada di accesso al cimitero di Pez, con relativa piantagione sui due bordi, lunghezza 200 metri, L. 2000; sistemazione Via Roma nel capoluogo, con costruzione di diversi canali di scarico, cunette e consolidamento stradale L. 7900. Anno 1932: costruzione dell\u2019edificio scolastico del Capoluogo con 6 aule, sala per biblioteca e per direzione, impianto di riscaldamento centrale, impianto sanitario e luce nonch\u00e9 costruzione in pietra viva di pavimento in asfalto L. 267.000; Ponte di Umin sulla strada ex militare in Valle di Canzoi, a cavallo del torrente Caorame: ricostruzione in cemento armato ad unica arcata di 42,70 metri di luce, spesa di L. 71.016,05; acquedotto Cesio-Pez: sostituzione di conduttura con tubi di acciaio \u201ctipo Mannesman, a bicchiere, incastrati e jutati\u201d, degli Stabilimenti di Dalmine, L. 78.077,14. SANTA GIUSTINA BELLUNESE. Nell\u2019anno 1923: edificio scolastico \u201cGian Vittore Mezzomo\u201d in Cergnai, opera gi\u00e0 deliberata ed iniziata nel 1922 per due aule: fu ampliata ed ultimata per quattro, con una spesa complessiva di L. 86.460; Monumento ai Caduti: la pregevole opera dell\u2019architetto Alfar\u00e8 \u00e8 costituita da un basamento quadrato di pietra a gradinate su cui si eleva una colonna marmorea reggente un capitello ionico che sorregge un tripode votivo; \u00e8 alta 15 metri e cost\u00f2 complessivamente 97 mila lire delle quali 26 mila di contributo del Comune e il resto offerto dalla popolazione. Anno 1925: diramazione dell\u2019acquedotto principale per Formegan, Giardinetto, Gravazze, L. 57.300. Anno 1926: riattati 16 chilometri di strade comunali danneggiate da alluvioni, L. 45.640. Anno 1927: opere di difesa dell\u2019abitato sul torrente Veses, spesa L. 53.900 cui per due terzi contribu\u00ec lo Stato. Anno 1928: nuove opere di difesa dell\u2019abitato sul torrente Veses L. 16,.500 con concorso statale di 11.000; completamento dell\u2019acquedotto con 22 chilometri di tubature e 55 fontane pubbliche, che aveva comportato una spesa complessiva di L. 1.100.000 si affront\u00f2 un costo di ulteriori L. 26.500 per la frazione di Salmenega. Anno 1929: impianto idrico per sei aule della scuola del capoluogo e gli uffici municipali: L. 10.800; riatto strade comunali di Salmenega, Castel S. Giorgio e S. Libera con costo di L. 15.000: il Comune contribu\u00ec con L. 3.999. Anno 1930: opere di completamento del fabbricato scolastico di Cergnai, L. 11.916. Anno 1931: lavatoi di Caslibago, Dussan e Cergnai L. 11.200 di cui un terzo a carico del Comune. Anno 1932; riatto della strada Salet e altre minori, spesa complessiva L. 8000 con concorso comunale per 1600. SAN GREGORIO NELLE ALPI. Nell\u2019anno1924: prolungamento dell\u2019acquedotto comunale dalla frazione di Muiach a quella di Velos ed all\u2019abitato di Donce, diramazione idrica di 480 metri con tubi di acciaio e costruzione di due fontane, a servizio di un centinaio di abitanti, con spesa di L. 22.800 a totale carico del Comune. Anno 1925: sistemazione della Piazza del capoluogo con ampliamento e miglioramento del suo accesso stradale, spesa di L. 11.600 a carico delle casse comunali.<\/p>\n\n\t\t\t<style type='text\/css'>\n\t\t\t\t#gallery-1 {\n\t\t\t\t\tmargin: auto;\n\t\t\t\t}\n\t\t\t\t#gallery-1 .gallery-item {\n\t\t\t\t\tfloat: left;\n\t\t\t\t\tmargin-top: 10px;\n\t\t\t\t\ttext-align: center;\n\t\t\t\t\twidth: 20%;\n\t\t\t\t}\n\t\t\t\t#gallery-1 img {\n\t\t\t\t\tborder: 2px solid #cfcfcf;\n\t\t\t\t}\n\t\t\t\t#gallery-1 .gallery-caption {\n\t\t\t\t\tmargin-left: 0;\n\t\t\t\t}\n\t\t\t\t\/* see gallery_shortcode() in wp-includes\/media.php *\/\n\t\t\t<\/style>\n\t\t<div id='gallery-1' class='dt-gallery-container gallery galleryid-194173 gallery-columns-5 gallery-size-thumbnail'><dl class='gallery-item'>\n\t\t\t\t<dt class='gallery-icon landscape'>\n\t\t\t\t\t<a class=\"rollover rollover-zoom dt-pswp-item\" title=\"155183999_251334869878851_3403228568283753301_n\" data-dt-img-description=\"\" data-large_image_width=\"2560\" data-large_image_height=\"1679\"href='https:\/\/www.radiopiu.net\/wordpress\/wp-content\/uploads\/2021\/02\/155183999_251334869878851_3403228568283753301_n-scaled.jpg'><img loading=\"lazy\" decoding=\"async\" width=\"150\" height=\"150\" src=\"https:\/\/www.radiopiu.net\/wordpress\/wp-content\/uploads\/2021\/02\/155183999_251334869878851_3403228568283753301_n-150x150.jpg\" class=\"attachment-thumbnail size-thumbnail\" alt=\"\" \/><\/a>\n\t\t\t\t<\/dt><\/dl><dl class='gallery-item'>\n\t\t\t\t<dt class='gallery-icon landscape'>\n\t\t\t\t\t<a class=\"rollover rollover-zoom dt-pswp-item\" title=\"155420730_274439217396850_6555599645576694644_n\" data-dt-img-description=\"\" data-large_image_width=\"784\" data-large_image_height=\"349\"href='https:\/\/www.radiopiu.net\/wordpress\/wp-content\/uploads\/2021\/02\/155420730_274439217396850_6555599645576694644_n.jpg'><img loading=\"lazy\" decoding=\"async\" width=\"150\" height=\"150\" src=\"https:\/\/www.radiopiu.net\/wordpress\/wp-content\/uploads\/2021\/02\/155420730_274439217396850_6555599645576694644_n-150x150.jpg\" class=\"attachment-thumbnail size-thumbnail\" alt=\"\" \/><\/a>\n\t\t\t\t<\/dt><\/dl><dl class='gallery-item'>\n\t\t\t\t<dt class='gallery-icon landscape'>\n\t\t\t\t\t<a class=\"rollover rollover-zoom dt-pswp-item\" title=\"154916684_712699812947335_4364585953473706980_n\" data-dt-img-description=\"\" data-large_image_width=\"2560\" data-large_image_height=\"1786\"href='https:\/\/www.radiopiu.net\/wordpress\/wp-content\/uploads\/2021\/02\/154916684_712699812947335_4364585953473706980_n-scaled.jpg'><img loading=\"lazy\" decoding=\"async\" width=\"150\" height=\"150\" src=\"https:\/\/www.radiopiu.net\/wordpress\/wp-content\/uploads\/2021\/02\/154916684_712699812947335_4364585953473706980_n-150x150.jpg\" class=\"attachment-thumbnail size-thumbnail\" alt=\"\" \/><\/a>\n\t\t\t\t<\/dt><\/dl><dl class='gallery-item'>\n\t\t\t\t<dt class='gallery-icon landscape'>\n\t\t\t\t\t<a class=\"rollover rollover-zoom dt-pswp-item\" title=\"154932962_805015276778444_4434178140740758414_n\" data-dt-img-description=\"\" data-large_image_width=\"2560\" data-large_image_height=\"1621\"href='https:\/\/www.radiopiu.net\/wordpress\/wp-content\/uploads\/2021\/02\/154932962_805015276778444_4434178140740758414_n-scaled.jpg'><img loading=\"lazy\" decoding=\"async\" width=\"150\" height=\"150\" src=\"https:\/\/www.radiopiu.net\/wordpress\/wp-content\/uploads\/2021\/02\/154932962_805015276778444_4434178140740758414_n-150x150.jpg\" class=\"attachment-thumbnail size-thumbnail\" alt=\"\" \/><\/a>\n\t\t\t\t<\/dt><\/dl><dl class='gallery-item'>\n\t\t\t\t<dt class='gallery-icon landscape'>\n\t\t\t\t\t<a class=\"rollover rollover-zoom dt-pswp-item\" title=\"154805927_885007558948605_4764604065059541778_n\" data-dt-img-description=\"\" data-large_image_width=\"2560\" data-large_image_height=\"1630\"href='https:\/\/www.radiopiu.net\/wordpress\/wp-content\/uploads\/2021\/02\/154805927_885007558948605_4764604065059541778_n-scaled.jpg'><img loading=\"lazy\" decoding=\"async\" width=\"150\" height=\"150\" src=\"https:\/\/www.radiopiu.net\/wordpress\/wp-content\/uploads\/2021\/02\/154805927_885007558948605_4764604065059541778_n-150x150.jpg\" class=\"attachment-thumbnail size-thumbnail\" alt=\"\" \/><\/a>\n\t\t\t\t<\/dt><\/dl><br style=\"clear: both\" \/>\n\t\t\t<\/div>\n\n<p>NELLE FOTO (Radio Pi\u00f9 e riproduzioni dal libro \u201cLa provincia di Belluno in regime fascista): l\u2019edificio scolastico di Cesiomaggiore; il ponte di Umin sul torrente Caorame; il fabbricato scolastico di Cergnai di Santa Giustina Bellunese; il Monumento ai Caduti e Palazzo Municipale di Santa Giustina Bellunese; un\u2019immagine degli Anni Trenta di San Gregorio nelle Alpi durante una processione religiosa.<\/p>\n","protected":false},"excerpt":{"rendered":"<p>di Renato Bona Facciamo tappa nella pedemontana bellunese per ricordare &#8211; grazie all\u2019ormai introvabile volume \u201cLa provincia di Belluno in regime fascista\u201d che il vice prefetto Carlo Riva cur\u00f2 nell\u2019aprile 1934 (stabilimento tipografico Panfilo Castaldi di Feltre) per conto della Regia Prefettura (a capo della quale all\u2019epoca vi era Costanzo Gazzera) e della Federazione provinciale&hellip;<\/p>\n","protected":false},"author":4,"featured_media":194180,"comment_status":"closed","ping_status":"closed","sticky":false,"template":"","format":"standard","meta":{"_monsterinsights_skip_tracking":false,"_monsterinsights_sitenote_active":false,"_monsterinsights_sitenote_note":"","_monsterinsights_sitenote_category":0,"footnotes":""},"categories":[104,49],"tags":[],"class_list":["post-194173","post","type-post","status-publish","format-standard","has-post-thumbnail","hentry","category-evidenza_3","category-news-18","category-104","category-49","description-off"],"img_url":"https:\/\/www.radiopiu.net\/wordpress\/wp-content\/uploads\/2021\/02\/154916684_712699812947335_4364585953473706980_n-scaled.jpg","_links":{"self":[{"href":"https:\/\/www.radiopiu.net\/wordpress\/wp-json\/wp\/v2\/posts\/194173","targetHints":{"allow":["GET"]}}],"collection":[{"href":"https:\/\/www.radiopiu.net\/wordpress\/wp-json\/wp\/v2\/posts"}],"about":[{"href":"https:\/\/www.radiopiu.net\/wordpress\/wp-json\/wp\/v2\/types\/post"}],"author":[{"embeddable":true,"href":"https:\/\/www.radiopiu.net\/wordpress\/wp-json\/wp\/v2\/users\/4"}],"replies":[{"embeddable":true,"href":"https:\/\/www.radiopiu.net\/wordpress\/wp-json\/wp\/v2\/comments?post=194173"}],"version-history":[{"count":0,"href":"https:\/\/www.radiopiu.net\/wordpress\/wp-json\/wp\/v2\/posts\/194173\/revisions"}],"wp:featuredmedia":[{"embeddable":true,"href":"https:\/\/www.radiopiu.net\/wordpress\/wp-json\/wp\/v2\/media\/194180"}],"wp:attachment":[{"href":"https:\/\/www.radiopiu.net\/wordpress\/wp-json\/wp\/v2\/media?parent=194173"}],"wp:term":[{"taxonomy":"category","embeddable":true,"href":"https:\/\/www.radiopiu.net\/wordpress\/wp-json\/wp\/v2\/categories?post=194173"},{"taxonomy":"post_tag","embeddable":true,"href":"https:\/\/www.radiopiu.net\/wordpress\/wp-json\/wp\/v2\/tags?post=194173"}],"curies":[{"name":"wp","href":"https:\/\/api.w.org\/{rel}","templated":true}]}}