{"id":194235,"date":"2021-02-28T19:16:30","date_gmt":"2021-02-28T18:16:30","guid":{"rendered":"https:\/\/www.radiopiu.net\/wordpress\/?p=194235"},"modified":"2021-02-28T19:16:30","modified_gmt":"2021-02-28T18:16:30","slug":"covid-un-decesso-in-ulss-1-dolomiti-i-nati-nel-1941-hanno-ricevuto-la-prima-dose-di-vaccino","status":"publish","type":"post","link":"https:\/\/www.radiopiu.net\/wordpress\/covid-un-decesso-in-ulss-1-dolomiti-i-nati-nel-1941-hanno-ricevuto-la-prima-dose-di-vaccino\/","title":{"rendered":"COVID: UN DECESSO IN ULSS 1 DOLOMITI. I NATI NEL 1941 HANNO RICEVUTO LA PRIMA DOSE DI VACCINO"},"content":{"rendered":"<p><strong>BELLUNO<\/strong> Nelle ultime 24 ore \u00e8 deceduta una donna covid positiva di anni 85 ricoverata in Geriatria covid a Belluno. Sono 24 i nuovi positivi in ULSS 1 Dolomiti. Grande impegno del team vaccinale dell\u2019Ulss Dolomiti a favore delle persone della classe 1941, che hanno ricevuto la prima dose di vaccino Pfizer. Complessivamente sono stati vaccinati 1.500 soggetti, con operativit\u00e0 regolare e tempi di attesa contenuti. La sorveglianza post vaccinale non ha messo in evidenza eventi avversi significativi. Le persone che non hanno potuto ricevere la vaccinazione per immobilit\u00e0 o difficolt\u00e0 di trasporto saranno \u201crecuperate\u201d nei prossimi giorni con vaccinazioni dedicate a domicilio e con tre sedute territoriali a Feltre, Tai e Agordo. Il programma vaccinale per gli ultra ottantenni proseguir\u00e0 con la classe 1940, il 14-15-16 marzo nei quattro Centri Vaccinali Popolazione (CVP) di Belluno, Feltre, Tai di Cadore e Agordo. Sono gi\u00e0 inoltre state spedite le lettere invito per la classe 1939, attesa nelle quattro sedi: 26 marzo Feltre, 29 marzo Feltre e Tai di Cadore, 30 marzo Agordo, 31 marzo 1 aprile Belluno. Per accelerare i tempi di immunizzazione della popolazione anziana, viste le recenti buone forniture di vaccino Pfizer sar\u00e0 anticipata la convocazione della classe 1938, convocazione che verr\u00e0 fissata entro le festivit\u00e0 Pasquali.<\/p>\n\n\t\t\t<style type='text\/css'>\n\t\t\t\t#gallery-1 {\n\t\t\t\t\tmargin: auto;\n\t\t\t\t}\n\t\t\t\t#gallery-1 .gallery-item {\n\t\t\t\t\tfloat: left;\n\t\t\t\t\tmargin-top: 10px;\n\t\t\t\t\ttext-align: center;\n\t\t\t\t\twidth: 33%;\n\t\t\t\t}\n\t\t\t\t#gallery-1 img {\n\t\t\t\t\tborder: 2px solid #cfcfcf;\n\t\t\t\t}\n\t\t\t\t#gallery-1 .gallery-caption {\n\t\t\t\t\tmargin-left: 0;\n\t\t\t\t}\n\t\t\t\t\/* see gallery_shortcode() in wp-includes\/media.php *\/\n\t\t\t<\/style>\n\t\t<div id='gallery-1' class='dt-gallery-container gallery galleryid-194235 gallery-columns-3 gallery-size-medium'><dl class='gallery-item'>\n\t\t\t\t<dt class='gallery-icon portrait'>\n\t\t\t\t\t<a class=\"rollover rollover-zoom dt-pswp-item\" title=\"IMG-20210228-WA0004\" data-dt-img-description=\"\" data-large_image_width=\"768\" data-large_image_height=\"1024\"href='https:\/\/www.radiopiu.net\/wordpress\/wp-content\/uploads\/2021\/02\/IMG-20210228-WA0004.jpg'><img loading=\"lazy\" decoding=\"async\" width=\"225\" height=\"300\" src=\"https:\/\/www.radiopiu.net\/wordpress\/wp-content\/uploads\/2021\/02\/IMG-20210228-WA0004-225x300.jpg\" class=\"attachment-medium size-medium\" alt=\"\" srcset=\"https:\/\/www.radiopiu.net\/wordpress\/wp-content\/uploads\/2021\/02\/IMG-20210228-WA0004-225x300.jpg 225w, https:\/\/www.radiopiu.net\/wordpress\/wp-content\/uploads\/2021\/02\/IMG-20210228-WA0004.jpg 768w\" sizes=\"auto, (max-width: 225px) 100vw, 225px\" \/><\/a>\n\t\t\t\t<\/dt><\/dl><dl class='gallery-item'>\n\t\t\t\t<dt class='gallery-icon portrait'>\n\t\t\t\t\t<a class=\"rollover rollover-zoom dt-pswp-item\" title=\"IMG-20210228-WA0005\" data-dt-img-description=\"\" data-large_image_width=\"768\" data-large_image_height=\"1024\"href='https:\/\/www.radiopiu.net\/wordpress\/wp-content\/uploads\/2021\/02\/IMG-20210228-WA0005.jpg'><img loading=\"lazy\" decoding=\"async\" width=\"225\" height=\"300\" src=\"https:\/\/www.radiopiu.net\/wordpress\/wp-content\/uploads\/2021\/02\/IMG-20210228-WA0005-225x300.jpg\" class=\"attachment-medium size-medium\" alt=\"\" srcset=\"https:\/\/www.radiopiu.net\/wordpress\/wp-content\/uploads\/2021\/02\/IMG-20210228-WA0005-225x300.jpg 225w, https:\/\/www.radiopiu.net\/wordpress\/wp-content\/uploads\/2021\/02\/IMG-20210228-WA0005.jpg 768w\" sizes=\"auto, (max-width: 225px) 100vw, 225px\" \/><\/a>\n\t\t\t\t<\/dt><\/dl><dl class='gallery-item'>\n\t\t\t\t<dt class='gallery-icon portrait'>\n\t\t\t\t\t<a class=\"rollover rollover-zoom dt-pswp-item\" title=\"IMG-20210228-WA0012\" data-dt-img-description=\"\" data-large_image_width=\"768\" data-large_image_height=\"1024\"href='https:\/\/www.radiopiu.net\/wordpress\/wp-content\/uploads\/2021\/02\/IMG-20210228-WA0012.jpg'><img loading=\"lazy\" decoding=\"async\" width=\"225\" height=\"300\" src=\"https:\/\/www.radiopiu.net\/wordpress\/wp-content\/uploads\/2021\/02\/IMG-20210228-WA0012-225x300.jpg\" class=\"attachment-medium size-medium\" alt=\"\" srcset=\"https:\/\/www.radiopiu.net\/wordpress\/wp-content\/uploads\/2021\/02\/IMG-20210228-WA0012-225x300.jpg 225w, https:\/\/www.radiopiu.net\/wordpress\/wp-content\/uploads\/2021\/02\/IMG-20210228-WA0012.jpg 768w\" sizes=\"auto, (max-width: 225px) 100vw, 225px\" \/><\/a>\n\t\t\t\t<\/dt><\/dl><br style=\"clear: both\" \/>\n\t\t\t<\/div>\n\n","protected":false},"excerpt":{"rendered":"<p>BELLUNO Nelle ultime 24 ore \u00e8 deceduta una donna covid positiva di anni 85 ricoverata in Geriatria covid a Belluno. Sono 24 i nuovi positivi in ULSS 1 Dolomiti. Grande impegno del team vaccinale dell\u2019Ulss Dolomiti a favore delle persone della classe 1941, che hanno ricevuto la prima dose di vaccino Pfizer. Complessivamente sono stati&hellip;<\/p>\n","protected":false},"author":4,"featured_media":121260,"comment_status":"closed","ping_status":"closed","sticky":false,"template":"","format":"standard","meta":{"_monsterinsights_skip_tracking":false,"_monsterinsights_sitenote_active":false,"_monsterinsights_sitenote_note":"","_monsterinsights_sitenote_category":0,"footnotes":""},"categories":[49],"tags":[],"class_list":["post-194235","post","type-post","status-publish","format-standard","has-post-thumbnail","hentry","category-news-18","category-49","description-off"],"img_url":"https:\/\/www.radiopiu.net\/wordpress\/wp-content\/uploads\/2020\/03\/covid-ulss.jpg","_links":{"self":[{"href":"https:\/\/www.radiopiu.net\/wordpress\/wp-json\/wp\/v2\/posts\/194235","targetHints":{"allow":["GET"]}}],"collection":[{"href":"https:\/\/www.radiopiu.net\/wordpress\/wp-json\/wp\/v2\/posts"}],"about":[{"href":"https:\/\/www.radiopiu.net\/wordpress\/wp-json\/wp\/v2\/types\/post"}],"author":[{"embeddable":true,"href":"https:\/\/www.radiopiu.net\/wordpress\/wp-json\/wp\/v2\/users\/4"}],"replies":[{"embeddable":true,"href":"https:\/\/www.radiopiu.net\/wordpress\/wp-json\/wp\/v2\/comments?post=194235"}],"version-history":[{"count":0,"href":"https:\/\/www.radiopiu.net\/wordpress\/wp-json\/wp\/v2\/posts\/194235\/revisions"}],"wp:featuredmedia":[{"embeddable":true,"href":"https:\/\/www.radiopiu.net\/wordpress\/wp-json\/wp\/v2\/media\/121260"}],"wp:attachment":[{"href":"https:\/\/www.radiopiu.net\/wordpress\/wp-json\/wp\/v2\/media?parent=194235"}],"wp:term":[{"taxonomy":"category","embeddable":true,"href":"https:\/\/www.radiopiu.net\/wordpress\/wp-json\/wp\/v2\/categories?post=194235"},{"taxonomy":"post_tag","embeddable":true,"href":"https:\/\/www.radiopiu.net\/wordpress\/wp-json\/wp\/v2\/tags?post=194235"}],"curies":[{"name":"wp","href":"https:\/\/api.w.org\/{rel}","templated":true}]}}