{"id":194413,"date":"2021-04-04T20:59:15","date_gmt":"2021-04-04T18:59:15","guid":{"rendered":"https:\/\/www.radiopiu.net\/wordpress\/?p=194413"},"modified":"2022-06-10T16:39:59","modified_gmt":"2022-06-10T14:39:59","slug":"agora-agordina-la-nosta-piaza","status":"publish","type":"post","link":"https:\/\/www.radiopiu.net\/wordpress\/agora-agordina-la-nosta-piaza\/","title":{"rendered":"AGORA&#8217; AGORDINA&#8230; LA NOSTA PIAZA LADINA RACCOLTA COMPLETA PRIMA STAGIONE"},"content":{"rendered":"<p><strong>TAIBON<\/strong> Nuovo programma alla radio con i giovani che dimostrano di amare territorio, storia, usi, costumi e soprattutto il linguaggio per non perderlo nei troppi termini americanizzati del web. I Musla (Moviment de Union e Standardisazion Linguistica del Agordin) presenta il nuovo programma di divulgazione e sensibilizzazione linguistica interamente in ladino agordino. Dal titolo Agor\u00c0gordina, la nosta piaza ladina, nasce con l\u2019obiettivo di essere un\u2019agor\u00e0 appunto, una piazza centrale in cui spiegare, ragionare e rispondere a domande come: che lingue parliamo in Agordino? Cosa vuol dire \u201cladino\u201d? Perch\u00e9 la questione della lingua \u00e8 cos\u00ec fondamentale e irrinunciabile nella nostra vita?\u00a0 PAGINA FACEBOOK <span style=\"color: #0000ff;\"><strong><a style=\"color: #0000ff;\" href=\"https:\/\/www.facebook.com\/groups\/395316224475304\">CLICCA QUI<\/a><\/strong><\/span><\/p>\n<p><strong><span style=\"color: #0000ff;\">LA SIGLA<\/span><\/strong><\/p>\n<audio class=\"wp-audio-shortcode\" id=\"audio-194413-1\" preload=\"none\" style=\"width: 100%;\" controls=\"controls\"><source type=\"audio\/mpeg\" src=\"https:\/\/www.radiopiu.net\/wordpress\/wp-content\/uploads\/2021\/03\/MUSLA-LA-SIGLA.mp3?_=1\" \/><a href=\"https:\/\/www.radiopiu.net\/wordpress\/wp-content\/uploads\/2021\/03\/MUSLA-LA-SIGLA.mp3\">https:\/\/www.radiopiu.net\/wordpress\/wp-content\/uploads\/2021\/03\/MUSLA-LA-SIGLA.mp3<\/a><\/audio>\n<p>&nbsp;<\/p>\n<h1><strong>SECONDA STAGIONE, 2022<\/strong><span style=\"color: #ff0000;\">\u00a0<\/span><\/h1>\n<p>&nbsp;<\/p>\n<p><span style=\"color: #0000ff;\"><strong>PUNTATA 05<\/strong><\/span><\/p>\n<blockquote>\n<h3>DAVIDE E BEATRICE A STRASBURGO &#8220;LA NOSTRA ESPERIENZA&#8221;<\/h3>\n<\/blockquote>\n<p>&nbsp;<\/p>\n<p><strong>DI DAVIDE CONEDERA E BEATRICE COLCUC<\/strong><\/p>\n<p><strong>AUDIO<\/strong><\/p>\n<audio class=\"wp-audio-shortcode\" id=\"audio-194413-2\" preload=\"none\" style=\"width: 100%;\" controls=\"controls\"><source type=\"audio\/mpeg\" src=\"https:\/\/www.radiopiu.net\/wordpress\/wp-content\/uploads\/2022\/06\/BEA-E-DAVIDE.mp3?_=2\" \/><a href=\"https:\/\/www.radiopiu.net\/wordpress\/wp-content\/uploads\/2022\/06\/BEA-E-DAVIDE.mp3\">https:\/\/www.radiopiu.net\/wordpress\/wp-content\/uploads\/2022\/06\/BEA-E-DAVIDE.mp3<\/a><\/audio>\n<p>&nbsp;<\/p>\n<p><strong>ARTICOLO SUL SITO FUEN<span style=\"color: #0000ff;\"> <a style=\"color: #0000ff;\" href=\"https:\/\/fuen.org\/en\/article\/The-Ladins-in-Belluno-and-Hungarians-in-Slovakia-were-the-guests-of-the-Minority-Intergroup\">CLICCA QUI\u00a0<\/a><\/span><\/strong><\/p>\n<p>&nbsp;<\/p>\n<p><iframe loading=\"lazy\" title=\"Report sui Ladini, presentazione a Strasburgo\" width=\"1200\" height=\"675\" src=\"https:\/\/www.youtube.com\/embed\/ZIsm6FQt7SA?feature=oembed\" frameborder=\"0\" allow=\"accelerometer; autoplay; clipboard-write; encrypted-media; gyroscope; picture-in-picture\" allowfullscreen><\/iframe><\/p>\n<p>&nbsp;<\/p>\n<p>&nbsp;<\/p>\n<p><span style=\"color: #0000ff;\"><strong>PUNTATA 04\u00a0\u00a0<\/strong><\/span><\/p>\n<blockquote>\n<h3>I RAGAZZI DEL MUSLA A STRASBURGO, PARLANDO LADINO<\/h3>\n<\/blockquote>\n<p><img loading=\"lazy\" decoding=\"async\" class=\"alignleft\" src=\"https:\/\/www.radiopiu.net\/wordpress\/wp-content\/uploads\/2021\/04\/MUSLA.jpg\" width=\"256\" height=\"144\" \/><strong>AGORDO<\/strong><\/p>\n<p><strong>DI GIANNI SANTOMASO<\/strong><\/p>\n<p><strong>AUDIO<\/strong><\/p>\n<audio class=\"wp-audio-shortcode\" id=\"audio-194413-3\" preload=\"none\" style=\"width: 100%;\" controls=\"controls\"><source type=\"audio\/mpeg\" src=\"https:\/\/www.radiopiu.net\/wordpress\/wp-content\/uploads\/2022\/05\/GIANNI-MUSLA.mp3?_=3\" \/><a href=\"https:\/\/www.radiopiu.net\/wordpress\/wp-content\/uploads\/2022\/05\/GIANNI-MUSLA.mp3\">https:\/\/www.radiopiu.net\/wordpress\/wp-content\/uploads\/2022\/05\/GIANNI-MUSLA.mp3<\/a><\/audio>\n<p>&nbsp;<\/p>\n<blockquote>\n<h3>LA PAROLA AI NOSTRI GIOVANI<\/h3>\n<\/blockquote>\n\n\t\t\t<style type='text\/css'>\n\t\t\t\t#gallery-1 {\n\t\t\t\t\tmargin: auto;\n\t\t\t\t}\n\t\t\t\t#gallery-1 .gallery-item {\n\t\t\t\t\tfloat: left;\n\t\t\t\t\tmargin-top: 10px;\n\t\t\t\t\ttext-align: center;\n\t\t\t\t\twidth: 50%;\n\t\t\t\t}\n\t\t\t\t#gallery-1 img {\n\t\t\t\t\tborder: 2px solid #cfcfcf;\n\t\t\t\t}\n\t\t\t\t#gallery-1 .gallery-caption {\n\t\t\t\t\tmargin-left: 0;\n\t\t\t\t}\n\t\t\t\t\/* see gallery_shortcode() in wp-includes\/media.php *\/\n\t\t\t<\/style>\n\t\t<div id='gallery-1' class='dt-gallery-container gallery galleryid-194413 gallery-columns-2 gallery-size-medium'><dl class='gallery-item'>\n\t\t\t\t<dt class='gallery-icon portrait'>\n\t\t\t\t\t<a class=\"rollover rollover-zoom dt-pswp-item\" title=\"beatrice\" data-dt-img-description=\"\" data-large_image_width=\"1536\" data-large_image_height=\"2048\"href='https:\/\/www.radiopiu.net\/wordpress\/wp-content\/uploads\/2022\/05\/97b96daf-78d6-402b-b256-f6c69e72feea.jpg'><img loading=\"lazy\" decoding=\"async\" width=\"225\" height=\"300\" src=\"https:\/\/www.radiopiu.net\/wordpress\/wp-content\/uploads\/2022\/05\/97b96daf-78d6-402b-b256-f6c69e72feea-225x300.jpg\" class=\"attachment-medium size-medium\" alt=\"\" srcset=\"https:\/\/www.radiopiu.net\/wordpress\/wp-content\/uploads\/2022\/05\/97b96daf-78d6-402b-b256-f6c69e72feea-225x300.jpg 225w, https:\/\/www.radiopiu.net\/wordpress\/wp-content\/uploads\/2022\/05\/97b96daf-78d6-402b-b256-f6c69e72feea-768x1024.jpg 768w, https:\/\/www.radiopiu.net\/wordpress\/wp-content\/uploads\/2022\/05\/97b96daf-78d6-402b-b256-f6c69e72feea-1152x1536.jpg 1152w, https:\/\/www.radiopiu.net\/wordpress\/wp-content\/uploads\/2022\/05\/97b96daf-78d6-402b-b256-f6c69e72feea.jpg 1536w\" sizes=\"auto, (max-width: 225px) 100vw, 225px\" \/><\/a>\n\t\t\t\t<\/dt><\/dl><dl class='gallery-item'>\n\t\t\t\t<dt class='gallery-icon landscape'>\n\t\t\t\t\t<a class=\"rollover rollover-zoom dt-pswp-item\" title=\"156683346_1345141215842103_3262782097349543228_n\" data-dt-img-description=\"\" data-large_image_width=\"640\" data-large_image_height=\"640\"href='https:\/\/www.radiopiu.net\/wordpress\/wp-content\/uploads\/2022\/05\/156683346_1345141215842103_3262782097349543228_n.jpg'><img loading=\"lazy\" decoding=\"async\" width=\"300\" height=\"300\" src=\"https:\/\/www.radiopiu.net\/wordpress\/wp-content\/uploads\/2022\/05\/156683346_1345141215842103_3262782097349543228_n-300x300.jpg\" class=\"attachment-medium size-medium\" alt=\"\" srcset=\"https:\/\/www.radiopiu.net\/wordpress\/wp-content\/uploads\/2022\/05\/156683346_1345141215842103_3262782097349543228_n-300x300.jpg 300w, https:\/\/www.radiopiu.net\/wordpress\/wp-content\/uploads\/2022\/05\/156683346_1345141215842103_3262782097349543228_n-150x150.jpg 150w, https:\/\/www.radiopiu.net\/wordpress\/wp-content\/uploads\/2022\/05\/156683346_1345141215842103_3262782097349543228_n.jpg 640w\" sizes=\"auto, (max-width: 300px) 100vw, 300px\" \/><\/a>\n\t\t\t\t<\/dt><\/dl><br style=\"clear: both\" \/>\n\t\t\t<\/div>\n\n<p><strong>BEATRICE COLCUC<\/strong><\/p>\n<audio class=\"wp-audio-shortcode\" id=\"audio-194413-4\" preload=\"none\" style=\"width: 100%;\" controls=\"controls\"><source type=\"audio\/mpeg\" src=\"https:\/\/www.radiopiu.net\/wordpress\/wp-content\/uploads\/2022\/05\/beaa-strasburgo.mp3?_=4\" \/><a href=\"https:\/\/www.radiopiu.net\/wordpress\/wp-content\/uploads\/2022\/05\/beaa-strasburgo.mp3\">https:\/\/www.radiopiu.net\/wordpress\/wp-content\/uploads\/2022\/05\/beaa-strasburgo.mp3<\/a><\/audio>\n<p>&nbsp;<\/p>\n<p><strong>DAVIDE CONEDERA<\/strong><\/p>\n<audio class=\"wp-audio-shortcode\" id=\"audio-194413-5\" preload=\"none\" style=\"width: 100%;\" controls=\"controls\"><source type=\"audio\/mpeg\" src=\"https:\/\/www.radiopiu.net\/wordpress\/wp-content\/uploads\/2022\/05\/davide-strasburgo.mp3?_=5\" \/><a href=\"https:\/\/www.radiopiu.net\/wordpress\/wp-content\/uploads\/2022\/05\/davide-strasburgo.mp3\">https:\/\/www.radiopiu.net\/wordpress\/wp-content\/uploads\/2022\/05\/davide-strasburgo.mp3<\/a><\/audio>\n<p>&nbsp;<\/p>\n<p>&nbsp;<\/p>\n<p><span style=\"color: #0000ff;\"><strong>PUNTATA 03<\/strong><\/span><\/p>\n<h3>CONOSCIAMO I NOSTRI GIOVANI E I LORO IMPEGNI NEL MONDO, CON IL MUSLA<\/h3>\n<p>&nbsp;<\/p>\n<p><a class=\"dt-pswp-item\" href=\"https:\/\/www.radiopiu.net\/wordpress\/wp-content\/uploads\/2022\/05\/c2bc054f-5f64-4916-99bb-dfbe10c41c0c.jpg\" data-dt-img-description=\"\" data-large_image_width=\"640\" data-large_image_height=\"480\"><img loading=\"lazy\" decoding=\"async\" class=\"size-thumbnail wp-image-276504 alignleft\" src=\"https:\/\/www.radiopiu.net\/wordpress\/wp-content\/uploads\/2022\/05\/c2bc054f-5f64-4916-99bb-dfbe10c41c0c-150x150.jpg\" alt=\"\" width=\"150\" height=\"150\" \/><\/a>DALL&#8217;ECUADOR DAVIDE CASSISI<\/p>\n<p><strong>di DAVIDE CONEDERA\u00a0<\/strong><\/p>\n<p>&nbsp;<\/p>\n<p>&nbsp;<\/p>\n<p>&nbsp;<\/p>\n<p><strong>AUDIO<\/strong><\/p>\n<audio class=\"wp-audio-shortcode\" id=\"audio-194413-6\" preload=\"none\" style=\"width: 100%;\" controls=\"controls\"><source type=\"audio\/mpeg\" src=\"https:\/\/www.radiopiu.net\/wordpress\/wp-content\/uploads\/2022\/05\/MUSLA-4.mp3?_=6\" \/><a href=\"https:\/\/www.radiopiu.net\/wordpress\/wp-content\/uploads\/2022\/05\/MUSLA-4.mp3\">https:\/\/www.radiopiu.net\/wordpress\/wp-content\/uploads\/2022\/05\/MUSLA-4.mp3<\/a><\/audio>\n<p>&nbsp;<\/p>\n<p>&nbsp;<\/p>\n<hr \/>\n<p><span style=\"color: #0000ff;\"><strong>\u00a0<\/strong><\/span><\/p>\n<p><span style=\"color: #0000ff;\"><strong>\u00a0<\/strong><\/span><\/p>\n<p><span style=\"color: #0000ff;\"><strong>PUNTATA 02<\/strong><\/span><\/p>\n<h3>CONOSCIAMO I NOSTRI GIOVANI E I LORO IMPEGNI NEL MONDO, CON IL MUSLA<\/h3>\n<p>&nbsp;<\/p>\n<p><a class=\"dt-pswp-item\" href=\"https:\/\/www.radiopiu.net\/wordpress\/wp-content\/uploads\/2022\/05\/88da3416-c2fc-4190-b350-97f523c5a953.jpg\" data-dt-img-description=\"\" data-large_image_width=\"805\" data-large_image_height=\"799\"><img loading=\"lazy\" decoding=\"async\" class=\"alignleft wp-image-274955 \" src=\"https:\/\/www.radiopiu.net\/wordpress\/wp-content\/uploads\/2022\/05\/88da3416-c2fc-4190-b350-97f523c5a953.jpg\" alt=\"\" width=\"181\" height=\"179\" srcset=\"https:\/\/www.radiopiu.net\/wordpress\/wp-content\/uploads\/2022\/05\/88da3416-c2fc-4190-b350-97f523c5a953.jpg 805w, https:\/\/www.radiopiu.net\/wordpress\/wp-content\/uploads\/2022\/05\/88da3416-c2fc-4190-b350-97f523c5a953-300x298.jpg 300w, https:\/\/www.radiopiu.net\/wordpress\/wp-content\/uploads\/2022\/05\/88da3416-c2fc-4190-b350-97f523c5a953-768x762.jpg 768w\" sizes=\"auto, (max-width: 181px) 100vw, 181px\" \/><\/a><\/p>\n<p>&nbsp;<\/p>\n<p>NICOLA CASSISI DI AGORDO<\/p>\n<p><strong>intervista di Davide Conedera\u00a0\u00a0<\/strong><\/p>\n<audio class=\"wp-audio-shortcode\" id=\"audio-194413-7\" preload=\"none\" style=\"width: 100%;\" controls=\"controls\"><source type=\"audio\/mpeg\" src=\"https:\/\/www.radiopiu.net\/wordpress\/wp-content\/uploads\/2022\/05\/NICOLA-CASSISI-MUSLA-SECONDA-PUNTATA-2022-DI-DAVIDE-CONEDERA.mp3?_=7\" \/><a href=\"https:\/\/www.radiopiu.net\/wordpress\/wp-content\/uploads\/2022\/05\/NICOLA-CASSISI-MUSLA-SECONDA-PUNTATA-2022-DI-DAVIDE-CONEDERA.mp3\">https:\/\/www.radiopiu.net\/wordpress\/wp-content\/uploads\/2022\/05\/NICOLA-CASSISI-MUSLA-SECONDA-PUNTATA-2022-DI-DAVIDE-CONEDERA.mp3<\/a><\/audio>\n<p>&nbsp;<\/p>\n<p>&nbsp;<\/p>\n<hr \/>\n<h3><\/h3>\n<p><span style=\"color: #0000ff;\"><strong>PUNTATA 01<\/strong><\/span><\/p>\n<h3><a class=\"dt-pswp-item\" href=\"https:\/\/www.radiopiu.net\/wordpress\/wp-content\/uploads\/2022\/05\/WhatsApp-Image-2022-04-27-at-18.34.32.jpeg\" data-dt-img-description=\"\" data-large_image_width=\"900\" data-large_image_height=\"500\"><img loading=\"lazy\" decoding=\"async\" class=\" wp-image-273794 alignleft\" src=\"https:\/\/www.radiopiu.net\/wordpress\/wp-content\/uploads\/2022\/05\/WhatsApp-Image-2022-04-27-at-18.34.32-150x150.jpeg\" alt=\"\" width=\"150\" height=\"150\" \/><\/a><\/h3>\n<h3>CONOSCIAMO I NOSTRI GIOVANI E I LORO IMPEGNI NEL MONDO, CON IL MUSLA<\/h3>\n<p>&nbsp;<\/p>\n<p>BEATRICE COLCUC DI COLLE SANTA LUCIA<\/p>\n<p><strong>intervista di Davide Conedera\u00a0<\/strong><\/p>\n<audio class=\"wp-audio-shortcode\" id=\"audio-194413-8\" preload=\"none\" style=\"width: 100%;\" controls=\"controls\"><source type=\"audio\/mpeg\" src=\"https:\/\/www.radiopiu.net\/wordpress\/wp-content\/uploads\/2022\/05\/MUSLA-1-BETRICE.mp3?_=8\" \/><a href=\"https:\/\/www.radiopiu.net\/wordpress\/wp-content\/uploads\/2022\/05\/MUSLA-1-BETRICE.mp3\">https:\/\/www.radiopiu.net\/wordpress\/wp-content\/uploads\/2022\/05\/MUSLA-1-BETRICE.mp3<\/a><\/audio>\n<p>&nbsp;<\/p>\n<blockquote class=\"wp-embedded-content\" data-secret=\"4HoQFaZx3H\"><p><a href=\"https:\/\/www.verba-alpina.gwi.uni-muenchen.de\/en\/?page_id=1741&#038;db=212\">Crowdsourcing<\/a><\/p><\/blockquote>\n<p><iframe loading=\"lazy\" class=\"wp-embedded-content\" sandbox=\"allow-scripts\" security=\"restricted\" style=\"position: absolute; clip: rect(1px, 1px, 1px, 1px);\" title=\"&#8220;Crowdsourcing&#8221; &#8212; Verba Alpina\" src=\"https:\/\/www.verba-alpina.gwi.uni-muenchen.de\/en\/?page_id=1741&#038;db=212&#038;embed=true#?secret=hKymdLjgr0#?secret=4HoQFaZx3H\" data-secret=\"4HoQFaZx3H\" width=\"600\" height=\"338\" frameborder=\"0\" marginwidth=\"0\" marginheight=\"0\" scrolling=\"no\"><\/iframe><\/p>\n<p>&nbsp;<\/p>\n<p>&nbsp;<\/p>\n<hr \/>\n<hr \/>\n<hr \/>\n<hr \/>\n<hr \/>\n<p><strong><span style=\"color: #0000ff;\"><img loading=\"lazy\" decoding=\"async\" class=\"alignleft\" src=\"https:\/\/www.radiopiu.net\/wordpress\/wp-content\/uploads\/2021\/03\/db631d3b-7003-47af-8b77-6f8cbe83c59b.jpg\" width=\"95\" height=\"39\" \/>PUNTATA 01<\/span>, MERCOLEDI 3 MARZO 2021 &#8220;Sione chi e fone che po&#8230;&#8221;<\/strong><\/p>\n<audio class=\"wp-audio-shortcode\" id=\"audio-194413-9\" preload=\"none\" style=\"width: 100%;\" controls=\"controls\"><source type=\"audio\/mpeg\" src=\"https:\/\/www.radiopiu.net\/wordpress\/wp-content\/uploads\/2021\/03\/MUSLA.mp3?_=9\" \/><a href=\"https:\/\/www.radiopiu.net\/wordpress\/wp-content\/uploads\/2021\/03\/MUSLA.mp3\">https:\/\/www.radiopiu.net\/wordpress\/wp-content\/uploads\/2021\/03\/MUSLA.mp3<\/a><\/audio>\n<p>&nbsp;<\/p>\n<p><span style=\"color: #0000ff;\"><strong><img loading=\"lazy\" decoding=\"async\" class=\"alignleft\" src=\"https:\/\/www.radiopiu.net\/wordpress\/wp-content\/uploads\/2021\/03\/db631d3b-7003-47af-8b77-6f8cbe83c59b.jpg\" width=\"95\" height=\"39\" \/><\/strong><strong>PUNTATA 02,<\/strong><\/span> <strong>MERCOLEDI 10 MARZO 2021&#8243;&#8221;Elo che i Ladin&#8221;<\/strong><\/p>\n<audio class=\"wp-audio-shortcode\" id=\"audio-194413-10\" preload=\"none\" style=\"width: 100%;\" controls=\"controls\"><source type=\"audio\/mpeg\" src=\"https:\/\/www.radiopiu.net\/wordpress\/wp-content\/uploads\/2021\/03\/Pontada-2-Elo-che-l-LADIN.mp3?_=10\" \/><a href=\"https:\/\/www.radiopiu.net\/wordpress\/wp-content\/uploads\/2021\/03\/Pontada-2-Elo-che-l-LADIN.mp3\">https:\/\/www.radiopiu.net\/wordpress\/wp-content\/uploads\/2021\/03\/Pontada-2-Elo-che-l-LADIN.mp3<\/a><\/audio>\n<p>&nbsp;<\/p>\n<p><strong><span style=\"color: #0000ff;\"><img loading=\"lazy\" decoding=\"async\" class=\"alignleft\" src=\"https:\/\/www.radiopiu.net\/wordpress\/wp-content\/uploads\/2021\/03\/db631d3b-7003-47af-8b77-6f8cbe83c59b.jpg\" width=\"95\" height=\"39\" \/>PUNTATA 03, <span style=\"color: #000000;\">MERCOLEDI 17<\/span><\/span> MARZO, &#8220;Le tipologie de Ladin&#8221;<\/strong><\/p>\n<audio class=\"wp-audio-shortcode\" id=\"audio-194413-11\" preload=\"none\" style=\"width: 100%;\" controls=\"controls\"><source type=\"audio\/mpeg\" src=\"https:\/\/www.radiopiu.net\/wordpress\/wp-content\/uploads\/2021\/03\/Pontada-3-Le-tipologie-de-LADIN.mp3?_=11\" \/><a href=\"https:\/\/www.radiopiu.net\/wordpress\/wp-content\/uploads\/2021\/03\/Pontada-3-Le-tipologie-de-LADIN.mp3\">https:\/\/www.radiopiu.net\/wordpress\/wp-content\/uploads\/2021\/03\/Pontada-3-Le-tipologie-de-LADIN.mp3<\/a><\/audio>\n<p>&nbsp;<\/p>\n<p><strong><span style=\"color: #3366ff;\"><span style=\"color: #0000ff;\"><img loading=\"lazy\" decoding=\"async\" class=\"alignleft\" src=\"https:\/\/www.radiopiu.net\/wordpress\/wp-content\/uploads\/2021\/03\/db631d3b-7003-47af-8b77-6f8cbe83c59b.jpg\" width=\"95\" height=\"39\" \/><\/span>PUNTATA 04,<\/span> MERCOLEDI 24 MARZO &#8220;Ladin agordin&#8221;<\/strong><\/p>\n<p>&nbsp;<\/p>\n<audio class=\"wp-audio-shortcode\" id=\"audio-194413-12\" preload=\"none\" style=\"width: 100%;\" controls=\"controls\"><source type=\"audio\/mpeg\" src=\"https:\/\/www.radiopiu.net\/wordpress\/wp-content\/uploads\/2021\/03\/Pontada-4-L-Ladin-Agordin.mp3?_=12\" \/><a href=\"https:\/\/www.radiopiu.net\/wordpress\/wp-content\/uploads\/2021\/03\/Pontada-4-L-Ladin-Agordin.mp3\">https:\/\/www.radiopiu.net\/wordpress\/wp-content\/uploads\/2021\/03\/Pontada-4-L-Ladin-Agordin.mp3<\/a><\/audio>\n<div class=\"details\"><\/div>\n<p><strong><span style=\"color: #0000ff;\"><img loading=\"lazy\" decoding=\"async\" class=\"alignleft\" src=\"https:\/\/www.radiopiu.net\/wordpress\/wp-content\/uploads\/2021\/03\/db631d3b-7003-47af-8b77-6f8cbe83c59b.jpg\" width=\"95\" height=\"39\" \/>PUNTATA 05,<\/span> MERCOLEDI 31 MARZO &#8220;Lege 482 e ladin a scola&#8221;<\/strong><\/p>\n<audio class=\"wp-audio-shortcode\" id=\"audio-194413-13\" preload=\"none\" style=\"width: 100%;\" controls=\"controls\"><source type=\"audio\/mpeg\" src=\"https:\/\/www.radiopiu.net\/wordpress\/wp-content\/uploads\/2021\/03\/Pontada-5-Lege-482-e-Ladin-a-Scola.mp3?_=13\" \/><a href=\"https:\/\/www.radiopiu.net\/wordpress\/wp-content\/uploads\/2021\/03\/Pontada-5-Lege-482-e-Ladin-a-Scola.mp3\">https:\/\/www.radiopiu.net\/wordpress\/wp-content\/uploads\/2021\/03\/Pontada-5-Lege-482-e-Ladin-a-Scola.mp3<\/a><\/audio>\n<p>&nbsp;<\/p>\n<p><strong><span style=\"color: #0000ff;\"><img loading=\"lazy\" decoding=\"async\" class=\"alignleft\" src=\"https:\/\/www.radiopiu.net\/wordpress\/wp-content\/uploads\/2021\/03\/db631d3b-7003-47af-8b77-6f8cbe83c59b.jpg\" width=\"95\" height=\"39\" \/>PUNTATA 06,<\/span>\u00a0 MERCOLEDI 07 APRILE\u00a0 &#8220;Bilinguismo&#8221;<\/strong><\/p>\n<audio class=\"wp-audio-shortcode\" id=\"audio-194413-14\" preload=\"none\" style=\"width: 100%;\" controls=\"controls\"><source type=\"audio\/mpeg\" src=\"https:\/\/www.radiopiu.net\/wordpress\/wp-content\/uploads\/2021\/04\/Pontada-6-Bilinguismo.mp3?_=14\" \/><a href=\"https:\/\/www.radiopiu.net\/wordpress\/wp-content\/uploads\/2021\/04\/Pontada-6-Bilinguismo.mp3\">https:\/\/www.radiopiu.net\/wordpress\/wp-content\/uploads\/2021\/04\/Pontada-6-Bilinguismo.mp3<\/a><\/audio>\n<p>&nbsp;<\/p>\n<p><strong><span style=\"color: #0000ff;\"><img loading=\"lazy\" decoding=\"async\" class=\"alignleft\" src=\"https:\/\/www.radiopiu.net\/wordpress\/wp-content\/uploads\/2021\/03\/db631d3b-7003-47af-8b77-6f8cbe83c59b.jpg\" width=\"95\" height=\"39\" \/>PUNTATA 07, <\/span>MERCOLEDI 14 APRILE &#8220;Perche che ne serf scrive co na grafia sola&#8221;<\/strong><\/p>\n<audio class=\"wp-audio-shortcode\" id=\"audio-194413-15\" preload=\"none\" style=\"width: 100%;\" controls=\"controls\"><source type=\"audio\/mpeg\" src=\"https:\/\/www.radiopiu.net\/wordpress\/wp-content\/uploads\/2021\/04\/Pontada-7-Perche-che-ne-serf-scrive-co-na-GRAFIA-sola-1.mp3?_=15\" \/><a href=\"https:\/\/www.radiopiu.net\/wordpress\/wp-content\/uploads\/2021\/04\/Pontada-7-Perche-che-ne-serf-scrive-co-na-GRAFIA-sola-1.mp3\">https:\/\/www.radiopiu.net\/wordpress\/wp-content\/uploads\/2021\/04\/Pontada-7-Perche-che-ne-serf-scrive-co-na-GRAFIA-sola-1.mp3<\/a><\/audio>\n<div class=\"details\"><\/div>\n<p><strong><span style=\"color: #0000ff;\"><img loading=\"lazy\" decoding=\"async\" class=\"alignleft\" src=\"https:\/\/www.radiopiu.net\/wordpress\/wp-content\/uploads\/2021\/03\/db631d3b-7003-47af-8b77-6f8cbe83c59b.jpg\" width=\"95\" height=\"39\" \/>PUNTATA 08,\u00a0 \u00a0<\/span>&#8220;Intervista al Gabriele Riva la so esperienza dal Poi<\/strong><\/p>\n<audio class=\"wp-audio-shortcode\" id=\"audio-194413-16\" preload=\"none\" style=\"width: 100%;\" controls=\"controls\"><source type=\"audio\/mpeg\" src=\"https:\/\/www.radiopiu.net\/wordpress\/wp-content\/uploads\/2021\/04\/Pontada-8-Intervista-al-Gabriele-Riva-la-so-esperienza-dal-Poi.mp3?_=16\" \/><a href=\"https:\/\/www.radiopiu.net\/wordpress\/wp-content\/uploads\/2021\/04\/Pontada-8-Intervista-al-Gabriele-Riva-la-so-esperienza-dal-Poi.mp3\">https:\/\/www.radiopiu.net\/wordpress\/wp-content\/uploads\/2021\/04\/Pontada-8-Intervista-al-Gabriele-Riva-la-so-esperienza-dal-Poi.mp3<\/a><\/audio>\n<p>&nbsp;<\/p>\n<p><strong><span style=\"color: #0000ff;\"><img loading=\"lazy\" decoding=\"async\" class=\"alignleft\" src=\"https:\/\/www.radiopiu.net\/wordpress\/wp-content\/uploads\/2021\/03\/db631d3b-7003-47af-8b77-6f8cbe83c59b.jpg\" width=\"95\" height=\"39\" \/>PUNTATA 09<\/span>,\u00a0 \u00a0&#8220;Intervista a Davide Cassisi&#8221;<\/strong><\/p>\n<audio class=\"wp-audio-shortcode\" id=\"audio-194413-17\" preload=\"none\" style=\"width: 100%;\" controls=\"controls\"><source type=\"audio\/mpeg\" src=\"https:\/\/www.radiopiu.net\/wordpress\/wp-content\/uploads\/2021\/04\/Pontada-9-Intervista-al-Davide-Cassisi-Lenga-Basca-podon-empara-valch.mp3?_=17\" \/><a href=\"https:\/\/www.radiopiu.net\/wordpress\/wp-content\/uploads\/2021\/04\/Pontada-9-Intervista-al-Davide-Cassisi-Lenga-Basca-podon-empara-valch.mp3\">https:\/\/www.radiopiu.net\/wordpress\/wp-content\/uploads\/2021\/04\/Pontada-9-Intervista-al-Davide-Cassisi-Lenga-Basca-podon-empara-valch.mp3<\/a><\/audio>\n<p>&nbsp;<\/p>\n<p><strong><span style=\"color: #0000ff;\"><img loading=\"lazy\" decoding=\"async\" class=\"alignleft\" src=\"https:\/\/www.radiopiu.net\/wordpress\/wp-content\/uploads\/2021\/03\/db631d3b-7003-47af-8b77-6f8cbe83c59b.jpg\" width=\"95\" height=\"39\" \/>PUNTATA 10\u00a0<\/span> \u00a0&#8220;Final de Taibon, linguaggio paesaggio&#8221;<\/strong><\/p>\n<p>&nbsp;<\/p>\n<audio class=\"wp-audio-shortcode\" id=\"audio-194413-18\" preload=\"none\" style=\"width: 100%;\" controls=\"controls\"><source type=\"audio\/mpeg\" src=\"https:\/\/www.radiopiu.net\/wordpress\/wp-content\/uploads\/2021\/05\/Pontada-10-Final-de-staion-Paesaggio-linguistico.mp3?_=18\" \/><a href=\"https:\/\/www.radiopiu.net\/wordpress\/wp-content\/uploads\/2021\/05\/Pontada-10-Final-de-staion-Paesaggio-linguistico.mp3\">https:\/\/www.radiopiu.net\/wordpress\/wp-content\/uploads\/2021\/05\/Pontada-10-Final-de-staion-Paesaggio-linguistico.mp3<\/a><\/audio>\n<p>&nbsp;<\/p>\n","protected":false},"excerpt":{"rendered":"<p>TAIBON Nuovo programma alla radio con i giovani che dimostrano di amare territorio, storia, usi, costumi e soprattutto il linguaggio per non perderlo nei troppi termini americanizzati del web. I Musla (Moviment de Union e Standardisazion Linguistica del Agordin) presenta il nuovo programma di divulgazione e sensibilizzazione linguistica interamente in ladino agordino. Dal titolo Agor\u00c0gordina,&hellip;<\/p>\n","protected":false},"author":4,"featured_media":194414,"comment_status":"closed","ping_status":"closed","sticky":false,"template":"","format":"standard","meta":{"_monsterinsights_skip_tracking":false,"_monsterinsights_sitenote_active":false,"_monsterinsights_sitenote_note":"","_monsterinsights_sitenote_category":0,"footnotes":""},"categories":[104,49],"tags":[],"class_list":["post-194413","post","type-post","status-publish","format-standard","has-post-thumbnail","hentry","category-evidenza_3","category-news-18","category-104","category-49","description-off"],"img_url":"https:\/\/www.radiopiu.net\/wordpress\/wp-content\/uploads\/2021\/03\/db631d3b-7003-47af-8b77-6f8cbe83c59b.jpg","_links":{"self":[{"href":"https:\/\/www.radiopiu.net\/wordpress\/wp-json\/wp\/v2\/posts\/194413","targetHints":{"allow":["GET"]}}],"collection":[{"href":"https:\/\/www.radiopiu.net\/wordpress\/wp-json\/wp\/v2\/posts"}],"about":[{"href":"https:\/\/www.radiopiu.net\/wordpress\/wp-json\/wp\/v2\/types\/post"}],"author":[{"embeddable":true,"href":"https:\/\/www.radiopiu.net\/wordpress\/wp-json\/wp\/v2\/users\/4"}],"replies":[{"embeddable":true,"href":"https:\/\/www.radiopiu.net\/wordpress\/wp-json\/wp\/v2\/comments?post=194413"}],"version-history":[{"count":0,"href":"https:\/\/www.radiopiu.net\/wordpress\/wp-json\/wp\/v2\/posts\/194413\/revisions"}],"wp:featuredmedia":[{"embeddable":true,"href":"https:\/\/www.radiopiu.net\/wordpress\/wp-json\/wp\/v2\/media\/194414"}],"wp:attachment":[{"href":"https:\/\/www.radiopiu.net\/wordpress\/wp-json\/wp\/v2\/media?parent=194413"}],"wp:term":[{"taxonomy":"category","embeddable":true,"href":"https:\/\/www.radiopiu.net\/wordpress\/wp-json\/wp\/v2\/categories?post=194413"},{"taxonomy":"post_tag","embeddable":true,"href":"https:\/\/www.radiopiu.net\/wordpress\/wp-json\/wp\/v2\/tags?post=194413"}],"curies":[{"name":"wp","href":"https:\/\/api.w.org\/{rel}","templated":true}]}}