{"id":194488,"date":"2021-03-03T14:32:13","date_gmt":"2021-03-03T13:32:13","guid":{"rendered":"https:\/\/www.radiopiu.net\/wordpress\/?p=194488"},"modified":"2021-03-03T14:33:08","modified_gmt":"2021-03-03T13:33:08","slug":"giornale-radiopiu-03-marzo-2021-direttore-mirko-mezzacasa","status":"publish","type":"post","link":"https:\/\/www.radiopiu.net\/wordpress\/giornale-radiopiu-03-marzo-2021-direttore-mirko-mezzacasa\/","title":{"rendered":"GIORNALE RADIOPIU 03 MARZO 2021 DIRETTORE MIRKO MEZZACASA"},"content":{"rendered":"<h3><a href=\"https:\/\/www.radiopiu.net\/wordpress\/giornale-radiopiu-24-gennaio-2021-direttore-mirko-mezzacasa\/141433770_171616291414874_2957460898102012198_n\/\" rel=\"attachment wp-att-186566\"><img loading=\"lazy\" decoding=\"async\" class=\"wp-image-186566 alignleft\" src=\"https:\/\/www.radiopiu.net\/wordpress\/wp-content\/uploads\/2021\/01\/141433770_171616291414874_2957460898102012198_n-300x300.jpg\" alt=\"\" width=\"144\" height=\"144\" srcset=\"https:\/\/www.radiopiu.net\/wordpress\/wp-content\/uploads\/2021\/01\/141433770_171616291414874_2957460898102012198_n-300x300.jpg 300w, https:\/\/www.radiopiu.net\/wordpress\/wp-content\/uploads\/2021\/01\/141433770_171616291414874_2957460898102012198_n-150x150.jpg 150w, https:\/\/www.radiopiu.net\/wordpress\/wp-content\/uploads\/2021\/01\/141433770_171616291414874_2957460898102012198_n-768x768.jpg 768w, https:\/\/www.radiopiu.net\/wordpress\/wp-content\/uploads\/2021\/01\/141433770_171616291414874_2957460898102012198_n.jpg 800w\" sizes=\"auto, (max-width: 144px) 100vw, 144px\" \/><\/a>PER<strong> RICEVERE QUESTO NOTIZIARIO DIRETTAMENTE SUL TUO CELLULARE ISCRIVITI AL CANALE TELEGRAM <\/strong><strong>\u201cRADIO PIU\u00a0 INFORMAZIONE&#8221;\u00a0<\/strong><\/h3>\n<h3>SUPERATI I 3000 ISCRITTI, il CANALE TELEGRAM&#8230; UNISCITI A: RADIO PIU INFORMAZIONE<\/h3>\n<p>&nbsp;<\/p>\n<p>&nbsp;<\/p>\n<p><em><a href=\"https:\/\/www.radiopiu.net\/wordpress\/giornale-radiopiu-24-gennaio-2021-direttore-mirko-mezzacasa\/79216601_126817312416448_708980208774483089_n\/\" rel=\"attachment wp-att-186567\"><img loading=\"lazy\" decoding=\"async\" class=\"size-medium wp-image-186567 alignright\" src=\"https:\/\/www.radiopiu.net\/wordpress\/wp-content\/uploads\/2021\/01\/79216601_126817312416448_708980208774483089_n-300x114.jpg\" alt=\"\" width=\"300\" height=\"114\" srcset=\"https:\/\/www.radiopiu.net\/wordpress\/wp-content\/uploads\/2021\/01\/79216601_126817312416448_708980208774483089_n-300x114.jpg 300w, https:\/\/www.radiopiu.net\/wordpress\/wp-content\/uploads\/2021\/01\/79216601_126817312416448_708980208774483089_n-768x292.jpg 768w, https:\/\/www.radiopiu.net\/wordpress\/wp-content\/uploads\/2021\/01\/79216601_126817312416448_708980208774483089_n.jpg 820w\" sizes=\"auto, (max-width: 300px) 100vw, 300px\" \/><\/a><span style=\"color: #ff0000;\">ATTENZIONE: LA NUOVA APP PER IOS-IPHONE di Nicola Vettorello <\/span><\/em><a href=\"https:\/\/apps.apple.com\/it\/app\/radio-pi%C3%B9-emittente-agordina\/id1515939845\">https:\/\/apps.apple.com\/it\/app\/radio-pi%C3%B9-emittente-agordina\/id1515939845<\/a><\/p>\n<p><em style=\"color: #ff0000;\">ATTENZIONE: LA NUOVA APP RADIO\u00a0 PER ANDROID di Nicola Vettorello<\/em><\/p>\n<p><a href=\"https:\/\/play.google.com\/store\/apps\/details?id=net.radiopiu.iniko\" target=\"_blank\" rel=\"noopener noreferrer\">https:\/\/play.google.com\/store\/apps\/details?id=net.radiopiu.iniko\u00a0\u00a0<\/a><\/p>\n<p>&nbsp;<\/p>\n<p><strong>ULTIM&#8217;ORA 11 DEL MATTINO\u00a0<\/strong><\/p>\n<blockquote class=\"wp-embedded-content\" data-secret=\"0G0eWNc8kN\"><p><a href=\"https:\/\/www.radiopiu.net\/wordpress\/giovanni-franzoni-campione-del-mondo-junior-nel-super-g-di-bansko\/\">GIOVANNI FRANZONI CAMPIONE DEL MONDO JUNIOR NEL SUPER-G DI BANSKO<\/a><\/p><\/blockquote>\n<p><iframe loading=\"lazy\" class=\"wp-embedded-content\" sandbox=\"allow-scripts\" security=\"restricted\" style=\"position: absolute; clip: rect(1px, 1px, 1px, 1px);\" title=\"&#8220;GIOVANNI FRANZONI CAMPIONE DEL MONDO JUNIOR NEL SUPER-G DI BANSKO&#8221; &#8212; Radio Pi\u00f9\" src=\"https:\/\/www.radiopiu.net\/wordpress\/giovanni-franzoni-campione-del-mondo-junior-nel-super-g-di-bansko\/embed\/#?secret=0G0eWNc8kN\" data-secret=\"0G0eWNc8kN\" width=\"600\" height=\"338\" frameborder=\"0\" marginwidth=\"0\" marginheight=\"0\" scrolling=\"no\"><\/iframe><\/p>\n<p>&nbsp;<\/p>\n<hr \/>\n<p>&nbsp;<\/p>\n<h3>PROVINCIALE DEL MIS&#8230; FORSE CI SIAMO, LA PROVINCIA AVREBBE TROVATO I FINANZIAMENTI NECESSARI PER RIPRISTINARE LA VIABILITA&#8217;.<\/h3>\n<p><span style=\"color: #ff0000;\">di Mirko Mezzacasa\u00a0<\/span><\/p>\n<p><strong><a href=\"https:\/\/www.radiopiu.net\/wordpress\/giornale-radiopiu-24-dicembre-2018-direttore-mirko-mezzacasa\/1000x1000_mis-700x700\/\" rel=\"attachment wp-att-70546\"><img loading=\"lazy\" decoding=\"async\" class=\"wp-image-70546 alignleft\" src=\"https:\/\/www.radiopiu.net\/wordpress\/wp-content\/uploads\/2018\/12\/1000x1000_mis-700x700-300x300.jpg\" alt=\"\" width=\"170\" height=\"170\" srcset=\"https:\/\/www.radiopiu.net\/wordpress\/wp-content\/uploads\/2018\/12\/1000x1000_mis-700x700-300x300.jpg 300w, https:\/\/www.radiopiu.net\/wordpress\/wp-content\/uploads\/2018\/12\/1000x1000_mis-700x700-150x150.jpg 150w, https:\/\/www.radiopiu.net\/wordpress\/wp-content\/uploads\/2018\/12\/1000x1000_mis-700x700.jpg 700w\" sizes=\"auto, (max-width: 170px) 100vw, 170px\" \/><\/a>GOSALDO_SOSPIROLO<\/strong> Entro pochi giorni, probabilmente entro poche ore, forse gi\u00e0 entro domani la Provincia potrebbe dare la tanto attesa notizia, ovvero l&#8217;inizio dei lavori per il ripristino della provinciale 2 della Valle del Mis chiusa da inizio dicembre.\u00a0 Quella che segue, infatti, \u00e8 una lettera ormai &#8220;vecchia&#8221; del 25 febbraio dove la Provincia rispondendo a un cittadino di Gosaldo ricordava la difficolt\u00e0 nel reperire i finanziamenti e fino ad allora non inizieranno i lavori di Veneto Strade. Ad una settimana dalla cortese missiva di risposta a\u00a0 Massimo Bordigato qualche cosa per\u00f2 dal Palazzo della Provincia trapela: ci sarebbero i soldi da impiegare in due stralci,\u00a0 per dare una viabilit\u00e0 provvisoria, e poi per\u00a0 il lavoro definitivo. Forse gi\u00e0 domani il via libera. Veneto Strade \u00e8 pronta per ripartire con una viabilit\u00e0 provvisoria. La notizia potrebbe riportare la calma tra Gosaldo e Sospirolo dove il clima s&#8217;arroventa giorno per giorno, da quei primi di dicembre quando \u00e8 scattata la chiusura. Perch\u00e9 la gente del Poi e Sospirolo, ma gli agordini in generale non hanno dimenticato i lunghi periodi di chiusura di una strada importante, alternativa alle 203 agordina, rimasta chiusa anche per 30 anni in attesa che gli enti trovassero le opportune soluzioni.<\/p>\n<blockquote><p>Si mormora che in paese ci sia gi\u00e0 chi era pronto a scendere a Belluno per chiedere chiarimenti. Il consigliere provinciale con delega alla viabilit\u00e0 Fabio Luchetta non si sbottona su quel che accadr\u00e0 nelle prossime ore,\u00a0 le poche parole sono comunque una speranza.<em> &#8220;Tutti i dettagli dell\u2019operazione\u00a0 provinciale 2 Valle del Mis verranno dati domani mattina alla stampa&#8221;.<\/em><\/p>\n<h3>PROVINCIALE DEL MIS, SENZA I SOLDI DELLA PROVINCIA VENETO STRADE NON INTERVIENE<\/h3>\n<\/blockquote>\n<p><strong><img loading=\"lazy\" decoding=\"async\" class=\"alignleft\" src=\"https:\/\/www.radiopiu.net\/wordpress\/wp-content\/uploads\/2020\/12\/130113717_3570013063067428_1638457609275357167_o.jpg\" width=\"174\" height=\"290\" \/>GOSALDO\u00a0<\/strong> Se Massimo Bordigato dalla Provincia si aspettava una risposta certa con riferimento e tempi e denari, \u00e8 rimasto deluso. Il dirigente del Settore della Provincia architetto Wanda Atoniazzi, in risposta alle perplessit\u00e0 per la prolungata chiusura della provinciale 2 &#8220;Strada del Mis&#8221;, sbarrata da inizio dicembre per smottamenti, afferma rispondendo a Bordigato:<em> &#8220;L\u2019impegno profuso dalla Provincia di Belluno \u00e8 in questo momento volto al recupero delle necessarie risorse economiche per permettere a Veneto Strade di intervenire ed iniziare quanto prima le lavorazioni propedeutiche alla riapertura della strada e alle messa in sicurezza nei punti dissestati.\u00a0<\/em>Quindi non rimane che aspettare fino a quando non arriver\u00e0 la conferma che le risorse sono state recuperate, solo dopo si inizieranno a vedere i cantieri.<\/p>\n<p>&nbsp;<\/p>\n<p>&nbsp;<\/p>\n<p>&nbsp;<\/p>\n<p><strong>GIORNI FA ALLA RADIO, LE LETTERE E LE RISPOSTE DEL CONSIGLIERE FABIO LUCHETTA<\/strong><\/p>\n<blockquote class=\"wp-embedded-content\" data-secret=\"tvmUC2cYbd\"><p><a href=\"https:\/\/www.radiopiu.net\/wordpress\/provinciale-del-mis-la-riapertura-ritarda-in-attesa-della-provincia\/\">PROVINCIALE DEL MIS, LA RIAPERTURA RITARDA IN ATTESA DELLA PROVINCIA<\/a><\/p><\/blockquote>\n<p><iframe loading=\"lazy\" class=\"wp-embedded-content\" sandbox=\"allow-scripts\" security=\"restricted\" style=\"position: absolute; clip: rect(1px, 1px, 1px, 1px);\" title=\"&#8220;PROVINCIALE DEL MIS, LA RIAPERTURA RITARDA IN ATTESA DELLA PROVINCIA&#8221; &#8212; Radio Pi\u00f9\" src=\"https:\/\/www.radiopiu.net\/wordpress\/provinciale-del-mis-la-riapertura-ritarda-in-attesa-della-provincia\/embed\/#?secret=tvmUC2cYbd\" data-secret=\"tvmUC2cYbd\" width=\"600\" height=\"338\" frameborder=\"0\" marginwidth=\"0\" marginheight=\"0\" scrolling=\"no\"><\/iframe><\/p>\n<p>&nbsp;<\/p>\n<p>&nbsp;<\/p>\n<hr \/>\n<blockquote>\n<h3>FIRMATO IL NUOVO DPCM PER UN&#8217;ITALIA A COLORI&#8230;ALT ALLE SCUOLE IN ZONA ROSSA, NELLE ALTRE VENETO COMPRESO DECIDONO I GOVERNATORI. OK ALL&#8217;ASPORTO MA NON AL BAR,\u00a0 VERSO LE CASE VACANZE MA NON IN ZONA ROSSA. DAL 27 MARZO VIA A CINEMA E TEATRI.<\/h3>\n<\/blockquote>\n<p><img loading=\"lazy\" decoding=\"async\" class=\"alignleft\" src=\"https:\/\/www.radiopiu.net\/wordpress\/wp-content\/uploads\/2021\/03\/download-1.jpg\" width=\"110\" height=\"147\" \/>Nuovo dpcm, Speranza: \u00abDpcm firmato pochi minuti fa. Sar\u00e0 in vigore dal 6 marzo al 6 aprile. <strong>Si mantiene la classificazione a colori<\/strong>. La variante inglese \u00e8 prevalente ed ha una particolare capacit\u00e0 di penetrazione nelle fasce generazionali pi\u00f9 giovani. Per questo <strong>in area rossa tutte le scuole saranno con DAD<\/strong>. La stessa \u00e8 prevista con tasso incidenza di 250 su 100.000 abitanti\u00bb<\/p>\n<blockquote><p><em><strong>Zone arancioni e gialle<\/strong> \u2013 I Presidenti delle regioni potranno disporre la sospensione dell\u2019attivit\u00e0 scolastica:nelle aree in cui abbiano adottato misure pi\u00f9 stringenti per via della gravit\u00e0 delle varianti; nelle zone in cui vi siano pi\u00f9 di 250 contagi ogni 100mila abitanti nell\u2019arco di 7 giorni; nel caso di una eccezionale situazione di peggioramento del quadro epidemiologico.<\/em><\/p><\/blockquote>\n<p>&nbsp;<\/p>\n<hr \/>\n<p>&nbsp;<\/p>\n<blockquote><p><span style=\"color: #ff0000;\"><strong>PROVINCIALE 8 DI SAN TOMASO<\/strong>,<\/span> In localit\u00e0 Coi per la\u00a0 messa in sicurezza della strada, senso unico alternato regolato da movieri dalle 8 alle 17, dal lunedi al venerdi\u00a0 e brevi interruzioni fino a 20 minuti dalle 8 alle 12 e dalle 13.30 alle 17.\u00a0 Fino al 18 marzo.<\/p><\/blockquote>\n<p>&nbsp;<\/p>\n<hr \/>\n<p>&nbsp;<\/p>\n<p><strong><a href=\"https:\/\/www.radiopiu.net\/wordpress\/giornale-radiopiu-09-agosto-2018-direttore-mirko-mezzacasa\/acqua\/\" rel=\"attachment wp-att-57052\"><img loading=\"lazy\" decoding=\"async\" class=\" wp-image-57052 alignleft\" src=\"https:\/\/www.radiopiu.net\/wordpress\/wp-content\/uploads\/2018\/08\/ACQUA-300x180.jpeg\" alt=\"\" width=\"253\" height=\"152\" srcset=\"https:\/\/www.radiopiu.net\/wordpress\/wp-content\/uploads\/2018\/08\/ACQUA-300x180.jpeg 300w, https:\/\/www.radiopiu.net\/wordpress\/wp-content\/uploads\/2018\/08\/ACQUA-768x461.jpeg 768w, https:\/\/www.radiopiu.net\/wordpress\/wp-content\/uploads\/2018\/08\/ACQUA-1024x614.jpeg 1024w, https:\/\/www.radiopiu.net\/wordpress\/wp-content\/uploads\/2018\/08\/ACQUA.jpeg 1280w\" sizes=\"auto, (max-width: 253px) 100vw, 253px\" \/><\/a>Gestione Servizi Pubblici informa che a CANALE D&#8217;AGORDO in localit\u00e0 CARFON, l&#8217;acqua erogata dall&#8217;acquedotto \u00e8 di nuovo potabile e pu\u00f2 essere usata, quindi, per scopi alimentari. Per informazioni \u00e8 possibile contattare il Servizio Clienti al numero 800 306 999 o +39 0445 230521 (da estero) .<br \/>\n<\/strong><\/p>\n<p><strong>A RIVAMONTE AGORDINO nelle localit\u00e0 MIOTTE, ZENICH, MOTTES, ZEP-SCHENA, SARET, ROSTE, PALUCH, GONA DI CONEDERA, PONTE ALTO, LONIE, SANTEL, ROSSON, VIA ROMA, VILLAGRANDE E TOS, l&#8217;acqua erogata dall&#8217;acquedotto non \u00e8 potabile e pu\u00f2 essere usata per scopi alimentari SOLO PREVIA bollitura.<\/strong><\/p>\n<p>&nbsp;<\/p>\n<p>&nbsp;<\/p>\n<hr \/>\n<p>&nbsp;<\/p>\n<blockquote>\n<h3>DOMANI ALLE 15 I FUNERALI DI TIZIANO<\/h3>\n<\/blockquote>\n<p><strong><a href=\"https:\/\/www.radiopiu.net\/wordpress\/giovedi-alle-15-i-funerali-di-tiziano\/soppelsa-tiziano-online\/\" rel=\"attachment wp-att-194632\"><img loading=\"lazy\" decoding=\"async\" class=\" wp-image-194632 alignleft\" src=\"https:\/\/www.radiopiu.net\/wordpress\/wp-content\/uploads\/2021\/03\/soppelsa-tiziano-online-243x300.jpg\" alt=\"\" width=\"200\" height=\"247\" srcset=\"https:\/\/www.radiopiu.net\/wordpress\/wp-content\/uploads\/2021\/03\/soppelsa-tiziano-online-243x300.jpg 243w, https:\/\/www.radiopiu.net\/wordpress\/wp-content\/uploads\/2021\/03\/soppelsa-tiziano-online.jpg 486w\" sizes=\"auto, (max-width: 200px) 100vw, 200px\" \/><\/a>SEDICO<\/strong>\u00a0 L&#8217;ultimo saluto a Tiziano Soppelsa si terr\u00e0 domani alle 15 nella chiesa Arcipretale di Sedico. Sono tanti i messaggi di cordoglio che stanno arrivando in queste ore, a Cencenighe dove Tiziano \u00e8 nato, a Sedico dove ha deciso di vivere con la mamma Manuela. La notizia con immenso dolore \u00e8 stata appresa a Mosca dal fratello Fabrizio. Tiziano lascia la nonna Renata, gli zii e i cugini. Un messaggio di condoglianze anche dalla famiglia ex emigranti agordini con la presidente Lucia De Toffol Macutan di Cencenighe. In chiesa il giorno del funerale ci saranno solo un centinaio di posti con precedenza a famigliari e parenti. Tiziano si potr\u00e0 salutare oggi dalle 9 alle 12 e dalle 14 alle 18; domani dalle 9 alle 12 e dalle 14 in poi alla Casa Funeraria Donadel di via Marisiga. La famiglia ha ringraziato uomini e donne del Soccorso Alpino e delle Forze dell&#8217;Ordine impegnati nelle ricerche in Valle del Mis<\/p>\n<p>&nbsp;<\/p>\n<p>&nbsp;<\/p>\n<hr \/>\n<div class=\"page-title-head hgroup\">\n<blockquote>\n<h3 class=\"entry-title\"><\/h3>\n<h3 class=\"entry-title\">BRAVATA O DELIBERATO ATTO DI VANDALISMO FONDAMENTA DI IGNORANZA<\/h3>\n<\/blockquote>\n<\/div>\n<p class=\"page-title-breadcrumbs\"><strong class=\"photoswipe-wrapper\"><a class=\"dt-pswp-item pspw-wrap-ready\" href=\"https:\/\/www.radiopiu.net\/wordpress\/wp-content\/uploads\/2021\/03\/download.jpg\" data-dt-img-description=\"\" data-large_image_width=\"241\" data-large_image_height=\"209\"><img loading=\"lazy\" decoding=\"async\" class=\" wp-image-194551 alignleft\" src=\"https:\/\/www.radiopiu.net\/wordpress\/wp-content\/uploads\/2021\/03\/download.jpg\" alt=\"\" width=\"141\" height=\"122\" \/><\/a>BORGOVALBELLUNA<\/strong>\u00a0Un atto grave, perch\u00e9 ancora una volta contro il patrimonio scolastico della comunit\u00e0, perch\u00e9 ancora una volta influir\u00e0 sulle tasche dei cittadini, magari compresi i vandali se non nulla tenenti, oppure ci penseranno i genitori\u2026 Sicuramente il livello di incivilt\u00e0 e ignoranza \u00e8 elevato visto che il nostro o i nostri sono entrati in palestra nel corso di un assolato pomeriggio, dopo aver forzato la porta d\u2019ingresso non hanno rubato nulla, piuttosto hanno <a href=\"https:\/\/www.radiopiu.net\/wordpress\/giornale-radio-piu-30-settembre-2019-direttore-mirko-mezzacasa\/stefano-cesa-1977\/\" rel=\"attachment wp-att-100552\"><img loading=\"lazy\" decoding=\"async\" class=\"size-full wp-image-100552 alignleft\" src=\"https:\/\/www.radiopiu.net\/wordpress\/wp-content\/uploads\/2019\/09\/stefano-cesa-1977.jpg\" alt=\"\" width=\"100\" height=\"100\" \/><\/a>otturato i lavandini degli spogliatoi, hanno fatto scorrere l\u2019acqua causando l\u2019allagamento delle stanze. I danni sono da quantificare. Sul posto i Carabinieri<\/p>\n<p><strong>IL SINDACO STEFANO CESA<\/strong> <em>&#8220;Quello che in parte, mi consola \u00e8 il fatto che i nostri carabinieri siano gi\u00e0 sulle loro tracce, dopo l&#8217;intervento provvidenziale dei ragazzi dell&#8217;atletica, che ha limitato i danni. Sanno gi\u00e0 di chi si tratta, malgrado non ci siano telecamere. Ci dovranno essere almeno delle scuse, altrimenti scatter\u00e0 la denuncia per danneggiamento, in questo caso a occuparsene sar\u00e0 il Tribunale del Minori di Venezia&#8221;\u00a0<\/em><\/p>\n<p>&nbsp;<\/p>\n<hr \/>\n<p>&nbsp;<\/p>\n<blockquote>\n<h3>INCENDIO IN VAL DI ZOLDO: PRATICA CONCLUSA E FIAMME SPENTE<\/h3>\n<\/blockquote>\n<blockquote>\n<h3 dir=\"auto\">Bottacin: \u201coggi bonifiche e controlli puntuali\u201d<\/h3>\n<\/blockquote>\n<div dir=\"auto\"><strong><img decoding=\"async\" src=\"https:\/\/www.radiopiu.net\/wordpress\/wp-content\/uploads\/2021\/03\/156014294_10158027815447544_6373845732032848323_o-1.jpg\" \/>VAL DI ZOLDO<\/strong> <em>\u201cDurante la mattinata di ieri\u00a0 \u00e8 proseguita l\u2019attivit\u00e0 di bonifica da parte del personale regionale a terra coadiuvato anche dai volontari antincendio boschivo di Protezione civile. Nel pomeriggio, per assicurare il totale controllo dell\u2019area, \u00e8 stato attivato anche un sorvolo con l\u2019elicotttero che ha provveduto in particolare alla ricognizione sul vallone a est e sulla cresta, zone inaccessibili da terra\u201d<\/em>. Riassume cos\u00ec l\u2019assessore alla Protezione civile Gianpaolo Bottacin le ultime attivit\u00e0 relative allo spegnimento dell\u2019incendio boschivo\u00a0 in localit\u00e0 Mezzocanale nel Comune di Val di Zoldo. Completati i controlli ed effettuati gli ultimi cinque lanci puntuali sulle zone impervie, alle 16.40 di ieri\u00a0 \u00e8 stata dichiarata avviata la fase di chiusura delle operazioni generali.<\/div>\n<p>&nbsp;<\/p>\n<p>&nbsp;<\/p>\n<hr \/>\n<blockquote>\n<h3>DICHIARAZIONE DELLO STATO DI GRAVE PERICOLOSITA&#8217; PER GLI INCENDI BOSCHIVI<\/h3>\n<\/blockquote>\n<p><strong><img loading=\"lazy\" decoding=\"async\" class=\"alignleft\" src=\"https:\/\/www.radiopiu.net\/wordpress\/wp-content\/uploads\/2021\/03\/1511f378-cac6-42d9-b6e9-e540a2c428df.jpg\" width=\"210\" height=\"165\" \/>VENEZIA<\/strong> L&#8217;assessorato alla Protezione Civile del Veneto ha dichiarato lo stato di grave pericolosit\u00e0 per gli incendi boschivi, limitatamente ai territori individuati. Le amministrazioni comunali dovranno adottare le idonee misure di carattere divulgativo preventivo nonch\u00e9 intensificare la vigilanza. Questi i Comuni bellunesi dove \u00e8 stato dichiarato lo stato di grave pericolo: Alano di Piave, Alpago, Arsie&#8217;, Belluno, Borgo Valbelluna, Cesiomaggiore, Chies d&#8217;Alpago, Feltre, Fonzaso, Lamon, Limana, Longarone, Ospitale di Cadore, Pedavena, Ponte nelle Alpi, Quero-Vas, Sedico, Seren del Grappa, Sospirolo, Soverzene, Sovramonte, Santa Giustina, San Gregorio nelle Alpi, Tambre, Valdi Zoldo e Zoppe&#8217; di Cadore<\/p>\n<p>&nbsp;<\/p>\n<hr \/>\n<p>&nbsp;<\/p>\n<blockquote>\n<h3>INCIDENTE A SANZAN LUNGO IL RETTILINEO<\/h3>\n<\/blockquote>\n<p><strong>FELTRE\u00a0<\/strong> \u00a0Tamponamento ieri pomeriggio a Sanzan tra una moto condotta da un trevigiano e un anziano di Vas sull&#8217;auto a quattro ruote simi ciclomotore. Il centauro \u00e8 stato trasportato in ospedale con un trauma alla spalla.<\/p>\n<p>&nbsp;<\/p>\n<hr \/>\n<p>&nbsp;<\/p>\n<blockquote>\n<h3>FARMACIA ISOLATA, COLPA DELLA RETE INTERNET<\/h3>\n<\/blockquote>\n<p><strong>FELTRE<\/strong> Farmacia\u00a0 Pez di via Belluno senza internet per ventiquattro ore per un\u00a0 guasto alla cabina esterna, risolto in pochi minuti di lavoro ma che tuttavia ha causato grandi disagi ai due farmacisti che per un&#8217;intera giornata. In assenza di copertura internet non \u00e8 possibile visualizzare il farmaco nella piattaforma<\/p>\n<p>&nbsp;<\/p>\n<hr \/>\n<blockquote><p>&nbsp;<\/p>\n<h3>FIAMME DALLA CANNA FUMARIA, ARRIVANO I POMPIERI<\/h3>\n<\/blockquote>\n<p><strong><img loading=\"lazy\" decoding=\"async\" class=\"alignleft\" src=\"https:\/\/www.radiopiu.net\/wordpress\/wp-content\/uploads\/2021\/03\/156399407_1117435398684540_603465312696903146_o.jpg\" width=\"214\" height=\"285\" \/>ROCCA PIETORE<\/strong> Vigilano sul fuoco, da Caprile Alleghe sede dei volontari, da Agordo campo base di volontari e permamenti della caserma di Ponte Brugnach. Le squadra sono confluite oggi a Sottoguda chiamati per un principio d&#8217;incendio alla canna fumaria. Presenti sul posto i permanenti di Agordo con l&#8217;APS e il Defender, i volontari di Agordo con l&#8217;autoscala e i pompieri di Caprile con una squadra e l&#8217;APS. Danni limitati.<\/p>\n<blockquote><p>&nbsp;<\/p>\n<p>&nbsp;<\/p><\/blockquote>\n<p>&nbsp;<\/p>\n<p>&nbsp;<\/p>\n<p>&nbsp;<\/p>\n<p>&nbsp;<\/p>\n<p>&nbsp;<\/p>\n<hr \/>\n<p>&nbsp;<\/p>\n<blockquote>\n<h3>IL DOLORE PIU&#8217; GRANDE PER GLI IMPIANTISTI: NON POTER OSPITARE LA CLIENTELA DELLO SCI<\/h3>\n<\/blockquote>\n<p><a href=\"https:\/\/www.radiopiu.net\/wordpress\/giornale-radiopiu-03-marzo-2021-direttore-mirko-mezzacasa\/150244320_3701912113229631_2762217440037862793_o\/\" rel=\"attachment wp-att-194726\"><img loading=\"lazy\" decoding=\"async\" class=\"wp-image-194726 alignleft\" src=\"https:\/\/www.radiopiu.net\/wordpress\/wp-content\/uploads\/2021\/03\/150244320_3701912113229631_2762217440037862793_o-225x300.jpg\" alt=\"\" width=\"138\" height=\"184\" srcset=\"https:\/\/www.radiopiu.net\/wordpress\/wp-content\/uploads\/2021\/03\/150244320_3701912113229631_2762217440037862793_o-225x300.jpg 225w, https:\/\/www.radiopiu.net\/wordpress\/wp-content\/uploads\/2021\/03\/150244320_3701912113229631_2762217440037862793_o.jpg 526w\" sizes=\"auto, (max-width: 138px) 100vw, 138px\" \/><\/a>Falcade si gode la &#8220;Volata&#8221; vetrina speciale prima per la Coppa del Mondo di Sci femminile, ora per la Coppa Europa. E&#8217; una delle poche soddisfazioni di stagione soprattutto ora che i comprensori fanno capire che la stagione non inizier\u00e0 mai.<\/p>\n<p><strong>IMPIANTI DEL LUSIA<\/strong> Dopo una serie di false partenze, non ci resta che salutare chi in questi mesi ci ha sostenuto facendo il tifo per noi e per l&#8217;economia di montagna\u00bb.<\/p>\n<p><strong>ALLEGHE FUNIVIE<\/strong> Come ormai saprete la tanto attesa apertura non potr\u00e0 esserci. Questa volta \u00e9 davvero difficile da digerire dopo che in questi giorni abbiamo lavorato con impegno per poter riaprire in piena sicurezza, nella speranza di potervi accogliere sulle nostre piste . Vi ringraziamo per il grande entusiasmo che ci avete trasmesso in questi giorni con le moltissime chiamate, mail e richieste, ci date la forza per guardare sempre avanti.<\/p>\n<p>&nbsp;<\/p>\n<hr \/>\n<p>&nbsp;<\/p>\n<p><span style=\"color: #ff0000;\"><strong>NUOVE GESTIONI, CHI SE NE VA E CHI RICEVE I COMPLIMENTI DAL COMUNE<\/strong> <\/span><\/p>\n<blockquote>\n<h2>CERCASI GESTORI PER IL CAMPO DI CALCIO, BOCCIODROMO E TENNIS<\/h2>\n<\/blockquote>\n<p><strong><a href=\"https:\/\/www.radiopiu.net\/wordpress\/tutto-lo-sport-si-ferma-o-quasi\/ivano-dorigo-agordo\/\" rel=\"attachment wp-att-169847\"><img loading=\"lazy\" decoding=\"async\" class=\" wp-image-169847 alignleft\" src=\"https:\/\/www.radiopiu.net\/wordpress\/wp-content\/uploads\/2020\/11\/IVANO-DORIGO-AGORDO-300x225.jpg\" alt=\"\" width=\"165\" height=\"124\" srcset=\"https:\/\/www.radiopiu.net\/wordpress\/wp-content\/uploads\/2020\/11\/IVANO-DORIGO-AGORDO-300x225.jpg 300w, https:\/\/www.radiopiu.net\/wordpress\/wp-content\/uploads\/2020\/11\/IVANO-DORIGO-AGORDO-768x576.jpg 768w, https:\/\/www.radiopiu.net\/wordpress\/wp-content\/uploads\/2020\/11\/IVANO-DORIGO-AGORDO.jpg 1024w\" sizes=\"auto, (max-width: 165px) 100vw, 165px\" \/><\/a>AGORDO\u00a0<\/strong><\/p>\n<p><strong>di GIANNI SANTOMASO\u00a0<\/strong><\/p>\n<audio class=\"wp-audio-shortcode\" id=\"audio-194488-1\" preload=\"none\" style=\"width: 100%;\" controls=\"controls\"><source type=\"audio\/mpeg\" src=\"https:\/\/www.radiopiu.net\/wordpress\/wp-content\/uploads\/2021\/03\/limpianto-a-chi-lo-do.mp3?_=1\" \/><a href=\"https:\/\/www.radiopiu.net\/wordpress\/wp-content\/uploads\/2021\/03\/limpianto-a-chi-lo-do.mp3\">https:\/\/www.radiopiu.net\/wordpress\/wp-content\/uploads\/2021\/03\/limpianto-a-chi-lo-do.mp3<\/a><\/audio>\n<p>&nbsp;<\/p>\n<hr \/>\n<p>&nbsp;<\/p>\n<blockquote>\n<h3>RINASCE LA PASSERELLA DEL PERON DI SEDICO&#8230;. PER SOSPIROLO<\/h3>\n<\/blockquote>\n<p><strong><a href=\"https:\/\/www.radiopiu.net\/wordpress\/194686-2\/84119129_2480026415581217_2834450129258283008_n-2\/\" rel=\"attachment wp-att-194694\"><img loading=\"lazy\" decoding=\"async\" class=\" wp-image-194694 alignleft\" src=\"https:\/\/www.radiopiu.net\/wordpress\/wp-content\/uploads\/2021\/03\/84119129_2480026415581217_2834450129258283008_n-300x169.jpg\" alt=\"\" width=\"245\" height=\"138\" srcset=\"https:\/\/www.radiopiu.net\/wordpress\/wp-content\/uploads\/2021\/03\/84119129_2480026415581217_2834450129258283008_n-300x169.jpg 300w, https:\/\/www.radiopiu.net\/wordpress\/wp-content\/uploads\/2021\/03\/84119129_2480026415581217_2834450129258283008_n-768x432.jpg 768w, https:\/\/www.radiopiu.net\/wordpress\/wp-content\/uploads\/2021\/03\/84119129_2480026415581217_2834450129258283008_n.jpg 960w\" sizes=\"auto, (max-width: 245px) 100vw, 245px\" \/><\/a>SEDICO\u00a0 <\/strong>Eravamo rimasti a novembre, quando l&#8217;impresa Burigo Italo di Longarone ha iniziato ad operare, chiamata alla ricostruzione del manufatto distrutto dalla tempesta Vaia. La piena del Cordevole fece salire la passerella sul tagad\u00e0 e dopo un quadruplo salto mortale con giravoltola sono volate assi, funi, plinti di cemento. La passerella del Peron, c&#8217;\u00e8 chi \u00e8 cresciuto con la voglia di attraversarla sopra il Cordevole fin da bambino, e chi la usa abitualmente perch\u00e9 \u00e8 un collegamento importante. Eravamo rimasti a <a href=\"https:\/\/www.radiopiu.net\/wordpress\/194686-2\/download-4-9\/\" rel=\"attachment wp-att-194695\"><img loading=\"lazy\" decoding=\"async\" class=\" wp-image-194695 alignright\" src=\"https:\/\/www.radiopiu.net\/wordpress\/wp-content\/uploads\/2021\/03\/download-4.jpg\" alt=\"\" width=\"203\" height=\"152\" \/><\/a>novembre si diceva, poi \u00e8 arrivato il freddo e la neve, mai come quest&#8217;anno. Ma passando in molti avevano notato che le vecchie funi, le vecchie strutture erano passate per la mano dell&#8217;uomo. Ed oggi ecco che Andrea\u00a0 Pilat sulla sua pagina facebook ci porta in pieno cantiere, dove i lavori proseguono. Non ci rimane che dire, buon lavoro ed a presto per un brindisi &#8211; covid permettendo &#8211; tra la ricostruita passerella del Peron e l&#8217;atteso taglio del nastro. Nelle foto si vede come sia gi\u00e0 stato sistemato il camminamento. Sono stati \u00a0i due <a href=\"https:\/\/www.radiopiu.net\/wordpress\/194686-2\/83323537_2480026322247893_7156786060674990080_n-2\/\" rel=\"attachment wp-att-194698\"><img loading=\"lazy\" decoding=\"async\" class=\"wp-image-194698 alignleft\" src=\"https:\/\/www.radiopiu.net\/wordpress\/wp-content\/uploads\/2021\/03\/83323537_2480026322247893_7156786060674990080_n-300x225.jpg\" alt=\"\" width=\"191\" height=\"143\" srcset=\"https:\/\/www.radiopiu.net\/wordpress\/wp-content\/uploads\/2021\/03\/83323537_2480026322247893_7156786060674990080_n-300x225.jpg 300w, https:\/\/www.radiopiu.net\/wordpress\/wp-content\/uploads\/2021\/03\/83323537_2480026322247893_7156786060674990080_n-768x576.jpg 768w, https:\/\/www.radiopiu.net\/wordpress\/wp-content\/uploads\/2021\/03\/83323537_2480026322247893_7156786060674990080_n.jpg 960w\" sizes=\"auto, (max-width: 191px) 100vw, 191px\" \/><\/a>comuni Sospirolo e Sedico a rimboccarsi le maniche\u00a0 per\u00a0 la ricostruzione, hanno stanziato 45 mila euro a testa provenienti dai rispettivi bilanci, a cui aggiungerne 16 mila provenienti da diverse raccolte fondi istituite da associazioni e privati. 106 mila euro complessivi. Oltre ai meriti dei sindaci De Bon e Deon\u00a0 vanno aggiunti i buoni uffici con\u00a0 l\u2019Unione Montana Valbelluna che ha predisposto il progetto sulla scorta delle notizie dello &#8220;storico&#8221;\u00a0 Gianni Da Rold che ha custodito gelosamente documenti risultati fondamentali per la ricostruzione. Rifatta la passerella non rimane che attendere un buon lavoro sugli argini, questo non compete n\u00e8 ai sindaci, n\u00e8 alle associazioni del territorio.<\/p>\n<p><a href=\"https:\/\/www.radiopiu.net\/wordpress\/194686-2\/154848505_10224815873774542_4011513912157420386_n\/\" rel=\"attachment wp-att-194688\"><img loading=\"lazy\" decoding=\"async\" class=\"alignnone wp-image-194688 size-full\" src=\"https:\/\/www.radiopiu.net\/wordpress\/wp-content\/uploads\/2021\/03\/154848505_10224815873774542_4011513912157420386_n.jpg\" alt=\"\" width=\"600\" height=\"450\" srcset=\"https:\/\/www.radiopiu.net\/wordpress\/wp-content\/uploads\/2021\/03\/154848505_10224815873774542_4011513912157420386_n.jpg 600w, https:\/\/www.radiopiu.net\/wordpress\/wp-content\/uploads\/2021\/03\/154848505_10224815873774542_4011513912157420386_n-300x225.jpg 300w\" sizes=\"auto, (max-width: 600px) 100vw, 600px\" \/><\/a><\/p>\n<blockquote>\n<h2>ARCHIVIO RADIO PIU, DA VAIA 2018 IN POI.<\/h2>\n<p><span style=\"color: #ff0000;\">CLICCA ED ENTRA NELLE FOTO-VIDEO CRONACA.<\/span><\/p><\/blockquote>\n<blockquote class=\"wp-embedded-content\" data-secret=\"NX034B309r\"><p><a href=\"https:\/\/www.radiopiu.net\/wordpress\/la-passerella-che-non-ce-piu-a-un-anno-e-mezzo-da-vaia\/\">LA PASSERELLA CHE NON C&#8217;E&#8217; PIU&#8217; A UN ANNO E MEZZO DA VAIA\u00a0<\/a><\/p><\/blockquote>\n<p><iframe loading=\"lazy\" class=\"wp-embedded-content\" sandbox=\"allow-scripts\" security=\"restricted\" style=\"position: absolute; clip: rect(1px, 1px, 1px, 1px);\" title=\"&#8220;LA PASSERELLA CHE NON C&#8217;E&#8217; PIU&#8217; A UN ANNO E MEZZO DA VAIA\u00a0&#8221; &#8212; Radio Pi\u00f9\" src=\"https:\/\/www.radiopiu.net\/wordpress\/la-passerella-che-non-ce-piu-a-un-anno-e-mezzo-da-vaia\/embed\/#?secret=NX034B309r\" data-secret=\"NX034B309r\" width=\"600\" height=\"338\" frameborder=\"0\" marginwidth=\"0\" marginheight=\"0\" scrolling=\"no\"><\/iframe><\/p>\n<p>&nbsp;<\/p>\n<p>&nbsp;<\/p>\n<hr \/>\n<blockquote>\n<h3><\/h3>\n<h3>RIPRENDONO I RICOVERI IN TERAPIA INTENSIVA<\/h3>\n<\/blockquote>\n<p><span style=\"color: #ff0000;\">In Veneto<\/span>: 2,87% l&#8217;incidenza dei positivi sui tamponi fatti nelle ultime 24 ore (42712), ieri +1253 positivi (811 lunedi), 20 decessi (totale 9888), in terapia intensiva ricoveri\u00a0 151 (a inizio febbraio erano 213 ma erano scesi fino a 132) ieri 8 ricoveri in pi\u00f9, 1198 i pazienti in area non critica (+15 in 24 ore) Nuove infezioni in crescita gli attualmente positivi sono 25.232\u00a0 a met\u00e0 febbraio, il numero era sceso sotto la soglia dei 23 mila, 152 i pazienti negli ospedali di comunit\u00e0. Sono oltre 115 mila i veneti vaccinati (con la doppia dose), 8527 le somministrazioni del 1 marzo.<\/p>\n<p><span style=\"color: #ff0000;\">In provincia<\/span> Sono 1200 i bellunesi in isolamento. La variante inglese rappresenta il 50% dei casi di positivit\u00e0. In provincia, ci sono 6.836 persone che\u00a0 hanno concluso il ciclo vaccinale. Cresce il contagio a <span style=\"color: #ff0000;\">Valle di Cadore<\/span>, interessati dal virus i bambini dell&#8217;asilo e i loro genitori, il sindaco Marianna Hofer:\u00a0 <em>&#8220;Ad oggi abbiamo 11 positivi e 29 persone in quarantena. Si tratta di bambini delle classi per medi e grandi dell&#8217;asilo<\/em>. <em>Vanno invece a scuola i bambini delle prime sezioni, quelle dedicate ai piccoli. Per quanto riguarda le altre classi contiamo per\u00f2 di riprendere al pi\u00f9 presto con le lezioni.\u00a0\u00a0<\/em>Nelle ultime 24 ore non si registrano decessi, ieri i ricoverati in area non critica erano 51 di cui 35 a Belluno e 16 a Feltre, mentre 10 erano i degenti della Terapia intensiva (cinque al San Martino e altrettanti al Santa Maria del Prato) nelle le strutture a bassa intensit\u00e0\u00a0 i ricoverati sono 20<\/p>\n<p><span style=\"color: #ff0000;\">Il contagio nell&#8217;Agordino,<\/span> <strong>GOSALDO<\/strong> 5 positivi 0 isolamento,\u00a0 <strong>ROCCA<\/strong> <strong>PIETORE<\/strong> 1 positivi, 3 isolamento. <strong>LA VALLE<\/strong> 1 positivo, 0 isolamento. <strong>AGORDO<\/strong> 10 positivi, 14 isolamento. <strong>SAN TOMASO<\/strong> 1 positivi 3 isolamento <strong>CENCENIGHE\u00a0<\/strong> Comune libero dal virus <strong>LIVINALLONGO<\/strong> 2 positivi 3 isolamento. <strong>TAIBON<\/strong> 1 positivo 3 isolamento<\/p>\n<blockquote>\n<blockquote>\n<h3>SECONDA GIORNATA CONSECUTIVA SENZA DECESSI, 81 PAZIENTI IN OSPEDALE 10 IN TERAPIA INTENSIVA<\/h3>\n<\/blockquote>\n<p><strong>BELLUNO<\/strong> Nessun decesso nelle ultme 24 ore nella Ulss1 Dolomiti, 48 i nuovi positivi, 698 gli attualmente positivi.<\/p>\n<p align=\"JUSTIFY\"><span style=\"font-size: medium;\"><b>Ricoveri<\/b><\/span><\/p>\n<table border=\"1\" width=\"652\" frame=\"HSIDES\" rules=\"GROUPS\" cellspacing=\"0\" cellpadding=\"7\">\n<tbody>\n<tr valign=\"TOP\">\n<td width=\"203\"><\/td>\n<td width=\"203\">\n<p align=\"JUSTIFY\"><span style=\"color: #365f91;\"><span style=\"font-size: medium;\"><b>Area NON CRITICA<\/b><\/span><\/span><\/p>\n<\/td>\n<td width=\"203\">\n<p align=\"JUSTIFY\"><span style=\"color: #365f91;\"><span style=\"font-size: medium;\"><b>Terapia Intensiva<\/b><\/span><\/span><\/p>\n<\/td>\n<\/tr>\n<\/tbody>\n<tbody>\n<tr valign=\"TOP\">\n<td bgcolor=\"#d3dfee\" width=\"203\">\n<p align=\"JUSTIFY\"><span style=\"color: #365f91;\"><span style=\"font-size: medium;\"><b>Ospedale di Belluno <\/b><\/span><\/span><\/p>\n<\/td>\n<td bgcolor=\"#d3dfee\" width=\"203\">\n<p align=\"CENTER\"><span style=\"color: #365f91;\"><span style=\"font-size: medium;\">35<\/span><\/span><\/p>\n<\/td>\n<td bgcolor=\"#d3dfee\" width=\"203\">\n<p align=\"CENTER\"><span style=\"color: #365f91;\"><span style=\"font-size: medium;\">5<\/span><\/span><\/p>\n<\/td>\n<\/tr>\n<tr valign=\"TOP\">\n<td bgcolor=\"#d3dfee\" width=\"203\">\n<p align=\"JUSTIFY\"><span style=\"color: #365f91;\"><span style=\"font-size: medium;\"><b>Ospedale di Feltre<\/b><\/span><\/span><\/p>\n<\/td>\n<td bgcolor=\"#d3dfee\" width=\"203\">\n<p align=\"CENTER\"><span style=\"color: #365f91;\"><span style=\"font-size: medium;\">16<\/span><\/span><\/p>\n<\/td>\n<td bgcolor=\"#d3dfee\" width=\"203\">\n<p align=\"CENTER\"><span style=\"color: #365f91;\"><span style=\"font-size: medium;\">5<\/span><\/span><\/p>\n<\/td>\n<\/tr>\n<\/tbody>\n<\/table>\n<p align=\"JUSTIFY\"><span style=\"font-size: medium;\">Le persone attualmente POSITIVE <\/span>ricoverate in Ospedale di Comunit\u00e0 sono:<\/p>\n<table border=\"1\" width=\"652\" frame=\"HSIDES\" rules=\"ROWS\" cellspacing=\"0\" cellpadding=\"7\">\n<tbody>\n<tr valign=\"TOP\">\n<td width=\"312\"><\/td>\n<td width=\"312\">\n<p align=\"JUSTIFY\"><span style=\"color: #76923c;\"><span style=\"font-size: medium;\"><b>pazienti attualmente positivi<\/b><\/span><\/span><\/p>\n<\/td>\n<\/tr>\n<tr valign=\"TOP\">\n<td bgcolor=\"#e6eed5\" width=\"312\">\n<p align=\"JUSTIFY\"><span style=\"color: #76923c;\"><span style=\"font-size: medium;\"><b>Ospedale di Comunit\u00e0 di BELLUNO<\/b><\/span><\/span><\/p>\n<\/td>\n<td bgcolor=\"#e6eed5\" width=\"312\">\n<p align=\"CENTER\"><span style=\"color: #76923c;\"><span style=\"font-size: medium;\">10<\/span><\/span><\/p>\n<\/td>\n<\/tr>\n<tr valign=\"TOP\">\n<td bgcolor=\"#e6eed5\" width=\"312\">\n<p align=\"JUSTIFY\"><span style=\"color: #76923c;\"><span style=\"font-size: medium;\"><b>Ospedale di Comunit\u00e0 di FELTRE<\/b><\/span><\/span><\/p>\n<\/td>\n<td bgcolor=\"#e6eed5\" width=\"312\">\n<p align=\"CENTER\"><span style=\"color: #76923c;\"><span style=\"font-size: medium;\">10<\/span><\/span><\/p>\n<\/td>\n<\/tr>\n<\/tbody>\n<\/table>\n<p><strong>PROGRAMMA VACCINALE<\/strong> A questa mattina in Ulss Dolomiti sono state effettuate 18.535 dosi di vaccino di cui 11.699 prime dosi e<br \/>\n6.836 seconde dosi.<\/p>\n<p>&nbsp;<\/p>\n<p>&nbsp;<\/p>\n<p>&nbsp;<\/p>\n<p>&nbsp;<\/p><\/blockquote>\n<hr \/>\n<p>&nbsp;<\/p>\n<blockquote>\n<h3>IL NUOVO DIRETTORE DELLA ULSS1 ACCOLTA CON UN SORRISO, AUSPICANDO SORRISI<\/h3>\n<\/blockquote>\n<p><strong><a href=\"https:\/\/www.radiopiu.net\/wordpress\/il-nuovo-direttore-della-ulss1-accolta-con-un-sorriso-auspicando-sorrisi\/f6d21de8-33dd-448e-a803-396a3144c0b2\/\" rel=\"attachment wp-att-194681\"><img loading=\"lazy\" decoding=\"async\" class=\"wp-image-194681 alignleft\" src=\"https:\/\/www.radiopiu.net\/wordpress\/wp-content\/uploads\/2021\/03\/f6d21de8-33dd-448e-a803-396a3144c0b2-300x200.jpg\" alt=\"\" width=\"228\" height=\"152\" srcset=\"https:\/\/www.radiopiu.net\/wordpress\/wp-content\/uploads\/2021\/03\/f6d21de8-33dd-448e-a803-396a3144c0b2-300x200.jpg 300w, https:\/\/www.radiopiu.net\/wordpress\/wp-content\/uploads\/2021\/03\/f6d21de8-33dd-448e-a803-396a3144c0b2-1024x681.jpg 1024w, https:\/\/www.radiopiu.net\/wordpress\/wp-content\/uploads\/2021\/03\/f6d21de8-33dd-448e-a803-396a3144c0b2-768x511.jpg 768w, https:\/\/www.radiopiu.net\/wordpress\/wp-content\/uploads\/2021\/03\/f6d21de8-33dd-448e-a803-396a3144c0b2-1536x1021.jpg 1536w, https:\/\/www.radiopiu.net\/wordpress\/wp-content\/uploads\/2021\/03\/f6d21de8-33dd-448e-a803-396a3144c0b2.jpg 1600w\" sizes=\"auto, (max-width: 228px) 100vw, 228px\" \/><\/a><\/strong><\/p>\n<p><strong>BELLUNO\u00a0<\/strong> Prima conferenza stampa del nuovo direttore della Ulss1 Dolomiti Maria Grazia Carraro.<\/p>\n<p><span style=\"color: #0000ff;\">foto Paolo Perona<\/span><\/p>\n<p><strong>di Moreno Gioli<\/strong><\/p>\n<audio class=\"wp-audio-shortcode\" id=\"audio-194488-2\" preload=\"none\" style=\"width: 100%;\" controls=\"controls\"><source type=\"audio\/mpeg\" src=\"https:\/\/www.radiopiu.net\/wordpress\/wp-content\/uploads\/2021\/03\/MORENO.mp3?_=2\" \/><a href=\"https:\/\/www.radiopiu.net\/wordpress\/wp-content\/uploads\/2021\/03\/MORENO.mp3\">https:\/\/www.radiopiu.net\/wordpress\/wp-content\/uploads\/2021\/03\/MORENO.mp3<\/a><\/audio>\n<p>&nbsp;<\/p>\n<p><strong>LE PRIME RISPOSTE ALLE DOMANDE DEI GIORNALISTI DEL DIRETTORE DONNA DELLE OLIMPIADI 2026<\/strong><\/p>\n<audio class=\"wp-audio-shortcode\" id=\"audio-194488-3\" preload=\"none\" style=\"width: 100%;\" controls=\"controls\"><source type=\"audio\/mpeg\" src=\"https:\/\/www.radiopiu.net\/wordpress\/wp-content\/uploads\/2021\/03\/carraro.mp3?_=3\" \/><a href=\"https:\/\/www.radiopiu.net\/wordpress\/wp-content\/uploads\/2021\/03\/carraro.mp3\">https:\/\/www.radiopiu.net\/wordpress\/wp-content\/uploads\/2021\/03\/carraro.mp3<\/a><\/audio>\n<p>&nbsp;<\/p>\n<p><strong>IL GIORNO DELLA NOMINA E IL CURRICULUM\u00a0<\/strong><\/p>\n<p><a href=\"https:\/\/www.radiopiu.net\/wordpress\/maria-grazia-carraro-e-il-nuovo-direttore-della-ulss-1-dolomiti\/carraro-1\/\" rel=\"attachment wp-att-193912\"><img loading=\"lazy\" decoding=\"async\" class=\"size-medium wp-image-193912 alignleft\" src=\"https:\/\/www.radiopiu.net\/wordpress\/wp-content\/uploads\/2021\/02\/Carraro-1-300x225.jpg\" alt=\"\" width=\"300\" height=\"225\" srcset=\"https:\/\/www.radiopiu.net\/wordpress\/wp-content\/uploads\/2021\/02\/Carraro-1-300x225.jpg 300w, https:\/\/www.radiopiu.net\/wordpress\/wp-content\/uploads\/2021\/02\/Carraro-1-1024x768.jpg 1024w, https:\/\/www.radiopiu.net\/wordpress\/wp-content\/uploads\/2021\/02\/Carraro-1-768x576.jpg 768w, https:\/\/www.radiopiu.net\/wordpress\/wp-content\/uploads\/2021\/02\/Carraro-1-1536x1152.jpg 1536w, https:\/\/www.radiopiu.net\/wordpress\/wp-content\/uploads\/2021\/02\/Carraro-1-2048x1536.jpg 2048w\" sizes=\"auto, (max-width: 300px) 100vw, 300px\" \/><\/a>Oggi la nomina dei direttori generali, la nuova squadra della sanit\u00e0 veneta, un impegno non facile. Sono 101 i candidati per il bando. Ci sono riconferme e debuttanti.<br \/>\n<strong>ulss1 Dolomiti BELLUNO<\/strong> <span style=\"color: #ff0000;\">Maria Grazia Carraro<\/span> subentra ad Adriano Rasi Caldogno che era in carica dal 2016. Sar\u00e0 la donna delle Olimpiadi, lo ha detto presentandola il governatore Zaia, ricordando anche le difficolt\u00e0 orografiche della provincia estesa dall&#8217;Agordino al Comelico\u00a0 CURRICULUM<strong><span style=\"color: #0000ff;\"><a style=\"color: #0000ff;\" href=\"https:\/\/www.ulss7.it\/c\/document_library\/get_file?uuid=1e586444-1e42-474b-8d34-ef16a18e24e1&amp;groupId=10181\"> CLICCA QUI\u00a0<\/a><\/span><\/strong><\/p>\n<p>&nbsp;<\/p>\n<p>&nbsp;<\/p>\n<p>&nbsp;<\/p>\n<hr \/>\n<p>&nbsp;<\/p>\n<blockquote class=\"wp-embedded-content\" data-secret=\"tQSltKrLZ4\"><p><a href=\"https:\/\/www.radiopiu.net\/wordpress\/aggfeb28003003\/\">CORONAVIRUS: AGGIORNAMENTO NAZIONALE 02  MARZO 2021<\/a><\/p><\/blockquote>\n<p><iframe loading=\"lazy\" class=\"wp-embedded-content\" sandbox=\"allow-scripts\" security=\"restricted\" style=\"position: absolute; clip: rect(1px, 1px, 1px, 1px);\" title=\"&#8220;CORONAVIRUS: AGGIORNAMENTO NAZIONALE 02  MARZO 2021&#8221; &#8212; Radio Pi\u00f9\" src=\"https:\/\/www.radiopiu.net\/wordpress\/aggfeb28003003\/embed\/#?secret=tQSltKrLZ4\" data-secret=\"tQSltKrLZ4\" width=\"600\" height=\"338\" frameborder=\"0\" marginwidth=\"0\" marginheight=\"0\" scrolling=\"no\"><\/iframe><\/p>\n<blockquote class=\"wp-embedded-content\" data-secret=\"6X87uCiBrC\"><p><a href=\"https:\/\/www.radiopiu.net\/wordpress\/989898sddddyyt\/\">SUPERATI I 300MILA NEGATIVIZZATI, MA I RICOVERI SONO DI NUOVO IN AUMENTO, 20 DECESSI IN 24 ORE<\/a><\/p><\/blockquote>\n<p><iframe loading=\"lazy\" class=\"wp-embedded-content\" sandbox=\"allow-scripts\" security=\"restricted\" style=\"position: absolute; clip: rect(1px, 1px, 1px, 1px);\" title=\"&#8220;SUPERATI I 300MILA NEGATIVIZZATI, MA I RICOVERI SONO DI NUOVO IN AUMENTO, 20 DECESSI IN 24 ORE&#8221; &#8212; Radio Pi\u00f9\" src=\"https:\/\/www.radiopiu.net\/wordpress\/989898sddddyyt\/embed\/#?secret=6X87uCiBrC\" data-secret=\"6X87uCiBrC\" width=\"600\" height=\"338\" frameborder=\"0\" marginwidth=\"0\" marginheight=\"0\" scrolling=\"no\"><\/iframe><\/p>\n<p>&nbsp;<\/p>\n<p><strong>I GRAFICI DI TIZIANO DE COL<\/strong><\/p>\n\n\t\t\t<style type='text\/css'>\n\t\t\t\t#gallery-1 {\n\t\t\t\t\tmargin: auto;\n\t\t\t\t}\n\t\t\t\t#gallery-1 .gallery-item {\n\t\t\t\t\tfloat: left;\n\t\t\t\t\tmargin-top: 10px;\n\t\t\t\t\ttext-align: center;\n\t\t\t\t\twidth: 20%;\n\t\t\t\t}\n\t\t\t\t#gallery-1 img {\n\t\t\t\t\tborder: 2px solid #cfcfcf;\n\t\t\t\t}\n\t\t\t\t#gallery-1 .gallery-caption {\n\t\t\t\t\tmargin-left: 0;\n\t\t\t\t}\n\t\t\t\t\/* see gallery_shortcode() in wp-includes\/media.php *\/\n\t\t\t<\/style>\n\t\t<div id='gallery-1' class='dt-gallery-container gallery galleryid-194488 gallery-columns-5 gallery-size-thumbnail'><dl class='gallery-item'>\n\t\t\t\t<dt class='gallery-icon landscape'>\n\t\t\t\t\t<a class=\"rollover rollover-zoom dt-pswp-item\" title=\"49018604-086f-4962-91d9-cc256d1e27cd\" data-dt-img-description=\"\" data-large_image_width=\"598\" data-large_image_height=\"350\"href='https:\/\/www.radiopiu.net\/wordpress\/wp-content\/uploads\/2021\/03\/49018604-086f-4962-91d9-cc256d1e27cd.jpg'><img loading=\"lazy\" decoding=\"async\" width=\"150\" height=\"150\" src=\"https:\/\/www.radiopiu.net\/wordpress\/wp-content\/uploads\/2021\/03\/49018604-086f-4962-91d9-cc256d1e27cd-150x150.jpg\" class=\"attachment-thumbnail size-thumbnail\" alt=\"\" \/><\/a>\n\t\t\t\t<\/dt><\/dl><dl class='gallery-item'>\n\t\t\t\t<dt class='gallery-icon landscape'>\n\t\t\t\t\t<a class=\"rollover rollover-zoom dt-pswp-item\" title=\"3217d164-b5ba-41af-a3a6-5d18371fd037\" data-dt-img-description=\"\" data-large_image_width=\"606\" data-large_image_height=\"354\"href='https:\/\/www.radiopiu.net\/wordpress\/wp-content\/uploads\/2021\/03\/3217d164-b5ba-41af-a3a6-5d18371fd037.jpg'><img loading=\"lazy\" decoding=\"async\" width=\"150\" height=\"150\" src=\"https:\/\/www.radiopiu.net\/wordpress\/wp-content\/uploads\/2021\/03\/3217d164-b5ba-41af-a3a6-5d18371fd037-150x150.jpg\" class=\"attachment-thumbnail size-thumbnail\" alt=\"\" \/><\/a>\n\t\t\t\t<\/dt><\/dl><dl class='gallery-item'>\n\t\t\t\t<dt class='gallery-icon landscape'>\n\t\t\t\t\t<a class=\"rollover rollover-zoom dt-pswp-item\" title=\"046b4225-c8f6-4528-b23d-0060dcfce6d4\" data-dt-img-description=\"\" data-large_image_width=\"604\" data-large_image_height=\"354\"href='https:\/\/www.radiopiu.net\/wordpress\/wp-content\/uploads\/2021\/03\/046b4225-c8f6-4528-b23d-0060dcfce6d4.jpg'><img loading=\"lazy\" decoding=\"async\" width=\"150\" height=\"150\" src=\"https:\/\/www.radiopiu.net\/wordpress\/wp-content\/uploads\/2021\/03\/046b4225-c8f6-4528-b23d-0060dcfce6d4-150x150.jpg\" class=\"attachment-thumbnail size-thumbnail\" alt=\"\" \/><\/a>\n\t\t\t\t<\/dt><\/dl><dl class='gallery-item'>\n\t\t\t\t<dt class='gallery-icon landscape'>\n\t\t\t\t\t<a class=\"rollover rollover-zoom dt-pswp-item\" title=\"582baf84-cb17-4bc3-913d-719ea8e78662\" data-dt-img-description=\"\" data-large_image_width=\"606\" data-large_image_height=\"353\"href='https:\/\/www.radiopiu.net\/wordpress\/wp-content\/uploads\/2021\/03\/582baf84-cb17-4bc3-913d-719ea8e78662.jpg'><img loading=\"lazy\" decoding=\"async\" width=\"150\" height=\"150\" src=\"https:\/\/www.radiopiu.net\/wordpress\/wp-content\/uploads\/2021\/03\/582baf84-cb17-4bc3-913d-719ea8e78662-150x150.jpg\" class=\"attachment-thumbnail size-thumbnail\" alt=\"\" \/><\/a>\n\t\t\t\t<\/dt><\/dl><dl class='gallery-item'>\n\t\t\t\t<dt class='gallery-icon landscape'>\n\t\t\t\t\t<a class=\"rollover rollover-zoom dt-pswp-item\" title=\"d1873503-834a-4d8b-8e84-64629d192095\" data-dt-img-description=\"\" data-large_image_width=\"612\" data-large_image_height=\"356\"href='https:\/\/www.radiopiu.net\/wordpress\/wp-content\/uploads\/2021\/03\/d1873503-834a-4d8b-8e84-64629d192095.jpg'><img loading=\"lazy\" decoding=\"async\" width=\"150\" height=\"150\" src=\"https:\/\/www.radiopiu.net\/wordpress\/wp-content\/uploads\/2021\/03\/d1873503-834a-4d8b-8e84-64629d192095-150x150.jpg\" class=\"attachment-thumbnail size-thumbnail\" alt=\"\" \/><\/a>\n\t\t\t\t<\/dt><\/dl><br style=\"clear: both\" \/>\n\t\t\t<\/div>\n\n<hr \/>\n<blockquote>\n<h3>CONFERENZA STAMPA SENZA ZAIA, IN VIDEO CONFERENZA PER IL NUOVO DPCM<\/h3>\n<\/blockquote>\n<blockquote>\n<h3>LEGGI LA CONFERENZA STAMPA,<span style=\"color: #ff0000;\"> aggiornamento del testo in diretta\u00a0<\/span><\/h3>\n<\/blockquote>\n<p>La conferenza inizia senza il Presidente impegnato in video conferenza con Governo e Regioni per il tema del DPCM e Scuola, presiede l&#8217;assessore Manuela Lanzarin. I numeri danno segnali di ripresa, ancora buoni e non sicuramente non apici che abbiamo gi\u00e0 visto a fine dicembre ma che ci devono allertare. Nell&#8217;incontro in corso il professor Brusaferro ha fatto una panoramica sulle varianti che stanno circolando molto, l&#8217;inglese al 50% quella brasiliana tra il 25% e il 30% e c&#8217;\u00e8 apprensione perch\u00e9 si diffonde con molta facilit\u00e0, \u00e8 pi\u00f9 ridotta la sudafricana ma anche in questo caso resta alta l&#8217;attenzione. La posizione del Veneto: cambiare i parametri per avere criteri pi\u00f9 omogenei, potrebbe entrare come una delle richieste nel Dpcm. In questo momento \u00e8 in corso la discussione con i vari interventi. E&#8217; presente il dottor Miozzo del Cts, capiremo se tra i vari enti ci sar\u00e0 un orientamento o comunque delle indicazioni. Sul fronte delle scuole al momento non ci sono novit\u00e0 se ne sta parlando. <strong>VACCINAZIONI<\/strong> In corso per il mondo scolastico e delle Forze dell&#8217;Ordine, la prossima settimana via alla vaccinazione per chi ha 110 anni, riceveranno l&#8217;invito a domicilio, continueremo con la stessa modalit\u00e0 anche per gli over 80, ovvero la lettera con invito singolo. Per chi non puo&#8217; muoversi ci sar\u00e0 l&#8217;intervento tramite le Usca a domicilio oppure ci sar\u00e0 nell&#8217;accordo con i Medici di Medicina Generale per il loro coinvolgimento nella vaccinazione, loro potranno eventualmente andare a domicilio a fare le vaccinazioni. <strong>DOSE UNICA PER CHI GIA&#8217; HA CONTRATTO IL VIRUS<\/strong> significa pi\u00f9 persone vaccinate, se ne sta parlando in video conferenza. Ad ora non ci sono indicazioni, quando verr\u00e0 chiarito se si puo&#8217; fare una sola dose verr\u00e0 chiarito anche con quale vaccino. <span style=\"color: #ff0000;\"><strong>LO SCANDALO DEI VACCINI A PADOVA &#8211; personale scolastico:<\/strong><\/span>\u00a0 <em>con lo stesso codice fiscale facevano due vaccinazione, per l&#8217;avente diritto e&#8230; per un famigliare, conoscente o amico. I casi alla Ulss Euganea di Padova. Ieri giornata di verifiche. <\/em>Non abbiamo numeri n\u00e9 contezza\u00a0 &#8211; ha detto Manuela Lanzarin &#8211; e non sappiamo se si sia verificato\u00a0 in altre aziende sanitarie, abbiamo chiesto una verifica e una relazione,\u00a0 il fatto \u00e8 grave. \u00a0Noi abbiamo chiesto una relazione, capiremo se la questione \u00e8 cirscoscritta al territorio padovano. Oggi c&#8217;\u00e8 una conferenza stampa dove si chiarir\u00e0 la situazione, il tema della vaccinazione \u00e8 delicato e molte persone sono in attesa di avere il vaccino, i furbetti non devono quindi trovare spazio. Noi abbiamo un piano e stiamo cercando di rispettarlo. <strong>POST ARCURI<\/strong> Per dare un parere \u00e8 troppo presto. Aspettiamo l&#8217;incontro che sono convinta ci sar\u00e0 a breve <strong>SCUOLA E CONTAGI<\/strong> La discussione in corso porter\u00e0 ad un pronunciamento circa le varianti e l&#8217;aumento di postiivi anche nei territori a noi confinanti. Oggi si daranno indicazioni precise come richiesto dalle regioni. <strong>QUARTO VACCINO<\/strong> j&amp;j\u00a0 Sar\u00e0 quello pi\u00f9 facile per le procedure non prevedendo una catena del freddo e poi \u00e8 a una sola dose. Ideale per i medici di medicina generale ma anche farmacie, \u00e8 il vaccino che si presta in maniera pi\u00f9 forte. Attendiamo il passaggio Ema (fine marzo), ci hanno detto -ma non prima di aprile &#8211; che ci saranno dei quantitativi. <strong>INSEGNANTI NON RESIDENTI IN VENETO<\/strong>\u00a0 E&#8217; un problema che ci siamo gi\u00e0 posti, si tratta di insegnanti non pendolari in quel caso saranno vaccinati nell&#8217;Ulss dove esercitano, non se sono pendolari di Ulss vicine. <strong>AD OGGI SOLO IL 10% DI ASTREZENECA IN VENETO PERCHE?<\/strong> Noi stiamo recuperando rispetto a questa percentuale, c&#8217;\u00e8 stato un primo momento con la discussione sui 55 anni, poi abbiamo aperto le nuove prenotazioni, abbiamo distribuito vaccini a diverse categorie,\u00a0 non ancora registrati e non presenti sulle piattaforme. E&#8217; dunque un fatto logistico non motivi di rifiuto o perplessit\u00e0.<\/p>\n<p><a href=\"https:\/\/www.facebook.com\/zaiaufficiale\/videos\/796148017952475\">https:\/\/www.facebook.com\/zaiaufficiale\/videos\/796148017952475<\/a><\/p>\n<p>&nbsp;<\/p>\n<p>&nbsp;<\/p>\n<hr \/>\n<p>&nbsp;<\/p>\n<blockquote>\n<h3>IL PD ALLA REGIONE: VACCINATE I FARMACISTI<\/h3>\n<\/blockquote>\n<p><strong>VENEZIA\u00a0<\/strong><em> \u201cL\u2019accelerata delle vaccinazioni annunciata dal direttore generale Flor deve comprendere in via prioritaria i lavoratori delle farmacie. \u00c8 inaccettabile che dopo oltre un mese dall\u2019avvio delle somministrazioni siano ancora esclusi, nonostante l\u2019esposizione quotidiana al rischio di contagio. Dobbiamo aspettare che i numeri crescano ulteriormente, magari arrivando all\u2019interruzione di un servizio fondamentale, prima di intervenire?\u201d<\/em>. La vicepresidente della commissione Sanit\u00e0 Anna Maria Bigon, consigliera regionale del Partito Democratico, rilancia il problema della mancata somministrazione del vaccino ai farmacisti e ai loro collaboratori, denunciato da Federfarma Verona.<\/p>\n<p>&nbsp;<\/p>\n<p>&nbsp;<\/p>\n<hr \/>\n<p>&nbsp;<\/p>\n<blockquote>\n<h3><a class=\"dt-pswp-item\" href=\"https:\/\/www.radiopiu.net\/wordpress\/wp-content\/uploads\/2021\/03\/223932535-2530db17-25a3-4ddd-9cb6-e0fb6003261f.png\" data-dt-img-description=\"\" data-large_image_width=\"810\" data-large_image_height=\"485\"><img loading=\"lazy\" decoding=\"async\" class=\"size-medium wp-image-194753 alignleft\" src=\"https:\/\/www.radiopiu.net\/wordpress\/wp-content\/uploads\/2021\/03\/223932535-2530db17-25a3-4ddd-9cb6-e0fb6003261f-300x180.png\" alt=\"\" width=\"300\" height=\"180\" srcset=\"https:\/\/www.radiopiu.net\/wordpress\/wp-content\/uploads\/2021\/03\/223932535-2530db17-25a3-4ddd-9cb6-e0fb6003261f-300x180.png 300w, https:\/\/www.radiopiu.net\/wordpress\/wp-content\/uploads\/2021\/03\/223932535-2530db17-25a3-4ddd-9cb6-e0fb6003261f-768x460.png 768w, https:\/\/www.radiopiu.net\/wordpress\/wp-content\/uploads\/2021\/03\/223932535-2530db17-25a3-4ddd-9cb6-e0fb6003261f.png 810w\" sizes=\"auto, (max-width: 300px) 100vw, 300px\" \/><\/a><\/h3>\n<div class=\"page-title-head hgroup\">\n<h3 class=\"entry-title\">LETTERA A MATTARELLA DAGLI ISTITUTI DELLA RESISTENZA<\/h3>\n<\/div>\n<div class=\"page-title-breadcrumbs\"><\/div>\n<\/blockquote>\n<p>&nbsp;<\/p>\n<p><strong>BELLUNO<\/strong> Una lettera al Presidente della Repubblica, perch\u00e9 la politica non detti le regole alla ricerca storia.<\/p>\n<p><strong>di GIANNI SANTOMASO<\/strong><\/p>\n<audio class=\"wp-audio-shortcode\" id=\"audio-194488-4\" preload=\"none\" style=\"width: 100%;\" controls=\"controls\"><source type=\"audio\/mpeg\" src=\"https:\/\/www.radiopiu.net\/wordpress\/wp-content\/uploads\/2021\/03\/ENRICO-BACCHETI.mp3?_=4\" \/><a href=\"https:\/\/www.radiopiu.net\/wordpress\/wp-content\/uploads\/2021\/03\/ENRICO-BACCHETI.mp3\">https:\/\/www.radiopiu.net\/wordpress\/wp-content\/uploads\/2021\/03\/ENRICO-BACCHETI.mp3<\/a><\/audio>\n<p>foto\u00a0 \/www.internazionale.it\/notizie\/nicoletta-bourbaki<\/p>\n<p>&nbsp;<\/p>\n<hr \/>\n<p>&nbsp;<\/p>\n<blockquote>\n<h3><\/h3>\n<h3>BOND (FI), DISPOSITIVI DI PROTEZIONE NON A NORMA, SERVE COMMISSIONE D\u2019INCHIESTA<\/h3>\n<\/blockquote>\n<p><strong><a href=\"https:\/\/www.radiopiu.net\/wordpress\/giornale-radiopiu-26-luglio-2019-direttore-mirko-mezzacasa\/dario-bond-6\/\" rel=\"attachment wp-att-93051\"><img loading=\"lazy\" decoding=\"async\" class=\"size-medium wp-image-93051 alignleft\" src=\"https:\/\/www.radiopiu.net\/wordpress\/wp-content\/uploads\/2019\/07\/Dario-Bond-300x200.jpg\" alt=\"\" width=\"300\" height=\"200\" srcset=\"https:\/\/www.radiopiu.net\/wordpress\/wp-content\/uploads\/2019\/07\/Dario-Bond-300x200.jpg 300w, https:\/\/www.radiopiu.net\/wordpress\/wp-content\/uploads\/2019\/07\/Dario-Bond-768x512.jpg 768w, https:\/\/www.radiopiu.net\/wordpress\/wp-content\/uploads\/2019\/07\/Dario-Bond-1024x683.jpg 1024w\" sizes=\"auto, (max-width: 300px) 100vw, 300px\" \/><\/a>ROMA<\/strong> \u201c<em>Subito una Commissione d\u2019inchiesta per verificare se i dispositivi d\u2019importazione antiCovid presenti sul mercato italiano siano o meno a norma<\/em>\u201d. E\u2019 la richiesta di Dario Bond, deputato di Forza Italia, dopo la notizia della denuncia da parte di una societ\u00e0 altoatesina secondo la quale, dopo test effettuati nei laboratori, alcuni dispositivi di protezione in commercio provenienti dall\u2019Asia, in particolare le mascherine Ffp2, non corrisponderebbero alle certificazioni. \u201c<em>Dall\u2019inizio della pandemia abbiamo imparato a conoscere le diverse mascherine e le loro caratteristiche, le abbiamo introdotte nella nostra quotidianit\u00e0 ben consapevoli che, insieme al distanziamento, sono l\u2019unico modo che abbiamo per ridurre i rischi di contrarre il Covid. Non possiamo rischiare di utilizzare prodotti non a norma o non efficaci, una buona mascherina pu\u00f2 fare la differenza tra la vita e la morte. Specialmente in luoghi come le scuole, le case di riposo, gli ospedali<\/em>\u201d aggiunge Bond.\u00a0 \u201c<em>Per i prodotti sanitari che devono essere immessi sul nostro mercato, occorre un percorso di controllo a livello centrale attraverso opportuni enti di certificazione per le mascherine e per gli altri prodotti, come avviene per vaccini e farmaci con l\u2019Ema in Europa e l\u2019Aifa in Italia. Partiamo allora da una commissione d\u2019inchiesta, almeno per verificare, attraverso analisi incrociate nei nostri laboratori, la validit\u00e0 e l\u2019efficacia dei dispositivi di protezione gi\u00e0 presenti sul mercato italiano<\/em>\u201d.<\/p>\n<p>&nbsp;<\/p>\n<hr \/>\n<p>&nbsp;<\/p>\n<h2>ADDAMIANO E STELLA PER IL BENESSERE DEGLI ANIMALI<\/h2>\n<p><strong><img loading=\"lazy\" decoding=\"async\" class=\"alignleft\" src=\"https:\/\/www.radiopiu.net\/wordpress\/wp-content\/uploads\/2015\/06\/Salvataggio-animale.jpg\" width=\"229\" height=\"172\" \/>BELLUNO<\/strong> Raffaele Addamiano, capogruppo consiliare per Obiettivo Belluno-Fratelli d&#8217;Italia in consiglio comunale di concetto con il collega Andrea Stella,\u00a0 si rivolge al sindaco con un invto, anzi un documento che impegna il primo cittadino ad adoperarsi<i> <\/i>\u00a0in una azione politica\u00a0 atta a favorire l\u2019inserimento in seno alla Costituzione della Repubblica Italiana di un richiamo esplicito, non ideologico, alla promozione e alla garanzia della vita nonch\u00e9 della salute degli animali attraverso questa (esemplificativa) dicitura integrativa\/innovativa dell\u2019art. 9, II comma, della stessa Costituzione: <i><b>\u201cLa Repubblica tutela il paesaggio, il patrimonio storico e artistico della Nazione, l\u2019ambiente e promuove il rispetto degli animali e la tutela della loro dignit\u00e0 quali esseri senzienti.\u201d<\/b><\/i><i>.<\/i><\/p>\n<p>Per agevolare le inziiative del sindaco, Addamiano e Stella citano alcuni esempi:<span style=\"font-family: Courier New, monospace;\"><span style=\"font-size: small;\"><span style=\"font-family: Times New Roman, serif;\"><span style=\"font-size: medium;\"> tanto la Costituzione Tedesca quanto quella Elvetica riservano una precipua salvaguardia agli animali e alla loro dignit\u00e0 di esseri viventi\u201c<\/span><\/span><span style=\"font-family: Times New Roman, serif;\"><span style=\"font-size: medium;\"><i>Lo Stato promuove e disciplina la tutela degli animali di affezione, condanna gli atti di crudelt\u00e0 contro di essi, i maltrattamenti ed il loro abbandono, al fine di favorire la corretta convivenza tra uomo e animale e di tutelare la salute pubblica e l&#8217;ambiente.\u201d.\u00a0<\/i><\/span><\/span><\/span><\/span><\/p>\n<p>&nbsp;<\/p>\n<p>&nbsp;<\/p>\n<p>&nbsp;<\/p>\n<hr \/>\n<blockquote>\n<h3>CI CREDIAMO, ABBIAMO FIDUCIA E INVESTENDO GUARDIAMO AL FUTURO CON POSITIVITA&#8217;<\/h3>\n<\/blockquote>\n<p><strong><a href=\"https:\/\/www.radiopiu.net\/wordpress\/ci-crediamo-abbiamo-fiducia-e-investendo-guardiamo-al-futuro-con-positivita\/40406_1418211654186_1483150_n\/\" rel=\"attachment wp-att-194612\"><img loading=\"lazy\" decoding=\"async\" class=\"wp-image-194612 alignleft\" src=\"https:\/\/www.radiopiu.net\/wordpress\/wp-content\/uploads\/2021\/03\/40406_1418211654186_1483150_n-300x225.jpg\" alt=\"\" width=\"169\" height=\"127\" srcset=\"https:\/\/www.radiopiu.net\/wordpress\/wp-content\/uploads\/2021\/03\/40406_1418211654186_1483150_n-300x225.jpg 300w, https:\/\/www.radiopiu.net\/wordpress\/wp-content\/uploads\/2021\/03\/40406_1418211654186_1483150_n.jpg 720w\" sizes=\"auto, (max-width: 169px) 100vw, 169px\" \/><\/a>TAIBON<\/strong> La &#8220;casa madre&#8221; a Selva di Cadore in centro &#8220;Bar Gelateria Val Fiorentina&#8221; ed ora un nuovo importante investimento oltre le montagne, in Valbelluna a Sedico con &#8220;Gelatomania&#8221;, passando per Cencenighe nell&#8217;altra gelateria, nell&#8217;altra Gelatomania a Paluch. Un&#8217;impresa quella di Robin Costa, a regime con 12 persone impegnate nella produzione, lavorazione e distribuzione del gelato.<\/p>\n<p><strong>di Claudio Fontanive<\/strong><\/p>\n<audio class=\"wp-audio-shortcode\" id=\"audio-194488-5\" preload=\"none\" style=\"width: 100%;\" controls=\"controls\"><source type=\"audio\/mpeg\" src=\"https:\/\/www.radiopiu.net\/wordpress\/wp-content\/uploads\/2021\/03\/robin-costa.mp3?_=5\" \/><a href=\"https:\/\/www.radiopiu.net\/wordpress\/wp-content\/uploads\/2021\/03\/robin-costa.mp3\">https:\/\/www.radiopiu.net\/wordpress\/wp-content\/uploads\/2021\/03\/robin-costa.mp3<\/a><\/audio>\n<p>&nbsp;<\/p>\n<p>&nbsp;<\/p>\n<p>&nbsp;<\/p>\n<hr \/>\n<p>&nbsp;<\/p>\n<blockquote>\n<h3>CGIA IN AUDIZIONE AL SENATO: \u201cIL RECOVERY SIA A MISURA DI PMI\u201d<\/h3>\n<\/blockquote>\n<p><strong><a href=\"https:\/\/www.radiopiu.net\/wordpress\/giornale-radio-piu-edizione-del-13-dicembre-2017-direttore-mirko-mezzacasa\/cgia-ok\/\" rel=\"attachment wp-att-39837\"><img loading=\"lazy\" decoding=\"async\" class=\"size-medium wp-image-39837 alignleft\" src=\"https:\/\/www.radiopiu.net\/wordpress\/wp-content\/uploads\/2017\/12\/CGIA-OK-300x161.png\" alt=\"\" width=\"300\" height=\"161\" \/><\/a>MESTRE <\/strong>Si \u00e8 tenuta nel tardo pomeriggio di luned\u00ec l\u2019audizione della CGIA di Mestre presso la Commissione congiunta Bilancio e Politiche Europee del Senato.\u00a0 \u00a0Tema della discussione il Piano nazionale di ripresa e resilienza (il cosiddetto Recovery Plan) che il governo Draghi sta mettendo a punto in queste\u00a0 settimane. \u201c<em>Un documento cos\u00ec importante \u2013 ha sottolineato il segretario degli artigiani mestrini Renato Mason \u2013 non pu\u00f2 concentrarsi solo sulle imprese di grandi dimensioni. E\u2019 stato ricordato alla Commissione che le Pmi in Italia costituiscono il 99,9 per cento delle imprese presenti nel Paese e vi trova lavoro il 77,5 per cento del totale\u00a0 \u00a0degli addetti<\/em>\u201d. Troppo spesso, hanno proseguito dalla CGIA, le scelte programmatiche si concentrano su temi, ambiti e questioni che sfiorano appena queste realt\u00e0 che, invece, costituiscono il tessuto connettivo su cui si basa l\u2019economia italiana e veneta in particolare. Nel merito delle missioni del piano si \u00e8 sottolineato come debba essere favorita la trasmissione dei mestieri alle nuove generazioni, puntando sul ruolo e la centralit\u00e0 del lavoro manuale. Altres\u00ec, vanno promossi gli appalti a Km zero, al fine di recuperare un rapporto tra gli investimenti pubblici e le imprese del territorio. Infine, si \u00e8 sostenuta la necessit\u00e0 di aiutare il ricambio degli automezzi pesanti\u00a0 \u00a0ormai obsoleti e includendo i piccoli vettori nel trasporto pubblico locale. Tutto questo incentivando in maniera organica e strutturale\u00a0 il rapporto tra scuola, impresa e lavoro.<\/p>\n<p>&nbsp;<\/p>\n<p>&nbsp;<\/p>\n<hr \/>\n<p>&nbsp;<\/p>\n<blockquote>\n<h3>DECRETO SOSTEGNO, UNCEM: FARE IN FRETTA E BENE PER DARE RISPOSTE AI COMPARTI PRODUTTIVI DEI TERRITORI<\/h3>\n<\/blockquote>\n<p><strong><a href=\"https:\/\/www.radiopiu.net\/wordpress\/giornale-radiopiu-06-novembre-2020-direttore-mirko-mezzacasa\/logouncem_no_scritta-wdtr\/\" rel=\"attachment wp-att-170846\"><img loading=\"lazy\" decoding=\"async\" class=\"wp-image-170846 alignleft\" src=\"https:\/\/www.radiopiu.net\/wordpress\/wp-content\/uploads\/2020\/11\/logoUNCEM_no_scritta-wdtr-300x300.jpg\" alt=\"\" width=\"144\" height=\"144\" srcset=\"https:\/\/www.radiopiu.net\/wordpress\/wp-content\/uploads\/2020\/11\/logoUNCEM_no_scritta-wdtr-300x300.jpg 300w, https:\/\/www.radiopiu.net\/wordpress\/wp-content\/uploads\/2020\/11\/logoUNCEM_no_scritta-wdtr-150x150.jpg 150w, https:\/\/www.radiopiu.net\/wordpress\/wp-content\/uploads\/2020\/11\/logoUNCEM_no_scritta-wdtr.jpg 640w\" sizes=\"auto, (max-width: 144px) 100vw, 144px\" \/><\/a>ROMA <\/strong>&#8220;<em>Il Decreto Sostegno, che sostituisce i Ristori, avr\u00e0 a disposizione 32 miliardi di euro. Il Governo deve fare in fretta e bene. In quei 32 miliardi devono esserci le risorse necessarie per le categorie e per le professioni dei territori montani. Tutti i comparti produttivi, dagli impianti a fune ai rifugisti, devono trovare risposta alla crisi nel DL che auspichiamo sia pronto nelle prossime 48 ore. Chiediamo al Governo un confronto prima dell&#8217;approvazione, con le Associazioni di categoria delle imprese e degli Enti locali. C&#8217;\u00e8 una grande attesa e senza gli adeguati sostegni avremo molte imprese che chiuderanno. E la montagna soffrir\u00e0 pi\u00f9 di altri territori<\/em>&#8220;. Lo afferma Marco Bussone, Presidente Uncem.<\/p>\n<p>&nbsp;<\/p>\n<p>&nbsp;<\/p>\n<hr \/>\n<p>&nbsp;<\/p>\n<blockquote>\n<h3>INCONTRO TRA REGIONE, COMUNE DI CORTINA E COMITATO OLIMPICO INTERNAZIONALE SULLA PISTA DA BOB CHE OSPITERA&#8217; LE OLIMPIADI<\/h3>\n<\/blockquote>\n<p><strong><a href=\"https:\/\/www.radiopiu.net\/wordpress\/giornale-radiopiu-03-marzo-2021-direttore-mirko-mezzacasa\/156069134_10158027318687544_7075786941494810529_n\/\" rel=\"attachment wp-att-194588\"><img loading=\"lazy\" decoding=\"async\" class=\"size-medium wp-image-194588 alignleft\" src=\"https:\/\/www.radiopiu.net\/wordpress\/wp-content\/uploads\/2021\/03\/156069134_10158027318687544_7075786941494810529_n-300x180.jpg\" alt=\"\" width=\"300\" height=\"180\" srcset=\"https:\/\/www.radiopiu.net\/wordpress\/wp-content\/uploads\/2021\/03\/156069134_10158027318687544_7075786941494810529_n-300x180.jpg 300w, https:\/\/www.radiopiu.net\/wordpress\/wp-content\/uploads\/2021\/03\/156069134_10158027318687544_7075786941494810529_n-768x461.jpg 768w, https:\/\/www.radiopiu.net\/wordpress\/wp-content\/uploads\/2021\/03\/156069134_10158027318687544_7075786941494810529_n.jpg 960w\" sizes=\"auto, (max-width: 300px) 100vw, 300px\" \/><\/a>VENEZIA &#8220;<\/strong><em>In Giunta abbiamo promosso uno schema di accordo con il Comune di Cortina d\u2019Ampezzo per il coordinamento delle attivit\u00e0 necessarie alla riqualificazione della pista da\u00a0 bob \u201cEugenio Monti\u201d. Proprio per parlare di questo, nei giorni scorsi, ci eravamo trovati con il Comune e il rappresentante del Comitato Olimpico Internazionale Ivo Ferriani, che \u00e8 anche presidente della Federazione internazionale di bob e skeleton. Un\u2019occasione per delineare chi fa che cosa e valutare le tempistiche cos\u00ec da avviare con celerit\u00e0 la fase di progettazione dell\u2019intervento di riqualificazione dell\u2019impianto attraverso un percorso che potr\u00e0 portare grandi benefici a tutto il territorio bellunese<\/em>&#8221; Cos\u00ec in un post Facebook l&#8217;assessore regionale Gianpaolo Bottacin. <em>\u201cAbbiamo la possibilit\u00e0 di far rinascere una pista dove crescere i giovani talenti dello slittino e che potenzialmente potrebbe generare un indotto complementare al comparto dello sci<\/em> ha aggiunto il presidente Luca Zaia. La Regione intende fare la sua parte impegnando in bilancio 85 milioni di euro come investimento per le \u2018Venues Olimpiche\u2019 e affidando lo studio di fattibilit\u00e0 per l\u2019intervento di riqualificazione della pista di bob.<\/p>\n<p><strong>IL PROGETTO DELLA PISTA DA BOB A CORTINA<\/strong><\/p>\n<a href=\"https:\/\/www.radiopiu.net\/wordpress\/wp-content\/uploads\/2021\/03\/342-2021-pista-bob-AllegatoA1.pdf\" class=\"pdfemb-viewer\" style=\"\" data-width=\"max\" data-height=\"max\" data-toolbar=\"top\" data-toolbar-fixed=\"on\">342-2021 pista bob AllegatoA1<\/a>\n<p>&nbsp;<\/p>\n<hr \/>\n<p>&nbsp;<\/p>\n<blockquote>\n<h3 class=\"p1\"><span class=\"s1\">\u201cIL MUSEO A SCUOLA\u201d: IN PARTENZA LE NUOVE PROPOSTE DIDATTICHE DELLA VILLA DI SERAVELLA E DELLA COLLEZIONE STORICA DELLA BICICLETTA \u201cTONI BEVILACQUA\u201d<\/span><\/h3>\n<\/blockquote>\n<p class=\"p1\"><span class=\"s1\"><strong><a href=\"https:\/\/www.radiopiu.net\/wordpress\/giornale-radiopiu-03-marzo-2021-direttore-mirko-mezzacasa\/foto-audiogioco3\/\" rel=\"attachment wp-att-194556\"><img loading=\"lazy\" decoding=\"async\" class=\"size-medium wp-image-194556 alignleft\" src=\"https:\/\/www.radiopiu.net\/wordpress\/wp-content\/uploads\/2021\/03\/foto-audiogioco3-300x169.jpeg\" alt=\"\" width=\"300\" height=\"169\" srcset=\"https:\/\/www.radiopiu.net\/wordpress\/wp-content\/uploads\/2021\/03\/foto-audiogioco3-300x169.jpeg 300w, https:\/\/www.radiopiu.net\/wordpress\/wp-content\/uploads\/2021\/03\/foto-audiogioco3-1024x576.jpeg 1024w, https:\/\/www.radiopiu.net\/wordpress\/wp-content\/uploads\/2021\/03\/foto-audiogioco3-768x432.jpeg 768w, https:\/\/www.radiopiu.net\/wordpress\/wp-content\/uploads\/2021\/03\/foto-audiogioco3-1536x864.jpeg 1536w, https:\/\/www.radiopiu.net\/wordpress\/wp-content\/uploads\/2021\/03\/foto-audiogioco3.jpeg 1600w\" sizes=\"auto, (max-width: 300px) 100vw, 300px\" \/><\/a>BELLUNO<\/strong> \u201cIl museo a scuola\u201d. \u00c8 la proposta didattica primaverile dell\u2019Associazione Isoipse e del Museo Etnografico della Provincia di Belluno, destinata alle scuole dell\u2019infanzia, alle scuole elementari e medie. <\/span><span class=\"s1\">Durante i mesi di chiusura al pubblico, la villa di Seravella (a Cesiomaggiore) non ha mai interrotto la programmazione di nuove attivit\u00e0 rivedendo le proposte destinate ai diversi pubblici. In particolare, vista la situazione, molti percorsi didattici che si svolgevano all&#8217;interno del museo, sono stati modificati e ora si possono svolgere direttamente in classe. Alcuni possono essere condotti anche nei cortili delle scuole.\u00a0 <\/span><span class=\"s1\">Molti sono i temi che possono essere scelti dagli insegnanti\u00a0 con le attivit\u00e0 didattiche finalizzate a far conoscere ai bambini\u00a0 i saperi che hanno caratterizzato la vita delle comunit\u00e0 rurali fino agli anni Sessanta. <\/span><span class=\"s2\">Inoltre \u00e8 stato ideato u<\/span><span class=\"s1\">n innovativo audio-gioco dal titolo \u201cLa scuola dei nonni\u201d in cortile,\u00a0 con le cuffie immersive.<\/span><\/p>\n<blockquote>\n<p class=\"p1\"><span class=\"s1\">\u00a0<\/span><span class=\"s1\">\u00ab<em>In questo modo, la proposta del museo di Seravella non si ferma e va avanti &#8211; commenta il consigliere provinciale delegato alla cultura, Simone Deola -. Siamo molto lieti di questa continuit\u00e0, utile a far conoscere il nostro passato e il nostro patrimonio etnografico a bambini e ragazzi. La cultura rappresenta una \u201cvia di fuga\u201d dall\u2019emergenza sanitaria e dal periodo difficile che stiamo vivendo&#8221;.\u00a0<\/em><\/span><\/p>\n<\/blockquote>\n<p><strong>IL DOCUMENTO CHE PRESENTA SCUOLE MUSEO (2 pagine)<\/strong><\/p>\n<a href=\"https:\/\/www.radiopiu.net\/wordpress\/wp-content\/uploads\/2021\/03\/2021_proposte_scuole_museo.pdf\" class=\"pdfemb-viewer\" style=\"\" data-width=\"max\" data-height=\"max\" data-toolbar=\"top\" data-toolbar-fixed=\"on\">2021_proposte_scuole_museo<\/a>\n<p>&nbsp;<\/p>\n<hr \/>\n<p>&nbsp;<\/p>\n<blockquote>\n<h3>DOLOMITI UOMO, NUOVO DIRETTIVO E TANTE ATTIVIT\u00c0<\/h3>\n<\/blockquote>\n<p><strong><a href=\"https:\/\/www.radiopiu.net\/wordpress\/giornale-radiopiu-03-marzo-2021-direttore-mirko-mezzacasa\/presidente-dottor-daniele-xausa\/\" rel=\"attachment wp-att-194566\"><img loading=\"lazy\" decoding=\"async\" class=\" wp-image-194566 alignleft\" src=\"https:\/\/www.radiopiu.net\/wordpress\/wp-content\/uploads\/2021\/03\/Presidente-dottor-Daniele-Xausa-225x300.jpg\" alt=\"\" width=\"135\" height=\"180\" srcset=\"https:\/\/www.radiopiu.net\/wordpress\/wp-content\/uploads\/2021\/03\/Presidente-dottor-Daniele-Xausa-225x300.jpg 225w, https:\/\/www.radiopiu.net\/wordpress\/wp-content\/uploads\/2021\/03\/Presidente-dottor-Daniele-Xausa.jpg 768w\" sizes=\"auto, (max-width: 135px) 100vw, 135px\" \/><\/a>BELLUNO <\/strong>Nuovo direttivo per l\u2019associazione \u201cDolomiti Uomo\u201d: presidente \u00e8 Daniele Xausa (foto), affiancato alla vicepresidenza da Silvano Tormen. Ennio Colferai \u00e8 segretario, Sandro Sommariva segretario-tesoriere; a completare il direttivo i consiglieri Paolo Barp, Egidio Chiot e Antonio Totaro. E&#8217; stato ricomposto, a seguito della scadenza triennale, il Comitato Tecnico Scientifico: Roberto Bertoldin, urologo, Fabio Bortot, medico di medicina generale, Gianelda Catello psicologa, Filippo De Renzi, radioterapista oncologo, Felice Martinelli, medico nucleare, Daniele Xausa, urologo (membro di diritto), e Fable Zustovich, oncologo. Nella stessa assemblea sono state individuate anche alcune linee di indirizzo e programmazione per l\u2019attivit\u00e0 dell\u2019associazione. In primis, sar\u00e0 attivata una piattaforma informatica dedicata ad incontri on line con i soci\u00a0 per proseguire \u201cin virtuale\u201d quegli incontri mensili rivolti ai circa novanta soci, che purtroppo hanno subito un rallentamento a causa della pandemia. La stessa piattaforma potr\u00e0 essere impiegata per la realizzazione di conferenze a tema rivolte alla cittadinanza.\u00a0 L\u2019obiettivo \u00e8 quello di creare una rete, costruendo efficaci relazioni tra soggetti a livello regionale e sul piano nazionale, messi in sinergia per rafforzare la conoscenza e l\u2019operativit\u00e0 sul campo. Non mancher\u00e0 poi il consueto supporto psicologico attraverso il Consultorio familiare di Belluno.<\/p>\n<p>&nbsp;<\/p>\n<hr \/>\n<p>&nbsp;<\/p>\n<blockquote>\n<h3>QUATTRO GUIDE STORICO-ESCRSIONISTICHE LUOGHI BELLUNESI DELLA GRANDE GUERRA<\/h3>\n<\/blockquote>\n<p><strong>di RENATO BONA\u00a0<\/strong><\/p>\n<p>Per i tipi della bellunese tipografia Piave ne settembre del 2006 veniva stampato, e distribuito gratuitamente ad iniziativa della Comunit\u00e0 montana Agordina un cofanetto con la \u201cGuida storico-escursionistica ai luoghi della Grande Guerra\u201d, articolata in quattro libretti dedicati a realt\u00e0 della provincia di Belluno: Auronzo-Cortina, Col di Lana-Marmolada, Forti Centro Cadore e Monte Rite-Valle Imperina. Preziosa anche perch\u00e9 indicava gli interventi di recupero e valorizzazione nei territori del \u201cParco della Memoria\u201d sulla base del progetto cofinanziato dall\u2019Unione Europea mediante il Fondo europeo di sviluppo regionale per iniziative comunitarie Interreg IIIA Italia-Austria 2000-2006. Autori dei testi furono: Antonella Fornari \u201cPrima linea. Auronzo-Cortina\u201d, Paolo Giacomel e Mario Fornaro \u201cPrima linea. Col di Lana-Marmolada\u201d, Giovanni De Don\u00e0 e Walter Musizza \u201cSeconda linea. Forti Centro Cadore\u201d e \u201cSeconda linea. Monte Rite-Valle Imperina\u201d. Furono utilizzati estratti della cartografia storica provenienti dall\u2019archivio della Fondazione Giovanni Angelini &#8211; Centro studi sulla montagna di Belluno. Nella presentazione, l\u2019allora assessore regionale veneto alle politiche dell\u2019economia, dello sviluppo, della ricerca e dell\u2019innovazione e politiche sociali, Fabio Gava, premesso che il progetto a regia regionale \u201ccoinvolge uno degli scenari pi\u00f9 suggestivi delle Dolomiti: il Gruppo delle Te Cime di Lavaredo, del Popera, del Cristallo, del Cristallino e la Conca ampezzana, ampia parte del territorio dolomitico bellunese dove sono ancora presenti palpitanti testimonianze delle vicende belliche che hanno indelebilmente segnato l\u2019inizio del ventesimo secolo\u201d e che l\u2019iniziativa ha promosso interventi di recupero e d\u00ec valorizzazione di opere che da sole meritano la visita e la conoscenza da parte di chiunque ami la storia e la cultura europea, sottolineava opportunamente che \u201cIl lavoro, frutto di studio e ricerca da parte di numerosi esperti della Grande Guerra, condiviso dal partner austriaco del Tiroler Landesarchiv di Innsbruck, che ha approfondito le implicazioni sociali di questi eventi ed ha partecipato ad alcune visite nell\u2019area dolomitica, rappresenta una significativa opportunit\u00e0 di valorizzazione di testimonianze che, per il Veneto, ed anche per il partner austriaco, costituiscono un tema prioritario per promuovere la pace e la reciproca conoscenza\u201d. In questo contesto, concludeva: \u201c come auspicato dal Programma Interreg, il confine italo-austriaco \u00e8 diventato con questo progetto luogo di contatto e di fruizione di importanti beni culturali, monito e memoria per le generazioni future che di questa area comune dovranno fare la loro nuova Patria\u201d. Il primo capitolo della prima delle quattro guide \u00e8 riservato con Antonella Fornari (da Wikipedia una sintesi del prestigioso, invidiabile curriculun: \u00e8 nata a Curtatone (Mn). Vive da lungo tempo in Cadore fra le adorate montagne; biologo ha per molti anni esercitato la professione dedicandosi nel tempo libero alla sua pi\u00f9 grande passione: la montagna, diventando alpinista di buon livello con un nutrito curriculum di \u201cvie\u201d classiche fra le \u201csue\u201d Dolomiti. L\u2019amore per la verticalit\u00e0 e le pareti non le hanno fatto perdere l\u2019interesse per lo studio dell\u2019ambiente in cui vive. Ha fatto parte fra l\u2019altro del Gruppo Rocciatori \u201cCaprioli\u201d di San Vito di Cadore, prima donna &#8211; dal 1947, anno della fondazione del sodalizio. mLa maggior parte dei suoi lavori, in bilico fra storia e montagna, ripercorrono le vie in roccia e gli itinerari aperti per necessit\u00e0 di guerra negli anni del primo Cconflitto mondiale, riaprono i \u201ccassetti della memoria\u201d riportando alla luce avvenimenti dimenticati. Collabora con le scuole, con strutture pubbliche e private, con circoli culturali dove propone i suoi audiovisivi di cui \u00e8 unica produttrice; scrive per \u201cAquile in Guerra\u201d, organo ufficiale della Societ\u00e0 Storica per la Guerra Bianca, per il periodico \u201cDolomiti\u201d, per molti notiziari sezionali del Club Alpino Italiano e dell\u2019Associazione Nazionale Alpini. Ha scritto per la \u201cRivista\u201d, il bimestrale pubblicato dalla Sede Centrale (oggi \u201cMontagne 360\u00b0\u201d) e collabora con \u201cDolomiti Bellunesi\u201d. Nel 2002 ha ricevuto il Premio \u201cMarcolin\u201d, un riconoscimento che il Club Alpino Italiano, Sezione di Padova, annualmente assegna ad uno scrittore \u2013 alpinista) alle \u201cTre Cime di Lavaredo (Drei Zinnen)\u201d di cui Amelia Edwards nel 1872 scriveva: \u201c\u2026 lontane ma distinte come tre obelischi si ergono le Drei Zinnen. Il sole splende attraverso una foschia leggere: i raggi orizzontali penetrano una nube trasparente e, come lame luminose, le accendono, simili, ora, a rosei icebergs fluttuanti in un mare di nebbia\u2026\u201d. L\u2019autrice ricorda fra l\u2019altro che: \u201cLa regione intorno ad esse era soprannominata \u2018Lavaredo\u2019, cio\u00e8 \u2018campo di pietre\u2019 a testimoniarne l\u2019asprezza e la solitudine. Non avevano neppure u n nome. Forse, i rari pastori che transitavano lass\u00f9, le chiamavano \u2018Le pere\u2019. Solo intorno al 1750 Anich, il celebre topografo che fece i rilievi nei territori dell\u2019impero Asburgico per ordine di Maria Teresa le segnal\u00f2 con il toponimo \u2018Drei Zinnen Spitze\u2019\u201d. E gli italiani? Ancora la Fornari: \u201cLe chiamavano semplicemente \u2018Monte Bello\u2019. Ancora quelle superbe dame non sapevano che sarebbero diventate il cuore dell\u2019Empireo Dolomitico, della loro storia, delle imprese pi\u00f9 ardite, delle tragiche vicende della guerra\u201d. E citava il grande alpinista viennese Paul Grohmann per ricordare che : \u201cIn esse sono racchiuse altezza, bellezza, inviolabilit\u00e0, impossibilit\u00e0\u2026 l\u2019arte per l\u2019arte, l\u2019espressione massima della Natura che ha attirato a s\u00e9 i maggiori interpreti della storia dell\u2019alpinismo degli ultimi due secoli, gli ideatori delle \u2018vie della goccia cadente\u2019, quegli itinerari cos\u00ec simili per le loro linee perfette e geniali ad opere di straordinari artisti scolpite nei marmi pi\u00f9 pregiati. Nel cuore delle Tre Cime \u00e8 racchiusa l\u2019essenza stessa dell\u2019alpinismo\u201d.<\/p>\n\n\t\t\t<style type='text\/css'>\n\t\t\t\t#gallery-2 {\n\t\t\t\t\tmargin: auto;\n\t\t\t\t}\n\t\t\t\t#gallery-2 .gallery-item {\n\t\t\t\t\tfloat: left;\n\t\t\t\t\tmargin-top: 10px;\n\t\t\t\t\ttext-align: center;\n\t\t\t\t\twidth: 20%;\n\t\t\t\t}\n\t\t\t\t#gallery-2 img {\n\t\t\t\t\tborder: 2px solid #cfcfcf;\n\t\t\t\t}\n\t\t\t\t#gallery-2 .gallery-caption {\n\t\t\t\t\tmargin-left: 0;\n\t\t\t\t}\n\t\t\t\t\/* see gallery_shortcode() in wp-includes\/media.php *\/\n\t\t\t<\/style>\n\t\t<div id='gallery-2' class='dt-gallery-container gallery galleryid-194488 gallery-columns-5 gallery-size-thumbnail'><dl class='gallery-item'>\n\t\t\t\t<dt class='gallery-icon landscape'>\n\t\t\t\t\t<a class=\"rollover rollover-zoom dt-pswp-item\" title=\"155858242_529421818024803_6877758620530885105_n\" data-dt-img-description=\"\" data-large_image_width=\"1280\" data-large_image_height=\"720\"href='https:\/\/www.radiopiu.net\/wordpress\/wp-content\/uploads\/2021\/03\/155858242_529421818024803_6877758620530885105_n.jpg'><img loading=\"lazy\" decoding=\"async\" width=\"150\" height=\"150\" src=\"https:\/\/www.radiopiu.net\/wordpress\/wp-content\/uploads\/2021\/03\/155858242_529421818024803_6877758620530885105_n-150x150.jpg\" class=\"attachment-thumbnail size-thumbnail\" alt=\"\" \/><\/a>\n\t\t\t\t<\/dt><\/dl><dl class='gallery-item'>\n\t\t\t\t<dt class='gallery-icon landscape'>\n\t\t\t\t\t<a class=\"rollover rollover-zoom dt-pswp-item\" title=\"155954037_466930094718749_2643902196316334103_n\" data-dt-img-description=\"\" data-large_image_width=\"2048\" data-large_image_height=\"1327\"href='https:\/\/www.radiopiu.net\/wordpress\/wp-content\/uploads\/2021\/03\/155954037_466930094718749_2643902196316334103_n.jpg'><img loading=\"lazy\" decoding=\"async\" width=\"150\" height=\"150\" src=\"https:\/\/www.radiopiu.net\/wordpress\/wp-content\/uploads\/2021\/03\/155954037_466930094718749_2643902196316334103_n-150x150.jpg\" class=\"attachment-thumbnail size-thumbnail\" alt=\"\" \/><\/a>\n\t\t\t\t<\/dt><\/dl><dl class='gallery-item'>\n\t\t\t\t<dt class='gallery-icon portrait'>\n\t\t\t\t\t<a class=\"rollover rollover-zoom dt-pswp-item\" title=\"156698362_494424921560269_4648877996291730748_n\" data-dt-img-description=\"\" data-large_image_width=\"1369\" data-large_image_height=\"2048\"href='https:\/\/www.radiopiu.net\/wordpress\/wp-content\/uploads\/2021\/03\/156698362_494424921560269_4648877996291730748_n.jpg'><img loading=\"lazy\" decoding=\"async\" width=\"150\" height=\"150\" src=\"https:\/\/www.radiopiu.net\/wordpress\/wp-content\/uploads\/2021\/03\/156698362_494424921560269_4648877996291730748_n-150x150.jpg\" class=\"attachment-thumbnail size-thumbnail\" alt=\"\" \/><\/a>\n\t\t\t\t<\/dt><\/dl><dl class='gallery-item'>\n\t\t\t\t<dt class='gallery-icon landscape'>\n\t\t\t\t\t<a class=\"rollover rollover-zoom dt-pswp-item\" title=\"156543300_346907583218058_6417311536618027982_n\" data-dt-img-description=\"\" data-large_image_width=\"2048\" data-large_image_height=\"1491\"href='https:\/\/www.radiopiu.net\/wordpress\/wp-content\/uploads\/2021\/03\/156543300_346907583218058_6417311536618027982_n.jpg'><img loading=\"lazy\" decoding=\"async\" width=\"150\" height=\"150\" src=\"https:\/\/www.radiopiu.net\/wordpress\/wp-content\/uploads\/2021\/03\/156543300_346907583218058_6417311536618027982_n-150x150.jpg\" class=\"attachment-thumbnail size-thumbnail\" alt=\"\" \/><\/a>\n\t\t\t\t<\/dt><\/dl><dl class='gallery-item'>\n\t\t\t\t<dt class='gallery-icon portrait'>\n\t\t\t\t\t<a class=\"rollover rollover-zoom dt-pswp-item\" title=\"156549162_3039223416297239_8276880108240586914_n\" data-dt-img-description=\"\" data-large_image_width=\"1449\" data-large_image_height=\"2048\"href='https:\/\/www.radiopiu.net\/wordpress\/wp-content\/uploads\/2021\/03\/156549162_3039223416297239_8276880108240586914_n.jpg'><img loading=\"lazy\" decoding=\"async\" width=\"150\" height=\"150\" src=\"https:\/\/www.radiopiu.net\/wordpress\/wp-content\/uploads\/2021\/03\/156549162_3039223416297239_8276880108240586914_n-150x150.jpg\" class=\"attachment-thumbnail size-thumbnail\" alt=\"\" \/><\/a>\n\t\t\t\t<\/dt><\/dl><br style=\"clear: both\" \/><dl class='gallery-item'>\n\t\t\t\t<dt class='gallery-icon landscape'>\n\t\t\t\t\t<a class=\"rollover rollover-zoom dt-pswp-item\" title=\"156221384_1065371000624323_1044931235307251562_n\" data-dt-img-description=\"\" data-large_image_width=\"2048\" data-large_image_height=\"1412\"href='https:\/\/www.radiopiu.net\/wordpress\/wp-content\/uploads\/2021\/03\/156221384_1065371000624323_1044931235307251562_n.jpg'><img loading=\"lazy\" decoding=\"async\" width=\"150\" height=\"150\" src=\"https:\/\/www.radiopiu.net\/wordpress\/wp-content\/uploads\/2021\/03\/156221384_1065371000624323_1044931235307251562_n-150x150.jpg\" class=\"attachment-thumbnail size-thumbnail\" alt=\"\" \/><\/a>\n\t\t\t\t<\/dt><\/dl><dl class='gallery-item'>\n\t\t\t\t<dt class='gallery-icon landscape'>\n\t\t\t\t\t<a class=\"rollover rollover-zoom dt-pswp-item\" title=\"156620377_895799517880119_1120509748903775710_n\" data-dt-img-description=\"\" data-large_image_width=\"2048\" data-large_image_height=\"1655\"href='https:\/\/www.radiopiu.net\/wordpress\/wp-content\/uploads\/2021\/03\/156620377_895799517880119_1120509748903775710_n.jpg'><img loading=\"lazy\" decoding=\"async\" width=\"150\" height=\"150\" src=\"https:\/\/www.radiopiu.net\/wordpress\/wp-content\/uploads\/2021\/03\/156620377_895799517880119_1120509748903775710_n-150x150.jpg\" class=\"attachment-thumbnail size-thumbnail\" alt=\"\" \/><\/a>\n\t\t\t\t<\/dt><\/dl><dl class='gallery-item'>\n\t\t\t\t<dt class='gallery-icon landscape'>\n\t\t\t\t\t<a class=\"rollover rollover-zoom dt-pswp-item\" title=\"156543289_237159151187045_388119650980542574_n\" data-dt-img-description=\"\" data-large_image_width=\"1989\" data-large_image_height=\"1308\"href='https:\/\/www.radiopiu.net\/wordpress\/wp-content\/uploads\/2021\/03\/156543289_237159151187045_388119650980542574_n.jpg'><img loading=\"lazy\" decoding=\"async\" width=\"150\" height=\"150\" src=\"https:\/\/www.radiopiu.net\/wordpress\/wp-content\/uploads\/2021\/03\/156543289_237159151187045_388119650980542574_n-150x150.jpg\" class=\"attachment-thumbnail size-thumbnail\" alt=\"\" \/><\/a>\n\t\t\t\t<\/dt><\/dl><dl class='gallery-item'>\n\t\t\t\t<dt class='gallery-icon portrait'>\n\t\t\t\t\t<a class=\"rollover rollover-zoom dt-pswp-item\" title=\"156740976_1073689023110506_761796001184033394_n\" data-dt-img-description=\"\" data-large_image_width=\"1369\" data-large_image_height=\"2048\"href='https:\/\/www.radiopiu.net\/wordpress\/wp-content\/uploads\/2021\/03\/156740976_1073689023110506_761796001184033394_n.jpg'><img loading=\"lazy\" decoding=\"async\" width=\"150\" height=\"150\" src=\"https:\/\/www.radiopiu.net\/wordpress\/wp-content\/uploads\/2021\/03\/156740976_1073689023110506_761796001184033394_n-150x150.jpg\" class=\"attachment-thumbnail size-thumbnail\" alt=\"\" \/><\/a>\n\t\t\t\t<\/dt><\/dl><dl class='gallery-item'>\n\t\t\t\t<dt class='gallery-icon landscape'>\n\t\t\t\t\t<a class=\"rollover rollover-zoom dt-pswp-item\" title=\"156465248_1050762588746643_988528996100264521_n\" data-dt-img-description=\"\" data-large_image_width=\"2048\" data-large_image_height=\"1324\"href='https:\/\/www.radiopiu.net\/wordpress\/wp-content\/uploads\/2021\/03\/156465248_1050762588746643_988528996100264521_n.jpg'><img loading=\"lazy\" decoding=\"async\" width=\"150\" height=\"150\" src=\"https:\/\/www.radiopiu.net\/wordpress\/wp-content\/uploads\/2021\/03\/156465248_1050762588746643_988528996100264521_n-150x150.jpg\" class=\"attachment-thumbnail size-thumbnail\" alt=\"\" \/><\/a>\n\t\t\t\t<\/dt><\/dl><br style=\"clear: both\" \/>\n\t\t\t<\/div>\n\n<p>NELLE FOTO (YouTube, Corriere delle Alpi, riproduzioni dalla guida 1 \u201cAuronzo-Cortina\u201d): Antonella Fornari in versione letteraria e durante un\u2019escursione; la copertina della Guida; Forcella Long\u00e9res, accantonamento dell\u2019VIII Reggimento Bersaglieri (Museo Storico della Grande Guerra, Rovereto); postazioni italiane ai piedi della Piccolissima di Lavaredo (foto Fornari); mulattiera ai Piani di Lavaredo (foto Alfar\u00e8); i vecchi \u201cmarmi del confine\u201d, anno 1753, ai piedi della Cima Piccola di Lavaredo (foto Fornari); \u201cQuota 2191\u201d zona Tre Cime di Lavaredo: resti dell\u2019Osservatorio italiano (foto Fornari); Forcella Long\u00e8res: alpini e fanti (Museo Storico della Grande Guerra, Rovereto); le Tre Cime di Lavaredo dalla postazione di quota 2386 presso la caserma del comando (foto Alfar\u00e8); ultima di copertina.<\/p>\n<p>&nbsp;<\/p>\n<p>&nbsp;<\/p>\n<hr \/>\n<p>&nbsp;<\/p>\n<blockquote>\n<h3>COVID E SPORT, TORNANO GLI INCONTRI ONLINE, MEDITAZIONE YOGA IN REMOTO<\/h3>\n<\/blockquote>\n<p><strong><a href=\"https:\/\/www.radiopiu.net\/wordpress\/giornale-radiopiu-03-marzo-2021-direttore-mirko-mezzacasa\/volantino-incontri-online-covid-2021_febbraio-3\/\" rel=\"attachment wp-att-194584\"><img loading=\"lazy\" decoding=\"async\" class=\" wp-image-194584 alignleft\" src=\"https:\/\/www.radiopiu.net\/wordpress\/wp-content\/uploads\/2021\/03\/Volantino-incontri-online-COVID-2021_febbraio-2-143x300.jpg\" alt=\"\" width=\"60\" height=\"126\" srcset=\"https:\/\/www.radiopiu.net\/wordpress\/wp-content\/uploads\/2021\/03\/Volantino-incontri-online-COVID-2021_febbraio-2-143x300.jpg 143w, https:\/\/www.radiopiu.net\/wordpress\/wp-content\/uploads\/2021\/03\/Volantino-incontri-online-COVID-2021_febbraio-2-488x1024.jpg 488w, https:\/\/www.radiopiu.net\/wordpress\/wp-content\/uploads\/2021\/03\/Volantino-incontri-online-COVID-2021_febbraio-2.jpg 610w\" sizes=\"auto, (max-width: 60px) 100vw, 60px\" \/><\/a>BELLUNO <\/strong>Torna sabato 6 marzo la rassegna \u201cConviviamo consapevolmente con il Covid\u201d, avviata dall&#8217;amministrazione Massaro gi\u00e0 a fine 2020: dopo gli incontri teorici dello scorso inverno incentrati sul rapporto tra Covid e sport negli ambiti medico, psicologico e del mantenimento della forma, questa volta si far\u00e0 spazio a lezioni pratiche. Sabato 6 e sabato 13 marzo, dalle 9.00 alle 10.30, si potranno infatti seguire online sulla piattaforma Zoom due lezioni di yoga e meditazione, curate\u00a0 da Giulia Citterio e Barbara Taboni, docenti qualificate per l&#8217;insegnamento. Nel corso dei due appuntamenti, gratuiti e aperti a tutti, i partecipanti verranno guidati attraverso semplici sequenze di posizioni, esercizi di respirazione e di meditazione.<\/p>\n<p>&nbsp;<\/p>\n<p>&nbsp;<\/p>\n<hr \/>\n<p>&nbsp;<\/p>\n<blockquote>\n<h3>ASCA, INFERMIERI CERCASI<\/h3>\n<\/blockquote>\n<p><strong><a href=\"https:\/\/www.radiopiu.net\/wordpress\/asca-ricerca-personale-infermieristico\/asca-4\/\" rel=\"attachment wp-att-128881\"><img loading=\"lazy\" decoding=\"async\" class=\" wp-image-128881 alignleft\" src=\"https:\/\/www.radiopiu.net\/wordpress\/wp-content\/uploads\/2020\/04\/ASCA-300x165.png\" alt=\"\" width=\"224\" height=\"123\" srcset=\"https:\/\/www.radiopiu.net\/wordpress\/wp-content\/uploads\/2020\/04\/ASCA-300x165.png 300w, https:\/\/www.radiopiu.net\/wordpress\/wp-content\/uploads\/2020\/04\/ASCA-1024x565.png 1024w, https:\/\/www.radiopiu.net\/wordpress\/wp-content\/uploads\/2020\/04\/ASCA-768x424.png 768w, https:\/\/www.radiopiu.net\/wordpress\/wp-content\/uploads\/2020\/04\/ASCA.png 1211w\" sizes=\"auto, (max-width: 224px) 100vw, 224px\" \/><\/a><\/strong><\/p>\n<p>&nbsp;<\/p>\n<p><strong>di GIANNI SANTOMASO<\/strong><\/p>\n<audio class=\"wp-audio-shortcode\" id=\"audio-194488-6\" preload=\"none\" style=\"width: 100%;\" controls=\"controls\"><source type=\"audio\/mpeg\" src=\"https:\/\/www.radiopiu.net\/wordpress\/wp-content\/uploads\/2021\/03\/GIANNI-RSA.mp3?_=6\" \/><a href=\"https:\/\/www.radiopiu.net\/wordpress\/wp-content\/uploads\/2021\/03\/GIANNI-RSA.mp3\">https:\/\/www.radiopiu.net\/wordpress\/wp-content\/uploads\/2021\/03\/GIANNI-RSA.mp3<\/a><\/audio>\n<p>&nbsp;<\/p>\n<p>&nbsp;<\/p>\n<hr \/>\n<p>&nbsp;<\/p>\n<blockquote>\n<h3>UNIONE MONTANA ON LINE, VENERDI DALLA SALA DON TAMIS<\/h3>\n<p><strong>AGORDO<\/strong><\/p><\/blockquote>\n<p><strong>DI GIANNI SANTOMASO\u00a0<\/strong><\/p>\n<audio class=\"wp-audio-shortcode\" id=\"audio-194488-7\" preload=\"none\" style=\"width: 100%;\" controls=\"controls\"><source type=\"audio\/mpeg\" src=\"https:\/\/www.radiopiu.net\/wordpress\/wp-content\/uploads\/2021\/03\/GIANNI-UNIONE.mp3?_=7\" \/><a href=\"https:\/\/www.radiopiu.net\/wordpress\/wp-content\/uploads\/2021\/03\/GIANNI-UNIONE.mp3\">https:\/\/www.radiopiu.net\/wordpress\/wp-content\/uploads\/2021\/03\/GIANNI-UNIONE.mp3<\/a><\/audio>\n<p>&nbsp;<\/p>\n<p>&nbsp;<\/p>\n<hr \/>\n<blockquote>\n<h3><a href=\"https:\/\/www.radiopiu.net\/wordpress\/un-san-valentino-carico-di-cuori-in-agordino-grazie-a-nicola-tancon\/sulla-piana-di-falcade\/\" rel=\"attachment wp-att-191357\"><img loading=\"lazy\" decoding=\"async\" class=\"wp-image-191357 alignleft\" src=\"https:\/\/www.radiopiu.net\/wordpress\/wp-content\/uploads\/2021\/02\/Sulla-Piana-di-Falcade-229x300.jpeg\" alt=\"\" width=\"118\" height=\"155\" srcset=\"https:\/\/www.radiopiu.net\/wordpress\/wp-content\/uploads\/2021\/02\/Sulla-Piana-di-Falcade-229x300.jpeg 229w, https:\/\/www.radiopiu.net\/wordpress\/wp-content\/uploads\/2021\/02\/Sulla-Piana-di-Falcade-781x1024.jpeg 781w, https:\/\/www.radiopiu.net\/wordpress\/wp-content\/uploads\/2021\/02\/Sulla-Piana-di-Falcade-768x1008.jpeg 768w, https:\/\/www.radiopiu.net\/wordpress\/wp-content\/uploads\/2021\/02\/Sulla-Piana-di-Falcade-1171x1536.jpeg 1171w, https:\/\/www.radiopiu.net\/wordpress\/wp-content\/uploads\/2021\/02\/Sulla-Piana-di-Falcade.jpeg 1561w\" sizes=\"auto, (max-width: 118px) 100vw, 118px\" \/><\/a><\/h3>\n<h3>GIOVEDI IL BILANCIO DI PREVISIONE E IL DUP<\/h3>\n<\/blockquote>\n<p><strong>FALCADE<\/strong><\/p>\n<p><strong>DAL CORRIERE DELLE ALPI IL SERVIZIO DI GIANNI SANTOMASO<\/strong><\/p>\n<audio class=\"wp-audio-shortcode\" id=\"audio-194488-8\" preload=\"none\" style=\"width: 100%;\" controls=\"controls\"><source type=\"audio\/mpeg\" src=\"https:\/\/www.radiopiu.net\/wordpress\/wp-content\/uploads\/2021\/02\/GIANNI-CONSIGLIO-FALCADE.mp3?_=8\" \/><a href=\"https:\/\/www.radiopiu.net\/wordpress\/wp-content\/uploads\/2021\/02\/GIANNI-CONSIGLIO-FALCADE.mp3\">https:\/\/www.radiopiu.net\/wordpress\/wp-content\/uploads\/2021\/02\/GIANNI-CONSIGLIO-FALCADE.mp3<\/a><\/audio>\n<p>&nbsp;<\/p>\n<hr \/>\n<p>&nbsp;<\/p>\n<blockquote>\n<h3>IN CONSIGLIO ANCHE PER LA VERIFICA DELLE AREE FABBRICABILI<\/h3>\n<\/blockquote>\n<p><strong><a href=\"https:\/\/www.radiopiu.net\/wordpress\/feb01010112\/th-25\/\" rel=\"attachment wp-att-188402\"><img loading=\"lazy\" decoding=\"async\" class=\"wp-image-188402 alignleft\" src=\"https:\/\/www.radiopiu.net\/wordpress\/wp-content\/uploads\/2021\/02\/th.jpg\" alt=\"\" width=\"140\" height=\"97\" \/><\/a>COLLE SANTA LUCIA<\/strong> Sabato 6 marzo\u00a0 mattina alle 7.30 consiglio comunale convocato dal sindaco Paolo Frena. Quindici punti all&#8217;ordine del giorno, comunicazioni del sindaco comprese. Regolamenti, approvazione di programmi a bilanci, verifica delle aree edificabili, Documento Unico di Programmazione tra gli argomenti principali.<\/p>\n<p>&nbsp;<\/p>\n<p>&nbsp;<\/p>\n<hr \/>\n<p>&nbsp;<\/p>\n<blockquote>\n<h3>LE PROPOSTE PER LA MODIFICA DEL PIANO DEGLI INTERVENTI<\/h3>\n<\/blockquote>\n<p><strong><a href=\"https:\/\/www.radiopiu.net\/wordpress\/consiglio-comunale-di-falcade-registrazione-integrale-durata-1h33m\/falcade-3-2\/\" rel=\"attachment wp-att-163179\"><img loading=\"lazy\" decoding=\"async\" class=\"wp-image-163179 alignleft\" src=\"https:\/\/www.radiopiu.net\/wordpress\/wp-content\/uploads\/2020\/09\/FALCADE-3-300x225.jpg\" alt=\"\" width=\"133\" height=\"100\" srcset=\"https:\/\/www.radiopiu.net\/wordpress\/wp-content\/uploads\/2020\/09\/FALCADE-3-300x225.jpg 300w, https:\/\/www.radiopiu.net\/wordpress\/wp-content\/uploads\/2020\/09\/FALCADE-3-768x576.jpg 768w, https:\/\/www.radiopiu.net\/wordpress\/wp-content\/uploads\/2020\/09\/FALCADE-3-640x480.jpg 640w, https:\/\/www.radiopiu.net\/wordpress\/wp-content\/uploads\/2020\/09\/FALCADE-3.jpg 960w\" sizes=\"auto, (max-width: 133px) 100vw, 133px\" \/><\/a>FALCADE<\/strong>\u00a0 <em>&#8220;Il Comune di Falcade comunica che \u00e8 stato pubblicato un importante <u>AVVISO\u00a0per la\u00a0presentazione delle proposte per la modifica del Piano degli Interventi<\/u>, a firma del Sindaco Michele Costa,\u00a0 l<\/em><em>&#8216;avviso \u00e8 pubblicato e scaricabile dal sito internet del Comune di Falcade. <\/em><em>Le proposte dovranno pervenire entro e non oltre il 18 marzo 2021&#8243;<\/em><\/p>\n<p>&nbsp;<\/p>\n<p>&nbsp;<\/p>\n<hr \/>\n<p>&nbsp;<\/p>\n<h2><span style=\"color: #ff0000;\">IL NUOVO PROGRAMMA<\/span><\/h2>\n<blockquote>\n<h3>AGORA&#8217; AGORDINA&#8230; LA NOSTA PIAZA LADINA. DA OGGI OGNI MERCOLEDI ALLE 10 ALLA RADIO<\/h3>\n<\/blockquote>\n<p><strong>TAIBON<\/strong> Nuovo programma alla radio con i giovani che dimostrano di amare territorio, storia, usi, costumi e soprattutto il linguaggio per non <img loading=\"lazy\" decoding=\"async\" class=\"alignleft\" src=\"https:\/\/www.radiopiu.net\/wordpress\/wp-content\/uploads\/2021\/03\/db631d3b-7003-47af-8b77-6f8cbe83c59b.jpg\" width=\"188\" height=\"77\" \/>perderlo nei troppi termini americanizzati del web.<\/p>\n<blockquote><p><strong>Il MUSLA<\/strong> (Moviment de Union e Standardisazion Linguistica del Agordin) presenta il nuovo programma di divulgazione e sensibilizzazione linguistica interamente in ladino agordino. Dal titolo Agor\u00c0gordina, la nosta piaza ladina, nasce con l\u2019obiettivo di essere un\u2019agor\u00e0 appunto, una piazza centrale in cui spiegare, ragionare e rispondere a domande come: che lingue parliamo in Agordino? Cosa vuol dire \u201cladino\u201d? Perch\u00e9 la questione della lingua \u00e8 cos\u00ec fondamentale e irrinunciabile nella nostra vita? Il MUSLA ti aspetta allora in onda il mercoled\u00ec alle 10 e alle 20 e la domenica alle 13. Cenghe al to lengaz, descori polito!<\/p><\/blockquote>\n<h1><\/h1>\n<h1><span style=\"color: #ff0000;\">SEZIONE PODCAST<\/span><\/h1>\n<p><strong>QUESTA PAGINA SARA&#8217; AGGIORNATA SETTIMANALMENTE CON GLI APPUNTAMENTI IN ONDA ALLA RADIO\u00a0<\/strong><\/p>\n<p><strong><span style=\"color: #0000ff;\">LA SIGLA<\/span><\/strong><\/p>\n<audio class=\"wp-audio-shortcode\" id=\"audio-194488-9\" preload=\"none\" style=\"width: 100%;\" controls=\"controls\"><source type=\"audio\/mpeg\" src=\"https:\/\/www.radiopiu.net\/wordpress\/wp-content\/uploads\/2021\/03\/MUSLA-LA-SIGLA.mp3?_=9\" \/><a href=\"https:\/\/www.radiopiu.net\/wordpress\/wp-content\/uploads\/2021\/03\/MUSLA-LA-SIGLA.mp3\">https:\/\/www.radiopiu.net\/wordpress\/wp-content\/uploads\/2021\/03\/MUSLA-LA-SIGLA.mp3<\/a><\/audio>\n<p>&nbsp;<\/p>\n<hr \/>\n<p>&nbsp;<\/p>\n<blockquote>\n<h3>DOMENICA CON IL CAI DI AGORDO AD ENEGO<\/h3>\n<\/blockquote>\n<p><strong>AGORDO<\/strong> Nuova escursione con il Cai di Agordo, domenica sull&#8217;Altopiano dei Sette Comuni per un&#8217;escursione al Forte di Monte Lisser, struttura bellica della Prima Guerra Mondiale, particolarmente strategica per la difesa della Valsugana\u00a0 e della Piana di Malcesine. E&#8217; quindi scontato che il panorama sar\u00e0 a 360\u00b0 e particolarmente appagante, in una zona storicamente interessante. L&#8217;escursione \u00e8\u00a0classificata EAI Facile.<\/p>\n<a href=\"https:\/\/www.radiopiu.net\/wordpress\/wp-content\/uploads\/2021\/03\/Manifesto_MONTE_LISSER_colore.pdf\" class=\"pdfemb-viewer\" style=\"\" data-width=\"max\" data-height=\"max\" data-toolbar=\"top\" data-toolbar-fixed=\"on\">Manifesto_MONTE_LISSER_colore<\/a>\n<p>&nbsp;<\/p>\n<hr \/>\n<blockquote>\n<h3>CERCASI FARMACISTI-COLLABORATORI AD AGORDO<\/h3>\n<\/blockquote>\n<p><strong><img loading=\"lazy\" decoding=\"async\" class=\"alignleft\" src=\"https:\/\/www.radiopiu.net\/wordpress\/wp-content\/uploads\/2020\/06\/e557474c-a46e-408a-ad77-242a0f3ef7c9.jpg\" width=\"62\" height=\"83\" \/>AGORDO<\/strong> L&#8217;Azienda Speciale Agordo Servizi ha indetto una selezione per la copertura di due posti e tempo pieno (40 ore) come Farmacista-collaboratore di primo livello. Il candidato dovr\u00e0 essere in grado di svolgere attivit\u00e0 ad elevato contenuto professionale di natura sanitaria o tecnica amministrativa in condizione di ampia autonomia. Le domande devono essere presentate entro le 12 del 3 marzo. Di seguito tutti i particolari compreso il calendario della prova che sar\u00e0 pubblicato sul sito agordofarmaciacomunale.it<\/p>\n<p>&nbsp;<\/p>\n<p>&nbsp;<\/p>\n<hr \/>\n<p>&nbsp;<\/p>\n<blockquote>\n<h3>NUOVI ORARI CALL CENTER COVID DAL 1\u00b0 FEBBRAIO 2021<\/h3>\n<\/blockquote>\n<p><strong><a href=\"https:\/\/www.radiopiu.net\/wordpress\/giornale-radiopiu-26-gennaio-2021-direttore-mirko-mezzacasa\/numero-covid_febbraio-2021\/\" rel=\"attachment wp-att-186852\"><img loading=\"lazy\" decoding=\"async\" class=\"wp-image-186852 alignleft\" src=\"https:\/\/www.radiopiu.net\/wordpress\/wp-content\/uploads\/2021\/01\/numero-covid_febbraio-2021-300x212.jpg\" alt=\"\" width=\"202\" height=\"143\" srcset=\"https:\/\/www.radiopiu.net\/wordpress\/wp-content\/uploads\/2021\/01\/numero-covid_febbraio-2021-300x212.jpg 300w, https:\/\/www.radiopiu.net\/wordpress\/wp-content\/uploads\/2021\/01\/numero-covid_febbraio-2021-1024x724.jpg 1024w, https:\/\/www.radiopiu.net\/wordpress\/wp-content\/uploads\/2021\/01\/numero-covid_febbraio-2021-768x543.jpg 768w, https:\/\/www.radiopiu.net\/wordpress\/wp-content\/uploads\/2021\/01\/numero-covid_febbraio-2021-1536x1086.jpg 1536w, https:\/\/www.radiopiu.net\/wordpress\/wp-content\/uploads\/2021\/01\/numero-covid_febbraio-2021.jpg 2000w\" sizes=\"auto, (max-width: 202px) 100vw, 202px\" \/><\/a> <\/strong><\/p>\n<p><strong>\u00a0<\/strong><\/p>\n<p><strong>BELLUNO <\/strong>L&#8217;importante rallentamento epidemico registrato nelle ultime settimane e la conseguente forte riduzione delle telefonate con richiesta di informazioni da parte dei cittadini, consentono di rimodulare giorni ed orari di attivit\u00e0 del CALL CENTER COVID Dal 1\u00b0 febbraio 2021 lo 0437\/514343 sar\u00e0 attivo dalle 8 alle 18 da luned\u00ec a sabato.<\/p>\n<p>&nbsp;<\/p>\n<p>&nbsp;<\/p>\n<p>&nbsp;<\/p>\n<hr \/>\n<p>&nbsp;<\/p>\n<blockquote>\n<h3>A MARZO PRO LOCO DI CANALE D&#8217;AGORDO CHIUSA<\/h3>\n<\/blockquote>\n<p><strong>CANALE D&#8217;AGORDO <\/strong>Durante il mese di marzo l&#8217;ufficio pro loco rimarr\u00e0 chiuso. Il Museo Albino Luciani apre solo SU RICHIESTA E PRENOTAZIONE allo 0437 1948001 (WhatsApp 377 9665237) oppure via mail a <a title=\"mailto:info@fondazionepapaluciani.com\" href=\"mailto:info@fondazionepapaluciani.com\">info@fondazionepapaluciani.com<\/a>.<\/p>\n<p>&nbsp;<\/p>\n<p>&nbsp;<\/p>\n<hr \/>\n<p>&nbsp;<\/p>\n<blockquote>\n<h2>CASSA SOLIDARIET\u00c0 LUXOTTICA<\/h2>\n<\/blockquote>\n<h3><strong><span style=\"color: #ff0000;\">IL NUMERO DI FEBBRAIO CON PAOLO CHISSALE&#8217; E FABRIZIO CAMPEDEL\u00a0\u00a0<\/span><\/strong><\/h3>\n<audio class=\"wp-audio-shortcode\" id=\"audio-194488-10\" preload=\"none\" style=\"width: 100%;\" controls=\"controls\"><source type=\"audio\/mpeg\" src=\"https:\/\/www.radiopiu.net\/wordpress\/wp-content\/uploads\/2021\/02\/ca-sol-lux-febbraio.mp3?_=10\" \/><a href=\"https:\/\/www.radiopiu.net\/wordpress\/wp-content\/uploads\/2021\/02\/ca-sol-lux-febbraio.mp3\">https:\/\/www.radiopiu.net\/wordpress\/wp-content\/uploads\/2021\/02\/ca-sol-lux-febbraio.mp3<\/a><\/audio>\n<blockquote>\n<h2>RACCOLTA COMPLETA<\/h2>\n<\/blockquote>\n<blockquote class=\"wp-embedded-content\" data-secret=\"ozxzXWERa1\"><p><a href=\"https:\/\/www.radiopiu.net\/wordpress\/cassa-solidarieta-luxottica-puntata-del-16-ottobre-2020\/\">CASSA SOLIDARIET\u00c0 LUXOTTICA &#8211; PUNTATA DEL 20 NOVEMBRE 2020<\/a><\/p><\/blockquote>\n<p><iframe loading=\"lazy\" class=\"wp-embedded-content\" sandbox=\"allow-scripts\" security=\"restricted\" style=\"position: absolute; clip: rect(1px, 1px, 1px, 1px);\" title=\"&#8220;CASSA SOLIDARIET\u00c0 LUXOTTICA &#8211; PUNTATA DEL 20 NOVEMBRE 2020&#8221; &#8212; Radio Pi\u00f9\" src=\"https:\/\/www.radiopiu.net\/wordpress\/cassa-solidarieta-luxottica-puntata-del-16-ottobre-2020\/embed\/#?secret=ozxzXWERa1\" data-secret=\"ozxzXWERa1\" width=\"600\" height=\"338\" frameborder=\"0\" marginwidth=\"0\" marginheight=\"0\" scrolling=\"no\"><\/iframe><\/p>\n<div>\n<p>&nbsp;<\/p>\n<p>&nbsp;<\/p>\n<hr \/>\n<p>&nbsp;<\/p>\n<blockquote>\n<h3><a href=\"https:\/\/www.radiopiu.net\/wordpress\/giornale-radiopiu-06-febbraio-2019-direttore-mirko-mezzacasa\/logo_spi-cgil-800x445\/\" rel=\"attachment wp-att-75538\"><img loading=\"lazy\" decoding=\"async\" class=\"wp-image-75538 alignleft\" src=\"https:\/\/www.radiopiu.net\/wordpress\/wp-content\/uploads\/2019\/02\/Logo_Spi-CGIL-800x445-300x167.jpg\" alt=\"\" width=\"210\" height=\"117\" srcset=\"https:\/\/www.radiopiu.net\/wordpress\/wp-content\/uploads\/2019\/02\/Logo_Spi-CGIL-800x445-300x167.jpg 300w, https:\/\/www.radiopiu.net\/wordpress\/wp-content\/uploads\/2019\/02\/Logo_Spi-CGIL-800x445-768x427.jpg 768w, https:\/\/www.radiopiu.net\/wordpress\/wp-content\/uploads\/2019\/02\/Logo_Spi-CGIL-800x445.jpg 800w\" sizes=\"auto, (max-width: 210px) 100vw, 210px\" \/><\/a>ALLA RADIO, APPUNTAMENTO QUINDICINALE CON SPI-CGIL BELLUNO, IN STUDIO MARIA RITA GENTILIN<\/h3>\n<\/blockquote>\n<p><strong>di Claudio Fontanive<\/strong><\/p>\n<audio class=\"wp-audio-shortcode\" id=\"audio-194488-11\" preload=\"none\" style=\"width: 100%;\" controls=\"controls\"><source type=\"audio\/mpeg\" src=\"https:\/\/www.radiopiu.net\/wordpress\/wp-content\/uploads\/2021\/02\/spi-cgil-18-febbraio.mp3?_=11\" \/><a href=\"https:\/\/www.radiopiu.net\/wordpress\/wp-content\/uploads\/2021\/02\/spi-cgil-18-febbraio.mp3\">https:\/\/www.radiopiu.net\/wordpress\/wp-content\/uploads\/2021\/02\/spi-cgil-18-febbraio.mp3<\/a><\/audio>\n<p>&nbsp;<\/p>\n<p>&nbsp;<\/p>\n<hr \/>\n<p>&nbsp;<\/p>\n<p><span style=\"color: #ff0000;\"><a href=\"https:\/\/www.radiopiu.net\/wordpress\/giornale-radiopiu-25-febbraio-2021-direttore-mirko-mezzacasa\/84168586_3724582740900333_7440029064968011776_n\/\" rel=\"attachment wp-att-193399\"><img loading=\"lazy\" decoding=\"async\" class=\"wp-image-193399 alignleft\" src=\"https:\/\/www.radiopiu.net\/wordpress\/wp-content\/uploads\/2021\/02\/84168586_3724582740900333_7440029064968011776_n.jpg\" alt=\"\" width=\"143\" height=\"141\" \/><\/a>\u00a0<\/span><\/p>\n<p><strong>CISL LA VOCE DEI LAVORATORI<\/strong><\/p>\n<p><em>con Paolo Chissal\u00e8 e la Segretaria Femca Cisl Milena Cesca\u00a0<\/em><\/p>\n<audio class=\"wp-audio-shortcode\" id=\"audio-194488-12\" preload=\"none\" style=\"width: 100%;\" controls=\"controls\"><source type=\"audio\/mpeg\" src=\"https:\/\/www.radiopiu.net\/wordpress\/wp-content\/uploads\/2021\/02\/CISL-1.mp3?_=12\" \/><a href=\"https:\/\/www.radiopiu.net\/wordpress\/wp-content\/uploads\/2021\/02\/CISL-1.mp3\">https:\/\/www.radiopiu.net\/wordpress\/wp-content\/uploads\/2021\/02\/CISL-1.mp3<\/a><\/audio>\n<p>&nbsp;<\/p>\n<p>&nbsp;<\/p>\n<hr \/>\n<p>&nbsp;<\/p>\n<blockquote>\n<h2><a href=\"https:\/\/www.radiopiu.net\/wordpress\/speciale-solidarieta-veneto\/solidarieta-veneto-3\/\" rel=\"attachment wp-att-134366\"><img loading=\"lazy\" decoding=\"async\" class=\"wp-image-134366 alignleft\" src=\"https:\/\/www.radiopiu.net\/wordpress\/wp-content\/uploads\/2020\/05\/solidariet\u00e0-veneto-300x210.jpg\" alt=\"\" width=\"102\" height=\"71\" srcset=\"https:\/\/www.radiopiu.net\/wordpress\/wp-content\/uploads\/2020\/05\/solidariet\u00e0-veneto-300x210.jpg 300w, https:\/\/www.radiopiu.net\/wordpress\/wp-content\/uploads\/2020\/05\/solidariet\u00e0-veneto-1024x717.jpg 1024w, https:\/\/www.radiopiu.net\/wordpress\/wp-content\/uploads\/2020\/05\/solidariet\u00e0-veneto-768x538.jpg 768w, https:\/\/www.radiopiu.net\/wordpress\/wp-content\/uploads\/2020\/05\/solidariet\u00e0-veneto.jpg 1373w\" sizes=\"auto, (max-width: 102px) 100vw, 102px\" \/><\/a>SOLIDARIETA&#8217; VENETO FONDO PENSIONE, IN ONDA IL PRIMO VENERDI DEL MESE ALLE 10.30 E ALLE 19.00 QUINTA STAGIONE<\/h2>\n<\/blockquote>\n<p><strong>AUDIO FEBBRAIO 2021<\/strong><\/p>\n<audio class=\"wp-audio-shortcode\" id=\"audio-194488-13\" preload=\"none\" style=\"width: 100%;\" controls=\"controls\"><source type=\"audio\/mpeg\" src=\"https:\/\/www.radiopiu.net\/wordpress\/wp-content\/uploads\/2021\/02\/solidarieta-veneto-febbraio.mp3?_=13\" \/><a href=\"https:\/\/www.radiopiu.net\/wordpress\/wp-content\/uploads\/2021\/02\/solidarieta-veneto-febbraio.mp3\">https:\/\/www.radiopiu.net\/wordpress\/wp-content\/uploads\/2021\/02\/solidarieta-veneto-febbraio.mp3<\/a><\/audio>\n<blockquote>\n<h2>RACCOLTA COMPLETA<\/h2>\n<\/blockquote>\n<blockquote class=\"wp-embedded-content\" data-secret=\"7QefD3JwKd\"><p><a href=\"https:\/\/www.radiopiu.net\/wordpress\/solidarieta-veneto\/\">Solidariet\u00e0 Veneto<\/a><\/p><\/blockquote>\n<p><iframe loading=\"lazy\" class=\"wp-embedded-content\" sandbox=\"allow-scripts\" security=\"restricted\" style=\"position: absolute; clip: rect(1px, 1px, 1px, 1px);\" title=\"&#8220;Solidariet\u00e0 Veneto&#8221; &#8212; Radio Pi\u00f9\" src=\"https:\/\/www.radiopiu.net\/wordpress\/solidarieta-veneto\/embed\/#?secret=7QefD3JwKd\" data-secret=\"7QefD3JwKd\" width=\"600\" height=\"338\" frameborder=\"0\" marginwidth=\"0\" marginheight=\"0\" scrolling=\"no\"><\/iframe><\/p>\n<p>&nbsp;<\/p>\n<p>&nbsp;<\/p>\n<\/div>\n<p>&nbsp;<\/p>\n<hr \/>\n<div>\n<h2><span style=\"color: #000080;\"><a class=\"dt-pswp-item\" href=\"https:\/\/www.radiopiu.net\/wordpress\/wp-content\/uploads\/2020\/10\/pp.jpg\" data-dt-img-description=\"\" data-large_image_width=\"640\" data-large_image_height=\"640\"><img loading=\"lazy\" decoding=\"async\" class=\"wp-image-163678 alignleft\" src=\"https:\/\/www.radiopiu.net\/wordpress\/wp-content\/uploads\/2020\/10\/pp-300x300.jpg\" alt=\"\" width=\"106\" height=\"106\" srcset=\"https:\/\/www.radiopiu.net\/wordpress\/wp-content\/uploads\/2020\/10\/pp-300x300.jpg 300w, https:\/\/www.radiopiu.net\/wordpress\/wp-content\/uploads\/2020\/10\/pp-150x150.jpg 150w, https:\/\/www.radiopiu.net\/wordpress\/wp-content\/uploads\/2020\/10\/pp-125x125.jpg 125w, https:\/\/www.radiopiu.net\/wordpress\/wp-content\/uploads\/2020\/10\/pp-200x200.jpg 200w, https:\/\/www.radiopiu.net\/wordpress\/wp-content\/uploads\/2020\/10\/pp-80x80.jpg 80w, https:\/\/www.radiopiu.net\/wordpress\/wp-content\/uploads\/2020\/10\/pp-480x480.jpg 480w, https:\/\/www.radiopiu.net\/wordpress\/wp-content\/uploads\/2020\/10\/pp.jpg 640w\" sizes=\"auto, (max-width: 106px) 100vw, 106px\" \/><\/a><\/span><\/h2>\n<h2><span style=\"color: #000080;\">DON CESARE, IL PENSIERO DEL GIORNO. ALLA RADIO ALLE 7 DEL MATTINO E ALLE 19.30 DELLA SERA.\u00a0\u00a0<\/span><\/h2>\n<p>&nbsp;<\/p>\n<\/div>\n<audio class=\"wp-audio-shortcode\" id=\"audio-194488-14\" preload=\"none\" style=\"width: 100%;\" controls=\"controls\"><source type=\"audio\/mpeg\" src=\"https:\/\/www.radiopiu.net\/wordpress\/wp-content\/uploads\/2021\/03\/cesare-1.mp3?_=14\" \/><a href=\"https:\/\/www.radiopiu.net\/wordpress\/wp-content\/uploads\/2021\/03\/cesare-1.mp3\">https:\/\/www.radiopiu.net\/wordpress\/wp-content\/uploads\/2021\/03\/cesare-1.mp3<\/a><\/audio>\n<p>&nbsp;<\/p>\n<p>&nbsp;<\/p>\n<hr \/>\n<p>&nbsp;<\/p>\n<blockquote>\n<h2>FANTASTICHE DOLOMITI, NUOVA STAGIONE. APPUNTAMENTO QUINDICINALE IL GIOVEDI ALLE 10.30 E 19.00<\/h2>\n<\/blockquote>\n<p><span style=\"color: #000000;\"><strong><img loading=\"lazy\" decoding=\"async\" class=\"alignleft\" src=\"https:\/\/www.radiopiu.net\/wordpress\/wp-content\/uploads\/2017\/10\/logo-fantastiche-dolomiti-300x113.jpg\" width=\"181\" height=\"68\" \/>LA NUOVA PUNTATA i corsi di formazione della Fondazione 11 FEBBRAIO 2021<\/strong><\/span><\/p>\n<h2><span style=\"color: #ff0000;\">PUNTATA 10 ,<\/span><\/h2>\n<p><strong>OSPITE IL PRESIDENTE CLAUDIO CANOVA<\/strong><\/p>\n<audio class=\"wp-audio-shortcode\" id=\"audio-194488-15\" preload=\"none\" style=\"width: 100%;\" controls=\"controls\"><source type=\"audio\/mpeg\" src=\"https:\/\/www.radiopiu.net\/wordpress\/wp-content\/uploads\/2021\/02\/fantastiche-dolomiti-25-febbraio.mp3?_=15\" \/><a href=\"https:\/\/www.radiopiu.net\/wordpress\/wp-content\/uploads\/2021\/02\/fantastiche-dolomiti-25-febbraio.mp3\">https:\/\/www.radiopiu.net\/wordpress\/wp-content\/uploads\/2021\/02\/fantastiche-dolomiti-25-febbraio.mp3<\/a><\/audio>\n<h3>LA RACCOLTA COMPLETA<\/h3>\n<blockquote class=\"wp-embedded-content\" data-secret=\"o1pJchexW7\"><p><a href=\"https:\/\/www.radiopiu.net\/wordpress\/raccolta-completa\/\">FANTASTICHE DOLOMITI 10^ PUNTATA: IL QUINDICINALE APPUNTAMENTO ALLA RADIO<\/a><\/p><\/blockquote>\n<p><iframe loading=\"lazy\" class=\"wp-embedded-content\" sandbox=\"allow-scripts\" security=\"restricted\" style=\"position: absolute; clip: rect(1px, 1px, 1px, 1px);\" title=\"&#8220;FANTASTICHE DOLOMITI 10^ PUNTATA: IL QUINDICINALE APPUNTAMENTO ALLA RADIO&#8221; &#8212; Radio Pi\u00f9\" src=\"https:\/\/www.radiopiu.net\/wordpress\/raccolta-completa\/embed\/#?secret=o1pJchexW7\" data-secret=\"o1pJchexW7\" width=\"600\" height=\"338\" frameborder=\"0\" marginwidth=\"0\" marginheight=\"0\" scrolling=\"no\"><\/iframe><\/p>\n<p>&nbsp;<\/p>\n<p>&nbsp;<\/p>\n<p>&nbsp;<\/p>\n<hr \/>\n<blockquote>\n<h2><span style=\"color: #ff0000;\">\u00a0<\/span><\/h2>\n<h2><span style=\"color: #ff0000;\">ALLA RADIO<\/span><\/h2>\n<h2><\/h2>\n<h2><span style=\"color: #008000;\">ERBE E PIANTE CURATIVE&#8230;IL NUOVO PROGRAMMA DI PAOLA LANCIATO<\/span><\/h2>\n<p><strong><a href=\"https:\/\/www.radiopiu.net\/wordpress\/erbe-e-piante-curative-quinta-puntata\/ginepro\/\" rel=\"attachment wp-att-194542\"><img loading=\"lazy\" decoding=\"async\" class=\" wp-image-194542 alignleft\" src=\"https:\/\/www.radiopiu.net\/wordpress\/wp-content\/uploads\/2021\/03\/GINEPRO-300x215.jpg\" alt=\"\" width=\"142\" height=\"102\" srcset=\"https:\/\/www.radiopiu.net\/wordpress\/wp-content\/uploads\/2021\/03\/GINEPRO-300x215.jpg 300w, https:\/\/www.radiopiu.net\/wordpress\/wp-content\/uploads\/2021\/03\/GINEPRO-1024x735.jpg 1024w, https:\/\/www.radiopiu.net\/wordpress\/wp-content\/uploads\/2021\/03\/GINEPRO-768x551.jpg 768w, https:\/\/www.radiopiu.net\/wordpress\/wp-content\/uploads\/2021\/03\/GINEPRO.jpg 1280w\" sizes=\"auto, (max-width: 142px) 100vw, 142px\" \/><\/a>IL NUOVO PROGRAMMA DI PAOLA LANCIATO<\/strong><\/p>\n<p>QUINTA PUNTATA &#8211; IL GINEPRO<\/p>\n<audio class=\"wp-audio-shortcode\" id=\"audio-194488-16\" preload=\"none\" style=\"width: 100%;\" controls=\"controls\"><source type=\"audio\/mpeg\" src=\"https:\/\/www.radiopiu.net\/wordpress\/wp-content\/uploads\/2021\/03\/5-Il-ginepro-M.mp3?_=16\" \/><a href=\"https:\/\/www.radiopiu.net\/wordpress\/wp-content\/uploads\/2021\/03\/5-Il-ginepro-M.mp3\">https:\/\/www.radiopiu.net\/wordpress\/wp-content\/uploads\/2021\/03\/5-Il-ginepro-M.mp3<\/a><\/audio>\n<p><strong>\u00a0<\/strong><\/p><\/blockquote>\n<blockquote><p><strong>LA RACCOLTA COMPLETA<\/strong><\/p>\n<blockquote class=\"wp-embedded-content\" data-secret=\"8K7UyUHcVr\"><p><a href=\"https:\/\/www.radiopiu.net\/wordpress\/erbe-e-piante-curative\/\">ERBE E PIANTE CURATIVE<\/a><\/p><\/blockquote>\n<p><iframe loading=\"lazy\" class=\"wp-embedded-content\" sandbox=\"allow-scripts\" security=\"restricted\" style=\"position: absolute; clip: rect(1px, 1px, 1px, 1px);\" title=\"&#8220;ERBE E PIANTE CURATIVE&#8221; &#8212; Radio Pi\u00f9\" src=\"https:\/\/www.radiopiu.net\/wordpress\/erbe-e-piante-curative\/embed\/#?secret=8K7UyUHcVr\" data-secret=\"8K7UyUHcVr\" width=\"600\" height=\"338\" frameborder=\"0\" marginwidth=\"0\" marginheight=\"0\" scrolling=\"no\"><\/iframe><\/p>\n<p>&nbsp;<\/p><\/blockquote>\n<blockquote><p>&nbsp;<\/p><\/blockquote>\n<p>&nbsp;<\/p>\n<hr \/>\n<blockquote><p>&nbsp;<\/p>\n<blockquote>\n<div>\n<h2><span style=\"color: #ff0000;\">ALLA RADIO<\/span><\/h2>\n<h2><strong>LE\u00a0 PUNTATE di Luisa Alchini di Leggermente Bellunesi, la domenica alle 11, <span style=\"color: #0000ff;\">IL MARTEDI IN PRIMA EDIZIONE\u00a0<\/span> alle 10.30 e alle 19.00<\/strong><\/h2>\n<p><strong><a href=\"https:\/\/www.radiopiu.net\/wordpress\/legger-mente-bellunesi-02-marzo-2021\/156828176_1598288807025847_358448174778964781_o\/\" rel=\"attachment wp-att-194538\"><img loading=\"lazy\" decoding=\"async\" class=\" wp-image-194538 alignleft\" src=\"https:\/\/www.radiopiu.net\/wordpress\/wp-content\/uploads\/2021\/03\/156828176_1598288807025847_358448174778964781_o-206x300.jpg\" alt=\"\" width=\"86\" height=\"125\" srcset=\"https:\/\/www.radiopiu.net\/wordpress\/wp-content\/uploads\/2021\/03\/156828176_1598288807025847_358448174778964781_o-206x300.jpg 206w, https:\/\/www.radiopiu.net\/wordpress\/wp-content\/uploads\/2021\/03\/156828176_1598288807025847_358448174778964781_o.jpg 685w\" sizes=\"auto, (max-width: 86px) 100vw, 86px\" \/><\/a>\u00a0<\/strong><\/p>\n<p>La gloriosa carriera del perito minerario Gianni Rivis raccontata nel libro di ricordi.<\/p>\n<audio class=\"wp-audio-shortcode\" id=\"audio-194488-17\" preload=\"none\" style=\"width: 100%;\" controls=\"controls\"><source type=\"audio\/mpeg\" src=\"https:\/\/www.radiopiu.net\/wordpress\/wp-content\/uploads\/2021\/03\/20leggermentegiannirivis2021.mp3?_=17\" \/><a href=\"https:\/\/www.radiopiu.net\/wordpress\/wp-content\/uploads\/2021\/03\/20leggermentegiannirivis2021.mp3\">https:\/\/www.radiopiu.net\/wordpress\/wp-content\/uploads\/2021\/03\/20leggermentegiannirivis2021.mp3<\/a><\/audio>\n<p>&nbsp;<\/p>\n<h2><strong style=\"font-size: 14px;\"><span style=\"color: #000000;\">RACCOLTA COMPLETA<\/span><\/strong><\/h2>\n<\/div>\n<blockquote class=\"wp-embedded-content\" data-secret=\"zkUeYaejwZ\"><p><a href=\"https:\/\/www.radiopiu.net\/wordpress\/leggermente-20\/\">LEGGERmente&#8230;Bellunesi<\/a><\/p><\/blockquote>\n<p><iframe loading=\"lazy\" class=\"wp-embedded-content\" sandbox=\"allow-scripts\" security=\"restricted\" style=\"position: absolute; clip: rect(1px, 1px, 1px, 1px);\" title=\"&#8220;LEGGERmente&#8230;Bellunesi&#8221; &#8212; Radio Pi\u00f9\" src=\"https:\/\/www.radiopiu.net\/wordpress\/leggermente-20\/embed\/#?secret=zkUeYaejwZ\" data-secret=\"zkUeYaejwZ\" width=\"600\" height=\"338\" frameborder=\"0\" marginwidth=\"0\" marginheight=\"0\" scrolling=\"no\"><\/iframe><\/p>\n<p>&nbsp;<\/p>\n<hr \/>\n<\/blockquote>\n<h2><\/h2>\n<h3 class=\"kvgmc6g5 cxmmr5t8 oygrvhab hcukyx3x c1et5uql\"><span style=\"color: #0000ff;\">INFORMAZIONE il canale su TELEGRAM informazione di prima mano e in tempo reale. iscriviti ed aiutaci a farlo conoscere\u00a0<\/span><\/h3>\n<h2>007 IN CONDOTTA CON LA PROF. MARIA ROSA SALMAZO IL LUNEDI ALLE 10,30 E ALLE 19.00 LA DOMENICA ALLE 8 DEL <img loading=\"lazy\" decoding=\"async\" class=\"alignleft\" src=\"https:\/\/www.radiopiu.net\/wordpress\/wp-content\/uploads\/2021\/02\/sci.jpg\" width=\"162\" height=\"108\" \/>MATTINO. NONA STAGIONE<\/h2>\n<p>&nbsp;<\/p>\n<audio class=\"wp-audio-shortcode\" id=\"audio-194488-18\" preload=\"none\" style=\"width: 100%;\" controls=\"controls\"><source type=\"audio\/mpeg\" src=\"https:\/\/www.radiopiu.net\/wordpress\/wp-content\/uploads\/2021\/03\/007-1-marzo.mp3?_=18\" \/><a href=\"https:\/\/www.radiopiu.net\/wordpress\/wp-content\/uploads\/2021\/03\/007-1-marzo.mp3\">https:\/\/www.radiopiu.net\/wordpress\/wp-content\/uploads\/2021\/03\/007-1-marzo.mp3<\/a><\/audio>\n<p>&nbsp;<\/p>\n<h2>LA RACCOLTA COMPLETA<\/h2>\n<blockquote class=\"wp-embedded-content\" data-secret=\"TvZ3xbAtc0\"><p><a href=\"https:\/\/www.radiopiu.net\/wordpress\/007incondotta-9\/\">007 in condotta<\/a><\/p><\/blockquote>\n<p><iframe loading=\"lazy\" class=\"wp-embedded-content\" sandbox=\"allow-scripts\" security=\"restricted\" style=\"position: absolute; clip: rect(1px, 1px, 1px, 1px);\" title=\"&#8220;007 in condotta&#8221; &#8212; Radio Pi\u00f9\" src=\"https:\/\/www.radiopiu.net\/wordpress\/007incondotta-9\/embed\/#?secret=TvZ3xbAtc0\" data-secret=\"TvZ3xbAtc0\" width=\"600\" height=\"338\" frameborder=\"0\" marginwidth=\"0\" marginheight=\"0\" scrolling=\"no\"><\/iframe><\/p>\n<p>&nbsp;<\/p>\n<p>&nbsp;<\/p>\n<p>&nbsp;<\/p><\/blockquote>\n<hr \/>\n<p>&nbsp;<\/p>\n<div>\n<h2><span style=\"color: #33cccc;\">I RACCONTI DI PAOLO SOPPELSA il lunedi alle 9.30 e 18.30<\/span><\/h2>\n<blockquote class=\"wp-embedded-content\" data-secret=\"x1s980uwt8\"><p><a href=\"https:\/\/www.radiopiu.net\/wordpress\/i-racconti-di-paolo-soppelsa-sessantaquattresima-puntata\/\">I RACCONTI DI PAOLO SOPPELSA SESSANTAQUATTRESIMA PUNTATA<\/a><\/p><\/blockquote>\n<p><iframe loading=\"lazy\" class=\"wp-embedded-content\" sandbox=\"allow-scripts\" security=\"restricted\" style=\"position: absolute; clip: rect(1px, 1px, 1px, 1px);\" title=\"&#8220;I RACCONTI DI PAOLO SOPPELSA SESSANTAQUATTRESIMA PUNTATA&#8221; &#8212; Radio Pi\u00f9\" src=\"https:\/\/www.radiopiu.net\/wordpress\/i-racconti-di-paolo-soppelsa-sessantaquattresima-puntata\/embed\/#?secret=x1s980uwt8\" data-secret=\"x1s980uwt8\" width=\"600\" height=\"338\" frameborder=\"0\" marginwidth=\"0\" marginheight=\"0\" scrolling=\"no\"><\/iframe><\/p>\n<h3 class=\"kvgmc6g5 cxmmr5t8 oygrvhab hcukyx3x c1et5uql\"><span style=\"color: #0000ff;\">INFORMAZIONE il canale su TELEGRAM informazione di prima mano e in tempo reale. iscriviti ed aiutaci a farlo conoscere\u00a0<\/span><\/h3>\n<h2><span style=\"color: #33cccc;\"><strong>RACCOLTA COMPLETA<\/strong><\/span><\/h2>\n<blockquote class=\"wp-embedded-content\" data-secret=\"gkI5fMct3i\"><p><a href=\"https:\/\/www.radiopiu.net\/wordpress\/i-racconti-di-paolo-soppelsa\/\">I racconti di Paolo Soppelsa<\/a><\/p><\/blockquote>\n<p><iframe loading=\"lazy\" class=\"wp-embedded-content\" sandbox=\"allow-scripts\" security=\"restricted\" style=\"position: absolute; clip: rect(1px, 1px, 1px, 1px);\" title=\"&#8220;I racconti di Paolo Soppelsa&#8221; &#8212; Radio Pi\u00f9\" src=\"https:\/\/www.radiopiu.net\/wordpress\/i-racconti-di-paolo-soppelsa\/embed\/#?secret=gkI5fMct3i\" data-secret=\"gkI5fMct3i\" width=\"600\" height=\"338\" frameborder=\"0\" marginwidth=\"0\" marginheight=\"0\" scrolling=\"no\"><\/iframe><\/p>\n<\/div>\n<p>&nbsp;<\/p>\n<hr \/>\n<p>&nbsp;<\/p>\n<h2><\/h2>\n<h2><span style=\"color: #ff0000;\"><a href=\"https:\/\/www.radiopiu.net\/wordpress\/giornale-radiopiu-05-gennaio-2021-direttore-mirko-mezzacasa\/133200401_100838761953611_1258544160541445132_o-2\/\" rel=\"attachment wp-att-183078\"><img loading=\"lazy\" decoding=\"async\" class=\" wp-image-183078 alignleft\" src=\"https:\/\/www.radiopiu.net\/wordpress\/wp-content\/uploads\/2021\/01\/133200401_100838761953611_1258544160541445132_o-1-300x157.jpg\" alt=\"\" width=\"192\" height=\"101\" srcset=\"https:\/\/www.radiopiu.net\/wordpress\/wp-content\/uploads\/2021\/01\/133200401_100838761953611_1258544160541445132_o-1-300x157.jpg 300w, https:\/\/www.radiopiu.net\/wordpress\/wp-content\/uploads\/2021\/01\/133200401_100838761953611_1258544160541445132_o-1.jpg 526w\" sizes=\"auto, (max-width: 192px) 100vw, 192px\" \/><\/a>GOCCE DI FILOSOFIA, CON CHIARA CAU, CON LISA DE LUCA. <\/span><\/h2>\n<h2><span style=\"color: #ff0000;\">TUTTI I GIORNI DAL LUNEDI AL VENERDI ALLE 6.55 E ALLE 18.55<\/span><\/h2>\n<p><strong>PUNTATA 42<\/strong><\/p>\n<audio class=\"wp-audio-shortcode\" id=\"audio-194488-19\" preload=\"none\" style=\"width: 100%;\" controls=\"controls\"><source type=\"audio\/mpeg\" src=\"https:\/\/www.radiopiu.net\/wordpress\/wp-content\/uploads\/2021\/02\/FI2-4.mp3?_=19\" \/><a href=\"https:\/\/www.radiopiu.net\/wordpress\/wp-content\/uploads\/2021\/02\/FI2-4.mp3\">https:\/\/www.radiopiu.net\/wordpress\/wp-content\/uploads\/2021\/02\/FI2-4.mp3<\/a><\/audio>\n<p>&nbsp;<\/p>\n<h3>LA RACCOLTA COMPLETA<\/h3>\n<blockquote class=\"wp-embedded-content\" data-secret=\"a9Usn5Yugs\"><p><a href=\"https:\/\/www.radiopiu.net\/wordpress\/gocce-filosofia\/\">Gocce di filosofia<\/a><\/p><\/blockquote>\n<p><iframe loading=\"lazy\" class=\"wp-embedded-content\" sandbox=\"allow-scripts\" security=\"restricted\" style=\"position: absolute; clip: rect(1px, 1px, 1px, 1px);\" title=\"&#8220;Gocce di filosofia&#8221; &#8212; Radio Pi\u00f9\" src=\"https:\/\/www.radiopiu.net\/wordpress\/gocce-filosofia\/embed\/#?secret=a9Usn5Yugs\" data-secret=\"a9Usn5Yugs\" width=\"600\" height=\"338\" frameborder=\"0\" marginwidth=\"0\" marginheight=\"0\" scrolling=\"no\"><\/iframe><\/p>\n<p>&nbsp;<\/p>\n<hr \/>\n<p>&nbsp;<\/p>\n<div class=\"im_message_wrap clearfix\">\n<div class=\"im_content_message_wrap im_message_out\">\n<h2><span style=\"color: #ff0000;\">IERI ALLA RADIO\u00a0 IN VIVO VERSO 2020-21<\/span><\/h2>\n<p><strong><span style=\"color: #0000ff;\">IN ONDA DAL LUNEDI AL VENERDI ALLE 7.10, 10.10, 18.50\u00a0 \u00a0<\/span><\/strong><\/p>\n<blockquote class=\"wp-embedded-content\" data-secret=\"WKa3KXmTzb\"><p><a href=\"https:\/\/www.radiopiu.net\/wordpress\/il-tuo-cielo-di-maria-villani\/\">IL TUO CIELO di MARIA VILLANI<\/a><\/p><\/blockquote>\n<p><iframe loading=\"lazy\" class=\"wp-embedded-content\" sandbox=\"allow-scripts\" security=\"restricted\" style=\"position: absolute; clip: rect(1px, 1px, 1px, 1px);\" title=\"&#8220;IL TUO CIELO di MARIA VILLANI&#8221; &#8212; Radio Pi\u00f9\" src=\"https:\/\/www.radiopiu.net\/wordpress\/il-tuo-cielo-di-maria-villani\/embed\/#?secret=WKa3KXmTzb\" data-secret=\"WKa3KXmTzb\" width=\"600\" height=\"338\" frameborder=\"0\" marginwidth=\"0\" marginheight=\"0\" scrolling=\"no\"><\/iframe><\/p>\n<p><strong>LA RACCOLTA<\/strong><\/p>\n<blockquote class=\"wp-embedded-content\" data-secret=\"oXBsnJJN5L\"><p><a href=\"https:\/\/www.radiopiu.net\/wordpress\/in-vivo-verso\/\">In Vivo Verso<\/a><\/p><\/blockquote>\n<p><iframe loading=\"lazy\" class=\"wp-embedded-content\" sandbox=\"allow-scripts\" security=\"restricted\" style=\"position: absolute; clip: rect(1px, 1px, 1px, 1px);\" title=\"&#8220;In Vivo Verso&#8221; &#8212; Radio Pi\u00f9\" src=\"https:\/\/www.radiopiu.net\/wordpress\/in-vivo-verso\/embed\/#?secret=oXBsnJJN5L\" data-secret=\"oXBsnJJN5L\" width=\"600\" height=\"338\" frameborder=\"0\" marginwidth=\"0\" marginheight=\"0\" scrolling=\"no\"><\/iframe><\/p>\n<hr \/>\n<p>&nbsp;<\/p>\n<\/div>\n<\/div>\n<p>&nbsp;<\/p>\n<h2><span style=\"color: #808000;\">DUE MINUTI UN LIBRO\u00a0 TUTTI I GIORNI ALLA RADIO ALLE 9.30 E ALLE 18. QUINTA STAGIONE\u00a0<\/span><\/h2>\n<blockquote class=\"wp-embedded-content\" data-secret=\"hR66nGBKUo\"><p><a href=\"https:\/\/www.radiopiu.net\/wordpress\/storia-di-un-cane-e-delluomo-a-cui-ha-cambiato-la-vita\/\">STORIA DI UN CANE E DELL&#8217;UOMO A CUI HA CAMBIATO LA VITA<\/a><\/p><\/blockquote>\n<p><iframe loading=\"lazy\" class=\"wp-embedded-content\" sandbox=\"allow-scripts\" security=\"restricted\" style=\"position: absolute; clip: rect(1px, 1px, 1px, 1px);\" title=\"&#8220;STORIA DI UN CANE E DELL&#8217;UOMO A CUI HA CAMBIATO LA VITA&#8221; &#8212; Radio Pi\u00f9\" src=\"https:\/\/www.radiopiu.net\/wordpress\/storia-di-un-cane-e-delluomo-a-cui-ha-cambiato-la-vita\/embed\/#?secret=hR66nGBKUo\" data-secret=\"hR66nGBKUo\" width=\"600\" height=\"338\" frameborder=\"0\" marginwidth=\"0\" marginheight=\"0\" scrolling=\"no\"><\/iframe><\/p>\n<h3><span style=\"color: #808000;\">\u00a0<\/span>LA RACCOLTA COMPLETA<\/h3>\n<blockquote class=\"wp-embedded-content\" data-secret=\"DdZ1C1QOze\"><p><a href=\"https:\/\/www.radiopiu.net\/wordpress\/due-minuti-un-libro\/\">Due minuti un libro<\/a><\/p><\/blockquote>\n<p><iframe loading=\"lazy\" class=\"wp-embedded-content\" sandbox=\"allow-scripts\" security=\"restricted\" style=\"position: absolute; clip: rect(1px, 1px, 1px, 1px);\" title=\"&#8220;Due minuti un libro&#8221; &#8212; Radio Pi\u00f9\" src=\"https:\/\/www.radiopiu.net\/wordpress\/due-minuti-un-libro\/embed\/#?secret=DdZ1C1QOze\" data-secret=\"DdZ1C1QOze\" width=\"600\" height=\"338\" frameborder=\"0\" marginwidth=\"0\" marginheight=\"0\" scrolling=\"no\"><\/iframe><\/p>\n<p>&nbsp;<\/p>\n<p>&nbsp;<\/p>\n<hr \/>\n<blockquote>\n<h3>SALUTE E SOCIETA&#8217; IL LUNEDI ALLE 13.10 E ALLE 20.10, LA DOMENICA ALLE 10.30 A CURA DEL DOTTOR MARCO CARACCIOLO. QUINTA STAGIONE<\/h3>\n<\/blockquote>\n<p><strong>LA PUNTATA DELLA SETTIMANA<\/strong><\/p>\n<p>Con l\u2019adozione del protocollo di cura \u2018treat-to-target\u2019 si ha una probabilit\u00e0 superiore del 50% di raggiungere la remissione dell\u2019artrite reumatoide. Non solo: le persone sottoposte a questo regime raggiungono l\u2019obiettivo della remissione quasi 4 volte pi\u00f9 velocemente di quelli trattati con regimi di trattamento meno sistematici. Danilo Magliano ne ha parlato con Luca Quartuccio, Professore di reumatologia, Universit\u00e0 degli Studi di Udine<\/p>\n<audio class=\"wp-audio-shortcode\" id=\"audio-194488-20\" preload=\"none\" style=\"width: 100%;\" controls=\"controls\"><source type=\"audio\/mpeg\" src=\"https:\/\/www.radiopiu.net\/wordpress\/wp-content\/uploads\/2020\/10\/SALUTE-5.mp3?_=20\" \/><a href=\"https:\/\/www.radiopiu.net\/wordpress\/wp-content\/uploads\/2020\/10\/SALUTE-5.mp3\">https:\/\/www.radiopiu.net\/wordpress\/wp-content\/uploads\/2020\/10\/SALUTE-5.mp3<\/a><\/audio>\n<p>&nbsp;<\/p>\n<hr \/>\n<p>&nbsp;<\/p>\n<div dir=\"auto\">\n<div>\n<h2><span style=\"color: #800080;\"><strong>LA RASSEGNA STAMPA DA L&#8217;AMICO DEL POPOLO\u00a0<\/strong><\/span><\/h2>\n<h3 class=\"kvgmc6g5 cxmmr5t8 oygrvhab hcukyx3x c1et5uql\"><span style=\"color: #0000ff;\"> INFORMAZIONE il canale su TELEGRAM informazione di prima mano e in tempo reale. iscriviti ed aiutaci a farlo conoscere\u00a0<\/span><\/h3>\n<p><strong><a href=\"https:\/\/www.radiopiu.net\/wordpress\/giornale-radiopiu-07-aprile\/cai-agordo-2\/\" rel=\"attachment wp-att-127841\"><img loading=\"lazy\" decoding=\"async\" class=\"size-full wp-image-127841 alignleft\" src=\"https:\/\/www.radiopiu.net\/wordpress\/wp-content\/uploads\/2020\/04\/cai-agordo.jpg\" alt=\"\" width=\"297\" height=\"170\" \/><\/a>di Gianni Santomaso<\/strong><\/p>\n<p>OSPITE: Anna Magro presidente CAI Agordo<\/p>\n<audio class=\"wp-audio-shortcode\" id=\"audio-194488-21\" preload=\"none\" style=\"width: 100%;\" controls=\"controls\"><source type=\"audio\/mpeg\" src=\"https:\/\/www.radiopiu.net\/wordpress\/wp-content\/uploads\/2021\/02\/RASSEGNA-GIANNI-3.mp3?_=21\" \/><a href=\"https:\/\/www.radiopiu.net\/wordpress\/wp-content\/uploads\/2021\/02\/RASSEGNA-GIANNI-3.mp3\">https:\/\/www.radiopiu.net\/wordpress\/wp-content\/uploads\/2021\/02\/RASSEGNA-GIANNI-3.mp3<\/a><\/audio>\n<p>&nbsp;<\/p>\n<p><strong>LA RACCOLTA COMPLETA<\/strong><\/p>\n<blockquote class=\"wp-embedded-content\" data-secret=\"JpQWmIMnTJ\"><p><a href=\"https:\/\/www.radiopiu.net\/wordpress\/rassegna-stampa-di-gianni-santomaso\/\">Rassegna stampa da l&#8217;amico del popolo &#8211; di Gianni Santomaso<\/a><\/p><\/blockquote>\n<p><iframe loading=\"lazy\" class=\"wp-embedded-content\" sandbox=\"allow-scripts\" security=\"restricted\" style=\"position: absolute; clip: rect(1px, 1px, 1px, 1px);\" title=\"&#8220;Rassegna stampa da l&#8217;amico del popolo &#8211; di Gianni Santomaso&#8221; &#8212; Radio Pi\u00f9\" src=\"https:\/\/www.radiopiu.net\/wordpress\/rassegna-stampa-di-gianni-santomaso\/embed\/#?secret=JpQWmIMnTJ\" data-secret=\"JpQWmIMnTJ\" width=\"600\" height=\"338\" frameborder=\"0\" marginwidth=\"0\" marginheight=\"0\" scrolling=\"no\"><\/iframe><\/p>\n<p>&nbsp;<\/p>\n<p>&nbsp;<\/p>\n<\/div>\n<\/div>\n<p>&nbsp;<\/p>\n<hr \/>\n<p>&nbsp;<\/p>\n<blockquote>\n<h3><a href=\"https:\/\/www.radiopiu.net\/wordpress\/almanacco-ladino-puntata-5-2020\/sn\/\" rel=\"attachment wp-att-180931\"><img loading=\"lazy\" decoding=\"async\" class=\"wp-image-180931 alignleft\" src=\"https:\/\/www.radiopiu.net\/wordpress\/wp-content\/uploads\/2020\/12\/sn-300x194.jpg\" alt=\"\" width=\"181\" height=\"117\" srcset=\"https:\/\/www.radiopiu.net\/wordpress\/wp-content\/uploads\/2020\/12\/sn-300x194.jpg 300w, https:\/\/www.radiopiu.net\/wordpress\/wp-content\/uploads\/2020\/12\/sn.jpg 626w\" sizes=\"auto, (max-width: 181px) 100vw, 181px\" \/><\/a>L&#8217;ALMANACCO LADINO CON L&#8217;ISTITUT CESA DE JAN QUINDICINALE APPUNTAMENTO. LA DOMENICA ALLE 9 IL LUNEDI ALLE 8.35 IL MARTEDI ALLE 12.35 IL MERCOLEDI ALLE 18.35. SECONDA STAGIONE.<\/h3>\n<\/blockquote>\n<p><strong>LA PUNTATA DELLA SETTIMANA<\/strong><\/p>\n<audio class=\"wp-audio-shortcode\" id=\"audio-194488-22\" preload=\"none\" style=\"width: 100%;\" controls=\"controls\"><source type=\"audio\/mpeg\" src=\"https:\/\/www.radiopiu.net\/wordpress\/wp-content\/uploads\/2021\/03\/53\u00b0-Almanacco-Ladino_Fodom.mp3?_=22\" \/><a href=\"https:\/\/www.radiopiu.net\/wordpress\/wp-content\/uploads\/2021\/03\/53\u00b0-Almanacco-Ladino_Fodom.mp3\">https:\/\/www.radiopiu.net\/wordpress\/wp-content\/uploads\/2021\/03\/53\u00b0-Almanacco-Ladino_Fodom.mp3<\/a><\/audio>\n<p><strong>RACCOLTA COMPLETA\u00a0<\/strong><\/p>\n<blockquote class=\"wp-embedded-content\" data-secret=\"qfIvy0srEV\"><p><a href=\"https:\/\/www.radiopiu.net\/wordpress\/almanacco-ladino\/\">Almanacco Ladino<\/a><\/p><\/blockquote>\n<p><iframe loading=\"lazy\" class=\"wp-embedded-content\" sandbox=\"allow-scripts\" security=\"restricted\" style=\"position: absolute; clip: rect(1px, 1px, 1px, 1px);\" title=\"&#8220;Almanacco Ladino&#8221; &#8212; Radio Pi\u00f9\" src=\"https:\/\/www.radiopiu.net\/wordpress\/almanacco-ladino\/embed\/#?secret=qfIvy0srEV\" data-secret=\"qfIvy0srEV\" width=\"600\" height=\"338\" frameborder=\"0\" marginwidth=\"0\" marginheight=\"0\" scrolling=\"no\"><\/iframe><\/p>\n<p>&nbsp;<\/p>\n<hr \/>\n<blockquote>\n<h2><\/h2>\n<h2>RITORNA AI MICROFONI DI RADIO PIU&#8217; FRANCESCO ZILLIO<br \/>\nQUARTA puntata, stagione 2021 &#8211; EVOLUZIONE DEI SISTEMI DI COMUNICAZIONE SUPPORTATI DA SMARTH PHONE PER LE AZIENDE<\/h2>\n<\/blockquote>\n<p><iframe loading=\"lazy\" title=\"EPCENTER - EVOLUZIONE DEI SISTEMI DI COMUNICAZIONE SUPPORTATI DA SMART PHONE PER LE  AZIENDE\" width=\"1200\" height=\"675\" src=\"https:\/\/www.youtube.com\/embed\/VQu8U59Rjrw?feature=oembed\" frameborder=\"0\" allow=\"accelerometer; autoplay; clipboard-write; encrypted-media; gyroscope; picture-in-picture\" allowfullscreen><\/iframe><\/p>\n<p>&nbsp;<\/p>\n<p><strong>LA VIDEO GALLERY\u00a0<\/strong><\/p>\n<blockquote class=\"wp-embedded-content\" data-secret=\"BTYmmcXB8B\"><p><a href=\"https:\/\/www.radiopiu.net\/wordpress\/ep-center-video-gallery\/\">EP CENTER video gallery<\/a><\/p><\/blockquote>\n<p><iframe loading=\"lazy\" class=\"wp-embedded-content\" sandbox=\"allow-scripts\" security=\"restricted\" style=\"position: absolute; clip: rect(1px, 1px, 1px, 1px);\" title=\"&#8220;EP CENTER video gallery&#8221; &#8212; Radio Pi\u00f9\" src=\"https:\/\/www.radiopiu.net\/wordpress\/ep-center-video-gallery\/embed\/#?secret=BTYmmcXB8B\" data-secret=\"BTYmmcXB8B\" width=\"600\" height=\"338\" frameborder=\"0\" marginwidth=\"0\" marginheight=\"0\" scrolling=\"no\"><\/iframe><\/p>\n<p>&nbsp;<\/p>\n<p>&nbsp;<\/p>\n<hr \/>\n<p>&nbsp;<\/p>\n<p>&nbsp;<\/p>\n<p>https:\/\/www.radiopiu.net\/wordpress\/conosciamo-i-cori-del-bellunese-con-la-corale-zumellese\/<\/p>\n<p>&nbsp;<\/p>\n<p>&nbsp;<\/p>\n<div dir=\"auto\">\n<p>&nbsp;<\/p>\n<hr \/>\n<p>&nbsp;<\/p>\n<div>\n<p class=\"photoswipe-wrapper\"><a class=\"dt-pswp-item pspw-wrap-ready\" href=\"https:\/\/i0.wp.com\/www.radiopiu.net\/wordpress\/wp-content\/uploads\/2018\/09\/viabilita.jpeg?ssl=1\" data-dt-img-description=\"\" data-large_image_width=\"800\" data-large_image_height=\"100\"><img loading=\"lazy\" decoding=\"async\" class=\"aligncenter wp-image-61954 size-full\" src=\"https:\/\/i0.wp.com\/www.radiopiu.net\/wordpress\/wp-content\/uploads\/2018\/09\/viabilita.jpeg?resize=800%2C100&amp;ssl=1\" sizes=\"auto, (max-width: 800px) 100vw, 800px\" srcset=\"https:\/\/i0.wp.com\/www.radiopiu.net\/wordpress\/wp-content\/uploads\/2018\/09\/viabilita.jpeg?w=800&amp;ssl=1 800w, https:\/\/i0.wp.com\/www.radiopiu.net\/wordpress\/wp-content\/uploads\/2018\/09\/viabilita.jpeg?resize=300%2C38&amp;ssl=1 300w, https:\/\/i0.wp.com\/www.radiopiu.net\/wordpress\/wp-content\/uploads\/2018\/09\/viabilita.jpeg?resize=768%2C96&amp;ssl=1 768w\" alt=\"\" width=\"800\" height=\"100\" \/><\/a><\/p>\n<\/div>\n<p>&nbsp;<\/p>\n<p><strong>SP 19 DI LAMON\u00a0<\/strong>senso unico alternato regolato da movieri e possibili interruzioni di massimo 10 minuti in localit\u00e0 Zavena dalle 8 alle 17 del giorno 6 marzo per lavori di taglio piante<\/p>\n<p><strong>SP 21 DI QUERO<\/strong> fino al 5 marzo, esclusi sabato e domenica, interdizione totale al traffico tra Quero e Ponte Tegorzo per posa cavidotto per conto di E-Distribuzione<\/p>\n<p><strong>SP 251 DELLA VAL DI ZOLDO E CELLINA<\/strong> Istituzione di senso unico alternato regolato da semaforo nel comune di Val di Zoldo per messa in sicurezza della strada<\/p>\n<p><strong>SP 42 CAVALLERA<\/strong> fino a revoca, chiusura della strada nell&#8217;abitato di Perarolo per attivazione emergenza frana &#8220;Busa del Cristo&#8221;<\/p>\n<p><strong>S.P.2 DELLA VALLE DEL MIS\u00a0<\/strong>Interdizione totale al traffico fino a revoca dal km 14,920 (localit\u00e0 Gona Bassa) al km 20,650 (localit\u00e0 Titele) per cedimento della carreggiata<\/p>\n<p><strong>S.P. 5 DI LAMOSANO<\/strong>\u00a0Interdizione totale fino a revoca per presenza di materiale e alberi in strada.<\/p>\n<p><strong>SP 3 DELLA VAL IMPERINA<\/strong> fino a revoca, senso unico alternato regolato a vista in localit\u00e0 Gona di Conedera di Rivamonte per cedimento della carreggiata stradale<\/p>\n<p>&nbsp;<\/p>\n<p>&nbsp;<\/p>\n<hr \/>\n<p>&nbsp;<\/p>\n<div>\n<p class=\"photoswipe-wrapper\"><a class=\"dt-pswp-item pspw-wrap-ready\" href=\"https:\/\/i0.wp.com\/www.radiopiu.net\/wordpress\/wp-content\/uploads\/2018\/09\/WhatsApp-Image-2018-09-20-at-16.04.06.jpeg?ssl=1\" data-dt-img-description=\"\" data-large_image_width=\"800\" data-large_image_height=\"100\"><img loading=\"lazy\" decoding=\"async\" class=\"aligncenter wp-image-61378 size-full jetpack-lazy-image jetpack-lazy-image--handled\" src=\"https:\/\/i0.wp.com\/www.radiopiu.net\/wordpress\/wp-content\/uploads\/2018\/09\/WhatsApp-Image-2018-09-20-at-16.04.06.jpeg?resize=800%2C100&amp;ssl=1\" sizes=\"auto, (max-width: 800px) 100vw, 800px\" srcset=\"https:\/\/i0.wp.com\/www.radiopiu.net\/wordpress\/wp-content\/uploads\/2018\/09\/WhatsApp-Image-2018-09-20-at-16.04.06.jpeg?w=800&amp;ssl=1 800w, https:\/\/i0.wp.com\/www.radiopiu.net\/wordpress\/wp-content\/uploads\/2018\/09\/WhatsApp-Image-2018-09-20-at-16.04.06.jpeg?resize=300%2C38&amp;ssl=1 300w, https:\/\/i0.wp.com\/www.radiopiu.net\/wordpress\/wp-content\/uploads\/2018\/09\/WhatsApp-Image-2018-09-20-at-16.04.06.jpeg?resize=768%2C96&amp;ssl=1 768w\" alt=\"\" width=\"800\" height=\"100\" data-lazy-loaded=\"1\" \/><\/a><\/p>\n<\/div>\n<p>&nbsp;<\/p>\n<div><center><b>Mercoledi 3<\/b><\/center><b>Tempo atteso: <\/b>Al mattino tempo ancora ben soleggiato con cielo sereno o poco nuvoloso per primi cirri in arrivo da ovest. Aria tersa e ottima visibilit\u00e0 in montagna, mentre ci sar\u00e0 qualche foschia notturna nei fondovalle prealpini. Al pomeriggio la presenza delle nubi alte sar\u00e0 maggiore, risultando a tratti estesa. Persistono l&#8217;avvezione d&#8217;aria mite in quota e l&#8217;inversione termica notturna nelle valli.<br \/>\n<b>Precipitazioni: <\/b>Assenti (0%).<br \/>\n<b>Temperature: <\/b>Minime stazionarie in quota e in leggera calo nelle valli, massime pressoch\u00e9 stazionarie rispetto a marted\u00ec. Sono previste punte di 16\/18\u00b0C nei fondovalle prealpini e di 11\/14\u00b0C a 1000\/1200 m. Su Prealpi a 1500 m min 3\u00b0C max 7\u00b0C, a 2000 m min 1\u00b0C max 4\u00b0C. Su Dolomiti a 2000 m min 1\u00b0C max 4\u00b0C, a 3000 m min -3\u00b0C max -2\u00b0C.<br \/>\n<b>Venti: <\/b>Deboli a regime di brezza nelle valli, localmente e a tratti moderati nei soliti settori interessati da brezze pi\u00f9 sostenute; in quota deboli o molto deboli dai quadranti settentrionali, a 5-10 km\/h sia 2000 m che a 3000 m.<\/p>\n<hr \/>\n<p><center><b>Giovedi 4<\/b><\/center><b>Tempo atteso: <\/b>Tempo ancora in parte soleggiato, nonostante la presenza irregolare di nubi alte ovunque. Sulle Dolomiti al pomeriggio occorrer\u00e0 considerare il formarsi di qualche stratocumuli; sulle Prealpi sar\u00e0 l&#8217;insidia nubi basse a crescere, gi\u00e0 nel pomeriggio, ma soprattutto alla sera, quando la copertura nuvolosa sar\u00e0 in ulteriore aumento ovunque. Il deficit di sole ridurr\u00e0 il riscaldamento diurno.<br \/>\n<b>Precipitazioni: <\/b>Assenti (0%).<br \/>\n<b>Temperature: <\/b>In generale lieve calo, eccetto stazionariet\u00e0 delle minime in alcune valli. Sono previste punte diurne di 13\/14\u00b0C nei fondovalle prealpini e di 8\/10\u00b0C a 1000\/1200 m. Su Prealpi a 1500 m min 2\u00b0C max 5\u00b0C, a 2000 m min 0\u00b0C max 3\u00b0C. Su Dolomiti a 2000 m min 0\u00b0C max 2\u00b0C, a 3000 m min -5\u00b0C max -4\u00b0C.<br \/>\n<b>Venti: <\/b>Deboli a regime di brezza nelle valli, localmente e a tratti moderati nei soliti settori interessati da brezze pi\u00f9 sostenute; in quota deboli da nord-ovest fino a met\u00e0 pomeriggio, in rotazione da ovest rafforzandosi leggermente al pomeriggio\/sera, a 5-10 km\/h a 2000 m e 10-20 km\/h a 3000 m.<\/p>\n<hr \/>\n<p><center><b>Venerdi 5<\/b><\/center>Al mattino cielo gi\u00e0 molto nuvoloso o coperto, perlopi\u00f9 senza fenomeni. Al pomeriggio lento peggioramento del tempo fino a risultare lievemente perturbato nel tardo pomeriggio\/sera, quando le precipitazioni saranno di fatto pi\u00f9 probabili, nevose sopra i 900\/1100 m. (sono previsti mediamente 2-5 mm con altrettanti cm di neve sopra i 1500 m entro la mezzanotte). Generale calo delle temperature, eccetto rialzo delle minime nelle valli. Venti deboli\/moderati da ovest nord-ovest in quota, deboli da sud alla sera; nelle valli deboli di direzione variabile.<\/p>\n<hr \/>\n<p><center><b>Sabato 6<\/b><\/center>Nottetempo lieve maltempo con cielo coperto e deboli precipitazioni, nevose fino sugli 800\/900 m. Esaurimento dei fenomeni entro met\u00e0 mattinata, ma la nuvolosit\u00e0 sar\u00e0 ancora ben presente. Nel pomeriggio rasserenamenti a partire dalle Dolomiti, in successiva estensione alle Prealpi. Temperature in generale diminuzione. Venti deboli di direzione variabile nelle valli, con qualche rinforzo nei settori esposti a nord nell&#8217;arco della giornata; in quota deboli da sud-ovest nella notte, poi deboli\/moderati da nord-ovest. Previsore: R.L.Th.<\/p>\n<\/div>\n<\/div>\n<p>&nbsp;<\/p>\n<p>&nbsp;<\/p>\n<p>&nbsp;<\/p>\n<p><a href=\"https:\/\/www.radiopiu.net\/wordpress\/giornale-radiopiu-15-settembre-2018-direttore-mirko-mezzacasa\/sport-7\/\" rel=\"attachment wp-att-60761\"><img loading=\"lazy\" decoding=\"async\" class=\"wp-image-60761 size-full aligncenter\" src=\"https:\/\/www.radiopiu.net\/wordpress\/wp-content\/uploads\/2018\/09\/sport.jpg\" alt=\"\" width=\"800\" height=\"100\" srcset=\"https:\/\/www.radiopiu.net\/wordpress\/wp-content\/uploads\/2018\/09\/sport.jpg 800w, https:\/\/www.radiopiu.net\/wordpress\/wp-content\/uploads\/2018\/09\/sport-300x38.jpg 300w, https:\/\/www.radiopiu.net\/wordpress\/wp-content\/uploads\/2018\/09\/sport-768x96.jpg 768w\" sizes=\"auto, (max-width: 800px) 100vw, 800px\" \/><\/a><\/p>\n<p>&nbsp;<\/p>\n<blockquote>\n<h3>LUCIA E ISABEL&#8230; AGORDINE DI SUCCESSO IN COPPA EUROPA<\/h3>\n<\/blockquote>\n<p>Dopo il successo\u00a0 di sabato in Coppa Europa di snowboard a Funes,\u00a0 Lucia Dalmasso di Falcade portacolori dello Ski team Fassa, ha conquistato la quinta posizione, prima delle azzurre. Sesta Giulia Gaspari, ampezzana dello Sci club Drusci\u00e9. Di rilievo anche la prestazione di Isabel Murer: l&#8217;agordina della Ski College di Falcade ha chiuso infatti al 24\u00b0 posto, conquistando cos\u00ec i primi punti in carriera del circuito continentale.<\/p>\n\n\t\t\t<style type='text\/css'>\n\t\t\t\t#gallery-3 {\n\t\t\t\t\tmargin: auto;\n\t\t\t\t}\n\t\t\t\t#gallery-3 .gallery-item {\n\t\t\t\t\tfloat: left;\n\t\t\t\t\tmargin-top: 10px;\n\t\t\t\t\ttext-align: center;\n\t\t\t\t\twidth: 50%;\n\t\t\t\t}\n\t\t\t\t#gallery-3 img {\n\t\t\t\t\tborder: 2px solid #cfcfcf;\n\t\t\t\t}\n\t\t\t\t#gallery-3 .gallery-caption {\n\t\t\t\t\tmargin-left: 0;\n\t\t\t\t}\n\t\t\t\t\/* see gallery_shortcode() in wp-includes\/media.php *\/\n\t\t\t<\/style>\n\t\t<div id='gallery-3' class='dt-gallery-container gallery galleryid-194488 gallery-columns-2 gallery-size-medium'><dl class='gallery-item'>\n\t\t\t\t<dt class='gallery-icon portrait'>\n\t\t\t\t\t<a class=\"rollover rollover-zoom dt-pswp-item\" title=\"17309810_400491970306092_336252210194568325_n\" data-dt-img-description=\"\" data-large_image_width=\"647\" data-large_image_height=\"648\"href='https:\/\/www.radiopiu.net\/wordpress\/wp-content\/uploads\/2021\/03\/17309810_400491970306092_336252210194568325_n.jpg'><img loading=\"lazy\" decoding=\"async\" width=\"300\" height=\"300\" src=\"https:\/\/www.radiopiu.net\/wordpress\/wp-content\/uploads\/2021\/03\/17309810_400491970306092_336252210194568325_n-300x300.jpg\" class=\"attachment-medium size-medium\" alt=\"\" srcset=\"https:\/\/www.radiopiu.net\/wordpress\/wp-content\/uploads\/2021\/03\/17309810_400491970306092_336252210194568325_n-300x300.jpg 300w, https:\/\/www.radiopiu.net\/wordpress\/wp-content\/uploads\/2021\/03\/17309810_400491970306092_336252210194568325_n-150x150.jpg 150w, https:\/\/www.radiopiu.net\/wordpress\/wp-content\/uploads\/2021\/03\/17309810_400491970306092_336252210194568325_n.jpg 647w\" sizes=\"auto, (max-width: 300px) 100vw, 300px\" \/><\/a>\n\t\t\t\t<\/dt><\/dl><dl class='gallery-item'>\n\t\t\t\t<dt class='gallery-icon portrait'>\n\t\t\t\t\t<a class=\"rollover rollover-zoom dt-pswp-item\" title=\"97507089_102266101493820_630534789992022016_n\" data-dt-img-description=\"\" data-large_image_width=\"958\" data-large_image_height=\"959\"href='https:\/\/www.radiopiu.net\/wordpress\/wp-content\/uploads\/2021\/03\/97507089_102266101493820_630534789992022016_n.jpg'><img loading=\"lazy\" decoding=\"async\" width=\"300\" height=\"300\" src=\"https:\/\/www.radiopiu.net\/wordpress\/wp-content\/uploads\/2021\/03\/97507089_102266101493820_630534789992022016_n-300x300.jpg\" class=\"attachment-medium size-medium\" alt=\"\" srcset=\"https:\/\/www.radiopiu.net\/wordpress\/wp-content\/uploads\/2021\/03\/97507089_102266101493820_630534789992022016_n-300x300.jpg 300w, https:\/\/www.radiopiu.net\/wordpress\/wp-content\/uploads\/2021\/03\/97507089_102266101493820_630534789992022016_n-150x150.jpg 150w, https:\/\/www.radiopiu.net\/wordpress\/wp-content\/uploads\/2021\/03\/97507089_102266101493820_630534789992022016_n-768x769.jpg 768w, https:\/\/www.radiopiu.net\/wordpress\/wp-content\/uploads\/2021\/03\/97507089_102266101493820_630534789992022016_n.jpg 958w\" sizes=\"auto, (max-width: 300px) 100vw, 300px\" \/><\/a>\n\t\t\t\t<\/dt><\/dl><br style=\"clear: both\" \/>\n\t\t\t<\/div>\n\n<p>&nbsp;<\/p>\n<p>&nbsp;<\/p>\n<hr \/>\n<blockquote>\n<h3><\/h3>\n<h3>BUONA PROVA DELL&#8217;EQUIPAGGIO LORENZON &#8211; COLETTI AL RALLY VALLE DEL TEVERE<\/h3>\n<\/blockquote>\n<p><strong><a href=\"https:\/\/www.radiopiu.net\/wordpress\/buona-prova-dellequipaggio-lorenzon-coletti-al-rally-valle-del-tevere\/lorenzon-coletti\/\" rel=\"attachment wp-att-194547\"><img loading=\"lazy\" decoding=\"async\" class=\"size-medium wp-image-194547 alignleft\" src=\"https:\/\/www.radiopiu.net\/wordpress\/wp-content\/uploads\/2021\/03\/Lorenzon-Coletti-300x200.jpg\" alt=\"\" width=\"300\" height=\"200\" srcset=\"https:\/\/www.radiopiu.net\/wordpress\/wp-content\/uploads\/2021\/03\/Lorenzon-Coletti-300x200.jpg 300w, https:\/\/www.radiopiu.net\/wordpress\/wp-content\/uploads\/2021\/03\/Lorenzon-Coletti.jpg 750w\" sizes=\"auto, (max-width: 300px) 100vw, 300px\" \/><\/a>di Roberto Bona<\/strong><\/p>\n<audio class=\"wp-audio-shortcode\" id=\"audio-194488-23\" preload=\"none\" style=\"width: 100%;\" controls=\"controls\"><source type=\"audio\/mpeg\" src=\"https:\/\/www.radiopiu.net\/wordpress\/wp-content\/uploads\/2021\/03\/ROBERTO-BONA-LORENZON-COLETTI.mp3?_=23\" \/><a href=\"https:\/\/www.radiopiu.net\/wordpress\/wp-content\/uploads\/2021\/03\/ROBERTO-BONA-LORENZON-COLETTI.mp3\">https:\/\/www.radiopiu.net\/wordpress\/wp-content\/uploads\/2021\/03\/ROBERTO-BONA-LORENZON-COLETTI.mp3<\/a><\/audio>\n<p>&nbsp;<\/p>\n<hr \/>\n<blockquote>\n<h3><\/h3>\n<h3>In Val di Fassa si parla ancora svizzero.\u00a0 Jasmina Suter vince il 1\u00b0 superG di Coppa Europa<\/h3>\n<\/blockquote>\n<p>La Svizzera si conferma la squadra del momento nelle discipline veloci e pare aver trovato un feeling particolare con la pista La VolatA. Dopo i successi dello scorso weekend di Lara Gut-Behrami nelle due discese che hanno segnato il debutto in Coppa del Mondo della Val di Fassa e della Ski Area San Pellegrino, \u00e8 stato il turno di Jasmina Suter, che si \u00e8 imposta nel primo dei due superG di Coppa Europa in programma sulle nevi fassane, disputato sul medesimo pendio che domenica ha regalato la gioia della vittoria a Federica Brignone. Ben 91 le atlete al cancelletto in rappresentanza di 18 nazioni, chiamate a confrontarsi con la tracciatura dell&#8217;allenatore della nazionale italiana Daniel Dorigo. Il primo dei due superG ha premiato la svizzera Jasmina Suter (1&#8217;13.&#8221;78), che ha centrato la seconda affermazione della carriera nel circuito continentale e ha conquistato anche la leadership della classifica di specialit\u00e0, ora prima con 220 punti davanti alla compagna di squadra Stephanie Jenal (210), terza oggi a 0&#8243;65 dalla connazionale. Tra le due elvetiche, staccata di 0&#8243;63, si \u00e8 inserita la sorprendente russa Julia Pleshkova, che sulla pista fassana ha conquistato il primo podio della carriera in Coppa Europa. La migliore delle italiane, invece, \u00e8 stata la gardenese Nadia Delago, che ha centrato un pi\u00f9 che onorevole ottavo posto (a 1&#8243;41) partendo con un pettorale alto, il 41. Ha aperto il cancelletto per prima e si \u00e8 classificata quindicesima l&#8217;altra altoatesina Karoline Pichler, mentre Jole Galli ha chiuso 27esima a 3&#8243;01, seguita al 32esimo posto dalla figlia d&#8217;arte Teresa Runggaldier e al 37esimo da Vittoria Capellini (pettorale 87). L&#8217;austriaca Magdalena Ranalter, classe 2003, \u00e8 risultata la prima delle under 18.<\/p>\n<blockquote><p><em>Oggi si replica con un altro superG, valevole sempre per la classifica di Coppa Europa.<\/em><\/p><\/blockquote>\n\n\t\t\t<style type='text\/css'>\n\t\t\t\t#gallery-4 {\n\t\t\t\t\tmargin: auto;\n\t\t\t\t}\n\t\t\t\t#gallery-4 .gallery-item {\n\t\t\t\t\tfloat: left;\n\t\t\t\t\tmargin-top: 10px;\n\t\t\t\t\ttext-align: center;\n\t\t\t\t\twidth: 20%;\n\t\t\t\t}\n\t\t\t\t#gallery-4 img {\n\t\t\t\t\tborder: 2px solid #cfcfcf;\n\t\t\t\t}\n\t\t\t\t#gallery-4 .gallery-caption {\n\t\t\t\t\tmargin-left: 0;\n\t\t\t\t}\n\t\t\t\t\/* see gallery_shortcode() in wp-includes\/media.php *\/\n\t\t\t<\/style>\n\t\t<div id='gallery-4' class='dt-gallery-container gallery galleryid-194488 gallery-columns-5 gallery-size-thumbnail'><dl class='gallery-item'>\n\t\t\t\t<dt class='gallery-icon landscape'>\n\t\t\t\t\t<a class=\"rollover rollover-zoom dt-pswp-item\" title=\"jasmina suter_foto elvis piazzi\" data-dt-img-description=\"\" data-large_image_width=\"2560\" data-large_image_height=\"1682\"href='https:\/\/www.radiopiu.net\/wordpress\/wp-content\/uploads\/2021\/03\/jasmina-suter_foto-elvis-piazzi-scaled.jpg'><img loading=\"lazy\" decoding=\"async\" width=\"150\" height=\"150\" src=\"https:\/\/www.radiopiu.net\/wordpress\/wp-content\/uploads\/2021\/03\/jasmina-suter_foto-elvis-piazzi-150x150.jpg\" class=\"attachment-thumbnail size-thumbnail\" alt=\"\" aria-describedby=\"gallery-4-194622\" \/><\/a>\n\t\t\t\t<\/dt>\n\t\t\t\t\t<dd class='wp-caption-text gallery-caption' id='gallery-4-194622'>\n\t\t\t\t\tjasmina suter_foto elvis piazzi\n\t\t\t\t\t<\/dd><\/dl><dl class='gallery-item'>\n\t\t\t\t<dt class='gallery-icon landscape'>\n\t\t\t\t\t<a class=\"rollover rollover-zoom dt-pswp-item\" title=\"nadia delago -foto elvis piazzi\" data-dt-img-description=\"\" data-large_image_width=\"2560\" data-large_image_height=\"1784\"href='https:\/\/www.radiopiu.net\/wordpress\/wp-content\/uploads\/2021\/03\/nadia-delago-foto-elvis-piazzi-scaled.jpg'><img loading=\"lazy\" decoding=\"async\" width=\"150\" height=\"150\" src=\"https:\/\/www.radiopiu.net\/wordpress\/wp-content\/uploads\/2021\/03\/nadia-delago-foto-elvis-piazzi-150x150.jpg\" class=\"attachment-thumbnail size-thumbnail\" alt=\"\" aria-describedby=\"gallery-4-194623\" \/><\/a>\n\t\t\t\t<\/dt>\n\t\t\t\t\t<dd class='wp-caption-text gallery-caption' id='gallery-4-194623'>\n\t\t\t\t\tnadia delago -foto elvis piazzi\n\t\t\t\t\t<\/dd><\/dl><dl class='gallery-item'>\n\t\t\t\t<dt class='gallery-icon landscape'>\n\t\t\t\t\t<a class=\"rollover rollover-zoom dt-pswp-item\" title=\"il podio -foto elvis piazzi\" data-dt-img-description=\"\" data-large_image_width=\"2560\" data-large_image_height=\"1702\"href='https:\/\/www.radiopiu.net\/wordpress\/wp-content\/uploads\/2021\/03\/il-podio-foto-elvis-piazzi-scaled.jpg'><img loading=\"lazy\" decoding=\"async\" width=\"150\" height=\"150\" src=\"https:\/\/www.radiopiu.net\/wordpress\/wp-content\/uploads\/2021\/03\/il-podio-foto-elvis-piazzi-150x150.jpg\" class=\"attachment-thumbnail size-thumbnail\" alt=\"\" aria-describedby=\"gallery-4-194619\" \/><\/a>\n\t\t\t\t<\/dt>\n\t\t\t\t\t<dd class='wp-caption-text gallery-caption' id='gallery-4-194619'>\n\t\t\t\t\til-podio-foto-elvis-piazzi\n\t\t\t\t\t<\/dd><\/dl><dl class='gallery-item'>\n\t\t\t\t<dt class='gallery-icon landscape'>\n\t\t\t\t\t<a class=\"rollover rollover-zoom dt-pswp-item\" title=\"team julia pleshkova- foto elvis piazzi\" data-dt-img-description=\"\" data-large_image_width=\"2560\" data-large_image_height=\"1707\"href='https:\/\/www.radiopiu.net\/wordpress\/wp-content\/uploads\/2021\/03\/team-julia-pleshkova-foto-elvis-piazzi-scaled.jpg'><img loading=\"lazy\" decoding=\"async\" width=\"150\" height=\"150\" src=\"https:\/\/www.radiopiu.net\/wordpress\/wp-content\/uploads\/2021\/03\/team-julia-pleshkova-foto-elvis-piazzi-150x150.jpg\" class=\"attachment-thumbnail size-thumbnail\" alt=\"\" aria-describedby=\"gallery-4-194621\" \/><\/a>\n\t\t\t\t<\/dt>\n\t\t\t\t\t<dd class='wp-caption-text gallery-caption' id='gallery-4-194621'>\n\t\t\t\t\tteam julia pleshkova- foto elvis piazzi\n\t\t\t\t\t<\/dd><\/dl><dl class='gallery-item'>\n\t\t\t\t<dt class='gallery-icon landscape'>\n\t\t\t\t\t<a class=\"rollover rollover-zoom dt-pswp-item\" title=\"suter e jenal - foto elviz piazzi\" data-dt-img-description=\"\" data-large_image_width=\"2560\" data-large_image_height=\"1851\"href='https:\/\/www.radiopiu.net\/wordpress\/wp-content\/uploads\/2021\/03\/suter-e-jenal-foto-elviz-piazzi-scaled.jpg'><img loading=\"lazy\" decoding=\"async\" width=\"150\" height=\"150\" src=\"https:\/\/www.radiopiu.net\/wordpress\/wp-content\/uploads\/2021\/03\/suter-e-jenal-foto-elviz-piazzi-150x150.jpg\" class=\"attachment-thumbnail size-thumbnail\" alt=\"\" aria-describedby=\"gallery-4-194620\" \/><\/a>\n\t\t\t\t<\/dt>\n\t\t\t\t\t<dd class='wp-caption-text gallery-caption' id='gallery-4-194620'>\n\t\t\t\t\tsuter e jenal &#8211; foto elviz piazzi\n\t\t\t\t\t<\/dd><\/dl><br style=\"clear: both\" \/>\n\t\t\t<\/div>\n\n<p>&nbsp;<\/p>\n<p>&nbsp;<\/p>\n<p>&nbsp;<\/p>\n<p>&nbsp;<\/p>\n<blockquote>\n<h3><\/h3>\n<\/blockquote>\n<p>&nbsp;<\/p>\n","protected":false},"excerpt":{"rendered":"<p>PER RICEVERE QUESTO NOTIZIARIO DIRETTAMENTE SUL TUO CELLULARE ISCRIVITI AL CANALE TELEGRAM \u201cRADIO PIU\u00a0 INFORMAZIONE&#8221;\u00a0 SUPERATI I 3000 ISCRITTI, il CANALE TELEGRAM&#8230; UNISCITI A: RADIO PIU INFORMAZIONE &nbsp; &nbsp; ATTENZIONE: LA NUOVA APP PER IOS-IPHONE di Nicola Vettorello https:\/\/apps.apple.com\/it\/app\/radio-pi%C3%B9-emittente-agordina\/id1515939845 ATTENZIONE: LA NUOVA APP RADIO\u00a0 PER ANDROID di Nicola Vettorello https:\/\/play.google.com\/store\/apps\/details?id=net.radiopiu.iniko\u00a0\u00a0 &nbsp; ULTIM&#8217;ORA 11 DEL MATTINO\u00a0&hellip;<\/p>\n","protected":false},"author":4,"featured_media":194657,"comment_status":"closed","ping_status":"closed","sticky":false,"template":"","format":"standard","meta":{"_monsterinsights_skip_tracking":false,"_monsterinsights_sitenote_active":false,"_monsterinsights_sitenote_note":"","_monsterinsights_sitenote_category":0,"footnotes":""},"categories":[86,49],"tags":[],"class_list":["post-194488","post","type-post","status-publish","format-standard","has-post-thumbnail","hentry","category-gr","category-news-18","category-86","category-49","description-off"],"img_url":"https:\/\/www.radiopiu.net\/wordpress\/wp-content\/uploads\/2021\/03\/156014294_10158027815447544_6373845732032848323_o.jpg","_links":{"self":[{"href":"https:\/\/www.radiopiu.net\/wordpress\/wp-json\/wp\/v2\/posts\/194488","targetHints":{"allow":["GET"]}}],"collection":[{"href":"https:\/\/www.radiopiu.net\/wordpress\/wp-json\/wp\/v2\/posts"}],"about":[{"href":"https:\/\/www.radiopiu.net\/wordpress\/wp-json\/wp\/v2\/types\/post"}],"author":[{"embeddable":true,"href":"https:\/\/www.radiopiu.net\/wordpress\/wp-json\/wp\/v2\/users\/4"}],"replies":[{"embeddable":true,"href":"https:\/\/www.radiopiu.net\/wordpress\/wp-json\/wp\/v2\/comments?post=194488"}],"version-history":[{"count":0,"href":"https:\/\/www.radiopiu.net\/wordpress\/wp-json\/wp\/v2\/posts\/194488\/revisions"}],"wp:featuredmedia":[{"embeddable":true,"href":"https:\/\/www.radiopiu.net\/wordpress\/wp-json\/wp\/v2\/media\/194657"}],"wp:attachment":[{"href":"https:\/\/www.radiopiu.net\/wordpress\/wp-json\/wp\/v2\/media?parent=194488"}],"wp:term":[{"taxonomy":"category","embeddable":true,"href":"https:\/\/www.radiopiu.net\/wordpress\/wp-json\/wp\/v2\/categories?post=194488"},{"taxonomy":"post_tag","embeddable":true,"href":"https:\/\/www.radiopiu.net\/wordpress\/wp-json\/wp\/v2\/tags?post=194488"}],"curies":[{"name":"wp","href":"https:\/\/api.w.org\/{rel}","templated":true}]}}