{"id":194548,"date":"2021-03-02T10:25:05","date_gmt":"2021-03-02T09:25:05","guid":{"rendered":"https:\/\/www.radiopiu.net\/wordpress\/?p=194548"},"modified":"2021-03-03T05:54:20","modified_gmt":"2021-03-03T04:54:20","slug":"bravata-o-deliberato-atto-di-vandalismo-fondamenta-di-ignoranza","status":"publish","type":"post","link":"https:\/\/www.radiopiu.net\/wordpress\/bravata-o-deliberato-atto-di-vandalismo-fondamenta-di-ignoranza\/","title":{"rendered":"BRAVATA O DELIBERATO ATTO DI VANDALISMO FONDAMENTA DI IGNORANZA"},"content":{"rendered":"<div class=\"im_history_message_wrap\">\n<div class=\"im_message_outer_wrap hasselect\" data-msg-id=\"17650\">\n<div class=\"im_message_wrap clearfix\">\n<div class=\"im_content_message_wrap im_message_in\">\n<div class=\"im_message_body\">\n<div dir=\"auto\">\n<p class=\"page-title-breadcrumbs\"><strong class=\"photoswipe-wrapper\"><a class=\"dt-pswp-item pspw-wrap-ready\" href=\"https:\/\/www.radiopiu.net\/wordpress\/wp-content\/uploads\/2021\/03\/download.jpg\" data-dt-img-description=\"\" data-large_image_width=\"241\" data-large_image_height=\"209\"><img loading=\"lazy\" decoding=\"async\" class=\" wp-image-194551 alignleft\" src=\"https:\/\/www.radiopiu.net\/wordpress\/wp-content\/uploads\/2021\/03\/download.jpg\" alt=\"\" width=\"141\" height=\"122\" \/><\/a>BORGOVALBELLUNA<\/strong>\u00a0Un atto grave, perch\u00e9 ancora una volta contro il patrimonio scolastico della comunit\u00e0, perch\u00e9 ancora una volta influir\u00e0 sulle tasche dei cittadini, magari compresi i vandali se non nulla tenenti, oppure ci penseranno i genitori\u2026 Sicuramente il livello di incivilt\u00e0 e ignoranza \u00e8 elevato visto che il nostro o i nostri sono entrati in palestra nel corso di un assolato pomeriggio, dopo aver forzato la porta d\u2019ingresso non hanno rubato nulla, piuttosto hanno <a href=\"https:\/\/www.radiopiu.net\/wordpress\/giornale-radio-piu-30-settembre-2019-direttore-mirko-mezzacasa\/stefano-cesa-1977\/\" rel=\"attachment wp-att-100552\"><img loading=\"lazy\" decoding=\"async\" class=\"size-full wp-image-100552 alignleft\" src=\"https:\/\/www.radiopiu.net\/wordpress\/wp-content\/uploads\/2019\/09\/stefano-cesa-1977.jpg\" alt=\"\" width=\"100\" height=\"100\" \/><\/a>otturato i lavandini degli spogliatoi, hanno fatto scorrere l\u2019acqua causando l\u2019allagamento delle stanze. I danni sono da quantificare. Sul posto i Carabinieri<\/p>\n<p><strong>IL SINDACO STEFANO CESA<\/strong> <em>&#8220;Quello che in parte, mi consola \u00e8 il fatto che i nostri carabinieri siano gi\u00e0 sulle loro tracce, dopo l&#8217;intervento provvidenziale dei ragazzi dell&#8217;atletica, che ha limitato i danni. Sanno gi\u00e0 di chi si tratta, malgrado non ci siano telecamere. Ci dovranno essere almeno delle scuse, altrimenti scatter\u00e0 la denuncia per danneggiamento, in questo caso a occuparsene sar\u00e0 il Tribunale del Minori di Venezia&#8221;\u00a0<\/em><\/p>\n<\/div>\n<\/div>\n<\/div>\n<\/div>\n<\/div>\n<\/div>\n<div class=\"im_history_message_wrap\">\n<div class=\"im_message_outer_wrap hasselect\" data-msg-id=\"17651\">\n<div class=\"im_message_wrap clearfix\">\n<div class=\"im_content_message_wrap im_message_in\">\n<div class=\"im_message_body\"><\/div>\n<\/div>\n<\/div>\n<\/div>\n<\/div>\n","protected":false},"excerpt":{"rendered":"<p>BORGOVALBELLUNA\u00a0Un atto grave, perch\u00e9 ancora una volta contro il patrimonio scolastico della comunit\u00e0, perch\u00e9 ancora una volta influir\u00e0 sulle tasche dei cittadini, magari compresi i vandali se non nulla tenenti, oppure ci penseranno i genitori\u2026 Sicuramente il livello di incivilt\u00e0 e ignoranza \u00e8 elevato visto che il nostro o i nostri sono entrati in palestra&hellip;<\/p>\n","protected":false},"author":1,"featured_media":194551,"comment_status":"closed","ping_status":"closed","sticky":false,"template":"","format":"standard","meta":{"_monsterinsights_skip_tracking":false,"_monsterinsights_sitenote_active":false,"_monsterinsights_sitenote_note":"","_monsterinsights_sitenote_category":0,"footnotes":""},"categories":[51,49],"tags":[],"class_list":["post-194548","post","type-post","status-publish","format-standard","has-post-thumbnail","hentry","category-evidenza-top","category-news-18","category-51","category-49","description-off"],"img_url":"https:\/\/www.radiopiu.net\/wordpress\/wp-content\/uploads\/2021\/03\/download.jpg","_links":{"self":[{"href":"https:\/\/www.radiopiu.net\/wordpress\/wp-json\/wp\/v2\/posts\/194548","targetHints":{"allow":["GET"]}}],"collection":[{"href":"https:\/\/www.radiopiu.net\/wordpress\/wp-json\/wp\/v2\/posts"}],"about":[{"href":"https:\/\/www.radiopiu.net\/wordpress\/wp-json\/wp\/v2\/types\/post"}],"author":[{"embeddable":true,"href":"https:\/\/www.radiopiu.net\/wordpress\/wp-json\/wp\/v2\/users\/1"}],"replies":[{"embeddable":true,"href":"https:\/\/www.radiopiu.net\/wordpress\/wp-json\/wp\/v2\/comments?post=194548"}],"version-history":[{"count":0,"href":"https:\/\/www.radiopiu.net\/wordpress\/wp-json\/wp\/v2\/posts\/194548\/revisions"}],"wp:featuredmedia":[{"embeddable":true,"href":"https:\/\/www.radiopiu.net\/wordpress\/wp-json\/wp\/v2\/media\/194551"}],"wp:attachment":[{"href":"https:\/\/www.radiopiu.net\/wordpress\/wp-json\/wp\/v2\/media?parent=194548"}],"wp:term":[{"taxonomy":"category","embeddable":true,"href":"https:\/\/www.radiopiu.net\/wordpress\/wp-json\/wp\/v2\/categories?post=194548"},{"taxonomy":"post_tag","embeddable":true,"href":"https:\/\/www.radiopiu.net\/wordpress\/wp-json\/wp\/v2\/tags?post=194548"}],"curies":[{"name":"wp","href":"https:\/\/api.w.org\/{rel}","templated":true}]}}