{"id":194642,"date":"2021-03-02T23:58:45","date_gmt":"2021-03-02T22:58:45","guid":{"rendered":"https:\/\/www.radiopiu.net\/wordpress\/?p=194642"},"modified":"2021-03-03T06:21:00","modified_gmt":"2021-03-03T05:21:00","slug":"quattro-guide-storico-escrsionistiche-luoghi-bellunesi-della-grande-guerra","status":"publish","type":"post","link":"https:\/\/www.radiopiu.net\/wordpress\/quattro-guide-storico-escrsionistiche-luoghi-bellunesi-della-grande-guerra\/","title":{"rendered":"QUATTRO GUIDE STORICO-ESCURSIONISTICHE LUOGHI BELLUNESI DELLA GRANDE GUERRA"},"content":{"rendered":"<p><strong>di RENATO BONA\u00a0<\/strong><\/p>\n<p>Per i tipi della bellunese tipografia Piave ne settembre del 2006 veniva stampato, e distribuito gratuitamente ad iniziativa della Comunit\u00e0 montana Agordina un cofanetto con la \u201cGuida storico-escursionistica ai luoghi della Grande Guerra\u201d, articolata in quattro libretti dedicati a realt\u00e0 della provincia di Belluno: Auronzo-Cortina, Col di Lana-Marmolada, Forti Centro Cadore e Monte Rite-Valle Imperina. Preziosa anche perch\u00e9 indicava gli interventi di recupero e valorizzazione nei territori del \u201cParco della Memoria\u201d sulla base del progetto cofinanziato dall\u2019Unione Europea mediante il Fondo europeo di sviluppo regionale per iniziative comunitarie Interreg IIIA Italia-Austria 2000-2006. Autori dei testi furono: Antonella Fornari \u201cPrima linea. Auronzo-Cortina\u201d, Paolo Giacomel e Mario Fornaro \u201cPrima linea. Col di Lana-Marmolada\u201d, Giovanni De Don\u00e0 e Walter Musizza \u201cSeconda linea. Forti Centro Cadore\u201d e \u201cSeconda linea. Monte Rite-Valle Imperina\u201d. Furono utilizzati estratti della cartografia storica provenienti dall\u2019archivio della Fondazione Giovanni Angelini &#8211; Centro studi sulla montagna di Belluno. Nella presentazione, l\u2019allora assessore regionale veneto alle politiche dell\u2019economia, dello sviluppo, della ricerca e dell\u2019innovazione e politiche sociali, Fabio Gava, premesso che il progetto a regia regionale \u201ccoinvolge uno degli scenari pi\u00f9 suggestivi delle Dolomiti: il Gruppo delle Te Cime di Lavaredo, del Popera, del Cristallo, del Cristallino e la Conca ampezzana, ampia parte del territorio dolomitico bellunese dove sono ancora presenti palpitanti testimonianze delle vicende belliche che hanno indelebilmente segnato l\u2019inizio del ventesimo secolo\u201d e che l\u2019iniziativa ha promosso interventi di recupero e d\u00ec valorizzazione di opere che da sole meritano la visita e la conoscenza da parte di chiunque ami la storia e la cultura europea, sottolineava opportunamente che \u201cIl lavoro, frutto di studio e ricerca da parte di numerosi esperti della Grande Guerra, condiviso dal partner austriaco del Tiroler Landesarchiv di Innsbruck, che ha approfondito le implicazioni sociali di questi eventi ed ha partecipato ad alcune visite nell\u2019area dolomitica, rappresenta una significativa opportunit\u00e0 di valorizzazione di testimonianze che, per il Veneto, ed anche per il partner austriaco, costituiscono un tema prioritario per promuovere la pace e la reciproca conoscenza\u201d. In questo contesto, concludeva: \u201c come auspicato dal Programma Interreg, il confine italo-austriaco \u00e8 diventato con questo progetto luogo di contatto e di fruizione di importanti beni culturali, monito e memoria per le generazioni future che di questa area comune dovranno fare la loro nuova Patria\u201d. Il primo capitolo della prima delle quattro guide \u00e8 riservato con Antonella Fornari (da Wikipedia una sintesi del prestigioso, invidiabile curriculun: \u00e8 nata a Curtatone (Mn). Vive da lungo tempo in Cadore fra le adorate montagne; biologo ha per molti anni esercitato la professione dedicandosi nel tempo libero alla sua pi\u00f9 grande passione: la montagna, diventando alpinista di buon livello con un nutrito curriculum di \u201cvie\u201d classiche fra le \u201csue\u201d Dolomiti. L\u2019amore per la verticalit\u00e0 e le pareti non le hanno fatto perdere l\u2019interesse per lo studio dell\u2019ambiente in cui vive. Ha fatto parte fra l\u2019altro del Gruppo Rocciatori \u201cCaprioli\u201d di San Vito di Cadore, prima donna &#8211; dal 1947, anno della fondazione del sodalizio. mLa maggior parte dei suoi lavori, in bilico fra storia e montagna, ripercorrono le vie in roccia e gli itinerari aperti per necessit\u00e0 di guerra negli anni del primo Cconflitto mondiale, riaprono i \u201ccassetti della memoria\u201d riportando alla luce avvenimenti dimenticati. Collabora con le scuole, con strutture pubbliche e private, con circoli culturali dove propone i suoi audiovisivi di cui \u00e8 unica produttrice; scrive per \u201cAquile in Guerra\u201d, organo ufficiale della Societ\u00e0 Storica per la Guerra Bianca, per il periodico \u201cDolomiti\u201d, per molti notiziari sezionali del Club Alpino Italiano e dell\u2019Associazione Nazionale Alpini. Ha scritto per la \u201cRivista\u201d, il bimestrale pubblicato dalla Sede Centrale (oggi \u201cMontagne 360\u00b0\u201d) e collabora con \u201cDolomiti Bellunesi\u201d. Nel 2002 ha ricevuto il Premio \u201cMarcolin\u201d, un riconoscimento che il Club Alpino Italiano, Sezione di Padova, annualmente assegna ad uno scrittore \u2013 alpinista) alle \u201cTre Cime di Lavaredo (Drei Zinnen)\u201d di cui Amelia Edwards nel 1872 scriveva: \u201c\u2026 lontane ma distinte come tre obelischi si ergono le Drei Zinnen. Il sole splende attraverso una foschia leggere: i raggi orizzontali penetrano una nube trasparente e, come lame luminose, le accendono, simili, ora, a rosei icebergs fluttuanti in un mare di nebbia\u2026\u201d. L\u2019autrice ricorda fra l\u2019altro che: \u201cLa regione intorno ad esse era soprannominata \u2018Lavaredo\u2019, cio\u00e8 \u2018campo di pietre\u2019 a testimoniarne l\u2019asprezza e la solitudine. Non avevano neppure u n nome. Forse, i rari pastori che transitavano lass\u00f9, le chiamavano \u2018Le pere\u2019. Solo intorno al 1750 Anich, il celebre topografo che fece i rilievi nei territori dell\u2019impero Asburgico per ordine di Maria Teresa le segnal\u00f2 con il toponimo \u2018Drei Zinnen Spitze\u2019\u201d. E gli italiani? Ancora la Fornari: \u201cLe chiamavano semplicemente \u2018Monte Bello\u2019. Ancora quelle superbe dame non sapevano che sarebbero diventate il cuore dell\u2019Empireo Dolomitico, della loro storia, delle imprese pi\u00f9 ardite, delle tragiche vicende della guerra\u201d. E citava il grande alpinista viennese Paul Grohmann per ricordare che : \u201cIn esse sono racchiuse altezza, bellezza, inviolabilit\u00e0, impossibilit\u00e0\u2026 l\u2019arte per l\u2019arte, l\u2019espressione massima della Natura che ha attirato a s\u00e9 i maggiori interpreti della storia dell\u2019alpinismo degli ultimi due secoli, gli ideatori delle \u2018vie della goccia cadente\u2019, quegli itinerari cos\u00ec simili per le loro linee perfette e geniali ad opere di straordinari artisti scolpite nei marmi pi\u00f9 pregiati. Nel cuore delle Tre Cime \u00e8 racchiusa l\u2019essenza stessa dell\u2019alpinismo\u201d.<\/p>\n\n\t\t\t<style type='text\/css'>\n\t\t\t\t#gallery-1 {\n\t\t\t\t\tmargin: auto;\n\t\t\t\t}\n\t\t\t\t#gallery-1 .gallery-item {\n\t\t\t\t\tfloat: left;\n\t\t\t\t\tmargin-top: 10px;\n\t\t\t\t\ttext-align: center;\n\t\t\t\t\twidth: 20%;\n\t\t\t\t}\n\t\t\t\t#gallery-1 img {\n\t\t\t\t\tborder: 2px solid #cfcfcf;\n\t\t\t\t}\n\t\t\t\t#gallery-1 .gallery-caption {\n\t\t\t\t\tmargin-left: 0;\n\t\t\t\t}\n\t\t\t\t\/* see gallery_shortcode() in wp-includes\/media.php *\/\n\t\t\t<\/style>\n\t\t<div id='gallery-1' class='dt-gallery-container gallery galleryid-194642 gallery-columns-5 gallery-size-thumbnail'><dl class='gallery-item'>\n\t\t\t\t<dt class='gallery-icon landscape'>\n\t\t\t\t\t<a class=\"rollover rollover-zoom dt-pswp-item\" title=\"155858242_529421818024803_6877758620530885105_n\" data-dt-img-description=\"\" data-large_image_width=\"1280\" data-large_image_height=\"720\"href='https:\/\/www.radiopiu.net\/wordpress\/wp-content\/uploads\/2021\/03\/155858242_529421818024803_6877758620530885105_n.jpg'><img loading=\"lazy\" decoding=\"async\" width=\"150\" height=\"150\" src=\"https:\/\/www.radiopiu.net\/wordpress\/wp-content\/uploads\/2021\/03\/155858242_529421818024803_6877758620530885105_n-150x150.jpg\" class=\"attachment-thumbnail size-thumbnail\" alt=\"\" \/><\/a>\n\t\t\t\t<\/dt><\/dl><dl class='gallery-item'>\n\t\t\t\t<dt class='gallery-icon landscape'>\n\t\t\t\t\t<a class=\"rollover rollover-zoom dt-pswp-item\" title=\"155954037_466930094718749_2643902196316334103_n\" data-dt-img-description=\"\" data-large_image_width=\"2048\" data-large_image_height=\"1327\"href='https:\/\/www.radiopiu.net\/wordpress\/wp-content\/uploads\/2021\/03\/155954037_466930094718749_2643902196316334103_n.jpg'><img loading=\"lazy\" decoding=\"async\" width=\"150\" height=\"150\" src=\"https:\/\/www.radiopiu.net\/wordpress\/wp-content\/uploads\/2021\/03\/155954037_466930094718749_2643902196316334103_n-150x150.jpg\" class=\"attachment-thumbnail size-thumbnail\" alt=\"\" \/><\/a>\n\t\t\t\t<\/dt><\/dl><dl class='gallery-item'>\n\t\t\t\t<dt class='gallery-icon portrait'>\n\t\t\t\t\t<a class=\"rollover rollover-zoom dt-pswp-item\" title=\"156698362_494424921560269_4648877996291730748_n\" data-dt-img-description=\"\" data-large_image_width=\"1369\" data-large_image_height=\"2048\"href='https:\/\/www.radiopiu.net\/wordpress\/wp-content\/uploads\/2021\/03\/156698362_494424921560269_4648877996291730748_n.jpg'><img loading=\"lazy\" decoding=\"async\" width=\"150\" height=\"150\" src=\"https:\/\/www.radiopiu.net\/wordpress\/wp-content\/uploads\/2021\/03\/156698362_494424921560269_4648877996291730748_n-150x150.jpg\" class=\"attachment-thumbnail size-thumbnail\" alt=\"\" \/><\/a>\n\t\t\t\t<\/dt><\/dl><dl class='gallery-item'>\n\t\t\t\t<dt class='gallery-icon landscape'>\n\t\t\t\t\t<a class=\"rollover rollover-zoom dt-pswp-item\" title=\"156543300_346907583218058_6417311536618027982_n\" data-dt-img-description=\"\" data-large_image_width=\"2048\" data-large_image_height=\"1491\"href='https:\/\/www.radiopiu.net\/wordpress\/wp-content\/uploads\/2021\/03\/156543300_346907583218058_6417311536618027982_n.jpg'><img loading=\"lazy\" decoding=\"async\" width=\"150\" height=\"150\" src=\"https:\/\/www.radiopiu.net\/wordpress\/wp-content\/uploads\/2021\/03\/156543300_346907583218058_6417311536618027982_n-150x150.jpg\" class=\"attachment-thumbnail size-thumbnail\" alt=\"\" \/><\/a>\n\t\t\t\t<\/dt><\/dl><dl class='gallery-item'>\n\t\t\t\t<dt class='gallery-icon portrait'>\n\t\t\t\t\t<a class=\"rollover rollover-zoom dt-pswp-item\" title=\"156549162_3039223416297239_8276880108240586914_n\" data-dt-img-description=\"\" data-large_image_width=\"1449\" data-large_image_height=\"2048\"href='https:\/\/www.radiopiu.net\/wordpress\/wp-content\/uploads\/2021\/03\/156549162_3039223416297239_8276880108240586914_n.jpg'><img loading=\"lazy\" decoding=\"async\" width=\"150\" height=\"150\" src=\"https:\/\/www.radiopiu.net\/wordpress\/wp-content\/uploads\/2021\/03\/156549162_3039223416297239_8276880108240586914_n-150x150.jpg\" class=\"attachment-thumbnail size-thumbnail\" alt=\"\" \/><\/a>\n\t\t\t\t<\/dt><\/dl><br style=\"clear: both\" \/><dl class='gallery-item'>\n\t\t\t\t<dt class='gallery-icon landscape'>\n\t\t\t\t\t<a class=\"rollover rollover-zoom dt-pswp-item\" title=\"156221384_1065371000624323_1044931235307251562_n\" data-dt-img-description=\"\" data-large_image_width=\"2048\" data-large_image_height=\"1412\"href='https:\/\/www.radiopiu.net\/wordpress\/wp-content\/uploads\/2021\/03\/156221384_1065371000624323_1044931235307251562_n.jpg'><img loading=\"lazy\" decoding=\"async\" width=\"150\" height=\"150\" src=\"https:\/\/www.radiopiu.net\/wordpress\/wp-content\/uploads\/2021\/03\/156221384_1065371000624323_1044931235307251562_n-150x150.jpg\" class=\"attachment-thumbnail size-thumbnail\" alt=\"\" \/><\/a>\n\t\t\t\t<\/dt><\/dl><dl class='gallery-item'>\n\t\t\t\t<dt class='gallery-icon landscape'>\n\t\t\t\t\t<a class=\"rollover rollover-zoom dt-pswp-item\" title=\"156620377_895799517880119_1120509748903775710_n\" data-dt-img-description=\"\" data-large_image_width=\"2048\" data-large_image_height=\"1655\"href='https:\/\/www.radiopiu.net\/wordpress\/wp-content\/uploads\/2021\/03\/156620377_895799517880119_1120509748903775710_n.jpg'><img loading=\"lazy\" decoding=\"async\" width=\"150\" height=\"150\" src=\"https:\/\/www.radiopiu.net\/wordpress\/wp-content\/uploads\/2021\/03\/156620377_895799517880119_1120509748903775710_n-150x150.jpg\" class=\"attachment-thumbnail size-thumbnail\" alt=\"\" \/><\/a>\n\t\t\t\t<\/dt><\/dl><dl class='gallery-item'>\n\t\t\t\t<dt class='gallery-icon landscape'>\n\t\t\t\t\t<a class=\"rollover rollover-zoom dt-pswp-item\" title=\"156543289_237159151187045_388119650980542574_n\" data-dt-img-description=\"\" data-large_image_width=\"1989\" data-large_image_height=\"1308\"href='https:\/\/www.radiopiu.net\/wordpress\/wp-content\/uploads\/2021\/03\/156543289_237159151187045_388119650980542574_n.jpg'><img loading=\"lazy\" decoding=\"async\" width=\"150\" height=\"150\" src=\"https:\/\/www.radiopiu.net\/wordpress\/wp-content\/uploads\/2021\/03\/156543289_237159151187045_388119650980542574_n-150x150.jpg\" class=\"attachment-thumbnail size-thumbnail\" alt=\"\" \/><\/a>\n\t\t\t\t<\/dt><\/dl><dl class='gallery-item'>\n\t\t\t\t<dt class='gallery-icon portrait'>\n\t\t\t\t\t<a class=\"rollover rollover-zoom dt-pswp-item\" title=\"156740976_1073689023110506_761796001184033394_n\" data-dt-img-description=\"\" data-large_image_width=\"1369\" data-large_image_height=\"2048\"href='https:\/\/www.radiopiu.net\/wordpress\/wp-content\/uploads\/2021\/03\/156740976_1073689023110506_761796001184033394_n.jpg'><img loading=\"lazy\" decoding=\"async\" width=\"150\" height=\"150\" src=\"https:\/\/www.radiopiu.net\/wordpress\/wp-content\/uploads\/2021\/03\/156740976_1073689023110506_761796001184033394_n-150x150.jpg\" class=\"attachment-thumbnail size-thumbnail\" alt=\"\" \/><\/a>\n\t\t\t\t<\/dt><\/dl><dl class='gallery-item'>\n\t\t\t\t<dt class='gallery-icon landscape'>\n\t\t\t\t\t<a class=\"rollover rollover-zoom dt-pswp-item\" title=\"156465248_1050762588746643_988528996100264521_n\" data-dt-img-description=\"\" data-large_image_width=\"2048\" data-large_image_height=\"1324\"href='https:\/\/www.radiopiu.net\/wordpress\/wp-content\/uploads\/2021\/03\/156465248_1050762588746643_988528996100264521_n.jpg'><img loading=\"lazy\" decoding=\"async\" width=\"150\" height=\"150\" src=\"https:\/\/www.radiopiu.net\/wordpress\/wp-content\/uploads\/2021\/03\/156465248_1050762588746643_988528996100264521_n-150x150.jpg\" class=\"attachment-thumbnail size-thumbnail\" alt=\"\" \/><\/a>\n\t\t\t\t<\/dt><\/dl><br style=\"clear: both\" \/>\n\t\t\t<\/div>\n\n<p>NELLE FOTO (YouTube, Corriere delle Alpi, riproduzioni dalla guida 1 \u201cAuronzo-Cortina\u201d): Antonella Fornari in versione letteraria e durante un\u2019escursione; la copertina della Guida; Forcella Long\u00e9res, accantonamento dell\u2019VIII Reggimento Bersaglieri (Museo Storico della Grande Guerra, Rovereto); postazioni italiane ai piedi della Piccolissima di Lavaredo (foto Fornari); mulattiera ai Piani di Lavaredo (foto Alfar\u00e8); i vecchi \u201cmarmi del confine\u201d, anno 1753, ai piedi della Cima Piccola di Lavaredo (foto Fornari); \u201cQuota 2191\u201d zona Tre Cime di Lavaredo: resti dell\u2019Osservatorio italiano (foto Fornari); Forcella Long\u00e8res: alpini e fanti (Museo Storico della Grande Guerra, Rovereto); le Tre Cime di Lavaredo dalla postazione di quota 2386 presso la caserma del comando (foto Alfar\u00e8); ultima di copertina.<\/p>\n","protected":false},"excerpt":{"rendered":"<p>di RENATO BONA\u00a0 Per i tipi della bellunese tipografia Piave ne settembre del 2006 veniva stampato, e distribuito gratuitamente ad iniziativa della Comunit\u00e0 montana Agordina un cofanetto con la \u201cGuida storico-escursionistica ai luoghi della Grande Guerra\u201d, articolata in quattro libretti dedicati a realt\u00e0 della provincia di Belluno: Auronzo-Cortina, Col di Lana-Marmolada, Forti Centro Cadore e&hellip;<\/p>\n","protected":false},"author":4,"featured_media":194652,"comment_status":"closed","ping_status":"closed","sticky":false,"template":"","format":"standard","meta":{"_monsterinsights_skip_tracking":false,"_monsterinsights_sitenote_active":false,"_monsterinsights_sitenote_note":"","_monsterinsights_sitenote_category":0,"footnotes":""},"categories":[49],"tags":[],"class_list":["post-194642","post","type-post","status-publish","format-standard","has-post-thumbnail","hentry","category-news-18","category-49","description-off"],"img_url":"https:\/\/www.radiopiu.net\/wordpress\/wp-content\/uploads\/2021\/03\/155858242_529421818024803_6877758620530885105_n.jpg","_links":{"self":[{"href":"https:\/\/www.radiopiu.net\/wordpress\/wp-json\/wp\/v2\/posts\/194642","targetHints":{"allow":["GET"]}}],"collection":[{"href":"https:\/\/www.radiopiu.net\/wordpress\/wp-json\/wp\/v2\/posts"}],"about":[{"href":"https:\/\/www.radiopiu.net\/wordpress\/wp-json\/wp\/v2\/types\/post"}],"author":[{"embeddable":true,"href":"https:\/\/www.radiopiu.net\/wordpress\/wp-json\/wp\/v2\/users\/4"}],"replies":[{"embeddable":true,"href":"https:\/\/www.radiopiu.net\/wordpress\/wp-json\/wp\/v2\/comments?post=194642"}],"version-history":[{"count":0,"href":"https:\/\/www.radiopiu.net\/wordpress\/wp-json\/wp\/v2\/posts\/194642\/revisions"}],"wp:featuredmedia":[{"embeddable":true,"href":"https:\/\/www.radiopiu.net\/wordpress\/wp-json\/wp\/v2\/media\/194652"}],"wp:attachment":[{"href":"https:\/\/www.radiopiu.net\/wordpress\/wp-json\/wp\/v2\/media?parent=194642"}],"wp:term":[{"taxonomy":"category","embeddable":true,"href":"https:\/\/www.radiopiu.net\/wordpress\/wp-json\/wp\/v2\/categories?post=194642"},{"taxonomy":"post_tag","embeddable":true,"href":"https:\/\/www.radiopiu.net\/wordpress\/wp-json\/wp\/v2\/tags?post=194642"}],"curies":[{"name":"wp","href":"https:\/\/api.w.org\/{rel}","templated":true}]}}