{"id":194686,"date":"2021-03-03T06:09:10","date_gmt":"2021-03-03T05:09:10","guid":{"rendered":"https:\/\/www.radiopiu.net\/wordpress\/?p=194686"},"modified":"2021-03-03T09:44:54","modified_gmt":"2021-03-03T08:44:54","slug":"194686-2","status":"publish","type":"post","link":"https:\/\/www.radiopiu.net\/wordpress\/194686-2\/","title":{"rendered":"RINASCE LA PASSERELLA DEL PERON DI SEDICO&#8230;. PER SOSPIROLO"},"content":{"rendered":"<p><strong><a href=\"https:\/\/www.radiopiu.net\/wordpress\/194686-2\/84119129_2480026415581217_2834450129258283008_n-2\/\" rel=\"attachment wp-att-194694\"><img loading=\"lazy\" decoding=\"async\" class=\" wp-image-194694 alignleft\" src=\"https:\/\/www.radiopiu.net\/wordpress\/wp-content\/uploads\/2021\/03\/84119129_2480026415581217_2834450129258283008_n-300x169.jpg\" alt=\"\" width=\"245\" height=\"138\" srcset=\"https:\/\/www.radiopiu.net\/wordpress\/wp-content\/uploads\/2021\/03\/84119129_2480026415581217_2834450129258283008_n-300x169.jpg 300w, https:\/\/www.radiopiu.net\/wordpress\/wp-content\/uploads\/2021\/03\/84119129_2480026415581217_2834450129258283008_n-768x432.jpg 768w, https:\/\/www.radiopiu.net\/wordpress\/wp-content\/uploads\/2021\/03\/84119129_2480026415581217_2834450129258283008_n.jpg 960w\" sizes=\"auto, (max-width: 245px) 100vw, 245px\" \/><\/a>SEDICO <\/strong>Eravamo rimasti a novembre, quando l&#8217;impresa Burigo Italo di Longarone ha iniziato ad operare, chiamata alla ricostruzione del manufatto distrutto dalla tempesta Vaia. La piena del Cordevole fece salire la passerella sul tagad\u00e0 e dopo un quadruplo salto mortale con giravoltola sono volate assi, funi, plinti di cemento. La passerella del Peron, c&#8217;\u00e8 chi \u00e8 cresciuto con la voglia di attraversarla sopra il Cordevole fin da bambino, e chi la usa abitualmente perch\u00e9 \u00e8 un collegamento importante. Eravamo rimasti a <a href=\"https:\/\/www.radiopiu.net\/wordpress\/194686-2\/download-4-9\/\" rel=\"attachment wp-att-194695\"><img loading=\"lazy\" decoding=\"async\" class=\" wp-image-194695 alignright\" src=\"https:\/\/www.radiopiu.net\/wordpress\/wp-content\/uploads\/2021\/03\/download-4.jpg\" alt=\"\" width=\"203\" height=\"152\" \/><\/a>novembre si diceva, poi \u00e8 arrivato il freddo e la neve, mai come quest&#8217;anno. Ma passando in molti avevano notato che le vecchie funi, le vecchie strutture erano passate per la mano dell&#8217;uomo. Ed oggi ecco che Andrea\u00a0 Pilat sulla sua pagina facebook ci porta in pieno cantiere, dove i lavori proseguono. Non ci rimane che dire, buon lavoro ed a presto per un brindisi &#8211; covid permettendo &#8211; tra la ricostruita passerella del Peron e l&#8217;atteso taglio del nastro. Nelle foto si vede come sia gi\u00e0 stato sistemato il camminamento. Sono stati \u00a0i due <a href=\"https:\/\/www.radiopiu.net\/wordpress\/194686-2\/83323537_2480026322247893_7156786060674990080_n-2\/\" rel=\"attachment wp-att-194698\"><img loading=\"lazy\" decoding=\"async\" class=\"wp-image-194698 alignleft\" src=\"https:\/\/www.radiopiu.net\/wordpress\/wp-content\/uploads\/2021\/03\/83323537_2480026322247893_7156786060674990080_n-300x225.jpg\" alt=\"\" width=\"191\" height=\"143\" srcset=\"https:\/\/www.radiopiu.net\/wordpress\/wp-content\/uploads\/2021\/03\/83323537_2480026322247893_7156786060674990080_n-300x225.jpg 300w, https:\/\/www.radiopiu.net\/wordpress\/wp-content\/uploads\/2021\/03\/83323537_2480026322247893_7156786060674990080_n-768x576.jpg 768w, https:\/\/www.radiopiu.net\/wordpress\/wp-content\/uploads\/2021\/03\/83323537_2480026322247893_7156786060674990080_n.jpg 960w\" sizes=\"auto, (max-width: 191px) 100vw, 191px\" \/><\/a>comuni Sospirolo e Sedico a rimboccarsi le maniche\u00a0 per\u00a0 la ricostruzione, hanno stanziato 45 mila euro a testa provenienti dai rispettivi bilanci, a cui aggiungerne 16 mila provenienti da diverse raccolte fondi istituite da associazioni e privati. 106 mila euro complessivi. Oltre ai meriti dei sindaci De Bon e Deon\u00a0 vanno aggiunti i buoni uffici con\u00a0 l\u2019Unione Montana Valbelluna che ha predisposto il progetto sulla scorta delle notizie dello &#8220;storico&#8221;\u00a0 Gianni Da Rold che ha custodito gelosamente documenti risultati fondamentali per la ricostruzione. Rifatta la passerella non rimane che attendere un buon lavoro sugli argini, questo non compete n\u00e8 ai sindaci, n\u00e8 alle associazioni del territorio.<\/p>\n<p><a href=\"https:\/\/www.radiopiu.net\/wordpress\/194686-2\/154848505_10224815873774542_4011513912157420386_n\/\" rel=\"attachment wp-att-194688\"><img loading=\"lazy\" decoding=\"async\" class=\"alignnone wp-image-194688 size-full\" src=\"https:\/\/www.radiopiu.net\/wordpress\/wp-content\/uploads\/2021\/03\/154848505_10224815873774542_4011513912157420386_n.jpg\" alt=\"\" width=\"600\" height=\"450\" srcset=\"https:\/\/www.radiopiu.net\/wordpress\/wp-content\/uploads\/2021\/03\/154848505_10224815873774542_4011513912157420386_n.jpg 600w, https:\/\/www.radiopiu.net\/wordpress\/wp-content\/uploads\/2021\/03\/154848505_10224815873774542_4011513912157420386_n-300x225.jpg 300w\" sizes=\"auto, (max-width: 600px) 100vw, 600px\" \/><\/a><\/p>\n<blockquote>\n<h2>ARCHIVIO RADIO PIU, DA VAIA 2018 IN POI.<\/h2>\n<p><span style=\"color: #ff0000;\">CLICCA ED ENTRA NELLE FOTO-VIDEO CRONACA.<\/span><\/p><\/blockquote>\n<blockquote class=\"wp-embedded-content\" data-secret=\"qo70YGaHsI\"><p><a href=\"https:\/\/www.radiopiu.net\/wordpress\/la-passerella-che-non-ce-piu-a-un-anno-e-mezzo-da-vaia\/\">LA PASSERELLA CHE NON C&#8217;E&#8217; PIU&#8217; A UN ANNO E MEZZO DA VAIA\u00a0<\/a><\/p><\/blockquote>\n<p><iframe loading=\"lazy\" class=\"wp-embedded-content\" sandbox=\"allow-scripts\" security=\"restricted\" style=\"position: absolute; clip: rect(1px, 1px, 1px, 1px);\" title=\"&#8220;LA PASSERELLA CHE NON C&#8217;E&#8217; PIU&#8217; A UN ANNO E MEZZO DA VAIA\u00a0&#8221; &#8212; Radio Pi\u00f9\" src=\"https:\/\/www.radiopiu.net\/wordpress\/la-passerella-che-non-ce-piu-a-un-anno-e-mezzo-da-vaia\/embed\/#?secret=qo70YGaHsI\" data-secret=\"qo70YGaHsI\" width=\"600\" height=\"338\" frameborder=\"0\" marginwidth=\"0\" marginheight=\"0\" scrolling=\"no\"><\/iframe><\/p>\n<p>&nbsp;<\/p>\n","protected":false},"excerpt":{"rendered":"<p>SEDICO Eravamo rimasti a novembre, quando l&#8217;impresa Burigo Italo di Longarone ha iniziato ad operare, chiamata alla ricostruzione del manufatto distrutto dalla tempesta Vaia. La piena del Cordevole fece salire la passerella sul tagad\u00e0 e dopo un quadruplo salto mortale con giravoltola sono volate assi, funi, plinti di cemento. La passerella del Peron, c&#8217;\u00e8 chi&hellip;<\/p>\n","protected":false},"author":4,"featured_media":194688,"comment_status":"closed","ping_status":"closed","sticky":false,"template":"","format":"standard","meta":{"_monsterinsights_skip_tracking":false,"_monsterinsights_sitenote_active":false,"_monsterinsights_sitenote_note":"","_monsterinsights_sitenote_category":0,"footnotes":""},"categories":[1,51,49],"tags":[],"class_list":["post-194686","post","type-post","status-publish","format-standard","has-post-thumbnail","hentry","category-senza-categoria","category-evidenza-top","category-news-18","category-1","category-51","category-49","description-off"],"img_url":"https:\/\/www.radiopiu.net\/wordpress\/wp-content\/uploads\/2021\/03\/154848505_10224815873774542_4011513912157420386_n.jpg","_links":{"self":[{"href":"https:\/\/www.radiopiu.net\/wordpress\/wp-json\/wp\/v2\/posts\/194686","targetHints":{"allow":["GET"]}}],"collection":[{"href":"https:\/\/www.radiopiu.net\/wordpress\/wp-json\/wp\/v2\/posts"}],"about":[{"href":"https:\/\/www.radiopiu.net\/wordpress\/wp-json\/wp\/v2\/types\/post"}],"author":[{"embeddable":true,"href":"https:\/\/www.radiopiu.net\/wordpress\/wp-json\/wp\/v2\/users\/4"}],"replies":[{"embeddable":true,"href":"https:\/\/www.radiopiu.net\/wordpress\/wp-json\/wp\/v2\/comments?post=194686"}],"version-history":[{"count":0,"href":"https:\/\/www.radiopiu.net\/wordpress\/wp-json\/wp\/v2\/posts\/194686\/revisions"}],"wp:featuredmedia":[{"embeddable":true,"href":"https:\/\/www.radiopiu.net\/wordpress\/wp-json\/wp\/v2\/media\/194688"}],"wp:attachment":[{"href":"https:\/\/www.radiopiu.net\/wordpress\/wp-json\/wp\/v2\/media?parent=194686"}],"wp:term":[{"taxonomy":"category","embeddable":true,"href":"https:\/\/www.radiopiu.net\/wordpress\/wp-json\/wp\/v2\/categories?post=194686"},{"taxonomy":"post_tag","embeddable":true,"href":"https:\/\/www.radiopiu.net\/wordpress\/wp-json\/wp\/v2\/tags?post=194686"}],"curies":[{"name":"wp","href":"https:\/\/api.w.org\/{rel}","templated":true}]}}