{"id":194702,"date":"2021-03-02T19:43:54","date_gmt":"2021-03-02T18:43:54","guid":{"rendered":"https:\/\/www.radiopiu.net\/wordpress\/?p=194702"},"modified":"2021-03-02T19:50:01","modified_gmt":"2021-03-02T18:50:01","slug":"firmato-il-nuovo-dpcm-per-unitalia-a-colori-le-misure","status":"publish","type":"post","link":"https:\/\/www.radiopiu.net\/wordpress\/firmato-il-nuovo-dpcm-per-unitalia-a-colori-le-misure\/","title":{"rendered":"FIRMATO IL NUOVO DPCM PER UN&#8217;ITALIA A COLORI&#8230;LE MISURE"},"content":{"rendered":"<p><span class=\"im_message_author_wrap\"><a class=\"im_message_author\">&#x1f9a0; CORONAVIRUS NEWS || ITA<\/a><span class=\"copyonly\">:<\/span><\/span><\/p>\n<div>\n<div class=\"im_message_text\" dir=\"auto\">\n<p><img loading=\"lazy\" decoding=\"async\" class=\"alignleft\" src=\"https:\/\/www.radiopiu.net\/wordpress\/wp-content\/uploads\/2021\/03\/download-1.jpg\" width=\"110\" height=\"147\" \/>Nuovo dpcm, Speranza: \u00abDpcm firmato pochi minuti fa. Sar\u00e0 in vigore dal 6 marzo al 6 aprile. <strong>Si mantiene la classificazione a colori<\/strong>. La variante inglese \u00e8 prevalente ed ha una particolare capacit\u00e0 di penetrazione nelle fasce generazionali pi\u00f9 giovani. Per questo <strong>in area rossa tutte le scuole saranno con DAD<\/strong>. La stessa \u00e8 prevista con tasso incidenza di 250 su 100.000 abitanti\u00bb<\/p>\n<blockquote><p><em><strong>Zone arancioni e gialle<\/strong> \u2013 I Presidenti delle regioni potranno disporre la sospensione dell\u2019attivit\u00e0 scolastica:nelle aree in cui abbiano adottato misure pi\u00f9 stringenti per via della gravit\u00e0 delle varianti; nelle zone in cui vi siano pi\u00f9 di 250 contagi ogni 100mila abitanti nell\u2019arco di 7 giorni; nel caso di una eccezionale situazione di peggioramento del quadro epidemiologico.<\/em><\/p><\/blockquote>\n<\/div>\n<\/div>\n<p>&nbsp;<\/p>\n<p>&nbsp;<\/p>\n<p><strong>Di seguito una sintesi delle principali novit\u00e0 e delle misure confermate.<\/strong><\/p>\n<p><strong>ZONE BIANCHE<\/strong><\/p>\n<p>Nelle zone bianche, si prevede la cessazione delle misure restrittive previste per la zona gialla, pur continuando ad applicarsi le misure anti-contagio generali (come, per esempio, l\u2019obbligo di indossare la mascherina e quello di mantenere le distanze interpersonali) e i protocolli di settore.<br \/>\nRestano sospesi gli eventi che comportano assembramenti (fiere, congressi, discoteche e pubblico negli stadi).<br \/>\nSi istituisce un \u201ctavolo permanente\u201d presso il Ministero della salute, con i rappresentanti delle regioni interessate, del Comitato tecnico-scientifico e dell\u2019Istituto superiore di sanit\u00e0, per monitorare gli effetti dell\u2019allentamento delle misure e verificare la necessit\u00e0 di adottarne eventualmente ulteriori.<\/p>\n<p><strong>SCUOLA<\/strong><\/p>\n<p><strong>Zone rosse<\/strong>\u00a0\u2013 Dal 6 marzo, si prevede nelle zone rosse la sospensione dell\u2019attivit\u00e0 in presenza delle scuole di ogni ordine e grado, comprese le scuole dell\u2019infanzia ed elementari. Resta garantita la possibilit\u00e0 di svolgere attivit\u00e0 in presenza per gli alunni con disabilit\u00e0 e con bisogni educativi speciali.<\/p>\n<p><strong>Zone arancioni e gialle<\/strong>\u00a0\u2013 I Presidenti delle regioni potranno disporre la sospensione dell\u2019attivit\u00e0 scolastica:<\/p>\n<ol>\n<li>nelle aree in cui abbiano adottato misure pi\u00f9 stringenti per via della gravit\u00e0 delle varianti;<\/li>\n<li>nelle zone in cui vi siano pi\u00f9 di 250 contagi ogni 100mila abitanti nell\u2019arco di 7 giorni;<\/li>\n<li>nel caso di una eccezionale situazione di peggioramento del quadro epidemiologico.<\/li>\n<\/ol>\n<p><strong>MUSEI, TEATRI, CINEMA E IMPIANTI SPORTIVI<\/strong><\/p>\n<p>Nelle zone gialle si conferma la possibilit\u00e0 per i musei di aprire nei giorni infrasettimanali, garantendo un afflusso controllato. Dal 27 marzo, sempre nelle zone gialle, \u00e8 prevista l\u2019apertura anche il sabato e nei giorni festivi.<\/p>\n<p>Dal 27 marzo, nelle zone gialle si prevede la possibilit\u00e0 di riaprire teatri e cinema, con posti a sedere preassegnati, nel rispetto delle norme di distanziamento. La capienza non potr\u00e0 superare il 25% di quella massima, fino a 400 spettatori all\u2019aperto e 200 al chiuso per ogni sala.<\/p>\n<p>Restano chiusi palestre, piscine e impianti sciistici.<\/p>\n<p><strong>ATTIVIT\u00c0 COMMERCIALI<\/strong><\/p>\n<p>In tutte le zone \u00e8 stato eliminato il divieto di asporto dopo le ore 18 per gli esercizi di commercio al dettaglio di bevande da non consumarsi sul posto.<\/p>\n<p><strong>SERVIZI ALLA PERSONA<\/strong><\/p>\n<p>Nelle zone rosse, saranno chiusi i servizi alla persona come parrucchieri, barbieri e centri estetici.<\/p>\n<p><strong>SPOSTAMENTI DA E PER L\u2019ESTERO<\/strong><\/p>\n<p>Si amplia il novero dei Paesi interessati della sperimentazione dei voli cosiddetti \u201cCOVID tested\u201d.<\/p>\n<p>A chi \u00e8 stato in Brasile nei 14 giorni precedenti \u00e8 consentito l\u2019ingresso in Italia anche per raggiungere domicilio, abitazione o residenza dei figli minori.<\/p>\n<p><strong>TAVOLO DI CONFRONTO CON LE REGIONI<\/strong><\/p>\n<p>\u00c8 istituito un tavolo di confronto presso il Ministero della salute, con componenti in rappresentanza dell\u2019Istituto superiore di sanit\u00e0, delle regioni e delle province autonome, del Ministro per gli affari regionali e le autonomie e del Comitato tecnico-scientifico, con il compito di procedere all\u2019eventuale revisione o aggiornamento dei parametri per la valutazione del rischio epidemiologico, in considerazione anche delle nuove varianti.<\/p>\n<div>\n<div class=\"im_message_text\" dir=\"auto\">\n<p>&#x1f58b;<\/p>\n<\/div>\n<\/div>\n","protected":false},"excerpt":{"rendered":"<p>&#x1f9a0; CORONAVIRUS NEWS || ITA: Nuovo dpcm, Speranza: \u00abDpcm firmato pochi minuti fa. Sar\u00e0 in vigore dal 6 marzo al 6 aprile. Si mantiene la classificazione a colori. La variante inglese \u00e8 prevalente ed ha una particolare capacit\u00e0 di penetrazione nelle fasce generazionali pi\u00f9 giovani. Per questo in area rossa tutte le scuole saranno con&hellip;<\/p>\n","protected":false},"author":4,"featured_media":194703,"comment_status":"closed","ping_status":"closed","sticky":false,"template":"","format":"standard","meta":{"_monsterinsights_skip_tracking":false,"_monsterinsights_sitenote_active":false,"_monsterinsights_sitenote_note":"","_monsterinsights_sitenote_category":0,"footnotes":""},"categories":[1,104,49],"tags":[],"class_list":["post-194702","post","type-post","status-publish","format-standard","has-post-thumbnail","hentry","category-senza-categoria","category-evidenza_3","category-news-18","category-1","category-104","category-49","description-off"],"img_url":"https:\/\/www.radiopiu.net\/wordpress\/wp-content\/uploads\/2021\/03\/download-1.jpg","_links":{"self":[{"href":"https:\/\/www.radiopiu.net\/wordpress\/wp-json\/wp\/v2\/posts\/194702","targetHints":{"allow":["GET"]}}],"collection":[{"href":"https:\/\/www.radiopiu.net\/wordpress\/wp-json\/wp\/v2\/posts"}],"about":[{"href":"https:\/\/www.radiopiu.net\/wordpress\/wp-json\/wp\/v2\/types\/post"}],"author":[{"embeddable":true,"href":"https:\/\/www.radiopiu.net\/wordpress\/wp-json\/wp\/v2\/users\/4"}],"replies":[{"embeddable":true,"href":"https:\/\/www.radiopiu.net\/wordpress\/wp-json\/wp\/v2\/comments?post=194702"}],"version-history":[{"count":0,"href":"https:\/\/www.radiopiu.net\/wordpress\/wp-json\/wp\/v2\/posts\/194702\/revisions"}],"wp:featuredmedia":[{"embeddable":true,"href":"https:\/\/www.radiopiu.net\/wordpress\/wp-json\/wp\/v2\/media\/194703"}],"wp:attachment":[{"href":"https:\/\/www.radiopiu.net\/wordpress\/wp-json\/wp\/v2\/media?parent=194702"}],"wp:term":[{"taxonomy":"category","embeddable":true,"href":"https:\/\/www.radiopiu.net\/wordpress\/wp-json\/wp\/v2\/categories?post=194702"},{"taxonomy":"post_tag","embeddable":true,"href":"https:\/\/www.radiopiu.net\/wordpress\/wp-json\/wp\/v2\/tags?post=194702"}],"curies":[{"name":"wp","href":"https:\/\/api.w.org\/{rel}","templated":true}]}}