{"id":194720,"date":"2021-03-04T13:16:31","date_gmt":"2021-03-04T12:16:31","guid":{"rendered":"https:\/\/www.radiopiu.net\/wordpress\/?p=194720"},"modified":"2021-03-04T13:16:35","modified_gmt":"2021-03-04T12:16:35","slug":"giornale-radiopiu-04-marzo-2021-direttore-mirko-mezzacasa","status":"publish","type":"post","link":"https:\/\/www.radiopiu.net\/wordpress\/giornale-radiopiu-04-marzo-2021-direttore-mirko-mezzacasa\/","title":{"rendered":"GIORNALE RADIOPIU 04 MARZO 2021 DIRETTORE MIRKO MEZZACASA"},"content":{"rendered":"<h3><a href=\"https:\/\/www.radiopiu.net\/wordpress\/giornale-radiopiu-24-gennaio-2021-direttore-mirko-mezzacasa\/141433770_171616291414874_2957460898102012198_n\/\" rel=\"attachment wp-att-186566\"><img loading=\"lazy\" decoding=\"async\" class=\"wp-image-186566 alignleft\" src=\"https:\/\/www.radiopiu.net\/wordpress\/wp-content\/uploads\/2021\/01\/141433770_171616291414874_2957460898102012198_n-300x300.jpg\" alt=\"\" width=\"144\" height=\"144\" srcset=\"https:\/\/www.radiopiu.net\/wordpress\/wp-content\/uploads\/2021\/01\/141433770_171616291414874_2957460898102012198_n-300x300.jpg 300w, https:\/\/www.radiopiu.net\/wordpress\/wp-content\/uploads\/2021\/01\/141433770_171616291414874_2957460898102012198_n-150x150.jpg 150w, https:\/\/www.radiopiu.net\/wordpress\/wp-content\/uploads\/2021\/01\/141433770_171616291414874_2957460898102012198_n-768x768.jpg 768w, https:\/\/www.radiopiu.net\/wordpress\/wp-content\/uploads\/2021\/01\/141433770_171616291414874_2957460898102012198_n.jpg 800w\" sizes=\"auto, (max-width: 144px) 100vw, 144px\" \/><\/a>PER<strong> RICEVERE QUESTO NOTIZIARIO DIRETTAMENTE SUL TUO CELLULARE ISCRIVITI AL CANALE TELEGRAM <\/strong><strong>\u201cRADIO PIU\u00a0 INFORMAZIONE&#8221;\u00a0<\/strong><\/h3>\n<h3>SUPERATI I 3000 ISCRITTI, il CANALE TELEGRAM&#8230; UNISCITI A: RADIO PIU INFORMAZIONE<\/h3>\n<p>&nbsp;<\/p>\n<p>&nbsp;<\/p>\n<p><em><a href=\"https:\/\/www.radiopiu.net\/wordpress\/giornale-radiopiu-24-gennaio-2021-direttore-mirko-mezzacasa\/79216601_126817312416448_708980208774483089_n\/\" rel=\"attachment wp-att-186567\"><img loading=\"lazy\" decoding=\"async\" class=\"size-medium wp-image-186567 alignright\" src=\"https:\/\/www.radiopiu.net\/wordpress\/wp-content\/uploads\/2021\/01\/79216601_126817312416448_708980208774483089_n-300x114.jpg\" alt=\"\" width=\"300\" height=\"114\" srcset=\"https:\/\/www.radiopiu.net\/wordpress\/wp-content\/uploads\/2021\/01\/79216601_126817312416448_708980208774483089_n-300x114.jpg 300w, https:\/\/www.radiopiu.net\/wordpress\/wp-content\/uploads\/2021\/01\/79216601_126817312416448_708980208774483089_n-768x292.jpg 768w, https:\/\/www.radiopiu.net\/wordpress\/wp-content\/uploads\/2021\/01\/79216601_126817312416448_708980208774483089_n.jpg 820w\" sizes=\"auto, (max-width: 300px) 100vw, 300px\" \/><\/a><span style=\"color: #ff0000;\">ATTENZIONE: LA NUOVA APP PER IOS-IPHONE di Nicola Vettorello <\/span><\/em><a href=\"https:\/\/apps.apple.com\/it\/app\/radio-pi%C3%B9-emittente-agordina\/id1515939845\">https:\/\/apps.apple.com\/it\/app\/radio-pi%C3%B9-emittente-agordina\/id1515939845<\/a><\/p>\n<p><em style=\"color: #ff0000;\">ATTENZIONE: LA NUOVA APP RADIO\u00a0 PER ANDROID di Nicola Vettorello<\/em><\/p>\n<p><a href=\"https:\/\/play.google.com\/store\/apps\/details?id=net.radiopiu.iniko\" target=\"_blank\" rel=\"noopener noreferrer\">https:\/\/play.google.com\/store\/apps\/details?id=net.radiopiu.iniko\u00a0\u00a0<\/a><\/p>\n<p>&nbsp;<\/p>\n<p>&nbsp;<\/p>\n<p>&nbsp;<\/p>\n<hr \/>\n<blockquote>\n<h3><\/h3>\n<h3>QUANDO L&#8217;ONESTA&#8217; E&#8217; DI CASA, MESSAGGIO DALLA QUESTURA<\/h3>\n<\/blockquote>\n<p><strong><img loading=\"lazy\" decoding=\"async\" class=\"alignleft\" src=\"https:\/\/www.radiopiu.net\/wordpress\/wp-content\/uploads\/2021\/03\/155948399_2530163687277664_5724701654651917811_n.jpg\" width=\"157\" height=\"108\" \/>BELLUNO<\/strong> E&#8217; sempre piacevole leggere messaggi come quelli pubblicati dalla Questura di Belluno, dimostrano che ci sono ancora persone oneste in questo Paese e non \u00e8 la prima volta. Dall&#8217;ufficio del Questore: <em>&#8220;E&#8217; stata consegnata in Questura, nel pomeriggio di ieri a Belluno, una cospicua somma di denaro, ritrovata nei pressi della stazione. Per informazioni contattare il numero 0437945569 &#8211; Divisione Anticrimine&#8221;<\/em> Null&#8217;altro da aggiungere se non i complimenti a chi il denaro l&#8217;ha ritrovato e consegnato.<\/p>\n<p>&nbsp;<\/p>\n<p>&nbsp;<\/p>\n<hr \/>\n<p>&nbsp;<\/p>\n<blockquote><p><span style=\"color: #ff0000;\"><strong>PROVINCIALE 8 DI SAN TOMASO<\/strong>,<\/span> In localit\u00e0 Coi per la\u00a0 messa in sicurezza della strada, senso unico alternato regolato da movieri dalle 8 alle 17, dal lunedi al venerdi\u00a0 e brevi interruzioni fino a 20 minuti dalle 8 alle 12 e dalle 13.30 alle 17.\u00a0 Fino al 18 marzo.<\/p><\/blockquote>\n<p>&nbsp;<\/p>\n<hr \/>\n<p>&nbsp;<\/p>\n<p><strong><a href=\"https:\/\/www.radiopiu.net\/wordpress\/giornale-radiopiu-09-agosto-2018-direttore-mirko-mezzacasa\/acqua\/\" rel=\"attachment wp-att-57052\"><img loading=\"lazy\" decoding=\"async\" class=\" wp-image-57052 alignleft\" src=\"https:\/\/www.radiopiu.net\/wordpress\/wp-content\/uploads\/2018\/08\/ACQUA-300x180.jpeg\" alt=\"\" width=\"253\" height=\"152\" srcset=\"https:\/\/www.radiopiu.net\/wordpress\/wp-content\/uploads\/2018\/08\/ACQUA-300x180.jpeg 300w, https:\/\/www.radiopiu.net\/wordpress\/wp-content\/uploads\/2018\/08\/ACQUA-768x461.jpeg 768w, https:\/\/www.radiopiu.net\/wordpress\/wp-content\/uploads\/2018\/08\/ACQUA-1024x614.jpeg 1024w, https:\/\/www.radiopiu.net\/wordpress\/wp-content\/uploads\/2018\/08\/ACQUA.jpeg 1280w\" sizes=\"auto, (max-width: 253px) 100vw, 253px\" \/><\/a>Gestione Servizi Pubblici informa che a CANALE D&#8217;AGORDO in localit\u00e0 CARFON, l&#8217;acqua erogata dall&#8217;acquedotto \u00e8 di nuovo potabile e pu\u00f2 essere usata, quindi, per scopi alimentari. Per informazioni \u00e8 possibile contattare il Servizio Clienti al numero 800 306 999 o +39 0445 230521 (da estero) .<br \/>\n<\/strong><\/p>\n<p><strong>A RIVAMONTE AGORDINO nelle localit\u00e0 MIOTTE, ZENICH, MOTTES, ZEP-SCHENA, SARET, ROSTE, PALUCH, GONA DI CONEDERA, PONTE ALTO, LONIE, SANTEL, ROSSON, VIA ROMA, VILLAGRANDE E TOS, l&#8217;acqua erogata dall&#8217;acquedotto non \u00e8 potabile e pu\u00f2 essere usata per scopi alimentari SOLO PREVIA bollitura.<\/strong><\/p>\n<p>&nbsp;<\/p>\n<p>&nbsp;<\/p>\n<hr \/>\n<p>&nbsp;<\/p>\n<blockquote>\n<h3>CRESCONO GLI INDICATORI SULLO STATO DELLA PANDEMIA E S&#8217;IMPENNA L&#8217;INCIDENZA\u00a0 DEI CONTAGI. QUATTRO REGIONI VERSO L&#8217;ARANCIONE<\/h3>\n<\/blockquote>\n<p><span style=\"color: #ff0000;\">In Italia<\/span> tra i pi\u00f9 pessimisti il commissario regionale per l&#8217;emergenza Guido Bertolaso, ieri ha affermato che, Sardegna a parte, tutto il paese sta virando verso il rosso. Oggi si capir\u00e0 se rispetto a una settimana fa c&#8217;\u00e8 oppure no un rallentamento dei contagi, e se scatta il rosso sar\u00e0 per almeno due settimane. Ieri altri 20mila casi, 347 morti e il tasso di positivit\u00e0 in salita da 5,1% di martedi a 5,9% di ieri.<\/p>\n<p><span style=\"color: #ff0000;\">Il Veneto<\/span> verso la zona arancione, non \u00e8 escluso il cambio di colorazione gi\u00e0 da lunedi ma dipender\u00e0 dall&#8217;incidenza dei contagi da variante inglese, oggi l&#8217;indice Rt \u00e8 alla soglia del valore 1 ovvero al confine delle zona gialla. L&#8217;incidenza per 100mila abitanti in provincia di\u00a0 Belluno si attesta a 139 (a febbraio era 67,8) , a Padova 198 a Verona 129, a 250 scatta l&#8217;arancione. Zaia ribadisce che era meglio un fermo prudenziale della scuola, <em>&#8220;troppo tardi chiudere in zona rossa&#8221;<\/em> ha ribadito. La Regione \u00e8 pronta comunque a chiudere le scuole (ora che il DPCM lo permette) nei Comuni con pi\u00f9 contagi.\u00a0 I nuovi casi registrati nelle ultime 24 ore 1.277 (1.253 marted\u00ec, 811 luned\u00ec), il numero dei pazienti attualmente positivi \u00e8 25.823, +591 rispetto a marted\u00ec.\u00a0 Continuano a crescere i ricoveri in area non critica, ieri sera 1.201 (+3) in terapia intensiva\u00a0 154 (+3).\u00a0 Si contano 9.906 decessi, ieri altri 20.<\/p>\n<p><span style=\"color: #ff0000;\">Nell&#8217;Agordino<\/span>, <strong>CANALE D&#8217;AGORDO<\/strong>\/<strong> COLLE SANTA LUCIA<\/strong> zero contagi,\u00a0 <strong>VALLADA<\/strong> 4 positivi 3 isolamento, <strong>AGORDO<\/strong> 9-11,\u00a0 <strong>FALCADE<\/strong> 13-3, <strong>ROCCA PIETORE<\/strong> 1-3, <strong>LIVINALLONGO<\/strong> 2-3 <strong>GOSALDO<\/strong> 5-0 <strong>ALLEGHE<\/strong> 6-4 <strong>TAIBON<\/strong> 1-3 \u00a0<strong>LA VALLE<\/strong> 1-0 isolamento, <strong>SAN TOMASO<\/strong> 1-3.<\/p>\n<blockquote>\n<h3>TERZA GIORNATA CONSECUTIVA SENZA DECESSI, 78 PAZIENTI IN OSPEDALE 10 IN TERAPIA INTENSIVA<\/h3>\n<\/blockquote>\n<p><strong>BELLUNO<\/strong> Nessun decesso nelle ultme 24 ore nella Ulss1 Dolomiti, 71 i nuovi positivi, 750 gli attualmente positivi.<\/p>\n<p align=\"JUSTIFY\"><span style=\"font-size: medium;\"><b>Ricoveri<\/b><\/span><\/p>\n<table border=\"1\" width=\"652\" frame=\"HSIDES\" rules=\"GROUPS\" cellspacing=\"0\" cellpadding=\"7\">\n<tbody>\n<tr valign=\"TOP\">\n<td width=\"203\"><\/td>\n<td width=\"203\">\n<p align=\"JUSTIFY\"><span style=\"color: #365f91;\"><span style=\"font-size: medium;\"><b>Area NON CRITICA<\/b><\/span><\/span><\/p>\n<\/td>\n<td width=\"203\">\n<p align=\"JUSTIFY\"><span style=\"color: #365f91;\"><span style=\"font-size: medium;\"><b>Terapia Intensiva<\/b><\/span><\/span><\/p>\n<\/td>\n<\/tr>\n<\/tbody>\n<tbody>\n<tr valign=\"TOP\">\n<td bgcolor=\"#d3dfee\" width=\"203\">\n<p align=\"JUSTIFY\"><span style=\"color: #365f91;\"><span style=\"font-size: medium;\"><b>Ospedale di Belluno <\/b><\/span><\/span><\/p>\n<\/td>\n<td bgcolor=\"#d3dfee\" width=\"203\">\n<p align=\"CENTER\"><span style=\"color: #365f91;\"><span style=\"font-size: medium;\">34<\/span><\/span><\/p>\n<\/td>\n<td bgcolor=\"#d3dfee\" width=\"203\">\n<p align=\"CENTER\"><span style=\"color: #365f91;\"><span style=\"font-size: medium;\">5<\/span><\/span><\/p>\n<\/td>\n<\/tr>\n<tr valign=\"TOP\">\n<td bgcolor=\"#d3dfee\" width=\"203\">\n<p align=\"JUSTIFY\"><span style=\"color: #365f91;\"><span style=\"font-size: medium;\"><b>Ospedale di Feltre<\/b><\/span><\/span><\/p>\n<\/td>\n<td bgcolor=\"#d3dfee\" width=\"203\">\n<p align=\"CENTER\"><span style=\"color: #365f91;\"><span style=\"font-size: medium;\">13<\/span><\/span><\/p>\n<\/td>\n<td bgcolor=\"#d3dfee\" width=\"203\">\n<p align=\"CENTER\"><span style=\"color: #365f91;\"><span style=\"font-size: medium;\">5<\/span><\/span><\/p>\n<\/td>\n<\/tr>\n<\/tbody>\n<\/table>\n<p align=\"JUSTIFY\"><span style=\"font-size: medium;\">Le persone attualmente POSITIVE <\/span>ricoverate in Ospedale di Comunit\u00e0 sono:<\/p>\n<table border=\"1\" width=\"652\" frame=\"HSIDES\" rules=\"ROWS\" cellspacing=\"0\" cellpadding=\"7\">\n<tbody>\n<tr valign=\"TOP\">\n<td width=\"312\"><\/td>\n<td width=\"312\">\n<p align=\"JUSTIFY\"><span style=\"color: #76923c;\"><span style=\"font-size: medium;\"><b>pazienti attualmente positivi<\/b><\/span><\/span><\/p>\n<\/td>\n<\/tr>\n<tr valign=\"TOP\">\n<td bgcolor=\"#e6eed5\" width=\"312\">\n<p align=\"JUSTIFY\"><span style=\"color: #76923c;\"><span style=\"font-size: medium;\"><b>Ospedale di Comunit\u00e0 di BELLUNO<\/b><\/span><\/span><\/p>\n<\/td>\n<td bgcolor=\"#e6eed5\" width=\"312\">\n<p align=\"CENTER\"><span style=\"color: #76923c;\"><span style=\"font-size: medium;\">10<\/span><\/span><\/p>\n<\/td>\n<\/tr>\n<tr valign=\"TOP\">\n<td bgcolor=\"#e6eed5\" width=\"312\">\n<p align=\"JUSTIFY\"><span style=\"color: #76923c;\"><span style=\"font-size: medium;\"><b>Ospedale di Comunit\u00e0 di FELTRE<\/b><\/span><\/span><\/p>\n<\/td>\n<td bgcolor=\"#e6eed5\" width=\"312\">\n<p align=\"CENTER\"><span style=\"color: #76923c;\"><span style=\"font-size: medium;\">11<\/span><\/span><\/p>\n<\/td>\n<\/tr>\n<\/tbody>\n<\/table>\n<p><a name=\"_GoBack\"><\/a><\/p>\n<p><strong>I DATI DI AZIENDA ZERO PER LA PROVINCIA\u00a0<\/strong><\/p>\n<p><strong>IN PROVINCIA<\/strong> POSITIVI DAL 21 FEBBRAIO 18303\u00a0 <span style=\"color: #0000ff;\">(+71)<\/span>\u00a0 \u00a0ATTUALMENTE POSITIVI 750 <span style=\"color: #0000ff;\">(+52)<\/span> DECEDUTI DAL 21 FEBBRAIO 579\u00a0 <span style=\"color: #0000ff;\">()<\/span>\u00a0 \u00a0NEGATIVIZZATI\u00a0 16974\u00a0 <span style=\"color: #0000ff;\">(+19)\u00a0 <span style=\"color: #000000;\">RICOVERATI AL SAN MARTINO DI BELLUNO 34<\/span> (-1)<span style=\"color: #000000;\"> (TERAPIA INTENSIVA\u00a0 5<\/span><span style=\"color: #000000;\"><span style=\"color: #ff0000;\"> ()<\/span> RICOVERATI A FELTRE 13 (-3) (TERAPIA INTENSIVA 5 (<\/span><span style=\"color: #000000;\"><span style=\"color: #ff0000;\">\u00a0<\/span>OSPEDALE DI COMUNITA&#8217; BELLUNO 10 () OSPEDALE DI FELTRE 11\u00a0<\/span><\/span><\/p>\n<blockquote class=\"wp-embedded-content\" data-secret=\"4BvA0LAOA8\"><p><a href=\"https:\/\/www.radiopiu.net\/wordpress\/il-report-sulle-vaccinazioni-in-veneto\/\">IL REPORT SULLE VACCINAZIONI IN VENETO<\/a><\/p><\/blockquote>\n<p><iframe loading=\"lazy\" class=\"wp-embedded-content\" sandbox=\"allow-scripts\" security=\"restricted\" style=\"position: absolute; clip: rect(1px, 1px, 1px, 1px);\" title=\"&#8220;IL REPORT SULLE VACCINAZIONI IN VENETO&#8221; &#8212; Radio Pi\u00f9\" src=\"https:\/\/www.radiopiu.net\/wordpress\/il-report-sulle-vaccinazioni-in-veneto\/embed\/#?secret=4BvA0LAOA8\" data-secret=\"4BvA0LAOA8\" width=\"600\" height=\"338\" frameborder=\"0\" marginwidth=\"0\" marginheight=\"0\" scrolling=\"no\"><\/iframe><\/p>\n<p>&nbsp;<\/p>\n<hr \/>\n<p>&nbsp;<\/p>\n<blockquote>\n<h3>IMPIANTI DI RISALITA, DALL&#8217;ANEF GIUDIZIO POSITIVO SUI SOSTEGNI PREVISTI DAL GOVERNO<\/h3>\n<p><em>Il Decreto Sostegno metter\u00e0 a disposizione della filiera-montagna 600 milioni di euro. &#8220;Sono sufficienti se riguardano il solo settore degli impianti, o poche altre categorie ma non per l&#8217;intero indotto da 12 milioni di euro&#8221;, ha detto\u00a0 Andy Varallo, presidente del Superski Dolomiti.\u00a0<\/em><\/p><\/blockquote>\n<p><a href=\"https:\/\/www.radiopiu.net\/wordpress\/giornale-radiopiu-06-febbraio-2021-direttore-mirko-mezzacasa\/gp-lattebusche-archivio-2\/\" rel=\"attachment wp-att-189245\"><img loading=\"lazy\" decoding=\"async\" class=\"wp-image-189245 alignleft\" src=\"https:\/\/www.radiopiu.net\/wordpress\/wp-content\/uploads\/2021\/02\/gp-lattebusche-archivio-300x200.jpg\" alt=\"\" width=\"258\" height=\"172\" srcset=\"https:\/\/www.radiopiu.net\/wordpress\/wp-content\/uploads\/2021\/02\/gp-lattebusche-archivio-300x200.jpg 300w, https:\/\/www.radiopiu.net\/wordpress\/wp-content\/uploads\/2021\/02\/gp-lattebusche-archivio-768x511.jpg 768w, https:\/\/www.radiopiu.net\/wordpress\/wp-content\/uploads\/2021\/02\/gp-lattebusche-archivio.jpg 984w\" sizes=\"auto, (max-width: 258px) 100vw, 258px\" \/><\/a><\/p>\n<p><strong>TRENTO<\/strong>\u00a0 Alla luce delle notizie giunte\u00a0 ieri pomeriggio Anef esprime un giudizio positivo innanzitutto perch\u00e9 il Governo ha recepito in modo forte e concreto il grido d\u2019aiuto della montagna. Superando il sistema dei codici ATECO, tutti i professionisti e gli operatori del sistema turistico invernale potranno ricevere un indennizzo reale. &#8220;<em>Soprattutto,\u00a0 si legge nella nota &#8211; ci fa piacere che sia stato stanziato un fondo ad hoc riservato agli impianti sciistici. Un sostegno fondamentale per permettere alle aziende funiviarie di sopravvivere alla totale perdita dei ricavi di questa stagione, che comporta per moltissimi operatori un periodo lungo 20 mesi senza incassi, a fronte di uscite costanti e non rinviabili. <\/em><em>Il fondo stanziato, se verr\u00e0 confermato nella dimensione preannunciata, risulta essere coerente con i dati che, in assoluta trasparenza, ANEF ha gi\u00e0 trasmesso al Ministero dell\u2019Economia e delle Finanze&#8221;\u00a0 <\/em>L&#8217;auspicio di Anef<em>: <\/em>\u00a0che gli indennizzi vengano erogati secondo modalit\u00e0 che ricalchino quanto gi\u00e0 fatto dai paesi d\u2019oltralpe come la Francia e attraverso procedure che garantiscano alle aziende un versamento diretto e immediato, evitando ulteriori perdite di tempo dovute a passaggi intermedi.Infine Anef ribadisce la disponibilit\u00e0 al dialogo con il Governo.<\/p>\n<p>&nbsp;<\/p>\n<p>&nbsp;<\/p>\n<hr \/>\n<blockquote>\n<h3><\/h3>\n<h3>OGGI IL GIORNO DELLA VERITA&#8217;, IL FUTURO DELLA PROVINCIALE DELLA VALLE DEL MIS<\/h3>\n<\/blockquote>\n<p><strong><a href=\"https:\/\/www.radiopiu.net\/wordpress\/alpinista-vola-sulla-via-dellideale\/valle-del-mis-1\/\" rel=\"attachment wp-att-9220\"><img loading=\"lazy\" decoding=\"async\" class=\"wp-image-9220 alignleft\" src=\"https:\/\/www.radiopiu.net\/wordpress\/wp-content\/uploads\/2015\/08\/valle-del-mis-1-300x225.jpeg\" alt=\"\" width=\"135\" height=\"180\" \/><\/a>GOSALDO<\/strong> Ore di attesa a Gosaldo e Sospirolo perch\u00e9 la notizia \u00e8 nell&#8217;aria, oggi probabilmente la Provincia render\u00e0 noto il futuro della strada provinciale delle Valle del Mis chiusa in seguito a frana da inizio dicembre 2020. In giornata dunque arriver\u00e0 la notizia e la risposta ad una serie di domande: come la Provincia intende finanziare i lavori?\u00a0 Quando Veneto Strade aprir\u00e0 i cantieri?\u00a0 Quando la provinciale sar\u00e0 transitabile in via provvisoria?\u00a0 Quando in modo definitivo? Ieri la notizia pubblicata con le prime indiscrezioni ha fatto registrare una serie di commenti, tra i pi\u00f9 interessanti quello di Corrado Campedel di Tiser, Gosaldo: <em>&#8220;La provincia ha deliberato la spesa dividendo i 650 mila euro in due trance una per somma urgenza di oltre 200 mila e gli altri per le opere di ripristino. A quanto mi dicono in provincia\u00a0 il Presidente\u00a0 sta per firmare gli atti del via libera. Poi la palla passa a Veneto strade che si dice pronta da un pezzo. Staremo a vedere. Qui non centra il Veneto ma la volont\u00e0 politica tutta locale. Se per la prossima settimana qualcosa non parte propongo di costituire una delegazione che chieda un incontro con provincia e veneto strade insieme per vedere cosa ci si diranno&#8221;.<\/em><\/p>\n<p>&nbsp;<\/p>\n<hr \/>\n<p>&nbsp;<\/p>\n<blockquote>\n<h3>PREVENZIONE, PRIMA CHE BRUCI IL BOSCO<\/h3>\n<\/blockquote>\n<p><strong><img loading=\"lazy\" decoding=\"async\" class=\"alignleft\" src=\"https:\/\/www.radiopiu.net\/wordpress\/wp-content\/uploads\/2021\/03\/th.jpg\" width=\"156\" height=\"135\" \/>VENEZIA<\/strong> L&#8217;assessorato alla Protezione Civile del Veneto ha dichiarato lo stato di grave pericolosit\u00e0 per gli incendi boschivi, limitatamente ai territori individuati. Le amministrazioni comunali dovranno adottare le idonee misure di carattere divulgativo preventivo nonch\u00e9 intensificare la vigilanza. Questi i Comuni bellunesi dove \u00e8 stato dichiarato lo stato di grave pericolo: Alano di Piave, Alpago, Arsie&#8217;, Belluno, Borgo Valbelluna, Cesiomaggiore, Chies d&#8217;Alpago, Feltre, Fonzaso, Lamon, Limana, Longarone, Ospitale di Cadore, Pedavena, Ponte nelle Alpi, Quero-Vas, Sedico, Seren del Grappa, Sospirolo, Soverzene, Sovramonte, Santa Giustina, San Gregorio nelle Alpi, Tambre, Valdi Zoldo e Zoppe&#8217; di Cadore<\/p>\n<p><strong>L&#8217;ASSESSORE GIANPAOLO BOTTACIN<\/strong><\/p>\n<audio class=\"wp-audio-shortcode\" id=\"audio-194720-1\" preload=\"none\" style=\"width: 100%;\" controls=\"controls\"><source type=\"audio\/mpeg\" src=\"https:\/\/www.radiopiu.net\/wordpress\/wp-content\/uploads\/2021\/03\/BOTTA-INCENDI.mp3?_=1\" \/><a href=\"https:\/\/www.radiopiu.net\/wordpress\/wp-content\/uploads\/2021\/03\/BOTTA-INCENDI.mp3\">https:\/\/www.radiopiu.net\/wordpress\/wp-content\/uploads\/2021\/03\/BOTTA-INCENDI.mp3<\/a><\/audio>\n<p>&nbsp;<\/p>\n<p>&nbsp;<\/p>\n<hr \/>\n<p>&nbsp;<\/p>\n<blockquote>\n<h3>IL FATTO, dalla pagina facebook di GIANPAOLO BOTTACIN<\/h3>\n<\/blockquote>\n<p><strong>le immagini del crollo di qualche giorno fa che ha interessato il corpo frana della Busa del Cristo a Perarolo di Cadore (immagini di Giuseppe Frescura dell&#8217;Associazione Protezione Civile Antelao)<\/strong><\/p>\n<p>&nbsp;<\/p>\n<p>https:\/\/www.facebook.com\/28421502543\/videos\/435187821032580<\/p>\n<p>&nbsp;<\/p>\n<p>&nbsp;<\/p>\n<p>&nbsp;<\/p>\n<hr \/>\n<p>&nbsp;<\/p>\n<div class=\"page-title-head hgroup\">\n<blockquote>\n<h3 class=\"entry-title\">SCIATORE SI INFORTUNA A CORTINA<\/h3>\n<\/blockquote>\n<\/div>\n<p><strong><img loading=\"lazy\" decoding=\"async\" class=\"alignleft\" src=\"https:\/\/www.radiopiu.net\/wordpress\/wp-content\/uploads\/2020\/04\/salt_20190914_170959_414.jpg\" width=\"125\" height=\"94\" \/>CORTINA\u00a0<\/strong> Ieri pomeriggio, l&#8217;elicottero del Suem di Pieve di Cadore \u00e8 volato nella zona di Mietres dove, scendendo lungo la traccia delle vecchie piste, uno sciatore si era fatto male. L&#8217;uomo, un trentaseienne, \u00e8 stato recuperato con un probabile trauma alla gamba e trasportato all&#8217;ospedale di Belluno.<\/p>\n<p>&nbsp;<\/p>\n<p>&nbsp;<\/p>\n<hr \/>\n<p>&nbsp;<\/p>\n<blockquote>\n<h3>OGGI L&#8217;ULTIMO SALUTO A TIZIANO<\/h3>\n<\/blockquote>\n<p><strong>SEDICO-CENCENIGHE\u00a0<\/strong>Saranno celebrati oggi alle 15 nella chiesa arcipretale di Sedico i funerali di Tiziano Soppelsa, 27 anni, l&#8217;appassionato di montagna di Roe Alte che ha perso la vita nello scorso fine settimana scivolando lungo un sentiero dello Spiz di Vedana.<\/p>\n<p>&nbsp;<\/p>\n<hr \/>\n<blockquote>\n<h3><\/h3>\n<h3>QUANDO SI PENSAVA AGLI INCENERITORI ECOLOGICI<\/h3>\n<\/blockquote>\n<p><strong><a href=\"https:\/\/www.radiopiu.net\/wordpress\/quando-si-pensava-agli-inceneritori-ecologici\/bellezze-e-immondizie\/\" rel=\"attachment wp-att-194785\"><img loading=\"lazy\" decoding=\"async\" class=\"wp-image-194785 alignleft\" src=\"https:\/\/www.radiopiu.net\/wordpress\/wp-content\/uploads\/2021\/03\/bellezze-e-immondizie.png\" alt=\"\" width=\"171\" height=\"298\" srcset=\"https:\/\/www.radiopiu.net\/wordpress\/wp-content\/uploads\/2021\/03\/bellezze-e-immondizie.png 512w, https:\/\/www.radiopiu.net\/wordpress\/wp-content\/uploads\/2021\/03\/bellezze-e-immondizie-172x300.png 172w\" sizes=\"auto, (max-width: 171px) 100vw, 171px\" \/><\/a>TAIBON<\/strong> Sono passati 42 anni da quel 1979 quando il periodico &#8220;Quattro Pagine Agordine&#8221; proponeva una tematica importante a quei tempi, ovvero i cumuli di immondizie, le discariche legalizzate in Valcozzena ad Agordo ad esempio o in localit\u00e0 Polane dove eserciti di ratti erano in festa. Ma anche tra Taibon e Cencenighe a lato del Cordevole, o a Masar\u00e8, oppure a Taier di Taibon (provinciale per Agordo), dove oggi c&#8217;\u00e8 un prato rigoglioso 40 anni fa c&#8217;erano cumuli di immondizie che poi sono state sepolte. Incredibilmente c&#8217;era chi si divertiva ad accendere fuoco e bruciare la monnezza. Nel 1979 il problema era notevole, lo si evince dagli scatti d&#8217;epoca, si pensava ad un inceneritore mai realizzato, ci sono stati dei giorni in cui qualche amministrazione provinciale aveva provato a buttare l&#8217;idea di costruirlo a Noach in Comune di La Valle ma gi\u00e0 allora le proteste furono rumorose e nessuno disturbo&#8217; pi\u00f9 i lavallesi. Fortunatamente le cose sono cambiate e nonostante tutte le critiche che si possano fare gli amministratori che si sono succeduti hanno sempre tenuto un territorio in ordine e con adeguati servizi di raccolta rifiuti. Poi si sa, l&#8217;incivile o l&#8217;imbecille di turno c&#8217;\u00e8 sempre.<\/p>\n<p>&nbsp;<\/p>\n<hr \/>\n<p>&nbsp;<\/p>\n<div class=\"page-title-head hgroup\">\n<blockquote>\n<h3 class=\"entry-title\">GRAZIELLA FRONER LA PASTORA CHE VALORIZZA L\u2019AMBIENTE<\/h3>\n<\/blockquote>\n<\/div>\n<div class=\"page-title-breadcrumbs\">\n<p><strong><img loading=\"lazy\" decoding=\"async\" class=\"alignleft\" src=\"https:\/\/www.radiopiu.net\/wordpress\/wp-content\/uploads\/2021\/03\/WhatsApp-Image-2021-03-03-at-21.15.14.jpeg\" width=\"242\" height=\"136\" \/>SELVA DI CADORE<\/strong><\/p>\n<p><strong>di GIANNI SANTOMASO<\/strong><\/p>\n<audio class=\"wp-audio-shortcode\" id=\"audio-194720-2\" preload=\"none\" style=\"width: 100%;\" controls=\"controls\"><source type=\"audio\/mpeg\" src=\"https:\/\/www.radiopiu.net\/wordpress\/wp-content\/uploads\/2021\/03\/GIANNI-PASTORA.mp3?_=2\" \/><a href=\"https:\/\/www.radiopiu.net\/wordpress\/wp-content\/uploads\/2021\/03\/GIANNI-PASTORA.mp3\">https:\/\/www.radiopiu.net\/wordpress\/wp-content\/uploads\/2021\/03\/GIANNI-PASTORA.mp3<\/a><\/audio>\n<p>&nbsp;<\/p>\n<hr \/>\n<p>&nbsp;<\/p>\n<blockquote>\n<h3>IL COMUNE CI RIPROVA, ECCO IL NUOVO BANDO PER IL PARCO DI CAVIOLA<\/h3>\n<\/blockquote>\n<p><strong><img loading=\"lazy\" decoding=\"async\" class=\"alignleft\" src=\"https:\/\/www.radiopiu.net\/wordpress\/wp-content\/uploads\/2015\/09\/ViceSindacoGiovanniFerrini.jpg\" width=\"97\" height=\"128\" \/>FALCADE<\/strong><\/p>\n<p><strong>DI GIANNI SANTOMASO<\/strong><\/p>\n<audio class=\"wp-audio-shortcode\" id=\"audio-194720-3\" preload=\"none\" style=\"width: 100%;\" controls=\"controls\"><source type=\"audio\/mpeg\" src=\"https:\/\/www.radiopiu.net\/wordpress\/wp-content\/uploads\/2021\/03\/BANDO-FALCADE.mp3?_=3\" \/><a href=\"https:\/\/www.radiopiu.net\/wordpress\/wp-content\/uploads\/2021\/03\/BANDO-FALCADE.mp3\">https:\/\/www.radiopiu.net\/wordpress\/wp-content\/uploads\/2021\/03\/BANDO-FALCADE.mp3<\/a><\/audio>\n<p>&nbsp;<\/p>\n<p>&nbsp;<\/p>\n<hr \/>\n<p>&nbsp;<\/p>\n<blockquote>\n<h3>\u00a0 MATTINATA DI DISAGI A LIMANA, MANCHERA&#8217; L&#8217;ACQUA<\/h3>\n<\/blockquote>\n<blockquote>\n<h3><strong style=\"font-size: 14px;\"><img loading=\"lazy\" decoding=\"async\" class=\"alignleft\" src=\"https:\/\/www.radiopiu.net\/wordpress\/wp-content\/uploads\/2015\/06\/bimgsp.jpg\" width=\"152\" height=\"85\" \/><\/strong><\/h3>\n<\/blockquote>\n<p><strong>\u00a0BELLUNO<\/strong><\/p>\n<p><strong>DI DAMIANO TORMEN<\/strong><\/p>\n<audio class=\"wp-audio-shortcode\" id=\"audio-194720-4\" preload=\"none\" style=\"width: 100%;\" controls=\"controls\"><source type=\"audio\/mpeg\" src=\"https:\/\/www.radiopiu.net\/wordpress\/wp-content\/uploads\/2021\/03\/DAMIANO.mp3?_=4\" \/><a href=\"https:\/\/www.radiopiu.net\/wordpress\/wp-content\/uploads\/2021\/03\/DAMIANO.mp3\">https:\/\/www.radiopiu.net\/wordpress\/wp-content\/uploads\/2021\/03\/DAMIANO.mp3<\/a><\/audio>\n<p>&nbsp;<\/p>\n<\/div>\n<p>&nbsp;<\/p>\n<p>&nbsp;<\/p>\n<hr \/>\n<blockquote class=\"wp-embedded-content\" data-secret=\"MwtifrMDHq\"><p><a href=\"https:\/\/www.radiopiu.net\/wordpress\/aggfeb28003003ss\/\">CORONAVIRUS: AGGIORNAMENTO NAZIONALE 03  MARZO 2021<\/a><\/p><\/blockquote>\n<p><iframe loading=\"lazy\" class=\"wp-embedded-content\" sandbox=\"allow-scripts\" security=\"restricted\" style=\"position: absolute; clip: rect(1px, 1px, 1px, 1px);\" title=\"&#8220;CORONAVIRUS: AGGIORNAMENTO NAZIONALE 03  MARZO 2021&#8221; &#8212; Radio Pi\u00f9\" src=\"https:\/\/www.radiopiu.net\/wordpress\/aggfeb28003003ss\/embed\/#?secret=MwtifrMDHq\" data-secret=\"MwtifrMDHq\" width=\"600\" height=\"338\" frameborder=\"0\" marginwidth=\"0\" marginheight=\"0\" scrolling=\"no\"><\/iframe><\/p>\n<blockquote class=\"wp-embedded-content\" data-secret=\"c7Jfzr7agk\"><p><a href=\"https:\/\/www.radiopiu.net\/wordpress\/989898sdsds\/\">QUASI 600 ATTUALMENTE POSITIVI IN PIU&#8217; IN 24 ORE, 71 A BELLUNO. 18 DECESSI E 3 PERSONE IN PIU&#8217; IN TERAPIA INTENSIVA<\/a><\/p><\/blockquote>\n<p><iframe loading=\"lazy\" class=\"wp-embedded-content\" sandbox=\"allow-scripts\" security=\"restricted\" style=\"position: absolute; clip: rect(1px, 1px, 1px, 1px);\" title=\"&#8220;QUASI 600 ATTUALMENTE POSITIVI IN PIU&#8217; IN 24 ORE, 71 A BELLUNO. 18 DECESSI E 3 PERSONE IN PIU&#8217; IN TERAPIA INTENSIVA&#8221; &#8212; Radio Pi\u00f9\" src=\"https:\/\/www.radiopiu.net\/wordpress\/989898sdsds\/embed\/#?secret=c7Jfzr7agk\" data-secret=\"c7Jfzr7agk\" width=\"600\" height=\"338\" frameborder=\"0\" marginwidth=\"0\" marginheight=\"0\" scrolling=\"no\"><\/iframe><\/p>\n<p><strong>I GRAFICI DI TIZIANO DE COL\u00a0<\/strong><\/p>\n\n\t\t\t<style type='text\/css'>\n\t\t\t\t#gallery-1 {\n\t\t\t\t\tmargin: auto;\n\t\t\t\t}\n\t\t\t\t#gallery-1 .gallery-item {\n\t\t\t\t\tfloat: left;\n\t\t\t\t\tmargin-top: 10px;\n\t\t\t\t\ttext-align: center;\n\t\t\t\t\twidth: 20%;\n\t\t\t\t}\n\t\t\t\t#gallery-1 img {\n\t\t\t\t\tborder: 2px solid #cfcfcf;\n\t\t\t\t}\n\t\t\t\t#gallery-1 .gallery-caption {\n\t\t\t\t\tmargin-left: 0;\n\t\t\t\t}\n\t\t\t\t\/* see gallery_shortcode() in wp-includes\/media.php *\/\n\t\t\t<\/style>\n\t\t<div id='gallery-1' class='dt-gallery-container gallery galleryid-194720 gallery-columns-5 gallery-size-thumbnail'><dl class='gallery-item'>\n\t\t\t\t<dt class='gallery-icon landscape'>\n\t\t\t\t\t<a class=\"rollover rollover-zoom dt-pswp-item\" title=\"65df8864-65ef-46e6-811c-7e2734edb585\" data-dt-img-description=\"\" data-large_image_width=\"602\" data-large_image_height=\"351\"href='https:\/\/www.radiopiu.net\/wordpress\/wp-content\/uploads\/2021\/03\/65df8864-65ef-46e6-811c-7e2734edb585.jpg'><img loading=\"lazy\" decoding=\"async\" width=\"150\" height=\"150\" src=\"https:\/\/www.radiopiu.net\/wordpress\/wp-content\/uploads\/2021\/03\/65df8864-65ef-46e6-811c-7e2734edb585-150x150.jpg\" class=\"attachment-thumbnail size-thumbnail\" alt=\"\" \/><\/a>\n\t\t\t\t<\/dt><\/dl><dl class='gallery-item'>\n\t\t\t\t<dt class='gallery-icon landscape'>\n\t\t\t\t\t<a class=\"rollover rollover-zoom dt-pswp-item\" title=\"6fd902a1-80b6-4d55-82f4-9181ddd45cdd\" data-dt-img-description=\"\" data-large_image_width=\"604\" data-large_image_height=\"354\"href='https:\/\/www.radiopiu.net\/wordpress\/wp-content\/uploads\/2021\/03\/6fd902a1-80b6-4d55-82f4-9181ddd45cdd.jpg'><img loading=\"lazy\" decoding=\"async\" width=\"150\" height=\"150\" src=\"https:\/\/www.radiopiu.net\/wordpress\/wp-content\/uploads\/2021\/03\/6fd902a1-80b6-4d55-82f4-9181ddd45cdd-150x150.jpg\" class=\"attachment-thumbnail size-thumbnail\" alt=\"\" \/><\/a>\n\t\t\t\t<\/dt><\/dl><dl class='gallery-item'>\n\t\t\t\t<dt class='gallery-icon landscape'>\n\t\t\t\t\t<a class=\"rollover rollover-zoom dt-pswp-item\" title=\"a08f15ca-b996-4a7b-a5bf-cdb9f17a9de5\" data-dt-img-description=\"\" data-large_image_width=\"612\" data-large_image_height=\"355\"href='https:\/\/www.radiopiu.net\/wordpress\/wp-content\/uploads\/2021\/03\/a08f15ca-b996-4a7b-a5bf-cdb9f17a9de5.jpg'><img loading=\"lazy\" decoding=\"async\" width=\"150\" height=\"150\" src=\"https:\/\/www.radiopiu.net\/wordpress\/wp-content\/uploads\/2021\/03\/a08f15ca-b996-4a7b-a5bf-cdb9f17a9de5-150x150.jpg\" class=\"attachment-thumbnail size-thumbnail\" alt=\"\" \/><\/a>\n\t\t\t\t<\/dt><\/dl><dl class='gallery-item'>\n\t\t\t\t<dt class='gallery-icon landscape'>\n\t\t\t\t\t<a class=\"rollover rollover-zoom dt-pswp-item\" title=\"72fa6dab-2ce7-4e83-b022-1b953593c0b0\" data-dt-img-description=\"\" data-large_image_width=\"612\" data-large_image_height=\"351\"href='https:\/\/www.radiopiu.net\/wordpress\/wp-content\/uploads\/2021\/03\/72fa6dab-2ce7-4e83-b022-1b953593c0b0.jpg'><img loading=\"lazy\" decoding=\"async\" width=\"150\" height=\"150\" src=\"https:\/\/www.radiopiu.net\/wordpress\/wp-content\/uploads\/2021\/03\/72fa6dab-2ce7-4e83-b022-1b953593c0b0-150x150.jpg\" class=\"attachment-thumbnail size-thumbnail\" alt=\"\" \/><\/a>\n\t\t\t\t<\/dt><\/dl><dl class='gallery-item'>\n\t\t\t\t<dt class='gallery-icon landscape'>\n\t\t\t\t\t<a class=\"rollover rollover-zoom dt-pswp-item\" title=\"605e587f-22e5-4059-80ae-a015c0df4bfa\" data-dt-img-description=\"\" data-large_image_width=\"616\" data-large_image_height=\"353\"href='https:\/\/www.radiopiu.net\/wordpress\/wp-content\/uploads\/2021\/03\/605e587f-22e5-4059-80ae-a015c0df4bfa.jpg'><img loading=\"lazy\" decoding=\"async\" width=\"150\" height=\"150\" src=\"https:\/\/www.radiopiu.net\/wordpress\/wp-content\/uploads\/2021\/03\/605e587f-22e5-4059-80ae-a015c0df4bfa-150x150.jpg\" class=\"attachment-thumbnail size-thumbnail\" alt=\"\" \/><\/a>\n\t\t\t\t<\/dt><\/dl><br style=\"clear: both\" \/>\n\t\t\t<\/div>\n\n<p>&nbsp;<\/p>\n<hr \/>\n<blockquote>\n<h3><\/h3>\n<h3>IL VENETO RISCHIA LA ZONA ARANCIONE, LO DICONO I NUMERI. DA VENEZIA LA CONFERENZA DI ZAIA. SCUOLE: ORA IL VENETO GIALLO PUO&#8217; DECIDERE DI CHIUDERE PER DPCM<\/h3>\n<\/blockquote>\n<blockquote>\n<h2>LEGGI LA CONFERENZA STAMPA DI LUCA ZAIA<\/h2>\n<p><em>il futuro prossimo ci pu\u00f2 riservare solo salite. La scuola crea assembramento a ricreazione e nei trasporti\u00a0 con confinamento in un&#8217;aula per ore.\u00a0<span style=\"color: #ff0000;\"><strong> Autonomia?<\/strong><\/span> Con il referendum abbiamo riportato l&#8217;orgoglio di essere veneti, quei veneti che vogliono l&#8217;autonomia segno di civilt\u00e0 non egoismo. Oggi il Veneto \u00e8 rispettato. Abbiamo il merito in questi 10 anni di aver riportato questo orgoglio dell&#8217;essere veneto.\u00a0 I tentativi di centralismo? Colpi di coda, il dinosauro muore sempre.<\/em><\/p><\/blockquote>\n<p><strong>IL CONTAGIO DILAGA DI NUOVO<\/strong> I numeri sono in crescita: 155 in terapia intensiva +10, in area non critica 1194, cio\u00e8 22 in pi\u00f9,\u00a0 \u00a0i positivi 1272 solo ieri mentre fino all&#8217;altra settimana erano scesi a poco pi\u00f9 di 300. E&#8217; indubbio che i numeri sono in crescita e il Veneto \u00e8 circondato da Regioni in allarme. Abbiamo dei parametri che ci fanno pensare che siamo a rischio del passaggio in arancione da venerdi. Rispetto alle altre regioni non siamo messi male (Sardegna a parte) siamo un piccola isola felice ma temporaneamente perch\u00e9 i dati si muovono, ci sono i focolai scolastici.\u00a0 <strong>SITUAZIONE SCUOLE<\/strong> Avevo ragione. Si voleva far passare l&#8217;idea che parlavo di focolai scolastici come un bullo che vuol far chiudere le scuole. Chi protesta per la chiusura delle scuole ha ragioni da vendere ma davanti alla pandemia abbiamo l&#8217;obbligo di essere obiettivi ed \u00e8 quello che ho detto al Ministro Bianchi. Stiamo pensando se sia opportuno un fermo o procastinare l&#8217;agonia. Se \u00e8 vero che il Governo qualche cosa sulla scuola ha scritto sul DPCM \u00e8 anche vero che si riconosce che la scuola \u00e8 punto nevralgico della pandemia, almeno in questo momento. Se \u00e8 vero che c&#8217;\u00e8 scritto nel DPCM di chiudere le scuole in zona rossa vuol dire riconosere il problema, ma chiudere le scuole in zona rossa \u00e8 come chiudere le porte della stalla quando i buoi sono usciti. Io avevo pensato ad un fermo prudenziale, oggi invece c&#8217;\u00e8 la discrezionalit\u00e0 dopo una serie di attivit\u00e0, se volessi chiudere tutte le scuole del Veneto non lo potrei fare. Quando ci sar\u00e0 la pressione ospedaliera ci chiederemo come mai i parametri erano cosi&#8217; alti per chiudere le scuole <strong>I PARAMETRI E L&#8217;INCIDENZA PROVINCIALE E COMUNALE<\/strong>\u00a0 Il nuovo Dpcm ha introdotto i 250 contagi ogni 100mila abitanti per far scattare la chiusura delle scuole, ma bisognerebbe valutare anche quanti tamponi vengono eseguiti. Incidenza in alcune zone del padovano oggi 198 casi su 100 mila, a 250 scatterebbe la possibilit\u00e0 di chiudere le scuole. Ieri chiuse quattro scuole nell&#8217;Alta padovana,\u00a0 un&#8217;incidenza comunale aiuta, saremo pi\u00f9 chirugici. Seguiamo ora dopo ora quello che succede. Entrano pazienti con pi\u00f9 rapidit\u00e0 e altrettanto rapidamente finiscono in terapia intensiva. I nostri clinici iniziano a dire che arrivano pazienti complicati e in pochi giorni vengono catapultati in terapia intensiva. <strong>SIAMO PREOCCUPATI<\/strong> non sappiamo se ci saranno impennate o meno. E&#8217; come un terremoto, dove arriva la scossa tira gi\u00e0 le case. Io spero che il Veneto in solitaria abbia gi\u00e0 dato a novembre con la variante inglese e i ricoveri fino a 150 pazienti al giorno. Ieri i colleghi delle regioni \u00a0hanno presentato situazioni sanitarie preoccupanti e inquietanti si teme che arrivi il disastro da una settimana all&#8217;altra. <strong>UN&#8217;ALTRA EMERGENZA <\/strong>Non voglio inquietare nessuno ma c&#8217;\u00e8 un po&#8217; di letteratura da confermare che dice attenzione alle re infezioni per chi il covid l&#8217;ha gi\u00e0 avuto, soprattutto con le varianti. Significa che se hai preso il virus devi comunque girare con la mascherina.<\/p>\n<h2><span style=\"color: #ff0000;\">DOMANDE<\/span><\/h2>\n<p><strong>PIACE IL DPCM?\u00a0<\/strong> Nella parte della scuola c&#8217;\u00e8 la novit\u00e0 dei parametri che prima non c&#8217;erano, ma bisogna avere tutta una serie di attivit\u00e0. Non sar\u00e0 un scelta della Prevenzione. A macchia di leopardo si chiudono le scuole, il parametro scelto non \u00e8 alto. Per il resto condivido la suddivisione delle zone colorate che nel tempo ci ha evitato il lockdown totale. La colorazione era quello che volevano i Governatori. <strong>LO ASPETTAVA DIVERSO?<\/strong> No.<strong>LEI COSA AVREBBE FATTO?<\/strong> Un fermo prudenziale in tutta Italia per le scuole superiori, per le altre solo quando ci sono i bonus per agevolare le famiglie. <strong>CHE MONITORAGGIO SARA&#8217;?<\/strong> Comunale, una volta in possesso dei numeri si potranno chiudere plessi comunali <strong>RISCHIAMO DI ANDARE IN ARANCIONE PER I 21 CRITERI?<\/strong> No per l&#8217;Rt che era a 0,95-0,97 che non \u00e8 calato. Poi chiss\u00e0 vediamo da venerdi cosa succede. Invito i fornitori a fare attenzione ai magazzini, oggi possiamo solo dire di &#8220;stare su con le antenne&#8221;, domani avremo qualche dato in pi\u00f9 per capire in che direzione andiamo. <strong>PREVISTE ORDINANZE?<\/strong> Non al momento se non per prorogare ordinanze gi\u00e0 fatte ad esempio per i medici di base. <strong>PIANO VACCINALE <\/strong>\u00a0Abbiamo i richiami in magazzino, il tema \u00e8 che potremo anche dire che prendiamo i 123 mila e vacciniamo ma se poi non arrivano i vaccini? Ne abbiamo poi 125 mila che stiamo facendo ed esauriremo in una settimana. <strong>FEDERFARMA SI METTE A DISPOSIZIONE PER LA VACCINAZIONE<\/strong> Noi valutiamo tutto. Se mi arrivano 50mila dosi al giorno apriamo i campi di calcio per le vaccinazioni con medici e siringhe. Benvenga comunque l&#8217;aiuto di tutti. <strong>SE ARRIVA L&#8217;ESERCITO?<\/strong> Il problema sono i vaccini non le tende dell&#8217;esercito. Cosa mettiamo su le tende se non c&#8217;e&#8217; materia prima. <strong>IL MINISTRO GELMINI HA PARLATO DI AUTONOMIA<\/strong> Il Ministro Gelmini viene da un territorio che chiede autonomia, in linea con la costituzione governa i rapporti con le regioni. Non so quanto durer\u00e0 questo Governo di unit\u00e0 nazionale, prima o poi qualcuno la partita la deve prendere in mano, abbiamo dato vita anche all&#8217;osservatorio con le Universit\u00e0 del Veneto e Friuli dove si parla di numeri, finanza, processo autonomistico, un contraltare utile per la questione. Ora questo Governo deve chiudere la partita del covid, il Parlamento \u00e8 paralizzato o meglio orientato sul covid, sul resto motori al minimo. Si affronter\u00e0 l&#8217;autonomia quanto il campo sar\u00e0 sgombero.<strong>IL SINDACO DI BELLUNO DICE CHE SIAMO LA REGIONE PIU&#8217; LENTA D&#8217;ITALIA NELLE VACCINAZIONI<\/strong> Non ci sono problemi, lo si chieda a quel sindaco quali sono i problemi. A noi non sono stati segnalati disservizi. Ho l&#8217;obbligo di difendere la gente per bene che in queste settimane sta lavorando, dall&#8217;invio della lettera all&#8217;appuntamento. Se c&#8217;\u00e8 qualche cosa che non funziona siamo qui, ma che non sia sempre elemento di polemica.\u00a0 <strong>AUSTRIA E DANIMARCA\u00a0 PER L&#8217;ACQUISTO DEL VACCINO<\/strong> Per fortuna non sono io a fare questa dichiarazione, mi avrebbero arrestato. L&#8217;Austria conosce bene l&#8217;Europa. Spero che Draghi prenda in mano la questione, se aspettiamo l&#8217;Europa moriamo senza vaccini invecchiando. Comunque l&#8217;azione spero dia una svegliata all&#8217;Europa. <strong>RICORSI USO MASCHERINA A SCUOLA<\/strong> Abbiamo genitori che diffidano il preside dal fare il tampone al proprio figlio perch\u00e9 su internet hanno letto che ci sono encefalite e si diventa scemi. La mascherina \u00e8 un presidio sanitario, inviterei i genitori a pensarci ma siamo in un paese che se ti bocciano il figlio i genitori ricorrono al Tar.<\/p>\n<p>&nbsp;<\/p>\n<p><a href=\"https:\/\/www.facebook.com\/zaiaufficiale\/videos\/287020686364250\">https:\/\/www.facebook.com\/zaiaufficiale\/videos\/287020686364250<\/a><\/p>\n<p>&nbsp;<\/p>\n<p>&nbsp;<\/p>\n<hr \/>\n<blockquote>\n<h3><\/h3>\n<h3>DL SOSTEGNO, BUSSONE (UNCEM): &#8220;POSITIVI I 600 MILIONI DI EURO PER LA FILIERA NEVE&#8221;<\/h3>\n<\/blockquote>\n<p><strong><a href=\"https:\/\/www.radiopiu.net\/wordpress\/giornale-radiopiu-06-novembre-2020-direttore-mirko-mezzacasa\/logouncem_no_scritta-wdtr\/\" rel=\"attachment wp-att-170846\"><img loading=\"lazy\" decoding=\"async\" class=\" wp-image-170846 alignleft\" src=\"https:\/\/www.radiopiu.net\/wordpress\/wp-content\/uploads\/2020\/11\/logoUNCEM_no_scritta-wdtr-300x300.jpg\" alt=\"\" width=\"163\" height=\"163\" srcset=\"https:\/\/www.radiopiu.net\/wordpress\/wp-content\/uploads\/2020\/11\/logoUNCEM_no_scritta-wdtr-300x300.jpg 300w, https:\/\/www.radiopiu.net\/wordpress\/wp-content\/uploads\/2020\/11\/logoUNCEM_no_scritta-wdtr-150x150.jpg 150w, https:\/\/www.radiopiu.net\/wordpress\/wp-content\/uploads\/2020\/11\/logoUNCEM_no_scritta-wdtr.jpg 640w\" sizes=\"auto, (max-width: 163px) 100vw, 163px\" \/><\/a>ROMA<\/strong> &#8220;<em>Ritengo positivo nel Decreto Sostegno vi siano 600 milioni di euro specifici per la &#8216;filiera neve&#8217;, in aggiunta ai ristori a fondo perduto che verranno erogati alle imprese. Occorre arrivare al pi\u00f9 presto alla definizione del percorso, e all&#8217;approvazione del Decreto, che prevede l&#8217;eliminazione del sistema di accesso alle risorse secondo il codice Ateco, indennizzi previsti e imprese e professionisti con fatturato fino a 5 milioni, dimostrando la perdita del 33% della media mensile fatturato anno 2019 con la media mensile del fatturato 2020. Sulle fasce di indennizzo, occorre fare di pi\u00f9 e meglio. Si deve salire, partendo da almeno il 50% della perdita di fatturato. Lo dir\u00f2 oggi stesso al Ministro dell&#8217;Economia e delle Finanze<\/em>&#8220;. Lo afferma Marco Bussone, Presidente nazionale Uncem.<\/p>\n<p>&nbsp;<\/p>\n<p>&nbsp;<\/p>\n<hr \/>\n<p>&nbsp;<\/p>\n<blockquote>\n<h3>GIOCO, BOND (FI): SERRANDE ABBASSATE PER SCELTA DEMAGOGICA O PER QUESTIONI SANITARIE?<\/h3>\n<\/blockquote>\n<p><strong><a href=\"https:\/\/www.radiopiu.net\/wordpress\/giornale-radiopiu-16-luglio-2020-direttore-mirko-mezzacasa\/bond-roma-2\/\" rel=\"attachment wp-att-149602\"><img loading=\"lazy\" decoding=\"async\" class=\" wp-image-149602 alignleft\" src=\"https:\/\/www.radiopiu.net\/wordpress\/wp-content\/uploads\/2020\/07\/BOND-ROMA-300x300.jpg\" alt=\"\" width=\"175\" height=\"175\" srcset=\"https:\/\/www.radiopiu.net\/wordpress\/wp-content\/uploads\/2020\/07\/BOND-ROMA-300x300.jpg 300w, https:\/\/www.radiopiu.net\/wordpress\/wp-content\/uploads\/2020\/07\/BOND-ROMA-150x150.jpg 150w, https:\/\/www.radiopiu.net\/wordpress\/wp-content\/uploads\/2020\/07\/BOND-ROMA.jpg 640w\" sizes=\"auto, (max-width: 175px) 100vw, 175px\" \/><\/a>ROMA<\/strong> \u201c<em>Contro il comparto del gioco e di fronte al perpetrarsi delle chiusure delle aziende del settore, stiamo assistendo a scelte dettate da una questione demagogica, di presa di posizione oppure di natura sanitaria?<\/em>\u201d A porre la questione \u00e8 il deputato di Forza Italia, Dario Bond che argomenta: \u201c<em>Le misure restrittive messe in campo per arginare la diffusione del Covid hanno travolto anche il settore del gioco legale. Le serrande di queste attivit\u00e0 sono abbassate da pi\u00f9 di 200 giorni. Eppure, secondo i dati comunicati al Mef, nonostante le perdite di circa 4 miliardi subite nel 2020 dal comparto del gioco legale, si sono registrati comunque oltre 9 miliardi di entrate nelle casse dello Stato legate al settore, senza considerare l\u2019indotto e tutti i lavoratori impiegati. Qual \u00e8 allora il senso di continuare a tenere chiuse queste attivit\u00e0? Tenere chiuse queste imprese significa incentivare le scommesse clandestine. Occorrono misure restrittive, di sorveglianza e di contenimento, certo, ma, come avviene per altre realt\u00e0 commerciali, diamo le regole che servono e facciamo rialzare le serrande anche per le aziende del settore del gioco legale<\/em>\u201d.<\/p>\n<p>&nbsp;<\/p>\n<p>&nbsp;<\/p>\n<hr \/>\n<p>&nbsp;<\/p>\n<blockquote>\n<h3>4500 EURO DALLE PRO LOCO BELLUNESI A FAVORE DELL\u2019ULSS<\/h3>\n<\/blockquote>\n<p><strong><a href=\"https:\/\/www.radiopiu.net\/wordpress\/giornale-radiopiu-04-marzo-2021-direttore-mirko-mezzacasa\/il-direttivo\/\" rel=\"attachment wp-att-194814\"><img loading=\"lazy\" decoding=\"async\" class=\"size-medium wp-image-194814 alignleft\" src=\"https:\/\/www.radiopiu.net\/wordpress\/wp-content\/uploads\/2021\/03\/IL-DIRETTIVO-300x225.jpg\" alt=\"\" width=\"300\" height=\"225\" srcset=\"https:\/\/www.radiopiu.net\/wordpress\/wp-content\/uploads\/2021\/03\/IL-DIRETTIVO-300x225.jpg 300w, https:\/\/www.radiopiu.net\/wordpress\/wp-content\/uploads\/2021\/03\/IL-DIRETTIVO-1024x768.jpg 1024w, https:\/\/www.radiopiu.net\/wordpress\/wp-content\/uploads\/2021\/03\/IL-DIRETTIVO-768x576.jpg 768w, https:\/\/www.radiopiu.net\/wordpress\/wp-content\/uploads\/2021\/03\/IL-DIRETTIVO-1536x1152.jpg 1536w, https:\/\/www.radiopiu.net\/wordpress\/wp-content\/uploads\/2021\/03\/IL-DIRETTIVO-2048x1536.jpg 2048w\" sizes=\"auto, (max-width: 300px) 100vw, 300px\" \/><\/a>BELLUNO <\/strong>La pandemia da Covid -19 ha costretto nell\u2019anno appena trascorso tutte le Pro loco Bellunesi a modificare, o in diversi casi annullare, gli eventi programmati ad inizio anno. Ci\u00f2 nonostante, i sodalizi bellunesi hanno dimostrato una grande sensibilit\u00e0 e generosit\u00e0 contribuendo alla donazione, proposta dal Comitato Unpli Belluno a favore dell\u2019Ulss 1 Dolomiti. Con il contributo di 24 Pro loco, 2 Consorzi e dello stesso Comitato Unpli Belluno, \u00e8 stata raccolta la somma di 4.500 euro, con la quale sono state acquistate sei pompe a siringa per infusione necessarie all\u2019interno delle terapie intensive. \u00ab<em>La strumentazione \u00e8 stata assegnata all\u2019unit\u00e0 operativa di Cardiologia di Belluno ed \u00e8 gi\u00e0 in funzione. Le pompe a siringa sono particolarmente utili per l\u2019infusione controllata dei farmaci, garantendo precisione e sicurezza nella somministrazione delle terapie&#8221; <\/em>lo\u00a0fa sapere la Direzione dell\u2019Ulss 1 Dolomiti, che ringrazia l\u2019Unpli per il generoso gesto di attenzione nei confronti della sanit\u00e0 bellunese che testimonia il legame del territorio con i suoi ospedali.<\/p>\n<p>&nbsp;<\/p>\n<hr \/>\n<p>&nbsp;<\/p>\n<blockquote>\n<h3>8 MARZO. LA CISL RICORDA DUE GRANDI DONNE: TINA ANSELMI E TINA MERLIN<\/h3>\n<\/blockquote>\n<p><strong><a href=\"https:\/\/www.radiopiu.net\/wordpress\/8-marzo-la-cisl-ricorda-due-grandi-donne-tina-anselmi-e-tina-merlin\/05a_cisl_fnp_anselmimerlin_flyerdigital\/\" rel=\"attachment wp-att-194774\"><img loading=\"lazy\" decoding=\"async\" class=\"size-medium wp-image-194774 alignleft\" src=\"https:\/\/www.radiopiu.net\/wordpress\/wp-content\/uploads\/2021\/03\/05A_Cisl_Fnp_AnselmiMerlin_FlyerDigital-300x300.jpg\" alt=\"\" width=\"300\" height=\"300\" srcset=\"https:\/\/www.radiopiu.net\/wordpress\/wp-content\/uploads\/2021\/03\/05A_Cisl_Fnp_AnselmiMerlin_FlyerDigital-300x300.jpg 300w, https:\/\/www.radiopiu.net\/wordpress\/wp-content\/uploads\/2021\/03\/05A_Cisl_Fnp_AnselmiMerlin_FlyerDigital-1024x1024.jpg 1024w, https:\/\/www.radiopiu.net\/wordpress\/wp-content\/uploads\/2021\/03\/05A_Cisl_Fnp_AnselmiMerlin_FlyerDigital-150x150.jpg 150w, https:\/\/www.radiopiu.net\/wordpress\/wp-content\/uploads\/2021\/03\/05A_Cisl_Fnp_AnselmiMerlin_FlyerDigital-768x768.jpg 768w, https:\/\/www.radiopiu.net\/wordpress\/wp-content\/uploads\/2021\/03\/05A_Cisl_Fnp_AnselmiMerlin_FlyerDigital-1536x1536.jpg 1536w, https:\/\/www.radiopiu.net\/wordpress\/wp-content\/uploads\/2021\/03\/05A_Cisl_Fnp_AnselmiMerlin_FlyerDigital-2048x2048.jpg 2048w\" sizes=\"auto, (max-width: 300px) 100vw, 300px\" \/><\/a>BELLUNO <\/strong>Nel mese della Donna, la Cisl Belluno Treviso omaggia due grandi donne del territorio che hanno fatto la storia del nostro Paese: Tina Anselmi e Tina Merlin. Venerd\u00ec 12 marzo alle 18 in tutti i canali social della Cisl locale e nel sito web dell\u2019Organizzazione sindacale <a href=\"http:\/\/www.cislbellunotreviso.it\">www.cislbellunotreviso.it<\/a> sar\u00e0 trasmesso lo spettacolo teatrale \u201cAlla radice del sogno\u201d di Daniela Mattiuzzi, con Patricia Zanco e Miranda Cortes alla fisarmonica, per le riprese e il montaggio video di Corrado Ceron e Alberto Bedin. Lo spettacolo racconta la storia di due grandi donne del Novecento, la castellana Anselmi (1927-2016) e la trichianese Merlin (1926-1991). Entrambe partigiane, sempre dalla parte dei pi\u00f9 deboli, due figure che hanno contribuito alla crescita democratica del Paese, all\u2019allargamento dei diritti dei lavoratori e delle lavoratrici, all\u2019emancipazione sociale e civile delle donne con scelte difficili e battaglie coraggiose.<\/p>\n<p>&nbsp;<\/p>\n<p>&nbsp;<\/p>\n<hr \/>\n<p>&nbsp;<\/p>\n<blockquote>\n<h3>RIAPRE LA PISCINA DI AGORDO PER L&#8217;ATTIVITA&#8217; AGONISTICA<\/h3>\n<\/blockquote>\n<p><strong><a href=\"https:\/\/www.radiopiu.net\/wordpress\/giornale-radiopiu-14-agosto-2019-direttore-mirko-mezzacasa\/images-242\/\" rel=\"attachment wp-att-95499\"><img loading=\"lazy\" decoding=\"async\" class=\"size-full wp-image-95499 alignleft\" src=\"https:\/\/www.radiopiu.net\/wordpress\/wp-content\/uploads\/2019\/08\/images.jpg\" alt=\"\" width=\"299\" height=\"168\" \/><\/a>AGORDO<\/strong>\u00a0 La piscina comprensoriale di Agordo di via Lungo Rova\u00a0 gestita da Attivamente Agordino riapre marted\u00ec 9 marzo 2021 ai tesserati FIN in totale sicurezza. Questa la decisione della Societ\u00e0 per permettere agli atleti e nuotatori agonisti di allenarsi anche in questo periodo di limitazioni per gli effetti dei DPCM anti contagio da Covid-19. Lo stop imposto al settore natatorio ha costretto l\u2019impianto agordino ad una chiusura totale dal 26 ottobre scorso, sospendendo drasticamente tutte le attivit\u00e0 organizzate (corsi, ginnastica, riabilitazione e fisioterapia in acqua, allenamenti e nuoto libero). L\u2019apertura di marzo vuole assicurare la fruibilit\u00e0 di uno spazio almeno a chi pratica sport in maniera agonistica, evitando ai bambini e ragazzi del territorio di compiere lunghe percorrenze o di rinunciare totalmente a questo sport per eccellenza presidio di salute. L\u2019augurio da parte di tutto lo staff di Attivamente Agordino \u00e8 quello di riaprire presto anche per tutti coloro che frequentano la piscina in maniera amatoriale o per motivi terapeutici-riabilitativi.<\/p>\n<p>&nbsp;<\/p>\n<hr \/>\n<blockquote>\n<h3><\/h3>\n<h3>C&#8217;E&#8217; IL PROGETTO PER LA NUOVA STAZIONE DELLE AUTOCORRIERE<\/h3>\n<\/blockquote>\n<p><strong><a href=\"https:\/\/www.radiopiu.net\/wordpress\/giornale-radiopiu-04-marzo-2021-direttore-mirko-mezzacasa\/piazzale-autocorriere\/\" rel=\"attachment wp-att-194926\"><img loading=\"lazy\" decoding=\"async\" class=\"size-medium wp-image-194926 alignleft\" src=\"https:\/\/www.radiopiu.net\/wordpress\/wp-content\/uploads\/2021\/03\/Piazzale-autocorriere-300x169.jpg\" alt=\"\" width=\"300\" height=\"169\" srcset=\"https:\/\/www.radiopiu.net\/wordpress\/wp-content\/uploads\/2021\/03\/Piazzale-autocorriere-300x169.jpg 300w, https:\/\/www.radiopiu.net\/wordpress\/wp-content\/uploads\/2021\/03\/Piazzale-autocorriere-1024x576.jpg 1024w, https:\/\/www.radiopiu.net\/wordpress\/wp-content\/uploads\/2021\/03\/Piazzale-autocorriere-768x432.jpg 768w, https:\/\/www.radiopiu.net\/wordpress\/wp-content\/uploads\/2021\/03\/Piazzale-autocorriere-1536x864.jpg 1536w, https:\/\/www.radiopiu.net\/wordpress\/wp-content\/uploads\/2021\/03\/Piazzale-autocorriere.jpg 2048w\" sizes=\"auto, (max-width: 300px) 100vw, 300px\" \/><\/a>FELTRE<\/strong> La Giunta comunale ha dato il via libera al progetto\u00a0 della nuova struttura di sosta ed accoglienza dei passeggeri nel terminal per le autocorriere in stazione, costo \u00a0665mila euro (compresi i\u00a0 203 mila euro per iva, spese tecniche ed accessorie). \u00a0Per la copertura dei costi,\u00a0185 mila euro sono a carico dell&#8217;impresa Altanon, 190 mila\u00a0 dal progetto \u201cVerso una mobilit\u00e0 sostenibile in Dolomiti Unesco\u201d, 290 mila euro il mutuo.\u00a0<em>\u201cLa nuova stazione delle autocorriere rappresenta uno snodo decisivo per il futuro della mobilit\u00e0 sostenibile cittadina, soprattutto come luogo di interscambio tra il trasporto ferroviario e quello pubblico su strada\u201d, <\/em>sottolinea l\u2019assessore alla mobilit\u00e0 Valter Bonan<\/p>\n<p><strong>L&#8217;ASSESSORE ADIS ZATTA<\/strong><\/p>\n<audio class=\"wp-audio-shortcode\" id=\"audio-194720-5\" preload=\"none\" style=\"width: 100%;\" controls=\"controls\"><source type=\"audio\/mpeg\" src=\"https:\/\/www.radiopiu.net\/wordpress\/wp-content\/uploads\/2021\/03\/Audi-Zatta-su-pensilina-nuova-stazione-autocorriere.mp3?_=5\" \/><a href=\"https:\/\/www.radiopiu.net\/wordpress\/wp-content\/uploads\/2021\/03\/Audi-Zatta-su-pensilina-nuova-stazione-autocorriere.mp3\">https:\/\/www.radiopiu.net\/wordpress\/wp-content\/uploads\/2021\/03\/Audi-Zatta-su-pensilina-nuova-stazione-autocorriere.mp3<\/a><\/audio>\n<p>&nbsp;<\/p>\n<hr \/>\n<p>&nbsp;<\/p>\n<h2><span style=\"color: #ff0000;\">TRE AGORDINI IN GARA CON IL PESTO RIGOROSAMENTE ALLA &#8220;LIA&#8221; GENOVESE\u00a0<\/span><\/h2>\n<blockquote>\n<h2>L&#8217;ARTICOLO TRA I PIU&#8217; CLICCATI, LA SCORSA SETTIMANA ALLA RADIO<\/h2>\n<\/blockquote>\n<p><strong><a href=\"https:\/\/www.radiopiu.net\/wordpress\/tre-agordini-al-campionato-mondiale-di-pesto-genovese-al-mortaio\/pesto-genovese\/\" rel=\"attachment wp-att-193174\"><img loading=\"lazy\" decoding=\"async\" class=\"size-medium wp-image-193174 alignleft\" src=\"https:\/\/www.radiopiu.net\/wordpress\/wp-content\/uploads\/2021\/02\/PESTO-GENOVESE-300x300.jpg\" alt=\"\" width=\"300\" height=\"300\" srcset=\"https:\/\/www.radiopiu.net\/wordpress\/wp-content\/uploads\/2021\/02\/PESTO-GENOVESE-300x300.jpg 300w, https:\/\/www.radiopiu.net\/wordpress\/wp-content\/uploads\/2021\/02\/PESTO-GENOVESE-1024x1024.jpg 1024w, https:\/\/www.radiopiu.net\/wordpress\/wp-content\/uploads\/2021\/02\/PESTO-GENOVESE-150x150.jpg 150w, https:\/\/www.radiopiu.net\/wordpress\/wp-content\/uploads\/2021\/02\/PESTO-GENOVESE-768x768.jpg 768w, https:\/\/www.radiopiu.net\/wordpress\/wp-content\/uploads\/2021\/02\/PESTO-GENOVESE-1536x1536.jpg 1536w, https:\/\/www.radiopiu.net\/wordpress\/wp-content\/uploads\/2021\/02\/PESTO-GENOVESE.jpg 1920w\" sizes=\"auto, (max-width: 300px) 100vw, 300px\" \/><\/a>VOLTAGO<\/strong><\/p>\n<p>di Gianni Santomaso<\/p>\n<audio class=\"wp-audio-shortcode\" id=\"audio-194720-6\" preload=\"none\" style=\"width: 100%;\" controls=\"controls\"><source type=\"audio\/mpeg\" src=\"https:\/\/www.radiopiu.net\/wordpress\/wp-content\/uploads\/2021\/02\/GIANNI-CONCORSO-PESTO.mp3?_=6\" \/><a href=\"https:\/\/www.radiopiu.net\/wordpress\/wp-content\/uploads\/2021\/02\/GIANNI-CONCORSO-PESTO.mp3\">https:\/\/www.radiopiu.net\/wordpress\/wp-content\/uploads\/2021\/02\/GIANNI-CONCORSO-PESTO.mp3<\/a><\/audio>\n<p>&nbsp;<\/p>\n\n\t\t\t<style type='text\/css'>\n\t\t\t\t#gallery-2 {\n\t\t\t\t\tmargin: auto;\n\t\t\t\t}\n\t\t\t\t#gallery-2 .gallery-item {\n\t\t\t\t\tfloat: left;\n\t\t\t\t\tmargin-top: 10px;\n\t\t\t\t\ttext-align: center;\n\t\t\t\t\twidth: 33%;\n\t\t\t\t}\n\t\t\t\t#gallery-2 img {\n\t\t\t\t\tborder: 2px solid #cfcfcf;\n\t\t\t\t}\n\t\t\t\t#gallery-2 .gallery-caption {\n\t\t\t\t\tmargin-left: 0;\n\t\t\t\t}\n\t\t\t\t\/* see gallery_shortcode() in wp-includes\/media.php *\/\n\t\t\t<\/style>\n\t\t<div id='gallery-2' class='dt-gallery-container gallery galleryid-194720 gallery-columns-3 gallery-size-medium'><dl class='gallery-item'>\n\t\t\t\t<dt class='gallery-icon portrait'>\n\t\t\t\t\t<a class=\"rollover rollover-zoom dt-pswp-item\" title=\"a4445917-4a03-47ba-9c9a-6265d1332783\" data-dt-img-description=\"\" data-large_image_width=\"528\" data-large_image_height=\"960\"href='https:\/\/www.radiopiu.net\/wordpress\/wp-content\/uploads\/2021\/02\/a4445917-4a03-47ba-9c9a-6265d1332783.jpg'><img loading=\"lazy\" decoding=\"async\" width=\"165\" height=\"300\" src=\"https:\/\/www.radiopiu.net\/wordpress\/wp-content\/uploads\/2021\/02\/a4445917-4a03-47ba-9c9a-6265d1332783-165x300.jpg\" class=\"attachment-medium size-medium\" alt=\"\" aria-describedby=\"gallery-2-193171\" srcset=\"https:\/\/www.radiopiu.net\/wordpress\/wp-content\/uploads\/2021\/02\/a4445917-4a03-47ba-9c9a-6265d1332783-165x300.jpg 165w, https:\/\/www.radiopiu.net\/wordpress\/wp-content\/uploads\/2021\/02\/a4445917-4a03-47ba-9c9a-6265d1332783.jpg 528w\" sizes=\"auto, (max-width: 165px) 100vw, 165px\" \/><\/a>\n\t\t\t\t<\/dt>\n\t\t\t\t\t<dd class='wp-caption-text gallery-caption' id='gallery-2-193171'>\n\t\t\t\t\tLIA DE BIASIO\n\t\t\t\t\t<\/dd><\/dl><dl class='gallery-item'>\n\t\t\t\t<dt class='gallery-icon portrait'>\n\t\t\t\t\t<a class=\"rollover rollover-zoom dt-pswp-item\" title=\"71784bc3-f71e-47de-bda2-16363539ce3c\" data-dt-img-description=\"\" data-large_image_width=\"312\" data-large_image_height=\"341\"href='https:\/\/www.radiopiu.net\/wordpress\/wp-content\/uploads\/2021\/02\/71784bc3-f71e-47de-bda2-16363539ce3c.jpg'><img loading=\"lazy\" decoding=\"async\" width=\"274\" height=\"300\" src=\"https:\/\/www.radiopiu.net\/wordpress\/wp-content\/uploads\/2021\/02\/71784bc3-f71e-47de-bda2-16363539ce3c-274x300.jpg\" class=\"attachment-medium size-medium\" alt=\"\" aria-describedby=\"gallery-2-193172\" srcset=\"https:\/\/www.radiopiu.net\/wordpress\/wp-content\/uploads\/2021\/02\/71784bc3-f71e-47de-bda2-16363539ce3c-274x300.jpg 274w, https:\/\/www.radiopiu.net\/wordpress\/wp-content\/uploads\/2021\/02\/71784bc3-f71e-47de-bda2-16363539ce3c.jpg 312w\" sizes=\"auto, (max-width: 274px) 100vw, 274px\" \/><\/a>\n\t\t\t\t<\/dt>\n\t\t\t\t\t<dd class='wp-caption-text gallery-caption' id='gallery-2-193172'>\n\t\t\t\t\tSILVANO SAVIO\n\t\t\t\t\t<\/dd><\/dl><dl class='gallery-item'>\n\t\t\t\t<dt class='gallery-icon portrait'>\n\t\t\t\t\t<a class=\"rollover rollover-zoom dt-pswp-item\" title=\"a70961a5-8249-40f2-b8ac-e60b60d2e03e\" data-dt-img-description=\"\" data-large_image_width=\"720\" data-large_image_height=\"796\"href='https:\/\/www.radiopiu.net\/wordpress\/wp-content\/uploads\/2021\/02\/a70961a5-8249-40f2-b8ac-e60b60d2e03e.jpg'><img loading=\"lazy\" decoding=\"async\" width=\"271\" height=\"300\" src=\"https:\/\/www.radiopiu.net\/wordpress\/wp-content\/uploads\/2021\/02\/a70961a5-8249-40f2-b8ac-e60b60d2e03e-271x300.jpg\" class=\"attachment-medium size-medium\" alt=\"\" aria-describedby=\"gallery-2-193173\" srcset=\"https:\/\/www.radiopiu.net\/wordpress\/wp-content\/uploads\/2021\/02\/a70961a5-8249-40f2-b8ac-e60b60d2e03e-271x300.jpg 271w, https:\/\/www.radiopiu.net\/wordpress\/wp-content\/uploads\/2021\/02\/a70961a5-8249-40f2-b8ac-e60b60d2e03e.jpg 720w\" sizes=\"auto, (max-width: 271px) 100vw, 271px\" \/><\/a>\n\t\t\t\t<\/dt>\n\t\t\t\t\t<dd class='wp-caption-text gallery-caption' id='gallery-2-193173'>\n\t\t\t\t\tGABRIELE RIVA\n\t\t\t\t\t<\/dd><\/dl><br style=\"clear: both\" \/>\n\t\t\t<\/div>\n\n<p>&nbsp;<\/p>\n<p>&nbsp;<\/p>\n<p>&nbsp;<\/p>\n<hr \/>\n<blockquote>\n<h3>8 MARZO: IL COMUNE DI FELTRE CELEBRA LA GIORNATA INTERNAZIONALE DEI DIRITTI DELLA DONNA CON LA PROIEZIONE DEL CORTOMETRAGGIO \u201cL\u2019AURORA\u201d<\/h3>\n<\/blockquote>\n<p><strong><a href=\"https:\/\/www.radiopiu.net\/wordpress\/8-marzo-il-comune-di-feltre-celebra-la-giornata-internazionale-dei-diritti-della-donna-con-la-proiezione-del-cortometraggio-laurora\/86dc06e7-774a-44f9-b859-32c61a3a80fa\/\" rel=\"attachment wp-att-194767\"><img loading=\"lazy\" decoding=\"async\" class=\" wp-image-194767 alignleft\" src=\"https:\/\/www.radiopiu.net\/wordpress\/wp-content\/uploads\/2021\/03\/86dc06e7-774a-44f9-b859-32c61a3a80fa-212x300.jpg\" alt=\"\" width=\"129\" height=\"183\" srcset=\"https:\/\/www.radiopiu.net\/wordpress\/wp-content\/uploads\/2021\/03\/86dc06e7-774a-44f9-b859-32c61a3a80fa-212x300.jpg 212w, https:\/\/www.radiopiu.net\/wordpress\/wp-content\/uploads\/2021\/03\/86dc06e7-774a-44f9-b859-32c61a3a80fa.jpg 595w\" sizes=\"auto, (max-width: 129px) 100vw, 129px\" \/><\/a>FELTRE <\/strong>Il Comune di Feltre e la Commissione comunale per le Pari Opportunit\u00e0 celebrano la Giornata internazionale dei diritti della donna con una iniziativa on-line. Nella giornata di luned\u00ec 8 marzo protagonista sar\u00e0 la proiezione del cortometraggio \u201cL&#8217;Aurora\u201d &#8211; girato proprio a Feltre nel 2019 &#8211; che affronta il difficile tema della violenza sulle donne. Il programma dell&#8217;iniziativa prevede la proiezione del cortometraggio per la regia di Lorenzo Cassol e successivamente l&#8217;incontro in modalit\u00e0 telematica con la sceneggiatrice, Alessia Buiatti, e con alcuni membri del cast, il regista e altri collaboratori della produzione. <u>Il corto sar\u00e0 visibile sulla pagina Facebook della Commissione Pari Opportunit\u00e0 di <\/u><u>Feltre a partire dalle 20.30<\/u>. Durante la serata sar\u00e0 possibile interagire con gli ospiti attraverso commenti e domande.<\/p>\n<p><strong>L&#8217;ASSESSORE DEL COMUNE DI FELTRE GIORGIA LI CASTRI<\/strong><\/p>\n<audio class=\"wp-audio-shortcode\" id=\"audio-194720-7\" preload=\"none\" style=\"width: 100%;\" controls=\"controls\"><source type=\"audio\/mpeg\" src=\"https:\/\/www.radiopiu.net\/wordpress\/wp-content\/uploads\/2021\/03\/LI-CASTRI-FESTA-DONNA.mp3?_=7\" \/><a href=\"https:\/\/www.radiopiu.net\/wordpress\/wp-content\/uploads\/2021\/03\/LI-CASTRI-FESTA-DONNA.mp3\">https:\/\/www.radiopiu.net\/wordpress\/wp-content\/uploads\/2021\/03\/LI-CASTRI-FESTA-DONNA.mp3<\/a><\/audio>\n<p>&nbsp;<\/p>\n<p>&nbsp;<\/p>\n<hr \/>\n<blockquote>\n<h3 class=\"p1\"><span class=\"s1\">\u00a0<\/span><\/h3>\n<h3 class=\"p1\"><span class=\"s1\">\u201cVOCI DI DONNA\u201d: TRE INCONTRI ONLINE PER RIFLETTERE SU VIOLENZA E PARIT\u00c0 DI GENERE<\/span><\/h3>\n<\/blockquote>\n<p class=\"p4\"><span class=\"s1\"><strong><a href=\"https:\/\/www.radiopiu.net\/wordpress\/giornale-radiopiu-04-marzo-2021-direttore-mirko-mezzacasa\/voci_di_donna_2021\/\" rel=\"attachment wp-att-194798\"><img loading=\"lazy\" decoding=\"async\" class=\"size-medium wp-image-194798 alignleft\" src=\"https:\/\/www.radiopiu.net\/wordpress\/wp-content\/uploads\/2021\/03\/Voci_di_donna_2021-212x300.jpg\" alt=\"\" width=\"212\" height=\"300\" srcset=\"https:\/\/www.radiopiu.net\/wordpress\/wp-content\/uploads\/2021\/03\/Voci_di_donna_2021-212x300.jpg 212w, https:\/\/www.radiopiu.net\/wordpress\/wp-content\/uploads\/2021\/03\/Voci_di_donna_2021-724x1024.jpg 724w, https:\/\/www.radiopiu.net\/wordpress\/wp-content\/uploads\/2021\/03\/Voci_di_donna_2021-768x1086.jpg 768w, https:\/\/www.radiopiu.net\/wordpress\/wp-content\/uploads\/2021\/03\/Voci_di_donna_2021-1087x1536.jpg 1087w, https:\/\/www.radiopiu.net\/wordpress\/wp-content\/uploads\/2021\/03\/Voci_di_donna_2021.jpg 1240w\" sizes=\"auto, (max-width: 212px) 100vw, 212px\" \/><\/a>PONTE NELLE ALPI <\/strong>Riparte la rassegna dedicata al mondo femminile e alla parit\u00e0 di genere: \u201cVoci di donna\u201d. Tre gli incontri (inizieranno tutti alle ore 20), per quest\u2019anno in modalit\u00e0 online sul canale YouTube del Comune di Ponte nelle Alpi, che promuove la rassegna insieme alla Commissione Diritti civili e Politiche di genere e alla Biblioteca civica.\u00a0 <\/span><span class=\"s1\">Si comincia venerd\u00ec 5 marzo con Yulia Gladka, relatrice d\u2019eccezione e operatrice del Centro Belluno-Donna, chiamata ad approfondire la \u201cViolenza contro le donne migranti e il ruolo del Centro antiviolenza\u201d: non mancher\u00e0 l\u2019intervento di Anna Cubattoli, presidente del Centro. <\/span><span class=\"s1\">\u201cLa Convenzione di Istanbul\u201d sar\u00e0 poi il fulcro della serata di luned\u00ec 22 marzo: la giudice del Tribunale di Roma, Paola Di Nicola Travaglini, si soffermer\u00e0 sul primo strumento internazionale che riconosce la violenza contro la donna e la violenza domestica come violazione dei diritti umani.\u00a0 <\/span><span class=\"s1\">Infine, uno sguardo al mondo dell\u2019informazione con \u201cIl Manifesto di Venezia e la Carta di Treviso\u201d: in questo caso, appuntamento per venerd\u00ec 23 aprile con la segretaria del Sindacato Giornalisti del Veneto, Monica Andolfatto, e il giornalista Marco D\u2019Inc\u00e0.\u00a0\u00a0<\/span><\/p>\n<p>&nbsp;<\/p>\n<hr \/>\n<p>&nbsp;<\/p>\n<p>&nbsp;<\/p>\n<blockquote>\n<h3>CON SCUOLE IN RETE I RISCHI DI INTERNET<\/h3>\n<\/blockquote>\n<p><strong><a href=\"https:\/\/www.radiopiu.net\/wordpress\/?attachment_id=194962\" rel=\"attachment wp-att-194962\"><img loading=\"lazy\" decoding=\"async\" class=\"size-medium wp-image-194962 alignleft\" src=\"https:\/\/www.radiopiu.net\/wordpress\/wp-content\/uploads\/2021\/03\/Flora-con-gli-studneti-della-Consulta2-300x97.png\" alt=\"\" width=\"300\" height=\"97\" srcset=\"https:\/\/www.radiopiu.net\/wordpress\/wp-content\/uploads\/2021\/03\/Flora-con-gli-studneti-della-Consulta2-300x97.png 300w, https:\/\/www.radiopiu.net\/wordpress\/wp-content\/uploads\/2021\/03\/Flora-con-gli-studneti-della-Consulta2-1024x330.png 1024w, https:\/\/www.radiopiu.net\/wordpress\/wp-content\/uploads\/2021\/03\/Flora-con-gli-studneti-della-Consulta2-768x248.png 768w, https:\/\/www.radiopiu.net\/wordpress\/wp-content\/uploads\/2021\/03\/Flora-con-gli-studneti-della-Consulta2-1536x495.png 1536w, https:\/\/www.radiopiu.net\/wordpress\/wp-content\/uploads\/2021\/03\/Flora-con-gli-studneti-della-Consulta2.png 1899w\" sizes=\"auto, (max-width: 300px) 100vw, 300px\" \/><\/a>BELLUNO<\/strong> E&#8217; l&#8217;opportunit\u00e0 per studenti e genitori di toccare con mano i rischi di internet e della web reputation, un incontro on line con Matteo Flora, Vlogger di fama, insegna in tre universit\u00e0, gestisce 3 start Up, \u00e8 nel Consiglio di amministrazione di una societ\u00e0 di Londra, \u00e8 consulente del Consiglio d&#8217;Europa, \u00e8 fondatore di un&#8217;associazione contro il revenge porn. Gli studenti bellunesi gi\u00e0 lo conoscono avendolo incontrato sempre in video conferenza a febbraio (foto). Per iscriversi: sul sito <a class=\"moz-txt-link-abbreviated\" href=\"http:\/\/www.studentibelluno.it\">www.studentibelluno.it<\/a><\/p>\n<p>&nbsp;<\/p>\n<hr \/>\n<blockquote>\n<h3><\/h3>\n<h3>LEGGE ANTIFASCISTA, SABATO IL GAZEBO<\/h3>\n<\/blockquote>\n<p><strong>BELLUNO<\/strong> Per due sabato il prossimo e il 13 marzo sar\u00e0 presente in Piazza dei Martiri dalle 9 alle 13\u00a0 il gazebo organizzato dai consiglieri comunali di maggioranza e del Partito Democratico per la raccolta firme a sostegno della proposta di legge di iniziativa popolare \u201cStazzema\u201d, contro la propaganda fascista e nazista. La proposta prevede che <em>\u201cchiunque propagandi i contenuti del partito fascista \u00e8 punito con la reclusione da sei mesi a due anni&#8221;. <\/em>La raccolta firme nel comune di Belluno sta superando le attese e a livello nazionale ha gi\u00e0 superato quota 50mila sottoscrizioni; proseguir\u00e0 fino al 31 marzo. Oltre che al gazebo in piazza, \u00e8 sempre possibile sottoscrivere la raccolta firme anche all&#8217;Ufficio Anagrafe del Comune di Belluno in Via Mezzaterra<\/p>\n<p>&nbsp;<\/p>\n<p>&nbsp;<\/p>\n<hr \/>\n<blockquote>\n<h3><\/h3>\n<h3>LA FIAMMA ORO KAROLINE SUL PODIO, UN&#8217;ALTRA CILIEGINA PER LA SKI AREA SAN PELLEGRINO, LE ITALIANE SPLENDONO<\/h3>\n<\/blockquote>\n<p><span style=\"color: #ff0000;\"><strong><a href=\"https:\/\/www.radiopiu.net\/wordpress\/federica-brignone-vince-il-super\/volata-2\/\" rel=\"attachment wp-att-194200\"><img loading=\"lazy\" decoding=\"async\" class=\"wp-image-194200 alignleft\" src=\"https:\/\/www.radiopiu.net\/wordpress\/wp-content\/uploads\/2021\/02\/VOLATA-300x229.jpg\" alt=\"\" width=\"165\" height=\"126\" srcset=\"https:\/\/www.radiopiu.net\/wordpress\/wp-content\/uploads\/2021\/02\/VOLATA-300x229.jpg 300w, https:\/\/www.radiopiu.net\/wordpress\/wp-content\/uploads\/2021\/02\/VOLATA-1024x781.jpg 1024w, https:\/\/www.radiopiu.net\/wordpress\/wp-content\/uploads\/2021\/02\/VOLATA-768x586.jpg 768w, https:\/\/www.radiopiu.net\/wordpress\/wp-content\/uploads\/2021\/02\/VOLATA-1536x1171.jpg 1536w, https:\/\/www.radiopiu.net\/wordpress\/wp-content\/uploads\/2021\/02\/VOLATA.jpg 1600w\" sizes=\"auto, (max-width: 165px) 100vw, 165px\" \/><\/a><\/strong><\/span><\/p>\n<p>&nbsp;<\/p>\n<p><span style=\"color: #ff0000;\"><strong>SPECIALE 03 MARZO 2021<\/strong><\/span><\/p>\n<p><strong>OSPITE, RENZO MINELLA RESPONSABILE MARKETING SKI AREA<\/strong><\/p>\n<p>&nbsp;<\/p>\n<audio class=\"wp-audio-shortcode\" id=\"audio-194720-8\" preload=\"none\" style=\"width: 100%;\" controls=\"controls\"><source type=\"audio\/mpeg\" src=\"https:\/\/www.radiopiu.net\/wordpress\/wp-content\/uploads\/2021\/03\/REP.mp3?_=8\" \/><a href=\"https:\/\/www.radiopiu.net\/wordpress\/wp-content\/uploads\/2021\/03\/REP.mp3\">https:\/\/www.radiopiu.net\/wordpress\/wp-content\/uploads\/2021\/03\/REP.mp3<\/a><\/audio>\n<p><strong>LA RACCOLTA COMPLETA<\/strong><\/p>\n<blockquote class=\"wp-embedded-content\" data-secret=\"Z07cYVQu7w\"><p><a href=\"https:\/\/www.radiopiu.net\/wordpress\/coppa-europa-ski-area-san-pellegrino-in-cattedra-dopo-la-coppa-del-mondo\/\">LA FIAMMA ORO KAROLINE SUL PODIO, UN&#8217;ALTRA CILIEGINA PER LA SKI AREA SAN PELLEGRINO, LE ITALIANE SPLENDONO<\/a><\/p><\/blockquote>\n<p><iframe loading=\"lazy\" class=\"wp-embedded-content\" sandbox=\"allow-scripts\" security=\"restricted\" style=\"position: absolute; clip: rect(1px, 1px, 1px, 1px);\" title=\"&#8220;LA FIAMMA ORO KAROLINE SUL PODIO, UN&#8217;ALTRA CILIEGINA PER LA SKI AREA SAN PELLEGRINO, LE ITALIANE SPLENDONO&#8221; &#8212; Radio Pi\u00f9\" src=\"https:\/\/www.radiopiu.net\/wordpress\/coppa-europa-ski-area-san-pellegrino-in-cattedra-dopo-la-coppa-del-mondo\/embed\/#?secret=Z07cYVQu7w\" data-secret=\"Z07cYVQu7w\" width=\"600\" height=\"338\" frameborder=\"0\" marginwidth=\"0\" marginheight=\"0\" scrolling=\"no\"><\/iframe><\/p>\n<p>&nbsp;<\/p>\n<p>&nbsp;<\/p>\n<hr \/>\n<h3><\/h3>\n<blockquote>\n<h3>PIU&#8217; TUTELE PER GLI ANIMALI D&#8217;AFFEZIONE, PDL PER IL CONTRASTO AL MALTRATTAMENTO<\/h3>\n<p><em>&#8220;\u00e8 l\u2019ora della concretezza, non bastano foto e dichiarazioni di circostanza da mettere sui social per acchiappare qualche \u2018like\u2019 in pi\u00f9\u201d.<\/em><\/p><\/blockquote>\n<p><strong><a href=\"https:\/\/www.radiopiu.net\/wordpress\/puntata-3-allattare-un-gattino-abbandonato\/gattini-allattare\/\" rel=\"attachment wp-att-44331\"><img loading=\"lazy\" decoding=\"async\" class=\"wp-image-44331 alignleft\" src=\"https:\/\/www.radiopiu.net\/wordpress\/wp-content\/uploads\/2018\/03\/gattini-allattare-300x225.jpg\" alt=\"\" width=\"208\" height=\"156\" srcset=\"https:\/\/www.radiopiu.net\/wordpress\/wp-content\/uploads\/2018\/03\/gattini-allattare-300x225.jpg 300w, https:\/\/www.radiopiu.net\/wordpress\/wp-content\/uploads\/2018\/03\/gattini-allattare-768x576.jpg 768w, https:\/\/www.radiopiu.net\/wordpress\/wp-content\/uploads\/2018\/03\/gattini-allattare-1024x768.jpg 1024w, https:\/\/www.radiopiu.net\/wordpress\/wp-content\/uploads\/2018\/03\/gattini-allattare.jpg 2048w\" sizes=\"auto, (max-width: 208px) 100vw, 208px\" \/><\/a>VENEZIA<\/strong> <em>\u201cAbbiamo presentato un progetto di legge per proteggere i nostri amici a quattro zampe da maltrattamenti e abbandoni, piaghe molto diffuse anche in Veneto. Chiediamo l\u2019introduzione di divieti stringenti e sanzioni pi\u00f9 severe e maggiori fondi per chi si occupa del loro benessere: difendere gli animali di affezione \u00e8 una questione di civilt\u00e0\u201d<\/em>. A dirlo \u00e8 Andrea Zanoni, primo firmatario del Pdl \u2018Norme per la tutela degli animali d\u2019affezione e per il contrasto del maltrattamento, dell\u2019abbandono e del randagismo\u2019.\u00a0 Il numero di animali d\u2019affezione \u00e8 in continua crescita: al 31 dicembre 2020 erano ben 852.694 i cani iscritti all\u2019anagrafe canina del Veneto, una media di oltre uno ogni sei cittadini, verosimilmente uno ogni due famiglie a Belluno sono iscritti 34.463 cani. \u201cIn aumento, per\u00f2, sono anche i casi di maltrattamento: leggiamo troppo spesso episodi di estrema e assurda crudelt\u00e0, cos\u00ec come delle difficolt\u00e0 in cui versano le strutture di ricovero per animali abbandonati. Questo Pdl sancisce anzitutto il loro diritto alla dignit\u00e0 in quanto esseri viventi e le misure al suo interno sono conseguenti. Il Pdl prevede poi l\u2019istituzione dell\u2019Anagrafe regionale con obbligo di microchip anche per i gatti e viene creato un nuovo organismo l\u2019Ardav (Area regionale dei diritti degli animali nel Veneto), a cui partecipano enti locali, Ulss e i rappresentanti di associazioni di protezione. Ulteriori novit\u00e0 riguardano l\u2019accesso degli animali negli ospedali e nelle case di riposo e la possibilit\u00e0 per le associazioni di tutela di rivolgersi alle mense pubbliche, supermercati e negozi per il prelievo di residui ed eccedenze di cibo.<\/p>\n<p>&nbsp;<\/p>\n<p>&nbsp;<\/p>\n<p>&nbsp;<\/p>\n<blockquote><p>&nbsp;<\/p>\n<p>&nbsp;<\/p>\n<hr \/>\n<h3>ASCA ALLA RICERCA DI UN ISTRUTTORE AMMINISTRATIVO ADDETTO AL PERSONALE E INFERMIERI<\/h3>\n<\/blockquote>\n<p><strong><a href=\"https:\/\/www.radiopiu.net\/wordpress\/asca-ricerca-personale-infermieristico\/asca-4\/\" rel=\"attachment wp-att-128881\"><img loading=\"lazy\" decoding=\"async\" class=\" wp-image-128881 alignleft\" src=\"https:\/\/www.radiopiu.net\/wordpress\/wp-content\/uploads\/2020\/04\/ASCA-300x165.png\" alt=\"\" width=\"224\" height=\"123\" srcset=\"https:\/\/www.radiopiu.net\/wordpress\/wp-content\/uploads\/2020\/04\/ASCA-300x165.png 300w, https:\/\/www.radiopiu.net\/wordpress\/wp-content\/uploads\/2020\/04\/ASCA-1024x565.png 1024w, https:\/\/www.radiopiu.net\/wordpress\/wp-content\/uploads\/2020\/04\/ASCA-768x424.png 768w, https:\/\/www.radiopiu.net\/wordpress\/wp-content\/uploads\/2020\/04\/ASCA.png 1211w\" sizes=\"auto, (max-width: 224px) 100vw, 224px\" \/><\/a><\/strong><\/p>\n<p>&nbsp;<\/p>\n<p><strong>di GIANNI SANTOMASO<\/strong><\/p>\n<audio class=\"wp-audio-shortcode\" id=\"audio-194720-9\" preload=\"none\" style=\"width: 100%;\" controls=\"controls\"><source type=\"audio\/mpeg\" src=\"https:\/\/www.radiopiu.net\/wordpress\/wp-content\/uploads\/2021\/03\/GIANNI-RSA.mp3?_=9\" \/><a href=\"https:\/\/www.radiopiu.net\/wordpress\/wp-content\/uploads\/2021\/03\/GIANNI-RSA.mp3\">https:\/\/www.radiopiu.net\/wordpress\/wp-content\/uploads\/2021\/03\/GIANNI-RSA.mp3<\/a><\/audio>\n<p>&nbsp;<\/p>\n<hr \/>\n<h3><\/h3>\n<h3>CERCASI FARMACISTI-COLLABORATORI AD AGORDO<\/h3>\n<p><strong><img loading=\"lazy\" decoding=\"async\" class=\"alignleft\" src=\"https:\/\/www.radiopiu.net\/wordpress\/wp-content\/uploads\/2020\/06\/e557474c-a46e-408a-ad77-242a0f3ef7c9.jpg\" width=\"62\" height=\"83\" \/>AGORDO<\/strong> L&#8217;Azienda Speciale Agordo Servizi ha indetto una selezione per la copertura di due posti e tempo pieno (40 ore) come Farmacista-collaboratore di primo livello. Il candidato dovr\u00e0 essere in grado di svolgere attivit\u00e0 ad elevato contenuto professionale di natura sanitaria o tecnica amministrativa in condizione di ampia autonomia. Le domande devono essere presentate entro le 12 del 3 marzo. Di seguito tutti i particolari compreso il calendario della prova che sar\u00e0 pubblicato sul sito agordofarmaciacomunale.it<\/p>\n<p>&nbsp;<\/p>\n<hr \/>\n<p>&nbsp;<\/p>\n<p>&nbsp;<\/p>\n<blockquote>\n<h3>UNIONE MONTANA ON LINE, VENERDI DALLA SALA DON TAMIS<\/h3>\n<p><strong>AGORDO<\/strong><\/p><\/blockquote>\n<p><strong>DI GIANNI SANTOMASO\u00a0<\/strong><\/p>\n<audio class=\"wp-audio-shortcode\" id=\"audio-194720-10\" preload=\"none\" style=\"width: 100%;\" controls=\"controls\"><source type=\"audio\/mpeg\" src=\"https:\/\/www.radiopiu.net\/wordpress\/wp-content\/uploads\/2021\/03\/GIANNI-UNIONE.mp3?_=10\" \/><a href=\"https:\/\/www.radiopiu.net\/wordpress\/wp-content\/uploads\/2021\/03\/GIANNI-UNIONE.mp3\">https:\/\/www.radiopiu.net\/wordpress\/wp-content\/uploads\/2021\/03\/GIANNI-UNIONE.mp3<\/a><\/audio>\n<p>&nbsp;<\/p>\n<p>&nbsp;<\/p>\n<hr \/>\n<blockquote>\n<h3><a href=\"https:\/\/www.radiopiu.net\/wordpress\/un-san-valentino-carico-di-cuori-in-agordino-grazie-a-nicola-tancon\/sulla-piana-di-falcade\/\" rel=\"attachment wp-att-191357\"><img loading=\"lazy\" decoding=\"async\" class=\"wp-image-191357 alignleft\" src=\"https:\/\/www.radiopiu.net\/wordpress\/wp-content\/uploads\/2021\/02\/Sulla-Piana-di-Falcade-229x300.jpeg\" alt=\"\" width=\"118\" height=\"155\" srcset=\"https:\/\/www.radiopiu.net\/wordpress\/wp-content\/uploads\/2021\/02\/Sulla-Piana-di-Falcade-229x300.jpeg 229w, https:\/\/www.radiopiu.net\/wordpress\/wp-content\/uploads\/2021\/02\/Sulla-Piana-di-Falcade-781x1024.jpeg 781w, https:\/\/www.radiopiu.net\/wordpress\/wp-content\/uploads\/2021\/02\/Sulla-Piana-di-Falcade-768x1008.jpeg 768w, https:\/\/www.radiopiu.net\/wordpress\/wp-content\/uploads\/2021\/02\/Sulla-Piana-di-Falcade-1171x1536.jpeg 1171w, https:\/\/www.radiopiu.net\/wordpress\/wp-content\/uploads\/2021\/02\/Sulla-Piana-di-Falcade.jpeg 1561w\" sizes=\"auto, (max-width: 118px) 100vw, 118px\" \/><\/a><\/h3>\n<h3>GIOVEDI IL BILANCIO DI PREVISIONE E IL DUP<\/h3>\n<\/blockquote>\n<p><strong>FALCADE<\/strong><\/p>\n<p><strong>DAL CORRIERE DELLE ALPI IL SERVIZIO DI GIANNI SANTOMASO<\/strong><\/p>\n<audio class=\"wp-audio-shortcode\" id=\"audio-194720-11\" preload=\"none\" style=\"width: 100%;\" controls=\"controls\"><source type=\"audio\/mpeg\" src=\"https:\/\/www.radiopiu.net\/wordpress\/wp-content\/uploads\/2021\/02\/GIANNI-CONSIGLIO-FALCADE.mp3?_=11\" \/><a href=\"https:\/\/www.radiopiu.net\/wordpress\/wp-content\/uploads\/2021\/02\/GIANNI-CONSIGLIO-FALCADE.mp3\">https:\/\/www.radiopiu.net\/wordpress\/wp-content\/uploads\/2021\/02\/GIANNI-CONSIGLIO-FALCADE.mp3<\/a><\/audio>\n<p>&nbsp;<\/p>\n<hr \/>\n<p>&nbsp;<\/p>\n<blockquote>\n<h3>IN CONSIGLIO ANCHE PER LA VERIFICA DELLE AREE FABBRICABILI<\/h3>\n<\/blockquote>\n<p><strong><a href=\"https:\/\/www.radiopiu.net\/wordpress\/feb01010112\/th-25\/\" rel=\"attachment wp-att-188402\"><img loading=\"lazy\" decoding=\"async\" class=\"wp-image-188402 alignleft\" src=\"https:\/\/www.radiopiu.net\/wordpress\/wp-content\/uploads\/2021\/02\/th.jpg\" alt=\"\" width=\"140\" height=\"97\" \/><\/a>COLLE SANTA LUCIA<\/strong> Sabato 6 marzo\u00a0 mattina alle 7.30 consiglio comunale convocato dal sindaco Paolo Frena. Quindici punti all&#8217;ordine del giorno, comunicazioni del sindaco comprese. Regolamenti, approvazione di programmi a bilanci, verifica delle aree edificabili, Documento Unico di Programmazione tra gli argomenti principali.<\/p>\n<p>&nbsp;<\/p>\n<p>&nbsp;<\/p>\n<hr \/>\n<p>&nbsp;<\/p>\n<blockquote>\n<h3>LE PROPOSTE PER LA MODIFICA DEL PIANO DEGLI INTERVENTI<\/h3>\n<\/blockquote>\n<p><strong><a href=\"https:\/\/www.radiopiu.net\/wordpress\/consiglio-comunale-di-falcade-registrazione-integrale-durata-1h33m\/falcade-3-2\/\" rel=\"attachment wp-att-163179\"><img loading=\"lazy\" decoding=\"async\" class=\"wp-image-163179 alignleft\" src=\"https:\/\/www.radiopiu.net\/wordpress\/wp-content\/uploads\/2020\/09\/FALCADE-3-300x225.jpg\" alt=\"\" width=\"133\" height=\"100\" srcset=\"https:\/\/www.radiopiu.net\/wordpress\/wp-content\/uploads\/2020\/09\/FALCADE-3-300x225.jpg 300w, https:\/\/www.radiopiu.net\/wordpress\/wp-content\/uploads\/2020\/09\/FALCADE-3-768x576.jpg 768w, https:\/\/www.radiopiu.net\/wordpress\/wp-content\/uploads\/2020\/09\/FALCADE-3-640x480.jpg 640w, https:\/\/www.radiopiu.net\/wordpress\/wp-content\/uploads\/2020\/09\/FALCADE-3.jpg 960w\" sizes=\"auto, (max-width: 133px) 100vw, 133px\" \/><\/a>FALCADE<\/strong>\u00a0 <em>&#8220;Il Comune di Falcade comunica che \u00e8 stato pubblicato un importante <u>AVVISO\u00a0per la\u00a0presentazione delle proposte per la modifica del Piano degli Interventi<\/u>, a firma del Sindaco Michele Costa,\u00a0 l<\/em><em>&#8216;avviso \u00e8 pubblicato e scaricabile dal sito internet del Comune di Falcade. <\/em><em>Le proposte dovranno pervenire entro e non oltre il 18 marzo 2021&#8243;<\/em><\/p>\n<p>&nbsp;<\/p>\n<p>&nbsp;<\/p>\n<hr \/>\n<p>&nbsp;<\/p>\n<p>&nbsp;<\/p>\n<blockquote>\n<div>\n<h2><span style=\"color: #ff0000;\">ALLA RADIO<\/span><\/h2>\n<h2><strong>LE\u00a0 PUNTATE di Luisa Alchini di Leggermente Bellunesi, la domenica alle 11, <span style=\"color: #0000ff;\">IL MARTEDI IN PRIMA EDIZIONE\u00a0<\/span> alle 10.30 e alle 19.00<\/strong><\/h2>\n<p><strong><a href=\"https:\/\/www.radiopiu.net\/wordpress\/legger-mente-bellunesi-02-marzo-2021\/156828176_1598288807025847_358448174778964781_o\/\" rel=\"attachment wp-att-194538\"><img loading=\"lazy\" decoding=\"async\" class=\" wp-image-194538 alignleft\" src=\"https:\/\/www.radiopiu.net\/wordpress\/wp-content\/uploads\/2021\/03\/156828176_1598288807025847_358448174778964781_o-206x300.jpg\" alt=\"\" width=\"86\" height=\"125\" srcset=\"https:\/\/www.radiopiu.net\/wordpress\/wp-content\/uploads\/2021\/03\/156828176_1598288807025847_358448174778964781_o-206x300.jpg 206w, https:\/\/www.radiopiu.net\/wordpress\/wp-content\/uploads\/2021\/03\/156828176_1598288807025847_358448174778964781_o.jpg 685w\" sizes=\"auto, (max-width: 86px) 100vw, 86px\" \/><\/a>\u00a0<\/strong><\/p>\n<p>La gloriosa carriera del perito minerario Gianni Rivis raccontata nel libro di ricordi.<\/p>\n<audio class=\"wp-audio-shortcode\" id=\"audio-194720-12\" preload=\"none\" style=\"width: 100%;\" controls=\"controls\"><source type=\"audio\/mpeg\" src=\"https:\/\/www.radiopiu.net\/wordpress\/wp-content\/uploads\/2021\/03\/20leggermentegiannirivis2021.mp3?_=12\" \/><a href=\"https:\/\/www.radiopiu.net\/wordpress\/wp-content\/uploads\/2021\/03\/20leggermentegiannirivis2021.mp3\">https:\/\/www.radiopiu.net\/wordpress\/wp-content\/uploads\/2021\/03\/20leggermentegiannirivis2021.mp3<\/a><\/audio>\n<p>&nbsp;<\/p>\n<h2><strong style=\"font-size: 14px;\"><span style=\"color: #000000;\">RACCOLTA COMPLETA<\/span><\/strong><\/h2>\n<\/div>\n<blockquote class=\"wp-embedded-content\" data-secret=\"CNVCw1IcBG\"><p><a href=\"https:\/\/www.radiopiu.net\/wordpress\/leggermente-20\/\">LEGGERmente&#8230;Bellunesi<\/a><\/p><\/blockquote>\n<p><iframe loading=\"lazy\" class=\"wp-embedded-content\" sandbox=\"allow-scripts\" security=\"restricted\" style=\"position: absolute; clip: rect(1px, 1px, 1px, 1px);\" title=\"&#8220;LEGGERmente&#8230;Bellunesi&#8221; &#8212; Radio Pi\u00f9\" src=\"https:\/\/www.radiopiu.net\/wordpress\/leggermente-20\/embed\/#?secret=CNVCw1IcBG\" data-secret=\"CNVCw1IcBG\" width=\"600\" height=\"338\" frameborder=\"0\" marginwidth=\"0\" marginheight=\"0\" scrolling=\"no\"><\/iframe><\/p>\n<p>&nbsp;<\/p><\/blockquote>\n<p>&nbsp;<\/p>\n<p>&nbsp;<\/p>\n<hr \/>\n<blockquote>\n<h3>IL SEMINARIO DI BELLUNO RICORDER\u00c0 I 700 ANNI DALLA SCOMPARSA DI DANTE<\/h3>\n<\/blockquote>\n<p><strong>di RENATO BONA<\/strong><\/p>\n<p><strong>BELLUNO<\/strong> La bellezza di settecento anni fa, il 14 settembre 1321, moriva a Ravenna, all\u2019et\u00e0 di 56 anni, Dante Alighieri, o Alighiero, come ben ricorda la libera enciclopedia Wikipedia che aggiunge: \u201cbattezzato Durante di Alighiero degli Alighieri e anche noto con il solo nome di Dante, della famiglia Alighieri\u201d. La ricorrenza interessa non secondariamente anche la terra e la gente bellunese (fra l\u2019altro in pieno centro storico, nella Piazza dei Martiri, vi \u00e8 Porta Dante, con busto dell\u2019Alighieri) dato che come non molti purtroppo sanno, nell\u2019ambito del Seminario Gregoriano \u00e8 conservato &#8211; all\u2019interno della Biblioteca Lolliniana &#8211; \u201cuno dei manoscritti pi\u00f9 ragguardevoli che la nostra provincia ha la fortuna di ospitare, ovvero una delle cento copie della Commedia di Dante Alighieri prodotte dalla officina scrittoria di Francesco di ser Nardo da Barberino negli anni trenta-quaranta del XIV secolo, poco dopo la morte del Sommo Poeta\u201d (quanto precede \u00e8 stato scritto da Jacopo De Pasquale con un servizio apparso nel sito diocesano \u201cchiesabellunofeltre\u201d. De Pasquale, bellunese prossimo ai 36 anni, laureato in scienze storiche e forme della memoria all\u2019Universit\u00e0 di Trento, si occupa &#8211; come si pu\u00f2 leggere nel sito biblioteca.comune.belluno &#8211; con ricerche in ambito archivistico e conferenze, di storia regionale veneta in epoca medievale e moderna, con particolare attenzione al mondo della cavalleria, ai valori ad essa connessi e alle istituzioni ecclesiastiche bellunesi nei secoli centrali del Medioevo. Sul \u201ctesoro\u201d della \u201cLolliniana\u201d ha avuto modo di soffermarsi anche il rettore del Seminario Gregoriano Giorgio Lise il quale ha rilasciato una interessante esaustiva intervista all\u2019emittente radiofonica della associazione \u201cBellunesi nel mondo\u201d per la rubrica Una voce delle Dolomiti. Il monsignore (che \u00e8 vicario giudiziale e cappellano provinciale della Polizia di Stato, \u00e8 stato recentemente nominato con decreto del vescovo di Belluno-Feltre monsignor Renato Marangoni nuovo delegato per la Vita consacrata, col mandato di \u201csostenere i carismi propri di ogni istituto e al tempo stesso di promuovere il coordinamento con il cammino pastorale della nostra Chiesa\u201d e subentra a don Giovanni Unterberger che ha cessato il servizio per raggiunti limiti di et\u00e0) ha confermato che ormai da qualche mese \u00e8 stato instaurato un rapporto collaborativo tra Seminario, Comuni di Belluno e Feltre, Istituto di scienze religiose \u201cGiovanni Paolo I\u201d per puntare alla valorizzazione del codice dantesco con iniziative che si rivolgeranno alla popolazione della provincia oltre che agli addetti ai lavori e dovrebbero potersi svolgere, pandemia permettendo, tra la fine della primavera e l\u2019inizio dell\u2019estate prossima, col coinvolgimento di personaggi della cultura e della societ\u00e0 civile in modo da rendere il dovuto omaggio al grande Dante, patrimonio della storia italiana e mondiale. In vista di questa importante scadenza, monsignor Lise ha avuto modo di spiegare che il \u201cGregoriano\u201d con le annesse biblioteche \u00e8 gi\u00e0 impegnato per garantire la disponibilit\u00e0 del reperto dantesco, ovviamente nelle condizioni di sicurezza e secondo quanto disposto dalle norme e dalla Soprintendenza, con due esposizioni, a Belluno e a Feltre mentre con la partecipazione dell\u2019Istituto che porta il nome del \u201cPapa bellunese del sorriso, Albino Luciani\u201d sar\u00e0 proposta una giornata di studi aperta a tutti, con relazioni di eminenti studiosi del settore. L\u2019obiettivo &#8211; come ha scritto De Pasquale &#8211; \u00e8 di \u201ccondividere questo esclusivo patrimonio culturale che la Diocesi di Belluno-Feltre ha la fortuna di conservare e il dovere di proteggere e valorizzare, non solo per dare lustro al nostro troppo spesso bistrattato territorio, ma soprattutto per far rinascere in ognuno di noi la speranza di un domani migliore e pi\u00f9 rassicurante\u201d. Perch\u00e9 a suo avviso \u201cE\u2019 questo il ruolo che le biblioteche devono avere oggi: non semplici istituti di conservazioni ma veri e propri centri di resistenza culturale, luoghi di scambio, di condivisione e di speranza, vere e proprie piazze del sapere come le ha recentemente definite Antonella Agnoli. Una qualsiasi opera d\u2019arte, dal libro, al quadro fino al grande palazzo, solo se condivisa pu\u00f2 infatti esprimere appieno il suo valore civile e spirituale, oltre che propriamente culturale, e divenire patrimonio delle future generazioni\u201d. Che \u00e8 quanto sostenuto da Giovanni Paolo II all\u2019assemblea plenaria della Pontificia commissione per i beni culturali della Chiesa il 31 marzo 2000: \u201cLa Chiesa non \u00e8 soltanto custode del suo passato; essa \u00e8 soprattutto animatrice del presente della comunit\u00e0 umana, in vista dell\u2019edificazione del suo futuro. Essa, pertanto, incrementa continuamente il proprio patrimonio di beni culturali per rispondere alle esigenze di ogni epoca e cultura, e si preoccupa poi di consegnare quanto \u00e8 stato realizzato alle generazioni successive, perch\u00e9 anch\u2019esse possano abbeverarsi al grande fiume della traditio ecclesiae\u201d. Concludiamo con un altro passaggio del contributo di De Pasquale: \u201cCi sono luoghi della nostra provincia che, dopo secoli, mantengono un fascino artistico e culturale inalterato e che resistono, nel senso pieno del termine, nonostante l\u2019usura e i cambiamenti imposti dalla storia e dall\u2019uomo. Uno di questi \u00e8 sicuramente il Seminario Gregoriano, l\u2019antico convento francescano di San Pietro. Tutti i visitatori, studenti, seminaristi e studiosi che lo hanno frequentato sono rimasti attoniti di fronte al suo fascino e alla sua spiritualit\u00e0. I chiostri, la Cappella Gotica, le opere del Brustolon, di Sebastiano Ricci e dello Schiavone testimoniano il grande valore che i frati minori prima e il clero secolare poi hanno attribuito a questo antico luogo di fede\u201d. All\u2019interno del Seminario &#8211; ricorda &#8211; vi sono due ambienti, forse meno conosciuti, che ulteriormente ne denotano la straordinaria levatura culturale e spirituale: la Biblioteca Gregoriana e la Biblioteca Capitolare Lolliniana. La Biblioteca Gregoriana, nata da un lascito di papa Gregorio XVI (il primo pontefice bellunese della storia, il secondo sar\u00e0 Albino Luciani &#8211; ndr.) in occasione della riapertura dopo la tempesta napoleonica, ancor oggi rappresenta un punto di riferimento per l\u2019enorme patrimonio librario, costantemente aggiornato con tutte le nuove uscite, sia in ambito locale che nazionale. I filoni principali sono quelli legati agli insegnamenti dell\u2019Istituto di scienze Religiose Giovanni Paolo I, con il quale si \u00e8 instaurata da anni una importante ed efficace collaborazione. Collegata alla rete delle biblioteche ecclesiastiche promossa dalla Cei, collabora con tutte le realt\u00e0 bibliotecarie nazionali, essendo dal 2015 inserita nell\u2019indice nazionale Biblioteche (Isbn)\u201d. Quanto alla Biblioteca Lolliniana, di propriet\u00e0 del Capitolo della Cattedrale di Belluno, \u201crappresenta invece il glorioso passato e il grande amore che nel corso dei secoli ha contraddistinto il clero e i vescovi bellunesi. Al suo interno \u00e8 possibile ammirare, solo per motivi di studio e previo appuntamento con il bibliotecario mons. Antonio De Fanti, una serie di manoscritti unici. Vere e proprie opere d\u2019arte come la Bibbia Miniata del XIII secolo donata da Leonisio Doglioni (1357-1421) o tutti i volumi inerenti al lascito del vescovo Alvise Lollino agli inizi del XVII secolo. Studiosi di tutto il mondo ci invidiano tale patrimonio\u201d. E poi c\u2019\u00e8 una delle cento copie della \u201cCommedia\u201d di Dante Alighieri\u2026<\/p>\n\n\t\t\t<style type='text\/css'>\n\t\t\t\t#gallery-3 {\n\t\t\t\t\tmargin: auto;\n\t\t\t\t}\n\t\t\t\t#gallery-3 .gallery-item {\n\t\t\t\t\tfloat: left;\n\t\t\t\t\tmargin-top: 10px;\n\t\t\t\t\ttext-align: center;\n\t\t\t\t\twidth: 20%;\n\t\t\t\t}\n\t\t\t\t#gallery-3 img {\n\t\t\t\t\tborder: 2px solid #cfcfcf;\n\t\t\t\t}\n\t\t\t\t#gallery-3 .gallery-caption {\n\t\t\t\t\tmargin-left: 0;\n\t\t\t\t}\n\t\t\t\t\/* see gallery_shortcode() in wp-includes\/media.php *\/\n\t\t\t<\/style>\n\t\t<div id='gallery-3' class='dt-gallery-container gallery galleryid-194720 gallery-columns-5 gallery-size-thumbnail'><dl class='gallery-item'>\n\t\t\t\t<dt class='gallery-icon portrait'>\n\t\t\t\t\t<a class=\"rollover rollover-zoom dt-pswp-item\" title=\"156397966_276401834003277_8737056756572621675_n\" data-dt-img-description=\"\" data-large_image_width=\"173\" data-large_image_height=\"254\"href='https:\/\/www.radiopiu.net\/wordpress\/wp-content\/uploads\/2021\/03\/156397966_276401834003277_8737056756572621675_n.jpg'><img loading=\"lazy\" decoding=\"async\" width=\"150\" height=\"150\" src=\"https:\/\/www.radiopiu.net\/wordpress\/wp-content\/uploads\/2021\/03\/156397966_276401834003277_8737056756572621675_n-150x150.jpg\" class=\"attachment-thumbnail size-thumbnail\" alt=\"\" \/><\/a>\n\t\t\t\t<\/dt><\/dl><dl class='gallery-item'>\n\t\t\t\t<dt class='gallery-icon landscape'>\n\t\t\t\t\t<a class=\"rollover rollover-zoom dt-pswp-item\" title=\"156469981_251159456597666_6144758887231664291_n\" data-dt-img-description=\"\" data-large_image_width=\"261\" data-large_image_height=\"181\"href='https:\/\/www.radiopiu.net\/wordpress\/wp-content\/uploads\/2021\/03\/156469981_251159456597666_6144758887231664291_n.jpg'><img loading=\"lazy\" decoding=\"async\" width=\"150\" height=\"150\" src=\"https:\/\/www.radiopiu.net\/wordpress\/wp-content\/uploads\/2021\/03\/156469981_251159456597666_6144758887231664291_n-150x150.jpg\" class=\"attachment-thumbnail size-thumbnail\" alt=\"\" \/><\/a>\n\t\t\t\t<\/dt><\/dl><dl class='gallery-item'>\n\t\t\t\t<dt class='gallery-icon portrait'>\n\t\t\t\t\t<a class=\"rollover rollover-zoom dt-pswp-item\" title=\"157172379_2206596659470624_43234665840928483_n\" data-dt-img-description=\"\" data-large_image_width=\"168\" data-large_image_height=\"255\"href='https:\/\/www.radiopiu.net\/wordpress\/wp-content\/uploads\/2021\/03\/157172379_2206596659470624_43234665840928483_n-e1614787108896.jpg'><img loading=\"lazy\" decoding=\"async\" width=\"150\" height=\"150\" src=\"https:\/\/www.radiopiu.net\/wordpress\/wp-content\/uploads\/2021\/03\/157172379_2206596659470624_43234665840928483_n-e1614787108896-150x150.jpg\" class=\"attachment-thumbnail size-thumbnail\" alt=\"\" \/><\/a>\n\t\t\t\t<\/dt><\/dl><dl class='gallery-item'>\n\t\t\t\t<dt class='gallery-icon landscape'>\n\t\t\t\t\t<a class=\"rollover rollover-zoom dt-pswp-item\" title=\"156469981_491461282239854_1922529140921604202_n\" data-dt-img-description=\"\" data-large_image_width=\"250\" data-large_image_height=\"206\"href='https:\/\/www.radiopiu.net\/wordpress\/wp-content\/uploads\/2021\/03\/156469981_491461282239854_1922529140921604202_n.png'><img loading=\"lazy\" decoding=\"async\" width=\"150\" height=\"150\" src=\"https:\/\/www.radiopiu.net\/wordpress\/wp-content\/uploads\/2021\/03\/156469981_491461282239854_1922529140921604202_n-150x150.png\" class=\"attachment-thumbnail size-thumbnail\" alt=\"\" \/><\/a>\n\t\t\t\t<\/dt><\/dl><dl class='gallery-item'>\n\t\t\t\t<dt class='gallery-icon landscape'>\n\t\t\t\t\t<a class=\"rollover rollover-zoom dt-pswp-item\" title=\"156420065_172609037821677_3700865731792094527_n\" data-dt-img-description=\"\" data-large_image_width=\"149\" data-large_image_height=\"131\"href='https:\/\/www.radiopiu.net\/wordpress\/wp-content\/uploads\/2021\/03\/156420065_172609037821677_3700865731792094527_n.jpg'><img loading=\"lazy\" decoding=\"async\" width=\"149\" height=\"131\" src=\"https:\/\/www.radiopiu.net\/wordpress\/wp-content\/uploads\/2021\/03\/156420065_172609037821677_3700865731792094527_n.jpg\" class=\"attachment-thumbnail size-thumbnail\" alt=\"\" \/><\/a>\n\t\t\t\t<\/dt><\/dl><br style=\"clear: both\" \/><dl class='gallery-item'>\n\t\t\t\t<dt class='gallery-icon landscape'>\n\t\t\t\t\t<a class=\"rollover rollover-zoom dt-pswp-item\" title=\"156562634_2858807654400626_2265950577718891963_n\" data-dt-img-description=\"\" data-large_image_width=\"261\" data-large_image_height=\"146\"href='https:\/\/www.radiopiu.net\/wordpress\/wp-content\/uploads\/2021\/03\/156562634_2858807654400626_2265950577718891963_n.jpg'><img loading=\"lazy\" decoding=\"async\" width=\"150\" height=\"146\" src=\"https:\/\/www.radiopiu.net\/wordpress\/wp-content\/uploads\/2021\/03\/156562634_2858807654400626_2265950577718891963_n-150x146.jpg\" class=\"attachment-thumbnail size-thumbnail\" alt=\"\" \/><\/a>\n\t\t\t\t<\/dt><\/dl><dl class='gallery-item'>\n\t\t\t\t<dt class='gallery-icon landscape'>\n\t\t\t\t\t<a class=\"rollover rollover-zoom dt-pswp-item\" title=\"156350739_265559905081031_3378325512346888564_n\" data-dt-img-description=\"\" data-large_image_width=\"259\" data-large_image_height=\"195\"href='https:\/\/www.radiopiu.net\/wordpress\/wp-content\/uploads\/2021\/03\/156350739_265559905081031_3378325512346888564_n.jpg'><img loading=\"lazy\" decoding=\"async\" width=\"150\" height=\"150\" src=\"https:\/\/www.radiopiu.net\/wordpress\/wp-content\/uploads\/2021\/03\/156350739_265559905081031_3378325512346888564_n-150x150.jpg\" class=\"attachment-thumbnail size-thumbnail\" alt=\"\" \/><\/a>\n\t\t\t\t<\/dt><\/dl><dl class='gallery-item'>\n\t\t\t\t<dt class='gallery-icon landscape'>\n\t\t\t\t\t<a class=\"rollover rollover-zoom dt-pswp-item\" title=\"156632051_509688726681224_3156220275113274803_n\" data-dt-img-description=\"\" data-large_image_width=\"261\" data-large_image_height=\"196\"href='https:\/\/www.radiopiu.net\/wordpress\/wp-content\/uploads\/2021\/03\/156632051_509688726681224_3156220275113274803_n.jpg'><img loading=\"lazy\" decoding=\"async\" width=\"150\" height=\"150\" src=\"https:\/\/www.radiopiu.net\/wordpress\/wp-content\/uploads\/2021\/03\/156632051_509688726681224_3156220275113274803_n-150x150.jpg\" class=\"attachment-thumbnail size-thumbnail\" alt=\"\" \/><\/a>\n\t\t\t\t<\/dt><\/dl><dl class='gallery-item'>\n\t\t\t\t<dt class='gallery-icon portrait'>\n\t\t\t\t\t<a class=\"rollover rollover-zoom dt-pswp-item\" title=\"156736239_497193555006171_3278395864993904719_n\" data-dt-img-description=\"\" data-large_image_width=\"195\" data-large_image_height=\"260\"href='https:\/\/www.radiopiu.net\/wordpress\/wp-content\/uploads\/2021\/03\/156736239_497193555006171_3278395864993904719_n.jpg'><img loading=\"lazy\" decoding=\"async\" width=\"150\" height=\"150\" src=\"https:\/\/www.radiopiu.net\/wordpress\/wp-content\/uploads\/2021\/03\/156736239_497193555006171_3278395864993904719_n-150x150.jpg\" class=\"attachment-thumbnail size-thumbnail\" alt=\"\" \/><\/a>\n\t\t\t\t<\/dt><\/dl><dl class='gallery-item'>\n\t\t\t\t<dt class='gallery-icon portrait'>\n\t\t\t\t\t<a class=\"rollover rollover-zoom dt-pswp-item\" title=\"156957280_452117706225693_1213472622824046803_n\" data-dt-img-description=\"\" data-large_image_width=\"160\" data-large_image_height=\"249\"href='https:\/\/www.radiopiu.net\/wordpress\/wp-content\/uploads\/2021\/03\/156957280_452117706225693_1213472622824046803_n.jpg'><img loading=\"lazy\" decoding=\"async\" width=\"150\" height=\"150\" src=\"https:\/\/www.radiopiu.net\/wordpress\/wp-content\/uploads\/2021\/03\/156957280_452117706225693_1213472622824046803_n-150x150.jpg\" class=\"attachment-thumbnail size-thumbnail\" alt=\"\" \/><\/a>\n\t\t\t\t<\/dt><\/dl><br style=\"clear: both\" \/>\n\t\t\t<\/div>\n\n<p>NELLE FOTO (Renato Bona, sito chiesabellunofeltre, Faceboock, Wikipedia): il prezioso reperto dantesco del Seminario bellunese; il sommo poeta, tempera su tela, 1495, di Sandro Botticelli, Ginevra, collezione privata; il rettore del Seminario Gregoriano di Belluno monsignor Giorgio Lise; lo studioso Jacopo De Pasquale; la facciata del Seminario bellunese; uno dei chiostri; scorcio della Biblioteca Gregoriana; meta di visite guidate la Biblioteca Lolliniana; Porta Dante, nella piazza dei Martiri di Belluno; il busto dedicato al grande poeta dal Comune.<\/p>\n<p>&nbsp;<\/p>\n<p>&nbsp;<\/p>\n<p>&nbsp;<\/p>\n<hr \/>\n<p>&nbsp;<\/p>\n<blockquote>\n<h2><strong><span style=\"color: #ff0000;\">CONOSCIAMO I CORI DELLA PROVINCIA<\/span><\/strong><\/h2>\n<\/blockquote>\n<p><strong>LIMANA<\/strong> Nuova iniziativa di Silvia Baldo e Mirco Della Vecchia, alla scoperta dei Cori della provincia.<\/p>\n<h3><span style=\"color: #0000ff;\">4 CORO AGORDO, GABRIELE RIVA<\/span><\/h3>\n<div style=\"width: 640px;\" class=\"wp-video\"><video class=\"wp-video-shortcode\" id=\"video-194720-1\" width=\"640\" height=\"360\" preload=\"metadata\" controls=\"controls\"><source type=\"video\/mp4\" src=\"https:\/\/www.radiopiu.net\/wordpress\/wp-content\/uploads\/2021\/03\/WhatsApp-Video-2021-03-02-at-17.47.30.mp4?_=1\" \/><a href=\"https:\/\/www.radiopiu.net\/wordpress\/wp-content\/uploads\/2021\/03\/WhatsApp-Video-2021-03-02-at-17.47.30.mp4\">https:\/\/www.radiopiu.net\/wordpress\/wp-content\/uploads\/2021\/03\/WhatsApp-Video-2021-03-02-at-17.47.30.mp4<\/a><\/video><\/div>\n<h3><\/h3>\n<h3>LA RACCOLTA COMPLETA<\/h3>\n<blockquote class=\"wp-embedded-content\" data-secret=\"W2mugzRQQ8\"><p><a href=\"https:\/\/www.radiopiu.net\/wordpress\/coriago123\/\">CONOSCIAMO I CORI DEL BELLUNESE  QUINTA  PUNTATA CON IL CORO AGORDO<\/a><\/p><\/blockquote>\n<p><iframe loading=\"lazy\" class=\"wp-embedded-content\" sandbox=\"allow-scripts\" security=\"restricted\" style=\"position: absolute; clip: rect(1px, 1px, 1px, 1px);\" title=\"&#8220;CONOSCIAMO I CORI DEL BELLUNESE  QUINTA  PUNTATA CON IL CORO AGORDO&#8221; &#8212; Radio Pi\u00f9\" src=\"https:\/\/www.radiopiu.net\/wordpress\/coriago123\/embed\/#?secret=W2mugzRQQ8\" data-secret=\"W2mugzRQQ8\" width=\"600\" height=\"338\" frameborder=\"0\" marginwidth=\"0\" marginheight=\"0\" scrolling=\"no\"><\/iframe><\/p>\n<p>&nbsp;<\/p>\n<p>&nbsp;<\/p>\n<hr \/>\n<h2><span style=\"color: #ff0000;\">\u00a0<\/span><\/h2>\n<h2><span style=\"color: #ff0000;\">IL NUOVO PROGRAMMA<\/span><\/h2>\n<blockquote>\n<h3>AGORA&#8217; AGORDINA&#8230; LA NOSTA PIAZA LADINA. DA IERI OGNI MERCOLEDI ALLE 10 ALLA RADIO<\/h3>\n<\/blockquote>\n<p><strong>TAIBON<\/strong> Nuovo programma alla radio con i giovani che dimostrano di amare territorio, storia, usi, costumi e soprattutto il linguaggio per non perderlo nei troppi termini americanizzati del web.<\/p>\n<blockquote><p><strong><span style=\"color: #000000;\">SEZIONE PODCAST<\/span><\/strong><\/p><\/blockquote>\n<p><strong><span style=\"color: #0000ff;\"><img loading=\"lazy\" decoding=\"async\" class=\"alignleft\" src=\"https:\/\/www.radiopiu.net\/wordpress\/wp-content\/uploads\/2021\/03\/db631d3b-7003-47af-8b77-6f8cbe83c59b.jpg\" width=\"95\" height=\"39\" \/>PUNTATA 01<\/span>, MERCOLEDI 3 MARZO 2021 &#8220;Sione chi e fone che po&#8230;&#8221;<\/strong><\/p>\n<audio class=\"wp-audio-shortcode\" id=\"audio-194720-13\" preload=\"none\" style=\"width: 100%;\" controls=\"controls\"><source type=\"audio\/mpeg\" src=\"https:\/\/www.radiopiu.net\/wordpress\/wp-content\/uploads\/2021\/03\/MUSLA.mp3?_=13\" \/><a href=\"https:\/\/www.radiopiu.net\/wordpress\/wp-content\/uploads\/2021\/03\/MUSLA.mp3\">https:\/\/www.radiopiu.net\/wordpress\/wp-content\/uploads\/2021\/03\/MUSLA.mp3<\/a><\/audio>\n<blockquote>\n<h3>LA RACCOLTA COMPLETA<\/h3>\n<\/blockquote>\n<blockquote class=\"wp-embedded-content\" data-secret=\"fs3jmfVmhi\"><p><a href=\"https:\/\/www.radiopiu.net\/wordpress\/agora-agordina-la-nosta-piaza\/\">AGORA&#8217; AGORDINA&#8230; LA NOSTA PIAZA LADINA.  pagina in aggiornamento continuo<\/a><\/p><\/blockquote>\n<p><iframe loading=\"lazy\" class=\"wp-embedded-content\" sandbox=\"allow-scripts\" security=\"restricted\" style=\"position: absolute; clip: rect(1px, 1px, 1px, 1px);\" title=\"&#8220;AGORA&#8217; AGORDINA&#8230; LA NOSTA PIAZA LADINA.  pagina in aggiornamento continuo&#8221; &#8212; Radio Pi\u00f9\" src=\"https:\/\/www.radiopiu.net\/wordpress\/agora-agordina-la-nosta-piaza\/embed\/#?secret=fs3jmfVmhi\" data-secret=\"fs3jmfVmhi\" width=\"600\" height=\"338\" frameborder=\"0\" marginwidth=\"0\" marginheight=\"0\" scrolling=\"no\"><\/iframe><\/p>\n<p>&nbsp;<\/p>\n<p>&nbsp;<\/p>\n<hr \/>\n<blockquote>\n<h3><\/h3>\n<h3><\/h3>\n<h3 align=\"CENTER\"><span style=\"font-family: Times New Roman, serif;\"><span style=\"font-size: medium;\"><b>FONDO AMBIENTE ITALIANO &#8211; DELEGAZIONE DI BELLUNO<\/b><\/span><\/span><\/h3>\n<h3 align=\"CENTER\"><span style=\"font-family: Times New Roman, serif;\"><span style=\"font-size: medium;\"><b>Ciclo di visite virtuali sul tema<\/b><\/span><\/span><i style=\"font-size: medium; font-family: 'Times New Roman', serif;\"><b>La Piave: storie di uomini, acqua e legno<\/b><\/i><\/h3>\n<\/blockquote>\n<p align=\"JUSTIFY\"><span style=\"font-family: Times New Roman, serif;\"><span style=\"font-size: medium;\"><strong>BELLUNO<\/strong> Dopo il successo dell&#8217;incontro online con Erminio Mazzucco e del \u201cGiro in Villa\u201d\u00a0 la delegazione bellunese del Fondo Ambiente Italiano ha deciso di proporre un grande evento organizzato attraverso visite virtuali a luoghi e musei legati al tema della fluitazione delle zattere ed ai beni che su queste venivano caricati e trasportati a Venezia: <\/span><\/span><span style=\"font-family: Times New Roman, serif;\"><span style=\"font-size: medium;\"><i>La Piave: storie di uomini, acqua e legno<\/i><\/span><\/span><span style=\"font-family: Times New Roman, serif;\"><span style=\"font-size: medium;\">. <\/span><\/span><span style=\"font-family: Times New Roman, serif;\"><span style=\"font-size: medium;\">Gli incontri si svolgeranno il marted\u00ec, con cadenza bisettimanale. Il percorso inizier\u00e0 da Perarolo di Cadore, con una visita virtuale del Museo del Cidolo e del legname, il prossimo Marted\u00ec 9 marzo alle 18.30. <\/span><\/span><span style=\"font-family: Times New Roman, serif;\"><span style=\"font-size: medium;\">La visita sar\u00e0 condotta da Annamaria Canepa, operatrice culturale originaria proprio di Perarolo, appassionata ed esperta conoscitrice di questo paese dal passato ricco e operoso.\u00a0<\/span><\/span><span style=\"font-family: Times New Roman, serif;\"><span style=\"font-size: medium;\">L&#8217;incontro \u00e8 aperto a tutti ma \u00e8 necessario prenotarsi obbligatoriamente sul sito\u00a0<a href=\"https:\/\/faiprenotazioni.fondoambiente.it\/\">https:\/\/faiprenotazioni.fondoambiente.it\/<\/a> \u00a0<\/span><\/span><\/p>\n<p>&nbsp;<\/p>\n<p>&nbsp;<\/p>\n<p>&nbsp;<\/p>\n<hr \/>\n<p>&nbsp;<\/p>\n<blockquote>\n<h3>NUOVI ORARI CALL CENTER COVID DAL 1\u00b0 FEBBRAIO 2021<\/h3>\n<\/blockquote>\n<p><strong><a href=\"https:\/\/www.radiopiu.net\/wordpress\/giornale-radiopiu-26-gennaio-2021-direttore-mirko-mezzacasa\/numero-covid_febbraio-2021\/\" rel=\"attachment wp-att-186852\"><img loading=\"lazy\" decoding=\"async\" class=\"wp-image-186852 alignleft\" src=\"https:\/\/www.radiopiu.net\/wordpress\/wp-content\/uploads\/2021\/01\/numero-covid_febbraio-2021-300x212.jpg\" alt=\"\" width=\"202\" height=\"143\" srcset=\"https:\/\/www.radiopiu.net\/wordpress\/wp-content\/uploads\/2021\/01\/numero-covid_febbraio-2021-300x212.jpg 300w, https:\/\/www.radiopiu.net\/wordpress\/wp-content\/uploads\/2021\/01\/numero-covid_febbraio-2021-1024x724.jpg 1024w, https:\/\/www.radiopiu.net\/wordpress\/wp-content\/uploads\/2021\/01\/numero-covid_febbraio-2021-768x543.jpg 768w, https:\/\/www.radiopiu.net\/wordpress\/wp-content\/uploads\/2021\/01\/numero-covid_febbraio-2021-1536x1086.jpg 1536w, https:\/\/www.radiopiu.net\/wordpress\/wp-content\/uploads\/2021\/01\/numero-covid_febbraio-2021.jpg 2000w\" sizes=\"auto, (max-width: 202px) 100vw, 202px\" \/><\/a> <\/strong><\/p>\n<p><strong>\u00a0<\/strong><\/p>\n<p><strong>BELLUNO <\/strong>L&#8217;importante rallentamento epidemico registrato nelle ultime settimane e la conseguente forte riduzione delle telefonate con richiesta di informazioni da parte dei cittadini, consentono di rimodulare giorni ed orari di attivit\u00e0 del CALL CENTER COVID Dal 1\u00b0 febbraio 2021 lo 0437\/514343 sar\u00e0 attivo dalle 8 alle 18 da luned\u00ec a sabato.<\/p>\n<p>&nbsp;<\/p>\n<p>&nbsp;<\/p>\n<p>&nbsp;<\/p>\n<hr \/>\n<p>&nbsp;<\/p>\n<blockquote>\n<h3>A MARZO PRO LOCO DI CANALE D&#8217;AGORDO CHIUSA<\/h3>\n<\/blockquote>\n<p><strong>CANALE D&#8217;AGORDO <\/strong>Durante il mese di marzo l&#8217;ufficio pro loco rimarr\u00e0 chiuso. Il Museo Albino Luciani apre solo SU RICHIESTA E PRENOTAZIONE allo 0437 1948001 (WhatsApp 377 9665237) oppure via mail a <a title=\"mailto:info@fondazionepapaluciani.com\" href=\"mailto:info@fondazionepapaluciani.com\">info@fondazionepapaluciani.com<\/a>.<\/p>\n<p>&nbsp;<\/p>\n<p>&nbsp;<\/p>\n<hr \/>\n<p>&nbsp;<\/p>\n<blockquote>\n<h2>CASSA SOLIDARIET\u00c0 LUXOTTICA<\/h2>\n<\/blockquote>\n<h3><strong><span style=\"color: #ff0000;\">IL NUMERO DI FEBBRAIO CON PAOLO CHISSALE&#8217; E FABRIZIO CAMPEDEL\u00a0\u00a0<\/span><\/strong><\/h3>\n<audio class=\"wp-audio-shortcode\" id=\"audio-194720-14\" preload=\"none\" style=\"width: 100%;\" controls=\"controls\"><source type=\"audio\/mpeg\" src=\"https:\/\/www.radiopiu.net\/wordpress\/wp-content\/uploads\/2021\/02\/ca-sol-lux-febbraio.mp3?_=14\" \/><a href=\"https:\/\/www.radiopiu.net\/wordpress\/wp-content\/uploads\/2021\/02\/ca-sol-lux-febbraio.mp3\">https:\/\/www.radiopiu.net\/wordpress\/wp-content\/uploads\/2021\/02\/ca-sol-lux-febbraio.mp3<\/a><\/audio>\n<blockquote>\n<h2>RACCOLTA COMPLETA<\/h2>\n<\/blockquote>\n<blockquote class=\"wp-embedded-content\" data-secret=\"MD9rgft5Re\"><p><a href=\"https:\/\/www.radiopiu.net\/wordpress\/cassa-solidarieta-luxottica-puntata-del-16-ottobre-2020\/\">CASSA SOLIDARIET\u00c0 LUXOTTICA &#8211; PUNTATA DEL 20 NOVEMBRE 2020<\/a><\/p><\/blockquote>\n<p><iframe loading=\"lazy\" class=\"wp-embedded-content\" sandbox=\"allow-scripts\" security=\"restricted\" style=\"position: absolute; clip: rect(1px, 1px, 1px, 1px);\" title=\"&#8220;CASSA SOLIDARIET\u00c0 LUXOTTICA &#8211; PUNTATA DEL 20 NOVEMBRE 2020&#8221; &#8212; Radio Pi\u00f9\" src=\"https:\/\/www.radiopiu.net\/wordpress\/cassa-solidarieta-luxottica-puntata-del-16-ottobre-2020\/embed\/#?secret=MD9rgft5Re\" data-secret=\"MD9rgft5Re\" width=\"600\" height=\"338\" frameborder=\"0\" marginwidth=\"0\" marginheight=\"0\" scrolling=\"no\"><\/iframe><\/p>\n<div>\n<p>&nbsp;<\/p>\n<p>&nbsp;<\/p>\n<hr \/>\n<p>&nbsp;<\/p>\n<blockquote>\n<h3><a href=\"https:\/\/www.radiopiu.net\/wordpress\/giornale-radiopiu-06-febbraio-2019-direttore-mirko-mezzacasa\/logo_spi-cgil-800x445\/\" rel=\"attachment wp-att-75538\"><img loading=\"lazy\" decoding=\"async\" class=\"wp-image-75538 alignleft\" src=\"https:\/\/www.radiopiu.net\/wordpress\/wp-content\/uploads\/2019\/02\/Logo_Spi-CGIL-800x445-300x167.jpg\" alt=\"\" width=\"210\" height=\"117\" srcset=\"https:\/\/www.radiopiu.net\/wordpress\/wp-content\/uploads\/2019\/02\/Logo_Spi-CGIL-800x445-300x167.jpg 300w, https:\/\/www.radiopiu.net\/wordpress\/wp-content\/uploads\/2019\/02\/Logo_Spi-CGIL-800x445-768x427.jpg 768w, https:\/\/www.radiopiu.net\/wordpress\/wp-content\/uploads\/2019\/02\/Logo_Spi-CGIL-800x445.jpg 800w\" sizes=\"auto, (max-width: 210px) 100vw, 210px\" \/><\/a>ALLA RADIO, APPUNTAMENTO QUINDICINALE CON SPI-CGIL BELLUNO, IN STUDIO MARIA RITA GENTILIN<\/h3>\n<\/blockquote>\n<p><strong>di Claudio Fontanive<\/strong><\/p>\n<audio class=\"wp-audio-shortcode\" id=\"audio-194720-15\" preload=\"none\" style=\"width: 100%;\" controls=\"controls\"><source type=\"audio\/mpeg\" src=\"https:\/\/www.radiopiu.net\/wordpress\/wp-content\/uploads\/2021\/02\/spi-cgil-18-febbraio.mp3?_=15\" \/><a href=\"https:\/\/www.radiopiu.net\/wordpress\/wp-content\/uploads\/2021\/02\/spi-cgil-18-febbraio.mp3\">https:\/\/www.radiopiu.net\/wordpress\/wp-content\/uploads\/2021\/02\/spi-cgil-18-febbraio.mp3<\/a><\/audio>\n<p>&nbsp;<\/p>\n<p>&nbsp;<\/p>\n<hr \/>\n<p>&nbsp;<\/p>\n<p>&nbsp;<\/p>\n<p><span style=\"color: #ff0000;\"><a href=\"https:\/\/www.radiopiu.net\/wordpress\/giornale-radiopiu-25-febbraio-2021-direttore-mirko-mezzacasa\/84168586_3724582740900333_7440029064968011776_n\/\" rel=\"attachment wp-att-193399\"><img loading=\"lazy\" decoding=\"async\" class=\"wp-image-193399 alignleft\" src=\"https:\/\/www.radiopiu.net\/wordpress\/wp-content\/uploads\/2021\/02\/84168586_3724582740900333_7440029064968011776_n.jpg\" alt=\"\" width=\"143\" height=\"141\" \/><\/a>\u00a0<\/span><\/p>\n<p><strong>CISL LA VOCE DEI LAVORATORI<\/strong><\/p>\n<p><em>con Paolo Chissal\u00e8 e la Segretaria Femca Cisl Milena Cesca\u00a0<\/em><\/p>\n<audio class=\"wp-audio-shortcode\" id=\"audio-194720-16\" preload=\"none\" style=\"width: 100%;\" controls=\"controls\"><source type=\"audio\/mpeg\" src=\"https:\/\/www.radiopiu.net\/wordpress\/wp-content\/uploads\/2021\/02\/CISL-1.mp3?_=16\" \/><a href=\"https:\/\/www.radiopiu.net\/wordpress\/wp-content\/uploads\/2021\/02\/CISL-1.mp3\">https:\/\/www.radiopiu.net\/wordpress\/wp-content\/uploads\/2021\/02\/CISL-1.mp3<\/a><\/audio>\n<p>&nbsp;<\/p>\n<p>&nbsp;<\/p>\n<hr \/>\n<p>&nbsp;<\/p>\n<p>&nbsp;<\/p>\n<blockquote>\n<h2><a href=\"https:\/\/www.radiopiu.net\/wordpress\/speciale-solidarieta-veneto\/solidarieta-veneto-3\/\" rel=\"attachment wp-att-134366\"><img loading=\"lazy\" decoding=\"async\" class=\"wp-image-134366 alignleft\" src=\"https:\/\/www.radiopiu.net\/wordpress\/wp-content\/uploads\/2020\/05\/solidariet\u00e0-veneto-300x210.jpg\" alt=\"\" width=\"102\" height=\"71\" srcset=\"https:\/\/www.radiopiu.net\/wordpress\/wp-content\/uploads\/2020\/05\/solidariet\u00e0-veneto-300x210.jpg 300w, https:\/\/www.radiopiu.net\/wordpress\/wp-content\/uploads\/2020\/05\/solidariet\u00e0-veneto-1024x717.jpg 1024w, https:\/\/www.radiopiu.net\/wordpress\/wp-content\/uploads\/2020\/05\/solidariet\u00e0-veneto-768x538.jpg 768w, https:\/\/www.radiopiu.net\/wordpress\/wp-content\/uploads\/2020\/05\/solidariet\u00e0-veneto.jpg 1373w\" sizes=\"auto, (max-width: 102px) 100vw, 102px\" \/><\/a>SOLIDARIETA&#8217; VENETO FONDO PENSIONE, IN ONDA IL PRIMO VENERDI DEL MESE ALLE 10.30 E ALLE 19.00 QUINTA STAGIONE<\/h2>\n<\/blockquote>\n<p><strong>AUDIO FEBBRAIO 2021<\/strong><\/p>\n<audio class=\"wp-audio-shortcode\" id=\"audio-194720-17\" preload=\"none\" style=\"width: 100%;\" controls=\"controls\"><source type=\"audio\/mpeg\" src=\"https:\/\/www.radiopiu.net\/wordpress\/wp-content\/uploads\/2021\/02\/solidarieta-veneto-febbraio.mp3?_=17\" \/><a href=\"https:\/\/www.radiopiu.net\/wordpress\/wp-content\/uploads\/2021\/02\/solidarieta-veneto-febbraio.mp3\">https:\/\/www.radiopiu.net\/wordpress\/wp-content\/uploads\/2021\/02\/solidarieta-veneto-febbraio.mp3<\/a><\/audio>\n<blockquote>\n<h2>RACCOLTA COMPLETA<\/h2>\n<\/blockquote>\n<blockquote class=\"wp-embedded-content\" data-secret=\"W453Q9dZSS\"><p><a href=\"https:\/\/www.radiopiu.net\/wordpress\/solidarieta-veneto\/\">Solidariet\u00e0 Veneto<\/a><\/p><\/blockquote>\n<p><iframe loading=\"lazy\" class=\"wp-embedded-content\" sandbox=\"allow-scripts\" security=\"restricted\" style=\"position: absolute; clip: rect(1px, 1px, 1px, 1px);\" title=\"&#8220;Solidariet\u00e0 Veneto&#8221; &#8212; Radio Pi\u00f9\" src=\"https:\/\/www.radiopiu.net\/wordpress\/solidarieta-veneto\/embed\/#?secret=W453Q9dZSS\" data-secret=\"W453Q9dZSS\" width=\"600\" height=\"338\" frameborder=\"0\" marginwidth=\"0\" marginheight=\"0\" scrolling=\"no\"><\/iframe><\/p>\n<p>&nbsp;<\/p>\n<p>&nbsp;<\/p>\n<\/div>\n<p>&nbsp;<\/p>\n<hr \/>\n<div>\n<h2><span style=\"color: #000080;\"><a class=\"dt-pswp-item\" href=\"https:\/\/www.radiopiu.net\/wordpress\/wp-content\/uploads\/2020\/10\/pp.jpg\" data-dt-img-description=\"\" data-large_image_width=\"640\" data-large_image_height=\"640\"><img loading=\"lazy\" decoding=\"async\" class=\"wp-image-163678 alignleft\" src=\"https:\/\/www.radiopiu.net\/wordpress\/wp-content\/uploads\/2020\/10\/pp-300x300.jpg\" alt=\"\" width=\"106\" height=\"106\" srcset=\"https:\/\/www.radiopiu.net\/wordpress\/wp-content\/uploads\/2020\/10\/pp-300x300.jpg 300w, https:\/\/www.radiopiu.net\/wordpress\/wp-content\/uploads\/2020\/10\/pp-150x150.jpg 150w, https:\/\/www.radiopiu.net\/wordpress\/wp-content\/uploads\/2020\/10\/pp-125x125.jpg 125w, https:\/\/www.radiopiu.net\/wordpress\/wp-content\/uploads\/2020\/10\/pp-200x200.jpg 200w, https:\/\/www.radiopiu.net\/wordpress\/wp-content\/uploads\/2020\/10\/pp-80x80.jpg 80w, https:\/\/www.radiopiu.net\/wordpress\/wp-content\/uploads\/2020\/10\/pp-480x480.jpg 480w, https:\/\/www.radiopiu.net\/wordpress\/wp-content\/uploads\/2020\/10\/pp.jpg 640w\" sizes=\"auto, (max-width: 106px) 100vw, 106px\" \/><\/a><\/span><\/h2>\n<h2><span style=\"color: #000080;\">DON CESARE, IL PENSIERO DEL GIORNO. ALLA RADIO ALLE 7 DEL MATTINO E ALLE 19.30 DELLA SERA.\u00a0\u00a0<\/span><\/h2>\n<p>&nbsp;<\/p>\n<p>&nbsp;<\/p>\n<\/div>\n<audio class=\"wp-audio-shortcode\" id=\"audio-194720-18\" preload=\"none\" style=\"width: 100%;\" controls=\"controls\"><source type=\"audio\/mpeg\" src=\"https:\/\/www.radiopiu.net\/wordpress\/wp-content\/uploads\/2021\/03\/CESARE.mp3?_=18\" \/><a href=\"https:\/\/www.radiopiu.net\/wordpress\/wp-content\/uploads\/2021\/03\/CESARE.mp3\">https:\/\/www.radiopiu.net\/wordpress\/wp-content\/uploads\/2021\/03\/CESARE.mp3<\/a><\/audio>\n<p>&nbsp;<\/p>\n<p>&nbsp;<\/p>\n<hr \/>\n<p>&nbsp;<\/p>\n<blockquote>\n<h2>FANTASTICHE DOLOMITI, NUOVA STAGIONE. APPUNTAMENTO QUINDICINALE IL GIOVEDI ALLE 10.30 E 19.00<\/h2>\n<\/blockquote>\n<p><span style=\"color: #000000;\"><strong><img loading=\"lazy\" decoding=\"async\" class=\"alignleft\" src=\"https:\/\/www.radiopiu.net\/wordpress\/wp-content\/uploads\/2017\/10\/logo-fantastiche-dolomiti-300x113.jpg\" width=\"181\" height=\"68\" \/>LA NUOVA PUNTATA i corsi di formazione della Fondazione 11 FEBBRAIO 2021<\/strong><\/span><\/p>\n<h2><span style=\"color: #ff0000;\">PUNTATA 10 ,<\/span><\/h2>\n<p><strong>OSPITE IL PRESIDENTE CLAUDIO CANOVA<\/strong><\/p>\n<audio class=\"wp-audio-shortcode\" id=\"audio-194720-19\" preload=\"none\" style=\"width: 100%;\" controls=\"controls\"><source type=\"audio\/mpeg\" src=\"https:\/\/www.radiopiu.net\/wordpress\/wp-content\/uploads\/2021\/02\/fantastiche-dolomiti-25-febbraio.mp3?_=19\" \/><a href=\"https:\/\/www.radiopiu.net\/wordpress\/wp-content\/uploads\/2021\/02\/fantastiche-dolomiti-25-febbraio.mp3\">https:\/\/www.radiopiu.net\/wordpress\/wp-content\/uploads\/2021\/02\/fantastiche-dolomiti-25-febbraio.mp3<\/a><\/audio>\n<h3>LA RACCOLTA COMPLETA<\/h3>\n<blockquote class=\"wp-embedded-content\" data-secret=\"QVKOfMOIEj\"><p><a href=\"https:\/\/www.radiopiu.net\/wordpress\/raccolta-completa\/\">FANTASTICHE DOLOMITI 10^ PUNTATA: IL QUINDICINALE APPUNTAMENTO ALLA RADIO<\/a><\/p><\/blockquote>\n<p><iframe loading=\"lazy\" class=\"wp-embedded-content\" sandbox=\"allow-scripts\" security=\"restricted\" style=\"position: absolute; clip: rect(1px, 1px, 1px, 1px);\" title=\"&#8220;FANTASTICHE DOLOMITI 10^ PUNTATA: IL QUINDICINALE APPUNTAMENTO ALLA RADIO&#8221; &#8212; Radio Pi\u00f9\" src=\"https:\/\/www.radiopiu.net\/wordpress\/raccolta-completa\/embed\/#?secret=QVKOfMOIEj\" data-secret=\"QVKOfMOIEj\" width=\"600\" height=\"338\" frameborder=\"0\" marginwidth=\"0\" marginheight=\"0\" scrolling=\"no\"><\/iframe><\/p>\n<p>&nbsp;<\/p>\n<p>&nbsp;<\/p>\n<p>&nbsp;<\/p>\n<hr \/>\n<blockquote>\n<h2><span style=\"color: #ff0000;\">\u00a0<\/span><\/h2>\n<h2><span style=\"color: #ff0000;\">ALLA RADIO<\/span><\/h2>\n<h2><\/h2>\n<h2><span style=\"color: #008000;\">ERBE E PIANTE CURATIVE&#8230;IL NUOVO PROGRAMMA DI PAOLA LANCIATO<\/span><\/h2>\n<p><strong><a href=\"https:\/\/www.radiopiu.net\/wordpress\/erbe-e-piante-curative-quinta-puntata\/ginepro\/\" rel=\"attachment wp-att-194542\"><img loading=\"lazy\" decoding=\"async\" class=\" wp-image-194542 alignleft\" src=\"https:\/\/www.radiopiu.net\/wordpress\/wp-content\/uploads\/2021\/03\/GINEPRO-300x215.jpg\" alt=\"\" width=\"142\" height=\"102\" srcset=\"https:\/\/www.radiopiu.net\/wordpress\/wp-content\/uploads\/2021\/03\/GINEPRO-300x215.jpg 300w, https:\/\/www.radiopiu.net\/wordpress\/wp-content\/uploads\/2021\/03\/GINEPRO-1024x735.jpg 1024w, https:\/\/www.radiopiu.net\/wordpress\/wp-content\/uploads\/2021\/03\/GINEPRO-768x551.jpg 768w, https:\/\/www.radiopiu.net\/wordpress\/wp-content\/uploads\/2021\/03\/GINEPRO.jpg 1280w\" sizes=\"auto, (max-width: 142px) 100vw, 142px\" \/><\/a>IL NUOVO PROGRAMMA DI PAOLA LANCIATO<\/strong><\/p>\n<p>QUINTA PUNTATA &#8211; IL GINEPRO<\/p>\n<audio class=\"wp-audio-shortcode\" id=\"audio-194720-20\" preload=\"none\" style=\"width: 100%;\" controls=\"controls\"><source type=\"audio\/mpeg\" src=\"https:\/\/www.radiopiu.net\/wordpress\/wp-content\/uploads\/2021\/03\/5-Il-ginepro-M.mp3?_=20\" \/><a href=\"https:\/\/www.radiopiu.net\/wordpress\/wp-content\/uploads\/2021\/03\/5-Il-ginepro-M.mp3\">https:\/\/www.radiopiu.net\/wordpress\/wp-content\/uploads\/2021\/03\/5-Il-ginepro-M.mp3<\/a><\/audio>\n<p><strong>\u00a0<\/strong><\/p><\/blockquote>\n<blockquote><p><strong>LA RACCOLTA COMPLETA<\/strong><\/p>\n<blockquote class=\"wp-embedded-content\" data-secret=\"ClOcDaBugN\"><p><a href=\"https:\/\/www.radiopiu.net\/wordpress\/erbe-e-piante-curative\/\">ERBE E PIANTE CURATIVE<\/a><\/p><\/blockquote>\n<p><iframe loading=\"lazy\" class=\"wp-embedded-content\" sandbox=\"allow-scripts\" security=\"restricted\" style=\"position: absolute; clip: rect(1px, 1px, 1px, 1px);\" title=\"&#8220;ERBE E PIANTE CURATIVE&#8221; &#8212; Radio Pi\u00f9\" src=\"https:\/\/www.radiopiu.net\/wordpress\/erbe-e-piante-curative\/embed\/#?secret=ClOcDaBugN\" data-secret=\"ClOcDaBugN\" width=\"600\" height=\"338\" frameborder=\"0\" marginwidth=\"0\" marginheight=\"0\" scrolling=\"no\"><\/iframe><\/p>\n<p>&nbsp;<\/p><\/blockquote>\n<blockquote><p>&nbsp;<\/p><\/blockquote>\n<p>&nbsp;<\/p>\n<hr \/>\n<h2><\/h2>\n<h3 class=\"kvgmc6g5 cxmmr5t8 oygrvhab hcukyx3x c1et5uql\"><span style=\"color: #0000ff;\">INFORMAZIONE il canale su TELEGRAM informazione di prima mano e in tempo reale. iscriviti ed aiutaci a farlo conoscere\u00a0<\/span><\/h3>\n<h2>007 IN CONDOTTA CON LA PROF. MARIA ROSA SALMAZO IL LUNEDI ALLE 10,30 E ALLE 19.00 LA DOMENICA ALLE 8 DEL <img loading=\"lazy\" decoding=\"async\" class=\"alignleft\" src=\"https:\/\/www.radiopiu.net\/wordpress\/wp-content\/uploads\/2021\/02\/sci.jpg\" width=\"162\" height=\"108\" \/>MATTINO. NONA STAGIONE<\/h2>\n<p>&nbsp;<\/p>\n<audio class=\"wp-audio-shortcode\" id=\"audio-194720-21\" preload=\"none\" style=\"width: 100%;\" controls=\"controls\"><source type=\"audio\/mpeg\" src=\"https:\/\/www.radiopiu.net\/wordpress\/wp-content\/uploads\/2021\/03\/007-1-marzo.mp3?_=21\" \/><a href=\"https:\/\/www.radiopiu.net\/wordpress\/wp-content\/uploads\/2021\/03\/007-1-marzo.mp3\">https:\/\/www.radiopiu.net\/wordpress\/wp-content\/uploads\/2021\/03\/007-1-marzo.mp3<\/a><\/audio>\n<p>&nbsp;<\/p>\n<h2>LA RACCOLTA COMPLETA<\/h2>\n<blockquote class=\"wp-embedded-content\" data-secret=\"sO2PetnqZN\"><p><a href=\"https:\/\/www.radiopiu.net\/wordpress\/007incondotta-9\/\">007 in condotta<\/a><\/p><\/blockquote>\n<p><iframe loading=\"lazy\" class=\"wp-embedded-content\" sandbox=\"allow-scripts\" security=\"restricted\" style=\"position: absolute; clip: rect(1px, 1px, 1px, 1px);\" title=\"&#8220;007 in condotta&#8221; &#8212; Radio Pi\u00f9\" src=\"https:\/\/www.radiopiu.net\/wordpress\/007incondotta-9\/embed\/#?secret=sO2PetnqZN\" data-secret=\"sO2PetnqZN\" width=\"600\" height=\"338\" frameborder=\"0\" marginwidth=\"0\" marginheight=\"0\" scrolling=\"no\"><\/iframe><\/p>\n<p>&nbsp;<\/p>\n<p>&nbsp;<\/p>\n<p>&nbsp;<\/p>\n<hr \/>\n<p>&nbsp;<\/p>\n<div>\n<h2><span style=\"color: #33cccc;\">I RACCONTI DI PAOLO SOPPELSA il lunedi alle 9.30 e 18.30<\/span><\/h2>\n<blockquote class=\"wp-embedded-content\" data-secret=\"1PI9a9Bcnb\"><p><a href=\"https:\/\/www.radiopiu.net\/wordpress\/i-racconti-di-paolo-soppelsa-sessantaquattresima-puntata\/\">I RACCONTI DI PAOLO SOPPELSA SESSANTAQUATTRESIMA PUNTATA<\/a><\/p><\/blockquote>\n<p><iframe loading=\"lazy\" class=\"wp-embedded-content\" sandbox=\"allow-scripts\" security=\"restricted\" style=\"position: absolute; clip: rect(1px, 1px, 1px, 1px);\" title=\"&#8220;I RACCONTI DI PAOLO SOPPELSA SESSANTAQUATTRESIMA PUNTATA&#8221; &#8212; Radio Pi\u00f9\" src=\"https:\/\/www.radiopiu.net\/wordpress\/i-racconti-di-paolo-soppelsa-sessantaquattresima-puntata\/embed\/#?secret=1PI9a9Bcnb\" data-secret=\"1PI9a9Bcnb\" width=\"600\" height=\"338\" frameborder=\"0\" marginwidth=\"0\" marginheight=\"0\" scrolling=\"no\"><\/iframe><\/p>\n<h3 class=\"kvgmc6g5 cxmmr5t8 oygrvhab hcukyx3x c1et5uql\"><span style=\"color: #0000ff;\">INFORMAZIONE il canale su TELEGRAM informazione di prima mano e in tempo reale. iscriviti ed aiutaci a farlo conoscere\u00a0<\/span><\/h3>\n<h2><span style=\"color: #33cccc;\"><strong>RACCOLTA COMPLETA<\/strong><\/span><\/h2>\n<blockquote class=\"wp-embedded-content\" data-secret=\"Ys4zDw3O0H\"><p><a href=\"https:\/\/www.radiopiu.net\/wordpress\/i-racconti-di-paolo-soppelsa\/\">I racconti di Paolo Soppelsa<\/a><\/p><\/blockquote>\n<p><iframe loading=\"lazy\" class=\"wp-embedded-content\" sandbox=\"allow-scripts\" security=\"restricted\" style=\"position: absolute; clip: rect(1px, 1px, 1px, 1px);\" title=\"&#8220;I racconti di Paolo Soppelsa&#8221; &#8212; Radio Pi\u00f9\" src=\"https:\/\/www.radiopiu.net\/wordpress\/i-racconti-di-paolo-soppelsa\/embed\/#?secret=Ys4zDw3O0H\" data-secret=\"Ys4zDw3O0H\" width=\"600\" height=\"338\" frameborder=\"0\" marginwidth=\"0\" marginheight=\"0\" scrolling=\"no\"><\/iframe><\/p>\n<\/div>\n<p>&nbsp;<\/p>\n<hr \/>\n<p>&nbsp;<\/p>\n<h2><\/h2>\n<h2><span style=\"color: #ff0000;\"><a href=\"https:\/\/www.radiopiu.net\/wordpress\/giornale-radiopiu-05-gennaio-2021-direttore-mirko-mezzacasa\/133200401_100838761953611_1258544160541445132_o-2\/\" rel=\"attachment wp-att-183078\"><img loading=\"lazy\" decoding=\"async\" class=\" wp-image-183078 alignleft\" src=\"https:\/\/www.radiopiu.net\/wordpress\/wp-content\/uploads\/2021\/01\/133200401_100838761953611_1258544160541445132_o-1-300x157.jpg\" alt=\"\" width=\"192\" height=\"101\" srcset=\"https:\/\/www.radiopiu.net\/wordpress\/wp-content\/uploads\/2021\/01\/133200401_100838761953611_1258544160541445132_o-1-300x157.jpg 300w, https:\/\/www.radiopiu.net\/wordpress\/wp-content\/uploads\/2021\/01\/133200401_100838761953611_1258544160541445132_o-1.jpg 526w\" sizes=\"auto, (max-width: 192px) 100vw, 192px\" \/><\/a>GOCCE DI FILOSOFIA, CON CHIARA CAU, CON LISA DE LUCA. <\/span><\/h2>\n<h2><span style=\"color: #ff0000;\">TUTTI I GIORNI DAL LUNEDI AL VENERDI ALLE 6.55 E ALLE 18.55<\/span><\/h2>\n<p><strong>PUNTATA 43<\/strong><\/p>\n<audio class=\"wp-audio-shortcode\" id=\"audio-194720-22\" preload=\"none\" style=\"width: 100%;\" controls=\"controls\"><source type=\"audio\/mpeg\" src=\"https:\/\/www.radiopiu.net\/wordpress\/wp-content\/uploads\/2021\/02\/FI3-4.mp3?_=22\" \/><a href=\"https:\/\/www.radiopiu.net\/wordpress\/wp-content\/uploads\/2021\/02\/FI3-4.mp3\">https:\/\/www.radiopiu.net\/wordpress\/wp-content\/uploads\/2021\/02\/FI3-4.mp3<\/a><\/audio>\n<p>&nbsp;<\/p>\n<h3>LA RACCOLTA COMPLETA<\/h3>\n<blockquote class=\"wp-embedded-content\" data-secret=\"VZFtQBTn9G\"><p><a href=\"https:\/\/www.radiopiu.net\/wordpress\/gocce-filosofia\/\">Gocce di filosofia<\/a><\/p><\/blockquote>\n<p><iframe loading=\"lazy\" class=\"wp-embedded-content\" sandbox=\"allow-scripts\" security=\"restricted\" style=\"position: absolute; clip: rect(1px, 1px, 1px, 1px);\" title=\"&#8220;Gocce di filosofia&#8221; &#8212; Radio Pi\u00f9\" src=\"https:\/\/www.radiopiu.net\/wordpress\/gocce-filosofia\/embed\/#?secret=VZFtQBTn9G\" data-secret=\"VZFtQBTn9G\" width=\"600\" height=\"338\" frameborder=\"0\" marginwidth=\"0\" marginheight=\"0\" scrolling=\"no\"><\/iframe><\/p>\n<p>&nbsp;<\/p>\n<hr \/>\n<p>&nbsp;<\/p>\n<div class=\"im_message_wrap clearfix\">\n<div class=\"im_content_message_wrap im_message_out\">\n<h2><span style=\"color: #ff0000;\">IERI ALLA RADIO\u00a0 IN VIVO VERSO 2020-21<\/span><\/h2>\n<p><strong><span style=\"color: #0000ff;\">IN ONDA DAL LUNEDI AL VENERDI ALLE 7.10, 10.10, 18.50\u00a0 \u00a0<\/span><\/strong><\/p>\n<blockquote class=\"wp-embedded-content\" data-secret=\"2qQGeGHcjT\"><p><a href=\"https:\/\/www.radiopiu.net\/wordpress\/fiore-diroccato-di-manuele-carbogno\/\">FIORE DIROCCATO di MANUELE CARBOGNO<\/a><\/p><\/blockquote>\n<p><iframe loading=\"lazy\" class=\"wp-embedded-content\" sandbox=\"allow-scripts\" security=\"restricted\" style=\"position: absolute; clip: rect(1px, 1px, 1px, 1px);\" title=\"&#8220;FIORE DIROCCATO di MANUELE CARBOGNO&#8221; &#8212; Radio Pi\u00f9\" src=\"https:\/\/www.radiopiu.net\/wordpress\/fiore-diroccato-di-manuele-carbogno\/embed\/#?secret=2qQGeGHcjT\" data-secret=\"2qQGeGHcjT\" width=\"600\" height=\"338\" frameborder=\"0\" marginwidth=\"0\" marginheight=\"0\" scrolling=\"no\"><\/iframe><\/p>\n<p><strong>LA RACCOLTA<\/strong><\/p>\n<blockquote class=\"wp-embedded-content\" data-secret=\"IYQUG8uzMA\"><p><a href=\"https:\/\/www.radiopiu.net\/wordpress\/in-vivo-verso\/\">In Vivo Verso<\/a><\/p><\/blockquote>\n<p><iframe loading=\"lazy\" class=\"wp-embedded-content\" sandbox=\"allow-scripts\" security=\"restricted\" style=\"position: absolute; clip: rect(1px, 1px, 1px, 1px);\" title=\"&#8220;In Vivo Verso&#8221; &#8212; Radio Pi\u00f9\" src=\"https:\/\/www.radiopiu.net\/wordpress\/in-vivo-verso\/embed\/#?secret=IYQUG8uzMA\" data-secret=\"IYQUG8uzMA\" width=\"600\" height=\"338\" frameborder=\"0\" marginwidth=\"0\" marginheight=\"0\" scrolling=\"no\"><\/iframe><\/p>\n<hr \/>\n<p>&nbsp;<\/p>\n<\/div>\n<\/div>\n<p>&nbsp;<\/p>\n<h2><span style=\"color: #808000;\">DUE MINUTI UN LIBRO\u00a0 TUTTI I GIORNI ALLA RADIO ALLE 9.30 E ALLE 18. QUINTA STAGIONE\u00a0<\/span><\/h2>\n<blockquote class=\"wp-embedded-content\" data-secret=\"9t6aS75lv8\"><p><a href=\"https:\/\/www.radiopiu.net\/wordpress\/coraggiosa-come-una-ragazza\/\">CORAGGIOSA COME UNA RAGAZZA<\/a><\/p><\/blockquote>\n<p><iframe loading=\"lazy\" class=\"wp-embedded-content\" sandbox=\"allow-scripts\" security=\"restricted\" style=\"position: absolute; clip: rect(1px, 1px, 1px, 1px);\" title=\"&#8220;CORAGGIOSA COME UNA RAGAZZA&#8221; &#8212; Radio Pi\u00f9\" src=\"https:\/\/www.radiopiu.net\/wordpress\/coraggiosa-come-una-ragazza\/embed\/#?secret=9t6aS75lv8\" data-secret=\"9t6aS75lv8\" width=\"600\" height=\"338\" frameborder=\"0\" marginwidth=\"0\" marginheight=\"0\" scrolling=\"no\"><\/iframe><\/p>\n<h3><span style=\"color: #808000;\">\u00a0<\/span>LA RACCOLTA COMPLETA<\/h3>\n<blockquote class=\"wp-embedded-content\" data-secret=\"MPWwJbKDIQ\"><p><a href=\"https:\/\/www.radiopiu.net\/wordpress\/due-minuti-un-libro\/\">Due minuti un libro<\/a><\/p><\/blockquote>\n<p><iframe loading=\"lazy\" class=\"wp-embedded-content\" sandbox=\"allow-scripts\" security=\"restricted\" style=\"position: absolute; clip: rect(1px, 1px, 1px, 1px);\" title=\"&#8220;Due minuti un libro&#8221; &#8212; Radio Pi\u00f9\" src=\"https:\/\/www.radiopiu.net\/wordpress\/due-minuti-un-libro\/embed\/#?secret=MPWwJbKDIQ\" data-secret=\"MPWwJbKDIQ\" width=\"600\" height=\"338\" frameborder=\"0\" marginwidth=\"0\" marginheight=\"0\" scrolling=\"no\"><\/iframe><\/p>\n<p>&nbsp;<\/p>\n<p>&nbsp;<\/p>\n<hr \/>\n<blockquote>\n<h3>SALUTE E SOCIETA&#8217; IL LUNEDI ALLE 13.10 E ALLE 20.10, LA DOMENICA ALLE 10.30 A CURA DEL DOTTOR MARCO CARACCIOLO. QUINTA STAGIONE<\/h3>\n<\/blockquote>\n<p><strong>LA PUNTATA DELLA SETTIMANA<\/strong><\/p>\n<p>Con l\u2019adozione del protocollo di cura \u2018treat-to-target\u2019 si ha una probabilit\u00e0 superiore del 50% di raggiungere la remissione dell\u2019artrite reumatoide. Non solo: le persone sottoposte a questo regime raggiungono l\u2019obiettivo della remissione quasi 4 volte pi\u00f9 velocemente di quelli trattati con regimi di trattamento meno sistematici. Danilo Magliano ne ha parlato con Luca Quartuccio, Professore di reumatologia, Universit\u00e0 degli Studi di Udine<\/p>\n<audio class=\"wp-audio-shortcode\" id=\"audio-194720-23\" preload=\"none\" style=\"width: 100%;\" controls=\"controls\"><source type=\"audio\/mpeg\" src=\"https:\/\/www.radiopiu.net\/wordpress\/wp-content\/uploads\/2020\/10\/SALUTE-5.mp3?_=23\" \/><a href=\"https:\/\/www.radiopiu.net\/wordpress\/wp-content\/uploads\/2020\/10\/SALUTE-5.mp3\">https:\/\/www.radiopiu.net\/wordpress\/wp-content\/uploads\/2020\/10\/SALUTE-5.mp3<\/a><\/audio>\n<p>&nbsp;<\/p>\n<hr \/>\n<p>&nbsp;<\/p>\n<div dir=\"auto\">\n<div>\n<h2><span style=\"color: #800080;\"><strong>LA RASSEGNA STAMPA DA L&#8217;AMICO DEL POPOLO\u00a0<\/strong><\/span><\/h2>\n<h3 class=\"kvgmc6g5 cxmmr5t8 oygrvhab hcukyx3x c1et5uql\"><span style=\"color: #0000ff;\"> INFORMAZIONE il canale su TELEGRAM informazione di prima mano e in tempo reale. iscriviti ed aiutaci a farlo conoscere\u00a0<\/span><\/h3>\n<p><strong><a href=\"https:\/\/www.radiopiu.net\/wordpress\/giornale-radiopiu-07-aprile\/cai-agordo-2\/\" rel=\"attachment wp-att-127841\"><img loading=\"lazy\" decoding=\"async\" class=\"size-full wp-image-127841 alignleft\" src=\"https:\/\/www.radiopiu.net\/wordpress\/wp-content\/uploads\/2020\/04\/cai-agordo.jpg\" alt=\"\" width=\"297\" height=\"170\" \/><\/a>di Gianni Santomaso<\/strong><\/p>\n<p>OSPITE: Anna Magro presidente CAI Agordo<\/p>\n<audio class=\"wp-audio-shortcode\" id=\"audio-194720-24\" preload=\"none\" style=\"width: 100%;\" controls=\"controls\"><source type=\"audio\/mpeg\" src=\"https:\/\/www.radiopiu.net\/wordpress\/wp-content\/uploads\/2021\/02\/RASSEGNA-GIANNI-3.mp3?_=24\" \/><a href=\"https:\/\/www.radiopiu.net\/wordpress\/wp-content\/uploads\/2021\/02\/RASSEGNA-GIANNI-3.mp3\">https:\/\/www.radiopiu.net\/wordpress\/wp-content\/uploads\/2021\/02\/RASSEGNA-GIANNI-3.mp3<\/a><\/audio>\n<p>&nbsp;<\/p>\n<p><strong>LA RACCOLTA COMPLETA<\/strong><\/p>\n<blockquote class=\"wp-embedded-content\" data-secret=\"OpTSFgQyXk\"><p><a href=\"https:\/\/www.radiopiu.net\/wordpress\/rassegna-stampa-di-gianni-santomaso\/\">Rassegna stampa da l&#8217;amico del popolo &#8211; di Gianni Santomaso<\/a><\/p><\/blockquote>\n<p><iframe loading=\"lazy\" class=\"wp-embedded-content\" sandbox=\"allow-scripts\" security=\"restricted\" style=\"position: absolute; clip: rect(1px, 1px, 1px, 1px);\" title=\"&#8220;Rassegna stampa da l&#8217;amico del popolo &#8211; di Gianni Santomaso&#8221; &#8212; Radio Pi\u00f9\" src=\"https:\/\/www.radiopiu.net\/wordpress\/rassegna-stampa-di-gianni-santomaso\/embed\/#?secret=OpTSFgQyXk\" data-secret=\"OpTSFgQyXk\" width=\"600\" height=\"338\" frameborder=\"0\" marginwidth=\"0\" marginheight=\"0\" scrolling=\"no\"><\/iframe><\/p>\n<p>&nbsp;<\/p>\n<p>&nbsp;<\/p>\n<\/div>\n<\/div>\n<p>&nbsp;<\/p>\n<hr \/>\n<p>&nbsp;<\/p>\n<blockquote>\n<h3><a href=\"https:\/\/www.radiopiu.net\/wordpress\/almanacco-ladino-puntata-5-2020\/sn\/\" rel=\"attachment wp-att-180931\"><img loading=\"lazy\" decoding=\"async\" class=\"wp-image-180931 alignleft\" src=\"https:\/\/www.radiopiu.net\/wordpress\/wp-content\/uploads\/2020\/12\/sn-300x194.jpg\" alt=\"\" width=\"181\" height=\"117\" srcset=\"https:\/\/www.radiopiu.net\/wordpress\/wp-content\/uploads\/2020\/12\/sn-300x194.jpg 300w, https:\/\/www.radiopiu.net\/wordpress\/wp-content\/uploads\/2020\/12\/sn.jpg 626w\" sizes=\"auto, (max-width: 181px) 100vw, 181px\" \/><\/a>L&#8217;ALMANACCO LADINO CON L&#8217;ISTITUT CESA DE JAN QUINDICINALE APPUNTAMENTO. LA DOMENICA ALLE 9 IL LUNEDI ALLE 8.35 IL MARTEDI ALLE 12.35 IL MERCOLEDI ALLE 18.35. SECONDA STAGIONE.<\/h3>\n<\/blockquote>\n<p><strong>LA PUNTATA DELLA SETTIMANA<\/strong><\/p>\n<audio class=\"wp-audio-shortcode\" id=\"audio-194720-25\" preload=\"none\" style=\"width: 100%;\" controls=\"controls\"><source type=\"audio\/mpeg\" src=\"https:\/\/www.radiopiu.net\/wordpress\/wp-content\/uploads\/2021\/03\/53\u00b0-Almanacco-Ladino_Fodom.mp3?_=25\" \/><a href=\"https:\/\/www.radiopiu.net\/wordpress\/wp-content\/uploads\/2021\/03\/53\u00b0-Almanacco-Ladino_Fodom.mp3\">https:\/\/www.radiopiu.net\/wordpress\/wp-content\/uploads\/2021\/03\/53\u00b0-Almanacco-Ladino_Fodom.mp3<\/a><\/audio>\n<p><strong>RACCOLTA COMPLETA\u00a0<\/strong><\/p>\n<blockquote class=\"wp-embedded-content\" data-secret=\"myaAgtADGC\"><p><a href=\"https:\/\/www.radiopiu.net\/wordpress\/almanacco-ladino\/\">Almanacco Ladino<\/a><\/p><\/blockquote>\n<p><iframe loading=\"lazy\" class=\"wp-embedded-content\" sandbox=\"allow-scripts\" security=\"restricted\" style=\"position: absolute; clip: rect(1px, 1px, 1px, 1px);\" title=\"&#8220;Almanacco Ladino&#8221; &#8212; Radio Pi\u00f9\" src=\"https:\/\/www.radiopiu.net\/wordpress\/almanacco-ladino\/embed\/#?secret=myaAgtADGC\" data-secret=\"myaAgtADGC\" width=\"600\" height=\"338\" frameborder=\"0\" marginwidth=\"0\" marginheight=\"0\" scrolling=\"no\"><\/iframe><\/p>\n<p>&nbsp;<\/p>\n<hr \/>\n<blockquote>\n<h2><\/h2>\n<h2>RITORNA AI MICROFONI DI RADIO PIU&#8217; FRANCESCO ZILLIO<br \/>\nQUARTA puntata, stagione 2021 &#8211; EVOLUZIONE DEI SISTEMI DI COMUNICAZIONE SUPPORTATI DA SMARTH PHONE PER LE AZIENDE<\/h2>\n<\/blockquote>\n<p><iframe loading=\"lazy\" title=\"EPCENTER - EVOLUZIONE DEI SISTEMI DI COMUNICAZIONE SUPPORTATI DA SMART PHONE PER LE  AZIENDE\" width=\"1200\" height=\"675\" src=\"https:\/\/www.youtube.com\/embed\/VQu8U59Rjrw?feature=oembed\" frameborder=\"0\" allow=\"accelerometer; autoplay; clipboard-write; encrypted-media; gyroscope; picture-in-picture\" allowfullscreen><\/iframe><\/p>\n<p>&nbsp;<\/p>\n<p><strong>LA VIDEO GALLERY\u00a0<\/strong><\/p>\n<blockquote class=\"wp-embedded-content\" data-secret=\"CCV8IRgxxR\"><p><a href=\"https:\/\/www.radiopiu.net\/wordpress\/ep-center-video-gallery\/\">EP CENTER video gallery<\/a><\/p><\/blockquote>\n<p><iframe loading=\"lazy\" class=\"wp-embedded-content\" sandbox=\"allow-scripts\" security=\"restricted\" style=\"position: absolute; clip: rect(1px, 1px, 1px, 1px);\" title=\"&#8220;EP CENTER video gallery&#8221; &#8212; Radio Pi\u00f9\" src=\"https:\/\/www.radiopiu.net\/wordpress\/ep-center-video-gallery\/embed\/#?secret=CCV8IRgxxR\" data-secret=\"CCV8IRgxxR\" width=\"600\" height=\"338\" frameborder=\"0\" marginwidth=\"0\" marginheight=\"0\" scrolling=\"no\"><\/iframe><\/p>\n<p>&nbsp;<\/p>\n<div dir=\"auto\">\n<p>&nbsp;<\/p>\n<hr \/>\n<p>&nbsp;<\/p>\n<div>\n<p class=\"photoswipe-wrapper\"><a class=\"dt-pswp-item pspw-wrap-ready\" href=\"https:\/\/i0.wp.com\/www.radiopiu.net\/wordpress\/wp-content\/uploads\/2018\/09\/viabilita.jpeg?ssl=1\" data-dt-img-description=\"\" data-large_image_width=\"800\" data-large_image_height=\"100\"><img loading=\"lazy\" decoding=\"async\" class=\"aligncenter wp-image-61954 size-full\" src=\"https:\/\/i0.wp.com\/www.radiopiu.net\/wordpress\/wp-content\/uploads\/2018\/09\/viabilita.jpeg?resize=800%2C100&amp;ssl=1\" sizes=\"auto, (max-width: 800px) 100vw, 800px\" srcset=\"https:\/\/i0.wp.com\/www.radiopiu.net\/wordpress\/wp-content\/uploads\/2018\/09\/viabilita.jpeg?w=800&amp;ssl=1 800w, https:\/\/i0.wp.com\/www.radiopiu.net\/wordpress\/wp-content\/uploads\/2018\/09\/viabilita.jpeg?resize=300%2C38&amp;ssl=1 300w, https:\/\/i0.wp.com\/www.radiopiu.net\/wordpress\/wp-content\/uploads\/2018\/09\/viabilita.jpeg?resize=768%2C96&amp;ssl=1 768w\" alt=\"\" width=\"800\" height=\"100\" \/><\/a><\/p>\n<\/div>\n<p>&nbsp;<\/p>\n<p><strong>SP 19 DI LAMON\u00a0<\/strong>senso unico alternato regolato da movieri e possibili interruzioni di massimo 10 minuti in localit\u00e0 Zavena dalle 8 alle 17 del giorno 6 marzo per lavori di taglio piante<\/p>\n<p><strong>SP 21 DI QUERO<\/strong> fino al 5 marzo, esclusi sabato e domenica, interdizione totale al traffico tra Quero e Ponte Tegorzo per posa cavidotto per conto di E-Distribuzione<\/p>\n<p><strong>SP 251 DELLA VAL DI ZOLDO E CELLINA<\/strong> Istituzione di senso unico alternato regolato da semaforo nel comune di Val di Zoldo per messa in sicurezza della strada<\/p>\n<p><strong>SP 42 CAVALLERA<\/strong> fino a revoca, chiusura della strada nell&#8217;abitato di Perarolo per attivazione emergenza frana &#8220;Busa del Cristo&#8221;<\/p>\n<p><strong>S.P.2 DELLA VALLE DEL MIS\u00a0<\/strong>Interdizione totale al traffico fino a revoca dal km 14,920 (localit\u00e0 Gona Bassa) al km 20,650 (localit\u00e0 Titele) per cedimento della carreggiata<\/p>\n<p><strong>S.P. 5 DI LAMOSANO<\/strong>\u00a0Interdizione totale fino a revoca per presenza di materiale e alberi in strada.<\/p>\n<p><strong>SP 3 DELLA VAL IMPERINA<\/strong> fino a revoca, senso unico alternato regolato a vista in localit\u00e0 Gona di Conedera di Rivamonte per cedimento della carreggiata stradale<\/p>\n<p>&nbsp;<\/p>\n<p>&nbsp;<\/p>\n<hr \/>\n<p>&nbsp;<\/p>\n<div>\n<p class=\"photoswipe-wrapper\"><a class=\"dt-pswp-item pspw-wrap-ready\" href=\"https:\/\/i0.wp.com\/www.radiopiu.net\/wordpress\/wp-content\/uploads\/2018\/09\/WhatsApp-Image-2018-09-20-at-16.04.06.jpeg?ssl=1\" data-dt-img-description=\"\" data-large_image_width=\"800\" data-large_image_height=\"100\"><img loading=\"lazy\" decoding=\"async\" class=\"aligncenter wp-image-61378 size-full jetpack-lazy-image jetpack-lazy-image--handled\" src=\"https:\/\/i0.wp.com\/www.radiopiu.net\/wordpress\/wp-content\/uploads\/2018\/09\/WhatsApp-Image-2018-09-20-at-16.04.06.jpeg?resize=800%2C100&amp;ssl=1\" sizes=\"auto, (max-width: 800px) 100vw, 800px\" srcset=\"https:\/\/i0.wp.com\/www.radiopiu.net\/wordpress\/wp-content\/uploads\/2018\/09\/WhatsApp-Image-2018-09-20-at-16.04.06.jpeg?w=800&amp;ssl=1 800w, https:\/\/i0.wp.com\/www.radiopiu.net\/wordpress\/wp-content\/uploads\/2018\/09\/WhatsApp-Image-2018-09-20-at-16.04.06.jpeg?resize=300%2C38&amp;ssl=1 300w, https:\/\/i0.wp.com\/www.radiopiu.net\/wordpress\/wp-content\/uploads\/2018\/09\/WhatsApp-Image-2018-09-20-at-16.04.06.jpeg?resize=768%2C96&amp;ssl=1 768w\" alt=\"\" width=\"800\" height=\"100\" data-lazy-loaded=\"1\" \/><\/a><\/p>\n<\/div>\n<p>&nbsp;<\/p>\n<div><center><b>Giovedi 4<\/b><\/center><b>Tempo atteso: <\/b>Tempo al mattino ancora in parte soleggiato, per la presenza irregolare di nubi medio-alte ovunque. Sulle Prealpi nel corso del pomeriggio aumento del rischio di formazioni di nubi basse, pi\u00f9 presenti alla sera, quando la copertura nuvolosa sar\u00e0 in ulteriore intensificazione. Il deficit di sole ridurr\u00e0 in parte il riscaldamento diurno.<br \/>\n<b>Precipitazioni: <\/b>Assenti.<br \/>\n<b>Temperature: <\/b>In quota in generale lieve calo con le minime raggiunte a fine giornata, nelle valli minime pressoch\u00e8 stazionarie o in lieve aumento, massime in lieve calo. Sono previste punte diurne di 13\/14\u00b0C nei fondovalle prealpini e di 8\/10\u00b0C a 1000\/1200 m. Su Prealpi a 1500 m min 1\u00b0C max 5\u00b0C, a 2000 m min -2\u00b0C max 4\u00b0C. Su Dolomiti a 2000 m min -2\u00b0C max 5\u00b0C, a 3000 m min -8\u00b0C max -3\u00b0C.<br \/>\n<b>Venti: <\/b>Deboli a regime di brezza nelle valli, localmente e a tratti moderati per brezze; in quota deboli o moderati da ovest a 5-15 km\/h a 2000 m e 15-25 km\/h a 3000 m.<\/div>\n<\/div>\n<hr \/>\n<p><center><b>Venerdi 5<\/b><\/center><b>Tempo atteso: <\/b>Al mattino cielo gi\u00e0 molto nuvoloso o coperto, perlopi\u00f9 senza fenomeni. Al pomeriggio lento peggioramento del tempo fino a risultare lievemente perturbato nel tardo pomeriggio\/sera, quando le precipitazioni saranno di fatto pi\u00f9 probabili, nevose sopra i 900\/1100 m. (sono previsti mediamente 2-5 mm con altrettanti cm di neve sopra i 1500 m entro la mezzanotte). Generale calo delle temperature, eccetto rialzo delle minime nelle valli. Venti deboli\/moderati da ovest nord-ovest in quota, deboli da sud alla sera; nelle valli deboli di direzione variabile.<br \/>\n<b>Precipitazioni: <\/b>Al mattino generalmente assenti, salvo una bassa probabilit\u00e0 di locali piovaschi (5-10%), con eventuale nevischio oltre i 1600-1800 m. Nel pomeriggio aumento graduale della probabilit\u00e0 fino a medio-alta (50-75%) di deboli precipitazioni sparse, complessivamente modeste sulle Dolomiti, un po&#8217; pi\u00f9 significative sulle zone prealpine (5-10mm), con altrettanti cm di neve fresca oltre i 1500m. Il limite delle nevicate sar\u00e0 intorno agli 800-1000 m a fine giornata.<br \/>\n<b>Temperature: <\/b>Minime in aumento, massime in diminuzione in alta montagna, pressoch\u00e8 stazionarie nelle valli. Attenuazione dell&#8217;inversione termica. Su Prealpi a 1500 m min -1\u00b0C max 3\u00b0C, a 2000 m min -3\u00b0C max 1\u00b0C. Su Dolomiti a 2000 m min -4\u00b0C max 0\u00b0C, a 3000 m min -11\u00b0C max -7\u00b0C.<br \/>\n<b>Venti: <\/b>Deboli nelle valli, in quota deboli o moderati dai qyuadranti settentrionali a 5-15 km\/h a 2000 m e a 15-20 km\/h a 3000 m.<\/p>\n<hr \/>\n<p><center><b>Sabato 6<\/b><\/center>Nottetempo lieve maltempo con cielo coperto e deboli precipitazioni, nevose fino sugli 800\/900 m. Esaurimento dei fenomeni entro met\u00e0 mattinata, ma il cielo tender\u00e0 a mantenersi irregolarmente nuvoloso per gran parte della giornata. Dal pomeriggio schiarite pi\u00f9 ampie a partire dalle Dolomiti, in successiva estensione alle Prealpi. Temperature in generale diminuzione. Venti deboli di direzione variabile nelle valli; in quota moderati da nord-ovest.<\/p>\n<hr \/>\n<p><center><b>Domenica 7<\/b><\/center>Dopo una residua nuvolosit\u00e0 presente nelle prime ore della giornata, il tempo tender\u00e0 a divenire ben soleggiato e piuttosto asciutto ovunque, salvo qualche temporanea foschia o banco di nebbia nelle conche prealpine in rapido dissolvimento dopo l&#8217;alba. Temperature minime in diminuzione, massime in aumento. Venti in quota deboli settentrionali. Previsore: M.Padoan<\/p>\n<p>&nbsp;<\/p>\n<p>&nbsp;<\/p>\n<hr \/>\n<p>&nbsp;<\/p>\n<p><a href=\"https:\/\/www.radiopiu.net\/wordpress\/giornale-radiopiu-15-settembre-2018-direttore-mirko-mezzacasa\/sport-7\/\" rel=\"attachment wp-att-60761\"><img loading=\"lazy\" decoding=\"async\" class=\"wp-image-60761 size-full aligncenter\" src=\"https:\/\/www.radiopiu.net\/wordpress\/wp-content\/uploads\/2018\/09\/sport.jpg\" alt=\"\" width=\"800\" height=\"100\" srcset=\"https:\/\/www.radiopiu.net\/wordpress\/wp-content\/uploads\/2018\/09\/sport.jpg 800w, https:\/\/www.radiopiu.net\/wordpress\/wp-content\/uploads\/2018\/09\/sport-300x38.jpg 300w, https:\/\/www.radiopiu.net\/wordpress\/wp-content\/uploads\/2018\/09\/sport-768x96.jpg 768w\" sizes=\"auto, (max-width: 800px) 100vw, 800px\" \/><\/a><\/p>\n<p>&nbsp;<\/p>\n<p>&nbsp;<\/p>\n<blockquote>\n<h3>GIOVANNI FRANZONI CAMPIONE DEL MONDO JUNIOR NEL SUPER-G DI BANSKO<\/h3>\n<\/blockquote>\n<p><a href=\"https:\/\/www.radiopiu.net\/wordpress\/giovanni-franzoni-campione-del-mondo-junior-nel-super-g-di-bansko\/franzoni_viso_cortina\/\" rel=\"attachment wp-att-194792\"><img loading=\"lazy\" decoding=\"async\" class=\"size-medium wp-image-194792 alignleft\" src=\"https:\/\/www.radiopiu.net\/wordpress\/wp-content\/uploads\/2021\/03\/franzoni_viso_cortina-300x164.jpg\" alt=\"\" width=\"300\" height=\"164\" srcset=\"https:\/\/www.radiopiu.net\/wordpress\/wp-content\/uploads\/2021\/03\/franzoni_viso_cortina-300x164.jpg 300w, https:\/\/www.radiopiu.net\/wordpress\/wp-content\/uploads\/2021\/03\/franzoni_viso_cortina-1024x560.jpg 1024w, https:\/\/www.radiopiu.net\/wordpress\/wp-content\/uploads\/2021\/03\/franzoni_viso_cortina-768x420.jpg 768w, https:\/\/www.radiopiu.net\/wordpress\/wp-content\/uploads\/2021\/03\/franzoni_viso_cortina.jpg 1068w\" sizes=\"auto, (max-width: 300px) 100vw, 300px\" \/><\/a>Giovanni Franzoni \u00e8 il nuovo campione del mondo junior del superG. Nella prima giornata di gare ai Mondiali junior di Bansko, l\u2019azzurro Giovanni Franzoni, 19 anni di Manerba del Garda portacolori delle Fiamme Gialle, \u00e8 riuscito ad imporsi nel superG grazie al tempo di 49\u203370, per soli 4 centesimi meglio dell\u2019austriaco Lukas Feurstein e per 5 davanti all\u2019elvetico Gael Zulauf. E\u2019 un oro importante quello di Franzoni che mette a segno il primo, grande risultato della sua carriera e si lancia verso le finali di Lenzerheide di fine stagione, dopo aver gi\u00e0 sperimentato i Mondiali di Cortina, lo scorso febbraio. L\u2019ultimo italiano a vincere il titolo junior nel superG era stato Peter Fill, a Tarvisio nel 2002, quindi Franzoni colma un gap che per i nostri colori mancava da 19 edizioni. Si tratta del terzo titolo di superG della storia, dopo quello di Max Iezza nel 1993 a Monte Campione e, quello di Fill, gi\u00e0 menzionato. Diplomato al liceo scientifico, cresciuto nello Ski College Veneto Falcade, Giovanni Franzoni ha esordito in Coppa del Mondo a dicembre nel gigante dell\u2019Alta Badia, poi i due giganti di Adelboden: non si era qualificato, ma ci era andato vicino. A Cortina ha disputato combinata, parallelo e gigante. Ha un fratello gemello che fa il maestro di sci. La sua specialit\u00e0 preferita \u00e8 il gigante, ma nell\u2019ultima stagione si \u00e8 dedicato anche alla velocit\u00e0. (foto fisi.org)<\/p>\n<p>&nbsp;<\/p>\n<hr \/>\n<p>&nbsp;<\/p>\n<h3><span style=\"color: #ff0000;\">COPPA EUROPA\u00a0<\/span><\/h3>\n<blockquote>\n<h3>Si chiude con la vittoria russa di Pleshkova e il secondo posto della Pichler la settimana fassana<\/h3>\n<\/blockquote>\n<p>Tab\u00f9 sfatato sulla pista La VolatA anche nel superG. Dopo 5 giorni di dominio svizzero sia in Coppa del Mondo, sia in Coppa Europa \u00e8 arrivata una vittoria di una sciatrice russa, che risponde al nome di Julia Pleshkova, capace di fermare il cronometro sul tempo di 1\u201914\u201d68 e di riscattarsi rispetto al secondo posto centrato marted\u00ec. La lieta sorpresa \u00e8 stata per\u00f2 azzurra, grazie alla 26enne di Monte San Pietro Karoline Pichler, capace di interpretare nel modo migliore il tracciato disegnato dal francese Emilien Astier e a chiudere in seconda posizione a soli 11 centesimi dalla vittoria. Una prestazione davvero rilevante per la portacolori delle Fiamme Oro, che ha dimostrato scorrevolezza e determinazione, sfiorando addirittura il colpaccio. Sul terzo gradino del podio \u00e8 arrivata l\u2019austriaca Sabrina Maier, a 14 centesimi dalla sciatrice altoatesina. Ma non \u00e8 tutto, visto che la gardenese Nadia Delago ha dimostrato di apprezzare molto questo pendio (dove aveva gi\u00e0 vinto una volta in coppa Europa salendo sul podio nella seconda gara nel 2019), migliorando rispetto alla prima gara di marted\u00ec, e concludendo in quarta posizione a 48 centesimi dalla zona medaglia. Seguono in classifica l\u2019austriaca Nadine Fest, quindi la svizzera Stephanie Jenal (sesta) che ha cos\u00ec rosicchiato punti importanti alla sua connazionale Jasmina Suter (ottava al traguardo) ed ora le due nella generale di superG sono separate di soli 2 punti: 252 Jasmina, 250 Stephanie. In chiave italiana Jole Galli ha concluso 28esima, Vicky Bernardi 30esima, Federica Sosioi 36esima, Ilaria Ghisalberti 38esima, Vittoria Capellini 40esima, Elisa Schranzhofer 43esima. In gara anche la trentina Amelia Rigatti Di Grazia che ha concluso 71esima. Bis tra le U18, dell\u2019austriaca Ranalter Magdalena Austria, in recupero di una posizione in classifica generale 52.esima, anno 2003, mentre fra gli junior la migliore \u00e8 risultata l\u2019austriaca Magdalena Egger (settima assoluta), quindi la svizzera Delia Durrer e l\u2019austriaca Emily Schoepf.<\/p>\n\n\t\t\t<style type='text\/css'>\n\t\t\t\t#gallery-4 {\n\t\t\t\t\tmargin: auto;\n\t\t\t\t}\n\t\t\t\t#gallery-4 .gallery-item {\n\t\t\t\t\tfloat: left;\n\t\t\t\t\tmargin-top: 10px;\n\t\t\t\t\ttext-align: center;\n\t\t\t\t\twidth: 20%;\n\t\t\t\t}\n\t\t\t\t#gallery-4 img {\n\t\t\t\t\tborder: 2px solid #cfcfcf;\n\t\t\t\t}\n\t\t\t\t#gallery-4 .gallery-caption {\n\t\t\t\t\tmargin-left: 0;\n\t\t\t\t}\n\t\t\t\t\/* see gallery_shortcode() in wp-includes\/media.php *\/\n\t\t\t<\/style>\n\t\t<div id='gallery-4' class='dt-gallery-container gallery galleryid-194720 gallery-columns-5 gallery-size-thumbnail'><dl class='gallery-item'>\n\t\t\t\t<dt class='gallery-icon landscape'>\n\t\t\t\t\t<a class=\"rollover rollover-zoom dt-pswp-item\" title=\"22153\" data-dt-img-description=\"\" data-large_image_width=\"2560\" data-large_image_height=\"1704\"href='https:\/\/www.radiopiu.net\/wordpress\/wp-content\/uploads\/2021\/03\/22153-scaled.jpg'><img loading=\"lazy\" decoding=\"async\" width=\"150\" height=\"150\" src=\"https:\/\/www.radiopiu.net\/wordpress\/wp-content\/uploads\/2021\/03\/22153-150x150.jpg\" class=\"attachment-thumbnail size-thumbnail\" alt=\"\" aria-describedby=\"gallery-4-194895\" \/><\/a>\n\t\t\t\t<\/dt>\n\t\t\t\t\t<dd class='wp-caption-text gallery-caption' id='gallery-4-194895'>\n\t\t\t\t\tFoto Elvis Piazzi\n\t\t\t\t\t<\/dd><\/dl><dl class='gallery-item'>\n\t\t\t\t<dt class='gallery-icon landscape'>\n\t\t\t\t\t<a class=\"rollover rollover-zoom dt-pswp-item\" title=\"22154\" data-dt-img-description=\"\" data-large_image_width=\"80\" data-large_image_height=\"80\"href='https:\/\/www.radiopiu.net\/wordpress\/wp-content\/uploads\/2021\/03\/22154.jpg'><img loading=\"lazy\" decoding=\"async\" width=\"80\" height=\"80\" src=\"https:\/\/www.radiopiu.net\/wordpress\/wp-content\/uploads\/2021\/03\/22154.jpg\" class=\"attachment-thumbnail size-thumbnail\" alt=\"\" aria-describedby=\"gallery-4-194896\" \/><\/a>\n\t\t\t\t<\/dt>\n\t\t\t\t\t<dd class='wp-caption-text gallery-caption' id='gallery-4-194896'>\n\t\t\t\t\tFoto Elvis Piazzi\n\t\t\t\t\t<\/dd><\/dl><dl class='gallery-item'>\n\t\t\t\t<dt class='gallery-icon landscape'>\n\t\t\t\t\t<a class=\"rollover rollover-zoom dt-pswp-item\" title=\"julia plashkova\" data-dt-img-description=\"\" data-large_image_width=\"2560\" data-large_image_height=\"1843\"href='https:\/\/www.radiopiu.net\/wordpress\/wp-content\/uploads\/2021\/03\/julia-plashkova-1-scaled.jpg'><img loading=\"lazy\" decoding=\"async\" width=\"150\" height=\"150\" src=\"https:\/\/www.radiopiu.net\/wordpress\/wp-content\/uploads\/2021\/03\/julia-plashkova-1-150x150.jpg\" class=\"attachment-thumbnail size-thumbnail\" alt=\"\" aria-describedby=\"gallery-4-194903\" \/><\/a>\n\t\t\t\t<\/dt>\n\t\t\t\t\t<dd class='wp-caption-text gallery-caption' id='gallery-4-194903'>\n\t\t\t\t\tjulia plashkova Foto Elvis Piazzi\n\t\t\t\t\t<\/dd><\/dl><dl class='gallery-item'>\n\t\t\t\t<dt class='gallery-icon landscape'>\n\t\t\t\t\t<a class=\"rollover rollover-zoom dt-pswp-item\" title=\"karoline pichler\" data-dt-img-description=\"\" data-large_image_width=\"2560\" data-large_image_height=\"2061\"href='https:\/\/www.radiopiu.net\/wordpress\/wp-content\/uploads\/2021\/03\/karoline-pichler-1-scaled.jpg'><img loading=\"lazy\" decoding=\"async\" width=\"150\" height=\"150\" src=\"https:\/\/www.radiopiu.net\/wordpress\/wp-content\/uploads\/2021\/03\/karoline-pichler-1-150x150.jpg\" class=\"attachment-thumbnail size-thumbnail\" alt=\"\" aria-describedby=\"gallery-4-194901\" \/><\/a>\n\t\t\t\t<\/dt>\n\t\t\t\t\t<dd class='wp-caption-text gallery-caption' id='gallery-4-194901'>\n\t\t\t\t\tkaroline pichler\n\t\t\t\t\t<\/dd><\/dl><dl class='gallery-item'>\n\t\t\t\t<dt class='gallery-icon landscape'>\n\t\t\t\t\t<a class=\"rollover rollover-zoom dt-pswp-item\" title=\"karoline pichler\" data-dt-img-description=\"\" data-large_image_width=\"2560\" data-large_image_height=\"1906\"href='https:\/\/www.radiopiu.net\/wordpress\/wp-content\/uploads\/2021\/03\/karoline-pichler-scaled.jpg'><img loading=\"lazy\" decoding=\"async\" width=\"150\" height=\"150\" src=\"https:\/\/www.radiopiu.net\/wordpress\/wp-content\/uploads\/2021\/03\/karoline-pichler-150x150.jpg\" class=\"attachment-thumbnail size-thumbnail\" alt=\"\" aria-describedby=\"gallery-4-194894\" \/><\/a>\n\t\t\t\t<\/dt>\n\t\t\t\t\t<dd class='wp-caption-text gallery-caption' id='gallery-4-194894'>\n\t\t\t\t\tkaroline pichler\n\t\t\t\t\t<\/dd><\/dl><br style=\"clear: both\" \/><dl class='gallery-item'>\n\t\t\t\t<dt class='gallery-icon portrait'>\n\t\t\t\t\t<a class=\"rollover rollover-zoom dt-pswp-item\" title=\"karoline picher\" data-dt-img-description=\"\" data-large_image_width=\"1808\" data-large_image_height=\"2560\"href='https:\/\/www.radiopiu.net\/wordpress\/wp-content\/uploads\/2021\/03\/karoline-picher-scaled.jpg'><img loading=\"lazy\" decoding=\"async\" width=\"150\" height=\"150\" src=\"https:\/\/www.radiopiu.net\/wordpress\/wp-content\/uploads\/2021\/03\/karoline-picher-150x150.jpg\" class=\"attachment-thumbnail size-thumbnail\" alt=\"\" aria-describedby=\"gallery-4-194904\" \/><\/a>\n\t\t\t\t<\/dt>\n\t\t\t\t\t<dd class='wp-caption-text gallery-caption' id='gallery-4-194904'>\n\t\t\t\t\tkaroline pichler\n\t\t\t\t\t<\/dd><\/dl><dl class='gallery-item'>\n\t\t\t\t<dt class='gallery-icon landscape'>\n\t\t\t\t\t<a class=\"rollover rollover-zoom dt-pswp-item\" title=\"nadia delago (1)\" data-dt-img-description=\"\" data-large_image_width=\"2560\" data-large_image_height=\"1758\"href='https:\/\/www.radiopiu.net\/wordpress\/wp-content\/uploads\/2021\/03\/nadia-delago-1-scaled.jpg'><img loading=\"lazy\" decoding=\"async\" width=\"150\" height=\"150\" src=\"https:\/\/www.radiopiu.net\/wordpress\/wp-content\/uploads\/2021\/03\/nadia-delago-1-150x150.jpg\" class=\"attachment-thumbnail size-thumbnail\" alt=\"\" aria-describedby=\"gallery-4-194900\" \/><\/a>\n\t\t\t\t<\/dt>\n\t\t\t\t\t<dd class='wp-caption-text gallery-caption' id='gallery-4-194900'>\n\t\t\t\t\tnadia delago Foto Elvis Piazzi\n\t\t\t\t\t<\/dd><\/dl><dl class='gallery-item'>\n\t\t\t\t<dt class='gallery-icon portrait'>\n\t\t\t\t\t<a class=\"rollover rollover-zoom dt-pswp-item\" title=\"nadia delago\" data-dt-img-description=\"\" data-large_image_width=\"1722\" data-large_image_height=\"2400\"href='https:\/\/www.radiopiu.net\/wordpress\/wp-content\/uploads\/2021\/03\/nadia-delago.jpg'><img loading=\"lazy\" decoding=\"async\" width=\"150\" height=\"150\" src=\"https:\/\/www.radiopiu.net\/wordpress\/wp-content\/uploads\/2021\/03\/nadia-delago-150x150.jpg\" class=\"attachment-thumbnail size-thumbnail\" alt=\"\" aria-describedby=\"gallery-4-194897\" \/><\/a>\n\t\t\t\t<\/dt>\n\t\t\t\t\t<dd class='wp-caption-text gallery-caption' id='gallery-4-194897'>\n\t\t\t\t\tFoto Elvis Piazzi\n\t\t\t\t\t<\/dd><\/dl><dl class='gallery-item'>\n\t\t\t\t<dt class='gallery-icon landscape'>\n\t\t\t\t\t<a class=\"rollover rollover-zoom dt-pswp-item\" title=\"nadia delago e karolina pichler\" data-dt-img-description=\"\" data-large_image_width=\"2560\" data-large_image_height=\"1958\"href='https:\/\/www.radiopiu.net\/wordpress\/wp-content\/uploads\/2021\/03\/nadia-delago-e-karolina-pichler-scaled.jpg'><img loading=\"lazy\" decoding=\"async\" width=\"150\" height=\"150\" src=\"https:\/\/www.radiopiu.net\/wordpress\/wp-content\/uploads\/2021\/03\/nadia-delago-e-karolina-pichler-150x150.jpg\" class=\"attachment-thumbnail size-thumbnail\" alt=\"\" aria-describedby=\"gallery-4-194898\" \/><\/a>\n\t\t\t\t<\/dt>\n\t\t\t\t\t<dd class='wp-caption-text gallery-caption' id='gallery-4-194898'>\n\t\t\t\t\tnadia delago e karolina pichler\n\t\t\t\t\t<\/dd><\/dl>\n\t\t\t\t<br style='clear: both' \/>\n\t\t\t<\/div>\n\n<p>&nbsp;<\/p>\n<p>&nbsp;<\/p>\n<hr \/>\n<p>&nbsp;<\/p>\n<blockquote>\n<h3>SPORTIVAMENTE BELLUNO PROTAGONISTA A SPRESIANO<\/h3>\n<\/blockquote>\n<p><strong>BELLUNO <\/strong>Anche la quarta giornata dell\u2019attivit\u00e0 categoria, sotto la regia della Fin Veneto, va in archivio con un bilancio positivo: la Sportivamente Belluno continua a crescere e a migliorarsi. In questo senso non fa eccezione la tappa di Spresiano, dove Matias Boccanegra, nei 50 farfalla, abbatte il muro dei 30\u201d chiudendo con il tempo di 29\u201d61. E nei 100 il crono \u00e8 di 1\u201913\u201d96: quasi 3 secondi in meno rispetto al suo personale. Per quanto riguarda la categoria Ragazzi, tutti gli atleti e le atlete hanno ottenuto buonissimi risultati e limato i loro personali. Da sottolineare, nei 200 stile, le prove di Giacomo Sponga (2\u201915\u201d68), Ivan Somacal (2\u201918\u201d10), Minerva Dall\u2019\u00d2 (2\u201920\u201d17) ed Elisa Petten\u00f2 (2\u201922\u201d31). La stessa Petten\u00f2 \u00e8 protagonista pure nei 200 dorso (1\u201912\u201d10), proprio come Dall\u2019\u00d2 (1\u201913\u201d64). Bene anche Eleonora Cibien (1\u201913\u201d97) e Samuele Gashi (1\u201915\u201d68). Nei 200 rana, Tomaso Damiano Miari Fulcis gestisce in modo magistrale la gara, fermando il cronometro a 2\u201948\u201d85 (nono tempo assoluto della gara). E, nei 100 farfalla, Giacomo Sponga e Ivan Somacal chiudono rispettivamente in 1\u201909\u201d22 e 1\u201913\u201d18. Tra le ragazze, bene Sara Sommacal (1\u201915\u201d88). Altri risultati. 200 stile: Giacomo Bianchini (2\u201926\u201d44), Samuele Gashi (2\u201930\u201d47), Gianluca Ariano (2\u201932\u201d80), Eleonora Cibien (2\u201926\u201d83), Sara Sommacal (2\u201929\u201d50), Zaira Muleddu (2\u201934\u201d69), Greta Porta (2\u201947\u201d66). 200 rana: Andrea Frisaldi (2\u201956\u201d84), Sofia Emilia Caldart (3\u201900\u201d11), Camilla Petra Caldart (SQU) 100 dorso: Marco Sponga (1\u201914\u201d50), Zaira Muleddu (1\u201918\u201d62), Tomaso Damiano Miari Fulcis (1\u201919\u201d07), Gianluca Ariano (1\u201923\u201d45), Camilla Petra Caldart (1\u201930\u201d95). 100 farfalla: Alessandro Facchin (1\u201913\u201d53), Sofia Emilia Caldart (1\u201917\u201d32), Greta Porta (1\u201927\u201d38), Giacomo Bianchini (1\u201919\u201d34), Andrea Frisaldi. 50 farfalla: Alessandro Facchin (31\u201d36), Marco Sponga (33\u201d36), Rebecca De Min (34\u201d57). 50 dorso: Rebecca De Min (35\u201d36).<\/p>\n\n\t\t\t<style type='text\/css'>\n\t\t\t\t#gallery-5 {\n\t\t\t\t\tmargin: auto;\n\t\t\t\t}\n\t\t\t\t#gallery-5 .gallery-item {\n\t\t\t\t\tfloat: left;\n\t\t\t\t\tmargin-top: 10px;\n\t\t\t\t\ttext-align: center;\n\t\t\t\t\twidth: 50%;\n\t\t\t\t}\n\t\t\t\t#gallery-5 img {\n\t\t\t\t\tborder: 2px solid #cfcfcf;\n\t\t\t\t}\n\t\t\t\t#gallery-5 .gallery-caption {\n\t\t\t\t\tmargin-left: 0;\n\t\t\t\t}\n\t\t\t\t\/* see gallery_shortcode() in wp-includes\/media.php *\/\n\t\t\t<\/style>\n\t\t<div id='gallery-5' class='dt-gallery-container gallery galleryid-194720 gallery-columns-2 gallery-size-medium'><dl class='gallery-item'>\n\t\t\t\t<dt class='gallery-icon landscape'>\n\t\t\t\t\t<a class=\"rollover rollover-zoom dt-pswp-item\" title=\"Categoria_Ragazze_a_Spresiano\" data-dt-img-description=\"\" data-large_image_width=\"688\" data-large_image_height=\"495\"href='https:\/\/www.radiopiu.net\/wordpress\/wp-content\/uploads\/2021\/03\/Categoria_Ragazze_a_Spresiano.jpg'><img loading=\"lazy\" decoding=\"async\" width=\"300\" height=\"216\" src=\"https:\/\/www.radiopiu.net\/wordpress\/wp-content\/uploads\/2021\/03\/Categoria_Ragazze_a_Spresiano-300x216.jpg\" class=\"attachment-medium size-medium\" alt=\"\" srcset=\"https:\/\/www.radiopiu.net\/wordpress\/wp-content\/uploads\/2021\/03\/Categoria_Ragazze_a_Spresiano-300x216.jpg 300w, https:\/\/www.radiopiu.net\/wordpress\/wp-content\/uploads\/2021\/03\/Categoria_Ragazze_a_Spresiano.jpg 688w\" sizes=\"auto, (max-width: 300px) 100vw, 300px\" \/><\/a>\n\t\t\t\t<\/dt><\/dl><dl class='gallery-item'>\n\t\t\t\t<dt class='gallery-icon landscape'>\n\t\t\t\t\t<a class=\"rollover rollover-zoom dt-pswp-item\" title=\"Categoria_Ragazzi_a_Spresiano\" data-dt-img-description=\"\" data-large_image_width=\"687\" data-large_image_height=\"493\"href='https:\/\/www.radiopiu.net\/wordpress\/wp-content\/uploads\/2021\/03\/Categoria_Ragazzi_a_Spresiano.jpg'><img loading=\"lazy\" decoding=\"async\" width=\"300\" height=\"215\" src=\"https:\/\/www.radiopiu.net\/wordpress\/wp-content\/uploads\/2021\/03\/Categoria_Ragazzi_a_Spresiano-300x215.jpg\" class=\"attachment-medium size-medium\" alt=\"\" srcset=\"https:\/\/www.radiopiu.net\/wordpress\/wp-content\/uploads\/2021\/03\/Categoria_Ragazzi_a_Spresiano-300x215.jpg 300w, https:\/\/www.radiopiu.net\/wordpress\/wp-content\/uploads\/2021\/03\/Categoria_Ragazzi_a_Spresiano.jpg 687w\" sizes=\"auto, (max-width: 300px) 100vw, 300px\" \/><\/a>\n\t\t\t\t<\/dt><\/dl><br style=\"clear: both\" \/>\n\t\t\t<\/div>\n\n<p>&nbsp;<\/p>\n<hr \/>\n<p>&nbsp;<\/p>\n<blockquote>\n<h3>LE FINALI DEL LATTEBUSCHE<\/h3>\n<\/blockquote>\n<div id=\"articoloHead\" class=\"row bblu bianco s18 roboto\"><\/div>\n<div id=\"articoloSub\" class=\"row bpanna nero s22\">Finali del Gran Prix Lattebusche a porte chiuse, sono in calendario per sabato e domenica a Malga Ciapela e Alleghe.\u00a0 A Malga Ciapela con lo Sci Nordico Marmolada.. Sulla Pista Aquile \u00e8 stato disegnato l&#8217;anello sul quale si sfideranno i Super Baby (0.5 km), i Baby (1 e 2 km) e i Cuccioli (2 e 3 km). Nel comprensorio del Civetta con lo\u00a0 Sci Club Alleghe. sabato, protagonisti i Cuccioli<b class=\"paragrafo\"><\/b><\/div>\n<div><\/div>\n","protected":false},"excerpt":{"rendered":"<p>PER RICEVERE QUESTO NOTIZIARIO DIRETTAMENTE SUL TUO CELLULARE ISCRIVITI AL CANALE TELEGRAM \u201cRADIO PIU\u00a0 INFORMAZIONE&#8221;\u00a0 SUPERATI I 3000 ISCRITTI, il CANALE TELEGRAM&#8230; UNISCITI A: RADIO PIU INFORMAZIONE &nbsp; &nbsp; ATTENZIONE: LA NUOVA APP PER IOS-IPHONE di Nicola Vettorello https:\/\/apps.apple.com\/it\/app\/radio-pi%C3%B9-emittente-agordina\/id1515939845 ATTENZIONE: LA NUOVA APP RADIO\u00a0 PER ANDROID di Nicola Vettorello https:\/\/play.google.com\/store\/apps\/details?id=net.radiopiu.iniko\u00a0\u00a0 &nbsp; &nbsp; &nbsp; QUANDO L&#8217;ONESTA&#8217;&hellip;<\/p>\n","protected":false},"author":4,"featured_media":194905,"comment_status":"closed","ping_status":"closed","sticky":false,"template":"","format":"standard","meta":{"_monsterinsights_skip_tracking":false,"_monsterinsights_sitenote_active":false,"_monsterinsights_sitenote_note":"","_monsterinsights_sitenote_category":0,"footnotes":""},"categories":[1,51,86],"tags":[],"class_list":["post-194720","post","type-post","status-publish","format-standard","has-post-thumbnail","hentry","category-senza-categoria","category-evidenza-top","category-gr","category-1","category-51","category-86","description-off"],"img_url":"https:\/\/www.radiopiu.net\/wordpress\/wp-content\/uploads\/2021\/03\/22154-1-scaled.jpg","_links":{"self":[{"href":"https:\/\/www.radiopiu.net\/wordpress\/wp-json\/wp\/v2\/posts\/194720","targetHints":{"allow":["GET"]}}],"collection":[{"href":"https:\/\/www.radiopiu.net\/wordpress\/wp-json\/wp\/v2\/posts"}],"about":[{"href":"https:\/\/www.radiopiu.net\/wordpress\/wp-json\/wp\/v2\/types\/post"}],"author":[{"embeddable":true,"href":"https:\/\/www.radiopiu.net\/wordpress\/wp-json\/wp\/v2\/users\/4"}],"replies":[{"embeddable":true,"href":"https:\/\/www.radiopiu.net\/wordpress\/wp-json\/wp\/v2\/comments?post=194720"}],"version-history":[{"count":0,"href":"https:\/\/www.radiopiu.net\/wordpress\/wp-json\/wp\/v2\/posts\/194720\/revisions"}],"wp:featuredmedia":[{"embeddable":true,"href":"https:\/\/www.radiopiu.net\/wordpress\/wp-json\/wp\/v2\/media\/194905"}],"wp:attachment":[{"href":"https:\/\/www.radiopiu.net\/wordpress\/wp-json\/wp\/v2\/media?parent=194720"}],"wp:term":[{"taxonomy":"category","embeddable":true,"href":"https:\/\/www.radiopiu.net\/wordpress\/wp-json\/wp\/v2\/categories?post=194720"},{"taxonomy":"post_tag","embeddable":true,"href":"https:\/\/www.radiopiu.net\/wordpress\/wp-json\/wp\/v2\/tags?post=194720"}],"curies":[{"name":"wp","href":"https:\/\/api.w.org\/{rel}","templated":true}]}}