{"id":194766,"date":"2021-03-03T10:46:39","date_gmt":"2021-03-03T09:46:39","guid":{"rendered":"https:\/\/www.radiopiu.net\/wordpress\/?p=194766"},"modified":"2021-03-03T10:46:40","modified_gmt":"2021-03-03T09:46:40","slug":"8-marzo-il-comune-di-feltre-celebra-la-giornata-internazionale-dei-diritti-della-donna-con-la-proiezione-del-cortometraggio-laurora","status":"publish","type":"post","link":"https:\/\/www.radiopiu.net\/wordpress\/8-marzo-il-comune-di-feltre-celebra-la-giornata-internazionale-dei-diritti-della-donna-con-la-proiezione-del-cortometraggio-laurora\/","title":{"rendered":"8 MARZO: IL COMUNE DI FELTRE CELEBRA LA GIORNATA INTERNAZIONALE DEI DIRITTI DELLA DONNA CON LA PROIEZIONE DEL CORTOMETRAGGIO \u201cL\u2019AURORA\u201d."},"content":{"rendered":"<p><strong><a href=\"https:\/\/www.radiopiu.net\/wordpress\/8-marzo-il-comune-di-feltre-celebra-la-giornata-internazionale-dei-diritti-della-donna-con-la-proiezione-del-cortometraggio-laurora\/86dc06e7-774a-44f9-b859-32c61a3a80fa\/\" rel=\"attachment wp-att-194767\"><img loading=\"lazy\" decoding=\"async\" class=\"size-medium wp-image-194767 alignleft\" src=\"https:\/\/www.radiopiu.net\/wordpress\/wp-content\/uploads\/2021\/03\/86dc06e7-774a-44f9-b859-32c61a3a80fa-212x300.jpg\" alt=\"\" width=\"212\" height=\"300\" srcset=\"https:\/\/www.radiopiu.net\/wordpress\/wp-content\/uploads\/2021\/03\/86dc06e7-774a-44f9-b859-32c61a3a80fa-212x300.jpg 212w, https:\/\/www.radiopiu.net\/wordpress\/wp-content\/uploads\/2021\/03\/86dc06e7-774a-44f9-b859-32c61a3a80fa.jpg 595w\" sizes=\"auto, (max-width: 212px) 100vw, 212px\" \/><\/a>FELTRE <\/strong>Il Comune di Feltre e la Commissione comunale per le Pari Opportunit\u00e0 celebrano la Giornata internazionale dei diritti della donna con una iniziativa on-line. Nella giornata di luned\u00ec 8 marzo protagonista sar\u00e0 la proiezione del cortometraggio \u201cL&#8217;Aurora\u201d &#8211; girato proprio a Feltre nel 2019 &#8211; che affronta il difficile tema della violenza sulle donne. Il programma dell&#8217;iniziativa prevede la proiezione del cortometraggio per la regia di Lorenzo Cassol e successivamente l&#8217;incontro in modalit\u00e0 telematica con la sceneggiatrice, Alessia Buiatti, e con alcuni membri del cast, il regista e altri collaboratori della produzione. <u>Il corto sar\u00e0 visibile sulla pagina Facebook della Commissione Pari Opportunit\u00e0 di <\/u><u>Feltre a partire dalle 20.30<\/u>. Durante la serata sar\u00e0 possibile interagire con gli ospiti attraverso commenti e domande. \u201c<em>Le cronache, anche degli ultimi giorni, ci ricordano quanto sia utile e necessario tenere alta l&#8217;attenzione e la consapevolezza sui temi legati ai diritti e alla dignit\u00e0 delle donne, a tutte le latitudini del mondo\u201d, commenta l&#8217;assessora alle pari opportunit\u00e0 del Comune di Feltre Giorgia Li Castri. \u201cAncor pi\u00f9 in questo periodo di pandemia, molte donne vivono situazioni di violenza domestica e non solo, privazione dei propri diritti e del proprio ruolo sociale. Con questa iniziativa, a cui ne seguiranno altre, Feltre vuole dare un segnale forte, che non rappresenta per\u00f2 un sasso nello stagno, bens\u00ec il tassello di un percorso continuo che \u2013 grazie anche e soprattutto al lavoro della Commissione Pari Opportunit\u00e0 \u2013 \u00e8 impegno di sensibilizzazione costante<\/em>\u201d, conclude l&#8217;assessora Li Castri.<\/p>\n","protected":false},"excerpt":{"rendered":"<p>FELTRE Il Comune di Feltre e la Commissione comunale per le Pari Opportunit\u00e0 celebrano la Giornata internazionale dei diritti della donna con una iniziativa on-line. Nella giornata di luned\u00ec 8 marzo protagonista sar\u00e0 la proiezione del cortometraggio \u201cL&#8217;Aurora\u201d &#8211; girato proprio a Feltre nel 2019 &#8211; che affronta il difficile tema della violenza sulle donne.&hellip;<\/p>\n","protected":false},"author":4,"featured_media":194767,"comment_status":"closed","ping_status":"closed","sticky":false,"template":"","format":"standard","meta":{"_monsterinsights_skip_tracking":false,"_monsterinsights_sitenote_active":false,"_monsterinsights_sitenote_note":"","_monsterinsights_sitenote_category":0,"footnotes":""},"categories":[49],"tags":[],"class_list":["post-194766","post","type-post","status-publish","format-standard","has-post-thumbnail","hentry","category-news-18","category-49","description-off"],"img_url":"https:\/\/www.radiopiu.net\/wordpress\/wp-content\/uploads\/2021\/03\/86dc06e7-774a-44f9-b859-32c61a3a80fa.jpg","_links":{"self":[{"href":"https:\/\/www.radiopiu.net\/wordpress\/wp-json\/wp\/v2\/posts\/194766","targetHints":{"allow":["GET"]}}],"collection":[{"href":"https:\/\/www.radiopiu.net\/wordpress\/wp-json\/wp\/v2\/posts"}],"about":[{"href":"https:\/\/www.radiopiu.net\/wordpress\/wp-json\/wp\/v2\/types\/post"}],"author":[{"embeddable":true,"href":"https:\/\/www.radiopiu.net\/wordpress\/wp-json\/wp\/v2\/users\/4"}],"replies":[{"embeddable":true,"href":"https:\/\/www.radiopiu.net\/wordpress\/wp-json\/wp\/v2\/comments?post=194766"}],"version-history":[{"count":0,"href":"https:\/\/www.radiopiu.net\/wordpress\/wp-json\/wp\/v2\/posts\/194766\/revisions"}],"wp:featuredmedia":[{"embeddable":true,"href":"https:\/\/www.radiopiu.net\/wordpress\/wp-json\/wp\/v2\/media\/194767"}],"wp:attachment":[{"href":"https:\/\/www.radiopiu.net\/wordpress\/wp-json\/wp\/v2\/media?parent=194766"}],"wp:term":[{"taxonomy":"category","embeddable":true,"href":"https:\/\/www.radiopiu.net\/wordpress\/wp-json\/wp\/v2\/categories?post=194766"},{"taxonomy":"post_tag","embeddable":true,"href":"https:\/\/www.radiopiu.net\/wordpress\/wp-json\/wp\/v2\/tags?post=194766"}],"curies":[{"name":"wp","href":"https:\/\/api.w.org\/{rel}","templated":true}]}}