{"id":194796,"date":"2021-03-03T12:26:00","date_gmt":"2021-03-03T11:26:00","guid":{"rendered":"https:\/\/www.radiopiu.net\/wordpress\/?p=194796"},"modified":"2021-03-03T19:15:12","modified_gmt":"2021-03-03T18:15:12","slug":"luca-zaia-2","status":"publish","type":"post","link":"https:\/\/www.radiopiu.net\/wordpress\/luca-zaia-2\/","title":{"rendered":"IL VENETO RISCHIA LA ZONA ARANCIONE, LO DICONO I NUMERI. DA VENEZIA LA CONFERENZA DI ZAIA. SCUOLE: ORA IL VENETO GIALLO PUO&#8217; DECIDERE DI CHIUDERE PER DPCM"},"content":{"rendered":"<p><strong>VENEZIA <\/strong>\u00a0in diretta da Marghera il presidente del Veneto Luca Zaia far\u00e0 il punto della situazione sull&#8217;emergenza Covid-19<\/p>\n<p><strong>I NUMERI <\/strong>TAMPONI MOLECOLARI 4078900 TAMPONI RAPIDI 3263086 TAMPONI IERI 44077 POSITIVI IERI + 1272 INCIDENZA POSITIVI-TAMPONI 2,88% POSITIVI TOTALE 336750 POSITIVI ATTUALE 25764 RICOVERI 1349 IN AREA NON CRITICA 1194\u00a0 (+22 ) IN TERAPIA INTENSIVA 155 (+10 )\u00a0DECESSI 9891 (+17) DIMESSI 16190<\/p>\n<blockquote>\n<h2>LEGGI LA CONFERENZA STAMPA DI LUCA ZAIA<\/h2>\n<p><em>il futuro prossimo ci pu\u00f2 riservare solo salite. La scuola crea assembramento a ricreazione e nei trasporti\u00a0 con confinamento in un&#8217;aula per ore.\u00a0<span style=\"color: #ff0000;\"><strong> Autonomia?<\/strong><\/span> Con il referendum abbiamo riportato l&#8217;orgoglio di essere veneti, quei veneti che vogliono l&#8217;autonomia segno di civilt\u00e0 non egoismo. Oggi il Veneto \u00e8 rispettato. Abbiamo il merito in questi 10 anni di aver riportato questo orgoglio dell&#8217;essere veneto.\u00a0 I tentativi di centralismo? Colpi di coda, il dinosauro muore sempre.<\/em><\/p><\/blockquote>\n<p><strong>IL CONTAGIO DILAGA DI NUOVO<\/strong> I numeri sono in crescita: 155 in terapia intensiva +10, in area non critica 1194, cio\u00e8 22 in pi\u00f9,\u00a0 \u00a0i positivi 1272 solo ieri mentre fino all&#8217;altra settimana erano scesi a poco pi\u00f9 di 300. E&#8217; indubbio che i numeri sono in crescita e il Veneto \u00e8 circondato da Regioni in allarme<span style=\"color: #ff0000;\"><strong>. Abbiamo dei parametri che ci fanno pensare che siamo a rischio del passaggio in arancione da venerdi. Rispetto alle altre regioni non siamo messi male (Sardegna a parte) siamo un piccola isola felice ma temporaneamente perch\u00e9 i dati si muovono, ci sono i focolai scolastici.\u00a0<\/strong><\/span> <strong>SITUAZIONE SCUOLE<\/strong> Avevo ragione. Si voleva far passare l&#8217;idea che parlavo di focolai scolastici come un bullo che vuol far chiudere le scuole. Chi protesta per la chiusura delle scuole ha ragioni da vendere ma davanti alla pandemia abbiamo l&#8217;obbligo di essere obiettivi ed \u00e8 quello che ho detto al Ministro Bianchi. Stiamo pensando se sia opportuno un fermo o procastinare l&#8217;agonia. Se \u00e8 vero che il Governo qualche cosa sulla scuola ha scritto sul DPCM \u00e8 anche vero che si riconosce che la scuola \u00e8 punto nevralgico della pandemia, almeno in questo momento. Se \u00e8 vero che c&#8217;\u00e8 scritto nel DPCM di chiudere le scuole in zona rossa vuol dire riconosere il problema, ma chiudere le scuole in zona rossa \u00e8 come chiudere le porte della stalla quando i buoi sono usciti. Io avevo pensato ad un fermo prudenziale, oggi invece c&#8217;\u00e8 la discrezionalit\u00e0 dopo una serie di attivit\u00e0, se volessi chiudere tutte le scuole del Veneto non lo potrei fare. Quando ci sar\u00e0 la pressione ospedaliera ci chiederemo come mai i parametri erano cosi&#8217; alti per chiudere le scuole <strong>I PARAMETRI E L&#8217;INCIDENZA PROVINCIALE E COMUNALE<\/strong>\u00a0 Il nuovo Dpcm ha introdotto i 250 contagi ogni 100mila abitanti per far scattare la chiusura delle scuole, ma bisognerebbe valutare anche quanti tamponi vengono eseguiti. Incidenza in alcune zone del padovano oggi 198 casi su 100 mila, a 250 scatterebbe la possibilit\u00e0 di chiudere le scuole. Ieri chiuse quattro scuole nell&#8217;Alta padovana,\u00a0 un&#8217;incidenza comunale aiuta, saremo pi\u00f9 chirugici. Seguiamo ora dopo ora quello che succede. Entrano pazienti con pi\u00f9 rapidit\u00e0 e altrettanto rapidamente finiscono in terapia intensiva. I nostri clinici iniziano a dire che arrivano pazienti complicati e in pochi giorni vengono catapultati in terapia intensiva. <strong>SIAMO PREOCCUPATI<\/strong> <span style=\"color: #ff0000;\"><strong>non sappiamo se ci saranno impennate o meno. E&#8217; come un terremoto, dove arriva la scossa tira gi\u00e0 le case. Io spero che il Veneto in solitaria abbia gi\u00e0 dato a novembre con la variante inglese e i ricoveri fino a 150 pazienti al giorno. Ieri i colleghi delle regioni \u00a0hanno presentato situazioni sanitarie preoccupanti e inquietanti si teme che arrivi il disastro da una settimana all&#8217;altra<\/strong><\/span>. <strong>UN&#8217;ALTRA EMERGENZA <\/strong>Non voglio inquietare nessuno ma c&#8217;\u00e8 un po&#8217; di letteratura da confermare che dice attenzione alle re infezioni per chi il covid l&#8217;ha gi\u00e0 avuto, soprattutto con le varianti. Significa che se hai preso il virus devi comunque girare con la mascherina.<\/p>\n<h2><span style=\"color: #ff0000;\">DOMANDE<\/span><\/h2>\n<p><strong>PIACE IL DPCM?\u00a0<\/strong> Nella parte della scuola c&#8217;\u00e8 la novit\u00e0 dei parametri che prima non c&#8217;erano, ma bisogna avere tutta una serie di attivit\u00e0. Non sar\u00e0 un scelta della Prevenzione. A macchia di leopardo si chiudono le scuole, il parametro scelto non \u00e8 alto. Per il resto condivido la suddivisione delle zone colorate che nel tempo ci ha evitato il lockdown totale. La colorazione era quello che volevano i Governatori. <strong>LO ASPETTAVA DIVERSO?<\/strong> No.<strong>LEI COSA AVREBBE FATTO?<\/strong> Un fermo prudenziale in tutta Italia per le scuole superiori, per le altre solo quando ci sono i bonus per agevolare le famiglie. <strong>CHE MONITORAGGIO SARA&#8217;?<\/strong> Comunale, una volta in possesso dei numeri si potranno chiudere plessi comunali <strong>RISCHIAMO DI ANDARE IN ARANCIONE PER I 21 CRITERI?<\/strong> No per l&#8217;Rt che era a 0,95-0,97 che non \u00e8 calato. Poi chiss\u00e0 vediamo da venerdi cosa succede. Invito i fornitori a fare attenzione ai magazzini, oggi possiamo solo dire di &#8220;stare su con le antenne&#8221;, domani avremo qualche dato in pi\u00f9 per capire in che direzione andiamo. <strong>PREVISTE ORDINANZE?<\/strong> Non al momento se non per prorogare ordinanze gi\u00e0 fatte ad esempio per i medici di base. <strong>PIANO VACCINALE <\/strong>\u00a0Abbiamo i richiami in magazzino, il tema \u00e8 che potremo anche dire che prendiamo i 123 mila e vacciniamo ma se poi non arrivano i vaccini? Ne abbiamo poi 125 mila che stiamo facendo ed esauriremo in una settimana. <strong>FEDERFARMA SI METTE A DISPOSIZIONE PER LA VACCINAZIONE<\/strong> Noi valutiamo tutto. Se mi arrivano 50mila dosi al giorno apriamo i campi di calcio per le vaccinazioni con medici e siringhe. Benvenga comunque l&#8217;aiuto di tutti. <strong>SE ARRIVA L&#8217;ESERCITO?<\/strong> Il problema sono i vaccini non le tende dell&#8217;esercito. Cosa mettiamo su le tende se non c&#8217;e&#8217; materia prima. <strong>IL MINISTRO GELMINI HA PARLATO DI AUTONOMIA<\/strong> Il Ministro Gelmini viene da un territorio che chiede autonomia, in linea con la costituzione governa i rapporti con le regioni. Non so quanto durer\u00e0 questo Governo di unit\u00e0 nazionale, prima o poi qualcuno la partita la deve prendere in mano, abbiamo dato vita anche all&#8217;osservatorio con le Universit\u00e0 del Veneto e Friuli dove si parla di numeri, finanza, processo autonomistico, un contraltare utile per la questione. Ora questo Governo deve chiudere la partita del covid, il Parlamento \u00e8 paralizzato o meglio orientato sul covid, sul resto motori al minimo. Si affronter\u00e0 l&#8217;autonomia quanto il campo sar\u00e0 sgombero.<strong>IL SINDACO DI BELLUNO DICE CHE SIAMO LA REGIONE PIU&#8217; LENTA D&#8217;ITALIA NELLE VACCINAZIONI<\/strong> Non ci sono problemi, lo si chieda a quel sindaco quali sono i problemi. A noi non sono stati segnalati disservizi. Ho l&#8217;obbligo di difendere la gente per bene che in queste settimane sta lavorando, dall&#8217;invio della lettera all&#8217;appuntamento. Se c&#8217;\u00e8 qualche cosa che non funziona siamo qui, ma che non sia sempre elemento di polemica.\u00a0 <strong>AUSTRIA E DANIMARCA\u00a0 PER L&#8217;ACQUISTO DEL VACCINO<\/strong> Per fortuna non sono io a fare questa dichiarazione, mi avrebbero arrestato. L&#8217;Austria conosce bene l&#8217;Europa. Spero che Draghi prenda in mano la questione, se aspettiamo l&#8217;Europa moriamo senza vaccini invecchiando. Comunque l&#8217;azione spero dia una svegliata all&#8217;Europa. <strong>RICORSI USO MASCHERINA A SCUOLA<\/strong> Abbiamo genitori che diffidano il preside dal fare il tampone al proprio figlio perch\u00e9 su internet hanno letto che ci sono encefalite e si diventa scemi. La mascherina \u00e8 un presidio sanitario, inviterei i genitori a pensarci ma siamo in un paese che se ti bocciano il figlio i genitori ricorrono al Tar.<\/p>\n<p>&nbsp;<\/p>\n<p><a href=\"https:\/\/www.facebook.com\/zaiaufficiale\/videos\/287020686364250\">https:\/\/www.facebook.com\/zaiaufficiale\/videos\/287020686364250<\/a><\/p>\n<p>&nbsp;<\/p>\n","protected":false},"excerpt":{"rendered":"<p>VENEZIA \u00a0in diretta da Marghera il presidente del Veneto Luca Zaia far\u00e0 il punto della situazione sull&#8217;emergenza Covid-19 I NUMERI TAMPONI MOLECOLARI 4078900 TAMPONI RAPIDI 3263086 TAMPONI IERI 44077 POSITIVI IERI + 1272 INCIDENZA POSITIVI-TAMPONI 2,88% POSITIVI TOTALE 336750 POSITIVI ATTUALE 25764 RICOVERI 1349 IN AREA NON CRITICA 1194\u00a0 (+22 ) IN TERAPIA INTENSIVA 155&hellip;<\/p>\n","protected":false},"author":4,"featured_media":185492,"comment_status":"closed","ping_status":"closed","sticky":false,"template":"","format":"standard","meta":{"_monsterinsights_skip_tracking":false,"_monsterinsights_sitenote_active":false,"_monsterinsights_sitenote_note":"","_monsterinsights_sitenote_category":0,"footnotes":""},"categories":[51,49],"tags":[],"class_list":["post-194796","post","type-post","status-publish","format-standard","has-post-thumbnail","hentry","category-evidenza-top","category-news-18","category-51","category-49","description-off"],"img_url":"https:\/\/www.radiopiu.net\/wordpress\/wp-content\/uploads\/2021\/01\/8cc48272-9106-4c03-995c-e53cd9d80687.jpg","_links":{"self":[{"href":"https:\/\/www.radiopiu.net\/wordpress\/wp-json\/wp\/v2\/posts\/194796","targetHints":{"allow":["GET"]}}],"collection":[{"href":"https:\/\/www.radiopiu.net\/wordpress\/wp-json\/wp\/v2\/posts"}],"about":[{"href":"https:\/\/www.radiopiu.net\/wordpress\/wp-json\/wp\/v2\/types\/post"}],"author":[{"embeddable":true,"href":"https:\/\/www.radiopiu.net\/wordpress\/wp-json\/wp\/v2\/users\/4"}],"replies":[{"embeddable":true,"href":"https:\/\/www.radiopiu.net\/wordpress\/wp-json\/wp\/v2\/comments?post=194796"}],"version-history":[{"count":0,"href":"https:\/\/www.radiopiu.net\/wordpress\/wp-json\/wp\/v2\/posts\/194796\/revisions"}],"wp:featuredmedia":[{"embeddable":true,"href":"https:\/\/www.radiopiu.net\/wordpress\/wp-json\/wp\/v2\/media\/185492"}],"wp:attachment":[{"href":"https:\/\/www.radiopiu.net\/wordpress\/wp-json\/wp\/v2\/media?parent=194796"}],"wp:term":[{"taxonomy":"category","embeddable":true,"href":"https:\/\/www.radiopiu.net\/wordpress\/wp-json\/wp\/v2\/categories?post=194796"},{"taxonomy":"post_tag","embeddable":true,"href":"https:\/\/www.radiopiu.net\/wordpress\/wp-json\/wp\/v2\/tags?post=194796"}],"curies":[{"name":"wp","href":"https:\/\/api.w.org\/{rel}","templated":true}]}}