{"id":194966,"date":"2021-03-05T05:55:46","date_gmt":"2021-03-05T04:55:46","guid":{"rendered":"https:\/\/www.radiopiu.net\/wordpress\/?p=194966"},"modified":"2021-03-05T17:24:07","modified_gmt":"2021-03-05T16:24:07","slug":"giornale-radiopiu-05-marzo-2021-direttore-mirko-mezzacasa","status":"publish","type":"post","link":"https:\/\/www.radiopiu.net\/wordpress\/giornale-radiopiu-05-marzo-2021-direttore-mirko-mezzacasa\/","title":{"rendered":"GIORNALE RADIOPIU 05 MARZO 2021 DIRETTORE MIRKO MEZZACASA"},"content":{"rendered":"<h3><a href=\"https:\/\/www.radiopiu.net\/wordpress\/giornale-radiopiu-24-gennaio-2021-direttore-mirko-mezzacasa\/141433770_171616291414874_2957460898102012198_n\/\" rel=\"attachment wp-att-186566\"><img loading=\"lazy\" decoding=\"async\" class=\"wp-image-186566 alignleft\" src=\"https:\/\/www.radiopiu.net\/wordpress\/wp-content\/uploads\/2021\/01\/141433770_171616291414874_2957460898102012198_n-300x300.jpg\" alt=\"\" width=\"144\" height=\"144\" srcset=\"https:\/\/www.radiopiu.net\/wordpress\/wp-content\/uploads\/2021\/01\/141433770_171616291414874_2957460898102012198_n-300x300.jpg 300w, https:\/\/www.radiopiu.net\/wordpress\/wp-content\/uploads\/2021\/01\/141433770_171616291414874_2957460898102012198_n-150x150.jpg 150w, https:\/\/www.radiopiu.net\/wordpress\/wp-content\/uploads\/2021\/01\/141433770_171616291414874_2957460898102012198_n-768x768.jpg 768w, https:\/\/www.radiopiu.net\/wordpress\/wp-content\/uploads\/2021\/01\/141433770_171616291414874_2957460898102012198_n.jpg 800w\" sizes=\"auto, (max-width: 144px) 100vw, 144px\" \/><\/a>PER<strong> RICEVERE QUESTO NOTIZIARIO DIRETTAMENTE SUL TUO CELLULARE ISCRIVITI AL CANALE TELEGRAM <\/strong><strong>\u201cRADIO PIU\u00a0 INFORMAZIONE&#8221;\u00a0<\/strong><\/h3>\n<h3>SUPERATI I 3000 ISCRITTI, il CANALE TELEGRAM&#8230; UNISCITI A: RADIO PIU INFORMAZIONE<\/h3>\n<p>&nbsp;<\/p>\n<p>&nbsp;<\/p>\n<p><em><a href=\"https:\/\/www.radiopiu.net\/wordpress\/giornale-radiopiu-24-gennaio-2021-direttore-mirko-mezzacasa\/79216601_126817312416448_708980208774483089_n\/\" rel=\"attachment wp-att-186567\"><img loading=\"lazy\" decoding=\"async\" class=\"size-medium wp-image-186567 alignright\" src=\"https:\/\/www.radiopiu.net\/wordpress\/wp-content\/uploads\/2021\/01\/79216601_126817312416448_708980208774483089_n-300x114.jpg\" alt=\"\" width=\"300\" height=\"114\" srcset=\"https:\/\/www.radiopiu.net\/wordpress\/wp-content\/uploads\/2021\/01\/79216601_126817312416448_708980208774483089_n-300x114.jpg 300w, https:\/\/www.radiopiu.net\/wordpress\/wp-content\/uploads\/2021\/01\/79216601_126817312416448_708980208774483089_n-768x292.jpg 768w, https:\/\/www.radiopiu.net\/wordpress\/wp-content\/uploads\/2021\/01\/79216601_126817312416448_708980208774483089_n.jpg 820w\" sizes=\"auto, (max-width: 300px) 100vw, 300px\" \/><\/a><span style=\"color: #ff0000;\">ATTENZIONE: LA NUOVA APP PER IOS-IPHONE di Nicola Vettorello <\/span><\/em><a href=\"https:\/\/apps.apple.com\/it\/app\/radio-pi%C3%B9-emittente-agordina\/id1515939845\">https:\/\/apps.apple.com\/it\/app\/radio-pi%C3%B9-emittente-agordina\/id1515939845<\/a><\/p>\n<p><em style=\"color: #ff0000;\">ATTENZIONE: LA NUOVA APP RADIO\u00a0 PER ANDROID di Nicola Vettorello<\/em><\/p>\n<p><a href=\"https:\/\/play.google.com\/store\/apps\/details?id=net.radiopiu.iniko\" target=\"_blank\" rel=\"noopener noreferrer\">https:\/\/play.google.com\/store\/apps\/details?id=net.radiopiu.iniko\u00a0\u00a0<\/a><\/p>\n<p>&nbsp;<\/p>\n<hr \/>\n<p>&nbsp;<\/p>\n<blockquote>\n<h3>ACC, IL GIORNO DELLA RABBIA DEGLI OLTRE 300 LAVORATORI E ALTRETTANTE FAMIGLIE<\/h3>\n<\/blockquote>\n<p><strong>BORGO VALBELLUNA<\/strong> I lavoratori dell&#8217;Acc di Mel non ne possono pi\u00f9\u00a0 dei silenzi del governo e proclamano uno sciopero-presidio. Che il ministero dello Sviluppo economico convochi subito il tavolo per Italcomp. Oggi, quindi, si svolger\u00e0 uno sciopero di due ore per ogni turno di lavoro. In contemporanea a Torino anche i lavoratori dell&#8217;ex Embraco scenderanno in piazza. Massimo Busetti Rsu Acc <em>&#8220;Sar\u00e0 uno sciopero assemblea, alle 9 appuntamento nel piazzale della Acc da dove inizier\u00e0 la manifestazione&#8221;.<\/em><\/p>\n<blockquote>\n<h3><strong>REGIONE AL FIANCO DEI LAVORATORI DI ACC E DEL TERRITORIO<\/strong><\/h3>\n<p><strong><a href=\"https:\/\/www.radiopiu.net\/wordpress\/giornale-radiopiu-09-aprile-2020-direttore-mirko-mezzacasa\/donazzan\/\" rel=\"attachment wp-att-128499\"><img loading=\"lazy\" decoding=\"async\" class=\"wp-image-128499 alignleft\" src=\"https:\/\/www.radiopiu.net\/wordpress\/wp-content\/uploads\/2020\/04\/DONAZZAN-e1604585643454-300x300.jpg\" alt=\"\" width=\"133\" height=\"133\" srcset=\"https:\/\/www.radiopiu.net\/wordpress\/wp-content\/uploads\/2020\/04\/DONAZZAN-e1604585643454-300x300.jpg 300w, https:\/\/www.radiopiu.net\/wordpress\/wp-content\/uploads\/2020\/04\/DONAZZAN-e1604585643454-1024x1024.jpg 1024w, https:\/\/www.radiopiu.net\/wordpress\/wp-content\/uploads\/2020\/04\/DONAZZAN-e1604585643454-150x150.jpg 150w, https:\/\/www.radiopiu.net\/wordpress\/wp-content\/uploads\/2020\/04\/DONAZZAN-e1604585643454-768x768.jpg 768w, https:\/\/www.radiopiu.net\/wordpress\/wp-content\/uploads\/2020\/04\/DONAZZAN-e1604585643454-1536x1536.jpg 1536w, https:\/\/www.radiopiu.net\/wordpress\/wp-content\/uploads\/2020\/04\/DONAZZAN-e1604585643454.jpg 2048w\" sizes=\"auto, (max-width: 133px) 100vw, 133px\" \/><\/a>VENEZIA<\/strong>\u00a0<em>\u201cAbbiamo difeso ACC fino ad oggi, e non possiamo smettere proprio adesso. Il tempo, per\u00f2, \u00e8 contro di noi: ci aspettiamo ora che in tempi brevissimi il Ministero dello Sviluppo Economico accompagni ACC nel nuovo progetto ITALCOMP, un progetto di sicuro successo per l\u2019industria italiana e per il Nord Italia. I lavoratori, il territorio, la Regione, hanno sempre fatto tutto il possibile. Abbiamo agito ben oltre le ordinarie azioni che solitamente si mettono in campo nell\u2019accompagnare la trasformazione di una azienda o una crisi aziendale\u201d. <\/em>Questo \u00e8 quanto afferma l\u2019Assessore al Lavoro della Regione del Veneto, Elena Donazzan, in vista del presidio ai cancelli Acc organizzato da oggi dalle organizzazioni sindacali.<\/p><\/blockquote>\n<p>&nbsp;<\/p>\n<hr \/>\n<p>&nbsp;<\/p>\n<blockquote><p><span style=\"color: #ff0000;\"><strong>PROVINCIALE 8 DI SAN TOMASO<\/strong>,<\/span> In localit\u00e0 Coi per la\u00a0 messa in sicurezza della strada, senso unico alternato regolato da movieri dalle 8 alle 17, dal lunedi al venerdi\u00a0 e brevi interruzioni fino a 20 minuti dalle 8 alle 12 e dalle 13.30 alle 17.\u00a0 Fino al 18 marzo.<\/p><\/blockquote>\n<p>&nbsp;<\/p>\n<hr \/>\n<p>&nbsp;<\/p>\n<p><strong><a href=\"https:\/\/www.radiopiu.net\/wordpress\/giornale-radiopiu-09-agosto-2018-direttore-mirko-mezzacasa\/acqua\/\" rel=\"attachment wp-att-57052\"><img loading=\"lazy\" decoding=\"async\" class=\" wp-image-57052 alignleft\" src=\"https:\/\/www.radiopiu.net\/wordpress\/wp-content\/uploads\/2018\/08\/ACQUA-300x180.jpeg\" alt=\"\" width=\"253\" height=\"152\" srcset=\"https:\/\/www.radiopiu.net\/wordpress\/wp-content\/uploads\/2018\/08\/ACQUA-300x180.jpeg 300w, https:\/\/www.radiopiu.net\/wordpress\/wp-content\/uploads\/2018\/08\/ACQUA-768x461.jpeg 768w, https:\/\/www.radiopiu.net\/wordpress\/wp-content\/uploads\/2018\/08\/ACQUA-1024x614.jpeg 1024w, https:\/\/www.radiopiu.net\/wordpress\/wp-content\/uploads\/2018\/08\/ACQUA.jpeg 1280w\" sizes=\"auto, (max-width: 253px) 100vw, 253px\" \/><\/a><br \/>\n<\/strong><\/p>\n<p><strong>A RIVAMONTE AGORDINO nelle localit\u00e0 MIOTTE, ZENICH, MOTTES, ZEP-SCHENA, SARET, ROSTE, PALUCH, GONA DI CONEDERA, PONTE ALTO, LONIE, SANTEL, ROSSON, VIA ROMA, VILLAGRANDE E TOS, l&#8217;acqua erogata dall&#8217;acquedotto non \u00e8 potabile e pu\u00f2 essere usata per scopi alimentari SOLO PREVIA bollitura.<\/strong><\/p>\n<p>&nbsp;<\/p>\n<hr \/>\n<p>&nbsp;<\/p>\n<blockquote>\n<h3>CADE DA UN SALTO DI ROCCIA, TESTIMONE LO SCIALPINISTA CHE HA DATO L&#8217;ALLARME<\/h3>\n<\/blockquote>\n<blockquote><p><em>Fanny Lovat sciatrice esperta, gi\u00e0 vincitrice di parecchie gare di sci alpino cade da un salto di roccia, la venticinquenne zoldana in gravi condizioni, elitrasportata a Treviso.\u00a0<\/em><\/p><\/blockquote>\n<p><strong>TAMBRE D&#8217;ALPAGO <\/strong>E&#8217; stato uno sci alpinista a dare l&#8217;allarme permettendo il rapido intervento del Soccorso Alpino ed elicottero. Lo sciatore, infatti ha assistito all&#8217;incidente di una giovane scialpinista caduta da un salto di roccia mentre con un&#8217;amica risaliva il Cimon di Palantina. Arrivata prima dell&#8217;imbuto che costituisce un passaggio obbligato della salita, dalla ricostruzione Fanny Lovat, 25 anni, di Val di Zoldo,\u00a0 ha perso aderenza sulla neve, scivolando per un centinaio di metri senza riuscire a fermarsi e precipitando dalla cima di una paretina. Giunto nelle vicinanze, l&#8217;elicottero del Suem di Pieve di Cadore ha sbarcato in hovering tecnico di elisoccorso, medico ed infermiera, che hanno subito prestato le prime cure urgenti alla ragazza, a seguito del\u00a0 politrauma. Una volta imbarellata, l&#8217;infortunata \u00e8 stata trasportata, anche grazie al supporto di alcuni sciatori sul posto, fino all&#8217;eliambulanza, atterrata a una cinquantina di metri di distanza e decollata in direzione dell&#8217;ospedale di Treviso.<\/p>\n\n\t\t\t<style type='text\/css'>\n\t\t\t\t#gallery-1 {\n\t\t\t\t\tmargin: auto;\n\t\t\t\t}\n\t\t\t\t#gallery-1 .gallery-item {\n\t\t\t\t\tfloat: left;\n\t\t\t\t\tmargin-top: 10px;\n\t\t\t\t\ttext-align: center;\n\t\t\t\t\twidth: 50%;\n\t\t\t\t}\n\t\t\t\t#gallery-1 img {\n\t\t\t\t\tborder: 2px solid #cfcfcf;\n\t\t\t\t}\n\t\t\t\t#gallery-1 .gallery-caption {\n\t\t\t\t\tmargin-left: 0;\n\t\t\t\t}\n\t\t\t\t\/* see gallery_shortcode() in wp-includes\/media.php *\/\n\t\t\t<\/style>\n\t\t<div id='gallery-1' class='dt-gallery-container gallery galleryid-194966 gallery-columns-2 gallery-size-full'><dl class='gallery-item'>\n\t\t\t\t<dt class='gallery-icon landscape'>\n\t\t\t\t\t<a class=\"rollover rollover-zoom dt-pswp-item\" title=\"salt_20210304_134815_951\" data-dt-img-description=\"\" data-large_image_width=\"2364\" data-large_image_height=\"1773\"href='https:\/\/www.radiopiu.net\/wordpress\/wp-content\/uploads\/2021\/03\/salt_20210304_134815_951.jpg'><img loading=\"lazy\" decoding=\"async\" width=\"2364\" height=\"1773\" src=\"https:\/\/www.radiopiu.net\/wordpress\/wp-content\/uploads\/2021\/03\/salt_20210304_134815_951.jpg\" class=\"attachment-full size-full\" alt=\"\" srcset=\"https:\/\/www.radiopiu.net\/wordpress\/wp-content\/uploads\/2021\/03\/salt_20210304_134815_951.jpg 2364w, https:\/\/www.radiopiu.net\/wordpress\/wp-content\/uploads\/2021\/03\/salt_20210304_134815_951-300x225.jpg 300w, https:\/\/www.radiopiu.net\/wordpress\/wp-content\/uploads\/2021\/03\/salt_20210304_134815_951-1024x768.jpg 1024w, https:\/\/www.radiopiu.net\/wordpress\/wp-content\/uploads\/2021\/03\/salt_20210304_134815_951-768x576.jpg 768w, https:\/\/www.radiopiu.net\/wordpress\/wp-content\/uploads\/2021\/03\/salt_20210304_134815_951-1536x1152.jpg 1536w, https:\/\/www.radiopiu.net\/wordpress\/wp-content\/uploads\/2021\/03\/salt_20210304_134815_951-2048x1536.jpg 2048w\" sizes=\"auto, (max-width: 2364px) 100vw, 2364px\" \/><\/a>\n\t\t\t\t<\/dt><\/dl><dl class='gallery-item'>\n\t\t\t\t<dt class='gallery-icon landscape'>\n\t\t\t\t\t<a class=\"rollover rollover-zoom dt-pswp-item\" title=\"salt_20210304_134751_976\" data-dt-img-description=\"\" data-large_image_width=\"2364\" data-large_image_height=\"1773\"href='https:\/\/www.radiopiu.net\/wordpress\/wp-content\/uploads\/2021\/03\/salt_20210304_134751_976.jpg'><img loading=\"lazy\" decoding=\"async\" width=\"2364\" height=\"1773\" src=\"https:\/\/www.radiopiu.net\/wordpress\/wp-content\/uploads\/2021\/03\/salt_20210304_134751_976.jpg\" class=\"attachment-full size-full\" alt=\"\" srcset=\"https:\/\/www.radiopiu.net\/wordpress\/wp-content\/uploads\/2021\/03\/salt_20210304_134751_976.jpg 2364w, https:\/\/www.radiopiu.net\/wordpress\/wp-content\/uploads\/2021\/03\/salt_20210304_134751_976-300x225.jpg 300w, https:\/\/www.radiopiu.net\/wordpress\/wp-content\/uploads\/2021\/03\/salt_20210304_134751_976-1024x768.jpg 1024w, https:\/\/www.radiopiu.net\/wordpress\/wp-content\/uploads\/2021\/03\/salt_20210304_134751_976-768x576.jpg 768w, https:\/\/www.radiopiu.net\/wordpress\/wp-content\/uploads\/2021\/03\/salt_20210304_134751_976-1536x1152.jpg 1536w, https:\/\/www.radiopiu.net\/wordpress\/wp-content\/uploads\/2021\/03\/salt_20210304_134751_976-2048x1536.jpg 2048w\" sizes=\"auto, (max-width: 2364px) 100vw, 2364px\" \/><\/a>\n\t\t\t\t<\/dt><\/dl><br style=\"clear: both\" \/>\n\t\t\t<\/div>\n\n<p>&nbsp;<\/p>\n<hr \/>\n<p>&nbsp;<\/p>\n<p>&nbsp;<\/p>\n<blockquote>\n<h3>MUORE LUNGO IL SENTIERO 852 PER PASSO FORCA<\/h3>\n<p><em>E&#8217; morto Giovanni Miglioranza di Santa Giustina, padre di quattro figli. Operaio della Olis viveva a Lasserai. Era nato in Svizzera nel 1966, appassionato di montagna andava spesso in escursione. Il ricordo: persona educata, gentile e molto riservata. Il figlio ha di recente vinto la borsa di studio nel ricordo di Alessio morto la scorsa estate lungo il Cordevole.<\/em><\/p><\/blockquote>\n<p><strong><img loading=\"lazy\" decoding=\"async\" class=\"alignleft\" src=\"https:\/\/www.radiopiu.net\/wordpress\/wp-content\/uploads\/2021\/03\/salt_20210304_190543_737.jpg\" width=\"239\" height=\"179\" \/>SAN GREGORIO NELLE ALPI<\/strong> Un altro incidente in montagna, a poche ore dal dramma di Tiziano del quale si sono svolti ieri i funerali a Sedico. A perdere la vita\u00a0 Giovanni Miglioranza 55 anni di Santa Giustina. L&#8217;uomo era partito per un&#8217;escursione ma non ha mai fatto rientro a casa dove ad attenderlo c&#8217;era la moglie che ha chiesto aiuto al 118 dopo aver rinvenuto l&#8217;auto del marito in prossimit\u00e0 della chiesetta di San Felice. Prima dell&#8217;imbrunire il corpo dell&#8217;uomo \u00e8 stato ritrovato in fondo ad un canalone lungo il sentiero 852 che da Ronco sale ai 1862 metri di Passo Forca. Giovanni Miglioranza. \u00e8\u00a0 precipitato, forse a causa di una scivolata sulla neve, 200 metri di dislivello sotto il Passo, \u00e8 caduto per un centinaio di metri, finendo sulla traccia del sentiero sottostante. Sbarcati con un verricello di 20 metri tecnico di elisoccorso, soccorritore e medico, non \u00e8 restato che constatare il decesso dell&#8217;uomo. La salma \u00e8 stata imbarellata, recuperata e trasportata a Roncoi, per essere affidata al carro funebreSul posto il Soccorso Alpino di Feltre, l&#8217;elicottero del Suem, VIgili del Fuoco, e Carabinieri.<\/p>\n<p>&nbsp;<\/p>\n<hr \/>\n<p>&nbsp;<\/p>\n<blockquote>\n<h3>INCIDENTI ALLA CERVA E BASTIA<\/h3>\n<\/blockquote>\n<p><strong>BELLUNO<\/strong> Un ciclista di S.D.M. 54 anni \u00e8 caduto da solo alla Cerva, l&#8217;ambulanza ho la trasportato al San Martino di Belluno dove \u00e8 stato trattenuto in osservazione. Due feriti invece il bilancio del sinistro di Bastia dove sono entrate in collisione due auto, all&#8217;altezza della svolta per la frazione,\u00a0 ferita una donna di Chies e un 26enne di Farra. Entrambi sono gi\u00e0 stati dimessi dal San Martino<\/p>\n<p>&nbsp;<\/p>\n<p>&nbsp;<\/p>\n<hr \/>\n<p>&nbsp;<\/p>\n<p><strong>IN ITALIA ESPLODE DI NUOVO LA PANDEMIA, SE IL QUADRO PEGGIORA PASQUA SUL BALCONE E COPRIFUOCO ALLE 20. IL DPCM IN VIGORE DA DOMANI POTREBBE GIA&#8217; ESSERE STATO SUPERATO, PREMESSA DI UN ULTERIORE GIRO DI VITE<\/strong><\/p>\n<blockquote>\n<h3>IN VENETO ALLA VIGILIA DI UN&#8217;ALBA ARANCIONE, NELLA SCUOLA I CONTAGI SONO RADDOPPIATI, IL 16 GIUGNO VIA COMUNQUE CON GLI ESAMI DI MATURITA&#8217;, IN PRESENZA SOLO IL COLLOQUIO<\/h3>\n<\/blockquote>\n<p>L&#8217;incide Rt ha sfondato la soglia d&#8217;allarme, ieri era a 1,12 l&#8217;altro parametro 151 casi su 100 mila abitanti, i ricoveri sono quadruplicati nelle ultime due settimane mentre i veneti immunizzati sono solo il 2,4%. Piu&#8217; di 17mila studenti in quarantena, 1400 positivi tra studenti e prof, i contagi sono raddoppiati per questo Zaia ha detto <em>&#8220;Era necessario un fermo preventivo&#8221;<\/em>. I numeri: nelle ultime 24 ore 1.620 contagi,\u00a0 attualmente positivi 26.774 (+951). In crescita anche il numero delle vittime. Ieri se ne sono registrate 24, per un totale di 9.906 decessi in Veneto da inizio pandemia.\u00a0 Ieri un ricovero in pi\u00f9 in area non critica ( 1.202), tre in pi\u00f9 in terapia intensiva (157), infine 150\u00a0 i posti letto occupati nelle strutture territoriali (-9). Il contagio si fa rivedere di nuovo, come all&#8217;inizio della seconda ondata all&#8217;Olimpico di Cortina, tre i postiivi ai test rapidi, la societ\u00e0 ha chiesto il rinvio della partita. Roma ha stabilito quale sar\u00e0 il nuovo impianto per l&#8217;esame di maturit\u00e0 del 16 giugno: un solo orale, senza prove scritte, e la commissione esaminatrice tutta interna, ad eccezione del presidente.<\/p>\n<blockquote>\n<h3>UN DECESSO, SCENDONO A 74 I RICOVERATI<\/h3>\n<\/blockquote>\n<p><strong>BELLUNO <\/strong>Nelle ultime 24 ore \u00e8 deceduta una donna covid positiva di anni 89 ricoverata in Geriatria a Feltre, 52 i nuovi positivi, 783 attualmente positivi. Scende a 74 il numero dei ricoverati 33 a Belluno (5 terapia intensiva), 11 a Feltre (5 ti), 10 nell&#8217;ospedale di comunit\u00e0 di Belluno e altrettanti a Feltre.<\/p>\n<p align=\"JUSTIFY\"><span style=\"font-size: medium;\"><b>Ricoveri<\/b><\/span><\/p>\n<p>Le persone attualmente POSITIVE ricoverate negli ospedali dell\u2019Ulss Dolomiti sono:<\/p>\n<table>\n<tbody>\n<tr>\n<td width=\"217\"><strong>\u00a0<\/strong><\/td>\n<td width=\"217\"><strong>Area NON CRITICA<\/strong><\/td>\n<td width=\"217\"><strong>Terapia Intensiva<\/strong><\/td>\n<\/tr>\n<tr>\n<td width=\"217\"><strong>Ospedale di Belluno <\/strong><\/td>\n<td width=\"217\">33<\/td>\n<td width=\"217\">5<\/td>\n<\/tr>\n<tr>\n<td width=\"217\"><strong>Ospedale di Feltre<\/strong><\/td>\n<td width=\"217\">11<\/td>\n<td width=\"217\">5<\/td>\n<\/tr>\n<\/tbody>\n<\/table>\n<p>&nbsp;<\/p>\n<p>Le persone attualmente POSITIVE ricoverate in Ospedale di Comunit\u00e0 sono:<\/p>\n<table>\n<tbody>\n<tr>\n<td width=\"326\"><strong>\u00a0<\/strong><\/td>\n<td width=\"326\"><strong>pazienti attualmente positivi<\/strong><\/td>\n<\/tr>\n<tr>\n<td width=\"326\"><strong>Ospedale di Comunit\u00e0 di BELLUNO<\/strong><\/td>\n<td width=\"326\">10<\/td>\n<\/tr>\n<tr>\n<td width=\"326\"><strong>Ospedale di Comunit\u00e0 di FELTRE<\/strong><\/td>\n<td width=\"326\">10<\/td>\n<\/tr>\n<\/tbody>\n<\/table>\n<p><strong>\u00a0<\/strong><\/p>\n<blockquote>\n<h3>I DATI DI AZIENDA ZERO PER LA PROVINCIA BOLLETTINO DELLE 17<\/h3>\n<\/blockquote>\n<p><strong>IN PROVINCIA<\/strong> POSITIVI DAL 21 FEBBRAIO 18355\u00a0 <span style=\"color: #0000ff;\">(+52)<\/span>\u00a0 \u00a0ATTUALMENTE POSITIVI 783 <span style=\"color: #0000ff;\">(+33)<\/span> DECEDUTI DAL 21 FEBBRAIO 580\u00a0 <span style=\"color: #0000ff;\">(+1)<\/span>\u00a0 \u00a0NEGATIVIZZATI\u00a0 16992\u00a0 <span style=\"color: #0000ff;\">(+18)\u00a0 <span style=\"color: #000000;\">RICOVERATI AL SAN MARTINO DI BELLUNO 33<\/span>\u00a0(-1)<span style=\"color: #000000;\"> (TERAPIA INTENSIVA\u00a0 5<\/span><span style=\"color: #000000;\"><span style=\"color: #ff0000;\"> ()<\/span> RICOVERATI A FELTRE 11 (-2) (TERAPIA INTENSIVA 5 (<\/span><span style=\"color: #000000;\"><span style=\"color: #ff0000;\">\u00a0<\/span>OSPEDALE DI COMUNITA&#8217; BELLUNO 10 () OSPEDALE DI FELTRE 10 (-1)<\/span><\/span><\/p>\n<p><strong>PROGRAMMA VACCINALE ULTRA OTTANTENNI<\/strong>.\u00a0<span style=\"font-family: Calibri, sans-serif;\">L\u2019ulss Dolomiti sta inviando a tutti i nati nel 1938 e negli anni precedenti la lettera di convocazione alla vaccinazione anti covid. <\/span><span style=\"font-family: Calibri, sans-serif;\">Le lettere individuali relative alle convocazione a vaccinazione delle persone nate nel 1941, nel 1940, nel 1939 e nel 1929, come da programmazione regionale, sono gi\u00e0 state inviate. <\/span><span style=\"font-family: Calibri, sans-serif;\">Tutte queste lettere invito vengono allestite a partire da un database informatico a servizio del software \u201cVaccinazioni\u201d. Questo database, ad una prima analisi, presenta alcune registrazioni di persone trasferite o decedute, specie per quanto riguarda i grandi anziani. <\/span><span style=\"font-family: Calibri, sans-serif;\">Non \u00e8 perci\u00f2 da escludere che i congiunti di tali persone ricevano per errore queste lettere di convocazione. <\/span><span style=\"font-family: Calibri, sans-serif;\">Chiunque riceva queste erronee lettere potr\u00e0 segnalare l\u2019inconveniente alla mail <\/span><a style=\"font-family: Calibri, sans-serif;\" href=\"mailto:vaccionazioni.covid@aulss1.veneto.it\">vaccinazioni.covid@aulss1.veneto.it<\/a><span style=\"font-family: Calibri, sans-serif;\">, anche al fine di destinare le dosi di vaccino programmate ad altre persone.<\/span><\/p>\n<p>&nbsp;<\/p>\n<blockquote class=\"wp-embedded-content\" data-secret=\"HtXf6XKNid\"><p><a href=\"https:\/\/www.radiopiu.net\/wordpress\/989898sdsdsddd\/\">IMPENNATA DI POSITIVI MA NON DI RICOVERI, ALTRI 24 DECESSI PER COVID<\/a><\/p><\/blockquote>\n<p><iframe loading=\"lazy\" class=\"wp-embedded-content\" sandbox=\"allow-scripts\" security=\"restricted\" style=\"position: absolute; clip: rect(1px, 1px, 1px, 1px);\" title=\"&#8220;IMPENNATA DI POSITIVI MA NON DI RICOVERI, ALTRI 24 DECESSI PER COVID&#8221; &#8212; Radio Pi\u00f9\" src=\"https:\/\/www.radiopiu.net\/wordpress\/989898sdsdsddd\/embed\/#?secret=HtXf6XKNid\" data-secret=\"HtXf6XKNid\" width=\"600\" height=\"338\" frameborder=\"0\" marginwidth=\"0\" marginheight=\"0\" scrolling=\"no\"><\/iframe><\/p>\n<p>&nbsp;<\/p>\n<blockquote class=\"wp-embedded-content\" data-secret=\"0rg87MbL5T\"><p><a href=\"https:\/\/www.radiopiu.net\/wordpress\/aggfeb28003003ssss\/\">CORONAVIRUS: AGGIORNAMENTO NAZIONALE 04  MARZO 2021<\/a><\/p><\/blockquote>\n<p><iframe loading=\"lazy\" class=\"wp-embedded-content\" sandbox=\"allow-scripts\" security=\"restricted\" style=\"position: absolute; clip: rect(1px, 1px, 1px, 1px);\" title=\"&#8220;CORONAVIRUS: AGGIORNAMENTO NAZIONALE 04  MARZO 2021&#8221; &#8212; Radio Pi\u00f9\" src=\"https:\/\/www.radiopiu.net\/wordpress\/aggfeb28003003ssss\/embed\/#?secret=0rg87MbL5T\" data-secret=\"0rg87MbL5T\" width=\"600\" height=\"338\" frameborder=\"0\" marginwidth=\"0\" marginheight=\"0\" scrolling=\"no\"><\/iframe><\/p>\n<h3>I GRAFICI DI TIZIANO DE COL<\/h3>\n\n\t\t\t<style type='text\/css'>\n\t\t\t\t#gallery-2 {\n\t\t\t\t\tmargin: auto;\n\t\t\t\t}\n\t\t\t\t#gallery-2 .gallery-item {\n\t\t\t\t\tfloat: left;\n\t\t\t\t\tmargin-top: 10px;\n\t\t\t\t\ttext-align: center;\n\t\t\t\t\twidth: 20%;\n\t\t\t\t}\n\t\t\t\t#gallery-2 img {\n\t\t\t\t\tborder: 2px solid #cfcfcf;\n\t\t\t\t}\n\t\t\t\t#gallery-2 .gallery-caption {\n\t\t\t\t\tmargin-left: 0;\n\t\t\t\t}\n\t\t\t\t\/* see gallery_shortcode() in wp-includes\/media.php *\/\n\t\t\t<\/style>\n\t\t<div id='gallery-2' class='dt-gallery-container gallery galleryid-194966 gallery-columns-5 gallery-size-thumbnail'><dl class='gallery-item'>\n\t\t\t\t<dt class='gallery-icon landscape'>\n\t\t\t\t\t<a class=\"rollover rollover-zoom dt-pswp-item\" title=\"36def770-39c3-4460-8e35-557355c027dd\" data-dt-img-description=\"\" data-large_image_width=\"605\" data-large_image_height=\"359\"href='https:\/\/www.radiopiu.net\/wordpress\/wp-content\/uploads\/2021\/03\/36def770-39c3-4460-8e35-557355c027dd.jpg'><img loading=\"lazy\" decoding=\"async\" width=\"150\" height=\"150\" src=\"https:\/\/www.radiopiu.net\/wordpress\/wp-content\/uploads\/2021\/03\/36def770-39c3-4460-8e35-557355c027dd-150x150.jpg\" class=\"attachment-thumbnail size-thumbnail\" alt=\"\" \/><\/a>\n\t\t\t\t<\/dt><\/dl><dl class='gallery-item'>\n\t\t\t\t<dt class='gallery-icon landscape'>\n\t\t\t\t\t<a class=\"rollover rollover-zoom dt-pswp-item\" title=\"06cb7ce8-cf5c-475c-8f02-88483b953727\" data-dt-img-description=\"\" data-large_image_width=\"606\" data-large_image_height=\"353\"href='https:\/\/www.radiopiu.net\/wordpress\/wp-content\/uploads\/2021\/03\/06cb7ce8-cf5c-475c-8f02-88483b953727-1.jpg'><img loading=\"lazy\" decoding=\"async\" width=\"150\" height=\"150\" src=\"https:\/\/www.radiopiu.net\/wordpress\/wp-content\/uploads\/2021\/03\/06cb7ce8-cf5c-475c-8f02-88483b953727-1-150x150.jpg\" class=\"attachment-thumbnail size-thumbnail\" alt=\"\" \/><\/a>\n\t\t\t\t<\/dt><\/dl><dl class='gallery-item'>\n\t\t\t\t<dt class='gallery-icon landscape'>\n\t\t\t\t\t<a class=\"rollover rollover-zoom dt-pswp-item\" title=\"db7372ea-a598-4b4e-946c-e38784b30fa5\" data-dt-img-description=\"\" data-large_image_width=\"608\" data-large_image_height=\"355\"href='https:\/\/www.radiopiu.net\/wordpress\/wp-content\/uploads\/2021\/03\/db7372ea-a598-4b4e-946c-e38784b30fa5.jpg'><img loading=\"lazy\" decoding=\"async\" width=\"150\" height=\"150\" src=\"https:\/\/www.radiopiu.net\/wordpress\/wp-content\/uploads\/2021\/03\/db7372ea-a598-4b4e-946c-e38784b30fa5-150x150.jpg\" class=\"attachment-thumbnail size-thumbnail\" alt=\"\" \/><\/a>\n\t\t\t\t<\/dt><\/dl><dl class='gallery-item'>\n\t\t\t\t<dt class='gallery-icon landscape'>\n\t\t\t\t\t<a class=\"rollover rollover-zoom dt-pswp-item\" title=\"47d07340-632d-4f69-bff7-48b0ed65819a\" data-dt-img-description=\"\" data-large_image_width=\"612\" data-large_image_height=\"351\"href='https:\/\/www.radiopiu.net\/wordpress\/wp-content\/uploads\/2021\/03\/47d07340-632d-4f69-bff7-48b0ed65819a.jpg'><img loading=\"lazy\" decoding=\"async\" width=\"150\" height=\"150\" src=\"https:\/\/www.radiopiu.net\/wordpress\/wp-content\/uploads\/2021\/03\/47d07340-632d-4f69-bff7-48b0ed65819a-150x150.jpg\" class=\"attachment-thumbnail size-thumbnail\" alt=\"\" \/><\/a>\n\t\t\t\t<\/dt><\/dl><dl class='gallery-item'>\n\t\t\t\t<dt class='gallery-icon landscape'>\n\t\t\t\t\t<a class=\"rollover rollover-zoom dt-pswp-item\" title=\"4c9151ea-b204-4099-9f1b-44567ef21f5b\" data-dt-img-description=\"\" data-large_image_width=\"608\" data-large_image_height=\"352\"href='https:\/\/www.radiopiu.net\/wordpress\/wp-content\/uploads\/2021\/03\/4c9151ea-b204-4099-9f1b-44567ef21f5b.jpg'><img loading=\"lazy\" decoding=\"async\" width=\"150\" height=\"150\" src=\"https:\/\/www.radiopiu.net\/wordpress\/wp-content\/uploads\/2021\/03\/4c9151ea-b204-4099-9f1b-44567ef21f5b-150x150.jpg\" class=\"attachment-thumbnail size-thumbnail\" alt=\"\" \/><\/a>\n\t\t\t\t<\/dt><\/dl><br style=\"clear: both\" \/>\n\t\t\t<\/div>\n\n<p>&nbsp;<\/p>\n<hr \/>\n<p>&nbsp;<\/p>\n<h2>SP 2 DELLA VALLE DEL MIS, SOPRALLUOGO E RISORSE PER FAR PARTIRE I LAVORI<\/h2>\n<blockquote><p><strong>BELLUNO <\/strong><span class=\"s1\">I lavori di ripristino della carreggiata sulla Sp 2 della Valle del Mis possono cominciare nel giro di poche settimane. La Provincia di Belluno ha finanziato le risorse necessarie a far partire i lavori e il presidente Padrin ha firmato\u00a0 l\u2019atto che d\u00e0 il via alle due somme urgenze, per un totale di 1.016.000 euro. <\/span><span class=\"s1\">. <\/span><span class=\"s1\">Le somme urgenze firmate questa mattina dal presidente Padrin prevedono due interventi sulla strada della Valle del Mis. Uno al km 23+420 per il consolidamento del corpo stradale a seguito del cedimento del muro di sostegno a valle della strada (per 366mila euro); e uno tra le progressive km 17+500 e km 18+500 per il ripristino del piano viabile causa cedimento del muro di sostegno e del corpo stradale (per 650mila euro). <\/span><span class=\"s1\">I lavori saranno affidati a Veneto Strade, gestore della rete viaria provinciale, dovrebbero durare all\u2019incirca un mese. Il sopralluogo ha mostrato che la caduta di sassi, soprattutto nelle gallerie, \u00e8 un fenomeno che non potr\u00e0 essere trascurato da Veneto Strade. <\/span><span class=\"s1\">Soddisfatto il sindaco di Gosaldo, Stefano Da Zanche e il collega Nino Deon di Rivamonte. &#8220;<\/span><span class=\"s1\"><em>Certo per\u00f2 &#8211; ha detto Deon &#8211; servirebbero risorse diverse, per permettere alla Provincia e agli enti locali di programmare in funzione del vivere in montagna, che &#8211; va da s\u00e9 &#8211; non pu\u00f2 essere tarato sugli stessi numeri della pianura<\/em>\u00bb.<\/span><\/p>\n<p>IL CONSIGLIERE PROVINCIALE FABIO LUCHETTA<\/p>\n<audio class=\"wp-audio-shortcode\" id=\"audio-194966-1\" preload=\"none\" style=\"width: 100%;\" controls=\"controls\"><source type=\"audio\/mpeg\" src=\"https:\/\/www.radiopiu.net\/wordpress\/wp-content\/uploads\/2021\/03\/FABIO-LU.mp3?_=1\" \/><a href=\"https:\/\/www.radiopiu.net\/wordpress\/wp-content\/uploads\/2021\/03\/FABIO-LU.mp3\">https:\/\/www.radiopiu.net\/wordpress\/wp-content\/uploads\/2021\/03\/FABIO-LU.mp3<\/a><\/audio>\n<p>&nbsp;<\/p>\n<p>&nbsp;<\/p>\n\n\t\t\t<style type='text\/css'>\n\t\t\t\t#gallery-3 {\n\t\t\t\t\tmargin: auto;\n\t\t\t\t}\n\t\t\t\t#gallery-3 .gallery-item {\n\t\t\t\t\tfloat: left;\n\t\t\t\t\tmargin-top: 10px;\n\t\t\t\t\ttext-align: center;\n\t\t\t\t\twidth: 25%;\n\t\t\t\t}\n\t\t\t\t#gallery-3 img {\n\t\t\t\t\tborder: 2px solid #cfcfcf;\n\t\t\t\t}\n\t\t\t\t#gallery-3 .gallery-caption {\n\t\t\t\t\tmargin-left: 0;\n\t\t\t\t}\n\t\t\t\t\/* see gallery_shortcode() in wp-includes\/media.php *\/\n\t\t\t<\/style>\n\t\t<div id='gallery-3' class='dt-gallery-container gallery galleryid-194966 gallery-columns-4 gallery-size-medium'><dl class='gallery-item'>\n\t\t\t\t<dt class='gallery-icon landscape'>\n\t\t\t\t\t<a class=\"rollover rollover-zoom dt-pswp-item\" title=\"Sp 2_sopralluogo 1\" data-dt-img-description=\"\" data-large_image_width=\"2560\" data-large_image_height=\"1920\"href='https:\/\/www.radiopiu.net\/wordpress\/wp-content\/uploads\/2021\/03\/Sp-2_sopralluogo-1-scaled.jpg'><img loading=\"lazy\" decoding=\"async\" width=\"300\" height=\"225\" src=\"https:\/\/www.radiopiu.net\/wordpress\/wp-content\/uploads\/2021\/03\/Sp-2_sopralluogo-1-300x225.jpg\" class=\"attachment-medium size-medium\" alt=\"\" srcset=\"https:\/\/www.radiopiu.net\/wordpress\/wp-content\/uploads\/2021\/03\/Sp-2_sopralluogo-1-300x225.jpg 300w, https:\/\/www.radiopiu.net\/wordpress\/wp-content\/uploads\/2021\/03\/Sp-2_sopralluogo-1-1024x768.jpg 1024w, https:\/\/www.radiopiu.net\/wordpress\/wp-content\/uploads\/2021\/03\/Sp-2_sopralluogo-1-768x576.jpg 768w, https:\/\/www.radiopiu.net\/wordpress\/wp-content\/uploads\/2021\/03\/Sp-2_sopralluogo-1-1536x1152.jpg 1536w, https:\/\/www.radiopiu.net\/wordpress\/wp-content\/uploads\/2021\/03\/Sp-2_sopralluogo-1-2048x1536.jpg 2048w\" sizes=\"auto, (max-width: 300px) 100vw, 300px\" \/><\/a>\n\t\t\t\t<\/dt><\/dl><dl class='gallery-item'>\n\t\t\t\t<dt class='gallery-icon landscape'>\n\t\t\t\t\t<a class=\"rollover rollover-zoom dt-pswp-item\" title=\"Sp 2_sopralluogo 2\" data-dt-img-description=\"\" data-large_image_width=\"2560\" data-large_image_height=\"1920\"href='https:\/\/www.radiopiu.net\/wordpress\/wp-content\/uploads\/2021\/03\/Sp-2_sopralluogo-2-scaled.jpg'><img loading=\"lazy\" decoding=\"async\" width=\"300\" height=\"225\" src=\"https:\/\/www.radiopiu.net\/wordpress\/wp-content\/uploads\/2021\/03\/Sp-2_sopralluogo-2-300x225.jpg\" class=\"attachment-medium size-medium\" alt=\"\" srcset=\"https:\/\/www.radiopiu.net\/wordpress\/wp-content\/uploads\/2021\/03\/Sp-2_sopralluogo-2-300x225.jpg 300w, https:\/\/www.radiopiu.net\/wordpress\/wp-content\/uploads\/2021\/03\/Sp-2_sopralluogo-2-1024x768.jpg 1024w, https:\/\/www.radiopiu.net\/wordpress\/wp-content\/uploads\/2021\/03\/Sp-2_sopralluogo-2-768x576.jpg 768w, https:\/\/www.radiopiu.net\/wordpress\/wp-content\/uploads\/2021\/03\/Sp-2_sopralluogo-2-1536x1152.jpg 1536w, https:\/\/www.radiopiu.net\/wordpress\/wp-content\/uploads\/2021\/03\/Sp-2_sopralluogo-2-2048x1536.jpg 2048w\" sizes=\"auto, (max-width: 300px) 100vw, 300px\" \/><\/a>\n\t\t\t\t<\/dt><\/dl><dl class='gallery-item'>\n\t\t\t\t<dt class='gallery-icon landscape'>\n\t\t\t\t\t<a class=\"rollover rollover-zoom dt-pswp-item\" title=\"Sp 2_sopralluogo 3\" data-dt-img-description=\"\" data-large_image_width=\"2560\" data-large_image_height=\"1920\"href='https:\/\/www.radiopiu.net\/wordpress\/wp-content\/uploads\/2021\/03\/Sp-2_sopralluogo-3-scaled.jpg'><img loading=\"lazy\" decoding=\"async\" width=\"300\" height=\"225\" src=\"https:\/\/www.radiopiu.net\/wordpress\/wp-content\/uploads\/2021\/03\/Sp-2_sopralluogo-3-300x225.jpg\" class=\"attachment-medium size-medium\" alt=\"\" srcset=\"https:\/\/www.radiopiu.net\/wordpress\/wp-content\/uploads\/2021\/03\/Sp-2_sopralluogo-3-300x225.jpg 300w, https:\/\/www.radiopiu.net\/wordpress\/wp-content\/uploads\/2021\/03\/Sp-2_sopralluogo-3-1024x768.jpg 1024w, https:\/\/www.radiopiu.net\/wordpress\/wp-content\/uploads\/2021\/03\/Sp-2_sopralluogo-3-768x576.jpg 768w, https:\/\/www.radiopiu.net\/wordpress\/wp-content\/uploads\/2021\/03\/Sp-2_sopralluogo-3-1536x1152.jpg 1536w, https:\/\/www.radiopiu.net\/wordpress\/wp-content\/uploads\/2021\/03\/Sp-2_sopralluogo-3-2048x1536.jpg 2048w\" sizes=\"auto, (max-width: 300px) 100vw, 300px\" \/><\/a>\n\t\t\t\t<\/dt><\/dl><dl class='gallery-item'>\n\t\t\t\t<dt class='gallery-icon landscape'>\n\t\t\t\t\t<a class=\"rollover rollover-zoom dt-pswp-item\" title=\"Sp 2_sopralluogo 4\" data-dt-img-description=\"\" data-large_image_width=\"2560\" data-large_image_height=\"1920\"href='https:\/\/www.radiopiu.net\/wordpress\/wp-content\/uploads\/2021\/03\/Sp-2_sopralluogo-4-scaled.jpg'><img loading=\"lazy\" decoding=\"async\" width=\"300\" height=\"225\" src=\"https:\/\/www.radiopiu.net\/wordpress\/wp-content\/uploads\/2021\/03\/Sp-2_sopralluogo-4-300x225.jpg\" class=\"attachment-medium size-medium\" alt=\"\" srcset=\"https:\/\/www.radiopiu.net\/wordpress\/wp-content\/uploads\/2021\/03\/Sp-2_sopralluogo-4-300x225.jpg 300w, https:\/\/www.radiopiu.net\/wordpress\/wp-content\/uploads\/2021\/03\/Sp-2_sopralluogo-4-1024x768.jpg 1024w, https:\/\/www.radiopiu.net\/wordpress\/wp-content\/uploads\/2021\/03\/Sp-2_sopralluogo-4-768x576.jpg 768w, https:\/\/www.radiopiu.net\/wordpress\/wp-content\/uploads\/2021\/03\/Sp-2_sopralluogo-4-1536x1152.jpg 1536w, https:\/\/www.radiopiu.net\/wordpress\/wp-content\/uploads\/2021\/03\/Sp-2_sopralluogo-4-2048x1536.jpg 2048w\" sizes=\"auto, (max-width: 300px) 100vw, 300px\" \/><\/a>\n\t\t\t\t<\/dt><\/dl><br style=\"clear: both\" \/>\n\t\t\t<\/div>\n\n<p>&nbsp;<\/p><\/blockquote>\n<hr \/>\n<p>&nbsp;<\/p>\n<p>&nbsp;<\/p>\n<blockquote>\n<h3>IERI I BOTTI LUNGO LA\u00a0 PROVINCIALE 251<\/h3>\n<\/blockquote>\n<p><strong><a href=\"https:\/\/www.radiopiu.net\/wordpress\/oggi-brevi-interruzioni-sulla-provinciale-251\/129601934_3568118283256906_6696282007864421191_n-768x790\/\" rel=\"attachment wp-att-195021\"><img loading=\"lazy\" decoding=\"async\" class=\"size-medium wp-image-195021 alignleft\" src=\"https:\/\/www.radiopiu.net\/wordpress\/wp-content\/uploads\/2021\/03\/129601934_3568118283256906_6696282007864421191_n-768x790-1-292x300.jpg\" alt=\"\" width=\"292\" height=\"300\" srcset=\"https:\/\/www.radiopiu.net\/wordpress\/wp-content\/uploads\/2021\/03\/129601934_3568118283256906_6696282007864421191_n-768x790-1-292x300.jpg 292w, https:\/\/www.radiopiu.net\/wordpress\/wp-content\/uploads\/2021\/03\/129601934_3568118283256906_6696282007864421191_n-768x790-1.jpg 768w\" sizes=\"auto, (max-width: 292px) 100vw, 292px\" \/><\/a>VAL DI ZOLDO <\/strong>Il sindaco di Val di Zoldo Camillo De Pellegrin ieri ha improvvisamente comunicato che in relazione ai lavori di messa in sicurezza della frana in localit\u00e0 San Giovanni,\u00a0 erano previsti i brillamenti dei massi. Le attivit\u00e0\u00a0 hanno richiesto\u00a0 due brevi interruzioni della viabilit\u00e0 di circa 15 minuti ognuna.<\/p>\n<blockquote><p>&nbsp;<\/p>\n<p>Ora \u00e8 in corso la posa delle reti metalliche di contenimento per evitare che i sassi finiscano sulla sede stradale.<br \/>\nL&#8217;ultima parte delle attivit\u00e0 prevedono la sistemazione dei grandi massi a bordo della carreggiata<\/p>\n<p>&nbsp;<\/p>\n<p>&nbsp;<\/p>\n<p>&nbsp;<\/p><\/blockquote>\n<p>&nbsp;<\/p>\n<hr \/>\n<p>&nbsp;<\/p>\n<blockquote>\n<h3>LUXOTTICA: LE MAGGIORAZIONI DELL&#8217;ULTIMO SABATO INCENTIVATO E LE PROSSIME ASSEMBLEE SINDACALI<\/h3>\n<\/blockquote>\n<p><strong><a href=\"https:\/\/www.radiopiu.net\/wordpress\/luxottica-a-settembre-parte-la-flessibilita-allo-stabilimento-di-agordo\/luxottica-2020\/\" rel=\"attachment wp-att-157799\"><img loading=\"lazy\" decoding=\"async\" class=\"size-medium wp-image-157799 alignleft\" src=\"https:\/\/www.radiopiu.net\/wordpress\/wp-content\/uploads\/2020\/08\/LUXOTTICA-2020-300x225.jpg\" alt=\"\" width=\"300\" height=\"225\" srcset=\"https:\/\/www.radiopiu.net\/wordpress\/wp-content\/uploads\/2020\/08\/LUXOTTICA-2020-300x225.jpg 300w, https:\/\/www.radiopiu.net\/wordpress\/wp-content\/uploads\/2020\/08\/LUXOTTICA-2020-1024x768.jpg 1024w, https:\/\/www.radiopiu.net\/wordpress\/wp-content\/uploads\/2020\/08\/LUXOTTICA-2020-768x576.jpg 768w, https:\/\/www.radiopiu.net\/wordpress\/wp-content\/uploads\/2020\/08\/LUXOTTICA-2020-1536x1152.jpg 1536w, https:\/\/www.radiopiu.net\/wordpress\/wp-content\/uploads\/2020\/08\/LUXOTTICA-2020-640x480.jpg 640w, https:\/\/www.radiopiu.net\/wordpress\/wp-content\/uploads\/2020\/08\/LUXOTTICA-2020.jpg 2048w\" sizes=\"auto, (max-width: 300px) 100vw, 300px\" \/><\/a>AGORDO<\/strong> Ottime notizie per le maestranze che hanno partecipato all&#8217;ultimo sabato di straordinario incentivato presso lo stabilimento Luxottica di Agordo. Tutti i reparti coinvolti hanno raggiunto la quota di partecipazione per ottenere la maggiorazione del 100% sulle ore lavorate sabato scorso grazie alla buona presenza da parte degli operai chiamati al lavoro. Intanto CGIL, CISL, e UIL, dopo pi\u00f9 di un anno, sono riuscite a pianificare delle assemblee per i lavoratori che verranno svolte il 9, 10 e 11 marzo presso la sala mensa dello stabilimento ma anche presso il PalaLuxottica per tutti coloro che in questi mesi stanno producendo le mascherine. Gli orari delle assemblee suddivise in reparti saranno esposti sulle bacheche nei prossimi giorni. Per coloro che stanno lavorando in smartworking, le sigle sindacali si stanno organizzando per fare le assemblee online.<\/p>\n<p>&nbsp;<\/p>\n<p>&nbsp;<\/p>\n<hr \/>\n<p>&nbsp;<\/p>\n<blockquote>\n<h3>VENETO STRADE PROGRAMMA I LAVORI DI RIASFALTURA DI ALCUNI TRATTI DI STRADA IN PREVISIONE DELLA TAPPA DEL GIRO D\u2019ITALIA PREVISTA PER IL 24 MAGGIO<\/h3>\n<\/blockquote>\n<p><strong><a href=\"https:\/\/www.radiopiu.net\/wordpress\/giornale-radio-piu-01-10-direttore-mirko-mezzacasa\/truffa-asfalto\/\" rel=\"attachment wp-att-11432\"><img loading=\"lazy\" decoding=\"async\" class=\"size-medium wp-image-11432 alignleft\" src=\"https:\/\/www.radiopiu.net\/wordpress\/wp-content\/uploads\/2015\/10\/truffa-asfalto-300x210.jpg\" alt=\"\" width=\"300\" height=\"210\" \/><\/a>VENEZIA <\/strong>Tre strade regionali e otto provinciali in gestione a Veneto Strade saranno interessate alla tappa del Giro d\u2019Italia 2021 del 24 maggio. Ancora un evento internazionale di grande visibilit\u00e0 per il Veneto che vuole farsi trovare pronto. \u201c<em>Abbiamo gi\u00e0 programmato i lavori di riasfaltatura dove servir\u00e0, soprattutto quelli in discesa, e la risoluzione di alcuni dissesti circoscritti \u2013 dice il Direttore Generale di Veneto Strade, Silvano Vernizzi \u2013 contiamo di finire i lavori entro il 15 maggio in modo da evitare qualsiasi problema, sar\u00e0 nostra cura far si che questo evento si svolga al meglio come merita il Veneto\u201d. In totale i chilometri della tappa sono 141,6 ma gli interventi, secondo una prima stima, \u00a0riguarderanno circa 45 chilometri. \u201cStiamo monitorando la situazione non lasceremo nulla al caso \u2013 aggiunge Vernizzi \u2013 l\u2019importo stimato per i lavori \u00e8 di 2,5 milioni di euro<\/em>\u201d. Le regionali coinvolte dalla tappa sono: la SR 204 Belluno Mas, la SR 203 Agordina\u00a0 e la SR 48 delle Dolomiti. Mentre le provinciali sono: la SP422 dell\u2019Alpago e del Cansiglio, la Sp28 delle Coste d\u2019Alpago, la SP423 del Lago di Santa Croce, la PS 31 Nevegal, la SP 563 di Solesei, la SP 641 del Passo Fedaia, la SP 251 della Val di Zoldo e Val Cellina e la SP 638 del Passo Giau.<\/p>\n<p>&nbsp;<\/p>\n<hr \/>\n<p>&nbsp;<\/p>\n<blockquote>\n<h3>PANTEGANE ALL&#8217;ATTACCO, PRONTE A CONQUISTARE LA CITTA&#8217;<\/h3>\n<p><em>&#8220;Passatemi il termine poco costituzionale, ma \u00e8 una situazione davvero schifosa&#8221;<\/em><\/p><\/blockquote>\n<p><strong><a href=\"https:\/\/www.radiopiu.net\/wordpress\/pantegane-allattacco-pronte-a-conquistare-la-citta\/th-58\/\" rel=\"attachment wp-att-195074\"><img loading=\"lazy\" decoding=\"async\" class=\" wp-image-195074 alignleft\" src=\"https:\/\/www.radiopiu.net\/wordpress\/wp-content\/uploads\/2021\/03\/th-2-300x169.jpg\" alt=\"\" width=\"208\" height=\"117\" srcset=\"https:\/\/www.radiopiu.net\/wordpress\/wp-content\/uploads\/2021\/03\/th-2-300x169.jpg 300w, https:\/\/www.radiopiu.net\/wordpress\/wp-content\/uploads\/2021\/03\/th-2.jpg 346w\" sizes=\"auto, (max-width: 208px) 100vw, 208px\" \/><\/a>BELLUNO<\/strong> Non \u00e8 un film, ma la premessa all&#8217;interrogazione di Fabio Rufus Bristot a seguito dell&#8217;aumento di pantegane in alcuni quartieri del centro storico. Argomento di straordinaria importanza, ne va dell&#8217;igiene pubblica oltre che del decoro della citt\u00e0. Le pantegane sono pericolose come i ratti per le malattie che diffondono, poi ci sono i danni ai fili del cavidotti in sotterraneo. Per questo al sindaco\u00a0 Jacopo Massaro e alla Giunta Fabio Rufus Bristot chiede se vi siano studi e\/o analisi <a href=\"https:\/\/www.radiopiu.net\/wordpress\/giornale-radiopiu-20-agosto-2018-direttore-mirko-mezzacasa\/fabio-rufus\/\" rel=\"attachment wp-att-58379\"><img loading=\"lazy\" decoding=\"async\" class=\" wp-image-58379 alignright\" src=\"https:\/\/www.radiopiu.net\/wordpress\/wp-content\/uploads\/2018\/08\/FABIO-RUFUS-300x300.jpg\" alt=\"\" width=\"159\" height=\"159\" srcset=\"https:\/\/www.radiopiu.net\/wordpress\/wp-content\/uploads\/2018\/08\/FABIO-RUFUS-300x300.jpg 300w, https:\/\/www.radiopiu.net\/wordpress\/wp-content\/uploads\/2018\/08\/FABIO-RUFUS-150x150.jpg 150w, https:\/\/www.radiopiu.net\/wordpress\/wp-content\/uploads\/2018\/08\/FABIO-RUFUS-768x768.jpg 768w, https:\/\/www.radiopiu.net\/wordpress\/wp-content\/uploads\/2018\/08\/FABIO-RUFUS.jpg 928w\" sizes=\"auto, (max-width: 159px) 100vw, 159px\" \/><\/a>che spieghino la motivazione di un aumento cos\u00ec marcato di ratti e pantegane; \u00a0quante campagne di derattizzazione siano state effettuate nell\u2019ultimo quinquennio e con quali scadenze temporali e, soprattutto, con quali costi. Il consigliere guarda avanti e chiede se \u00a0siano in previsione\u00a0 misure urgenti da assumere &#8220;<em>con estrema velocit\u00e0 per contrastare questo fenomeno\u00a0 davvero \u201cschifoso\u201d.<\/em> Infine Bristot si chiede se sia mai stata considerata la possibilit\u00e0 di pervenire alla stipula di una convenzione con l\u2019ULSS n. 1 Dolomiti per garantire senza soluzione di continuit\u00e0 gli strumenti da mettere in campo per affrontare con adeguatezza la problematica, anche in termini di informazione e prevenzione della cittadinanza<\/p>\n<p>&nbsp;<\/p>\n<hr \/>\n<p>&nbsp;<\/p>\n<p>&nbsp;<\/p>\n<p>&nbsp;<\/p>\n<h2 style=\"text-align: center;\">IERI SERA IL CONSIGLIO COMUNALE DI FALCADE,\u00a0 PODCAST<\/h2>\n<p>https:\/\/www.facebook.com\/mirko.mezzacasa\/videos\/10225816842874606<\/p>\n<p>&nbsp;<\/p>\n<p>&nbsp;<\/p>\n<hr \/>\n<p>&nbsp;<\/p>\n<blockquote>\n<h3>BRICCONE DI UN LILLO D&#8217;ALTA MONTAGNA&#8230;<\/h3>\n<\/blockquote>\n<p><strong><img loading=\"lazy\" decoding=\"async\" class=\"alignleft\" src=\"https:\/\/www.radiopiu.net\/wordpress\/wp-content\/uploads\/2021\/03\/157207600_874930906620134_4269009358881587162_n.jpg\" width=\"98\" height=\"86\" \/>AGORDO<\/strong> Alla fine l&#8217;impresa escursionistica \u00e8 terminata a Casen, che \u00e8 lontano da Colvignas di Rif dove era stato visto l&#8217;ultima volta. Affascinato dalla Moiazza e probabilmente alla ricerca di ristoro, il cane in fuga ha puntato il rifugio Carestiato. Sulla sua strada, a Casen, ha per\u00f2 incontrato l&#8217;uomo del Soccorso Alpino, in questo caso del Soccorso per animali che prima ha coccolato un po&#8217; il cagnolino e poi l&#8217;ha riportato ai proprietari che da ieri erano alla ricerca dell&#8217;amato Lillo da montagna. Dai proprietari un grazie a Diego e a quanti si sono interessati alla ricerca del cagnolino.<\/p>\n<p>&nbsp;<\/p>\n<p>&nbsp;<\/p>\n<hr \/>\n<p>&nbsp;<\/p>\n<blockquote>\n<h3>DOMENICA L&#8217;APERTURA DELLA PESCA MA SENZA FESTE DI STAGIONE<\/h3>\n<\/blockquote>\n<p><strong>BELLUNO<\/strong><\/p>\n<p><strong>MORENO GIOLI<\/strong><\/p>\n<audio class=\"wp-audio-shortcode\" id=\"audio-194966-2\" preload=\"none\" style=\"width: 100%;\" controls=\"controls\"><source type=\"audio\/mpeg\" src=\"https:\/\/www.radiopiu.net\/wordpress\/wp-content\/uploads\/2021\/03\/moreno-1.mp3?_=2\" \/><a href=\"https:\/\/www.radiopiu.net\/wordpress\/wp-content\/uploads\/2021\/03\/moreno-1.mp3\">https:\/\/www.radiopiu.net\/wordpress\/wp-content\/uploads\/2021\/03\/moreno-1.mp3<\/a><\/audio>\n<p>&nbsp;<\/p>\n\n\t\t\t<style type='text\/css'>\n\t\t\t\t#gallery-4 {\n\t\t\t\t\tmargin: auto;\n\t\t\t\t}\n\t\t\t\t#gallery-4 .gallery-item {\n\t\t\t\t\tfloat: left;\n\t\t\t\t\tmargin-top: 10px;\n\t\t\t\t\ttext-align: center;\n\t\t\t\t\twidth: 33%;\n\t\t\t\t}\n\t\t\t\t#gallery-4 img {\n\t\t\t\t\tborder: 2px solid #cfcfcf;\n\t\t\t\t}\n\t\t\t\t#gallery-4 .gallery-caption {\n\t\t\t\t\tmargin-left: 0;\n\t\t\t\t}\n\t\t\t\t\/* see gallery_shortcode() in wp-includes\/media.php *\/\n\t\t\t<\/style>\n\t\t<div id='gallery-4' class='dt-gallery-container gallery galleryid-194966 gallery-columns-3 gallery-size-thumbnail'><dl class='gallery-item'>\n\t\t\t\t<dt class='gallery-icon landscape'>\n\t\t\t\t\t<a class=\"rollover rollover-zoom dt-pswp-item\" title=\"de39d72d-2b73-4365-945b-59edd5ff4488\" data-dt-img-description=\"\" data-large_image_width=\"2048\" data-large_image_height=\"1536\"href='https:\/\/www.radiopiu.net\/wordpress\/wp-content\/uploads\/2021\/03\/de39d72d-2b73-4365-945b-59edd5ff4488.jpg'><img loading=\"lazy\" decoding=\"async\" width=\"150\" height=\"150\" src=\"https:\/\/www.radiopiu.net\/wordpress\/wp-content\/uploads\/2021\/03\/de39d72d-2b73-4365-945b-59edd5ff4488-150x150.jpg\" class=\"attachment-thumbnail size-thumbnail\" alt=\"\" \/><\/a>\n\t\t\t\t<\/dt><\/dl><dl class='gallery-item'>\n\t\t\t\t<dt class='gallery-icon landscape'>\n\t\t\t\t\t<a class=\"rollover rollover-zoom dt-pswp-item\" title=\"21214374-3a9b-4d40-a904-0a88a1c8b70e\" data-dt-img-description=\"\" data-large_image_width=\"2048\" data-large_image_height=\"1536\"href='https:\/\/www.radiopiu.net\/wordpress\/wp-content\/uploads\/2021\/03\/21214374-3a9b-4d40-a904-0a88a1c8b70e.jpg'><img loading=\"lazy\" decoding=\"async\" width=\"150\" height=\"150\" src=\"https:\/\/www.radiopiu.net\/wordpress\/wp-content\/uploads\/2021\/03\/21214374-3a9b-4d40-a904-0a88a1c8b70e-150x150.jpg\" class=\"attachment-thumbnail size-thumbnail\" alt=\"\" \/><\/a>\n\t\t\t\t<\/dt><\/dl><dl class='gallery-item'>\n\t\t\t\t<dt class='gallery-icon landscape'>\n\t\t\t\t\t<a class=\"rollover rollover-zoom dt-pswp-item\" title=\"8a907027-621c-4562-a7cd-de66ec984c13\" data-dt-img-description=\"\" data-large_image_width=\"2048\" data-large_image_height=\"1536\"href='https:\/\/www.radiopiu.net\/wordpress\/wp-content\/uploads\/2021\/03\/8a907027-621c-4562-a7cd-de66ec984c13.jpg'><img loading=\"lazy\" decoding=\"async\" width=\"150\" height=\"150\" src=\"https:\/\/www.radiopiu.net\/wordpress\/wp-content\/uploads\/2021\/03\/8a907027-621c-4562-a7cd-de66ec984c13-150x150.jpg\" class=\"attachment-thumbnail size-thumbnail\" alt=\"\" \/><\/a>\n\t\t\t\t<\/dt><\/dl><br style=\"clear: both\" \/>\n\t\t\t<\/div>\n\n<p>&nbsp;<\/p>\n<p>&nbsp;<\/p>\n<p>&nbsp;<\/p>\n<p>&nbsp;<\/p>\n<hr \/>\n<blockquote>\n<h3><\/h3>\n<h3>ITALIA VERSO IL ROSSO, LOMBARDIA ARANCIO SCURO E IL VENETO? LE RISPOSTE E PREVISIONI DA MARGHERA CON LUCA ZAIA INCIDE Rt 1.12<\/h3>\n<\/blockquote>\n<blockquote>\n<h2>LEGGI LA CONFERENZA STAMPA DI LUCA ZAIA<\/h2>\n<\/blockquote>\n<p><em>Rt del Veneto oggi 1,12\u00a0 inoltre 151,3 su 100mila abitanti \u00e8 l&#8217;incidenza veneta (oltre i 250 chiudono le scuole),\u00a0 tassi di ospedalizzazione <strong>non<\/strong> importanti, rischiamo di passare in arancione da luned\u00ec.\u00a0 I cittadini devono mettersi in testa di usare i dispositivi ed evitare gli\u00a0 assembramenti. Ancora scuola: l&#8217;alto padovano \u00e8 alle soglie del blocco con 200 casi su 100mila abitanti, poi c&#8217;\u00e8 il Comelico gi\u00e0 zona rossa prima di Natale con chiusura dei bar, nell\u00a0 piccole comunit\u00e0\u00a0 l&#8217;aggregazione avviene in piccole realt\u00e0 e il contagio \u00e8 pi\u00f9 facile.<\/em><\/p>\n<p>L&#8217;Italia si colora sempre pi\u00f9 di rosso o arancione scuro. Dall&#8217;Emilia alla Lombardia i segnali sono evidenti. Oggi l&#8217;Rt \u00e8 di 1,12. Gli ospedali non sono sotto pressione ma l&#8217;indice di contagio dal punto pi\u00f9 basso \u00e8 schizzato a 1,12, \u00e8 verosimile ritornare a ballare in senso negativo. Quindi arrivano le turbolenze lo anticipa anche l&#8217;altro fattore 151,3 contagi su 100mila. La situazione \u00e8 atipica <span style=\"color: #ff0000;\"><strong>ABBIAMO UNA REGIONE CHE RISCHIA DI PASSARE IN ARANCIONE, LO SI SAPRA&#8217; DOMANI, IL CAMBIO DA LUNEDI<\/strong><\/span> ma abbiamo un tasso di ospedalizzazione non preoccupante. Veniamo da due mesi di calo che hanno dato ossigeno alle strutture ma siamo in allerta. Oggi molte regioni stanno vivendo la situazione negativa gi\u00e0 vissuta dal Veneto a dicembre. Spero si possa dire &#8211; ma \u00e8 una speranza &#8211; che il Veneto avendo gi\u00e0 dato a novembre e dicembre, sia risparmiato da questa ondata, ma le turbolenze in volo stanno arrivando. <strong>SCUOLA<\/strong> Stiamo facendo un&#8217;analisi seria gi\u00e0 a livello comunale.\u00a0 Padova \u00e8 gi\u00e0 a 200 casi per 100 mila abitanti e rischia di essere la prima realt\u00e0 che va oltre i 250 casi per 100 mila quindi con la chiusura delle scuole.da inizio gennaio ad oggi abbiamo avuto 2372 studenti coinvolti in casi di contagio e 34552 ragazzi in quarantena, 323 docenti positivi, in quarantena 2238. Il tema delle varianti pesa molto di pi\u00f9 sui giovani che frequentano le scuole. Per fortuna c&#8217;\u00e8 la didattica a distanza un\u00a0 impegno premiato. <strong>DAD ANCHE PER LE SCUOLE MEDIE IN CASO DI VARIAZIONI?<\/strong> Non escludo nulla, ho citato la Dad alle medie come elemento di virtuosit\u00e0. Se si va in rosso si chiude tutto, in arancione con 250 contagi su 100 mila, attualmente non sono in corso valutazioni in proposito.\u00a0 <strong>UNA SOLA DOSE DI VACCINO PER GLI INFETTI DEGLI ULTIMI SEI MESI<\/strong> Ora \u00e8 ufficiale non servir\u00e0 la seconda dose. INTERVALLO PRIMA-SECONDA DOSE \u00a0c&#8217;\u00e8 ancora dibattito sulle tempistiche, la proposta era di dilatare a 42 giorni il Pfizer, quindi noi facciamo il richiamo intorno al 21esimo giorno, nell&#8217;attesa della autorizzazione.\u00a0 <strong>IN COMELICO<\/strong> un forse troppo accorto uso della mascherina e\u00a0 l&#8217;aggregazione sociale \u00e8 il problema, qui abbiamo avuto i picchi di contagio massimo. L&#8217;aggregazione della comunit\u00e0 in pochi spazi\u00a0 fa la differenza. <strong>VENEZIA VIETA GLI ALCOOLICI\u00a0<\/strong> Ha fatto bene il sindaco e questa \u00e8 la dimostrazione del gioco di squadra. I sindaci hanno sempre dimostrato di avere a cuore i cittadini, non troverete mai una mia ordinanza contraria a chi aggiunge restrizioni a vantaggio del cittadino. I sindaci conoscono il loro territorio e sa dove si verificano assembramenti.<strong> E LA FAMOSA APP REGIONE, STANZIATI 260 MILA EURO?<\/strong> \u00e8 stata fatta, poi visto il crescere dell&#8217;infezione a novembre e dicembre \u00e8 stato deciso di non attivarla perch\u00e9 avrebbe creato solo confusione, adesso vedremo di capire a che punto sia<\/p>\n<p><a href=\"https:\/\/www.facebook.com\/zaiaufficiale\/videos\/2190524881082893\">https:\/\/www.facebook.com\/zaiaufficiale\/videos\/2190524881082893<\/a><\/p>\n<p><a href=\"https:\/\/www.radiopiu.net\/wordpress\/covid-il-punto-sullemergenza-del-presidente-del-veneto-luca-zaia\/5808c8cf-dae0-4d30-93d4-c63736407ef9\/\" rel=\"attachment wp-att-195051\"><img loading=\"lazy\" decoding=\"async\" class=\"alignnone wp-image-195051 size-full\" src=\"https:\/\/www.radiopiu.net\/wordpress\/wp-content\/uploads\/2021\/03\/5808c8cf-dae0-4d30-93d4-c63736407ef9.jpg\" alt=\"\" width=\"1081\" height=\"1354\" srcset=\"https:\/\/www.radiopiu.net\/wordpress\/wp-content\/uploads\/2021\/03\/5808c8cf-dae0-4d30-93d4-c63736407ef9.jpg 1081w, https:\/\/www.radiopiu.net\/wordpress\/wp-content\/uploads\/2021\/03\/5808c8cf-dae0-4d30-93d4-c63736407ef9-240x300.jpg 240w, https:\/\/www.radiopiu.net\/wordpress\/wp-content\/uploads\/2021\/03\/5808c8cf-dae0-4d30-93d4-c63736407ef9-818x1024.jpg 818w, https:\/\/www.radiopiu.net\/wordpress\/wp-content\/uploads\/2021\/03\/5808c8cf-dae0-4d30-93d4-c63736407ef9-768x962.jpg 768w\" sizes=\"auto, (max-width: 1081px) 100vw, 1081px\" \/><\/a><\/p>\n<p>&nbsp;<\/p>\n<hr \/>\n<blockquote>\n<h3><\/h3>\n<h3>MONITORAGGIO DELLE SCUOLE E COVID-19 IN VENETO<\/h3>\n<\/blockquote>\n<p><strong>VENEZIA<\/strong> La Regione del Veneto ha distribuito i dati dei primi 3 mesi del 2021 sui casi di positivit\u00e0 al Covid-19 nei plessi scolastici regionali.<\/p>\n<p><strong>IL REPORT (3 pagine)<\/strong><\/p>\n<a href=\"https:\/\/www.radiopiu.net\/wordpress\/wp-content\/uploads\/2021\/03\/Bollettino-Scuole.pdf\" class=\"pdfemb-viewer\" style=\"\" data-width=\"max\" data-height=\"max\" data-toolbar=\"top\" data-toolbar-fixed=\"on\">Bollettino Scuole<\/a>\n<p>&nbsp;<\/p>\n<hr \/>\n<p>&nbsp;<\/p>\n<blockquote>\n<h3>IL DIRETTORE E&#8217; GIA&#8217; ARRIVATO AD AGORDO&#8230;UN BUON INIZIO<\/h3>\n<\/blockquote>\n<div dir=\"auto\"><strong>AGORDO\u00a0<\/strong> Continua il giro di conoscenza dei professionisti e delle strutture dell&#8217;Ulss Dolomiti da parte del nuovo Direttore Generale Maria Grazia Carraro.\u00a0 Ieri visita all&#8217;ospedale di Agordo dove tra l&#8217;altro sar\u00e0 realizzato il nuovo Pronto Soccorso uno dei primi importanti cantieri da seguire per il nuovo direttore accolto con simpatia tra le corsie dell&#8217;ospedale di vallata.<\/div>\n<div dir=\"auto\">\n\n\t\t\t<style type='text\/css'>\n\t\t\t\t#gallery-5 {\n\t\t\t\t\tmargin: auto;\n\t\t\t\t}\n\t\t\t\t#gallery-5 .gallery-item {\n\t\t\t\t\tfloat: left;\n\t\t\t\t\tmargin-top: 10px;\n\t\t\t\t\ttext-align: center;\n\t\t\t\t\twidth: 25%;\n\t\t\t\t}\n\t\t\t\t#gallery-5 img {\n\t\t\t\t\tborder: 2px solid #cfcfcf;\n\t\t\t\t}\n\t\t\t\t#gallery-5 .gallery-caption {\n\t\t\t\t\tmargin-left: 0;\n\t\t\t\t}\n\t\t\t\t\/* see gallery_shortcode() in wp-includes\/media.php *\/\n\t\t\t<\/style>\n\t\t<div id='gallery-5' class='dt-gallery-container gallery galleryid-194966 gallery-columns-4 gallery-size-thumbnail'><dl class='gallery-item'>\n\t\t\t\t<dt class='gallery-icon landscape'>\n\t\t\t\t\t<a class=\"rollover rollover-zoom dt-pswp-item\" title=\"157205981_2952210435035777_4884402870426318443_n\" data-dt-img-description=\"\" data-large_image_width=\"600\" data-large_image_height=\"600\"href='https:\/\/www.radiopiu.net\/wordpress\/wp-content\/uploads\/2021\/03\/157205981_2952210435035777_4884402870426318443_n.jpg'><img loading=\"lazy\" decoding=\"async\" width=\"150\" height=\"150\" src=\"https:\/\/www.radiopiu.net\/wordpress\/wp-content\/uploads\/2021\/03\/157205981_2952210435035777_4884402870426318443_n-150x150.jpg\" class=\"attachment-thumbnail size-thumbnail\" alt=\"\" srcset=\"https:\/\/www.radiopiu.net\/wordpress\/wp-content\/uploads\/2021\/03\/157205981_2952210435035777_4884402870426318443_n-150x150.jpg 150w, https:\/\/www.radiopiu.net\/wordpress\/wp-content\/uploads\/2021\/03\/157205981_2952210435035777_4884402870426318443_n-300x300.jpg 300w, https:\/\/www.radiopiu.net\/wordpress\/wp-content\/uploads\/2021\/03\/157205981_2952210435035777_4884402870426318443_n.jpg 600w\" sizes=\"auto, (max-width: 150px) 100vw, 150px\" \/><\/a>\n\t\t\t\t<\/dt><\/dl><dl class='gallery-item'>\n\t\t\t\t<dt class='gallery-icon landscape'>\n\t\t\t\t\t<a class=\"rollover rollover-zoom dt-pswp-item\" title=\"156808451_2952210341702453_2725761182685465758_n\" data-dt-img-description=\"\" data-large_image_width=\"600\" data-large_image_height=\"600\"href='https:\/\/www.radiopiu.net\/wordpress\/wp-content\/uploads\/2021\/03\/156808451_2952210341702453_2725761182685465758_n.jpg'><img loading=\"lazy\" decoding=\"async\" width=\"150\" height=\"150\" src=\"https:\/\/www.radiopiu.net\/wordpress\/wp-content\/uploads\/2021\/03\/156808451_2952210341702453_2725761182685465758_n-150x150.jpg\" class=\"attachment-thumbnail size-thumbnail\" alt=\"\" srcset=\"https:\/\/www.radiopiu.net\/wordpress\/wp-content\/uploads\/2021\/03\/156808451_2952210341702453_2725761182685465758_n-150x150.jpg 150w, https:\/\/www.radiopiu.net\/wordpress\/wp-content\/uploads\/2021\/03\/156808451_2952210341702453_2725761182685465758_n-300x300.jpg 300w, https:\/\/www.radiopiu.net\/wordpress\/wp-content\/uploads\/2021\/03\/156808451_2952210341702453_2725761182685465758_n.jpg 600w\" sizes=\"auto, (max-width: 150px) 100vw, 150px\" \/><\/a>\n\t\t\t\t<\/dt><\/dl><dl class='gallery-item'>\n\t\t\t\t<dt class='gallery-icon landscape'>\n\t\t\t\t\t<a class=\"rollover rollover-zoom dt-pswp-item\" title=\"156719585_2952210365035784_7597508318086727056_n\" data-dt-img-description=\"\" data-large_image_width=\"600\" data-large_image_height=\"600\"href='https:\/\/www.radiopiu.net\/wordpress\/wp-content\/uploads\/2021\/03\/156719585_2952210365035784_7597508318086727056_n.jpg'><img loading=\"lazy\" decoding=\"async\" width=\"150\" height=\"150\" src=\"https:\/\/www.radiopiu.net\/wordpress\/wp-content\/uploads\/2021\/03\/156719585_2952210365035784_7597508318086727056_n-150x150.jpg\" class=\"attachment-thumbnail size-thumbnail\" alt=\"\" srcset=\"https:\/\/www.radiopiu.net\/wordpress\/wp-content\/uploads\/2021\/03\/156719585_2952210365035784_7597508318086727056_n-150x150.jpg 150w, https:\/\/www.radiopiu.net\/wordpress\/wp-content\/uploads\/2021\/03\/156719585_2952210365035784_7597508318086727056_n-300x300.jpg 300w, https:\/\/www.radiopiu.net\/wordpress\/wp-content\/uploads\/2021\/03\/156719585_2952210365035784_7597508318086727056_n.jpg 600w\" sizes=\"auto, (max-width: 150px) 100vw, 150px\" \/><\/a>\n\t\t\t\t<\/dt><\/dl><dl class='gallery-item'>\n\t\t\t\t<dt class='gallery-icon landscape'>\n\t\t\t\t\t<a class=\"rollover rollover-zoom dt-pswp-item\" title=\"156768189_2952210395035781_2474172446900032087_n\" data-dt-img-description=\"\" data-large_image_width=\"600\" data-large_image_height=\"600\"href='https:\/\/www.radiopiu.net\/wordpress\/wp-content\/uploads\/2021\/03\/156768189_2952210395035781_2474172446900032087_n.jpg'><img loading=\"lazy\" decoding=\"async\" width=\"150\" height=\"150\" src=\"https:\/\/www.radiopiu.net\/wordpress\/wp-content\/uploads\/2021\/03\/156768189_2952210395035781_2474172446900032087_n-150x150.jpg\" class=\"attachment-thumbnail size-thumbnail\" alt=\"\" srcset=\"https:\/\/www.radiopiu.net\/wordpress\/wp-content\/uploads\/2021\/03\/156768189_2952210395035781_2474172446900032087_n-150x150.jpg 150w, https:\/\/www.radiopiu.net\/wordpress\/wp-content\/uploads\/2021\/03\/156768189_2952210395035781_2474172446900032087_n-300x300.jpg 300w, https:\/\/www.radiopiu.net\/wordpress\/wp-content\/uploads\/2021\/03\/156768189_2952210395035781_2474172446900032087_n.jpg 600w\" sizes=\"auto, (max-width: 150px) 100vw, 150px\" \/><\/a>\n\t\t\t\t<\/dt><\/dl><br style=\"clear: both\" \/>\n\t\t\t<\/div>\n\n<p>&nbsp;<\/p>\n<\/div>\n<div dir=\"auto\"><\/div>\n<p>&nbsp;<\/p>\n<hr \/>\n<blockquote>\n<h3><\/h3>\n<h3>NERO SU &#8220;BIANCHI&#8221; L&#8217;ORDINANZA SUGLI ESAMI DI GIUGNO<\/h3>\n<\/blockquote>\n<p><strong><a href=\"https:\/\/www.radiopiu.net\/wordpress\/nero-su-bianchi-lordinanza-sugli-esami-di-giugno\/math-5247958_960_720\/\" rel=\"attachment wp-att-195120\"><img loading=\"lazy\" decoding=\"async\" class=\" wp-image-195120 alignleft\" src=\"https:\/\/www.radiopiu.net\/wordpress\/wp-content\/uploads\/2021\/03\/math-5247958_960_720-300x200.jpg\" alt=\"\" width=\"213\" height=\"142\" srcset=\"https:\/\/www.radiopiu.net\/wordpress\/wp-content\/uploads\/2021\/03\/math-5247958_960_720-300x200.jpg 300w, https:\/\/www.radiopiu.net\/wordpress\/wp-content\/uploads\/2021\/03\/math-5247958_960_720-768x512.jpg 768w, https:\/\/www.radiopiu.net\/wordpress\/wp-content\/uploads\/2021\/03\/math-5247958_960_720.jpg 960w\" sizes=\"auto, (max-width: 213px) 100vw, 213px\" \/><\/a>ROMA<\/strong>\u00a0Il Ministro dell\u2019Istruzione, Professor Patrizio Bianchi, ha firmato le Ordinanze sugli Esami di Stato del primo e del secondo ciclo di istruzione e sulle modalit\u00e0 di nomina e costituzione delle Commissioni. Le Ordinanze definiscono gli Esami di giugno, tenendo conto dell\u2019emergenza sanitaria e del suo impatto sulla vita scolastica e del Paese. Sia per il primo che per il secondo ciclo, l\u2019Esame avr\u00e0 una prova orale, in presenza, che partir\u00e0 dalla discussione di un elaborato il cui argomento sar\u00e0 assegnato alle studentesse e agli studenti dal Consiglio di classe nei mesi che precedono l\u2019Esame stesso, affinch\u00e9 possano curarne attentamente gli sviluppi, affiancati da un loro insegnante. Nella scuola secondaria di secondo grado l\u2019elaborato riguarder\u00e0 le discipline caratterizzanti l\u2019indirizzo di studi. Le Ordinanze sono state firmate dopo essere state sottoposte al parere del Consiglio superiore della Pubblica Istruzione. I testi sono disponibili sul sito del Ministero dell\u2019Istruzione, con i relativi allegati.<\/p>\n<p>&nbsp;<\/p>\n<hr \/>\n<p>&nbsp;<\/p>\n<blockquote>\n<h3>IL PD SI CHIEDE CHE FINE ABBIA FATTO LA APP &#8220;ZERO COVID VENETO&#8221;<\/h3>\n<\/blockquote>\n<p><strong><a href=\"https:\/\/www.radiopiu.net\/wordpress\/a-giorni-lapplicazione-zero-covid-veneto\/app-immuni-696x470\/\" rel=\"attachment wp-att-171604\"><img loading=\"lazy\" decoding=\"async\" class=\"size-medium wp-image-171604 alignleft\" src=\"https:\/\/www.radiopiu.net\/wordpress\/wp-content\/uploads\/2020\/11\/app-immuni-696x470-1-300x203.jpg\" alt=\"\" width=\"300\" height=\"203\" srcset=\"https:\/\/www.radiopiu.net\/wordpress\/wp-content\/uploads\/2020\/11\/app-immuni-696x470-1-300x203.jpg 300w, https:\/\/www.radiopiu.net\/wordpress\/wp-content\/uploads\/2020\/11\/app-immuni-696x470-1.jpg 696w\" sizes=\"auto, (max-width: 300px) 100vw, 300px\" \/><\/a>VENEZIA <\/strong><span class=\"s1\">\u201c<em>Ancora una volta gli annunci roboanti di Zaia rimangono disattesi. Ancora una volta le sue promesse in pompa magna non vengono mantenute. Questa volta sull\u2019app \u2018Zero Covid Veneto\u2019, uno dei primi provvedimenti della nuova legislatura, annunciata a reti unificate lo scorso autunno, con urgenza e senza troppe spiegazioni. Serviva fare in fretta perch\u00e9, anche su questo, Zaia, responsabile di non aver attivato Immuni, era gi\u00e0 pronto con una soluzione a sua detta migliore. Sono stati stanziati 260mila euro a novembre e sembrava essere gi\u00e0 pronta. Ma in realt\u00e0 \u00e8 scomparsa dai radar. Che fine ha fatto?<\/em>\u201d. La denuncia \u00e8 della vice capogruppo del Partito Democratico Vanessa Camani, prima firmataria di un\u2019interrogazione. <\/span><strong>IERI IL PRESIDENTE LUCA ZAIA IN CONFERENZA STAMPA: <\/strong><em>\u00e8 stata fatta, poi visto il crescere dell&#8217;infezione a novembre e dicembre \u00e8 stato deciso di non attivarla perch\u00e9 avrebbe creato solo confusione, adesso vedremo di capire a che punto sia<\/em><\/p>\n<p>&nbsp;<\/p>\n<hr \/>\n<p>&nbsp;<\/p>\n<blockquote>\n<h3>ESASPERATI SONO PRONTI A MANIFESTARE IN MANIERA RUMOROSA<\/h3>\n<\/blockquote>\n<h3 style=\"text-align: right;\">\u00a0I RIMBALZI DI RESPONSABILITA&#8217;<\/h3>\n<p><strong><img loading=\"lazy\" decoding=\"async\" class=\"alignleft\" src=\"https:\/\/www.radiopiu.net\/wordpress\/wp-content\/uploads\/2021\/03\/Lincrocio-di-Sagrogna-che-esce-dalla-zona-industriale.jpg\" width=\"147\" height=\"110\" \/><\/strong><\/p>\n<p>&nbsp;<\/p>\n<p><strong>DI MORENO GIOLI\u00a0<\/strong><\/p>\n<p><strong>BELLUNO<\/strong><\/p>\n<audio class=\"wp-audio-shortcode\" id=\"audio-194966-3\" preload=\"none\" style=\"width: 100%;\" controls=\"controls\"><source type=\"audio\/mpeg\" src=\"https:\/\/www.radiopiu.net\/wordpress\/wp-content\/uploads\/2021\/03\/MORENO-LEVEGO.mp3?_=3\" \/><a href=\"https:\/\/www.radiopiu.net\/wordpress\/wp-content\/uploads\/2021\/03\/MORENO-LEVEGO.mp3\">https:\/\/www.radiopiu.net\/wordpress\/wp-content\/uploads\/2021\/03\/MORENO-LEVEGO.mp3<\/a><\/audio>\n<p>&nbsp;<\/p>\n<h1><span style=\"color: #ff0000;\">IERI ALLA RADIO\u00a0\u00a0<\/span><\/h1>\n<p>&nbsp;<\/p>\n<p>&nbsp;<\/p>\n<blockquote>\n<h3>ROTATORIE DI LEVEGO E SAGROGNA LA MISURA E&#8217; COLMA<\/h3>\n<\/blockquote>\n<p><strong>RADIO PIU&#8217;<\/strong> Riceviamo e pubblichiamo una lettera del Comitato Cittadino di Levego e Sagrogna che presenta il problema sulle rotatorie<\/p>\n<blockquote><p><em>Siamo stufi di aspettare, dopo due anni in cui abbiamo solamente sentito delle promesse e nulla dal punto di vista concreto. Nessuna vera risposta sul problema di sicurezza legato alle rotatorie, mentre sono stati installati con grandissima velocit\u00e0 i due autovelox prima e dopo l\u2019abitato. La misura \u00e8 davvero colma e non escludiamo quindi delle azioni di protesta. Facciamo comunque un po\u2019 di cronistoria sulla vicenda. A ottobre 2019 i cittadini di Levego e Sagrogna hanno sottoscritto una petizione con oltre 150 firmatari (praticamente uno per famiglia) per la messa in sicurezza dei due accessi verso Levego Alta e Sagrogna. A seguito di questo, alcuni rappresentanti di questa petizione erano andati in consiglio comunale dove tutti, opposizione e giunta, hanno convenuto sulla necessit\u00e0 di sistemare la Sp1, soprattutto sul pericoloso ed osceno incrocio, ormai provvisorio da una ventina di anni di Levego. Abbiamo da l\u00ec assistito ad un continuo rimbalzo di responsabilit\u00e0 tra comune e provincia, fino a vedere addirittura sbucare una mezza rotonda di dubbia utilit\u00e0 nella zona artigianale &#8220;fantasma&#8221; di Levego. La provincia ha in seguito chiarito che, entro i confini frazionali, la parola spetta al Sindaco Massaro, ma ha ribadito la sua disponibilit\u00e0 a collaborare all\u2019intervento che loro stessi giudicavano necessario. Si \u00e8 arrivati ad una ipotesi di sfruttare la rotonda \u201cfantasma\u201d, ma ormai costruita perch\u00e9 finanziata da privati, sistemando l\u2019incrocio di Levego con l\u2019obbligo di svolta a destra e la realizzazione di una corsia di decelerazione per chi, arrivando da Ponte nelle Alpi, \u00a0\u00a0svolta a sinistra verso Levego Alta. A febbraio 2020 era allo studio la fattibilit\u00e0 di questo intervento, insieme alla realizzazione pi\u00f9 semplice della rotonda di Sagrogna, da cui escono moltissimi mezzi dalla zona industriale. Poi, a marzo 2020 il Covid 19 ha paralizzato la situazione che, tra l\u2019altro vede ancora chiuso il ponte adiacente sulla strada per Castion. Poi i lavori sono ripresi ovunque. Fortogna sta per avere la sua rotonda, allora nemmeno accennata, mentre dei privati ne stanno terminando una in via Vittorio Veneto, zona dalla viabilit\u00e0 ben pi\u00f9 critica di quella di Levego, pi\u00f9 difficile e scomoda da realizzare, oltrech\u00e9 vicinissima alle due di via Medaglie d\u2019Oro e Nogar\u00e8, una vicinanza che ci dicevano non essere gradita a Veneto Strade. Ma a Levego tutto tace e si susseguono sempre scuse. I cittadini si chiedono se serve manifestare in maniera pi\u00f9 rumorosa, con mezzi che diano fastidio alle istituzioni, per essere considerati. E si chiedono se l\u2019autovelox messo a inizio frazione, che castiga i residenti a 5 km all\u2019ora sopra il limite, sia prevenzione o l&#8217;ennesima offesa alla trascurata frazione! <\/em><strong><em>Il comitato cittadini di Levego e Sagrogna\u00a0<\/em><\/strong><\/p><\/blockquote>\n<p>&nbsp;<\/p>\n<p>&nbsp;<\/p>\n<blockquote>\n<h2><img loading=\"lazy\" decoding=\"async\" class=\"alignleft\" src=\"https:\/\/www.radiopiu.net\/wordpress\/wp-content\/uploads\/2020\/03\/JACOPO-MASSARO.jpg\" width=\"192\" height=\"133\" \/>MASSARO RISPONDE AI CITTADINI DI LEVEGO E SAGROGNA<\/h2>\n<\/blockquote>\n<p><strong>BELLUNO<\/strong> Il servizio corrispondenza da e per il palazzo comunale \u00e8 tutt&#8217;altra cosa rispetto a quello postale. Giusto il tempo di leggerla e il sindaco ha gi\u00e0 risposto ai cittadini.<\/p>\n<audio class=\"wp-audio-shortcode\" id=\"audio-194966-4\" preload=\"none\" style=\"width: 100%;\" controls=\"controls\"><source type=\"audio\/mpeg\" src=\"https:\/\/www.radiopiu.net\/wordpress\/wp-content\/uploads\/2021\/03\/massaro.mp3?_=4\" \/><a href=\"https:\/\/www.radiopiu.net\/wordpress\/wp-content\/uploads\/2021\/03\/massaro.mp3\">https:\/\/www.radiopiu.net\/wordpress\/wp-content\/uploads\/2021\/03\/massaro.mp3<\/a><\/audio>\n<p>&nbsp;<\/p>\n\n\t\t\t<style type='text\/css'>\n\t\t\t\t#gallery-6 {\n\t\t\t\t\tmargin: auto;\n\t\t\t\t}\n\t\t\t\t#gallery-6 .gallery-item {\n\t\t\t\t\tfloat: left;\n\t\t\t\t\tmargin-top: 10px;\n\t\t\t\t\ttext-align: center;\n\t\t\t\t\twidth: 20%;\n\t\t\t\t}\n\t\t\t\t#gallery-6 img {\n\t\t\t\t\tborder: 2px solid #cfcfcf;\n\t\t\t\t}\n\t\t\t\t#gallery-6 .gallery-caption {\n\t\t\t\t\tmargin-left: 0;\n\t\t\t\t}\n\t\t\t\t\/* see gallery_shortcode() in wp-includes\/media.php *\/\n\t\t\t<\/style>\n\t\t<div id='gallery-6' class='dt-gallery-container gallery galleryid-194966 gallery-columns-5 gallery-size-thumbnail'><dl class='gallery-item'>\n\t\t\t\t<dt class='gallery-icon landscape'>\n\t\t\t\t\t<a class=\"rollover rollover-zoom dt-pswp-item\" title=\"incrocio che dalla Sp1 porta a Levego Alta arrivando da Ponte nelle Alpi\" data-dt-img-description=\"\" data-large_image_width=\"2000\" data-large_image_height=\"1500\"href='https:\/\/www.radiopiu.net\/wordpress\/wp-content\/uploads\/2021\/03\/incrocio-che-dalla-Sp1-porta-a-Levego-Alta-arrivando-da-Ponte-nelle-Alpi.jpg'><img loading=\"lazy\" decoding=\"async\" width=\"150\" height=\"150\" src=\"https:\/\/www.radiopiu.net\/wordpress\/wp-content\/uploads\/2021\/03\/incrocio-che-dalla-Sp1-porta-a-Levego-Alta-arrivando-da-Ponte-nelle-Alpi-150x150.jpg\" class=\"attachment-thumbnail size-thumbnail\" alt=\"\" \/><\/a>\n\t\t\t\t<\/dt><\/dl><dl class='gallery-item'>\n\t\t\t\t<dt class='gallery-icon landscape'>\n\t\t\t\t\t<a class=\"rollover rollover-zoom dt-pswp-item\" title=\"Incrocio che dalla Sp1 porta a Levego Alta\" data-dt-img-description=\"\" data-large_image_width=\"2000\" data-large_image_height=\"1500\"href='https:\/\/www.radiopiu.net\/wordpress\/wp-content\/uploads\/2021\/03\/Incrocio-che-dalla-Sp1-porta-a-Levego-Alta.jpg'><img loading=\"lazy\" decoding=\"async\" width=\"150\" height=\"150\" src=\"https:\/\/www.radiopiu.net\/wordpress\/wp-content\/uploads\/2021\/03\/Incrocio-che-dalla-Sp1-porta-a-Levego-Alta-150x150.jpg\" class=\"attachment-thumbnail size-thumbnail\" alt=\"\" \/><\/a>\n\t\t\t\t<\/dt><\/dl><dl class='gallery-item'>\n\t\t\t\t<dt class='gallery-icon landscape'>\n\t\t\t\t\t<a class=\"rollover rollover-zoom dt-pswp-item\" title=\"L&#039;incrocio di Sagrogna che esce dalla zona industriale 1\" data-dt-img-description=\"\" data-large_image_width=\"2000\" data-large_image_height=\"1500\"href='https:\/\/www.radiopiu.net\/wordpress\/wp-content\/uploads\/2021\/03\/Lincrocio-di-Sagrogna-che-esce-dalla-zona-industriale-1.jpg'><img loading=\"lazy\" decoding=\"async\" width=\"150\" height=\"150\" src=\"https:\/\/www.radiopiu.net\/wordpress\/wp-content\/uploads\/2021\/03\/Lincrocio-di-Sagrogna-che-esce-dalla-zona-industriale-1-150x150.jpg\" class=\"attachment-thumbnail size-thumbnail\" alt=\"\" \/><\/a>\n\t\t\t\t<\/dt><\/dl><dl class='gallery-item'>\n\t\t\t\t<dt class='gallery-icon landscape'>\n\t\t\t\t\t<a class=\"rollover rollover-zoom dt-pswp-item\" title=\"L&#039;incrocio di Sagrogna che esce dalla zona industriale\" data-dt-img-description=\"\" data-large_image_width=\"2000\" data-large_image_height=\"1500\"href='https:\/\/www.radiopiu.net\/wordpress\/wp-content\/uploads\/2021\/03\/Lincrocio-di-Sagrogna-che-esce-dalla-zona-industriale.jpg'><img loading=\"lazy\" decoding=\"async\" width=\"150\" height=\"150\" src=\"https:\/\/www.radiopiu.net\/wordpress\/wp-content\/uploads\/2021\/03\/Lincrocio-di-Sagrogna-che-esce-dalla-zona-industriale-150x150.jpg\" class=\"attachment-thumbnail size-thumbnail\" alt=\"\" \/><\/a>\n\t\t\t\t<\/dt><\/dl><dl class='gallery-item'>\n\t\t\t\t<dt class='gallery-icon landscape'>\n\t\t\t\t\t<a class=\"rollover rollover-zoom dt-pswp-item\" title=\"La rotatoria inutile che porta alla zona industriale fantasma di levego\" data-dt-img-description=\"\" data-large_image_width=\"2000\" data-large_image_height=\"1500\"href='https:\/\/www.radiopiu.net\/wordpress\/wp-content\/uploads\/2021\/03\/La-rotatoria-inutile-che-porta-alla-zona-industriale-fantasma-di-levego.jpg'><img loading=\"lazy\" decoding=\"async\" width=\"150\" height=\"150\" src=\"https:\/\/www.radiopiu.net\/wordpress\/wp-content\/uploads\/2021\/03\/La-rotatoria-inutile-che-porta-alla-zona-industriale-fantasma-di-levego-150x150.jpg\" class=\"attachment-thumbnail size-thumbnail\" alt=\"\" \/><\/a>\n\t\t\t\t<\/dt><\/dl><br style=\"clear: both\" \/>\n\t\t\t<\/div>\n\n<p>&nbsp;<\/p>\n<p>&nbsp;<\/p>\n<hr \/>\n<p>&nbsp;<\/p>\n<blockquote>\n<h3>PROGETTO ANTISPOPOLAMENTO RONCE 2020<\/h3>\n<\/blockquote>\n<p><strong><a href=\"https:\/\/www.radiopiu.net\/wordpress\/giornale-radiopiu-06-maggio-2020-direttore-mirko-mezzacasa\/giannone-6\/\" rel=\"attachment wp-att-135337\"><img loading=\"lazy\" decoding=\"async\" class=\" wp-image-135337 alignleft\" src=\"https:\/\/www.radiopiu.net\/wordpress\/wp-content\/uploads\/2020\/05\/GIANNONE.jpg\" alt=\"\" width=\"97\" height=\"146\" \/><\/a>BELLUNO <\/strong>I progetti portati avanti, i temi sui quali insistere maggiormente, i prossimi obbiettivi: a fare il punto sull&#8217;attivit\u00e0 del progetto Ronce 2020, ideato dall&#8217;associazione Belluno Alpina e sottoposto nel 2019 all&#8217;attenzione dell&#8217;amministrazione Massaro, \u00e8 l&#8217;assessore Biagio Giannone, coordinatore del tavolo antispopolamento che vede partecipare oltre al Comune capoluogo anche le realt\u00e0 confinanti e le associazioni del territorio. Il tavolo antispopolamento mira a contrastare l&#8217;abbandono delle Prealpi con interventi concreti, ma anche con iniziative di sostegno alla popolazione, e per questo sono molteplici i temi su cui lavorare<\/p>\n<p><strong>L&#8217;ASSESSORE DEL COMUNE DI BELLUNO BIAGIO GIANNONE<\/strong><\/p>\n<audio class=\"wp-audio-shortcode\" id=\"audio-194966-5\" preload=\"none\" style=\"width: 100%;\" controls=\"controls\"><source type=\"audio\/mpeg\" src=\"https:\/\/www.radiopiu.net\/wordpress\/wp-content\/uploads\/2021\/03\/GIANNONE-ANTISPOPOLAMENTO.mp3?_=5\" \/><a href=\"https:\/\/www.radiopiu.net\/wordpress\/wp-content\/uploads\/2021\/03\/GIANNONE-ANTISPOPOLAMENTO.mp3\">https:\/\/www.radiopiu.net\/wordpress\/wp-content\/uploads\/2021\/03\/GIANNONE-ANTISPOPOLAMENTO.mp3<\/a><\/audio>\n<p>&nbsp;<\/p>\n<p>&nbsp;<\/p>\n<hr \/>\n<p>&nbsp;<\/p>\n<blockquote>\n<h3>IL RESTAURO DI VENTINOVE SPADE, A PASQUA AL FULCIS<\/h3>\n<h3 style=\"text-align: right;\">Ci sono voluti vent&#8217;anni di trattative con i musei<\/h3>\n<\/blockquote>\n<p><strong><img loading=\"lazy\" decoding=\"async\" class=\"alignleft\" src=\"https:\/\/www.radiopiu.net\/wordpress\/wp-content\/uploads\/2018\/02\/FULCIS.jpg\" width=\"175\" height=\"99\" \/>BELLUNO<\/strong><\/p>\n<p><strong>MORENO GIOLI<\/strong><\/p>\n<audio class=\"wp-audio-shortcode\" id=\"audio-194966-6\" preload=\"none\" style=\"width: 100%;\" controls=\"controls\"><source type=\"audio\/mpeg\" src=\"https:\/\/www.radiopiu.net\/wordpress\/wp-content\/uploads\/2021\/03\/MORENO-FULCIS.mp3?_=6\" \/><a href=\"https:\/\/www.radiopiu.net\/wordpress\/wp-content\/uploads\/2021\/03\/MORENO-FULCIS.mp3\">https:\/\/www.radiopiu.net\/wordpress\/wp-content\/uploads\/2021\/03\/MORENO-FULCIS.mp3<\/a><\/audio>\n<p>&nbsp;<\/p>\n<p><strong>CARLO CAVALLI, CURATORE FULCIS\u00a0\u00a0<\/strong><\/p>\n<p>&nbsp;<\/p>\n<audio class=\"wp-audio-shortcode\" id=\"audio-194966-7\" preload=\"none\" style=\"width: 100%;\" controls=\"controls\"><source type=\"audio\/mpeg\" src=\"https:\/\/www.radiopiu.net\/wordpress\/wp-content\/uploads\/2021\/03\/carlo-cavalli-curatore-teatro-fulcis.mp3?_=7\" \/><a href=\"https:\/\/www.radiopiu.net\/wordpress\/wp-content\/uploads\/2021\/03\/carlo-cavalli-curatore-teatro-fulcis.mp3\">https:\/\/www.radiopiu.net\/wordpress\/wp-content\/uploads\/2021\/03\/carlo-cavalli-curatore-teatro-fulcis.mp3<\/a><\/audio>\n<p>&nbsp;<\/p>\n<p><strong>BEATRICE FALCONI, LA RESTAURATRICE DELLE SPADE<\/strong><\/p>\n<audio class=\"wp-audio-shortcode\" id=\"audio-194966-8\" preload=\"none\" style=\"width: 100%;\" controls=\"controls\"><source type=\"audio\/mpeg\" src=\"https:\/\/www.radiopiu.net\/wordpress\/wp-content\/uploads\/2021\/03\/BEATRICE-FALCONI-RESTAURATRICE-SPADEs.mp3?_=8\" \/><a href=\"https:\/\/www.radiopiu.net\/wordpress\/wp-content\/uploads\/2021\/03\/BEATRICE-FALCONI-RESTAURATRICE-SPADEs.mp3\">https:\/\/www.radiopiu.net\/wordpress\/wp-content\/uploads\/2021\/03\/BEATRICE-FALCONI-RESTAURATRICE-SPADEs.mp3<\/a><\/audio>\n<p>\u200b<\/p>\n<p>&nbsp;<\/p>\n<p>&nbsp;<\/p>\n<hr \/>\n<p>&nbsp;<\/p>\n<blockquote>\n<h3>SOSTEGNO FINANZIARIO AGLI STUDENTI UNIVERSITARI PER L\u2019ATTIVIT\u00c0 A DISTANZA: IL COMUNE DI ALPAGO METTE A DISPOSIZIONE UN FONDO DI 30 MILA EURO<\/h3>\n<\/blockquote>\n<p><strong><a href=\"https:\/\/www.radiopiu.net\/wordpress\/alpago-buoni-spesa-per-lemergenza-covid-19-ad-oggi-accolte-circa-50-richieste-ed-erogati-quasi-16-mila-euro-ancora-alcuni-giorni-per-la-domanda-in-comune\/alpago-stemma\/\" rel=\"attachment wp-att-132463\"><img loading=\"lazy\" decoding=\"async\" class=\"size-medium wp-image-132463 alignleft\" src=\"https:\/\/www.radiopiu.net\/wordpress\/wp-content\/uploads\/2020\/04\/Alpago-Stemma-218x300.png\" alt=\"\" width=\"218\" height=\"300\" srcset=\"https:\/\/www.radiopiu.net\/wordpress\/wp-content\/uploads\/2020\/04\/Alpago-Stemma-218x300.png 218w, https:\/\/www.radiopiu.net\/wordpress\/wp-content\/uploads\/2020\/04\/Alpago-Stemma.png 364w\" sizes=\"auto, (max-width: 218px) 100vw, 218px\" \/><\/a>ALPAGO <\/strong>Lo stato di emergenza provocato dalla pandemia in atto ha determinato grosse difficolt\u00e0 e uno stravolgimento dell\u2019attivit\u00e0 di studio, oltre che per gli allievi pi\u00f9 piccoli, anche per i giovani che frequentano le universit\u00e0. A sostegno del loro percorso di apprendimento, nella maggior parte dei casi effettuato in modalit\u00e0 \u201ca distanza\u201d, il Comune di Alpago ha messo a deciso di mettere a disposizione un fondo pari complessivamente a 30 mila euro. La cifra sar\u00e0 erogata sotto forma di contributi a fondo perduto per l\u2019acquisto di sussidi informatici quali notebook, PC, tablet (esclusi telefoni cellulari), dotati di microfono e videocamera e strumenti di connettivit\u00e0 (saponetta, router, ecc.). Potranno accedere ai contributi tutti gli studenti universitari residenti nel Comune di Alpago iscritti all&#8217;anno accademico 2020-2021o che, avendo concluso il proprio corso alla data di presentazione della domanda, siano stati iscritti all&#8217;anno accademico 2019-2020. Le domande potranno essere presentate durante il mese di aprile secondo le modalit\u00e0 indicate nel bando, gi\u00e0 pubblicato sul sito internet del Comune di Alpago. Saranno ammesse al sostegno le spese sostenute tra l\u201901 marzo 2020 e il 31 marzo 2021; l\u2019importo del contributo sar\u00e0 pari al 50% della spesa sostenuta (IVA inclusa) sino ad un massimo di 150 euro.<\/p>\n<p>&nbsp;<\/p>\n<hr \/>\n<p>&nbsp;<\/p>\n<blockquote>\n<h3>ALLA &#8220;LUZZO&#8221; SONO INIZIATI I LAVORI DA 162 MILA EURO SULLA COPERTURA<\/h3>\n<\/blockquote>\n<p><strong><a href=\"https:\/\/www.radiopiu.net\/wordpress\/alla-luzzo-sono-iniziati-i-lavori-da-162-mila-euro-sulla-copertura\/ex-scuola-luzzo\/\" rel=\"attachment wp-att-195105\"><img loading=\"lazy\" decoding=\"async\" class=\"size-medium wp-image-195105 alignleft\" src=\"https:\/\/www.radiopiu.net\/wordpress\/wp-content\/uploads\/2021\/03\/Ex-scuola-Luzzo-300x169.jpg\" alt=\"\" width=\"300\" height=\"169\" srcset=\"https:\/\/www.radiopiu.net\/wordpress\/wp-content\/uploads\/2021\/03\/Ex-scuola-Luzzo-300x169.jpg 300w, https:\/\/www.radiopiu.net\/wordpress\/wp-content\/uploads\/2021\/03\/Ex-scuola-Luzzo-1024x576.jpg 1024w, https:\/\/www.radiopiu.net\/wordpress\/wp-content\/uploads\/2021\/03\/Ex-scuola-Luzzo-768x432.jpg 768w, https:\/\/www.radiopiu.net\/wordpress\/wp-content\/uploads\/2021\/03\/Ex-scuola-Luzzo-1536x864.jpg 1536w, https:\/\/www.radiopiu.net\/wordpress\/wp-content\/uploads\/2021\/03\/Ex-scuola-Luzzo.jpg 2048w\" sizes=\"auto, (max-width: 300px) 100vw, 300px\" \/><\/a>FELTRE<\/strong>\u00a0 Sono iniziati\u00a0 i lavori del rifacimento parziale della copertura dell&#8217;ex scuola \u201cLuzzo\u201d di via Rizzarda. L&#8217;edificio \u00e8 uno di quelli\u00a0 gravemente danneggiati dalla tempesta Vaia. Il quadro economico dei lavori prevede una spesa complessiva di 126.500 euro (pi\u00f9 35.500 per oneri). La copertura finanziaria \u00e8 garantita per 110 mila euro da fondi derivanti dai ristori dell&#8217;emergenza del 2018 e per la parte restante dalle coperture assicurative. Procede l&#8217;iter per aprire la ex scuola Luzzo alle associazioni di volontariato feltrine. A breve sar\u00e0 reso noto il bando d\u2019avviso per la manifestazione d\u2019interesse per la futura consegna delle stanze alle associazioni che ne faranno richiesta\u00a0<em> &#8220;L&#8217;obiettivo &#8211; dice Manuel Sacchet presidente del consiglio comunale &#8211;\u00a0 \u00e8 rendere consegnere le stanze alle\u00a0 associazioni, una volta terminati i lavori e perfezionato l&#8217;iter di riconsegna dell&#8217;immobile da parte della Provincia&#8221;.\u00a0<\/em><\/p>\n<p><span style=\"color: #ff0000;\"><strong><a href=\"https:\/\/www.radiopiu.net\/wordpress\/giornale-radiopiu-26-luglio-2019-direttore-mirko-mezzacasa\/adis-zatta-5\/\" rel=\"attachment wp-att-93052\"><img loading=\"lazy\" decoding=\"async\" class=\"wp-image-93052 alignleft\" src=\"https:\/\/www.radiopiu.net\/wordpress\/wp-content\/uploads\/2019\/07\/Adis-Zatta-300x200.jpg\" alt=\"\" width=\"155\" height=\"103\" srcset=\"https:\/\/www.radiopiu.net\/wordpress\/wp-content\/uploads\/2019\/07\/Adis-Zatta-300x200.jpg 300w, https:\/\/www.radiopiu.net\/wordpress\/wp-content\/uploads\/2019\/07\/Adis-Zatta-768x512.jpg 768w, https:\/\/www.radiopiu.net\/wordpress\/wp-content\/uploads\/2019\/07\/Adis-Zatta-1024x683.jpg 1024w\" sizes=\"auto, (max-width: 155px) 100vw, 155px\" \/><\/a><\/strong><\/span><\/p>\n<p>&nbsp;<\/p>\n<p><span style=\"color: #ff0000;\"><strong>L&#8217;ASSESSORE ADIS ZATTA\u00a0<\/strong><\/span><\/p>\n<audio class=\"wp-audio-shortcode\" id=\"audio-194966-9\" preload=\"none\" style=\"width: 100%;\" controls=\"controls\"><source type=\"audio\/mpeg\" src=\"https:\/\/www.radiopiu.net\/wordpress\/wp-content\/uploads\/2021\/03\/zatta.mp3?_=9\" \/><a href=\"https:\/\/www.radiopiu.net\/wordpress\/wp-content\/uploads\/2021\/03\/zatta.mp3\">https:\/\/www.radiopiu.net\/wordpress\/wp-content\/uploads\/2021\/03\/zatta.mp3<\/a><\/audio>\n<p>&nbsp;<\/p>\n<p>&nbsp;<\/p>\n<hr \/>\n<p>&nbsp;<\/p>\n<blockquote>\n<h3><strong>LAVORO. DONAZZAN VISITA IL DISTRETTO DELL\u2019OCCHIALERIA DI LONGARONE\u00a0<\/strong><\/h3>\n<p><em>Il settore dell\u2019occhialeria risulta, insieme a quelli del turismo e della moda, tra i pi\u00f9 colpiti dagli effetti della pandemia.<\/em><\/p><\/blockquote>\n<p><strong><a href=\"https:\/\/www.radiopiu.net\/wordpress\/93727-2\/its-2019-5926\/\" rel=\"attachment wp-att-93761\"><img loading=\"lazy\" decoding=\"async\" class=\" wp-image-93761 alignleft\" src=\"https:\/\/www.radiopiu.net\/wordpress\/wp-content\/uploads\/2019\/07\/ITS-2019-5926-300x200.jpg\" alt=\"\" width=\"234\" height=\"156\" srcset=\"https:\/\/www.radiopiu.net\/wordpress\/wp-content\/uploads\/2019\/07\/ITS-2019-5926-300x200.jpg 300w, https:\/\/www.radiopiu.net\/wordpress\/wp-content\/uploads\/2019\/07\/ITS-2019-5926-768x512.jpg 768w, https:\/\/www.radiopiu.net\/wordpress\/wp-content\/uploads\/2019\/07\/ITS-2019-5926-1024x683.jpg 1024w, https:\/\/www.radiopiu.net\/wordpress\/wp-content\/uploads\/2019\/07\/ITS-2019-5926.jpg 1500w\" sizes=\"auto, (max-width: 234px) 100vw, 234px\" \/><\/a>LONGARONE\u00a0<\/strong> Giornata dedicata al mondo dell\u2019occhialeria per l\u2019assessore regionale al lavoro Elena Donazzan che \u00e8 stata in visita ad alcune tra le pi\u00f9 importanti aziende del distretto dell\u2019occhialeria di Longarone\u00a0 tra cui Thelios, De Rigo, Fedon 1919, Blackfin. Obiettivo della serie di incontri e confronti \u00e8 stato fare il punto della situazione del settore. Il settore dell\u2019occhialeria sta vivendo una situazione di grande delicatezza. La pandemia ha portato alla chiusura del mercato, della libera circolazione delle merci e delle persone, riducendo il potere d\u2019acquisto. Tutto questo per un settore incentrato su un bene, l\u2019occhiale, nel quale l\u2019Italia, ma soprattutto il Veneto ed in particolare il distretto dell\u2019occhialeria bellunese, che coincide con l\u2019intero territorio, sono leader mondiali, le aziende del distretto stanno facendo i conti con una situazione particolarmente delicata. L\u2019assessore regionale al lavoro ha annunciato che riconvocher\u00e0 gli Stati Generali dell\u2019Occhialeria entro un paio di settimane. <em>\u201cPer un confronto\u00a0 \u2013 conclude Donazzan \u2013 sulle misure che la Regione metter\u00e0 a disposizione sul fronte del lavoro e dell\u2019occupazione dopo un attento lavoro di ascolto, condivisione e ragionamenti di prospettiva\u201d.<\/em><\/p>\n<p>&nbsp;<\/p>\n<p>&nbsp;<\/p>\n<hr \/>\n<p>&nbsp;<\/p>\n<blockquote>\n<h3>COMMISSIONI INVALIDI CIVILI: AFFIDATI 4 INCARICHI IN LIBERA PROFESSIONE<\/h3>\n<\/blockquote>\n<p><strong>BELLUNO<\/strong> L\u2019unit\u00e0 Operativa di Medicina Legale dell\u2019Ulss Dolomiti ha avviato una serie di strategie per accelerare la valutazione delle pratiche in carico alla Commissione Invalidi Civili. Sono stati affidati 4 incarichi in libera professionale a medici specialisti per facilitare lo smaltimento delle pratiche in sospeso: 2 professionisti hanno gi\u00e0 preso servizio, altri due sono in procinto di farlo. Oltre alla valutazione della pratiche sugli atti \u00e8 stato aumentato il numero di pratiche viste per ogni seduta (almeno 20 persone\/seduta, corrispondenti a circa 35-40 pratiche per seduta).<\/p>\n<p>&nbsp;<\/p>\n<hr \/>\n<blockquote>\n<h3><\/h3>\n<h3>ASCA ALLA RICERCA DI UN ISTRUTTORE AMMINISTRATIVO ADDETTO AL PERSONALE E INFERMIERI<\/h3>\n<\/blockquote>\n<p><strong><a href=\"https:\/\/www.radiopiu.net\/wordpress\/asca-ricerca-personale-infermieristico\/asca-4\/\" rel=\"attachment wp-att-128881\"><img loading=\"lazy\" decoding=\"async\" class=\" wp-image-128881 alignleft\" src=\"https:\/\/www.radiopiu.net\/wordpress\/wp-content\/uploads\/2020\/04\/ASCA-300x165.png\" alt=\"\" width=\"224\" height=\"123\" srcset=\"https:\/\/www.radiopiu.net\/wordpress\/wp-content\/uploads\/2020\/04\/ASCA-300x165.png 300w, https:\/\/www.radiopiu.net\/wordpress\/wp-content\/uploads\/2020\/04\/ASCA-1024x565.png 1024w, https:\/\/www.radiopiu.net\/wordpress\/wp-content\/uploads\/2020\/04\/ASCA-768x424.png 768w, https:\/\/www.radiopiu.net\/wordpress\/wp-content\/uploads\/2020\/04\/ASCA.png 1211w\" sizes=\"auto, (max-width: 224px) 100vw, 224px\" \/><\/a><\/strong><\/p>\n<p>&nbsp;<\/p>\n<p><strong>di GIANNI SANTOMASO<\/strong><\/p>\n<audio class=\"wp-audio-shortcode\" id=\"audio-194966-10\" preload=\"none\" style=\"width: 100%;\" controls=\"controls\"><source type=\"audio\/mpeg\" src=\"https:\/\/www.radiopiu.net\/wordpress\/wp-content\/uploads\/2021\/03\/GIANNI-RSA.mp3?_=10\" \/><a href=\"https:\/\/www.radiopiu.net\/wordpress\/wp-content\/uploads\/2021\/03\/GIANNI-RSA.mp3\">https:\/\/www.radiopiu.net\/wordpress\/wp-content\/uploads\/2021\/03\/GIANNI-RSA.mp3<\/a><\/audio>\n<p>&nbsp;<\/p>\n<p>&nbsp;<\/p>\n<hr \/>\n<p>&nbsp;<\/p>\n<blockquote>\n<h3>UNIONE MONTANA ON LINE, STASERA DALLA SALA DON TAMIS<\/h3>\n<p><strong>AGORDO<\/strong><\/p><\/blockquote>\n<p><strong>DI GIANNI SANTOMASO\u00a0<\/strong><\/p>\n<audio class=\"wp-audio-shortcode\" id=\"audio-194966-11\" preload=\"none\" style=\"width: 100%;\" controls=\"controls\"><source type=\"audio\/mpeg\" src=\"https:\/\/www.radiopiu.net\/wordpress\/wp-content\/uploads\/2021\/03\/GIANNI-UNIONE.mp3?_=11\" \/><a href=\"https:\/\/www.radiopiu.net\/wordpress\/wp-content\/uploads\/2021\/03\/GIANNI-UNIONE.mp3\">https:\/\/www.radiopiu.net\/wordpress\/wp-content\/uploads\/2021\/03\/GIANNI-UNIONE.mp3<\/a><\/audio>\n<p>&nbsp;<\/p>\n<p>&nbsp;<\/p>\n<hr \/>\n<p>&nbsp;<\/p>\n<blockquote>\n<h3>IN CONSIGLIO ANCHE PER LA VERIFICA DELLE AREE FABBRICABILI<\/h3>\n<\/blockquote>\n<p><strong><a href=\"https:\/\/www.radiopiu.net\/wordpress\/feb01010112\/th-25\/\" rel=\"attachment wp-att-188402\"><img loading=\"lazy\" decoding=\"async\" class=\"wp-image-188402 alignleft\" src=\"https:\/\/www.radiopiu.net\/wordpress\/wp-content\/uploads\/2021\/02\/th.jpg\" alt=\"\" width=\"140\" height=\"97\" \/><\/a>COLLE SANTA LUCIA<\/strong> Domani mattina alle 7.30 consiglio comunale convocato dal sindaco Paolo Frena. Quindici punti all&#8217;ordine del giorno, comunicazioni del sindaco comprese. Regolamenti, approvazione di programmi a bilanci, verifica delle aree edificabili, Documento Unico di Programmazione tra gli argomenti principali.<\/p>\n<p>&nbsp;<\/p>\n<p>&nbsp;<\/p>\n<hr \/>\n<p>&nbsp;<\/p>\n<blockquote>\n<h3>LE PROPOSTE PER LA MODIFICA DEL PIANO DEGLI INTERVENTI<\/h3>\n<\/blockquote>\n<p><strong><a href=\"https:\/\/www.radiopiu.net\/wordpress\/consiglio-comunale-di-falcade-registrazione-integrale-durata-1h33m\/falcade-3-2\/\" rel=\"attachment wp-att-163179\"><img loading=\"lazy\" decoding=\"async\" class=\"wp-image-163179 alignleft\" src=\"https:\/\/www.radiopiu.net\/wordpress\/wp-content\/uploads\/2020\/09\/FALCADE-3-300x225.jpg\" alt=\"\" width=\"133\" height=\"100\" srcset=\"https:\/\/www.radiopiu.net\/wordpress\/wp-content\/uploads\/2020\/09\/FALCADE-3-300x225.jpg 300w, https:\/\/www.radiopiu.net\/wordpress\/wp-content\/uploads\/2020\/09\/FALCADE-3-768x576.jpg 768w, https:\/\/www.radiopiu.net\/wordpress\/wp-content\/uploads\/2020\/09\/FALCADE-3-640x480.jpg 640w, https:\/\/www.radiopiu.net\/wordpress\/wp-content\/uploads\/2020\/09\/FALCADE-3.jpg 960w\" sizes=\"auto, (max-width: 133px) 100vw, 133px\" \/><\/a>FALCADE<\/strong>\u00a0 <em>&#8220;Il Comune di Falcade comunica che \u00e8 stato pubblicato un importante <u>AVVISO\u00a0per la\u00a0presentazione delle proposte per la modifica del Piano degli Interventi<\/u>, a firma del Sindaco Michele Costa,\u00a0 l<\/em><em>&#8216;avviso \u00e8 pubblicato e scaricabile dal sito internet del Comune di Falcade. <\/em><em>Le proposte dovranno pervenire entro e non oltre il 18 marzo 2021&#8243;<\/em><\/p>\n<p>&nbsp;<\/p>\n<p>&nbsp;<\/p>\n<hr \/>\n<p>&nbsp;<\/p>\n<blockquote>\n<h3>DOPPIO APPUNTAMENTO CON LE LETTURE IN STREAMING &#8220;SOTTOCOPERTA&#8221;<\/h3>\n<\/blockquote>\n<p><strong>LIMANA<\/strong> Continuano gli appuntamenti della biblioteca di Limana con &#8220;SottoCoperta&#8221;, la serie di appuntamenti in streaming con le letture online. Domenica alle 18 &#8220;Strapazzami Una Storia&#8221;, con Margherita Piccin e Michele Guidi di Progetto Teatro X Tutti. Lettura, narrazione e musica. Storie conosciute, famose, nascoste, storie storte e storie fosche, storie ascoltate narrate in una piazza o in una via, dite la vostra che io ho gi\u00e0 detto la mia. Tra un salto in un mondo senza tempo e un altro, vi frulleremo in un vortice di fiabe di suoni e di voci per bambini dai 4 anni in su. Luned\u00ec alle 21 &#8220;Il Corpo Che Parla&#8221;, con la Compagnia La luna al guinzaglio di Trieste. Una lettura spettacolo, nonostante tutto, che difende l&#8217;amore. Quello vero. Per la vita. Quell&#8217;amore che non si deve mai associare alla parola &#8220;troppo&#8221;, perch\u00e8 il &#8220;troppo amore&#8221; non \u00e8 gi\u00e0 pi\u00f9 amore, ma una distorsione. Uno spettacolo poetico, delicato e forte allo stesso tempo, perch\u00e8 contrappone in ogni sua piega, fra ricordi e sogni infranti, la pienezza di una giovane vita, che ormai non \u00e8 pi\u00f9 vita. Per seguire le dirette streaming prenotate il vostro link alla mail: <a class=\"moz-txt-link-abbreviated\" title=\"mailto:sbogo.limana@valbelluna.bl.it\" href=\"mailto:sbogo.limana@valbelluna.bl.it\">sbogo.limana@valbelluna.bl.it<\/a> entro le ore 12.00 di sabato 6 marzo indicando nome, cognome e recapito telefonico.<\/p>\n\n\t\t\t<style type='text\/css'>\n\t\t\t\t#gallery-7 {\n\t\t\t\t\tmargin: auto;\n\t\t\t\t}\n\t\t\t\t#gallery-7 .gallery-item {\n\t\t\t\t\tfloat: left;\n\t\t\t\t\tmargin-top: 10px;\n\t\t\t\t\ttext-align: center;\n\t\t\t\t\twidth: 50%;\n\t\t\t\t}\n\t\t\t\t#gallery-7 img {\n\t\t\t\t\tborder: 2px solid #cfcfcf;\n\t\t\t\t}\n\t\t\t\t#gallery-7 .gallery-caption {\n\t\t\t\t\tmargin-left: 0;\n\t\t\t\t}\n\t\t\t\t\/* see gallery_shortcode() in wp-includes\/media.php *\/\n\t\t\t<\/style>\n\t\t<div id='gallery-7' class='dt-gallery-container gallery galleryid-194966 gallery-columns-2 gallery-size-medium'><dl class='gallery-item'>\n\t\t\t\t<dt class='gallery-icon landscape'>\n\t\t\t\t\t<a class=\"rollover rollover-zoom dt-pswp-item\" title=\"Letture domenica 7 marzo\" data-dt-img-description=\"\" data-large_image_width=\"772\" data-large_image_height=\"403\"href='https:\/\/www.radiopiu.net\/wordpress\/wp-content\/uploads\/2021\/03\/Letture-domenica-7-marzo.png'><img loading=\"lazy\" decoding=\"async\" width=\"300\" height=\"157\" src=\"https:\/\/www.radiopiu.net\/wordpress\/wp-content\/uploads\/2021\/03\/Letture-domenica-7-marzo-300x157.png\" class=\"attachment-medium size-medium\" alt=\"\" srcset=\"https:\/\/www.radiopiu.net\/wordpress\/wp-content\/uploads\/2021\/03\/Letture-domenica-7-marzo-300x157.png 300w, https:\/\/www.radiopiu.net\/wordpress\/wp-content\/uploads\/2021\/03\/Letture-domenica-7-marzo-768x401.png 768w, https:\/\/www.radiopiu.net\/wordpress\/wp-content\/uploads\/2021\/03\/Letture-domenica-7-marzo.png 772w\" sizes=\"auto, (max-width: 300px) 100vw, 300px\" \/><\/a>\n\t\t\t\t<\/dt><\/dl><dl class='gallery-item'>\n\t\t\t\t<dt class='gallery-icon landscape'>\n\t\t\t\t\t<a class=\"rollover rollover-zoom dt-pswp-item\" title=\"Spettacolo per 8 marzo\" data-dt-img-description=\"\" data-large_image_width=\"772\" data-large_image_height=\"403\"href='https:\/\/www.radiopiu.net\/wordpress\/wp-content\/uploads\/2021\/03\/Spettacolo-per-8-marzo.jpg'><img loading=\"lazy\" decoding=\"async\" width=\"300\" height=\"157\" src=\"https:\/\/www.radiopiu.net\/wordpress\/wp-content\/uploads\/2021\/03\/Spettacolo-per-8-marzo-300x157.jpg\" class=\"attachment-medium size-medium\" alt=\"\" srcset=\"https:\/\/www.radiopiu.net\/wordpress\/wp-content\/uploads\/2021\/03\/Spettacolo-per-8-marzo-300x157.jpg 300w, https:\/\/www.radiopiu.net\/wordpress\/wp-content\/uploads\/2021\/03\/Spettacolo-per-8-marzo-768x401.jpg 768w, https:\/\/www.radiopiu.net\/wordpress\/wp-content\/uploads\/2021\/03\/Spettacolo-per-8-marzo.jpg 772w\" sizes=\"auto, (max-width: 300px) 100vw, 300px\" \/><\/a>\n\t\t\t\t<\/dt><\/dl><br style=\"clear: both\" \/>\n\t\t\t<\/div>\n\n<p>&nbsp;<\/p>\n<p>&nbsp;<\/p>\n<hr \/>\n<p>&nbsp;<\/p>\n<blockquote>\n<h3 align=\"CENTER\"><span style=\"font-family: Times New Roman, serif;\"><span style=\"font-size: medium;\"><b>FONDO AMBIENTE ITALIANO &#8211; DELEGAZIONE DI BELLUNO<\/b><\/span><\/span><\/h3>\n<h3 align=\"CENTER\"><span style=\"font-family: Times New Roman, serif;\"><span style=\"font-size: medium;\"><b>Ciclo di visite virtuali sul tema<\/b><\/span><\/span><i style=\"font-size: medium; font-family: 'Times New Roman', serif;\"><b>La Piave: storie di uomini, acqua e legno<\/b><\/i><\/h3>\n<\/blockquote>\n<p align=\"JUSTIFY\"><span style=\"font-family: Times New Roman, serif;\"><span style=\"font-size: medium;\"><strong>BELLUNO<\/strong> Dopo il successo dell&#8217;incontro online con Erminio Mazzucco e del \u201cGiro in Villa\u201d\u00a0 la delegazione bellunese del Fondo Ambiente Italiano ha deciso di proporre un grande evento organizzato attraverso visite virtuali a luoghi e musei legati al tema della fluitazione delle zattere ed ai beni che su queste venivano caricati e trasportati a Venezia: <\/span><\/span><span style=\"font-family: Times New Roman, serif;\"><span style=\"font-size: medium;\"><i>La Piave: storie di uomini, acqua e legno<\/i><\/span><\/span><span style=\"font-family: Times New Roman, serif;\"><span style=\"font-size: medium;\">. <\/span><\/span><span style=\"font-family: Times New Roman, serif;\"><span style=\"font-size: medium;\">Gli incontri si svolgeranno il marted\u00ec, con cadenza bisettimanale. Il percorso inizier\u00e0 da Perarolo di Cadore, con una visita virtuale del Museo del Cidolo e del legname, il prossimo Marted\u00ec 9 marzo alle 18.30. <\/span><\/span><span style=\"font-family: Times New Roman, serif;\"><span style=\"font-size: medium;\">La visita sar\u00e0 condotta da Annamaria Canepa, operatrice culturale originaria proprio di Perarolo, appassionata ed esperta conoscitrice di questo paese dal passato ricco e operoso.\u00a0<\/span><\/span><span style=\"font-family: Times New Roman, serif;\"><span style=\"font-size: medium;\">L&#8217;incontro \u00e8 aperto a tutti ma \u00e8 necessario prenotarsi obbligatoriamente sul sito\u00a0<a href=\"https:\/\/faiprenotazioni.fondoambiente.it\/\">https:\/\/faiprenotazioni.fondoambiente.it\/<\/a> <\/span><\/span><\/p>\n<h3><\/h3>\n<p>&nbsp;<\/p>\n<hr \/>\n<p>&nbsp;<\/p>\n<h3>\u00a0CERCASI FARMACISTI-COLLABORATORI AD AGORDO<\/h3>\n<p><strong><img loading=\"lazy\" decoding=\"async\" class=\"alignleft\" src=\"https:\/\/www.radiopiu.net\/wordpress\/wp-content\/uploads\/2020\/06\/e557474c-a46e-408a-ad77-242a0f3ef7c9.jpg\" width=\"62\" height=\"83\" \/>AGORDO<\/strong> L&#8217;Azienda Speciale Agordo Servizi ha indetto una selezione per la copertura di due posti e tempo pieno (40 ore) come Farmacista-collaboratore di primo livello. Il candidato dovr\u00e0 essere in grado di svolgere attivit\u00e0 ad elevato contenuto professionale di natura sanitaria o tecnica amministrativa in condizione di ampia autonomia. Le domande devono essere presentate entro le 12 del 3 marzo. Di seguito tutti i particolari compreso il calendario della prova che sar\u00e0 pubblicato sul sito agordofarmaciacomunale.it<\/p>\n<p>&nbsp;<\/p>\n<p>&nbsp;<\/p>\n<hr \/>\n<p>&nbsp;<\/p>\n<blockquote>\n<h3>NUOVI ORARI CALL CENTER COVID DAL 1\u00b0 FEBBRAIO 2021<\/h3>\n<\/blockquote>\n<p><strong><a href=\"https:\/\/www.radiopiu.net\/wordpress\/giornale-radiopiu-26-gennaio-2021-direttore-mirko-mezzacasa\/numero-covid_febbraio-2021\/\" rel=\"attachment wp-att-186852\"><img loading=\"lazy\" decoding=\"async\" class=\"wp-image-186852 alignleft\" src=\"https:\/\/www.radiopiu.net\/wordpress\/wp-content\/uploads\/2021\/01\/numero-covid_febbraio-2021-300x212.jpg\" alt=\"\" width=\"202\" height=\"143\" srcset=\"https:\/\/www.radiopiu.net\/wordpress\/wp-content\/uploads\/2021\/01\/numero-covid_febbraio-2021-300x212.jpg 300w, https:\/\/www.radiopiu.net\/wordpress\/wp-content\/uploads\/2021\/01\/numero-covid_febbraio-2021-1024x724.jpg 1024w, https:\/\/www.radiopiu.net\/wordpress\/wp-content\/uploads\/2021\/01\/numero-covid_febbraio-2021-768x543.jpg 768w, https:\/\/www.radiopiu.net\/wordpress\/wp-content\/uploads\/2021\/01\/numero-covid_febbraio-2021-1536x1086.jpg 1536w, https:\/\/www.radiopiu.net\/wordpress\/wp-content\/uploads\/2021\/01\/numero-covid_febbraio-2021.jpg 2000w\" sizes=\"auto, (max-width: 202px) 100vw, 202px\" \/><\/a> <\/strong><\/p>\n<p><strong>\u00a0<\/strong><\/p>\n<p><strong>BELLUNO <\/strong>L&#8217;importante rallentamento epidemico registrato nelle ultime settimane e la conseguente forte riduzione delle telefonate con richiesta di informazioni da parte dei cittadini, consentono di rimodulare giorni ed orari di attivit\u00e0 del CALL CENTER COVID Dal 1\u00b0 febbraio 2021 lo 0437\/514343 sar\u00e0 attivo dalle 8 alle 18 da luned\u00ec a sabato.<\/p>\n<p>&nbsp;<\/p>\n<p>&nbsp;<\/p>\n<p>&nbsp;<\/p>\n<hr \/>\n<p>&nbsp;<\/p>\n<blockquote>\n<h3>A MARZO PRO LOCO DI CANALE D&#8217;AGORDO CHIUSA<\/h3>\n<\/blockquote>\n<p><strong>CANALE D&#8217;AGORDO <\/strong>Durante il mese di marzo l&#8217;ufficio pro loco rimarr\u00e0 chiuso. Il Museo Albino Luciani apre solo SU RICHIESTA E PRENOTAZIONE allo 0437 1948001 (WhatsApp 377 9665237) oppure via mail a <a title=\"mailto:info@fondazionepapaluciani.com\" href=\"mailto:info@fondazionepapaluciani.com\">info@fondazionepapaluciani.com<\/a>.<\/p>\n<p>&nbsp;<\/p>\n<p>&nbsp;<\/p>\n<hr \/>\n<p>&nbsp;<\/p>\n<p>&nbsp;<\/p>\n<p>&nbsp;<\/p>\n<p>&nbsp;<\/p>\n<p>&nbsp;<\/p>\n<hr \/>\n<blockquote>\n<h3><a href=\"https:\/\/www.radiopiu.net\/wordpress\/almanacco-ladino-puntata-5-2020\/sn\/\" rel=\"attachment wp-att-180931\"><img loading=\"lazy\" decoding=\"async\" class=\"wp-image-180931 alignleft\" src=\"https:\/\/www.radiopiu.net\/wordpress\/wp-content\/uploads\/2020\/12\/sn-300x194.jpg\" alt=\"\" width=\"181\" height=\"117\" srcset=\"https:\/\/www.radiopiu.net\/wordpress\/wp-content\/uploads\/2020\/12\/sn-300x194.jpg 300w, https:\/\/www.radiopiu.net\/wordpress\/wp-content\/uploads\/2020\/12\/sn.jpg 626w\" sizes=\"auto, (max-width: 181px) 100vw, 181px\" \/><\/a>L&#8217;ALMANACCO LADINO CON L&#8217;ISTITUT CESA DE JAN QUINDICINALE APPUNTAMENTO. LA DOMENICA ALLE 9 IL LUNEDI ALLE 8.35 IL MARTEDI ALLE 12.35 IL MERCOLEDI ALLE 18.35. SECONDA STAGIONE.<\/h3>\n<\/blockquote>\n<p><strong>LA PUNTATA DELLA SETTIMANA<\/strong><\/p>\n<audio class=\"wp-audio-shortcode\" id=\"audio-194966-12\" preload=\"none\" style=\"width: 100%;\" controls=\"controls\"><source type=\"audio\/mpeg\" src=\"https:\/\/www.radiopiu.net\/wordpress\/wp-content\/uploads\/2021\/03\/53\u00b0-Almanacco-Ladino_Fodom.mp3?_=12\" \/><a href=\"https:\/\/www.radiopiu.net\/wordpress\/wp-content\/uploads\/2021\/03\/53\u00b0-Almanacco-Ladino_Fodom.mp3\">https:\/\/www.radiopiu.net\/wordpress\/wp-content\/uploads\/2021\/03\/53\u00b0-Almanacco-Ladino_Fodom.mp3<\/a><\/audio>\n<p><strong>RACCOLTA COMPLETA\u00a0<\/strong><\/p>\n<blockquote class=\"wp-embedded-content\" data-secret=\"qdFKbJbUg1\"><p><a href=\"https:\/\/www.radiopiu.net\/wordpress\/almanacco-ladino\/\">Almanacco Ladino<\/a><\/p><\/blockquote>\n<p><iframe loading=\"lazy\" class=\"wp-embedded-content\" sandbox=\"allow-scripts\" security=\"restricted\" style=\"position: absolute; clip: rect(1px, 1px, 1px, 1px);\" title=\"&#8220;Almanacco Ladino&#8221; &#8212; Radio Pi\u00f9\" src=\"https:\/\/www.radiopiu.net\/wordpress\/almanacco-ladino\/embed\/#?secret=qdFKbJbUg1\" data-secret=\"qdFKbJbUg1\" width=\"600\" height=\"338\" frameborder=\"0\" marginwidth=\"0\" marginheight=\"0\" scrolling=\"no\"><\/iframe><\/p>\n<hr \/>\n<p>&nbsp;<\/p>\n<blockquote>\n<h3>SALUTE E SOCIETA&#8217; IL LUNEDI ALLE 13.10 E ALLE 20.10, LA DOMENICA ALLE 10.30 A CURA DEL DOTTOR MARCO CARACCIOLO. QUINTA STAGIONE<\/h3>\n<\/blockquote>\n<p><strong>LA PUNTATA DELLA SETTIMANA<\/strong><\/p>\n<p>Con l\u2019adozione del protocollo di cura \u2018treat-to-target\u2019 si ha una probabilit\u00e0 superiore del 50% di raggiungere la remissione dell\u2019artrite reumatoide. Non solo: le persone sottoposte a questo regime raggiungono l\u2019obiettivo della remissione quasi 4 volte pi\u00f9 velocemente di quelli trattati con regimi di trattamento meno sistematici. Danilo Magliano ne ha parlato con Luca Quartuccio, Professore di reumatologia, Universit\u00e0 degli Studi di Udine<\/p>\n<audio class=\"wp-audio-shortcode\" id=\"audio-194966-13\" preload=\"none\" style=\"width: 100%;\" controls=\"controls\"><source type=\"audio\/mpeg\" src=\"https:\/\/www.radiopiu.net\/wordpress\/wp-content\/uploads\/2020\/10\/SALUTE-5.mp3?_=13\" \/><a href=\"https:\/\/www.radiopiu.net\/wordpress\/wp-content\/uploads\/2020\/10\/SALUTE-5.mp3\">https:\/\/www.radiopiu.net\/wordpress\/wp-content\/uploads\/2020\/10\/SALUTE-5.mp3<\/a><\/audio>\n<h3><strong>LA RACCOLTA COMPLETA\u00a0<\/strong><\/h3>\n<blockquote class=\"wp-embedded-content\" data-secret=\"U9tOyx8xhU\"><p><a href=\"https:\/\/www.radiopiu.net\/wordpress\/saluteesocieta\/\">Salute e Societ\u00e0<\/a><\/p><\/blockquote>\n<p><iframe loading=\"lazy\" class=\"wp-embedded-content\" sandbox=\"allow-scripts\" security=\"restricted\" style=\"position: absolute; clip: rect(1px, 1px, 1px, 1px);\" title=\"&#8220;Salute e Societ\u00e0&#8221; &#8212; Radio Pi\u00f9\" src=\"https:\/\/www.radiopiu.net\/wordpress\/saluteesocieta\/embed\/#?secret=U9tOyx8xhU\" data-secret=\"U9tOyx8xhU\" width=\"600\" height=\"338\" frameborder=\"0\" marginwidth=\"0\" marginheight=\"0\" scrolling=\"no\"><\/iframe><\/p>\n<p>&nbsp;<\/p>\n<hr \/>\n<div>\n<h2><span style=\"color: #000080;\"><a class=\"dt-pswp-item\" href=\"https:\/\/www.radiopiu.net\/wordpress\/wp-content\/uploads\/2020\/10\/pp.jpg\" data-dt-img-description=\"\" data-large_image_width=\"640\" data-large_image_height=\"640\"><img loading=\"lazy\" decoding=\"async\" class=\"wp-image-163678 alignleft\" src=\"https:\/\/www.radiopiu.net\/wordpress\/wp-content\/uploads\/2020\/10\/pp-300x300.jpg\" alt=\"\" width=\"106\" height=\"106\" srcset=\"https:\/\/www.radiopiu.net\/wordpress\/wp-content\/uploads\/2020\/10\/pp-300x300.jpg 300w, https:\/\/www.radiopiu.net\/wordpress\/wp-content\/uploads\/2020\/10\/pp-150x150.jpg 150w, https:\/\/www.radiopiu.net\/wordpress\/wp-content\/uploads\/2020\/10\/pp-125x125.jpg 125w, https:\/\/www.radiopiu.net\/wordpress\/wp-content\/uploads\/2020\/10\/pp-200x200.jpg 200w, https:\/\/www.radiopiu.net\/wordpress\/wp-content\/uploads\/2020\/10\/pp-80x80.jpg 80w, https:\/\/www.radiopiu.net\/wordpress\/wp-content\/uploads\/2020\/10\/pp-480x480.jpg 480w, https:\/\/www.radiopiu.net\/wordpress\/wp-content\/uploads\/2020\/10\/pp.jpg 640w\" sizes=\"auto, (max-width: 106px) 100vw, 106px\" \/><\/a><\/span><\/h2>\n<h2><span style=\"color: #000080;\">DON CESARE, IL PENSIERO DEL GIORNO. ALLA RADIO ALLE 7 DEL MATTINO E ALLE 19.30 DELLA SERA.\u00a0\u00a0<\/span><\/h2>\n<\/div>\n<p>&nbsp;<\/p>\n<p>&nbsp;<\/p>\n<audio class=\"wp-audio-shortcode\" id=\"audio-194966-14\" preload=\"none\" style=\"width: 100%;\" controls=\"controls\"><source type=\"audio\/mpeg\" src=\"https:\/\/www.radiopiu.net\/wordpress\/wp-content\/uploads\/2021\/03\/CESARE-1.mp3?_=14\" \/><a href=\"https:\/\/www.radiopiu.net\/wordpress\/wp-content\/uploads\/2021\/03\/CESARE-1.mp3\">https:\/\/www.radiopiu.net\/wordpress\/wp-content\/uploads\/2021\/03\/CESARE-1.mp3<\/a><\/audio>\n<blockquote class=\"wp-embedded-content\" data-secret=\"ILIkJHn7PH\"><p><a href=\"https:\/\/www.radiopiu.net\/wordpress\/le-chiese-di-borca-di-cadore-nel-libro-di-vittorio-bolcato-di-renato-bona\/\">LE CHIESE DI BORCA DI CADORE NEL LIBRO DI VITTORIO BOLCATO di  RENATO BONA<\/a><\/p><\/blockquote>\n<p><iframe loading=\"lazy\" class=\"wp-embedded-content\" sandbox=\"allow-scripts\" security=\"restricted\" style=\"position: absolute; clip: rect(1px, 1px, 1px, 1px);\" title=\"&#8220;LE CHIESE DI BORCA DI CADORE NEL LIBRO DI VITTORIO BOLCATO di  RENATO BONA&#8221; &#8212; Radio Pi\u00f9\" src=\"https:\/\/www.radiopiu.net\/wordpress\/le-chiese-di-borca-di-cadore-nel-libro-di-vittorio-bolcato-di-renato-bona\/embed\/#?secret=ILIkJHn7PH\" data-secret=\"ILIkJHn7PH\" width=\"600\" height=\"338\" frameborder=\"0\" marginwidth=\"0\" marginheight=\"0\" scrolling=\"no\"><\/iframe><\/p>\n<p>&nbsp;<\/p>\n<hr \/>\n<p>&nbsp;<\/p>\n<p>&nbsp;<\/p>\n<blockquote>\n<h3><a href=\"https:\/\/www.radiopiu.net\/wordpress\/giornale-radiopiu-06-febbraio-2019-direttore-mirko-mezzacasa\/logo_spi-cgil-800x445\/\" rel=\"attachment wp-att-75538\"><img loading=\"lazy\" decoding=\"async\" class=\"wp-image-75538 alignleft\" src=\"https:\/\/www.radiopiu.net\/wordpress\/wp-content\/uploads\/2019\/02\/Logo_Spi-CGIL-800x445-300x167.jpg\" alt=\"\" width=\"210\" height=\"117\" srcset=\"https:\/\/www.radiopiu.net\/wordpress\/wp-content\/uploads\/2019\/02\/Logo_Spi-CGIL-800x445-300x167.jpg 300w, https:\/\/www.radiopiu.net\/wordpress\/wp-content\/uploads\/2019\/02\/Logo_Spi-CGIL-800x445-768x427.jpg 768w, https:\/\/www.radiopiu.net\/wordpress\/wp-content\/uploads\/2019\/02\/Logo_Spi-CGIL-800x445.jpg 800w\" sizes=\"auto, (max-width: 210px) 100vw, 210px\" \/><\/a>ALLA RADIO, APPUNTAMENTO QUINDICINALE CON SPI-CGIL BELLUNO, IN STUDIO MARIA RITA GENTILIN<\/h3>\n<\/blockquote>\n<p><strong>di Claudio Fontanive\u00a0<\/strong><\/p>\n<p>&nbsp;<\/p>\n<p><span style=\"color: #ff0000;\"><strong>PUNTATA DEL 04 MARZO 2021<\/strong><\/span><\/p>\n<audio class=\"wp-audio-shortcode\" id=\"audio-194966-15\" preload=\"none\" style=\"width: 100%;\" controls=\"controls\"><source type=\"audio\/mpeg\" src=\"https:\/\/www.radiopiu.net\/wordpress\/wp-content\/uploads\/2021\/03\/spi-cigil-4-marzo.mp3?_=15\" \/><a href=\"https:\/\/www.radiopiu.net\/wordpress\/wp-content\/uploads\/2021\/03\/spi-cigil-4-marzo.mp3\">https:\/\/www.radiopiu.net\/wordpress\/wp-content\/uploads\/2021\/03\/spi-cigil-4-marzo.mp3<\/a><\/audio>\n<p>&nbsp;<\/p>\n<p>&nbsp;<\/p>\n<hr \/>\n<p>&nbsp;<\/p>\n<div>\n<p>&nbsp;<\/p>\n<blockquote>\n<h2><a href=\"https:\/\/www.radiopiu.net\/wordpress\/speciale-solidarieta-veneto\/solidarieta-veneto-3\/\" rel=\"attachment wp-att-134366\"><img loading=\"lazy\" decoding=\"async\" class=\"wp-image-134366 alignleft\" src=\"https:\/\/www.radiopiu.net\/wordpress\/wp-content\/uploads\/2020\/05\/solidariet\u00e0-veneto-300x210.jpg\" alt=\"\" width=\"102\" height=\"71\" srcset=\"https:\/\/www.radiopiu.net\/wordpress\/wp-content\/uploads\/2020\/05\/solidariet\u00e0-veneto-300x210.jpg 300w, https:\/\/www.radiopiu.net\/wordpress\/wp-content\/uploads\/2020\/05\/solidariet\u00e0-veneto-1024x717.jpg 1024w, https:\/\/www.radiopiu.net\/wordpress\/wp-content\/uploads\/2020\/05\/solidariet\u00e0-veneto-768x538.jpg 768w, https:\/\/www.radiopiu.net\/wordpress\/wp-content\/uploads\/2020\/05\/solidariet\u00e0-veneto.jpg 1373w\" sizes=\"auto, (max-width: 102px) 100vw, 102px\" \/><\/a>SOLIDARIETA&#8217; VENETO FONDO PENSIONE, IN ONDA IL PRIMO VENERDI DEL MESE ALLE 10.30 E ALLE 19.00 QUINTA STAGIONE<\/h2>\n<\/blockquote>\n<p><strong>AUDIO FEBBRAIO 2021<\/strong><\/p>\n<audio class=\"wp-audio-shortcode\" id=\"audio-194966-16\" preload=\"none\" style=\"width: 100%;\" controls=\"controls\"><source type=\"audio\/mpeg\" src=\"https:\/\/www.radiopiu.net\/wordpress\/wp-content\/uploads\/2021\/02\/solidarieta-veneto-febbraio.mp3?_=16\" \/><a href=\"https:\/\/www.radiopiu.net\/wordpress\/wp-content\/uploads\/2021\/02\/solidarieta-veneto-febbraio.mp3\">https:\/\/www.radiopiu.net\/wordpress\/wp-content\/uploads\/2021\/02\/solidarieta-veneto-febbraio.mp3<\/a><\/audio>\n<blockquote>\n<h2>RACCOLTA COMPLETA<\/h2>\n<\/blockquote>\n<blockquote class=\"wp-embedded-content\" data-secret=\"PVIo6bI40F\"><p><a href=\"https:\/\/www.radiopiu.net\/wordpress\/solidarieta-veneto\/\">Solidariet\u00e0 Veneto<\/a><\/p><\/blockquote>\n<p><iframe loading=\"lazy\" class=\"wp-embedded-content\" sandbox=\"allow-scripts\" security=\"restricted\" style=\"position: absolute; clip: rect(1px, 1px, 1px, 1px);\" title=\"&#8220;Solidariet\u00e0 Veneto&#8221; &#8212; Radio Pi\u00f9\" src=\"https:\/\/www.radiopiu.net\/wordpress\/solidarieta-veneto\/embed\/#?secret=PVIo6bI40F\" data-secret=\"PVIo6bI40F\" width=\"600\" height=\"338\" frameborder=\"0\" marginwidth=\"0\" marginheight=\"0\" scrolling=\"no\"><\/iframe><\/p>\n<p>&nbsp;<\/p>\n<hr \/>\n<\/div>\n<p>&nbsp;<\/p>\n<blockquote><p>&nbsp;<\/p><\/blockquote>\n<div>\n<h2><span style=\"color: #ff0000;\">ALLA RADIO<\/span><\/h2>\n<\/div>\n<div>\n<h2><strong>LE\u00a0 PUNTATE di Luisa Alchini di Leggermente Bellunesi, la domenica alle 11, <span style=\"color: #0000ff;\">IL MARTEDI IN PRIMA EDIZIONE\u00a0<\/span> alle 10.30 e alle 19.00<\/strong><\/h2>\n<\/div>\n<div>\n<p><strong><a href=\"https:\/\/www.radiopiu.net\/wordpress\/legger-mente-bellunesi-02-marzo-2021\/156828176_1598288807025847_358448174778964781_o\/\" rel=\"attachment wp-att-194538\"><img loading=\"lazy\" decoding=\"async\" class=\" wp-image-194538 alignleft\" src=\"https:\/\/www.radiopiu.net\/wordpress\/wp-content\/uploads\/2021\/03\/156828176_1598288807025847_358448174778964781_o-206x300.jpg\" alt=\"\" width=\"86\" height=\"125\" srcset=\"https:\/\/www.radiopiu.net\/wordpress\/wp-content\/uploads\/2021\/03\/156828176_1598288807025847_358448174778964781_o-206x300.jpg 206w, https:\/\/www.radiopiu.net\/wordpress\/wp-content\/uploads\/2021\/03\/156828176_1598288807025847_358448174778964781_o.jpg 685w\" sizes=\"auto, (max-width: 86px) 100vw, 86px\" \/><\/a><\/strong><\/p>\n<\/div>\n<div>\n<h3>La gloriosa carriera del perito minerario Gianni Rivis raccontata nel libro di ricordi.<\/h3>\n<p>&nbsp;<\/p>\n<\/div>\n<h2><\/h2>\n<audio class=\"wp-audio-shortcode\" id=\"audio-194966-17\" preload=\"none\" style=\"width: 100%;\" controls=\"controls\"><source type=\"audio\/mpeg\" src=\"https:\/\/www.radiopiu.net\/wordpress\/wp-content\/uploads\/2021\/03\/20leggermentegiannirivis2021.mp3?_=17\" \/><a href=\"https:\/\/www.radiopiu.net\/wordpress\/wp-content\/uploads\/2021\/03\/20leggermentegiannirivis2021.mp3\">https:\/\/www.radiopiu.net\/wordpress\/wp-content\/uploads\/2021\/03\/20leggermentegiannirivis2021.mp3<\/a><\/audio>\n<blockquote>\n<div>\n<h2><strong style=\"font-size: 14px;\"><span style=\"color: #000000;\">RACCOLTA COMPLETA<\/span><\/strong><\/h2>\n<\/div>\n<blockquote class=\"wp-embedded-content\" data-secret=\"X675cJOqy3\"><p><a href=\"https:\/\/www.radiopiu.net\/wordpress\/leggermente-20\/\">LEGGERmente&#8230;Bellunesi<\/a><\/p><\/blockquote>\n<p><iframe loading=\"lazy\" class=\"wp-embedded-content\" sandbox=\"allow-scripts\" security=\"restricted\" style=\"position: absolute; clip: rect(1px, 1px, 1px, 1px);\" title=\"&#8220;LEGGERmente&#8230;Bellunesi&#8221; &#8212; Radio Pi\u00f9\" src=\"https:\/\/www.radiopiu.net\/wordpress\/leggermente-20\/embed\/#?secret=X675cJOqy3\" data-secret=\"X675cJOqy3\" width=\"600\" height=\"338\" frameborder=\"0\" marginwidth=\"0\" marginheight=\"0\" scrolling=\"no\"><\/iframe><\/p>\n<p>&nbsp;<\/p><\/blockquote>\n<p>&nbsp;<\/p>\n<hr \/>\n<h2><\/h2>\n<h2><\/h2>\n<h2><span style=\"color: #ff0000;\"><strong><a href=\"https:\/\/www.radiopiu.net\/wordpress\/erbe-e-piante-curative-quinta-puntata\/ginepro\/\" rel=\"attachment wp-att-194542\"><img loading=\"lazy\" decoding=\"async\" class=\" wp-image-194542 alignleft\" src=\"https:\/\/www.radiopiu.net\/wordpress\/wp-content\/uploads\/2021\/03\/GINEPRO-300x215.jpg\" alt=\"\" width=\"142\" height=\"102\" srcset=\"https:\/\/www.radiopiu.net\/wordpress\/wp-content\/uploads\/2021\/03\/GINEPRO-300x215.jpg 300w, https:\/\/www.radiopiu.net\/wordpress\/wp-content\/uploads\/2021\/03\/GINEPRO-1024x735.jpg 1024w, https:\/\/www.radiopiu.net\/wordpress\/wp-content\/uploads\/2021\/03\/GINEPRO-768x551.jpg 768w, https:\/\/www.radiopiu.net\/wordpress\/wp-content\/uploads\/2021\/03\/GINEPRO.jpg 1280w\" sizes=\"auto, (max-width: 142px) 100vw, 142px\" \/><\/a><\/strong><\/span><\/h2>\n<h2><span style=\"color: #ff0000;\">ALLA RADIO<\/span><\/h2>\n<h2><span style=\"color: #008000;\">ERBE E PIANTE CURATIVE&#8230;IL\u00a0 PROGRAMMA DI PAOLA LANCIATO<\/span><\/h2>\n<p><strong>QUINTA PUNTATA &#8211; IL GINEPRO<\/strong><\/p>\n<audio class=\"wp-audio-shortcode\" id=\"audio-194966-18\" preload=\"none\" style=\"width: 100%;\" controls=\"controls\"><source type=\"audio\/mpeg\" src=\"https:\/\/www.radiopiu.net\/wordpress\/wp-content\/uploads\/2021\/03\/5-Il-ginepro-M.mp3?_=18\" \/><a href=\"https:\/\/www.radiopiu.net\/wordpress\/wp-content\/uploads\/2021\/03\/5-Il-ginepro-M.mp3\">https:\/\/www.radiopiu.net\/wordpress\/wp-content\/uploads\/2021\/03\/5-Il-ginepro-M.mp3<\/a><\/audio>\n<p>&nbsp;<\/p>\n<p><strong>LA RACCOLTA COMPLETA<\/strong><\/p>\n<blockquote class=\"wp-embedded-content\" data-secret=\"x8hbh089eW\"><p><a href=\"https:\/\/www.radiopiu.net\/wordpress\/erbe-e-piante-curative\/\">ERBE E PIANTE CURATIVE<\/a><\/p><\/blockquote>\n<p><iframe loading=\"lazy\" class=\"wp-embedded-content\" sandbox=\"allow-scripts\" security=\"restricted\" style=\"position: absolute; clip: rect(1px, 1px, 1px, 1px);\" title=\"&#8220;ERBE E PIANTE CURATIVE&#8221; &#8212; Radio Pi\u00f9\" src=\"https:\/\/www.radiopiu.net\/wordpress\/erbe-e-piante-curative\/embed\/#?secret=x8hbh089eW\" data-secret=\"x8hbh089eW\" width=\"600\" height=\"338\" frameborder=\"0\" marginwidth=\"0\" marginheight=\"0\" scrolling=\"no\"><\/iframe><\/p>\n<p>&nbsp;<\/p>\n<p>&nbsp;<\/p>\n<h2><\/h2>\n<hr \/>\n<blockquote>\n<blockquote><p>&nbsp;<\/p><\/blockquote>\n<h3 class=\"kvgmc6g5 cxmmr5t8 oygrvhab hcukyx3x c1et5uql\"><span style=\"color: #0000ff;\">INFORMAZIONE il canale su TELEGRAM informazione di prima mano e in tempo reale. iscriviti ed aiutaci a farlo conoscere\u00a0<\/span><\/h3>\n<\/blockquote>\n<p>&nbsp;<\/p>\n<h2>007 IN CONDOTTA CON LA PROF. MARIA ROSA SALMAZO IL LUNEDI ALLE 10,30 E ALLE 19.00 LA DOMENICA ALLE 8 DEL <img loading=\"lazy\" decoding=\"async\" class=\"alignleft\" src=\"https:\/\/www.radiopiu.net\/wordpress\/wp-content\/uploads\/2021\/02\/sci.jpg\" width=\"162\" height=\"108\" \/>MATTINO. NONA STAGIONE<\/h2>\n<p>&nbsp;<\/p>\n<p>&nbsp;<\/p>\n<p>&nbsp;<\/p>\n<p><span style=\"color: #ff0000;\"><strong>PUNTATA DEL 01 MARZO 2021<\/strong><\/span><\/p>\n<audio class=\"wp-audio-shortcode\" id=\"audio-194966-19\" preload=\"none\" style=\"width: 100%;\" controls=\"controls\"><source type=\"audio\/mpeg\" src=\"https:\/\/www.radiopiu.net\/wordpress\/wp-content\/uploads\/2021\/03\/007-1-marzo.mp3?_=19\" \/><a href=\"https:\/\/www.radiopiu.net\/wordpress\/wp-content\/uploads\/2021\/03\/007-1-marzo.mp3\">https:\/\/www.radiopiu.net\/wordpress\/wp-content\/uploads\/2021\/03\/007-1-marzo.mp3<\/a><\/audio>\n<h2>LA RACCOLTA COMPLETA<\/h2>\n<blockquote class=\"wp-embedded-content\" data-secret=\"tsYnrKllrG\"><p><a href=\"https:\/\/www.radiopiu.net\/wordpress\/007incondotta-9\/\">007 in condotta<\/a><\/p><\/blockquote>\n<p><iframe loading=\"lazy\" class=\"wp-embedded-content\" sandbox=\"allow-scripts\" security=\"restricted\" style=\"position: absolute; clip: rect(1px, 1px, 1px, 1px);\" title=\"&#8220;007 in condotta&#8221; &#8212; Radio Pi\u00f9\" src=\"https:\/\/www.radiopiu.net\/wordpress\/007incondotta-9\/embed\/#?secret=tsYnrKllrG\" data-secret=\"tsYnrKllrG\" width=\"600\" height=\"338\" frameborder=\"0\" marginwidth=\"0\" marginheight=\"0\" scrolling=\"no\"><\/iframe><\/p>\n<blockquote><p>&nbsp;<\/p>\n<p>&nbsp;<\/p>\n<p>&nbsp;<\/p><\/blockquote>\n<hr \/>\n<p>&nbsp;<\/p>\n<div>\n<h2><span style=\"color: #33cccc;\">I RACCONTI DI PAOLO SOPPELSA il lunedi alle 9.30 e 18.30<\/span><\/h2>\n<blockquote class=\"wp-embedded-content\" data-secret=\"uDOYvjqv2R\"><p><a href=\"https:\/\/www.radiopiu.net\/wordpress\/i-racconti-di-paolo-soppelsa-sessantaquattresima-puntata\/\">I RACCONTI DI PAOLO SOPPELSA SESSANTAQUATTRESIMA PUNTATA<\/a><\/p><\/blockquote>\n<p><iframe loading=\"lazy\" class=\"wp-embedded-content\" sandbox=\"allow-scripts\" security=\"restricted\" style=\"position: absolute; clip: rect(1px, 1px, 1px, 1px);\" title=\"&#8220;I RACCONTI DI PAOLO SOPPELSA SESSANTAQUATTRESIMA PUNTATA&#8221; &#8212; Radio Pi\u00f9\" src=\"https:\/\/www.radiopiu.net\/wordpress\/i-racconti-di-paolo-soppelsa-sessantaquattresima-puntata\/embed\/#?secret=uDOYvjqv2R\" data-secret=\"uDOYvjqv2R\" width=\"600\" height=\"338\" frameborder=\"0\" marginwidth=\"0\" marginheight=\"0\" scrolling=\"no\"><\/iframe><\/p>\n<h3 class=\"kvgmc6g5 cxmmr5t8 oygrvhab hcukyx3x c1et5uql\"><span style=\"color: #0000ff;\">INFORMAZIONE il canale su TELEGRAM informazione di prima mano e in tempo reale. iscriviti ed aiutaci a farlo conoscere\u00a0<\/span><\/h3>\n<h2><span style=\"color: #33cccc;\"><strong>RACCOLTA COMPLETA<\/strong><\/span><\/h2>\n<blockquote class=\"wp-embedded-content\" data-secret=\"Zds231zWvB\"><p><a href=\"https:\/\/www.radiopiu.net\/wordpress\/i-racconti-di-paolo-soppelsa\/\">I racconti di Paolo Soppelsa<\/a><\/p><\/blockquote>\n<p><iframe loading=\"lazy\" class=\"wp-embedded-content\" sandbox=\"allow-scripts\" security=\"restricted\" style=\"position: absolute; clip: rect(1px, 1px, 1px, 1px);\" title=\"&#8220;I racconti di Paolo Soppelsa&#8221; &#8212; Radio Pi\u00f9\" src=\"https:\/\/www.radiopiu.net\/wordpress\/i-racconti-di-paolo-soppelsa\/embed\/#?secret=Zds231zWvB\" data-secret=\"Zds231zWvB\" width=\"600\" height=\"338\" frameborder=\"0\" marginwidth=\"0\" marginheight=\"0\" scrolling=\"no\"><\/iframe><\/p>\n<\/div>\n<p>&nbsp;<\/p>\n<hr \/>\n<p>&nbsp;<\/p>\n<h2><\/h2>\n<h2><span style=\"color: #ff0000;\"><a href=\"https:\/\/www.radiopiu.net\/wordpress\/giornale-radiopiu-05-gennaio-2021-direttore-mirko-mezzacasa\/133200401_100838761953611_1258544160541445132_o-2\/\" rel=\"attachment wp-att-183078\"><img loading=\"lazy\" decoding=\"async\" class=\" wp-image-183078 alignleft\" src=\"https:\/\/www.radiopiu.net\/wordpress\/wp-content\/uploads\/2021\/01\/133200401_100838761953611_1258544160541445132_o-1-300x157.jpg\" alt=\"\" width=\"192\" height=\"101\" srcset=\"https:\/\/www.radiopiu.net\/wordpress\/wp-content\/uploads\/2021\/01\/133200401_100838761953611_1258544160541445132_o-1-300x157.jpg 300w, https:\/\/www.radiopiu.net\/wordpress\/wp-content\/uploads\/2021\/01\/133200401_100838761953611_1258544160541445132_o-1.jpg 526w\" sizes=\"auto, (max-width: 192px) 100vw, 192px\" \/><\/a>GOCCE DI FILOSOFIA, CON CHIARA CAU, CON LISA DE LUCA. <\/span><\/h2>\n<h2><span style=\"color: #ff0000;\">TUTTI I GIORNI DAL LUNEDI AL VENERDI ALLE 6.55 E ALLE 18.55<\/span><\/h2>\n<p><strong>PUNTATA 44<\/strong><\/p>\n<audio class=\"wp-audio-shortcode\" id=\"audio-194966-20\" preload=\"none\" style=\"width: 100%;\" controls=\"controls\"><source type=\"audio\/mpeg\" src=\"https:\/\/www.radiopiu.net\/wordpress\/wp-content\/uploads\/2021\/03\/FI4.mp3?_=20\" \/><a href=\"https:\/\/www.radiopiu.net\/wordpress\/wp-content\/uploads\/2021\/03\/FI4.mp3\">https:\/\/www.radiopiu.net\/wordpress\/wp-content\/uploads\/2021\/03\/FI4.mp3<\/a><\/audio>\n<p>&nbsp;<\/p>\n<h3>LA RACCOLTA COMPLETA<\/h3>\n<blockquote class=\"wp-embedded-content\" data-secret=\"Wc4YHE49Vi\"><p><a href=\"https:\/\/www.radiopiu.net\/wordpress\/gocce-filosofia\/\">Gocce di filosofia<\/a><\/p><\/blockquote>\n<p><iframe loading=\"lazy\" class=\"wp-embedded-content\" sandbox=\"allow-scripts\" security=\"restricted\" style=\"position: absolute; clip: rect(1px, 1px, 1px, 1px);\" title=\"&#8220;Gocce di filosofia&#8221; &#8212; Radio Pi\u00f9\" src=\"https:\/\/www.radiopiu.net\/wordpress\/gocce-filosofia\/embed\/#?secret=Wc4YHE49Vi\" data-secret=\"Wc4YHE49Vi\" width=\"600\" height=\"338\" frameborder=\"0\" marginwidth=\"0\" marginheight=\"0\" scrolling=\"no\"><\/iframe><\/p>\n<p>&nbsp;<\/p>\n<hr \/>\n<p>&nbsp;<\/p>\n<div class=\"im_message_wrap clearfix\">\n<div class=\"im_content_message_wrap im_message_out\">\n<h2><span style=\"color: #ff0000;\">IN VIVO VERSO 2020-21<\/span><\/h2>\n<p><strong><span style=\"color: #0000ff;\">IN ONDA DAL LUNEDI AL VENERDI ALLE 7.10, 10.10, 18.50\u00a0 \u00a0<\/span><\/strong><\/p>\n<blockquote class=\"wp-embedded-content\" data-secret=\"zY7GTqHxdI\"><p><a href=\"https:\/\/www.radiopiu.net\/wordpress\/silenzio-damore-di-davide-massaro\/\">SILENZIO D&#8217;AMORE di DAVIDE MASSARO<\/a><\/p><\/blockquote>\n<p><iframe loading=\"lazy\" class=\"wp-embedded-content\" sandbox=\"allow-scripts\" security=\"restricted\" style=\"position: absolute; clip: rect(1px, 1px, 1px, 1px);\" title=\"&#8220;SILENZIO D&#8217;AMORE di DAVIDE MASSARO&#8221; &#8212; Radio Pi\u00f9\" src=\"https:\/\/www.radiopiu.net\/wordpress\/silenzio-damore-di-davide-massaro\/embed\/#?secret=zY7GTqHxdI\" data-secret=\"zY7GTqHxdI\" width=\"600\" height=\"338\" frameborder=\"0\" marginwidth=\"0\" marginheight=\"0\" scrolling=\"no\"><\/iframe><\/p>\n<p><strong>LA RACCOLTA<\/strong><\/p>\n<blockquote class=\"wp-embedded-content\" data-secret=\"c8ktDA76vp\"><p><a href=\"https:\/\/www.radiopiu.net\/wordpress\/in-vivo-verso\/\">In Vivo Verso<\/a><\/p><\/blockquote>\n<p><iframe loading=\"lazy\" class=\"wp-embedded-content\" sandbox=\"allow-scripts\" security=\"restricted\" style=\"position: absolute; clip: rect(1px, 1px, 1px, 1px);\" title=\"&#8220;In Vivo Verso&#8221; &#8212; Radio Pi\u00f9\" src=\"https:\/\/www.radiopiu.net\/wordpress\/in-vivo-verso\/embed\/#?secret=c8ktDA76vp\" data-secret=\"c8ktDA76vp\" width=\"600\" height=\"338\" frameborder=\"0\" marginwidth=\"0\" marginheight=\"0\" scrolling=\"no\"><\/iframe><\/p>\n<hr \/>\n<p>&nbsp;<\/p>\n<\/div>\n<\/div>\n<div class=\"im_message_wrap clearfix\">\n<div class=\"im_content_message_wrap im_message_out\">\n<p>&nbsp;<\/p>\n<\/div>\n<\/div>\n<p>&nbsp;<\/p>\n<h2><span style=\"color: #808000;\">DUE MINUTI UN LIBRO\u00a0 TUTTI I GIORNI ALLA RADIO ALLE 9.30 E ALLE 18. QUINTA STAGIONE\u00a0<\/span><\/h2>\n<blockquote class=\"wp-embedded-content\" data-secret=\"5k7Laqu0oN\"><p><a href=\"https:\/\/www.radiopiu.net\/wordpress\/la-donna-degli-alberi\/\">LA DONNA DEGLI ALBERI<\/a><\/p><\/blockquote>\n<p><iframe loading=\"lazy\" class=\"wp-embedded-content\" sandbox=\"allow-scripts\" security=\"restricted\" style=\"position: absolute; clip: rect(1px, 1px, 1px, 1px);\" title=\"&#8220;LA DONNA DEGLI ALBERI&#8221; &#8212; Radio Pi\u00f9\" src=\"https:\/\/www.radiopiu.net\/wordpress\/la-donna-degli-alberi\/embed\/#?secret=5k7Laqu0oN\" data-secret=\"5k7Laqu0oN\" width=\"600\" height=\"338\" frameborder=\"0\" marginwidth=\"0\" marginheight=\"0\" scrolling=\"no\"><\/iframe><\/p>\n<h3><span style=\"color: #808000;\">\u00a0<\/span>LA RACCOLTA COMPLETA<\/h3>\n<blockquote class=\"wp-embedded-content\" data-secret=\"OHKhy3NR3n\"><p><a href=\"https:\/\/www.radiopiu.net\/wordpress\/due-minuti-un-libro\/\">Due minuti un libro<\/a><\/p><\/blockquote>\n<p><iframe loading=\"lazy\" class=\"wp-embedded-content\" sandbox=\"allow-scripts\" security=\"restricted\" style=\"position: absolute; clip: rect(1px, 1px, 1px, 1px);\" title=\"&#8220;Due minuti un libro&#8221; &#8212; Radio Pi\u00f9\" src=\"https:\/\/www.radiopiu.net\/wordpress\/due-minuti-un-libro\/embed\/#?secret=OHKhy3NR3n\" data-secret=\"OHKhy3NR3n\" width=\"600\" height=\"338\" frameborder=\"0\" marginwidth=\"0\" marginheight=\"0\" scrolling=\"no\"><\/iframe><\/p>\n<p>&nbsp;<\/p>\n<p>&nbsp;<\/p>\n<p>&nbsp;<\/p>\n<p>&nbsp;<\/p>\n<hr \/>\n<h2><\/h2>\n<blockquote>\n<h2>CASSA SOLIDARIET\u00c0 LUXOTTICA<\/h2>\n<\/blockquote>\n<h3><strong><span style=\"color: #ff0000;\">IL NUMERO DI FEBBRAIO CON PAOLO CHISSALE&#8217; E FABRIZIO CAMPEDEL\u00a0\u00a0<\/span><\/strong><\/h3>\n<audio class=\"wp-audio-shortcode\" id=\"audio-194966-21\" preload=\"none\" style=\"width: 100%;\" controls=\"controls\"><source type=\"audio\/mpeg\" src=\"https:\/\/www.radiopiu.net\/wordpress\/wp-content\/uploads\/2021\/02\/ca-sol-lux-febbraio.mp3?_=21\" \/><a href=\"https:\/\/www.radiopiu.net\/wordpress\/wp-content\/uploads\/2021\/02\/ca-sol-lux-febbraio.mp3\">https:\/\/www.radiopiu.net\/wordpress\/wp-content\/uploads\/2021\/02\/ca-sol-lux-febbraio.mp3<\/a><\/audio>\n<blockquote>\n<h2>RACCOLTA COMPLETA<\/h2>\n<\/blockquote>\n<blockquote class=\"wp-embedded-content\" data-secret=\"RHyoyoihZu\"><p><a href=\"https:\/\/www.radiopiu.net\/wordpress\/cassa-solidarieta-luxottica-puntata-del-16-ottobre-2020\/\">CASSA SOLIDARIET\u00c0 LUXOTTICA &#8211; PUNTATA DEL 20 NOVEMBRE 2020<\/a><\/p><\/blockquote>\n<p><iframe loading=\"lazy\" class=\"wp-embedded-content\" sandbox=\"allow-scripts\" security=\"restricted\" style=\"position: absolute; clip: rect(1px, 1px, 1px, 1px);\" title=\"&#8220;CASSA SOLIDARIET\u00c0 LUXOTTICA &#8211; PUNTATA DEL 20 NOVEMBRE 2020&#8221; &#8212; Radio Pi\u00f9\" src=\"https:\/\/www.radiopiu.net\/wordpress\/cassa-solidarieta-luxottica-puntata-del-16-ottobre-2020\/embed\/#?secret=RHyoyoihZu\" data-secret=\"RHyoyoihZu\" width=\"600\" height=\"338\" frameborder=\"0\" marginwidth=\"0\" marginheight=\"0\" scrolling=\"no\"><\/iframe><\/p>\n<div>\n<p>&nbsp;<\/p>\n<p>&nbsp;<\/p>\n<p>&nbsp;<\/p>\n<hr \/>\n<p>&nbsp;<\/p>\n<p>&nbsp;<\/p>\n<p><span style=\"color: #ff0000;\"><a href=\"https:\/\/www.radiopiu.net\/wordpress\/giornale-radiopiu-25-febbraio-2021-direttore-mirko-mezzacasa\/84168586_3724582740900333_7440029064968011776_n\/\" rel=\"attachment wp-att-193399\"><img loading=\"lazy\" decoding=\"async\" class=\"wp-image-193399 alignleft\" src=\"https:\/\/www.radiopiu.net\/wordpress\/wp-content\/uploads\/2021\/02\/84168586_3724582740900333_7440029064968011776_n.jpg\" alt=\"\" width=\"143\" height=\"141\" \/><\/a>\u00a0<\/span><\/p>\n<p><strong>CISL LA VOCE DEI LAVORATORI<\/strong><\/p>\n<p><em>con Paolo Chissal\u00e8 e la Segretaria Femca Cisl Milena Cesca\u00a0<\/em><\/p>\n<audio class=\"wp-audio-shortcode\" id=\"audio-194966-22\" preload=\"none\" style=\"width: 100%;\" controls=\"controls\"><source type=\"audio\/mpeg\" src=\"https:\/\/www.radiopiu.net\/wordpress\/wp-content\/uploads\/2021\/02\/CISL-1.mp3?_=22\" \/><a href=\"https:\/\/www.radiopiu.net\/wordpress\/wp-content\/uploads\/2021\/02\/CISL-1.mp3\">https:\/\/www.radiopiu.net\/wordpress\/wp-content\/uploads\/2021\/02\/CISL-1.mp3<\/a><\/audio>\n<p>&nbsp;<\/p>\n<p>&nbsp;<\/p>\n<\/div>\n<p>&nbsp;<\/p>\n<p>&nbsp;<\/p>\n<hr \/>\n<p>&nbsp;<\/p>\n<blockquote>\n<h2>FANTASTICHE DOLOMITI, NUOVA STAGIONE. APPUNTAMENTO QUINDICINALE IL GIOVEDI ALLE 10.30 E 19.00<\/h2>\n<\/blockquote>\n<p><span style=\"color: #000000;\"><strong><img loading=\"lazy\" decoding=\"async\" class=\"alignleft\" src=\"https:\/\/www.radiopiu.net\/wordpress\/wp-content\/uploads\/2017\/10\/logo-fantastiche-dolomiti-300x113.jpg\" width=\"181\" height=\"68\" \/>LA NUOVA PUNTATA i corsi di formazione della Fondazione 11 FEBBRAIO 2021<\/strong><\/span><\/p>\n<h2><span style=\"color: #ff0000;\">PUNTATA 10 ,<\/span><\/h2>\n<p><strong>OSPITE IL PRESIDENTE CLAUDIO CANOVA<\/strong><\/p>\n<audio class=\"wp-audio-shortcode\" id=\"audio-194966-23\" preload=\"none\" style=\"width: 100%;\" controls=\"controls\"><source type=\"audio\/mpeg\" src=\"https:\/\/www.radiopiu.net\/wordpress\/wp-content\/uploads\/2021\/02\/fantastiche-dolomiti-25-febbraio.mp3?_=23\" \/><a href=\"https:\/\/www.radiopiu.net\/wordpress\/wp-content\/uploads\/2021\/02\/fantastiche-dolomiti-25-febbraio.mp3\">https:\/\/www.radiopiu.net\/wordpress\/wp-content\/uploads\/2021\/02\/fantastiche-dolomiti-25-febbraio.mp3<\/a><\/audio>\n<h3>LA RACCOLTA COMPLETA<\/h3>\n<blockquote class=\"wp-embedded-content\" data-secret=\"CGmh1ROtKm\"><p><a href=\"https:\/\/www.radiopiu.net\/wordpress\/raccolta-completa\/\">FANTASTICHE DOLOMITI 10^ PUNTATA: IL QUINDICINALE APPUNTAMENTO ALLA RADIO<\/a><\/p><\/blockquote>\n<p><iframe loading=\"lazy\" class=\"wp-embedded-content\" sandbox=\"allow-scripts\" security=\"restricted\" style=\"position: absolute; clip: rect(1px, 1px, 1px, 1px);\" title=\"&#8220;FANTASTICHE DOLOMITI 10^ PUNTATA: IL QUINDICINALE APPUNTAMENTO ALLA RADIO&#8221; &#8212; Radio Pi\u00f9\" src=\"https:\/\/www.radiopiu.net\/wordpress\/raccolta-completa\/embed\/#?secret=CGmh1ROtKm\" data-secret=\"CGmh1ROtKm\" width=\"600\" height=\"338\" frameborder=\"0\" marginwidth=\"0\" marginheight=\"0\" scrolling=\"no\"><\/iframe><\/p>\n<p>&nbsp;<\/p>\n<h2><\/h2>\n<div class=\"im_message_wrap clearfix\">\n<div class=\"im_content_message_wrap im_message_out\"><\/div>\n<\/div>\n<p>&nbsp;<\/p>\n<hr \/>\n<p>&nbsp;<\/p>\n<div dir=\"auto\">\n<div>\n<h2><span style=\"color: #800080;\"><strong>LA RASSEGNA STAMPA DA L&#8217;AMICO DEL POPOLO\u00a0<\/strong><\/span><\/h2>\n<h3 class=\"kvgmc6g5 cxmmr5t8 oygrvhab hcukyx3x c1et5uql\"><span style=\"color: #0000ff;\"> INFORMAZIONE il canale su TELEGRAM informazione di prima mano e in tempo reale. iscriviti ed aiutaci a farlo conoscere\u00a0<\/span><\/h3>\n<p><strong><a href=\"https:\/\/www.radiopiu.net\/wordpress\/giornale-radiopiu-07-aprile\/cai-agordo-2\/\" rel=\"attachment wp-att-127841\"><img loading=\"lazy\" decoding=\"async\" class=\"size-full wp-image-127841 alignleft\" src=\"https:\/\/www.radiopiu.net\/wordpress\/wp-content\/uploads\/2020\/04\/cai-agordo.jpg\" alt=\"\" width=\"297\" height=\"170\" \/><\/a>di Gianni Santomaso<\/strong><\/p>\n<p>OSPITE: Anna Magro presidente CAI Agordo<\/p>\n<audio class=\"wp-audio-shortcode\" id=\"audio-194966-24\" preload=\"none\" style=\"width: 100%;\" controls=\"controls\"><source type=\"audio\/mpeg\" src=\"https:\/\/www.radiopiu.net\/wordpress\/wp-content\/uploads\/2021\/02\/RASSEGNA-GIANNI-3.mp3?_=24\" \/><a href=\"https:\/\/www.radiopiu.net\/wordpress\/wp-content\/uploads\/2021\/02\/RASSEGNA-GIANNI-3.mp3\">https:\/\/www.radiopiu.net\/wordpress\/wp-content\/uploads\/2021\/02\/RASSEGNA-GIANNI-3.mp3<\/a><\/audio>\n<p>&nbsp;<\/p>\n<p><strong>LA RACCOLTA COMPLETA<\/strong><\/p>\n<blockquote class=\"wp-embedded-content\" data-secret=\"VlJ1ZXbfzN\"><p><a href=\"https:\/\/www.radiopiu.net\/wordpress\/rassegna-stampa-di-gianni-santomaso\/\">Rassegna stampa da l&#8217;amico del popolo &#8211; di Gianni Santomaso<\/a><\/p><\/blockquote>\n<p><iframe loading=\"lazy\" class=\"wp-embedded-content\" sandbox=\"allow-scripts\" security=\"restricted\" style=\"position: absolute; clip: rect(1px, 1px, 1px, 1px);\" title=\"&#8220;Rassegna stampa da l&#8217;amico del popolo &#8211; di Gianni Santomaso&#8221; &#8212; Radio Pi\u00f9\" src=\"https:\/\/www.radiopiu.net\/wordpress\/rassegna-stampa-di-gianni-santomaso\/embed\/#?secret=VlJ1ZXbfzN\" data-secret=\"VlJ1ZXbfzN\" width=\"600\" height=\"338\" frameborder=\"0\" marginwidth=\"0\" marginheight=\"0\" scrolling=\"no\"><\/iframe><\/p>\n<p>&nbsp;<\/p>\n<p>&nbsp;<\/p>\n<\/div>\n<\/div>\n<hr \/>\n<blockquote>\n<h2><\/h2>\n<h2>RITORNA AI MICROFONI DI RADIO PIU&#8217; FRANCESCO ZILLIO<br \/>\nQUARTA puntata, stagione 2021 &#8211; EVOLUZIONE DEI SISTEMI DI COMUNICAZIONE SUPPORTATI DA SMARTH PHONE PER LE AZIENDE<\/h2>\n<\/blockquote>\n<p><iframe loading=\"lazy\" title=\"EPCENTER - EVOLUZIONE DEI SISTEMI DI COMUNICAZIONE SUPPORTATI DA SMART PHONE PER LE  AZIENDE\" width=\"1200\" height=\"675\" src=\"https:\/\/www.youtube.com\/embed\/VQu8U59Rjrw?feature=oembed\" frameborder=\"0\" allow=\"accelerometer; autoplay; clipboard-write; encrypted-media; gyroscope; picture-in-picture\" allowfullscreen><\/iframe><\/p>\n<p>&nbsp;<\/p>\n<p><strong>LA VIDEO GALLERY\u00a0<\/strong><\/p>\n<blockquote class=\"wp-embedded-content\" data-secret=\"9LCKRGQG39\"><p><a href=\"https:\/\/www.radiopiu.net\/wordpress\/ep-center-video-gallery\/\">EP CENTER video gallery<\/a><\/p><\/blockquote>\n<p><iframe loading=\"lazy\" class=\"wp-embedded-content\" sandbox=\"allow-scripts\" security=\"restricted\" style=\"position: absolute; clip: rect(1px, 1px, 1px, 1px);\" title=\"&#8220;EP CENTER video gallery&#8221; &#8212; Radio Pi\u00f9\" src=\"https:\/\/www.radiopiu.net\/wordpress\/ep-center-video-gallery\/embed\/#?secret=9LCKRGQG39\" data-secret=\"9LCKRGQG39\" width=\"600\" height=\"338\" frameborder=\"0\" marginwidth=\"0\" marginheight=\"0\" scrolling=\"no\"><\/iframe><\/p>\n<p>&nbsp;<\/p>\n<div dir=\"auto\">\n<p>&nbsp;<\/p>\n<hr \/>\n<p>&nbsp;<\/p>\n<div>\n<p class=\"photoswipe-wrapper\"><a class=\"dt-pswp-item pspw-wrap-ready\" href=\"https:\/\/i0.wp.com\/www.radiopiu.net\/wordpress\/wp-content\/uploads\/2018\/09\/viabilita.jpeg?ssl=1\" data-dt-img-description=\"\" data-large_image_width=\"800\" data-large_image_height=\"100\"><img loading=\"lazy\" decoding=\"async\" class=\"aligncenter wp-image-61954 size-full\" src=\"https:\/\/i0.wp.com\/www.radiopiu.net\/wordpress\/wp-content\/uploads\/2018\/09\/viabilita.jpeg?resize=800%2C100&amp;ssl=1\" sizes=\"auto, (max-width: 800px) 100vw, 800px\" srcset=\"https:\/\/i0.wp.com\/www.radiopiu.net\/wordpress\/wp-content\/uploads\/2018\/09\/viabilita.jpeg?w=800&amp;ssl=1 800w, https:\/\/i0.wp.com\/www.radiopiu.net\/wordpress\/wp-content\/uploads\/2018\/09\/viabilita.jpeg?resize=300%2C38&amp;ssl=1 300w, https:\/\/i0.wp.com\/www.radiopiu.net\/wordpress\/wp-content\/uploads\/2018\/09\/viabilita.jpeg?resize=768%2C96&amp;ssl=1 768w\" alt=\"\" width=\"800\" height=\"100\" \/><\/a><\/p>\n<\/div>\n<p>&nbsp;<\/p>\n<p><strong>SP 1 SINISTRA PIAVE\u00a0<\/strong>dall&#8217;8 al 12 marzo, dalle 7:30 alle 17:30, senso unico alternato regolato da impianto semaforico o movieri per di demolizione e ricostruzione cunetta in localit\u00e0 Rione Santa Caterina di Ponte Nelle Alpi<\/p>\n<p><strong>SP 19 DI LAMON\u00a0<\/strong>senso unico alternato regolato da movieri e possibili interruzioni di massimo 10 minuti in localit\u00e0 Zavena dalle 8 alle 17 del giorno 6 marzo per lavori di taglio piante<\/p>\n<p><strong>SP 21 DI QUERO<\/strong> fino al 5 marzo, esclusi sabato e domenica, interdizione totale al traffico tra Quero e Ponte Tegorzo per posa cavidotto per conto di E-Distribuzione<\/p>\n<p><strong>SP 251 DELLA VAL DI ZOLDO E CELLINA<\/strong> Istituzione di senso unico alternato regolato da semaforo nel comune di Val di Zoldo per messa in sicurezza della strada<\/p>\n<p><strong>SP 42 CAVALLERA<\/strong> fino a revoca, chiusura della strada nell&#8217;abitato di Perarolo per attivazione emergenza frana &#8220;Busa del Cristo&#8221;<\/p>\n<p><strong>S.P.2 DELLA VALLE DEL MIS\u00a0<\/strong>Interdizione totale al traffico fino a revoca dal km 14,920 (localit\u00e0 Gona Bassa) al km 20,650 (localit\u00e0 Titele) per cedimento della carreggiata<\/p>\n<p><strong>S.P. 5 DI LAMOSANO<\/strong>\u00a0Interdizione totale fino a revoca per presenza di materiale e alberi in strada.<\/p>\n<p><strong>SP 3 DELLA VAL IMPERINA<\/strong> fino a revoca, senso unico alternato regolato a vista in localit\u00e0 Gona di Conedera di Rivamonte per cedimento della carreggiata stradale<\/p>\n<p>&nbsp;<\/p>\n<p>&nbsp;<\/p>\n<hr \/>\n<p>&nbsp;<\/p>\n<div>\n<p class=\"photoswipe-wrapper\"><a class=\"dt-pswp-item pspw-wrap-ready\" href=\"https:\/\/i0.wp.com\/www.radiopiu.net\/wordpress\/wp-content\/uploads\/2018\/09\/WhatsApp-Image-2018-09-20-at-16.04.06.jpeg?ssl=1\" data-dt-img-description=\"\" data-large_image_width=\"800\" data-large_image_height=\"100\"><img loading=\"lazy\" decoding=\"async\" class=\"aligncenter wp-image-61378 size-full jetpack-lazy-image jetpack-lazy-image--handled\" src=\"https:\/\/i0.wp.com\/www.radiopiu.net\/wordpress\/wp-content\/uploads\/2018\/09\/WhatsApp-Image-2018-09-20-at-16.04.06.jpeg?resize=800%2C100&amp;ssl=1\" sizes=\"auto, (max-width: 800px) 100vw, 800px\" srcset=\"https:\/\/i0.wp.com\/www.radiopiu.net\/wordpress\/wp-content\/uploads\/2018\/09\/WhatsApp-Image-2018-09-20-at-16.04.06.jpeg?w=800&amp;ssl=1 800w, https:\/\/i0.wp.com\/www.radiopiu.net\/wordpress\/wp-content\/uploads\/2018\/09\/WhatsApp-Image-2018-09-20-at-16.04.06.jpeg?resize=300%2C38&amp;ssl=1 300w, https:\/\/i0.wp.com\/www.radiopiu.net\/wordpress\/wp-content\/uploads\/2018\/09\/WhatsApp-Image-2018-09-20-at-16.04.06.jpeg?resize=768%2C96&amp;ssl=1 768w\" alt=\"\" width=\"800\" height=\"100\" data-lazy-loaded=\"1\" \/><\/a><\/p>\n<\/div>\n<p>&nbsp;<\/p>\n<p><b>Venerdi 5<\/b> <b>Tempo atteso: <\/b>Al mattino cielo pressoch\u00e9 sereno sulle Dolomiti, stessa situazione sulle Prealpi in alta quota, mentre nubi basse potrebbero coprire in parte il cielo dei fondovalle, specie a ridosso della pedemontana. Al pomeriggio crescente nuvolosit\u00e0 su tutti i settori fino a cielo molto nuvoloso ocoperto. probabile lieve peggioramento serale, specie sulle Prealpi. Far\u00e0 pi\u00f9 fresco a tutte le quote.<br \/>\n<b>Precipitazioni: <\/b>Fino a met\u00e0 pomeriggio assenti (0%). Nel tardo pomeriggio\/sera qualche sporadico fenomeno irrilevante sulle Dolomiti (30\/40%), mentre gli stessi saranno pi\u00f9 diffusi e di maggiore entit\u00e0 sulle Prealpi (60-70%) con apporti di 4-10 mm e altrettanti cm di neve fresca oltre i 1500 m. Il limite neve scender\u00e0 fino sui 900\/1100 m.<br \/>\n<b>Temperature: <\/b>Minime in rialzo nelle valli e in calo in quota, dove saranno osservate alla sera. Massime in generale flessione. Su Prealpi a 1500 m min -1\u00b0C max 3\u00b0C, a 2000 m min -3\u00b0C max 0\u00b0C. Su Dolomiti a 2000 m min -4\u00b0C max -1\u00b0C, a 3000 m min -11\u00b0C max -7\u00b0C.<br \/>\n<b>Venti: <\/b>Generalmente deboli di direzione variabile nelle valli, salvo temporanei rinforzi notturni per brezze di monte; in quota deboli\/moderati da nord-ovest, a 5-15 km\/h a 2000 m e a 15-20 km\/h a 3000 m.<\/p>\n<hr \/>\n<p><b>Sabato 6<\/b> <b>Tempo atteso: <\/b>Nottetempo lieve maltempo sulle Prealpi e residua variabilit\u00e0 sulle Dolomiti. Dal primo mattino miglioramento a partire dalle Dolomiti con ampi rasserenamenti, accadr\u00e0 lo stesso sulle Prealpi, anche se le nubi basse potrebbero ostacolare il miglioramento su alcuni settori. Nel tardo pomeriggio\/sera riformarsi delle sudette ed eventuale loro estensione ad alcuni settori dolomitici. Contesto termico fresco nelle valli e freddo in alta quota.<br \/>\n<b>Precipitazioni: <\/b>Nottetempo precipitazioni sparse, anche a carattere di rovescio sulle Prealpi (60\/80%), con limite neve fino sui 700\/900 m, anche 600 m nei settori consuetamente pi\u00f9 freddi, in esaurimento attorno al primo mattino. Sulle Dolomiti fenomeni gi\u00e0 esauriti nella serata precedente. In giornata precipitazioni assenti ovunque (0%).<br \/>\n<b>Temperature: <\/b>In ulteriore diminuzione a tutte le quote. Dopo quasi due settimana, ritorno di un contesto termico invernale in alta quota. Su Prealpi a 1500 m min -5\u00b0C max -2\u00b0C, a 2000 m min -7\u00b0C max -5\u00b0C. Su Dolomiti a 2000 m min -8\u00b0C max -4\u00b0C, a 3000 m min -13\u00b0C max -11\u00b0C.<br \/>\n<b>Venti: <\/b>Nelle valli deboli di direzione variabile, anche se in alcune valli dolomitiche potr\u00e0 verificarsi qualche breve episodio di Foehn; in quota deboli\/moderati da nord nord-ovest, a 5-15 km\/h a 2000 m e a 15-20 km\/h a 3000 m.<\/p>\n<hr \/>\n<p><b>Domenica 7<\/b>Tempo inizialmente ben soleggiato, poi a partire dalle Prealpi occidentali graduale e parziale riduzione del soleggiamento per transito di nubi alte, temporaneamente estese nel pomeriggio, prima del loro diradamento nel tardo pomeriggio\/sera. Di notte far\u00e0 freddo con calo delle temperature, specie nelle valli, mentre ci sar\u00e0 un contenuto rialzo termico in giornata. Venti in quota deboli settentrionali; nelle valli perlopi\u00f9 deboli per brezze, localmente e temporaneamente moderati su alcuni settori prealpini.<\/p>\n<hr \/>\n<p><b>Lunedi 8<\/b>Dopo residui annuvolamenti notturni, splendida giornata con sole, cielo sereno e aria tersa. Temperature in rialzo, specie le massime. Venti in quota deboli da nord-ovest; nelle valli perlopi\u00f9 deboli per brezze, localmente e temporaneamente moderati su alcuni settori prealpini. Previsore: R.L.Th.<\/p>\n<div><\/div>\n<\/div>\n<p>&nbsp;<\/p>\n<p>&nbsp;<\/p>\n<hr \/>\n<p>&nbsp;<\/p>\n<p><a href=\"https:\/\/www.radiopiu.net\/wordpress\/giornale-radiopiu-15-settembre-2018-direttore-mirko-mezzacasa\/sport-7\/\" rel=\"attachment wp-att-60761\"><img loading=\"lazy\" decoding=\"async\" class=\"wp-image-60761 size-full aligncenter\" src=\"https:\/\/www.radiopiu.net\/wordpress\/wp-content\/uploads\/2018\/09\/sport.jpg\" alt=\"\" width=\"800\" height=\"100\" srcset=\"https:\/\/www.radiopiu.net\/wordpress\/wp-content\/uploads\/2018\/09\/sport.jpg 800w, https:\/\/www.radiopiu.net\/wordpress\/wp-content\/uploads\/2018\/09\/sport-300x38.jpg 300w, https:\/\/www.radiopiu.net\/wordpress\/wp-content\/uploads\/2018\/09\/sport-768x96.jpg 768w\" sizes=\"auto, (max-width: 800px) 100vw, 800px\" \/><\/a><\/p>\n<p>&nbsp;<\/p>\n<blockquote>\n<h3>SECONDA MEDAGLIA IN DUE GIORNI PER GIOVANNI FRANZONI<\/h3>\n<\/blockquote>\n<p><a href=\"https:\/\/www.radiopiu.net\/wordpress\/giovanni-franzoni-campione-del-mondo-junior-nel-super-g-di-bansko\/franzoni_viso_cortina\/\" rel=\"attachment wp-att-194792\"><img loading=\"lazy\" decoding=\"async\" class=\"size-medium wp-image-194792 alignleft\" src=\"https:\/\/www.radiopiu.net\/wordpress\/wp-content\/uploads\/2021\/03\/franzoni_viso_cortina-300x164.jpg\" alt=\"\" width=\"300\" height=\"164\" srcset=\"https:\/\/www.radiopiu.net\/wordpress\/wp-content\/uploads\/2021\/03\/franzoni_viso_cortina-300x164.jpg 300w, https:\/\/www.radiopiu.net\/wordpress\/wp-content\/uploads\/2021\/03\/franzoni_viso_cortina-1024x560.jpg 1024w, https:\/\/www.radiopiu.net\/wordpress\/wp-content\/uploads\/2021\/03\/franzoni_viso_cortina-768x420.jpg 768w, https:\/\/www.radiopiu.net\/wordpress\/wp-content\/uploads\/2021\/03\/franzoni_viso_cortina.jpg 1068w\" sizes=\"auto, (max-width: 300px) 100vw, 300px\" \/><\/a>Seconda gara e seconda medaglia, nel gigante, ai Mondiali junior di Bansko per Giovanni Franzoni. Il 19enne bresciano delle Fiamme Gialle, cresciuto nello Ski College Falcade, \u00e8 riuscito a rimontare una posizione dopo il terzo posto ottenuto a met\u00e0 gara, ed \u00e8 riuscito a mettere pressione agli avversari, tranne che all\u2019austriaco Lukas Feurstein, battuto da Franzoni nel superG e ieri titolare della medaglia d\u2019oro. Feurstein ha chiuso la gara con il tempo di 1\u201945\u203333, precedendo Franzoni di 72 centesimi, mentre al terzo posto si \u00e8 classificato il norvegese Kaspar Kindem, al comando a met\u00e0 gara. Si tratta della medaglia maschile numero 60 per l\u2019Italia nella storia dei Mondiali junior e segue di due anni l\u2019argento ottenuto in Val di Fassa da Tobias Kastlunger, dando continuit\u00e0 alla crescita dei giovani talenti azzurri. (foto fisi.org)<\/p>\n<p>&nbsp;<\/p>\n<hr \/>\n<blockquote>\n<h3><\/h3>\n<h3>L&#8217;INCONTRO CON LE SOCIETA&#8217; DEL CALCIO CSI<\/h3>\n<\/blockquote>\n<p><strong><a href=\"https:\/\/www.radiopiu.net\/wordpress\/giornale-radiopiu-28-agosto-2020-direttore-mirko-mezzacasa\/pallone-calcio-csi-1\/\" rel=\"attachment wp-att-157935\"><img loading=\"lazy\" decoding=\"async\" class=\"size-medium wp-image-157935 alignleft\" src=\"https:\/\/www.radiopiu.net\/wordpress\/wp-content\/uploads\/2020\/08\/PALLONE-CALCIO-CSI-1-300x215.jpg\" alt=\"\" width=\"300\" height=\"215\" srcset=\"https:\/\/www.radiopiu.net\/wordpress\/wp-content\/uploads\/2020\/08\/PALLONE-CALCIO-CSI-1-300x215.jpg 300w, https:\/\/www.radiopiu.net\/wordpress\/wp-content\/uploads\/2020\/08\/PALLONE-CALCIO-CSI-1-768x550.jpg 768w, https:\/\/www.radiopiu.net\/wordpress\/wp-content\/uploads\/2020\/08\/PALLONE-CALCIO-CSI-1-640x458.jpg 640w, https:\/\/www.radiopiu.net\/wordpress\/wp-content\/uploads\/2020\/08\/PALLONE-CALCIO-CSI-1.jpg 957w\" sizes=\"auto, (max-width: 300px) 100vw, 300px\" \/><\/a>BELLUNO<\/strong> Il 23 e 24 febbraio i presidenti del Csi di Belluno e Feltre assieme allo staff che si occupa del calcio hanno avuto un incontro con le squadre dei campionati Open e Over. La proposta del CSI \u00e8 stata quella dell&#8217;organizzazione di un torneo estivo, indicativamente nel mese di luglio, articolato su uno o due fine settimana. Le modalit\u00e0 del torneo sono tutte da definire, sia per quanto riguarda la formula sia per quanto riguarda la localit\u00e0 di gioco, anche in base alla osservazioni e alle proposte delle societ\u00e0. Un&#8217;occasione di riprendere in maniera \u201csoft\u201d l\u2019attivit\u00e0 dopo tanti mesi caratterizzati da chiusure normative legate alla nota emergenza sanitaria e dalla conseguente impossibilit\u00e0 di giocare. Per il campionato Open la proposta per la ripresa dei campionati in autunno. Andata periodo settembre-dicembre, con 2 giorni A e B nei quali verranno inserite 5 squadre di A1 della stagione 20\/21 (estratte a sorteggio) pi\u00f9 met\u00e0 di quelle di A2 e nuove iscritte (anch&#8217;esse estratte a sorteggio) per girone. Il ritorno, marzo-giugno vedrebbe le prime 5 dei 2 gironi disputare la A1, le altre A2. Playoff e playout per stabilire le vincenti del campionato, promozioni e retrocessioni verranno illustrati e discussi alla prossima riunione. L\u2019alternativa a questa proposta sarebbe una ripresa del campionato a settembre con la situazione (A1 e A2) cos\u00ec come era alla fine del campionato 2019-2020.<\/p>\n<p>&nbsp;<\/p>\n<p>&nbsp;<\/p>\n<hr \/>\n<p>&nbsp;<\/p>\n<blockquote>\n<h3>CIRCUITO DELLA NEVE LATTEBUSCHE, PROVA UNICA SUL MONTE AVENA<\/h3>\n<\/blockquote>\n<p><strong><a href=\"https:\/\/www.radiopiu.net\/wordpress\/giornale-radiopiu-15-luglio-2020-direttore-mirko-mezzacasa\/download-886\/\" rel=\"attachment wp-att-149386\"><img loading=\"lazy\" decoding=\"async\" class=\" wp-image-149386 alignleft\" src=\"https:\/\/www.radiopiu.net\/wordpress\/wp-content\/uploads\/2020\/07\/download-2.png\" alt=\"\" width=\"93\" height=\"104\" \/><\/a>FELTRE<\/strong> La 43\u00aa edizione del Circuito della neve Lattebusche si far\u00e0 ma in una prova unica. A comunicarlo il CSI di Feltre che ha optato per il Monte Avena come sede dell&#8217;unico appuntamento sugli sci. La prova sar\u00e0 valida anche per il Campionato Veneto di sci. La partecipazione \u00e8 riservata ai soli atleti tesserati CSI e le iscrizioni dovranno essere effettuate online sul portale CSI nell&#8217;area riservata alle societ\u00e0 di sci affiliate. La giornata si svolger\u00e0 domenica 14 marzo sulla pista Campet del Monte Avena.<\/p>\n<p>&nbsp;<\/p>\n<hr \/>\n<p>&nbsp;<\/p>\n<p>&nbsp;<\/p>\n<blockquote>\n<h3>I MAGNIFICI 30 DEI CAMPIONATI ITALIANI CHILDREN DI SCI ALPINO<\/h3>\n<\/blockquote>\n<p><a href=\"https:\/\/www.radiopiu.net\/wordpress\/i-magnifici-30-dei-campionati-italiani-children-di-sci-alpino\/gs-allieve-28-feb-1536x1024\/\" rel=\"attachment wp-att-195097\"><img loading=\"lazy\" decoding=\"async\" class=\"size-medium wp-image-195097 alignleft\" src=\"https:\/\/www.radiopiu.net\/wordpress\/wp-content\/uploads\/2021\/03\/gs-allieve-28-feb-1536x1024-1-300x200.jpg\" alt=\"\" width=\"300\" height=\"200\" srcset=\"https:\/\/www.radiopiu.net\/wordpress\/wp-content\/uploads\/2021\/03\/gs-allieve-28-feb-1536x1024-1-300x200.jpg 300w, https:\/\/www.radiopiu.net\/wordpress\/wp-content\/uploads\/2021\/03\/gs-allieve-28-feb-1536x1024-1-1024x683.jpg 1024w, https:\/\/www.radiopiu.net\/wordpress\/wp-content\/uploads\/2021\/03\/gs-allieve-28-feb-1536x1024-1-768x512.jpg 768w, https:\/\/www.radiopiu.net\/wordpress\/wp-content\/uploads\/2021\/03\/gs-allieve-28-feb-1536x1024-1.jpg 1536w\" sizes=\"auto, (max-width: 300px) 100vw, 300px\" \/><\/a>La Fisi ha reso noti i nomi degli atleti qualificati ai tricolori children di Sci Alpino in programma allo Zoncolan (Udine) dal 22 al 27 marzo.<\/p>\n<p>&nbsp;<\/p>\n<p>&nbsp;<\/p>\n<p>&nbsp;<\/p>\n<p>&nbsp;<\/p>\n<p>&nbsp;<\/p>\n<p>&nbsp;<\/p>\n<a href=\"https:\/\/www.radiopiu.net\/wordpress\/wp-content\/uploads\/2021\/03\/qualificati-C.I.-Children.pdf\" class=\"pdfemb-viewer\" style=\"\" data-width=\"max\" data-height=\"max\" data-toolbar=\"top\" data-toolbar-fixed=\"on\">qualificati-C.I.-Children<\/a>\n","protected":false},"excerpt":{"rendered":"<p>PER RICEVERE QUESTO NOTIZIARIO DIRETTAMENTE SUL TUO CELLULARE ISCRIVITI AL CANALE TELEGRAM \u201cRADIO PIU\u00a0 INFORMAZIONE&#8221;\u00a0 SUPERATI I 3000 ISCRITTI, il CANALE TELEGRAM&#8230; UNISCITI A: RADIO PIU INFORMAZIONE &nbsp; &nbsp; ATTENZIONE: LA NUOVA APP PER IOS-IPHONE di Nicola Vettorello https:\/\/apps.apple.com\/it\/app\/radio-pi%C3%B9-emittente-agordina\/id1515939845 ATTENZIONE: LA NUOVA APP RADIO\u00a0 PER ANDROID di Nicola Vettorello https:\/\/play.google.com\/store\/apps\/details?id=net.radiopiu.iniko\u00a0\u00a0 &nbsp; &nbsp; ACC, IL GIORNO&hellip;<\/p>\n","protected":false},"author":4,"featured_media":195089,"comment_status":"closed","ping_status":"closed","sticky":false,"template":"","format":"standard","meta":{"_monsterinsights_skip_tracking":false,"_monsterinsights_sitenote_active":false,"_monsterinsights_sitenote_note":"","_monsterinsights_sitenote_category":0,"footnotes":""},"categories":[1,51,86,49],"tags":[],"class_list":["post-194966","post","type-post","status-publish","format-standard","has-post-thumbnail","hentry","category-senza-categoria","category-evidenza-top","category-gr","category-news-18","category-1","category-51","category-86","category-49","description-off"],"img_url":"https:\/\/www.radiopiu.net\/wordpress\/wp-content\/uploads\/2021\/03\/salt_20210304_134815_951.jpg","_links":{"self":[{"href":"https:\/\/www.radiopiu.net\/wordpress\/wp-json\/wp\/v2\/posts\/194966","targetHints":{"allow":["GET"]}}],"collection":[{"href":"https:\/\/www.radiopiu.net\/wordpress\/wp-json\/wp\/v2\/posts"}],"about":[{"href":"https:\/\/www.radiopiu.net\/wordpress\/wp-json\/wp\/v2\/types\/post"}],"author":[{"embeddable":true,"href":"https:\/\/www.radiopiu.net\/wordpress\/wp-json\/wp\/v2\/users\/4"}],"replies":[{"embeddable":true,"href":"https:\/\/www.radiopiu.net\/wordpress\/wp-json\/wp\/v2\/comments?post=194966"}],"version-history":[{"count":0,"href":"https:\/\/www.radiopiu.net\/wordpress\/wp-json\/wp\/v2\/posts\/194966\/revisions"}],"wp:featuredmedia":[{"embeddable":true,"href":"https:\/\/www.radiopiu.net\/wordpress\/wp-json\/wp\/v2\/media\/195089"}],"wp:attachment":[{"href":"https:\/\/www.radiopiu.net\/wordpress\/wp-json\/wp\/v2\/media?parent=194966"}],"wp:term":[{"taxonomy":"category","embeddable":true,"href":"https:\/\/www.radiopiu.net\/wordpress\/wp-json\/wp\/v2\/categories?post=194966"},{"taxonomy":"post_tag","embeddable":true,"href":"https:\/\/www.radiopiu.net\/wordpress\/wp-json\/wp\/v2\/tags?post=194966"}],"curies":[{"name":"wp","href":"https:\/\/api.w.org\/{rel}","templated":true}]}}