{"id":195020,"date":"2021-03-04T11:22:56","date_gmt":"2021-03-04T10:22:56","guid":{"rendered":"https:\/\/www.radiopiu.net\/wordpress\/?p=195020"},"modified":"2021-03-04T11:22:57","modified_gmt":"2021-03-04T10:22:57","slug":"oggi-brevi-interruzioni-sulla-provinciale-251","status":"publish","type":"post","link":"https:\/\/www.radiopiu.net\/wordpress\/oggi-brevi-interruzioni-sulla-provinciale-251\/","title":{"rendered":"OGGI BREVI INTERRUZIONI SULLA PROVINCIALE 251"},"content":{"rendered":"<p class=\"p1\"><strong><a href=\"https:\/\/www.radiopiu.net\/wordpress\/oggi-brevi-interruzioni-sulla-provinciale-251\/129601934_3568118283256906_6696282007864421191_n-768x790\/\" rel=\"attachment wp-att-195021\"><img loading=\"lazy\" decoding=\"async\" class=\"size-medium wp-image-195021 alignleft\" src=\"https:\/\/www.radiopiu.net\/wordpress\/wp-content\/uploads\/2021\/03\/129601934_3568118283256906_6696282007864421191_n-768x790-1-292x300.jpg\" alt=\"\" width=\"292\" height=\"300\" srcset=\"https:\/\/www.radiopiu.net\/wordpress\/wp-content\/uploads\/2021\/03\/129601934_3568118283256906_6696282007864421191_n-768x790-1-292x300.jpg 292w, https:\/\/www.radiopiu.net\/wordpress\/wp-content\/uploads\/2021\/03\/129601934_3568118283256906_6696282007864421191_n-768x790-1.jpg 768w\" sizes=\"auto, (max-width: 292px) 100vw, 292px\" \/><\/a>VAL DI ZOLDO <\/strong>Il sindaco di Val di Zoldo Camillo De Pellegrin comunica che in relazione ai lavori di messa in sicurezza della frana in localit\u00e0 San Giovanni, a partire dalle ore 11.00 circa di oggi, verranno fatti brillare dei massi. Le attivit\u00e0 richiederanno due brevi interruzioni della viabilit\u00e0 sulla SP 251 in corrispondenza della suddetta localit\u00e0 di circa 15 minuti ognuna.<\/p>\n","protected":false},"excerpt":{"rendered":"<p>VAL DI ZOLDO Il sindaco di Val di Zoldo Camillo De Pellegrin comunica che in relazione ai lavori di messa in sicurezza della frana in localit\u00e0 San Giovanni, a partire dalle ore 11.00 circa di oggi, verranno fatti brillare dei massi. Le attivit\u00e0 richiederanno due brevi interruzioni della viabilit\u00e0 sulla SP 251 in corrispondenza della&hellip;<\/p>\n","protected":false},"author":4,"featured_media":195021,"comment_status":"closed","ping_status":"closed","sticky":false,"template":"","format":"standard","meta":{"_monsterinsights_skip_tracking":false,"_monsterinsights_sitenote_active":false,"_monsterinsights_sitenote_note":"","_monsterinsights_sitenote_category":0,"footnotes":""},"categories":[49],"tags":[],"class_list":["post-195020","post","type-post","status-publish","format-standard","has-post-thumbnail","hentry","category-news-18","category-49","description-off"],"img_url":"https:\/\/www.radiopiu.net\/wordpress\/wp-content\/uploads\/2021\/03\/129601934_3568118283256906_6696282007864421191_n-768x790-1.jpg","_links":{"self":[{"href":"https:\/\/www.radiopiu.net\/wordpress\/wp-json\/wp\/v2\/posts\/195020","targetHints":{"allow":["GET"]}}],"collection":[{"href":"https:\/\/www.radiopiu.net\/wordpress\/wp-json\/wp\/v2\/posts"}],"about":[{"href":"https:\/\/www.radiopiu.net\/wordpress\/wp-json\/wp\/v2\/types\/post"}],"author":[{"embeddable":true,"href":"https:\/\/www.radiopiu.net\/wordpress\/wp-json\/wp\/v2\/users\/4"}],"replies":[{"embeddable":true,"href":"https:\/\/www.radiopiu.net\/wordpress\/wp-json\/wp\/v2\/comments?post=195020"}],"version-history":[{"count":0,"href":"https:\/\/www.radiopiu.net\/wordpress\/wp-json\/wp\/v2\/posts\/195020\/revisions"}],"wp:featuredmedia":[{"embeddable":true,"href":"https:\/\/www.radiopiu.net\/wordpress\/wp-json\/wp\/v2\/media\/195021"}],"wp:attachment":[{"href":"https:\/\/www.radiopiu.net\/wordpress\/wp-json\/wp\/v2\/media?parent=195020"}],"wp:term":[{"taxonomy":"category","embeddable":true,"href":"https:\/\/www.radiopiu.net\/wordpress\/wp-json\/wp\/v2\/categories?post=195020"},{"taxonomy":"post_tag","embeddable":true,"href":"https:\/\/www.radiopiu.net\/wordpress\/wp-json\/wp\/v2\/tags?post=195020"}],"curies":[{"name":"wp","href":"https:\/\/api.w.org\/{rel}","templated":true}]}}