{"id":195026,"date":"2021-03-04T12:25:19","date_gmt":"2021-03-04T11:25:19","guid":{"rendered":"https:\/\/www.radiopiu.net\/wordpress\/?p=195026"},"modified":"2021-03-04T13:55:53","modified_gmt":"2021-03-04T12:55:53","slug":"covid-il-punto-sullemergenza-del-presidente-del-veneto-luca-zaia","status":"publish","type":"post","link":"https:\/\/www.radiopiu.net\/wordpress\/covid-il-punto-sullemergenza-del-presidente-del-veneto-luca-zaia\/","title":{"rendered":"ITALIA VERSO IL ROSSO, LOMBARDIA ARANCIO SCURO E IL VENETO? LE RISPOSTE E PREVISIONI DA MARGHERA CON LUCA ZAIA INCIDE Rt 1.12"},"content":{"rendered":"<p><span style=\"color: #ff0000;\"><strong>AGGIORNAMENTO DEL TESTO IN TEMPO REALE<\/strong><\/span><\/p>\n<blockquote><p><strong>VENEZIA<\/strong> in diretta da Marghera il Presidente del Veneto per il punto sull&#8217;emergenza Covid-19.<\/p><\/blockquote>\n<p><strong>I NUMERI<\/strong><\/p>\n<p>TAMPONI MOLECOLARI 3 milioni 200 mila TAMPONI RAPIDI 4 milioni 900 mila TAMPONI IERI 41031 POSITIVI IERI 1487 INCIDENZA POSITIVI-TAMPONI 3,62% POSITIVI TOTALI DA INIZIO EPIDEMIA 338237 POSITIVI ATTUALI 26601 RICOVERI 1358\u00a0 IN AREA NON CRITICA 1202 (+8 ) IN TERAPIA INTENSIVA 156 (+1 ) RICOVERI 9911 (+20) DECESSI 16241<\/p>\n<p>&nbsp;<\/p>\n<blockquote>\n<h2>LEGGI LA CONFERENZA STAMPA DI LUCA ZAIA<\/h2>\n<\/blockquote>\n<p><em>Rt del Veneto oggi 1,12\u00a0 inoltre 151,3 su 100mila abitanti \u00e8 l&#8217;incidenza veneta (oltre i 250 chiudono le scuole),\u00a0 tassi di ospedalizzazione <strong>non<\/strong> importanti, rischiamo di passare in arancione da luned\u00ec.\u00a0 I cittadini devono mettersi in testa di usare i dispositivi ed evitare gli\u00a0 assembramenti. Ancora scuola: l&#8217;alto padovano \u00e8 alle soglie del blocco con 200 casi su 100mila abitanti, poi c&#8217;\u00e8 il Comelico gi\u00e0 zona rossa prima di Natale con chiusura dei bar, nell\u00a0 piccole comunit\u00e0\u00a0 l&#8217;aggregazione avviene in piccole realt\u00e0 e il contagio \u00e8 pi\u00f9 facile.<\/em><\/p>\n<p>L&#8217;Italia si colora sempre pi\u00f9 di rosso o arancione scuro. Dall&#8217;Emilia alla Lombardia i segnali sono evidenti. Oggi l&#8217;Rt \u00e8 di 1,12. Gli ospedali non sono sotto pressione ma l&#8217;indice di contagio dal punto pi\u00f9 basso \u00e8 schizzato a 1,12, \u00e8 verosimile ritornare a ballare in senso negativo. Quindi arrivano le turbolenze lo anticipa anche l&#8217;altro fattore 151,3 contagi su 100mila. La situazione \u00e8 atipica <span style=\"color: #ff0000;\"><strong>ABBIAMO UNA REGIONE CHE RISCHIA DI PASSARE IN ARANCIONE, LO SI SAPRA&#8217; DOMANI, IL CAMBIO DA LUNEDI<\/strong><\/span> ma abbiamo un tasso di ospedalizzazione non preoccupante. Veniamo da due mesi di calo che hanno dato ossigeno alle strutture ma siamo in allerta. Oggi molte regioni stanno vivendo la situazione negativa gi\u00e0 vissuta dal Veneto a dicembre. Spero si possa dire &#8211; ma \u00e8 una speranza &#8211; che il Veneto avendo gi\u00e0 dato a novembre e dicembre, sia risparmiato da questa ondata, ma le turbolenze in volo stanno arrivando. <strong>SCUOLA<\/strong> Stiamo facendo un&#8217;analisi seria gi\u00e0 a livello comunale.\u00a0 Padova \u00e8 gi\u00e0 a 200 casi per 100 mila abitanti e rischia di essere la prima realt\u00e0 che va oltre i 250 casi per 100 mila quindi con la chiusura delle scuole.da inizio gennaio ad oggi abbiamo avuto 2372 studenti coinvolti in casi di contagio e 34552 ragazzi in quarantena, 323 docenti positivi, in quarantena 2238. Il tema delle varianti pesa molto di pi\u00f9 sui giovani che frequentano le scuole. Per fortuna c&#8217;\u00e8 la didattica a distanza un\u00a0 impegno premiato. <strong>DAD ANCHE PER LE SCUOLE MEDIE IN CASO DI VARIAZIONI?<\/strong> Non escludo nulla, ho citato la Dad alle medie come elemento di virtuosit\u00e0. Se si va in rosso si chiude tutto, in arancione con 250 contagi su 100 mila, attualmente non sono in corso valutazioni in proposito.\u00a0 <strong>UNA SOLA DOSE DI VACCINO PER GLI INFETTI DEGLI ULTIMI SEI MESI<\/strong> Ora \u00e8 ufficiale non servir\u00e0 la seconda dose. INTERVALLO PRIMA-SECONDA DOSE \u00a0c&#8217;\u00e8 ancora dibattito sulle tempistiche, la proposta era di dilatare a 42 giorni il Pfizer, quindi noi facciamo il richiamo intorno al 21esimo giorno, nell&#8217;attesa della autorizzazione.\u00a0 <strong>IN COMELICO<\/strong> un forse troppo accorto uso della mascherina e\u00a0 l&#8217;aggregazione sociale \u00e8 il problema, qui abbiamo avuto i picchi di contagio massimo. L&#8217;aggregazione della comunit\u00e0 in pochi spazi\u00a0 fa la differenza. <strong>VENEZIA VIETA GLI ALCOOLICI\u00a0<\/strong> Ha fatto bene il sindaco e questa \u00e8 la dimostrazione del gioco di squadra. I sindaci hanno sempre dimostrato di avere a cuore i cittadini, non troverete mai una mia ordinanza contraria a chi aggiunge restrizioni a vantaggio del cittadino. I sindaci conoscono il loro territorio e sa dove si verificano assembramenti.<strong> E LA FAMOSA APP REGIONE, STANZIATI 260 MILA EURO?<\/strong> \u00e8 stata fatta, poi visto il crescere dell&#8217;infezione a novembre e dicembre \u00e8 stato deciso di non attivarla perch\u00e9 avrebbe creato solo confusione, adesso vedremo di capire a che punto sia<\/p>\n<blockquote class=\"wp-embedded-content\" data-secret=\"nZfH0OKxvD\"><p><a href=\"https:\/\/www.radiopiu.net\/wordpress\/monitoraggio-delle-scuole-e-covid-19-in-veneto\/\">MONITORAGGIO DELLE SCUOLE E COVID-19 IN VENETO<\/a><\/p><\/blockquote>\n<p><iframe loading=\"lazy\" class=\"wp-embedded-content\" sandbox=\"allow-scripts\" security=\"restricted\" style=\"position: absolute; clip: rect(1px, 1px, 1px, 1px);\" title=\"&#8220;MONITORAGGIO DELLE SCUOLE E COVID-19 IN VENETO&#8221; &#8212; Radio Pi\u00f9\" src=\"https:\/\/www.radiopiu.net\/wordpress\/monitoraggio-delle-scuole-e-covid-19-in-veneto\/embed\/#?secret=nZfH0OKxvD\" data-secret=\"nZfH0OKxvD\" width=\"600\" height=\"338\" frameborder=\"0\" marginwidth=\"0\" marginheight=\"0\" scrolling=\"no\"><\/iframe><\/p>\n<p><a href=\"https:\/\/www.facebook.com\/zaiaufficiale\/videos\/2190524881082893\">https:\/\/www.facebook.com\/zaiaufficiale\/videos\/2190524881082893<\/a><\/p>\n<p><a href=\"https:\/\/www.radiopiu.net\/wordpress\/covid-il-punto-sullemergenza-del-presidente-del-veneto-luca-zaia\/5808c8cf-dae0-4d30-93d4-c63736407ef9\/\" rel=\"attachment wp-att-195051\"><img loading=\"lazy\" decoding=\"async\" class=\"alignnone wp-image-195051 size-full\" src=\"https:\/\/www.radiopiu.net\/wordpress\/wp-content\/uploads\/2021\/03\/5808c8cf-dae0-4d30-93d4-c63736407ef9.jpg\" alt=\"\" width=\"1081\" height=\"1354\" srcset=\"https:\/\/www.radiopiu.net\/wordpress\/wp-content\/uploads\/2021\/03\/5808c8cf-dae0-4d30-93d4-c63736407ef9.jpg 1081w, https:\/\/www.radiopiu.net\/wordpress\/wp-content\/uploads\/2021\/03\/5808c8cf-dae0-4d30-93d4-c63736407ef9-240x300.jpg 240w, https:\/\/www.radiopiu.net\/wordpress\/wp-content\/uploads\/2021\/03\/5808c8cf-dae0-4d30-93d4-c63736407ef9-818x1024.jpg 818w, https:\/\/www.radiopiu.net\/wordpress\/wp-content\/uploads\/2021\/03\/5808c8cf-dae0-4d30-93d4-c63736407ef9-768x962.jpg 768w\" sizes=\"auto, (max-width: 1081px) 100vw, 1081px\" \/><\/a><\/p>\n","protected":false},"excerpt":{"rendered":"<p>AGGIORNAMENTO DEL TESTO IN TEMPO REALE VENEZIA in diretta da Marghera il Presidente del Veneto per il punto sull&#8217;emergenza Covid-19. I NUMERI TAMPONI MOLECOLARI 3 milioni 200 mila TAMPONI RAPIDI 4 milioni 900 mila TAMPONI IERI 41031 POSITIVI IERI 1487 INCIDENZA POSITIVI-TAMPONI 3,62% POSITIVI TOTALI DA INIZIO EPIDEMIA 338237 POSITIVI ATTUALI 26601 RICOVERI 1358\u00a0 IN&hellip;<\/p>\n","protected":false},"author":4,"featured_media":175390,"comment_status":"closed","ping_status":"closed","sticky":false,"template":"","format":"standard","meta":{"_monsterinsights_skip_tracking":false,"_monsterinsights_sitenote_active":false,"_monsterinsights_sitenote_note":"","_monsterinsights_sitenote_category":0,"footnotes":""},"categories":[51,49],"tags":[],"class_list":["post-195026","post","type-post","status-publish","format-standard","has-post-thumbnail","hentry","category-evidenza-top","category-news-18","category-51","category-49","description-off"],"img_url":"https:\/\/www.radiopiu.net\/wordpress\/wp-content\/uploads\/2020\/11\/ZAIA-2.jpg","_links":{"self":[{"href":"https:\/\/www.radiopiu.net\/wordpress\/wp-json\/wp\/v2\/posts\/195026","targetHints":{"allow":["GET"]}}],"collection":[{"href":"https:\/\/www.radiopiu.net\/wordpress\/wp-json\/wp\/v2\/posts"}],"about":[{"href":"https:\/\/www.radiopiu.net\/wordpress\/wp-json\/wp\/v2\/types\/post"}],"author":[{"embeddable":true,"href":"https:\/\/www.radiopiu.net\/wordpress\/wp-json\/wp\/v2\/users\/4"}],"replies":[{"embeddable":true,"href":"https:\/\/www.radiopiu.net\/wordpress\/wp-json\/wp\/v2\/comments?post=195026"}],"version-history":[{"count":0,"href":"https:\/\/www.radiopiu.net\/wordpress\/wp-json\/wp\/v2\/posts\/195026\/revisions"}],"wp:featuredmedia":[{"embeddable":true,"href":"https:\/\/www.radiopiu.net\/wordpress\/wp-json\/wp\/v2\/media\/175390"}],"wp:attachment":[{"href":"https:\/\/www.radiopiu.net\/wordpress\/wp-json\/wp\/v2\/media?parent=195026"}],"wp:term":[{"taxonomy":"category","embeddable":true,"href":"https:\/\/www.radiopiu.net\/wordpress\/wp-json\/wp\/v2\/categories?post=195026"},{"taxonomy":"post_tag","embeddable":true,"href":"https:\/\/www.radiopiu.net\/wordpress\/wp-json\/wp\/v2\/tags?post=195026"}],"curies":[{"name":"wp","href":"https:\/\/api.w.org\/{rel}","templated":true}]}}