{"id":195117,"date":"2021-03-05T05:49:58","date_gmt":"2021-03-05T04:49:58","guid":{"rendered":"https:\/\/www.radiopiu.net\/wordpress\/?p=195117"},"modified":"2021-03-05T06:03:17","modified_gmt":"2021-03-05T05:03:17","slug":"nero-su-bianchi-lordinanza-sugli-esami-di-giugno","status":"publish","type":"post","link":"https:\/\/www.radiopiu.net\/wordpress\/nero-su-bianchi-lordinanza-sugli-esami-di-giugno\/","title":{"rendered":"NERO SU &#8220;BIANCHI&#8221; L&#8217;ORDINANZA SUGLI ESAMI DI GIUGNO"},"content":{"rendered":"<p><strong><a href=\"https:\/\/www.radiopiu.net\/wordpress\/nero-su-bianchi-lordinanza-sugli-esami-di-giugno\/math-5247958_960_720\/\" rel=\"attachment wp-att-195120\"><img loading=\"lazy\" decoding=\"async\" class=\" wp-image-195120 alignleft\" src=\"https:\/\/www.radiopiu.net\/wordpress\/wp-content\/uploads\/2021\/03\/math-5247958_960_720-300x200.jpg\" alt=\"\" width=\"213\" height=\"142\" srcset=\"https:\/\/www.radiopiu.net\/wordpress\/wp-content\/uploads\/2021\/03\/math-5247958_960_720-300x200.jpg 300w, https:\/\/www.radiopiu.net\/wordpress\/wp-content\/uploads\/2021\/03\/math-5247958_960_720-768x512.jpg 768w, https:\/\/www.radiopiu.net\/wordpress\/wp-content\/uploads\/2021\/03\/math-5247958_960_720.jpg 960w\" sizes=\"auto, (max-width: 213px) 100vw, 213px\" \/><\/a>ROMA<\/strong>\u00a0Il Ministro dell\u2019Istruzione, Professor Patrizio Bianchi, ha firmato le Ordinanze sugli Esami di Stato del primo e del secondo ciclo di istruzione e sulle modalit\u00e0 di nomina e costituzione delle Commissioni. Le Ordinanze definiscono gli Esami di giugno, tenendo conto dell\u2019emergenza sanitaria e del suo impatto sulla vita scolastica e del Paese. Sia per il primo che per il secondo ciclo, l\u2019Esame avr\u00e0 una prova orale, in presenza, che partir\u00e0 dalla discussione di un elaborato il cui argomento sar\u00e0 assegnato alle studentesse e agli studenti dal Consiglio di classe nei mesi che precedono l\u2019Esame stesso, affinch\u00e9 possano curarne attentamente gli sviluppi, affiancati da un loro insegnante. Nella scuola secondaria di secondo grado l\u2019elaborato riguarder\u00e0 le discipline caratterizzanti l\u2019indirizzo di studi. Le Ordinanze sono state firmate dopo essere state sottoposte al parere del Consiglio superiore della Pubblica Istruzione. I testi sono disponibili sul sito del Ministero dell\u2019Istruzione, con i relativi allegati.<\/p>\n","protected":false},"excerpt":{"rendered":"<p>ROMA\u00a0Il Ministro dell\u2019Istruzione, Professor Patrizio Bianchi, ha firmato le Ordinanze sugli Esami di Stato del primo e del secondo ciclo di istruzione e sulle modalit\u00e0 di nomina e costituzione delle Commissioni. Le Ordinanze definiscono gli Esami di giugno, tenendo conto dell\u2019emergenza sanitaria e del suo impatto sulla vita scolastica e del Paese. Sia per il&hellip;<\/p>\n","protected":false},"author":4,"featured_media":195120,"comment_status":"closed","ping_status":"closed","sticky":false,"template":"","format":"standard","meta":{"_monsterinsights_skip_tracking":false,"_monsterinsights_sitenote_active":false,"_monsterinsights_sitenote_note":"","_monsterinsights_sitenote_category":0,"footnotes":""},"categories":[51,49],"tags":[],"class_list":["post-195117","post","type-post","status-publish","format-standard","has-post-thumbnail","hentry","category-evidenza-top","category-news-18","category-51","category-49","description-off"],"img_url":"https:\/\/www.radiopiu.net\/wordpress\/wp-content\/uploads\/2021\/03\/math-5247958_960_720.jpg","_links":{"self":[{"href":"https:\/\/www.radiopiu.net\/wordpress\/wp-json\/wp\/v2\/posts\/195117","targetHints":{"allow":["GET"]}}],"collection":[{"href":"https:\/\/www.radiopiu.net\/wordpress\/wp-json\/wp\/v2\/posts"}],"about":[{"href":"https:\/\/www.radiopiu.net\/wordpress\/wp-json\/wp\/v2\/types\/post"}],"author":[{"embeddable":true,"href":"https:\/\/www.radiopiu.net\/wordpress\/wp-json\/wp\/v2\/users\/4"}],"replies":[{"embeddable":true,"href":"https:\/\/www.radiopiu.net\/wordpress\/wp-json\/wp\/v2\/comments?post=195117"}],"version-history":[{"count":0,"href":"https:\/\/www.radiopiu.net\/wordpress\/wp-json\/wp\/v2\/posts\/195117\/revisions"}],"wp:featuredmedia":[{"embeddable":true,"href":"https:\/\/www.radiopiu.net\/wordpress\/wp-json\/wp\/v2\/media\/195120"}],"wp:attachment":[{"href":"https:\/\/www.radiopiu.net\/wordpress\/wp-json\/wp\/v2\/media?parent=195117"}],"wp:term":[{"taxonomy":"category","embeddable":true,"href":"https:\/\/www.radiopiu.net\/wordpress\/wp-json\/wp\/v2\/categories?post=195117"},{"taxonomy":"post_tag","embeddable":true,"href":"https:\/\/www.radiopiu.net\/wordpress\/wp-json\/wp\/v2\/tags?post=195117"}],"curies":[{"name":"wp","href":"https:\/\/api.w.org\/{rel}","templated":true}]}}