{"id":195191,"date":"2021-03-06T06:00:45","date_gmt":"2021-03-06T05:00:45","guid":{"rendered":"https:\/\/www.radiopiu.net\/wordpress\/?p=195191"},"modified":"2021-03-06T09:50:16","modified_gmt":"2021-03-06T08:50:16","slug":"giornale-radiopiu-06-marzo-2021-direttore-mirko-mezzacasa","status":"publish","type":"post","link":"https:\/\/www.radiopiu.net\/wordpress\/giornale-radiopiu-06-marzo-2021-direttore-mirko-mezzacasa\/","title":{"rendered":"GIORNALE RADIOPIU 06 MARZO 2021 DIRETTORE MIRKO MEZZACASA"},"content":{"rendered":"<h3><a href=\"https:\/\/www.radiopiu.net\/wordpress\/giornale-radiopiu-24-gennaio-2021-direttore-mirko-mezzacasa\/141433770_171616291414874_2957460898102012198_n\/\" rel=\"attachment wp-att-186566\"><img loading=\"lazy\" decoding=\"async\" class=\"wp-image-186566 alignleft\" src=\"https:\/\/www.radiopiu.net\/wordpress\/wp-content\/uploads\/2021\/01\/141433770_171616291414874_2957460898102012198_n-300x300.jpg\" alt=\"\" width=\"144\" height=\"144\" srcset=\"https:\/\/www.radiopiu.net\/wordpress\/wp-content\/uploads\/2021\/01\/141433770_171616291414874_2957460898102012198_n-300x300.jpg 300w, https:\/\/www.radiopiu.net\/wordpress\/wp-content\/uploads\/2021\/01\/141433770_171616291414874_2957460898102012198_n-150x150.jpg 150w, https:\/\/www.radiopiu.net\/wordpress\/wp-content\/uploads\/2021\/01\/141433770_171616291414874_2957460898102012198_n-768x768.jpg 768w, https:\/\/www.radiopiu.net\/wordpress\/wp-content\/uploads\/2021\/01\/141433770_171616291414874_2957460898102012198_n.jpg 800w\" sizes=\"auto, (max-width: 144px) 100vw, 144px\" \/><\/a>PER<strong> RICEVERE QUESTO NOTIZIARIO DIRETTAMENTE SUL TUO CELLULARE ISCRIVITI AL CANALE TELEGRAM <\/strong><strong>\u201cRADIO PIU\u00a0 INFORMAZIONE&#8221;\u00a0<\/strong><\/h3>\n<h3>SUPERATI I 3000 ISCRITTI, il CANALE TELEGRAM&#8230; UNISCITI A: RADIO PIU INFORMAZIONE<\/h3>\n<p>&nbsp;<\/p>\n<p>&nbsp;<\/p>\n<p><em><a href=\"https:\/\/www.radiopiu.net\/wordpress\/giornale-radiopiu-24-gennaio-2021-direttore-mirko-mezzacasa\/79216601_126817312416448_708980208774483089_n\/\" rel=\"attachment wp-att-186567\"><img loading=\"lazy\" decoding=\"async\" class=\"size-medium wp-image-186567 alignright\" src=\"https:\/\/www.radiopiu.net\/wordpress\/wp-content\/uploads\/2021\/01\/79216601_126817312416448_708980208774483089_n-300x114.jpg\" alt=\"\" width=\"300\" height=\"114\" srcset=\"https:\/\/www.radiopiu.net\/wordpress\/wp-content\/uploads\/2021\/01\/79216601_126817312416448_708980208774483089_n-300x114.jpg 300w, https:\/\/www.radiopiu.net\/wordpress\/wp-content\/uploads\/2021\/01\/79216601_126817312416448_708980208774483089_n-768x292.jpg 768w, https:\/\/www.radiopiu.net\/wordpress\/wp-content\/uploads\/2021\/01\/79216601_126817312416448_708980208774483089_n.jpg 820w\" sizes=\"auto, (max-width: 300px) 100vw, 300px\" \/><\/a><span style=\"color: #ff0000;\">ATTENZIONE: LA NUOVA APP PER IOS-IPHONE di Nicola Vettorello <\/span><\/em><a href=\"https:\/\/apps.apple.com\/it\/app\/radio-pi%C3%B9-emittente-agordina\/id1515939845\">https:\/\/apps.apple.com\/it\/app\/radio-pi%C3%B9-emittente-agordina\/id1515939845<\/a><\/p>\n<p><em style=\"color: #ff0000;\">ATTENZIONE: LA NUOVA APP RADIO\u00a0 PER ANDROID di Nicola Vettorello<\/em><\/p>\n<p><a href=\"https:\/\/play.google.com\/store\/apps\/details?id=net.radiopiu.iniko\" target=\"_blank\" rel=\"noopener noreferrer\">https:\/\/play.google.com\/store\/apps\/details?id=net.radiopiu.iniko\u00a0\u00a0<\/a><\/p>\n<p>&nbsp;<\/p>\n<hr \/>\n<p>&nbsp;<\/p>\n<p>&nbsp;<\/p>\n<blockquote>\n<h3>AUGURI SPERANZA! 103 ANNI DA FESTEGGIARE IN RIVA AL LAGO<\/h3>\n<\/blockquote>\n<p><strong><a href=\"https:\/\/www.radiopiu.net\/wordpress\/giornale-radiopiu-06-marzo-2021-direttore-mirko-mezzacasa\/th-60\/\" rel=\"attachment wp-att-195423\"><img loading=\"lazy\" decoding=\"async\" class=\" wp-image-195423 alignleft\" src=\"https:\/\/www.radiopiu.net\/wordpress\/wp-content\/uploads\/2021\/03\/th-4-300x140.jpg\" alt=\"\" width=\"214\" height=\"100\" srcset=\"https:\/\/www.radiopiu.net\/wordpress\/wp-content\/uploads\/2021\/03\/th-4-300x140.jpg 300w, https:\/\/www.radiopiu.net\/wordpress\/wp-content\/uploads\/2021\/03\/th-4.jpg 363w\" sizes=\"auto, (max-width: 214px) 100vw, 214px\" \/><\/a>ALLEGHE<\/strong> Che festa oggi sotto al Civetta, Speranza Bellenzier compie i primi 103 anni circondata e festeggiata da parenti ed amici. Alla radio gli auguri del sindaco, Danilo De Toni<\/p>\n<p>&nbsp;<\/p>\n<p>&nbsp;<\/p>\n<p>&nbsp;<\/p>\n<p><strong>IL MESSAGGIO ALLA RADIO\u00a0 voce Luisa Alchini<\/strong><\/p>\n<audio class=\"wp-audio-shortcode\" id=\"audio-195191-1\" preload=\"none\" style=\"width: 100%;\" controls=\"controls\"><source type=\"audio\/mpeg\" src=\"https:\/\/www.radiopiu.net\/wordpress\/wp-content\/uploads\/2021\/03\/auguri-nonna-Speranza.mp3?_=1\" \/><a href=\"https:\/\/www.radiopiu.net\/wordpress\/wp-content\/uploads\/2021\/03\/auguri-nonna-Speranza.mp3\">https:\/\/www.radiopiu.net\/wordpress\/wp-content\/uploads\/2021\/03\/auguri-nonna-Speranza.mp3<\/a><\/audio>\n<p>&nbsp;<\/p>\n<p><strong>IL MESSAGGIO DEL SINDACO DANILO DE TONI<\/strong><\/p>\n<audio class=\"wp-audio-shortcode\" id=\"audio-195191-2\" preload=\"none\" style=\"width: 100%;\" controls=\"controls\"><source type=\"audio\/mpeg\" src=\"https:\/\/www.radiopiu.net\/wordpress\/wp-content\/uploads\/2021\/03\/DANILO.mp3?_=2\" \/><a href=\"https:\/\/www.radiopiu.net\/wordpress\/wp-content\/uploads\/2021\/03\/DANILO.mp3\">https:\/\/www.radiopiu.net\/wordpress\/wp-content\/uploads\/2021\/03\/DANILO.mp3<\/a><\/audio>\n<p>&nbsp;<\/p>\n<p>&nbsp;<\/p>\n<hr \/>\n<p>&nbsp;<\/p>\n<h3><span style=\"color: #0000ff;\"><strong>ATTENZIONE ALLE TRUFFE PORTA A PORTA O PER CORRISPONDENZA: PRIMO NON PAGARE, SECONDO CHIAMARE I CARABINIERI<\/strong><\/span><\/h3>\n<p><strong><a href=\"https:\/\/www.radiopiu.net\/wordpress\/truffa-ai-danni-di-unanziana-dalla-banca-preleva-5000-euro\/truffa-anziana-610x264\/\" rel=\"attachment wp-att-44797\"><img loading=\"lazy\" decoding=\"async\" class=\"wp-image-44797 alignleft\" src=\"https:\/\/www.radiopiu.net\/wordpress\/wp-content\/uploads\/2018\/03\/truffa-anziana-610x264-300x130.jpg\" alt=\"\" width=\"205\" height=\"89\" srcset=\"https:\/\/www.radiopiu.net\/wordpress\/wp-content\/uploads\/2018\/03\/truffa-anziana-610x264-300x130.jpg 300w, https:\/\/www.radiopiu.net\/wordpress\/wp-content\/uploads\/2018\/03\/truffa-anziana-610x264.jpg 610w\" sizes=\"auto, (max-width: 205px) 100vw, 205px\" \/><\/a>L&#8217;ALLARME APPELLO DEL SINDACO DI ROCCA PIETORE ANDREA DE BERNARDIN:<\/strong> &#8220;<em>Ci sono due tipi, uomo e donna che girano per le case dicendo che \u00e8 il Comune ad avergli fornito i numeri civici per un sondaggio. Non apritegli o chiamate i carabinieri&#8221;<\/em><\/p>\n<p>&nbsp;<\/p>\n<p>&nbsp;<\/p>\n<p><strong>LE FALSE LETTERE DI SAPPADA<\/strong> I carabinieri hanno avviato una serie di indagini su un caso misterioso di richiesta di denaro avanzato ai cittadini di Sappada. Il sindaco Manuel Piller Hoffer: <em>\u00abMi giunge notizia, confermato anche da altri membri dell&#8217;amministrazione comunale, che nei giorni scorsi sono state recapitate ai nostri concittadini una serie di lettere in cui viene richiesto il pagamento di una somma di denaro da rimandare alla pulizia e allo sgombero della neve. La presunta lettera sembrerebbe recare come mittente il Comune di Sappada. Mi preme chiarire che tali lettere sono assolutamente un falso, il Comune di Sappada non ha mai inviato niente di tutto ci\u00f2&#8221;<\/em>.<\/p>\n<p>&nbsp;<\/p>\n<hr \/>\n<p>&nbsp;<\/p>\n<blockquote>\n<h2 style=\"text-align: center;\">IL VENETO IN ARANCIONE DA LUNEDI&#8217;<\/h2>\n<h3 style=\"text-align: left;\">\u00a0Il Ministro della Salute, Roberto Speranza, sulla base dei dati e delle indicazioni della Cabina di Regia, ha firmato le nuove ordinanze che andranno in vigore a partire da luned\u00ec 8 Marzo. Passano in area arancione le Regioni Friuli Venezia Giulia e Veneto e in zona rossa la regione Campania<\/h3>\n<\/blockquote>\n<p>&nbsp;<\/p>\n<p><a href=\"https:\/\/www.radiopiu.net\/wordpress\/il-veneto-in-arancione-da-lunedi-lo-ha-comunicato-speranza-a-zaia\/zonaarancione-2\/\" rel=\"attachment wp-att-195277\"><img loading=\"lazy\" decoding=\"async\" class=\"wp-image-195277 aligncenter\" src=\"https:\/\/www.radiopiu.net\/wordpress\/wp-content\/uploads\/2021\/03\/zonaarancione-2-616x1024.jpg\" alt=\"\" width=\"291\" height=\"483\" srcset=\"https:\/\/www.radiopiu.net\/wordpress\/wp-content\/uploads\/2021\/03\/zonaarancione-2-616x1024.jpg 616w, https:\/\/www.radiopiu.net\/wordpress\/wp-content\/uploads\/2021\/03\/zonaarancione-2-181x300.jpg 181w, https:\/\/www.radiopiu.net\/wordpress\/wp-content\/uploads\/2021\/03\/zonaarancione-2-768x1276.jpg 768w, https:\/\/www.radiopiu.net\/wordpress\/wp-content\/uploads\/2021\/03\/zonaarancione-2-925x1536.jpg 925w, https:\/\/www.radiopiu.net\/wordpress\/wp-content\/uploads\/2021\/03\/zonaarancione-2.jpg 1080w\" sizes=\"auto, (max-width: 291px) 100vw, 291px\" \/><\/a><\/p>\n<blockquote><p><strong>Belluno aderisce alla campagna regionale di prevenzione anti Covid dedicata ai pi\u00f9 giovani. <\/strong><strong>I &#8220;tamponi dello spritz&#8221;, verranno fatti oggi dalle 16 alle 18 in piazza, dopo che l&#8217;iniziativa regionale si \u00e8 gi\u00e0 svolta a Treviso, Vicenza, Verona e Padova. L&#8217;idea \u00e8 che ne usufruiscano soprattutto i giovani che frequentano il centro nel fine settimana.\u00a0<\/strong><\/p>\n<p>&nbsp;<\/p><\/blockquote>\n<hr \/>\n<p>&nbsp;<\/p>\n<blockquote>\n<h2>GALLERIA COMELICO, PROROGATA L&#8217;ORDINANZA DI CHIUSURA NOTTURNA<\/h2>\n<\/blockquote>\n<blockquote>\n<h3><em><img loading=\"lazy\" decoding=\"async\" class=\"alignleft\" src=\"https:\/\/www.radiopiu.net\/wordpress\/wp-content\/uploads\/2020\/05\/VENETO-STRADE-300x300.png\" width=\"123\" height=\"123\" \/>PROCEDONO I RILIEVI PRESSO LA GALLERIA COMELICO SULLA SS 52\u00a0<\/em><\/h3>\n<\/blockquote>\n<p>Per consentire l\u2019avanzamento delle indagini geognostiche e geofisiche nella galleria Comelico, sono state programmate nuove limitazioni temporanee al transito lungo la strada statale 52 \u201cCarnica\u201d. Da luned\u00ec 8 e fino a venerd\u00ec 19 marzo, nella fascia 21:15- 5:45, giorni festivi esclusi, sar\u00e0 chiusa al transito la galleria Comelico, dal km 81 al km 85. Il traffico veicolare sar\u00e0 deviato sulla SP 532 Passo S. Antonio; i mezzi pesanti trainanti un rimorchio saranno invece deviati sulla SR 48 delle Dolomiti e sulla SP 49 Misurina.<\/p>\n<p>&nbsp;<\/p>\n<p>&nbsp;<\/p>\n<hr \/>\n<p>&nbsp;<\/p>\n<p><strong><a href=\"https:\/\/www.radiopiu.net\/wordpress\/giornale-radiopiu-09-agosto-2018-direttore-mirko-mezzacasa\/acqua\/\" rel=\"attachment wp-att-57052\"><img loading=\"lazy\" decoding=\"async\" class=\" wp-image-57052 alignleft\" src=\"https:\/\/www.radiopiu.net\/wordpress\/wp-content\/uploads\/2018\/08\/ACQUA-300x180.jpeg\" alt=\"\" width=\"253\" height=\"152\" srcset=\"https:\/\/www.radiopiu.net\/wordpress\/wp-content\/uploads\/2018\/08\/ACQUA-300x180.jpeg 300w, https:\/\/www.radiopiu.net\/wordpress\/wp-content\/uploads\/2018\/08\/ACQUA-768x461.jpeg 768w, https:\/\/www.radiopiu.net\/wordpress\/wp-content\/uploads\/2018\/08\/ACQUA-1024x614.jpeg 1024w, https:\/\/www.radiopiu.net\/wordpress\/wp-content\/uploads\/2018\/08\/ACQUA.jpeg 1280w\" sizes=\"auto, (max-width: 253px) 100vw, 253px\" \/><\/a>Gestione Servizi Pubblici informa che a CANALE D&#8217;AGORDO in localit\u00e0 CARFON, l&#8217;acqua erogata dall&#8217;acquedotto \u00e8 di nuovo potabile e pu\u00f2 essere usata, quindi, per scopi alimentari. Per informazioni \u00e8 possibile contattare il Servizio Clienti al numero 800 306 999 o +39 0445 230521 (da estero) .<br \/>\n<\/strong><\/p>\n<p><strong>A RIVAMONTE AGORDINO nelle localit\u00e0 MIOTTE, ZENICH, MOTTES, ZEP-SCHENA, SARET, ROSTE, PALUCH, GONA DI CONEDERA, PONTE ALTO, LONIE, SANTEL, ROSSON, VIA ROMA, VILLAGRANDE E TOS, l&#8217;acqua erogata dall&#8217;acquedotto non \u00e8 potabile e pu\u00f2 essere usata per scopi alimentari SOLO PREVIA bollitura.<\/strong><\/p>\n<p>&nbsp;<\/p>\n<hr \/>\n<blockquote>\n<h3><\/h3>\n<h3>LE VITTIME IN ITALIA SONO QUASI 100 MILA<\/h3>\n<\/blockquote>\n<p><strong>ITALIA<\/strong> In cinque giorni c&#8217;\u00e8 stato il balzo dei contagi, mezza Italia verso il lockdown totale, superati i 3 milioni di casi, ieri 24mila nuovi contagi, 297 vittime (99.271 il totale)<\/p>\n<p><strong>VENETO<\/strong> Da lunedi la regione in zona arancione, per il momento le scuole rimangono aperte mentre l&#8217; Rt sale a 1,12, l&#8217;incidenza a 151 ogni 100 mila abitanti, ieri i nuovi casi di infezione sono stati 1.337 (1.620 il 4 marzo, 1.277 mercoledi), cresce il numero degli attualmente positivi: 27.430. Sono 1.219 i pazienti in area non critica (+17),\u00a0 in terapia intensiva 153\u00a0 (157 il 4 di marzo). L&#8217;eccesso di mortalit\u00e0 legato al Covid dell&#8217;ultimo trimestre del 2020 ha quasi raddoppiato quello della prima ondata: era al 19,4%, ora \u00e8 al 44,4%.<\/p>\n<blockquote>\n<h3><\/h3>\n<h3>UN DECESSO NELLE 24 ORE, 52 NUOVI POSITIVI 808 POSITIVI ATTUALI NEGLI OSPEDALI SCENDE IL NUMERO DEI PAZIENTI DAI 74 DI IERI AI 69 DI OGGI<\/h3>\n<\/blockquote>\n<p><strong>BELLUNO <\/strong>Nelle ultime 24 ore \u00e8 deceduto un uomo di 72 anni ricoverato in Rianimazione a Belluno.<\/p>\n<p align=\"JUSTIFY\"><span style=\"font-size: medium;\"><b>Ricoveri <\/b><\/span><\/p>\n<p align=\"JUSTIFY\"><span style=\"font-size: medium;\"><i>(dato alle ore 17.00 fonte: Azienda Zero)<\/i><\/span><\/p>\n<p align=\"JUSTIFY\"><span style=\"font-size: medium;\">Le persone attualmente POSITIVE ricoverate negli ospedali dell\u2019Ulss Dolomiti sono<\/span>:<\/p>\n<table border=\"1\" width=\"652\" frame=\"HSIDES\" rules=\"GROUPS\" cellspacing=\"0\" cellpadding=\"7\">\n<tbody>\n<tr valign=\"TOP\">\n<td width=\"203\"><\/td>\n<td width=\"203\">\n<p align=\"JUSTIFY\"><span style=\"color: #365f91;\"><span style=\"font-size: medium;\"><b>Area NON CRITICA<\/b><\/span><\/span><\/p>\n<\/td>\n<td width=\"203\">\n<p align=\"JUSTIFY\"><span style=\"color: #365f91;\"><span style=\"font-size: medium;\"><b>Terapia Intensiva<\/b><\/span><\/span><\/p>\n<\/td>\n<\/tr>\n<\/tbody>\n<tbody>\n<tr valign=\"TOP\">\n<td bgcolor=\"#d3dfee\" width=\"203\">\n<p align=\"JUSTIFY\"><span style=\"color: #365f91;\"><span style=\"font-size: medium;\"><b>Ospedale di Belluno <\/b><\/span><\/span><\/p>\n<\/td>\n<td bgcolor=\"#d3dfee\" width=\"203\">\n<p align=\"CENTER\"><span style=\"color: #365f91;\"><span style=\"font-size: medium;\">35<\/span><\/span><\/p>\n<\/td>\n<td bgcolor=\"#d3dfee\" width=\"203\">\n<p align=\"CENTER\"><span style=\"color: #365f91;\"><span style=\"font-size: medium;\">6<\/span><\/span><\/p>\n<\/td>\n<\/tr>\n<tr valign=\"TOP\">\n<td bgcolor=\"#d3dfee\" width=\"203\">\n<p align=\"JUSTIFY\"><span style=\"color: #365f91;\"><span style=\"font-size: medium;\"><b>Ospedale di Feltre<\/b><\/span><\/span><\/p>\n<\/td>\n<td bgcolor=\"#d3dfee\" width=\"203\">\n<p align=\"CENTER\"><span style=\"color: #365f91;\"><span style=\"font-size: medium;\">9<\/span><\/span><\/p>\n<\/td>\n<td bgcolor=\"#d3dfee\" width=\"203\">\n<p align=\"CENTER\"><span style=\"color: #365f91;\"><span style=\"font-size: medium;\">4<\/span><\/span><\/p>\n<\/td>\n<\/tr>\n<\/tbody>\n<\/table>\n<p align=\"JUSTIFY\"><span style=\"font-size: medium;\">Le persone attualmente POSITIVE <\/span>ricoverate in Ospedale di Comunit\u00e0 sono:<\/p>\n<table border=\"1\" width=\"652\" frame=\"HSIDES\" rules=\"ROWS\" cellspacing=\"0\" cellpadding=\"7\">\n<tbody>\n<tr valign=\"TOP\">\n<td width=\"312\" height=\"24\"><\/td>\n<td width=\"312\">\n<p align=\"JUSTIFY\"><span style=\"color: #76923c;\"><span style=\"font-size: medium;\"><b>pazienti attualmente positivi<\/b><\/span><\/span><\/p>\n<\/td>\n<\/tr>\n<tr valign=\"TOP\">\n<td bgcolor=\"#e6eed5\" width=\"312\">\n<p align=\"JUSTIFY\"><span style=\"color: #76923c;\"><span style=\"font-size: medium;\"><b>Ospedale di Comunit\u00e0 di BELLUNO<\/b><\/span><\/span><\/p>\n<\/td>\n<td bgcolor=\"#e6eed5\" width=\"312\">\n<p align=\"CENTER\"><span style=\"color: #76923c;\"><span style=\"font-size: medium;\">8<\/span><\/span><\/p>\n<\/td>\n<\/tr>\n<tr valign=\"TOP\">\n<td bgcolor=\"#e6eed5\" width=\"312\">\n<p align=\"JUSTIFY\"><span style=\"color: #76923c;\"><span style=\"font-size: medium;\"><b>Ospedale di Comunit\u00e0 di FELTRE<\/b><\/span><\/span><\/p>\n<\/td>\n<td bgcolor=\"#e6eed5\" width=\"312\">\n<p align=\"CENTER\"><span style=\"color: #76923c;\"><span style=\"font-size: medium;\">7<\/span><\/span><\/p>\n<\/td>\n<\/tr>\n<\/tbody>\n<\/table>\n<p>&nbsp;<\/p>\n<p>&nbsp;<\/p>\n<hr \/>\n<p>&nbsp;<\/p>\n<p>&nbsp;<\/p>\n<blockquote>\n<h2>L&#8217;ULTIMO SALUTO A GIOVANNI MIGLIORANZA<\/h2>\n<\/blockquote>\n<p><strong><a href=\"https:\/\/www.radiopiu.net\/wordpress\/giornale-radiopiu-06-marzo-2021-direttore-mirko-mezzacasa\/21b6638e-ef0f-4d3a-bc91-6ae04fecc154\/\" rel=\"attachment wp-att-195414\"><img loading=\"lazy\" decoding=\"async\" class=\" wp-image-195414 alignleft\" src=\"https:\/\/www.radiopiu.net\/wordpress\/wp-content\/uploads\/2021\/03\/21b6638e-ef0f-4d3a-bc91-6ae04fecc154-300x169.jpg\" alt=\"\" width=\"195\" height=\"110\" srcset=\"https:\/\/www.radiopiu.net\/wordpress\/wp-content\/uploads\/2021\/03\/21b6638e-ef0f-4d3a-bc91-6ae04fecc154-300x169.jpg 300w, https:\/\/www.radiopiu.net\/wordpress\/wp-content\/uploads\/2021\/03\/21b6638e-ef0f-4d3a-bc91-6ae04fecc154-1024x576.jpg 1024w, https:\/\/www.radiopiu.net\/wordpress\/wp-content\/uploads\/2021\/03\/21b6638e-ef0f-4d3a-bc91-6ae04fecc154-768x432.jpg 768w, https:\/\/www.radiopiu.net\/wordpress\/wp-content\/uploads\/2021\/03\/21b6638e-ef0f-4d3a-bc91-6ae04fecc154-1536x864.jpg 1536w, https:\/\/www.radiopiu.net\/wordpress\/wp-content\/uploads\/2021\/03\/21b6638e-ef0f-4d3a-bc91-6ae04fecc154.jpg 2000w\" sizes=\"auto, (max-width: 195px) 100vw, 195px\" \/><\/a>SANTA GIUSTINA\u00a0<\/strong> I funerali di \u00a0Giovanni Miglioranza, deceduto gioved\u00ec mentre percorreva il sentiero 852 che da Roncoi porta al Passo Forza, si svolgeranno questa mattina alle 10,30 nella chiesa arcipretale di Santa Giustina. Lo sfortunato 54enne\u00a0 lascia la moglie Rita e quattro figli: Damiano, Lucia, Giordano e Stefano. Gianni, cos\u00ec era chiamato da tutti quelli che lo conoscevano, era uscito gioved\u00ec mattina molto presto per una escursione in Val Scura, ai piedi del Pizzocco.\u00a0 <em>&#8220;\u00c8 venuto improvvisamente a mancare mentre faceva quello che pi\u00f9 gli piaceva: andare in montagna, ci lascia un grande dolore&#8221; <\/em>dicono i famigliari\u00a0 in suo ricordo . Dalla famiglia un ringraziamento al personale del Soccorso Alpino, Suem e Carabinieri di Santa Giustina.<\/p>\n<p>&nbsp;<\/p>\n<hr \/>\n<p>&nbsp;<\/p>\n<p>&nbsp;<\/p>\n<blockquote>\n<h3>LA LOTTA PER LA VITA DI FANNY<\/h3>\n<\/blockquote>\n<p><strong>VAL DI ZOLDO<\/strong> Notizie confortanti da cauto ottimismo per la ragazza zoldana di 25 anni, Fanny Lovat vittima dell&#8217;incidente sci alpinistico di due giorni fa. E&#8217; ricoverata in terapia intensiva neurochirugica al Ca&#8217; Foncello\u00a0 di Treviso in prognosi riservata, la ragazza \u00e8\u00a0 \u00a0sedata e le condizioni restano gravi ma le tac sono risultate tutte negative.<\/p>\n<div id=\"articoloBody\" class=\"row bbianco nero\"><\/div>\n<div><\/div>\n<p>&nbsp;<\/p>\n<hr \/>\n<h3><\/h3>\n<h3><\/h3>\n<h3><span style=\"color: #ff0000;\">\u00a0I CONTAGI NELLE TERRE ALTE<\/span><\/h3>\n<blockquote>\n<h3>IN TERRITORIO FODOM PICCOLI NUMERI, MA GRANDI PREOCCUPAZIONE PER IL TREND &#8220;BASTA INCONTRI TRA AMICI&#8221; DICE IL SINDACO<\/h3>\n<\/blockquote>\n<p><strong><img loading=\"lazy\" decoding=\"async\" class=\"alignleft\" src=\"https:\/\/www.radiopiu.net\/wordpress\/wp-content\/uploads\/2017\/08\/Leandro-Grones-e1550756704790.jpg\" width=\"246\" height=\"164\" \/>LIVINALLONGO<\/strong>\u00a0 Il trend \u00e8 cambiato in territorio Fodom, salgono i positivi tutti giovanissimi e la contagiosit\u00e0 delle mutazioni \u00e8 purtroppo nota. Un invito al buonsenso ed al rispetto delle regole arriva direttamente dal sindaco Leandro Grones dopo l&#8217;aumento dei casi: da zero a 6 postiivi e 15 in isolamento<em> &#8220;Temo purtroppo non sia finita qui&#8221;\u00a0<\/em>dice il sindaco che aggiunge come il paese &#8211; casa si soggiorno compresa &#8211; nella prima e seconda ondata ha <em>&#8220;Tenuto botta&#8221;.\u00a0<\/em>Anche a <strong>Falcade<\/strong> contagio in ascesa con 16 positivi (+3) e 6 persone in isolamento (+3), stabile a <strong>Rocca Pietore<\/strong> (1-3), leggermente in ascesa a <strong>San Tomas<\/strong>o (2-2) e <strong>Agordo<\/strong> (9-10)\u00a0 <strong>Taibon<\/strong> 1-3<\/p>\n<p><strong>IL SINDACO LEANDRO GRONES<\/strong><\/p>\n<audio class=\"wp-audio-shortcode\" id=\"audio-195191-3\" preload=\"none\" style=\"width: 100%;\" controls=\"controls\"><source type=\"audio\/mpeg\" src=\"https:\/\/www.radiopiu.net\/wordpress\/wp-content\/uploads\/2021\/03\/leandro.mp3?_=3\" \/><a href=\"https:\/\/www.radiopiu.net\/wordpress\/wp-content\/uploads\/2021\/03\/leandro.mp3\">https:\/\/www.radiopiu.net\/wordpress\/wp-content\/uploads\/2021\/03\/leandro.mp3<\/a><\/audio>\n<p>&nbsp;<\/p>\n<p>&nbsp;<\/p>\n<hr \/>\n<p>&nbsp;<\/p>\n<blockquote>\n<h3>TUTTO E&#8217; BENE CIO&#8217; CHE FINISCE BENE, LO SPOGLIATOIO DEL CORTINA E&#8217; COVID FREE<\/h3>\n<\/blockquote>\n<p><a href=\"https:\/\/www.radiopiu.net\/wordpress\/tutto-e-bene-cio-che-finisce-bene-lo-spogliatoio-del-cortina-e-covid-free\/image001-107\/\" rel=\"attachment wp-att-195387\"><img loading=\"lazy\" decoding=\"async\" class=\" wp-image-195387 alignleft\" src=\"https:\/\/www.radiopiu.net\/wordpress\/wp-content\/uploads\/2021\/03\/image001-300x286.png\" alt=\"\" width=\"151\" height=\"144\" srcset=\"https:\/\/www.radiopiu.net\/wordpress\/wp-content\/uploads\/2021\/03\/image001-300x286.png 300w, https:\/\/www.radiopiu.net\/wordpress\/wp-content\/uploads\/2021\/03\/image001.png 317w\" sizes=\"auto, (max-width: 151px) 100vw, 151px\" \/><\/a><strong>CORTINA<\/strong> Con il test rapido erano risultati positivi 21 tra giocatori e staff della squadra di hockey ampezzana.\u00a0 La situazione \u00e8 sembrata strana,\u00a0 per il gran numero di positivi, perch\u00e9\u00a0 tutti erano in ottima salute e anche perch\u00e9 parecchi erano recidivi, essendo tra coloro che si sono negativizzati nei mesi di ottobre e novembre. Con tutta probabilit\u00e0 i kit rapidi utilizzati mercoled\u00ec, facevano parte di una partita poco precisa e il risultato \u00e8 stato alterato da questo difetto. Come da prassi, tutti i positivi, si sono dovuti sottoporre ad un test molecolare di controllo e il risultato finale \u00e8 che sono tutti risultati negativi. I test sono stati eseguiti direttamente dall\u2019 Ulss Dolomiti. In sostanza tutto \u00e8 bene ci\u00f2 che finisce bene e l\u2019attivit\u00e0 pu\u00f2 riprendere normalmente gi\u00e0 da oggi. Domani la squadra si recher\u00e0 a Feldkirch.<\/p>\n<p>&nbsp;<\/p>\n<hr \/>\n<p>&nbsp;<\/p>\n<h2><span style=\"color: #ff0000;\">ACC ED IDEAL STANDARD<\/span><\/h2>\n<p><strong>ACC<\/strong> La banche hanno bocciato il piano Acc e hanno detto no al prestito da 15 miloni di euro. Lo ha comunicato il Commissario Maurizio Castro con una lettera dopo l&#8217;incontro con gli istituti di credito. La Acc ha risorse fino al termine di questo mese, poi solo incognite. Ieri mattina corteo e sit-in in Municipio a Mel. Lavoratori, lavoratrici e sindacati\u00a0 chiedono risposte immediate dal Governo. I sindacalisti sono pronti ad altre forme di protesta con una marcia al Mise e sotto casa dei Ministri D&#8217;Inc\u00e0 e Franco.<\/p>\n<p><strong>IDEAL STANDARD<\/strong> Due giorni di sciopero a Borgo Valbelluna sede della Ideal Standard e c&#8217;\u00e8 stata piena adesione che ha portato al blocco del settore logistica. Gi\u00e0 fissate altre due giornate di stop nella produzione con l&#8217;obiettivo di portare ad un tavolo ministeriale la dirigenza del gruppo perch\u00e9 presenti il piano industriale e soprattutto faccia capire quale sar\u00e0 il futuro per 475 dipendenti.<\/p>\n<p>&nbsp;<\/p>\n<blockquote>\n<h3>LA PROTESTA ALL&#8217;ACC DI MEL, DAL POMERIGGIO OCCUPAZIONE PACIFICA DEL MUNICIPIO. RACCOLTA DAI NOTIZIARI DI IERI ALLA RADIO<\/h3>\n<\/blockquote>\n<blockquote class=\"wp-embedded-content\" data-secret=\"8VGzR2NWsi\"><p><a href=\"https:\/\/www.radiopiu.net\/wordpress\/accpom\/\">CONTINUA LA MOBILITAZIONE DELL&#8217;ACC, OCCUPAZIONE PACIFICA DEL MUNICIPIO DI MEL<\/a><\/p><\/blockquote>\n<p><iframe loading=\"lazy\" class=\"wp-embedded-content\" sandbox=\"allow-scripts\" security=\"restricted\" style=\"position: absolute; clip: rect(1px, 1px, 1px, 1px);\" title=\"&#8220;CONTINUA LA MOBILITAZIONE DELL&#8217;ACC, OCCUPAZIONE PACIFICA DEL MUNICIPIO DI MEL&#8221; &#8212; Radio Pi\u00f9\" src=\"https:\/\/www.radiopiu.net\/wordpress\/accpom\/embed\/#?secret=8VGzR2NWsi\" data-secret=\"8VGzR2NWsi\" width=\"600\" height=\"338\" frameborder=\"0\" marginwidth=\"0\" marginheight=\"0\" scrolling=\"no\"><\/iframe><\/p>\n<p>&nbsp;<\/p>\n<hr \/>\n<blockquote>\n<h3><\/h3>\n<h3>ACC: CONCRETIZZARE SUBITO IL PROGETTO ITALCOMP, A RISCHIO 750 FAMIGLIE<\/h3>\n<\/blockquote>\n<p><strong><a href=\"https:\/\/www.radiopiu.net\/wordpress\/il-ritorno-al-lavoro-dei-licenzati-dai-cinesi\/acc-mel\/\" rel=\"attachment wp-att-145345\"><img loading=\"lazy\" decoding=\"async\" class=\"size-medium wp-image-145345 alignleft\" src=\"https:\/\/www.radiopiu.net\/wordpress\/wp-content\/uploads\/2020\/06\/ACC-MEL-300x300.png\" alt=\"\" width=\"300\" height=\"300\" srcset=\"https:\/\/www.radiopiu.net\/wordpress\/wp-content\/uploads\/2020\/06\/ACC-MEL-300x300.png 300w, https:\/\/www.radiopiu.net\/wordpress\/wp-content\/uploads\/2020\/06\/ACC-MEL-150x150.png 150w, https:\/\/www.radiopiu.net\/wordpress\/wp-content\/uploads\/2020\/06\/ACC-MEL-768x768.png 768w, https:\/\/www.radiopiu.net\/wordpress\/wp-content\/uploads\/2020\/06\/ACC-MEL.png 796w\" sizes=\"auto, (max-width: 300px) 100vw, 300px\" \/><\/a>BORGO VALBELLUNA\u00a0<\/strong>&#8220;<em>I lavoratori della ACC di Mel sono in presidio davanti ai cancelli dell\u2019azienda, una prima azione di mobilitazione<\/em>&#8221; dice il Segretario nazionale della Fim Cisl Massimiliano Nobis che ieri mattina era insieme ai lavoratori in lotta. Per il segretario Fim &#8220;<em>bisogna assolutamente evitare di veder naufragare una ristrutturazione industriale sostenuta da un piano industriale gia\u0300 valutato positivamente dallo stesso MiSE e da cui, ancora oggi nonostante le numerose richieste d\u2019incontro inviate al ministero, ancora non abbiamo avuto risposte. Chiediamo al neo-Ministro Giorgetti, una convocazione urgente, sono a rischio tra ACC di Mel e i lavoratori dell\u2019Ex Embraco di Riva di Chieri a Torino 750 lavoratrici e lavoratori. La tensione sociale sale di giorno in giorno, gia\u0300 nella giornata di odierna stiamo valutando ulteriori azioni di lotta e mobilitazione. <\/em><em>Serve subito un sostegno finanziario da parte delle banche per dare liquidita\u0300 ad ACC e poter cosi\u0300 pagare gli stipendi dei lavoratori e i fornitori e subito lavorare per concretizzare la costituzione della societa\u0300 Italcomp, polo italiano dei compressori che coinvolgerebbe, ACC di Mel l\u2019ex-Embraco di Riva di Chieri. <\/em><em>Questo soprattutto dopo il diniego avuto dalla Commissione europea sulla richiesta dello Stato italiano di poter dare la sua garanzia al prestito in favore di ACC -dice Nobis &#8211; oggi occorrono risposte celeri ad una vertenza che puo\u0300 essere risolta solo se tutti gli enti e le parti convolte fanno la loro parte&#8221;<\/em><\/p>\n<p>&nbsp;<\/p>\n<p>&nbsp;<\/p>\n<p>&nbsp;<\/p>\n<p>&nbsp;<\/p>\n<hr \/>\n<p>&nbsp;<\/p>\n<p>&nbsp;<\/p>\n<blockquote>\n<h2>\u00a0IL PROGETTO DA 1 MILIONE DI EURO PER LA PROMOZIONE TURISTICA<\/h2>\n<\/blockquote>\n<h3><em>RECHARGE IN NATURE, SARA&#8217; RICORDATA COME L&#8217;OCCASIONE MANCATA?\u00a0<\/em><\/h3>\n<p>&nbsp;<\/p>\n<p><strong>DI GIANNI SANTOMASO\u00a0\u00a0<\/strong><\/p>\n<p>&nbsp;<\/p>\n<audio class=\"wp-audio-shortcode\" id=\"audio-195191-4\" preload=\"none\" style=\"width: 100%;\" controls=\"controls\"><source type=\"audio\/mpeg\" src=\"https:\/\/www.radiopiu.net\/wordpress\/wp-content\/uploads\/2021\/03\/GIANNI-FERRARI.mp3?_=4\" \/><a href=\"https:\/\/www.radiopiu.net\/wordpress\/wp-content\/uploads\/2021\/03\/GIANNI-FERRARI.mp3\">https:\/\/www.radiopiu.net\/wordpress\/wp-content\/uploads\/2021\/03\/GIANNI-FERRARI.mp3<\/a><\/audio>\n<p>&nbsp;<\/p>\n<p><a href=\"https:\/\/www.radiopiu.net\/wordpress\/arrivano-gli-esperti-per-la-crescita-del-medio-alto-agordino\/dolomiti-maadness\/\" rel=\"attachment wp-att-59338\"><img loading=\"lazy\" decoding=\"async\" class=\"alignnone size-medium wp-image-59338\" src=\"https:\/\/www.radiopiu.net\/wordpress\/wp-content\/uploads\/2018\/09\/dolomiti-maadness-300x200.jpg\" alt=\"\" width=\"300\" height=\"200\" srcset=\"https:\/\/www.radiopiu.net\/wordpress\/wp-content\/uploads\/2018\/09\/dolomiti-maadness-300x200.jpg 300w, https:\/\/www.radiopiu.net\/wordpress\/wp-content\/uploads\/2018\/09\/dolomiti-maadness-768x512.jpg 768w, https:\/\/www.radiopiu.net\/wordpress\/wp-content\/uploads\/2018\/09\/dolomiti-maadness-1024x683.jpg 1024w, https:\/\/www.radiopiu.net\/wordpress\/wp-content\/uploads\/2018\/09\/dolomiti-maadness.jpg 1200w\" sizes=\"auto, (max-width: 300px) 100vw, 300px\" \/><\/a><\/p>\n<p>&nbsp;<\/p>\n<blockquote>\n<h1>EMMA TAVERI <em>&#8220;Non \u00e8 stato intuito il potenziale di questa idea&#8221;\u00a0<\/em><\/h1>\n<\/blockquote>\n<p>&nbsp;<\/p>\n<audio class=\"wp-audio-shortcode\" id=\"audio-195191-5\" preload=\"none\" style=\"width: 100%;\" controls=\"controls\"><source type=\"audio\/mpeg\" src=\"https:\/\/www.radiopiu.net\/wordpress\/wp-content\/uploads\/2021\/03\/PER-ME-GIANNI.mp3?_=5\" \/><a href=\"https:\/\/www.radiopiu.net\/wordpress\/wp-content\/uploads\/2021\/03\/PER-ME-GIANNI.mp3\">https:\/\/www.radiopiu.net\/wordpress\/wp-content\/uploads\/2021\/03\/PER-ME-GIANNI.mp3<\/a><\/audio>\n<p>&nbsp;<\/p>\n<hr \/>\n<p>&nbsp;<\/p>\n<p><span style=\"color: #ff0000;\"><strong>GALLERY<\/strong><\/span><\/p>\n\n\t\t\t<style type='text\/css'>\n\t\t\t\t#gallery-1 {\n\t\t\t\t\tmargin: auto;\n\t\t\t\t}\n\t\t\t\t#gallery-1 .gallery-item {\n\t\t\t\t\tfloat: left;\n\t\t\t\t\tmargin-top: 10px;\n\t\t\t\t\ttext-align: center;\n\t\t\t\t\twidth: 33%;\n\t\t\t\t}\n\t\t\t\t#gallery-1 img {\n\t\t\t\t\tborder: 2px solid #cfcfcf;\n\t\t\t\t}\n\t\t\t\t#gallery-1 .gallery-caption {\n\t\t\t\t\tmargin-left: 0;\n\t\t\t\t}\n\t\t\t\t\/* see gallery_shortcode() in wp-includes\/media.php *\/\n\t\t\t<\/style>\n\t\t<div id='gallery-1' class='dt-gallery-container gallery galleryid-195191 gallery-columns-3 gallery-size-thumbnail'><dl class='gallery-item'>\n\t\t\t\t<dt class='gallery-icon portrait'>\n\t\t\t\t\t<a class=\"rollover rollover-zoom dt-pswp-item\" title=\"82884484-6135-4eb3-9765-c0e1ecceed29\" data-dt-img-description=\"\" data-large_image_width=\"1152\" data-large_image_height=\"2048\"href='https:\/\/www.radiopiu.net\/wordpress\/wp-content\/uploads\/2021\/03\/82884484-6135-4eb3-9765-c0e1ecceed29.jpg'><img loading=\"lazy\" decoding=\"async\" width=\"150\" height=\"150\" src=\"https:\/\/www.radiopiu.net\/wordpress\/wp-content\/uploads\/2021\/03\/82884484-6135-4eb3-9765-c0e1ecceed29-150x150.jpg\" class=\"attachment-thumbnail size-thumbnail\" alt=\"\" \/><\/a>\n\t\t\t\t<\/dt><\/dl><dl class='gallery-item'>\n\t\t\t\t<dt class='gallery-icon landscape'>\n\t\t\t\t\t<a class=\"rollover rollover-zoom dt-pswp-item\" title=\"edce43ad-e118-468a-8fb6-0f863095e9e9\" data-dt-img-description=\"\" data-large_image_width=\"2048\" data-large_image_height=\"1152\"href='https:\/\/www.radiopiu.net\/wordpress\/wp-content\/uploads\/2021\/03\/edce43ad-e118-468a-8fb6-0f863095e9e9-e1614953785281.jpg'><img loading=\"lazy\" decoding=\"async\" width=\"150\" height=\"150\" src=\"https:\/\/www.radiopiu.net\/wordpress\/wp-content\/uploads\/2021\/03\/edce43ad-e118-468a-8fb6-0f863095e9e9-e1614953785281-150x150.jpg\" class=\"attachment-thumbnail size-thumbnail\" alt=\"\" \/><\/a>\n\t\t\t\t<\/dt><\/dl><dl class='gallery-item'>\n\t\t\t\t<dt class='gallery-icon landscape'>\n\t\t\t\t\t<a class=\"rollover rollover-zoom dt-pswp-item\" title=\"c84e7145-be08-4e40-8ae3-9c74b6891d45\" data-dt-img-description=\"\" data-large_image_width=\"2048\" data-large_image_height=\"1152\"href='https:\/\/www.radiopiu.net\/wordpress\/wp-content\/uploads\/2021\/03\/c84e7145-be08-4e40-8ae3-9c74b6891d45-e1614953809247.jpg'><img loading=\"lazy\" decoding=\"async\" width=\"150\" height=\"150\" src=\"https:\/\/www.radiopiu.net\/wordpress\/wp-content\/uploads\/2021\/03\/c84e7145-be08-4e40-8ae3-9c74b6891d45-e1614953809247-150x150.jpg\" class=\"attachment-thumbnail size-thumbnail\" alt=\"\" \/><\/a>\n\t\t\t\t<\/dt><\/dl><br style=\"clear: both\" \/><dl class='gallery-item'>\n\t\t\t\t<dt class='gallery-icon landscape'>\n\t\t\t\t\t<a class=\"rollover rollover-zoom dt-pswp-item\" title=\"f9ccafde-8b48-4fee-8042-eeda5e74c4ad\" data-dt-img-description=\"\" data-large_image_width=\"2048\" data-large_image_height=\"1152\"href='https:\/\/www.radiopiu.net\/wordpress\/wp-content\/uploads\/2021\/03\/f9ccafde-8b48-4fee-8042-eeda5e74c4ad-e1614953832887.jpg'><img loading=\"lazy\" decoding=\"async\" width=\"150\" height=\"150\" src=\"https:\/\/www.radiopiu.net\/wordpress\/wp-content\/uploads\/2021\/03\/f9ccafde-8b48-4fee-8042-eeda5e74c4ad-e1614953832887-150x150.jpg\" class=\"attachment-thumbnail size-thumbnail\" alt=\"\" \/><\/a>\n\t\t\t\t<\/dt><\/dl><dl class='gallery-item'>\n\t\t\t\t<dt class='gallery-icon landscape'>\n\t\t\t\t\t<a class=\"rollover rollover-zoom dt-pswp-item\" title=\"ceb30c2d-0693-4d85-af13-ccc63b81c26c\" data-dt-img-description=\"\" data-large_image_width=\"2048\" data-large_image_height=\"1152\"href='https:\/\/www.radiopiu.net\/wordpress\/wp-content\/uploads\/2021\/03\/ceb30c2d-0693-4d85-af13-ccc63b81c26c-e1614953855212.jpg'><img loading=\"lazy\" decoding=\"async\" width=\"150\" height=\"150\" src=\"https:\/\/www.radiopiu.net\/wordpress\/wp-content\/uploads\/2021\/03\/ceb30c2d-0693-4d85-af13-ccc63b81c26c-e1614953855212-150x150.jpg\" class=\"attachment-thumbnail size-thumbnail\" alt=\"\" \/><\/a>\n\t\t\t\t<\/dt><\/dl>\n\t\t\t\t<br style='clear: both' \/>\n\t\t\t<\/div>\n\n<p>&nbsp;<\/p>\n<hr \/>\n<p>&nbsp;<\/p>\n<p>&nbsp;<\/p>\n<p><em><strong><span style=\"color: #ff0000;\">A proposito di Emma Taveri<\/span><\/strong><\/em><\/p>\n<blockquote>\n<h3><a href=\"https:\/\/www.radiopiu.net\/wordpress\/giornale-radiopiu-24-aprile-2019-direttore-mirko-mezzacasa\/pp-16\/\" rel=\"attachment wp-att-83568\"><img loading=\"lazy\" decoding=\"async\" class=\"wp-image-83568 alignleft\" src=\"https:\/\/www.radiopiu.net\/wordpress\/wp-content\/uploads\/2019\/04\/pp-300x300.jpg\" alt=\"\" width=\"185\" height=\"185\" srcset=\"https:\/\/www.radiopiu.net\/wordpress\/wp-content\/uploads\/2019\/04\/pp-300x300.jpg 300w, https:\/\/www.radiopiu.net\/wordpress\/wp-content\/uploads\/2019\/04\/pp-150x150.jpg 150w, https:\/\/www.radiopiu.net\/wordpress\/wp-content\/uploads\/2019\/04\/pp.jpg 475w\" sizes=\"auto, (max-width: 185px) 100vw, 185px\" \/><\/a>L\u2019AMORE PER IL PICCOLO<\/h3>\n<\/blockquote>\n<p>Dedicato a chi crede nelle piccole cose e che da queste micro-idee possano nascere dei progetti e nuove aziende. E\u2019 il titolo di una videoconferenza (tra gli ospiti anche Emma Taveri) trasmessa il 23 febbraio grazie a \u201cFabrica\u201d una fondazione sostenuta dal gruppo Benetton. Di seguito il link per un breve riassunto del contenuto, per scoprire la fondazione e, perch\u00e9 no, per seguire la conferenza<a href=\"https:\/\/www.fabrica.it\/lamore-per-il-piccolo\/\"><span style=\"color: #0000ff;\"> CLICCA QUI<\/span> <\/a><\/p>\n<p>In questa puntata, che \u00e8 stata seguita in diretta anche da alcuni operatori turistici della vallata, viene toccato il tema turismo e quello degli artigiani; vengono presentate due start up italiane: una \u00e8 ben conosciuta anche in Agordino per quanto riguarda il turismo, l\u2019altra parla di una piattaforma dedicata agli artigiani di qualit\u00e0 del Bel Paese. Una conferenza che invita a riflettere anche sulle nostre piccole comunit\u00e0 che non sempre vengono considerate mete di valore turistico e sui giovani artigiani della nostra vallata che si sono messi in gioco e hanno iniziato o portano avanti come professione principale delle eccellenze nei vari settori. L\u2019invito \u00e8 ad ascoltare i racconti del percorso di questi giovani imprenditori. Viene riportata anche la storia di una giovane agordina che ora si trova coinvolta in progetti sparsi su tutto il territorio italiano.<\/p>\n<p>&nbsp;<\/p>\n<p>&nbsp;<\/p>\n<hr \/>\n<blockquote>\n<h3><\/h3>\n<h3>LA BELLA INIZIATIVA DI MARIA GRAZIA DEL BED AND BREAKFAST NORDEST-SUDEST<\/h3>\n<\/blockquote>\n<p><strong><img loading=\"lazy\" decoding=\"async\" class=\"alignleft\" src=\"https:\/\/www.radiopiu.net\/wordpress\/wp-content\/uploads\/2016\/09\/Cor-con-Taibon.jpg\" width=\"135\" height=\"76\" \/>TAIBON<\/strong> Maria Grazia ha invitato due travel blogger che una volta di ritorno dalla vacanza-lavoro\u00a0 hanno scritto e pubblicato un articolo ben fatto. Cio\u00e8, in poche parole, hanno scritto proprio delle belle cose&#8230; e corrette.<\/p>\n<p>&nbsp;<\/p>\n<p>&nbsp;<\/p>\n<blockquote class=\"wp-embedded-content\" data-secret=\"1qUqV2llrZ\"><p><a href=\"https:\/\/www.doveandiamoggi.it\/italia\/veneto\/taibon-e-la-conca-agordina\/\">Taibon e la Conca Agordina<\/a><\/p><\/blockquote>\n<p><iframe loading=\"lazy\" class=\"wp-embedded-content\" sandbox=\"allow-scripts\" security=\"restricted\" style=\"position: absolute; clip: rect(1px, 1px, 1px, 1px);\" title=\"&#8220;Taibon e la Conca Agordina&#8221; &#8212; Dove Andiamo Oggi\" src=\"https:\/\/www.doveandiamoggi.it\/italia\/veneto\/taibon-e-la-conca-agordina\/embed\/#?secret=1qUqV2llrZ\" data-secret=\"1qUqV2llrZ\" width=\"600\" height=\"338\" frameborder=\"0\" marginwidth=\"0\" marginheight=\"0\" scrolling=\"no\"><\/iframe><\/p>\n<p>&nbsp;<\/p>\n<p>&nbsp;<\/p>\n<hr \/>\n<blockquote>\n<h2 style=\"text-align: left;\"><span style=\"color: #ff0000;\">LE DIRETTE DI RADIO PIU\u00a0<\/span><\/h2>\n<\/blockquote>\n<p>&nbsp;<\/p>\n<blockquote>\n<h2>CONSIGLIO UNIONE MONTANA AGORDINA<\/h2>\n<h2>diretta video conferenza<\/h2>\n<\/blockquote>\n<p>&nbsp;<\/p>\n<p>https:\/\/www.facebook.com\/mirko.mezzacasa\/videos\/10225824356702447<\/p>\n<p>&nbsp;<\/p>\n<h2 style=\"text-align: center;\"><\/h2>\n<h2 style=\"text-align: center;\">CONSIGLIO COMUNALE DI FALCADE, DIRETTA RADIO PIU.<\/h2>\n<p>https:\/\/www.facebook.com\/mirko.mezzacasa\/videos\/10225816842874606<\/p>\n<p>&nbsp;<\/p>\n<p>&nbsp;<\/p>\n<hr \/>\n<p>&nbsp;<\/p>\n<blockquote>\n<h3>QUANDO IL CANE SI VERGOGNA DEL SUO PADRONE<\/h3>\n<\/blockquote>\n<p><strong>AGORDO<\/strong> Lo immagino con gli occhi languidi, le orecchie basse e la coda tra le gambe anzich\u00e8 scodinzolante. L&#8217;immagine simbolo del cane che si vergogna per il suo padrone<em> &#8220;Facciamo che il cane non debba mai vergognarsi di chi lo tiene al guinzaglio&#8221;<\/em> azzarda il sindaco Roberto Chissal\u00e8 e lo fa nel momento in cui comunica l&#8217;impegno dell&#8217;amministrazione comunale per il decoro della citt\u00e0, spesso non ricambiato da chi la citt\u00e0 la vive.\u00a0 In questi giorni sono stati posizionati i nuovi cestini per la raccolta delle deiezione dei cani, in zone importanti caratterizzati dalle passeggiate. Il sindaco non manca di mettere in evidenza l&#8217;incivilt\u00e0 che spesso si riscontra in centro dove nei cestini per i cani viene buttato di tutto. <em>&#8220;Prima o poi i furbetti verranno scoperti e puniti&#8221;\u00a0<\/em>dice ancora Roberto Chissal\u00e8.<\/p>\n<p><strong>IL SINDACO DI AGORDO ROBERTO CHISSALE&#8217;<\/strong><\/p>\n<audio class=\"wp-audio-shortcode\" id=\"audio-195191-6\" preload=\"none\" style=\"width: 100%;\" controls=\"controls\"><source type=\"audio\/mpeg\" src=\"https:\/\/www.radiopiu.net\/wordpress\/wp-content\/uploads\/2021\/03\/roberto-chissale.mp3?_=6\" \/><a href=\"https:\/\/www.radiopiu.net\/wordpress\/wp-content\/uploads\/2021\/03\/roberto-chissale.mp3\">https:\/\/www.radiopiu.net\/wordpress\/wp-content\/uploads\/2021\/03\/roberto-chissale.mp3<\/a><\/audio>\n<p>&nbsp;<\/p>\n\n\t\t\t<style type='text\/css'>\n\t\t\t\t#gallery-2 {\n\t\t\t\t\tmargin: auto;\n\t\t\t\t}\n\t\t\t\t#gallery-2 .gallery-item {\n\t\t\t\t\tfloat: left;\n\t\t\t\t\tmargin-top: 10px;\n\t\t\t\t\ttext-align: center;\n\t\t\t\t\twidth: 50%;\n\t\t\t\t}\n\t\t\t\t#gallery-2 img {\n\t\t\t\t\tborder: 2px solid #cfcfcf;\n\t\t\t\t}\n\t\t\t\t#gallery-2 .gallery-caption {\n\t\t\t\t\tmargin-left: 0;\n\t\t\t\t}\n\t\t\t\t\/* see gallery_shortcode() in wp-includes\/media.php *\/\n\t\t\t<\/style>\n\t\t<div id='gallery-2' class='dt-gallery-container gallery galleryid-195191 gallery-columns-2 gallery-size-thumbnail'><dl class='gallery-item'>\n\t\t\t\t<dt class='gallery-icon portrait'>\n\t\t\t\t\t<a class=\"rollover\" href='https:\/\/www.radiopiu.net\/wordpress\/e8636565-bbbd-4aba-afb8-5ff9e09812db\/'><img loading=\"lazy\" decoding=\"async\" width=\"150\" height=\"150\" src=\"https:\/\/www.radiopiu.net\/wordpress\/wp-content\/uploads\/2021\/03\/e8636565-bbbd-4aba-afb8-5ff9e09812db-150x150.jpg\" class=\"attachment-thumbnail size-thumbnail\" alt=\"\" \/><\/a>\n\t\t\t\t<\/dt><\/dl><dl class='gallery-item'>\n\t\t\t\t<dt class='gallery-icon portrait'>\n\t\t\t\t\t<a class=\"rollover\" href='https:\/\/www.radiopiu.net\/wordpress\/6eec5ae4-b9b8-416b-9bf6-b492d775c4d0\/'><img loading=\"lazy\" decoding=\"async\" width=\"150\" height=\"150\" src=\"https:\/\/www.radiopiu.net\/wordpress\/wp-content\/uploads\/2021\/03\/6eec5ae4-b9b8-416b-9bf6-b492d775c4d0-150x150.jpg\" class=\"attachment-thumbnail size-thumbnail\" alt=\"\" \/><\/a>\n\t\t\t\t<\/dt><\/dl><br style=\"clear: both\" \/>\n\t\t\t<\/div>\n\n<p>DAL CORRIERE DELLE ALPI, DI GIANNI SANTOMASO<\/p>\n<audio class=\"wp-audio-shortcode\" id=\"audio-195191-7\" preload=\"none\" style=\"width: 100%;\" controls=\"controls\"><source type=\"audio\/mpeg\" src=\"https:\/\/www.radiopiu.net\/wordpress\/wp-content\/uploads\/2021\/03\/GIANNI-CANI.mp3?_=7\" \/><a href=\"https:\/\/www.radiopiu.net\/wordpress\/wp-content\/uploads\/2021\/03\/GIANNI-CANI.mp3\">https:\/\/www.radiopiu.net\/wordpress\/wp-content\/uploads\/2021\/03\/GIANNI-CANI.mp3<\/a><\/audio>\n<p>&nbsp;<\/p>\n<hr \/>\n<p>&nbsp;<\/p>\n<p>&nbsp;<\/p>\n<blockquote class=\"wp-embedded-content\" data-secret=\"sjRQHs55e2\"><p><a href=\"https:\/\/www.radiopiu.net\/wordpress\/aggfeb28003003ssss\/\">CORONAVIRUS: AGGIORNAMENTO NAZIONALE 05  MARZO 2021<\/a><\/p><\/blockquote>\n<p><iframe loading=\"lazy\" class=\"wp-embedded-content\" sandbox=\"allow-scripts\" security=\"restricted\" style=\"position: absolute; clip: rect(1px, 1px, 1px, 1px);\" title=\"&#8220;CORONAVIRUS: AGGIORNAMENTO NAZIONALE 05  MARZO 2021&#8221; &#8212; Radio Pi\u00f9\" src=\"https:\/\/www.radiopiu.net\/wordpress\/aggfeb28003003ssss\/embed\/#?secret=sjRQHs55e2\" data-secret=\"sjRQHs55e2\" width=\"600\" height=\"338\" frameborder=\"0\" marginwidth=\"0\" marginheight=\"0\" scrolling=\"no\"><\/iframe><\/p>\n<p>&nbsp;<\/p>\n<blockquote class=\"wp-embedded-content\" data-secret=\"EOaZwQoCGV\"><p><a href=\"https:\/\/www.radiopiu.net\/wordpress\/989898sdsdsdddss\/\">IN CALO I DECESSI, 20 NELLE 24 ORE, IN AUMENTO RICOVERI E CONTAGI<\/a><\/p><\/blockquote>\n<p><iframe loading=\"lazy\" class=\"wp-embedded-content\" sandbox=\"allow-scripts\" security=\"restricted\" style=\"position: absolute; clip: rect(1px, 1px, 1px, 1px);\" title=\"&#8220;IN CALO I DECESSI, 20 NELLE 24 ORE, IN AUMENTO RICOVERI E CONTAGI&#8221; &#8212; Radio Pi\u00f9\" src=\"https:\/\/www.radiopiu.net\/wordpress\/989898sdsdsdddss\/embed\/#?secret=EOaZwQoCGV\" data-secret=\"EOaZwQoCGV\" width=\"600\" height=\"338\" frameborder=\"0\" marginwidth=\"0\" marginheight=\"0\" scrolling=\"no\"><\/iframe><\/p>\n<p>&nbsp;<\/p>\n<p>&nbsp;<\/p>\n<blockquote>\n<h2>I GRAFICI DI TIZIANO DE COL<\/h2>\n<\/blockquote>\n\n\t\t\t<style type='text\/css'>\n\t\t\t\t#gallery-3 {\n\t\t\t\t\tmargin: auto;\n\t\t\t\t}\n\t\t\t\t#gallery-3 .gallery-item {\n\t\t\t\t\tfloat: left;\n\t\t\t\t\tmargin-top: 10px;\n\t\t\t\t\ttext-align: center;\n\t\t\t\t\twidth: 20%;\n\t\t\t\t}\n\t\t\t\t#gallery-3 img {\n\t\t\t\t\tborder: 2px solid #cfcfcf;\n\t\t\t\t}\n\t\t\t\t#gallery-3 .gallery-caption {\n\t\t\t\t\tmargin-left: 0;\n\t\t\t\t}\n\t\t\t\t\/* see gallery_shortcode() in wp-includes\/media.php *\/\n\t\t\t<\/style>\n\t\t<div id='gallery-3' class='dt-gallery-container gallery galleryid-195191 gallery-columns-5 gallery-size-thumbnail'><dl class='gallery-item'>\n\t\t\t\t<dt class='gallery-icon landscape'>\n\t\t\t\t\t<a class=\"rollover rollover-zoom dt-pswp-item\" title=\"88c6c7be-a9b4-469c-bd88-9d857aa3dfa8\" data-dt-img-description=\"\" data-large_image_width=\"613\" data-large_image_height=\"351\"href='https:\/\/www.radiopiu.net\/wordpress\/wp-content\/uploads\/2021\/03\/88c6c7be-a9b4-469c-bd88-9d857aa3dfa8-1.jpg'><img loading=\"lazy\" decoding=\"async\" width=\"150\" height=\"150\" src=\"https:\/\/www.radiopiu.net\/wordpress\/wp-content\/uploads\/2021\/03\/88c6c7be-a9b4-469c-bd88-9d857aa3dfa8-1-150x150.jpg\" class=\"attachment-thumbnail size-thumbnail\" alt=\"\" \/><\/a>\n\t\t\t\t<\/dt><\/dl><dl class='gallery-item'>\n\t\t\t\t<dt class='gallery-icon landscape'>\n\t\t\t\t\t<a class=\"rollover rollover-zoom dt-pswp-item\" title=\"bbe07d98-f2dd-4f66-800f-e55e5394cdcd\" data-dt-img-description=\"\" data-large_image_width=\"608\" data-large_image_height=\"358\"href='https:\/\/www.radiopiu.net\/wordpress\/wp-content\/uploads\/2021\/03\/bbe07d98-f2dd-4f66-800f-e55e5394cdcd-1.jpg'><img loading=\"lazy\" decoding=\"async\" width=\"150\" height=\"150\" src=\"https:\/\/www.radiopiu.net\/wordpress\/wp-content\/uploads\/2021\/03\/bbe07d98-f2dd-4f66-800f-e55e5394cdcd-1-150x150.jpg\" class=\"attachment-thumbnail size-thumbnail\" alt=\"\" \/><\/a>\n\t\t\t\t<\/dt><\/dl><dl class='gallery-item'>\n\t\t\t\t<dt class='gallery-icon landscape'>\n\t\t\t\t\t<a class=\"rollover rollover-zoom dt-pswp-item\" title=\"a2ee76d0-71df-4d48-864f-4277a9cc9d2e\" data-dt-img-description=\"\" data-large_image_width=\"606\" data-large_image_height=\"356\"href='https:\/\/www.radiopiu.net\/wordpress\/wp-content\/uploads\/2021\/03\/a2ee76d0-71df-4d48-864f-4277a9cc9d2e-1.jpg'><img loading=\"lazy\" decoding=\"async\" width=\"150\" height=\"150\" src=\"https:\/\/www.radiopiu.net\/wordpress\/wp-content\/uploads\/2021\/03\/a2ee76d0-71df-4d48-864f-4277a9cc9d2e-1-150x150.jpg\" class=\"attachment-thumbnail size-thumbnail\" alt=\"\" \/><\/a>\n\t\t\t\t<\/dt><\/dl><dl class='gallery-item'>\n\t\t\t\t<dt class='gallery-icon landscape'>\n\t\t\t\t\t<a class=\"rollover rollover-zoom dt-pswp-item\" title=\"ccbd3b5d-fd65-48b5-b076-a7bd957a2be0\" data-dt-img-description=\"\" data-large_image_width=\"612\" data-large_image_height=\"351\"href='https:\/\/www.radiopiu.net\/wordpress\/wp-content\/uploads\/2021\/03\/ccbd3b5d-fd65-48b5-b076-a7bd957a2be0-1.jpg'><img loading=\"lazy\" decoding=\"async\" width=\"150\" height=\"150\" src=\"https:\/\/www.radiopiu.net\/wordpress\/wp-content\/uploads\/2021\/03\/ccbd3b5d-fd65-48b5-b076-a7bd957a2be0-1-150x150.jpg\" class=\"attachment-thumbnail size-thumbnail\" alt=\"\" \/><\/a>\n\t\t\t\t<\/dt><\/dl><dl class='gallery-item'>\n\t\t\t\t<dt class='gallery-icon landscape'>\n\t\t\t\t\t<a class=\"rollover rollover-zoom dt-pswp-item\" title=\"d9d18fa0-ff27-40fb-876a-77c58a25e46f\" data-dt-img-description=\"\" data-large_image_width=\"612\" data-large_image_height=\"352\"href='https:\/\/www.radiopiu.net\/wordpress\/wp-content\/uploads\/2021\/03\/d9d18fa0-ff27-40fb-876a-77c58a25e46f-1.jpg'><img loading=\"lazy\" decoding=\"async\" width=\"150\" height=\"150\" src=\"https:\/\/www.radiopiu.net\/wordpress\/wp-content\/uploads\/2021\/03\/d9d18fa0-ff27-40fb-876a-77c58a25e46f-1-150x150.jpg\" class=\"attachment-thumbnail size-thumbnail\" alt=\"\" \/><\/a>\n\t\t\t\t<\/dt><\/dl><br style=\"clear: both\" \/>\n\t\t\t<\/div>\n\n<p>&nbsp;<\/p>\n<hr \/>\n<blockquote>\n<h3><strong><span style=\"color: #ff0000;\">\u00a0<\/span><\/strong><\/h3>\n<h3><strong><span style=\"color: #ff0000;\">DA LUNEDI ALBE IN ARANCIONE<\/span><\/strong><\/h3>\n<\/blockquote>\n<blockquote>\n<h2>LEGGI LA CONFERENZA STAMPA DI LUCA ZAIA<\/h2>\n<p><em><span style=\"color: #000000;\">DA LUNEDI SIAMO IN ZONA ARANCIONE, NE HO PARLATO CON IL MINISTRO SPERANZA ORMAI LO POSSO DIRE SARA&#8217; UFFICIALIZZATO QUESTA SERA, PER ORA NESSUN CAMBIAMENTO NELLE SCUOLE CHE RIMANGONO APERTE SE NON CI SARANNO PARAMETRI EPIDEMIOLOGICI CHE SUGGERISCONO IL CONTRARIO, CONTROLLEREMO ATTENTAMENTE IN NUMERI, SAREMO SCRUPOLOSI, ETICI E MORALI.<\/span><\/em><\/p><\/blockquote>\n<p>Non per fare i tragici ma dobbiamo guardare in faccia i numeri, in 24 ore abbiamo trovato oltre 1500 positivi pur con maglie larghe\u00a0 sulla &#8220;rete da pesca&#8221; quindi c&#8217;\u00e8 ancora tanto pesce non intercettato. Almeno 150mila persone (conti della serva) sono potenziali contagiati. Gli assembramenti non sono utili e la mascherina che spesso si una male, non \u00e8 un optional. Siamo davanti ad una mutazione del virus, speriamo sia l&#8217;ultimo passaggio e poi sia finita li&#8217;, che \u00e8 molto contagiaso (43% in pi\u00f9). In Emilia in una settimana sono entrate in ospedale 600 pazienti e cos\u00ec anche in Lombardia dove sono stati fatti i provvedimenti per le zone rosse. Annuncio che da lunedi saremo in zona arancione, me lo ha anticipato il Ministro Speranza, questa sera sar\u00e0 ufficializzato. Davanti alla necessit\u00e0 di chiudere le scuole noi chiuderemo, prima la salute. Per ora non ci sono provvedimenti in animo, ma come detto in questi giorni abbiamo un DPCM che ci vincola ai 250 casi su 100 mila abitanti ma lascia una finestra interpretativa ai servizi di prevenzione che noi adottiamo con buon senso e non con la mannaia identificando le aree omogenee. Abbiamo\u00a0 capito che calare il parametro sul Comune \u00e8 fuoriviante, non ci sta. La velocit\u00e0 con la quale siamo arrivati in zona arancione ci dice quanto corra il virus. E la proiezione dell&#8217;Rt la prossima settimana \u00e8 preoccupante. E partiamo gi\u00e0 con gli ospedali carichi di 1.300 pazienti positivi al virus.\u00a0 Ogni ordinanza restrittiva dei sindaci sar\u00e0 benvista, il viru cerca i giovani.\u00a0 Preveniamo\u00a0 tragedie.<strong><span style=\"color: #ff0000;\"> Le scuole? Inevitabilmente verranno chiuse<\/span>.<\/strong> Se qualcuno si chiede se noi chiuderemo, io rispondo di s\u00ec. Se serve chiudere le scuole si chiudono, la situazione \u00e8 all&#8217;attenzione della dottoressa Francesca Russo. Luned\u00ec o marted\u00ec le novit\u00e0. Non siamo ancora in grado &#8211; per ora &#8211;\u00a0 di esprimerci su eventuali chiusure. <strong>OGGI DECADE L&#8217;ORDINANZA REGIONALE<\/strong> Tutto confermato e prorogato d&#8217;ufficio. <strong>VACCINI<\/strong>\u00a0 Arriveranno dosi di vaccino importanti. E&#8217; stato chiesto che come succede in Germania, la vaccinazione con AstraZeneca sia faccia anche\u00a0 agli over 65 che fino ad oggi possono ricevere solo Pfizer o Moderna. Con Pfizer, con attenzione al prelievo, si riescono a fare 7 dosi invece di 6\u00a0 e se \u00e8 confermato\u00a0 se ne faranno 7.\u00a0<strong> DECRETO LEGGE SOSTEGNO\u00a0<\/strong> La situazione \u00e8 pesante, la nuova zona arancione incider\u00e0. Va riconosciuto il danno sul fatturato,\u00a0 queste imprese, vanno aiutate. Questo \u00e8 un investimento per far ripartire l&#8217;economia un domani. La percentuale del 33% non basta, aiuta solo. Io penso che un&#8217;azienda si aspetti cifre pi\u00f9 consistenti, 33% \u00e8 basso, non \u00e8 una critica e vedremo cosa accadr\u00e0 in seguito. <strong>DIMISSIONI DI ZINGARETTI\u00a0<\/strong> Con un governo di unit\u00e0 nazionale \u00e8 l&#8217;evidenza che qualcosa stia accadendo, la politica sar\u00e0 giudicata\u00a0 dai cittadini. Bonaccini prossimo segretario? Sono dinamiche del partito, non darei altre interpretazioni.<\/p>\n<p><strong>DOTTORESSA FRANCESCA RUSSO<\/strong><\/p>\n<p>Situazione: i casi stanno aumentando non considerevole ma rapido, nell&#8217;arco di poco tempo abbiamo avuto un aumento di positivit\u00e0 e quindi dell&#8217;incide Rt oggi sopra l&#8217;1 ed \u00e8 aumentata l&#8217;incidenza. Oltre all&#8217;aumento dei casi anche il peso della varianti pi\u00f9 contagiose che giustifica questa maggiore diffusione. Ci sono circolari ministeriali che indicano un monitoraggio stretto per identificare tutti i casi legati ad una variante. Per ogni caso segnalato la quarantena torna a 14 giorni come con la prima ondata, si chiude con un tampone molecolare negativo, sul contact tracing consideriamo non solo i contatti stretti ma anche quelli a basso rischio. Il contact tracing azioni analoghe ai periodi delle fase pi\u00f9 problematiche non solo contatti stretti ma anche a basso rischio allargando il cerchio dell&#8217;indagine e isolare pi\u00f9 gente possibile. L&#8217;elemento fondamentale per ridurre la diffusione del virus \u00e8 il tracciamento che noi rafforzeremo.\u00a0 <strong>SCUOLE\u00a0<\/strong> stiamo seguendo con molta attenzione cosa succede negli istituti. La novit\u00e0 dalla prossima settimana : se il caso in classe \u00e8 associato a una variante allora tutta la classe va in quarantena, mentre fino ad oggi con un solo caso gli alunni sarebbero rimasti in classe. Con due cluster o pi\u00f9 casi collegati si valuter\u00e0 la chiusura dell&#8217;intero plesso scolastico <strong>APP ZERO COVID VENETO FERMA AL PALO\u00a0<\/strong> Ci sono due motivi, uno legato alla privacy, il garante ha fatto osservazioni, abbiamo risposto valutando le perplessit\u00e0, il garante ci ha chiesto approfondimenti non l&#8217;ha bloccata. Poich\u00e9 lo scenario epidemiologico \u00e8 cambiato dovr\u00e0 essere riadattata. E&#8217; uno strumento utilizzabile a seconda degli scenari. Quando sar\u00e0 di aiuto per il contenimento o segnalazione dei casi risolveremo i problemi.<\/p>\n<p>&nbsp;<\/p>\n<p><a href=\"https:\/\/www.facebook.com\/zaiaufficiale\/videos\/920838868733276\">https:\/\/www.facebook.com\/zaiaufficiale\/videos\/920838868733276<\/a><\/p>\n<p>&nbsp;<\/p>\n<p>&nbsp;<\/p>\n<hr \/>\n<blockquote>\n<h3><\/h3>\n<h3>AGGIORNAMENTO ANDAMENTO VACCINAZIONI IN VENETO<\/h3>\n<\/blockquote>\n<p><strong>VENEZIA<\/strong> La Regione Veneto ha distribuito l&#8217;aggiornamento sull&#8217;andamento della campagna vaccinale anti Covid-19.<\/p>\n<p><strong>IL REPORT (4 pagine)<\/strong><\/p>\n<a href=\"https:\/\/www.radiopiu.net\/wordpress\/wp-content\/uploads\/2021\/03\/2021.03.04_Report-18.30.pdf\" class=\"pdfemb-viewer\" style=\"\" data-width=\"max\" data-height=\"max\" data-toolbar=\"top\" data-toolbar-fixed=\"on\">2021.03.04_Report 18.30<\/a>\n<p>&nbsp;<\/p>\n<p>&nbsp;<\/p>\n<hr \/>\n<p>&nbsp;<\/p>\n<blockquote>\n<h3>COVID, SCREENING TRA I GIOVANI, OGGI POMERIGGIO PUNTO TAMPONI IN PIAZZA MARTIRI<\/h3>\n<\/blockquote>\n<p><strong><a href=\"https:\/\/www.radiopiu.net\/wordpress\/tampone-drive-in-a-feltre-per-chi-rientra-da-spagna-croazia-grecia-o-malta\/tampone\/\" rel=\"attachment wp-att-155278\"><img loading=\"lazy\" decoding=\"async\" class=\"size-medium wp-image-155278 alignleft\" src=\"https:\/\/www.radiopiu.net\/wordpress\/wp-content\/uploads\/2020\/08\/TAMPONE-300x200.jpg\" alt=\"\" width=\"300\" height=\"200\" srcset=\"https:\/\/www.radiopiu.net\/wordpress\/wp-content\/uploads\/2020\/08\/TAMPONE-300x200.jpg 300w, https:\/\/www.radiopiu.net\/wordpress\/wp-content\/uploads\/2020\/08\/TAMPONE-1024x683.jpg 1024w, https:\/\/www.radiopiu.net\/wordpress\/wp-content\/uploads\/2020\/08\/TAMPONE-768x512.jpg 768w, https:\/\/www.radiopiu.net\/wordpress\/wp-content\/uploads\/2020\/08\/TAMPONE-1536x1024.jpg 1536w, https:\/\/www.radiopiu.net\/wordpress\/wp-content\/uploads\/2020\/08\/TAMPONE.jpg 1920w\" sizes=\"auto, (max-width: 300px) 100vw, 300px\" \/><\/a>BELLUNO <\/strong>Un \u201cpunto tamponi\u201d in Piazza dei Martiri per intensificare lo screening sulla diffusione del Covid-19 tra la popolazione pi\u00f9 giovane: sar\u00e0 ospitato oggi dalle 16.00 alle 19.00 nell&#8217;area compresa tra Porta Dante e l&#8217;attraversamento pedonale al centro della piazza. L&#8217;iniziativa \u00e8 della Regione Veneto con l&#8217;Universit\u00e0 di Padova e vedr\u00e0 la partecipazione nell&#8217;organizzazione e nell&#8217;approntamento dell&#8217;area del gruppo comunale di Protezione Civile: 200 i tamponi rapidi a disposizione, indirizzati soprattutto ai pi\u00f9 giovani. Proprio per questo, si \u00e8 scelto di ospitare il punto tamponi nella piazza centrale della citt\u00e0 in un orario che possa attirare il pi\u00f9 alto numero di partecipanti possibile. Saranno allestite due tende chiuse che ospiteranno le operazioni di screening e le strumentazioni diagnostiche, mentre all&#8217;esterno saranno posizionate delle transenne per gestire i flussi in entrata e in uscita e un&#8217;area dove poter attendere in sicurezza il risultato del test.<\/p>\n<p>&nbsp;<\/p>\n<hr \/>\n<p>&nbsp;<\/p>\n<blockquote>\n<h3>EMERGENZA COVID, SITUAZIONE SCUOLE, L&#8217;ULTIMO AGGIORNAMENTO<\/h3>\n<\/blockquote>\n<p><strong>BELLUNO\u00a0<\/strong><span style=\"color: #222222;\"> <span style=\"font-size: medium;\">Il Team scuole del Dipartimento di Prevenzione fa il punto settimanale sulla situazione dei contagi nelle scuole della provincia. <\/span><\/span><span style=\"color: #222222;\"><span style=\"font-size: medium;\">Dal 14 settembre 2020 ad oggi sono state p<\/span><\/span><span style=\"color: #222222;\"><span style=\"font-size: medium;\"><span lang=\"en-US\">rese in carico 636 classi.<\/span><\/span><\/span><\/p>\n<p><span style=\"color: #222222;\"><span style=\"font-size: medium;\"><b>Classi attualmente in carico al Dipartimento (almeno un positivo): <\/b><\/span><\/span><\/p>\n<table border=\"1\" width=\"643\" frame=\"VOID\" rules=\"NONE\" cellspacing=\"0\" cellpadding=\"0\">\n<tbody>\n<tr valign=\"TOP\">\n<td bgcolor=\"#ff8000\" width=\"214\">\n<p class=\"titolo-tabella\"><span style=\"color: #ffffff;\"><span style=\"font-family: Liberation Sans, serif;\"><span style=\"font-size: medium;\"><b>Ordine e grado<\/b><\/span><\/span><\/span><\/p>\n<\/td>\n<td bgcolor=\"#faa61a\" width=\"214\">\n<p class=\"titolo-tabella\" align=\"CENTER\"><span style=\"color: #ffffff;\"><span style=\"font-family: Liberation Sans, serif;\"><span style=\"font-size: medium;\"><b>Numero classi <\/b><\/span><\/span><\/span><\/p>\n<\/td>\n<td bgcolor=\"#faa61a\" width=\"214\">\n<p class=\"titolo-tabella\" align=\"LEFT\"><span style=\"color: #ffffff;\"><span style=\"font-family: Liberation Sans, serif;\"><span style=\"font-size: medium;\"><b>Variazione rispetto alla settimana precedente<\/b><\/span><\/span><\/span><\/p>\n<\/td>\n<\/tr>\n<tr valign=\"TOP\">\n<td bgcolor=\"#ffff6d\" width=\"214\"><b>infanzia<\/b><\/td>\n<td width=\"214\">\n<p align=\"CENTER\">2<\/p>\n<\/td>\n<td width=\"214\">\n<p align=\"CENTER\">-2<\/p>\n<\/td>\n<\/tr>\n<tr valign=\"TOP\">\n<td bgcolor=\"#ffff6d\" width=\"214\"><b>primaria<\/b><\/td>\n<td width=\"214\">\n<p align=\"CENTER\">9<\/p>\n<\/td>\n<td width=\"214\">\n<p align=\"CENTER\">+8<\/p>\n<\/td>\n<\/tr>\n<tr valign=\"TOP\">\n<td bgcolor=\"#ffff6d\" width=\"214\"><b>Secondaria primo grado<\/b><\/td>\n<td width=\"214\">\n<p align=\"CENTER\">4<\/p>\n<\/td>\n<td width=\"214\">\n<p align=\"CENTER\">+1<\/p>\n<\/td>\n<\/tr>\n<tr valign=\"TOP\">\n<td bgcolor=\"#ffff6d\" width=\"214\"><b>Secondaria secondo grado<\/b><\/td>\n<td width=\"214\">\n<p align=\"CENTER\">10<\/p>\n<\/td>\n<td width=\"214\">\n<p align=\"CENTER\">+5<\/p>\n<\/td>\n<\/tr>\n<tr valign=\"TOP\">\n<td bgcolor=\"#ffff6d\" width=\"214\"><b>TOTALE<\/b><\/td>\n<td width=\"214\">\n<p align=\"CENTER\"><b>25<\/b><\/p>\n<\/td>\n<td width=\"214\">\n<p align=\"CENTER\"><b>+12<\/b><\/p>\n<\/td>\n<\/tr>\n<\/tbody>\n<\/table>\n<p><span style=\"color: #222222;\"><span style=\"font-size: medium;\">Di cui, <\/span><\/span><span style=\"color: #222222;\"><span style=\"font-size: medium;\"><b>classi attualmente in isolamento:<\/b><\/span><\/span><\/p>\n<table border=\"1\" width=\"643\" frame=\"VOID\" rules=\"NONE\" cellspacing=\"0\" cellpadding=\"0\">\n<tbody>\n<tr valign=\"TOP\">\n<td bgcolor=\"#ff3838\" width=\"214\">\n<p class=\"titolo-tabella\"><span style=\"color: #ffffff;\"><span style=\"font-family: Liberation Sans, serif;\"><span style=\"font-size: medium;\"><b>Ordine e grado<\/b><\/span><\/span><\/span><\/p>\n<\/td>\n<td bgcolor=\"#ff3838\" width=\"214\">\n<p class=\"titolo-tabella\" align=\"CENTER\"><span style=\"color: #ffffff;\"><span style=\"font-family: Liberation Sans, serif;\"><span style=\"font-size: medium;\"><b>Numero classi <\/b><\/span><\/span><\/span><\/p>\n<\/td>\n<td bgcolor=\"#ff3838\" width=\"214\">\n<p class=\"titolo-tabella\" align=\"LEFT\"><span style=\"color: #ffffff;\"><span style=\"font-family: Liberation Sans, serif;\"><span style=\"font-size: medium;\"><b>Variazione rispetto alla settimana precedente<\/b><\/span><\/span><\/span><\/p>\n<\/td>\n<\/tr>\n<tr valign=\"TOP\">\n<td bgcolor=\"#ffd8ce\" width=\"214\"><b>infanzia<\/b><\/td>\n<td width=\"214\">\n<p align=\"CENTER\">2<\/p>\n<\/td>\n<td width=\"214\">\n<p align=\"CENTER\">-2<\/p>\n<\/td>\n<\/tr>\n<tr valign=\"TOP\">\n<td bgcolor=\"#ffd8ce\" width=\"214\"><b>primaria<\/b><\/td>\n<td width=\"214\">\n<p align=\"CENTER\"><span style=\"font-size: small;\">6<\/span><\/p>\n<\/td>\n<td width=\"214\">\n<p align=\"CENTER\">+<span style=\"font-size: small;\">6<\/span><\/p>\n<\/td>\n<\/tr>\n<tr valign=\"TOP\">\n<td bgcolor=\"#ffd8ce\" width=\"214\"><b>Secondaria primo grado<\/b><\/td>\n<td width=\"214\">\n<p align=\"CENTER\"><span style=\"font-size: small;\">3<\/span><\/p>\n<\/td>\n<td width=\"214\">\n<p align=\"CENTER\"><span style=\"font-size: small;\">+1<\/span><\/p>\n<\/td>\n<\/tr>\n<tr valign=\"TOP\">\n<td bgcolor=\"#ffd8ce\" width=\"214\"><b>Secondaria secondo grado<\/b><\/td>\n<td width=\"214\">\n<p align=\"CENTER\"><span style=\"font-size: small;\">1<\/span><\/p>\n<\/td>\n<td width=\"214\">\n<p align=\"CENTER\"><span style=\"font-size: small;\">-1<\/span><\/p>\n<\/td>\n<\/tr>\n<tr valign=\"TOP\">\n<td bgcolor=\"#ffd8ce\" width=\"214\"><b>TOTALE<\/b><\/td>\n<td width=\"214\">\n<p align=\"CENTER\"><span style=\"font-size: small;\"><b>12<\/b><\/span><\/p>\n<\/td>\n<td width=\"214\">\n<p align=\"CENTER\"><b>+<\/b><span style=\"font-size: small;\"><b>4<\/b><\/span><\/p>\n<\/td>\n<\/tr>\n<\/tbody>\n<\/table>\n<p><span style=\"color: #222222;\"><span style=\"font-size: medium;\">16 delle 25 classi con almeno un positivo appartengono all\u2019area Cadore-Comelico-Cortina.<\/span><\/span><\/p>\n<p>&nbsp;<\/p>\n<hr \/>\n<blockquote>\n<h2><\/h2>\n<h2><\/h2>\n<h2>DILLO A RADIO PIU&#8217;, CONSIDERAZIONE AL DRIVE IN IN TEMPI DI COVID<\/h2>\n<\/blockquote>\n<p><strong>REDAZIONE<\/strong> Riceviamo e come sempre volentieri pubblichiamo la lettera firmata di una nostra ascoltatrice-lettrice di Sedico. Abbiamo inoltre reso partecipe della critica la Ulss1 Dolomiti che ha risposto: <strong><em>&#8220;Ringraziamo per la segnalazione, \u00e8 stata richiesta una verifica sull&#8217;accaduto, anche per migliorare eventualmente le procedure in atto&#8221;<\/em><\/strong><\/p>\n<p>&nbsp;<\/p>\n<blockquote><p><em><span style=\"font-family: Verdana, sans-serif;\"><span style=\"font-size: medium;\"><a href=\"https:\/\/www.radiopiu.net\/wordpress\/tamponi-in-modalita-drive-in-al-san-martino-di-belluno\/tamponi-drive-in-2\/\" rel=\"attachment wp-att-136984\"><img loading=\"lazy\" decoding=\"async\" class=\" wp-image-136984 alignleft\" src=\"https:\/\/www.radiopiu.net\/wordpress\/wp-content\/uploads\/2020\/05\/tamponi-drive-in-1-225x300.jpg\" alt=\"\" width=\"122\" height=\"163\" srcset=\"https:\/\/www.radiopiu.net\/wordpress\/wp-content\/uploads\/2020\/05\/tamponi-drive-in-1-225x300.jpg 225w, https:\/\/www.radiopiu.net\/wordpress\/wp-content\/uploads\/2020\/05\/tamponi-drive-in-1-768x1023.jpg 768w, https:\/\/www.radiopiu.net\/wordpress\/wp-content\/uploads\/2020\/05\/tamponi-drive-in-1-1153x1536.jpg 1153w, https:\/\/www.radiopiu.net\/wordpress\/wp-content\/uploads\/2020\/05\/tamponi-drive-in-1.jpg 1200w\" sizes=\"auto, (max-width: 122px) 100vw, 122px\" \/><\/a><strong>SEDICO<\/strong> Sono una signora di 68 anni,in settimana sono dovuta andare a fare un tampone molecolare al punto COVID di Paludi perch\u00e8 avevo la febbre.\u00a0 \u00a0Al drive-in c&#8217;erano 5 macchine davanti a me, un&#8217;infermiera passava per raccogliere le informazioni necessarie (tessera sanitaria, ecc) sostando a lato dell&#8217;auto per un po&#8217;.\u00a0 Osservando il suo lavoro mi viene spontaneo fare alcune osservazioni:<\/span><\/span><span style=\"font-family: Verdana, sans-serif;\"><span style=\"font-size: medium;\"> L&#8217;infermiera aveva guanti e mascherina, ma senza tuta ne visiera, a differenza di chi eseguiva il tampone, strano visto che entrava in contatto con possibili positivi per raccogliere le informazioni <\/span><\/span><span style=\"font-family: Verdana, sans-serif;\"><span style=\"font-size: medium;\">Poi ho visto che prendeva la tessera sanitaria in mano per trascrivere i dati e passava all&#8217;auto successiva senza disinfettarsi le mani o cambiare i guanti, mi pare che esista il pericolo di contagio anche per contatto o sbaglio? <\/span><\/span><span style=\"font-family: Verdana, sans-serif;\"><span style=\"font-size: medium;\">Penso che il drive-in COVID sia un punto critico per la possibilit\u00e0 di contagio, visto che ci passano sintomatici,\u00a0 asintomatici con cariche virali pi\u00f9 o meno forti, mi sembra che una maggiore attenzione vada posta per evitare situazioni di pericolo per tutti.\u00a0 \u00a0Queste mie considerazioni non vogliono accusare chi f\u00e0 il proprio lavoro nel miglior modo possibile e per questo ha tutta la mia ammirazione, ma credo sia un po&#8217; tutto il sistema che con le sue incoerenze ci rende dopo un anno di COVID sempre pi\u00f9 confusi e fragili. <\/span><\/span><span style=\"font-size: medium; font-family: Verdana, sans-serif;\">Queste considerazioni spero servano ad animare il dibattito su come migliorare il servizio pubblico a tutela dei cittadini in aspetti all&#8217;apparenza marginali, ma di importanza pratica per evitare il diffondersi del contagio. <\/span><\/em><strong><span style=\"font-size: medium; font-family: Verdana, sans-serif;\">Lettera firmata<\/span><\/strong><\/p><\/blockquote>\n<p>&nbsp;<\/p>\n<p>&nbsp;<\/p>\n<hr \/>\n<p>&nbsp;<\/p>\n<blockquote>\n<h3>IL SOCCORSO ALPINO CHIEDE ATTENZIONE IN MONTAGNA PER GHIACCIO E NEVE SCIOLTA<\/h3>\n<\/blockquote>\n<p><strong><a href=\"https:\/\/www.radiopiu.net\/wordpress\/torna-la-festa-del-volontariato-cadorino-sabato-1-settembre\/soccorsoalpino\/\" rel=\"attachment wp-att-59164\"><img loading=\"lazy\" decoding=\"async\" class=\" wp-image-59164 alignleft\" src=\"https:\/\/www.radiopiu.net\/wordpress\/wp-content\/uploads\/2018\/08\/soccorsoalpino-300x300.jpg\" alt=\"\" width=\"209\" height=\"209\" srcset=\"https:\/\/www.radiopiu.net\/wordpress\/wp-content\/uploads\/2018\/08\/soccorsoalpino-300x300.jpg 300w, https:\/\/www.radiopiu.net\/wordpress\/wp-content\/uploads\/2018\/08\/soccorsoalpino-150x150.jpg 150w, https:\/\/www.radiopiu.net\/wordpress\/wp-content\/uploads\/2018\/08\/soccorsoalpino-768x768.jpg 768w, https:\/\/www.radiopiu.net\/wordpress\/wp-content\/uploads\/2018\/08\/soccorsoalpino-1024x1024.jpg 1024w, https:\/\/www.radiopiu.net\/wordpress\/wp-content\/uploads\/2018\/08\/soccorsoalpino.jpg 1200w\" sizes=\"auto, (max-width: 209px) 100vw, 209px\" \/><\/a>BELLUNO <\/strong><span style=\"font-family: arial,sans-serif;\">Attenzione doppia in questi giorni in montagna: di primo mattino il ghiaccio ricopre tutte le superfici, per lasciare il posto a neve sciolta e saponosa nelle ore pi\u00f9 calde. In entrambi i casi il rischio di scivolata \u00e8 molto alto. Consigliamo di indossare catenelle\/ramponcini e dispositivi similari adattabili a tutte le calzature, solo su strade pianeggianti o con lieve pendenza. In tutti gli altri tipi di terreno, \u00e8 necessario utilizzare esclusivamente ramponi, abbinati ad opportuni scarponi, fissati e bloccati a dovere. A quote elevate, su percorsi pi\u00f9 impegnativi, \u00e8 d\u2019obbligo conoscere le tecniche alpinistiche e la movimentazione in ambiente invernale e ghiacciato, con l\u2019uso abbinato di piccozza e ramponi.\u00a0<\/span>Su neve sciolta i bastoncini aiutano nel mantenere\u00a0l\u2019equilibrio\u00a0durante la camminata, ma non bastano a proteggere da eventuali cadute. Cercate di posizionare sempre bene i piedi prima di avanzare lungo il percorso e non distraetevi.\u00a0<span style=\"font-family: arial,sans-serif;\">Lo scialpinismo su ripide pendenze gelate richiede massima attenzione ed esperienza, sia nelle tecniche di progressione in salita, che durante la discesa.\u00a0 <\/span><span style=\"font-family: arial,sans-serif;\">L&#8217;invito \u00e8 alla prudenza in tutte le situazioni.<\/span><\/p>\n<p>&nbsp;<\/p>\n<p>&nbsp;<\/p>\n<p>&nbsp;<\/p>\n<hr \/>\n<p>&nbsp;<\/p>\n<blockquote>\n<h3>CALENDARIO FERIE E PREMIO DI RISULTATO LUXOTTICA. LA UIL PROVA A FARE CHIAREZZA<\/h3>\n<\/blockquote>\n<p><strong><a href=\"https:\/\/www.radiopiu.net\/wordpress\/protect-our-people-la-nuova-iniziativa-luxottica\/luxottica-italia\/\" rel=\"attachment wp-att-130528\"><img loading=\"lazy\" decoding=\"async\" class=\"size-medium wp-image-130528 alignleft\" src=\"https:\/\/www.radiopiu.net\/wordpress\/wp-content\/uploads\/2020\/04\/LUXOTTICA-ITALIA-300x225.jpg\" alt=\"\" width=\"300\" height=\"225\" srcset=\"https:\/\/www.radiopiu.net\/wordpress\/wp-content\/uploads\/2020\/04\/LUXOTTICA-ITALIA-300x225.jpg 300w, https:\/\/www.radiopiu.net\/wordpress\/wp-content\/uploads\/2020\/04\/LUXOTTICA-ITALIA-1024x768.jpg 1024w, https:\/\/www.radiopiu.net\/wordpress\/wp-content\/uploads\/2020\/04\/LUXOTTICA-ITALIA-768x576.jpg 768w, https:\/\/www.radiopiu.net\/wordpress\/wp-content\/uploads\/2020\/04\/LUXOTTICA-ITALIA-1536x1152.jpg 1536w, https:\/\/www.radiopiu.net\/wordpress\/wp-content\/uploads\/2020\/04\/LUXOTTICA-ITALIA-2048x1536.jpg 2048w\" sizes=\"auto, (max-width: 300px) 100vw, 300px\" \/><\/a>AGORDO<\/strong> La delegazione UIL dello stabilimento Luxottica di Agordo prova a fare chiarezza su due punti sentiti dalle maestranze Luxottica. Le ferie di agosto non sono ancora state pianificate ma c&#8217;\u00e8 tempo fino alla fine di aprile per trovare un accordo con l&#8217;azienda, &#8220;<em>Il calendario ferie del 2020, anno di pandemia, difficilmente verra dimenticato dai colleghi in quanto aveva scardinato la tradizionale regola delle tre settimane consecutive di ferie ad agosto &#8211; dice Emilio Bez della Uiltec &#8211; la &#8220;rivoluzione&#8221; di una sola settimana di chiusura collettiva con le restanti settimane scaglionate aveva ricevuto giudizi discordanti: alcuni colleghi erano a favore, altri avrebbero preferito avere le classiche tre settimane consecutive di ferie o comunque un minimo di due settimane uguali per tutti a cavallo di ferragosto. Per il 2021 non \u00e8 ancora definito il calendario della fermata estiva, il Contratto integrativo prevede che di norma sia stabilito entro fine aprile. Ricordiamo che il CCNL prevede comunque le tre settimane di ferie consecutive salvo diverso accordo sindacale ma al momento non vi \u00e8 ancora nessun confronto ufficiale sul tema<\/em>&#8220;. Altro tema che fa discutere nei corridoi di Luxottica riguarda il premio di risultato. &#8220;<em>Avendo fin troppo presente quel che \u00e8 stato in generale l&#8217;andamento economico nel 2020 ma tenendo conto che, superato il difficile periodo iniziale dei lockdown generalizzati in tutto il mondo, l&#8217;Azienda aveva comunque registrato una forte ripresa delle vendite, diversi colleghi stanno comprensibilmente chiedendo informazioni riguardo il prossimo Premio Di Risultato aziendale &#8211; continua Bez &#8211; ricordiamo intanto che il PDR non arriva &#8220;per caso&#8221; bens\u00ec \u00e8 previsto dal Contratto Integrativo Aziendale. Resta comunque necessario attendere che l&#8217;Azienda renda noti i risultati economici definitivi dell&#8217;anno precedente, cosa che solitamente avviene nel periodo di marzo\/aprile. Solo allora, dopo un confronto tra Azienda e parti sindacali, vi saranno informazioni certe sul Premio di Risultat<\/em>o&#8221;.<\/p>\n<p>&nbsp;<\/p>\n<p>&nbsp;<\/p>\n<p>&nbsp;<\/p>\n<hr \/>\n<blockquote>\n<h3><\/h3>\n<h3>SOPRALLUOGO DELL&#8217;ASSESSORE BOTTACIN AI LAVORI SUL CORDEVOLE TRA PONTE MAS E SASS MUSS E AL PERON<\/h3>\n<\/blockquote>\n<p><strong><a href=\"https:\/\/www.radiopiu.net\/wordpress\/sopralluogo-dellassessore-bottacin-ai-lavori-sul-cordevole-tra-ponte-mas-e-sass-muss-e-al-peron\/1f205060-c241-4f49-afe7-faa9d91b9cac\/\" rel=\"attachment wp-att-195296\"><img loading=\"lazy\" decoding=\"async\" class=\" wp-image-195296 alignleft\" src=\"https:\/\/www.radiopiu.net\/wordpress\/wp-content\/uploads\/2021\/03\/1f205060-c241-4f49-afe7-faa9d91b9cac-300x225.jpg\" alt=\"\" width=\"227\" height=\"170\" srcset=\"https:\/\/www.radiopiu.net\/wordpress\/wp-content\/uploads\/2021\/03\/1f205060-c241-4f49-afe7-faa9d91b9cac-300x225.jpg 300w, https:\/\/www.radiopiu.net\/wordpress\/wp-content\/uploads\/2021\/03\/1f205060-c241-4f49-afe7-faa9d91b9cac-1024x768.jpg 1024w, https:\/\/www.radiopiu.net\/wordpress\/wp-content\/uploads\/2021\/03\/1f205060-c241-4f49-afe7-faa9d91b9cac-768x576.jpg 768w, https:\/\/www.radiopiu.net\/wordpress\/wp-content\/uploads\/2021\/03\/1f205060-c241-4f49-afe7-faa9d91b9cac-1536x1152.jpg 1536w, https:\/\/www.radiopiu.net\/wordpress\/wp-content\/uploads\/2021\/03\/1f205060-c241-4f49-afe7-faa9d91b9cac.jpg 2048w\" sizes=\"auto, (max-width: 227px) 100vw, 227px\" \/><\/a>VENEZIA <\/strong>Per verificare sul campo i lavori per la messa in sicurezza del territorio, l\u2019assessore al Dissesto Idrogeologico Gianpaolo Bottacin ha svolto un sopralluogo ai cantieri, in piena esecuzione, sul Cordevole tra Ponte Mas e Sas Mus e al Peron nei comuni di Sedico e Sospirolo. \u201c<em>Qui abbiamo in corso tre imponenti lavori &#8211; dettaglia l\u2019assessore &#8211; di cui il primo, del valore di quattro milioni di euro, consiste nella sistemazione delle opere di difesa idraulica; un secondo, presso la localit\u00e0 Sass Muss dove stiamo intervenendo con la realizzazione di una difesa spondale per un altro milione di euro; un terzo lavoro, in localit\u00e0 Peron, prevede invece una ricalibratura d&#8217;alveo ed \u00e8 stato avviato in seguito al recente evento <a href=\"https:\/\/www.radiopiu.net\/wordpress\/sopralluogo-dellassessore-bottacin-ai-lavori-sul-cordevole-tra-ponte-mas-e-sass-muss-e-al-peron\/8803b313-c188-47d8-aabb-6adeb107f3df\/\" rel=\"attachment wp-att-195295\"><img loading=\"lazy\" decoding=\"async\" class=\" wp-image-195295 alignright\" src=\"https:\/\/www.radiopiu.net\/wordpress\/wp-content\/uploads\/2021\/03\/8803b313-c188-47d8-aabb-6adeb107f3df-300x225.jpg\" alt=\"\" width=\"231\" height=\"173\" srcset=\"https:\/\/www.radiopiu.net\/wordpress\/wp-content\/uploads\/2021\/03\/8803b313-c188-47d8-aabb-6adeb107f3df-300x225.jpg 300w, https:\/\/www.radiopiu.net\/wordpress\/wp-content\/uploads\/2021\/03\/8803b313-c188-47d8-aabb-6adeb107f3df-1024x768.jpg 1024w, https:\/\/www.radiopiu.net\/wordpress\/wp-content\/uploads\/2021\/03\/8803b313-c188-47d8-aabb-6adeb107f3df-768x576.jpg 768w, https:\/\/www.radiopiu.net\/wordpress\/wp-content\/uploads\/2021\/03\/8803b313-c188-47d8-aabb-6adeb107f3df-1536x1152.jpg 1536w, https:\/\/www.radiopiu.net\/wordpress\/wp-content\/uploads\/2021\/03\/8803b313-c188-47d8-aabb-6adeb107f3df.jpg 2048w\" sizes=\"auto, (max-width: 231px) 100vw, 231px\" \/><\/a>di piena dello scorso inizio dicembre. Per quest\u2019ultimo intervento abbiamo impegnato cinquecentomila euro<\/em>\u201d. Lavori che si sommano alla gi\u00e0 terminata opera, in sinistra del torrente, per la quale erano stati investiti oltre 2 milioni di euro.\u00a0E&#8217; stato gi\u00e0 completato anche un taglione trasversale in calcestruzzo fondato su pali, avente la funzione di proteggere la suddetta soglia di fondo da possibili fenomeni di sifonamento, immediatamente a valle della soglia di <a href=\"https:\/\/www.radiopiu.net\/wordpress\/sopralluogo-dellassessore-bottacin-ai-lavori-sul-cordevole-tra-ponte-mas-e-sass-muss-e-al-peron\/bb6853a1-6bbe-4749-82f2-576c252f109d\/\" rel=\"attachment wp-att-195294\"><img loading=\"lazy\" decoding=\"async\" class=\" wp-image-195294 alignleft\" src=\"https:\/\/www.radiopiu.net\/wordpress\/wp-content\/uploads\/2021\/03\/bb6853a1-6bbe-4749-82f2-576c252f109d-300x225.jpg\" alt=\"\" width=\"199\" height=\"149\" srcset=\"https:\/\/www.radiopiu.net\/wordpress\/wp-content\/uploads\/2021\/03\/bb6853a1-6bbe-4749-82f2-576c252f109d-300x225.jpg 300w, https:\/\/www.radiopiu.net\/wordpress\/wp-content\/uploads\/2021\/03\/bb6853a1-6bbe-4749-82f2-576c252f109d-1024x768.jpg 1024w, https:\/\/www.radiopiu.net\/wordpress\/wp-content\/uploads\/2021\/03\/bb6853a1-6bbe-4749-82f2-576c252f109d-768x576.jpg 768w, https:\/\/www.radiopiu.net\/wordpress\/wp-content\/uploads\/2021\/03\/bb6853a1-6bbe-4749-82f2-576c252f109d-1536x1152.jpg 1536w, https:\/\/www.radiopiu.net\/wordpress\/wp-content\/uploads\/2021\/03\/bb6853a1-6bbe-4749-82f2-576c252f109d.jpg 2048w\" sizes=\"auto, (max-width: 199px) 100vw, 199px\" \/><\/a>fondo in massi realizzata con il precedente intervento in sponda destra nei mesi immediatamente successivi a Vaia. \u201c<em>Circa il lavoro, poco a monte di Ponte Mas, in localit\u00e0 Peron \u2013 specifica Bottacin &#8211; stiamo portando a termine la realizzazione di una savanella centrale di lunghezza pari a 550 metri e larghezza media di 50 metri. L&#8217;obiettivo \u00e8 quello di allontanare il filone attivo della corrente dalla sponda in sinistra idrografica, la quale in seguito all&#8217;evento di piena di dicembre aveva subito una forte erosione in numerosi tratti<\/em>\u201d. \u201c<em>Anche questo intervento, che contiamo di completare entro gli inizi di aprile \u2013 conclude l\u2019assessore \u2013 risulta davvero strategico visto che in prossimit\u00e0 della sponda, a poche decine di metri, scorre l&#8217;importante sede stradale della S.R. 203 Agordina<\/em>\u201d.<\/p>\n<p><strong>ALLA RADIO &#8230; L&#8217;assessore Gianpaolo Bottacin<\/strong><\/p>\n<p>&nbsp;<\/p>\n<div style=\"width: 640px;\" class=\"wp-video\"><video class=\"wp-video-shortcode\" id=\"video-195191-1\" width=\"640\" height=\"352\" preload=\"metadata\" controls=\"controls\"><source type=\"video\/mp4\" src=\"https:\/\/www.radiopiu.net\/wordpress\/wp-content\/uploads\/2021\/03\/WhatsApp-Video-2021-03-05-at-13.23.17.mp4?_=1\" \/><a href=\"https:\/\/www.radiopiu.net\/wordpress\/wp-content\/uploads\/2021\/03\/WhatsApp-Video-2021-03-05-at-13.23.17.mp4\">https:\/\/www.radiopiu.net\/wordpress\/wp-content\/uploads\/2021\/03\/WhatsApp-Video-2021-03-05-at-13.23.17.mp4<\/a><\/video><\/div>\n<p>&nbsp;<\/p>\n<p>&nbsp;<\/p>\n<hr \/>\n<p>&nbsp;<\/p>\n<blockquote>\n<h3>PER IL TRENO DELLE DOLOMITI LA PROVINCIA ATTENDE DALLA REGIONE GLI ELABORATI<\/h3>\n<\/blockquote>\n<p><strong><a href=\"https:\/\/www.radiopiu.net\/wordpress\/giornale-radiopiu-05-gennaio-2019-direttore-mirko-mezzacasa\/download-479\/\" rel=\"attachment wp-att-71362\"><img loading=\"lazy\" decoding=\"async\" class=\" wp-image-71362 alignleft\" src=\"https:\/\/www.radiopiu.net\/wordpress\/wp-content\/uploads\/2019\/01\/download-2.jpg\" alt=\"\" width=\"129\" height=\"195\" \/><\/a>BELLUNO<\/strong> <em>\u00abPrendiamo atto della scelta del tracciato del Treno delle Dolomiti operata dalla Regione Veneto. Se \u00e8 vero, come leggiamo dalla stampa, che gli studi relativi al percorso sono pronti da prima di settembre, ci piacerebbe poterli vedere, se non altro per i soldi che la Provincia ha investito e dato alla Regione proprio per gli approfondimenti del caso\u00bb.<\/em> \u00c8 quanto afferma il consigliere provinciale delegato alla mobilit\u00e0 Dario Scopel, relativamente alla nuova ferrovia che dovrebbe collegare Cortina. <em>\u00abIl nostro territorio ha bisogno di infrastrutture. Ma devono essere sostenibili dal punto di vista economico, ambientale e sociale. Abbiamo sempre detto che il Treno delle Dolomiti pu\u00f2 essere una grande occasione per la montagna, ma deve essere concorrenziale rispetto all\u2019auto e ad altri mezzi. Per questo, di fronte alle proposte di percorso fornite dalla Regione, avevamo messo a disposizione 200mila euro dai Fondi Comuni confinanti per approfondire alcuni aspetti. Ricordo, infatti, che non siamo di fronte a un progetto, ma solo a un\u2019idea progettuale, ancora priva degli studi di fattibilit\u00e0. E che pertanto servono dati precisi per poter decidere dove fare passare la ferrovia, altrimenti rischiamo di vendere aria fritta a un territorio che invece ha estremo bisogno di pianificare le infrastrutture del futuro. Attendiamo con fiducia l\u2019invio di questi studi. La Provincia non si \u00e8 mai tirata indietro sul tema delle infrastrutture. Anzi, sta analizzando in maniera puntuale le schede del Piano regionale di Recovery, per inserire nelle priorit\u00e0 anche la realizzazione del collegamento ferroviario Feltre-Primolano, ulteriore sbocco in grado di portare il Bellunese fuori dall\u2019isolamento\u00bb.<\/em><\/p>\n<p>&nbsp;<\/p>\n<p>&nbsp;<\/p>\n<p>&nbsp;<\/p>\n<hr \/>\n<p>&nbsp;<\/p>\n<blockquote>\n<h3>EVENTI GREEN NEL CAPOLUOGO. GIA&#8217; ARRIVATA LA PRIMA RICHIESTA<\/h3>\n<\/blockquote>\n<p><strong><a href=\"https:\/\/www.radiopiu.net\/wordpress\/giornale-radiopiu-08-luglio-2020-direttore-mirko-mezzacasa\/assessore-yuki-demilia\/\" rel=\"attachment wp-att-148231\"><img loading=\"lazy\" decoding=\"async\" class=\" wp-image-148231 alignleft\" src=\"https:\/\/www.radiopiu.net\/wordpress\/wp-content\/uploads\/2020\/07\/Assessore-Yuki-dEmilia-300x200.jpg\" alt=\"\" width=\"248\" height=\"165\" srcset=\"https:\/\/www.radiopiu.net\/wordpress\/wp-content\/uploads\/2020\/07\/Assessore-Yuki-dEmilia-300x200.jpg 300w, https:\/\/www.radiopiu.net\/wordpress\/wp-content\/uploads\/2020\/07\/Assessore-Yuki-dEmilia-1024x683.jpg 1024w, https:\/\/www.radiopiu.net\/wordpress\/wp-content\/uploads\/2020\/07\/Assessore-Yuki-dEmilia-768x512.jpg 768w, https:\/\/www.radiopiu.net\/wordpress\/wp-content\/uploads\/2020\/07\/Assessore-Yuki-dEmilia-1536x1024.jpg 1536w, https:\/\/www.radiopiu.net\/wordpress\/wp-content\/uploads\/2020\/07\/Assessore-Yuki-dEmilia-2048x1365.jpg 2048w\" sizes=\"auto, (max-width: 248px) 100vw, 248px\" \/><\/a>BELLUNO <\/strong>A poche settimane dalla presentazione delle linee guida e con uno scenario globale che ancora scoraggia gli organizzatori di manifestazioni, \u00e8 gi\u00e0 stata presentata la richiesta di accreditamento per il primo \u201cevento green\u201d riconosciuto dal Comune di Belluno. Sviluppo sostenibile e cittadinanza digitale: questi i maxi-temi che verranno affrontati.<\/p>\n<p><strong>YUKI D&#8217;EMILIA, ASSESSORE ALLE MANIFESTAZIONI DEL COMUNE DI BELLUNO<\/strong><\/p>\n<audio class=\"wp-audio-shortcode\" id=\"audio-195191-8\" preload=\"none\" style=\"width: 100%;\" controls=\"controls\"><source type=\"audio\/mpeg\" src=\"https:\/\/www.radiopiu.net\/wordpress\/wp-content\/uploads\/2021\/03\/dEmilia-Prima-richiesta-accreditamento-Green-Events.mp3?_=8\" \/><a href=\"https:\/\/www.radiopiu.net\/wordpress\/wp-content\/uploads\/2021\/03\/dEmilia-Prima-richiesta-accreditamento-Green-Events.mp3\">https:\/\/www.radiopiu.net\/wordpress\/wp-content\/uploads\/2021\/03\/dEmilia-Prima-richiesta-accreditamento-Green-Events.mp3<\/a><\/audio>\n<p>&nbsp;<\/p>\n<p>&nbsp;<\/p>\n<hr \/>\n<p>&nbsp;<\/p>\n<blockquote>\n<h3>SOSPENSIONE DEL RITIRO RIFIUTI DERIVANTI DA LAVORI DOMESTICI A PRA&#8217; DE ANTA. LA MINORANZA CHIEDE DELUCIDAZIONI<\/h3>\n<\/blockquote>\n<p><strong><a href=\"https:\/\/www.radiopiu.net\/wordpress\/giornale-radiopiu-23-marzo-2017-direttore-mirko-mezzacasa\/ecocentro\/\" rel=\"attachment wp-att-30104\"><img loading=\"lazy\" decoding=\"async\" class=\"size-medium wp-image-30104 alignleft\" src=\"https:\/\/www.radiopiu.net\/wordpress\/wp-content\/uploads\/2017\/03\/ECOCENTRO-300x169.jpg\" alt=\"\" width=\"300\" height=\"169\" \/><\/a>PONTE NELLE ALPI\u00a0<\/strong>I consiglieri comunali di minoranza a Ponte Nelle Alpi hanno chiesto una interrogazione al Sindaco Paolo Vendramini dopo che nei giorni scorsi \u00e8 stata comunicata alla cittadinanza che all&#8217;ecocentro Pr\u00e0 de Anta rimane al momento sospeso il ritiro dei rifiuti inerti derivanti da lavori domestici. Sono numerose le segnalazioni giunte ai consiglieri di opposizione sulle difficolt\u00e0 di mantenere presso le proprie abitazioni tale tipologia di rifiuti per un lungo periodo. Infatti Levis, De Vettor e Bindella chiedono se vi sar\u00e0 ancora la possibilit\u00e0 di conferimento presso l\u2019ecocentro Pr\u00e0 de Anta e con quale tempistiche si provveder\u00e0 alla soluzione della problematica esposta.<\/p>\n<p>&nbsp;<\/p>\n<p>&nbsp;<\/p>\n<hr \/>\n<p>&nbsp;<\/p>\n<blockquote>\n<h3>IL RESTAURO DEL VECCHIO BIVACCO FANTON, A CURA DI CAI AURONZO ED ENAIP LONGARONE<\/h3>\n<\/blockquote>\n<p><strong>AURONZO DI CADORE<\/strong> Sta tornando a nuova vita il vecchio bivacco Fanton. La struttura del Cai di Auronzo, che dagli anni Sessanta \u00e8 stata punto di appoggio per alpinisti ed escursionisti in Val Baion, sulle Marmarole, a inizio settembre \u00e8 stata smantellata e da qualche settimana \u00e8 a Longarone dove gli studenti della locale scuola professionale Enaip hanno iniziato i lavori di restauro. \u00ab<em>Dopo la realizzazione del nuovo bivacco Fanton, posizionato lo scorso autunno a Forcella Marmarole e completato nella prossima primavera, ci pareva bello non mandare al macero il vecchio bivacco che per tanti anni ha svolto il suo compito in Val Baion. Grazie al supporto della\u00a0Fondazione Dolomiti Unesco che ha messo a disposizione un finanziamento nell\u2019ambito del progetto di riqualificazione paesaggistica rinominato \u201cStrobs \u2013 strutture obsolete e paesaggi eccezionali. Valori e disvalori nel paesaggio delle Dolomiti e nella gestione del sito Unesco\u201d, siamo riusciti nell&#8217;intento di ridare nuova vita alla struttura. Per realizzare il progetto, ci\u00a0siamo rivolti all\u2019 Enaip di Longarone che gi\u00e0 qualche anno fa aveva ridato splendore alle due vecchie funivie del Monte Agudo<\/em>\u00bb dice Massimo Casagrande, vice presidente del Cai di Auronzo.<\/p>\n\n\t\t\t<style type='text\/css'>\n\t\t\t\t#gallery-4 {\n\t\t\t\t\tmargin: auto;\n\t\t\t\t}\n\t\t\t\t#gallery-4 .gallery-item {\n\t\t\t\t\tfloat: left;\n\t\t\t\t\tmargin-top: 10px;\n\t\t\t\t\ttext-align: center;\n\t\t\t\t\twidth: 25%;\n\t\t\t\t}\n\t\t\t\t#gallery-4 img {\n\t\t\t\t\tborder: 2px solid #cfcfcf;\n\t\t\t\t}\n\t\t\t\t#gallery-4 .gallery-caption {\n\t\t\t\t\tmargin-left: 0;\n\t\t\t\t}\n\t\t\t\t\/* see gallery_shortcode() in wp-includes\/media.php *\/\n\t\t\t<\/style>\n\t\t<div id='gallery-4' class='dt-gallery-container gallery galleryid-195191 gallery-columns-4 gallery-size-medium'><dl class='gallery-item'>\n\t\t\t\t<dt class='gallery-icon portrait'>\n\t\t\t\t\t<a class=\"rollover rollover-zoom dt-pswp-item\" title=\"enaip 1 - lavori di restauro\" data-dt-img-description=\"\" data-large_image_width=\"1536\" data-large_image_height=\"2048\"href='https:\/\/www.radiopiu.net\/wordpress\/wp-content\/uploads\/2021\/03\/enaip-1-lavori-di-restauro.jpeg'><img loading=\"lazy\" decoding=\"async\" width=\"225\" height=\"300\" src=\"https:\/\/www.radiopiu.net\/wordpress\/wp-content\/uploads\/2021\/03\/enaip-1-lavori-di-restauro-225x300.jpeg\" class=\"attachment-medium size-medium\" alt=\"\" srcset=\"https:\/\/www.radiopiu.net\/wordpress\/wp-content\/uploads\/2021\/03\/enaip-1-lavori-di-restauro-225x300.jpeg 225w, https:\/\/www.radiopiu.net\/wordpress\/wp-content\/uploads\/2021\/03\/enaip-1-lavori-di-restauro-768x1024.jpeg 768w, https:\/\/www.radiopiu.net\/wordpress\/wp-content\/uploads\/2021\/03\/enaip-1-lavori-di-restauro-1152x1536.jpeg 1152w, https:\/\/www.radiopiu.net\/wordpress\/wp-content\/uploads\/2021\/03\/enaip-1-lavori-di-restauro.jpeg 1536w\" sizes=\"auto, (max-width: 225px) 100vw, 225px\" \/><\/a>\n\t\t\t\t<\/dt><\/dl><dl class='gallery-item'>\n\t\t\t\t<dt class='gallery-icon landscape'>\n\t\t\t\t\t<a class=\"rollover rollover-zoom dt-pswp-item\" title=\"enaip 2 lavori di restauro\" data-dt-img-description=\"\" data-large_image_width=\"2048\" data-large_image_height=\"1536\"href='https:\/\/www.radiopiu.net\/wordpress\/wp-content\/uploads\/2021\/03\/enaip-2-lavori-di-restauro.jpeg'><img loading=\"lazy\" decoding=\"async\" width=\"300\" height=\"225\" src=\"https:\/\/www.radiopiu.net\/wordpress\/wp-content\/uploads\/2021\/03\/enaip-2-lavori-di-restauro-300x225.jpeg\" class=\"attachment-medium size-medium\" alt=\"\" srcset=\"https:\/\/www.radiopiu.net\/wordpress\/wp-content\/uploads\/2021\/03\/enaip-2-lavori-di-restauro-300x225.jpeg 300w, https:\/\/www.radiopiu.net\/wordpress\/wp-content\/uploads\/2021\/03\/enaip-2-lavori-di-restauro-1024x768.jpeg 1024w, https:\/\/www.radiopiu.net\/wordpress\/wp-content\/uploads\/2021\/03\/enaip-2-lavori-di-restauro-768x576.jpeg 768w, https:\/\/www.radiopiu.net\/wordpress\/wp-content\/uploads\/2021\/03\/enaip-2-lavori-di-restauro-1536x1152.jpeg 1536w, https:\/\/www.radiopiu.net\/wordpress\/wp-content\/uploads\/2021\/03\/enaip-2-lavori-di-restauro.jpeg 2048w\" sizes=\"auto, (max-width: 300px) 100vw, 300px\" \/><\/a>\n\t\t\t\t<\/dt><\/dl><dl class='gallery-item'>\n\t\t\t\t<dt class='gallery-icon landscape'>\n\t\t\t\t\t<a class=\"rollover rollover-zoom dt-pswp-item\" title=\"enaip 4 - il vecchio bivacco fanton in val baio\" data-dt-img-description=\"\" data-large_image_width=\"1380\" data-large_image_height=\"1035\"href='https:\/\/www.radiopiu.net\/wordpress\/wp-content\/uploads\/2021\/03\/enaip-4-il-vecchio-bivacco-fanton-in-val-baio.jpeg'><img loading=\"lazy\" decoding=\"async\" width=\"300\" height=\"225\" src=\"https:\/\/www.radiopiu.net\/wordpress\/wp-content\/uploads\/2021\/03\/enaip-4-il-vecchio-bivacco-fanton-in-val-baio-300x225.jpeg\" class=\"attachment-medium size-medium\" alt=\"\" srcset=\"https:\/\/www.radiopiu.net\/wordpress\/wp-content\/uploads\/2021\/03\/enaip-4-il-vecchio-bivacco-fanton-in-val-baio-300x225.jpeg 300w, https:\/\/www.radiopiu.net\/wordpress\/wp-content\/uploads\/2021\/03\/enaip-4-il-vecchio-bivacco-fanton-in-val-baio-1024x768.jpeg 1024w, https:\/\/www.radiopiu.net\/wordpress\/wp-content\/uploads\/2021\/03\/enaip-4-il-vecchio-bivacco-fanton-in-val-baio-768x576.jpeg 768w, https:\/\/www.radiopiu.net\/wordpress\/wp-content\/uploads\/2021\/03\/enaip-4-il-vecchio-bivacco-fanton-in-val-baio.jpeg 1380w\" sizes=\"auto, (max-width: 300px) 100vw, 300px\" \/><\/a>\n\t\t\t\t<\/dt><\/dl><dl class='gallery-item'>\n\t\t\t\t<dt class='gallery-icon landscape'>\n\t\t\t\t\t<a class=\"rollover rollover-zoom dt-pswp-item\" title=\"enaip 3 - lezione di storia alpinismo bivacchi\" data-dt-img-description=\"\" data-large_image_width=\"2100\" data-large_image_height=\"1400\"href='https:\/\/www.radiopiu.net\/wordpress\/wp-content\/uploads\/2021\/03\/enaip-3-lezione-di-storia-alpinismo-bivacchi.jpg'><img loading=\"lazy\" decoding=\"async\" width=\"300\" height=\"200\" src=\"https:\/\/www.radiopiu.net\/wordpress\/wp-content\/uploads\/2021\/03\/enaip-3-lezione-di-storia-alpinismo-bivacchi-300x200.jpg\" class=\"attachment-medium size-medium\" alt=\"\" srcset=\"https:\/\/www.radiopiu.net\/wordpress\/wp-content\/uploads\/2021\/03\/enaip-3-lezione-di-storia-alpinismo-bivacchi-300x200.jpg 300w, https:\/\/www.radiopiu.net\/wordpress\/wp-content\/uploads\/2021\/03\/enaip-3-lezione-di-storia-alpinismo-bivacchi-1024x683.jpg 1024w, https:\/\/www.radiopiu.net\/wordpress\/wp-content\/uploads\/2021\/03\/enaip-3-lezione-di-storia-alpinismo-bivacchi-768x512.jpg 768w, https:\/\/www.radiopiu.net\/wordpress\/wp-content\/uploads\/2021\/03\/enaip-3-lezione-di-storia-alpinismo-bivacchi-1536x1024.jpg 1536w, https:\/\/www.radiopiu.net\/wordpress\/wp-content\/uploads\/2021\/03\/enaip-3-lezione-di-storia-alpinismo-bivacchi-2048x1365.jpg 2048w\" sizes=\"auto, (max-width: 300px) 100vw, 300px\" \/><\/a>\n\t\t\t\t<\/dt><\/dl><br style=\"clear: both\" \/>\n\t\t\t<\/div>\n\n<p>&nbsp;<\/p>\n<hr \/>\n<p>&nbsp;<\/p>\n<p>&nbsp;<\/p>\n<blockquote>\n<h3>PALAZZETTO DELLO SPORT ALL&#8217;ASTA, TRE AL PREZZO DI UNO<\/h3>\n<\/blockquote>\n<h3><a href=\"https:\/\/www.radiopiu.net\/wordpress\/giornale-radiopiu-06-marzo-2021-direttore-mirko-mezzacasa\/1200px-limana_bl\/\" rel=\"attachment wp-att-195411\"><img loading=\"lazy\" decoding=\"async\" class=\"wp-image-195411 alignleft\" src=\"https:\/\/www.radiopiu.net\/wordpress\/wp-content\/uploads\/2021\/03\/1200px-Limana_BL-300x225.jpg\" alt=\"\" width=\"172\" height=\"129\" srcset=\"https:\/\/www.radiopiu.net\/wordpress\/wp-content\/uploads\/2021\/03\/1200px-Limana_BL-300x225.jpg 300w, https:\/\/www.radiopiu.net\/wordpress\/wp-content\/uploads\/2021\/03\/1200px-Limana_BL-1024x768.jpg 1024w, https:\/\/www.radiopiu.net\/wordpress\/wp-content\/uploads\/2021\/03\/1200px-Limana_BL-768x576.jpg 768w, https:\/\/www.radiopiu.net\/wordpress\/wp-content\/uploads\/2021\/03\/1200px-Limana_BL.jpg 1200w\" sizes=\"auto, (max-width: 172px) 100vw, 172px\" \/><\/a><\/h3>\n<p><strong>LIMANA<\/strong><\/p>\n<p><strong>di DAMIANO TORMEN<\/strong><\/p>\n<audio class=\"wp-audio-shortcode\" id=\"audio-195191-9\" preload=\"none\" style=\"width: 100%;\" controls=\"controls\"><source type=\"audio\/mpeg\" src=\"https:\/\/www.radiopiu.net\/wordpress\/wp-content\/uploads\/2021\/03\/DAMIANO-LIMANA.mp3?_=9\" \/><a href=\"https:\/\/www.radiopiu.net\/wordpress\/wp-content\/uploads\/2021\/03\/DAMIANO-LIMANA.mp3\">https:\/\/www.radiopiu.net\/wordpress\/wp-content\/uploads\/2021\/03\/DAMIANO-LIMANA.mp3<\/a><\/audio>\n<p>&nbsp;<\/p>\n<p>&nbsp;<\/p>\n<hr \/>\n<p>&nbsp;<\/p>\n<blockquote>\n<h3>ASCA ALLA RICERCA DI UN ISTRUTTORE AMMINISTRATIVO ADDETTO AL PERSONALE E INFERMIERI<\/h3>\n<\/blockquote>\n<p><strong><a href=\"https:\/\/www.radiopiu.net\/wordpress\/asca-ricerca-personale-infermieristico\/asca-4\/\" rel=\"attachment wp-att-128881\"><img loading=\"lazy\" decoding=\"async\" class=\" wp-image-128881 alignleft\" src=\"https:\/\/www.radiopiu.net\/wordpress\/wp-content\/uploads\/2020\/04\/ASCA-300x165.png\" alt=\"\" width=\"224\" height=\"123\" srcset=\"https:\/\/www.radiopiu.net\/wordpress\/wp-content\/uploads\/2020\/04\/ASCA-300x165.png 300w, https:\/\/www.radiopiu.net\/wordpress\/wp-content\/uploads\/2020\/04\/ASCA-1024x565.png 1024w, https:\/\/www.radiopiu.net\/wordpress\/wp-content\/uploads\/2020\/04\/ASCA-768x424.png 768w, https:\/\/www.radiopiu.net\/wordpress\/wp-content\/uploads\/2020\/04\/ASCA.png 1211w\" sizes=\"auto, (max-width: 224px) 100vw, 224px\" \/><\/a><\/strong><\/p>\n<p>&nbsp;<\/p>\n<p><strong>di GIANNI SANTOMASO<\/strong><\/p>\n<audio class=\"wp-audio-shortcode\" id=\"audio-195191-10\" preload=\"none\" style=\"width: 100%;\" controls=\"controls\"><source type=\"audio\/mpeg\" src=\"https:\/\/www.radiopiu.net\/wordpress\/wp-content\/uploads\/2021\/03\/GIANNI-RSA.mp3?_=10\" \/><a href=\"https:\/\/www.radiopiu.net\/wordpress\/wp-content\/uploads\/2021\/03\/GIANNI-RSA.mp3\">https:\/\/www.radiopiu.net\/wordpress\/wp-content\/uploads\/2021\/03\/GIANNI-RSA.mp3<\/a><\/audio>\n<p>&nbsp;<\/p>\n<hr \/>\n<p>&nbsp;<\/p>\n<blockquote>\n<h3>IN CONSIGLIO ANCHE PER LA VERIFICA DELLE AREE FABBRICABILI<\/h3>\n<\/blockquote>\n<p><strong><a href=\"https:\/\/www.radiopiu.net\/wordpress\/feb01010112\/th-25\/\" rel=\"attachment wp-att-188402\"><img loading=\"lazy\" decoding=\"async\" class=\"wp-image-188402 alignleft\" src=\"https:\/\/www.radiopiu.net\/wordpress\/wp-content\/uploads\/2021\/02\/th.jpg\" alt=\"\" width=\"140\" height=\"97\" \/><\/a>COLLE SANTA LUCIA<\/strong> Oggi alle 7.30 consiglio comunale convocato dal sindaco Paolo Frena. Quindici punti all&#8217;ordine del giorno, comunicazioni del sindaco comprese. Regolamenti, approvazione di programmi a bilanci, verifica delle aree edificabili, Documento Unico di Programmazione tra gli argomenti principali.<\/p>\n<p>&nbsp;<\/p>\n<p>&nbsp;<\/p>\n<hr \/>\n<p>&nbsp;<\/p>\n<blockquote>\n<h3>LE PROPOSTE PER LA MODIFICA DEL PIANO DEGLI INTERVENTI<\/h3>\n<\/blockquote>\n<p><strong><a href=\"https:\/\/www.radiopiu.net\/wordpress\/consiglio-comunale-di-falcade-registrazione-integrale-durata-1h33m\/falcade-3-2\/\" rel=\"attachment wp-att-163179\"><img loading=\"lazy\" decoding=\"async\" class=\"wp-image-163179 alignleft\" src=\"https:\/\/www.radiopiu.net\/wordpress\/wp-content\/uploads\/2020\/09\/FALCADE-3-300x225.jpg\" alt=\"\" width=\"133\" height=\"100\" srcset=\"https:\/\/www.radiopiu.net\/wordpress\/wp-content\/uploads\/2020\/09\/FALCADE-3-300x225.jpg 300w, https:\/\/www.radiopiu.net\/wordpress\/wp-content\/uploads\/2020\/09\/FALCADE-3-768x576.jpg 768w, https:\/\/www.radiopiu.net\/wordpress\/wp-content\/uploads\/2020\/09\/FALCADE-3-640x480.jpg 640w, https:\/\/www.radiopiu.net\/wordpress\/wp-content\/uploads\/2020\/09\/FALCADE-3.jpg 960w\" sizes=\"auto, (max-width: 133px) 100vw, 133px\" \/><\/a>FALCADE<\/strong>\u00a0 <em>&#8220;Il Comune di Falcade comunica che \u00e8 stato pubblicato un importante <u>AVVISO\u00a0per la\u00a0presentazione delle proposte per la modifica del Piano degli Interventi<\/u>, a firma del Sindaco Michele Costa,\u00a0 l<\/em><em>&#8216;avviso \u00e8 pubblicato e scaricabile dal sito internet del Comune di Falcade. <\/em><em>Le proposte dovranno pervenire entro e non oltre il 18 marzo 2021&#8243;<\/em><\/p>\n<p>&nbsp;<\/p>\n<p>&nbsp;<\/p>\n<hr \/>\n<p>&nbsp;<\/p>\n<blockquote>\n<h3>DOPPIO APPUNTAMENTO CON LE LETTURE IN STREAMING &#8220;SOTTOCOPERTA&#8221;<\/h3>\n<\/blockquote>\n<p><strong>LIMANA<\/strong> Continuano gli appuntamenti della biblioteca di Limana con &#8220;SottoCoperta&#8221;, la serie di appuntamenti in streaming con le letture online. Domenica alle 18 &#8220;Strapazzami Una Storia&#8221;, con Margherita Piccin e Michele Guidi di Progetto Teatro X Tutti. Lettura, narrazione e musica. Storie conosciute, famose, nascoste, storie storte e storie fosche, storie ascoltate narrate in una piazza o in una via, dite la vostra che io ho gi\u00e0 detto la mia. Tra un salto in un mondo senza tempo e un altro, vi frulleremo in un vortice di fiabe di suoni e di voci per bambini dai 4 anni in su. Luned\u00ec alle 21 &#8220;Il Corpo Che Parla&#8221;, con la Compagnia La luna al guinzaglio di Trieste. Una lettura spettacolo, nonostante tutto, che difende l&#8217;amore. Quello vero. Per la vita. Quell&#8217;amore che non si deve mai associare alla parola &#8220;troppo&#8221;, perch\u00e8 il &#8220;troppo amore&#8221; non \u00e8 gi\u00e0 pi\u00f9 amore, ma una distorsione. Uno spettacolo poetico, delicato e forte allo stesso tempo, perch\u00e8 contrappone in ogni sua piega, fra ricordi e sogni infranti, la pienezza di una giovane vita, che ormai non \u00e8 pi\u00f9 vita. Per seguire le dirette streaming prenotate il vostro link alla mail: <a class=\"moz-txt-link-abbreviated\" title=\"mailto:sbogo.limana@valbelluna.bl.it\" href=\"mailto:sbogo.limana@valbelluna.bl.it\">sbogo.limana@valbelluna.bl.it<\/a> entro le ore 12.00 di sabato 6 marzo indicando nome, cognome e recapito telefonico.<\/p>\n\n\t\t\t<style type='text\/css'>\n\t\t\t\t#gallery-5 {\n\t\t\t\t\tmargin: auto;\n\t\t\t\t}\n\t\t\t\t#gallery-5 .gallery-item {\n\t\t\t\t\tfloat: left;\n\t\t\t\t\tmargin-top: 10px;\n\t\t\t\t\ttext-align: center;\n\t\t\t\t\twidth: 50%;\n\t\t\t\t}\n\t\t\t\t#gallery-5 img {\n\t\t\t\t\tborder: 2px solid #cfcfcf;\n\t\t\t\t}\n\t\t\t\t#gallery-5 .gallery-caption {\n\t\t\t\t\tmargin-left: 0;\n\t\t\t\t}\n\t\t\t\t\/* see gallery_shortcode() in wp-includes\/media.php *\/\n\t\t\t<\/style>\n\t\t<div id='gallery-5' class='dt-gallery-container gallery galleryid-195191 gallery-columns-2 gallery-size-medium'><dl class='gallery-item'>\n\t\t\t\t<dt class='gallery-icon landscape'>\n\t\t\t\t\t<a class=\"rollover rollover-zoom dt-pswp-item\" title=\"Letture domenica 7 marzo\" data-dt-img-description=\"\" data-large_image_width=\"772\" data-large_image_height=\"403\"href='https:\/\/www.radiopiu.net\/wordpress\/wp-content\/uploads\/2021\/03\/Letture-domenica-7-marzo.png'><img loading=\"lazy\" decoding=\"async\" width=\"300\" height=\"157\" src=\"https:\/\/www.radiopiu.net\/wordpress\/wp-content\/uploads\/2021\/03\/Letture-domenica-7-marzo-300x157.png\" class=\"attachment-medium size-medium\" alt=\"\" srcset=\"https:\/\/www.radiopiu.net\/wordpress\/wp-content\/uploads\/2021\/03\/Letture-domenica-7-marzo-300x157.png 300w, https:\/\/www.radiopiu.net\/wordpress\/wp-content\/uploads\/2021\/03\/Letture-domenica-7-marzo-768x401.png 768w, https:\/\/www.radiopiu.net\/wordpress\/wp-content\/uploads\/2021\/03\/Letture-domenica-7-marzo.png 772w\" sizes=\"auto, (max-width: 300px) 100vw, 300px\" \/><\/a>\n\t\t\t\t<\/dt><\/dl><dl class='gallery-item'>\n\t\t\t\t<dt class='gallery-icon landscape'>\n\t\t\t\t\t<a class=\"rollover rollover-zoom dt-pswp-item\" title=\"Spettacolo per 8 marzo\" data-dt-img-description=\"\" data-large_image_width=\"772\" data-large_image_height=\"403\"href='https:\/\/www.radiopiu.net\/wordpress\/wp-content\/uploads\/2021\/03\/Spettacolo-per-8-marzo.jpg'><img loading=\"lazy\" decoding=\"async\" width=\"300\" height=\"157\" src=\"https:\/\/www.radiopiu.net\/wordpress\/wp-content\/uploads\/2021\/03\/Spettacolo-per-8-marzo-300x157.jpg\" class=\"attachment-medium size-medium\" alt=\"\" srcset=\"https:\/\/www.radiopiu.net\/wordpress\/wp-content\/uploads\/2021\/03\/Spettacolo-per-8-marzo-300x157.jpg 300w, https:\/\/www.radiopiu.net\/wordpress\/wp-content\/uploads\/2021\/03\/Spettacolo-per-8-marzo-768x401.jpg 768w, https:\/\/www.radiopiu.net\/wordpress\/wp-content\/uploads\/2021\/03\/Spettacolo-per-8-marzo.jpg 772w\" sizes=\"auto, (max-width: 300px) 100vw, 300px\" \/><\/a>\n\t\t\t\t<\/dt><\/dl><br style=\"clear: both\" \/>\n\t\t\t<\/div>\n\n<p>&nbsp;<\/p>\n<p>&nbsp;<\/p>\n<hr \/>\n<p>&nbsp;<\/p>\n<blockquote>\n<h3 align=\"CENTER\"><span style=\"font-family: Times New Roman, serif;\"><span style=\"font-size: medium;\"><b>FONDO AMBIENTE ITALIANO &#8211; DELEGAZIONE DI BELLUNO<\/b><\/span><\/span><\/h3>\n<h3 align=\"CENTER\"><span style=\"font-family: Times New Roman, serif;\"><span style=\"font-size: medium;\"><b>Ciclo di visite virtuali sul tema<\/b><\/span><\/span><i style=\"font-size: medium; font-family: 'Times New Roman', serif;\"><b>La Piave: storie di uomini, acqua e legno<\/b><\/i><\/h3>\n<\/blockquote>\n<p align=\"JUSTIFY\"><span style=\"font-family: Times New Roman, serif;\"><span style=\"font-size: medium;\"><strong>BELLUNO<\/strong> Dopo il successo dell&#8217;incontro online con Erminio Mazzucco e del \u201cGiro in Villa\u201d\u00a0 la delegazione bellunese del Fondo Ambiente Italiano ha deciso di proporre un grande evento organizzato attraverso visite virtuali a luoghi e musei legati al tema della fluitazione delle zattere ed ai beni che su queste venivano caricati e trasportati a Venezia: <\/span><\/span><span style=\"font-family: Times New Roman, serif;\"><span style=\"font-size: medium;\"><i>La Piave: storie di uomini, acqua e legno<\/i><\/span><\/span><span style=\"font-family: Times New Roman, serif;\"><span style=\"font-size: medium;\">. <\/span><\/span><span style=\"font-family: Times New Roman, serif;\"><span style=\"font-size: medium;\">Gli incontri si svolgeranno il marted\u00ec, con cadenza bisettimanale. Il percorso inizier\u00e0 da Perarolo di Cadore, con una visita virtuale del Museo del Cidolo e del legname, il prossimo Marted\u00ec 9 marzo alle 18.30. <\/span><\/span><span style=\"font-family: Times New Roman, serif;\"><span style=\"font-size: medium;\">La visita sar\u00e0 condotta da Annamaria Canepa, operatrice culturale originaria proprio di Perarolo, appassionata ed esperta conoscitrice di questo paese dal passato ricco e operoso.\u00a0<\/span><\/span><span style=\"font-family: Times New Roman, serif;\"><span style=\"font-size: medium;\">L&#8217;incontro \u00e8 aperto a tutti ma \u00e8 necessario prenotarsi obbligatoriamente sul sito\u00a0<a href=\"https:\/\/faiprenotazioni.fondoambiente.it\/\">https:\/\/faiprenotazioni.fondoambiente.it\/<\/a> <\/span><\/span><\/p>\n<h3><\/h3>\n<p>&nbsp;<\/p>\n<hr \/>\n<p>&nbsp;<\/p>\n<h3>\u00a0CERCASI FARMACISTI-COLLABORATORI AD AGORDO<\/h3>\n<p><strong><img loading=\"lazy\" decoding=\"async\" class=\"alignleft\" src=\"https:\/\/www.radiopiu.net\/wordpress\/wp-content\/uploads\/2020\/06\/e557474c-a46e-408a-ad77-242a0f3ef7c9.jpg\" width=\"62\" height=\"83\" \/>AGORDO<\/strong> L&#8217;Azienda Speciale Agordo Servizi ha indetto una selezione per la copertura di due posti e tempo pieno (40 ore) come Farmacista-collaboratore di primo livello. Il candidato dovr\u00e0 essere in grado di svolgere attivit\u00e0 ad elevato contenuto professionale di natura sanitaria o tecnica amministrativa in condizione di ampia autonomia. Le domande devono essere presentate entro le 12 del 3 marzo. Di seguito tutti i particolari compreso il calendario della prova che sar\u00e0 pubblicato sul sito agordofarmaciacomunale.it<\/p>\n<p>&nbsp;<\/p>\n<p>&nbsp;<\/p>\n<hr \/>\n<p>&nbsp;<\/p>\n<blockquote>\n<h3>NUOVI ORARI CALL CENTER COVID DAL 1\u00b0 FEBBRAIO 2021<\/h3>\n<\/blockquote>\n<p><strong><a href=\"https:\/\/www.radiopiu.net\/wordpress\/giornale-radiopiu-26-gennaio-2021-direttore-mirko-mezzacasa\/numero-covid_febbraio-2021\/\" rel=\"attachment wp-att-186852\"><img loading=\"lazy\" decoding=\"async\" class=\"wp-image-186852 alignleft\" src=\"https:\/\/www.radiopiu.net\/wordpress\/wp-content\/uploads\/2021\/01\/numero-covid_febbraio-2021-300x212.jpg\" alt=\"\" width=\"202\" height=\"143\" srcset=\"https:\/\/www.radiopiu.net\/wordpress\/wp-content\/uploads\/2021\/01\/numero-covid_febbraio-2021-300x212.jpg 300w, https:\/\/www.radiopiu.net\/wordpress\/wp-content\/uploads\/2021\/01\/numero-covid_febbraio-2021-1024x724.jpg 1024w, https:\/\/www.radiopiu.net\/wordpress\/wp-content\/uploads\/2021\/01\/numero-covid_febbraio-2021-768x543.jpg 768w, https:\/\/www.radiopiu.net\/wordpress\/wp-content\/uploads\/2021\/01\/numero-covid_febbraio-2021-1536x1086.jpg 1536w, https:\/\/www.radiopiu.net\/wordpress\/wp-content\/uploads\/2021\/01\/numero-covid_febbraio-2021.jpg 2000w\" sizes=\"auto, (max-width: 202px) 100vw, 202px\" \/><\/a> <\/strong><\/p>\n<p><strong>\u00a0<\/strong><\/p>\n<p><strong>BELLUNO <\/strong>L&#8217;importante rallentamento epidemico registrato nelle ultime settimane e la conseguente forte riduzione delle telefonate con richiesta di informazioni da parte dei cittadini, consentono di rimodulare giorni ed orari di attivit\u00e0 del CALL CENTER COVID Dal 1\u00b0 febbraio 2021 lo 0437\/514343 sar\u00e0 attivo dalle 8 alle 18 da luned\u00ec a sabato.<\/p>\n<p>&nbsp;<\/p>\n<p>&nbsp;<\/p>\n<p>&nbsp;<\/p>\n<hr \/>\n<p>&nbsp;<\/p>\n<blockquote>\n<h3>A MARZO PRO LOCO DI CANALE D&#8217;AGORDO CHIUSA<\/h3>\n<\/blockquote>\n<p><strong>CANALE D&#8217;AGORDO <\/strong>Durante il mese di marzo l&#8217;ufficio pro loco rimarr\u00e0 chiuso. Il Museo Albino Luciani apre solo SU RICHIESTA E PRENOTAZIONE allo 0437 1948001 (WhatsApp 377 9665237) oppure via mail a <a title=\"mailto:info@fondazionepapaluciani.com\" href=\"mailto:info@fondazionepapaluciani.com\">info@fondazionepapaluciani.com<\/a>.<\/p>\n<p>&nbsp;<\/p>\n<hr \/>\n<p>&nbsp;<\/p>\n<h1><span style=\"color: #ff0000;\">IERI ALLA RADIO<\/span><\/h1>\n<h2><strong><a href=\"https:\/\/www.radiopiu.net\/wordpress\/speciale-solidarieta-veneto\/solidarieta-veneto-3\/\" rel=\"attachment wp-att-134366\"><img loading=\"lazy\" decoding=\"async\" class=\"size-medium wp-image-134366 alignleft\" src=\"https:\/\/www.radiopiu.net\/wordpress\/wp-content\/uploads\/2020\/05\/solidariet\u00e0-veneto-300x210.jpg\" alt=\"\" width=\"300\" height=\"210\" srcset=\"https:\/\/www.radiopiu.net\/wordpress\/wp-content\/uploads\/2020\/05\/solidariet\u00e0-veneto-300x210.jpg 300w, https:\/\/www.radiopiu.net\/wordpress\/wp-content\/uploads\/2020\/05\/solidariet\u00e0-veneto-1024x717.jpg 1024w, https:\/\/www.radiopiu.net\/wordpress\/wp-content\/uploads\/2020\/05\/solidariet\u00e0-veneto-768x538.jpg 768w, https:\/\/www.radiopiu.net\/wordpress\/wp-content\/uploads\/2020\/05\/solidariet\u00e0-veneto.jpg 1373w\" sizes=\"auto, (max-width: 300px) 100vw, 300px\" \/><\/a><\/strong><span style=\"color: #008000;\">SPECIALE SOLIDARIETA&#8217; VENETO &#8211; 05 MARZO 2021<\/span><\/h2>\n<p><strong>di Claudio Fontanive<\/strong><\/p>\n<p>OSPITE: Paolo Stefan direttore di Solidariet\u00e0 Veneto ed Erica Belotti responsabile ufficio gestionale<\/p>\n<audio class=\"wp-audio-shortcode\" id=\"audio-195191-11\" preload=\"none\" style=\"width: 100%;\" controls=\"controls\"><source type=\"audio\/mpeg\" src=\"https:\/\/www.radiopiu.net\/wordpress\/wp-content\/uploads\/2021\/03\/solidarieta-veneto-marzo.mp3?_=11\" \/><a href=\"https:\/\/www.radiopiu.net\/wordpress\/wp-content\/uploads\/2021\/03\/solidarieta-veneto-marzo.mp3\">https:\/\/www.radiopiu.net\/wordpress\/wp-content\/uploads\/2021\/03\/solidarieta-veneto-marzo.mp3<\/a><\/audio>\n<p>&nbsp;<\/p>\n<hr \/>\n<p>&nbsp;<\/p>\n<p>&nbsp;<\/p>\n<h1><span style=\"color: #ff0000;\">IERI ALLA RADIO<\/span><\/h1>\n<h2><strong><a href=\"https:\/\/www.radiopiu.net\/wordpress\/ieri-ha-ripreso-lattivita-la-piscina-di-agordo\/piscina-agordo\/\" rel=\"attachment wp-att-140455\"><img loading=\"lazy\" decoding=\"async\" class=\"size-medium wp-image-140455 alignleft\" src=\"https:\/\/www.radiopiu.net\/wordpress\/wp-content\/uploads\/2020\/05\/PISCINA-AGORDO-300x138.jpg\" alt=\"\" width=\"300\" height=\"138\" srcset=\"https:\/\/www.radiopiu.net\/wordpress\/wp-content\/uploads\/2020\/05\/PISCINA-AGORDO-300x138.jpg 300w, https:\/\/www.radiopiu.net\/wordpress\/wp-content\/uploads\/2020\/05\/PISCINA-AGORDO-1024x472.jpg 1024w, https:\/\/www.radiopiu.net\/wordpress\/wp-content\/uploads\/2020\/05\/PISCINA-AGORDO-768x354.jpg 768w, https:\/\/www.radiopiu.net\/wordpress\/wp-content\/uploads\/2020\/05\/PISCINA-AGORDO-1536x708.jpg 1536w, https:\/\/www.radiopiu.net\/wordpress\/wp-content\/uploads\/2020\/05\/PISCINA-AGORDO.jpg 1600w\" sizes=\"auto, (max-width: 300px) 100vw, 300px\" \/><\/a><\/strong><span style=\"color: #3366ff;\">LA PISCINA DI AGORDO RIAPRE PER GLI AGONISTI<\/span><\/h2>\n<p><strong>di Claudio Fontanive<\/strong><\/p>\n<p>OSPITI: Roberto Broglio e Giorgio De Nardin<\/p>\n<audio class=\"wp-audio-shortcode\" id=\"audio-195191-12\" preload=\"none\" style=\"width: 100%;\" controls=\"controls\"><source type=\"audio\/mpeg\" src=\"https:\/\/www.radiopiu.net\/wordpress\/wp-content\/uploads\/2021\/03\/broglio-de-nardin-5-marzo.mp3?_=12\" \/><a href=\"https:\/\/www.radiopiu.net\/wordpress\/wp-content\/uploads\/2021\/03\/broglio-de-nardin-5-marzo.mp3\">https:\/\/www.radiopiu.net\/wordpress\/wp-content\/uploads\/2021\/03\/broglio-de-nardin-5-marzo.mp3<\/a><\/audio>\n<p>&nbsp;<\/p>\n<p>&nbsp;<\/p>\n<hr \/>\n<p>&nbsp;<\/p>\n<p>&nbsp;<\/p>\n<h1><span style=\"color: #ff0000;\">IERI ALLA RADIO<\/span><\/h1>\n<blockquote>\n<h3>CONOSCIAMO I CORI DEL BELLUNESE QUINTA PUNTATA CON IL CORO MINIMO BELLUNESE<\/h3>\n<\/blockquote>\n<h3><span style=\"color: #0000ff;\">5 CORO MINIMO BELLUNESE<\/span><\/h3>\n<div style=\"width: 640px;\" class=\"wp-video\"><video class=\"wp-video-shortcode\" id=\"video-195191-2\" width=\"640\" height=\"360\" preload=\"metadata\" controls=\"controls\"><source type=\"video\/mp4\" src=\"https:\/\/www.radiopiu.net\/wordpress\/wp-content\/uploads\/2021\/03\/CORO-MINIMO-PAOLO-SOVILLA.mp4?_=2\" \/><a href=\"https:\/\/www.radiopiu.net\/wordpress\/wp-content\/uploads\/2021\/03\/CORO-MINIMO-PAOLO-SOVILLA.mp4\">https:\/\/www.radiopiu.net\/wordpress\/wp-content\/uploads\/2021\/03\/CORO-MINIMO-PAOLO-SOVILLA.mp4<\/a><\/video><\/div>\n<h3>LA RACCOLTA COMPLETA<\/h3>\n<blockquote class=\"wp-embedded-content\" data-secret=\"YethWQbt5Y\"><p><a href=\"https:\/\/www.radiopiu.net\/wordpress\/coriprovinciawwff\/\">CONOSCIAMO I CORI DEL BELLUNESE  QUINTA PUNTATA CON IL CORO MINIMO BELLUNESE<\/a><\/p><\/blockquote>\n<p><iframe loading=\"lazy\" class=\"wp-embedded-content\" sandbox=\"allow-scripts\" security=\"restricted\" style=\"position: absolute; clip: rect(1px, 1px, 1px, 1px);\" title=\"&#8220;CONOSCIAMO I CORI DEL BELLUNESE  QUINTA PUNTATA CON IL CORO MINIMO BELLUNESE&#8221; &#8212; Radio Pi\u00f9\" src=\"https:\/\/www.radiopiu.net\/wordpress\/coriprovinciawwff\/embed\/#?secret=YethWQbt5Y\" data-secret=\"YethWQbt5Y\" width=\"600\" height=\"338\" frameborder=\"0\" marginwidth=\"0\" marginheight=\"0\" scrolling=\"no\"><\/iframe><\/p>\n<hr \/>\n<p>&nbsp;<\/p>\n<blockquote>\n<h3><a href=\"https:\/\/www.radiopiu.net\/wordpress\/almanacco-ladino-puntata-5-2020\/sn\/\" rel=\"attachment wp-att-180931\"><img loading=\"lazy\" decoding=\"async\" class=\"wp-image-180931 alignleft\" src=\"https:\/\/www.radiopiu.net\/wordpress\/wp-content\/uploads\/2020\/12\/sn-300x194.jpg\" alt=\"\" width=\"181\" height=\"117\" srcset=\"https:\/\/www.radiopiu.net\/wordpress\/wp-content\/uploads\/2020\/12\/sn-300x194.jpg 300w, https:\/\/www.radiopiu.net\/wordpress\/wp-content\/uploads\/2020\/12\/sn.jpg 626w\" sizes=\"auto, (max-width: 181px) 100vw, 181px\" \/><\/a>L&#8217;ALMANACCO LADINO CON L&#8217;ISTITUT CESA DE JAN QUINDICINALE APPUNTAMENTO. LA DOMENICA ALLE 9 IL LUNEDI ALLE 8.35 IL MARTEDI ALLE 12.35 IL MERCOLEDI ALLE 18.35. SECONDA STAGIONE.<\/h3>\n<\/blockquote>\n<p><strong>LA PUNTATA DELLA SETTIMANA<\/strong><\/p>\n<p>&nbsp;<\/p>\n<audio class=\"wp-audio-shortcode\" id=\"audio-195191-13\" preload=\"none\" style=\"width: 100%;\" controls=\"controls\"><source type=\"audio\/mpeg\" src=\"https:\/\/www.radiopiu.net\/wordpress\/wp-content\/uploads\/2021\/03\/53\u00b0-Almanacco-Ladino_Fodom.mp3?_=13\" \/><a href=\"https:\/\/www.radiopiu.net\/wordpress\/wp-content\/uploads\/2021\/03\/53\u00b0-Almanacco-Ladino_Fodom.mp3\">https:\/\/www.radiopiu.net\/wordpress\/wp-content\/uploads\/2021\/03\/53\u00b0-Almanacco-Ladino_Fodom.mp3<\/a><\/audio>\n<p><strong>RACCOLTA COMPLETA\u00a0<\/strong><\/p>\n<blockquote class=\"wp-embedded-content\" data-secret=\"pdgMKmw3YJ\"><p><a href=\"https:\/\/www.radiopiu.net\/wordpress\/almanacco-ladino\/\">Almanacco Ladino<\/a><\/p><\/blockquote>\n<p><iframe loading=\"lazy\" class=\"wp-embedded-content\" sandbox=\"allow-scripts\" security=\"restricted\" style=\"position: absolute; clip: rect(1px, 1px, 1px, 1px);\" title=\"&#8220;Almanacco Ladino&#8221; &#8212; Radio Pi\u00f9\" src=\"https:\/\/www.radiopiu.net\/wordpress\/almanacco-ladino\/embed\/#?secret=pdgMKmw3YJ\" data-secret=\"pdgMKmw3YJ\" width=\"600\" height=\"338\" frameborder=\"0\" marginwidth=\"0\" marginheight=\"0\" scrolling=\"no\"><\/iframe><\/p>\n<hr \/>\n<p>&nbsp;<\/p>\n<blockquote>\n<h3>SALUTE E SOCIETA&#8217; IL LUNEDI ALLE 13.10 E ALLE 20.10, LA DOMENICA ALLE 10.30 A CURA DEL DOTTOR MARCO CARACCIOLO. QUINTA STAGIONE<\/h3>\n<\/blockquote>\n<p><strong>LA PUNTATA DELLA SETTIMANA<\/strong><\/p>\n<p>Con l\u2019adozione del protocollo di cura \u2018treat-to-target\u2019 si ha una probabilit\u00e0 superiore del 50% di raggiungere la remissione dell\u2019artrite reumatoide. Non solo: le persone sottoposte a questo regime raggiungono l\u2019obiettivo della remissione quasi 4 volte pi\u00f9 velocemente di quelli trattati con regimi di trattamento meno sistematici. Danilo Magliano ne ha parlato con Luca Quartuccio, Professore di reumatologia, Universit\u00e0 degli Studi di Udine<\/p>\n<p>&nbsp;<\/p>\n<audio class=\"wp-audio-shortcode\" id=\"audio-195191-14\" preload=\"none\" style=\"width: 100%;\" controls=\"controls\"><source type=\"audio\/mpeg\" src=\"https:\/\/www.radiopiu.net\/wordpress\/wp-content\/uploads\/2020\/10\/SALUTE-5.mp3?_=14\" \/><a href=\"https:\/\/www.radiopiu.net\/wordpress\/wp-content\/uploads\/2020\/10\/SALUTE-5.mp3\">https:\/\/www.radiopiu.net\/wordpress\/wp-content\/uploads\/2020\/10\/SALUTE-5.mp3<\/a><\/audio>\n<h3><strong>LA RACCOLTA COMPLETA\u00a0<\/strong><\/h3>\n<blockquote class=\"wp-embedded-content\" data-secret=\"658xNDZWBY\"><p><a href=\"https:\/\/www.radiopiu.net\/wordpress\/saluteesocieta\/\">Salute e Societ\u00e0<\/a><\/p><\/blockquote>\n<p><iframe loading=\"lazy\" class=\"wp-embedded-content\" sandbox=\"allow-scripts\" security=\"restricted\" style=\"position: absolute; clip: rect(1px, 1px, 1px, 1px);\" title=\"&#8220;Salute e Societ\u00e0&#8221; &#8212; Radio Pi\u00f9\" src=\"https:\/\/www.radiopiu.net\/wordpress\/saluteesocieta\/embed\/#?secret=658xNDZWBY\" data-secret=\"658xNDZWBY\" width=\"600\" height=\"338\" frameborder=\"0\" marginwidth=\"0\" marginheight=\"0\" scrolling=\"no\"><\/iframe><\/p>\n<p>&nbsp;<\/p>\n<hr \/>\n<div>\n<h2><span style=\"color: #000080;\"><a class=\"dt-pswp-item\" href=\"https:\/\/www.radiopiu.net\/wordpress\/wp-content\/uploads\/2020\/10\/pp.jpg\" data-dt-img-description=\"\" data-large_image_width=\"640\" data-large_image_height=\"640\"><img loading=\"lazy\" decoding=\"async\" class=\"wp-image-163678 alignleft\" src=\"https:\/\/www.radiopiu.net\/wordpress\/wp-content\/uploads\/2020\/10\/pp-300x300.jpg\" alt=\"\" width=\"106\" height=\"106\" srcset=\"https:\/\/www.radiopiu.net\/wordpress\/wp-content\/uploads\/2020\/10\/pp-300x300.jpg 300w, https:\/\/www.radiopiu.net\/wordpress\/wp-content\/uploads\/2020\/10\/pp-150x150.jpg 150w, https:\/\/www.radiopiu.net\/wordpress\/wp-content\/uploads\/2020\/10\/pp-125x125.jpg 125w, https:\/\/www.radiopiu.net\/wordpress\/wp-content\/uploads\/2020\/10\/pp-200x200.jpg 200w, https:\/\/www.radiopiu.net\/wordpress\/wp-content\/uploads\/2020\/10\/pp-80x80.jpg 80w, https:\/\/www.radiopiu.net\/wordpress\/wp-content\/uploads\/2020\/10\/pp-480x480.jpg 480w, https:\/\/www.radiopiu.net\/wordpress\/wp-content\/uploads\/2020\/10\/pp.jpg 640w\" sizes=\"auto, (max-width: 106px) 100vw, 106px\" \/><\/a><\/span><\/h2>\n<h2><span style=\"color: #000080;\">DON CESARE, IL PENSIERO DEL GIORNO. ALLA RADIO ALLE 7 DEL MATTINO E ALLE 19.30 DELLA SERA.\u00a0\u00a0<\/span><\/h2>\n<\/div>\n<p>&nbsp;<\/p>\n<p>&nbsp;<\/p>\n<p>&nbsp;<\/p>\n<audio class=\"wp-audio-shortcode\" id=\"audio-195191-15\" preload=\"none\" style=\"width: 100%;\" controls=\"controls\"><source type=\"audio\/mpeg\" src=\"https:\/\/www.radiopiu.net\/wordpress\/wp-content\/uploads\/2021\/03\/CESARE-2.mp3?_=15\" \/><a href=\"https:\/\/www.radiopiu.net\/wordpress\/wp-content\/uploads\/2021\/03\/CESARE-2.mp3\">https:\/\/www.radiopiu.net\/wordpress\/wp-content\/uploads\/2021\/03\/CESARE-2.mp3<\/a><\/audio>\n<hr \/>\n<p>&nbsp;<\/p>\n<p>&nbsp;<\/p>\n<blockquote class=\"wp-embedded-content\" data-secret=\"pOwqfpFWCp\"><p><a href=\"https:\/\/www.radiopiu.net\/wordpress\/agora-agordina-la-nosta-piaza\/\">AGORA&#8217; AGORDINA&#8230; LA NOSTA PIAZA LADINA.  pagina in aggiornamento continuo<\/a><\/p><\/blockquote>\n<p><iframe loading=\"lazy\" class=\"wp-embedded-content\" sandbox=\"allow-scripts\" security=\"restricted\" style=\"position: absolute; clip: rect(1px, 1px, 1px, 1px);\" title=\"&#8220;AGORA&#8217; AGORDINA&#8230; LA NOSTA PIAZA LADINA.  pagina in aggiornamento continuo&#8221; &#8212; Radio Pi\u00f9\" src=\"https:\/\/www.radiopiu.net\/wordpress\/agora-agordina-la-nosta-piaza\/embed\/#?secret=pOwqfpFWCp\" data-secret=\"pOwqfpFWCp\" width=\"600\" height=\"338\" frameborder=\"0\" marginwidth=\"0\" marginheight=\"0\" scrolling=\"no\"><\/iframe><\/p>\n<p>&nbsp;<\/p>\n<hr \/>\n<p>&nbsp;<\/p>\n<p>&nbsp;<\/p>\n<blockquote>\n<h3><a href=\"https:\/\/www.radiopiu.net\/wordpress\/giornale-radiopiu-06-febbraio-2019-direttore-mirko-mezzacasa\/logo_spi-cgil-800x445\/\" rel=\"attachment wp-att-75538\"><img loading=\"lazy\" decoding=\"async\" class=\"wp-image-75538 alignleft\" src=\"https:\/\/www.radiopiu.net\/wordpress\/wp-content\/uploads\/2019\/02\/Logo_Spi-CGIL-800x445-300x167.jpg\" alt=\"\" width=\"210\" height=\"117\" srcset=\"https:\/\/www.radiopiu.net\/wordpress\/wp-content\/uploads\/2019\/02\/Logo_Spi-CGIL-800x445-300x167.jpg 300w, https:\/\/www.radiopiu.net\/wordpress\/wp-content\/uploads\/2019\/02\/Logo_Spi-CGIL-800x445-768x427.jpg 768w, https:\/\/www.radiopiu.net\/wordpress\/wp-content\/uploads\/2019\/02\/Logo_Spi-CGIL-800x445.jpg 800w\" sizes=\"auto, (max-width: 210px) 100vw, 210px\" \/><\/a>ALLA RADIO, APPUNTAMENTO QUINDICINALE CON SPI-CGIL BELLUNO, IN STUDIO MARIA RITA GENTILIN<\/h3>\n<\/blockquote>\n<p><strong>di Claudio Fontanive\u00a0<\/strong><\/p>\n<p>&nbsp;<\/p>\n<p><span style=\"color: #ff0000;\"><strong>PUNTATA DEL 04 MARZO 2021<\/strong><\/span><\/p>\n<audio class=\"wp-audio-shortcode\" id=\"audio-195191-16\" preload=\"none\" style=\"width: 100%;\" controls=\"controls\"><source type=\"audio\/mpeg\" src=\"https:\/\/www.radiopiu.net\/wordpress\/wp-content\/uploads\/2021\/03\/spi-cigil-4-marzo.mp3?_=16\" \/><a href=\"https:\/\/www.radiopiu.net\/wordpress\/wp-content\/uploads\/2021\/03\/spi-cigil-4-marzo.mp3\">https:\/\/www.radiopiu.net\/wordpress\/wp-content\/uploads\/2021\/03\/spi-cigil-4-marzo.mp3<\/a><\/audio>\n<p>&nbsp;<\/p>\n<p>&nbsp;<\/p>\n<hr \/>\n<p>&nbsp;<\/p>\n<div>\n<p>&nbsp;<\/p>\n<blockquote>\n<h2><a href=\"https:\/\/www.radiopiu.net\/wordpress\/speciale-solidarieta-veneto\/solidarieta-veneto-3\/\" rel=\"attachment wp-att-134366\"><img loading=\"lazy\" decoding=\"async\" class=\"wp-image-134366 alignleft\" src=\"https:\/\/www.radiopiu.net\/wordpress\/wp-content\/uploads\/2020\/05\/solidariet\u00e0-veneto-300x210.jpg\" alt=\"\" width=\"102\" height=\"71\" srcset=\"https:\/\/www.radiopiu.net\/wordpress\/wp-content\/uploads\/2020\/05\/solidariet\u00e0-veneto-300x210.jpg 300w, https:\/\/www.radiopiu.net\/wordpress\/wp-content\/uploads\/2020\/05\/solidariet\u00e0-veneto-1024x717.jpg 1024w, https:\/\/www.radiopiu.net\/wordpress\/wp-content\/uploads\/2020\/05\/solidariet\u00e0-veneto-768x538.jpg 768w, https:\/\/www.radiopiu.net\/wordpress\/wp-content\/uploads\/2020\/05\/solidariet\u00e0-veneto.jpg 1373w\" sizes=\"auto, (max-width: 102px) 100vw, 102px\" \/><\/a>SOLIDARIETA&#8217; VENETO FONDO PENSIONE, IN ONDA IL PRIMO VENERDI DEL MESE ALLE 10.30 E ALLE 19.00 QUINTA STAGIONE<\/h2>\n<\/blockquote>\n<p><strong>AUDIO FEBBRAIO 2021<\/strong><\/p>\n<audio class=\"wp-audio-shortcode\" id=\"audio-195191-17\" preload=\"none\" style=\"width: 100%;\" controls=\"controls\"><source type=\"audio\/mpeg\" src=\"https:\/\/www.radiopiu.net\/wordpress\/wp-content\/uploads\/2021\/02\/solidarieta-veneto-febbraio.mp3?_=17\" \/><a href=\"https:\/\/www.radiopiu.net\/wordpress\/wp-content\/uploads\/2021\/02\/solidarieta-veneto-febbraio.mp3\">https:\/\/www.radiopiu.net\/wordpress\/wp-content\/uploads\/2021\/02\/solidarieta-veneto-febbraio.mp3<\/a><\/audio>\n<blockquote>\n<h2>RACCOLTA COMPLETA<\/h2>\n<\/blockquote>\n<blockquote class=\"wp-embedded-content\" data-secret=\"d74ret7wAU\"><p><a href=\"https:\/\/www.radiopiu.net\/wordpress\/solidarieta-veneto\/\">Solidariet\u00e0 Veneto<\/a><\/p><\/blockquote>\n<p><iframe loading=\"lazy\" class=\"wp-embedded-content\" sandbox=\"allow-scripts\" security=\"restricted\" style=\"position: absolute; clip: rect(1px, 1px, 1px, 1px);\" title=\"&#8220;Solidariet\u00e0 Veneto&#8221; &#8212; Radio Pi\u00f9\" src=\"https:\/\/www.radiopiu.net\/wordpress\/solidarieta-veneto\/embed\/#?secret=d74ret7wAU\" data-secret=\"d74ret7wAU\" width=\"600\" height=\"338\" frameborder=\"0\" marginwidth=\"0\" marginheight=\"0\" scrolling=\"no\"><\/iframe><\/p>\n<p>&nbsp;<\/p>\n<hr \/>\n<\/div>\n<p>&nbsp;<\/p>\n<blockquote><p>&nbsp;<\/p><\/blockquote>\n<div>\n<h2><span style=\"color: #ff0000;\">ALLA RADIO<\/span><\/h2>\n<\/div>\n<div>\n<h2><strong>LE\u00a0 PUNTATE di Luisa Alchini di Leggermente Bellunesi, la domenica alle 11, <span style=\"color: #0000ff;\">IL MARTEDI IN PRIMA EDIZIONE\u00a0<\/span> alle 10.30 e alle 19.00<\/strong><\/h2>\n<\/div>\n<div>\n<p><strong><a href=\"https:\/\/www.radiopiu.net\/wordpress\/legger-mente-bellunesi-02-marzo-2021\/156828176_1598288807025847_358448174778964781_o\/\" rel=\"attachment wp-att-194538\"><img loading=\"lazy\" decoding=\"async\" class=\" wp-image-194538 alignleft\" src=\"https:\/\/www.radiopiu.net\/wordpress\/wp-content\/uploads\/2021\/03\/156828176_1598288807025847_358448174778964781_o-206x300.jpg\" alt=\"\" width=\"86\" height=\"125\" srcset=\"https:\/\/www.radiopiu.net\/wordpress\/wp-content\/uploads\/2021\/03\/156828176_1598288807025847_358448174778964781_o-206x300.jpg 206w, https:\/\/www.radiopiu.net\/wordpress\/wp-content\/uploads\/2021\/03\/156828176_1598288807025847_358448174778964781_o.jpg 685w\" sizes=\"auto, (max-width: 86px) 100vw, 86px\" \/><\/a><\/strong><\/p>\n<\/div>\n<div>\n<h3>La gloriosa carriera del perito minerario Gianni Rivis raccontata nel libro di ricordi.<\/h3>\n<p>&nbsp;<\/p>\n<\/div>\n<h2><\/h2>\n<audio class=\"wp-audio-shortcode\" id=\"audio-195191-18\" preload=\"none\" style=\"width: 100%;\" controls=\"controls\"><source type=\"audio\/mpeg\" src=\"https:\/\/www.radiopiu.net\/wordpress\/wp-content\/uploads\/2021\/03\/20leggermentegiannirivis2021.mp3?_=18\" \/><a href=\"https:\/\/www.radiopiu.net\/wordpress\/wp-content\/uploads\/2021\/03\/20leggermentegiannirivis2021.mp3\">https:\/\/www.radiopiu.net\/wordpress\/wp-content\/uploads\/2021\/03\/20leggermentegiannirivis2021.mp3<\/a><\/audio>\n<blockquote>\n<div>\n<h2><strong style=\"font-size: 14px;\"><span style=\"color: #000000;\">RACCOLTA COMPLETA<\/span><\/strong><\/h2>\n<\/div>\n<blockquote class=\"wp-embedded-content\" data-secret=\"zCtroUS1Ye\"><p><a href=\"https:\/\/www.radiopiu.net\/wordpress\/leggermente-20\/\">LEGGERmente&#8230;Bellunesi<\/a><\/p><\/blockquote>\n<p><iframe loading=\"lazy\" class=\"wp-embedded-content\" sandbox=\"allow-scripts\" security=\"restricted\" style=\"position: absolute; clip: rect(1px, 1px, 1px, 1px);\" title=\"&#8220;LEGGERmente&#8230;Bellunesi&#8221; &#8212; Radio Pi\u00f9\" src=\"https:\/\/www.radiopiu.net\/wordpress\/leggermente-20\/embed\/#?secret=zCtroUS1Ye\" data-secret=\"zCtroUS1Ye\" width=\"600\" height=\"338\" frameborder=\"0\" marginwidth=\"0\" marginheight=\"0\" scrolling=\"no\"><\/iframe><\/p>\n<p>&nbsp;<\/p><\/blockquote>\n<p>&nbsp;<\/p>\n<hr \/>\n<h2><\/h2>\n<h2><\/h2>\n<h2><span style=\"color: #ff0000;\"><strong><a href=\"https:\/\/www.radiopiu.net\/wordpress\/erbe-e-piante-curative-quinta-puntata\/ginepro\/\" rel=\"attachment wp-att-194542\"><img loading=\"lazy\" decoding=\"async\" class=\" wp-image-194542 alignleft\" src=\"https:\/\/www.radiopiu.net\/wordpress\/wp-content\/uploads\/2021\/03\/GINEPRO-300x215.jpg\" alt=\"\" width=\"142\" height=\"102\" srcset=\"https:\/\/www.radiopiu.net\/wordpress\/wp-content\/uploads\/2021\/03\/GINEPRO-300x215.jpg 300w, https:\/\/www.radiopiu.net\/wordpress\/wp-content\/uploads\/2021\/03\/GINEPRO-1024x735.jpg 1024w, https:\/\/www.radiopiu.net\/wordpress\/wp-content\/uploads\/2021\/03\/GINEPRO-768x551.jpg 768w, https:\/\/www.radiopiu.net\/wordpress\/wp-content\/uploads\/2021\/03\/GINEPRO.jpg 1280w\" sizes=\"auto, (max-width: 142px) 100vw, 142px\" \/><\/a><\/strong><\/span><\/h2>\n<h2><span style=\"color: #ff0000;\">ALLA RADIO<\/span><\/h2>\n<h2><span style=\"color: #008000;\">ERBE E PIANTE CURATIVE&#8230;IL\u00a0 PROGRAMMA DI PAOLA LANCIATO<\/span><\/h2>\n<p><strong>QUINTA PUNTATA &#8211; IL GINEPRO<\/strong><\/p>\n<audio class=\"wp-audio-shortcode\" id=\"audio-195191-19\" preload=\"none\" style=\"width: 100%;\" controls=\"controls\"><source type=\"audio\/mpeg\" src=\"https:\/\/www.radiopiu.net\/wordpress\/wp-content\/uploads\/2021\/03\/5-Il-ginepro-M.mp3?_=19\" \/><a href=\"https:\/\/www.radiopiu.net\/wordpress\/wp-content\/uploads\/2021\/03\/5-Il-ginepro-M.mp3\">https:\/\/www.radiopiu.net\/wordpress\/wp-content\/uploads\/2021\/03\/5-Il-ginepro-M.mp3<\/a><\/audio>\n<p>&nbsp;<\/p>\n<p><strong>LA RACCOLTA COMPLETA<\/strong><\/p>\n<blockquote class=\"wp-embedded-content\" data-secret=\"lDVYXEI6nx\"><p><a href=\"https:\/\/www.radiopiu.net\/wordpress\/erbe-e-piante-curative\/\">ERBE E PIANTE CURATIVE<\/a><\/p><\/blockquote>\n<p><iframe loading=\"lazy\" class=\"wp-embedded-content\" sandbox=\"allow-scripts\" security=\"restricted\" style=\"position: absolute; clip: rect(1px, 1px, 1px, 1px);\" title=\"&#8220;ERBE E PIANTE CURATIVE&#8221; &#8212; Radio Pi\u00f9\" src=\"https:\/\/www.radiopiu.net\/wordpress\/erbe-e-piante-curative\/embed\/#?secret=lDVYXEI6nx\" data-secret=\"lDVYXEI6nx\" width=\"600\" height=\"338\" frameborder=\"0\" marginwidth=\"0\" marginheight=\"0\" scrolling=\"no\"><\/iframe><\/p>\n<p>&nbsp;<\/p>\n<p>&nbsp;<\/p>\n<h2><\/h2>\n<hr \/>\n<blockquote>\n<blockquote><p>&nbsp;<\/p><\/blockquote>\n<h3 class=\"kvgmc6g5 cxmmr5t8 oygrvhab hcukyx3x c1et5uql\"><span style=\"color: #0000ff;\">INFORMAZIONE il canale su TELEGRAM informazione di prima mano e in tempo reale. iscriviti ed aiutaci a farlo conoscere\u00a0<\/span><\/h3>\n<\/blockquote>\n<p>&nbsp;<\/p>\n<h2>007 IN CONDOTTA CON LA PROF. MARIA ROSA SALMAZO IL LUNEDI ALLE 10,30 E ALLE 19.00 LA DOMENICA ALLE 8 DEL <img loading=\"lazy\" decoding=\"async\" class=\"alignleft\" src=\"https:\/\/www.radiopiu.net\/wordpress\/wp-content\/uploads\/2021\/02\/sci.jpg\" width=\"162\" height=\"108\" \/>MATTINO. NONA STAGIONE<\/h2>\n<p>&nbsp;<\/p>\n<p>&nbsp;<\/p>\n<p>&nbsp;<\/p>\n<p><span style=\"color: #ff0000;\"><strong>PUNTATA DEL 01 MARZO 2021<\/strong><\/span><\/p>\n<audio class=\"wp-audio-shortcode\" id=\"audio-195191-20\" preload=\"none\" style=\"width: 100%;\" controls=\"controls\"><source type=\"audio\/mpeg\" src=\"https:\/\/www.radiopiu.net\/wordpress\/wp-content\/uploads\/2021\/03\/007-1-marzo.mp3?_=20\" \/><a href=\"https:\/\/www.radiopiu.net\/wordpress\/wp-content\/uploads\/2021\/03\/007-1-marzo.mp3\">https:\/\/www.radiopiu.net\/wordpress\/wp-content\/uploads\/2021\/03\/007-1-marzo.mp3<\/a><\/audio>\n<h2>LA RACCOLTA COMPLETA<\/h2>\n<blockquote class=\"wp-embedded-content\" data-secret=\"trwMIWGxAy\"><p><a href=\"https:\/\/www.radiopiu.net\/wordpress\/007incondotta-9\/\">007 in condotta<\/a><\/p><\/blockquote>\n<p><iframe loading=\"lazy\" class=\"wp-embedded-content\" sandbox=\"allow-scripts\" security=\"restricted\" style=\"position: absolute; clip: rect(1px, 1px, 1px, 1px);\" title=\"&#8220;007 in condotta&#8221; &#8212; Radio Pi\u00f9\" src=\"https:\/\/www.radiopiu.net\/wordpress\/007incondotta-9\/embed\/#?secret=trwMIWGxAy\" data-secret=\"trwMIWGxAy\" width=\"600\" height=\"338\" frameborder=\"0\" marginwidth=\"0\" marginheight=\"0\" scrolling=\"no\"><\/iframe><\/p>\n<blockquote><p>&nbsp;<\/p>\n<p>&nbsp;<\/p>\n<p>&nbsp;<\/p><\/blockquote>\n<hr \/>\n<p>&nbsp;<\/p>\n<div>\n<h2><span style=\"color: #33cccc;\">I RACCONTI DI PAOLO SOPPELSA il lunedi alle 9.30 e 18.30<\/span><\/h2>\n<blockquote class=\"wp-embedded-content\" data-secret=\"qbtj4H2O9I\"><p><a href=\"https:\/\/www.radiopiu.net\/wordpress\/i-racconti-di-paolo-soppelsa-sessantaquattresima-puntata\/\">I RACCONTI DI PAOLO SOPPELSA SESSANTAQUATTRESIMA PUNTATA<\/a><\/p><\/blockquote>\n<p><iframe loading=\"lazy\" class=\"wp-embedded-content\" sandbox=\"allow-scripts\" security=\"restricted\" style=\"position: absolute; clip: rect(1px, 1px, 1px, 1px);\" title=\"&#8220;I RACCONTI DI PAOLO SOPPELSA SESSANTAQUATTRESIMA PUNTATA&#8221; &#8212; Radio Pi\u00f9\" src=\"https:\/\/www.radiopiu.net\/wordpress\/i-racconti-di-paolo-soppelsa-sessantaquattresima-puntata\/embed\/#?secret=qbtj4H2O9I\" data-secret=\"qbtj4H2O9I\" width=\"600\" height=\"338\" frameborder=\"0\" marginwidth=\"0\" marginheight=\"0\" scrolling=\"no\"><\/iframe><\/p>\n<h3 class=\"kvgmc6g5 cxmmr5t8 oygrvhab hcukyx3x c1et5uql\"><span style=\"color: #0000ff;\">INFORMAZIONE il canale su TELEGRAM informazione di prima mano e in tempo reale. iscriviti ed aiutaci a farlo conoscere\u00a0<\/span><\/h3>\n<h2><span style=\"color: #33cccc;\"><strong>RACCOLTA COMPLETA<\/strong><\/span><\/h2>\n<blockquote class=\"wp-embedded-content\" data-secret=\"5NDGMYRawm\"><p><a href=\"https:\/\/www.radiopiu.net\/wordpress\/i-racconti-di-paolo-soppelsa\/\">I racconti di Paolo Soppelsa<\/a><\/p><\/blockquote>\n<p><iframe loading=\"lazy\" class=\"wp-embedded-content\" sandbox=\"allow-scripts\" security=\"restricted\" style=\"position: absolute; clip: rect(1px, 1px, 1px, 1px);\" title=\"&#8220;I racconti di Paolo Soppelsa&#8221; &#8212; Radio Pi\u00f9\" src=\"https:\/\/www.radiopiu.net\/wordpress\/i-racconti-di-paolo-soppelsa\/embed\/#?secret=5NDGMYRawm\" data-secret=\"5NDGMYRawm\" width=\"600\" height=\"338\" frameborder=\"0\" marginwidth=\"0\" marginheight=\"0\" scrolling=\"no\"><\/iframe><\/p>\n<\/div>\n<p>&nbsp;<\/p>\n<hr \/>\n<p>&nbsp;<\/p>\n<h2><\/h2>\n<h2><span style=\"color: #ff0000;\"><a href=\"https:\/\/www.radiopiu.net\/wordpress\/giornale-radiopiu-05-gennaio-2021-direttore-mirko-mezzacasa\/133200401_100838761953611_1258544160541445132_o-2\/\" rel=\"attachment wp-att-183078\"><img loading=\"lazy\" decoding=\"async\" class=\" wp-image-183078 alignleft\" src=\"https:\/\/www.radiopiu.net\/wordpress\/wp-content\/uploads\/2021\/01\/133200401_100838761953611_1258544160541445132_o-1-300x157.jpg\" alt=\"\" width=\"192\" height=\"101\" srcset=\"https:\/\/www.radiopiu.net\/wordpress\/wp-content\/uploads\/2021\/01\/133200401_100838761953611_1258544160541445132_o-1-300x157.jpg 300w, https:\/\/www.radiopiu.net\/wordpress\/wp-content\/uploads\/2021\/01\/133200401_100838761953611_1258544160541445132_o-1.jpg 526w\" sizes=\"auto, (max-width: 192px) 100vw, 192px\" \/><\/a>GOCCE DI FILOSOFIA, CON CHIARA CAU, CON LISA DE LUCA. <\/span><\/h2>\n<h2><span style=\"color: #ff0000;\">TUTTI I GIORNI DAL LUNEDI AL VENERDI ALLE 6.55 E ALLE 18.55<\/span><\/h2>\n<p><strong>PUNTATA 45<\/strong><\/p>\n<audio class=\"wp-audio-shortcode\" id=\"audio-195191-21\" preload=\"none\" style=\"width: 100%;\" controls=\"controls\"><source type=\"audio\/mpeg\" src=\"https:\/\/www.radiopiu.net\/wordpress\/wp-content\/uploads\/2021\/02\/FI5-4.mp3?_=21\" \/><a href=\"https:\/\/www.radiopiu.net\/wordpress\/wp-content\/uploads\/2021\/02\/FI5-4.mp3\">https:\/\/www.radiopiu.net\/wordpress\/wp-content\/uploads\/2021\/02\/FI5-4.mp3<\/a><\/audio>\n<p>&nbsp;<\/p>\n<h3>LA RACCOLTA COMPLETA<\/h3>\n<blockquote class=\"wp-embedded-content\" data-secret=\"1rMxQZB6CM\"><p><a href=\"https:\/\/www.radiopiu.net\/wordpress\/gocce-filosofia\/\">Gocce di filosofia<\/a><\/p><\/blockquote>\n<p><iframe loading=\"lazy\" class=\"wp-embedded-content\" sandbox=\"allow-scripts\" security=\"restricted\" style=\"position: absolute; clip: rect(1px, 1px, 1px, 1px);\" title=\"&#8220;Gocce di filosofia&#8221; &#8212; Radio Pi\u00f9\" src=\"https:\/\/www.radiopiu.net\/wordpress\/gocce-filosofia\/embed\/#?secret=1rMxQZB6CM\" data-secret=\"1rMxQZB6CM\" width=\"600\" height=\"338\" frameborder=\"0\" marginwidth=\"0\" marginheight=\"0\" scrolling=\"no\"><\/iframe><\/p>\n<p>&nbsp;<\/p>\n<hr \/>\n<p>&nbsp;<\/p>\n<div class=\"im_message_wrap clearfix\">\n<div class=\"im_content_message_wrap im_message_out\">\n<h2><span style=\"color: #ff0000;\">IN VIVO VERSO 2020-21<\/span><\/h2>\n<p><strong><span style=\"color: #0000ff;\">IN ONDA DAL LUNEDI AL VENERDI ALLE 7.10, 10.10, 18.50\u00a0 \u00a0<\/span><\/strong><\/p>\n<blockquote class=\"wp-embedded-content\" data-secret=\"TMBsFXTt8u\"><p><a href=\"https:\/\/www.radiopiu.net\/wordpress\/non-ce-piu-tempo-di-aldo-iorio\/\">NON C&#8217;E&#8217; PIU&#8217; TEMPO di ALDO IORIO<\/a><\/p><\/blockquote>\n<p><iframe loading=\"lazy\" class=\"wp-embedded-content\" sandbox=\"allow-scripts\" security=\"restricted\" style=\"position: absolute; clip: rect(1px, 1px, 1px, 1px);\" title=\"&#8220;NON C&#8217;E&#8217; PIU&#8217; TEMPO di ALDO IORIO&#8221; &#8212; Radio Pi\u00f9\" src=\"https:\/\/www.radiopiu.net\/wordpress\/non-ce-piu-tempo-di-aldo-iorio\/embed\/#?secret=TMBsFXTt8u\" data-secret=\"TMBsFXTt8u\" width=\"600\" height=\"338\" frameborder=\"0\" marginwidth=\"0\" marginheight=\"0\" scrolling=\"no\"><\/iframe><\/p>\n<p><strong>LA RACCOLTA<\/strong><\/p>\n<blockquote class=\"wp-embedded-content\" data-secret=\"4xAbcXU2Nv\"><p><a href=\"https:\/\/www.radiopiu.net\/wordpress\/in-vivo-verso\/\">In Vivo Verso<\/a><\/p><\/blockquote>\n<p><iframe loading=\"lazy\" class=\"wp-embedded-content\" sandbox=\"allow-scripts\" security=\"restricted\" style=\"position: absolute; clip: rect(1px, 1px, 1px, 1px);\" title=\"&#8220;In Vivo Verso&#8221; &#8212; Radio Pi\u00f9\" src=\"https:\/\/www.radiopiu.net\/wordpress\/in-vivo-verso\/embed\/#?secret=4xAbcXU2Nv\" data-secret=\"4xAbcXU2Nv\" width=\"600\" height=\"338\" frameborder=\"0\" marginwidth=\"0\" marginheight=\"0\" scrolling=\"no\"><\/iframe><\/p>\n<p>&nbsp;<\/p>\n<hr \/>\n<p>&nbsp;<\/p>\n<\/div>\n<\/div>\n<h2><span style=\"color: #808000;\">DUE MINUTI UN LIBRO\u00a0 TUTTI I GIORNI ALLA RADIO ALLE 9.30 E ALLE 18. QUINTA STAGIONE\u00a0<\/span><\/h2>\n<blockquote class=\"wp-embedded-content\" data-secret=\"Eiyr92PjRZ\"><p><a href=\"https:\/\/www.radiopiu.net\/wordpress\/ti-lascio-la-luce-accesa\/\">TI LASCIO LA LUCE ACCESA<\/a><\/p><\/blockquote>\n<p><iframe loading=\"lazy\" class=\"wp-embedded-content\" sandbox=\"allow-scripts\" security=\"restricted\" style=\"position: absolute; clip: rect(1px, 1px, 1px, 1px);\" title=\"&#8220;TI LASCIO LA LUCE ACCESA&#8221; &#8212; Radio Pi\u00f9\" src=\"https:\/\/www.radiopiu.net\/wordpress\/ti-lascio-la-luce-accesa\/embed\/#?secret=Eiyr92PjRZ\" data-secret=\"Eiyr92PjRZ\" width=\"600\" height=\"338\" frameborder=\"0\" marginwidth=\"0\" marginheight=\"0\" scrolling=\"no\"><\/iframe><\/p>\n<h3><span style=\"color: #808000;\">\u00a0<\/span>LA RACCOLTA COMPLETA<\/h3>\n<blockquote class=\"wp-embedded-content\" data-secret=\"OyovN5rapT\"><p><a href=\"https:\/\/www.radiopiu.net\/wordpress\/due-minuti-un-libro\/\">Due minuti un libro<\/a><\/p><\/blockquote>\n<p><iframe loading=\"lazy\" class=\"wp-embedded-content\" sandbox=\"allow-scripts\" security=\"restricted\" style=\"position: absolute; clip: rect(1px, 1px, 1px, 1px);\" title=\"&#8220;Due minuti un libro&#8221; &#8212; Radio Pi\u00f9\" src=\"https:\/\/www.radiopiu.net\/wordpress\/due-minuti-un-libro\/embed\/#?secret=OyovN5rapT\" data-secret=\"OyovN5rapT\" width=\"600\" height=\"338\" frameborder=\"0\" marginwidth=\"0\" marginheight=\"0\" scrolling=\"no\"><\/iframe><\/p>\n<p>&nbsp;<\/p>\n<p>&nbsp;<\/p>\n<p>&nbsp;<\/p>\n<p>&nbsp;<\/p>\n<hr \/>\n<h2><\/h2>\n<blockquote>\n<h2>CASSA SOLIDARIET\u00c0 LUXOTTICA<\/h2>\n<\/blockquote>\n<h3><strong><span style=\"color: #ff0000;\">IL NUMERO DI FEBBRAIO CON PAOLO CHISSALE&#8217; E FABRIZIO CAMPEDEL\u00a0\u00a0<\/span><\/strong><\/h3>\n<audio class=\"wp-audio-shortcode\" id=\"audio-195191-22\" preload=\"none\" style=\"width: 100%;\" controls=\"controls\"><source type=\"audio\/mpeg\" src=\"https:\/\/www.radiopiu.net\/wordpress\/wp-content\/uploads\/2021\/02\/ca-sol-lux-febbraio.mp3?_=22\" \/><a href=\"https:\/\/www.radiopiu.net\/wordpress\/wp-content\/uploads\/2021\/02\/ca-sol-lux-febbraio.mp3\">https:\/\/www.radiopiu.net\/wordpress\/wp-content\/uploads\/2021\/02\/ca-sol-lux-febbraio.mp3<\/a><\/audio>\n<blockquote>\n<h2>RACCOLTA COMPLETA<\/h2>\n<\/blockquote>\n<blockquote class=\"wp-embedded-content\" data-secret=\"5T15HeHkAX\"><p><a href=\"https:\/\/www.radiopiu.net\/wordpress\/cassa-solidarieta-luxottica-puntata-del-16-ottobre-2020\/\">CASSA SOLIDARIET\u00c0 LUXOTTICA &#8211; PUNTATA DEL 20 NOVEMBRE 2020<\/a><\/p><\/blockquote>\n<p><iframe loading=\"lazy\" class=\"wp-embedded-content\" sandbox=\"allow-scripts\" security=\"restricted\" style=\"position: absolute; clip: rect(1px, 1px, 1px, 1px);\" title=\"&#8220;CASSA SOLIDARIET\u00c0 LUXOTTICA &#8211; PUNTATA DEL 20 NOVEMBRE 2020&#8221; &#8212; Radio Pi\u00f9\" src=\"https:\/\/www.radiopiu.net\/wordpress\/cassa-solidarieta-luxottica-puntata-del-16-ottobre-2020\/embed\/#?secret=5T15HeHkAX\" data-secret=\"5T15HeHkAX\" width=\"600\" height=\"338\" frameborder=\"0\" marginwidth=\"0\" marginheight=\"0\" scrolling=\"no\"><\/iframe><\/p>\n<div>\n<p>&nbsp;<\/p>\n<p>&nbsp;<\/p>\n<p>&nbsp;<\/p>\n<hr \/>\n<p>&nbsp;<\/p>\n<p>&nbsp;<\/p>\n<p><span style=\"color: #ff0000;\"><a href=\"https:\/\/www.radiopiu.net\/wordpress\/giornale-radiopiu-25-febbraio-2021-direttore-mirko-mezzacasa\/84168586_3724582740900333_7440029064968011776_n\/\" rel=\"attachment wp-att-193399\"><img loading=\"lazy\" decoding=\"async\" class=\"wp-image-193399 alignleft\" src=\"https:\/\/www.radiopiu.net\/wordpress\/wp-content\/uploads\/2021\/02\/84168586_3724582740900333_7440029064968011776_n.jpg\" alt=\"\" width=\"143\" height=\"141\" \/><\/a>\u00a0<\/span><\/p>\n<p><strong>CISL LA VOCE DEI LAVORATORI<\/strong><\/p>\n<p><em>con Paolo Chissal\u00e8 e la Segretaria Femca Cisl Milena Cesca\u00a0<\/em><\/p>\n<audio class=\"wp-audio-shortcode\" id=\"audio-195191-23\" preload=\"none\" style=\"width: 100%;\" controls=\"controls\"><source type=\"audio\/mpeg\" src=\"https:\/\/www.radiopiu.net\/wordpress\/wp-content\/uploads\/2021\/02\/CISL-1.mp3?_=23\" \/><a href=\"https:\/\/www.radiopiu.net\/wordpress\/wp-content\/uploads\/2021\/02\/CISL-1.mp3\">https:\/\/www.radiopiu.net\/wordpress\/wp-content\/uploads\/2021\/02\/CISL-1.mp3<\/a><\/audio>\n<p>&nbsp;<\/p>\n<p>&nbsp;<\/p>\n<\/div>\n<p>&nbsp;<\/p>\n<p>&nbsp;<\/p>\n<hr \/>\n<p>&nbsp;<\/p>\n<blockquote>\n<h2>FANTASTICHE DOLOMITI, NUOVA STAGIONE. APPUNTAMENTO QUINDICINALE IL GIOVEDI ALLE 10.30 E 19.00<\/h2>\n<\/blockquote>\n<p><span style=\"color: #000000;\"><strong><img loading=\"lazy\" decoding=\"async\" class=\"alignleft\" src=\"https:\/\/www.radiopiu.net\/wordpress\/wp-content\/uploads\/2017\/10\/logo-fantastiche-dolomiti-300x113.jpg\" width=\"181\" height=\"68\" \/>LA NUOVA PUNTATA i corsi di formazione della Fondazione 11 FEBBRAIO 2021<\/strong><\/span><\/p>\n<h2><span style=\"color: #ff0000;\">PUNTATA 10 ,<\/span><\/h2>\n<p><strong>OSPITE IL PRESIDENTE CLAUDIO CANOVA<\/strong><\/p>\n<audio class=\"wp-audio-shortcode\" id=\"audio-195191-24\" preload=\"none\" style=\"width: 100%;\" controls=\"controls\"><source type=\"audio\/mpeg\" src=\"https:\/\/www.radiopiu.net\/wordpress\/wp-content\/uploads\/2021\/02\/fantastiche-dolomiti-25-febbraio.mp3?_=24\" \/><a href=\"https:\/\/www.radiopiu.net\/wordpress\/wp-content\/uploads\/2021\/02\/fantastiche-dolomiti-25-febbraio.mp3\">https:\/\/www.radiopiu.net\/wordpress\/wp-content\/uploads\/2021\/02\/fantastiche-dolomiti-25-febbraio.mp3<\/a><\/audio>\n<h3>LA RACCOLTA COMPLETA<\/h3>\n<blockquote class=\"wp-embedded-content\" data-secret=\"6F6NgGvjEM\"><p><a href=\"https:\/\/www.radiopiu.net\/wordpress\/raccolta-completa\/\">FANTASTICHE DOLOMITI 10^ PUNTATA: IL QUINDICINALE APPUNTAMENTO ALLA RADIO<\/a><\/p><\/blockquote>\n<p><iframe loading=\"lazy\" class=\"wp-embedded-content\" sandbox=\"allow-scripts\" security=\"restricted\" style=\"position: absolute; clip: rect(1px, 1px, 1px, 1px);\" title=\"&#8220;FANTASTICHE DOLOMITI 10^ PUNTATA: IL QUINDICINALE APPUNTAMENTO ALLA RADIO&#8221; &#8212; Radio Pi\u00f9\" src=\"https:\/\/www.radiopiu.net\/wordpress\/raccolta-completa\/embed\/#?secret=6F6NgGvjEM\" data-secret=\"6F6NgGvjEM\" width=\"600\" height=\"338\" frameborder=\"0\" marginwidth=\"0\" marginheight=\"0\" scrolling=\"no\"><\/iframe><\/p>\n<p>&nbsp;<\/p>\n<h2><\/h2>\n<div class=\"im_message_wrap clearfix\">\n<div class=\"im_content_message_wrap im_message_out\"><\/div>\n<\/div>\n<p>&nbsp;<\/p>\n<hr \/>\n<p>&nbsp;<\/p>\n<div dir=\"auto\">\n<div>\n<h2><span style=\"color: #800080;\"><strong>LA RASSEGNA STAMPA DA L&#8217;AMICO DEL POPOLO\u00a0<\/strong><\/span><\/h2>\n<h3 class=\"kvgmc6g5 cxmmr5t8 oygrvhab hcukyx3x c1et5uql\"><span style=\"color: #0000ff;\"> INFORMAZIONE il canale su TELEGRAM informazione di prima mano e in tempo reale. iscriviti ed aiutaci a farlo conoscere\u00a0<\/span><\/h3>\n<p><strong><a href=\"https:\/\/www.radiopiu.net\/wordpress\/giornale-radiopiu-07-aprile\/cai-agordo-2\/\" rel=\"attachment wp-att-127841\"><img loading=\"lazy\" decoding=\"async\" class=\"size-full wp-image-127841 alignleft\" src=\"https:\/\/www.radiopiu.net\/wordpress\/wp-content\/uploads\/2020\/04\/cai-agordo.jpg\" alt=\"\" width=\"297\" height=\"170\" \/><\/a>di Gianni Santomaso<\/strong><\/p>\n<p>OSPITE: Anna Magro presidente CAI Agordo<\/p>\n<audio class=\"wp-audio-shortcode\" id=\"audio-195191-25\" preload=\"none\" style=\"width: 100%;\" controls=\"controls\"><source type=\"audio\/mpeg\" src=\"https:\/\/www.radiopiu.net\/wordpress\/wp-content\/uploads\/2021\/02\/RASSEGNA-GIANNI-3.mp3?_=25\" \/><a href=\"https:\/\/www.radiopiu.net\/wordpress\/wp-content\/uploads\/2021\/02\/RASSEGNA-GIANNI-3.mp3\">https:\/\/www.radiopiu.net\/wordpress\/wp-content\/uploads\/2021\/02\/RASSEGNA-GIANNI-3.mp3<\/a><\/audio>\n<p>&nbsp;<\/p>\n<p><strong>LA RACCOLTA COMPLETA<\/strong><\/p>\n<blockquote class=\"wp-embedded-content\" data-secret=\"RNpiPftleK\"><p><a href=\"https:\/\/www.radiopiu.net\/wordpress\/rassegna-stampa-di-gianni-santomaso\/\">Rassegna stampa da l&#8217;amico del popolo &#8211; di Gianni Santomaso<\/a><\/p><\/blockquote>\n<p><iframe loading=\"lazy\" class=\"wp-embedded-content\" sandbox=\"allow-scripts\" security=\"restricted\" style=\"position: absolute; clip: rect(1px, 1px, 1px, 1px);\" title=\"&#8220;Rassegna stampa da l&#8217;amico del popolo &#8211; di Gianni Santomaso&#8221; &#8212; Radio Pi\u00f9\" src=\"https:\/\/www.radiopiu.net\/wordpress\/rassegna-stampa-di-gianni-santomaso\/embed\/#?secret=RNpiPftleK\" data-secret=\"RNpiPftleK\" width=\"600\" height=\"338\" frameborder=\"0\" marginwidth=\"0\" marginheight=\"0\" scrolling=\"no\"><\/iframe><\/p>\n<p>&nbsp;<\/p>\n<p>&nbsp;<\/p>\n<\/div>\n<\/div>\n<hr \/>\n<blockquote>\n<h2><\/h2>\n<h2>RITORNA AI MICROFONI DI RADIO PIU&#8217; FRANCESCO ZILLIO<br \/>\nQUARTA puntata, stagione 2021 &#8211; EVOLUZIONE DEI SISTEMI DI COMUNICAZIONE SUPPORTATI DA SMARTH PHONE PER LE AZIENDE<\/h2>\n<\/blockquote>\n<p><iframe loading=\"lazy\" title=\"EPCENTER - EVOLUZIONE DEI SISTEMI DI COMUNICAZIONE SUPPORTATI DA SMART PHONE PER LE  AZIENDE\" width=\"1200\" height=\"675\" src=\"https:\/\/www.youtube.com\/embed\/VQu8U59Rjrw?feature=oembed\" frameborder=\"0\" allow=\"accelerometer; autoplay; clipboard-write; encrypted-media; gyroscope; picture-in-picture\" allowfullscreen><\/iframe><\/p>\n<p>&nbsp;<\/p>\n<p><strong>LA VIDEO GALLERY\u00a0<\/strong><\/p>\n<blockquote class=\"wp-embedded-content\" data-secret=\"9pINt2dC9R\"><p><a href=\"https:\/\/www.radiopiu.net\/wordpress\/ep-center-video-gallery\/\">EP CENTER video gallery<\/a><\/p><\/blockquote>\n<p><iframe loading=\"lazy\" class=\"wp-embedded-content\" sandbox=\"allow-scripts\" security=\"restricted\" style=\"position: absolute; clip: rect(1px, 1px, 1px, 1px);\" title=\"&#8220;EP CENTER video gallery&#8221; &#8212; Radio Pi\u00f9\" src=\"https:\/\/www.radiopiu.net\/wordpress\/ep-center-video-gallery\/embed\/#?secret=9pINt2dC9R\" data-secret=\"9pINt2dC9R\" width=\"600\" height=\"338\" frameborder=\"0\" marginwidth=\"0\" marginheight=\"0\" scrolling=\"no\"><\/iframe><\/p>\n<p>&nbsp;<\/p>\n<div dir=\"auto\">\n<p>&nbsp;<\/p>\n<hr \/>\n<p>&nbsp;<\/p>\n<div>\n<p class=\"photoswipe-wrapper\"><a class=\"dt-pswp-item pspw-wrap-ready\" href=\"https:\/\/i0.wp.com\/www.radiopiu.net\/wordpress\/wp-content\/uploads\/2018\/09\/viabilita.jpeg?ssl=1\" data-dt-img-description=\"\" data-large_image_width=\"800\" data-large_image_height=\"100\"><img loading=\"lazy\" decoding=\"async\" class=\"aligncenter wp-image-61954 size-full\" src=\"https:\/\/i0.wp.com\/www.radiopiu.net\/wordpress\/wp-content\/uploads\/2018\/09\/viabilita.jpeg?resize=800%2C100&amp;ssl=1\" sizes=\"auto, (max-width: 800px) 100vw, 800px\" srcset=\"https:\/\/i0.wp.com\/www.radiopiu.net\/wordpress\/wp-content\/uploads\/2018\/09\/viabilita.jpeg?w=800&amp;ssl=1 800w, https:\/\/i0.wp.com\/www.radiopiu.net\/wordpress\/wp-content\/uploads\/2018\/09\/viabilita.jpeg?resize=300%2C38&amp;ssl=1 300w, https:\/\/i0.wp.com\/www.radiopiu.net\/wordpress\/wp-content\/uploads\/2018\/09\/viabilita.jpeg?resize=768%2C96&amp;ssl=1 768w\" alt=\"\" width=\"800\" height=\"100\" \/><\/a><\/p>\n<\/div>\n<p>&nbsp;<\/p>\n<p><strong>SP 1 SINISTRA PIAVE\u00a0<\/strong>dall&#8217;8 al 12 marzo, dalle 7:30 alle 17:30, senso unico alternato regolato da impianto semaforico o movieri per di demolizione e ricostruzione cunetta in localit\u00e0 Rione Santa Caterina di Ponte Nelle Alpi<\/p>\n<p><strong>SP 19 DI LAMON\u00a0<\/strong>senso unico alternato regolato da movieri e possibili interruzioni di massimo 10 minuti in localit\u00e0 Zavena dalle 8 alle 17 del giorno 6 marzo per lavori di taglio piante<\/p>\n<p><strong>SP 251 DELLA VAL DI ZOLDO E CELLINA<\/strong> Istituzione di senso unico alternato regolato da semaforo nel comune di Val di Zoldo per messa in sicurezza della strada<\/p>\n<p><strong>SP 42 CAVALLERA<\/strong> fino a revoca, chiusura della strada nell&#8217;abitato di Perarolo per attivazione emergenza frana &#8220;Busa del Cristo&#8221;<\/p>\n<p><strong>S.P.2 DELLA VALLE DEL MIS\u00a0<\/strong>Interdizione totale al traffico fino a revoca dal km 14,920 (localit\u00e0 Gona Bassa) al km 20,650 (localit\u00e0 Titele) per cedimento della carreggiata<\/p>\n<p><strong>S.P. 5 DI LAMOSANO<\/strong>\u00a0Interdizione totale fino a revoca per presenza di materiale e alberi in strada.<\/p>\n<p><strong>SP 3 DELLA VAL IMPERINA<\/strong> fino a revoca, senso unico alternato regolato a vista in localit\u00e0 Gona di Conedera di Rivamonte per cedimento della carreggiata stradale<\/p>\n<p>&nbsp;<\/p>\n<p>&nbsp;<\/p>\n<hr \/>\n<p>&nbsp;<\/p>\n<div>\n<p class=\"photoswipe-wrapper\"><a class=\"dt-pswp-item pspw-wrap-ready\" href=\"https:\/\/i0.wp.com\/www.radiopiu.net\/wordpress\/wp-content\/uploads\/2018\/09\/WhatsApp-Image-2018-09-20-at-16.04.06.jpeg?ssl=1\" data-dt-img-description=\"\" data-large_image_width=\"800\" data-large_image_height=\"100\"><img loading=\"lazy\" decoding=\"async\" class=\"aligncenter wp-image-61378 size-full jetpack-lazy-image jetpack-lazy-image--handled\" src=\"https:\/\/i0.wp.com\/www.radiopiu.net\/wordpress\/wp-content\/uploads\/2018\/09\/WhatsApp-Image-2018-09-20-at-16.04.06.jpeg?resize=800%2C100&amp;ssl=1\" sizes=\"auto, (max-width: 800px) 100vw, 800px\" srcset=\"https:\/\/i0.wp.com\/www.radiopiu.net\/wordpress\/wp-content\/uploads\/2018\/09\/WhatsApp-Image-2018-09-20-at-16.04.06.jpeg?w=800&amp;ssl=1 800w, https:\/\/i0.wp.com\/www.radiopiu.net\/wordpress\/wp-content\/uploads\/2018\/09\/WhatsApp-Image-2018-09-20-at-16.04.06.jpeg?resize=300%2C38&amp;ssl=1 300w, https:\/\/i0.wp.com\/www.radiopiu.net\/wordpress\/wp-content\/uploads\/2018\/09\/WhatsApp-Image-2018-09-20-at-16.04.06.jpeg?resize=768%2C96&amp;ssl=1 768w\" alt=\"\" width=\"800\" height=\"100\" data-lazy-loaded=\"1\" \/><\/a><\/p>\n<\/div>\n<p>&nbsp;<\/p>\n<div><strong>sabato 6.<\/strong> Nottetempo lieve maltempo sulle Prealpi e residua variabilit\u00e0 sulle Dolomiti. Dal primo mattino miglioramento a partire dalle<br \/>\nDolomiti con ampi rasserenamenti; rasserenamento anche sulle Prealpi, ma pi\u00f9 tardivi, specie nel pomeriggio quando per\u00f2 formazioni<br \/>\ndi nubi basse potrebbero ostacolare il miglioramento su alcuni settori. Precipitazioni. Nottetempo residue precipitazioni sparse specie sulle zone prealpine (60\/70%), localmente anche a carattere di rovescio, con limite neve fino sugli 800\/900 m, anche localmente pi\u00f9 in basso, in esaurimento al primo mattino. Sulle Dolomiti fenomeni gi\u00e0 quasi esauriti. I quantitativi di precipitazione caduti tra venerd\u00ec e sabato saranno complessivamente modesti, di qualche millimetro sulle Dolomiti, un po&#8217; pi\u00f9 significativi sulle zone prealpine, tra i 5 e i 15 mm con altrettanti cm di neve fresca oltre i 1500 m. Temperature. In ulteriore diminuzione a tutte le quote, anche in modo sensibile, con le minime che saranno misurate a fine giornata. Dopo quasi due settimane, ritorno di un contesto termico invernale in alta quota, con valori di qualche grado inferiori alla norma. Su Prealpi a 1500 m min -6\u00b0C max 1\u00b0C, a 2000 m min -9\u00b0C max -2\u00b0C. Su Dolomiti a 2000 m min -9\u00b0C max -2\u00b0C, a 3000 m min -13\u00b0C max -9\u00b0C. Venti. Nelle valli deboli di direzione variabile, anche se in alcune valli dolomitiche potr\u00e0 verificarsi qualche breve episodio di Foehn; in quota deboli\/moderati dai quadranti settentrionali, a 5-15 km\/h a 2000 m e a 15-20 km\/h a 3000 m.<\/div>\n<div><strong>domenica 7.<\/strong> Tempo inizialmente ben soleggiato, poi a partire dalle Prealpi occidentali graduale e parziale riduzione del soleggiamento<br \/>\nper transito di nubi alte, temporaneamente estese nel pomeriggio, specie durante le ore centrali, prima del loro diradamento nel tardo<br \/>\npomeriggio\/sera. Possibili foschie o nubi basse nelle ore pi\u00f9 fredde, in dissolvimento nella mattinata Precipitazioni. Assenti. Temperature. Minime in calo nelle valli, stazionarie in quota, mentre ci sar\u00e0 un contenuto rialzo termico delle massime. Su Prealpi a 1500 m min -6\u00b0C max 5\u00b0C, a 2000 m min -9\u00b0C max 2\u00b0C. Su Dolomiti a 2000 m min -9\u00b0C max -2\u00b0C, a 3000 m min -13\u00b0C max -7\u00b0C.<br \/>\nVenti. Nelle valli deboli di direzione variabile, in quota ancora deboli\/moderati dai quadranti settentrionali, a 5-15 km\/h a 2000 m e a 15-20 km\/h a 3000 m.<\/div>\n<div><strong>luned\u00ec 8.<\/strong> Splendida giornata di sole, con cielo sereno e aria tersa, a tutte le quote al mattino; nel pomeriggio ci saranno maggiori annuvolamenti, pi\u00f9 consistenti soprattutto sulle Dolomiti, dove non si escludono locali, brevi e deboli precipitazioni, eventualmente nevose oltre i 1300-1500. Non si escludono temporanee foschie nei luoghi pi\u00f9 umidi delle conche prealpine nelle ore pi\u00f9 fredde. Temperature in rialzo, specie le massime, salvo contenute diminuzioni delle minime nelle valli. Venti in quota deboli settentrionali; nelle valli perlopi\u00f9 deboli per brezze. marted\u00ec 9. Tempo soleggiato, a tratti parzialmente soleggiato per passaggi di nubi alte. Temperature minime in aumento, massime in lieve o contenuto calo. Rischio maggiore, rispetto a luned\u00ec, di formazione di temporanee di foschie, di banchi di nebbia o di nubi basse nelle valli prealpine maggiore rispetto a luned\u00ec. Venti in quota moderati, ancora settentrionali.<\/div>\n<\/div>\n<p>&nbsp;<\/p>\n<p>&nbsp;<\/p>\n<hr \/>\n<p>&nbsp;<\/p>\n<p><a href=\"https:\/\/www.radiopiu.net\/wordpress\/giornale-radiopiu-15-settembre-2018-direttore-mirko-mezzacasa\/sport-7\/\" rel=\"attachment wp-att-60761\"><img loading=\"lazy\" decoding=\"async\" class=\"wp-image-60761 size-full aligncenter\" src=\"https:\/\/www.radiopiu.net\/wordpress\/wp-content\/uploads\/2018\/09\/sport.jpg\" alt=\"\" width=\"800\" height=\"100\" srcset=\"https:\/\/www.radiopiu.net\/wordpress\/wp-content\/uploads\/2018\/09\/sport.jpg 800w, https:\/\/www.radiopiu.net\/wordpress\/wp-content\/uploads\/2018\/09\/sport-300x38.jpg 300w, https:\/\/www.radiopiu.net\/wordpress\/wp-content\/uploads\/2018\/09\/sport-768x96.jpg 768w\" sizes=\"auto, (max-width: 800px) 100vw, 800px\" \/><\/a><\/p>\n<p>&nbsp;<\/p>\n<blockquote>\n<h3>UN FINE SETTIMANA DA GRAND PRIX, A MALGA CIAPELA E ALLEGHE<\/h3>\n<\/blockquote>\n<p><strong><a href=\"https:\/\/www.radiopiu.net\/wordpress\/un-fine-settimana-da-grand-prix-a-malga-ciapela-e-alleghe\/lattebusche-sci-fondo-archivio-1536x1024\/\" rel=\"attachment wp-att-195341\"><img loading=\"lazy\" decoding=\"async\" class=\"size-medium wp-image-195341 alignleft\" src=\"https:\/\/www.radiopiu.net\/wordpress\/wp-content\/uploads\/2021\/03\/lattebusche-sci-fondo-archivio-1536x1024-1-300x200.jpg\" alt=\"\" width=\"300\" height=\"200\" srcset=\"https:\/\/www.radiopiu.net\/wordpress\/wp-content\/uploads\/2021\/03\/lattebusche-sci-fondo-archivio-1536x1024-1-300x200.jpg 300w, https:\/\/www.radiopiu.net\/wordpress\/wp-content\/uploads\/2021\/03\/lattebusche-sci-fondo-archivio-1536x1024-1-1024x683.jpg 1024w, https:\/\/www.radiopiu.net\/wordpress\/wp-content\/uploads\/2021\/03\/lattebusche-sci-fondo-archivio-1536x1024-1-768x512.jpg 768w, https:\/\/www.radiopiu.net\/wordpress\/wp-content\/uploads\/2021\/03\/lattebusche-sci-fondo-archivio-1536x1024-1.jpg 1536w\" sizes=\"auto, (max-width: 300px) 100vw, 300px\" \/><\/a>FISI VENETO<\/strong>\u00a0 Dopo un anno di assenza, ritornano le finali del Grand Prix Lattebusche,\u00a0 \u00a0appuntamento per gli Under 10 (Baby) e gli Under 12 (Cuccioli) dello sci alpino e dello sci di fondo. Domani e domenica l\u2019appuntamento \u00e8 fissato a Malga Ciapela per gli sci stretti e ad Alleghe per lo sci alpino. Si garegger\u00e0, a porte chiuse e non ci sar\u00e0 la tradizionale festa che caratterizza la finale del Grand prix.\u00a0 <em>&#8220;\u00c8 un traguardo importante, questo delle finali, che premia gli sforzi che i diversi comitati provinciali, i club e le famiglie hanno fatto in questi mesi. Un grazie alle due societ\u00e0 organizzatrici di queste finali, lo Sci club Alleghe, per quanto riguarda l\u2019alpino, e lo Sci nordico Marmolada, per lo sci di fondo&#8221;., <\/em>sottolinea il presidente del comitato regionale della federazione italiana sport invernali, Roberto Bortoluzzi.\u00a0 Il programma delle finali prender\u00e0 avvio nella giornata di domani, con lo slalom\u00a0 Cuccioli sulla pista Civetta dalle 10. Domani sempre alle 10\u00a0 Baby e Cuccioli dell\u2019alpino,\u00a0 i Cuccioli sulla pista Civetta, i baby sulla Azzurra.\u00a0 A Malga Ciapela i giovanissimi fondisti si sfideranno in tecnica classica. Per i Superbaby la fatica sar\u00e0 lunga 500 metrI.<\/p>\n<p><strong><a href=\"https:\/\/www.fisiveneto.com\/2021\/03\/01\/gp-lattebusche-sabato-e-domenica-la-finale-ecco-programma-e-qualificati\/\">QUI<\/a>\u00a0IL PROGRAMMA<\/strong><\/p>\n<p>foto fisiveneto.com<\/p>\n<p>\u200b<\/p>\n","protected":false},"excerpt":{"rendered":"<p>PER RICEVERE QUESTO NOTIZIARIO DIRETTAMENTE SUL TUO CELLULARE ISCRIVITI AL CANALE TELEGRAM \u201cRADIO PIU\u00a0 INFORMAZIONE&#8221;\u00a0 SUPERATI I 3000 ISCRITTI, il CANALE TELEGRAM&#8230; UNISCITI A: RADIO PIU INFORMAZIONE &nbsp; &nbsp; ATTENZIONE: LA NUOVA APP PER IOS-IPHONE di Nicola Vettorello https:\/\/apps.apple.com\/it\/app\/radio-pi%C3%B9-emittente-agordina\/id1515939845 ATTENZIONE: LA NUOVA APP RADIO\u00a0 PER ANDROID di Nicola Vettorello https:\/\/play.google.com\/store\/apps\/details?id=net.radiopiu.iniko\u00a0\u00a0 &nbsp; &nbsp; &nbsp; AUGURI SPERANZA!&hellip;<\/p>\n","protected":false},"author":4,"featured_media":195294,"comment_status":"closed","ping_status":"closed","sticky":false,"template":"","format":"standard","meta":{"_monsterinsights_skip_tracking":false,"_monsterinsights_sitenote_active":false,"_monsterinsights_sitenote_note":"","_monsterinsights_sitenote_category":0,"footnotes":""},"categories":[1,51,86,49],"tags":[],"class_list":["post-195191","post","type-post","status-publish","format-standard","has-post-thumbnail","hentry","category-senza-categoria","category-evidenza-top","category-gr","category-news-18","category-1","category-51","category-86","category-49","description-off"],"img_url":"https:\/\/www.radiopiu.net\/wordpress\/wp-content\/uploads\/2021\/03\/bb6853a1-6bbe-4749-82f2-576c252f109d.jpg","_links":{"self":[{"href":"https:\/\/www.radiopiu.net\/wordpress\/wp-json\/wp\/v2\/posts\/195191","targetHints":{"allow":["GET"]}}],"collection":[{"href":"https:\/\/www.radiopiu.net\/wordpress\/wp-json\/wp\/v2\/posts"}],"about":[{"href":"https:\/\/www.radiopiu.net\/wordpress\/wp-json\/wp\/v2\/types\/post"}],"author":[{"embeddable":true,"href":"https:\/\/www.radiopiu.net\/wordpress\/wp-json\/wp\/v2\/users\/4"}],"replies":[{"embeddable":true,"href":"https:\/\/www.radiopiu.net\/wordpress\/wp-json\/wp\/v2\/comments?post=195191"}],"version-history":[{"count":0,"href":"https:\/\/www.radiopiu.net\/wordpress\/wp-json\/wp\/v2\/posts\/195191\/revisions"}],"wp:featuredmedia":[{"embeddable":true,"href":"https:\/\/www.radiopiu.net\/wordpress\/wp-json\/wp\/v2\/media\/195294"}],"wp:attachment":[{"href":"https:\/\/www.radiopiu.net\/wordpress\/wp-json\/wp\/v2\/media?parent=195191"}],"wp:term":[{"taxonomy":"category","embeddable":true,"href":"https:\/\/www.radiopiu.net\/wordpress\/wp-json\/wp\/v2\/categories?post=195191"},{"taxonomy":"post_tag","embeddable":true,"href":"https:\/\/www.radiopiu.net\/wordpress\/wp-json\/wp\/v2\/tags?post=195191"}],"curies":[{"name":"wp","href":"https:\/\/api.w.org\/{rel}","templated":true}]}}