{"id":195238,"date":"2021-03-05T10:35:38","date_gmt":"2021-03-05T09:35:38","guid":{"rendered":"https:\/\/www.radiopiu.net\/wordpress\/?p=195238"},"modified":"2021-03-05T10:35:38","modified_gmt":"2021-03-05T09:35:38","slug":"covid-screening-tra-i-giovani-domani-pomeriggio-punto-tamponi-in-piazza-martiri","status":"publish","type":"post","link":"https:\/\/www.radiopiu.net\/wordpress\/covid-screening-tra-i-giovani-domani-pomeriggio-punto-tamponi-in-piazza-martiri\/","title":{"rendered":"COVID, SCREENING TRA I GIOVANI, DOMANI POMERIGGIO PUNTO TAMPONI IN PIAZZA MARTIRI"},"content":{"rendered":"<p><strong><a href=\"https:\/\/www.radiopiu.net\/wordpress\/tampone-drive-in-a-feltre-per-chi-rientra-da-spagna-croazia-grecia-o-malta\/tampone\/\" rel=\"attachment wp-att-155278\"><img loading=\"lazy\" decoding=\"async\" class=\"size-medium wp-image-155278 alignleft\" src=\"https:\/\/www.radiopiu.net\/wordpress\/wp-content\/uploads\/2020\/08\/TAMPONE-300x200.jpg\" alt=\"\" width=\"300\" height=\"200\" srcset=\"https:\/\/www.radiopiu.net\/wordpress\/wp-content\/uploads\/2020\/08\/TAMPONE-300x200.jpg 300w, https:\/\/www.radiopiu.net\/wordpress\/wp-content\/uploads\/2020\/08\/TAMPONE-1024x683.jpg 1024w, https:\/\/www.radiopiu.net\/wordpress\/wp-content\/uploads\/2020\/08\/TAMPONE-768x512.jpg 768w, https:\/\/www.radiopiu.net\/wordpress\/wp-content\/uploads\/2020\/08\/TAMPONE-1536x1024.jpg 1536w, https:\/\/www.radiopiu.net\/wordpress\/wp-content\/uploads\/2020\/08\/TAMPONE.jpg 1920w\" sizes=\"auto, (max-width: 300px) 100vw, 300px\" \/><\/a>BELLUNO <\/strong>Un \u201cpunto tamponi\u201d in Piazza dei Martiri per intensificare lo screening sulla diffusione del Covid-19 tra la popolazione pi\u00f9 giovane: sar\u00e0 ospitato domani dalle 16.00 alle 19.00 nell&#8217;area compresa tra Porta Dante e l&#8217;attraversamento pedonale al centro della piazza. L&#8217;iniziativa \u00e8 della Regione Veneto con l&#8217;Universit\u00e0 di Padova e vedr\u00e0 la partecipazione nell&#8217;organizzazione e nell&#8217;approntamento dell&#8217;area del gruppo comunale di Protezione Civile: 200 i tamponi rapidi a disposizione, indirizzati soprattutto ai pi\u00f9 giovani. Proprio per questo, si \u00e8 scelto di ospitare il punto tamponi nella piazza centrale della citt\u00e0 in un orario che possa attirare il pi\u00f9 alto numero di partecipanti possibile. Saranno allestite due tende chiuse che ospiteranno le operazioni di screening e le strumentazioni diagnostiche, mentre all&#8217;esterno saranno posizionate delle transenne per gestire i flussi in entrata e in uscita e un&#8217;area dove poter attendere in sicurezza il risultato del test.<\/p>\n","protected":false},"excerpt":{"rendered":"<p>BELLUNO Un \u201cpunto tamponi\u201d in Piazza dei Martiri per intensificare lo screening sulla diffusione del Covid-19 tra la popolazione pi\u00f9 giovane: sar\u00e0 ospitato domani dalle 16.00 alle 19.00 nell&#8217;area compresa tra Porta Dante e l&#8217;attraversamento pedonale al centro della piazza. L&#8217;iniziativa \u00e8 della Regione Veneto con l&#8217;Universit\u00e0 di Padova e vedr\u00e0 la partecipazione nell&#8217;organizzazione e&hellip;<\/p>\n","protected":false},"author":4,"featured_media":155278,"comment_status":"closed","ping_status":"closed","sticky":false,"template":"","format":"standard","meta":{"_monsterinsights_skip_tracking":false,"_monsterinsights_sitenote_active":false,"_monsterinsights_sitenote_note":"","_monsterinsights_sitenote_category":0,"footnotes":""},"categories":[1,49],"tags":[],"class_list":["post-195238","post","type-post","status-publish","format-standard","has-post-thumbnail","hentry","category-senza-categoria","category-news-18","category-1","category-49","description-off"],"img_url":"https:\/\/www.radiopiu.net\/wordpress\/wp-content\/uploads\/2020\/08\/TAMPONE.jpg","_links":{"self":[{"href":"https:\/\/www.radiopiu.net\/wordpress\/wp-json\/wp\/v2\/posts\/195238","targetHints":{"allow":["GET"]}}],"collection":[{"href":"https:\/\/www.radiopiu.net\/wordpress\/wp-json\/wp\/v2\/posts"}],"about":[{"href":"https:\/\/www.radiopiu.net\/wordpress\/wp-json\/wp\/v2\/types\/post"}],"author":[{"embeddable":true,"href":"https:\/\/www.radiopiu.net\/wordpress\/wp-json\/wp\/v2\/users\/4"}],"replies":[{"embeddable":true,"href":"https:\/\/www.radiopiu.net\/wordpress\/wp-json\/wp\/v2\/comments?post=195238"}],"version-history":[{"count":0,"href":"https:\/\/www.radiopiu.net\/wordpress\/wp-json\/wp\/v2\/posts\/195238\/revisions"}],"wp:featuredmedia":[{"embeddable":true,"href":"https:\/\/www.radiopiu.net\/wordpress\/wp-json\/wp\/v2\/media\/155278"}],"wp:attachment":[{"href":"https:\/\/www.radiopiu.net\/wordpress\/wp-json\/wp\/v2\/media?parent=195238"}],"wp:term":[{"taxonomy":"category","embeddable":true,"href":"https:\/\/www.radiopiu.net\/wordpress\/wp-json\/wp\/v2\/categories?post=195238"},{"taxonomy":"post_tag","embeddable":true,"href":"https:\/\/www.radiopiu.net\/wordpress\/wp-json\/wp\/v2\/tags?post=195238"}],"curies":[{"name":"wp","href":"https:\/\/api.w.org\/{rel}","templated":true}]}}