{"id":195313,"date":"2021-03-08T05:30:57","date_gmt":"2021-03-08T04:30:57","guid":{"rendered":"https:\/\/www.radiopiu.net\/wordpress\/?p=195313"},"modified":"2021-03-08T06:04:07","modified_gmt":"2021-03-08T05:04:07","slug":"8-marzo","status":"publish","type":"post","link":"https:\/\/www.radiopiu.net\/wordpress\/8-marzo\/","title":{"rendered":"EMMA TAVERI &#8220;HO RISPOSTO ALLE DOMANDE, NON VOLEVO E NON VOGLIO FOMENTARE POLEMICHE&#8221;"},"content":{"rendered":"<p>&nbsp;<\/p>\n<p>&nbsp;<\/p>\n<p><strong><img loading=\"lazy\" decoding=\"async\" class=\"alignleft\" src=\"https:\/\/www.radiopiu.net\/wordpress\/wp-content\/uploads\/2019\/04\/pp-300x300.jpg\" width=\"102\" height=\"102\" \/>EMMA TAVERI<\/strong>\u00a0 Chiudiamo una partentesi che si \u00e8 aperta la scorsa settimana,\u00a0 con un contributo audio della marketing manager del progetto dei 7 Comuni dell&#8217;Agordino<\/p>\n<audio class=\"wp-audio-shortcode\" id=\"audio-195313-1\" preload=\"none\" style=\"width: 100%;\" controls=\"controls\"><source type=\"audio\/mpeg\" src=\"https:\/\/www.radiopiu.net\/wordpress\/wp-content\/uploads\/2021\/03\/EMMA-TAVERI.mp3?_=1\" \/><a href=\"https:\/\/www.radiopiu.net\/wordpress\/wp-content\/uploads\/2021\/03\/EMMA-TAVERI.mp3\">https:\/\/www.radiopiu.net\/wordpress\/wp-content\/uploads\/2021\/03\/EMMA-TAVERI.mp3<\/a><\/audio>\n<p>&nbsp;<\/p>\n<p>&nbsp;<\/p>\n<hr \/>\n<blockquote>\n<h3><\/h3>\n<h3>RECHARGE IN NATURE, SARA&#8217; RICORDATA COME L&#8217;OCCASIONE MANCATA?<\/h3>\n<\/blockquote>\n<p>&nbsp;<\/p>\n<p><strong>DI GIANNI SANTOMASO\u00a0\u00a0<\/strong><\/p>\n<p>&nbsp;<\/p>\n<audio class=\"wp-audio-shortcode\" id=\"audio-195313-2\" preload=\"none\" style=\"width: 100%;\" controls=\"controls\"><source type=\"audio\/mpeg\" src=\"https:\/\/www.radiopiu.net\/wordpress\/wp-content\/uploads\/2021\/03\/GIANNI-FERRARI.mp3?_=2\" \/><a href=\"https:\/\/www.radiopiu.net\/wordpress\/wp-content\/uploads\/2021\/03\/GIANNI-FERRARI.mp3\">https:\/\/www.radiopiu.net\/wordpress\/wp-content\/uploads\/2021\/03\/GIANNI-FERRARI.mp3<\/a><\/audio>\n<p>&nbsp;<\/p>\n<p>&nbsp;<\/p>\n<h3>DE BERNARDIN: EMMA TAVERI HA FATTO IL SUO LAVORO, LA RINGRAZIO<\/h3>\n<audio class=\"wp-audio-shortcode\" id=\"audio-195313-3\" preload=\"none\" style=\"width: 100%;\" controls=\"controls\"><source type=\"audio\/mpeg\" src=\"https:\/\/www.radiopiu.net\/wordpress\/wp-content\/uploads\/2021\/03\/de-bernardin-risponde.mp3?_=3\" \/><a href=\"https:\/\/www.radiopiu.net\/wordpress\/wp-content\/uploads\/2021\/03\/de-bernardin-risponde.mp3\">https:\/\/www.radiopiu.net\/wordpress\/wp-content\/uploads\/2021\/03\/de-bernardin-risponde.mp3<\/a><\/audio>\n<p>&nbsp;<\/p>\n<blockquote>\n<h3>LE PRECISAZIONI DI CARLO ZABEO DI SHINYUP<\/h3>\n<\/blockquote>\n<p><strong><a href=\"https:\/\/www.radiopiu.net\/wordpress\/dillo-a-radio-piu-lucia-farenzena-risponde-ad-emma-taveri\/attachment\/1611916747047\/\" rel=\"attachment wp-att-195484\"><img loading=\"lazy\" decoding=\"async\" class=\"size-full wp-image-195484 alignleft\" src=\"https:\/\/www.radiopiu.net\/wordpress\/wp-content\/uploads\/2021\/03\/1611916747047.jpg\" alt=\"\" width=\"200\" height=\"200\" srcset=\"https:\/\/www.radiopiu.net\/wordpress\/wp-content\/uploads\/2021\/03\/1611916747047.jpg 200w, https:\/\/www.radiopiu.net\/wordpress\/wp-content\/uploads\/2021\/03\/1611916747047-150x150.jpg 150w\" sizes=\"auto, (max-width: 200px) 100vw, 200px\" \/><\/a>REDAZIONE<\/strong> Riceviamo e pubblichiamo alcuni chiarimenti da parte della societ\u00e0 ShinyUp Srl in particolare di\u00a0 <em>Carlo Zabeo, legale rappresentante della societ\u00e0 ShinyUp Srl. <\/em><\/p>\n<p><em>&#8220;La societ\u00e0\u00a0 include nel team collaboratori che conoscono e vivono da 30 anni l\u2019Agordino per motivi personali. Invio queste poche righe perch\u00e9 la societ\u00e0 \u00e8 stata chiamata in causa nell\u2019articolo apparso sugli organi di stampa. Vorrei semplicemente chiarire alcuni dettagli che sono riportati nell\u2019articolo. <\/em><em>ShinyUp \u00e8 responsabile della comunicazione di Heart of The Dolomites e non ha nulla a che fare con il progetto Recharge in Nature. <\/em><em>Abbiamo iniziato il nostro incarico a partire dal mese di Agosto 2020. Segnalo che si \u00e8 reso necessario uno shooting fotografico integrativo (che \u00e8 stato approvato dagli Uffici direttivi e per nostra scelta gestito da un professionista dell\u2019Agordino) in quanto il materiale prodotto da chi ci ha proceduto era buona parte incentrato su attivit\u00e0 che, a causa Covid, quest\u2019anno non sono state avviate. La richiesta dello shooting \u00e8 stata fatta i primi giorni di Gennaio 2021 e, a causa di motivi vari, il via libera ci \u00e8 stato dato dopo la met\u00e0 di febbraio 2021. Chiarisco anche alcuni aspetti relativi al compenso erogato a ShinyUp in quanto non \u00e8 stato precisamente indicato che almeno il 35% della somma complessiva \u00e8 destinata a budget pubblicitario. Compenso quindi non di pertinenza della societ\u00e0 che rappresento.<\/em><\/p>\n<p>&nbsp;<\/p>\n","protected":false},"excerpt":{"rendered":"<p>&nbsp; &nbsp; EMMA TAVERI\u00a0 Chiudiamo una partentesi che si \u00e8 aperta la scorsa settimana,\u00a0 con un contributo audio della marketing manager del progetto dei 7 Comuni dell&#8217;Agordino &nbsp; &nbsp; RECHARGE IN NATURE, SARA&#8217; RICORDATA COME L&#8217;OCCASIONE MANCATA? &nbsp; DI GIANNI SANTOMASO\u00a0\u00a0 &nbsp; &nbsp; &nbsp; DE BERNARDIN: EMMA TAVERI HA FATTO IL SUO LAVORO, LA RINGRAZIO&hellip;<\/p>\n","protected":false},"author":4,"featured_media":83568,"comment_status":"closed","ping_status":"closed","sticky":false,"template":"","format":"standard","meta":{"_monsterinsights_skip_tracking":false,"_monsterinsights_sitenote_active":false,"_monsterinsights_sitenote_note":"","_monsterinsights_sitenote_category":0,"footnotes":""},"categories":[104,49],"tags":[],"class_list":["post-195313","post","type-post","status-publish","format-standard","has-post-thumbnail","hentry","category-evidenza_3","category-news-18","category-104","category-49","description-off"],"img_url":"https:\/\/www.radiopiu.net\/wordpress\/wp-content\/uploads\/2019\/04\/pp.jpg","_links":{"self":[{"href":"https:\/\/www.radiopiu.net\/wordpress\/wp-json\/wp\/v2\/posts\/195313","targetHints":{"allow":["GET"]}}],"collection":[{"href":"https:\/\/www.radiopiu.net\/wordpress\/wp-json\/wp\/v2\/posts"}],"about":[{"href":"https:\/\/www.radiopiu.net\/wordpress\/wp-json\/wp\/v2\/types\/post"}],"author":[{"embeddable":true,"href":"https:\/\/www.radiopiu.net\/wordpress\/wp-json\/wp\/v2\/users\/4"}],"replies":[{"embeddable":true,"href":"https:\/\/www.radiopiu.net\/wordpress\/wp-json\/wp\/v2\/comments?post=195313"}],"version-history":[{"count":0,"href":"https:\/\/www.radiopiu.net\/wordpress\/wp-json\/wp\/v2\/posts\/195313\/revisions"}],"wp:featuredmedia":[{"embeddable":true,"href":"https:\/\/www.radiopiu.net\/wordpress\/wp-json\/wp\/v2\/media\/83568"}],"wp:attachment":[{"href":"https:\/\/www.radiopiu.net\/wordpress\/wp-json\/wp\/v2\/media?parent=195313"}],"wp:term":[{"taxonomy":"category","embeddable":true,"href":"https:\/\/www.radiopiu.net\/wordpress\/wp-json\/wp\/v2\/categories?post=195313"},{"taxonomy":"post_tag","embeddable":true,"href":"https:\/\/www.radiopiu.net\/wordpress\/wp-json\/wp\/v2\/tags?post=195313"}],"curies":[{"name":"wp","href":"https:\/\/api.w.org\/{rel}","templated":true}]}}