{"id":195340,"date":"2021-03-05T15:42:29","date_gmt":"2021-03-05T14:42:29","guid":{"rendered":"https:\/\/www.radiopiu.net\/wordpress\/?p=195340"},"modified":"2021-03-05T15:42:30","modified_gmt":"2021-03-05T14:42:30","slug":"un-fine-settimana-da-grand-prix-a-malga-ciapela-e-alleghe","status":"publish","type":"post","link":"https:\/\/www.radiopiu.net\/wordpress\/un-fine-settimana-da-grand-prix-a-malga-ciapela-e-alleghe\/","title":{"rendered":"UN FINE SETTIMANA DA GRAND PRIX, A MALGA CIAPELA E ALLEGHE"},"content":{"rendered":"<p><strong><a href=\"https:\/\/www.radiopiu.net\/wordpress\/un-fine-settimana-da-grand-prix-a-malga-ciapela-e-alleghe\/lattebusche-sci-fondo-archivio-1536x1024\/\" rel=\"attachment wp-att-195341\"><img loading=\"lazy\" decoding=\"async\" class=\"size-medium wp-image-195341 alignleft\" src=\"https:\/\/www.radiopiu.net\/wordpress\/wp-content\/uploads\/2021\/03\/lattebusche-sci-fondo-archivio-1536x1024-1-300x200.jpg\" alt=\"\" width=\"300\" height=\"200\" srcset=\"https:\/\/www.radiopiu.net\/wordpress\/wp-content\/uploads\/2021\/03\/lattebusche-sci-fondo-archivio-1536x1024-1-300x200.jpg 300w, https:\/\/www.radiopiu.net\/wordpress\/wp-content\/uploads\/2021\/03\/lattebusche-sci-fondo-archivio-1536x1024-1-1024x683.jpg 1024w, https:\/\/www.radiopiu.net\/wordpress\/wp-content\/uploads\/2021\/03\/lattebusche-sci-fondo-archivio-1536x1024-1-768x512.jpg 768w, https:\/\/www.radiopiu.net\/wordpress\/wp-content\/uploads\/2021\/03\/lattebusche-sci-fondo-archivio-1536x1024-1.jpg 1536w\" sizes=\"auto, (max-width: 300px) 100vw, 300px\" \/><\/a>FISI VENETO<\/strong>\u00a0 Dopo un anno di assenza, ritornano le finali del Grand Prix Lattebusche,\u00a0 \u00a0appuntamento per gli Under 10 (Baby) e gli Under 12 (Cuccioli) dello sci alpino e dello sci di fondo. Domani e domenica l\u2019appuntamento \u00e8 fissato a Malga Ciapela per gli sci stretti e ad Alleghe per lo sci alpino. Si garegger\u00e0, a porte chiuse e non ci sar\u00e0 la tradizionale festa che caratterizza la finale del Grand prix.\u00a0 <em>&#8220;\u00c8 un traguardo importante, questo delle finali, che premia gli sforzi che i diversi comitati provinciali, i club e le famiglie hanno fatto in questi mesi. Un grazie alle due societ\u00e0 organizzatrici di queste finali, lo Sci club Alleghe, per quanto riguarda l\u2019alpino, e lo Sci nordico Marmolada, per lo sci di fondo&#8221;., <\/em>sottolinea il presidente del comitato regionale della federazione italiana sport invernali, Roberto Bortoluzzi.\u00a0 Il programma delle finali prender\u00e0 avvio nella giornata di domani, con lo slalom\u00a0 Cuccioli sulla pista Civetta dalle 10. Domani sempre alle 10\u00a0 Baby e Cuccioli dell\u2019alpino,\u00a0 i Cuccioli sulla pista Civetta, i baby sulla Azzurra.\u00a0 A Malga Ciapela i giovanissimi fondisti si sfideranno in tecnica classica. Per i Superbaby la fatica sar\u00e0 lunga 500 metrI.<\/p>\n<p><strong><a href=\"https:\/\/www.fisiveneto.com\/2021\/03\/01\/gp-lattebusche-sabato-e-domenica-la-finale-ecco-programma-e-qualificati\/\">QUI<\/a>\u00a0IL PROGRAMMA<\/strong><\/p>\n<p>foto fisiveneto.com<\/p>\n","protected":false},"excerpt":{"rendered":"<p>FISI VENETO\u00a0 Dopo un anno di assenza, ritornano le finali del Grand Prix Lattebusche,\u00a0 \u00a0appuntamento per gli Under 10 (Baby) e gli Under 12 (Cuccioli) dello sci alpino e dello sci di fondo. Domani e domenica l\u2019appuntamento \u00e8 fissato a Malga Ciapela per gli sci stretti e ad Alleghe per lo sci alpino. Si garegger\u00e0,&hellip;<\/p>\n","protected":false},"author":4,"featured_media":195341,"comment_status":"closed","ping_status":"closed","sticky":false,"template":"","format":"standard","meta":{"_monsterinsights_skip_tracking":false,"_monsterinsights_sitenote_active":false,"_monsterinsights_sitenote_note":"","_monsterinsights_sitenote_category":0,"footnotes":""},"categories":[49,72],"tags":[],"class_list":["post-195340","post","type-post","status-publish","format-standard","has-post-thumbnail","hentry","category-news-18","category-sport","category-49","category-72","description-off"],"img_url":"https:\/\/www.radiopiu.net\/wordpress\/wp-content\/uploads\/2021\/03\/lattebusche-sci-fondo-archivio-1536x1024-1.jpg","_links":{"self":[{"href":"https:\/\/www.radiopiu.net\/wordpress\/wp-json\/wp\/v2\/posts\/195340","targetHints":{"allow":["GET"]}}],"collection":[{"href":"https:\/\/www.radiopiu.net\/wordpress\/wp-json\/wp\/v2\/posts"}],"about":[{"href":"https:\/\/www.radiopiu.net\/wordpress\/wp-json\/wp\/v2\/types\/post"}],"author":[{"embeddable":true,"href":"https:\/\/www.radiopiu.net\/wordpress\/wp-json\/wp\/v2\/users\/4"}],"replies":[{"embeddable":true,"href":"https:\/\/www.radiopiu.net\/wordpress\/wp-json\/wp\/v2\/comments?post=195340"}],"version-history":[{"count":0,"href":"https:\/\/www.radiopiu.net\/wordpress\/wp-json\/wp\/v2\/posts\/195340\/revisions"}],"wp:featuredmedia":[{"embeddable":true,"href":"https:\/\/www.radiopiu.net\/wordpress\/wp-json\/wp\/v2\/media\/195341"}],"wp:attachment":[{"href":"https:\/\/www.radiopiu.net\/wordpress\/wp-json\/wp\/v2\/media?parent=195340"}],"wp:term":[{"taxonomy":"category","embeddable":true,"href":"https:\/\/www.radiopiu.net\/wordpress\/wp-json\/wp\/v2\/categories?post=195340"},{"taxonomy":"post_tag","embeddable":true,"href":"https:\/\/www.radiopiu.net\/wordpress\/wp-json\/wp\/v2\/tags?post=195340"}],"curies":[{"name":"wp","href":"https:\/\/api.w.org\/{rel}","templated":true}]}}