{"id":195406,"date":"2021-03-07T07:30:28","date_gmt":"2021-03-07T06:30:28","guid":{"rendered":"https:\/\/www.radiopiu.net\/wordpress\/?p=195406"},"modified":"2021-03-07T09:22:08","modified_gmt":"2021-03-07T08:22:08","slug":"giornale-radiopiu-07-marzo-2021-direttore-mirko-mezzacasa","status":"publish","type":"post","link":"https:\/\/www.radiopiu.net\/wordpress\/giornale-radiopiu-07-marzo-2021-direttore-mirko-mezzacasa\/","title":{"rendered":"GIORNALE RADIOPIU 07 MARZO 2021 DIRETTORE MIRKO MEZZACASA"},"content":{"rendered":"<h3><a href=\"https:\/\/www.radiopiu.net\/wordpress\/giornale-radiopiu-24-gennaio-2021-direttore-mirko-mezzacasa\/141433770_171616291414874_2957460898102012198_n\/\" rel=\"attachment wp-att-186566\"><img loading=\"lazy\" decoding=\"async\" class=\"wp-image-186566 alignleft\" src=\"https:\/\/www.radiopiu.net\/wordpress\/wp-content\/uploads\/2021\/01\/141433770_171616291414874_2957460898102012198_n-300x300.jpg\" alt=\"\" width=\"144\" height=\"144\" srcset=\"https:\/\/www.radiopiu.net\/wordpress\/wp-content\/uploads\/2021\/01\/141433770_171616291414874_2957460898102012198_n-300x300.jpg 300w, https:\/\/www.radiopiu.net\/wordpress\/wp-content\/uploads\/2021\/01\/141433770_171616291414874_2957460898102012198_n-150x150.jpg 150w, https:\/\/www.radiopiu.net\/wordpress\/wp-content\/uploads\/2021\/01\/141433770_171616291414874_2957460898102012198_n-768x768.jpg 768w, https:\/\/www.radiopiu.net\/wordpress\/wp-content\/uploads\/2021\/01\/141433770_171616291414874_2957460898102012198_n.jpg 800w\" sizes=\"auto, (max-width: 144px) 100vw, 144px\" \/><\/a>PER<strong> RICEVERE QUESTO NOTIZIARIO DIRETTAMENTE SUL TUO CELLULARE ISCRIVITI AL CANALE TELEGRAM <\/strong><strong>\u201cRADIO PIU\u00a0 INFORMAZIONE&#8221;\u00a0<\/strong><\/h3>\n<h3>SUPERATI I 3000 ISCRITTI, il CANALE TELEGRAM&#8230; UNISCITI A: RADIO PIU INFORMAZIONE<\/h3>\n<p>&nbsp;<\/p>\n<p>&nbsp;<\/p>\n<p><em><a href=\"https:\/\/www.radiopiu.net\/wordpress\/giornale-radiopiu-24-gennaio-2021-direttore-mirko-mezzacasa\/79216601_126817312416448_708980208774483089_n\/\" rel=\"attachment wp-att-186567\"><img loading=\"lazy\" decoding=\"async\" class=\"size-medium wp-image-186567 alignright\" src=\"https:\/\/www.radiopiu.net\/wordpress\/wp-content\/uploads\/2021\/01\/79216601_126817312416448_708980208774483089_n-300x114.jpg\" alt=\"\" width=\"300\" height=\"114\" srcset=\"https:\/\/www.radiopiu.net\/wordpress\/wp-content\/uploads\/2021\/01\/79216601_126817312416448_708980208774483089_n-300x114.jpg 300w, https:\/\/www.radiopiu.net\/wordpress\/wp-content\/uploads\/2021\/01\/79216601_126817312416448_708980208774483089_n-768x292.jpg 768w, https:\/\/www.radiopiu.net\/wordpress\/wp-content\/uploads\/2021\/01\/79216601_126817312416448_708980208774483089_n.jpg 820w\" sizes=\"auto, (max-width: 300px) 100vw, 300px\" \/><\/a><span style=\"color: #ff0000;\">ATTENZIONE: LA NUOVA APP PER IOS-IPHONE di Nicola Vettorello <\/span><\/em><a href=\"https:\/\/apps.apple.com\/it\/app\/radio-pi%C3%B9-emittente-agordina\/id1515939845\">https:\/\/apps.apple.com\/it\/app\/radio-pi%C3%B9-emittente-agordina\/id1515939845<\/a><\/p>\n<p><em style=\"color: #ff0000;\">ATTENZIONE: LA NUOVA APP RADIO\u00a0 PER ANDROID di Nicola Vettorello<\/em><\/p>\n<p><a href=\"https:\/\/play.google.com\/store\/apps\/details?id=net.radiopiu.iniko\" target=\"_blank\" rel=\"noopener noreferrer\">https:\/\/play.google.com\/store\/apps\/details?id=net.radiopiu.iniko\u00a0\u00a0<\/a><\/p>\n<p>&nbsp;<\/p>\n<p>&nbsp;<\/p>\n<hr \/>\n<p>&nbsp;<\/p>\n<blockquote>\n<h2 style=\"text-align: center;\">IL VENETO IN ARANCIONE DA DOMANI<\/h2>\n<h3 style=\"text-align: left;\">\u00a0Il Ministro della Salute, Roberto Speranza, sulla base dei dati e delle indicazioni della Cabina di Regia, ha firmato le nuove ordinanze che andranno in vigore a partire da luned\u00ec 8 Marzo. Passano in area arancione le Regioni Friuli Venezia Giulia e Veneto e in zona rossa la regione Campania<\/h3>\n<\/blockquote>\n<p>&nbsp;<\/p>\n<p><a href=\"https:\/\/www.radiopiu.net\/wordpress\/il-veneto-in-arancione-da-lunedi-lo-ha-comunicato-speranza-a-zaia\/zonaarancione-2\/\" rel=\"attachment wp-att-195277\"><img loading=\"lazy\" decoding=\"async\" class=\"wp-image-195277 aligncenter\" src=\"https:\/\/www.radiopiu.net\/wordpress\/wp-content\/uploads\/2021\/03\/zonaarancione-2-616x1024.jpg\" alt=\"\" width=\"291\" height=\"483\" srcset=\"https:\/\/www.radiopiu.net\/wordpress\/wp-content\/uploads\/2021\/03\/zonaarancione-2-616x1024.jpg 616w, https:\/\/www.radiopiu.net\/wordpress\/wp-content\/uploads\/2021\/03\/zonaarancione-2-181x300.jpg 181w, https:\/\/www.radiopiu.net\/wordpress\/wp-content\/uploads\/2021\/03\/zonaarancione-2-768x1276.jpg 768w, https:\/\/www.radiopiu.net\/wordpress\/wp-content\/uploads\/2021\/03\/zonaarancione-2-925x1536.jpg 925w, https:\/\/www.radiopiu.net\/wordpress\/wp-content\/uploads\/2021\/03\/zonaarancione-2.jpg 1080w\" sizes=\"auto, (max-width: 291px) 100vw, 291px\" \/><\/a><\/p>\n<p>&nbsp;<\/p>\n<hr \/>\n<p>&nbsp;<\/p>\n<blockquote>\n<h2>GALLERIA COMELICO, PROROGATA L&#8217;ORDINANZA DI CHIUSURA NOTTURNA<\/h2>\n<\/blockquote>\n<blockquote>\n<h3><em><img loading=\"lazy\" decoding=\"async\" class=\"alignleft\" src=\"https:\/\/www.radiopiu.net\/wordpress\/wp-content\/uploads\/2020\/05\/VENETO-STRADE-300x300.png\" width=\"123\" height=\"123\" \/>PROCEDONO I RILIEVI\u00a0PRESSO LA GALLERIA COMELICO SULLA SS 52 IN PROVINCIA DI BELLUNO<\/em><\/h3>\n<\/blockquote>\n<p>Per consentire l\u2019avanzamento delle indagini geognostiche e geofisiche nella galleria Comelico, sono state programmate nuove limitazioni temporanee al transito lungo la strada statale 52 \u201cCarnica\u201d. Da luned\u00ec 8 e fino a venerd\u00ec 19 marzo, nella fascia 21:15- 5:45, giorni festivi esclusi, sar\u00e0 chiusa al transito la galleria Comelico, dal km 81 al km 85. Il traffico veicolare sar\u00e0 deviato sulla SP 532 Passo S. Antonio; i mezzi pesanti trainanti un rimorchio saranno invece deviati sulla SR 48 delle Dolomiti e sulla SP 49 Misurina.<\/p>\n<p>&nbsp;<\/p>\n<p>&nbsp;<\/p>\n<hr \/>\n<p>&nbsp;<\/p>\n<p><strong><a href=\"https:\/\/www.radiopiu.net\/wordpress\/giornale-radiopiu-09-agosto-2018-direttore-mirko-mezzacasa\/acqua\/\" rel=\"attachment wp-att-57052\"><img loading=\"lazy\" decoding=\"async\" class=\" wp-image-57052 alignleft\" src=\"https:\/\/www.radiopiu.net\/wordpress\/wp-content\/uploads\/2018\/08\/ACQUA-300x180.jpeg\" alt=\"\" width=\"253\" height=\"152\" srcset=\"https:\/\/www.radiopiu.net\/wordpress\/wp-content\/uploads\/2018\/08\/ACQUA-300x180.jpeg 300w, https:\/\/www.radiopiu.net\/wordpress\/wp-content\/uploads\/2018\/08\/ACQUA-768x461.jpeg 768w, https:\/\/www.radiopiu.net\/wordpress\/wp-content\/uploads\/2018\/08\/ACQUA-1024x614.jpeg 1024w, https:\/\/www.radiopiu.net\/wordpress\/wp-content\/uploads\/2018\/08\/ACQUA.jpeg 1280w\" sizes=\"auto, (max-width: 253px) 100vw, 253px\" \/><\/a>Gestione Servizi Pubblici informa che a CANALE D&#8217;AGORDO in localit\u00e0 CARFON, l&#8217;acqua erogata dall&#8217;acquedotto \u00e8 di nuovo potabile e pu\u00f2 essere usata, quindi, per scopi alimentari. Per informazioni \u00e8 possibile contattare il Servizio Clienti al numero 800 306 999 o +39 0445 230521 (da estero) .<br \/>\n<\/strong><\/p>\n<p><strong>A RIVAMONTE AGORDINO nelle localit\u00e0 MIOTTE, ZENICH, MOTTES, ZEP-SCHENA, SARET, ROSTE, PALUCH, GONA DI CONEDERA, PONTE ALTO, LONIE, SANTEL, ROSSON, VIA ROMA, VILLAGRANDE E TOS, l&#8217;acqua erogata dall&#8217;acquedotto non \u00e8 potabile e pu\u00f2 essere usata per scopi alimentari SOLO PREVIA bollitura.<\/strong><\/p>\n<p>&nbsp;<\/p>\n<p>&nbsp;<\/p>\n<p>&nbsp;<\/p>\n<hr \/>\n<p>&nbsp;<\/p>\n<blockquote>\n<h2>CRISANTI: 10 GIORNI E IL VENETO SARA&#8217; IN ZONA ROSSA.<\/h2>\n<\/blockquote>\n<p>Da domani Veneto in arancione e in Regione sembra concretizzarsi un nuovo stop in presenza alle superiori dove sar\u00e0 prevista di nuovo la didattica a distanza al 50%, decisione suggerita dal settore Prevenzione visto il quadro epidemiologico in peggioramento. Per il professor Andrea Crisanti il Veneto in pochi giorni finir\u00e0 in zona rossa con\u00a0 un &#8216;impennata dell&#8217;incide Rt sopra 1.30.<\/p>\n<p><strong>IN VENETO <\/strong>nuove positivit\u00e0\u00a0 1.694 nelle ultime 24 ore.\u00a0 (1.337\u00a0 e 1.620 negli ultimi due giorni). Attualmente positivi\u00a0 28.654 (+1.224).\u00a0 Decessi:\u00a0 8, per un totale di 9.958. Sono 1.201 i pazienti ricoverati in area non critica negli ospedali del Veneto. Il 5 marzo erano 1.219. . Terapie intensive: erano 153 i posti letto occupati venerd\u00ec, ieri scesi a 152.<\/p>\n<blockquote>\n<h3>COVID IN ULSS 1 DOLOMITI: DUE DECESSI E 97 NUOVI POSITIVI NELLE ULTIME 24 ORE<\/h3>\n<\/blockquote>\n<p><strong>BELLUNO\u00a0<\/strong> Nelle ultime 24 ore sono decedute due persone covid positive: un uomo di 70 anni ricoverato in pneumologia a Belluno e un uomo di 95 anni ricoverato in Rianimazione a Belluno. Sono 97 le nuove positivit\u00e0 rilevate in ULSS 1 Dolomiti, le persone attualmente positive sono 879.<\/p>\n<p><strong>Ricoveri<\/strong><\/p>\n<p><em>(dato alle ore 17.00 fonte: Azienda Zero)<\/em><\/p>\n<p>Le persone attualmente POSITIVE ricoverate negli ospedali dell\u2019Ulss Dolomiti sono:<\/p>\n<table>\n<tbody>\n<tr>\n<td width=\"217\"><strong>\u00a0<\/strong><\/td>\n<td width=\"217\"><strong>Area NON CRITICA<\/strong><\/td>\n<td width=\"217\"><strong>Terapia Intensiva<\/strong><\/td>\n<\/tr>\n<tr>\n<td width=\"217\"><strong>Ospedale di Belluno <\/strong><\/td>\n<td width=\"217\">36<\/td>\n<td width=\"217\">6<\/td>\n<\/tr>\n<tr>\n<td width=\"217\"><strong>Ospedale di Feltre<\/strong><\/td>\n<td width=\"217\">9<\/td>\n<td width=\"217\">4<\/td>\n<\/tr>\n<\/tbody>\n<\/table>\n<p>&nbsp;<\/p>\n<p>Le persone attualmente POSITIVE ricoverate in Ospedale di Comunit\u00e0 sono:<\/p>\n<table>\n<tbody>\n<tr>\n<td width=\"326\"><strong>\u00a0<\/strong><\/td>\n<td width=\"326\"><strong>pazienti attualmente positivi<\/strong><\/td>\n<\/tr>\n<tr>\n<td width=\"326\"><strong>Ospedale di Comunit\u00e0 di BELLUNO<\/strong><\/td>\n<td width=\"326\">8<\/td>\n<\/tr>\n<tr>\n<td width=\"326\"><strong>Ospedale di Comunit\u00e0 di FELTRE<\/strong><\/td>\n<td width=\"326\">7<\/td>\n<\/tr>\n<\/tbody>\n<\/table>\n<p><strong>\u00a0\u00a0<\/strong><\/p>\n<hr \/>\n<p>&nbsp;<\/p>\n<blockquote>\n<h3>SI SCONTRANO ALLA PARTENZA, UNDICENNE TRIESTINO IN OSPEDALE<\/h3>\n<\/blockquote>\n<p><strong>ALLEGHE<\/strong> Un incidente sulle piste di sci del Civetta, durante le finali del Gran Prix Lattebusche, ha coinvolto un undicenne triestino e un tredicenne trevigiano. Quest&#8217;ultimo\u00a0 durante la risalita della pista a piedi \u00e8 scivolato impattando contro l&#8217;altro atleta nella zona della partenza della gara.\u00a0 Per il ragazzo di Trieste, portato all&#8217;ospedale di Agordo con l&#8217;ambulanza della Croce Verde di Alleghe i sanitari hanno riscontrato la frattura scomposta dell&#8217;omero sinistro e sar\u00e0 necessario un intervento chirurgico. Sul posto i Carabinieri di Cortina\u00a0 impegnati per il servizio vigilanza e soccorso sulle piste.<\/p>\n<p>&nbsp;<\/p>\n<p>&nbsp;<\/p>\n<hr \/>\n<p>&nbsp;<\/p>\n<blockquote>\n<h3>ESCURSIONISTA DELL&#8217;ALPAGO SCIVOLA IN UN DIRUPO DURANTE UNA PASSEGGIATA<\/h3>\n<\/blockquote>\n<p><strong>VITTORIO VENETO\u00a0<\/strong> Alle 10.20 circa il Soccorso alpino delle Prealpi Trevigiane \u00e8 stato allertato dalla Centrale del Suem, per un uomo scivolato in un dirupo in localit\u00e0 Perdonanze, lungo il sentiero che da Vittorio Veneto procede in direzione di Tarzo. G.F., 66 anni, di Alpago (BL), che si trovava con la moglie, perso l&#8217;equilibrio era infatti caduto ruzzolando per una ventina di metri tra la vegetazione. Una volta risaliti non senza difficolt\u00e0 alle coordinate del luogo dell&#8217;incidente, una squadra si \u00e8 portata sul posto assieme all&#8217;elicottero di Treviso emergenza. Sbarcati con un verricello di 30 metri medico e tecnico di elisoccorso, l&#8217;infortunato, che presentava un possibile trauma alla colonna, \u00e8 stato stabilizzato e imbarellato, per essere caricato a bordo con il supporto dei soccorritori e trasportato all&#8217;ospedale di Treviso. La moglie \u00e8 rientrata alla propria auto assieme alla squadra.<\/p>\n\n\t\t\t<style type='text\/css'>\n\t\t\t\t#gallery-1 {\n\t\t\t\t\tmargin: auto;\n\t\t\t\t}\n\t\t\t\t#gallery-1 .gallery-item {\n\t\t\t\t\tfloat: left;\n\t\t\t\t\tmargin-top: 10px;\n\t\t\t\t\ttext-align: center;\n\t\t\t\t\twidth: 50%;\n\t\t\t\t}\n\t\t\t\t#gallery-1 img {\n\t\t\t\t\tborder: 2px solid #cfcfcf;\n\t\t\t\t}\n\t\t\t\t#gallery-1 .gallery-caption {\n\t\t\t\t\tmargin-left: 0;\n\t\t\t\t}\n\t\t\t\t\/* see gallery_shortcode() in wp-includes\/media.php *\/\n\t\t\t<\/style>\n\t\t<div id='gallery-1' class='dt-gallery-container gallery galleryid-195406 gallery-columns-2 gallery-size-medium'><dl class='gallery-item'>\n\t\t\t\t<dt class='gallery-icon landscape'>\n\t\t\t\t\t<a class=\"rollover rollover-zoom dt-pswp-item\" title=\"salt_20210306_130646_349\" data-dt-img-description=\"\" data-large_image_width=\"2364\" data-large_image_height=\"1773\"href='https:\/\/www.radiopiu.net\/wordpress\/wp-content\/uploads\/2021\/03\/salt_20210306_130646_349.jpg'><img loading=\"lazy\" decoding=\"async\" width=\"300\" height=\"225\" src=\"https:\/\/www.radiopiu.net\/wordpress\/wp-content\/uploads\/2021\/03\/salt_20210306_130646_349-300x225.jpg\" class=\"attachment-medium size-medium\" alt=\"\" srcset=\"https:\/\/www.radiopiu.net\/wordpress\/wp-content\/uploads\/2021\/03\/salt_20210306_130646_349-300x225.jpg 300w, https:\/\/www.radiopiu.net\/wordpress\/wp-content\/uploads\/2021\/03\/salt_20210306_130646_349-1024x768.jpg 1024w, https:\/\/www.radiopiu.net\/wordpress\/wp-content\/uploads\/2021\/03\/salt_20210306_130646_349-768x576.jpg 768w, https:\/\/www.radiopiu.net\/wordpress\/wp-content\/uploads\/2021\/03\/salt_20210306_130646_349-1536x1152.jpg 1536w, https:\/\/www.radiopiu.net\/wordpress\/wp-content\/uploads\/2021\/03\/salt_20210306_130646_349-2048x1536.jpg 2048w\" sizes=\"auto, (max-width: 300px) 100vw, 300px\" \/><\/a>\n\t\t\t\t<\/dt><\/dl><dl class='gallery-item'>\n\t\t\t\t<dt class='gallery-icon landscape'>\n\t\t\t\t\t<a class=\"rollover rollover-zoom dt-pswp-item\" title=\"salt_20210306_130706_844\" data-dt-img-description=\"\" data-large_image_width=\"2364\" data-large_image_height=\"1773\"href='https:\/\/www.radiopiu.net\/wordpress\/wp-content\/uploads\/2021\/03\/salt_20210306_130706_844.jpg'><img loading=\"lazy\" decoding=\"async\" width=\"300\" height=\"225\" src=\"https:\/\/www.radiopiu.net\/wordpress\/wp-content\/uploads\/2021\/03\/salt_20210306_130706_844-300x225.jpg\" class=\"attachment-medium size-medium\" alt=\"\" srcset=\"https:\/\/www.radiopiu.net\/wordpress\/wp-content\/uploads\/2021\/03\/salt_20210306_130706_844-300x225.jpg 300w, https:\/\/www.radiopiu.net\/wordpress\/wp-content\/uploads\/2021\/03\/salt_20210306_130706_844-1024x768.jpg 1024w, https:\/\/www.radiopiu.net\/wordpress\/wp-content\/uploads\/2021\/03\/salt_20210306_130706_844-768x576.jpg 768w, https:\/\/www.radiopiu.net\/wordpress\/wp-content\/uploads\/2021\/03\/salt_20210306_130706_844-1536x1152.jpg 1536w, https:\/\/www.radiopiu.net\/wordpress\/wp-content\/uploads\/2021\/03\/salt_20210306_130706_844-2048x1536.jpg 2048w\" sizes=\"auto, (max-width: 300px) 100vw, 300px\" \/><\/a>\n\t\t\t\t<\/dt><\/dl><br style=\"clear: both\" \/>\n\t\t\t<\/div>\n\n<p>&nbsp;<\/p>\n<hr \/>\n<p>&nbsp;<\/p>\n<blockquote>\n<h3>UN POMERIGGIO IMPEGNATIVO PER IL SOCCORSO ALPINO. BEN 4 INTERVENTI IN 3 ORE<\/h3>\n<\/blockquote>\n<p><strong><a href=\"https:\/\/www.radiopiu.net\/wordpress\/si-perdono-nella-neve\/salt_20201211_172947_111\/\" rel=\"attachment wp-att-178918\"><img loading=\"lazy\" decoding=\"async\" class=\"size-medium wp-image-178918 alignleft\" src=\"https:\/\/www.radiopiu.net\/wordpress\/wp-content\/uploads\/2020\/12\/salt_20201211_172947_111-300x225.jpg\" alt=\"\" width=\"300\" height=\"225\" srcset=\"https:\/\/www.radiopiu.net\/wordpress\/wp-content\/uploads\/2020\/12\/salt_20201211_172947_111-300x225.jpg 300w, https:\/\/www.radiopiu.net\/wordpress\/wp-content\/uploads\/2020\/12\/salt_20201211_172947_111-1024x768.jpg 1024w, https:\/\/www.radiopiu.net\/wordpress\/wp-content\/uploads\/2020\/12\/salt_20201211_172947_111-768x576.jpg 768w, https:\/\/www.radiopiu.net\/wordpress\/wp-content\/uploads\/2020\/12\/salt_20201211_172947_111-1536x1152.jpg 1536w, https:\/\/www.radiopiu.net\/wordpress\/wp-content\/uploads\/2020\/12\/salt_20201211_172947_111-2048x1536.jpg 2048w\" sizes=\"auto, (max-width: 300px) 100vw, 300px\" \/><\/a>VAL DI ZOLDO<\/strong> Attorno alle 14 personale del Soccorso alpino della Val di Zoldo \u00e8 intervenuto in supporto agli impiantisti lungo la pista Grava, dove una donna, L.G., 57 anni, di Venezia, messo male un piede aveva riportato un sospetto trauma alla caviglia. Accompagnata in motoslitta a valle, l&#8217;infortunata \u00e8 stata affidata all&#8217;ambulanza.<\/p>\n<p><strong>VIGO DI CADORE <\/strong>Alle 15.30 circa l&#8217;elicottero del Suem di Pieve di Cadore \u00e8 volato verso il Monte Tudaio, a Vigo di Cadore, a seguito della chiamata di un escursionista impaurito, poich\u00e9 era caduto mentre scendeva facendosi male a un braccio. A.P., 40 anni, di Lozzo di Cadore (BL), dopo essere stato individuato, \u00e8 stato recuperato con un verricello e trasportato all&#8217;ospedale di Belluno.<\/p>\n<p><strong>CORTINA<\/strong> Alle 16.30 il 118 \u00e8 stato attivato per due emergenze in contemporanea. La prima ha riguardato una coppia di escursionisti che, partiti dal Rifugio Palmieri in direzione del Ponte di Ru Curto, a Cortina d&#8217;Ampezzo, a una biforcazione aveva sbagliato direzione inoltrandosi verso il Becco d&#8217;Ajal e perdendosi. Riusciti a risalire alla loro posizione tramite Whatsapp, con la donna in crisi di panico, i due sono stati raggiunti e imbarcati dall&#8217;eliambulanza del Suem di Pieve di Cadore.<\/p>\n<p><strong><a href=\"https:\/\/www.radiopiu.net\/wordpress\/un-pomeriggio-impegnativo-per-il-soccorso-alpino-ben-4-interventi-in-3-ore\/salt_20210306_192019_693\/\" rel=\"attachment wp-att-195578\"><img loading=\"lazy\" decoding=\"async\" class=\" wp-image-195578 alignright\" src=\"https:\/\/www.radiopiu.net\/wordpress\/wp-content\/uploads\/2021\/03\/salt_20210306_192019_693-300x225.jpg\" alt=\"\" width=\"149\" height=\"112\" srcset=\"https:\/\/www.radiopiu.net\/wordpress\/wp-content\/uploads\/2021\/03\/salt_20210306_192019_693-300x225.jpg 300w, https:\/\/www.radiopiu.net\/wordpress\/wp-content\/uploads\/2021\/03\/salt_20210306_192019_693-1024x768.jpg 1024w, https:\/\/www.radiopiu.net\/wordpress\/wp-content\/uploads\/2021\/03\/salt_20210306_192019_693-768x576.jpg 768w, https:\/\/www.radiopiu.net\/wordpress\/wp-content\/uploads\/2021\/03\/salt_20210306_192019_693.jpg 1280w\" sizes=\"auto, (max-width: 149px) 100vw, 149px\" \/><\/a>SEREN DEL GRAPPA<\/strong> Sempre alle 16:30, nei boschi in localit\u00e0 Rech di Seren del Grappa, dove durante i lavori boschivi un uomo era scivolato sbattendo la testa e mettendo male una gamba. A dare l&#8217;allarme la moglie che si trovava con lui. Una volta capito il luogo, \u00e8 stato inviato l&#8217;elicottero di Treviso emergenza, aiutato nelle operazioni di recupero da una squadra del Soccorso alpino di Feltre.<\/p>\n<p>&nbsp;<\/p>\n<p>&nbsp;<\/p>\n<hr \/>\n<p>&nbsp;<\/p>\n<blockquote>\n<h1>PROMOZIONE TURISTICA, IL PROGRAMMA DA UN MILIONE DI EURO. LE REAZIONI<\/h1>\n<\/blockquote>\n<h3><span style=\"color: #ff0000;\">DAL CORRIERE DELLE ALPI GIANNI SANTOMASO\u00a0<\/span><\/h3>\n<audio class=\"wp-audio-shortcode\" id=\"audio-195406-1\" preload=\"none\" style=\"width: 100%;\" controls=\"controls\"><source type=\"audio\/mpeg\" src=\"https:\/\/www.radiopiu.net\/wordpress\/wp-content\/uploads\/2021\/03\/gianni-taveri.mp3?_=1\" \/><a href=\"https:\/\/www.radiopiu.net\/wordpress\/wp-content\/uploads\/2021\/03\/gianni-taveri.mp3\">https:\/\/www.radiopiu.net\/wordpress\/wp-content\/uploads\/2021\/03\/gianni-taveri.mp3<\/a><\/audio>\n<p>&nbsp;<\/p>\n<h3>DE BERNARDIN: EMMA TAVERI HA FATTO IL SUO LAVORO, LA RINGRAZIO<\/h3>\n<audio class=\"wp-audio-shortcode\" id=\"audio-195406-2\" preload=\"none\" style=\"width: 100%;\" controls=\"controls\"><source type=\"audio\/mpeg\" src=\"https:\/\/www.radiopiu.net\/wordpress\/wp-content\/uploads\/2021\/03\/de-bernardin-risponde.mp3?_=2\" \/><a href=\"https:\/\/www.radiopiu.net\/wordpress\/wp-content\/uploads\/2021\/03\/de-bernardin-risponde.mp3\">https:\/\/www.radiopiu.net\/wordpress\/wp-content\/uploads\/2021\/03\/de-bernardin-risponde.mp3<\/a><\/audio>\n<p>&nbsp;<\/p>\n<h3>SHINYUP TIENE A FARE DELLE PRECISAZIONI<\/h3>\n<p><strong><a href=\"https:\/\/www.radiopiu.net\/wordpress\/dillo-a-radio-piu-lucia-farenzena-risponde-ad-emma-taveri\/attachment\/1611916747047\/\" rel=\"attachment wp-att-195484\"><img loading=\"lazy\" decoding=\"async\" class=\"size-full wp-image-195484 alignleft\" src=\"https:\/\/www.radiopiu.net\/wordpress\/wp-content\/uploads\/2021\/03\/1611916747047.jpg\" alt=\"\" width=\"200\" height=\"200\" srcset=\"https:\/\/www.radiopiu.net\/wordpress\/wp-content\/uploads\/2021\/03\/1611916747047.jpg 200w, https:\/\/www.radiopiu.net\/wordpress\/wp-content\/uploads\/2021\/03\/1611916747047-150x150.jpg 150w\" sizes=\"auto, (max-width: 200px) 100vw, 200px\" \/><\/a>REDAZIONE<\/strong> Riceviamo e pubblichiamo alcuni chiarimenti da parte della societ\u00e0 ShinyUp Srl.<\/p>\n<blockquote><p><em>Buongiorno sono Carlo Zabeo, legale rappresentante della societ\u00e0 ShinyUp Srl, societ\u00e0 che include nel team collaboratori che conoscono e vivono da 30 anni l\u2019Agordino per motivi personali. Invio queste poche righe perch\u00e9 la societ\u00e0 \u00e8 stata chiamata in causa nell\u2019articolo apparso sugli organi di stampa. Vorrei semplicemente chiarire alcuni dettagli che sono riportati nell\u2019articolo. <\/em><em>ShinyUp \u00e8 responsabile della comunicazione di Heart of The Dolomites e non ha nulla a che fare con il progetto Recharge in Nature. <\/em><em>Abbiamo iniziato il nostro incarico a partire dal mese di Agosto 2020. Segnalo che si \u00e8 reso necessario uno shooting fotografico integrativo (che \u00e8 stato approvato dagli Uffici direttivi e per nostra scelta gestito da un professionista dell\u2019Agordino) in quanto il materiale prodotto da chi ci ha proceduto era buona parte incentrato su attivit\u00e0 che, a causa Covid, quest\u2019anno non sono state avviate. La richiesta dello shooting \u00e8 stata fatta i primi giorni di Gennaio 2021 e, a causa di motivi vari, il via libera ci \u00e8 stato dato dopo la met\u00e0 di febbraio 2021. Chiarisco anche alcuni aspetti relativi al compenso erogato a ShinyUp in quanto non \u00e8 stato precisamente indicato che almeno il 35% della somma complessiva \u00e8 destinata a budget pubblicitario. Compenso quindi non di pertinenza della societ\u00e0 che rappresento.<\/em><\/p><\/blockquote>\n<p>&nbsp;<\/p>\n<h3>LA LETTERA DI LUCIA FARENZENA<\/h3>\n<p><strong><a href=\"https:\/\/www.radiopiu.net\/wordpress\/dillo-a-radio-piu-lucia-farenzena-risponde-ad-emma-taveri\/138649980_10158989148334494_7756933450520494902_o\/\" rel=\"attachment wp-att-195455\"><img loading=\"lazy\" decoding=\"async\" class=\"size-medium wp-image-195455 alignleft\" src=\"https:\/\/www.radiopiu.net\/wordpress\/wp-content\/uploads\/2021\/03\/138649980_10158989148334494_7756933450520494902_o-e1615021692179-300x300.jpg\" alt=\"\" width=\"300\" height=\"300\" srcset=\"https:\/\/www.radiopiu.net\/wordpress\/wp-content\/uploads\/2021\/03\/138649980_10158989148334494_7756933450520494902_o-e1615021692179-300x300.jpg 300w, https:\/\/www.radiopiu.net\/wordpress\/wp-content\/uploads\/2021\/03\/138649980_10158989148334494_7756933450520494902_o-e1615021692179-1024x1024.jpg 1024w, https:\/\/www.radiopiu.net\/wordpress\/wp-content\/uploads\/2021\/03\/138649980_10158989148334494_7756933450520494902_o-e1615021692179-150x150.jpg 150w, https:\/\/www.radiopiu.net\/wordpress\/wp-content\/uploads\/2021\/03\/138649980_10158989148334494_7756933450520494902_o-e1615021692179-768x768.jpg 768w, https:\/\/www.radiopiu.net\/wordpress\/wp-content\/uploads\/2021\/03\/138649980_10158989148334494_7756933450520494902_o-e1615021692179.jpg 1436w\" sizes=\"auto, (max-width: 300px) 100vw, 300px\" \/><\/a>REDAZIONE<\/strong> Riceviamo e volentieri pubblichiamo una lettera di Lucia Farenzena, presidente Operatori Turistici Rocca Pietore Marmolada in risposta alle dichiarazione di Emma Taveri<\/p>\n<blockquote><p><em>Ferrari&#8230;.tipico esempio del lusso e dell\u2019eccellenza made in Italy. In questo caso parlerei pi\u00f9 di berlina di medio livello considerando che non possiamo paragonare la casa produttrice a quella di Maranello per molti motivi. Ci sono le idee e c\u2019\u00e8 la concretezza, ma soprattutto l\u2019esecuzione. Che il trend sia quello della natura, di stare a contatto con essa per rigenerarsi \u00e8 pacifico, come la naturale predisposizione dei nostri territori ad identificare questo concetto. Per\u00f2, ci sono molti per\u00f2&#8230;.in primis, non \u00e8 vero che non \u00e8 stata recepita l\u2019opportunit\u00e0 della cosa, perch\u00e9 il territorio di Rocca si \u00e8 strutturato con tour operator per proporre le esperienze in natura quindi non ravviso questa mancata occasione. Come negli altri territori si \u00e8 andato sviluppando un prodotto in linea. Vorrei soffermarmi su alcuni aspetti, il primis lo strumento di vendita che ci \u00e8 stato fornito. Le realt\u00e0 territoriali che hanno sempre collaborato fattivamente per il progetto, si sono viste consegnarne su loro sollecito e con mesi di ritardo le cose prodotte da chi gestiva il progetto. Mi limito a dire che il tutto ci ha lasciati a bocca aperta Chiaramente non in senso positivo. Ci aspettavamo cose di qualit\u00e0 invece dalle immagini e video consegnati, parlo per Rocca, consegnate sembravamo il posto pi\u00f9 tetro del pianeta. Ecco, va bene parlare, fare un boom mediatico ma la sfida \u00e8 mantenerlo. Questa non \u00e8 la sfida solo dei territori che devono essere messi in condizione di proseguire in modo adeguato. Forse guardando quello che succede realmente si poteva capire che nessuno ha sprecato l\u2019occasione, perch\u00e9 l\u2019offerta turistica \u00e8 stata integrata<\/em><\/p><\/blockquote>\n<p><strong>ALLA RADIO, DAL NOTIZIARIO PRINCIPALE, LUCIA FARENZENA<\/strong><\/p>\n<audio class=\"wp-audio-shortcode\" id=\"audio-195406-3\" preload=\"none\" style=\"width: 100%;\" controls=\"controls\"><source type=\"audio\/mpeg\" src=\"https:\/\/www.radiopiu.net\/wordpress\/wp-content\/uploads\/2021\/03\/LUCIA-FARENZENA-RISPONDE.mp3?_=3\" \/><a href=\"https:\/\/www.radiopiu.net\/wordpress\/wp-content\/uploads\/2021\/03\/LUCIA-FARENZENA-RISPONDE.mp3\">https:\/\/www.radiopiu.net\/wordpress\/wp-content\/uploads\/2021\/03\/LUCIA-FARENZENA-RISPONDE.mp3<\/a><\/audio>\n<p>&nbsp;<\/p>\n<h2>ARTICOLO DAL GIORNALE RADIOPIU&#8217; DEL 06 MARZO<\/h2>\n<blockquote class=\"wp-embedded-content\" data-secret=\"tc1qVVaLlw\"><p><a href=\"https:\/\/www.radiopiu.net\/wordpress\/il-progetto-da-1-milione-di-euro-per-la-promozione-turistica\/\">IL PROGETTO DA 1 MILIONE DI EURO PER LA PROMOZIONE TURISTICA<\/a><\/p><\/blockquote>\n<p><iframe loading=\"lazy\" class=\"wp-embedded-content\" sandbox=\"allow-scripts\" security=\"restricted\" style=\"position: absolute; clip: rect(1px, 1px, 1px, 1px);\" title=\"&#8220;IL PROGETTO DA 1 MILIONE DI EURO PER LA PROMOZIONE TURISTICA&#8221; &#8212; Radio Pi\u00f9\" src=\"https:\/\/www.radiopiu.net\/wordpress\/il-progetto-da-1-milione-di-euro-per-la-promozione-turistica\/embed\/#?secret=tc1qVVaLlw\" data-secret=\"tc1qVVaLlw\" width=\"600\" height=\"338\" frameborder=\"0\" marginwidth=\"0\" marginheight=\"0\" scrolling=\"no\"><\/iframe><\/p>\n<p>&nbsp;<\/p>\n<hr \/>\n<p>&nbsp;<\/p>\n<blockquote>\n<h2>PUNTO TAMPONI IN PIAZZA DEI MARTIRI&#8230;SPRITZ TAMPONI<\/h2>\n<\/blockquote>\n<p><strong><a href=\"https:\/\/www.radiopiu.net\/wordpress\/punto-tamponi-in-piazza-dei-martiri-spritz-tamponi\/2fa8211b-39e2-40c0-a8aa-e21886b52d62\/\" rel=\"attachment wp-att-195563\"><img loading=\"lazy\" decoding=\"async\" class=\"size-medium wp-image-195563 alignleft\" src=\"https:\/\/www.radiopiu.net\/wordpress\/wp-content\/uploads\/2021\/03\/2fa8211b-39e2-40c0-a8aa-e21886b52d62-300x138.jpg\" alt=\"\" width=\"300\" height=\"138\" srcset=\"https:\/\/www.radiopiu.net\/wordpress\/wp-content\/uploads\/2021\/03\/2fa8211b-39e2-40c0-a8aa-e21886b52d62-300x138.jpg 300w, https:\/\/www.radiopiu.net\/wordpress\/wp-content\/uploads\/2021\/03\/2fa8211b-39e2-40c0-a8aa-e21886b52d62-1024x472.jpg 1024w, https:\/\/www.radiopiu.net\/wordpress\/wp-content\/uploads\/2021\/03\/2fa8211b-39e2-40c0-a8aa-e21886b52d62-768x354.jpg 768w, https:\/\/www.radiopiu.net\/wordpress\/wp-content\/uploads\/2021\/03\/2fa8211b-39e2-40c0-a8aa-e21886b52d62-1536x708.jpg 1536w, https:\/\/www.radiopiu.net\/wordpress\/wp-content\/uploads\/2021\/03\/2fa8211b-39e2-40c0-a8aa-e21886b52d62.jpg 1600w\" sizes=\"auto, (max-width: 300px) 100vw, 300px\" \/><\/a>BELLUNO<\/strong><\/p>\n<p>di Moreno Gioli<\/p>\n<audio class=\"wp-audio-shortcode\" id=\"audio-195406-4\" preload=\"none\" style=\"width: 100%;\" controls=\"controls\"><source type=\"audio\/mpeg\" src=\"https:\/\/www.radiopiu.net\/wordpress\/wp-content\/uploads\/2021\/03\/GIOLI-TAMPONI-PIAZZA-MARTIRIookk.mp3?_=4\" \/><a href=\"https:\/\/www.radiopiu.net\/wordpress\/wp-content\/uploads\/2021\/03\/GIOLI-TAMPONI-PIAZZA-MARTIRIookk.mp3\">https:\/\/www.radiopiu.net\/wordpress\/wp-content\/uploads\/2021\/03\/GIOLI-TAMPONI-PIAZZA-MARTIRIookk.mp3<\/a><\/audio>\n<p>&nbsp;<\/p>\n<p><strong>DOTTOR SANDRO CINQUETTI, DIPARTIMENTO PREVENZIONE ULSS1 BELLUNO<\/strong><\/p>\n<audio class=\"wp-audio-shortcode\" id=\"audio-195406-5\" preload=\"none\" style=\"width: 100%;\" controls=\"controls\"><source type=\"audio\/mpeg\" src=\"https:\/\/www.radiopiu.net\/wordpress\/wp-content\/uploads\/2021\/03\/DOTTOR-SANDRO-CINQUETTI-DIPARTIMENTO-PREVENZIONE-ULSS1-BELLUNO.mp3?_=5\" \/><a href=\"https:\/\/www.radiopiu.net\/wordpress\/wp-content\/uploads\/2021\/03\/DOTTOR-SANDRO-CINQUETTI-DIPARTIMENTO-PREVENZIONE-ULSS1-BELLUNO.mp3\">https:\/\/www.radiopiu.net\/wordpress\/wp-content\/uploads\/2021\/03\/DOTTOR-SANDRO-CINQUETTI-DIPARTIMENTO-PREVENZIONE-ULSS1-BELLUNO.mp3<\/a><\/audio>\n<p>&nbsp;<\/p>\n<p><strong>PROFESSOR VINCENZO BALDI, UNIVERSITA&#8217; DI PADOVA<\/strong><\/p>\n<audio class=\"wp-audio-shortcode\" id=\"audio-195406-6\" preload=\"none\" style=\"width: 100%;\" controls=\"controls\"><source type=\"audio\/mpeg\" src=\"https:\/\/www.radiopiu.net\/wordpress\/wp-content\/uploads\/2021\/03\/Professor-Vincenzo-baldo-universita-padova.mp3?_=6\" \/><a href=\"https:\/\/www.radiopiu.net\/wordpress\/wp-content\/uploads\/2021\/03\/Professor-Vincenzo-baldo-universita-padova.mp3\">https:\/\/www.radiopiu.net\/wordpress\/wp-content\/uploads\/2021\/03\/Professor-Vincenzo-baldo-universita-padova.mp3<\/a><\/audio>\n<p>&nbsp;<\/p>\n<p><strong>MARIA GRAZIA CARRARO, DIRETTORE ULSS 1 DOLOMITI<\/strong><\/p>\n<audio class=\"wp-audio-shortcode\" id=\"audio-195406-7\" preload=\"none\" style=\"width: 100%;\" controls=\"controls\"><source type=\"audio\/mpeg\" src=\"https:\/\/www.radiopiu.net\/wordpress\/wp-content\/uploads\/2021\/03\/MARIA-GRAZIA-CARRARO-DIRETTORE-ULSS1-DOLOMITI.mp3?_=7\" \/><a href=\"https:\/\/www.radiopiu.net\/wordpress\/wp-content\/uploads\/2021\/03\/MARIA-GRAZIA-CARRARO-DIRETTORE-ULSS1-DOLOMITI.mp3\">https:\/\/www.radiopiu.net\/wordpress\/wp-content\/uploads\/2021\/03\/MARIA-GRAZIA-CARRARO-DIRETTORE-ULSS1-DOLOMITI.mp3<\/a><\/audio>\n<p>&nbsp;<\/p>\n<hr \/>\n<p>&nbsp;<\/p>\n<blockquote>\n<h2>FEDERICA ZASSO OBBLIGATA A DIMETTERSI DA ASSESSORE IN UNIONE MONTANA AGORDINA<\/h2>\n<\/blockquote>\n<p>&nbsp;<\/p>\n<p><strong>DI GIANNI SANTOMASO\u00a0<\/strong><\/p>\n<audio class=\"wp-audio-shortcode\" id=\"audio-195406-8\" preload=\"none\" style=\"width: 100%;\" controls=\"controls\"><source type=\"audio\/mpeg\" src=\"https:\/\/www.radiopiu.net\/wordpress\/wp-content\/uploads\/2021\/03\/giunta-unione.mp3?_=8\" \/><a href=\"https:\/\/www.radiopiu.net\/wordpress\/wp-content\/uploads\/2021\/03\/giunta-unione.mp3\">https:\/\/www.radiopiu.net\/wordpress\/wp-content\/uploads\/2021\/03\/giunta-unione.mp3<\/a><\/audio>\n<p><strong><a href=\"https:\/\/www.radiopiu.net\/wordpress\/il-comune-si-organizza-per-distribuire-i-buoni-spesa-ok\/federica-zasso\/\" rel=\"attachment wp-att-127029\"><img loading=\"lazy\" decoding=\"async\" class=\" wp-image-127029 alignleft\" src=\"https:\/\/www.radiopiu.net\/wordpress\/wp-content\/uploads\/2020\/04\/FEDERICA-ZASSO-222x300.jpg\" alt=\"\" width=\"147\" height=\"199\" srcset=\"https:\/\/www.radiopiu.net\/wordpress\/wp-content\/uploads\/2020\/04\/FEDERICA-ZASSO-222x300.jpg 222w, https:\/\/www.radiopiu.net\/wordpress\/wp-content\/uploads\/2020\/04\/FEDERICA-ZASSO.jpg 235w\" sizes=\"auto, (max-width: 147px) 100vw, 147px\" \/><\/a>AGORDO <\/strong>La giunta dell&#8217;Unione montana agordina perde un assessore per colpa delle normative nazionali e regionali ed \u00e8 costretta a ritirare la convenzione per la gestione degli ecocentri per le critiche arrivate sia dalla minoranza e sia dalla maggioranza.<\/p>\n<p>&nbsp;<\/p>\n<p>&nbsp;<\/p>\n<p>&nbsp;<\/p>\n<p>&nbsp;<\/p>\n<p>&nbsp;<\/p>\n<p><strong>IL CONSIGLIO DELL&#8217;UNIONE MONTANA AGORDINA\u00a0\u00a0<\/strong><\/p>\n<p>&nbsp;<\/p>\n<p>https:\/\/www.facebook.com\/mirko.mezzacasa\/videos\/10225824356702447<\/p>\n<p>&nbsp;<\/p>\n<p>&nbsp;<\/p>\n<p>&nbsp;<\/p>\n<hr \/>\n<p>&nbsp;<\/p>\n<p>&nbsp;<\/p>\n<blockquote>\n<h2>BILANCIO ROSSO, I GIORNI DEI TAGLI<\/h2>\n<\/blockquote>\n<div class=\"articlePlainTitle\"><strong>di GIANNI SANTOMASO\u00a0 \u00a0<\/strong><\/div>\n<div>\n<audio class=\"wp-audio-shortcode\" id=\"audio-195406-9\" preload=\"none\" style=\"width: 100%;\" controls=\"controls\"><source type=\"audio\/mpeg\" src=\"https:\/\/www.radiopiu.net\/wordpress\/wp-content\/uploads\/2021\/03\/gianni-tagli.mp3?_=9\" \/><a href=\"https:\/\/www.radiopiu.net\/wordpress\/wp-content\/uploads\/2021\/03\/gianni-tagli.mp3\">https:\/\/www.radiopiu.net\/wordpress\/wp-content\/uploads\/2021\/03\/gianni-tagli.mp3<\/a><\/audio>\n<\/div>\n<div class=\"addthis_sharing_toolbox\" data-url=\"https:\/\/sfoglio.corrierealpi.gelocal.it\/share_article.php?article_id=8284097\" data-title=\"L'Unione montanaperde l'assessore Zasso\u00abColpa delle norme\u00bbBilancio, numeri in rossoCosta: \u00abPer soste...\"><\/div>\n<div class=\"articlePlainText\"><strong>FALCADE<\/strong> \u00abPer riuscire a sostenere il bilancio, abbiamo dovuto fare tagli ovunque possibile\u00bb. Lo ha detto il sindaco di Falcade, Michele Costa, nel consiglio di gioved\u00ec sera che, in videoconferenza, ha approvato il bilancio di previsione 2021-2023 e il Dup.<\/div>\n<div><\/div>\n<blockquote>\n<h2 style=\"text-align: center;\">CONSIGLIO COMUNALE DI FALCADE, DIRETTA RADIO PIU.<\/h2>\n<p>https:\/\/www.facebook.com\/mirko.mezzacasa\/videos\/10225816842874606<\/p>\n<p>&nbsp;<\/p>\n<p>&nbsp;<\/p><\/blockquote>\n<p>&nbsp;<\/p>\n<hr \/>\n<blockquote>\n<h3><\/h3>\n<h3>AL LAVORO PER LA SICUREZZA SUL TERRITORIO<\/h3>\n<\/blockquote>\n<p><strong><a href=\"https:\/\/www.radiopiu.net\/wordpress\/al-lavoro-per-la-sicurezza-sul-territorio\/andrea-de-bernardin-10\/\" rel=\"attachment wp-att-195558\"><img loading=\"lazy\" decoding=\"async\" class=\"size-medium wp-image-195558 alignleft\" src=\"https:\/\/www.radiopiu.net\/wordpress\/wp-content\/uploads\/2021\/03\/ANDREA-DE-BERNARDIN-300x169.jpg\" alt=\"\" width=\"300\" height=\"169\" srcset=\"https:\/\/www.radiopiu.net\/wordpress\/wp-content\/uploads\/2021\/03\/ANDREA-DE-BERNARDIN-300x169.jpg 300w, https:\/\/www.radiopiu.net\/wordpress\/wp-content\/uploads\/2021\/03\/ANDREA-DE-BERNARDIN-768x432.jpg 768w, https:\/\/www.radiopiu.net\/wordpress\/wp-content\/uploads\/2021\/03\/ANDREA-DE-BERNARDIN.jpg 960w\" sizes=\"auto, (max-width: 300px) 100vw, 300px\" \/><\/a>ROCCA PIETORE<\/strong> Vaia prima, il covid poi. Situazioni di emergenza che invitano alla massima attenzione e prevenzioni. Ecco il perch\u00e9 dei tanti cantieri sul territorio. Dalla eli piazzola per le emergenze ai lavori a Malga Ciapela per ridargli la visibilit\u00e0 che merita<\/p>\n<p><strong>AI MICROFONI DI RADIO PIU&#8217; IL SINDACO ANDREA DE BERNARDIN<\/strong><\/p>\n<audio class=\"wp-audio-shortcode\" id=\"audio-195406-10\" preload=\"none\" style=\"width: 100%;\" controls=\"controls\"><source type=\"audio\/mpeg\" src=\"https:\/\/www.radiopiu.net\/wordpress\/wp-content\/uploads\/2021\/03\/DE-BERNARDIN-LAVORI-ROCCA-ELIPORTO.mp3?_=10\" \/><a href=\"https:\/\/www.radiopiu.net\/wordpress\/wp-content\/uploads\/2021\/03\/DE-BERNARDIN-LAVORI-ROCCA-ELIPORTO.mp3\">https:\/\/www.radiopiu.net\/wordpress\/wp-content\/uploads\/2021\/03\/DE-BERNARDIN-LAVORI-ROCCA-ELIPORTO.mp3<\/a><\/audio>\n<p>&nbsp;<\/p>\n<hr \/>\n<p>&nbsp;<\/p>\n<blockquote>\n<h3>ECOVOLONTARI, L&#8217;ARTIGLIERIA PESANTE CONTRO L&#8217;INCIVILTA&#8217;<\/h3>\n<\/blockquote>\n<p><strong>QUERO VAS\u00a0<\/strong> Se l&#8217;incivilt\u00e0 fosse misurabile con l&#8217;impegno degli eco volontari feltrini il suo valore sarebbe alle stelle in considerazione della grande abnegazione di uomini e donne che armati di tutto punto anche oggi si sono dati da fare per raccogliere il prodotto dell&#8217;incivilt\u00e0 nei pressi della stazione dei treni di Quero Vas.<\/p>\n<p><strong>\u00a0IN AZIONE<\/strong><\/p>\n\n\t\t\t<style type='text\/css'>\n\t\t\t\t#gallery-2 {\n\t\t\t\t\tmargin: auto;\n\t\t\t\t}\n\t\t\t\t#gallery-2 .gallery-item {\n\t\t\t\t\tfloat: left;\n\t\t\t\t\tmargin-top: 10px;\n\t\t\t\t\ttext-align: center;\n\t\t\t\t\twidth: 20%;\n\t\t\t\t}\n\t\t\t\t#gallery-2 img {\n\t\t\t\t\tborder: 2px solid #cfcfcf;\n\t\t\t\t}\n\t\t\t\t#gallery-2 .gallery-caption {\n\t\t\t\t\tmargin-left: 0;\n\t\t\t\t}\n\t\t\t\t\/* see gallery_shortcode() in wp-includes\/media.php *\/\n\t\t\t<\/style>\n\t\t<div id='gallery-2' class='dt-gallery-container gallery galleryid-195406 gallery-columns-5 gallery-size-thumbnail'><dl class='gallery-item'>\n\t\t\t\t<dt class='gallery-icon portrait'>\n\t\t\t\t\t<a class=\"rollover rollover-zoom dt-pswp-item\" title=\"5406177a-6f97-4f50-bc2e-0e80464e8e62\" data-dt-img-description=\"\" data-large_image_width=\"450\" data-large_image_height=\"800\"href='https:\/\/www.radiopiu.net\/wordpress\/wp-content\/uploads\/2021\/03\/5406177a-6f97-4f50-bc2e-0e80464e8e62.jpg'><img loading=\"lazy\" decoding=\"async\" width=\"150\" height=\"150\" src=\"https:\/\/www.radiopiu.net\/wordpress\/wp-content\/uploads\/2021\/03\/5406177a-6f97-4f50-bc2e-0e80464e8e62-150x150.jpg\" class=\"attachment-thumbnail size-thumbnail\" alt=\"\" \/><\/a>\n\t\t\t\t<\/dt><\/dl><dl class='gallery-item'>\n\t\t\t\t<dt class='gallery-icon portrait'>\n\t\t\t\t\t<a class=\"rollover rollover-zoom dt-pswp-item\" title=\"a1d059cb-c34a-4813-aecb-fbf86fc25612\" data-dt-img-description=\"\" data-large_image_width=\"240\" data-large_image_height=\"320\"href='https:\/\/www.radiopiu.net\/wordpress\/wp-content\/uploads\/2021\/03\/a1d059cb-c34a-4813-aecb-fbf86fc25612.jpg'><img loading=\"lazy\" decoding=\"async\" width=\"150\" height=\"150\" src=\"https:\/\/www.radiopiu.net\/wordpress\/wp-content\/uploads\/2021\/03\/a1d059cb-c34a-4813-aecb-fbf86fc25612-150x150.jpg\" class=\"attachment-thumbnail size-thumbnail\" alt=\"\" \/><\/a>\n\t\t\t\t<\/dt><\/dl><dl class='gallery-item'>\n\t\t\t\t<dt class='gallery-icon portrait'>\n\t\t\t\t\t<a class=\"rollover rollover-zoom dt-pswp-item\" title=\"cb3d95b6-866b-479f-979c-f73235939d02\" data-dt-img-description=\"\" data-large_image_width=\"240\" data-large_image_height=\"320\"href='https:\/\/www.radiopiu.net\/wordpress\/wp-content\/uploads\/2021\/03\/cb3d95b6-866b-479f-979c-f73235939d02.jpg'><img loading=\"lazy\" decoding=\"async\" width=\"150\" height=\"150\" src=\"https:\/\/www.radiopiu.net\/wordpress\/wp-content\/uploads\/2021\/03\/cb3d95b6-866b-479f-979c-f73235939d02-150x150.jpg\" class=\"attachment-thumbnail size-thumbnail\" alt=\"\" \/><\/a>\n\t\t\t\t<\/dt><\/dl><dl class='gallery-item'>\n\t\t\t\t<dt class='gallery-icon portrait'>\n\t\t\t\t\t<a class=\"rollover rollover-zoom dt-pswp-item\" title=\"0a9f862a-e08a-4658-9c33-9094854754e3\" data-dt-img-description=\"\" data-large_image_width=\"240\" data-large_image_height=\"320\"href='https:\/\/www.radiopiu.net\/wordpress\/wp-content\/uploads\/2021\/03\/0a9f862a-e08a-4658-9c33-9094854754e3.jpg'><img loading=\"lazy\" decoding=\"async\" width=\"150\" height=\"150\" src=\"https:\/\/www.radiopiu.net\/wordpress\/wp-content\/uploads\/2021\/03\/0a9f862a-e08a-4658-9c33-9094854754e3-150x150.jpg\" class=\"attachment-thumbnail size-thumbnail\" alt=\"\" \/><\/a>\n\t\t\t\t<\/dt><\/dl><dl class='gallery-item'>\n\t\t\t\t<dt class='gallery-icon portrait'>\n\t\t\t\t\t<a class=\"rollover rollover-zoom dt-pswp-item\" title=\"75c4128a-609d-4980-9110-5974fddc72cd\" data-dt-img-description=\"\" data-large_image_width=\"240\" data-large_image_height=\"320\"href='https:\/\/www.radiopiu.net\/wordpress\/wp-content\/uploads\/2021\/03\/75c4128a-609d-4980-9110-5974fddc72cd.jpg'><img loading=\"lazy\" decoding=\"async\" width=\"150\" height=\"150\" src=\"https:\/\/www.radiopiu.net\/wordpress\/wp-content\/uploads\/2021\/03\/75c4128a-609d-4980-9110-5974fddc72cd-150x150.jpg\" class=\"attachment-thumbnail size-thumbnail\" alt=\"\" \/><\/a>\n\t\t\t\t<\/dt><\/dl><br style=\"clear: both\" \/><dl class='gallery-item'>\n\t\t\t\t<dt class='gallery-icon portrait'>\n\t\t\t\t\t<a class=\"rollover rollover-zoom dt-pswp-item\" title=\"520082e7-e18c-4ce8-9022-1dbd807a4cc8\" data-dt-img-description=\"\" data-large_image_width=\"240\" data-large_image_height=\"320\"href='https:\/\/www.radiopiu.net\/wordpress\/wp-content\/uploads\/2021\/03\/520082e7-e18c-4ce8-9022-1dbd807a4cc8.jpg'><img loading=\"lazy\" decoding=\"async\" width=\"150\" height=\"150\" src=\"https:\/\/www.radiopiu.net\/wordpress\/wp-content\/uploads\/2021\/03\/520082e7-e18c-4ce8-9022-1dbd807a4cc8-150x150.jpg\" class=\"attachment-thumbnail size-thumbnail\" alt=\"\" \/><\/a>\n\t\t\t\t<\/dt><\/dl><dl class='gallery-item'>\n\t\t\t\t<dt class='gallery-icon portrait'>\n\t\t\t\t\t<a class=\"rollover rollover-zoom dt-pswp-item\" title=\"d8ebcb30-edb6-44c7-8a76-cfd527f57d52\" data-dt-img-description=\"\" data-large_image_width=\"240\" data-large_image_height=\"320\"href='https:\/\/www.radiopiu.net\/wordpress\/wp-content\/uploads\/2021\/03\/d8ebcb30-edb6-44c7-8a76-cfd527f57d52.jpg'><img loading=\"lazy\" decoding=\"async\" width=\"150\" height=\"150\" src=\"https:\/\/www.radiopiu.net\/wordpress\/wp-content\/uploads\/2021\/03\/d8ebcb30-edb6-44c7-8a76-cfd527f57d52-150x150.jpg\" class=\"attachment-thumbnail size-thumbnail\" alt=\"\" \/><\/a>\n\t\t\t\t<\/dt><\/dl><dl class='gallery-item'>\n\t\t\t\t<dt class='gallery-icon portrait'>\n\t\t\t\t\t<a class=\"rollover rollover-zoom dt-pswp-item\" title=\"9d94d021-051e-4151-ae2f-315bcc1c4f06\" data-dt-img-description=\"\" data-large_image_width=\"450\" data-large_image_height=\"800\"href='https:\/\/www.radiopiu.net\/wordpress\/wp-content\/uploads\/2021\/03\/9d94d021-051e-4151-ae2f-315bcc1c4f06.jpg'><img loading=\"lazy\" decoding=\"async\" width=\"150\" height=\"150\" src=\"https:\/\/www.radiopiu.net\/wordpress\/wp-content\/uploads\/2021\/03\/9d94d021-051e-4151-ae2f-315bcc1c4f06-150x150.jpg\" class=\"attachment-thumbnail size-thumbnail\" alt=\"\" \/><\/a>\n\t\t\t\t<\/dt><\/dl><dl class='gallery-item'>\n\t\t\t\t<dt class='gallery-icon landscape'>\n\t\t\t\t\t<a class=\"rollover rollover-zoom dt-pswp-item\" title=\"7f05144f-6c49-4a7f-b529-136f78efb714\" data-dt-img-description=\"\" data-large_image_width=\"320\" data-large_image_height=\"240\"href='https:\/\/www.radiopiu.net\/wordpress\/wp-content\/uploads\/2021\/03\/7f05144f-6c49-4a7f-b529-136f78efb714.jpg'><img loading=\"lazy\" decoding=\"async\" width=\"150\" height=\"150\" src=\"https:\/\/www.radiopiu.net\/wordpress\/wp-content\/uploads\/2021\/03\/7f05144f-6c49-4a7f-b529-136f78efb714-150x150.jpg\" class=\"attachment-thumbnail size-thumbnail\" alt=\"\" \/><\/a>\n\t\t\t\t<\/dt><\/dl><dl class='gallery-item'>\n\t\t\t\t<dt class='gallery-icon portrait'>\n\t\t\t\t\t<a class=\"rollover rollover-zoom dt-pswp-item\" title=\"839b3832-e2a6-4f1a-a910-efe3f35c374e\" data-dt-img-description=\"\" data-large_image_width=\"240\" data-large_image_height=\"320\"href='https:\/\/www.radiopiu.net\/wordpress\/wp-content\/uploads\/2021\/03\/839b3832-e2a6-4f1a-a910-efe3f35c374e.jpg'><img loading=\"lazy\" decoding=\"async\" width=\"150\" height=\"150\" src=\"https:\/\/www.radiopiu.net\/wordpress\/wp-content\/uploads\/2021\/03\/839b3832-e2a6-4f1a-a910-efe3f35c374e-150x150.jpg\" class=\"attachment-thumbnail size-thumbnail\" alt=\"\" \/><\/a>\n\t\t\t\t<\/dt><\/dl><br style=\"clear: both\" \/>\n\t\t\t<\/div>\n\n<p>&nbsp;<\/p>\n<hr \/>\n<p>&nbsp;<\/p>\n<blockquote>\n<h3>TURISMO. CANER INVITA IL MINISTRO GARAVAGLIA IN VENETO PER UN INCONTRO CON LE CATEGORIE<\/h3>\n<\/blockquote>\n<p><strong> <a href=\"https:\/\/www.radiopiu.net\/wordpress\/giornale-radiopiu-07-marzo-2021-direttore-mirko-mezzacasa\/federico-caner\/\" rel=\"attachment wp-att-195491\"><img loading=\"lazy\" decoding=\"async\" class=\"size-medium wp-image-195491 alignleft\" src=\"https:\/\/www.radiopiu.net\/wordpress\/wp-content\/uploads\/2021\/03\/FEDERICO-CANER-300x226.jpg\" alt=\"\" width=\"300\" height=\"226\" srcset=\"https:\/\/www.radiopiu.net\/wordpress\/wp-content\/uploads\/2021\/03\/FEDERICO-CANER-300x226.jpg 300w, https:\/\/www.radiopiu.net\/wordpress\/wp-content\/uploads\/2021\/03\/FEDERICO-CANER-1024x771.jpg 1024w, https:\/\/www.radiopiu.net\/wordpress\/wp-content\/uploads\/2021\/03\/FEDERICO-CANER-768x578.jpg 768w, https:\/\/www.radiopiu.net\/wordpress\/wp-content\/uploads\/2021\/03\/FEDERICO-CANER.jpg 1490w\" sizes=\"auto, (max-width: 300px) 100vw, 300px\" \/><\/a>VENEZIA <\/strong>\u201c<em>Con il ministro Massimo Garavaglia ci sentiamo quasi quotidianamente sui vari temi che, in questo periodo travagliato, interessano la nostra principale industria regionale, il turismo. Gi\u00e0 l\u2019ho invitato in Veneto per incontrarlo di persona insieme ai rappresentanti delle principali organizzazioni di categoria del settore e sono certo che presto lo avremo ospite per fare il punto sulla drammatica situazione attuale e soprattutto sulle iniziative da attuare da qui in avanti per assicurare una ripresa dell\u2019economia turistica<\/em>\u201d. Lo afferma l\u2019assessore al turismo della Regione del Veneto, Federico Caner, sottolineando l\u2019importanza di potersi confrontare con un ministro \u201cche finalmente si dedica esclusivamente a un asset che prima della pandemia valeva il 13% del Pil nazionale, con il Veneto saldamente al primo posto tra le regioni turistiche italiane\u201d. \u201c<em>Al ministro Garavaglia \u2013 prosegue Caner \u2013 ribadiremo la necessit\u00e0 di attivare al pi\u00f9 presto gli interventi di salvaguardia economica delle nostre imprese, prostrate da un intero anno di pesanti limitazioni, se non addirittura di totale forzata inattivit\u00e0, e con il prossimo periodo di Pasqua ormai compromesso. Ristori e indennizzi non si possono pi\u00f9 attendere, se vogliamo che la nostra filiera torni a presentarsi competitiva quando la pandemia sar\u00e0 alle nostre spalle. Ma \u00e8 indispensabile proprio uscire al pi\u00f9 presto da questa emergenza epocale, accelerando sul fronte delle vaccinazioni per l\u2019intera popolazione e prevedendo che gli operatori del turismo siano tra i primi a essere immunizzati<\/em>\u201d. \u201c<em>Se questi sono temi ineludibili che affronteremo con il ministro \u2013 conclude Caner \u2013 non di meno lo sar\u00e0 quello della ripartenza: dobbiamo guardare avanti, programmare e destinare le risorse necessarie al rilancio dell\u2019offerta e alla modernizzazione del nostro sistema turistico, per consolidare quei primati che ci siamo conquistati negli ultimi decenni e tornare a creare risorse, lavoro e occupazione<\/em>\u201d.<\/p>\n<p>&nbsp;<\/p>\n<p>&nbsp;<\/p>\n<hr \/>\n<p>&nbsp;<\/p>\n<blockquote class=\"wp-embedded-content\" data-secret=\"tzDV5MO2iZ\"><p><a href=\"https:\/\/www.radiopiu.net\/wordpress\/aggmar06\/\">CORONAVIRUS: AGGIORNAMENTO NAZIONALE 06 MARZO 2021<\/a><\/p><\/blockquote>\n<p><iframe loading=\"lazy\" class=\"wp-embedded-content\" sandbox=\"allow-scripts\" security=\"restricted\" style=\"position: absolute; clip: rect(1px, 1px, 1px, 1px);\" title=\"&#8220;CORONAVIRUS: AGGIORNAMENTO NAZIONALE 06 MARZO 2021&#8221; &#8212; Radio Pi\u00f9\" src=\"https:\/\/www.radiopiu.net\/wordpress\/aggmar06\/embed\/#?secret=tzDV5MO2iZ\" data-secret=\"tzDV5MO2iZ\" width=\"600\" height=\"338\" frameborder=\"0\" marginwidth=\"0\" marginheight=\"0\" scrolling=\"no\"><\/iframe><\/p>\n<p>&nbsp;<\/p>\n<hr \/>\n<p>&nbsp;<\/p>\n<blockquote class=\"wp-embedded-content\" data-secret=\"fySHtKQath\"><p><a href=\"https:\/\/www.radiopiu.net\/wordpress\/ricoveri-in-calo-1694-nuovi-positivi-in-veneto-nelle-ultime-24-ore-8-decessi-a-belluno-quasi-100-positivi-in-piu\/\">RICOVERI IN CALO, 1694 NUOVI POSITIVI IN VENETO NELLE ULTIME 24 ORE, 8 DECESSI. A BELLUNO QUASI 100 POSITIVI IN PIU&#8217;<\/a><\/p><\/blockquote>\n<p><iframe loading=\"lazy\" class=\"wp-embedded-content\" sandbox=\"allow-scripts\" security=\"restricted\" style=\"position: absolute; clip: rect(1px, 1px, 1px, 1px);\" title=\"&#8220;RICOVERI IN CALO, 1694 NUOVI POSITIVI IN VENETO NELLE ULTIME 24 ORE, 8 DECESSI. A BELLUNO QUASI 100 POSITIVI IN PIU&#8217;&#8221; &#8212; Radio Pi\u00f9\" src=\"https:\/\/www.radiopiu.net\/wordpress\/ricoveri-in-calo-1694-nuovi-positivi-in-veneto-nelle-ultime-24-ore-8-decessi-a-belluno-quasi-100-positivi-in-piu\/embed\/#?secret=fySHtKQath\" data-secret=\"fySHtKQath\" width=\"600\" height=\"338\" frameborder=\"0\" marginwidth=\"0\" marginheight=\"0\" scrolling=\"no\"><\/iframe><\/p>\n<p>&nbsp;<\/p>\n<hr \/>\n<p>&nbsp;<\/p>\n<blockquote>\n<h3>I GRAFICI DI TIZIANO DE COL<\/h3>\n<\/blockquote>\n\n\t\t\t<style type='text\/css'>\n\t\t\t\t#gallery-3 {\n\t\t\t\t\tmargin: auto;\n\t\t\t\t}\n\t\t\t\t#gallery-3 .gallery-item {\n\t\t\t\t\tfloat: left;\n\t\t\t\t\tmargin-top: 10px;\n\t\t\t\t\ttext-align: center;\n\t\t\t\t\twidth: 20%;\n\t\t\t\t}\n\t\t\t\t#gallery-3 img {\n\t\t\t\t\tborder: 2px solid #cfcfcf;\n\t\t\t\t}\n\t\t\t\t#gallery-3 .gallery-caption {\n\t\t\t\t\tmargin-left: 0;\n\t\t\t\t}\n\t\t\t\t\/* see gallery_shortcode() in wp-includes\/media.php *\/\n\t\t\t<\/style>\n\t\t<div id='gallery-3' class='dt-gallery-container gallery galleryid-195406 gallery-columns-5 gallery-size-medium'><dl class='gallery-item'>\n\t\t\t\t<dt class='gallery-icon landscape'>\n\t\t\t\t\t<a class=\"rollover rollover-zoom dt-pswp-item\" title=\"788d5d98-9906-4aeb-8f06-77a0bd0734d5\" data-dt-img-description=\"\" data-large_image_width=\"628\" data-large_image_height=\"352\"href='https:\/\/www.radiopiu.net\/wordpress\/wp-content\/uploads\/2021\/03\/788d5d98-9906-4aeb-8f06-77a0bd0734d5.jpg'><img loading=\"lazy\" decoding=\"async\" width=\"300\" height=\"168\" src=\"https:\/\/www.radiopiu.net\/wordpress\/wp-content\/uploads\/2021\/03\/788d5d98-9906-4aeb-8f06-77a0bd0734d5-300x168.jpg\" class=\"attachment-medium size-medium\" alt=\"\" srcset=\"https:\/\/www.radiopiu.net\/wordpress\/wp-content\/uploads\/2021\/03\/788d5d98-9906-4aeb-8f06-77a0bd0734d5-300x168.jpg 300w, https:\/\/www.radiopiu.net\/wordpress\/wp-content\/uploads\/2021\/03\/788d5d98-9906-4aeb-8f06-77a0bd0734d5.jpg 628w\" sizes=\"auto, (max-width: 300px) 100vw, 300px\" \/><\/a>\n\t\t\t\t<\/dt><\/dl><dl class='gallery-item'>\n\t\t\t\t<dt class='gallery-icon landscape'>\n\t\t\t\t\t<a class=\"rollover rollover-zoom dt-pswp-item\" title=\"788d5d98-9906-4aeb-8f06-77a0bd0734d5-1\" data-dt-img-description=\"\" data-large_image_width=\"628\" data-large_image_height=\"352\"href='https:\/\/www.radiopiu.net\/wordpress\/wp-content\/uploads\/2021\/03\/788d5d98-9906-4aeb-8f06-77a0bd0734d5-1.jpg'><img loading=\"lazy\" decoding=\"async\" width=\"300\" height=\"168\" src=\"https:\/\/www.radiopiu.net\/wordpress\/wp-content\/uploads\/2021\/03\/788d5d98-9906-4aeb-8f06-77a0bd0734d5-1-300x168.jpg\" class=\"attachment-medium size-medium\" alt=\"\" srcset=\"https:\/\/www.radiopiu.net\/wordpress\/wp-content\/uploads\/2021\/03\/788d5d98-9906-4aeb-8f06-77a0bd0734d5-1-300x168.jpg 300w, https:\/\/www.radiopiu.net\/wordpress\/wp-content\/uploads\/2021\/03\/788d5d98-9906-4aeb-8f06-77a0bd0734d5-1.jpg 628w\" sizes=\"auto, (max-width: 300px) 100vw, 300px\" \/><\/a>\n\t\t\t\t<\/dt><\/dl><dl class='gallery-item'>\n\t\t\t\t<dt class='gallery-icon landscape'>\n\t\t\t\t\t<a class=\"rollover rollover-zoom dt-pswp-item\" title=\"25473e52-821f-4a1c-a063-50b00d808e46-1\" data-dt-img-description=\"\" data-large_image_width=\"610\" data-large_image_height=\"354\"href='https:\/\/www.radiopiu.net\/wordpress\/wp-content\/uploads\/2021\/03\/25473e52-821f-4a1c-a063-50b00d808e46-1.jpg'><img loading=\"lazy\" decoding=\"async\" width=\"300\" height=\"174\" src=\"https:\/\/www.radiopiu.net\/wordpress\/wp-content\/uploads\/2021\/03\/25473e52-821f-4a1c-a063-50b00d808e46-1-300x174.jpg\" class=\"attachment-medium size-medium\" alt=\"\" srcset=\"https:\/\/www.radiopiu.net\/wordpress\/wp-content\/uploads\/2021\/03\/25473e52-821f-4a1c-a063-50b00d808e46-1-300x174.jpg 300w, https:\/\/www.radiopiu.net\/wordpress\/wp-content\/uploads\/2021\/03\/25473e52-821f-4a1c-a063-50b00d808e46-1.jpg 610w\" sizes=\"auto, (max-width: 300px) 100vw, 300px\" \/><\/a>\n\t\t\t\t<\/dt><\/dl><dl class='gallery-item'>\n\t\t\t\t<dt class='gallery-icon landscape'>\n\t\t\t\t\t<a class=\"rollover rollover-zoom dt-pswp-item\" title=\"bd3a66ae-269a-472b-848a-c10bd87718e9\" data-dt-img-description=\"\" data-large_image_width=\"610\" data-large_image_height=\"353\"href='https:\/\/www.radiopiu.net\/wordpress\/wp-content\/uploads\/2021\/03\/bd3a66ae-269a-472b-848a-c10bd87718e9.jpg'><img loading=\"lazy\" decoding=\"async\" width=\"300\" height=\"174\" src=\"https:\/\/www.radiopiu.net\/wordpress\/wp-content\/uploads\/2021\/03\/bd3a66ae-269a-472b-848a-c10bd87718e9-300x174.jpg\" class=\"attachment-medium size-medium\" alt=\"\" srcset=\"https:\/\/www.radiopiu.net\/wordpress\/wp-content\/uploads\/2021\/03\/bd3a66ae-269a-472b-848a-c10bd87718e9-300x174.jpg 300w, https:\/\/www.radiopiu.net\/wordpress\/wp-content\/uploads\/2021\/03\/bd3a66ae-269a-472b-848a-c10bd87718e9.jpg 610w\" sizes=\"auto, (max-width: 300px) 100vw, 300px\" \/><\/a>\n\t\t\t\t<\/dt><\/dl><dl class='gallery-item'>\n\t\t\t\t<dt class='gallery-icon landscape'>\n\t\t\t\t\t<a class=\"rollover rollover-zoom dt-pswp-item\" title=\"090303dd-b299-4e72-8d79-846c89ce3a7d\" data-dt-img-description=\"\" data-large_image_width=\"604\" data-large_image_height=\"353\"href='https:\/\/www.radiopiu.net\/wordpress\/wp-content\/uploads\/2021\/03\/090303dd-b299-4e72-8d79-846c89ce3a7d.jpg'><img loading=\"lazy\" decoding=\"async\" width=\"300\" height=\"175\" src=\"https:\/\/www.radiopiu.net\/wordpress\/wp-content\/uploads\/2021\/03\/090303dd-b299-4e72-8d79-846c89ce3a7d-300x175.jpg\" class=\"attachment-medium size-medium\" alt=\"\" srcset=\"https:\/\/www.radiopiu.net\/wordpress\/wp-content\/uploads\/2021\/03\/090303dd-b299-4e72-8d79-846c89ce3a7d-300x175.jpg 300w, https:\/\/www.radiopiu.net\/wordpress\/wp-content\/uploads\/2021\/03\/090303dd-b299-4e72-8d79-846c89ce3a7d.jpg 604w\" sizes=\"auto, (max-width: 300px) 100vw, 300px\" \/><\/a>\n\t\t\t\t<\/dt><\/dl><br style=\"clear: both\" \/>\n\t\t\t<\/div>\n\n<p>&nbsp;<\/p>\n<p>&nbsp;<\/p>\n<hr \/>\n<p>&nbsp;<\/p>\n<blockquote>\n<h3>IL PD VENETO CHIEDE DI COINVOLGERE I MEDICI DI FAMIGLIA PER FARE I VACCINI<\/h3>\n<\/blockquote>\n<p><strong><a href=\"https:\/\/www.radiopiu.net\/wordpress\/giornale-radiopiu-del-29-novembre-2018-direttore-mirko-mezzacasa\/pd\/\" rel=\"attachment wp-att-67744\"><img loading=\"lazy\" decoding=\"async\" class=\" wp-image-67744 alignleft\" src=\"https:\/\/www.radiopiu.net\/wordpress\/wp-content\/uploads\/2018\/11\/PD.png\" alt=\"\" width=\"173\" height=\"139\" \/><\/a>VENEZIA<\/strong> \u201c<em>Con migliaia di anziani impossibilitati a muoversi, molti con patologie gravi, \u00e8 necessario accelerare le operazioni per le vaccinazioni a domicilio ed \u00e8 incomprensibile la scelta della Regione di affidare il compito alle Usca, escludendo al momento i medici di base. Il Veneto \u00e8 gi\u00e0 in ritardo per somministrazioni rispetto alle dosi consegnate, l\u2019accordo deve essere firmato immediatamente<\/em>\u201d. Anna Maria Bigon, consigliera regionale del Partito Democratico e vicepresidente della commissione Sanit\u00e0 interviene sul caso del mancato incontro di gioved\u00ec sera tra Regione e Fiemmg che ha rimandato di fatto l\u2019intesa sulla somministrazione dei vaccini.<\/p>\n<p>&nbsp;<\/p>\n<p>&nbsp;<\/p>\n<hr \/>\n<p>&nbsp;<\/p>\n<blockquote>\n<h3>INSERIRE LA MONTAGNA NELLA RIFORMA DELLE ZONE ECONOMICHE SPECIALI ANNUNCIATA DALLA MINISTRA CARFAGNA. SCOPEL E BOND: \u201cPER IL BELLUNESE OCCASIONE DA NON PERDERE!\u201d<\/h3>\n<\/blockquote>\n<p><strong><a href=\"https:\/\/www.radiopiu.net\/wordpress\/inserire-la-montagna-nella-riforma-delle-zone-economiche-speciali-annunciata-dalla-ministra-carfagna-scopel-e-bond-per-il-bellunese-occasione-da-non-perdere\/scopel-bond\/\" rel=\"attachment wp-att-195464\"><img loading=\"lazy\" decoding=\"async\" class=\"size-medium wp-image-195464 alignleft\" src=\"https:\/\/www.radiopiu.net\/wordpress\/wp-content\/uploads\/2021\/03\/SCOPEL-BOND-300x300.jpg\" alt=\"\" width=\"300\" height=\"300\" srcset=\"https:\/\/www.radiopiu.net\/wordpress\/wp-content\/uploads\/2021\/03\/SCOPEL-BOND-300x300.jpg 300w, https:\/\/www.radiopiu.net\/wordpress\/wp-content\/uploads\/2021\/03\/SCOPEL-BOND-1024x1024.jpg 1024w, https:\/\/www.radiopiu.net\/wordpress\/wp-content\/uploads\/2021\/03\/SCOPEL-BOND-150x150.jpg 150w, https:\/\/www.radiopiu.net\/wordpress\/wp-content\/uploads\/2021\/03\/SCOPEL-BOND-768x768.jpg 768w, https:\/\/www.radiopiu.net\/wordpress\/wp-content\/uploads\/2021\/03\/SCOPEL-BOND-1536x1536.jpg 1536w, https:\/\/www.radiopiu.net\/wordpress\/wp-content\/uploads\/2021\/03\/SCOPEL-BOND.jpg 1600w\" sizes=\"auto, (max-width: 300px) 100vw, 300px\" \/><\/a>BELLUNO<\/strong> E\u2019 di queste ore l\u2019annuncio della Ministra per il Sud Mara Carfagna in merito all\u2019avvio di una riforma strutturale delle ZES, ovvero le Zone Economiche Speciali, istituite qualche anno fa con l\u2019obiettivo di favorire la crescita del Sud Italia e lo sviluppo economico e industriale. \u201c<em>E\u2019 una notizia che non ci deve lasciare per nulla indifferenti, ma anzi vedere il Bellunese quale primo attore nella richiesta di revisione dei parametri con cui sono state sinora individuate queste Zone Speciali\u201d, commenta il coordinatore provinciale di Forza Italia Dario Scopel, che incalza: \u201cI criteri sin qui adottati hanno di fatto localizzato queste aree per la stragrande maggioranza nelle regioni del Sud Italia. E\u2019 per\u00f2 giunto il momento di allargare lo sguardo e mettere in campo politiche per una vera perequazione economica che interessi tutte le zone svantaggiate del nostro Paese, a partire proprio dalla Montagna, da decenni autentica cenerentola dei programmi di sviluppo nazionali<\/em>\u201d. Le imprese operanti nel territorio di una Zona Economica Speciale, va ricordato, possono beneficiare di un importante pacchetto costituito da agevolazioni fiscali &#8211; sotto forma di credito di imposta -, incentivi economici e semplificazioni amministrative. \u201c<em>Faccio appello alla ministra Carfagna, anche in qualit\u00e0 di ministra per la Coesione Territoriale (!) affinch\u00e9 si adoperi per una revisione organica dei criteri di ammissione alle ZES che non penalizzino pi\u00f9 le aree decentrate come la montagna, nello specifico quella Bellunese che \u2013 come noto \u2013 non gode nemmeno dei benefici delle Regioni o delle Province a statuto speciale. Sarebbe auspicabile, a questo riguardo, un lavoro \u201ca quattro mani\u201d, con la collega del dicastero degli Affari Regionali Mariastella Gelmini: c\u2019\u00e8 davvero la possibilit\u00e0 di mettere fine all\u2019ennesimo esempio di sostegni a due velocit\u00e0 e creare uno strumento in grado di produrre autentica giustizia sociale ed economica!<\/em>\u201d, conclude Scopel. La proposta bellunese gode gi\u00e0 di una sponda parlamentare a Roma. \u201c<em>Si tratta di una battaglia di equit\u00e0 che appoggio in pieno e faccio mia\u201d, aggiunge il deputato azzurro Dario Bond, che aggiunge: \u201cSiamo di fronte ad una opportunit\u00e0 che non possiamo lasciarci sfuggire. Mi rivolgo anche agli altri parlamentari bellunesi, ma non solo, perch\u00e9 su questa partita si consolidi un fronte trasversale per portare in maniera forte la richiesta di revisione delle ZES in tutte le sedi opportune. Una volta licenziata la riforma non ci sar\u00e0 pi\u00f9 modo di intervenire: muoviamoci prima che sia troppo tardi!<\/em>\u201d, conclude Bond.<\/p>\n<p>&nbsp;<\/p>\n<p>&nbsp;<\/p>\n<hr \/>\n<p>&nbsp;<\/p>\n<blockquote>\n<h3 class=\"p1\"><span class=\"s1\">ZES, IL GOVERNO PRONTO ALLA RIFORMA: CONFARTIGIANATO SPINGE PER LA CREAZIONE DI UNA FISCALIT\u00c0 DI VANTAGGIO NEL BELLUNESE<\/span><\/h3>\n<\/blockquote>\n<p class=\"p1\"><span class=\"s1\"><strong><a href=\"https:\/\/www.radiopiu.net\/wordpress\/la-presidente-di-confartigianato-claudia-scarzanella-parla-delle-sfide-territoriali-per-lanno-che-verra\/claudia-scarzanella-confartigianato\/\" rel=\"attachment wp-att-182277\"><img loading=\"lazy\" decoding=\"async\" class=\"size-medium wp-image-182277 alignleft\" src=\"https:\/\/www.radiopiu.net\/wordpress\/wp-content\/uploads\/2020\/12\/CLAUDIA-SCARZANELLA-CONFARTIGIANATO-300x236.png\" alt=\"\" width=\"300\" height=\"236\" srcset=\"https:\/\/www.radiopiu.net\/wordpress\/wp-content\/uploads\/2020\/12\/CLAUDIA-SCARZANELLA-CONFARTIGIANATO-300x236.png 300w, https:\/\/www.radiopiu.net\/wordpress\/wp-content\/uploads\/2020\/12\/CLAUDIA-SCARZANELLA-CONFARTIGIANATO-1024x804.png 1024w, https:\/\/www.radiopiu.net\/wordpress\/wp-content\/uploads\/2020\/12\/CLAUDIA-SCARZANELLA-CONFARTIGIANATO-768x603.png 768w, https:\/\/www.radiopiu.net\/wordpress\/wp-content\/uploads\/2020\/12\/CLAUDIA-SCARZANELLA-CONFARTIGIANATO.png 1042w\" sizes=\"auto, (max-width: 300px) 100vw, 300px\" \/><\/a>BELLUNO <\/strong>Nei giorni scorsi la ministra per il Sud, Mara Carfagna, ha parlato di Zes. E ha annunciato che il Governo Draghi sta lavorando per una riforma organica delle Zone economiche speciali, che oggi rischiano di essere scatole vuole. La notizia \u00e8 rimbalzata subito nella sede di Confartigianato Belluno, che da anni spinge per la creazione di una Zes anche nella provincia dolomitica.\u00a0 <\/span><span class=\"s1\">\u00ab<em>Abbiamo lanciato la proposta diversi mesi fa e abbiamo raccolto l\u2019approvazione anche dalle altre associazioni di categoria &#8211; afferma la presidente di Confartigianato Belluno, Claudia Scarzanella -. A questo punto, di fronte a una riforma delle Zes, abbiamo l\u2019occasione per poter inserire anche la creazione della Zona economica speciale del Bellunese<\/em>\u00bb. <\/span><span class=\"s1\">Le Zes sono regioni geografiche dotate di una legislazione economica differente rispetto alla legislazione nazionale. Vengono solitamente create per attrarre maggiori investimenti e per dare la possibilit\u00e0 alle imprese di agire con spazi di manovra pi\u00f9 ampi. Al momento la maggior parte di Zes si trova concentrata al Sud, create ad hoc per rilanciare l\u2019economia di aree depresse o marginali. <\/span><span class=\"s1\">\u00ab<em>Marginalit\u00e0 e periferia sono mali di cui soffre anche il Bellunese, e non certo da oggi &#8211; commenta il direttore di Confartigianato Belluno, Michele Basso -. La nostra proposta parte da lontano, dai dati della Cgia di Mestre sui problemi della provincia, che paga la crisi demografica prima ancora che quella infrastrutturale. In questo quadro, si inserisce il Covid che sicuramente porter\u00e0 effetti ancora per diverso tempo. Pensare quindi a una fiscalit\u00e0 di vantaggio e a condizioni particolari per il mondo delle imprese diventa fondamentale. Non solo per Belluno, ma per il Veneto, perch\u00e9 la Zes bellunese potrebbe essere collegata allo sviluppo delle aree logistiche della pianura<\/em>\u00bb. <\/span><span class=\"s1\">\u00ab<em>Rivolgo un appello ai parlamentari bellunesi e ai ministri veneti: troviamo la convergenza pi\u00f9 ampia possibile su questo tema &#8211; conclude la presidente Scarzanella -. Ne va del futuro della montagna<\/em>\u00bb.<\/span><\/p>\n<p>&nbsp;<\/p>\n<p>&nbsp;<\/p>\n<hr \/>\n<p>&nbsp;<\/p>\n<blockquote>\n<h3>ECONOMIA CIRCOLARE: OCCHIALI DA MATERIALE \u201cRIGENERATO\u201d, L\u2019ULTIMA FRONTIERA DELLA RICERCA E DELLO SVILUPPO IN UN PROGETTO DI CONFINDUSTRIA BELLUNO DOLOMITI E CONSORZIO CIPA<\/h3>\n<\/blockquote>\n<p><strong><a href=\"https:\/\/www.radiopiu.net\/wordpress\/giornale-radio-31-10-da-33-anni-per-lagordino-direttore-mirko-mezzacasa\/confindustria_bl\/\" rel=\"attachment wp-att-12471\"><img loading=\"lazy\" decoding=\"async\" class=\"size-medium wp-image-12471 alignleft\" src=\"https:\/\/www.radiopiu.net\/wordpress\/wp-content\/uploads\/2015\/10\/Confindustria_BL-300x80.gif\" alt=\"\" width=\"300\" height=\"80\" \/><\/a>BELLUNO <\/strong>Ridurre gli scarti di produzione dell\u2019occhiale, rigenerandoli e promuovendone il riutilizzo per innovare i prodotti: \u00e8 questo l\u2019obiettivo \u201cgreen\u201d del maxi-progetto di Ricerca e Sviluppo avviato da Confindustria Belluno Dolomiti e Distretto dell\u2019Occhiale con il supporto operativo del Consorzio Cipa e che vede schierate gi\u00e0 numerose aziende \u2013 grandi e pmi \u2013 del comparto dell\u2019eyewear. \u201c<em>Sostenibilit\u00e0 ed economia circolare non sono parole vuote ma fattori di competitivit\u00e0 che la pandemia ha accelerato\u201d, afferma Lorraine Berton, presidente dell\u2019Associazione degli industriali bellunesi. \u201cLa chiave di sviluppo del nostro territorio sta nel promuovere una manifattura di eccellenza, innovativa e compatibile con la bellezza che ci circonda, le Dolomiti patrimonio dell\u2019Unesco. Si tratta di una sfida epocale, che le nostre imprese gi\u00e0 stanno portando avanti con buone pratiche e massima attenzione all\u2019ambiente, ma alla quale vogliamo dare nuova linfa, con un progetto innovativo di livello internazionale<\/em>\u201d. L\u2019iniziativa, nel dettaglio, prevede di recuperare lo sfrido di acetato di cellulosa derivante dalla produzione di occhiali &#8211; solitamente destinato allo smaltimento &#8211; rigenerandolo mediante processi sofisticati per tornare ad essere nuovamente lastra da utilizzare nella produzione di montature, grazie ad un\u2019innovativa collaborazione con aziende trasformatrici leader mondiali come, per esempio, la Eastman Chemical Company. \u201c<em>In questo modo \u2013 prosegue Berton &#8211; si potranno immettere nel mercato linee di prodotti realizzati utilizzando materie prime da prodotti rigenerati, con la previsione di poter apporre sulle montature prodotte, uno specifico bollino verde oltre al fatto che la stessa produzione si svolge all\u2019interno dell\u2019area riconosciuta del Distretto dell\u2019Occhiale e, quindi, nel territorio dolomitico\u201d. Di \u201cassoluta innovazione anche a livello internazionale<\/em>\u201d parla Renato Sopracolle, rappresentante del Distretto dell\u2019Occhiale, convinto che le aziende bellunesi potranno fare, ancora una volta, la differenza. Braccio operativo \u00e8 il Cipa, il Consorzio Protezione Ambiente della provincia di Belluno, che potrebbe trasferire i risultati di questo progetto anche ad altri comparti strategici per il territorio come spiega lo stesso presidente Arone Roni: \u201cLa nostra esperienza \u00e8 una delle prime a livello nazionale e pu\u00f2 diventare riferimento per gli altri distretti veneti. Da mesi stiamo sviluppando l\u2019iniziativa ed ora siamo pronti a collaborare con enti e Istituzioni, come Regione del Veneto, Provincia di Belluno e Arpav per la sua attuazione pratica\u201d. Al progetto partecipano molti dei principali produttori di montature per occhiali del Distretto bellunese. \u201c<em>Si tratta di un progetto aperto alle aziende e al territorio nella sua interezza\u201d, sottolinea ancora Berton. \u201cL\u2019economia circolare avr\u00e0 un peso sempre maggiore nella manifattura del futuro e sulla sostenibilit\u00e0 dei nostri luoghi. Industria e ambiente devono andare sempre pi\u00f9 di pari passo, soprattutto nelle nostre Dolomiti e in vista delle Olimpiadi del 2026, Olimpiadi che della sostenibilit\u00e0 faranno la loro assoluta bandiera<\/em>\u201d.<\/p>\n<p>&nbsp;<\/p>\n<p>&nbsp;<\/p>\n<hr \/>\n<p>&nbsp;<\/p>\n<blockquote>\n<h3>IL TEATRO COMUNALE DI BELLUNO ILLUMINATO DI ROSA PER FARE LUCE SULLE IMPRESE FEMMINILI<\/h3>\n<\/blockquote>\n<p><strong> <a href=\"https:\/\/www.radiopiu.net\/wordpress\/giornale-radiopiu-07-marzo-2021-direttore-mirko-mezzacasa\/teatro-comunale-belluno-2\/\" rel=\"attachment wp-att-195499\"><img loading=\"lazy\" decoding=\"async\" class=\"size-medium wp-image-195499 alignleft\" src=\"https:\/\/www.radiopiu.net\/wordpress\/wp-content\/uploads\/2021\/03\/TEATRO-COMUNALE-BELLUNO-300x237.jpg\" alt=\"\" width=\"300\" height=\"237\" srcset=\"https:\/\/www.radiopiu.net\/wordpress\/wp-content\/uploads\/2021\/03\/TEATRO-COMUNALE-BELLUNO-300x237.jpg 300w, https:\/\/www.radiopiu.net\/wordpress\/wp-content\/uploads\/2021\/03\/TEATRO-COMUNALE-BELLUNO.jpg 550w\" sizes=\"auto, (max-width: 300px) 100vw, 300px\" \/><\/a>BELLUNO <\/strong>Formazione, sviluppo, valorizzazione, promozione, partecipazione, opportunit\u00e0, crescita, valori, tutela, parit\u00e0. Sono le dieci parole chiave scelte da Donne Impresa Belluno &#8211; il movimento femminile di Confartigianato &#8211; per celebrare l\u20198 marzo. Parole che luned\u00ec prossimo, in occasione della Festa della Donna, saranno appese fisicamente in piazza, su cartelloni e manifesti alle bacheche, per accendere l\u2019attenzione sulle imprese femminili, sulle difficolt\u00e0 ma soprattutto sulle opportunit\u00e0 delle donne imprenditrici e delle donne attive nel lavoro in generale. \u00ab<em>Luned\u00ec sera, alle 18.30, illumineremo di rosa la facciata del Teatro Comunale. E appenderemo le nostre parole chiave alle bacheche del monumento cittadino &#8211; spiega Martina Gennari, presidente del movimento Donne Impresa Belluno -. \u00c8 importante accendere la luce sulle attivit\u00e0 artigianali guidate da donne e imprenditrici, che sono molte in provincia di Belluno. Del resto, impresa \u00e8 nome al femminile, e le donne del mondo delle imprese costituiscono un valore aggiunto. Le difficolt\u00e0 non mancano: spaziano dalla conciliazione dei tempi di vita e dei tempi di lavoro alla differenza di trattamento economico tra uomini e donne, come abbiamo rilevato in una recente indagine somministrata alle imprenditrici bellunesi. Ma le qualit\u00e0 che sanno esprimere le donne nel lavoro, specialmente nell\u2019artigianato, sono valori unici<\/em>\u00bb. Il teatro rester\u00e0 illuminato di rosa tutte le sere di marzo, non solo luned\u00ec 8. \u00ab<em>Perch\u00e9 la Festa della Donna \u00e8 un simbolo, ma l\u2019impegno dell\u2019associazione \u00e8 attivo 365 giorni l\u2019anno &#8211; commenta la presidente di Confartigianato Belluno, Claudia Scarzanella -. Il lavoro \u00e8 sicurezza, libert\u00e0, crescita, affermazione personale e professionale. Valori che la Confartigianato sostiene con un\u2019attenzione particolare a tutte le categorie del mondo del lavoro. Oggi l\u2019attualit\u00e0 \u00e8 focalizzata soprattutto nell\u2019assicurare la resistenza a questo difficile momento e l\u2019aggancio della ripresa, che attendiamo con fiducia. L\u2019artigianato ha sofferto e continua a soffrire, specialmente in alcune categorie. E la mission dell\u2019associazione \u00e8 proprio quella di aiutarlo, assicurando crescita, sviluppo e formazione. Temi in cui le donne imprenditrici hanno un ruolo importante<\/em>\u00bb.<\/p>\n<p>&nbsp;<\/p>\n<p>&nbsp;<\/p>\n<hr \/>\n<p>&nbsp;<\/p>\n<blockquote>\n<h3>ASCA ALLA RICERCA DI UN ISTRUTTORE AMMINISTRATIVO ADDETTO AL PERSONALE E INFERMIERI<\/h3>\n<\/blockquote>\n<p><strong><a href=\"https:\/\/www.radiopiu.net\/wordpress\/asca-ricerca-personale-infermieristico\/asca-4\/\" rel=\"attachment wp-att-128881\"><img loading=\"lazy\" decoding=\"async\" class=\" wp-image-128881 alignleft\" src=\"https:\/\/www.radiopiu.net\/wordpress\/wp-content\/uploads\/2020\/04\/ASCA-300x165.png\" alt=\"\" width=\"224\" height=\"123\" srcset=\"https:\/\/www.radiopiu.net\/wordpress\/wp-content\/uploads\/2020\/04\/ASCA-300x165.png 300w, https:\/\/www.radiopiu.net\/wordpress\/wp-content\/uploads\/2020\/04\/ASCA-1024x565.png 1024w, https:\/\/www.radiopiu.net\/wordpress\/wp-content\/uploads\/2020\/04\/ASCA-768x424.png 768w, https:\/\/www.radiopiu.net\/wordpress\/wp-content\/uploads\/2020\/04\/ASCA.png 1211w\" sizes=\"auto, (max-width: 224px) 100vw, 224px\" \/><\/a><\/strong><\/p>\n<p>&nbsp;<\/p>\n<p><strong>di GIANNI SANTOMASO<\/strong><\/p>\n<audio class=\"wp-audio-shortcode\" id=\"audio-195406-11\" preload=\"none\" style=\"width: 100%;\" controls=\"controls\"><source type=\"audio\/mpeg\" src=\"https:\/\/www.radiopiu.net\/wordpress\/wp-content\/uploads\/2021\/03\/GIANNI-RSA.mp3?_=11\" \/><a href=\"https:\/\/www.radiopiu.net\/wordpress\/wp-content\/uploads\/2021\/03\/GIANNI-RSA.mp3\">https:\/\/www.radiopiu.net\/wordpress\/wp-content\/uploads\/2021\/03\/GIANNI-RSA.mp3<\/a><\/audio>\n<p>&nbsp;<\/p>\n<hr \/>\n<p>&nbsp;<\/p>\n<blockquote>\n<h3>LE PROPOSTE PER LA MODIFICA DEL PIANO DEGLI INTERVENTI<\/h3>\n<\/blockquote>\n<p><strong><a href=\"https:\/\/www.radiopiu.net\/wordpress\/consiglio-comunale-di-falcade-registrazione-integrale-durata-1h33m\/falcade-3-2\/\" rel=\"attachment wp-att-163179\"><img loading=\"lazy\" decoding=\"async\" class=\"wp-image-163179 alignleft\" src=\"https:\/\/www.radiopiu.net\/wordpress\/wp-content\/uploads\/2020\/09\/FALCADE-3-300x225.jpg\" alt=\"\" width=\"133\" height=\"100\" srcset=\"https:\/\/www.radiopiu.net\/wordpress\/wp-content\/uploads\/2020\/09\/FALCADE-3-300x225.jpg 300w, https:\/\/www.radiopiu.net\/wordpress\/wp-content\/uploads\/2020\/09\/FALCADE-3-768x576.jpg 768w, https:\/\/www.radiopiu.net\/wordpress\/wp-content\/uploads\/2020\/09\/FALCADE-3-640x480.jpg 640w, https:\/\/www.radiopiu.net\/wordpress\/wp-content\/uploads\/2020\/09\/FALCADE-3.jpg 960w\" sizes=\"auto, (max-width: 133px) 100vw, 133px\" \/><\/a>FALCADE<\/strong>\u00a0 <em>&#8220;Il Comune di Falcade comunica che \u00e8 stato pubblicato un importante <u>AVVISO\u00a0per la\u00a0presentazione delle proposte per la modifica del Piano degli Interventi<\/u>, a firma del Sindaco Michele Costa,\u00a0 l<\/em><em>&#8216;avviso \u00e8 pubblicato e scaricabile dal sito internet del Comune di Falcade. <\/em><em>Le proposte dovranno pervenire entro e non oltre il 18 marzo 2021&#8243;<\/em><\/p>\n<p>&nbsp;<\/p>\n<p>&nbsp;<\/p>\n<p>&nbsp;<\/p>\n<hr \/>\n<p>&nbsp;<\/p>\n<blockquote>\n<h3>DOPPIO APPUNTAMENTO CON LE LETTURE IN STREAMING &#8220;SOTTOCOPERTA&#8221;<\/h3>\n<\/blockquote>\n<p><strong>LIMANA<\/strong> Continuano gli appuntamenti della biblioteca di Limana con &#8220;SottoCoperta&#8221;, la serie di appuntamenti in streaming con le letture online. Domenica alle 18 &#8220;Strapazzami Una Storia&#8221;, con Margherita Piccin e Michele Guidi di Progetto Teatro X Tutti. Lettura, narrazione e musica. Storie conosciute, famose, nascoste, storie storte e storie fosche, storie ascoltate narrate in una piazza o in una via, dite la vostra che io ho gi\u00e0 detto la mia. Tra un salto in un mondo senza tempo e un altro, vi frulleremo in un vortice di fiabe di suoni e di voci per bambini dai 4 anni in su. Luned\u00ec alle 21 &#8220;Il Corpo Che Parla&#8221;, con la Compagnia La luna al guinzaglio di Trieste. Una lettura spettacolo, nonostante tutto, che difende l&#8217;amore. Quello vero. Per la vita. Quell&#8217;amore che non si deve mai associare alla parola &#8220;troppo&#8221;, perch\u00e8 il &#8220;troppo amore&#8221; non \u00e8 gi\u00e0 pi\u00f9 amore, ma una distorsione. Uno spettacolo poetico, delicato e forte allo stesso tempo, perch\u00e8 contrappone in ogni sua piega, fra ricordi e sogni infranti, la pienezza di una giovane vita, che ormai non \u00e8 pi\u00f9 vita. Per seguire le dirette streaming prenotate il vostro link alla mail: <a class=\"moz-txt-link-abbreviated\" title=\"mailto:sbogo.limana@valbelluna.bl.it\" href=\"mailto:sbogo.limana@valbelluna.bl.it\">sbogo.limana@valbelluna.bl.it<\/a> entro le ore 12.00 di sabato 6 marzo indicando nome, cognome e recapito telefonico.<\/p>\n\n\t\t\t<style type='text\/css'>\n\t\t\t\t#gallery-4 {\n\t\t\t\t\tmargin: auto;\n\t\t\t\t}\n\t\t\t\t#gallery-4 .gallery-item {\n\t\t\t\t\tfloat: left;\n\t\t\t\t\tmargin-top: 10px;\n\t\t\t\t\ttext-align: center;\n\t\t\t\t\twidth: 50%;\n\t\t\t\t}\n\t\t\t\t#gallery-4 img {\n\t\t\t\t\tborder: 2px solid #cfcfcf;\n\t\t\t\t}\n\t\t\t\t#gallery-4 .gallery-caption {\n\t\t\t\t\tmargin-left: 0;\n\t\t\t\t}\n\t\t\t\t\/* see gallery_shortcode() in wp-includes\/media.php *\/\n\t\t\t<\/style>\n\t\t<div id='gallery-4' class='dt-gallery-container gallery galleryid-195406 gallery-columns-2 gallery-size-medium'><dl class='gallery-item'>\n\t\t\t\t<dt class='gallery-icon landscape'>\n\t\t\t\t\t<a class=\"rollover rollover-zoom dt-pswp-item\" title=\"Letture domenica 7 marzo\" data-dt-img-description=\"\" data-large_image_width=\"772\" data-large_image_height=\"403\"href='https:\/\/www.radiopiu.net\/wordpress\/wp-content\/uploads\/2021\/03\/Letture-domenica-7-marzo.png'><img loading=\"lazy\" decoding=\"async\" width=\"300\" height=\"157\" src=\"https:\/\/www.radiopiu.net\/wordpress\/wp-content\/uploads\/2021\/03\/Letture-domenica-7-marzo-300x157.png\" class=\"attachment-medium size-medium\" alt=\"\" srcset=\"https:\/\/www.radiopiu.net\/wordpress\/wp-content\/uploads\/2021\/03\/Letture-domenica-7-marzo-300x157.png 300w, https:\/\/www.radiopiu.net\/wordpress\/wp-content\/uploads\/2021\/03\/Letture-domenica-7-marzo-768x401.png 768w, https:\/\/www.radiopiu.net\/wordpress\/wp-content\/uploads\/2021\/03\/Letture-domenica-7-marzo.png 772w\" sizes=\"auto, (max-width: 300px) 100vw, 300px\" \/><\/a>\n\t\t\t\t<\/dt><\/dl><dl class='gallery-item'>\n\t\t\t\t<dt class='gallery-icon landscape'>\n\t\t\t\t\t<a class=\"rollover rollover-zoom dt-pswp-item\" title=\"Spettacolo per 8 marzo\" data-dt-img-description=\"\" data-large_image_width=\"772\" data-large_image_height=\"403\"href='https:\/\/www.radiopiu.net\/wordpress\/wp-content\/uploads\/2021\/03\/Spettacolo-per-8-marzo.jpg'><img loading=\"lazy\" decoding=\"async\" width=\"300\" height=\"157\" src=\"https:\/\/www.radiopiu.net\/wordpress\/wp-content\/uploads\/2021\/03\/Spettacolo-per-8-marzo-300x157.jpg\" class=\"attachment-medium size-medium\" alt=\"\" srcset=\"https:\/\/www.radiopiu.net\/wordpress\/wp-content\/uploads\/2021\/03\/Spettacolo-per-8-marzo-300x157.jpg 300w, https:\/\/www.radiopiu.net\/wordpress\/wp-content\/uploads\/2021\/03\/Spettacolo-per-8-marzo-768x401.jpg 768w, https:\/\/www.radiopiu.net\/wordpress\/wp-content\/uploads\/2021\/03\/Spettacolo-per-8-marzo.jpg 772w\" sizes=\"auto, (max-width: 300px) 100vw, 300px\" \/><\/a>\n\t\t\t\t<\/dt><\/dl><br style=\"clear: both\" \/>\n\t\t\t<\/div>\n\n<p>&nbsp;<\/p>\n<p>&nbsp;<\/p>\n<hr \/>\n<p>&nbsp;<\/p>\n<blockquote>\n<h3 align=\"CENTER\"><span style=\"font-family: Times New Roman, serif;\"><span style=\"font-size: medium;\"><b>FONDO AMBIENTE ITALIANO &#8211; DELEGAZIONE DI BELLUNO<\/b><\/span><\/span><\/h3>\n<h3 align=\"CENTER\"><span style=\"font-family: Times New Roman, serif;\"><span style=\"font-size: medium;\"><b>Ciclo di visite virtuali sul tema<\/b><\/span><\/span><i style=\"font-size: medium; font-family: 'Times New Roman', serif;\"><b>La Piave: storie di uomini, acqua e legno<\/b><\/i><\/h3>\n<\/blockquote>\n<p align=\"JUSTIFY\"><span style=\"font-family: Times New Roman, serif;\"><span style=\"font-size: medium;\"><strong>BELLUNO<\/strong> Dopo il successo dell&#8217;incontro online con Erminio Mazzucco e del \u201cGiro in Villa\u201d\u00a0 la delegazione bellunese del Fondo Ambiente Italiano ha deciso di proporre un grande evento organizzato attraverso visite virtuali a luoghi e musei legati al tema della fluitazione delle zattere ed ai beni che su queste venivano caricati e trasportati a Venezia: <\/span><\/span><span style=\"font-family: Times New Roman, serif;\"><span style=\"font-size: medium;\"><i>La Piave: storie di uomini, acqua e legno<\/i><\/span><\/span><span style=\"font-family: Times New Roman, serif;\"><span style=\"font-size: medium;\">. <\/span><\/span><span style=\"font-family: Times New Roman, serif;\"><span style=\"font-size: medium;\">Gli incontri si svolgeranno il marted\u00ec, con cadenza bisettimanale. Il percorso inizier\u00e0 da Perarolo di Cadore, con una visita virtuale del Museo del Cidolo e del legname, il prossimo Marted\u00ec 9 marzo alle 18.30. <\/span><\/span><span style=\"font-family: Times New Roman, serif;\"><span style=\"font-size: medium;\">La visita sar\u00e0 condotta da Annamaria Canepa, operatrice culturale originaria proprio di Perarolo, appassionata ed esperta conoscitrice di questo paese dal passato ricco e operoso.\u00a0<\/span><\/span><span style=\"font-family: Times New Roman, serif;\"><span style=\"font-size: medium;\">L&#8217;incontro \u00e8 aperto a tutti ma \u00e8 necessario prenotarsi obbligatoriamente sul sito\u00a0<a href=\"https:\/\/faiprenotazioni.fondoambiente.it\/\">https:\/\/faiprenotazioni.fondoambiente.it\/<\/a> <\/span><\/span><\/p>\n<p>&nbsp;<\/p>\n<p>&nbsp;<\/p>\n<hr \/>\n<p>&nbsp;<\/p>\n<blockquote>\n<h3>NUOVI ORARI CALL CENTER COVID DAL 1\u00b0 FEBBRAIO 2021<\/h3>\n<\/blockquote>\n<p><strong><a href=\"https:\/\/www.radiopiu.net\/wordpress\/giornale-radiopiu-26-gennaio-2021-direttore-mirko-mezzacasa\/numero-covid_febbraio-2021\/\" rel=\"attachment wp-att-186852\"><img loading=\"lazy\" decoding=\"async\" class=\"wp-image-186852 alignleft\" src=\"https:\/\/www.radiopiu.net\/wordpress\/wp-content\/uploads\/2021\/01\/numero-covid_febbraio-2021-300x212.jpg\" alt=\"\" width=\"202\" height=\"143\" srcset=\"https:\/\/www.radiopiu.net\/wordpress\/wp-content\/uploads\/2021\/01\/numero-covid_febbraio-2021-300x212.jpg 300w, https:\/\/www.radiopiu.net\/wordpress\/wp-content\/uploads\/2021\/01\/numero-covid_febbraio-2021-1024x724.jpg 1024w, https:\/\/www.radiopiu.net\/wordpress\/wp-content\/uploads\/2021\/01\/numero-covid_febbraio-2021-768x543.jpg 768w, https:\/\/www.radiopiu.net\/wordpress\/wp-content\/uploads\/2021\/01\/numero-covid_febbraio-2021-1536x1086.jpg 1536w, https:\/\/www.radiopiu.net\/wordpress\/wp-content\/uploads\/2021\/01\/numero-covid_febbraio-2021.jpg 2000w\" sizes=\"auto, (max-width: 202px) 100vw, 202px\" \/><\/a> <\/strong><\/p>\n<p><strong>\u00a0<\/strong><\/p>\n<p><strong>BELLUNO <\/strong>L&#8217;importante rallentamento epidemico registrato nelle ultime settimane e la conseguente forte riduzione delle telefonate con richiesta di informazioni da parte dei cittadini, consentono di rimodulare giorni ed orari di attivit\u00e0 del CALL CENTER COVID Dal 1\u00b0 febbraio 2021 lo 0437\/514343 sar\u00e0 attivo dalle 8 alle 18 da luned\u00ec a sabato.<\/p>\n<p>&nbsp;<\/p>\n<p>&nbsp;<\/p>\n<p>&nbsp;<\/p>\n<hr \/>\n<p>&nbsp;<\/p>\n<blockquote>\n<h3>A MARZO PRO LOCO DI CANALE D&#8217;AGORDO CHIUSA<\/h3>\n<\/blockquote>\n<p><strong>CANALE D&#8217;AGORDO <\/strong>Durante il mese di marzo l&#8217;ufficio pro loco rimarr\u00e0 chiuso. Il Museo Albino Luciani apre solo SU RICHIESTA E PRENOTAZIONE allo 0437 1948001 (WhatsApp 377 9665237) oppure via mail a <a title=\"mailto:info@fondazionepapaluciani.com\" href=\"mailto:info@fondazionepapaluciani.com\">info@fondazionepapaluciani.com<\/a>.<\/p>\n<p>&nbsp;<\/p>\n<hr \/>\n<p>&nbsp;<\/p>\n<blockquote>\n<h3>QUANDO LE DOLOMITI ISPIRANO I FUMETTISTI<\/h3>\n<\/blockquote>\n<p><strong>di Claudio Pra<\/strong><\/p>\n<p><strong>RADIO PIU&#8217; <\/strong>Non capita di rado che le Dolomiti ispirino gli autori dei fumetti, che &#8220;trasportano&#8221; le montagne pi\u00f9 belle del mondo negli ambiti in cui sono ambientate le storie narrate. Un paio di esempi: in Zagor, storico fumetto western, la copertina del numero uno sembra proprio ritrarre le Torri del Vajolet, mentre all&#8217; interno del numero 575 l&#8217;altopiano raffigurato corrisponde perfettamente ai Lastoni di Form\u00ecn.<\/p>\n\n\t\t\t<style type='text\/css'>\n\t\t\t\t#gallery-5 {\n\t\t\t\t\tmargin: auto;\n\t\t\t\t}\n\t\t\t\t#gallery-5 .gallery-item {\n\t\t\t\t\tfloat: left;\n\t\t\t\t\tmargin-top: 10px;\n\t\t\t\t\ttext-align: center;\n\t\t\t\t\twidth: 50%;\n\t\t\t\t}\n\t\t\t\t#gallery-5 img {\n\t\t\t\t\tborder: 2px solid #cfcfcf;\n\t\t\t\t}\n\t\t\t\t#gallery-5 .gallery-caption {\n\t\t\t\t\tmargin-left: 0;\n\t\t\t\t}\n\t\t\t\t\/* see gallery_shortcode() in wp-includes\/media.php *\/\n\t\t\t<\/style>\n\t\t<div id='gallery-5' class='dt-gallery-container gallery galleryid-195406 gallery-columns-2 gallery-size-medium'><dl class='gallery-item'>\n\t\t\t\t<dt class='gallery-icon portrait'>\n\t\t\t\t\t<a class=\"rollover rollover-zoom dt-pswp-item\" title=\"f3088159-f50c-48cb-8520-a7e281ec959f\" data-dt-img-description=\"\" data-large_image_width=\"872\" data-large_image_height=\"1390\"href='https:\/\/www.radiopiu.net\/wordpress\/wp-content\/uploads\/2021\/03\/f3088159-f50c-48cb-8520-a7e281ec959f.jpg'><img loading=\"lazy\" decoding=\"async\" width=\"188\" height=\"300\" src=\"https:\/\/www.radiopiu.net\/wordpress\/wp-content\/uploads\/2021\/03\/f3088159-f50c-48cb-8520-a7e281ec959f-188x300.jpg\" class=\"attachment-medium size-medium\" alt=\"\" srcset=\"https:\/\/www.radiopiu.net\/wordpress\/wp-content\/uploads\/2021\/03\/f3088159-f50c-48cb-8520-a7e281ec959f-188x300.jpg 188w, https:\/\/www.radiopiu.net\/wordpress\/wp-content\/uploads\/2021\/03\/f3088159-f50c-48cb-8520-a7e281ec959f-642x1024.jpg 642w, https:\/\/www.radiopiu.net\/wordpress\/wp-content\/uploads\/2021\/03\/f3088159-f50c-48cb-8520-a7e281ec959f-768x1224.jpg 768w, https:\/\/www.radiopiu.net\/wordpress\/wp-content\/uploads\/2021\/03\/f3088159-f50c-48cb-8520-a7e281ec959f.jpg 872w\" sizes=\"auto, (max-width: 188px) 100vw, 188px\" \/><\/a>\n\t\t\t\t<\/dt><\/dl><dl class='gallery-item'>\n\t\t\t\t<dt class='gallery-icon landscape'>\n\t\t\t\t\t<a class=\"rollover rollover-zoom dt-pswp-item\" title=\"09550d0c-c94c-4466-9dfe-2159b5877773\" data-dt-img-description=\"\" data-large_image_width=\"1600\" data-large_image_height=\"765\"href='https:\/\/www.radiopiu.net\/wordpress\/wp-content\/uploads\/2021\/03\/09550d0c-c94c-4466-9dfe-2159b5877773.jpg'><img loading=\"lazy\" decoding=\"async\" width=\"300\" height=\"143\" src=\"https:\/\/www.radiopiu.net\/wordpress\/wp-content\/uploads\/2021\/03\/09550d0c-c94c-4466-9dfe-2159b5877773-300x143.jpg\" class=\"attachment-medium size-medium\" alt=\"\" srcset=\"https:\/\/www.radiopiu.net\/wordpress\/wp-content\/uploads\/2021\/03\/09550d0c-c94c-4466-9dfe-2159b5877773-300x143.jpg 300w, https:\/\/www.radiopiu.net\/wordpress\/wp-content\/uploads\/2021\/03\/09550d0c-c94c-4466-9dfe-2159b5877773-1024x490.jpg 1024w, https:\/\/www.radiopiu.net\/wordpress\/wp-content\/uploads\/2021\/03\/09550d0c-c94c-4466-9dfe-2159b5877773-768x367.jpg 768w, https:\/\/www.radiopiu.net\/wordpress\/wp-content\/uploads\/2021\/03\/09550d0c-c94c-4466-9dfe-2159b5877773-1536x734.jpg 1536w, https:\/\/www.radiopiu.net\/wordpress\/wp-content\/uploads\/2021\/03\/09550d0c-c94c-4466-9dfe-2159b5877773.jpg 1600w\" sizes=\"auto, (max-width: 300px) 100vw, 300px\" \/><\/a>\n\t\t\t\t<\/dt><\/dl><br style=\"clear: both\" \/>\n\t\t\t<\/div>\n\n<p>&nbsp;<\/p>\n<hr \/>\n<p>&nbsp;<\/p>\n<blockquote>\n<h3><a href=\"https:\/\/www.radiopiu.net\/wordpress\/almanacco-ladino-puntata-5-2020\/sn\/\" rel=\"attachment wp-att-180931\"><img loading=\"lazy\" decoding=\"async\" class=\"wp-image-180931 alignleft\" src=\"https:\/\/www.radiopiu.net\/wordpress\/wp-content\/uploads\/2020\/12\/sn-300x194.jpg\" alt=\"\" width=\"181\" height=\"117\" srcset=\"https:\/\/www.radiopiu.net\/wordpress\/wp-content\/uploads\/2020\/12\/sn-300x194.jpg 300w, https:\/\/www.radiopiu.net\/wordpress\/wp-content\/uploads\/2020\/12\/sn.jpg 626w\" sizes=\"auto, (max-width: 181px) 100vw, 181px\" \/><\/a>L&#8217;ALMANACCO LADINO CON L&#8217;ISTITUT CESA DE JAN QUINDICINALE APPUNTAMENTO. LA DOMENICA ALLE 9 IL LUNEDI ALLE 8.35 IL MARTEDI ALLE 12.35 IL MERCOLEDI ALLE 18.35. SECONDA STAGIONE.<\/h3>\n<\/blockquote>\n<p><strong>RACCOLTA COMPLETA\u00a0<\/strong><\/p>\n<blockquote class=\"wp-embedded-content\" data-secret=\"5idw8YSKwA\"><p><a href=\"https:\/\/www.radiopiu.net\/wordpress\/almanacco-ladino\/\">Almanacco Ladino<\/a><\/p><\/blockquote>\n<p><iframe loading=\"lazy\" class=\"wp-embedded-content\" sandbox=\"allow-scripts\" security=\"restricted\" style=\"position: absolute; clip: rect(1px, 1px, 1px, 1px);\" title=\"&#8220;Almanacco Ladino&#8221; &#8212; Radio Pi\u00f9\" src=\"https:\/\/www.radiopiu.net\/wordpress\/almanacco-ladino\/embed\/#?secret=5idw8YSKwA\" data-secret=\"5idw8YSKwA\" width=\"600\" height=\"338\" frameborder=\"0\" marginwidth=\"0\" marginheight=\"0\" scrolling=\"no\"><\/iframe><\/p>\n<hr \/>\n<p>&nbsp;<\/p>\n<blockquote>\n<h3>SALUTE E SOCIETA&#8217; IL LUNEDI ALLE 13.10 E ALLE 20.10, LA DOMENICA ALLE 10.30 A CURA DEL DOTTOR MARCO CARACCIOLO. QUINTA STAGIONE<\/h3>\n<\/blockquote>\n<p><strong>LA PUNTATA DELLA SETTIMANA<\/strong><\/p>\n<p>Con l\u2019adozione del protocollo di cura \u2018treat-to-target\u2019 si ha una probabilit\u00e0 superiore del 50% di raggiungere la remissione dell\u2019artrite reumatoide. Non solo: le persone sottoposte a questo regime raggiungono l\u2019obiettivo della remissione quasi 4 volte pi\u00f9 velocemente di quelli trattati con regimi di trattamento meno sistematici. Danilo Magliano ne ha parlato con Luca Quartuccio, Professore di reumatologia, Universit\u00e0 degli Studi di Udine<\/p>\n<audio class=\"wp-audio-shortcode\" id=\"audio-195406-12\" preload=\"none\" style=\"width: 100%;\" controls=\"controls\"><source type=\"audio\/mpeg\" src=\"https:\/\/www.radiopiu.net\/wordpress\/wp-content\/uploads\/2020\/10\/SALUTE-5.mp3?_=12\" \/><a href=\"https:\/\/www.radiopiu.net\/wordpress\/wp-content\/uploads\/2020\/10\/SALUTE-5.mp3\">https:\/\/www.radiopiu.net\/wordpress\/wp-content\/uploads\/2020\/10\/SALUTE-5.mp3<\/a><\/audio>\n<h3><strong>LA RACCOLTA COMPLETA\u00a0<\/strong><\/h3>\n<blockquote class=\"wp-embedded-content\" data-secret=\"b000X6b88u\"><p><a href=\"https:\/\/www.radiopiu.net\/wordpress\/saluteesocieta\/\">Salute e Societ\u00e0<\/a><\/p><\/blockquote>\n<p><iframe loading=\"lazy\" class=\"wp-embedded-content\" sandbox=\"allow-scripts\" security=\"restricted\" style=\"position: absolute; clip: rect(1px, 1px, 1px, 1px);\" title=\"&#8220;Salute e Societ\u00e0&#8221; &#8212; Radio Pi\u00f9\" src=\"https:\/\/www.radiopiu.net\/wordpress\/saluteesocieta\/embed\/#?secret=b000X6b88u\" data-secret=\"b000X6b88u\" width=\"600\" height=\"338\" frameborder=\"0\" marginwidth=\"0\" marginheight=\"0\" scrolling=\"no\"><\/iframe><\/p>\n<p>&nbsp;<\/p>\n<hr \/>\n<div>\n<h2><span style=\"color: #000080;\"><a class=\"dt-pswp-item\" href=\"https:\/\/www.radiopiu.net\/wordpress\/wp-content\/uploads\/2020\/10\/pp.jpg\" data-dt-img-description=\"\" data-large_image_width=\"640\" data-large_image_height=\"640\"><img loading=\"lazy\" decoding=\"async\" class=\"wp-image-163678 alignleft\" src=\"https:\/\/www.radiopiu.net\/wordpress\/wp-content\/uploads\/2020\/10\/pp-300x300.jpg\" alt=\"\" width=\"106\" height=\"106\" srcset=\"https:\/\/www.radiopiu.net\/wordpress\/wp-content\/uploads\/2020\/10\/pp-300x300.jpg 300w, https:\/\/www.radiopiu.net\/wordpress\/wp-content\/uploads\/2020\/10\/pp-150x150.jpg 150w, https:\/\/www.radiopiu.net\/wordpress\/wp-content\/uploads\/2020\/10\/pp-125x125.jpg 125w, https:\/\/www.radiopiu.net\/wordpress\/wp-content\/uploads\/2020\/10\/pp-200x200.jpg 200w, https:\/\/www.radiopiu.net\/wordpress\/wp-content\/uploads\/2020\/10\/pp-80x80.jpg 80w, https:\/\/www.radiopiu.net\/wordpress\/wp-content\/uploads\/2020\/10\/pp-480x480.jpg 480w, https:\/\/www.radiopiu.net\/wordpress\/wp-content\/uploads\/2020\/10\/pp.jpg 640w\" sizes=\"auto, (max-width: 106px) 100vw, 106px\" \/><\/a><\/span><\/h2>\n<h2><span style=\"color: #000080;\">DON CESARE, IL PENSIERO DEL GIORNO. ALLA RADIO ALLE 7 DEL MATTINO E ALLE 19.30 DELLA SERA.\u00a0\u00a0<\/span><\/h2>\n<\/div>\n<p>&nbsp;<\/p>\n<p>&nbsp;<\/p>\n<audio class=\"wp-audio-shortcode\" id=\"audio-195406-13\" preload=\"none\" style=\"width: 100%;\" controls=\"controls\"><source type=\"audio\/mpeg\" src=\"https:\/\/www.radiopiu.net\/wordpress\/wp-content\/uploads\/2021\/03\/CESARE-3.mp3?_=13\" \/><a href=\"https:\/\/www.radiopiu.net\/wordpress\/wp-content\/uploads\/2021\/03\/CESARE-3.mp3\">https:\/\/www.radiopiu.net\/wordpress\/wp-content\/uploads\/2021\/03\/CESARE-3.mp3<\/a><\/audio>\n<p>&nbsp;<\/p>\n<hr \/>\n<p>&nbsp;<\/p>\n<h2><a href=\"https:\/\/www.radiopiu.net\/wordpress\/laugurio-di-monsignor-giorgio-lise-agli-agordini\/don-giorgio-lise\/\" rel=\"attachment wp-att-177420\"><img loading=\"lazy\" decoding=\"async\" class=\"size-medium wp-image-177420 alignleft\" src=\"https:\/\/www.radiopiu.net\/wordpress\/wp-content\/uploads\/2020\/12\/DON-GIORGIO-LISE-300x169.jpg\" alt=\"\" width=\"300\" height=\"169\" srcset=\"https:\/\/www.radiopiu.net\/wordpress\/wp-content\/uploads\/2020\/12\/DON-GIORGIO-LISE-300x169.jpg 300w, https:\/\/www.radiopiu.net\/wordpress\/wp-content\/uploads\/2020\/12\/DON-GIORGIO-LISE-1024x577.jpg 1024w, https:\/\/www.radiopiu.net\/wordpress\/wp-content\/uploads\/2020\/12\/DON-GIORGIO-LISE-768x432.jpg 768w, https:\/\/www.radiopiu.net\/wordpress\/wp-content\/uploads\/2020\/12\/DON-GIORGIO-LISE-1536x865.jpg 1536w, https:\/\/www.radiopiu.net\/wordpress\/wp-content\/uploads\/2020\/12\/DON-GIORGIO-LISE.jpg 1600w\" sizes=\"auto, (max-width: 300px) 100vw, 300px\" \/><\/a><span style=\"color: #808000;\">DUE MINUTI PER TE&#8230;CON GIORGIO LISE<\/span><\/h2>\n<audio class=\"wp-audio-shortcode\" id=\"audio-195406-14\" preload=\"none\" style=\"width: 100%;\" controls=\"controls\"><source type=\"audio\/mpeg\" src=\"https:\/\/www.radiopiu.net\/wordpress\/wp-content\/uploads\/2021\/03\/DON-GIORGIO.mp3?_=14\" \/><a href=\"https:\/\/www.radiopiu.net\/wordpress\/wp-content\/uploads\/2021\/03\/DON-GIORGIO.mp3\">https:\/\/www.radiopiu.net\/wordpress\/wp-content\/uploads\/2021\/03\/DON-GIORGIO.mp3<\/a><\/audio>\n<p>&nbsp;<\/p>\n<hr \/>\n<p>&nbsp;<\/p>\n<blockquote class=\"wp-embedded-content\" data-secret=\"DMKjbyP4MD\"><p><a href=\"https:\/\/www.radiopiu.net\/wordpress\/agora-agordina-la-nosta-piaza\/\">AGORA&#8217; AGORDINA&#8230; LA NOSTA PIAZA LADINA.  pagina in aggiornamento continuo<\/a><\/p><\/blockquote>\n<p><iframe loading=\"lazy\" class=\"wp-embedded-content\" sandbox=\"allow-scripts\" security=\"restricted\" style=\"position: absolute; clip: rect(1px, 1px, 1px, 1px);\" title=\"&#8220;AGORA&#8217; AGORDINA&#8230; LA NOSTA PIAZA LADINA.  pagina in aggiornamento continuo&#8221; &#8212; Radio Pi\u00f9\" src=\"https:\/\/www.radiopiu.net\/wordpress\/agora-agordina-la-nosta-piaza\/embed\/#?secret=DMKjbyP4MD\" data-secret=\"DMKjbyP4MD\" width=\"600\" height=\"338\" frameborder=\"0\" marginwidth=\"0\" marginheight=\"0\" scrolling=\"no\"><\/iframe><\/p>\n<p>&nbsp;<\/p>\n<hr \/>\n<p>&nbsp;<\/p>\n<p>&nbsp;<\/p>\n<blockquote>\n<h3><a href=\"https:\/\/www.radiopiu.net\/wordpress\/giornale-radiopiu-06-febbraio-2019-direttore-mirko-mezzacasa\/logo_spi-cgil-800x445\/\" rel=\"attachment wp-att-75538\"><img loading=\"lazy\" decoding=\"async\" class=\"wp-image-75538 alignleft\" src=\"https:\/\/www.radiopiu.net\/wordpress\/wp-content\/uploads\/2019\/02\/Logo_Spi-CGIL-800x445-300x167.jpg\" alt=\"\" width=\"210\" height=\"117\" srcset=\"https:\/\/www.radiopiu.net\/wordpress\/wp-content\/uploads\/2019\/02\/Logo_Spi-CGIL-800x445-300x167.jpg 300w, https:\/\/www.radiopiu.net\/wordpress\/wp-content\/uploads\/2019\/02\/Logo_Spi-CGIL-800x445-768x427.jpg 768w, https:\/\/www.radiopiu.net\/wordpress\/wp-content\/uploads\/2019\/02\/Logo_Spi-CGIL-800x445.jpg 800w\" sizes=\"auto, (max-width: 210px) 100vw, 210px\" \/><\/a>ALLA RADIO, APPUNTAMENTO QUINDICINALE CON SPI-CGIL BELLUNO, IN STUDIO MARIA RITA GENTILIN<\/h3>\n<\/blockquote>\n<p><strong>di Claudio Fontanive\u00a0<\/strong><\/p>\n<p>&nbsp;<\/p>\n<p><span style=\"color: #ff0000;\"><strong>PUNTATA DEL 04 MARZO 2021<\/strong><\/span><\/p>\n<audio class=\"wp-audio-shortcode\" id=\"audio-195406-15\" preload=\"none\" style=\"width: 100%;\" controls=\"controls\"><source type=\"audio\/mpeg\" src=\"https:\/\/www.radiopiu.net\/wordpress\/wp-content\/uploads\/2021\/03\/spi-cigil-4-marzo.mp3?_=15\" \/><a href=\"https:\/\/www.radiopiu.net\/wordpress\/wp-content\/uploads\/2021\/03\/spi-cigil-4-marzo.mp3\">https:\/\/www.radiopiu.net\/wordpress\/wp-content\/uploads\/2021\/03\/spi-cigil-4-marzo.mp3<\/a><\/audio>\n<p>&nbsp;<\/p>\n<p>&nbsp;<\/p>\n<hr \/>\n<p>&nbsp;<\/p>\n<div>\n<p>&nbsp;<\/p>\n<blockquote>\n<h2><a href=\"https:\/\/www.radiopiu.net\/wordpress\/speciale-solidarieta-veneto\/solidarieta-veneto-3\/\" rel=\"attachment wp-att-134366\"><img loading=\"lazy\" decoding=\"async\" class=\"wp-image-134366 alignleft\" src=\"https:\/\/www.radiopiu.net\/wordpress\/wp-content\/uploads\/2020\/05\/solidariet\u00e0-veneto-300x210.jpg\" alt=\"\" width=\"102\" height=\"71\" srcset=\"https:\/\/www.radiopiu.net\/wordpress\/wp-content\/uploads\/2020\/05\/solidariet\u00e0-veneto-300x210.jpg 300w, https:\/\/www.radiopiu.net\/wordpress\/wp-content\/uploads\/2020\/05\/solidariet\u00e0-veneto-1024x717.jpg 1024w, https:\/\/www.radiopiu.net\/wordpress\/wp-content\/uploads\/2020\/05\/solidariet\u00e0-veneto-768x538.jpg 768w, https:\/\/www.radiopiu.net\/wordpress\/wp-content\/uploads\/2020\/05\/solidariet\u00e0-veneto.jpg 1373w\" sizes=\"auto, (max-width: 102px) 100vw, 102px\" \/><\/a>SOLIDARIETA&#8217; VENETO FONDO PENSIONE, IN ONDA IL PRIMO VENERDI DEL MESE ALLE 10.30 E ALLE 19.00 QUINTA STAGIONE<\/h2>\n<\/blockquote>\n<p><strong>AUDIO MARZO 2021<\/strong><\/p>\n<audio class=\"wp-audio-shortcode\" id=\"audio-195406-16\" preload=\"none\" style=\"width: 100%;\" controls=\"controls\"><source type=\"audio\/mpeg\" src=\"https:\/\/www.radiopiu.net\/wordpress\/wp-content\/uploads\/2021\/03\/solidarieta-veneto-marzo.mp3?_=16\" \/><a href=\"https:\/\/www.radiopiu.net\/wordpress\/wp-content\/uploads\/2021\/03\/solidarieta-veneto-marzo.mp3\">https:\/\/www.radiopiu.net\/wordpress\/wp-content\/uploads\/2021\/03\/solidarieta-veneto-marzo.mp3<\/a><\/audio>\n<p>&nbsp;<\/p>\n<blockquote>\n<h2>RACCOLTA COMPLETA<\/h2>\n<\/blockquote>\n<blockquote class=\"wp-embedded-content\" data-secret=\"svrJhCmUkz\"><p><a href=\"https:\/\/www.radiopiu.net\/wordpress\/solidarieta-veneto\/\">Solidariet\u00e0 Veneto<\/a><\/p><\/blockquote>\n<p><iframe loading=\"lazy\" class=\"wp-embedded-content\" sandbox=\"allow-scripts\" security=\"restricted\" style=\"position: absolute; clip: rect(1px, 1px, 1px, 1px);\" title=\"&#8220;Solidariet\u00e0 Veneto&#8221; &#8212; Radio Pi\u00f9\" src=\"https:\/\/www.radiopiu.net\/wordpress\/solidarieta-veneto\/embed\/#?secret=svrJhCmUkz\" data-secret=\"svrJhCmUkz\" width=\"600\" height=\"338\" frameborder=\"0\" marginwidth=\"0\" marginheight=\"0\" scrolling=\"no\"><\/iframe><\/p>\n<p>&nbsp;<\/p>\n<hr \/>\n<\/div>\n<p>&nbsp;<\/p>\n<blockquote><p>&nbsp;<\/p><\/blockquote>\n<div>\n<h2><span style=\"color: #ff0000;\">ALLA RADIO<\/span><\/h2>\n<\/div>\n<div>\n<h2><strong>LE\u00a0 PUNTATE di Luisa Alchini di Leggermente Bellunesi, la domenica alle 11, <span style=\"color: #0000ff;\">IL MARTEDI IN PRIMA EDIZIONE\u00a0<\/span> alle 10.30 e alle 19.00<\/strong><\/h2>\n<\/div>\n<div>\n<p><strong><a href=\"https:\/\/www.radiopiu.net\/wordpress\/legger-mente-bellunesi-02-marzo-2021\/156828176_1598288807025847_358448174778964781_o\/\" rel=\"attachment wp-att-194538\"><img loading=\"lazy\" decoding=\"async\" class=\" wp-image-194538 alignleft\" src=\"https:\/\/www.radiopiu.net\/wordpress\/wp-content\/uploads\/2021\/03\/156828176_1598288807025847_358448174778964781_o-206x300.jpg\" alt=\"\" width=\"86\" height=\"125\" srcset=\"https:\/\/www.radiopiu.net\/wordpress\/wp-content\/uploads\/2021\/03\/156828176_1598288807025847_358448174778964781_o-206x300.jpg 206w, https:\/\/www.radiopiu.net\/wordpress\/wp-content\/uploads\/2021\/03\/156828176_1598288807025847_358448174778964781_o.jpg 685w\" sizes=\"auto, (max-width: 86px) 100vw, 86px\" \/><\/a><\/strong><\/p>\n<\/div>\n<div>\n<h3>La gloriosa carriera del perito minerario Gianni Rivis raccontata nel libro di ricordi.<\/h3>\n<p>&nbsp;<\/p>\n<\/div>\n<h2><\/h2>\n<audio class=\"wp-audio-shortcode\" id=\"audio-195406-17\" preload=\"none\" style=\"width: 100%;\" controls=\"controls\"><source type=\"audio\/mpeg\" src=\"https:\/\/www.radiopiu.net\/wordpress\/wp-content\/uploads\/2021\/03\/20leggermentegiannirivis2021.mp3?_=17\" \/><a href=\"https:\/\/www.radiopiu.net\/wordpress\/wp-content\/uploads\/2021\/03\/20leggermentegiannirivis2021.mp3\">https:\/\/www.radiopiu.net\/wordpress\/wp-content\/uploads\/2021\/03\/20leggermentegiannirivis2021.mp3<\/a><\/audio>\n<blockquote>\n<div>\n<h2><strong style=\"font-size: 14px;\"><span style=\"color: #000000;\">RACCOLTA COMPLETA<\/span><\/strong><\/h2>\n<\/div>\n<blockquote class=\"wp-embedded-content\" data-secret=\"2MFRYkwtas\"><p><a href=\"https:\/\/www.radiopiu.net\/wordpress\/leggermente-20\/\">LEGGERmente&#8230;Bellunesi<\/a><\/p><\/blockquote>\n<p><iframe loading=\"lazy\" class=\"wp-embedded-content\" sandbox=\"allow-scripts\" security=\"restricted\" style=\"position: absolute; clip: rect(1px, 1px, 1px, 1px);\" title=\"&#8220;LEGGERmente&#8230;Bellunesi&#8221; &#8212; Radio Pi\u00f9\" src=\"https:\/\/www.radiopiu.net\/wordpress\/leggermente-20\/embed\/#?secret=2MFRYkwtas\" data-secret=\"2MFRYkwtas\" width=\"600\" height=\"338\" frameborder=\"0\" marginwidth=\"0\" marginheight=\"0\" scrolling=\"no\"><\/iframe><\/p>\n<p>&nbsp;<\/p><\/blockquote>\n<p>&nbsp;<\/p>\n<hr \/>\n<h2><\/h2>\n<h2><\/h2>\n<h2><span style=\"color: #ff0000;\"><strong><a href=\"https:\/\/www.radiopiu.net\/wordpress\/erbe-e-piante-curative-quinta-puntata\/ginepro\/\" rel=\"attachment wp-att-194542\"><img loading=\"lazy\" decoding=\"async\" class=\" wp-image-194542 alignleft\" src=\"https:\/\/www.radiopiu.net\/wordpress\/wp-content\/uploads\/2021\/03\/GINEPRO-300x215.jpg\" alt=\"\" width=\"142\" height=\"102\" srcset=\"https:\/\/www.radiopiu.net\/wordpress\/wp-content\/uploads\/2021\/03\/GINEPRO-300x215.jpg 300w, https:\/\/www.radiopiu.net\/wordpress\/wp-content\/uploads\/2021\/03\/GINEPRO-1024x735.jpg 1024w, https:\/\/www.radiopiu.net\/wordpress\/wp-content\/uploads\/2021\/03\/GINEPRO-768x551.jpg 768w, https:\/\/www.radiopiu.net\/wordpress\/wp-content\/uploads\/2021\/03\/GINEPRO.jpg 1280w\" sizes=\"auto, (max-width: 142px) 100vw, 142px\" \/><\/a><\/strong><\/span><\/h2>\n<h2><span style=\"color: #ff0000;\">ALLA RADIO<\/span><\/h2>\n<h2><span style=\"color: #008000;\">ERBE E PIANTE CURATIVE&#8230;IL\u00a0 PROGRAMMA DI PAOLA LANCIATO<\/span><\/h2>\n<p><strong>QUINTA PUNTATA &#8211; IL GINEPRO<\/strong><\/p>\n<audio class=\"wp-audio-shortcode\" id=\"audio-195406-18\" preload=\"none\" style=\"width: 100%;\" controls=\"controls\"><source type=\"audio\/mpeg\" src=\"https:\/\/www.radiopiu.net\/wordpress\/wp-content\/uploads\/2021\/03\/5-Il-ginepro-M.mp3?_=18\" \/><a href=\"https:\/\/www.radiopiu.net\/wordpress\/wp-content\/uploads\/2021\/03\/5-Il-ginepro-M.mp3\">https:\/\/www.radiopiu.net\/wordpress\/wp-content\/uploads\/2021\/03\/5-Il-ginepro-M.mp3<\/a><\/audio>\n<p>&nbsp;<\/p>\n<p><strong>LA RACCOLTA COMPLETA<\/strong><\/p>\n<blockquote class=\"wp-embedded-content\" data-secret=\"MLDB9COz5j\"><p><a href=\"https:\/\/www.radiopiu.net\/wordpress\/erbe-e-piante-curative\/\">ERBE E PIANTE CURATIVE<\/a><\/p><\/blockquote>\n<p><iframe loading=\"lazy\" class=\"wp-embedded-content\" sandbox=\"allow-scripts\" security=\"restricted\" style=\"position: absolute; clip: rect(1px, 1px, 1px, 1px);\" title=\"&#8220;ERBE E PIANTE CURATIVE&#8221; &#8212; Radio Pi\u00f9\" src=\"https:\/\/www.radiopiu.net\/wordpress\/erbe-e-piante-curative\/embed\/#?secret=MLDB9COz5j\" data-secret=\"MLDB9COz5j\" width=\"600\" height=\"338\" frameborder=\"0\" marginwidth=\"0\" marginheight=\"0\" scrolling=\"no\"><\/iframe><\/p>\n<p>&nbsp;<\/p>\n<p>&nbsp;<\/p>\n<h2><\/h2>\n<hr \/>\n<blockquote>\n<blockquote><p>&nbsp;<\/p><\/blockquote>\n<h3 class=\"kvgmc6g5 cxmmr5t8 oygrvhab hcukyx3x c1et5uql\"><span style=\"color: #0000ff;\">INFORMAZIONE il canale su TELEGRAM informazione di prima mano e in tempo reale. iscriviti ed aiutaci a farlo conoscere\u00a0<\/span><\/h3>\n<\/blockquote>\n<p>&nbsp;<\/p>\n<h2>007 IN CONDOTTA CON LA PROF. MARIA ROSA SALMAZO IL LUNEDI ALLE 10,30 E ALLE 19.00 LA DOMENICA ALLE 8 DEL <img loading=\"lazy\" decoding=\"async\" class=\"alignleft\" src=\"https:\/\/www.radiopiu.net\/wordpress\/wp-content\/uploads\/2021\/02\/sci.jpg\" width=\"162\" height=\"108\" \/>MATTINO. NONA STAGIONE<\/h2>\n<p>&nbsp;<\/p>\n<p>&nbsp;<\/p>\n<p>&nbsp;<\/p>\n<p><span style=\"color: #ff0000;\"><strong>PUNTATA DEL 01 MARZO 2021<\/strong><\/span><\/p>\n<audio class=\"wp-audio-shortcode\" id=\"audio-195406-19\" preload=\"none\" style=\"width: 100%;\" controls=\"controls\"><source type=\"audio\/mpeg\" src=\"https:\/\/www.radiopiu.net\/wordpress\/wp-content\/uploads\/2021\/03\/007-1-marzo.mp3?_=19\" \/><a href=\"https:\/\/www.radiopiu.net\/wordpress\/wp-content\/uploads\/2021\/03\/007-1-marzo.mp3\">https:\/\/www.radiopiu.net\/wordpress\/wp-content\/uploads\/2021\/03\/007-1-marzo.mp3<\/a><\/audio>\n<h2>LA RACCOLTA COMPLETA<\/h2>\n<blockquote class=\"wp-embedded-content\" data-secret=\"7u5JDaqCWG\"><p><a href=\"https:\/\/www.radiopiu.net\/wordpress\/007incondotta-9\/\">007 in condotta<\/a><\/p><\/blockquote>\n<p><iframe loading=\"lazy\" class=\"wp-embedded-content\" sandbox=\"allow-scripts\" security=\"restricted\" style=\"position: absolute; clip: rect(1px, 1px, 1px, 1px);\" title=\"&#8220;007 in condotta&#8221; &#8212; Radio Pi\u00f9\" src=\"https:\/\/www.radiopiu.net\/wordpress\/007incondotta-9\/embed\/#?secret=7u5JDaqCWG\" data-secret=\"7u5JDaqCWG\" width=\"600\" height=\"338\" frameborder=\"0\" marginwidth=\"0\" marginheight=\"0\" scrolling=\"no\"><\/iframe><\/p>\n<blockquote><p>&nbsp;<\/p>\n<p>&nbsp;<\/p>\n<p>&nbsp;<\/p><\/blockquote>\n<hr \/>\n<p>&nbsp;<\/p>\n<div>\n<h2><span style=\"color: #33cccc;\">I RACCONTI DI PAOLO SOPPELSA il lunedi alle 9.30 e 18.30<\/span><\/h2>\n<blockquote class=\"wp-embedded-content\" data-secret=\"cRx2g1j6yU\"><p><a href=\"https:\/\/www.radiopiu.net\/wordpress\/i-racconti-di-paolo-soppelsa-sessantaquattresima-puntata\/\">I RACCONTI DI PAOLO SOPPELSA SESSANTAQUATTRESIMA PUNTATA<\/a><\/p><\/blockquote>\n<p><iframe loading=\"lazy\" class=\"wp-embedded-content\" sandbox=\"allow-scripts\" security=\"restricted\" style=\"position: absolute; clip: rect(1px, 1px, 1px, 1px);\" title=\"&#8220;I RACCONTI DI PAOLO SOPPELSA SESSANTAQUATTRESIMA PUNTATA&#8221; &#8212; Radio Pi\u00f9\" src=\"https:\/\/www.radiopiu.net\/wordpress\/i-racconti-di-paolo-soppelsa-sessantaquattresima-puntata\/embed\/#?secret=cRx2g1j6yU\" data-secret=\"cRx2g1j6yU\" width=\"600\" height=\"338\" frameborder=\"0\" marginwidth=\"0\" marginheight=\"0\" scrolling=\"no\"><\/iframe><\/p>\n<h3 class=\"kvgmc6g5 cxmmr5t8 oygrvhab hcukyx3x c1et5uql\"><span style=\"color: #0000ff;\">INFORMAZIONE il canale su TELEGRAM informazione di prima mano e in tempo reale. iscriviti ed aiutaci a farlo conoscere\u00a0<\/span><\/h3>\n<h2><span style=\"color: #33cccc;\"><strong>RACCOLTA COMPLETA<\/strong><\/span><\/h2>\n<blockquote class=\"wp-embedded-content\" data-secret=\"NCjx8kDbO7\"><p><a href=\"https:\/\/www.radiopiu.net\/wordpress\/i-racconti-di-paolo-soppelsa\/\">I racconti di Paolo Soppelsa<\/a><\/p><\/blockquote>\n<p><iframe loading=\"lazy\" class=\"wp-embedded-content\" sandbox=\"allow-scripts\" security=\"restricted\" style=\"position: absolute; clip: rect(1px, 1px, 1px, 1px);\" title=\"&#8220;I racconti di Paolo Soppelsa&#8221; &#8212; Radio Pi\u00f9\" src=\"https:\/\/www.radiopiu.net\/wordpress\/i-racconti-di-paolo-soppelsa\/embed\/#?secret=NCjx8kDbO7\" data-secret=\"NCjx8kDbO7\" width=\"600\" height=\"338\" frameborder=\"0\" marginwidth=\"0\" marginheight=\"0\" scrolling=\"no\"><\/iframe><\/p>\n<\/div>\n<p>&nbsp;<\/p>\n<hr \/>\n<p>&nbsp;<\/p>\n<h2><\/h2>\n<h2><span style=\"color: #ff0000;\"><a href=\"https:\/\/www.radiopiu.net\/wordpress\/giornale-radiopiu-05-gennaio-2021-direttore-mirko-mezzacasa\/133200401_100838761953611_1258544160541445132_o-2\/\" rel=\"attachment wp-att-183078\"><img loading=\"lazy\" decoding=\"async\" class=\" wp-image-183078 alignleft\" src=\"https:\/\/www.radiopiu.net\/wordpress\/wp-content\/uploads\/2021\/01\/133200401_100838761953611_1258544160541445132_o-1-300x157.jpg\" alt=\"\" width=\"192\" height=\"101\" srcset=\"https:\/\/www.radiopiu.net\/wordpress\/wp-content\/uploads\/2021\/01\/133200401_100838761953611_1258544160541445132_o-1-300x157.jpg 300w, https:\/\/www.radiopiu.net\/wordpress\/wp-content\/uploads\/2021\/01\/133200401_100838761953611_1258544160541445132_o-1.jpg 526w\" sizes=\"auto, (max-width: 192px) 100vw, 192px\" \/><\/a>GOCCE DI FILOSOFIA, CON CHIARA CAU, CON LISA DE LUCA. <\/span><\/h2>\n<h2><span style=\"color: #ff0000;\">TUTTI I GIORNI DAL LUNEDI AL VENERDI ALLE 6.55 E ALLE 18.55<\/span><\/h2>\n<p>&nbsp;<\/p>\n<h3>LA RACCOLTA COMPLETA<\/h3>\n<blockquote class=\"wp-embedded-content\" data-secret=\"9N49yTEXuz\"><p><a href=\"https:\/\/www.radiopiu.net\/wordpress\/gocce-filosofia\/\">Gocce di filosofia<\/a><\/p><\/blockquote>\n<p><iframe loading=\"lazy\" class=\"wp-embedded-content\" sandbox=\"allow-scripts\" security=\"restricted\" style=\"position: absolute; clip: rect(1px, 1px, 1px, 1px);\" title=\"&#8220;Gocce di filosofia&#8221; &#8212; Radio Pi\u00f9\" src=\"https:\/\/www.radiopiu.net\/wordpress\/gocce-filosofia\/embed\/#?secret=9N49yTEXuz\" data-secret=\"9N49yTEXuz\" width=\"600\" height=\"338\" frameborder=\"0\" marginwidth=\"0\" marginheight=\"0\" scrolling=\"no\"><\/iframe><\/p>\n<p>&nbsp;<\/p>\n<hr \/>\n<p>&nbsp;<\/p>\n<div class=\"im_message_wrap clearfix\">\n<div class=\"im_content_message_wrap im_message_out\">\n<h2><span style=\"color: #ff0000;\">IN VIVO VERSO 2020-21<\/span><\/h2>\n<p><strong><span style=\"color: #0000ff;\">IN ONDA DAL LUNEDI AL VENERDI ALLE 7.10, 10.10, 18.50\u00a0 \u00a0<\/span><\/strong><\/p>\n<p><strong>LA RACCOLTA<\/strong><\/p>\n<blockquote class=\"wp-embedded-content\" data-secret=\"dZ1tCkhFIm\"><p><a href=\"https:\/\/www.radiopiu.net\/wordpress\/in-vivo-verso\/\">In Vivo Verso<\/a><\/p><\/blockquote>\n<p><iframe loading=\"lazy\" class=\"wp-embedded-content\" sandbox=\"allow-scripts\" security=\"restricted\" style=\"position: absolute; clip: rect(1px, 1px, 1px, 1px);\" title=\"&#8220;In Vivo Verso&#8221; &#8212; Radio Pi\u00f9\" src=\"https:\/\/www.radiopiu.net\/wordpress\/in-vivo-verso\/embed\/#?secret=dZ1tCkhFIm\" data-secret=\"dZ1tCkhFIm\" width=\"600\" height=\"338\" frameborder=\"0\" marginwidth=\"0\" marginheight=\"0\" scrolling=\"no\"><\/iframe><\/p>\n<p>&nbsp;<\/p>\n<hr \/>\n<p>&nbsp;<\/p>\n<\/div>\n<\/div>\n<h2><span style=\"color: #808000;\">DUE MINUTI UN LIBRO\u00a0 TUTTI I GIORNI ALLA RADIO ALLE 9.30 E ALLE 18. QUINTA STAGIONE\u00a0<\/span><\/h2>\n<blockquote class=\"wp-embedded-content\" data-secret=\"z9uWIHJrrx\"><p><a href=\"https:\/\/www.radiopiu.net\/wordpress\/il-contrabbandiere\/\">IL CONTRABBANDIERE<\/a><\/p><\/blockquote>\n<p><iframe loading=\"lazy\" class=\"wp-embedded-content\" sandbox=\"allow-scripts\" security=\"restricted\" style=\"position: absolute; clip: rect(1px, 1px, 1px, 1px);\" title=\"&#8220;IL CONTRABBANDIERE&#8221; &#8212; Radio Pi\u00f9\" src=\"https:\/\/www.radiopiu.net\/wordpress\/il-contrabbandiere\/embed\/#?secret=z9uWIHJrrx\" data-secret=\"z9uWIHJrrx\" width=\"600\" height=\"338\" frameborder=\"0\" marginwidth=\"0\" marginheight=\"0\" scrolling=\"no\"><\/iframe><\/p>\n<h3><span style=\"color: #808000;\">\u00a0<\/span>LA RACCOLTA COMPLETA<\/h3>\n<blockquote class=\"wp-embedded-content\" data-secret=\"dbSwBBhq3R\"><p><a href=\"https:\/\/www.radiopiu.net\/wordpress\/due-minuti-un-libro\/\">Due minuti un libro<\/a><\/p><\/blockquote>\n<p><iframe loading=\"lazy\" class=\"wp-embedded-content\" sandbox=\"allow-scripts\" security=\"restricted\" style=\"position: absolute; clip: rect(1px, 1px, 1px, 1px);\" title=\"&#8220;Due minuti un libro&#8221; &#8212; Radio Pi\u00f9\" src=\"https:\/\/www.radiopiu.net\/wordpress\/due-minuti-un-libro\/embed\/#?secret=dbSwBBhq3R\" data-secret=\"dbSwBBhq3R\" width=\"600\" height=\"338\" frameborder=\"0\" marginwidth=\"0\" marginheight=\"0\" scrolling=\"no\"><\/iframe><\/p>\n<p>&nbsp;<\/p>\n<p>&nbsp;<\/p>\n<p>&nbsp;<\/p>\n<p>&nbsp;<\/p>\n<hr \/>\n<h2><\/h2>\n<blockquote>\n<h2>CASSA SOLIDARIET\u00c0 LUXOTTICA<\/h2>\n<\/blockquote>\n<h3><strong><span style=\"color: #ff0000;\">IL NUMERO DI FEBBRAIO CON PAOLO CHISSALE&#8217; E FABRIZIO CAMPEDEL\u00a0\u00a0<\/span><\/strong><\/h3>\n<audio class=\"wp-audio-shortcode\" id=\"audio-195406-20\" preload=\"none\" style=\"width: 100%;\" controls=\"controls\"><source type=\"audio\/mpeg\" src=\"https:\/\/www.radiopiu.net\/wordpress\/wp-content\/uploads\/2021\/02\/ca-sol-lux-febbraio.mp3?_=20\" \/><a href=\"https:\/\/www.radiopiu.net\/wordpress\/wp-content\/uploads\/2021\/02\/ca-sol-lux-febbraio.mp3\">https:\/\/www.radiopiu.net\/wordpress\/wp-content\/uploads\/2021\/02\/ca-sol-lux-febbraio.mp3<\/a><\/audio>\n<blockquote>\n<h2>RACCOLTA COMPLETA<\/h2>\n<\/blockquote>\n<blockquote class=\"wp-embedded-content\" data-secret=\"y0ehxG4G9J\"><p><a href=\"https:\/\/www.radiopiu.net\/wordpress\/cassa-solidarieta-luxottica-puntata-del-16-ottobre-2020\/\">CASSA SOLIDARIET\u00c0 LUXOTTICA &#8211; PUNTATA DEL 20 NOVEMBRE 2020<\/a><\/p><\/blockquote>\n<p><iframe loading=\"lazy\" class=\"wp-embedded-content\" sandbox=\"allow-scripts\" security=\"restricted\" style=\"position: absolute; clip: rect(1px, 1px, 1px, 1px);\" title=\"&#8220;CASSA SOLIDARIET\u00c0 LUXOTTICA &#8211; PUNTATA DEL 20 NOVEMBRE 2020&#8221; &#8212; Radio Pi\u00f9\" src=\"https:\/\/www.radiopiu.net\/wordpress\/cassa-solidarieta-luxottica-puntata-del-16-ottobre-2020\/embed\/#?secret=y0ehxG4G9J\" data-secret=\"y0ehxG4G9J\" width=\"600\" height=\"338\" frameborder=\"0\" marginwidth=\"0\" marginheight=\"0\" scrolling=\"no\"><\/iframe><\/p>\n<div>\n<p>&nbsp;<\/p>\n<p>&nbsp;<\/p>\n<p>&nbsp;<\/p>\n<hr \/>\n<p>&nbsp;<\/p>\n<p>&nbsp;<\/p>\n<p><span style=\"color: #ff0000;\"><a href=\"https:\/\/www.radiopiu.net\/wordpress\/giornale-radiopiu-25-febbraio-2021-direttore-mirko-mezzacasa\/84168586_3724582740900333_7440029064968011776_n\/\" rel=\"attachment wp-att-193399\"><img loading=\"lazy\" decoding=\"async\" class=\"wp-image-193399 alignleft\" src=\"https:\/\/www.radiopiu.net\/wordpress\/wp-content\/uploads\/2021\/02\/84168586_3724582740900333_7440029064968011776_n.jpg\" alt=\"\" width=\"143\" height=\"141\" \/><\/a>\u00a0<\/span><\/p>\n<p><strong>CISL LA VOCE DEI LAVORATORI<\/strong><\/p>\n<p><em>con Paolo Chissal\u00e8 e la Segretaria Femca Cisl Milena Cesca\u00a0<\/em><\/p>\n<audio class=\"wp-audio-shortcode\" id=\"audio-195406-21\" preload=\"none\" style=\"width: 100%;\" controls=\"controls\"><source type=\"audio\/mpeg\" src=\"https:\/\/www.radiopiu.net\/wordpress\/wp-content\/uploads\/2021\/02\/CISL-1.mp3?_=21\" \/><a href=\"https:\/\/www.radiopiu.net\/wordpress\/wp-content\/uploads\/2021\/02\/CISL-1.mp3\">https:\/\/www.radiopiu.net\/wordpress\/wp-content\/uploads\/2021\/02\/CISL-1.mp3<\/a><\/audio>\n<p>&nbsp;<\/p>\n<p>&nbsp;<\/p>\n<\/div>\n<p>&nbsp;<\/p>\n<p>&nbsp;<\/p>\n<hr \/>\n<p>&nbsp;<\/p>\n<blockquote>\n<h2>FANTASTICHE DOLOMITI, NUOVA STAGIONE. APPUNTAMENTO QUINDICINALE IL GIOVEDI ALLE 10.30 E 19.00<\/h2>\n<\/blockquote>\n<p><span style=\"color: #000000;\"><strong><img loading=\"lazy\" decoding=\"async\" class=\"alignleft\" src=\"https:\/\/www.radiopiu.net\/wordpress\/wp-content\/uploads\/2017\/10\/logo-fantastiche-dolomiti-300x113.jpg\" width=\"181\" height=\"68\" \/>LA NUOVA PUNTATA i corsi di formazione della Fondazione 11 FEBBRAIO 2021<\/strong><\/span><\/p>\n<h2><span style=\"color: #ff0000;\">PUNTATA 10 ,<\/span><\/h2>\n<p><strong>OSPITE IL PRESIDENTE CLAUDIO CANOVA<\/strong><\/p>\n<audio class=\"wp-audio-shortcode\" id=\"audio-195406-22\" preload=\"none\" style=\"width: 100%;\" controls=\"controls\"><source type=\"audio\/mpeg\" src=\"https:\/\/www.radiopiu.net\/wordpress\/wp-content\/uploads\/2021\/02\/fantastiche-dolomiti-25-febbraio.mp3?_=22\" \/><a href=\"https:\/\/www.radiopiu.net\/wordpress\/wp-content\/uploads\/2021\/02\/fantastiche-dolomiti-25-febbraio.mp3\">https:\/\/www.radiopiu.net\/wordpress\/wp-content\/uploads\/2021\/02\/fantastiche-dolomiti-25-febbraio.mp3<\/a><\/audio>\n<h3>LA RACCOLTA COMPLETA<\/h3>\n<blockquote class=\"wp-embedded-content\" data-secret=\"YWBs390AWS\"><p><a href=\"https:\/\/www.radiopiu.net\/wordpress\/raccolta-completa\/\">FANTASTICHE DOLOMITI 10^ PUNTATA: IL QUINDICINALE APPUNTAMENTO ALLA RADIO<\/a><\/p><\/blockquote>\n<p><iframe loading=\"lazy\" class=\"wp-embedded-content\" sandbox=\"allow-scripts\" security=\"restricted\" style=\"position: absolute; clip: rect(1px, 1px, 1px, 1px);\" title=\"&#8220;FANTASTICHE DOLOMITI 10^ PUNTATA: IL QUINDICINALE APPUNTAMENTO ALLA RADIO&#8221; &#8212; Radio Pi\u00f9\" src=\"https:\/\/www.radiopiu.net\/wordpress\/raccolta-completa\/embed\/#?secret=YWBs390AWS\" data-secret=\"YWBs390AWS\" width=\"600\" height=\"338\" frameborder=\"0\" marginwidth=\"0\" marginheight=\"0\" scrolling=\"no\"><\/iframe><\/p>\n<p>&nbsp;<\/p>\n<h2><\/h2>\n<div class=\"im_message_wrap clearfix\">\n<div class=\"im_content_message_wrap im_message_out\"><\/div>\n<\/div>\n<p>&nbsp;<\/p>\n<hr \/>\n<p>&nbsp;<\/p>\n<div dir=\"auto\">\n<div>\n<h2><span style=\"color: #800080;\"><strong>LA RASSEGNA STAMPA DA L&#8217;AMICO DEL POPOLO\u00a0<\/strong><\/span><\/h2>\n<h3 class=\"kvgmc6g5 cxmmr5t8 oygrvhab hcukyx3x c1et5uql\"><span style=\"color: #0000ff;\"> INFORMAZIONE il canale su TELEGRAM informazione di prima mano e in tempo reale. iscriviti ed aiutaci a farlo conoscere\u00a0<\/span><\/h3>\n<p><strong><a href=\"https:\/\/www.radiopiu.net\/wordpress\/odg-per-la-provincia-in-tutti-i-consigli-comunali-bard_zasso-e-chissale\/agordo-roberto-chissale-2\/\" rel=\"attachment wp-att-93612\"><img loading=\"lazy\" decoding=\"async\" class=\" wp-image-93612 alignleft\" src=\"https:\/\/www.radiopiu.net\/wordpress\/wp-content\/uploads\/2019\/07\/AGORDO-ROBERTO-CHISSALE-300x300.jpg\" alt=\"\" width=\"133\" height=\"133\" srcset=\"https:\/\/www.radiopiu.net\/wordpress\/wp-content\/uploads\/2019\/07\/AGORDO-ROBERTO-CHISSALE-300x300.jpg 300w, https:\/\/www.radiopiu.net\/wordpress\/wp-content\/uploads\/2019\/07\/AGORDO-ROBERTO-CHISSALE-150x150.jpg 150w, https:\/\/www.radiopiu.net\/wordpress\/wp-content\/uploads\/2019\/07\/AGORDO-ROBERTO-CHISSALE-768x768.jpg 768w, https:\/\/www.radiopiu.net\/wordpress\/wp-content\/uploads\/2019\/07\/AGORDO-ROBERTO-CHISSALE-1024x1024.jpg 1024w, https:\/\/www.radiopiu.net\/wordpress\/wp-content\/uploads\/2019\/07\/AGORDO-ROBERTO-CHISSALE.jpg 1600w\" sizes=\"auto, (max-width: 133px) 100vw, 133px\" \/><\/a>di Gianni Santomaso<\/strong><\/p>\n<p>OSPITE: Roberto Chissal\u00e8, Sindaco di Agordo<\/p>\n<audio class=\"wp-audio-shortcode\" id=\"audio-195406-23\" preload=\"none\" style=\"width: 100%;\" controls=\"controls\"><source type=\"audio\/mpeg\" src=\"https:\/\/www.radiopiu.net\/wordpress\/wp-content\/uploads\/2021\/03\/RASSEGNA-GIANNI.mp3?_=23\" \/><a href=\"https:\/\/www.radiopiu.net\/wordpress\/wp-content\/uploads\/2021\/03\/RASSEGNA-GIANNI.mp3\">https:\/\/www.radiopiu.net\/wordpress\/wp-content\/uploads\/2021\/03\/RASSEGNA-GIANNI.mp3<\/a><\/audio>\n<p>&nbsp;<\/p>\n<p><strong>LA RACCOLTA COMPLETA<\/strong><\/p>\n<blockquote class=\"wp-embedded-content\" data-secret=\"SKuKRTycer\"><p><a href=\"https:\/\/www.radiopiu.net\/wordpress\/rassegna-stampa-di-gianni-santomaso\/\">Rassegna stampa da l&#8217;amico del popolo &#8211; di Gianni Santomaso<\/a><\/p><\/blockquote>\n<p><iframe loading=\"lazy\" class=\"wp-embedded-content\" sandbox=\"allow-scripts\" security=\"restricted\" style=\"position: absolute; clip: rect(1px, 1px, 1px, 1px);\" title=\"&#8220;Rassegna stampa da l&#8217;amico del popolo &#8211; di Gianni Santomaso&#8221; &#8212; Radio Pi\u00f9\" src=\"https:\/\/www.radiopiu.net\/wordpress\/rassegna-stampa-di-gianni-santomaso\/embed\/#?secret=SKuKRTycer\" data-secret=\"SKuKRTycer\" width=\"600\" height=\"338\" frameborder=\"0\" marginwidth=\"0\" marginheight=\"0\" scrolling=\"no\"><\/iframe><\/p>\n<p>&nbsp;<\/p>\n<p>&nbsp;<\/p>\n<\/div>\n<\/div>\n<hr \/>\n<blockquote>\n<h2><\/h2>\n<h2>RITORNA AI MICROFONI DI RADIO PIU&#8217; FRANCESCO ZILLIO<br \/>\nQUARTA puntata, stagione 2021 &#8211; EVOLUZIONE DEI SISTEMI DI COMUNICAZIONE SUPPORTATI DA SMARTH PHONE PER LE AZIENDE<\/h2>\n<\/blockquote>\n<p><iframe loading=\"lazy\" title=\"EPCENTER - EVOLUZIONE DEI SISTEMI DI COMUNICAZIONE SUPPORTATI DA SMART PHONE PER LE  AZIENDE\" width=\"1200\" height=\"675\" src=\"https:\/\/www.youtube.com\/embed\/VQu8U59Rjrw?feature=oembed\" frameborder=\"0\" allow=\"accelerometer; autoplay; clipboard-write; encrypted-media; gyroscope; picture-in-picture\" allowfullscreen><\/iframe><\/p>\n<p>&nbsp;<\/p>\n<p><strong>LA VIDEO GALLERY\u00a0<\/strong><\/p>\n<blockquote class=\"wp-embedded-content\" data-secret=\"YAERtMouox\"><p><a href=\"https:\/\/www.radiopiu.net\/wordpress\/ep-center-video-gallery\/\">EP CENTER video gallery<\/a><\/p><\/blockquote>\n<p><iframe loading=\"lazy\" class=\"wp-embedded-content\" sandbox=\"allow-scripts\" security=\"restricted\" style=\"position: absolute; clip: rect(1px, 1px, 1px, 1px);\" title=\"&#8220;EP CENTER video gallery&#8221; &#8212; Radio Pi\u00f9\" src=\"https:\/\/www.radiopiu.net\/wordpress\/ep-center-video-gallery\/embed\/#?secret=YAERtMouox\" data-secret=\"YAERtMouox\" width=\"600\" height=\"338\" frameborder=\"0\" marginwidth=\"0\" marginheight=\"0\" scrolling=\"no\"><\/iframe><\/p>\n<p>&nbsp;<\/p>\n<div dir=\"auto\">\n<p>&nbsp;<\/p>\n<hr \/>\n<p>&nbsp;<\/p>\n<div>\n<p class=\"photoswipe-wrapper\"><a class=\"dt-pswp-item pspw-wrap-ready\" href=\"https:\/\/i0.wp.com\/www.radiopiu.net\/wordpress\/wp-content\/uploads\/2018\/09\/viabilita.jpeg?ssl=1\" data-dt-img-description=\"\" data-large_image_width=\"800\" data-large_image_height=\"100\"><img loading=\"lazy\" decoding=\"async\" class=\"aligncenter wp-image-61954 size-full\" src=\"https:\/\/i0.wp.com\/www.radiopiu.net\/wordpress\/wp-content\/uploads\/2018\/09\/viabilita.jpeg?resize=800%2C100&amp;ssl=1\" sizes=\"auto, (max-width: 800px) 100vw, 800px\" srcset=\"https:\/\/i0.wp.com\/www.radiopiu.net\/wordpress\/wp-content\/uploads\/2018\/09\/viabilita.jpeg?w=800&amp;ssl=1 800w, https:\/\/i0.wp.com\/www.radiopiu.net\/wordpress\/wp-content\/uploads\/2018\/09\/viabilita.jpeg?resize=300%2C38&amp;ssl=1 300w, https:\/\/i0.wp.com\/www.radiopiu.net\/wordpress\/wp-content\/uploads\/2018\/09\/viabilita.jpeg?resize=768%2C96&amp;ssl=1 768w\" alt=\"\" width=\"800\" height=\"100\" \/><\/a><\/p>\n<\/div>\n<p>&nbsp;<\/p>\n<p><strong>SP 1 SINISTRA PIAVE\u00a0<\/strong>dall&#8217;8 al 12 marzo, dalle 7:30 alle 17:30, senso unico alternato regolato da impianto semaforico o movieri per di demolizione e ricostruzione cunetta in localit\u00e0 Rione Santa Caterina di Ponte Nelle Alpi<\/p>\n<p><strong>SP 251 DELLA VAL DI ZOLDO E CELLINA<\/strong> Istituzione di senso unico alternato regolato da semaforo nel comune di Val di Zoldo per messa in sicurezza della strada<\/p>\n<p><strong>SP 42 CAVALLERA<\/strong> fino a revoca, chiusura della strada nell&#8217;abitato di Perarolo per attivazione emergenza frana &#8220;Busa del Cristo&#8221;<\/p>\n<p><strong>S.P.2 DELLA VALLE DEL MIS\u00a0<\/strong>Interdizione totale al traffico fino a revoca dal km 14,920 (localit\u00e0 Gona Bassa) al km 20,650 (localit\u00e0 Titele) per cedimento della carreggiata<\/p>\n<p><strong>S.P. 5 DI LAMOSANO<\/strong>\u00a0Interdizione totale fino a revoca per presenza di materiale e alberi in strada.<\/p>\n<p><strong>SP 3 DELLA VAL IMPERINA<\/strong> fino a revoca, senso unico alternato regolato a vista in localit\u00e0 Gona di Conedera di Rivamonte per cedimento della carreggiata stradale<\/p>\n<p>&nbsp;<\/p>\n<p>&nbsp;<\/p>\n<hr \/>\n<p>&nbsp;<\/p>\n<div>\n<p class=\"photoswipe-wrapper\"><a class=\"dt-pswp-item pspw-wrap-ready\" href=\"https:\/\/i0.wp.com\/www.radiopiu.net\/wordpress\/wp-content\/uploads\/2018\/09\/WhatsApp-Image-2018-09-20-at-16.04.06.jpeg?ssl=1\" data-dt-img-description=\"\" data-large_image_width=\"800\" data-large_image_height=\"100\"><img loading=\"lazy\" decoding=\"async\" class=\"aligncenter wp-image-61378 size-full jetpack-lazy-image jetpack-lazy-image--handled\" src=\"https:\/\/i0.wp.com\/www.radiopiu.net\/wordpress\/wp-content\/uploads\/2018\/09\/WhatsApp-Image-2018-09-20-at-16.04.06.jpeg?resize=800%2C100&amp;ssl=1\" sizes=\"auto, (max-width: 800px) 100vw, 800px\" srcset=\"https:\/\/i0.wp.com\/www.radiopiu.net\/wordpress\/wp-content\/uploads\/2018\/09\/WhatsApp-Image-2018-09-20-at-16.04.06.jpeg?w=800&amp;ssl=1 800w, https:\/\/i0.wp.com\/www.radiopiu.net\/wordpress\/wp-content\/uploads\/2018\/09\/WhatsApp-Image-2018-09-20-at-16.04.06.jpeg?resize=300%2C38&amp;ssl=1 300w, https:\/\/i0.wp.com\/www.radiopiu.net\/wordpress\/wp-content\/uploads\/2018\/09\/WhatsApp-Image-2018-09-20-at-16.04.06.jpeg?resize=768%2C96&amp;ssl=1 768w\" alt=\"\" width=\"800\" height=\"100\" data-lazy-loaded=\"1\" \/><\/a><\/p>\n<\/div>\n<p>&nbsp;<\/p>\n<div><center><b>Domenica 7<\/b><\/center><b>Tempo atteso: <\/b>Tempo inizialmente ben soleggiato specie sulle Dolomiti, salvo formazioni temporanee di nubi basse o di foschie nelle conche prealpine nelle ore pi\u00f9 fredde, in dissolvimento durante le ore diurne. Poi, specie dalle ore centrali a partire dalle Prealpi occidentali graduale e parziale riduzione del soleggiamento per transito di nubi alte, temporaneamente estese nel pomeriggio, per diradarsi nel tardo pomeriggio\/sera. Possibili foschie o nubi basse nelle ore pi\u00f9 fredde, in dissolvimento nella mattinata<br \/>\n<b>Precipitazioni: <\/b>Assenti.<br \/>\n<b>Temperature: <\/b>Minime in calo nelle valli, stazionarie in quota, mentre ci sar\u00e0 un contenuto rialzo termico delle massime. Su Prealpi a 1500 m min -6\u00b0C max 3\u00b0C, a 2000 m min -9\u00b0C max 1\u00b0C. Su Dolomiti a 2000 m min -8\u00b0C max 2\u00b0C, a 3000 m min -13\u00b0C max -6\u00b0C.<br \/>\n<b>Venti: <\/b>Nelle valli deboli di direzione variabile, in quota ancora deboli o moderati da nord-ovest, a 5-15 km\/h a 2000 m e a 15-20 km\/h a 3000 m.<\/p>\n<hr \/>\n<p><center><b>Lunedi 8<\/b><\/center><b>Tempo atteso: <\/b>Giornata all&#8217;insegna della variabilit\u00e0; al mattino, splendida giornata di sole, con cielo sereno e aria tersa, a tutte le quote, salvo parziale riduzione della visibilit\u00e0 in qualche conca prealpina solitamente molto umida. Nel pomeriggio ci saranno maggiori annuvolamenti, pi\u00f9 consistenti soprattutto sulle Dolomiti, dove non si escludono locali, brevi e deboli precipitazioni.<br \/>\n<b>Precipitazioni: <\/b>Al mattino assenti. Nel pomeriggio non si esclude qualche occasionale piovasco o nevischio oltre oltre i 1200-1400 m (10\/20%).<br \/>\n<b>Temperature: <\/b>Minime stazionarie o in lieve calo nelle valli, in lieve o contenuto aumento in quota, senza variazioni di rilievo le massime. Su Prealpi a 1500 m min -4\u00b0C max 2\u00b0C, a 2000 m min -5\u00b0C max 1\u00b0C. Su Dolomiti a 2000 m min -5\u00b0C max 2\u00b0C, a 3000 m min -12\u00b0C max -7\u00b0C.<br \/>\n<b>Venti: <\/b>Nelle valli deboli di direzione variabile, in quota ancora deboli o moderati da nord-ovest, a 5-15 km\/h a 2000 m e a 15-20 km\/h a 3000 m.<\/p>\n<hr \/>\n<p><center><b>Martedi 9<\/b><\/center>Ancora una giornata dal tempo variabile, con tempo parzialmente soleggiato al mattino e annuvolamenti pi\u00f9 consistenti nel pomeriggio per passaggi di nubi alte e medio-alte, specie sulle Dolomiti, con occasionali piovaschi o nevischio oltre i 1200-1400 m (20-30%). Possibili formazioni di temporanee di foschie, di banchi di nebbia o di nubi basse nelle valli prealpine nelle ore pi\u00f9 fredde in rapido dissolvimento durante le ore diurne. Temperature in lieve o contenuto, un po&#8217; sotto la norma. Venti in quota deboli o moderati, ancora settentrionali.<\/p>\n<hr \/>\n<p><center><b>Mercoledi 10<\/b><\/center>Giornata pi\u00f9 soleggiata delle altre precedenti con cielo generalmente sereno, aria tersa e ottima visibilit\u00e0, specie in quota e sulle Dolomiti, salvo qualche temporanea foschia nei luoghi solitamente pi\u00f9 umidi delle conche prealpine. Clima soprattutto quello diurno un po&#8217; meno freddo rispetto ai giorni precedenti. Temperature in lieve o contenuto rialzo, soprattutto quelle diurne e prossime alle medie stagionali o lievemente al di sopra. Venti in quota in rinforzo, fino a divenire anche tesi e ancora settentrionali. Previsore: M.Padoan<\/p>\n<\/div>\n<\/div>\n<p>&nbsp;<\/p>\n<p>&nbsp;<\/p>\n<hr \/>\n<p>&nbsp;<\/p>\n<p><a href=\"https:\/\/www.radiopiu.net\/wordpress\/giornale-radiopiu-15-settembre-2018-direttore-mirko-mezzacasa\/sport-7\/\" rel=\"attachment wp-att-60761\"><img loading=\"lazy\" decoding=\"async\" class=\"wp-image-60761 size-full aligncenter\" src=\"https:\/\/www.radiopiu.net\/wordpress\/wp-content\/uploads\/2018\/09\/sport.jpg\" alt=\"\" width=\"800\" height=\"100\" srcset=\"https:\/\/www.radiopiu.net\/wordpress\/wp-content\/uploads\/2018\/09\/sport.jpg 800w, https:\/\/www.radiopiu.net\/wordpress\/wp-content\/uploads\/2018\/09\/sport-300x38.jpg 300w, https:\/\/www.radiopiu.net\/wordpress\/wp-content\/uploads\/2018\/09\/sport-768x96.jpg 768w\" sizes=\"auto, (max-width: 800px) 100vw, 800px\" \/><\/a><\/p>\n<p>&nbsp;<\/p>\n<blockquote>\n<h3>I PLAYOFF DELLA IHL PARTIRANNO IL 16 MARZO<\/h3>\n<\/blockquote>\n<p><strong><a href=\"https:\/\/www.radiopiu.net\/wordpress\/i-playoff-della-ihl-partiranno-il-16-marzo\/33f5cafe-5306-4ecd-a7bc-dea2596de7a4\/\" rel=\"attachment wp-att-195501\"><img loading=\"lazy\" decoding=\"async\" class=\" wp-image-195501 alignleft\" src=\"https:\/\/www.radiopiu.net\/wordpress\/wp-content\/uploads\/2021\/03\/33f5cafe-5306-4ecd-a7bc-dea2596de7a4-300x300.jpg\" alt=\"\" width=\"260\" height=\"260\" srcset=\"https:\/\/www.radiopiu.net\/wordpress\/wp-content\/uploads\/2021\/03\/33f5cafe-5306-4ecd-a7bc-dea2596de7a4-300x300.jpg 300w, https:\/\/www.radiopiu.net\/wordpress\/wp-content\/uploads\/2021\/03\/33f5cafe-5306-4ecd-a7bc-dea2596de7a4-1024x1024.jpg 1024w, https:\/\/www.radiopiu.net\/wordpress\/wp-content\/uploads\/2021\/03\/33f5cafe-5306-4ecd-a7bc-dea2596de7a4-150x150.jpg 150w, https:\/\/www.radiopiu.net\/wordpress\/wp-content\/uploads\/2021\/03\/33f5cafe-5306-4ecd-a7bc-dea2596de7a4-768x768.jpg 768w, https:\/\/www.radiopiu.net\/wordpress\/wp-content\/uploads\/2021\/03\/33f5cafe-5306-4ecd-a7bc-dea2596de7a4.jpg 1080w\" sizes=\"auto, (max-width: 260px) 100vw, 260px\" \/><\/a>ALLEGHE<\/strong> Ci sono volute tre videoconferenze tra le societ\u00e0 della IHL per sciogliere il nodo playoff. La fumata bianca \u00e8 arrivata nell&#8217;incontro di ieri sera quando si \u00e8 deciso di partire con la fase finale del campionato. Dopo la fine della stagione regolare e le restrizioni dell&#8217;Alto Adige che impediva di svolgere attivit\u00e0 ad alcune squadre, i delegati delle societ\u00e0 sono riusciti a trovare un punto d&#8217;incontro. I Playoffs della IHL inizieranno il 16 marzo con la formula dei best-of-five per tutta la serie dei quarti, delle semifinali e delle finali. L\u2019H.C. Merano, vincitore della stagione regolare, affrontera\u0300 l\u2019H.C. Alleghe, l\u2019H.C. Unterland giochera\u0300 contro l\u2019H.C. Valdifiemme per l\u2019accesso alle semifinali. Anche l\u2019H.C. Caldaro e l\u2019H.C. Varese avranno a loro favore il fattore campo nei quarti di finale, ma restano in attesa di conoscere l loro avversari al termine dell\u2019ultimo incontro della regular season da disputarsi tra l\u2019 H.C. Merano e l\u2019H.C. Bressanone. In caso di vittoria di quest\u2019ultima compagine, la stessa potrebbe scalzare l\u2019H.C. Appiano dal quinto posto.<\/p>\n<p>&nbsp;<\/p>\n<p>&nbsp;<\/p>\n<p>&nbsp;<\/p>\n<p>&nbsp;<\/p>\n<p>&nbsp;<\/p>\n<hr \/>\n<p>&nbsp;<\/p>\n<blockquote>\n<h3>L&#8217;AGORDINO ALEX ROSSI (SCI CLUB VAL BIOIS) BRONZO AI CAMPIONATI ITALIANI RAGAZZI<\/h3>\n<\/blockquote>\n<p><a href=\"https:\/\/www.radiopiu.net\/wordpress\/lagordino-alex-rossi-sci-club-val-biois-bronzo-ai-campionati-italiani-ragazzi\/alex-rossi-bronzo-camp-ita-ragazzi-schilpario-6-marzo-2021\/\" rel=\"attachment wp-att-195509\"><img loading=\"lazy\" decoding=\"async\" class=\" wp-image-195509 alignleft\" src=\"https:\/\/www.radiopiu.net\/wordpress\/wp-content\/uploads\/2021\/03\/alex-rossi-bronzo-camp-ita-ragazzi-schilpario-6-marzo-2021-300x200.jpeg\" alt=\"\" width=\"176\" height=\"117\" srcset=\"https:\/\/www.radiopiu.net\/wordpress\/wp-content\/uploads\/2021\/03\/alex-rossi-bronzo-camp-ita-ragazzi-schilpario-6-marzo-2021-300x200.jpeg 300w, https:\/\/www.radiopiu.net\/wordpress\/wp-content\/uploads\/2021\/03\/alex-rossi-bronzo-camp-ita-ragazzi-schilpario-6-marzo-2021-1024x683.jpeg 1024w, https:\/\/www.radiopiu.net\/wordpress\/wp-content\/uploads\/2021\/03\/alex-rossi-bronzo-camp-ita-ragazzi-schilpario-6-marzo-2021-768x512.jpeg 768w, https:\/\/www.radiopiu.net\/wordpress\/wp-content\/uploads\/2021\/03\/alex-rossi-bronzo-camp-ita-ragazzi-schilpario-6-marzo-2021-1536x1025.jpeg 1536w, https:\/\/www.radiopiu.net\/wordpress\/wp-content\/uploads\/2021\/03\/alex-rossi-bronzo-camp-ita-ragazzi-schilpario-6-marzo-2021.jpeg 1998w\" sizes=\"auto, (max-width: 176px) 100vw, 176px\" \/><\/a>Medaglia oggi per il Veneto ai campionati italiani Ragazzi di Schilpario. Merito di Alex Rossi, dello Sci club Val Biois, che si \u00e8 classificato al terzo posto nella 5 km skating vinta da Stefano Epis (Ubi Banca Goggi) davanti a Edoardo Trombetta (Subiaco). 27\u2033 il distacco del giovane atleta agordino dalla vetta. Molto bravi anche Giorgio Piccoliori (Cortina) che ha chiuso al sesto posto, Raul Castagna (Bosco), ottavo, e David Capra (Val Biois), dodicesimo. Bravissime anche le ragazze con Gemma Dandrea (Cortina) quinta e Vanessa Cagnati (Val Biois) nona.<\/p>\n<p>&nbsp;<\/p>\n<p>&nbsp;<\/p>\n<hr \/>\n<p>&nbsp;<\/p>\n<blockquote>\n<h3>Alba De Silvestro bronzo nell\u2019individuale dei Mondiali di Andorra<\/h3>\n<\/blockquote>\n<p class=\"entry-meta\"><a href=\"https:\/\/www.radiopiu.net\/wordpress\/alba-de-silvestro-bronzo-nellindividuale-dei-mondiali-di-andorra\/alba-de-silvestro-bronzo-6-marzo-2021\/\" rel=\"attachment wp-att-195594\"><img loading=\"lazy\" decoding=\"async\" class=\"size-medium wp-image-195594 alignleft\" src=\"https:\/\/www.radiopiu.net\/wordpress\/wp-content\/uploads\/2021\/03\/alba-de-silvestro-bronzo-6-marzo-2021-300x200.jpg\" alt=\"\" width=\"300\" height=\"200\" srcset=\"https:\/\/www.radiopiu.net\/wordpress\/wp-content\/uploads\/2021\/03\/alba-de-silvestro-bronzo-6-marzo-2021-300x200.jpg 300w, https:\/\/www.radiopiu.net\/wordpress\/wp-content\/uploads\/2021\/03\/alba-de-silvestro-bronzo-6-marzo-2021-768x512.jpg 768w, https:\/\/www.radiopiu.net\/wordpress\/wp-content\/uploads\/2021\/03\/alba-de-silvestro-bronzo-6-marzo-2021.jpg 799w\" sizes=\"auto, (max-width: 300px) 100vw, 300px\" \/><\/a>Ad Andorra i Mondiali di sci alpinismo hanno proposto la gara pi\u00f9 attesa, l\u2019individuale. E per Alba De Silvestro \u00e8 arrivata una gran bella soddisfazione, la medaglia di bronzo. La comeliana del Centro sportivo Esercito ha chiuso terza, alle spalle della francese Axelle Gachet Mollaret e della svedese Tove Alexandersson. De Silvestro si mette al collo la medaglia di bronzo, dopo l\u2019oro ottenuto nella staffetta con le compagne di squadra Mara Martini ed Ilaria Veronese, che anche oggi sono entrate nella top ten piazzandosi rispettivamente quinta e sesta. Chiude la top ten Giulia Compagnoni.<\/p>\n<p>fonte: www.fisi.com<\/p>\n","protected":false},"excerpt":{"rendered":"<p>PER RICEVERE QUESTO NOTIZIARIO DIRETTAMENTE SUL TUO CELLULARE ISCRIVITI AL CANALE TELEGRAM \u201cRADIO PIU\u00a0 INFORMAZIONE&#8221;\u00a0 SUPERATI I 3000 ISCRITTI, il CANALE TELEGRAM&#8230; UNISCITI A: RADIO PIU INFORMAZIONE &nbsp; &nbsp; ATTENZIONE: LA NUOVA APP PER IOS-IPHONE di Nicola Vettorello https:\/\/apps.apple.com\/it\/app\/radio-pi%C3%B9-emittente-agordina\/id1515939845 ATTENZIONE: LA NUOVA APP RADIO\u00a0 PER ANDROID di Nicola Vettorello https:\/\/play.google.com\/store\/apps\/details?id=net.radiopiu.iniko\u00a0\u00a0 &nbsp; &nbsp; &nbsp; IL VENETO&hellip;<\/p>\n","protected":false},"author":4,"featured_media":195578,"comment_status":"closed","ping_status":"closed","sticky":false,"template":"","format":"standard","meta":{"_monsterinsights_skip_tracking":false,"_monsterinsights_sitenote_active":false,"_monsterinsights_sitenote_note":"","_monsterinsights_sitenote_category":0,"footnotes":""},"categories":[1,51,86],"tags":[],"class_list":["post-195406","post","type-post","status-publish","format-standard","has-post-thumbnail","hentry","category-senza-categoria","category-evidenza-top","category-gr","category-1","category-51","category-86","description-off"],"img_url":"https:\/\/www.radiopiu.net\/wordpress\/wp-content\/uploads\/2021\/03\/salt_20210306_192019_693.jpg","_links":{"self":[{"href":"https:\/\/www.radiopiu.net\/wordpress\/wp-json\/wp\/v2\/posts\/195406","targetHints":{"allow":["GET"]}}],"collection":[{"href":"https:\/\/www.radiopiu.net\/wordpress\/wp-json\/wp\/v2\/posts"}],"about":[{"href":"https:\/\/www.radiopiu.net\/wordpress\/wp-json\/wp\/v2\/types\/post"}],"author":[{"embeddable":true,"href":"https:\/\/www.radiopiu.net\/wordpress\/wp-json\/wp\/v2\/users\/4"}],"replies":[{"embeddable":true,"href":"https:\/\/www.radiopiu.net\/wordpress\/wp-json\/wp\/v2\/comments?post=195406"}],"version-history":[{"count":0,"href":"https:\/\/www.radiopiu.net\/wordpress\/wp-json\/wp\/v2\/posts\/195406\/revisions"}],"wp:featuredmedia":[{"embeddable":true,"href":"https:\/\/www.radiopiu.net\/wordpress\/wp-json\/wp\/v2\/media\/195578"}],"wp:attachment":[{"href":"https:\/\/www.radiopiu.net\/wordpress\/wp-json\/wp\/v2\/media?parent=195406"}],"wp:term":[{"taxonomy":"category","embeddable":true,"href":"https:\/\/www.radiopiu.net\/wordpress\/wp-json\/wp\/v2\/categories?post=195406"},{"taxonomy":"post_tag","embeddable":true,"href":"https:\/\/www.radiopiu.net\/wordpress\/wp-json\/wp\/v2\/tags?post=195406"}],"curies":[{"name":"wp","href":"https:\/\/api.w.org\/{rel}","templated":true}]}}