{"id":195463,"date":"2021-03-06T10:16:10","date_gmt":"2021-03-06T09:16:10","guid":{"rendered":"https:\/\/www.radiopiu.net\/wordpress\/?p=195463"},"modified":"2021-03-07T07:51:19","modified_gmt":"2021-03-07T06:51:19","slug":"inserire-la-montagna-nella-riforma-delle-zone-economiche-speciali-annunciata-dalla-ministra-carfagna-scopel-e-bond-per-il-bellunese-occasione-da-non-perdere","status":"publish","type":"post","link":"https:\/\/www.radiopiu.net\/wordpress\/inserire-la-montagna-nella-riforma-delle-zone-economiche-speciali-annunciata-dalla-ministra-carfagna-scopel-e-bond-per-il-bellunese-occasione-da-non-perdere\/","title":{"rendered":"INSERIRE LA MONTAGNA NELLA RIFORMA DELLE ZONE ECONOMICHE SPECIALI ANNUNCIATA DALLA MINISTRA CARFAGNA. SCOPEL E BOND: \u201cPER IL BELLUNESE OCCASIONE DA NON PERDERE!\u201d"},"content":{"rendered":"<p><strong><a href=\"https:\/\/www.radiopiu.net\/wordpress\/inserire-la-montagna-nella-riforma-delle-zone-economiche-speciali-annunciata-dalla-ministra-carfagna-scopel-e-bond-per-il-bellunese-occasione-da-non-perdere\/scopel-bond\/\" rel=\"attachment wp-att-195464\"><img loading=\"lazy\" decoding=\"async\" class=\"size-medium wp-image-195464 alignleft\" src=\"https:\/\/www.radiopiu.net\/wordpress\/wp-content\/uploads\/2021\/03\/SCOPEL-BOND-300x300.jpg\" alt=\"\" width=\"300\" height=\"300\" srcset=\"https:\/\/www.radiopiu.net\/wordpress\/wp-content\/uploads\/2021\/03\/SCOPEL-BOND-300x300.jpg 300w, https:\/\/www.radiopiu.net\/wordpress\/wp-content\/uploads\/2021\/03\/SCOPEL-BOND-1024x1024.jpg 1024w, https:\/\/www.radiopiu.net\/wordpress\/wp-content\/uploads\/2021\/03\/SCOPEL-BOND-150x150.jpg 150w, https:\/\/www.radiopiu.net\/wordpress\/wp-content\/uploads\/2021\/03\/SCOPEL-BOND-768x768.jpg 768w, https:\/\/www.radiopiu.net\/wordpress\/wp-content\/uploads\/2021\/03\/SCOPEL-BOND-1536x1536.jpg 1536w, https:\/\/www.radiopiu.net\/wordpress\/wp-content\/uploads\/2021\/03\/SCOPEL-BOND.jpg 1600w\" sizes=\"auto, (max-width: 300px) 100vw, 300px\" \/><\/a>BELLUNO<\/strong> E\u2019 di queste ore l\u2019annuncio della Ministra per il Sud Mara Carfagna in merito all\u2019avvio di una riforma strutturale delle ZES, ovvero le Zone Economiche Speciali, istituite qualche anno fa con l\u2019obiettivo di favorire la crescita del Sud Italia e lo sviluppo economico e industriale. \u201c<em>E\u2019 una notizia che non ci deve lasciare per nulla indifferenti, ma anzi vedere il Bellunese quale primo attore nella richiesta di revisione dei parametri con cui sono state sinora individuate queste Zone Speciali\u201d, commenta il coordinatore provinciale di Forza Italia Dario Scopel, che incalza: \u201cI criteri sin qui adottati hanno di fatto localizzato queste aree per la stragrande maggioranza nelle regioni del Sud Italia. E\u2019 per\u00f2 giunto il momento di allargare lo sguardo e mettere in campo politiche per una vera perequazione economica che interessi tutte le zone svantaggiate del nostro Paese, a partire proprio dalla Montagna, da decenni autentica cenerentola dei programmi di sviluppo nazionali<\/em>\u201d. Le imprese operanti nel territorio di una Zona Economica Speciale, va ricordato, possono beneficiare di un importante pacchetto costituito da agevolazioni fiscali &#8211; sotto forma di credito di imposta -, incentivi economici e semplificazioni amministrative. \u201c<em>Faccio appello alla ministra Carfagna, anche in qualit\u00e0 di ministra per la Coesione Territoriale (!) affinch\u00e9 si adoperi per una revisione organica dei criteri di ammissione alle ZES che non penalizzino pi\u00f9 le aree decentrate come la montagna, nello specifico quella Bellunese che \u2013 come noto \u2013 non gode nemmeno dei benefici delle Regioni o delle Province a statuto speciale. Sarebbe auspicabile, a questo riguardo, un lavoro \u201ca quattro mani\u201d, con la collega del dicastero degli Affari Regionali Mariastella Gelmini: c\u2019\u00e8 davvero la possibilit\u00e0 di mettere fine all\u2019ennesimo esempio di sostegni a due velocit\u00e0 e creare uno strumento in grado di produrre autentica giustizia sociale ed economica!<\/em>\u201d, conclude Scopel. La proposta bellunese gode gi\u00e0 di una sponda parlamentare a Roma. \u201c<em>Si tratta di una battaglia di equit\u00e0 che appoggio in pieno e faccio mia\u201d, aggiunge il deputato azzurro Dario Bond, che aggiunge: \u201cSiamo di fronte ad una opportunit\u00e0 che non possiamo lasciarci sfuggire. Mi rivolgo anche agli altri parlamentari bellunesi, ma non solo, perch\u00e9 su questa partita si consolidi un fronte trasversale per portare in maniera forte la richiesta di revisione delle ZES in tutte le sedi opportune. Una volta licenziata la riforma non ci sar\u00e0 pi\u00f9 modo di intervenire: muoviamoci prima che sia troppo tardi!<\/em>\u201d, conclude Bond.<\/p>\n","protected":false},"excerpt":{"rendered":"<p>BELLUNO E\u2019 di queste ore l\u2019annuncio della Ministra per il Sud Mara Carfagna in merito all\u2019avvio di una riforma strutturale delle ZES, ovvero le Zone Economiche Speciali, istituite qualche anno fa con l\u2019obiettivo di favorire la crescita del Sud Italia e lo sviluppo economico e industriale. \u201cE\u2019 una notizia che non ci deve lasciare per&hellip;<\/p>\n","protected":false},"author":4,"featured_media":195464,"comment_status":"closed","ping_status":"closed","sticky":false,"template":"","format":"standard","meta":{"_monsterinsights_skip_tracking":false,"_monsterinsights_sitenote_active":false,"_monsterinsights_sitenote_note":"","_monsterinsights_sitenote_category":0,"footnotes":""},"categories":[49],"tags":[],"class_list":["post-195463","post","type-post","status-publish","format-standard","has-post-thumbnail","hentry","category-news-18","category-49","description-off"],"img_url":"https:\/\/www.radiopiu.net\/wordpress\/wp-content\/uploads\/2021\/03\/SCOPEL-BOND.jpg","_links":{"self":[{"href":"https:\/\/www.radiopiu.net\/wordpress\/wp-json\/wp\/v2\/posts\/195463","targetHints":{"allow":["GET"]}}],"collection":[{"href":"https:\/\/www.radiopiu.net\/wordpress\/wp-json\/wp\/v2\/posts"}],"about":[{"href":"https:\/\/www.radiopiu.net\/wordpress\/wp-json\/wp\/v2\/types\/post"}],"author":[{"embeddable":true,"href":"https:\/\/www.radiopiu.net\/wordpress\/wp-json\/wp\/v2\/users\/4"}],"replies":[{"embeddable":true,"href":"https:\/\/www.radiopiu.net\/wordpress\/wp-json\/wp\/v2\/comments?post=195463"}],"version-history":[{"count":0,"href":"https:\/\/www.radiopiu.net\/wordpress\/wp-json\/wp\/v2\/posts\/195463\/revisions"}],"wp:featuredmedia":[{"embeddable":true,"href":"https:\/\/www.radiopiu.net\/wordpress\/wp-json\/wp\/v2\/media\/195464"}],"wp:attachment":[{"href":"https:\/\/www.radiopiu.net\/wordpress\/wp-json\/wp\/v2\/media?parent=195463"}],"wp:term":[{"taxonomy":"category","embeddable":true,"href":"https:\/\/www.radiopiu.net\/wordpress\/wp-json\/wp\/v2\/categories?post=195463"},{"taxonomy":"post_tag","embeddable":true,"href":"https:\/\/www.radiopiu.net\/wordpress\/wp-json\/wp\/v2\/tags?post=195463"}],"curies":[{"name":"wp","href":"https:\/\/api.w.org\/{rel}","templated":true}]}}