{"id":195648,"date":"2021-03-09T05:28:38","date_gmt":"2021-03-09T04:28:38","guid":{"rendered":"https:\/\/www.radiopiu.net\/wordpress\/?p=195648"},"modified":"2021-03-09T06:09:47","modified_gmt":"2021-03-09T05:09:47","slug":"i-racconti-di-paolo-soppelsa-sessantacinquesima-puntata","status":"publish","type":"post","link":"https:\/\/www.radiopiu.net\/wordpress\/i-racconti-di-paolo-soppelsa-sessantacinquesima-puntata\/","title":{"rendered":"I RACCONTI DI PAOLO SOPPELSA SESSANTACINQUESIMA PUNTATA"},"content":{"rendered":"<p><strong>DI MARZO\u2026<\/strong><\/p>\n<p><em><strong>AUDIO<\/strong><\/em><\/p>\n<audio class=\"wp-audio-shortcode\" id=\"audio-195648-1\" preload=\"none\" style=\"width: 100%;\" controls=\"controls\"><source type=\"audio\/mpeg\" src=\"https:\/\/www.radiopiu.net\/wordpress\/wp-content\/uploads\/2021\/03\/PAOLO-SOPPELSA-DI-MARZO.mp3?_=1\" \/><a href=\"https:\/\/www.radiopiu.net\/wordpress\/wp-content\/uploads\/2021\/03\/PAOLO-SOPPELSA-DI-MARZO.mp3\">https:\/\/www.radiopiu.net\/wordpress\/wp-content\/uploads\/2021\/03\/PAOLO-SOPPELSA-DI-MARZO.mp3<\/a><\/audio>\n<p>&nbsp;<\/p>\n<p><a href=\"https:\/\/www.radiopiu.net\/wordpress\/i-racconti-di-paolo-soppelsa-sessantacinquesima-puntata\/31daf988-f2b7-4d8b-aad8-e4f97e266102\/\" rel=\"attachment wp-att-195659\"><img loading=\"lazy\" decoding=\"async\" class=\"size-medium wp-image-195659 alignleft\" src=\"https:\/\/www.radiopiu.net\/wordpress\/wp-content\/uploads\/2021\/03\/31daf988-f2b7-4d8b-aad8-e4f97e266102-300x169.jpg\" alt=\"\" width=\"300\" height=\"169\" srcset=\"https:\/\/www.radiopiu.net\/wordpress\/wp-content\/uploads\/2021\/03\/31daf988-f2b7-4d8b-aad8-e4f97e266102-300x169.jpg 300w, https:\/\/www.radiopiu.net\/wordpress\/wp-content\/uploads\/2021\/03\/31daf988-f2b7-4d8b-aad8-e4f97e266102-1024x577.jpg 1024w, https:\/\/www.radiopiu.net\/wordpress\/wp-content\/uploads\/2021\/03\/31daf988-f2b7-4d8b-aad8-e4f97e266102-768x433.jpg 768w, https:\/\/www.radiopiu.net\/wordpress\/wp-content\/uploads\/2021\/03\/31daf988-f2b7-4d8b-aad8-e4f97e266102.jpg 1080w\" sizes=\"auto, (max-width: 300px) 100vw, 300px\" \/><\/a>Erano i giorni in cui la primavera iniziava a liberare i prati dei &#8220;Mos&#8217;ce&#8221; da quella neve sfinita che ormai aveva abbandonato completamente anche il tetto del tabi\u00e0. Tracce d&#8217;erba nuova si mostravano in quel bianco ormai stanco che ancora gelava in certe notti di marzo. Dopo pranzo io e la nonna andavamo a camminare nel tepore di quei pomeriggi di nuvole che correvano sopra le creste ancora innevate del Pelsa. Cento metri &#8220;de stradon&#8221; e poi imboccavamo la ripida salita che conduceva &#8220;ai Piegn&#8221;. Dove l&#8217;asfalto terminava e la strada si trasformava in sentiero c&#8217;era una bella casa con una elegante palizzata in legno. Ci fermavamo qualche attimo a prendere fiato e a guardare l&#8217;aereo di legno posto in cima ad un palo. Era sempre in movimento, con l&#8217;elica che girava grazie al perenne vento d&#8217;inizio primavera che spirava da nord. Poi si ripartiva, percorrendo il breve sentiero pianeggiante che portava al grande masso dove c&#8217;era una semplice &#8220;brega&#8221; che fungeva da panchina. Era in questo luogo, dove si trovava la grande casa fra gli alberi con relativo &#8220;condut&#8221; di legno ubicato nel prato sottostante, che si incrociava la strada forestale che portava &#8220;fora su le zime&#8221;. Quel pomeriggio, sopra il Pelsa stazionavano pesanti nuvole grigie e l&#8217;atmosfera era umida, con il sottobosco bagnato dallo sciogliersi della neve. Nonostante quella sensazione di pioggia imminente, la nonna decise, come accaduto altre volte, di allungare il giro inoltrandosi lungo la stradina sterrata. Dopo il primo ripido strappo prendemmo la mulattiera che in pochi minuti ci avrebbe portato alla &#8220;casa che non c&#8217;era&#8221;. Ovvero quella misteriosa dimora situata nel cuore del bosco, la cui esistenza era testimoniata dalle poche pietre ormai ricoperte di muschio. Ed io tentavo di immaginare questo &#8220;Re da l&#8217;Anime&#8221; che un tempo abitava la &#8220;casa che non c&#8217;era&#8221;. Chiss\u00e0, forse aveva pure una corona d&#8217;oro e gioielli come quelle dei film questo misterioso monarca del regno &#8220;de l&#8217;Anime&#8221;. Nel frattempo arriv\u00f2 la pioggia, dapprima sottile, poi leggermente pi\u00f9 insistente a bagnare i rami ancora spogli dei larici. Cos\u00ec scendemmo lungo un sentiero a me sconosciuto che, mi disse la nonna, ci avrebbe portato in breve tempo &#8220;du inte stradon&#8221;. Camminava leggera, &#8220;in scarpete&#8221; quasi senza guardare dove metteva i piedi. Li conosceva a memoria quei per me ancora misteriosi sentieri che erano parte di quella sua esistenza fatta di fatica e lavoro sui prati e nei campi. Pareva danzare su quei sassi scivolosi ed io la seguivo con l&#8217;agilit\u00e0 dei miei cinque anni. La traccia scendeva ripida fra i muri a secco circondati dalla vegetazione che velocemente cresceva sui prati. Non lo sapevo, allora, che i tempi stavano rapidamente cambiando. I nonni invecchiavano mentre i giovani &#8220;pez&#8221; prendevano il posto delle &#8220;bachete da fasoi&#8221;. Scendemmo ancora un p\u00f2 fino a raggiungere quello che un tempo era &#8220;el ciamp de patate&#8221; ora diventato &#8220;pr\u00e0 da sieg\u00e0 par fa s\u00f9 &#8216;npochi de fas de fen par la vacia&#8221;. Poi, con un ultimo ripido salto, fummo sulla provinciale dove scorrevano dei piccoli rivoli d&#8217;acqua che si incanalavano nella cunetta interna del tornante delle Martinazze. Un quarto d&#8217;ora e fummo a casa ad asciugarci vicino alla &#8220;cosina economica&#8221;. Fuori, le nuvole avevano avvolto il Pelsa e la pioggia scorreva sui teli di naylon che coprivano la legna. Poi, fu un tranquillo abbandonarmi sul divano della cucina, sotto una coperta posata senza che nemmeno me ne accorgessi\u2026Magiche Dolomiti!!<\/p>\n","protected":false},"excerpt":{"rendered":"<p>DI MARZO\u2026 AUDIO &nbsp; Erano i giorni in cui la primavera iniziava a liberare i prati dei &#8220;Mos&#8217;ce&#8221; da quella neve sfinita che ormai aveva abbandonato completamente anche il tetto del tabi\u00e0. Tracce d&#8217;erba nuova si mostravano in quel bianco ormai stanco che ancora gelava in certe notti di marzo. Dopo pranzo io e la&hellip;<\/p>\n","protected":false},"author":4,"featured_media":195659,"comment_status":"closed","ping_status":"closed","sticky":false,"template":"","format":"standard","meta":{"_monsterinsights_skip_tracking":false,"_monsterinsights_sitenote_active":false,"_monsterinsights_sitenote_note":"","_monsterinsights_sitenote_category":0,"footnotes":""},"categories":[104,49,112],"tags":[],"class_list":["post-195648","post","type-post","status-publish","format-standard","has-post-thumbnail","hentry","category-evidenza_3","category-news-18","category-racconti-soppelsa","category-104","category-49","category-112","description-off"],"img_url":"https:\/\/www.radiopiu.net\/wordpress\/wp-content\/uploads\/2021\/03\/31daf988-f2b7-4d8b-aad8-e4f97e266102.jpg","_links":{"self":[{"href":"https:\/\/www.radiopiu.net\/wordpress\/wp-json\/wp\/v2\/posts\/195648","targetHints":{"allow":["GET"]}}],"collection":[{"href":"https:\/\/www.radiopiu.net\/wordpress\/wp-json\/wp\/v2\/posts"}],"about":[{"href":"https:\/\/www.radiopiu.net\/wordpress\/wp-json\/wp\/v2\/types\/post"}],"author":[{"embeddable":true,"href":"https:\/\/www.radiopiu.net\/wordpress\/wp-json\/wp\/v2\/users\/4"}],"replies":[{"embeddable":true,"href":"https:\/\/www.radiopiu.net\/wordpress\/wp-json\/wp\/v2\/comments?post=195648"}],"version-history":[{"count":0,"href":"https:\/\/www.radiopiu.net\/wordpress\/wp-json\/wp\/v2\/posts\/195648\/revisions"}],"wp:featuredmedia":[{"embeddable":true,"href":"https:\/\/www.radiopiu.net\/wordpress\/wp-json\/wp\/v2\/media\/195659"}],"wp:attachment":[{"href":"https:\/\/www.radiopiu.net\/wordpress\/wp-json\/wp\/v2\/media?parent=195648"}],"wp:term":[{"taxonomy":"category","embeddable":true,"href":"https:\/\/www.radiopiu.net\/wordpress\/wp-json\/wp\/v2\/categories?post=195648"},{"taxonomy":"post_tag","embeddable":true,"href":"https:\/\/www.radiopiu.net\/wordpress\/wp-json\/wp\/v2\/tags?post=195648"}],"curies":[{"name":"wp","href":"https:\/\/api.w.org\/{rel}","templated":true}]}}