{"id":195724,"date":"2021-03-09T06:00:32","date_gmt":"2021-03-09T05:00:32","guid":{"rendered":"https:\/\/www.radiopiu.net\/wordpress\/?p=195724"},"modified":"2021-03-09T07:45:33","modified_gmt":"2021-03-09T06:45:33","slug":"giornale-radiopiu-09-marzo-2021-direttore-mirko-mezzacasa","status":"publish","type":"post","link":"https:\/\/www.radiopiu.net\/wordpress\/giornale-radiopiu-09-marzo-2021-direttore-mirko-mezzacasa\/","title":{"rendered":"GIORNALE RADIOPIU 09 MARZO 2021 DIRETTORE MIRKO MEZZACASA"},"content":{"rendered":"<h3><a href=\"https:\/\/www.radiopiu.net\/wordpress\/giornale-radiopiu-24-gennaio-2021-direttore-mirko-mezzacasa\/141433770_171616291414874_2957460898102012198_n\/\" rel=\"attachment wp-att-186566\"><img loading=\"lazy\" decoding=\"async\" class=\"wp-image-186566 alignleft\" src=\"https:\/\/www.radiopiu.net\/wordpress\/wp-content\/uploads\/2021\/01\/141433770_171616291414874_2957460898102012198_n-300x300.jpg\" alt=\"\" width=\"144\" height=\"144\" srcset=\"https:\/\/www.radiopiu.net\/wordpress\/wp-content\/uploads\/2021\/01\/141433770_171616291414874_2957460898102012198_n-300x300.jpg 300w, https:\/\/www.radiopiu.net\/wordpress\/wp-content\/uploads\/2021\/01\/141433770_171616291414874_2957460898102012198_n-150x150.jpg 150w, https:\/\/www.radiopiu.net\/wordpress\/wp-content\/uploads\/2021\/01\/141433770_171616291414874_2957460898102012198_n-768x768.jpg 768w, https:\/\/www.radiopiu.net\/wordpress\/wp-content\/uploads\/2021\/01\/141433770_171616291414874_2957460898102012198_n.jpg 800w\" sizes=\"auto, (max-width: 144px) 100vw, 144px\" \/><\/a>PER<strong> RICEVERE QUESTO NOTIZIARIO DIRETTAMENTE SUL TUO CELLULARE ISCRIVITI AL CANALE TELEGRAM <\/strong><strong>\u201cRADIO PIU\u00a0 INFORMAZIONE&#8221;\u00a0<\/strong><\/h3>\n<h3>SUPERATI I 3000 ISCRITTI, il CANALE TELEGRAM&#8230; UNISCITI A: RADIO PIU INFORMAZIONE<\/h3>\n<p>&nbsp;<\/p>\n<p>&nbsp;<\/p>\n<p><em><a href=\"https:\/\/www.radiopiu.net\/wordpress\/giornale-radiopiu-24-gennaio-2021-direttore-mirko-mezzacasa\/79216601_126817312416448_708980208774483089_n\/\" rel=\"attachment wp-att-186567\"><img loading=\"lazy\" decoding=\"async\" class=\"size-medium wp-image-186567 alignright\" src=\"https:\/\/www.radiopiu.net\/wordpress\/wp-content\/uploads\/2021\/01\/79216601_126817312416448_708980208774483089_n-300x114.jpg\" alt=\"\" width=\"300\" height=\"114\" srcset=\"https:\/\/www.radiopiu.net\/wordpress\/wp-content\/uploads\/2021\/01\/79216601_126817312416448_708980208774483089_n-300x114.jpg 300w, https:\/\/www.radiopiu.net\/wordpress\/wp-content\/uploads\/2021\/01\/79216601_126817312416448_708980208774483089_n-768x292.jpg 768w, https:\/\/www.radiopiu.net\/wordpress\/wp-content\/uploads\/2021\/01\/79216601_126817312416448_708980208774483089_n.jpg 820w\" sizes=\"auto, (max-width: 300px) 100vw, 300px\" \/><\/a><span style=\"color: #ff0000;\">ATTENZIONE: LA NUOVA APP PER IOS-IPHONE di Nicola Vettorello <\/span><\/em><a href=\"https:\/\/apps.apple.com\/it\/app\/radio-pi%C3%B9-emittente-agordina\/id1515939845\">https:\/\/apps.apple.com\/it\/app\/radio-pi%C3%B9-emittente-agordina\/id1515939845<\/a><\/p>\n<p><em style=\"color: #ff0000;\">ATTENZIONE: LA NUOVA APP RADIO\u00a0 PER ANDROID di Nicola Vettorello<\/em><\/p>\n<p><a href=\"https:\/\/play.google.com\/store\/apps\/details?id=net.radiopiu.iniko\" target=\"_blank\" rel=\"noopener noreferrer\">https:\/\/play.google.com\/store\/apps\/details?id=net.radiopiu.iniko\u00a0\u00a0<\/a><\/p>\n<p>&nbsp;<\/p>\n<p>&nbsp;<\/p>\n<hr \/>\n<p>&nbsp;<\/p>\n<blockquote>\n<h2 style=\"text-align: center;\">OGGI I FUNERALI DI KATIA<\/h2>\n<\/blockquote>\n<p><a href=\"https:\/\/www.radiopiu.net\/wordpress\/giornale-radiopiu-09-marzo-2021-direttore-mirko-mezzacasa\/katia-moretti-1\/\" rel=\"attachment wp-att-195936\"><img loading=\"lazy\" decoding=\"async\" class=\"size-medium wp-image-195936 alignleft\" src=\"https:\/\/www.radiopiu.net\/wordpress\/wp-content\/uploads\/2021\/03\/katia-moretti-1-212x300.jpg\" alt=\"\" width=\"212\" height=\"300\" srcset=\"https:\/\/www.radiopiu.net\/wordpress\/wp-content\/uploads\/2021\/03\/katia-moretti-1-212x300.jpg 212w, https:\/\/www.radiopiu.net\/wordpress\/wp-content\/uploads\/2021\/03\/katia-moretti-1-723x1024.jpg 723w, https:\/\/www.radiopiu.net\/wordpress\/wp-content\/uploads\/2021\/03\/katia-moretti-1-768x1088.jpg 768w, https:\/\/www.radiopiu.net\/wordpress\/wp-content\/uploads\/2021\/03\/katia-moretti-1.jpg 899w\" sizes=\"auto, (max-width: 212px) 100vw, 212px\" \/><\/a><\/p>\n<p>&nbsp;<\/p>\n<p>&nbsp;<\/p>\n<p>&nbsp;<\/p>\n<h3><em>Saranno celebrati oggi alle 10:30 nella Chiesa Arcidiaconale di Agordo i funerali di Katia Moretti. <\/em><\/h3>\n<h3><em>Un messaggio di vicinanza al pap\u00e0 Attilio, la mamma Gemma e la sorella Martina\u00a0 dalla redazione di Radio Pi\u00f9<\/em><\/h3>\n<p>&nbsp;<\/p>\n<p>&nbsp;<\/p>\n<p>&nbsp;<\/p>\n<blockquote><p><strong> DI GIANNI SANTOMASO<\/strong><\/p><\/blockquote>\n<audio class=\"wp-audio-shortcode\" id=\"audio-195724-1\" preload=\"none\" style=\"width: 100%;\" controls=\"controls\"><source type=\"audio\/mpeg\" src=\"https:\/\/www.radiopiu.net\/wordpress\/wp-content\/uploads\/2021\/03\/GIANNI-KATIA-MORETTI.mp3?_=1\" \/><a href=\"https:\/\/www.radiopiu.net\/wordpress\/wp-content\/uploads\/2021\/03\/GIANNI-KATIA-MORETTI.mp3\">https:\/\/www.radiopiu.net\/wordpress\/wp-content\/uploads\/2021\/03\/GIANNI-KATIA-MORETTI.mp3<\/a><\/audio>\n<p>&nbsp;<\/p>\n<p>&nbsp;<\/p>\n<p>&nbsp;<\/p>\n<p>&nbsp;<\/p>\n<hr \/>\n<p>&nbsp;<\/p>\n<blockquote>\n<h2>GALLERIA COMELICO, PROROGATA L&#8217;ORDINANZA DI CHIUSURA NOTTURNA<\/h2>\n<\/blockquote>\n<blockquote>\n<h3><em><img loading=\"lazy\" decoding=\"async\" class=\"alignleft\" src=\"https:\/\/www.radiopiu.net\/wordpress\/wp-content\/uploads\/2020\/05\/VENETO-STRADE-300x300.png\" width=\"123\" height=\"123\" \/>PROCEDONO I RILIEVI\u00a0PRESSO LA GALLERIA COMELICO SULLA SS 52 IN PROVINCIA DI BELLUNO<\/em><\/h3>\n<\/blockquote>\n<p>Per consentire l\u2019avanzamento delle indagini geognostiche e geofisiche nella galleria Comelico, sono state programmate nuove limitazioni temporanee al transito lungo la strada statale 52 \u201cCarnica\u201d. Da oggi e fino a venerd\u00ec 19 marzo, nella fascia 21:15- 5:45, giorni festivi esclusi, sar\u00e0 chiusa al transito la galleria Comelico, dal km 81 al km 85. Il traffico veicolare sar\u00e0 deviato sulla SP 532 Passo S. Antonio; i mezzi pesanti trainanti un rimorchio saranno invece deviati sulla SR 48 delle Dolomiti e sulla SP 49 Misurina.<\/p>\n<p>&nbsp;<\/p>\n<p>&nbsp;<\/p>\n<hr \/>\n<p>&nbsp;<\/p>\n<p><strong>PROVINCIALE 8 DI SAN TOMASO<\/strong>,\u00a0In localit\u00e0 Coi per la\u00a0 messa in sicurezza della strada, senso unico alternato regolato da movieri dalle 8 alle 17, dal lunedi al venerdi\u00a0 e brevi interruzioni fino a 20 minuti dalle 8 alle 12 e dalle 13.30 alle 17.\u00a0 Fino al 18 marzo.<\/p>\n<p>&nbsp;<\/p>\n<hr \/>\n<p>&nbsp;<\/p>\n<p><strong><a href=\"https:\/\/www.radiopiu.net\/wordpress\/giornale-radiopiu-09-agosto-2018-direttore-mirko-mezzacasa\/acqua\/\" rel=\"attachment wp-att-57052\"><img loading=\"lazy\" decoding=\"async\" class=\" wp-image-57052 alignleft\" src=\"https:\/\/www.radiopiu.net\/wordpress\/wp-content\/uploads\/2018\/08\/ACQUA-300x180.jpeg\" alt=\"\" width=\"253\" height=\"152\" srcset=\"https:\/\/www.radiopiu.net\/wordpress\/wp-content\/uploads\/2018\/08\/ACQUA-300x180.jpeg 300w, https:\/\/www.radiopiu.net\/wordpress\/wp-content\/uploads\/2018\/08\/ACQUA-768x461.jpeg 768w, https:\/\/www.radiopiu.net\/wordpress\/wp-content\/uploads\/2018\/08\/ACQUA-1024x614.jpeg 1024w, https:\/\/www.radiopiu.net\/wordpress\/wp-content\/uploads\/2018\/08\/ACQUA.jpeg 1280w\" sizes=\"auto, (max-width: 253px) 100vw, 253px\" \/><\/a><\/strong><strong>A RIVAMONTE AGORDINO nelle localit\u00e0 MIOTTE, ZENICH, MOTTES, ZEP-SCHENA, SARET, ROSTE, PALUCH, GONA DI CONEDERA, PONTE ALTO, LONIE, SANTEL, ROSSON, VIA ROMA, VILLAGRANDE E TOS, l&#8217;acqua erogata dall&#8217;acquedotto non \u00e8 potabile e pu\u00f2 essere usata per scopi alimentari SOLO PREVIA bollitura.\u00a0<\/strong><\/p>\n<p>&nbsp;<\/p>\n<p><span style=\"color: #ff0000;\">\u00a0<strong>RIVAMONTE<\/strong> Per lavori alla rete idrica comunale, domani\u00a0 dalle\u00a0 8:30 fino al termine dei lavori verr\u00e0 sospesa l\u2019erogazione dell\u2019acqua\u00a0 in localit\u00e0 Tos.\u00a0<\/span><\/p>\n<p>&nbsp;<\/p>\n<hr \/>\n<p>&nbsp;<\/p>\n<h2><a href=\"https:\/\/www.radiopiu.net\/wordpress\/giornale-radiopiu-09-marzo-2021-direttore-mirko-mezzacasa\/158085219_10158838254036970_5080964203582109294_o\/\" rel=\"attachment wp-att-195952\"><img loading=\"lazy\" decoding=\"async\" class=\"wp-image-195952 alignleft\" src=\"https:\/\/www.radiopiu.net\/wordpress\/wp-content\/uploads\/2021\/03\/158085219_10158838254036970_5080964203582109294_o-300x225.jpg\" alt=\"\" width=\"201\" height=\"151\" srcset=\"https:\/\/www.radiopiu.net\/wordpress\/wp-content\/uploads\/2021\/03\/158085219_10158838254036970_5080964203582109294_o-300x225.jpg 300w, https:\/\/www.radiopiu.net\/wordpress\/wp-content\/uploads\/2021\/03\/158085219_10158838254036970_5080964203582109294_o.jpg 720w\" sizes=\"auto, (max-width: 201px) 100vw, 201px\" \/><\/a>OGGI I COMPLIMENTI A&#8230;.<\/h2>\n<p>Ai ragazzi del comitato Veneto di sci nordico che con\u00a0 Vanessa Cagnati ed Alex Rossi hanno conquistato la medaglia d&#8217;argento alla staffetta dei campionati italiani di Schilpario.<\/p>\n<p>&nbsp;<\/p>\n<p>&nbsp;<\/p>\n<p>&nbsp;<\/p>\n<blockquote>\n<h2><a class=\"dt-pswp-item\" href=\"https:\/\/www.radiopiu.net\/wordpress\/wp-content\/uploads\/2021\/03\/158585595_3637796066331384_1500153076044471819_o-1.jpg\" data-dt-img-description=\"\" data-large_image_width=\"526\" data-large_image_height=\"275\"><img loading=\"lazy\" decoding=\"async\" class=\"size-medium wp-image-195961 alignleft\" src=\"https:\/\/www.radiopiu.net\/wordpress\/wp-content\/uploads\/2021\/03\/158585595_3637796066331384_1500153076044471819_o-1-300x157.jpg\" alt=\"\" width=\"300\" height=\"157\" srcset=\"https:\/\/www.radiopiu.net\/wordpress\/wp-content\/uploads\/2021\/03\/158585595_3637796066331384_1500153076044471819_o-1-300x157.jpg 300w, https:\/\/www.radiopiu.net\/wordpress\/wp-content\/uploads\/2021\/03\/158585595_3637796066331384_1500153076044471819_o-1.jpg 526w\" sizes=\"auto, (max-width: 300px) 100vw, 300px\" \/><\/a>DI AD AGORDO PROLOCO INTERVISTA\u00a0 ALLE DONNE DI RADIOPIU&#8217;<\/h2>\n<\/blockquote>\n<p>Siete pronti per l&#8217;ultima diretta marted\u00ec 09 alle ore 20.30? Noi s\u00ec e siamo anche tristi che sia l&#8217;ultima! Ma non vediamo l&#8217;ora di intervistare le quattro donne del mondo di RadioPi\u00f9! In questa serata avremo come ospiti Claudia Cattadori, Paola Lanciato, Luisa Alchini e Brunella Moro. Con loro parleremo di sport, di cultura, di tradizione e del territorio, di musica, di scrittura e chi pi\u00f9 ne ha pi\u00f9 ne metta. Eh s\u00ec perch\u00e9 le nostre ospiti hanno tantissime passioni e sono specializzate in vari ambiti. Un&#8217;oretta per condividere insieme una interessante chiacchierata. Speriamo di essere all&#8217;altezza delle nostre ospiti (vedremo di prepararci per bene)! Ci vediamo STASERA qui su Facebook in diretta!<\/p>\n<p>&nbsp;<\/p>\n<p>&nbsp;<\/p>\n<hr \/>\n<h3 style=\"text-align: left;\">DOMANI MATTINATA DI DISAGI NEL COMUNE DI SEDICO PER LAVORI ALLA RETE IDRICA<\/h3>\n<p><strong><a href=\"https:\/\/www.radiopiu.net\/wordpress\/giornale-radiopiu-22-febbraio-2015-direttore-mirko-mezzacasa\/intervento-tubi-acqua-piscina-1\/\" rel=\"attachment wp-att-77211\"><img loading=\"lazy\" decoding=\"async\" class=\"wp-image-77211 alignleft\" src=\"https:\/\/www.radiopiu.net\/wordpress\/wp-content\/uploads\/2019\/02\/Intervento-tubi-acqua-piscina-1-300x225.jpeg\" alt=\"\" width=\"124\" height=\"93\" srcset=\"https:\/\/www.radiopiu.net\/wordpress\/wp-content\/uploads\/2019\/02\/Intervento-tubi-acqua-piscina-1-300x225.jpeg 300w, https:\/\/www.radiopiu.net\/wordpress\/wp-content\/uploads\/2019\/02\/Intervento-tubi-acqua-piscina-1-768x576.jpeg 768w, https:\/\/www.radiopiu.net\/wordpress\/wp-content\/uploads\/2019\/02\/Intervento-tubi-acqua-piscina-1-1024x768.jpeg 1024w, https:\/\/www.radiopiu.net\/wordpress\/wp-content\/uploads\/2019\/02\/Intervento-tubi-acqua-piscina-1.jpeg 1600w\" sizes=\"auto, (max-width: 124px) 100vw, 124px\" \/><\/a>SEDICO<\/strong><\/p>\n<p><strong>DAMIANO TORMEN\u00a0<\/strong><\/p>\n<audio class=\"wp-audio-shortcode\" id=\"audio-195724-2\" preload=\"none\" style=\"width: 100%;\" controls=\"controls\"><source type=\"audio\/mpeg\" src=\"https:\/\/www.radiopiu.net\/wordpress\/wp-content\/uploads\/2021\/03\/damiano-sedico.mp3?_=2\" \/><a href=\"https:\/\/www.radiopiu.net\/wordpress\/wp-content\/uploads\/2021\/03\/damiano-sedico.mp3\">https:\/\/www.radiopiu.net\/wordpress\/wp-content\/uploads\/2021\/03\/damiano-sedico.mp3<\/a><\/audio>\n<p>&nbsp;<\/p>\n<hr \/>\n<p>&nbsp;<\/p>\n<h2><span style=\"color: #ff0000;\">100.000 MORTI IN ITALIA, 10.000 IN VENETO<\/span><\/h2>\n<blockquote>\n<h3>DI NUOVO LE SCUOLE CHIUSE DA GIOVEDI,\u00a0 LA TERZA ONDATA METTE PAURA.<\/h3>\n<\/blockquote>\n<p><strong>IN ITALIA<\/strong> Le terapie intensive sono piene, \u00e8 salito l&#8217;indice di contagio e il CTS valuta le chiusure. Oggi la riunione del Comitato, l&#8217;indice Rt a 1,3. Ieri poco meno di 14mila nuovi casi, 95 persone in pi\u00f9 in terapia intensiva, 329 attualmente positivi in meno, 95 decessi. le regionicon pi\u00f9 contagi: Emilia Romagna +2900, Lombardia+2300, Piemonte +1600 e Lazio +1100 <strong>IN REGIONE <\/strong>Ci sono delle zone del Veneto prossime alla zona rossa dove l&#8217;indice di contagio ha superato i valori limiti dei 250 contagi ogni 100mila abitanti. Sono 4 i distretti sanitari dove scatter\u00e0 la chiusura delle scuole con \u00a0didattica a distanza per tutti. dalla seconda media in su. Altri due distretti veneti sono a forte rischio di chiusura. A forte rischio di chiusura\u00a0 anche Belluno.\u00a0<strong>I NUMERI<\/strong> Asolo: 268,51, Veneto Orientale 302, Padova Terme 266, Alta Padovana 272. In provincia: Belluno 248,52 (al limite), Feltre 112,11. <strong>S&#8217;IMPENNA IL TASSO DI CONTAGIO OGGI AL 7%<\/strong>: 757 positivi su 10.260 tamponi nelle ultime ventiquattr&#8217;ore.\u00a0 In tre province cresce la curva del contagio: Padova, Treviso e Verona. Decessi: 10003 da inizio pandemia (+31), 66 pazienti ricoverati in 24 ore (1294) in terapia intensiva 158.<strong> NUOVI FOCOLAI NELL&#8217;AGORDINO soprattutto nella zona della Valle del Biois <\/strong>CANALE D&#8217;AGORDO 5 positivi, 1 isolamento (2-3 il precedente), FALCADE 19-10 (16-6) ROCCA PIETORE 1-3 (invariato) TAIBON 2-4 (1-3) AGORDO 12-8 (9-10). DECESSI Nel 2020 in provincia di Belluno si sono contati 320 morti in pi\u00f9, 2947 decessi rispetto alla media di 2627 con una percentuale del 12,2% in pi\u00f9, tra gli over 85 le morti sono cresciute del 21%.<\/p>\n<p>&nbsp;<\/p>\n<blockquote>\n<h2>COVID: IL PUNTO SETTIMANALE IN PROVINCIA DI BELLUNO<\/h2>\n<\/blockquote>\n<p><strong>BELLUNO <\/strong>L\u2019Ulss Dolomiti fa il punto settimanale della situazione epidemiologica Covid. Come rappresentato dal grafico sotto riportato della curva epidemica della seconda fase dello sviluppo pandemico nel nostro territorio, l\u2019andamento dei nuovi contagi \u00e8 in crescita.<\/p>\n<p><a href=\"https:\/\/www.radiopiu.net\/wordpress\/covid-il-punto-settimanale-in-provincia-di-belluno\/1-75\/\" rel=\"attachment wp-att-195915\"><img loading=\"lazy\" decoding=\"async\" class=\"alignnone wp-image-195915 size-full\" src=\"https:\/\/www.radiopiu.net\/wordpress\/wp-content\/uploads\/2021\/03\/1.png\" alt=\"\" width=\"974\" height=\"428\" srcset=\"https:\/\/www.radiopiu.net\/wordpress\/wp-content\/uploads\/2021\/03\/1.png 974w, https:\/\/www.radiopiu.net\/wordpress\/wp-content\/uploads\/2021\/03\/1-300x132.png 300w, https:\/\/www.radiopiu.net\/wordpress\/wp-content\/uploads\/2021\/03\/1-768x337.png 768w\" sizes=\"auto, (max-width: 974px) 100vw, 974px\" \/><\/a><\/p>\n<p>L\u2019istogramma rappresenta\u00a0 il trend dei nuovi positivi per settimana in\u00a0 Ulss Dolomiti <em>(fonte: Ulss Dolomiti)<\/em><\/p>\n<p><strong><u>Tamponi <\/u><\/strong>A ieri mattina alle ore 8.00, dall\u2019inizio dell\u2019epidemia, sono stati effettuati: 211 mila tamponi molecolari e 155 mila tamponi antigenici.<\/p>\n<p><strong><u>Incidenza settimanale per comune <\/u><\/strong>Si allega la mappa dell\u2019incidenza settimanale per comune su mille abitanti nell\u2019ultima settimana di rilevazione (01-07 marzo 2021).<\/p>\n<p><strong><a href=\"https:\/\/www.radiopiu.net\/wordpress\/covid-il-punto-settimanale-in-provincia-di-belluno\/2-79\/\" rel=\"attachment wp-att-195916\"><img loading=\"lazy\" decoding=\"async\" class=\"alignnone wp-image-195916 size-full\" src=\"https:\/\/www.radiopiu.net\/wordpress\/wp-content\/uploads\/2021\/03\/2.png\" alt=\"\" width=\"966\" height=\"996\" srcset=\"https:\/\/www.radiopiu.net\/wordpress\/wp-content\/uploads\/2021\/03\/2.png 966w, https:\/\/www.radiopiu.net\/wordpress\/wp-content\/uploads\/2021\/03\/2-291x300.png 291w, https:\/\/www.radiopiu.net\/wordpress\/wp-content\/uploads\/2021\/03\/2-768x792.png 768w\" sizes=\"auto, (max-width: 966px) 100vw, 966px\" \/><\/a><\/strong><\/p>\n<p><strong>Ricoveri<\/strong><\/p>\n<p>Il grafico complessivo sotto riportato specifica, in rapporto all\u2019andamento epidemico dei contagi, le curve relative ai ricoveri ospedalieri per grado di intensit\u00e0 assistenziale, oltre alla curva dei decessi.<\/p>\n<p><a href=\"https:\/\/www.radiopiu.net\/wordpress\/covid-il-punto-settimanale-in-provincia-di-belluno\/3-66\/\" rel=\"attachment wp-att-195917\"><img loading=\"lazy\" decoding=\"async\" class=\"alignnone wp-image-195917 size-full\" src=\"https:\/\/www.radiopiu.net\/wordpress\/wp-content\/uploads\/2021\/03\/3.png\" alt=\"\" width=\"964\" height=\"598\" srcset=\"https:\/\/www.radiopiu.net\/wordpress\/wp-content\/uploads\/2021\/03\/3.png 964w, https:\/\/www.radiopiu.net\/wordpress\/wp-content\/uploads\/2021\/03\/3-300x186.png 300w, https:\/\/www.radiopiu.net\/wordpress\/wp-content\/uploads\/2021\/03\/3-768x476.png 768w\" sizes=\"auto, (max-width: 964px) 100vw, 964px\" \/><\/a><\/p>\n<p>La pressione sulle strutture ospedaliere risulta sostanzialmente invariata rispetto alla scorsa settimana (vedi grafici successivi)<\/p>\n<p><a href=\"https:\/\/www.radiopiu.net\/wordpress\/covid-il-punto-settimanale-in-provincia-di-belluno\/4-37\/\" rel=\"attachment wp-att-195924\"><img loading=\"lazy\" decoding=\"async\" class=\"alignnone wp-image-195924 size-full\" src=\"https:\/\/www.radiopiu.net\/wordpress\/wp-content\/uploads\/2021\/03\/4.png\" alt=\"\" width=\"964\" height=\"956\" srcset=\"https:\/\/www.radiopiu.net\/wordpress\/wp-content\/uploads\/2021\/03\/4.png 964w, https:\/\/www.radiopiu.net\/wordpress\/wp-content\/uploads\/2021\/03\/4-300x298.png 300w, https:\/\/www.radiopiu.net\/wordpress\/wp-content\/uploads\/2021\/03\/4-150x150.png 150w, https:\/\/www.radiopiu.net\/wordpress\/wp-content\/uploads\/2021\/03\/4-768x762.png 768w\" sizes=\"auto, (max-width: 964px) 100vw, 964px\" \/><\/a><\/p>\n<p>&nbsp;<\/p>\n<p>&nbsp;<\/p>\n<hr \/>\n<p>&nbsp;<\/p>\n<blockquote>\n<h3>UN DECESSO E 51 NUOVI POSITIVI IN ULSS 1 DOLOMITI NELLE ULTIME 24 ORE<\/h3>\n<\/blockquote>\n<p><strong>BELLUNO<\/strong> Nelle ultime 24 ore \u00e8 deceduto un uomo di anni 87 ricoverato in Geriatria covid a Belluno. Sono 51 le nuove positivit\u00e0 in ULSS 1 Dolomiti, 920 le persone attualmente positive.<\/p>\n<p><strong>Ricoveri \u00a0\u00a0\u00a0\u00a0\u00a0\u00a0\u00a0\u00a0\u00a0\u00a0\u00a0\u00a0\u00a0\u00a0\u00a0\u00a0\u00a0\u00a0\u00a0\u00a0\u00a0\u00a0\u00a0\u00a0\u00a0\u00a0\u00a0\u00a0\u00a0\u00a0\u00a0\u00a0\u00a0 <\/strong><\/p>\n<p><em>(dato alle ore 17.00 fonte: Azienda Zero)<\/em><\/p>\n<p>Le persone attualmente POSITIVE ricoverate negli ospedali dell\u2019Ulss Dolomiti sono:<\/p>\n<table>\n<tbody>\n<tr>\n<td width=\"217\"><strong>\u00a0<\/strong><\/td>\n<td width=\"217\"><strong>Area NON CRITICA<\/strong><\/td>\n<td width=\"217\"><strong>Terapia Intensiva<\/strong><\/td>\n<\/tr>\n<tr>\n<td width=\"217\"><strong>Ospedale di Belluno <\/strong><\/td>\n<td width=\"217\">35<\/td>\n<td width=\"217\">5<\/td>\n<\/tr>\n<tr>\n<td width=\"217\"><strong>Ospedale di Feltre<\/strong><\/td>\n<td width=\"217\">8<\/td>\n<td width=\"217\">4<\/td>\n<\/tr>\n<\/tbody>\n<\/table>\n<p>&nbsp;<\/p>\n<p>Le persone attualmente POSITIVE ricoverate in Ospedale di Comunit\u00e0 sono:<\/p>\n<table>\n<tbody>\n<tr>\n<td width=\"326\"><strong>\u00a0<\/strong><\/td>\n<td width=\"326\"><strong>pazienti attualmente positivi<\/strong><\/td>\n<\/tr>\n<tr>\n<td width=\"326\"><strong>Ospedale di Comunit\u00e0 di BELLUNO<\/strong><\/td>\n<td width=\"326\">9<\/td>\n<\/tr>\n<tr>\n<td width=\"326\"><strong>Ospedale di Comunit\u00e0 di FELTRE<\/strong><\/td>\n<td width=\"326\">6<\/td>\n<\/tr>\n<\/tbody>\n<\/table>\n<p>&nbsp;<\/p>\n<p>Ad oggi sono state somministrate in Ulss Dolomiti oltre 20.200 dosi di vaccino anti covid, di cui 12.600 prime dosi. Le persone che hanno completato il percorso di immunizzazione sono 7.600. Sono state avviate la vaccinazione delle persone estremamente vulnerabili a cura dei servizi specialistici ospedalieri e delle Forze dell\u2019ordine. Inoltre, \u00e8 in corso di potenziamento e accelerazione la programmazione delle convocazioni alla vaccinazione, in base alle nuove disponibilit\u00e0 di vaccini.<\/p>\n<p>&nbsp;<\/p>\n<p>&nbsp;<\/p>\n<hr \/>\n<p>&nbsp;<\/p>\n<blockquote>\n<h2>DEPOSITO INCONTROLLATO DI RIFIUTI SPECIALI ALLO STATO LIQUIDO<\/h2>\n<\/blockquote>\n<p><strong>SEREN DEL GRAPPA\u00a0<\/strong> I Carabinieri Forestali della Stazione di Fonzaso,\u00a0 hanno individuato un deposito di rifiuti speciali nelle pertinenze di un impianto industriale operante nel settore dell\u2019occhialeria a Seren del Grappa. In seguito a successive indagini\u00a0 \u00e8 stato appurato che si trattava di diverse tipologie rifiuti speciali sia allo stato solido che allo stato liquido conseguenti le lavorazioni relative alla minuteria del settore. Il materiale, che era stoccato all\u2019interno di bidoni e taniche, in seguito a rilievi specifici \u00e8 stato stimato in\u00a0 4775 litri di rifiuti speciali pericolosi e 1275 litri di rifiuti speciali non pericolosi. I rifiuti erano stati prodotti nel 2019 dalla ditta ed erano depositati nelle pertinenze aziendali da pi\u00f9 di un anno, termine massimo previsto per legge per il deposito temporaneo motivo per cui i militari hanno proceduto al deferimento all\u2019Autorit\u00e0 Giudiziaria\u00a0 dei rappresentanti legali della azienda entrambi residenti nel bellunese.<\/p>\n\n\t\t\t<style type='text\/css'>\n\t\t\t\t#gallery-1 {\n\t\t\t\t\tmargin: auto;\n\t\t\t\t}\n\t\t\t\t#gallery-1 .gallery-item {\n\t\t\t\t\tfloat: left;\n\t\t\t\t\tmargin-top: 10px;\n\t\t\t\t\ttext-align: center;\n\t\t\t\t\twidth: 33%;\n\t\t\t\t}\n\t\t\t\t#gallery-1 img {\n\t\t\t\t\tborder: 2px solid #cfcfcf;\n\t\t\t\t}\n\t\t\t\t#gallery-1 .gallery-caption {\n\t\t\t\t\tmargin-left: 0;\n\t\t\t\t}\n\t\t\t\t\/* see gallery_shortcode() in wp-includes\/media.php *\/\n\t\t\t<\/style>\n\t\t<div id='gallery-1' class='dt-gallery-container gallery galleryid-195724 gallery-columns-3 gallery-size-thumbnail'><dl class='gallery-item'>\n\t\t\t\t<dt class='gallery-icon landscape'>\n\t\t\t\t\t<a class=\"rollover rollover-zoom dt-pswp-item\" title=\"20200925_102155\" data-dt-img-description=\"\" data-large_image_width=\"2560\" data-large_image_height=\"1440\"href='https:\/\/www.radiopiu.net\/wordpress\/wp-content\/uploads\/2021\/03\/20200925_102155-scaled.jpg'><img loading=\"lazy\" decoding=\"async\" width=\"150\" height=\"150\" src=\"https:\/\/www.radiopiu.net\/wordpress\/wp-content\/uploads\/2021\/03\/20200925_102155-150x150.jpg\" class=\"attachment-thumbnail size-thumbnail\" alt=\"CARABINIERI FORESTALI\" \/><\/a>\n\t\t\t\t<\/dt><\/dl><dl class='gallery-item'>\n\t\t\t\t<dt class='gallery-icon landscape'>\n\t\t\t\t\t<a class=\"rollover rollover-zoom dt-pswp-item\" title=\"foto 1\" data-dt-img-description=\"\" data-large_image_width=\"1024\" data-large_image_height=\"768\"href='https:\/\/www.radiopiu.net\/wordpress\/wp-content\/uploads\/2021\/03\/foto-1.jpg'><img loading=\"lazy\" decoding=\"async\" width=\"150\" height=\"150\" src=\"https:\/\/www.radiopiu.net\/wordpress\/wp-content\/uploads\/2021\/03\/foto-1-150x150.jpg\" class=\"attachment-thumbnail size-thumbnail\" alt=\"\" \/><\/a>\n\t\t\t\t<\/dt><\/dl><dl class='gallery-item'>\n\t\t\t\t<dt class='gallery-icon landscape'>\n\t\t\t\t\t<a class=\"rollover rollover-zoom dt-pswp-item\" title=\"foto 3\" data-dt-img-description=\"\" data-large_image_width=\"1024\" data-large_image_height=\"768\"href='https:\/\/www.radiopiu.net\/wordpress\/wp-content\/uploads\/2021\/03\/foto-3.jpg'><img loading=\"lazy\" decoding=\"async\" width=\"150\" height=\"150\" src=\"https:\/\/www.radiopiu.net\/wordpress\/wp-content\/uploads\/2021\/03\/foto-3-150x150.jpg\" class=\"attachment-thumbnail size-thumbnail\" alt=\"\" \/><\/a>\n\t\t\t\t<\/dt><\/dl><br style=\"clear: both\" \/>\n\t\t\t<\/div>\n\n<p>&nbsp;<\/p>\n<hr \/>\n<p>&nbsp;<\/p>\n<p>&nbsp;<\/p>\n<blockquote>\n<h3>TROVATO IL MAGAZZINO DELLA REFURTIVA<\/h3>\n<\/blockquote>\n<p><strong>CHIES D&#8217;ALPAGO<\/strong> C&#8217;\u00e8 un sospettato per i furti nelle villette del villaggio di Mont: i carabinieri stanno indagando su una persona della zona alpagota, nella disponibilit\u00e0 della quale avrebbero trovato il deposito (un garage) di stoccaggio della refurtiva. Almeno sei le villette che erano state ripulite di materiale elettronico e tecnologico. I ladri, si ipotizzano almeno due persone\u00a0 entravano scassando gli ingressi. I carabinieri di Alpago sono riusciti a individuare il deposito dove presumibilmente era stato stoccato il materiale-refurtiva<\/p>\n<p>&nbsp;<\/p>\n<hr \/>\n<p>&nbsp;<\/p>\n<p><strong>OGGI CUL CORRIERE DELLE ALPI<\/strong><br \/>\n<strong>di GIGI SOSSO<\/strong><\/p>\n<blockquote>\n<h3>PADRONA DI CASA DIFFAMA SUI SOCIALE DUE INQUILINI, ORA PAGA<\/h3>\n<\/blockquote>\n<p><strong>RIVAMONTE<\/strong>\u00a0 Diffama gli inquilini su Facebook. Lui descritto come \u00abun sorcio che gli cade la dentiera e ha pure gli apparecchi acustici\u00bb; lei come \u00abuna commessa maleducata\u00bb di un supermercato dell&#8217;Agordino. La padrona di casa C. D. D. \u00e8 stata condannata dal giudice Berletti a cinque mesi e 400 euro di multa con la sospensione condizionale e un risarcimento danni complessivo di 5 mila 500 euro. La Procura della Repubblica aveva chiesto una maggiore severit\u00e0, arrivando a sei mesi senza attenuanti generiche e condizionale e il difensore di parte civile Raffaele Addamiano di euro ne avrebbe voluti 20 mila, oltre alla pubblicazione della sentenza sui giornali.<\/p>\n<p>&nbsp;<\/p>\n<hr \/>\n<p>&nbsp;<\/p>\n<blockquote>\n<h3>LUPO, BORTOLUZZI: \u00abPRESENZA SEMPRE PI\u00d9 VICINA ALLE CASE, SERVE UN PIANO DI GESTIONE DIVERSO\u00bb<\/h3>\n<\/blockquote>\n<p><strong>BELLUNO<\/strong> \u00ab<em>Per la tutela della piccola agricoltura di montagna, degli hobbisti dell\u2019allevamento e anche in ottica di mantenimento del territorio serve un piano di gestione del lupo. Anche per il benessere del lupo stesso, che altrimenti rischia davvero. Gi\u00e0 oggi le lamentele degli allevatori sono arrivate a un livello di esasperazione che rischia di scoppiare<\/em>\u00bb. \u00c8 quanto afferma il consigliere provinciale Massimo Bortoluzzi. \u00ab<em>Nelle ultime settimane il lupo \u00e8 stato avvistato diverse volte in Alpago. In particolare, due avvistamenti in pochi giorni, vicino alle abitazioni, in pieno giorno, senza che l\u2019animale sia minimamente spaventato dalla presenza dell\u2019uomo. \u00c8 una situazione che rischia di diventare pericolosa. Per questo mi attiver\u00f2 con i contatti che abbiamo in sede di Parlamento europeo, per analizzare i margini di manovra che ci possono essere a livello comunitario e studiare possibili piani di gestione. Senza eliminare esemplari, \u00e8 necessario che il lupo venga spinto a rimanere nell\u2019ambiente naturale, senza avvicinarsi alle case e alle attivit\u00e0 umane, per l\u2019incolumit\u00e0 sia dell\u2019uomo sia del lupo stesso<\/em>\u00bb.<\/p>\n<div style=\"width: 1200px;\" class=\"wp-video\"><video class=\"wp-video-shortcode\" id=\"video-195724-1\" width=\"1200\" height=\"675\" preload=\"metadata\" controls=\"controls\"><source type=\"video\/mp4\" src=\"https:\/\/www.radiopiu.net\/wordpress\/wp-content\/uploads\/2021\/03\/LUPI-PROVINCIA.mp4?_=1\" \/><a href=\"https:\/\/www.radiopiu.net\/wordpress\/wp-content\/uploads\/2021\/03\/LUPI-PROVINCIA.mp4\">https:\/\/www.radiopiu.net\/wordpress\/wp-content\/uploads\/2021\/03\/LUPI-PROVINCIA.mp4<\/a><\/video><\/div>\n<p>&nbsp;<\/p>\n<hr \/>\n<p>&nbsp;<\/p>\n<blockquote>\n<h3>FALCADE: RACCOLTA FIRME A TABIADON E VALT PER LA BANDA ULTRALARGA<\/h3>\n<\/blockquote>\n<p><strong><a href=\"https:\/\/www.radiopiu.net\/wordpress\/giornale-radiopiu-27-aprile-2020-direttore-mirko-mezzacasa\/fibra-ottica\/\" rel=\"attachment wp-att-133161\"><img loading=\"lazy\" decoding=\"async\" class=\"size-medium wp-image-133161 alignleft\" src=\"https:\/\/www.radiopiu.net\/wordpress\/wp-content\/uploads\/2020\/04\/fibra-ottica-300x200.jpg\" alt=\"\" width=\"300\" height=\"200\" srcset=\"https:\/\/www.radiopiu.net\/wordpress\/wp-content\/uploads\/2020\/04\/fibra-ottica-300x200.jpg 300w, https:\/\/www.radiopiu.net\/wordpress\/wp-content\/uploads\/2020\/04\/fibra-ottica-1024x683.jpg 1024w, https:\/\/www.radiopiu.net\/wordpress\/wp-content\/uploads\/2020\/04\/fibra-ottica-768x512.jpg 768w, https:\/\/www.radiopiu.net\/wordpress\/wp-content\/uploads\/2020\/04\/fibra-ottica-1536x1024.jpg 1536w, https:\/\/www.radiopiu.net\/wordpress\/wp-content\/uploads\/2020\/04\/fibra-ottica.jpg 1920w\" sizes=\"auto, (max-width: 300px) 100vw, 300px\" \/><\/a>FALCADE<\/strong><\/p>\n<p>di Gianni Santomaso<\/p>\n<audio class=\"wp-audio-shortcode\" id=\"audio-195724-3\" preload=\"none\" style=\"width: 100%;\" controls=\"controls\"><source type=\"audio\/mpeg\" src=\"https:\/\/www.radiopiu.net\/wordpress\/wp-content\/uploads\/2021\/03\/GIANNI-RACCOLTA-FIRME-BANDA-ULTRALARGA.mp3?_=3\" \/><a href=\"https:\/\/www.radiopiu.net\/wordpress\/wp-content\/uploads\/2021\/03\/GIANNI-RACCOLTA-FIRME-BANDA-ULTRALARGA.mp3\">https:\/\/www.radiopiu.net\/wordpress\/wp-content\/uploads\/2021\/03\/GIANNI-RACCOLTA-FIRME-BANDA-ULTRALARGA.mp3<\/a><\/audio>\n<p>&nbsp;<\/p>\n<hr \/>\n<p>&nbsp;<\/p>\n<blockquote>\n<h3>IL PROGETTO VIVA VITTORIA FARA&#8217; TAPPA IN PROVINCIA, LE TRE CIME DI LAVAREDO SARA&#8217; LA LOCATION SCELTA<\/h3>\n<\/blockquote>\n<p><strong><a href=\"https:\/\/www.radiopiu.net\/wordpress\/il-progetto-viva-vittoria-fara-tappa-in-provincia-le-tre-cime-di-lavaredo-sara-la-location-scelta\/43980284-cf6f-42d4-95d9-81badc1295ee\/\" rel=\"attachment wp-att-195875\"><img loading=\"lazy\" decoding=\"async\" class=\" wp-image-195875 alignleft\" src=\"https:\/\/www.radiopiu.net\/wordpress\/wp-content\/uploads\/2021\/03\/43980284-cf6f-42d4-95d9-81badc1295ee-300x289.jpg\" alt=\"\" width=\"178\" height=\"171\" srcset=\"https:\/\/www.radiopiu.net\/wordpress\/wp-content\/uploads\/2021\/03\/43980284-cf6f-42d4-95d9-81badc1295ee-300x289.jpg 300w, https:\/\/www.radiopiu.net\/wordpress\/wp-content\/uploads\/2021\/03\/43980284-cf6f-42d4-95d9-81badc1295ee.jpg 400w\" sizes=\"auto, (max-width: 178px) 100vw, 178px\" \/><\/a>BELLUNO<\/strong><\/p>\n<p><strong>di Moreno Gioli<\/strong><\/p>\n<audio class=\"wp-audio-shortcode\" id=\"audio-195724-4\" preload=\"none\" style=\"width: 100%;\" controls=\"controls\"><source type=\"audio\/mpeg\" src=\"https:\/\/www.radiopiu.net\/wordpress\/wp-content\/uploads\/2021\/03\/GIOLI-VIVA-VITTORIA.mp3?_=4\" \/><a href=\"https:\/\/www.radiopiu.net\/wordpress\/wp-content\/uploads\/2021\/03\/GIOLI-VIVA-VITTORIA.mp3\">https:\/\/www.radiopiu.net\/wordpress\/wp-content\/uploads\/2021\/03\/GIOLI-VIVA-VITTORIA.mp3<\/a><\/audio>\n<p>&nbsp;<\/p>\n<hr \/>\n<p>&nbsp;<\/p>\n<blockquote>\n<h3>PER LE MALGHE SI PUO&#8217; FARE DI PIU&#8217;, LO DICE LA MINORANZA DEL CONSIGLIO COMUNALE DI FALCADE<\/h3>\n<\/blockquote>\n<p><strong><a href=\"https:\/\/www.radiopiu.net\/wordpress\/cristian-grones-latteria-di-livinallongo\/mucca\/\" rel=\"attachment wp-att-127837\"><img loading=\"lazy\" decoding=\"async\" class=\"size-medium wp-image-127837 alignleft\" src=\"https:\/\/www.radiopiu.net\/wordpress\/wp-content\/uploads\/2020\/04\/mucca-300x200.jpg\" alt=\"\" width=\"300\" height=\"200\" srcset=\"https:\/\/www.radiopiu.net\/wordpress\/wp-content\/uploads\/2020\/04\/mucca-300x200.jpg 300w, https:\/\/www.radiopiu.net\/wordpress\/wp-content\/uploads\/2020\/04\/mucca-1024x683.jpg 1024w, https:\/\/www.radiopiu.net\/wordpress\/wp-content\/uploads\/2020\/04\/mucca-768x512.jpg 768w, https:\/\/www.radiopiu.net\/wordpress\/wp-content\/uploads\/2020\/04\/mucca-1536x1024.jpg 1536w, https:\/\/www.radiopiu.net\/wordpress\/wp-content\/uploads\/2020\/04\/mucca.jpg 1920w\" sizes=\"auto, (max-width: 300px) 100vw, 300px\" \/><\/a>FALCADE<\/strong><\/p>\n<p>di Gianni Santomaso<\/p>\n<audio class=\"wp-audio-shortcode\" id=\"audio-195724-5\" preload=\"none\" style=\"width: 100%;\" controls=\"controls\"><source type=\"audio\/mpeg\" src=\"https:\/\/www.radiopiu.net\/wordpress\/wp-content\/uploads\/2021\/03\/GIANNI-MALGHE-FALCADE.mp3?_=5\" \/><a href=\"https:\/\/www.radiopiu.net\/wordpress\/wp-content\/uploads\/2021\/03\/GIANNI-MALGHE-FALCADE.mp3\">https:\/\/www.radiopiu.net\/wordpress\/wp-content\/uploads\/2021\/03\/GIANNI-MALGHE-FALCADE.mp3<\/a><\/audio>\n<p>&nbsp;<\/p>\n<hr \/>\n<p>&nbsp;<\/p>\n<blockquote class=\"wp-embedded-content\" data-secret=\"nVIBJcws1S\"><p><a href=\"https:\/\/www.radiopiu.net\/wordpress\/aggmar08\/\">CORONAVIRUS: AGGIORNAMENTO NAZIONALE 08 MARZO 2021<\/a><\/p><\/blockquote>\n<p><iframe loading=\"lazy\" class=\"wp-embedded-content\" sandbox=\"allow-scripts\" security=\"restricted\" style=\"position: absolute; clip: rect(1px, 1px, 1px, 1px);\" title=\"&#8220;CORONAVIRUS: AGGIORNAMENTO NAZIONALE 08 MARZO 2021&#8221; &#8212; Radio Pi\u00f9\" src=\"https:\/\/www.radiopiu.net\/wordpress\/aggmar08\/embed\/#?secret=nVIBJcws1S\" data-secret=\"nVIBJcws1S\" width=\"600\" height=\"338\" frameborder=\"0\" marginwidth=\"0\" marginheight=\"0\" scrolling=\"no\"><\/iframe><\/p>\n<p>&nbsp;<\/p>\n<hr \/>\n<p>&nbsp;<\/p>\n<blockquote class=\"wp-embedded-content\" data-secret=\"xw5X7EqvJH\"><p><a href=\"https:\/\/www.radiopiu.net\/wordpress\/superate-le-10-mila-vittime-da-inizio-pandemia-in-veneto-nelle-ultime-24-ore-775-positivi-in-piu-31-decessi-e-forte-incremento-di-ricoveri-66-in-area-non-critica-a-belluno-51-nuove-positivita\/\">SUPERATE LE 10 MILA VITTIME DA INIZIO PANDEMIA IN VENETO. NELLE ULTIME 24 ORE 775 POSITIVI IN PIU&#8217;, 31 DECESSI E FORTE INCREMENTO DI RICOVERI (+66 IN AREA NON CRITICA). A BELLUNO 51 NUOVE POSITIVITA&#8217;<\/a><\/p><\/blockquote>\n<p><iframe loading=\"lazy\" class=\"wp-embedded-content\" sandbox=\"allow-scripts\" security=\"restricted\" style=\"position: absolute; clip: rect(1px, 1px, 1px, 1px);\" title=\"&#8220;SUPERATE LE 10 MILA VITTIME DA INIZIO PANDEMIA IN VENETO. NELLE ULTIME 24 ORE 775 POSITIVI IN PIU&#8217;, 31 DECESSI E FORTE INCREMENTO DI RICOVERI (+66 IN AREA NON CRITICA). A BELLUNO 51 NUOVE POSITIVITA&#8217;&#8221; &#8212; Radio Pi\u00f9\" src=\"https:\/\/www.radiopiu.net\/wordpress\/superate-le-10-mila-vittime-da-inizio-pandemia-in-veneto-nelle-ultime-24-ore-775-positivi-in-piu-31-decessi-e-forte-incremento-di-ricoveri-66-in-area-non-critica-a-belluno-51-nuove-positivita\/embed\/#?secret=xw5X7EqvJH\" data-secret=\"xw5X7EqvJH\" width=\"600\" height=\"338\" frameborder=\"0\" marginwidth=\"0\" marginheight=\"0\" scrolling=\"no\"><\/iframe><\/p>\n<p>&nbsp;<\/p>\n<hr \/>\n<p>&nbsp;<\/p>\n<blockquote>\n<h3>I GRAFICI DI TIZIANO DE COL<\/h3>\n<\/blockquote>\n\n\t\t\t<style type='text\/css'>\n\t\t\t\t#gallery-2 {\n\t\t\t\t\tmargin: auto;\n\t\t\t\t}\n\t\t\t\t#gallery-2 .gallery-item {\n\t\t\t\t\tfloat: left;\n\t\t\t\t\tmargin-top: 10px;\n\t\t\t\t\ttext-align: center;\n\t\t\t\t\twidth: 20%;\n\t\t\t\t}\n\t\t\t\t#gallery-2 img {\n\t\t\t\t\tborder: 2px solid #cfcfcf;\n\t\t\t\t}\n\t\t\t\t#gallery-2 .gallery-caption {\n\t\t\t\t\tmargin-left: 0;\n\t\t\t\t}\n\t\t\t\t\/* see gallery_shortcode() in wp-includes\/media.php *\/\n\t\t\t<\/style>\n\t\t<div id='gallery-2' class='dt-gallery-container gallery galleryid-195724 gallery-columns-5 gallery-size-medium'><dl class='gallery-item'>\n\t\t\t\t<dt class='gallery-icon landscape'>\n\t\t\t\t\t<a class=\"rollover rollover-zoom dt-pswp-item\" title=\"4c479feb-d57f-42a2-a9d3-8f44f1fdb0a5\" data-dt-img-description=\"\" data-large_image_width=\"599\" data-large_image_height=\"353\"href='https:\/\/www.radiopiu.net\/wordpress\/wp-content\/uploads\/2021\/03\/4c479feb-d57f-42a2-a9d3-8f44f1fdb0a5.jpg'><img loading=\"lazy\" decoding=\"async\" width=\"300\" height=\"177\" src=\"https:\/\/www.radiopiu.net\/wordpress\/wp-content\/uploads\/2021\/03\/4c479feb-d57f-42a2-a9d3-8f44f1fdb0a5-300x177.jpg\" class=\"attachment-medium size-medium\" alt=\"\" srcset=\"https:\/\/www.radiopiu.net\/wordpress\/wp-content\/uploads\/2021\/03\/4c479feb-d57f-42a2-a9d3-8f44f1fdb0a5-300x177.jpg 300w, https:\/\/www.radiopiu.net\/wordpress\/wp-content\/uploads\/2021\/03\/4c479feb-d57f-42a2-a9d3-8f44f1fdb0a5.jpg 599w\" sizes=\"auto, (max-width: 300px) 100vw, 300px\" \/><\/a>\n\t\t\t\t<\/dt><\/dl><dl class='gallery-item'>\n\t\t\t\t<dt class='gallery-icon landscape'>\n\t\t\t\t\t<a class=\"rollover rollover-zoom dt-pswp-item\" title=\"07e66576-96e5-42bf-9dd3-2efe69b96c2a\" data-dt-img-description=\"\" data-large_image_width=\"606\" data-large_image_height=\"356\"href='https:\/\/www.radiopiu.net\/wordpress\/wp-content\/uploads\/2021\/03\/07e66576-96e5-42bf-9dd3-2efe69b96c2a.jpg'><img loading=\"lazy\" decoding=\"async\" width=\"300\" height=\"176\" src=\"https:\/\/www.radiopiu.net\/wordpress\/wp-content\/uploads\/2021\/03\/07e66576-96e5-42bf-9dd3-2efe69b96c2a-300x176.jpg\" class=\"attachment-medium size-medium\" alt=\"\" srcset=\"https:\/\/www.radiopiu.net\/wordpress\/wp-content\/uploads\/2021\/03\/07e66576-96e5-42bf-9dd3-2efe69b96c2a-300x176.jpg 300w, https:\/\/www.radiopiu.net\/wordpress\/wp-content\/uploads\/2021\/03\/07e66576-96e5-42bf-9dd3-2efe69b96c2a.jpg 606w\" sizes=\"auto, (max-width: 300px) 100vw, 300px\" \/><\/a>\n\t\t\t\t<\/dt><\/dl><dl class='gallery-item'>\n\t\t\t\t<dt class='gallery-icon landscape'>\n\t\t\t\t\t<a class=\"rollover rollover-zoom dt-pswp-item\" title=\"7ffa4623-f4fe-4088-9581-a11fe8780176\" data-dt-img-description=\"\" data-large_image_width=\"610\" data-large_image_height=\"358\"href='https:\/\/www.radiopiu.net\/wordpress\/wp-content\/uploads\/2021\/03\/7ffa4623-f4fe-4088-9581-a11fe8780176.jpg'><img loading=\"lazy\" decoding=\"async\" width=\"300\" height=\"176\" src=\"https:\/\/www.radiopiu.net\/wordpress\/wp-content\/uploads\/2021\/03\/7ffa4623-f4fe-4088-9581-a11fe8780176-300x176.jpg\" class=\"attachment-medium size-medium\" alt=\"\" srcset=\"https:\/\/www.radiopiu.net\/wordpress\/wp-content\/uploads\/2021\/03\/7ffa4623-f4fe-4088-9581-a11fe8780176-300x176.jpg 300w, https:\/\/www.radiopiu.net\/wordpress\/wp-content\/uploads\/2021\/03\/7ffa4623-f4fe-4088-9581-a11fe8780176.jpg 610w\" sizes=\"auto, (max-width: 300px) 100vw, 300px\" \/><\/a>\n\t\t\t\t<\/dt><\/dl><dl class='gallery-item'>\n\t\t\t\t<dt class='gallery-icon landscape'>\n\t\t\t\t\t<a class=\"rollover rollover-zoom dt-pswp-item\" title=\"9f2500c2-6d0a-45e4-9152-e865c2f20308\" data-dt-img-description=\"\" data-large_image_width=\"606\" data-large_image_height=\"354\"href='https:\/\/www.radiopiu.net\/wordpress\/wp-content\/uploads\/2021\/03\/9f2500c2-6d0a-45e4-9152-e865c2f20308.jpg'><img loading=\"lazy\" decoding=\"async\" width=\"300\" height=\"175\" src=\"https:\/\/www.radiopiu.net\/wordpress\/wp-content\/uploads\/2021\/03\/9f2500c2-6d0a-45e4-9152-e865c2f20308-300x175.jpg\" class=\"attachment-medium size-medium\" alt=\"\" srcset=\"https:\/\/www.radiopiu.net\/wordpress\/wp-content\/uploads\/2021\/03\/9f2500c2-6d0a-45e4-9152-e865c2f20308-300x175.jpg 300w, https:\/\/www.radiopiu.net\/wordpress\/wp-content\/uploads\/2021\/03\/9f2500c2-6d0a-45e4-9152-e865c2f20308.jpg 606w\" sizes=\"auto, (max-width: 300px) 100vw, 300px\" \/><\/a>\n\t\t\t\t<\/dt><\/dl><dl class='gallery-item'>\n\t\t\t\t<dt class='gallery-icon landscape'>\n\t\t\t\t\t<a class=\"rollover rollover-zoom dt-pswp-item\" title=\"6429d184-79b0-4b71-ae93-acf832aebf11\" data-dt-img-description=\"\" data-large_image_width=\"600\" data-large_image_height=\"355\"href='https:\/\/www.radiopiu.net\/wordpress\/wp-content\/uploads\/2021\/03\/6429d184-79b0-4b71-ae93-acf832aebf11.jpg'><img loading=\"lazy\" decoding=\"async\" width=\"300\" height=\"178\" src=\"https:\/\/www.radiopiu.net\/wordpress\/wp-content\/uploads\/2021\/03\/6429d184-79b0-4b71-ae93-acf832aebf11-300x178.jpg\" class=\"attachment-medium size-medium\" alt=\"\" srcset=\"https:\/\/www.radiopiu.net\/wordpress\/wp-content\/uploads\/2021\/03\/6429d184-79b0-4b71-ae93-acf832aebf11-300x178.jpg 300w, https:\/\/www.radiopiu.net\/wordpress\/wp-content\/uploads\/2021\/03\/6429d184-79b0-4b71-ae93-acf832aebf11.jpg 600w\" sizes=\"auto, (max-width: 300px) 100vw, 300px\" \/><\/a>\n\t\t\t\t<\/dt><\/dl><br style=\"clear: both\" \/>\n\t\t\t<\/div>\n\n<p>&nbsp;<\/p>\n<p>&nbsp;<\/p>\n<hr \/>\n<p>&nbsp;<\/p>\n<blockquote>\n<h3>VENETO ARANCIO TENDENTE AL ROSSO? PREVISIONI SCUOLA&#8230; DALLA CONFERENZA STAMPA DA MARGHERA<\/h3>\n<\/blockquote>\n<blockquote>\n<h2>LEGGI LA CONFERENZA STAMPA DI LUCA ZAIA<\/h2>\n<p><em>Nuovo piano di sanit\u00e0 pubblica prudenziale, per gestire il virus: ridurremo alcune attivit\u00e0 ospedaliere per concentrarci sul Covid. Rispetto alla prima fase il virus circolo di pi\u00f9 tra le fasce pi\u00f9 giovani. Via libera del ministero della Salute all&#8217;utilizzo del vaccino anti-Covid di AstraZeneca anche nei soggetti sopra i 65 anni di et\u00e0, esclusi i soggetti &#8220;estremamente vulnerabili&#8221; per particolari patologie.<\/em><\/p><\/blockquote>\n<p>Auguri alle centenaria&#8230; a Speranza Bellenzier di Alleghe che sabato ha compiuto 103. Sono tre le province con la curva impostata verso l&#8217;alto, ma anche quella regionale. Le province sono Padova,\u00a0 Treviso e Verona. Non abbassiamo la guardia ma usciamo con un nuovo piano di sanit\u00e0 pubblica, abbiamo davanti un vantaggio con un&#8217;infezione anti ciclica, quando gli altri crescono caliamo e viceversa. C&#8217;\u00e8 un timido incremento, non credo arriveremo ai livelli gi\u00e0 conosciuti, ma abbiamo l&#8217;obbligo di pensare alla pressione ospedaliera. Ragioniamo come se dovesse arrivare il brutto tempo, ma non \u00e8 detto che arrivi.\u00a0 <strong>UN ANNO FA<\/strong> eravamo nel pieno dell&#8217;epidemia, con 464 terapie intensive occupate\u00a0 (oggi 1016 terapie intensive sono attivabili, 157 occupate da pazienti Covid) non avessimo fatto questo lavoro di preparazione delle terapie intensive non saremmo stati in grado di affrontare l&#8217;ondata di dicembre. <strong>SCUOLA<\/strong> La dottoressa Francesca Russo presenter\u00e0 la circolare per i Sispe perch\u00e9 i diversi dipartimenti possano chiudere una classe o\u00a0 un complesso scolastico. Hanno un ruolo, i ragazzi nel contagio,\u00a0 non sono untori, ma si vede che l&#8217;andamento della curva segue apertura o chiusura delle scuole.<strong> MUTAZIONI<\/strong> La fascia pi\u00f9 colpita va dai zero ai 20 anni,\u00a0 un altro target rispett a quello\u00a0 degli anziani. Le mutazioni sono tante, alcune pi\u00f9 contagiose. <strong>VACCINI<\/strong> Stamane punto della situazione e abbiamo chiesto di arrivare a 45-50 mila vaccini al giorno con la collaborazione dei medici di base che hanno un ruolo importante nella vaccinazione. Poi pensiamo anche ai 1000 specializzandi in Veneto. <strong>ASTREZENECA<\/strong> Con AstraZeneca ora si va\u00a0 anche oltre i\u00a0 65anni , la vera sfida sono proprio i vaccini, in questa maniera cambia ancora nuovamente il piano vaccinale del Veneto. Per la pi\u00f9 grande vaccinazione della storia nel mondo siamo\u00a0 in attesa in Italia di 22 milioni di dosi, dal primo di aprile, almeno un milione di dosi arriveranno anche in Veneto. Attesi nei prossimi giorni anche i vaccini\u00a0 Johnson &amp; Johnson. CENTRI VACCINALI aperti anche la domenica. Il nostro problema non sono le strutture, ma la mancanza di vaccini. Sarebbe meglio vaccinare tutti per l&#8217;estate. Stiamo lavorando anche al passaporto vaccinale, che sta diventando realt\u00e0, e noi non facciamo discriminazioni, chi non vuole vaccinarsi non lo far\u00e0, ma se a qualche veneto verr\u00e0 chiesto di dimostrare la vaccinazione dobbiamo essere in grado di rilasciare il documento con l&#8217;avvenuta vaccinazione. <strong>TURISMO ESTIVO E PASSAPORTO ANCHE IN VENETO COME IN SARDEGNA?<\/strong> La vera via d&#8217;uscita \u00e8 vaccinare tutti. Dobbiamo dire al turista che la Regione \u00e8 covid free. E&#8217; meglio chiedere il passaporto o e&#8217; meglio dire che qui sono tutti vaccinati, questa \u00e8 la vera sfida, vaccinare tutti. Non si pu\u00f2 chiedere il passaporto se non sei comunit\u00e0 covid free. \u00a0Sui vaccini spero si ragioni per fasce di et\u00e0 invece che per categorie, in Veneto la mortalit\u00e0 ha interessato la fascia degli 80enni, ad esempio. Oggi abbiamo 141 ospiti delle case di riposo positivi in Veneto, sono pochissimi, significa che la campagna vaccinale nelle Rsa funziona. La Fase 1 delle vaccinazioni in Veneto deve essere completata entro questa settimana. Abbiamo accantonato molti vaccini per le seconde dosi prudenzialmente<\/p>\n<p><strong>L&#8217;ASSESSORE MANUELA LANZARIN:<\/strong> Stiamo andando a chiudere due accordi, con i medici di medicina generale per le vaccinazioni, domani l&#8217;incontro per il loro coinvolgimento nella vaccinazione. Domani chiudiamo la parte logistica (ambulatorio, domicilio, centri specifici&#8230;) ed anche quella economica con gli accordi nazionali e\u00a0 regionali. Non abbiamo ancora la quantificazione ma la copertura \u00e8 discreta. Da sabato accordo Ministero-Universit\u00e0 per l&#8217;utilizzo su base volontaria degli specializzandi, oggi l&#8217;incontro decisivo.<\/p>\n<blockquote>\n<h2>grafici su occupazione posti letto suddivisi per provincia presentati nel punto stampa<\/h2>\n<\/blockquote>\n<a href=\"https:\/\/www.radiopiu.net\/wordpress\/wp-content\/uploads\/2021\/03\/ANDAMENTO-PL-RV-08-03-21-1.pdf\" class=\"pdfemb-viewer\" style=\"\" data-width=\"max\" data-height=\"max\" data-toolbar=\"top\" data-toolbar-fixed=\"on\">ANDAMENTO PL RV 08-03-21-1<\/a>\n<p>&nbsp;<\/p>\n<p><a href=\"https:\/\/www.facebook.com\/zaiaufficiale\/videos\/1027862624371493\">https:\/\/www.facebook.com\/zaiaufficiale\/videos\/1027862624371493<\/a><\/p>\n<blockquote>\n<h1><\/h1>\n<\/blockquote>\n<p><strong>L&#8217;ANDAMENTO DEL CONTAGIO IN VENETO<\/strong><\/p>\n<a href=\"https:\/\/www.radiopiu.net\/wordpress\/wp-content\/uploads\/2021\/03\/Distretti.pdf\" class=\"pdfemb-viewer\" style=\"\" data-width=\"max\" data-height=\"max\" data-toolbar=\"top\" data-toolbar-fixed=\"on\">Distretti<\/a>\n<p>&nbsp;<\/p>\n<hr \/>\n<blockquote>\n<h1><\/h1>\n<h2>SCUOLE: DA GIOVEDI CHIUSURA DELLE SCUOLE &#8211; dalla seconda media &#8211; IN TRE AREE A RISCHIO<\/h2>\n<\/blockquote>\n<p style=\"text-align: center;\"><em>in questa fase le scuole dell&#8217;infanzia e le elementari non verranno chiuse.<\/em><\/p>\n<p><strong><img decoding=\"async\" class=\"alignleft\" src=\"https:\/\/www.radiopiu.net\/wordpress\/wp-content\/uploads\/2020\/12\/ce2e1d43-a711-4eb8-9a36-15c6439836a8-300x225.jpg\" \/>Il Nuovo Dpcm<\/strong> prevede il provvedimento di sospensione delle scuole con 250 casi di contagi su 100 mila,<em> abbiamo detto che stiamo controllando in maniera precisa e continua, ogni giorno quella che \u00e8 l&#8217;incidenza nella popolazione a livello regionale: comulativa degli ultimi sette giorni. Vediamo l&#8217;evoluzione e valutiamo come Provincia, Ulss e Distretto non come Comuni perch\u00e9 vengono penalizzati quelli piccoli con incidenza alta. Abbiamo visto che alcuni distretti hanno incidenza superiore a 250 su 100 mila, comporter\u00e0 delle misure puntuali e localizzate per evitare un provvedimento estremo con la chiusura di tutte le scuole.\u00a0 Le tre realt\u00e0 pi\u00f9 a rischio sono l&#8217;Alta Padovana (272 su 100mila), il distretto di Asolo (268 su 100mila) e il Veneto Orientale (302 su 100mila). Vogliamo agire in maniera puntuale osservando le situazioni.<\/em> <span style=\"color: #ff0000;\">Qui le scuole dalla seconda media andranno in didattica a distanza, non da domani mattina, serve poter organizzare, ma daremo il tempo a scuole e famiglie per organizzarsi, 24-48 ore, partiremo all&#8217;incirca gioved\u00ec<\/span><strong><span style=\"color: #ff0000;\">.<\/span>\u00a0 QUANTI ISTITUTI INTERESSATI?<\/strong>\u00a0 <em>Non abbiamo il numero, questa \u00e8 l&#8217;incidenza sulla popolazione e non sulla popolazione scolastica.\u00a0 Se ci fosse un cluster nella scuola potr\u00e0 essere chiusa una classe o un istituto indipendentemente dall&#8217;incidenza nella zona. Il cluster (2 o pi\u00f9 contagi) scoperto nell&#8217;istituto non \u00e8 legato all&#8217;incidenza del virus sulla popolazione.<\/em><strong> IN COMELICO?<\/strong> <em>C&#8217;\u00e8 un incidenza importante che gi\u00e0 c&#8217;\u00e8 stata ma se la vediamo in base al distretto di Belluno non raggiunge i 250 contagi ogni 100 mila, attualmente non ci sono parametri di chiusura.<\/em><\/p>\n<blockquote>\n<h1><\/h1>\n<\/blockquote>\n<hr \/>\n<blockquote><p><strong>\u00a0<\/strong><\/p>\n<p><strong>OGGI, IL PRESIDENTE ZAIA ALL\u2019IMPIANTO TRENITALIA DI MARGHERA PER LA CONSEGNA DEI TRENI POP E ROCK <\/strong><\/p>\n<p><strong>VENEZIA\u00a0 <\/strong>Oggi\u00a0alle 10.30, il presidente della Regione del Veneto Luca Zaia sar\u00e0 presente, insieme alla Vicepresidente Elisa De Berti, all\u2019Impianto Trenitalia di Marghera (via Parco Ferroviario 59) in occasione della consegna dei treni Pop e Rock di Trenitalia alla Regione Veneto. Il programma prevede alle ore 11.00 gli interventi dell\u2019amministratore delegato di Trenitalia, Luigi Corradi, e del presidente Luca Zaia. Di seguito, alle ore 11.30, il taglio del nastro.<\/p><\/blockquote>\n<p>&nbsp;<\/p>\n<hr \/>\n<blockquote>\n<h3><\/h3>\n<p>&nbsp;<\/p><\/blockquote>\n<h3>PUNTO VACCINAZIONE, IL MINISTRO FEDERICO D&#8217;INCA&#8217;&#8230;&#8221;Ecco perch\u00e9 \u00e8 necessaria la collaborazione&#8230;&#8221;<\/h3>\n<blockquote>\n<div dir=\"auto\"><a href=\"https:\/\/www.radiopiu.net\/wordpress\/giornale-radiopiu-09-marzo-2021-direttore-mirko-mezzacasa\/158730209_1889436481216541_187331936170119819_o\/\" rel=\"attachment wp-att-195847\"><img loading=\"lazy\" decoding=\"async\" class=\"wp-image-195847 alignleft\" src=\"https:\/\/www.radiopiu.net\/wordpress\/wp-content\/uploads\/2021\/03\/158730209_1889436481216541_187331936170119819_o-300x300.jpg\" alt=\"\" width=\"160\" height=\"160\" srcset=\"https:\/\/www.radiopiu.net\/wordpress\/wp-content\/uploads\/2021\/03\/158730209_1889436481216541_187331936170119819_o-300x300.jpg 300w, https:\/\/www.radiopiu.net\/wordpress\/wp-content\/uploads\/2021\/03\/158730209_1889436481216541_187331936170119819_o-150x150.jpg 150w, https:\/\/www.radiopiu.net\/wordpress\/wp-content\/uploads\/2021\/03\/158730209_1889436481216541_187331936170119819_o.jpg 526w\" sizes=\"auto, (max-width: 160px) 100vw, 160px\" \/><\/a><strong>ROMA<\/strong> &#8220;<em>Nel nostro Paese sono state somministrate oltre 5 milioni e 400 mila dosi di vaccino e pi\u00f9 di 1 milione e 600 mila persone hanno ricevuto sia la prima che la seconda dose. Un trend positivo che dobbiamo migliorare ancora di pi\u00f9 per far s\u00ec che entro l\u2019estate si possa raggiungere il pi\u00f9 alto livello di immunizzazione della popolazione. Pi\u00f9 alto \u00e8 il numero di vaccinati, prima potremo tornare alla normalit\u00e0 e pi\u00f9 velocemente potremo uscire dalla crisi economica. Ecco perch\u00e9 l\u2019attenzione del Governo \u00e8 massima e focalizzata sul fronte della campagna vaccinale. Ecco perch\u00e9 \u00e8 necessaria la collaborazione e la responsabilit\u00e0 di tutti sia nel continuare a seguire le regole base per evitare il contagio sia nell\u2019accesso alle procedure vaccinali&#8221;.<\/em> \u00c8 quanto dichiara il Ministro Federico D&#8217;Inc\u00e0<\/div>\n<p>&nbsp;<\/p>\n<p>&nbsp;<\/p><\/blockquote>\n<hr \/>\n<p>&nbsp;<\/p>\n<blockquote>\n<h3>AUDIZIONE DEL MINISTRO FRANCO IN SENATO. DE CARLO: &#8220;TRANSIZIONE ECOLOGICA TUTELI AGRICOLTURA E ALLEVAMENTI ITALIANI&#8221;<\/h3>\n<\/blockquote>\n<p><strong><a href=\"https:\/\/www.radiopiu.net\/wordpress\/giornale-radiopiu-09-marzo-2021-direttore-mirko-mezzacasa\/de-carlo-37\/\" rel=\"attachment wp-att-195867\"><img loading=\"lazy\" decoding=\"async\" class=\"size-medium wp-image-195867 alignleft\" src=\"https:\/\/www.radiopiu.net\/wordpress\/wp-content\/uploads\/2021\/03\/DE-CARLO-300x169.jpeg\" alt=\"\" width=\"300\" height=\"169\" srcset=\"https:\/\/www.radiopiu.net\/wordpress\/wp-content\/uploads\/2021\/03\/DE-CARLO-300x169.jpeg 300w, https:\/\/www.radiopiu.net\/wordpress\/wp-content\/uploads\/2021\/03\/DE-CARLO.jpeg 640w\" sizes=\"auto, (max-width: 300px) 100vw, 300px\" \/><\/a>ROMA<\/strong>\u00a0 \u201c<em>Come intende il Governo coniugare la transizione ecologica con la tutela dell&#8217;agricoltura italiana?<\/em>\u201d: questa la domanda posta in Commissione Bilancio del Senato dal senatore e responsabile del Dipartimento Agricoltura di Fratelli d&#8217;Italia Luca De Carlo al Ministro dell&#8217;Economia e Finanze, Daniele Franco, nel corso dell&#8217;audizione del Ministro di questa mattina sul Recovery Plan.<\/p>\n<p>&nbsp;<\/p>\n<p>&nbsp;<\/p>\n<hr \/>\n<p>&nbsp;<\/p>\n<blockquote>\n<h3>AGRICOLTURA. CANER INCONTRA IL MINISTRO PATUANELLI. \u201cPRAGMATICO E DISPONIBILE AL CONFRONTO. SIAMO PARTITI CON IL PIEDE GIUSTO\u201d<\/h3>\n<\/blockquote>\n<p><strong><a href=\"https:\/\/www.radiopiu.net\/wordpress\/giornale-radiopiu-07-marzo-2021-direttore-mirko-mezzacasa\/federico-caner\/\" rel=\"attachment wp-att-195491\"><img loading=\"lazy\" decoding=\"async\" class=\"size-medium wp-image-195491 alignleft\" src=\"https:\/\/www.radiopiu.net\/wordpress\/wp-content\/uploads\/2021\/03\/FEDERICO-CANER-300x226.jpg\" alt=\"\" width=\"300\" height=\"226\" srcset=\"https:\/\/www.radiopiu.net\/wordpress\/wp-content\/uploads\/2021\/03\/FEDERICO-CANER-300x226.jpg 300w, https:\/\/www.radiopiu.net\/wordpress\/wp-content\/uploads\/2021\/03\/FEDERICO-CANER-1024x771.jpg 1024w, https:\/\/www.radiopiu.net\/wordpress\/wp-content\/uploads\/2021\/03\/FEDERICO-CANER-768x578.jpg 768w, https:\/\/www.radiopiu.net\/wordpress\/wp-content\/uploads\/2021\/03\/FEDERICO-CANER.jpg 1490w\" sizes=\"auto, (max-width: 300px) 100vw, 300px\" \/><\/a>VENEZIA <\/strong>\u201c<em>Il Ministro Patuanelli si \u00e8 dimostrato molto pragmatico, aperto al confronto e disponibile, visto anche il molto tempo concesso, ad ascoltare le istanze provenienti dai singoli rappresentanti regionali. D\u2019altra parte le questioni legate al settore agricolo, in Veneto come nel resto della Penisola, sono tante, diverse e meritano l&#8217;attenzione dimostrata<\/em>\u201d. Queste le parole dell\u2019assessore regionale Federico Caner a seguito della riunione convocata dal nuovo responsabile del Ministero alle Politiche Agricole, Alimentari e Forestali, Stefano Patuanelli.<\/p>\n<p>&nbsp;<\/p>\n<p>&nbsp;<\/p>\n<hr \/>\n<p>&nbsp;<\/p>\n<blockquote>\n<h3>PARI OPPORTUNITA\u2019. DONAZZAN INTERVIENE A CONVEGNO INTERNAZIONALE SU DONNE E GIUSTIZIA.<\/h3>\n<\/blockquote>\n<p><strong><a href=\"https:\/\/www.radiopiu.net\/wordpress\/giornale-radiopiu-09-marzo-2021-direttore-mirko-mezzacasa\/elena-donazzan\/\" rel=\"attachment wp-att-195881\"><img loading=\"lazy\" decoding=\"async\" class=\" wp-image-195881 alignleft\" src=\"https:\/\/www.radiopiu.net\/wordpress\/wp-content\/uploads\/2021\/03\/ELENA-DONAZZAN-300x272.png\" alt=\"\" width=\"219\" height=\"199\" srcset=\"https:\/\/www.radiopiu.net\/wordpress\/wp-content\/uploads\/2021\/03\/ELENA-DONAZZAN-300x272.png 300w, https:\/\/www.radiopiu.net\/wordpress\/wp-content\/uploads\/2021\/03\/ELENA-DONAZZAN-1024x927.png 1024w, https:\/\/www.radiopiu.net\/wordpress\/wp-content\/uploads\/2021\/03\/ELENA-DONAZZAN-768x695.png 768w, https:\/\/www.radiopiu.net\/wordpress\/wp-content\/uploads\/2021\/03\/ELENA-DONAZZAN.png 1266w\" sizes=\"auto, (max-width: 219px) 100vw, 219px\" \/><\/a>VENEZIA <\/strong>\u201c<em>\u00a0Oggi c\u2019\u00e8 ancora una grande manchevolezza nella politica italiana e nelle politiche al femminile, che sono quelle della maternit\u00e0 e della vita. La donna ha un ruolo nella societ\u00e0 prioritario, rispetto a tutti esclusivo, che \u00e8 quello di donare la vita. Ma non esistono politiche per questo e l\u2019Italia sta soffrendo molto il grave tema della denatalit\u00e0. Solo se riusciremo ad invertire questa rotta e a dare alla donna la possibilit\u00e0 non di scegliere tra questo o quello, tra la realizzazione professionale e la vita, ma saremo capaci di rendere compatibili e conciliabili questi due elementi che rendono la realizzazione della donna nella sua pienezza, solo allora, quando riusciremo a fare questo, avremo fatto il nostro dovere<\/em>\u201d. Lo ha affermato Elena Donazzan, assessore regionale al lavoro<\/p>\n<p>&nbsp;<\/p>\n<hr \/>\n<p>&nbsp;<\/p>\n<blockquote>\n<h3 class=\"p1\"><span class=\"s1\">BARATTO (FI): PI\u00d9 INFRASTRUTTURE SOCIALI CON IL RECOVERY FUND, DONNE SIANO PROTAGONISTE DELLA RIPARTENZA DELL&#8217;ITALIA <\/span><\/h3>\n<\/blockquote>\n<p class=\"p1\"><span class=\"s1\"><strong><a href=\"https:\/\/www.radiopiu.net\/wordpress\/giornale-radiopiu-11-gennaio-2019-direttore-mirko-mezzacasa\/logo_forza_italia-svg\/\" rel=\"attachment wp-att-71880\"><img loading=\"lazy\" decoding=\"async\" class=\"wp-image-71880 alignleft\" src=\"https:\/\/www.radiopiu.net\/wordpress\/wp-content\/uploads\/2019\/01\/Logo_Forza_Italia.svg_-300x249.png\" alt=\"\" width=\"161\" height=\"134\" srcset=\"https:\/\/www.radiopiu.net\/wordpress\/wp-content\/uploads\/2019\/01\/Logo_Forza_Italia.svg_-300x249.png 300w, https:\/\/www.radiopiu.net\/wordpress\/wp-content\/uploads\/2019\/01\/Logo_Forza_Italia.svg_-768x637.png 768w, https:\/\/www.radiopiu.net\/wordpress\/wp-content\/uploads\/2019\/01\/Logo_Forza_Italia.svg_-1024x850.png 1024w, https:\/\/www.radiopiu.net\/wordpress\/wp-content\/uploads\/2019\/01\/Logo_Forza_Italia.svg_.png 1200w\" sizes=\"auto, (max-width: 161px) 100vw, 161px\" \/><\/a>ROMA <\/strong>&#8220;Condizioni competitive tra generi, un equilibrio tra i salari e un sistema di <span class=\"s2\">welfare<\/span> che consenta di lavorare serenamente, superando la scelta tra lavoro e famiglia. \u00c8 il miglior augurio che possa fare oggi alle donne. Secondo il rapporto OCSE del 2019 il divario di genere nel lavoro era pari al 5-6%, ma nel privato si arriva addirittura al 20%. Grazie al <span class=\"s3\">RecoveryFund<\/span><\/span> <span class=\"s1\">oggi possiamo investire di pi\u00f9 in formazione e in un sistema di infrastrutture sociali che consenta alle donne di esprimere al meglio le loro potenzialit\u00e0. Di essere protagoniste della ripartenza dell\u2019Italia nel post pandemia. Buona Festa delle donne&#8221;. E&#8217; quanto scrive in un post sulla sua pagina facebook il deputato di Forza Italia, Raffaele Baratto.<\/span><\/p>\n<p>&nbsp;<\/p>\n<p>&nbsp;<\/p>\n<hr \/>\n<p>&nbsp;<\/p>\n<blockquote>\n<h3>COMUNI E RECOVERY PLAN, \u00abCAMBIARE LE REGOLE O NON RIUSCIREMO A SPENDERE NULLA\u00bb<\/h3>\n<\/blockquote>\n<p><strong><a href=\"https:\/\/www.radiopiu.net\/wordpress\/lintervento-del-sindaco-di-belluno-jacopo-massaro-dopo-il-nuovo-dpcm\/jacopo-massaro-5\/\" rel=\"attachment wp-att-121070\"><img loading=\"lazy\" decoding=\"async\" class=\"size-medium wp-image-121070 alignleft\" src=\"https:\/\/www.radiopiu.net\/wordpress\/wp-content\/uploads\/2020\/03\/JACOPO-MASSARO-300x208.jpg\" alt=\"\" width=\"300\" height=\"208\" srcset=\"https:\/\/www.radiopiu.net\/wordpress\/wp-content\/uploads\/2020\/03\/JACOPO-MASSARO-300x208.jpg 300w, https:\/\/www.radiopiu.net\/wordpress\/wp-content\/uploads\/2020\/03\/JACOPO-MASSARO-1024x709.jpg 1024w, https:\/\/www.radiopiu.net\/wordpress\/wp-content\/uploads\/2020\/03\/JACOPO-MASSARO-768x531.jpg 768w, https:\/\/www.radiopiu.net\/wordpress\/wp-content\/uploads\/2020\/03\/JACOPO-MASSARO.jpg 1289w\" sizes=\"auto, (max-width: 300px) 100vw, 300px\" \/><\/a>BELLUNO <\/strong>Incontro tra i vertici dell&#8217;Associazione Nazionale Comuni Italiani e il Ministro alla Pubblica Amministrazione, Renato Brunetta; al centro del confronto, il Recovery Plan e il ruolo dei Comuni. Al meeting organizzato in remoto ha partecipato anche il Sindaco di Belluno, Jacopo Massaro, recentemente nominato dal Presidente nazionale ANCI Antonio Decaro come delegato a Personale e relazioni sindacali. \u00ab<em>Sono in arrivo oltre 200 miliardi per far ripartire il Paese e non c&#8217;\u00e8 abbastanza personale per gestire questa ripresa. &#8211; denuncia Massaro <\/em>. <em>Lo Stato chiede ai Comuni di fare molte pi\u00f9 cose con molto meno personale, non \u00e8 possibile nemmeno effettuare un passaggio di consegne. Se questa \u00e8 la situazione, del Recovery Fund sar\u00e0 impossibile spendere\u00a0 un euro: c&#8217;\u00e8 un bisogno infinito di risorse per i territori e per l&#8217;economia locale, ma servono nuove misure che superino queste lungaggini assurde. Pensiamo al Bonus 110%<\/em><em>.&#8221;<\/em>.<\/p>\n<p>&nbsp;<\/p>\n<p>&nbsp;<\/p>\n<hr \/>\n<p>&nbsp;<\/p>\n<blockquote>\n<h3>ASCA ALLA RICERCA DI UN ISTRUTTORE AMMINISTRATIVO ADDETTO AL PERSONALE E INFERMIERI<\/h3>\n<\/blockquote>\n<p><strong><a href=\"https:\/\/www.radiopiu.net\/wordpress\/asca-ricerca-personale-infermieristico\/asca-4\/\" rel=\"attachment wp-att-128881\"><img loading=\"lazy\" decoding=\"async\" class=\" wp-image-128881 alignleft\" src=\"https:\/\/www.radiopiu.net\/wordpress\/wp-content\/uploads\/2020\/04\/ASCA-300x165.png\" alt=\"\" width=\"224\" height=\"123\" srcset=\"https:\/\/www.radiopiu.net\/wordpress\/wp-content\/uploads\/2020\/04\/ASCA-300x165.png 300w, https:\/\/www.radiopiu.net\/wordpress\/wp-content\/uploads\/2020\/04\/ASCA-1024x565.png 1024w, https:\/\/www.radiopiu.net\/wordpress\/wp-content\/uploads\/2020\/04\/ASCA-768x424.png 768w, https:\/\/www.radiopiu.net\/wordpress\/wp-content\/uploads\/2020\/04\/ASCA.png 1211w\" sizes=\"auto, (max-width: 224px) 100vw, 224px\" \/><\/a><\/strong><\/p>\n<p>&nbsp;<\/p>\n<p><strong>di GIANNI SANTOMASO<\/strong><\/p>\n<audio class=\"wp-audio-shortcode\" id=\"audio-195724-6\" preload=\"none\" style=\"width: 100%;\" controls=\"controls\"><source type=\"audio\/mpeg\" src=\"https:\/\/www.radiopiu.net\/wordpress\/wp-content\/uploads\/2021\/03\/GIANNI-RSA.mp3?_=6\" \/><a href=\"https:\/\/www.radiopiu.net\/wordpress\/wp-content\/uploads\/2021\/03\/GIANNI-RSA.mp3\">https:\/\/www.radiopiu.net\/wordpress\/wp-content\/uploads\/2021\/03\/GIANNI-RSA.mp3<\/a><\/audio>\n<p>&nbsp;<\/p>\n<p>&nbsp;<\/p>\n<hr \/>\n<p>&nbsp;<\/p>\n<blockquote>\n<h3 align=\"CENTER\"><span style=\"font-family: Times New Roman, serif;\"><span style=\"font-size: medium;\"><b>FONDO AMBIENTE ITALIANO &#8211; DELEGAZIONE DI BELLUNO<\/b><\/span><\/span><\/h3>\n<h3 align=\"CENTER\"><span style=\"font-family: Times New Roman, serif;\"><span style=\"font-size: medium;\"><b>Ciclo di visite virtuali sul tema<\/b><\/span><\/span><i style=\"font-size: medium; font-family: 'Times New Roman', serif;\"><b>La Piave: storie di uomini, acqua e legno<\/b><\/i><\/h3>\n<\/blockquote>\n<p align=\"JUSTIFY\"><span style=\"font-family: Times New Roman, serif;\"><span style=\"font-size: medium;\"><strong>BELLUNO<\/strong> Dopo il successo dell&#8217;incontro online con Erminio Mazzucco e del \u201cGiro in Villa\u201d\u00a0 la delegazione bellunese del Fondo Ambiente Italiano ha deciso di proporre un grande evento organizzato attraverso visite virtuali a luoghi e musei legati al tema della fluitazione delle zattere ed ai beni che su queste venivano caricati e trasportati a Venezia: <\/span><\/span><span style=\"font-family: Times New Roman, serif;\"><span style=\"font-size: medium;\"><i>La Piave: storie di uomini, acqua e legno<\/i><\/span><\/span><span style=\"font-family: Times New Roman, serif;\"><span style=\"font-size: medium;\">. <\/span><\/span><span style=\"font-family: Times New Roman, serif;\"><span style=\"font-size: medium;\">Gli incontri si svolgeranno il marted\u00ec, con cadenza bisettimanale. Il percorso inizier\u00e0 da Perarolo di Cadore, con una visita virtuale del Museo del Cidolo e del legname, oggi alle 18.30. <\/span><\/span><span style=\"font-family: Times New Roman, serif;\"><span style=\"font-size: medium;\">La visita sar\u00e0 condotta da Annamaria Canepa, operatrice culturale originaria proprio di Perarolo, appassionata ed esperta conoscitrice di questo paese dal passato ricco e operoso.\u00a0<\/span><\/span><span style=\"font-family: Times New Roman, serif;\"><span style=\"font-size: medium;\">L&#8217;incontro \u00e8 aperto a tutti ma \u00e8 necessario prenotarsi obbligatoriamente sul sito\u00a0<a href=\"https:\/\/faiprenotazioni.fondoambiente.it\/\">https:\/\/faiprenotazioni.fondoambiente.it\/<\/a> <\/span><\/span><\/p>\n<p>&nbsp;<\/p>\n<hr \/>\n<p>&nbsp;<\/p>\n<blockquote>\n<h3>NICOLETTA CASTELLINI ELETTA AL CONSIGLIO NAZIONALE DEL CENTRO SPORTIVO ITALIANO<\/h3>\n<\/blockquote>\n<p><strong><a href=\"https:\/\/www.radiopiu.net\/wordpress\/nicoletta-castellini-eletta-al-consiglio-nazionale-del-centro-sportivo-italiano\/nicoletta-castellini\/\" rel=\"attachment wp-att-195813\"><img loading=\"lazy\" decoding=\"async\" class=\"size-medium wp-image-195813 alignleft\" src=\"https:\/\/www.radiopiu.net\/wordpress\/wp-content\/uploads\/2021\/03\/nicoletta-castellini-300x184.jpg\" alt=\"\" width=\"300\" height=\"184\" srcset=\"https:\/\/www.radiopiu.net\/wordpress\/wp-content\/uploads\/2021\/03\/nicoletta-castellini-300x184.jpg 300w, https:\/\/www.radiopiu.net\/wordpress\/wp-content\/uploads\/2021\/03\/nicoletta-castellini-1024x629.jpg 1024w, https:\/\/www.radiopiu.net\/wordpress\/wp-content\/uploads\/2021\/03\/nicoletta-castellini-768x472.jpg 768w, https:\/\/www.radiopiu.net\/wordpress\/wp-content\/uploads\/2021\/03\/nicoletta-castellini-1536x944.jpg 1536w, https:\/\/www.radiopiu.net\/wordpress\/wp-content\/uploads\/2021\/03\/nicoletta-castellini.jpg 1588w\" sizes=\"auto, (max-width: 300px) 100vw, 300px\" \/><\/a>BELLUNO\u00a0<\/strong>\u00a0 Nicoletta Castellini, presidente del comitato di Belluno del Centro sportivo italiano nello scorso mandato e attualmente vicepresidente, \u00e8 stato eletta consigliere nazionale del Centro sportivo italiano. L\u2019elezione \u00e8 avvenuta nel corso dell\u2019assemblea nazionale che si \u00e8 svolta in modalit\u00e0 on line lo scorso fine settimana e che ha riconfermato alla presidenza Vittorio Bosio.\u00a0\u00abHo l&#8217;onore di rappresentare le societ\u00e0 e tutti gli sportivi in seno al consiglio nazionale del Centro Sportivo Italiano. Spero di esserne all&#8217;altezza\u00bb commenta Nicoletta che, alla carica di consigliere nazionale, raccoglie idealmente il testimone da Dario Dal Magro. \u00abVoglio ringraziare tutti, a cominciare dal mio comitato e da quello regionale veneto, per la fiducia che mi \u00e8 stata accordata.\u00a0E voglio ringraziare anche Dario Dal Magro, che molto bene ha operato negli ultimi due mandati in seno al consiglio nazionale. Inizio questa nuova avventura con entusiasmo, sicura di avere un grande presidente e un gran bella squadra. Insieme, e insieme a tutte le realt\u00e0 locali, faremo il bene del Csi e delle tante societ\u00e0 che che quotidianamente lavorano sul territorio, operando in particolare a favore dei pi\u00f9 giovani e svolgendo un ruolo che accanto all&#8217;ambito sportivo abbraccia quello sociale ed educativo\u00bb.<\/p>\n<p>&nbsp;<\/p>\n<p>&nbsp;<\/p>\n<hr \/>\n<p>&nbsp;<\/p>\n<blockquote>\n<h3>FABIO BONA E LA SUA GRANDE PASSIONE PER ACQUERELLO, MINIATURE ED ICONE<\/h3>\n<\/blockquote>\n<p><strong>di Renato Bona<\/strong><\/p>\n<p>Siamo convinti che se un giorno qualcuno si facesse carico di aggiornare il libro \u201cPersonaggi illustri dell\u2019Alpago e Ponte nelle Alpi\u201d, del maestro Mario De Nale (stampato dalla bellunese tipografia Piave nell\u2019agosto 1978, ad iniziativa del Centro sociale di educazione permanente di Tambre e dell\u2019allora Associazione emigranti bellunesi, anche per celebrare il centenario di Placido Fabris \u201cIl pittore solitario\u201d) darebbe senz\u2019altro il giusto spazio anche a Fabio Bona, il cui nome si aggiungerebbe cos\u00ec a quelli degli omonimi Rissieri (lo scultore dei colossi\u201d) e ai suoi fratelli, pure scultori, Vincenzo , Fioravante ed Antonio oltre che al nipote Isidoro, e ai pronipoti Ettore ed Alvio. Ma chi \u00e8 Fabio Bona? Nato a Feltre il 19 dicembre 1951, sposato con Patrizia dalla quale ha avuto la figlia Francesca, vive a Villabruna, frazione della \u201cPiccola citt\u00e0 degli uomini grandi\u201d; diplomato perito industriale, \u00e8 pensionato dopo aver concluso l\u2019impegno lavorativo come quadro direttivo di un istituto bancario. Il nonno paterno, Andrea &#8211; replica alla domanda &#8211; era nativo di Anzaven in comune di Cesiomaggiore ma sono praticamente certo che l\u2019origine del ceppo familiare sia Tambre. A Feltre ho altri parenti, figli di cugini di mio padre. Poi spiega: \u201cNella vita ho fatto tante cose sia dal punto di vista lavorativo che nella societ\u00e0 civile: sono stato presidente del Gilf (Gruppo interaziendale lavoratori feltrini), fondatore con il dott. Arrigoni, e primo presidente, del Comitato d&#8217;intesa fra le Associazioni a Feltre, presidente del consiglio d&#8217;istituto della scuola media &#8220;Gino Rocca&#8221;, segretario del gruppo Alpini in congedo di Villabruna, vice presidente del Lions Club Host Feltre; ancora: socio fondatore ed attualmente presidente della Confraternita del formaggio Piave, attuale presidente del collegio dei revisori della Fice (Federazione italiana circoli enogastronomici) quindi consigliere comunale (ultimo capogruppo del Psi), consigliere della Comunit\u00e0 montana, dell\u2019Ente bacino smaltimento rifiuti, di Dolomitibus e Ater (anche vice presidente), primo presidente dell\u2019Azienda feltrina servizi alla persona, consigliere in Ge. Mel (azienda che si occupava della Casa di riposo e sociale a Mel), consigliere e vice presidente alla Villanova servizi e di analoga azienda in comune di Trichiana. Un curriculum di tutto rispetto, carico peraltro di impegni a volta gravosi che non hanno impedito in assoluto a Fabio Bona di coltivare la passione di sempre: quella per l\u2019arte che lo ha spinto a frequentare corsi di acquerello, miniature, icone, scrittura antica \u201cma devo ammettere che non ho mai avuto la possibilit\u00e0 di dedicarmi appieno, come avrei tanto voluto, al mio hobby, perch\u00e9 sempre occupato in qualcos&#8217;altro, come accennato\u2026\u201d. Tuttavia da quando si \u00e8 ritagliato il giusto spazio per il tempo libero \u00e8 riemerso il suo interesse per l\u2019arte, specialmente quella sacra, ed \u00e8 cominciata la sua produzione di \u201ccose belle\u201d: \u201cNon ho riscontro con il grande pubblico ma solo da conoscenti, e di qualcuno, anche entusiasta, che mi incoraggia\u2026 avrei potuto allestire una mostra in Sinistra Piave, ma il Covid 19 ha bloccato tutto; resto fiducioso\u2026 non mancher\u00e0 occasione\u2026\u201d. L\u2019artista alpagoto-feltrino tiene a sottolineare che: \u201cdipingo per passione e diletto e per impegnarmi mentalmente cosa che reputo molto importante di questi tempi\u2026 cerco di visitare i luoghi \u2013 specie come ho gi\u00f9 avuto modo di dire in altre occasioni, in Sinistra Piave, Mel, Bardies, Colder\u00f9, Villapiana, l\u2019eremo di San Donato sopra Ronchena, Cesana, Umin\u2026 che contengono autentici tesori d&#8217;arte; scatto foto, studio i personaggi, scelgo, dipingo&#8230; I luoghi dove possiamo trovare affreschi, pale, dipinti sono palazzi e chiese: i primi se sono di propriet\u00e0 privata non sono accessibili; se invece sono di propriet\u00e0 pubblica, spesso autentici tesori con opere eseguite dai migliori pittori dell&#8217;epoca (penso alla sinistra Piave, a tutte le opere della famiglia di Antonio Rosso e dei figli Giovanni e Marco da Mel) concludo mestamente che non sono valorizzati perch\u00e9 poco conosciuti\u2026\u201d. Nella sua produzione artistica Bona utilizza una tecnica che definisce molto insolita (per non dire unica) dipinge infatti con colori ad acquerello su supporto di ceramica grezza cosiddetta &#8220;biscotto&#8221;, stesso materiale che, se dipinto con colori ossidi e successivamente cristallizzati in bagno di vetro liquido, andrebbero poi cotti in forno a circa 1.000 gradi \u201cio invece, una volta dipinti, proteggo i colori con strato di cera d&#8217;api pura per la conservazione. La tecnica \u00e8 veloce nel senso che il colore viene assorbito in un paio di secondi ed \u00e8 impossibile, nel caso di errore, rimediare in quanto non si pu\u00f2 \u2018passare sopra\u2019 come con i colori ad olio: la tecnica assomiglia molto all&#8217;affresco\u201d. Detto che \u201cIn famiglia ho un fratello che abita a Milano che per il passato ha frequentato l&#8217;accademia Brera, ma poi ha smesso (incomprensibilmente), ed un cugino che ora per\u00f2 dipinge usando tecniche moderne con computer\u201d Bona tiene a sottolineare che \u201cAndando oltre la passione personale il mio vorrebbe essere un messaggio soprattutto alla \u2018politica\u2019 per dire che abbiamo autentici tesori nella nostra provincia, che non riusciamo a far conoscere neanche al vicino di casa e che potrebbero invece essere autentica fonte di lavoro ed economia garantita; basti pensare che alla fine di un percorso guidato qualsiasi si potrebbero far degustare i prodotti locali con vendita degli stessi, perch\u00e9 da buon enogastronomo so bene che un tour culturale finisce bene quando hai pranzato bene!; ma questo \u00e8 un tema che andrebbe approfondito&#8230; Certo \u00e8 che sono convinto che molti giovani potrebbero trovare in questo campo un\u2019 opportunit\u00e0 occupazionale&#8230;\u201d.<\/p>\n\n\t\t\t<style type='text\/css'>\n\t\t\t\t#gallery-3 {\n\t\t\t\t\tmargin: auto;\n\t\t\t\t}\n\t\t\t\t#gallery-3 .gallery-item {\n\t\t\t\t\tfloat: left;\n\t\t\t\t\tmargin-top: 10px;\n\t\t\t\t\ttext-align: center;\n\t\t\t\t\twidth: 25%;\n\t\t\t\t}\n\t\t\t\t#gallery-3 img {\n\t\t\t\t\tborder: 2px solid #cfcfcf;\n\t\t\t\t}\n\t\t\t\t#gallery-3 .gallery-caption {\n\t\t\t\t\tmargin-left: 0;\n\t\t\t\t}\n\t\t\t\t\/* see gallery_shortcode() in wp-includes\/media.php *\/\n\t\t\t<\/style>\n\t\t<div id='gallery-3' class='dt-gallery-container gallery galleryid-195724 gallery-columns-4 gallery-size-thumbnail'><dl class='gallery-item'>\n\t\t\t\t<dt class='gallery-icon portrait'>\n\t\t\t\t\t<a class=\"rollover rollover-zoom dt-pswp-item\" title=\"158361402_1150410935393273_677170915165926076_n\" data-dt-img-description=\"\" data-large_image_width=\"608\" data-large_image_height=\"1080\"href='https:\/\/www.radiopiu.net\/wordpress\/wp-content\/uploads\/2021\/03\/158361402_1150410935393273_677170915165926076_n.jpg'><img loading=\"lazy\" decoding=\"async\" width=\"150\" height=\"150\" src=\"https:\/\/www.radiopiu.net\/wordpress\/wp-content\/uploads\/2021\/03\/158361402_1150410935393273_677170915165926076_n-150x150.jpg\" class=\"attachment-thumbnail size-thumbnail\" alt=\"\" \/><\/a>\n\t\t\t\t<\/dt><\/dl><dl class='gallery-item'>\n\t\t\t\t<dt class='gallery-icon portrait'>\n\t\t\t\t\t<a class=\"rollover rollover-zoom dt-pswp-item\" title=\"158353112_167481788476499_3534851226770578032_n\" data-dt-img-description=\"\" data-large_image_width=\"371\" data-large_image_height=\"382\"href='https:\/\/www.radiopiu.net\/wordpress\/wp-content\/uploads\/2021\/03\/158353112_167481788476499_3534851226770578032_n.jpg'><img loading=\"lazy\" decoding=\"async\" width=\"150\" height=\"150\" src=\"https:\/\/www.radiopiu.net\/wordpress\/wp-content\/uploads\/2021\/03\/158353112_167481788476499_3534851226770578032_n-150x150.jpg\" class=\"attachment-thumbnail size-thumbnail\" alt=\"\" \/><\/a>\n\t\t\t\t<\/dt><\/dl><dl class='gallery-item'>\n\t\t\t\t<dt class='gallery-icon landscape'>\n\t\t\t\t\t<a class=\"rollover rollover-zoom dt-pswp-item\" title=\"158639744_2000855686757671_8054854935970843867_n\" data-dt-img-description=\"\" data-large_image_width=\"1047\" data-large_image_height=\"1034\"href='https:\/\/www.radiopiu.net\/wordpress\/wp-content\/uploads\/2021\/03\/158639744_2000855686757671_8054854935970843867_n.jpg'><img loading=\"lazy\" decoding=\"async\" width=\"150\" height=\"150\" src=\"https:\/\/www.radiopiu.net\/wordpress\/wp-content\/uploads\/2021\/03\/158639744_2000855686757671_8054854935970843867_n-150x150.jpg\" class=\"attachment-thumbnail size-thumbnail\" alt=\"\" \/><\/a>\n\t\t\t\t<\/dt><\/dl><dl class='gallery-item'>\n\t\t\t\t<dt class='gallery-icon portrait'>\n\t\t\t\t\t<a class=\"rollover rollover-zoom dt-pswp-item\" title=\"158582277_258058575907859_44994646553984917_n\" data-dt-img-description=\"\" data-large_image_width=\"1080\" data-large_image_height=\"1440\"href='https:\/\/www.radiopiu.net\/wordpress\/wp-content\/uploads\/2021\/03\/158582277_258058575907859_44994646553984917_n.jpg'><img loading=\"lazy\" decoding=\"async\" width=\"150\" height=\"150\" src=\"https:\/\/www.radiopiu.net\/wordpress\/wp-content\/uploads\/2021\/03\/158582277_258058575907859_44994646553984917_n-150x150.jpg\" class=\"attachment-thumbnail size-thumbnail\" alt=\"\" \/><\/a>\n\t\t\t\t<\/dt><\/dl><br style=\"clear: both\" \/><dl class='gallery-item'>\n\t\t\t\t<dt class='gallery-icon portrait'>\n\t\t\t\t\t<a class=\"rollover rollover-zoom dt-pswp-item\" title=\"158838760_3901257449931334_63270098923657198_n\" data-dt-img-description=\"\" data-large_image_width=\"1080\" data-large_image_height=\"1373\"href='https:\/\/www.radiopiu.net\/wordpress\/wp-content\/uploads\/2021\/03\/158838760_3901257449931334_63270098923657198_n.jpg'><img loading=\"lazy\" decoding=\"async\" width=\"150\" height=\"150\" src=\"https:\/\/www.radiopiu.net\/wordpress\/wp-content\/uploads\/2021\/03\/158838760_3901257449931334_63270098923657198_n-150x150.jpg\" class=\"attachment-thumbnail size-thumbnail\" alt=\"\" \/><\/a>\n\t\t\t\t<\/dt><\/dl><dl class='gallery-item'>\n\t\t\t\t<dt class='gallery-icon portrait'>\n\t\t\t\t\t<a class=\"rollover rollover-zoom dt-pswp-item\" title=\"158786532_450618909506829_4235623405922397546_n\" data-dt-img-description=\"\" data-large_image_width=\"1065\" data-large_image_height=\"1383\"href='https:\/\/www.radiopiu.net\/wordpress\/wp-content\/uploads\/2021\/03\/158786532_450618909506829_4235623405922397546_n.jpg'><img loading=\"lazy\" decoding=\"async\" width=\"150\" height=\"150\" src=\"https:\/\/www.radiopiu.net\/wordpress\/wp-content\/uploads\/2021\/03\/158786532_450618909506829_4235623405922397546_n-150x150.jpg\" class=\"attachment-thumbnail size-thumbnail\" alt=\"\" \/><\/a>\n\t\t\t\t<\/dt><\/dl><dl class='gallery-item'>\n\t\t\t\t<dt class='gallery-icon landscape'>\n\t\t\t\t\t<a class=\"rollover rollover-zoom dt-pswp-item\" title=\"158612234_491036602259503_1423811146899813370_n\" data-dt-img-description=\"\" data-large_image_width=\"1080\" data-large_image_height=\"1080\"href='https:\/\/www.radiopiu.net\/wordpress\/wp-content\/uploads\/2021\/03\/158612234_491036602259503_1423811146899813370_n.jpg'><img loading=\"lazy\" decoding=\"async\" width=\"150\" height=\"150\" src=\"https:\/\/www.radiopiu.net\/wordpress\/wp-content\/uploads\/2021\/03\/158612234_491036602259503_1423811146899813370_n-150x150.jpg\" class=\"attachment-thumbnail size-thumbnail\" alt=\"\" srcset=\"https:\/\/www.radiopiu.net\/wordpress\/wp-content\/uploads\/2021\/03\/158612234_491036602259503_1423811146899813370_n-150x150.jpg 150w, https:\/\/www.radiopiu.net\/wordpress\/wp-content\/uploads\/2021\/03\/158612234_491036602259503_1423811146899813370_n-300x300.jpg 300w, https:\/\/www.radiopiu.net\/wordpress\/wp-content\/uploads\/2021\/03\/158612234_491036602259503_1423811146899813370_n-1024x1024.jpg 1024w, https:\/\/www.radiopiu.net\/wordpress\/wp-content\/uploads\/2021\/03\/158612234_491036602259503_1423811146899813370_n-768x768.jpg 768w, https:\/\/www.radiopiu.net\/wordpress\/wp-content\/uploads\/2021\/03\/158612234_491036602259503_1423811146899813370_n.jpg 1080w\" sizes=\"auto, (max-width: 150px) 100vw, 150px\" \/><\/a>\n\t\t\t\t<\/dt><\/dl><dl class='gallery-item'>\n\t\t\t\t<dt class='gallery-icon portrait'>\n\t\t\t\t\t<a class=\"rollover rollover-zoom dt-pswp-item\" title=\"158651519_913277866163081_2002636572279617432_n\" data-dt-img-description=\"\" data-large_image_width=\"608\" data-large_image_height=\"1080\"href='https:\/\/www.radiopiu.net\/wordpress\/wp-content\/uploads\/2021\/03\/158651519_913277866163081_2002636572279617432_n.jpg'><img loading=\"lazy\" decoding=\"async\" width=\"150\" height=\"150\" src=\"https:\/\/www.radiopiu.net\/wordpress\/wp-content\/uploads\/2021\/03\/158651519_913277866163081_2002636572279617432_n-150x150.jpg\" class=\"attachment-thumbnail size-thumbnail\" alt=\"\" \/><\/a>\n\t\t\t\t<\/dt><\/dl><br style=\"clear: both\" \/>\n\t\t\t<\/div>\n\n<p>NELLE FOTO (archivio Fabio Bona): l\u2019artista alpagoto-feltrino impegnato nelle sue apprezzate creazioni; &#8220;opere&#8221; che lo hanno ispirato e che sono state realizzate: in buona sostanza miniature in quanto hanno dimensioni massime di 25&#215;32 e le acquasantiere altezza massima di 18: Sacra Famiglia di Luigi Cima nell\u2019arcipretale di Mel; Sant\u2019Antonio incontra Sant\u2019Ilarione, chiesa di Bardies; particolare dalla chiesa del Follo di Mel; particolare della pala della chiesa di San Gregorio nelle Alpi; chiesa di Umin: particolare di presule; San Pietro dal sacello di Umin; Santa Maria delle Grazie a Caprile.<\/p>\n<p>&nbsp;<\/p>\n<p>&nbsp;<\/p>\n<hr \/>\n<p>&nbsp;<\/p>\n<h2><span style=\"color: #ff0000;\">IERI ALLA RADIO\u00a0<\/span><\/h2>\n<blockquote>\n<h3>L&#8217;OSTETRICA ALLA RADIO, ROSSELLA DAL BO&#8217;<\/h3>\n<p><em><img loading=\"lazy\" decoding=\"async\" class=\"alignleft\" src=\"https:\/\/www.radiopiu.net\/wordpress\/wp-content\/uploads\/2021\/03\/119936063_104346804759473_3438798017883046093_o.jpg\" width=\"59\" height=\"79\" \/>la bellezza di essere ostetrica consiste anche nel poter offrire consulenze e lezioni a scuola per i giovani in modo che vivano al meglio il loro rapporto con se stessi, con il proprio corpo e con i propri compagni e\/o partner<\/em><\/p><\/blockquote>\n<p><strong>di Claudio Fontanive<\/strong><\/p>\n<audio class=\"wp-audio-shortcode\" id=\"audio-195724-7\" preload=\"none\" style=\"width: 100%;\" controls=\"controls\"><source type=\"audio\/mpeg\" src=\"https:\/\/www.radiopiu.net\/wordpress\/wp-content\/uploads\/2021\/03\/rossella-dalbo-4-marzo.mp3?_=7\" \/><a href=\"https:\/\/www.radiopiu.net\/wordpress\/wp-content\/uploads\/2021\/03\/rossella-dalbo-4-marzo.mp3\">https:\/\/www.radiopiu.net\/wordpress\/wp-content\/uploads\/2021\/03\/rossella-dalbo-4-marzo.mp3<\/a><\/audio>\n<p>&nbsp;<\/p>\n<p>&nbsp;<\/p>\n<p>&nbsp;<\/p>\n<hr \/>\n<p>&nbsp;<\/p>\n<blockquote>\n<h3><a href=\"https:\/\/www.radiopiu.net\/wordpress\/almanacco-ladino-puntata-5-2020\/sn\/\" rel=\"attachment wp-att-180931\"><img loading=\"lazy\" decoding=\"async\" class=\"wp-image-180931 alignleft\" src=\"https:\/\/www.radiopiu.net\/wordpress\/wp-content\/uploads\/2020\/12\/sn-300x194.jpg\" alt=\"\" width=\"181\" height=\"117\" srcset=\"https:\/\/www.radiopiu.net\/wordpress\/wp-content\/uploads\/2020\/12\/sn-300x194.jpg 300w, https:\/\/www.radiopiu.net\/wordpress\/wp-content\/uploads\/2020\/12\/sn.jpg 626w\" sizes=\"auto, (max-width: 181px) 100vw, 181px\" \/><\/a>L&#8217;ALMANACCO LADINO CON L&#8217;ISTITUT CESA DE JAN QUINDICINALE APPUNTAMENTO. LA DOMENICA ALLE 9 IL LUNEDI ALLE 8.35 IL MARTEDI ALLE 12.35 IL MERCOLEDI ALLE 18.35. SECONDA STAGIONE.<\/h3>\n<\/blockquote>\n<p><strong>RACCOLTA COMPLETA\u00a0<\/strong><\/p>\n<blockquote class=\"wp-embedded-content\" data-secret=\"TorYzdLkWx\"><p><a href=\"https:\/\/www.radiopiu.net\/wordpress\/almanacco-ladino\/\">Almanacco Ladino<\/a><\/p><\/blockquote>\n<p><iframe loading=\"lazy\" class=\"wp-embedded-content\" sandbox=\"allow-scripts\" security=\"restricted\" style=\"position: absolute; clip: rect(1px, 1px, 1px, 1px);\" title=\"&#8220;Almanacco Ladino&#8221; &#8212; Radio Pi\u00f9\" src=\"https:\/\/www.radiopiu.net\/wordpress\/almanacco-ladino\/embed\/#?secret=TorYzdLkWx\" data-secret=\"TorYzdLkWx\" width=\"600\" height=\"338\" frameborder=\"0\" marginwidth=\"0\" marginheight=\"0\" scrolling=\"no\"><\/iframe><\/p>\n<hr \/>\n<p>&nbsp;<\/p>\n<blockquote>\n<h3>SALUTE E SOCIETA&#8217; IL LUNEDI ALLE 13.10 E ALLE 20.10, LA DOMENICA ALLE 10.30 A CURA DEL DOTTOR MARCO CARACCIOLO. QUINTA STAGIONE<\/h3>\n<\/blockquote>\n<p><strong>LA PUNTATA DELLA SETTIMANA <\/strong>La narcolessia \u00e8 una malattia neurologica rara che in Italia conta circa 2000 casi. E\u2019 una malattia sottodiagnosticata ed \u00e8 accompagnata da diversi sintomi che impattano fortemente sulla qualit\u00e0 della vita dei pazienti. Ne parliamo con il prof. Giuseppe Plazzi, Ordinario di Neuropsichiatria Infantile, Universit\u00e0 degli studi di Modena e Reggio Emilia; Responsabile scientifico e coordinatore Centro Narcolessia e disturbi del sonno, IRCCS, Istituto delle Scienze Neurologiche di Bologna; Presidente AIMS, Associazione Italiana di Medicina del Sonno<\/p>\n<audio class=\"wp-audio-shortcode\" id=\"audio-195724-8\" preload=\"none\" style=\"width: 100%;\" controls=\"controls\"><source type=\"audio\/mpeg\" src=\"https:\/\/www.radiopiu.net\/wordpress\/wp-content\/uploads\/2021\/03\/SALUTE.mp3?_=8\" \/><a href=\"https:\/\/www.radiopiu.net\/wordpress\/wp-content\/uploads\/2021\/03\/SALUTE.mp3\">https:\/\/www.radiopiu.net\/wordpress\/wp-content\/uploads\/2021\/03\/SALUTE.mp3<\/a><\/audio>\n<p>&nbsp;<\/p>\n<h3><strong>LA RACCOLTA COMPLETA\u00a0<\/strong><\/h3>\n<blockquote class=\"wp-embedded-content\" data-secret=\"fRtS1wdseg\"><p><a href=\"https:\/\/www.radiopiu.net\/wordpress\/saluteesocieta\/\">Salute e Societ\u00e0<\/a><\/p><\/blockquote>\n<p><iframe loading=\"lazy\" class=\"wp-embedded-content\" sandbox=\"allow-scripts\" security=\"restricted\" style=\"position: absolute; clip: rect(1px, 1px, 1px, 1px);\" title=\"&#8220;Salute e Societ\u00e0&#8221; &#8212; Radio Pi\u00f9\" src=\"https:\/\/www.radiopiu.net\/wordpress\/saluteesocieta\/embed\/#?secret=fRtS1wdseg\" data-secret=\"fRtS1wdseg\" width=\"600\" height=\"338\" frameborder=\"0\" marginwidth=\"0\" marginheight=\"0\" scrolling=\"no\"><\/iframe><\/p>\n<hr \/>\n<p>&nbsp;<\/p>\n<p>&nbsp;<\/p>\n<h2><\/h2>\n<h2><span style=\"color: #ff0000;\"><a href=\"https:\/\/www.radiopiu.net\/wordpress\/giornale-radiopiu-05-gennaio-2021-direttore-mirko-mezzacasa\/133200401_100838761953611_1258544160541445132_o-2\/\" rel=\"attachment wp-att-183078\"><img loading=\"lazy\" decoding=\"async\" class=\" wp-image-183078 alignleft\" src=\"https:\/\/www.radiopiu.net\/wordpress\/wp-content\/uploads\/2021\/01\/133200401_100838761953611_1258544160541445132_o-1-300x157.jpg\" alt=\"\" width=\"192\" height=\"101\" srcset=\"https:\/\/www.radiopiu.net\/wordpress\/wp-content\/uploads\/2021\/01\/133200401_100838761953611_1258544160541445132_o-1-300x157.jpg 300w, https:\/\/www.radiopiu.net\/wordpress\/wp-content\/uploads\/2021\/01\/133200401_100838761953611_1258544160541445132_o-1.jpg 526w\" sizes=\"auto, (max-width: 192px) 100vw, 192px\" \/><\/a>GOCCE DI FILOSOFIA, CON CHIARA CAU, CON LISA DE LUCA. <\/span><\/h2>\n<h2><span style=\"color: #ff0000;\">TUTTI I GIORNI DAL LUNEDI AL VENERDI ALLE 6.55 E ALLE 18.55<\/span><\/h2>\n<p><strong>PUNTATA 46<\/strong><\/p>\n<audio class=\"wp-audio-shortcode\" id=\"audio-195724-9\" preload=\"none\" style=\"width: 100%;\" controls=\"controls\"><source type=\"audio\/mpeg\" src=\"https:\/\/www.radiopiu.net\/wordpress\/wp-content\/uploads\/2021\/03\/FI1.mp3?_=9\" \/><a href=\"https:\/\/www.radiopiu.net\/wordpress\/wp-content\/uploads\/2021\/03\/FI1.mp3\">https:\/\/www.radiopiu.net\/wordpress\/wp-content\/uploads\/2021\/03\/FI1.mp3<\/a><\/audio>\n<h3>LA RACCOLTA COMPLETA<\/h3>\n<blockquote class=\"wp-embedded-content\" data-secret=\"uuC7p2dTKW\"><p><a href=\"https:\/\/www.radiopiu.net\/wordpress\/gocce-filosofia\/\">Gocce di filosofia<\/a><\/p><\/blockquote>\n<p><iframe loading=\"lazy\" class=\"wp-embedded-content\" sandbox=\"allow-scripts\" security=\"restricted\" style=\"position: absolute; clip: rect(1px, 1px, 1px, 1px);\" title=\"&#8220;Gocce di filosofia&#8221; &#8212; Radio Pi\u00f9\" src=\"https:\/\/www.radiopiu.net\/wordpress\/gocce-filosofia\/embed\/#?secret=uuC7p2dTKW\" data-secret=\"uuC7p2dTKW\" width=\"600\" height=\"338\" frameborder=\"0\" marginwidth=\"0\" marginheight=\"0\" scrolling=\"no\"><\/iframe><\/p>\n<p>&nbsp;<\/p>\n<hr \/>\n<div>\n<h2><span style=\"color: #000080;\"><a class=\"dt-pswp-item\" href=\"https:\/\/www.radiopiu.net\/wordpress\/wp-content\/uploads\/2020\/10\/pp.jpg\" data-dt-img-description=\"\" data-large_image_width=\"640\" data-large_image_height=\"640\"><img loading=\"lazy\" decoding=\"async\" class=\"wp-image-163678 alignleft\" src=\"https:\/\/www.radiopiu.net\/wordpress\/wp-content\/uploads\/2020\/10\/pp-300x300.jpg\" alt=\"\" width=\"106\" height=\"106\" srcset=\"https:\/\/www.radiopiu.net\/wordpress\/wp-content\/uploads\/2020\/10\/pp-300x300.jpg 300w, https:\/\/www.radiopiu.net\/wordpress\/wp-content\/uploads\/2020\/10\/pp-150x150.jpg 150w, https:\/\/www.radiopiu.net\/wordpress\/wp-content\/uploads\/2020\/10\/pp-125x125.jpg 125w, https:\/\/www.radiopiu.net\/wordpress\/wp-content\/uploads\/2020\/10\/pp-200x200.jpg 200w, https:\/\/www.radiopiu.net\/wordpress\/wp-content\/uploads\/2020\/10\/pp-80x80.jpg 80w, https:\/\/www.radiopiu.net\/wordpress\/wp-content\/uploads\/2020\/10\/pp-480x480.jpg 480w, https:\/\/www.radiopiu.net\/wordpress\/wp-content\/uploads\/2020\/10\/pp.jpg 640w\" sizes=\"auto, (max-width: 106px) 100vw, 106px\" \/><\/a><\/span><\/h2>\n<h2><span style=\"color: #000080;\">DON CESARE, IL PENSIERO DEL GIORNO. ALLA RADIO ALLE 7 DEL MATTINO E ALLE 19.30 DELLA SERA.\u00a0\u00a0<\/span><\/h2>\n<\/div>\n<p>&nbsp;<\/p>\n<p>&nbsp;<\/p>\n<audio class=\"wp-audio-shortcode\" id=\"audio-195724-10\" preload=\"none\" style=\"width: 100%;\" controls=\"controls\"><source type=\"audio\/mpeg\" src=\"https:\/\/www.radiopiu.net\/wordpress\/wp-content\/uploads\/2021\/03\/cesare-2.mp3?_=10\" \/><a href=\"https:\/\/www.radiopiu.net\/wordpress\/wp-content\/uploads\/2021\/03\/cesare-2.mp3\">https:\/\/www.radiopiu.net\/wordpress\/wp-content\/uploads\/2021\/03\/cesare-2.mp3<\/a><\/audio>\n<p>&nbsp;<\/p>\n<hr \/>\n<p>&nbsp;<\/p>\n<p>&nbsp;<\/p>\n<div class=\"im_message_wrap clearfix\">\n<div class=\"im_content_message_wrap im_message_out\">\n<h2><span style=\"color: #ff0000;\">IN VIVO VERSO 2020-21<\/span><\/h2>\n<p><strong><span style=\"color: #0000ff;\">IN ONDA DAL LUNEDI AL VENERDI ALLE 7.10, 10.10, 18.50\u00a0 \u00a0<\/span><\/strong><\/p>\n<blockquote class=\"wp-embedded-content\" data-secret=\"auOwtPcOmb\"><p><a href=\"https:\/\/www.radiopiu.net\/wordpress\/otto-marzo-di-john-francis-della-pietra\/\">OTTO MARZO di  JOHN FRANCIS DELLA PIETRA<\/a><\/p><\/blockquote>\n<p><iframe loading=\"lazy\" class=\"wp-embedded-content\" sandbox=\"allow-scripts\" security=\"restricted\" style=\"position: absolute; clip: rect(1px, 1px, 1px, 1px);\" title=\"&#8220;OTTO MARZO di  JOHN FRANCIS DELLA PIETRA&#8221; &#8212; Radio Pi\u00f9\" src=\"https:\/\/www.radiopiu.net\/wordpress\/otto-marzo-di-john-francis-della-pietra\/embed\/#?secret=auOwtPcOmb\" data-secret=\"auOwtPcOmb\" width=\"600\" height=\"338\" frameborder=\"0\" marginwidth=\"0\" marginheight=\"0\" scrolling=\"no\"><\/iframe><\/p>\n<p><strong>LA RACCOLTA<\/strong><\/p>\n<blockquote class=\"wp-embedded-content\" data-secret=\"paj7zktEVG\"><p><a href=\"https:\/\/www.radiopiu.net\/wordpress\/in-vivo-verso\/\">In Vivo Verso<\/a><\/p><\/blockquote>\n<p><iframe loading=\"lazy\" class=\"wp-embedded-content\" sandbox=\"allow-scripts\" security=\"restricted\" style=\"position: absolute; clip: rect(1px, 1px, 1px, 1px);\" title=\"&#8220;In Vivo Verso&#8221; &#8212; Radio Pi\u00f9\" src=\"https:\/\/www.radiopiu.net\/wordpress\/in-vivo-verso\/embed\/#?secret=paj7zktEVG\" data-secret=\"paj7zktEVG\" width=\"600\" height=\"338\" frameborder=\"0\" marginwidth=\"0\" marginheight=\"0\" scrolling=\"no\"><\/iframe><\/p>\n<p>&nbsp;<\/p>\n<hr \/>\n<p>&nbsp;<\/p>\n<\/div>\n<\/div>\n<h2><span style=\"color: #808000;\">DUE MINUTI UN LIBRO\u00a0 TUTTI I GIORNI ALLA RADIO ALLE 9.30 E ALLE 18. QUINTA STAGIONE\u00a0<\/span><\/h2>\n<blockquote class=\"wp-embedded-content\" data-secret=\"tk56G9PwVW\"><p><a href=\"https:\/\/www.radiopiu.net\/wordpress\/luomo-dello-specchio\/\">L&#8217;UOMO DELLO SPECCHIO<\/a><\/p><\/blockquote>\n<p><iframe loading=\"lazy\" class=\"wp-embedded-content\" sandbox=\"allow-scripts\" security=\"restricted\" style=\"position: absolute; clip: rect(1px, 1px, 1px, 1px);\" title=\"&#8220;L&#8217;UOMO DELLO SPECCHIO&#8221; &#8212; Radio Pi\u00f9\" src=\"https:\/\/www.radiopiu.net\/wordpress\/luomo-dello-specchio\/embed\/#?secret=tk56G9PwVW\" data-secret=\"tk56G9PwVW\" width=\"600\" height=\"338\" frameborder=\"0\" marginwidth=\"0\" marginheight=\"0\" scrolling=\"no\"><\/iframe><\/p>\n<h3><span style=\"color: #808000;\">\u00a0<\/span>LA RACCOLTA COMPLETA<\/h3>\n<blockquote class=\"wp-embedded-content\" data-secret=\"crSLu1OcRa\"><p><a href=\"https:\/\/www.radiopiu.net\/wordpress\/due-minuti-un-libro\/\">Due minuti un libro<\/a><\/p><\/blockquote>\n<p><iframe loading=\"lazy\" class=\"wp-embedded-content\" sandbox=\"allow-scripts\" security=\"restricted\" style=\"position: absolute; clip: rect(1px, 1px, 1px, 1px);\" title=\"&#8220;Due minuti un libro&#8221; &#8212; Radio Pi\u00f9\" src=\"https:\/\/www.radiopiu.net\/wordpress\/due-minuti-un-libro\/embed\/#?secret=crSLu1OcRa\" data-secret=\"crSLu1OcRa\" width=\"600\" height=\"338\" frameborder=\"0\" marginwidth=\"0\" marginheight=\"0\" scrolling=\"no\"><\/iframe><\/p>\n<p>&nbsp;<\/p>\n<p>&nbsp;<\/p>\n<p>&nbsp;<\/p>\n<hr \/>\n<p>&nbsp;<\/p>\n<blockquote>\n<h3 class=\"kvgmc6g5 cxmmr5t8 oygrvhab hcukyx3x c1et5uql\"><span style=\"color: #0000ff;\">INFORMAZIONE il canale su TELEGRAM informazione di prima mano e in tempo reale. iscriviti ed aiutaci a farlo conoscere\u00a0<\/span><\/h3>\n<\/blockquote>\n<h2><img loading=\"lazy\" decoding=\"async\" class=\"alignleft\" src=\"https:\/\/www.radiopiu.net\/wordpress\/wp-content\/uploads\/2021\/03\/narr.jpg\" width=\"158\" height=\"105\" \/>007 IN CONDOTTA CON LA PROF. MARIA ROSA SALMAZO IL LUNEDI ALLE 10,30 E ALLE 19.00 LA DOMENICA ALLE 8 DEL MATTINO. NONA STAGIONE<\/h2>\n<p><span style=\"color: #ff0000;\"><strong>PUNTATA DEL 08 MARZO 2021<\/strong><\/span><\/p>\n<p>&nbsp;<\/p>\n<audio class=\"wp-audio-shortcode\" id=\"audio-195724-11\" preload=\"none\" style=\"width: 100%;\" controls=\"controls\"><source type=\"audio\/mpeg\" src=\"https:\/\/www.radiopiu.net\/wordpress\/wp-content\/uploads\/2021\/03\/007-condota-8-marzo.mp3?_=11\" \/><a href=\"https:\/\/www.radiopiu.net\/wordpress\/wp-content\/uploads\/2021\/03\/007-condota-8-marzo.mp3\">https:\/\/www.radiopiu.net\/wordpress\/wp-content\/uploads\/2021\/03\/007-condota-8-marzo.mp3<\/a><\/audio>\n<h2>LA RACCOLTA COMPLETA<\/h2>\n<blockquote class=\"wp-embedded-content\" data-secret=\"vsmJw2khRF\"><p><a href=\"https:\/\/www.radiopiu.net\/wordpress\/007incondotta-9\/\">007 in condotta<\/a><\/p><\/blockquote>\n<p><iframe loading=\"lazy\" class=\"wp-embedded-content\" sandbox=\"allow-scripts\" security=\"restricted\" style=\"position: absolute; clip: rect(1px, 1px, 1px, 1px);\" title=\"&#8220;007 in condotta&#8221; &#8212; Radio Pi\u00f9\" src=\"https:\/\/www.radiopiu.net\/wordpress\/007incondotta-9\/embed\/#?secret=vsmJw2khRF\" data-secret=\"vsmJw2khRF\" width=\"600\" height=\"338\" frameborder=\"0\" marginwidth=\"0\" marginheight=\"0\" scrolling=\"no\"><\/iframe><\/p>\n<blockquote><p>&nbsp;<\/p>\n<p>&nbsp;<\/p><\/blockquote>\n<hr \/>\n<p>&nbsp;<\/p>\n<p>&nbsp;<\/p>\n<div>\n<h2><span style=\"color: #33cccc;\">I RACCONTI DI PAOLO SOPPELSA il lunedi alle 9.30 e 18.30<\/span><\/h2>\n<p><strong>DI MARZO\u2026<\/strong><\/p>\n<p><em><strong>AUDIO<\/strong><\/em><\/p>\n<audio class=\"wp-audio-shortcode\" id=\"audio-195724-12\" preload=\"none\" style=\"width: 100%;\" controls=\"controls\"><source type=\"audio\/mpeg\" src=\"https:\/\/www.radiopiu.net\/wordpress\/wp-content\/uploads\/2021\/03\/PAOLO-SOPPELSA-DI-MARZO.mp3?_=12\" \/><a href=\"https:\/\/www.radiopiu.net\/wordpress\/wp-content\/uploads\/2021\/03\/PAOLO-SOPPELSA-DI-MARZO.mp3\">https:\/\/www.radiopiu.net\/wordpress\/wp-content\/uploads\/2021\/03\/PAOLO-SOPPELSA-DI-MARZO.mp3<\/a><\/audio>\n<p>&nbsp;<\/p>\n<p><a href=\"https:\/\/www.radiopiu.net\/wordpress\/i-racconti-di-paolo-soppelsa-sessantacinquesima-puntata\/31daf988-f2b7-4d8b-aad8-e4f97e266102\/\" rel=\"attachment wp-att-195659\"><img loading=\"lazy\" decoding=\"async\" class=\"size-medium wp-image-195659 alignleft\" src=\"https:\/\/www.radiopiu.net\/wordpress\/wp-content\/uploads\/2021\/03\/31daf988-f2b7-4d8b-aad8-e4f97e266102-300x169.jpg\" alt=\"\" width=\"300\" height=\"169\" srcset=\"https:\/\/www.radiopiu.net\/wordpress\/wp-content\/uploads\/2021\/03\/31daf988-f2b7-4d8b-aad8-e4f97e266102-300x169.jpg 300w, https:\/\/www.radiopiu.net\/wordpress\/wp-content\/uploads\/2021\/03\/31daf988-f2b7-4d8b-aad8-e4f97e266102-1024x577.jpg 1024w, https:\/\/www.radiopiu.net\/wordpress\/wp-content\/uploads\/2021\/03\/31daf988-f2b7-4d8b-aad8-e4f97e266102-768x433.jpg 768w, https:\/\/www.radiopiu.net\/wordpress\/wp-content\/uploads\/2021\/03\/31daf988-f2b7-4d8b-aad8-e4f97e266102.jpg 1080w\" sizes=\"auto, (max-width: 300px) 100vw, 300px\" \/><\/a>Erano i giorni in cui la primavera iniziava a liberare i prati dei &#8220;Mos&#8217;ce&#8221; da quella neve sfinita che ormai aveva abbandonato completamente anche il tetto del tabi\u00e0. Tracce d&#8217;erba nuova si mostravano in quel bianco ormai stanco che ancora gelava in certe notti di marzo. Dopo pranzo io e la nonna andavamo a camminare nel tepore di quei pomeriggi di nuvole che correvano sopra le creste ancora innevate del Pelsa. Cento metri &#8220;de stradon&#8221; e poi imboccavamo la ripida salita che conduceva &#8220;ai Piegn&#8221;. Dove l&#8217;asfalto terminava e la strada si trasformava in sentiero c&#8217;era una bella casa con una elegante palizzata in legno. Ci fermavamo qualche attimo a prendere fiato e a guardare l&#8217;aereo di legno posto in cima ad un palo. Era sempre in movimento, con l&#8217;elica che girava grazie al perenne vento d&#8217;inizio primavera che spirava da nord. Poi si ripartiva, percorrendo il breve sentiero pianeggiante che portava al grande masso dove c&#8217;era una semplice &#8220;brega&#8221; che fungeva da panchina. Era in questo luogo, dove si trovava la grande casa fra gli alberi con relativo &#8220;condut&#8221; di legno ubicato nel prato sottostante, che si incrociava la strada forestale che portava &#8220;fora su le zime&#8221;. Quel pomeriggio, sopra il Pelsa stazionavano pesanti nuvole grigie e l&#8217;atmosfera era umida, con il sottobosco bagnato dallo sciogliersi della neve. Nonostante quella sensazione di pioggia imminente, la nonna decise, come accaduto altre volte, di allungare il giro inoltrandosi lungo la stradina sterrata. Dopo il primo ripido strappo prendemmo la mulattiera che in pochi minuti ci avrebbe portato alla &#8220;casa che non c&#8217;era&#8221;. Ovvero quella misteriosa dimora situata nel cuore del bosco, la cui esistenza era testimoniata dalle poche pietre ormai ricoperte di muschio. Ed io tentavo di immaginare questo &#8220;Re da l&#8217;Anime&#8221; che un tempo abitava la &#8220;casa che non c&#8217;era&#8221;. Chiss\u00e0, forse aveva pure una corona d&#8217;oro e gioielli come quelle dei film questo misterioso monarca del regno &#8220;de l&#8217;Anime&#8221;. Nel frattempo arriv\u00f2 la pioggia, dapprima sottile, poi leggermente pi\u00f9 insistente a bagnare i rami ancora spogli dei larici. Cos\u00ec scendemmo lungo un sentiero a me sconosciuto che, mi disse la nonna, ci avrebbe portato in breve tempo &#8220;du inte stradon&#8221;. Camminava leggera, &#8220;in scarpete&#8221; quasi senza guardare dove metteva i piedi. Li conosceva a memoria quei per me ancora misteriosi sentieri che erano parte di quella sua esistenza fatta di fatica e lavoro sui prati e nei campi. Pareva danzare su quei sassi scivolosi ed io la seguivo con l&#8217;agilit\u00e0 dei miei cinque anni. La traccia scendeva ripida fra i muri a secco circondati dalla vegetazione che velocemente cresceva sui prati. Non lo sapevo, allora, che i tempi stavano rapidamente cambiando. I nonni invecchiavano mentre i giovani &#8220;pez&#8221; prendevano il posto delle &#8220;bachete da fasoi&#8221;. Scendemmo ancora un p\u00f2 fino a raggiungere quello che un tempo era &#8220;el ciamp de patate&#8221; ora diventato &#8220;pr\u00e0 da sieg\u00e0 par fa s\u00f9 &#8216;npochi de fas de fen par la vacia&#8221;. Poi, con un ultimo ripido salto, fummo sulla provinciale dove scorrevano dei piccoli rivoli d&#8217;acqua che si incanalavano nella cunetta interna del tornante delle Martinazze. Un quarto d&#8217;ora e fummo a casa ad asciugarci vicino alla &#8220;cosina economica&#8221;. Fuori, le nuvole avevano avvolto il Pelsa e la pioggia scorreva sui teli di naylon che coprivano la legna. Poi, fu un tranquillo abbandonarmi sul divano della cucina, sotto una coperta posata senza che nemmeno me ne accorgessi\u2026Magiche Dolomiti!!<\/p>\n<h3 class=\"kvgmc6g5 cxmmr5t8 oygrvhab hcukyx3x c1et5uql\"><span style=\"color: #0000ff;\">INFORMAZIONE il canale su TELEGRAM informazione di prima mano e in tempo reale. iscriviti ed aiutaci a farlo conoscere\u00a0<\/span><\/h3>\n<h2><span style=\"color: #33cccc;\"><strong>RACCOLTA COMPLETA<\/strong><\/span><\/h2>\n<blockquote class=\"wp-embedded-content\" data-secret=\"vSfsI2Lr5S\"><p><a href=\"https:\/\/www.radiopiu.net\/wordpress\/i-racconti-di-paolo-soppelsa\/\">I racconti di Paolo Soppelsa<\/a><\/p><\/blockquote>\n<p><iframe loading=\"lazy\" class=\"wp-embedded-content\" sandbox=\"allow-scripts\" security=\"restricted\" style=\"position: absolute; clip: rect(1px, 1px, 1px, 1px);\" title=\"&#8220;I racconti di Paolo Soppelsa&#8221; &#8212; Radio Pi\u00f9\" src=\"https:\/\/www.radiopiu.net\/wordpress\/i-racconti-di-paolo-soppelsa\/embed\/#?secret=vSfsI2Lr5S\" data-secret=\"vSfsI2Lr5S\" width=\"600\" height=\"338\" frameborder=\"0\" marginwidth=\"0\" marginheight=\"0\" scrolling=\"no\"><\/iframe><\/p>\n<\/div>\n<p>&nbsp;<\/p>\n<p>&nbsp;<\/p>\n<hr \/>\n<p>&nbsp;<\/p>\n<p>&nbsp;<\/p>\n<blockquote class=\"wp-embedded-content\" data-secret=\"NCof24fwCC\"><p><a href=\"https:\/\/www.radiopiu.net\/wordpress\/agora-agordina-la-nosta-piaza\/\">AGORA&#8217; AGORDINA&#8230; LA NOSTA PIAZA LADINA.  pagina in aggiornamento continuo<\/a><\/p><\/blockquote>\n<p><iframe loading=\"lazy\" class=\"wp-embedded-content\" sandbox=\"allow-scripts\" security=\"restricted\" style=\"position: absolute; clip: rect(1px, 1px, 1px, 1px);\" title=\"&#8220;AGORA&#8217; AGORDINA&#8230; LA NOSTA PIAZA LADINA.  pagina in aggiornamento continuo&#8221; &#8212; Radio Pi\u00f9\" src=\"https:\/\/www.radiopiu.net\/wordpress\/agora-agordina-la-nosta-piaza\/embed\/#?secret=NCof24fwCC\" data-secret=\"NCof24fwCC\" width=\"600\" height=\"338\" frameborder=\"0\" marginwidth=\"0\" marginheight=\"0\" scrolling=\"no\"><\/iframe><\/p>\n<p>&nbsp;<\/p>\n<hr \/>\n<p>&nbsp;<\/p>\n<p>&nbsp;<\/p>\n<blockquote>\n<h3><a href=\"https:\/\/www.radiopiu.net\/wordpress\/giornale-radiopiu-06-febbraio-2019-direttore-mirko-mezzacasa\/logo_spi-cgil-800x445\/\" rel=\"attachment wp-att-75538\"><img loading=\"lazy\" decoding=\"async\" class=\"wp-image-75538 alignleft\" src=\"https:\/\/www.radiopiu.net\/wordpress\/wp-content\/uploads\/2019\/02\/Logo_Spi-CGIL-800x445-300x167.jpg\" alt=\"\" width=\"210\" height=\"117\" srcset=\"https:\/\/www.radiopiu.net\/wordpress\/wp-content\/uploads\/2019\/02\/Logo_Spi-CGIL-800x445-300x167.jpg 300w, https:\/\/www.radiopiu.net\/wordpress\/wp-content\/uploads\/2019\/02\/Logo_Spi-CGIL-800x445-768x427.jpg 768w, https:\/\/www.radiopiu.net\/wordpress\/wp-content\/uploads\/2019\/02\/Logo_Spi-CGIL-800x445.jpg 800w\" sizes=\"auto, (max-width: 210px) 100vw, 210px\" \/><\/a>ALLA RADIO, APPUNTAMENTO QUINDICINALE CON SPI-CGIL BELLUNO, IN STUDIO MARIA RITA GENTILIN<\/h3>\n<\/blockquote>\n<p><strong>di Claudio Fontanive\u00a0<\/strong><\/p>\n<p>&nbsp;<\/p>\n<p><span style=\"color: #ff0000;\"><strong>PUNTATA DEL 04 MARZO 2021<\/strong><\/span><\/p>\n<audio class=\"wp-audio-shortcode\" id=\"audio-195724-13\" preload=\"none\" style=\"width: 100%;\" controls=\"controls\"><source type=\"audio\/mpeg\" src=\"https:\/\/www.radiopiu.net\/wordpress\/wp-content\/uploads\/2021\/03\/spi-cigil-4-marzo.mp3?_=13\" \/><a href=\"https:\/\/www.radiopiu.net\/wordpress\/wp-content\/uploads\/2021\/03\/spi-cigil-4-marzo.mp3\">https:\/\/www.radiopiu.net\/wordpress\/wp-content\/uploads\/2021\/03\/spi-cigil-4-marzo.mp3<\/a><\/audio>\n<p>&nbsp;<\/p>\n<p>&nbsp;<\/p>\n<hr \/>\n<p>&nbsp;<\/p>\n<div>\n<p>&nbsp;<\/p>\n<blockquote>\n<h2><a href=\"https:\/\/www.radiopiu.net\/wordpress\/speciale-solidarieta-veneto\/solidarieta-veneto-3\/\" rel=\"attachment wp-att-134366\"><img loading=\"lazy\" decoding=\"async\" class=\"wp-image-134366 alignleft\" src=\"https:\/\/www.radiopiu.net\/wordpress\/wp-content\/uploads\/2020\/05\/solidariet\u00e0-veneto-300x210.jpg\" alt=\"\" width=\"102\" height=\"71\" srcset=\"https:\/\/www.radiopiu.net\/wordpress\/wp-content\/uploads\/2020\/05\/solidariet\u00e0-veneto-300x210.jpg 300w, https:\/\/www.radiopiu.net\/wordpress\/wp-content\/uploads\/2020\/05\/solidariet\u00e0-veneto-1024x717.jpg 1024w, https:\/\/www.radiopiu.net\/wordpress\/wp-content\/uploads\/2020\/05\/solidariet\u00e0-veneto-768x538.jpg 768w, https:\/\/www.radiopiu.net\/wordpress\/wp-content\/uploads\/2020\/05\/solidariet\u00e0-veneto.jpg 1373w\" sizes=\"auto, (max-width: 102px) 100vw, 102px\" \/><\/a>SOLIDARIETA&#8217; VENETO FONDO PENSIONE, IN ONDA IL PRIMO VENERDI DEL MESE ALLE 10.30 E ALLE 19.00 QUINTA STAGIONE<\/h2>\n<\/blockquote>\n<p><strong>AUDIO MARZO 2021<\/strong><\/p>\n<audio class=\"wp-audio-shortcode\" id=\"audio-195724-14\" preload=\"none\" style=\"width: 100%;\" controls=\"controls\"><source type=\"audio\/mpeg\" src=\"https:\/\/www.radiopiu.net\/wordpress\/wp-content\/uploads\/2021\/03\/solidarieta-veneto-marzo.mp3?_=14\" \/><a href=\"https:\/\/www.radiopiu.net\/wordpress\/wp-content\/uploads\/2021\/03\/solidarieta-veneto-marzo.mp3\">https:\/\/www.radiopiu.net\/wordpress\/wp-content\/uploads\/2021\/03\/solidarieta-veneto-marzo.mp3<\/a><\/audio>\n<p>&nbsp;<\/p>\n<blockquote>\n<h2>RACCOLTA COMPLETA<\/h2>\n<\/blockquote>\n<blockquote class=\"wp-embedded-content\" data-secret=\"To5kKXibER\"><p><a href=\"https:\/\/www.radiopiu.net\/wordpress\/solidarieta-veneto\/\">Solidariet\u00e0 Veneto<\/a><\/p><\/blockquote>\n<p><iframe loading=\"lazy\" class=\"wp-embedded-content\" sandbox=\"allow-scripts\" security=\"restricted\" style=\"position: absolute; clip: rect(1px, 1px, 1px, 1px);\" title=\"&#8220;Solidariet\u00e0 Veneto&#8221; &#8212; Radio Pi\u00f9\" src=\"https:\/\/www.radiopiu.net\/wordpress\/solidarieta-veneto\/embed\/#?secret=To5kKXibER\" data-secret=\"To5kKXibER\" width=\"600\" height=\"338\" frameborder=\"0\" marginwidth=\"0\" marginheight=\"0\" scrolling=\"no\"><\/iframe><\/p>\n<p>&nbsp;<\/p>\n<hr \/>\n<\/div>\n<p>&nbsp;<\/p>\n<blockquote><p>&nbsp;<\/p><\/blockquote>\n<div>\n<h2><span style=\"color: #ff0000;\">ALLA RADIO<\/span><\/h2>\n<\/div>\n<div>\n<h2><strong>LE\u00a0 PUNTATE di Luisa Alchini di Leggermente Bellunesi, la domenica alle 11, <span style=\"color: #0000ff;\">IL MARTEDI IN PRIMA EDIZIONE\u00a0<\/span> alle 10.30 e alle 19.00<\/strong><\/h2>\n<\/div>\n<div>\n<p><strong><a href=\"https:\/\/www.radiopiu.net\/wordpress\/legger-mente-bellunesi-02-marzo-2021\/156828176_1598288807025847_358448174778964781_o\/\" rel=\"attachment wp-att-194538\"><img loading=\"lazy\" decoding=\"async\" class=\" wp-image-194538 alignleft\" src=\"https:\/\/www.radiopiu.net\/wordpress\/wp-content\/uploads\/2021\/03\/156828176_1598288807025847_358448174778964781_o-206x300.jpg\" alt=\"\" width=\"86\" height=\"125\" srcset=\"https:\/\/www.radiopiu.net\/wordpress\/wp-content\/uploads\/2021\/03\/156828176_1598288807025847_358448174778964781_o-206x300.jpg 206w, https:\/\/www.radiopiu.net\/wordpress\/wp-content\/uploads\/2021\/03\/156828176_1598288807025847_358448174778964781_o.jpg 685w\" sizes=\"auto, (max-width: 86px) 100vw, 86px\" \/><\/a><\/strong><\/p>\n<\/div>\n<div>\n<h3>La gloriosa carriera del perito minerario Gianni Rivis raccontata nel libro di ricordi.<\/h3>\n<p>&nbsp;<\/p>\n<\/div>\n<h2><\/h2>\n<audio class=\"wp-audio-shortcode\" id=\"audio-195724-15\" preload=\"none\" style=\"width: 100%;\" controls=\"controls\"><source type=\"audio\/mpeg\" src=\"https:\/\/www.radiopiu.net\/wordpress\/wp-content\/uploads\/2021\/03\/20leggermentegiannirivis2021.mp3?_=15\" \/><a href=\"https:\/\/www.radiopiu.net\/wordpress\/wp-content\/uploads\/2021\/03\/20leggermentegiannirivis2021.mp3\">https:\/\/www.radiopiu.net\/wordpress\/wp-content\/uploads\/2021\/03\/20leggermentegiannirivis2021.mp3<\/a><\/audio>\n<blockquote>\n<div>\n<h2><strong style=\"font-size: 14px;\"><span style=\"color: #000000;\">RACCOLTA COMPLETA<\/span><\/strong><\/h2>\n<\/div>\n<blockquote class=\"wp-embedded-content\" data-secret=\"znZSvqiYAu\"><p><a href=\"https:\/\/www.radiopiu.net\/wordpress\/leggermente-20\/\">LEGGERmente&#8230;Bellunesi<\/a><\/p><\/blockquote>\n<p><iframe loading=\"lazy\" class=\"wp-embedded-content\" sandbox=\"allow-scripts\" security=\"restricted\" style=\"position: absolute; clip: rect(1px, 1px, 1px, 1px);\" title=\"&#8220;LEGGERmente&#8230;Bellunesi&#8221; &#8212; Radio Pi\u00f9\" src=\"https:\/\/www.radiopiu.net\/wordpress\/leggermente-20\/embed\/#?secret=znZSvqiYAu\" data-secret=\"znZSvqiYAu\" width=\"600\" height=\"338\" frameborder=\"0\" marginwidth=\"0\" marginheight=\"0\" scrolling=\"no\"><\/iframe><\/p>\n<p>&nbsp;<\/p><\/blockquote>\n<p>&nbsp;<\/p>\n<hr \/>\n<h2><\/h2>\n<h2><\/h2>\n<h2><span style=\"color: #ff0000;\"><strong><a href=\"https:\/\/www.radiopiu.net\/wordpress\/erbe-e-piante-curative-quinta-puntata\/ginepro\/\" rel=\"attachment wp-att-194542\"><img loading=\"lazy\" decoding=\"async\" class=\" wp-image-194542 alignleft\" src=\"https:\/\/www.radiopiu.net\/wordpress\/wp-content\/uploads\/2021\/03\/GINEPRO-300x215.jpg\" alt=\"\" width=\"142\" height=\"102\" srcset=\"https:\/\/www.radiopiu.net\/wordpress\/wp-content\/uploads\/2021\/03\/GINEPRO-300x215.jpg 300w, https:\/\/www.radiopiu.net\/wordpress\/wp-content\/uploads\/2021\/03\/GINEPRO-1024x735.jpg 1024w, https:\/\/www.radiopiu.net\/wordpress\/wp-content\/uploads\/2021\/03\/GINEPRO-768x551.jpg 768w, https:\/\/www.radiopiu.net\/wordpress\/wp-content\/uploads\/2021\/03\/GINEPRO.jpg 1280w\" sizes=\"auto, (max-width: 142px) 100vw, 142px\" \/><\/a><\/strong><\/span><\/h2>\n<h2><span style=\"color: #ff0000;\">ALLA RADIO<\/span><\/h2>\n<h2><span style=\"color: #008000;\">ERBE E PIANTE CURATIVE&#8230;IL\u00a0 PROGRAMMA DI PAOLA LANCIATO<\/span><\/h2>\n<p><strong>QUINTA PUNTATA &#8211; IL GINEPRO<\/strong><\/p>\n<audio class=\"wp-audio-shortcode\" id=\"audio-195724-16\" preload=\"none\" style=\"width: 100%;\" controls=\"controls\"><source type=\"audio\/mpeg\" src=\"https:\/\/www.radiopiu.net\/wordpress\/wp-content\/uploads\/2021\/03\/5-Il-ginepro-M.mp3?_=16\" \/><a href=\"https:\/\/www.radiopiu.net\/wordpress\/wp-content\/uploads\/2021\/03\/5-Il-ginepro-M.mp3\">https:\/\/www.radiopiu.net\/wordpress\/wp-content\/uploads\/2021\/03\/5-Il-ginepro-M.mp3<\/a><\/audio>\n<p>&nbsp;<\/p>\n<p><strong>LA RACCOLTA COMPLETA<\/strong><\/p>\n<blockquote class=\"wp-embedded-content\" data-secret=\"v41ax5iw1o\"><p><a href=\"https:\/\/www.radiopiu.net\/wordpress\/erbe-e-piante-curative\/\">ERBE E PIANTE CURATIVE<\/a><\/p><\/blockquote>\n<p><iframe loading=\"lazy\" class=\"wp-embedded-content\" sandbox=\"allow-scripts\" security=\"restricted\" style=\"position: absolute; clip: rect(1px, 1px, 1px, 1px);\" title=\"&#8220;ERBE E PIANTE CURATIVE&#8221; &#8212; Radio Pi\u00f9\" src=\"https:\/\/www.radiopiu.net\/wordpress\/erbe-e-piante-curative\/embed\/#?secret=v41ax5iw1o\" data-secret=\"v41ax5iw1o\" width=\"600\" height=\"338\" frameborder=\"0\" marginwidth=\"0\" marginheight=\"0\" scrolling=\"no\"><\/iframe><\/p>\n<p>&nbsp;<\/p>\n<p>&nbsp;<\/p>\n<p>&nbsp;<\/p>\n<hr \/>\n<h2><\/h2>\n<blockquote>\n<h2>CASSA SOLIDARIET\u00c0 LUXOTTICA<\/h2>\n<\/blockquote>\n<h3><strong><span style=\"color: #ff0000;\">IL NUMERO DI FEBBRAIO CON PAOLO CHISSALE&#8217; E FABRIZIO CAMPEDEL\u00a0\u00a0<\/span><\/strong><\/h3>\n<audio class=\"wp-audio-shortcode\" id=\"audio-195724-17\" preload=\"none\" style=\"width: 100%;\" controls=\"controls\"><source type=\"audio\/mpeg\" src=\"https:\/\/www.radiopiu.net\/wordpress\/wp-content\/uploads\/2021\/02\/ca-sol-lux-febbraio.mp3?_=17\" \/><a href=\"https:\/\/www.radiopiu.net\/wordpress\/wp-content\/uploads\/2021\/02\/ca-sol-lux-febbraio.mp3\">https:\/\/www.radiopiu.net\/wordpress\/wp-content\/uploads\/2021\/02\/ca-sol-lux-febbraio.mp3<\/a><\/audio>\n<blockquote>\n<h2>RACCOLTA COMPLETA<\/h2>\n<\/blockquote>\n<blockquote class=\"wp-embedded-content\" data-secret=\"r7gfEA1LNC\"><p><a href=\"https:\/\/www.radiopiu.net\/wordpress\/cassa-solidarieta-luxottica-puntata-del-16-ottobre-2020\/\">CASSA SOLIDARIET\u00c0 LUXOTTICA &#8211; PUNTATA DEL 20 NOVEMBRE 2020<\/a><\/p><\/blockquote>\n<p><iframe loading=\"lazy\" class=\"wp-embedded-content\" sandbox=\"allow-scripts\" security=\"restricted\" style=\"position: absolute; clip: rect(1px, 1px, 1px, 1px);\" title=\"&#8220;CASSA SOLIDARIET\u00c0 LUXOTTICA &#8211; PUNTATA DEL 20 NOVEMBRE 2020&#8221; &#8212; Radio Pi\u00f9\" src=\"https:\/\/www.radiopiu.net\/wordpress\/cassa-solidarieta-luxottica-puntata-del-16-ottobre-2020\/embed\/#?secret=r7gfEA1LNC\" data-secret=\"r7gfEA1LNC\" width=\"600\" height=\"338\" frameborder=\"0\" marginwidth=\"0\" marginheight=\"0\" scrolling=\"no\"><\/iframe><\/p>\n<div>\n<p>&nbsp;<\/p>\n<\/div>\n<p>&nbsp;<\/p>\n<hr \/>\n<p>&nbsp;<\/p>\n<blockquote>\n<h2>FANTASTICHE DOLOMITI, NUOVA STAGIONE. APPUNTAMENTO QUINDICINALE IL GIOVEDI ALLE 10.30 E 19.00<\/h2>\n<\/blockquote>\n<p><span style=\"color: #000000;\"><strong><img loading=\"lazy\" decoding=\"async\" class=\"alignleft\" src=\"https:\/\/www.radiopiu.net\/wordpress\/wp-content\/uploads\/2017\/10\/logo-fantastiche-dolomiti-300x113.jpg\" width=\"181\" height=\"68\" \/>LA NUOVA PUNTATA i corsi di formazione della Fondazione 11 FEBBRAIO 2021<\/strong><\/span><\/p>\n<h2><span style=\"color: #ff0000;\">PUNTATA 10 ,<\/span><\/h2>\n<p><strong>OSPITE IL PRESIDENTE CLAUDIO CANOVA<\/strong><\/p>\n<audio class=\"wp-audio-shortcode\" id=\"audio-195724-18\" preload=\"none\" style=\"width: 100%;\" controls=\"controls\"><source type=\"audio\/mpeg\" src=\"https:\/\/www.radiopiu.net\/wordpress\/wp-content\/uploads\/2021\/02\/fantastiche-dolomiti-25-febbraio.mp3?_=18\" \/><a href=\"https:\/\/www.radiopiu.net\/wordpress\/wp-content\/uploads\/2021\/02\/fantastiche-dolomiti-25-febbraio.mp3\">https:\/\/www.radiopiu.net\/wordpress\/wp-content\/uploads\/2021\/02\/fantastiche-dolomiti-25-febbraio.mp3<\/a><\/audio>\n<h3>LA RACCOLTA COMPLETA<\/h3>\n<blockquote class=\"wp-embedded-content\" data-secret=\"lF97SjkZqO\"><p><a href=\"https:\/\/www.radiopiu.net\/wordpress\/raccolta-completa\/\">FANTASTICHE DOLOMITI 10^ PUNTATA: IL QUINDICINALE APPUNTAMENTO ALLA RADIO<\/a><\/p><\/blockquote>\n<p><iframe loading=\"lazy\" class=\"wp-embedded-content\" sandbox=\"allow-scripts\" security=\"restricted\" style=\"position: absolute; clip: rect(1px, 1px, 1px, 1px);\" title=\"&#8220;FANTASTICHE DOLOMITI 10^ PUNTATA: IL QUINDICINALE APPUNTAMENTO ALLA RADIO&#8221; &#8212; Radio Pi\u00f9\" src=\"https:\/\/www.radiopiu.net\/wordpress\/raccolta-completa\/embed\/#?secret=lF97SjkZqO\" data-secret=\"lF97SjkZqO\" width=\"600\" height=\"338\" frameborder=\"0\" marginwidth=\"0\" marginheight=\"0\" scrolling=\"no\"><\/iframe><\/p>\n<p>&nbsp;<\/p>\n<p>&nbsp;<\/p>\n<hr \/>\n<p>&nbsp;<\/p>\n<div dir=\"auto\">\n<div>\n<h2><span style=\"color: #800080;\"><strong>LA RASSEGNA STAMPA DA L&#8217;AMICO DEL POPOLO\u00a0<\/strong><\/span><\/h2>\n<h3 class=\"kvgmc6g5 cxmmr5t8 oygrvhab hcukyx3x c1et5uql\"><span style=\"color: #0000ff;\"> INFORMAZIONE il canale su TELEGRAM informazione di prima mano e in tempo reale. iscriviti ed aiutaci a farlo conoscere\u00a0<\/span><\/h3>\n<p><strong><a href=\"https:\/\/www.radiopiu.net\/wordpress\/odg-per-la-provincia-in-tutti-i-consigli-comunali-bard_zasso-e-chissale\/agordo-roberto-chissale-2\/\" rel=\"attachment wp-att-93612\"><img loading=\"lazy\" decoding=\"async\" class=\" wp-image-93612 alignleft\" src=\"https:\/\/www.radiopiu.net\/wordpress\/wp-content\/uploads\/2019\/07\/AGORDO-ROBERTO-CHISSALE-300x300.jpg\" alt=\"\" width=\"133\" height=\"133\" srcset=\"https:\/\/www.radiopiu.net\/wordpress\/wp-content\/uploads\/2019\/07\/AGORDO-ROBERTO-CHISSALE-300x300.jpg 300w, https:\/\/www.radiopiu.net\/wordpress\/wp-content\/uploads\/2019\/07\/AGORDO-ROBERTO-CHISSALE-150x150.jpg 150w, https:\/\/www.radiopiu.net\/wordpress\/wp-content\/uploads\/2019\/07\/AGORDO-ROBERTO-CHISSALE-768x768.jpg 768w, https:\/\/www.radiopiu.net\/wordpress\/wp-content\/uploads\/2019\/07\/AGORDO-ROBERTO-CHISSALE-1024x1024.jpg 1024w, https:\/\/www.radiopiu.net\/wordpress\/wp-content\/uploads\/2019\/07\/AGORDO-ROBERTO-CHISSALE.jpg 1600w\" sizes=\"auto, (max-width: 133px) 100vw, 133px\" \/><\/a>di Gianni Santomaso<\/strong><\/p>\n<p>OSPITE: Roberto Chissal\u00e8, Sindaco di Agordo<\/p>\n<audio class=\"wp-audio-shortcode\" id=\"audio-195724-19\" preload=\"none\" style=\"width: 100%;\" controls=\"controls\"><source type=\"audio\/mpeg\" src=\"https:\/\/www.radiopiu.net\/wordpress\/wp-content\/uploads\/2021\/03\/RASSEGNA-GIANNI.mp3?_=19\" \/><a href=\"https:\/\/www.radiopiu.net\/wordpress\/wp-content\/uploads\/2021\/03\/RASSEGNA-GIANNI.mp3\">https:\/\/www.radiopiu.net\/wordpress\/wp-content\/uploads\/2021\/03\/RASSEGNA-GIANNI.mp3<\/a><\/audio>\n<p>&nbsp;<\/p>\n<p><strong>LA RACCOLTA COMPLETA<\/strong><\/p>\n<blockquote class=\"wp-embedded-content\" data-secret=\"XAAOEFHU3S\"><p><a href=\"https:\/\/www.radiopiu.net\/wordpress\/rassegna-stampa-di-gianni-santomaso\/\">Rassegna stampa da l&#8217;amico del popolo &#8211; di Gianni Santomaso<\/a><\/p><\/blockquote>\n<p><iframe loading=\"lazy\" class=\"wp-embedded-content\" sandbox=\"allow-scripts\" security=\"restricted\" style=\"position: absolute; clip: rect(1px, 1px, 1px, 1px);\" title=\"&#8220;Rassegna stampa da l&#8217;amico del popolo &#8211; di Gianni Santomaso&#8221; &#8212; Radio Pi\u00f9\" src=\"https:\/\/www.radiopiu.net\/wordpress\/rassegna-stampa-di-gianni-santomaso\/embed\/#?secret=XAAOEFHU3S\" data-secret=\"XAAOEFHU3S\" width=\"600\" height=\"338\" frameborder=\"0\" marginwidth=\"0\" marginheight=\"0\" scrolling=\"no\"><\/iframe><\/p>\n<p>&nbsp;<\/p>\n<p>&nbsp;<\/p>\n<\/div>\n<\/div>\n<hr \/>\n<blockquote>\n<h2><\/h2>\n<h2><\/h2>\n<\/blockquote>\n<p>&nbsp;<\/p>\n<blockquote class=\"wp-embedded-content\" data-secret=\"wJKgvvhHcb\"><p><a href=\"https:\/\/www.radiopiu.net\/wordpress\/ep-center-video-gallery\/\">EP CENTER video gallery<\/a><\/p><\/blockquote>\n<p><iframe loading=\"lazy\" class=\"wp-embedded-content\" sandbox=\"allow-scripts\" security=\"restricted\" style=\"position: absolute; clip: rect(1px, 1px, 1px, 1px);\" title=\"&#8220;EP CENTER video gallery&#8221; &#8212; Radio Pi\u00f9\" src=\"https:\/\/www.radiopiu.net\/wordpress\/ep-center-video-gallery\/embed\/#?secret=wJKgvvhHcb\" data-secret=\"wJKgvvhHcb\" width=\"600\" height=\"338\" frameborder=\"0\" marginwidth=\"0\" marginheight=\"0\" scrolling=\"no\"><\/iframe><\/p>\n<p>&nbsp;<\/p>\n<div dir=\"auto\">\n<p>&nbsp;<\/p>\n<hr \/>\n<p>&nbsp;<\/p>\n<div>\n<p class=\"photoswipe-wrapper\"><a class=\"dt-pswp-item pspw-wrap-ready\" href=\"https:\/\/i0.wp.com\/www.radiopiu.net\/wordpress\/wp-content\/uploads\/2018\/09\/viabilita.jpeg?ssl=1\" data-dt-img-description=\"\" data-large_image_width=\"800\" data-large_image_height=\"100\"><img loading=\"lazy\" decoding=\"async\" class=\"aligncenter wp-image-61954 size-full\" src=\"https:\/\/i0.wp.com\/www.radiopiu.net\/wordpress\/wp-content\/uploads\/2018\/09\/viabilita.jpeg?resize=800%2C100&amp;ssl=1\" sizes=\"auto, (max-width: 800px) 100vw, 800px\" srcset=\"https:\/\/i0.wp.com\/www.radiopiu.net\/wordpress\/wp-content\/uploads\/2018\/09\/viabilita.jpeg?w=800&amp;ssl=1 800w, https:\/\/i0.wp.com\/www.radiopiu.net\/wordpress\/wp-content\/uploads\/2018\/09\/viabilita.jpeg?resize=300%2C38&amp;ssl=1 300w, https:\/\/i0.wp.com\/www.radiopiu.net\/wordpress\/wp-content\/uploads\/2018\/09\/viabilita.jpeg?resize=768%2C96&amp;ssl=1 768w\" alt=\"\" width=\"800\" height=\"100\" \/><\/a><\/p>\n<\/div>\n<p>&nbsp;<\/p>\n<p><strong>SP 1 SINISTRA PIAVE\u00a0<\/strong>dall&#8217;8 al 12 marzo, dalle 7:30 alle 17:30, senso unico alternato regolato da impianto semaforico o movieri per di demolizione e ricostruzione cunetta in localit\u00e0 Rione Santa Caterina di Ponte Nelle Alpi<\/p>\n<p><strong>SP 251 DELLA VAL DI ZOLDO E CELLINA<\/strong> Istituzione di senso unico alternato regolato da semaforo nel comune di Val di Zoldo per messa in sicurezza della strada<\/p>\n<p><strong>SP 42 CAVALLERA<\/strong> fino a revoca, chiusura della strada nell&#8217;abitato di Perarolo per attivazione emergenza frana &#8220;Busa del Cristo&#8221;<\/p>\n<p><strong>S.P.2 DELLA VALLE DEL MIS\u00a0<\/strong>Interdizione totale al traffico fino a revoca dal km 14,920 (localit\u00e0 Gona Bassa) al km 20,650 (localit\u00e0 Titele) per cedimento della carreggiata<\/p>\n<p><strong>S.P. 5 DI LAMOSANO<\/strong>\u00a0Interdizione totale fino a revoca per presenza di materiale e alberi in strada.<\/p>\n<p><strong>SP 3 DELLA VAL IMPERINA<\/strong> fino a revoca, senso unico alternato regolato a vista in localit\u00e0 Gona di Conedera di Rivamonte per cedimento della carreggiata stradale<\/p>\n<p>&nbsp;<\/p>\n<p>&nbsp;<\/p>\n<hr \/>\n<p>&nbsp;<\/p>\n<div>\n<p class=\"photoswipe-wrapper\"><a class=\"dt-pswp-item pspw-wrap-ready\" href=\"https:\/\/i0.wp.com\/www.radiopiu.net\/wordpress\/wp-content\/uploads\/2018\/09\/WhatsApp-Image-2018-09-20-at-16.04.06.jpeg?ssl=1\" data-dt-img-description=\"\" data-large_image_width=\"800\" data-large_image_height=\"100\"><img loading=\"lazy\" decoding=\"async\" class=\"aligncenter wp-image-61378 size-full jetpack-lazy-image jetpack-lazy-image--handled\" src=\"https:\/\/i0.wp.com\/www.radiopiu.net\/wordpress\/wp-content\/uploads\/2018\/09\/WhatsApp-Image-2018-09-20-at-16.04.06.jpeg?resize=800%2C100&amp;ssl=1\" sizes=\"auto, (max-width: 800px) 100vw, 800px\" srcset=\"https:\/\/i0.wp.com\/www.radiopiu.net\/wordpress\/wp-content\/uploads\/2018\/09\/WhatsApp-Image-2018-09-20-at-16.04.06.jpeg?w=800&amp;ssl=1 800w, https:\/\/i0.wp.com\/www.radiopiu.net\/wordpress\/wp-content\/uploads\/2018\/09\/WhatsApp-Image-2018-09-20-at-16.04.06.jpeg?resize=300%2C38&amp;ssl=1 300w, https:\/\/i0.wp.com\/www.radiopiu.net\/wordpress\/wp-content\/uploads\/2018\/09\/WhatsApp-Image-2018-09-20-at-16.04.06.jpeg?resize=768%2C96&amp;ssl=1 768w\" alt=\"\" width=\"800\" height=\"100\" data-lazy-loaded=\"1\" \/><\/a><\/p>\n<\/div>\n<p>&nbsp;<\/p>\n<div><\/div>\n<\/div>\n<p><b>Martedi 9<\/b> <b>Tempo atteso: <\/b>Al mattino cielo sereno o poco nuvoloso per primi innocui annuvolamenti. Durante le ore pi\u00f9 fredde eventuali foschie nelle depressioni prealpine. Al pomeriggio crescente nuvolosit\u00e0 per addensamenti cumuliformi, i quali saranno associati a qualche fenomeno sia sulle Dolomiti che sulle Prealpi. Contesto termico abbastanza fresco nelle valli e freddo in alta quota.<br \/>\n<b>Precipitazioni: <\/b>Al mattino assenti (0%), al pomeriggio aumento della probabilit\u00e0 per rovesci sparsi, anche sotto forma di neve burrascosa in quota (50\/70%) sulle Dolomiti e (40\/50%) sulle Prealpi. Il limite neve sar\u00e0 sui 1100\/1300 m con qualche locale abbassamento legato a maggiori entit\u00e0 e durata dei fenomeni. Sono previsti mediamente 2-5 mm, ma trattandosi di rovesci non saranno da escludere cumuli fino a 10 mm, con altrettanti cm di neve fresca sui 1500 m.<br \/>\n<b>Temperature: <\/b>Minime in lieve aumento nelle valli e in calo in alta quota; massime in generale diminuzione. Sono previste punte di 6\/7\u00b0C nei fondovalle prealpini e di 3\/4\u00b0C a 1000\/1200 m. Su Prealpi a 1500 m min -3\u00b0C max -1\u00b0C, a 2000 m min -6\u00b0C max -4\u00b0C. Su Dolomiti a 2000 m min -7\u00b0C max -4\u00b0C, a 3000 m min -14\u00b0C max -12\u00b0C.<br \/>\n<b>Venti: <\/b>Nelle valli deboli di direzione variabile, eccetto locali rinforzi notturni su alcuni settori prealpini per brezze di monte; in quota inizialmente deboli da ovest sud-ovest, poi deboli\/moderati da nord-ovest, a 5-10 km\/h a 2000 m e 10-20 km\/h a 3000 m.<\/p>\n<hr \/>\n<p><b>Mercoledi 10<\/b> <b>Tempo atteso: <\/b>Tempo ben soleggiato, salvo effimero transito di sottili nubi alte. L&#8217;aria sar\u00e0 limpida con ottima visibilit\u00e0 quasi ovunque. Il freddo della notte si accentuer\u00e0 a tutte le quote, mentre di giorno il prolungato soleggiamento favorir\u00e0 un lieve rialzo termico in alta quota e nei fondovalle, almeno in quelli pi\u00f9 assolati.<br \/>\n<b>Precipitazioni: <\/b>Assenti (0%).<br \/>\n<b>Temperature: <\/b>Minime in ulteriore lieve calo a tutte le quote; massime in leggera ripresa in alta quota e in qualche fondovalle prealpino, altrove senza viariazioni di rilievo. Sono previste punte di 8\/9\u00b0C nei fondovalle prealpini e di 3\/5\u00b0C a 1000\/1200 m. Su Prealpi a 1500 m min -5\u00b0C max 1\u00b0C, a 2000 m min -8\u00b0C max -2\u00b0C. Su Dolomiti a 2000 m min -9\u00b0C max -3\u00b0C, a 3000 m min -15\u00b0C max -9\u00b0C.<br \/>\n<b>Venti: <\/b>Nelle valli deboli di direzione variabile, eccetto locali rinforzi notturni su alcuni settori prealpini per brezze di monte; in quota moderati da nord-ovest, localmente e a tratti tesi sulle cime dolomitiche pi\u00f9 alte al mattino, a 10-15 km\/h a 2000 m e 20-30 km\/h a 3000 m.<\/p>\n<hr \/>\n<p><b>Giovedi 11<\/b>Al mattino estese nubi alte in grado di velare completamente il cielo, ma il sole sar\u00e0 visibile, seppur filtrato. Al pomeriggio intensificazione della nuvolosit\u00e0 alta per infittirsi dei cirrostrati fino a cielo coperto, ma senza precipitazioni. Temperature in generale aumento, eccetto eventuale lieve calo delle massime nei fondovalle per deficit di sole. Venti deboli di direzione variabile nelle valli; deboli\/moderati occidentali in quota, in rinforzo fino a forti alla sera.<\/p>\n<hr \/>\n<p><b>Venerdi 12<\/b>Cielo irregolarmente nuvoloso a tratti molto nuvoloso per nubi stratiformi, anche basse su alcuni settori. Nel pomeriggio l&#8217;infittirsi della nuvolosit\u00e0 potr\u00e0 dar luogo a qualche fenomeno sparso sotto forma di piovasco. Il limite della neve sar\u00e0 sui 1500\/1600 m. Temperature in leggero aumento. Venti moderati dai quadranti occidentali in quota, anche tesi sulle vette pi\u00f9 alte tra la notte ed il mattino; deboli di direzione variabile nelle valli. Previsore: R.L.Th.<\/p>\n<hr \/>\n<p>&nbsp;<\/p>\n<hr \/>\n<p>&nbsp;<\/p>\n<p><a href=\"https:\/\/www.radiopiu.net\/wordpress\/giornale-radiopiu-15-settembre-2018-direttore-mirko-mezzacasa\/sport-7\/\" rel=\"attachment wp-att-60761\"><img loading=\"lazy\" decoding=\"async\" class=\"wp-image-60761 size-full aligncenter\" src=\"https:\/\/www.radiopiu.net\/wordpress\/wp-content\/uploads\/2018\/09\/sport.jpg\" alt=\"\" width=\"800\" height=\"100\" srcset=\"https:\/\/www.radiopiu.net\/wordpress\/wp-content\/uploads\/2018\/09\/sport.jpg 800w, https:\/\/www.radiopiu.net\/wordpress\/wp-content\/uploads\/2018\/09\/sport-300x38.jpg 300w, https:\/\/www.radiopiu.net\/wordpress\/wp-content\/uploads\/2018\/09\/sport-768x96.jpg 768w\" sizes=\"auto, (max-width: 800px) 100vw, 800px\" \/><\/a><\/p>\n<p>&nbsp;<\/p>\n<blockquote>\n<h3>L&#8217;ALLEGHE\/ALTA BADIA UNDER 13 VINCE LA PRIMA PARTITA DEI PLAYOFF<\/h3>\n<\/blockquote>\n<p><strong><a href=\"https:\/\/www.radiopiu.net\/wordpress\/hockey-alleghe\/hockey-557219_1280\/\" rel=\"attachment wp-att-51902\"><img loading=\"lazy\" decoding=\"async\" class=\" wp-image-51902 alignleft\" src=\"https:\/\/www.radiopiu.net\/wordpress\/wp-content\/uploads\/2018\/06\/hockey-557219_1280-300x200.jpg\" alt=\"\" width=\"287\" height=\"191\" srcset=\"https:\/\/www.radiopiu.net\/wordpress\/wp-content\/uploads\/2018\/06\/hockey-557219_1280-300x200.jpg 300w, https:\/\/www.radiopiu.net\/wordpress\/wp-content\/uploads\/2018\/06\/hockey-557219_1280-768x512.jpg 768w, https:\/\/www.radiopiu.net\/wordpress\/wp-content\/uploads\/2018\/06\/hockey-557219_1280-1024x682.jpg 1024w, https:\/\/www.radiopiu.net\/wordpress\/wp-content\/uploads\/2018\/06\/hockey-557219_1280.jpg 1280w\" sizes=\"auto, (max-width: 287px) 100vw, 287px\" \/><\/a>ALLEGHE<\/strong> Buona la prima per la squadra mista Under 13 dell&#8217;Alleghe\/Alta Badia che vince gara 1 dei playoff di campionato contro il Pin\u00e8. All&#8217;Alvise De Toni di Alleghe una partita a senso unico che ha visto i padroni di casa vincere nettamente per 7 a 2. Match che inizia male per le giovani civette che vanno sotto di una rete. Subito la reazione con il pareggio di No\u00e8 Fontanive. Il raddoppio a firma di Vinatzer arriva nella seconda frazione ma gli ospiti pareggiano subito dopo. Alleghe\/Alta Badia che ingrana la marcia giusta chiudendo la partita anzitempo con la doppietta di Fontanive e Vinatzer. A segno anche Tommaso Levis prima del secondo intervallo. A chiudere la sfida altre due marcature alleghesi a firma di Simone Costa e Riccardo Cominato.<\/p>\n<p>&nbsp;<\/p>\n<p>&nbsp;<\/p>\n<hr \/>\n<p>&nbsp;<\/p>\n<h1><strong><span style=\"color: #ff0000;\">L&#8217;ULTIMA DAL CSI<\/span><\/strong><\/h1>\n<blockquote><p><em>&#8220;Il campionato regionale di corsa campestre, in un primo tempo programmato per il 21 marzo a Tezze sul Brenta, \u00e8 stato rinviato.\u00a0 Si ipotizza il recupero per domenica 11 aprile ma al momento non vi sono certezze. Al momento \u00e8 confermata invece la prova provinciale per domenica 28 marzo a Feltre. Visto l\u2019entrata in zona arancione, nel giro di qualche giorno vi daremo conferma sulla fattibilit\u00e0, dettagli, programma e iscrizioni&#8221;.<\/em><\/p><\/blockquote>\n","protected":false},"excerpt":{"rendered":"<p>PER RICEVERE QUESTO NOTIZIARIO DIRETTAMENTE SUL TUO CELLULARE ISCRIVITI AL CANALE TELEGRAM \u201cRADIO PIU\u00a0 INFORMAZIONE&#8221;\u00a0 SUPERATI I 3000 ISCRITTI, il CANALE TELEGRAM&#8230; UNISCITI A: RADIO PIU INFORMAZIONE &nbsp; &nbsp; ATTENZIONE: LA NUOVA APP PER IOS-IPHONE di Nicola Vettorello https:\/\/apps.apple.com\/it\/app\/radio-pi%C3%B9-emittente-agordina\/id1515939845 ATTENZIONE: LA NUOVA APP RADIO\u00a0 PER ANDROID di Nicola Vettorello https:\/\/play.google.com\/store\/apps\/details?id=net.radiopiu.iniko\u00a0\u00a0 &nbsp; &nbsp; &nbsp; OGGI I&hellip;<\/p>\n","protected":false},"author":4,"featured_media":195916,"comment_status":"closed","ping_status":"closed","sticky":false,"template":"","format":"standard","meta":{"_monsterinsights_skip_tracking":false,"_monsterinsights_sitenote_active":false,"_monsterinsights_sitenote_note":"","_monsterinsights_sitenote_category":0,"footnotes":""},"categories":[1,51,86,49],"tags":[],"class_list":["post-195724","post","type-post","status-publish","format-standard","has-post-thumbnail","hentry","category-senza-categoria","category-evidenza-top","category-gr","category-news-18","category-1","category-51","category-86","category-49","description-off"],"img_url":"https:\/\/www.radiopiu.net\/wordpress\/wp-content\/uploads\/2021\/03\/2.png","_links":{"self":[{"href":"https:\/\/www.radiopiu.net\/wordpress\/wp-json\/wp\/v2\/posts\/195724","targetHints":{"allow":["GET"]}}],"collection":[{"href":"https:\/\/www.radiopiu.net\/wordpress\/wp-json\/wp\/v2\/posts"}],"about":[{"href":"https:\/\/www.radiopiu.net\/wordpress\/wp-json\/wp\/v2\/types\/post"}],"author":[{"embeddable":true,"href":"https:\/\/www.radiopiu.net\/wordpress\/wp-json\/wp\/v2\/users\/4"}],"replies":[{"embeddable":true,"href":"https:\/\/www.radiopiu.net\/wordpress\/wp-json\/wp\/v2\/comments?post=195724"}],"version-history":[{"count":0,"href":"https:\/\/www.radiopiu.net\/wordpress\/wp-json\/wp\/v2\/posts\/195724\/revisions"}],"wp:featuredmedia":[{"embeddable":true,"href":"https:\/\/www.radiopiu.net\/wordpress\/wp-json\/wp\/v2\/media\/195916"}],"wp:attachment":[{"href":"https:\/\/www.radiopiu.net\/wordpress\/wp-json\/wp\/v2\/media?parent=195724"}],"wp:term":[{"taxonomy":"category","embeddable":true,"href":"https:\/\/www.radiopiu.net\/wordpress\/wp-json\/wp\/v2\/categories?post=195724"},{"taxonomy":"post_tag","embeddable":true,"href":"https:\/\/www.radiopiu.net\/wordpress\/wp-json\/wp\/v2\/tags?post=195724"}],"curies":[{"name":"wp","href":"https:\/\/api.w.org\/{rel}","templated":true}]}}