{"id":195735,"date":"2021-03-07T19:50:57","date_gmt":"2021-03-07T18:50:57","guid":{"rendered":"https:\/\/www.radiopiu.net\/wordpress\/?p=195735"},"modified":"2021-03-07T19:50:58","modified_gmt":"2021-03-07T18:50:58","slug":"mette-male-un-piede-e-si-fa-male-il-soccorso-alpino-interviene","status":"publish","type":"post","link":"https:\/\/www.radiopiu.net\/wordpress\/mette-male-un-piede-e-si-fa-male-il-soccorso-alpino-interviene\/","title":{"rendered":"METTE MALE UN PIEDE E SI FA MALE, IL SOCCORSO ALPINO INTERVIENE"},"content":{"rendered":"<p><strong><a href=\"https:\/\/www.radiopiu.net\/wordpress\/mette-male-un-piede-e-si-fa-male-il-soccorso-alpino-interviene\/salt_20210307_192937_907\/\" rel=\"attachment wp-att-195736\"><img loading=\"lazy\" decoding=\"async\" class=\"size-medium wp-image-195736 alignleft\" src=\"https:\/\/www.radiopiu.net\/wordpress\/wp-content\/uploads\/2021\/03\/salt_20210307_192937_907-300x225.jpg\" alt=\"\" width=\"300\" height=\"225\" srcset=\"https:\/\/www.radiopiu.net\/wordpress\/wp-content\/uploads\/2021\/03\/salt_20210307_192937_907-300x225.jpg 300w, https:\/\/www.radiopiu.net\/wordpress\/wp-content\/uploads\/2021\/03\/salt_20210307_192937_907-1024x768.jpg 1024w, https:\/\/www.radiopiu.net\/wordpress\/wp-content\/uploads\/2021\/03\/salt_20210307_192937_907-768x576.jpg 768w, https:\/\/www.radiopiu.net\/wordpress\/wp-content\/uploads\/2021\/03\/salt_20210307_192937_907-1536x1152.jpg 1536w, https:\/\/www.radiopiu.net\/wordpress\/wp-content\/uploads\/2021\/03\/salt_20210307_192937_907-2048x1536.jpg 2048w\" sizes=\"auto, (max-width: 300px) 100vw, 300px\" \/><\/a>VAL DI ZOLDO<\/strong> Alle 15.30 circa il Soccorso alpino della Val di Zoldo \u00e8 stato allertato dalla Centrale del Suem, per una escursionista fattasi male lungo uno dei sentieri che scendono dal Bosconero. Una squadra si \u00e8 avvicinata in quad fino alla Casera del Mugon per poi risalire &#8211; come da informazioni ricevute da uno dei tre compagni della ragazza &#8211; il sentiero numero 490. In realt\u00e0 per\u00f2 M.S., 21 anni, di Mira (VE), non si trovava lungo l&#8217;itinerario, bens\u00ec in prossimit\u00e0 del laghetto delle streghe, dove aveva messo male un piede tra due sassi dopo che la neve aveva ceduto, riportando la probabile distorsione del ginocchio. Tornati in contatto telefonico con uno degli amici, due soccorritori gli sono andati incontro e hanno quindi capito il luogo esatto. Una volta da lei, prestate le prime cure, la ragazza \u00e8 stata imbarellata e trasportata a piedi fino al quad e da l\u00ec al Lago di Pontesei. La giovane si \u00e8 poi allontanata autonomamente con i compagni.<\/p>\n","protected":false},"excerpt":{"rendered":"<p>VAL DI ZOLDO Alle 15.30 circa il Soccorso alpino della Val di Zoldo \u00e8 stato allertato dalla Centrale del Suem, per una escursionista fattasi male lungo uno dei sentieri che scendono dal Bosconero. Una squadra si \u00e8 avvicinata in quad fino alla Casera del Mugon per poi risalire &#8211; come da informazioni ricevute da uno&hellip;<\/p>\n","protected":false},"author":4,"featured_media":195736,"comment_status":"closed","ping_status":"closed","sticky":false,"template":"","format":"standard","meta":{"_monsterinsights_skip_tracking":false,"_monsterinsights_sitenote_active":false,"_monsterinsights_sitenote_note":"","_monsterinsights_sitenote_category":0,"footnotes":""},"categories":[51,49],"tags":[],"class_list":["post-195735","post","type-post","status-publish","format-standard","has-post-thumbnail","hentry","category-evidenza-top","category-news-18","category-51","category-49","description-off"],"img_url":"https:\/\/www.radiopiu.net\/wordpress\/wp-content\/uploads\/2021\/03\/salt_20210307_192937_907.jpg","_links":{"self":[{"href":"https:\/\/www.radiopiu.net\/wordpress\/wp-json\/wp\/v2\/posts\/195735","targetHints":{"allow":["GET"]}}],"collection":[{"href":"https:\/\/www.radiopiu.net\/wordpress\/wp-json\/wp\/v2\/posts"}],"about":[{"href":"https:\/\/www.radiopiu.net\/wordpress\/wp-json\/wp\/v2\/types\/post"}],"author":[{"embeddable":true,"href":"https:\/\/www.radiopiu.net\/wordpress\/wp-json\/wp\/v2\/users\/4"}],"replies":[{"embeddable":true,"href":"https:\/\/www.radiopiu.net\/wordpress\/wp-json\/wp\/v2\/comments?post=195735"}],"version-history":[{"count":0,"href":"https:\/\/www.radiopiu.net\/wordpress\/wp-json\/wp\/v2\/posts\/195735\/revisions"}],"wp:featuredmedia":[{"embeddable":true,"href":"https:\/\/www.radiopiu.net\/wordpress\/wp-json\/wp\/v2\/media\/195736"}],"wp:attachment":[{"href":"https:\/\/www.radiopiu.net\/wordpress\/wp-json\/wp\/v2\/media?parent=195735"}],"wp:term":[{"taxonomy":"category","embeddable":true,"href":"https:\/\/www.radiopiu.net\/wordpress\/wp-json\/wp\/v2\/categories?post=195735"},{"taxonomy":"post_tag","embeddable":true,"href":"https:\/\/www.radiopiu.net\/wordpress\/wp-json\/wp\/v2\/tags?post=195735"}],"curies":[{"name":"wp","href":"https:\/\/api.w.org\/{rel}","templated":true}]}}