{"id":195805,"date":"2021-03-08T10:21:38","date_gmt":"2021-03-08T09:21:38","guid":{"rendered":"https:\/\/www.radiopiu.net\/wordpress\/?p=195805"},"modified":"2021-03-08T10:21:38","modified_gmt":"2021-03-08T09:21:38","slug":"otto-marzo-di-john-francis-della-pietra","status":"publish","type":"post","link":"https:\/\/www.radiopiu.net\/wordpress\/otto-marzo-di-john-francis-della-pietra\/","title":{"rendered":"OTTO MARZO di  JOHN FRANCIS DELLA PIETRA"},"content":{"rendered":"<p><strong>AUDIO<\/strong><\/p>\n<audio class=\"wp-audio-shortcode\" id=\"audio-195805-1\" preload=\"none\" style=\"width: 100%;\" controls=\"controls\"><source type=\"audio\/mpeg\" src=\"https:\/\/www.radiopiu.net\/wordpress\/wp-content\/uploads\/2021\/03\/01-8-MARZO-DI-JOHN-FRANCIS-DELLA-PIETRA.mp3?_=1\" \/><a href=\"https:\/\/www.radiopiu.net\/wordpress\/wp-content\/uploads\/2021\/03\/01-8-MARZO-DI-JOHN-FRANCIS-DELLA-PIETRA.mp3\">https:\/\/www.radiopiu.net\/wordpress\/wp-content\/uploads\/2021\/03\/01-8-MARZO-DI-JOHN-FRANCIS-DELLA-PIETRA.mp3<\/a><\/audio>\n<p>&nbsp;<\/p>\n<p>&nbsp;<\/p>\n<p><span style=\"font-family: Verdana, sans-serif;\"><img loading=\"lazy\" decoding=\"async\" class=\"alignleft\" src=\"https:\/\/www.radiopiu.net\/wordpress\/wp-content\/uploads\/2021\/03\/1-JOHN-FRANCIS-FOTO.jpg\" width=\"92\" height=\"204\" \/><strong>OTTO MARZO<\/strong><br \/>\nUn luned\u00ec tutto peculiare<br \/>\nMa sempre speciale<br \/>\nQuest&#8217;inizio della seconda settimana di marzo<br \/>\nD&#8217;ogni stagione ci propone lo sfarzo<br \/>\nSole vento pioggia o neve<br \/>\nLa femminil gioia cresce pi\u00f9 che lieve<br \/>\nN\u00e9 le problematiche n\u00e9 le difficolt\u00e0<br \/>\nOscuran la lor odierna felicit\u00e0<br \/>\nLe immagini scorron su ciascuna<br \/>\nSoffermandosi ad una ad una<br \/>\nDavanti allo specchio<br \/>\nSorridono parecchio<br \/>\nRagazza giovane o monna<br \/>\nMa sempre donna<br \/>\nNel suo cuore<br \/>\nPalpita sempiterno l&#8217;amore<br \/>\nTutte le dobbiamo ringraziare<br \/>\nPer quanto ci sanno amare<br \/>\nAmiche compagne mamme o nonne<br \/>\nIrresistibili donne<br \/>\nOrdunque oggi su in alto la testa<br \/>\n\u00c8 la vostra festa<br \/>\nDa tutti noi giovani uomini o maturi<br \/>\nI nostri amorevoli auguri<\/span><\/p>\n","protected":false},"excerpt":{"rendered":"<p>AUDIO &nbsp; &nbsp; OTTO MARZO Un luned\u00ec tutto peculiare Ma sempre speciale Quest&#8217;inizio della seconda settimana di marzo D&#8217;ogni stagione ci propone lo sfarzo Sole vento pioggia o neve La femminil gioia cresce pi\u00f9 che lieve N\u00e9 le problematiche n\u00e9 le difficolt\u00e0 Oscuran la lor odierna felicit\u00e0 Le immagini scorron su ciascuna Soffermandosi ad una&hellip;<\/p>\n","protected":false},"author":4,"featured_media":195806,"comment_status":"closed","ping_status":"closed","sticky":false,"template":"","format":"standard","meta":{"_monsterinsights_skip_tracking":false,"_monsterinsights_sitenote_active":false,"_monsterinsights_sitenote_note":"","_monsterinsights_sitenote_category":0,"footnotes":""},"categories":[22,49],"tags":[],"class_list":["post-195805","post","type-post","status-publish","format-standard","has-post-thumbnail","hentry","category-invivoverso","category-news-18","category-22","category-49","description-off"],"img_url":"https:\/\/www.radiopiu.net\/wordpress\/wp-content\/uploads\/2021\/03\/1-JOHN-FRANCIS-FOTO.jpg","_links":{"self":[{"href":"https:\/\/www.radiopiu.net\/wordpress\/wp-json\/wp\/v2\/posts\/195805","targetHints":{"allow":["GET"]}}],"collection":[{"href":"https:\/\/www.radiopiu.net\/wordpress\/wp-json\/wp\/v2\/posts"}],"about":[{"href":"https:\/\/www.radiopiu.net\/wordpress\/wp-json\/wp\/v2\/types\/post"}],"author":[{"embeddable":true,"href":"https:\/\/www.radiopiu.net\/wordpress\/wp-json\/wp\/v2\/users\/4"}],"replies":[{"embeddable":true,"href":"https:\/\/www.radiopiu.net\/wordpress\/wp-json\/wp\/v2\/comments?post=195805"}],"version-history":[{"count":0,"href":"https:\/\/www.radiopiu.net\/wordpress\/wp-json\/wp\/v2\/posts\/195805\/revisions"}],"wp:featuredmedia":[{"embeddable":true,"href":"https:\/\/www.radiopiu.net\/wordpress\/wp-json\/wp\/v2\/media\/195806"}],"wp:attachment":[{"href":"https:\/\/www.radiopiu.net\/wordpress\/wp-json\/wp\/v2\/media?parent=195805"}],"wp:term":[{"taxonomy":"category","embeddable":true,"href":"https:\/\/www.radiopiu.net\/wordpress\/wp-json\/wp\/v2\/categories?post=195805"},{"taxonomy":"post_tag","embeddable":true,"href":"https:\/\/www.radiopiu.net\/wordpress\/wp-json\/wp\/v2\/tags?post=195805"}],"curies":[{"name":"wp","href":"https:\/\/api.w.org\/{rel}","templated":true}]}}