{"id":195816,"date":"2021-03-08T05:30:31","date_gmt":"2021-03-08T04:30:31","guid":{"rendered":"https:\/\/www.radiopiu.net\/wordpress\/?p=195816"},"modified":"2021-03-09T13:14:01","modified_gmt":"2021-03-09T12:14:01","slug":"veneto-arancio-tendente-al-rosso-previsioni-scuola-dalla-conferenza-stampa-da-marghera","status":"publish","type":"post","link":"https:\/\/www.radiopiu.net\/wordpress\/veneto-arancio-tendente-al-rosso-previsioni-scuola-dalla-conferenza-stampa-da-marghera\/","title":{"rendered":"VENETO ARANCIO TENDENTE AL ROSSO?  PREVISIONI SCUOLA&#8230; DALLA CONFERENZA STAMPA DA MARGHERA"},"content":{"rendered":"<p><strong>VENEZIA<\/strong> In diretta da Marghera la conferenza stampa, aggiornamento covid19 con il Presidente Luca Zaia<\/p>\n<p>&nbsp;<\/p>\n<p><strong>I NUMERI\u00a0<\/strong><\/p>\n<p>TAMPONI MOLECOLARI 4115501 TAMPONI RAPIDI 3321436\u00a0 TAMPONI IERI +757 INCIDENZA POSITIVI \/\u00a0 TAMPONI 7,38 POSITIVI DA INIZIO EPIDEMIA 343267 POSITIVI ATTUALI 29514 RICOVERI 1400 AREA NON CRITICA 1243\u00a0 TERAPIA INTENSIVA\u00a0 157 ( +4) DECESSI 9980 (+12) DIMESSI 16443<\/p>\n<blockquote>\n<h2>LEGGI LA CONFERENZA STAMPA DI LUCA ZAIA<\/h2>\n<p><em>Nuovo piano di sanit\u00e0 pubblica prudenziale, per gestire il virus: ridurremo alcune attivit\u00e0 ospedaliere per concentrarci sul Covid. Rispetto alla prima fase il virus circolo di pi\u00f9 tra le fasce pi\u00f9 giovani. Via libera del ministero della Salute all&#8217;utilizzo del vaccino anti-Covid di AstraZeneca anche nei soggetti sopra i 65 anni di et\u00e0, esclusi i soggetti &#8220;estremamente vulnerabili&#8221; per particolari patologie.<\/em><\/p><\/blockquote>\n<p>Auguri alle centenaria&#8230; a Speranza Bellenzier di Alleghe che sabato ha compiuto 103. Sono tre le province con la curva impostata verso l&#8217;alto, ma anche quella regionale. Le province sono Padova,\u00a0 Treviso e Verona. Non abbassiamo la guardia ma usciamo con un nuovo piano di sanit\u00e0 pubblica, abbiamo davanti un vantaggio con un&#8217;infezione anti ciclica, quando gli altri crescono caliamo e viceversa. C&#8217;\u00e8 un timido incremento, non credo arriveremo ai livelli gi\u00e0 conosciuti, ma abbiamo l&#8217;obbligo di pensare alla pressione ospedaliera. Ragioniamo come se dovesse arrivare il brutto tempo, ma non \u00e8 detto che arrivi.\u00a0 <strong>UN ANNO FA<\/strong> eravamo nel pieno dell&#8217;epidemia, con 464 terapie intensive occupate\u00a0 (oggi 1016 terapie intensive sono attivabili, 157 occupate da pazienti Covid) non avessimo fatto questo lavoro di preparazione delle terapie intensive non saremmo stati in grado di affrontare l&#8217;ondata di dicembre. <strong>SCUOLA<\/strong> La dottoressa Francesca Russo presenter\u00e0 la circolare per i Sispe perch\u00e9 i diversi dipartimenti possano chiudere una classe o\u00a0 un complesso scolastico. Hanno un ruolo, i ragazzi nel contagio,\u00a0 non sono untori, ma si vede che l&#8217;andamento della curva segue apertura o chiusura delle scuole.<strong> MUTAZIONI<\/strong> La fascia pi\u00f9 colpita va dai zero ai 20 anni,\u00a0 un altro target rispett a quello\u00a0 degli anziani. Le mutazioni sono tante, alcune pi\u00f9 contagiose. <strong>VACCINI<\/strong> Stamane punto della situazione e abbiamo chiesto di arrivare a 45-50 mila vaccini al giorno con la collaborazione dei medici di base che hanno un ruolo importante nella vaccinazione. Poi pensiamo anche ai 1000 specializzandi in Veneto. <strong>ASTREZENECA<\/strong> Con AstraZeneca ora si va\u00a0 anche oltre i\u00a0 65anni , la vera sfida sono proprio i vaccini, in questa maniera cambia ancora nuovamente il piano vaccinale del Veneto. Per la pi\u00f9 grande vaccinazione della storia nel mondo siamo\u00a0 in attesa in Italia di 22 milioni di dosi, dal primo di aprile, almeno un milione di dosi arriveranno anche in Veneto. Attesi nei prossimi giorni anche i vaccini\u00a0 Johnson &amp; Johnson. CENTRI VACCINALI aperti anche la domenica. Il nostro problema non sono le strutture, ma la mancanza di vaccini. Sarebbe meglio vaccinare tutti per l&#8217;estate. Stiamo lavorando anche al passaporto vaccinale, che sta diventando realt\u00e0, e noi non facciamo discriminazioni, chi non vuole vaccinarsi non lo far\u00e0, ma se a qualche veneto verr\u00e0 chiesto di dimostrare la vaccinazione dobbiamo essere in grado di rilasciare il documento con l&#8217;avvenuta vaccinazione. <strong>TURISMO ESTIVO E PASSAPORTO ANCHE IN VENETO COME IN SARDEGNA?<\/strong> La vera via d&#8217;uscita \u00e8 vaccinare tutti. Dobbiamo dire al turista che la Regione \u00e8 covid free. E&#8217; meglio chiedere il passaporto o e&#8217; meglio dire che qui sono tutti vaccinati, questa \u00e8 la vera sfida, vaccinare tutti. Non si pu\u00f2 chiedere il passaporto se non sei comunit\u00e0 covid free. \u00a0Sui vaccini spero si ragioni per fasce di et\u00e0 invece che per categorie, in Veneto la mortalit\u00e0 ha interessato la fascia degli 80enni, ad esempio. Oggi abbiamo 141 ospiti delle case di riposo positivi in Veneto, sono pochissimi, significa che la campagna vaccinale nelle Rsa funziona. La Fase 1 delle vaccinazioni in Veneto deve essere completata entro questa settimana. Abbiamo accantonato molti vaccini per le seconde dosi prudenzialmente<\/p>\n<p><strong>L&#8217;ASSESSORE MANUELA LANZARIN:<\/strong> Stiamo andando a chiudere due accordi, con i medici di medicina generale per le vaccinazioni, domani l&#8217;incontro per il loro coinvolgimento nella vaccinazione. Domani chiudiamo la parte logistica (ambulatorio, domicilio, centri specifici&#8230;) ed anche quella economica con gli accordi nazionali e\u00a0 regionali. Non abbiamo ancora la quantificazione ma la copertura \u00e8 discreta. Da sabato accordo Ministero-Universit\u00e0 per l&#8217;utilizzo su base volontaria degli specializzandi, oggi l&#8217;incontro decisivo.<\/p>\n<blockquote>\n<h3>LA DOTTORESSA FRANCESCA RUSSO<\/h3>\n<p><em>in questa fase le scuole dell&#8217;infanzia e le elementari non verranno chiuse.<\/em><\/p><\/blockquote>\n<p style=\"text-align: center;\"><em>in questa fase le scuole dell&#8217;infanzia e le elementari non verranno chiuse.<\/em><\/p>\n<p><strong><img decoding=\"async\" class=\"alignleft\" src=\"https:\/\/www.radiopiu.net\/wordpress\/wp-content\/uploads\/2020\/12\/ce2e1d43-a711-4eb8-9a36-15c6439836a8-300x225.jpg\" \/>Il Nuovo Dpcm<\/strong> prevede il provvedimento di sospensione delle scuole con 250 casi di contagi su 100 mila,<em> abbiamo detto che stiamo controllando in maniera precisa e continua, ogni giorno quella che \u00e8 l&#8217;incidenza nella popolazione a livello regionale: comulativa degli ultimi sette giorni. Vediamo l&#8217;evoluzione e valutiamo come Provincia, Ulss e Distretto non come Comuni perch\u00e9 vengono penalizzati quelli piccoli con incidenza alta. Abbiamo visto che alcuni distretti hanno incidenza superiore a 250 su 100 mila, comporter\u00e0 delle misure puntuali e localizzate per evitare un provvedimento estremo con la chiusura di tutte le scuole.\u00a0 Le tre realt\u00e0 pi\u00f9 a rischio sono l&#8217;Alta Padovana (272 su 100mila), il distretto di Asolo (268 su 100mila) e il Veneto Orientale (302 su 100mila). Vogliamo agire in maniera puntuale osservando le situazioni.<\/em> <span style=\"color: #ff0000;\">Qui le scuole dalla seconda media andranno in didattica a distanza, non da domani mattina, serve poter organizzare, ma daremo il tempo a scuole e famiglie per organizzarsi, 24-48 ore, partiremo all&#8217;incirca gioved\u00ec<\/span><strong><span style=\"color: #ff0000;\">.<\/span>\u00a0 QUANTI ISTITUTI INTERESSATI?<\/strong>\u00a0 <em>Non abbiamo il numero, questa \u00e8 l&#8217;incidenza sulla popolazione e non sulla popolazione scolastica.\u00a0 Se ci fosse un cluster nella scuola potr\u00e0 essere chiusa una classe o un istituto indipendentemente dall&#8217;incidenza nella zona. Il cluster (2 o pi\u00f9 contagi) scoperto nell&#8217;istituto non \u00e8 legato all&#8217;incidenza del virus sulla popolazione.<\/em><strong> IN COMELICO?<\/strong> <em>C&#8217;\u00e8 un incidenza importante che gi\u00e0 c&#8217;\u00e8 stata ma se la vediamo in base al distretto di Belluno non raggiunge i 250 contagi ogni 100 mila, attualmente non ci sono parametri di chiusura.<\/em><\/p>\n<blockquote>\n<h2>grafici su occupazione posti letto suddivisi per provincia presentati nel punto stampa<\/h2>\n<\/blockquote>\n<a href=\"https:\/\/www.radiopiu.net\/wordpress\/wp-content\/uploads\/2021\/03\/ANDAMENTO-PL-RV-08-03-21-1.pdf\" class=\"pdfemb-viewer\" style=\"\" data-width=\"max\" data-height=\"max\" data-toolbar=\"top\" data-toolbar-fixed=\"on\">ANDAMENTO PL RV 08-03-21-1<\/a>\n<p>&nbsp;<\/p>\n<p><a href=\"https:\/\/www.facebook.com\/zaiaufficiale\/videos\/1027862624371493\">https:\/\/www.facebook.com\/zaiaufficiale\/videos\/1027862624371493<\/a><\/p>\n<blockquote>\n<h1><\/h1>\n<p><strong>DOMANI, IL PRESIDENTE ZAIA ALL\u2019IMPIANTO TRENITALIA DI MARGHERA PER LA CONSEGNA DEI TRENI POP E ROCK <\/strong><\/p>\n<p><strong>VENEZIA <\/strong>Domani, marted\u00ec 9 marzo, alle 10.30, il presidente della Regione del Veneto Luca Zaia sar\u00e0 presente, insieme alla Vicepresidente Elisa De Berti, all\u2019Impianto Trenitalia di Marghera (via Parco Ferroviario 59) in occasione della consegna dei treni Pop e Rock di Trenitalia alla Regione Veneto. Il programma prevede alle ore 11.00 gli interventi dell\u2019amministratore delegato di Trenitalia, Luigi Corradi, e del presidente Luca Zaia. Di seguito, alle ore 11.30, il taglio del nastro.<\/p><\/blockquote>\n<p>&nbsp;<\/p>\n","protected":false},"excerpt":{"rendered":"<p>VENEZIA In diretta da Marghera la conferenza stampa, aggiornamento covid19 con il Presidente Luca Zaia &nbsp; I NUMERI\u00a0 TAMPONI MOLECOLARI 4115501 TAMPONI RAPIDI 3321436\u00a0 TAMPONI IERI +757 INCIDENZA POSITIVI \/\u00a0 TAMPONI 7,38 POSITIVI DA INIZIO EPIDEMIA 343267 POSITIVI ATTUALI 29514 RICOVERI 1400 AREA NON CRITICA 1243\u00a0 TERAPIA INTENSIVA\u00a0 157 ( +4) DECESSI 9980 (+12) DIMESSI&hellip;<\/p>\n","protected":false},"author":4,"featured_media":123096,"comment_status":"closed","ping_status":"closed","sticky":false,"template":"","format":"standard","meta":{"_monsterinsights_skip_tracking":false,"_monsterinsights_sitenote_active":false,"_monsterinsights_sitenote_note":"","_monsterinsights_sitenote_category":0,"footnotes":""},"categories":[49],"tags":[],"class_list":["post-195816","post","type-post","status-publish","format-standard","has-post-thumbnail","hentry","category-news-18","category-49","description-off"],"img_url":"https:\/\/www.radiopiu.net\/wordpress\/wp-content\/uploads\/2020\/03\/ZAIA-MASCHERINE.jpg","_links":{"self":[{"href":"https:\/\/www.radiopiu.net\/wordpress\/wp-json\/wp\/v2\/posts\/195816","targetHints":{"allow":["GET"]}}],"collection":[{"href":"https:\/\/www.radiopiu.net\/wordpress\/wp-json\/wp\/v2\/posts"}],"about":[{"href":"https:\/\/www.radiopiu.net\/wordpress\/wp-json\/wp\/v2\/types\/post"}],"author":[{"embeddable":true,"href":"https:\/\/www.radiopiu.net\/wordpress\/wp-json\/wp\/v2\/users\/4"}],"replies":[{"embeddable":true,"href":"https:\/\/www.radiopiu.net\/wordpress\/wp-json\/wp\/v2\/comments?post=195816"}],"version-history":[{"count":0,"href":"https:\/\/www.radiopiu.net\/wordpress\/wp-json\/wp\/v2\/posts\/195816\/revisions"}],"wp:featuredmedia":[{"embeddable":true,"href":"https:\/\/www.radiopiu.net\/wordpress\/wp-json\/wp\/v2\/media\/123096"}],"wp:attachment":[{"href":"https:\/\/www.radiopiu.net\/wordpress\/wp-json\/wp\/v2\/media?parent=195816"}],"wp:term":[{"taxonomy":"category","embeddable":true,"href":"https:\/\/www.radiopiu.net\/wordpress\/wp-json\/wp\/v2\/categories?post=195816"},{"taxonomy":"post_tag","embeddable":true,"href":"https:\/\/www.radiopiu.net\/wordpress\/wp-json\/wp\/v2\/tags?post=195816"}],"curies":[{"name":"wp","href":"https:\/\/api.w.org\/{rel}","templated":true}]}}