{"id":195849,"date":"2021-03-08T05:55:05","date_gmt":"2021-03-08T04:55:05","guid":{"rendered":"https:\/\/www.radiopiu.net\/wordpress\/?p=195849"},"modified":"2021-03-09T13:44:52","modified_gmt":"2021-03-09T12:44:52","slug":"scuole-da-giovedi-chiusura-delle-scuole-dalla-seconda-media-in-tre-aree-a-rischio","status":"publish","type":"post","link":"https:\/\/www.radiopiu.net\/wordpress\/scuole-da-giovedi-chiusura-delle-scuole-dalla-seconda-media-in-tre-aree-a-rischio\/","title":{"rendered":"DA GIOVEDI CHIUSURA DELLE SCUOLE &#8211; dalla seconda media &#8211;  IN TRE AREE A RISCHIO"},"content":{"rendered":"<p><strong>VENEZIA<\/strong> Oggi in conferenza stampa a Marghera intervento della dottoressa Francesca Russo sulla tematica delle scuole. Di seguito il suo intervento e le domande.<\/p>\n<p style=\"text-align: center;\"><em>in questa fase le scuole dell&#8217;infanzia e le elementari non verranno chiuse.<\/em><\/p>\n<p><strong><img decoding=\"async\" class=\"alignleft\" src=\"https:\/\/www.radiopiu.net\/wordpress\/wp-content\/uploads\/2020\/12\/ce2e1d43-a711-4eb8-9a36-15c6439836a8-300x225.jpg\" \/>Il Nuovo Dpcm<\/strong> prevede il provvedimento di sospensione delle scuole con 250 casi di contagi su 100 mila,<em> abbiamo detto che stiamo controllando in maniera precisa e continua, ogni giorno quella che \u00e8 l&#8217;incidenza nella popolazione a livello regionale: comulativa degli ultimi sette giorni. Vediamo l&#8217;evoluzione e valutiamo come Provincia, Ulss e Distretto non come Comuni perch\u00e9 vengono penalizzati quelli piccoli con incidenza alta. Abbiamo visto che alcuni distretti hanno incidenza superiore a 250 su 100 mila, comporter\u00e0 delle misure puntuali e localizzate per evitare un provvedimento estremo con la chiusura di tutte le scuole.\u00a0 Le tre realt\u00e0 pi\u00f9 a rischio sono l&#8217;Alta Padovana (272 su 100mila), il distretto di Asolo (268 su 100mila) e il Veneto Orientale (302 su 100mila). Vogliamo agire in maniera puntuale osservando le situazioni.<\/em> <span style=\"color: #ff0000;\">Qui le scuole dalla seconda media andranno in didattica a distanza, non da domani mattina, serve poter organizzare, ma daremo il tempo a scuole e famiglie per organizzarsi, 24-48 ore, partiremo all&#8217;incirca gioved\u00ec<\/span><strong><span style=\"color: #ff0000;\">.<\/span>\u00a0 QUANTI ISTITUTI INTERESSATI?<\/strong>\u00a0 <em>Non abbiamo il numero, questa \u00e8 l&#8217;incidenza sulla popolazione e non sulla popolazione scolastica.\u00a0 Se ci fosse un cluster nella scuola potr\u00e0 essere chiusa una classe o un istituto indipendentemente dall&#8217;incidenza nella zona. Il cluster (2 o pi\u00f9 contagi) scoperto nell&#8217;istituto non \u00e8 legato all&#8217;incidenza del virus sulla popolazione.<\/em><strong> IN COMELICO?<\/strong> <em>C&#8217;\u00e8 un incidenza importante che gi\u00e0 c&#8217;\u00e8 stata ma se la vediamo in base al distretto di Belluno non raggiunge i 250 contagi ogni 100 mila, attualmente non ci sono parametri di chiusura.<\/em><\/p>\n<p>&nbsp;<\/p>\n","protected":false},"excerpt":{"rendered":"<p>VENEZIA Oggi in conferenza stampa a Marghera intervento della dottoressa Francesca Russo sulla tematica delle scuole. Di seguito il suo intervento e le domande. in questa fase le scuole dell&#8217;infanzia e le elementari non verranno chiuse. Il Nuovo Dpcm prevede il provvedimento di sospensione delle scuole con 250 casi di contagi su 100 mila, abbiamo&hellip;<\/p>\n","protected":false},"author":4,"featured_media":178348,"comment_status":"closed","ping_status":"closed","sticky":false,"template":"","format":"standard","meta":{"_monsterinsights_skip_tracking":false,"_monsterinsights_sitenote_active":false,"_monsterinsights_sitenote_note":"","_monsterinsights_sitenote_category":0,"footnotes":""},"categories":[51,49],"tags":[],"class_list":["post-195849","post","type-post","status-publish","format-standard","has-post-thumbnail","hentry","category-evidenza-top","category-news-18","category-51","category-49","description-off"],"img_url":"https:\/\/www.radiopiu.net\/wordpress\/wp-content\/uploads\/2020\/12\/ce2e1d43-a711-4eb8-9a36-15c6439836a8.jpg","_links":{"self":[{"href":"https:\/\/www.radiopiu.net\/wordpress\/wp-json\/wp\/v2\/posts\/195849","targetHints":{"allow":["GET"]}}],"collection":[{"href":"https:\/\/www.radiopiu.net\/wordpress\/wp-json\/wp\/v2\/posts"}],"about":[{"href":"https:\/\/www.radiopiu.net\/wordpress\/wp-json\/wp\/v2\/types\/post"}],"author":[{"embeddable":true,"href":"https:\/\/www.radiopiu.net\/wordpress\/wp-json\/wp\/v2\/users\/4"}],"replies":[{"embeddable":true,"href":"https:\/\/www.radiopiu.net\/wordpress\/wp-json\/wp\/v2\/comments?post=195849"}],"version-history":[{"count":0,"href":"https:\/\/www.radiopiu.net\/wordpress\/wp-json\/wp\/v2\/posts\/195849\/revisions"}],"wp:featuredmedia":[{"embeddable":true,"href":"https:\/\/www.radiopiu.net\/wordpress\/wp-json\/wp\/v2\/media\/178348"}],"wp:attachment":[{"href":"https:\/\/www.radiopiu.net\/wordpress\/wp-json\/wp\/v2\/media?parent=195849"}],"wp:term":[{"taxonomy":"category","embeddable":true,"href":"https:\/\/www.radiopiu.net\/wordpress\/wp-json\/wp\/v2\/categories?post=195849"},{"taxonomy":"post_tag","embeddable":true,"href":"https:\/\/www.radiopiu.net\/wordpress\/wp-json\/wp\/v2\/tags?post=195849"}],"curies":[{"name":"wp","href":"https:\/\/api.w.org\/{rel}","templated":true}]}}