{"id":195851,"date":"2021-03-08T13:38:39","date_gmt":"2021-03-08T12:38:39","guid":{"rendered":"https:\/\/www.radiopiu.net\/wordpress\/?p=195851"},"modified":"2021-03-08T13:38:39","modified_gmt":"2021-03-08T12:38:39","slug":"la-narcolessia","status":"publish","type":"post","link":"https:\/\/www.radiopiu.net\/wordpress\/la-narcolessia\/","title":{"rendered":"La narcolessia"},"content":{"rendered":"<p>La narcolessia \u00e8 una malattia neurologica rara che in Italia conta circa 2000 casi. E\u2019 una malattia sottodiagnosticata ed \u00e8 accompagnata da diversi sintomi che impattano fortemente sulla qualit\u00e0 della vita dei pazienti.<\/p>\n<p>Ne parliamo con il prof. Giuseppe Plazzi, Ordinario di Neuropsichiatria Infantile, Universit\u00e0 degli studi di Modena e Reggio Emilia; Responsabile scientifico e coordinatore Centro Narcolessia e disturbi del sonno, IRCCS, Istituto delle Scienze Neurologiche di Bologna; Presidente AIMS, Associazione Italiana di Medicina del Sonno<\/p>\n<audio class=\"wp-audio-shortcode\" id=\"audio-195851-1\" preload=\"none\" style=\"width: 100%;\" controls=\"controls\"><source type=\"audio\/mpeg\" src=\"https:\/\/www.radiopiu.net\/wordpress\/wp-content\/uploads\/2021\/03\/SALUTE.mp3?_=1\" \/><a href=\"https:\/\/www.radiopiu.net\/wordpress\/wp-content\/uploads\/2021\/03\/SALUTE.mp3\">https:\/\/www.radiopiu.net\/wordpress\/wp-content\/uploads\/2021\/03\/SALUTE.mp3<\/a><\/audio>\n","protected":false},"excerpt":{"rendered":"<p>La narcolessia \u00e8 una malattia neurologica rara che in Italia conta circa 2000 casi. E\u2019 una malattia sottodiagnosticata ed \u00e8 accompagnata da diversi sintomi che impattano fortemente sulla qualit\u00e0 della vita dei pazienti. Ne parliamo con il prof. Giuseppe Plazzi, Ordinario di Neuropsichiatria Infantile, Universit\u00e0 degli studi di Modena e Reggio Emilia; Responsabile scientifico e&hellip;<\/p>\n","protected":false},"author":2,"featured_media":195852,"comment_status":"closed","ping_status":"closed","sticky":false,"template":"","format":"standard","meta":{"_monsterinsights_skip_tracking":false,"_monsterinsights_sitenote_active":false,"_monsterinsights_sitenote_note":"","_monsterinsights_sitenote_category":0,"footnotes":""},"categories":[87],"tags":[],"class_list":["post-195851","post","type-post","status-publish","format-standard","has-post-thumbnail","hentry","category-salutesocieta","category-87","description-off"],"img_url":"https:\/\/www.radiopiu.net\/wordpress\/wp-content\/uploads\/2021\/03\/relaxed-businessman-waiting-interview_1163-5495.jpg","_links":{"self":[{"href":"https:\/\/www.radiopiu.net\/wordpress\/wp-json\/wp\/v2\/posts\/195851","targetHints":{"allow":["GET"]}}],"collection":[{"href":"https:\/\/www.radiopiu.net\/wordpress\/wp-json\/wp\/v2\/posts"}],"about":[{"href":"https:\/\/www.radiopiu.net\/wordpress\/wp-json\/wp\/v2\/types\/post"}],"author":[{"embeddable":true,"href":"https:\/\/www.radiopiu.net\/wordpress\/wp-json\/wp\/v2\/users\/2"}],"replies":[{"embeddable":true,"href":"https:\/\/www.radiopiu.net\/wordpress\/wp-json\/wp\/v2\/comments?post=195851"}],"version-history":[{"count":0,"href":"https:\/\/www.radiopiu.net\/wordpress\/wp-json\/wp\/v2\/posts\/195851\/revisions"}],"wp:featuredmedia":[{"embeddable":true,"href":"https:\/\/www.radiopiu.net\/wordpress\/wp-json\/wp\/v2\/media\/195852"}],"wp:attachment":[{"href":"https:\/\/www.radiopiu.net\/wordpress\/wp-json\/wp\/v2\/media?parent=195851"}],"wp:term":[{"taxonomy":"category","embeddable":true,"href":"https:\/\/www.radiopiu.net\/wordpress\/wp-json\/wp\/v2\/categories?post=195851"},{"taxonomy":"post_tag","embeddable":true,"href":"https:\/\/www.radiopiu.net\/wordpress\/wp-json\/wp\/v2\/tags?post=195851"}],"curies":[{"name":"wp","href":"https:\/\/api.w.org\/{rel}","templated":true}]}}