{"id":195879,"date":"2021-03-09T05:26:56","date_gmt":"2021-03-09T04:26:56","guid":{"rendered":"https:\/\/www.radiopiu.net\/wordpress\/?p=195879"},"modified":"2021-03-09T06:10:30","modified_gmt":"2021-03-09T05:10:30","slug":"fabio-bona-e-la-sua-grande-passione-per-acquerello-miniature-ed-icone","status":"publish","type":"post","link":"https:\/\/www.radiopiu.net\/wordpress\/fabio-bona-e-la-sua-grande-passione-per-acquerello-miniature-ed-icone\/","title":{"rendered":"FABIO BONA E LA SUA GRANDE PASSIONE  PER ACQUERELLO, MINIATURE ED ICONE"},"content":{"rendered":"<p><strong>di Renato Bona<\/strong><\/p>\n<p>Siamo convinti che se un giorno qualcuno si facesse carico di aggiornare il libro \u201cPersonaggi illustri dell\u2019Alpago e Ponte nelle Alpi\u201d, del maestro Mario De Nale (stampato dalla bellunese tipografia Piave nell\u2019agosto 1978, ad iniziativa del Centro sociale di educazione permanente di Tambre e dell\u2019allora Associazione emigranti bellunesi, anche per celebrare il centenario di Placido Fabris \u201cIl pittore solitario\u201d) darebbe senz\u2019altro il giusto spazio anche a Fabio Bona, il cui nome si aggiungerebbe cos\u00ec a quelli degli omonimi Rissieri (lo scultore dei colossi\u201d) e ai suoi fratelli, pure scultori, Vincenzo , Fioravante ed Antonio oltre che al nipote Isidoro, e ai pronipoti Ettore ed Alvio. Ma chi \u00e8 Fabio Bona? Nato a Feltre il 19 dicembre 1951, sposato con Patrizia dalla quale ha avuto la figlia Francesca, vive a Villabruna, frazione della \u201cPiccola citt\u00e0 degli uomini grandi\u201d; diplomato perito industriale, \u00e8 pensionato dopo aver concluso l\u2019impegno lavorativo come quadro direttivo di un istituto bancario. Il nonno paterno, Andrea &#8211; replica alla domanda &#8211; era nativo di Anzaven in comune di Cesiomaggiore ma sono praticamente certo che l\u2019origine del ceppo familiare sia Tambre. A Feltre ho altri parenti, figli di cugini di mio padre. Poi spiega: \u201cNella vita ho fatto tante cose sia dal punto di vista lavorativo che nella societ\u00e0 civile: sono stato presidente del Gilf (Gruppo interaziendale lavoratori feltrini), fondatore con il dott. Arrigoni, e primo presidente, del Comitato d&#8217;intesa fra le Associazioni a Feltre, presidente del consiglio d&#8217;istituto della scuola media &#8220;Gino Rocca&#8221;, segretario del gruppo Alpini in congedo di Villabruna, vice presidente del Lions Club Host Feltre; ancora: socio fondatore ed attualmente presidente della Confraternita del formaggio Piave, attuale presidente del collegio dei revisori della Fice (Federazione italiana circoli enogastronomici) quindi consigliere comunale (ultimo capogruppo del Psi), consigliere della Comunit\u00e0 montana, dell\u2019Ente bacino smaltimento rifiuti, di Dolomitibus e Ater (anche vice presidente), primo presidente dell\u2019Azienda feltrina servizi alla persona, consigliere in Ge. Mel (azienda che si occupava della Casa di riposo e sociale a Mel), consigliere e vice presidente alla Villanova servizi e di analoga azienda in comune di Trichiana. Un curriculum di tutto rispetto, carico peraltro di impegni a volta gravosi che non hanno impedito in assoluto a Fabio Bona di coltivare la passione di sempre: quella per l\u2019arte che lo ha spinto a frequentare corsi di acquerello, miniature, icone, scrittura antica \u201cma devo ammettere che non ho mai avuto la possibilit\u00e0 di dedicarmi appieno, come avrei tanto voluto, al mio hobby, perch\u00e9 sempre occupato in qualcos&#8217;altro, come accennato\u2026\u201d. Tuttavia da quando si \u00e8 ritagliato il giusto spazio per il tempo libero \u00e8 riemerso il suo interesse per l\u2019arte, specialmente quella sacra, ed \u00e8 cominciata la sua produzione di \u201ccose belle\u201d: \u201cNon ho riscontro con il grande pubblico ma solo da conoscenti, e di qualcuno, anche entusiasta, che mi incoraggia\u2026 avrei potuto allestire una mostra in Sinistra Piave, ma il Covid 19 ha bloccato tutto; resto fiducioso\u2026 non mancher\u00e0 occasione\u2026\u201d. L\u2019artista alpagoto-feltrino tiene a sottolineare che: \u201cdipingo per passione e diletto e per impegnarmi mentalmente cosa che reputo molto importante di questi tempi\u2026 cerco di visitare i luoghi \u2013 specie come ho gi\u00f9 avuto modo di dire in altre occasioni, in Sinistra Piave, Mel, Bardies, Colder\u00f9, Villapiana, l\u2019eremo di San Donato sopra Ronchena, Cesana, Umin\u2026 che contengono autentici tesori d&#8217;arte; scatto foto, studio i personaggi, scelgo, dipingo&#8230; I luoghi dove possiamo trovare affreschi, pale, dipinti sono palazzi e chiese: i primi se sono di propriet\u00e0 privata non sono accessibili; se invece sono di propriet\u00e0 pubblica, spesso autentici tesori con opere eseguite dai migliori pittori dell&#8217;epoca (penso alla sinistra Piave, a tutte le opere della famiglia di Antonio Rosso e dei figli Giovanni e Marco da Mel) concludo mestamente che non sono valorizzati perch\u00e9 poco conosciuti\u2026\u201d. Nella sua produzione artistica Bona utilizza una tecnica che definisce molto insolita (per non dire unica) dipinge infatti con colori ad acquerello su supporto di ceramica grezza cosiddetta &#8220;biscotto&#8221;, stesso materiale che, se dipinto con colori ossidi e successivamente cristallizzati in bagno di vetro liquido, andrebbero poi cotti in forno a circa 1.000 gradi \u201cio invece, una volta dipinti, proteggo i colori con strato di cera d&#8217;api pura per la conservazione. La tecnica \u00e8 veloce nel senso che il colore viene assorbito in un paio di secondi ed \u00e8 impossibile, nel caso di errore, rimediare in quanto non si pu\u00f2 \u2018passare sopra\u2019 come con i colori ad olio: la tecnica assomiglia molto all&#8217;affresco\u201d. Detto che \u201cIn famiglia ho un fratello che abita a Milano che per il passato ha frequentato l&#8217;accademia Brera, ma poi ha smesso (incomprensibilmente), ed un cugino che ora per\u00f2 dipinge usando tecniche moderne con computer\u201d Bona tiene a sottolineare che \u201cAndando oltre la passione personale il mio vorrebbe essere un messaggio soprattutto alla \u2018politica\u2019 per dire che abbiamo autentici tesori nella nostra provincia, che non riusciamo a far conoscere neanche al vicino di casa e che potrebbero invece essere autentica fonte di lavoro ed economia garantita; basti pensare che alla fine di un percorso guidato qualsiasi si potrebbero far degustare i prodotti locali con vendita degli stessi, perch\u00e9 da buon enogastronomo so bene che un tour culturale finisce bene quando hai pranzato bene!; ma questo \u00e8 un tema che andrebbe approfondito&#8230; Certo \u00e8 che sono convinto che molti giovani potrebbero trovare in questo campo un\u2019 opportunit\u00e0 occupazionale&#8230;\u201d.<\/p>\n\n\t\t\t<style type='text\/css'>\n\t\t\t\t#gallery-1 {\n\t\t\t\t\tmargin: auto;\n\t\t\t\t}\n\t\t\t\t#gallery-1 .gallery-item {\n\t\t\t\t\tfloat: left;\n\t\t\t\t\tmargin-top: 10px;\n\t\t\t\t\ttext-align: center;\n\t\t\t\t\twidth: 25%;\n\t\t\t\t}\n\t\t\t\t#gallery-1 img {\n\t\t\t\t\tborder: 2px solid #cfcfcf;\n\t\t\t\t}\n\t\t\t\t#gallery-1 .gallery-caption {\n\t\t\t\t\tmargin-left: 0;\n\t\t\t\t}\n\t\t\t\t\/* see gallery_shortcode() in wp-includes\/media.php *\/\n\t\t\t<\/style>\n\t\t<div id='gallery-1' class='dt-gallery-container gallery galleryid-195879 gallery-columns-4 gallery-size-thumbnail'><dl class='gallery-item'>\n\t\t\t\t<dt class='gallery-icon portrait'>\n\t\t\t\t\t<a class=\"rollover rollover-zoom dt-pswp-item\" title=\"158361402_1150410935393273_677170915165926076_n\" data-dt-img-description=\"\" data-large_image_width=\"608\" data-large_image_height=\"1080\"href='https:\/\/www.radiopiu.net\/wordpress\/wp-content\/uploads\/2021\/03\/158361402_1150410935393273_677170915165926076_n.jpg'><img loading=\"lazy\" decoding=\"async\" width=\"150\" height=\"150\" src=\"https:\/\/www.radiopiu.net\/wordpress\/wp-content\/uploads\/2021\/03\/158361402_1150410935393273_677170915165926076_n-150x150.jpg\" class=\"attachment-thumbnail size-thumbnail\" alt=\"\" \/><\/a>\n\t\t\t\t<\/dt><\/dl><dl class='gallery-item'>\n\t\t\t\t<dt class='gallery-icon portrait'>\n\t\t\t\t\t<a class=\"rollover rollover-zoom dt-pswp-item\" title=\"158353112_167481788476499_3534851226770578032_n\" data-dt-img-description=\"\" data-large_image_width=\"371\" data-large_image_height=\"382\"href='https:\/\/www.radiopiu.net\/wordpress\/wp-content\/uploads\/2021\/03\/158353112_167481788476499_3534851226770578032_n.jpg'><img loading=\"lazy\" decoding=\"async\" width=\"150\" height=\"150\" src=\"https:\/\/www.radiopiu.net\/wordpress\/wp-content\/uploads\/2021\/03\/158353112_167481788476499_3534851226770578032_n-150x150.jpg\" class=\"attachment-thumbnail size-thumbnail\" alt=\"\" \/><\/a>\n\t\t\t\t<\/dt><\/dl><dl class='gallery-item'>\n\t\t\t\t<dt class='gallery-icon landscape'>\n\t\t\t\t\t<a class=\"rollover rollover-zoom dt-pswp-item\" title=\"158639744_2000855686757671_8054854935970843867_n\" data-dt-img-description=\"\" data-large_image_width=\"1047\" data-large_image_height=\"1034\"href='https:\/\/www.radiopiu.net\/wordpress\/wp-content\/uploads\/2021\/03\/158639744_2000855686757671_8054854935970843867_n.jpg'><img loading=\"lazy\" decoding=\"async\" width=\"150\" height=\"150\" src=\"https:\/\/www.radiopiu.net\/wordpress\/wp-content\/uploads\/2021\/03\/158639744_2000855686757671_8054854935970843867_n-150x150.jpg\" class=\"attachment-thumbnail size-thumbnail\" alt=\"\" \/><\/a>\n\t\t\t\t<\/dt><\/dl><dl class='gallery-item'>\n\t\t\t\t<dt class='gallery-icon portrait'>\n\t\t\t\t\t<a class=\"rollover rollover-zoom dt-pswp-item\" title=\"158582277_258058575907859_44994646553984917_n\" data-dt-img-description=\"\" data-large_image_width=\"1080\" data-large_image_height=\"1440\"href='https:\/\/www.radiopiu.net\/wordpress\/wp-content\/uploads\/2021\/03\/158582277_258058575907859_44994646553984917_n.jpg'><img loading=\"lazy\" decoding=\"async\" width=\"150\" height=\"150\" src=\"https:\/\/www.radiopiu.net\/wordpress\/wp-content\/uploads\/2021\/03\/158582277_258058575907859_44994646553984917_n-150x150.jpg\" class=\"attachment-thumbnail size-thumbnail\" alt=\"\" \/><\/a>\n\t\t\t\t<\/dt><\/dl><br style=\"clear: both\" \/><dl class='gallery-item'>\n\t\t\t\t<dt class='gallery-icon portrait'>\n\t\t\t\t\t<a class=\"rollover rollover-zoom dt-pswp-item\" title=\"158838760_3901257449931334_63270098923657198_n\" data-dt-img-description=\"\" data-large_image_width=\"1080\" data-large_image_height=\"1373\"href='https:\/\/www.radiopiu.net\/wordpress\/wp-content\/uploads\/2021\/03\/158838760_3901257449931334_63270098923657198_n.jpg'><img loading=\"lazy\" decoding=\"async\" width=\"150\" height=\"150\" src=\"https:\/\/www.radiopiu.net\/wordpress\/wp-content\/uploads\/2021\/03\/158838760_3901257449931334_63270098923657198_n-150x150.jpg\" class=\"attachment-thumbnail size-thumbnail\" alt=\"\" \/><\/a>\n\t\t\t\t<\/dt><\/dl><dl class='gallery-item'>\n\t\t\t\t<dt class='gallery-icon portrait'>\n\t\t\t\t\t<a class=\"rollover rollover-zoom dt-pswp-item\" title=\"158786532_450618909506829_4235623405922397546_n\" data-dt-img-description=\"\" data-large_image_width=\"1065\" data-large_image_height=\"1383\"href='https:\/\/www.radiopiu.net\/wordpress\/wp-content\/uploads\/2021\/03\/158786532_450618909506829_4235623405922397546_n.jpg'><img loading=\"lazy\" decoding=\"async\" width=\"150\" height=\"150\" src=\"https:\/\/www.radiopiu.net\/wordpress\/wp-content\/uploads\/2021\/03\/158786532_450618909506829_4235623405922397546_n-150x150.jpg\" class=\"attachment-thumbnail size-thumbnail\" alt=\"\" \/><\/a>\n\t\t\t\t<\/dt><\/dl><dl class='gallery-item'>\n\t\t\t\t<dt class='gallery-icon landscape'>\n\t\t\t\t\t<a class=\"rollover rollover-zoom dt-pswp-item\" title=\"158612234_491036602259503_1423811146899813370_n\" data-dt-img-description=\"\" data-large_image_width=\"1080\" data-large_image_height=\"1080\"href='https:\/\/www.radiopiu.net\/wordpress\/wp-content\/uploads\/2021\/03\/158612234_491036602259503_1423811146899813370_n.jpg'><img loading=\"lazy\" decoding=\"async\" width=\"150\" height=\"150\" src=\"https:\/\/www.radiopiu.net\/wordpress\/wp-content\/uploads\/2021\/03\/158612234_491036602259503_1423811146899813370_n-150x150.jpg\" class=\"attachment-thumbnail size-thumbnail\" alt=\"\" srcset=\"https:\/\/www.radiopiu.net\/wordpress\/wp-content\/uploads\/2021\/03\/158612234_491036602259503_1423811146899813370_n-150x150.jpg 150w, https:\/\/www.radiopiu.net\/wordpress\/wp-content\/uploads\/2021\/03\/158612234_491036602259503_1423811146899813370_n-300x300.jpg 300w, https:\/\/www.radiopiu.net\/wordpress\/wp-content\/uploads\/2021\/03\/158612234_491036602259503_1423811146899813370_n-1024x1024.jpg 1024w, https:\/\/www.radiopiu.net\/wordpress\/wp-content\/uploads\/2021\/03\/158612234_491036602259503_1423811146899813370_n-768x768.jpg 768w, https:\/\/www.radiopiu.net\/wordpress\/wp-content\/uploads\/2021\/03\/158612234_491036602259503_1423811146899813370_n.jpg 1080w\" sizes=\"auto, (max-width: 150px) 100vw, 150px\" \/><\/a>\n\t\t\t\t<\/dt><\/dl><dl class='gallery-item'>\n\t\t\t\t<dt class='gallery-icon portrait'>\n\t\t\t\t\t<a class=\"rollover rollover-zoom dt-pswp-item\" title=\"158651519_913277866163081_2002636572279617432_n\" data-dt-img-description=\"\" data-large_image_width=\"608\" data-large_image_height=\"1080\"href='https:\/\/www.radiopiu.net\/wordpress\/wp-content\/uploads\/2021\/03\/158651519_913277866163081_2002636572279617432_n.jpg'><img loading=\"lazy\" decoding=\"async\" width=\"150\" height=\"150\" src=\"https:\/\/www.radiopiu.net\/wordpress\/wp-content\/uploads\/2021\/03\/158651519_913277866163081_2002636572279617432_n-150x150.jpg\" class=\"attachment-thumbnail size-thumbnail\" alt=\"\" \/><\/a>\n\t\t\t\t<\/dt><\/dl><br style=\"clear: both\" \/>\n\t\t\t<\/div>\n\n<p>NELLE FOTO (archivio Fabio Bona): l\u2019artista alpagoto-feltrino impegnato nelle sue apprezzate creazioni; &#8220;opere&#8221; che lo hanno ispirato e che sono state realizzate: in buona sostanza miniature in quanto hanno dimensioni massime di 25&#215;32 e le acquasantiere altezza massima di 18: Sacra Famiglia di Luigi Cima nell\u2019arcipretale di Mel; Sant\u2019Antonio incontra Sant\u2019Ilarione, chiesa di Bardies; particolare dalla chiesa del Follo di Mel; particolare della pala della chiesa di San Gregorio nelle Alpi; chiesa di Umin: particolare di presule; San Pietro dal sacello di Umin; Santa Maria delle Grazie a Caprile.<\/p>\n","protected":false},"excerpt":{"rendered":"<p>di Renato Bona Siamo convinti che se un giorno qualcuno si facesse carico di aggiornare il libro \u201cPersonaggi illustri dell\u2019Alpago e Ponte nelle Alpi\u201d, del maestro Mario De Nale (stampato dalla bellunese tipografia Piave nell\u2019agosto 1978, ad iniziativa del Centro sociale di educazione permanente di Tambre e dell\u2019allora Associazione emigranti bellunesi, anche per celebrare il&hellip;<\/p>\n","protected":false},"author":4,"featured_media":195886,"comment_status":"closed","ping_status":"closed","sticky":false,"template":"","format":"standard","meta":{"_monsterinsights_skip_tracking":false,"_monsterinsights_sitenote_active":false,"_monsterinsights_sitenote_note":"","_monsterinsights_sitenote_category":0,"footnotes":""},"categories":[104,49],"tags":[],"class_list":["post-195879","post","type-post","status-publish","format-standard","has-post-thumbnail","hentry","category-evidenza_3","category-news-18","category-104","category-49","description-off"],"img_url":"https:\/\/www.radiopiu.net\/wordpress\/wp-content\/uploads\/2021\/03\/158582277_258058575907859_44994646553984917_n.jpg","_links":{"self":[{"href":"https:\/\/www.radiopiu.net\/wordpress\/wp-json\/wp\/v2\/posts\/195879","targetHints":{"allow":["GET"]}}],"collection":[{"href":"https:\/\/www.radiopiu.net\/wordpress\/wp-json\/wp\/v2\/posts"}],"about":[{"href":"https:\/\/www.radiopiu.net\/wordpress\/wp-json\/wp\/v2\/types\/post"}],"author":[{"embeddable":true,"href":"https:\/\/www.radiopiu.net\/wordpress\/wp-json\/wp\/v2\/users\/4"}],"replies":[{"embeddable":true,"href":"https:\/\/www.radiopiu.net\/wordpress\/wp-json\/wp\/v2\/comments?post=195879"}],"version-history":[{"count":0,"href":"https:\/\/www.radiopiu.net\/wordpress\/wp-json\/wp\/v2\/posts\/195879\/revisions"}],"wp:featuredmedia":[{"embeddable":true,"href":"https:\/\/www.radiopiu.net\/wordpress\/wp-json\/wp\/v2\/media\/195886"}],"wp:attachment":[{"href":"https:\/\/www.radiopiu.net\/wordpress\/wp-json\/wp\/v2\/media?parent=195879"}],"wp:term":[{"taxonomy":"category","embeddable":true,"href":"https:\/\/www.radiopiu.net\/wordpress\/wp-json\/wp\/v2\/categories?post=195879"},{"taxonomy":"post_tag","embeddable":true,"href":"https:\/\/www.radiopiu.net\/wordpress\/wp-json\/wp\/v2\/tags?post=195879"}],"curies":[{"name":"wp","href":"https:\/\/api.w.org\/{rel}","templated":true}]}}