{"id":195939,"date":"2021-03-10T06:00:05","date_gmt":"2021-03-10T05:00:05","guid":{"rendered":"https:\/\/www.radiopiu.net\/wordpress\/?p=195939"},"modified":"2021-03-10T12:09:19","modified_gmt":"2021-03-10T11:09:19","slug":"giornale-radiopiu-10-marzo-2021-direttore-mirko-mezzacasa","status":"publish","type":"post","link":"https:\/\/www.radiopiu.net\/wordpress\/giornale-radiopiu-10-marzo-2021-direttore-mirko-mezzacasa\/","title":{"rendered":"GIORNALE RADIOPIU 10 MARZO 2021 DIRETTORE MIRKO MEZZACASA"},"content":{"rendered":"<h3><a href=\"https:\/\/www.radiopiu.net\/wordpress\/giornale-radiopiu-24-gennaio-2021-direttore-mirko-mezzacasa\/141433770_171616291414874_2957460898102012198_n\/\" rel=\"attachment wp-att-186566\"><img loading=\"lazy\" decoding=\"async\" class=\"wp-image-186566 alignleft\" src=\"https:\/\/www.radiopiu.net\/wordpress\/wp-content\/uploads\/2021\/01\/141433770_171616291414874_2957460898102012198_n-300x300.jpg\" alt=\"\" width=\"144\" height=\"144\" srcset=\"https:\/\/www.radiopiu.net\/wordpress\/wp-content\/uploads\/2021\/01\/141433770_171616291414874_2957460898102012198_n-300x300.jpg 300w, https:\/\/www.radiopiu.net\/wordpress\/wp-content\/uploads\/2021\/01\/141433770_171616291414874_2957460898102012198_n-150x150.jpg 150w, https:\/\/www.radiopiu.net\/wordpress\/wp-content\/uploads\/2021\/01\/141433770_171616291414874_2957460898102012198_n-768x768.jpg 768w, https:\/\/www.radiopiu.net\/wordpress\/wp-content\/uploads\/2021\/01\/141433770_171616291414874_2957460898102012198_n.jpg 800w\" sizes=\"auto, (max-width: 144px) 100vw, 144px\" \/><\/a>PER<strong> RICEVERE QUESTO NOTIZIARIO DIRETTAMENTE SUL TUO CELLULARE ISCRIVITI AL CANALE TELEGRAM <\/strong><strong>\u201cRADIO PIU\u00a0 INFORMAZIONE&#8221;\u00a0<\/strong><\/h3>\n<h3>SUPERATI I 3000 ISCRITTI, il CANALE TELEGRAM&#8230; UNISCITI A: RADIO PIU INFORMAZIONE<\/h3>\n<p>&nbsp;<\/p>\n<p>&nbsp;<\/p>\n<p><em><a href=\"https:\/\/www.radiopiu.net\/wordpress\/giornale-radiopiu-24-gennaio-2021-direttore-mirko-mezzacasa\/79216601_126817312416448_708980208774483089_n\/\" rel=\"attachment wp-att-186567\"><img loading=\"lazy\" decoding=\"async\" class=\"size-medium wp-image-186567 alignright\" src=\"https:\/\/www.radiopiu.net\/wordpress\/wp-content\/uploads\/2021\/01\/79216601_126817312416448_708980208774483089_n-300x114.jpg\" alt=\"\" width=\"300\" height=\"114\" srcset=\"https:\/\/www.radiopiu.net\/wordpress\/wp-content\/uploads\/2021\/01\/79216601_126817312416448_708980208774483089_n-300x114.jpg 300w, https:\/\/www.radiopiu.net\/wordpress\/wp-content\/uploads\/2021\/01\/79216601_126817312416448_708980208774483089_n-768x292.jpg 768w, https:\/\/www.radiopiu.net\/wordpress\/wp-content\/uploads\/2021\/01\/79216601_126817312416448_708980208774483089_n.jpg 820w\" sizes=\"auto, (max-width: 300px) 100vw, 300px\" \/><\/a><span style=\"color: #ff0000;\">ATTENZIONE: LA NUOVA APP PER IOS-IPHONE di Nicola Vettorello <\/span><\/em><a href=\"https:\/\/apps.apple.com\/it\/app\/radio-pi%C3%B9-emittente-agordina\/id1515939845\">https:\/\/apps.apple.com\/it\/app\/radio-pi%C3%B9-emittente-agordina\/id1515939845<\/a><\/p>\n<p><em style=\"color: #ff0000;\">ATTENZIONE: LA NUOVA APP RADIO\u00a0 PER ANDROID di Nicola Vettorello<\/em><\/p>\n<p><a href=\"https:\/\/play.google.com\/store\/apps\/details?id=net.radiopiu.iniko\" target=\"_blank\" rel=\"noopener noreferrer\">https:\/\/play.google.com\/store\/apps\/details?id=net.radiopiu.iniko\u00a0\u00a0<\/a><\/p>\n<p>&nbsp;<\/p>\n<hr \/>\n<p>&nbsp;<\/p>\n<h2 style=\"text-align: left;\">Il Presidente della Repubblica Sergio Mattarella si \u00e8 sottoposto alla vaccinazione anti-covid all&#8217;Istituto Spallanzani<\/h2>\n<p><a href=\"https:\/\/www.radiopiu.net\/wordpress\/giornale-radiopiu-10-marzo-2021-direttore-mirko-mezzacasa\/c4a15129-cee9-499a-9e23-0ad705e4fdb4\/\" rel=\"attachment wp-att-196122\"><img loading=\"lazy\" decoding=\"async\" class=\" wp-image-196122 aligncenter\" src=\"https:\/\/www.radiopiu.net\/wordpress\/wp-content\/uploads\/2021\/03\/c4a15129-cee9-499a-9e23-0ad705e4fdb4-300x219.jpg\" alt=\"\" width=\"500\" height=\"365\" srcset=\"https:\/\/www.radiopiu.net\/wordpress\/wp-content\/uploads\/2021\/03\/c4a15129-cee9-499a-9e23-0ad705e4fdb4-300x219.jpg 300w, https:\/\/www.radiopiu.net\/wordpress\/wp-content\/uploads\/2021\/03\/c4a15129-cee9-499a-9e23-0ad705e4fdb4.jpg 320w\" sizes=\"auto, (max-width: 500px) 100vw, 500px\" \/><\/a><\/p>\n<hr \/>\n<p>&nbsp;<\/p>\n<p><span style=\"color: #ff0000;\">SAN TOMASO -VERTIK AREA<\/span><\/p>\n<p><strong><em>AUGURI ALL&#8217;ARTISTA PAOLO MORO CHE IERI HA FESTEGGIATO IL COMPLEANNO, LO SCULTORE E&#8217; IMPEGNATO ANCHE A SAN TOMASO AGORDINO &#8211; IMPIANTI IN LOCALITA&#8217; PIAN &#8211; DOVE STA REALIZZANDO UNA SUA OPERA NEL LEGNO DI VAIA.<\/em><\/strong><\/p>\n\n\t\t\t<style type='text\/css'>\n\t\t\t\t#gallery-1 {\n\t\t\t\t\tmargin: auto;\n\t\t\t\t}\n\t\t\t\t#gallery-1 .gallery-item {\n\t\t\t\t\tfloat: left;\n\t\t\t\t\tmargin-top: 10px;\n\t\t\t\t\ttext-align: center;\n\t\t\t\t\twidth: 20%;\n\t\t\t\t}\n\t\t\t\t#gallery-1 img {\n\t\t\t\t\tborder: 2px solid #cfcfcf;\n\t\t\t\t}\n\t\t\t\t#gallery-1 .gallery-caption {\n\t\t\t\t\tmargin-left: 0;\n\t\t\t\t}\n\t\t\t\t\/* see gallery_shortcode() in wp-includes\/media.php *\/\n\t\t\t<\/style>\n\t\t<div id='gallery-1' class='dt-gallery-container gallery galleryid-195939 gallery-columns-5 gallery-size-thumbnail'><dl class='gallery-item'>\n\t\t\t\t<dt class='gallery-icon portrait'>\n\t\t\t\t\t<a class=\"rollover rollover-zoom dt-pswp-item\" title=\"be0b9684-24e1-474c-8530-78cb0ce46f51\" data-dt-img-description=\"\" data-large_image_width=\"768\" data-large_image_height=\"1024\"href='https:\/\/www.radiopiu.net\/wordpress\/wp-content\/uploads\/2021\/03\/be0b9684-24e1-474c-8530-78cb0ce46f51.jpg'><img loading=\"lazy\" decoding=\"async\" width=\"150\" height=\"150\" src=\"https:\/\/www.radiopiu.net\/wordpress\/wp-content\/uploads\/2021\/03\/be0b9684-24e1-474c-8530-78cb0ce46f51-150x150.jpg\" class=\"attachment-thumbnail size-thumbnail\" alt=\"\" \/><\/a>\n\t\t\t\t<\/dt><\/dl><dl class='gallery-item'>\n\t\t\t\t<dt class='gallery-icon portrait'>\n\t\t\t\t\t<a class=\"rollover rollover-zoom dt-pswp-item\" title=\"79fe4caa-fce2-4f2a-bc54-1bd71e405874\" data-dt-img-description=\"\" data-large_image_width=\"768\" data-large_image_height=\"1024\"href='https:\/\/www.radiopiu.net\/wordpress\/wp-content\/uploads\/2021\/03\/79fe4caa-fce2-4f2a-bc54-1bd71e405874.jpg'><img loading=\"lazy\" decoding=\"async\" width=\"150\" height=\"150\" src=\"https:\/\/www.radiopiu.net\/wordpress\/wp-content\/uploads\/2021\/03\/79fe4caa-fce2-4f2a-bc54-1bd71e405874-150x150.jpg\" class=\"attachment-thumbnail size-thumbnail\" alt=\"\" \/><\/a>\n\t\t\t\t<\/dt><\/dl><dl class='gallery-item'>\n\t\t\t\t<dt class='gallery-icon portrait'>\n\t\t\t\t\t<a class=\"rollover rollover-zoom dt-pswp-item\" title=\"a5ad9f14-3e7f-4e85-ad3b-ff773d592c7f\" data-dt-img-description=\"\" data-large_image_width=\"768\" data-large_image_height=\"1024\"href='https:\/\/www.radiopiu.net\/wordpress\/wp-content\/uploads\/2021\/03\/a5ad9f14-3e7f-4e85-ad3b-ff773d592c7f.jpg'><img loading=\"lazy\" decoding=\"async\" width=\"150\" height=\"150\" src=\"https:\/\/www.radiopiu.net\/wordpress\/wp-content\/uploads\/2021\/03\/a5ad9f14-3e7f-4e85-ad3b-ff773d592c7f-150x150.jpg\" class=\"attachment-thumbnail size-thumbnail\" alt=\"\" \/><\/a>\n\t\t\t\t<\/dt><\/dl><dl class='gallery-item'>\n\t\t\t\t<dt class='gallery-icon portrait'>\n\t\t\t\t\t<a class=\"rollover rollover-zoom dt-pswp-item\" title=\"3f1a4dfc-2c22-4734-b379-5a15f1db19ff\" data-dt-img-description=\"\" data-large_image_width=\"768\" data-large_image_height=\"1024\"href='https:\/\/www.radiopiu.net\/wordpress\/wp-content\/uploads\/2021\/03\/3f1a4dfc-2c22-4734-b379-5a15f1db19ff.jpg'><img loading=\"lazy\" decoding=\"async\" width=\"150\" height=\"150\" src=\"https:\/\/www.radiopiu.net\/wordpress\/wp-content\/uploads\/2021\/03\/3f1a4dfc-2c22-4734-b379-5a15f1db19ff-150x150.jpg\" class=\"attachment-thumbnail size-thumbnail\" alt=\"\" \/><\/a>\n\t\t\t\t<\/dt><\/dl><dl class='gallery-item'>\n\t\t\t\t<dt class='gallery-icon landscape'>\n\t\t\t\t\t<a class=\"rollover rollover-zoom dt-pswp-item\" title=\"7eefcfff-c83e-47a0-a889-3bf6c7ca3f81\" data-dt-img-description=\"\" data-large_image_width=\"1024\" data-large_image_height=\"768\"href='https:\/\/www.radiopiu.net\/wordpress\/wp-content\/uploads\/2021\/03\/7eefcfff-c83e-47a0-a889-3bf6c7ca3f81.jpg'><img loading=\"lazy\" decoding=\"async\" width=\"150\" height=\"150\" src=\"https:\/\/www.radiopiu.net\/wordpress\/wp-content\/uploads\/2021\/03\/7eefcfff-c83e-47a0-a889-3bf6c7ca3f81-150x150.jpg\" class=\"attachment-thumbnail size-thumbnail\" alt=\"\" \/><\/a>\n\t\t\t\t<\/dt><\/dl><br style=\"clear: both\" \/>\n\t\t\t<\/div>\n\n<p>&nbsp;<\/p>\n<hr \/>\n<p>&nbsp;<\/p>\n<blockquote>\n<h2 style=\"text-align: center;\">L&#8217;ULTIMO SALUTO A KATIA&#8230;IL RINGRAZIAMENTO DELLA FAMIGLIA<\/h2>\n<\/blockquote>\n<p><strong><a href=\"https:\/\/www.radiopiu.net\/wordpress\/giornale-radiopiu-10-marzo-2021-direttore-mirko-mezzacasa\/37203275_2516581888367242_3199965207791140864_n\/\" rel=\"attachment wp-att-196066\"><img loading=\"lazy\" decoding=\"async\" class=\" wp-image-196066 alignleft\" src=\"https:\/\/www.radiopiu.net\/wordpress\/wp-content\/uploads\/2021\/03\/37203275_2516581888367242_3199965207791140864_n-300x300.jpg\" alt=\"\" width=\"89\" height=\"89\" srcset=\"https:\/\/www.radiopiu.net\/wordpress\/wp-content\/uploads\/2021\/03\/37203275_2516581888367242_3199965207791140864_n-300x300.jpg 300w, https:\/\/www.radiopiu.net\/wordpress\/wp-content\/uploads\/2021\/03\/37203275_2516581888367242_3199965207791140864_n-150x150.jpg 150w, https:\/\/www.radiopiu.net\/wordpress\/wp-content\/uploads\/2021\/03\/37203275_2516581888367242_3199965207791140864_n.jpg 687w\" sizes=\"auto, (max-width: 89px) 100vw, 89px\" \/><\/a>AGORDO<\/strong> Si sono svolti ieri mattina nella chiesa arcidiaconale di Agordo i funerali di Katia Moretti. La famiglia di Katia vuole ringraziare tutte le persone che in qualche modo hanno partecipato e manifestato la propria vicinanza. Il medico di base, gli infermieri del servizio domiciliare A.D.I.M.E.D, Luxottica, i colleghi di lavoro, gli amici, i compagni di scuola, i parenti tutti, gli amici del Halley Racing Team, Radio Pi\u00f9, la stampa locale, Don Cesare e il servizio di onoranze Funebri De Toffol. A tutti loro un commosso abbraccio.<\/p>\n<p>&nbsp;<\/p>\n<p>&nbsp;<\/p>\n<hr \/>\n<p>&nbsp;<\/p>\n<blockquote>\n<h2>GALLERIA COMELICO, PROROGATA L&#8217;ORDINANZA DI CHIUSURA NOTTURNA<\/h2>\n<\/blockquote>\n<blockquote>\n<h3><em><img loading=\"lazy\" decoding=\"async\" class=\"alignleft\" src=\"https:\/\/www.radiopiu.net\/wordpress\/wp-content\/uploads\/2020\/05\/VENETO-STRADE-300x300.png\" width=\"123\" height=\"123\" \/>PROCEDONO I RILIEVI\u00a0PRESSO LA GALLERIA COMELICO SULLA SS 52 IN PROVINCIA DI BELLUNO<\/em><\/h3>\n<\/blockquote>\n<p>Per consentire l\u2019avanzamento delle indagini geognostiche e geofisiche nella galleria Comelico, sono state programmate nuove limitazioni temporanee al transito lungo la strada statale 52 \u201cCarnica\u201d. Da oggi e fino a venerd\u00ec 19 marzo, nella fascia 21:15- 5:45, giorni festivi esclusi, sar\u00e0 chiusa al transito la galleria Comelico, dal km 81 al km 85. Il traffico veicolare sar\u00e0 deviato sulla SP 532 Passo S. Antonio; i mezzi pesanti trainanti un rimorchio saranno invece deviati sulla SR 48 delle Dolomiti e sulla SP 49 Misurina.<\/p>\n<p>&nbsp;<\/p>\n<p>&nbsp;<\/p>\n<hr \/>\n<p>&nbsp;<\/p>\n<p><strong>PROVINCIALE 2, VALLE DEL MIS KM 9 -14 SOSPIROLO DAL 10 AL 30 MARZO<\/strong> dalle 7.30 alle 17.30, sabato e domenica esclusi, senso unico alternato regolato da movieri o a vista, tratti di 100 metri. Ripristino reti lato strada.<\/p>\n<p><strong>PROVINCIALE 8 DI SAN TOMASO<\/strong>,\u00a0In localit\u00e0 Coi per la\u00a0 messa in sicurezza della strada, senso unico alternato regolato da movieri dalle 8 alle 17, dal lunedi al venerdi\u00a0 e brevi interruzioni fino a 20 minuti dalle 8 alle 12 e dalle 13.30 alle 17.\u00a0 Fino al 18 marzo.<\/p>\n<p>&nbsp;<\/p>\n<hr \/>\n<p>&nbsp;<\/p>\n<p><strong><a href=\"https:\/\/www.radiopiu.net\/wordpress\/giornale-radiopiu-09-agosto-2018-direttore-mirko-mezzacasa\/acqua\/\" rel=\"attachment wp-att-57052\"><img loading=\"lazy\" decoding=\"async\" class=\" wp-image-57052 alignleft\" src=\"https:\/\/www.radiopiu.net\/wordpress\/wp-content\/uploads\/2018\/08\/ACQUA-300x180.jpeg\" alt=\"\" width=\"253\" height=\"152\" srcset=\"https:\/\/www.radiopiu.net\/wordpress\/wp-content\/uploads\/2018\/08\/ACQUA-300x180.jpeg 300w, https:\/\/www.radiopiu.net\/wordpress\/wp-content\/uploads\/2018\/08\/ACQUA-768x461.jpeg 768w, https:\/\/www.radiopiu.net\/wordpress\/wp-content\/uploads\/2018\/08\/ACQUA-1024x614.jpeg 1024w, https:\/\/www.radiopiu.net\/wordpress\/wp-content\/uploads\/2018\/08\/ACQUA.jpeg 1280w\" sizes=\"auto, (max-width: 253px) 100vw, 253px\" \/><\/a><\/strong><strong>A RIVAMONTE AGORDINO nelle localit\u00e0 MIOTTE, ZENICH, MOTTES, ZEP-SCHENA, SARET, ROSTE, PALUCH, GONA DI CONEDERA, PONTE ALTO, LONIE, SANTEL, ROSSON, VIA ROMA, VILLAGRANDE E TOS, l&#8217;acqua erogata dall&#8217;acquedotto non \u00e8 potabile e pu\u00f2 essere usata per scopi alimentari SOLO PREVIA bollitura.\u00a0<\/strong><\/p>\n<p>&nbsp;<\/p>\n<p><span style=\"color: #ff0000;\">\u00a0<strong>RIVAMONTE<\/strong> Per lavori alla rete idrica comunale, oggi\u00a0 dalle\u00a0 8:30 fino al termine dei lavori verr\u00e0 sospesa l\u2019erogazione dell\u2019acqua\u00a0 in localit\u00e0 Tos.<\/span><\/p>\n<p>&nbsp;<\/p>\n<p>&nbsp;<\/p>\n<hr \/>\n<p>&nbsp;<\/p>\n<blockquote>\n<h3>IL CONTAGIO AVANZA E DA VENERDI SCUOLE CHIUSE ANCHE A BELLUNO. BOOM DELLA VARIANTE INGLESE.<\/h3>\n<\/blockquote>\n<p><strong>IN PROVINCIA<\/strong>\u00a0 Sono 950 gli attualmente postiivi,\u00a0 nei Comuni del distretto di Belluno (119mila residenti, incidenza 251 per 100 mila abitanti), regge il distretto feltrino con 123 casi (popolazione 82mila)<\/p>\n<p><strong>SCUOLA<\/strong> Nel distretto 1 di Belluno (46 i Comuni interessati esclusa l&#8217;area del feltrino)\u00a0 \u00e8 stata superata la soglia dei 250 casi per 100 mila abitanti, ieri la dichiarazione dalla Regione: venerdi migliaia di ragazzi dalla seconda media all&#8217;ultimo anno delle superiori tornano alla didattica distanza <a href=\"https:\/\/www.radiopiu.net\/wordpress\/giornale-radiopiu-10-marzo-2021-direttore-mirko-mezzacasa\/159501109_1727974380737803_8885508349346343083_o\/\" rel=\"attachment wp-att-196172\"><img loading=\"lazy\" decoding=\"async\" class=\"size-medium wp-image-196172 alignleft\" src=\"https:\/\/www.radiopiu.net\/wordpress\/wp-content\/uploads\/2021\/03\/159501109_1727974380737803_8885508349346343083_o-215x300.jpg\" alt=\"\" width=\"215\" height=\"300\" srcset=\"https:\/\/www.radiopiu.net\/wordpress\/wp-content\/uploads\/2021\/03\/159501109_1727974380737803_8885508349346343083_o-215x300.jpg 215w, https:\/\/www.radiopiu.net\/wordpress\/wp-content\/uploads\/2021\/03\/159501109_1727974380737803_8885508349346343083_o-734x1024.jpg 734w, https:\/\/www.radiopiu.net\/wordpress\/wp-content\/uploads\/2021\/03\/159501109_1727974380737803_8885508349346343083_o-768x1072.jpg 768w, https:\/\/www.radiopiu.net\/wordpress\/wp-content\/uploads\/2021\/03\/159501109_1727974380737803_8885508349346343083_o.jpg 774w\" sizes=\"auto, (max-width: 215px) 100vw, 215px\" \/><\/a>(100 per cento). Stop alle scuole per evitare il collasso degli ospedali. <em>Alla luce della nuova ordinanza del Presidente della Regione Veneto &#8220;Misure urgenti in materia di contenimento e gestione dell&#8217;emergenza epidemiologica da virus Covid 19.<\/em><em>Ulteriori disposizioni in materia scolastica&#8221; , diffusa ieri sera, oggi l&#8217;Ulss Dolomiti valuter\u00e0 e adotter\u00e0 i provvedimenti conseguenti previsti. La richiesta dello Snals: tampone e quarantena per tutti se in classe c&#8217;\u00e8 anche solo un contagiato.<\/em><\/p>\n<blockquote><p><strong>IL PRESIDENTE LUCA ZAIA<\/strong> L\u2019ordinanza da me firmata in ottemperanza al Dpcm del 2 marzo, che prevede per i territori con incidenza dei contagi superiore a 250 casi su 100.000 abitanti il passaggio alla didattica a distanza al 100%, a partire dalla II Media.<\/p><\/blockquote>\n<p><strong>IN VENETO<\/strong> Cresce il contagio, in attesa del picco che secondo le stime dovrebbe arrivare alla fine di marzo. Nelle ultime 24 ore 1.526,\u00a0 \u00a0attualmente positivi\u00a0 30.022 (+620). Ieri 15\u00a0 decessi che portano a un totale di 10.018. In ospedale, dopo il +66 fatto registrare luned\u00ec, ieri\u00a0 altri 25 rivoceri\u00a0 e sono 1.319 i posti letto occupati negli ospedali del Veneto anche le terapie intensive aumentano di 4 unit\u00e0: da 158 a 162.<\/p>\n<blockquote>\n<h3>SONO 950 LE PERSONE ATTUALMENTE POSITIVE IN PROVINCIA DI BELLUNO. NESSUN DECESSO NELLE ULTIME 24 ORE<\/h3>\n<\/blockquote>\n<p><strong>BELLUNO <\/strong>Nelle ultime 24 ore non sono stati registrati decessi di persone covid positive in Ulss Dolomiti., 54 i nuovi positivi in provincia e 950 le persone attualmente positive.<\/p>\n<p><strong>Ricoveri \u00a0\u00a0\u00a0\u00a0\u00a0\u00a0\u00a0\u00a0\u00a0\u00a0\u00a0\u00a0\u00a0\u00a0\u00a0\u00a0\u00a0\u00a0\u00a0\u00a0\u00a0\u00a0\u00a0\u00a0\u00a0\u00a0\u00a0\u00a0\u00a0\u00a0\u00a0\u00a0\u00a0 <\/strong><\/p>\n<p><em>(dato alle ore 17.00 fonte: Azienda Zero)<\/em><\/p>\n<p>Le persone attualmente POSITIVE ricoverate negli ospedali dell\u2019Ulss Dolomiti sono:<\/p>\n<table>\n<tbody>\n<tr>\n<td width=\"217\"><strong>\u00a0<\/strong><\/td>\n<td width=\"217\"><strong>Area NON CRITICA<\/strong><\/td>\n<td width=\"217\"><strong>Terapia Intensiva<\/strong><\/td>\n<\/tr>\n<tr>\n<td width=\"217\"><strong>Ospedale di Belluno <\/strong><\/td>\n<td width=\"217\">30<\/td>\n<td width=\"217\">3<\/td>\n<\/tr>\n<tr>\n<td width=\"217\"><strong>Ospedale di Feltre<\/strong><\/td>\n<td width=\"217\">12<\/td>\n<td width=\"217\">4<\/td>\n<\/tr>\n<\/tbody>\n<\/table>\n<p>&nbsp;<\/p>\n<p>Le persone attualmente POSITIVE ricoverate in Ospedale di Comunit\u00e0 sono:<\/p>\n<table>\n<tbody>\n<tr>\n<td width=\"326\"><strong>\u00a0<\/strong><\/td>\n<td width=\"326\"><strong>pazienti attualmente positivi<\/strong><\/td>\n<\/tr>\n<tr>\n<td width=\"326\"><strong>Ospedale di Comunit\u00e0 di BELLUNO<\/strong><\/td>\n<td width=\"326\">7<\/td>\n<\/tr>\n<tr>\n<td width=\"326\"><strong>Ospedale di Comunit\u00e0 di FELTRE<\/strong><\/td>\n<td width=\"326\">4<\/td>\n<\/tr>\n<\/tbody>\n<\/table>\n<p>&nbsp;<\/p>\n<p>La situazione attuale, preliminarmente segnalata ieri dal Servizio Epidemiologico Regionale, definisce un\u2019incidenza cumulativa settimanale di Covid su 100 mila abitanti nel Distretto di Belluno (ex Ulss di Belluno) attorno al valore soglia di 250. Alla luce di ci\u00f2, ed in attesa del dato strutturato previsto per oggi, il Dipartimento di Prevenzione ha pre-allertato i Sindaci afferenti al Distretto di Belluno in relazione ad un probabile provvedimento ordinativo di sospensione dell\u2019attivit\u00e0 scolastica e didattica in presenza a partire dal II anno della scuola secondaria di primo grado, provvedimento che dovr\u00e0 prevedere circa 48 ore di preavviso alle famiglie e una durata del periodo di sospensione di 14 giorni.<\/p>\n<p>&nbsp;<\/p>\n<hr \/>\n<p>&nbsp;<\/p>\n<blockquote>\n<h3>\u00a0LA VALLE FUORI DAL VIRUS PREOCCUPANTE AUMENTO DI CONTAGI IN VALLE DEL BIOIS, 25 POSITIVI A FALCADE (+6)<\/h3>\n<\/blockquote>\n<p style=\"padding-left: 40px;\"><strong><img loading=\"lazy\" decoding=\"async\" class=\"alignleft\" src=\"https:\/\/www.radiopiu.net\/wordpress\/wp-content\/uploads\/2021\/02\/Liliana-e-Michela-madre-e-figlia-alla-fontana-sulla-piazza-della-chiesa-di-La-Valle-3.jpeg\" width=\"187\" height=\"140\" \/>LA VALLE<\/strong> E&#8217; il sindaco Ezio Zuanel a dare la notizia, finalmente una positiva tra le tante negativit\u00e0 del momento pur parlando di positivit\u00e0. Ed \u00e8 una notizia perch\u00e8 molti forse lo ricorderaranno lo scorso marzo, un anno fa, a La Valle furono riscontrati i primi due casi di contagio nell&#8217;Agordino, poi seguirono gli altri a valanga.<\/p>\n<p style=\"padding-left: 40px;\">La Valle Agordina da ieri mattina \u00e8 covid free, <em>&#8220;C&#8217;era ancora una persona positiva da oltre un mese in tabella &#8211; dice il sindaco &#8211; da ieri\u00a0 mattina non c&#8217;\u00e8 pi\u00f9, perch\u00e9 negativizzata. Per ora il Comune \u00e8 covid free, ma l&#8217;invito a non abbassare la guardia, quello rimane&#8221;.<\/em><\/p>\n<p style=\"padding-left: 40px;\"><em>Le notizie comunicate dal sindaco di Falcade Michele Costa e Canale d&#8217;Agordo Flavio Colcergnan vanno invece in tutt&#8217;altra direzione, a <strong>Falcade<\/strong> 6 contagi in pi\u00f9 in 24 ore che portano il totale di nuovo a 29 (13 persone in isolamento), a <strong>Canale d&#8217;Agordo<\/strong>\u00a0 da zero contagi di pochi giorni fa ai 5 di ieri, altrettante le persone in isolamento. Il sindaco di <strong>Agordo<\/strong> Roberto Chissal\u00e8 ha comunicato i 12 positivi e 4 persone in isolamento, quattro persone in quarantena in meno rispetto a ieri. Stabile la situazione a <strong>Rocca Pietore <\/strong><\/em>1 positivo, 1 isolamento <em>&#8220;Mentre la provincia va verso un aumento progressivo dei contagi &#8211; dice Andrea De Bernardin &#8211;\u00a0 noi siamo in un momento quasi di &#8220;Covid free&#8221;. Ma direi che \u00e8 preferibile non cantare vittoria&#8230;.&#8221; <\/em><em>\u00a0e <strong>San Tomaso<\/strong> (2-2)<\/em><\/p>\n<p>foto archivio, <a href=\"https:\/\/www.facebook.com\/nico.tancon.1\">Nilo Tancon\u00a0<\/a><\/p>\n<p>&nbsp;<\/p>\n<p>&nbsp;<\/p>\n<hr \/>\n<p>&nbsp;<\/p>\n<blockquote>\n<h2>SCUOLE CHIUSE NEL DISTRETTO DI BELLUNO<\/h2>\n<\/blockquote>\n<p><strong><span style=\"color: #ff0000;\">MANUELA LANZARIN\u00a0<\/span><\/strong> Ieri in tabella c&#8217;erano i tre distretti, Asolo, Veneto Orientale e Bassa Padovana. Questa mattina prima delle 11 \u00e8 uscita la nuova tabellina\u00a0 con Belluno (distretto1) sopra i 250, quindi scatter\u00e0 la chiusura.<em> E&#8217; stata inviata un circolare ai direttori generali e ai dirigenti scolastici con le applicazioni, in 48 ore bisogna procedere alla chiusura delle scuole: seconda, terza media e superiori con imposizione della didattica a distanza<\/em> ha aggiunto l&#8217;assessore veneto alla sanit\u00e0. Il dato fa riferimento al solo distretto di Belluno non di Feltre (ieri era a 112). Considerate le 48 ore necessarie per avvisare studenti e famiglie la chiusura scatta venerdi\u00a0 <strong><span style=\"color: #ff0000;\">LUCA ZAIA<\/span><\/strong>:\u00a0 <b>&#8220;<\/b><em>Sono 23 i distretti sotto controllo, automaticamente ai 250 contagi ogni 100 mila abitanti le scuole verranno chiuse, lo dice il DPCM nazionale se qualcuno si fosse perso. Oggi non ci sono scuole chiuse, per prudenza abbiamo detto che saranno chiuse da gioved\u00ec&#8221;.<\/em> ha concluso il Presidente della Regione.<\/p>\n<p><strong>LA TABELLA<\/strong> \u00a0contiene per ogni distretto l\u2019indicazione dei casi relativamente al tasso d\u2019incidenza del 250 per 100.000 abitanti fissata a livello nazionale, oltre la quale risultano necessarie misure riguardanti il setting scolastico.<\/p>\n<a href=\"https:\/\/www.radiopiu.net\/wordpress\/wp-content\/uploads\/2021\/03\/2021.03.09-Distretti-1.pdf\" class=\"pdfemb-viewer\" style=\"\" data-width=\"max\" data-height=\"max\" data-toolbar=\"top\" data-toolbar-fixed=\"on\">2021.03.09 Distretti-1<\/a>\n<p>&nbsp;<\/p>\n<p><strong>L&#8217;ORDINANZA DI ZAIA (3 PAGINE)<\/strong><\/p>\n<a href=\"https:\/\/www.radiopiu.net\/wordpress\/wp-content\/uploads\/2021\/03\/OPGR-N.-36-del-9-marzo-2021-1-1.pdf\" class=\"pdfemb-viewer\" style=\"\" data-width=\"max\" data-height=\"max\" data-toolbar=\"top\" data-toolbar-fixed=\"on\">OPGR N. 36 del 9 marzo 2021 (1)-1<\/a>\n<p>&nbsp;<\/p>\n<hr \/>\n<p>&nbsp;<\/p>\n<blockquote>\n<h3>FURTO CON MINACCIA, 800 EURO ESTORTI COL COLTELLO<\/h3>\n<\/blockquote>\n<p><strong>FELTRE<\/strong>\u00a0 Sale la preoccupazione non solo per il numero di furti inarrestabile, ma anche per la sfacciataggine con cui il malvivente s&#8217;approccia alla vittima. Dai furti in appartamento con i proprietari oltre le mura di casa a quelli pi\u00f9 improbabili in pieno giorno, ora si aggiunge il furto con minaccia. E&#8217; successo a Foen, il giovane straniero si \u00e8 introdotto nell&#8217;abitazione di una signora di 76 anni semplicemente spingendo la porta che non era chiusa a chiave. Una volta all&#8217;interno ha minacciato la donna con un coltello facendosi consegnare monili\u00a0 in oro\u00a0 per 800 euro, poi in bicicletta si \u00e8 allontanato verso Feltre. I Carabinieri di Feltre hanno dato avvio alle indagini.<\/p>\n<p>&nbsp;<\/p>\n<hr \/>\n<p>&nbsp;<\/p>\n<blockquote>\n<h3>FURTO A VILLA PAT, RUBATO UN COMPUTER<\/h3>\n<\/blockquote>\n<p><strong>SEDICO<\/strong>\u00a0 Ennesimo furto con danneggiamenti\u00a0 a Villa Patt in gestione alla pro loco. Presa di mira la sede di Veneto Strade, \u00e8 stato asportato un computer, danneggiate le porte di accesso. Sull&#8217;ultimo episodio stanno eseguendo indagini i carabinieri della stazione di Sedico.<\/p>\n<p>&nbsp;<\/p>\n<hr \/>\n<p>&nbsp;<\/p>\n<blockquote>\n<h3>SOCCORSO SCIALPINISTA IN NEVEGAL<\/h3>\n<\/blockquote>\n<p><strong><img loading=\"lazy\" decoding=\"async\" class=\"alignleft\" src=\"https:\/\/www.radiopiu.net\/wordpress\/wp-content\/uploads\/2021\/03\/salt_20210309_112746_271.jpg\" width=\"173\" height=\"130\" \/>ALPAGO\u00a0<\/strong> Ieri attorno alle 10 l&#8217;elicottero del Suem di Pieve di Cadore \u00e8 stato inviato in Nevegal dove, 300 metri sotto il Rifugio Brigata Alpina Cadore, verso il Lago di Santa Croce, uno scialpinista era caduto in un avvallamento del terreno, riportando un probabile politrauma. Sbarcati in hovering equipe medica e tecnico di elisoccorso, all&#8217;infortunato, R.T., 53 anni, di Limana (BL), sono state prestate le prime cure. Imbarellato, lo sciatore \u00e8 stato recuperato con un verricello di 20 metri e trasportato all&#8217;ospedale di Belluno.<\/p>\n<p>&nbsp;<\/p>\n<hr \/>\n<p>&nbsp;<\/p>\n<blockquote>\n<h3>CADE DALL&#8217;ALBERO E SI FRATTURA LA GAMBA<\/h3>\n<\/blockquote>\n<p><strong>BELLUNO<\/strong> Un uomo B.G. 61 anni, di Belluno ieri sera alle 18 \u00e8 stato porato all&#8217;ospedale San Martino con una frattura alla gamba che si \u00e8 procurato potando i\u00a0 rami di una pianta. L&#8217;uomo ha improvvisamente perso l&#8217;equilibrio e ha fatto un volo di alcuni metri.\u00a0 L&#8217;allarme al 118 \u00e8 stato dati da familiari.<\/p>\n<p>&nbsp;<\/p>\n<p>&nbsp;<\/p>\n<hr \/>\n<p>&nbsp;<\/p>\n<blockquote>\n<h3>CAMINO A FUOCO, MA ARRIVANO I POMPIERI<\/h3>\n<\/blockquote>\n<p><strong>FELTRE<\/strong> I vigili del fuoco sono intervenuti\u00a0 in viale Pedavena\u00a0 per un incendio alla canna fumaria di un&#8217;abitazione. Il focolaio \u00e8 stato spento prima che potesse fare danni al tetto della casa.<\/p>\n<p>&nbsp;<\/p>\n<hr \/>\n<p>&nbsp;<\/p>\n<blockquote>\n<h3>CONTINUA L&#8217;OCCUPAZIONE DEL MUNICIPIO DI MEL DA PARTE DEI LAVORATORI DELLA ACC<\/h3>\n<\/blockquote>\n<p><strong>BORGO VALBELLUNA<\/strong> Continua l&#8217;occupazione del municipio di Mel da parte dei lavoratori Wanbao Acc per rilanciare assieme ai lavoratori Ex Embraco di Chieri il progetto Italcomp promesso dal Governo.<\/p>\n<div style=\"width: 640px;\" class=\"wp-video\"><video class=\"wp-video-shortcode\" id=\"video-195939-1\" width=\"640\" height=\"352\" preload=\"metadata\" controls=\"controls\"><source type=\"video\/mp4\" src=\"https:\/\/www.radiopiu.net\/wordpress\/wp-content\/uploads\/2021\/03\/WhatsApp-Video-2021-03-09-at-18.01.53.mp4?_=1\" \/><a href=\"https:\/\/www.radiopiu.net\/wordpress\/wp-content\/uploads\/2021\/03\/WhatsApp-Video-2021-03-09-at-18.01.53.mp4\">https:\/\/www.radiopiu.net\/wordpress\/wp-content\/uploads\/2021\/03\/WhatsApp-Video-2021-03-09-at-18.01.53.mp4<\/a><\/video><\/div>\n<p>&nbsp;<\/p>\n\n\t\t\t<style type='text\/css'>\n\t\t\t\t#gallery-2 {\n\t\t\t\t\tmargin: auto;\n\t\t\t\t}\n\t\t\t\t#gallery-2 .gallery-item {\n\t\t\t\t\tfloat: left;\n\t\t\t\t\tmargin-top: 10px;\n\t\t\t\t\ttext-align: center;\n\t\t\t\t\twidth: 25%;\n\t\t\t\t}\n\t\t\t\t#gallery-2 img {\n\t\t\t\t\tborder: 2px solid #cfcfcf;\n\t\t\t\t}\n\t\t\t\t#gallery-2 .gallery-caption {\n\t\t\t\t\tmargin-left: 0;\n\t\t\t\t}\n\t\t\t\t\/* see gallery_shortcode() in wp-includes\/media.php *\/\n\t\t\t<\/style>\n\t\t<div id='gallery-2' class='dt-gallery-container gallery galleryid-195939 gallery-columns-4 gallery-size-medium'><dl class='gallery-item'>\n\t\t\t\t<dt class='gallery-icon landscape'>\n\t\t\t\t\t<a class=\"rollover rollover-zoom dt-pswp-item\" title=\"763208d5-9f0c-4e58-82c5-7dd8722723b1\" data-dt-img-description=\"\" data-large_image_width=\"1984\" data-large_image_height=\"1488\"href='https:\/\/www.radiopiu.net\/wordpress\/wp-content\/uploads\/2021\/03\/763208d5-9f0c-4e58-82c5-7dd8722723b1.jpg'><img loading=\"lazy\" decoding=\"async\" width=\"300\" height=\"225\" src=\"https:\/\/www.radiopiu.net\/wordpress\/wp-content\/uploads\/2021\/03\/763208d5-9f0c-4e58-82c5-7dd8722723b1-300x225.jpg\" class=\"attachment-medium size-medium\" alt=\"\" srcset=\"https:\/\/www.radiopiu.net\/wordpress\/wp-content\/uploads\/2021\/03\/763208d5-9f0c-4e58-82c5-7dd8722723b1-300x225.jpg 300w, https:\/\/www.radiopiu.net\/wordpress\/wp-content\/uploads\/2021\/03\/763208d5-9f0c-4e58-82c5-7dd8722723b1-1024x768.jpg 1024w, https:\/\/www.radiopiu.net\/wordpress\/wp-content\/uploads\/2021\/03\/763208d5-9f0c-4e58-82c5-7dd8722723b1-768x576.jpg 768w, https:\/\/www.radiopiu.net\/wordpress\/wp-content\/uploads\/2021\/03\/763208d5-9f0c-4e58-82c5-7dd8722723b1-1536x1152.jpg 1536w, https:\/\/www.radiopiu.net\/wordpress\/wp-content\/uploads\/2021\/03\/763208d5-9f0c-4e58-82c5-7dd8722723b1.jpg 1984w\" sizes=\"auto, (max-width: 300px) 100vw, 300px\" \/><\/a>\n\t\t\t\t<\/dt><\/dl><dl class='gallery-item'>\n\t\t\t\t<dt class='gallery-icon landscape'>\n\t\t\t\t\t<a class=\"rollover rollover-zoom dt-pswp-item\" title=\"9eb4be25-fffc-4555-9fb7-65f4e706bf8f\" data-dt-img-description=\"\" data-large_image_width=\"1984\" data-large_image_height=\"1488\"href='https:\/\/www.radiopiu.net\/wordpress\/wp-content\/uploads\/2021\/03\/9eb4be25-fffc-4555-9fb7-65f4e706bf8f.jpg'><img loading=\"lazy\" decoding=\"async\" width=\"300\" height=\"225\" src=\"https:\/\/www.radiopiu.net\/wordpress\/wp-content\/uploads\/2021\/03\/9eb4be25-fffc-4555-9fb7-65f4e706bf8f-300x225.jpg\" class=\"attachment-medium size-medium\" alt=\"\" srcset=\"https:\/\/www.radiopiu.net\/wordpress\/wp-content\/uploads\/2021\/03\/9eb4be25-fffc-4555-9fb7-65f4e706bf8f-300x225.jpg 300w, https:\/\/www.radiopiu.net\/wordpress\/wp-content\/uploads\/2021\/03\/9eb4be25-fffc-4555-9fb7-65f4e706bf8f-1024x768.jpg 1024w, https:\/\/www.radiopiu.net\/wordpress\/wp-content\/uploads\/2021\/03\/9eb4be25-fffc-4555-9fb7-65f4e706bf8f-768x576.jpg 768w, https:\/\/www.radiopiu.net\/wordpress\/wp-content\/uploads\/2021\/03\/9eb4be25-fffc-4555-9fb7-65f4e706bf8f-1536x1152.jpg 1536w, https:\/\/www.radiopiu.net\/wordpress\/wp-content\/uploads\/2021\/03\/9eb4be25-fffc-4555-9fb7-65f4e706bf8f.jpg 1984w\" sizes=\"auto, (max-width: 300px) 100vw, 300px\" \/><\/a>\n\t\t\t\t<\/dt><\/dl><dl class='gallery-item'>\n\t\t\t\t<dt class='gallery-icon landscape'>\n\t\t\t\t\t<a class=\"rollover rollover-zoom dt-pswp-item\" title=\"c28316d0-2ea8-46bc-bcbc-56c16f1c9f8b\" data-dt-img-description=\"\" data-large_image_width=\"1984\" data-large_image_height=\"1488\"href='https:\/\/www.radiopiu.net\/wordpress\/wp-content\/uploads\/2021\/03\/c28316d0-2ea8-46bc-bcbc-56c16f1c9f8b.jpg'><img loading=\"lazy\" decoding=\"async\" width=\"300\" height=\"225\" src=\"https:\/\/www.radiopiu.net\/wordpress\/wp-content\/uploads\/2021\/03\/c28316d0-2ea8-46bc-bcbc-56c16f1c9f8b-300x225.jpg\" class=\"attachment-medium size-medium\" alt=\"\" srcset=\"https:\/\/www.radiopiu.net\/wordpress\/wp-content\/uploads\/2021\/03\/c28316d0-2ea8-46bc-bcbc-56c16f1c9f8b-300x225.jpg 300w, https:\/\/www.radiopiu.net\/wordpress\/wp-content\/uploads\/2021\/03\/c28316d0-2ea8-46bc-bcbc-56c16f1c9f8b-1024x768.jpg 1024w, https:\/\/www.radiopiu.net\/wordpress\/wp-content\/uploads\/2021\/03\/c28316d0-2ea8-46bc-bcbc-56c16f1c9f8b-768x576.jpg 768w, https:\/\/www.radiopiu.net\/wordpress\/wp-content\/uploads\/2021\/03\/c28316d0-2ea8-46bc-bcbc-56c16f1c9f8b-1536x1152.jpg 1536w, https:\/\/www.radiopiu.net\/wordpress\/wp-content\/uploads\/2021\/03\/c28316d0-2ea8-46bc-bcbc-56c16f1c9f8b.jpg 1984w\" sizes=\"auto, (max-width: 300px) 100vw, 300px\" \/><\/a>\n\t\t\t\t<\/dt><\/dl><dl class='gallery-item'>\n\t\t\t\t<dt class='gallery-icon landscape'>\n\t\t\t\t\t<a class=\"rollover rollover-zoom dt-pswp-item\" title=\"51c63c6d-953f-404c-b0fa-eed5b288af34\" data-dt-img-description=\"\" data-large_image_width=\"1984\" data-large_image_height=\"1488\"href='https:\/\/www.radiopiu.net\/wordpress\/wp-content\/uploads\/2021\/03\/51c63c6d-953f-404c-b0fa-eed5b288af34.jpg'><img loading=\"lazy\" decoding=\"async\" width=\"300\" height=\"225\" src=\"https:\/\/www.radiopiu.net\/wordpress\/wp-content\/uploads\/2021\/03\/51c63c6d-953f-404c-b0fa-eed5b288af34-300x225.jpg\" class=\"attachment-medium size-medium\" alt=\"\" srcset=\"https:\/\/www.radiopiu.net\/wordpress\/wp-content\/uploads\/2021\/03\/51c63c6d-953f-404c-b0fa-eed5b288af34-300x225.jpg 300w, https:\/\/www.radiopiu.net\/wordpress\/wp-content\/uploads\/2021\/03\/51c63c6d-953f-404c-b0fa-eed5b288af34-1024x768.jpg 1024w, https:\/\/www.radiopiu.net\/wordpress\/wp-content\/uploads\/2021\/03\/51c63c6d-953f-404c-b0fa-eed5b288af34-768x576.jpg 768w, https:\/\/www.radiopiu.net\/wordpress\/wp-content\/uploads\/2021\/03\/51c63c6d-953f-404c-b0fa-eed5b288af34-1536x1152.jpg 1536w, https:\/\/www.radiopiu.net\/wordpress\/wp-content\/uploads\/2021\/03\/51c63c6d-953f-404c-b0fa-eed5b288af34.jpg 1984w\" sizes=\"auto, (max-width: 300px) 100vw, 300px\" \/><\/a>\n\t\t\t\t<\/dt><\/dl><br style=\"clear: both\" \/>\n\t\t\t<\/div>\n\n<p>&nbsp;<\/p>\n<p>&nbsp;<\/p>\n<hr \/>\n<blockquote>\n<h3><\/h3>\n<h3>LA PALESTRA DI NARAE NON E&#8217; ANCORA STATA MESSA A NORMA. IL PROGETTO C&#8217;E&#8217; MA I LAVORI NON SONO PARTITI<\/h3>\n<\/blockquote>\n<p><strong><a href=\"https:\/\/www.radiopiu.net\/wordpress\/giornale-radiopiu-02-02-2017-direttore-mirko-mezzacasa\/narae\/\" rel=\"attachment wp-att-28047\"><img loading=\"lazy\" decoding=\"async\" class=\"size-medium wp-image-28047 alignleft\" src=\"https:\/\/www.radiopiu.net\/wordpress\/wp-content\/uploads\/2017\/02\/NARAE-300x154.jpg\" alt=\"\" width=\"300\" height=\"154\" \/><\/a>AGORDO<\/strong><\/p>\n<p>di Gianni Santomaso<\/p>\n<audio class=\"wp-audio-shortcode\" id=\"audio-195939-1\" preload=\"none\" style=\"width: 100%;\" controls=\"controls\"><source type=\"audio\/mpeg\" src=\"https:\/\/www.radiopiu.net\/wordpress\/wp-content\/uploads\/2021\/03\/GIANNI-PALESTRA-LUXOTTICA.mp3?_=1\" \/><a href=\"https:\/\/www.radiopiu.net\/wordpress\/wp-content\/uploads\/2021\/03\/GIANNI-PALESTRA-LUXOTTICA.mp3\">https:\/\/www.radiopiu.net\/wordpress\/wp-content\/uploads\/2021\/03\/GIANNI-PALESTRA-LUXOTTICA.mp3<\/a><\/audio>\n<p>&nbsp;<\/p>\n<hr \/>\n<p>&nbsp;<\/p>\n<blockquote>\n<h3>A PROPOSITO DI IMPIANTI SPORTIVI&#8230; LA NOTIZIA TRA LE PIU&#8217; CLICCANTE NEL FINE SETTIMANA CON L&#8217;INTERVISTA DI CLAUDIO FONTANIVE A ROBERTO BROGLIO E GIORGIO DE NARDIN<\/h3>\n<\/blockquote>\n<p><strong> AGORDO<\/strong>\u00a0 La piscina comprensoriale di Agordo di via Lungo Rova\u00a0 gestita da Attivamente Agordino ha riaperto da ieri 21 ai tesserati FIN in totale sicurezza. Questa la decisione della Societ\u00e0 per permettere agli atleti e nuotatori agonisti di allenarsi anche in questo periodo di limitazioni per gli effetti dei DPCM anti contagio da Covid-19. Lo stop imposto al settore natatorio ha costretto l\u2019impianto agordino ad una chiusura totale dal 26 ottobre scorso, sospendendo drasticamente tutte le attivit\u00e0 organizzate (corsi, ginnastica, riabilitazione e fisioterapia in acqua, allenamenti e nuoto libero). L\u2019apertura di marzo vuole assicurare la fruibilit\u00e0 di uno spazio almeno a chi pratica sport in maniera agonistica, evitando ai bambini e ragazzi del territorio di compiere lunghe percorrenze o di rinunciare totalmente a questo sport per eccellenza presidio di salute. L\u2019augurio da parte di tutto lo staff di Attivamente Agordino \u00e8 quello di riaprire presto anche per tutti coloro che frequentano la piscina in maniera amatoriale o per motivi terapeutici-riabilitativi.<\/p>\n<p><strong>L&#8217;INTERVISTA DEL 5 MARZO SCORSO<\/strong><\/p>\n<audio class=\"wp-audio-shortcode\" id=\"audio-195939-2\" preload=\"none\" style=\"width: 100%;\" controls=\"controls\"><source type=\"audio\/mpeg\" src=\"https:\/\/www.radiopiu.net\/wordpress\/wp-content\/uploads\/2021\/03\/broglio-de-nardin-5-marzo.mp3?_=2\" \/><a href=\"https:\/\/www.radiopiu.net\/wordpress\/wp-content\/uploads\/2021\/03\/broglio-de-nardin-5-marzo.mp3\">https:\/\/www.radiopiu.net\/wordpress\/wp-content\/uploads\/2021\/03\/broglio-de-nardin-5-marzo.mp3<\/a><\/audio>\n<p>&nbsp;<\/p>\n<hr \/>\n<p>&nbsp;<\/p>\n<blockquote>\n<h3>AL PARCO COL CARTOCCIO IN UN GIORNO DI SOLE, SUL SEDILE DELL&#8217;AUTO QUANDO PIOVE<\/h3>\n<\/blockquote>\n<blockquote><p><em><a href=\"https:\/\/www.radiopiu.net\/wordpress\/al-parco-col-cartoccio-in-un-giorno-di-sole-sul-sedile-dellauto-quando-piove\/parco-citta-bologna-a-belluno-2\/\" rel=\"attachment wp-att-196050\"><img loading=\"lazy\" decoding=\"async\" class=\"wp-image-196050 alignleft\" src=\"https:\/\/www.radiopiu.net\/wordpress\/wp-content\/uploads\/2021\/03\/parco-citta-bologna-a-belluno-300x171.jpg\" alt=\"\" width=\"230\" height=\"131\" srcset=\"https:\/\/www.radiopiu.net\/wordpress\/wp-content\/uploads\/2021\/03\/parco-citta-bologna-a-belluno-300x171.jpg 300w, https:\/\/www.radiopiu.net\/wordpress\/wp-content\/uploads\/2021\/03\/parco-citta-bologna-a-belluno.jpg 768w\" sizes=\"auto, (max-width: 230px) 100vw, 230px\" \/><\/a>Sono sempre stato convintamente ossequioso delle regole imposte dall&#8217;emergenza covid anzi in alcune situazioni a mio parere l&#8217;avrei pensata anche in maniera pi\u00f9 rigorosa ma oggi non posso non condividere con lei, sempre molto attento e presente, una grande perplessit\u00e0. Scopro oggi che a differenza della zona arancione di gennaio le nuove norme prevedono che possano recarsi ai ristoranti solo i dipendenti di ditte private mentre l&#8217;accesso \u00e8 vietato ai liberi professionisti o comunque ai lavoratori autonomi nonostante, come nel mio caso, siano in trasferta per attivit\u00e0 lavorative. Mi domando se un libero professionista possa essere pi\u00f9 contagioso o contagiante occupando solitamente da solo un tavolo rispetto a dipendenti che generalmente occupano un tavolo in quattro o pi\u00f9 e quando mangiano sono autorizzati a togliere la mascherina da seduti! O ancora rispetto ad utenti di mense interne. Mi sono chiesto: ci sar\u00e0 una buona motivazione dietro questa norma che appare cos\u00ec strampalata e discriminante! Cos\u00ec mi ritrovo su una panchina al freddo in un parco con un bel cartoccio di asporto a condividere il pranzo con altri sfortunati su altre panchine temendo che ci\u00f2 possa succedere anche in una giornata di pioggia! Mi resterebbe solo il sedile della mia auto&#8230; almeno l\u00e0 dentro comando io. Teniamo duro comunque che sar\u00e0 ancora lunga.\u00a0<\/em><\/p><\/blockquote>\n<p><strong>Gianniantonio Cassisi<\/strong><\/p>\n<p>&nbsp;<\/p>\n<p>&nbsp;<\/p>\n<hr \/>\n<p>&nbsp;<\/p>\n<blockquote>\n<h3>IL COMUNE DI VALLADA ASSEGNA DEI CONTRIBUTI ALLE REALTA&#8217; ASSOCIATIVE DEL PAESE MA NON SOLO<\/h3>\n<\/blockquote>\n<p><strong><a href=\"https:\/\/www.radiopiu.net\/wordpress\/giornale-radiopiu-18-maggio-2019-direttore-mirko-mezzacasa\/vallada-agordina\/\" rel=\"attachment wp-att-85787\"><img loading=\"lazy\" decoding=\"async\" class=\"size-medium wp-image-85787 alignleft\" src=\"https:\/\/www.radiopiu.net\/wordpress\/wp-content\/uploads\/2019\/05\/vallada-agordina-300x200.jpg\" alt=\"\" width=\"300\" height=\"200\" srcset=\"https:\/\/www.radiopiu.net\/wordpress\/wp-content\/uploads\/2019\/05\/vallada-agordina-300x200.jpg 300w, https:\/\/www.radiopiu.net\/wordpress\/wp-content\/uploads\/2019\/05\/vallada-agordina-768x512.jpg 768w, https:\/\/www.radiopiu.net\/wordpress\/wp-content\/uploads\/2019\/05\/vallada-agordina.jpg 850w\" sizes=\"auto, (max-width: 300px) 100vw, 300px\" \/><\/a>VALLADA<\/strong><\/p>\n<p>di Gianni Santomaso<\/p>\n<audio class=\"wp-audio-shortcode\" id=\"audio-195939-3\" preload=\"none\" style=\"width: 100%;\" controls=\"controls\"><source type=\"audio\/mpeg\" src=\"https:\/\/www.radiopiu.net\/wordpress\/wp-content\/uploads\/2021\/03\/GIANNI-200-EURO-NUOVI-NATI-VALLADA.mp3?_=3\" \/><a href=\"https:\/\/www.radiopiu.net\/wordpress\/wp-content\/uploads\/2021\/03\/GIANNI-200-EURO-NUOVI-NATI-VALLADA.mp3\">https:\/\/www.radiopiu.net\/wordpress\/wp-content\/uploads\/2021\/03\/GIANNI-200-EURO-NUOVI-NATI-VALLADA.mp3<\/a><\/audio>\n<p>&nbsp;<\/p>\n<hr \/>\n<p>&nbsp;<\/p>\n<blockquote>\n<h3>TRE ORE IN AUTO CON LA FEBBRE A 39, CHE SIA DA RIVEDERE I PROTOCOLLI?<\/h3>\n<\/blockquote>\n<h3>DILLO A RADIO PIU&#8217;&#8230;..<\/h3>\n<p><strong><img loading=\"lazy\" decoding=\"async\" class=\"alignleft\" src=\"https:\/\/www.radiopiu.net\/wordpress\/wp-content\/uploads\/2020\/05\/drivein3.jpg\" width=\"219\" height=\"164\" \/>AGORDO<\/strong> Chi ci scrive \u00e8 un nonno di Agordo, il figlio sposato ormai vive a Belluno anche con la piccola di 4 anni che in questo periodo non \u00e8 nelle migliori condizioni fisiche.<em> &#8220;Per questo &#8211; racconta il nonno &#8211; mio figlio l&#8217;ha portata dal medico di base che lo ha invitato a fare con urgenza un tampone al punto covid-free&#8221;. <\/em>Da Belluno il pap\u00e0 \u00e8 stato invitato a salire fino ad Agordo, fino al covid point di Tamonich.<em> &#8220;Quando mio figlio \u00e8 arrivato con la bambina febbricitante ha chiesto se era possibile poter accedere subito al test, ma la risposta \u00e8 stata negativa e la bambina \u00e8 rimasta in attesa per tre ore in auto, fino alle 17,45&#8221;<\/em> Quello che la famiglia chiede al Dipartimento di Prevenzione della Ulss1 \u00e8 se tutto questo rientra nei protocolli, se \u00e8 corretto, oppure se sia il caso di prevedere in questi casi l&#8217;urgenza del tampone. A proposito, la bella notizia: la bimba era negativa al tampone, quindi niente covid. <strong>Lettera Firmata<\/strong><\/p>\n<p>&nbsp;<\/p>\n<p>Abbiamo interpellato la Ulss1 per una risposta alle perplessit\u00e0 del lettore, ecco la risposta<\/p>\n<blockquote><p><em>Ringraziamo il gentile &#8220;nonno&#8221; Dino, con cui abbiamo approfondito alcuni aspetti, per la segnalazione. \u00c8 stata richiesta una verifica sull&#8217;accaduto, anche per migliorare eventualmente le procedure in atto.<\/em><\/p><\/blockquote>\n<p>&nbsp;<\/p>\n<hr \/>\n<p>&nbsp;<\/p>\n<p>&nbsp;<\/p>\n<blockquote>\n<h3><strong>GRAZIE AD AGORDO PROLOCO PER LE INTERVISTE&#8230; ALLA RADIO. IERI SERA LE DONNE DI RADIO PIU&#8217;&#8230;.<\/strong><\/h3>\n<\/blockquote>\n<p>https:\/\/www.facebook.com\/AdAgordoProloco\/videos\/490949032107524<\/p>\n<h3>I RAGAZZI DELLA MUSICA ALLA RADIO<\/h3>\n<p>https:\/\/www.facebook.com\/AdAgordoProloco\/videos\/123365059644128<\/p>\n<h3>LA REDAZIONE GIORNALISTICA&#8230; LA RADIO<\/h3>\n<p>https:\/\/www.facebook.com\/AdAgordoProloco\/videos\/299648541396806<\/p>\n<p>&nbsp;<\/p>\n<hr \/>\n<blockquote>\n<h4><\/h4>\n<h4>L&#8217;INCHIESTA DEL CORRIERE DELLE ALPI<\/h4>\n<h4>di Alessia Forzin<\/h4>\n<h4>DAL 2008 PERSI OLTRE 14MILA CITTADINI, A ZOPPE&#8217; SONO 194 Oggi sul giornale in edicola: La fotografia dell&#8217;Istat mostra dati allarmanti. Soffre la montagna, ma in centro Cadore c&#8217;\u00e8 chi guadagna residenti. Crollo delle nascite e mortalit\u00e0 aumentata.\u00a0 Il Bellunese frana sotto i 200 mila abitanti.<\/h4>\n<\/blockquote>\n<p><em>La soglia \u00e8 prima di tutto psicologica. La provincia di Belluno \u00e8 scesa sotto il muro dei duecento mila abitanti. I dati sulla popolazione residente diffusi dall&#8217;Istat, anche se ancora provvisori, dicono che al 30 novembre dello scorso anno nella provincia pi\u00f9 a nord del Veneto vivevano solo 199.802 persone. In undici mesi sono stati persi 1.507 abitanti. Il Covid ha dato il suo triste contributo all&#8217;aumento dei decessi. Da anni il Bellunese perde circa mille abitanti all&#8217;anno, lo scorso anno sono stati oltre 1500 (e manca il mese di dicembre). La sanit\u00e0 pubblica attribuisce al Covid 445 decessi avvenuti nel 2020.Culle vuote.\u00a0 Continua inesorabile il crollo della nascite, di pari passo resta elevata la mortalit\u00e0 in un territorio sempre pi\u00f9 vecchio. Negli undici mesi presi in considerazione finora da Istat, nel Bellunese sono nati 1.104 bambini ma sono morte 2.580 persone. Pi\u00f9 del doppio&#8230;..<\/em><\/p>\n<p>&nbsp;<\/p>\n<p>&nbsp;<\/p>\n<hr \/>\n<p>&nbsp;<\/p>\n<blockquote class=\"wp-embedded-content\" data-secret=\"wltzG2LsNY\"><p><a href=\"https:\/\/www.radiopiu.net\/wordpress\/aggmar09\/\">CORONAVIRUS: AGGIORNAMENTO NAZIONALE 09 MARZO 2021<\/a><\/p><\/blockquote>\n<p><iframe loading=\"lazy\" class=\"wp-embedded-content\" sandbox=\"allow-scripts\" security=\"restricted\" style=\"position: absolute; clip: rect(1px, 1px, 1px, 1px);\" title=\"&#8220;CORONAVIRUS: AGGIORNAMENTO NAZIONALE 09 MARZO 2021&#8221; &#8212; Radio Pi\u00f9\" src=\"https:\/\/www.radiopiu.net\/wordpress\/aggmar09\/embed\/#?secret=wltzG2LsNY\" data-secret=\"wltzG2LsNY\" width=\"600\" height=\"338\" frameborder=\"0\" marginwidth=\"0\" marginheight=\"0\" scrolling=\"no\"><\/iframe><\/p>\n<p>&nbsp;<\/p>\n<hr \/>\n<p>&nbsp;<\/p>\n<blockquote class=\"wp-embedded-content\" data-secret=\"JDfwvvHzeA\"><p><a href=\"https:\/\/www.radiopiu.net\/wordpress\/gli-attualmente-positivi-tornano-sopra-quota-30-mila-1526-nuove-positivita-in-veneto-nelle-ultime-24-ore-15-decessi-ricoveri-in-aumento-a-belluno-54-positivi-in-piu-e-ricoveri-in-calo\/\">GLI ATTUALMENTE POSITIVI TORNANO SOPRA QUOTA 30 MILA. 1526 NUOVE POSITIVITA&#8217; IN VENETO NELLE ULTIME 24 ORE, 15 DECESSI, RICOVERI IN AUMENTO. A BELLUNO 54 POSITIVI IN PIU&#8217; E RICOVERI IN CALO<\/a><\/p><\/blockquote>\n<p><iframe loading=\"lazy\" class=\"wp-embedded-content\" sandbox=\"allow-scripts\" security=\"restricted\" style=\"position: absolute; clip: rect(1px, 1px, 1px, 1px);\" title=\"&#8220;GLI ATTUALMENTE POSITIVI TORNANO SOPRA QUOTA 30 MILA. 1526 NUOVE POSITIVITA&#8217; IN VENETO NELLE ULTIME 24 ORE, 15 DECESSI, RICOVERI IN AUMENTO. A BELLUNO 54 POSITIVI IN PIU&#8217; E RICOVERI IN CALO&#8221; &#8212; Radio Pi\u00f9\" src=\"https:\/\/www.radiopiu.net\/wordpress\/gli-attualmente-positivi-tornano-sopra-quota-30-mila-1526-nuove-positivita-in-veneto-nelle-ultime-24-ore-15-decessi-ricoveri-in-aumento-a-belluno-54-positivi-in-piu-e-ricoveri-in-calo\/embed\/#?secret=JDfwvvHzeA\" data-secret=\"JDfwvvHzeA\" width=\"600\" height=\"338\" frameborder=\"0\" marginwidth=\"0\" marginheight=\"0\" scrolling=\"no\"><\/iframe><\/p>\n<p>&nbsp;<\/p>\n<hr \/>\n<p>&nbsp;<\/p>\n<blockquote>\n<h3>I GRAFICI DI TIZIANO DE COL<\/h3>\n<\/blockquote>\n\n\t\t\t<style type='text\/css'>\n\t\t\t\t#gallery-3 {\n\t\t\t\t\tmargin: auto;\n\t\t\t\t}\n\t\t\t\t#gallery-3 .gallery-item {\n\t\t\t\t\tfloat: left;\n\t\t\t\t\tmargin-top: 10px;\n\t\t\t\t\ttext-align: center;\n\t\t\t\t\twidth: 20%;\n\t\t\t\t}\n\t\t\t\t#gallery-3 img {\n\t\t\t\t\tborder: 2px solid #cfcfcf;\n\t\t\t\t}\n\t\t\t\t#gallery-3 .gallery-caption {\n\t\t\t\t\tmargin-left: 0;\n\t\t\t\t}\n\t\t\t\t\/* see gallery_shortcode() in wp-includes\/media.php *\/\n\t\t\t<\/style>\n\t\t<div id='gallery-3' class='dt-gallery-container gallery galleryid-195939 gallery-columns-5 gallery-size-medium'><dl class='gallery-item'>\n\t\t\t\t<dt class='gallery-icon landscape'>\n\t\t\t\t\t<a class=\"rollover rollover-zoom dt-pswp-item\" title=\"b02647d8-a1e5-4b53-a73b-79902725410c\" data-dt-img-description=\"\" data-large_image_width=\"605\" data-large_image_height=\"357\"href='https:\/\/www.radiopiu.net\/wordpress\/wp-content\/uploads\/2021\/03\/b02647d8-a1e5-4b53-a73b-79902725410c.jpg'><img loading=\"lazy\" decoding=\"async\" width=\"300\" height=\"177\" src=\"https:\/\/www.radiopiu.net\/wordpress\/wp-content\/uploads\/2021\/03\/b02647d8-a1e5-4b53-a73b-79902725410c-300x177.jpg\" class=\"attachment-medium size-medium\" alt=\"\" srcset=\"https:\/\/www.radiopiu.net\/wordpress\/wp-content\/uploads\/2021\/03\/b02647d8-a1e5-4b53-a73b-79902725410c-300x177.jpg 300w, https:\/\/www.radiopiu.net\/wordpress\/wp-content\/uploads\/2021\/03\/b02647d8-a1e5-4b53-a73b-79902725410c.jpg 605w\" sizes=\"auto, (max-width: 300px) 100vw, 300px\" \/><\/a>\n\t\t\t\t<\/dt><\/dl><dl class='gallery-item'>\n\t\t\t\t<dt class='gallery-icon landscape'>\n\t\t\t\t\t<a class=\"rollover rollover-zoom dt-pswp-item\" title=\"ffb0354d-98e2-499d-9152-7b32c307365c\" data-dt-img-description=\"\" data-large_image_width=\"606\" data-large_image_height=\"353\"href='https:\/\/www.radiopiu.net\/wordpress\/wp-content\/uploads\/2021\/03\/ffb0354d-98e2-499d-9152-7b32c307365c.jpg'><img loading=\"lazy\" decoding=\"async\" width=\"300\" height=\"175\" src=\"https:\/\/www.radiopiu.net\/wordpress\/wp-content\/uploads\/2021\/03\/ffb0354d-98e2-499d-9152-7b32c307365c-300x175.jpg\" class=\"attachment-medium size-medium\" alt=\"\" srcset=\"https:\/\/www.radiopiu.net\/wordpress\/wp-content\/uploads\/2021\/03\/ffb0354d-98e2-499d-9152-7b32c307365c-300x175.jpg 300w, https:\/\/www.radiopiu.net\/wordpress\/wp-content\/uploads\/2021\/03\/ffb0354d-98e2-499d-9152-7b32c307365c.jpg 606w\" sizes=\"auto, (max-width: 300px) 100vw, 300px\" \/><\/a>\n\t\t\t\t<\/dt><\/dl><dl class='gallery-item'>\n\t\t\t\t<dt class='gallery-icon landscape'>\n\t\t\t\t\t<a class=\"rollover rollover-zoom dt-pswp-item\" title=\"c028815f-2ee8-4a56-893d-2adeb720997c\" data-dt-img-description=\"\" data-large_image_width=\"595\" data-large_image_height=\"357\"href='https:\/\/www.radiopiu.net\/wordpress\/wp-content\/uploads\/2021\/03\/c028815f-2ee8-4a56-893d-2adeb720997c.jpg'><img loading=\"lazy\" decoding=\"async\" width=\"300\" height=\"180\" src=\"https:\/\/www.radiopiu.net\/wordpress\/wp-content\/uploads\/2021\/03\/c028815f-2ee8-4a56-893d-2adeb720997c-300x180.jpg\" class=\"attachment-medium size-medium\" alt=\"\" srcset=\"https:\/\/www.radiopiu.net\/wordpress\/wp-content\/uploads\/2021\/03\/c028815f-2ee8-4a56-893d-2adeb720997c-300x180.jpg 300w, https:\/\/www.radiopiu.net\/wordpress\/wp-content\/uploads\/2021\/03\/c028815f-2ee8-4a56-893d-2adeb720997c.jpg 595w\" sizes=\"auto, (max-width: 300px) 100vw, 300px\" \/><\/a>\n\t\t\t\t<\/dt><\/dl><dl class='gallery-item'>\n\t\t\t\t<dt class='gallery-icon landscape'>\n\t\t\t\t\t<a class=\"rollover rollover-zoom dt-pswp-item\" title=\"5a61e0c2-d16f-4034-b282-be195af7e0a8\" data-dt-img-description=\"\" data-large_image_width=\"606\" data-large_image_height=\"352\"href='https:\/\/www.radiopiu.net\/wordpress\/wp-content\/uploads\/2021\/03\/5a61e0c2-d16f-4034-b282-be195af7e0a8.jpg'><img loading=\"lazy\" decoding=\"async\" width=\"300\" height=\"174\" src=\"https:\/\/www.radiopiu.net\/wordpress\/wp-content\/uploads\/2021\/03\/5a61e0c2-d16f-4034-b282-be195af7e0a8-300x174.jpg\" class=\"attachment-medium size-medium\" alt=\"\" srcset=\"https:\/\/www.radiopiu.net\/wordpress\/wp-content\/uploads\/2021\/03\/5a61e0c2-d16f-4034-b282-be195af7e0a8-300x174.jpg 300w, https:\/\/www.radiopiu.net\/wordpress\/wp-content\/uploads\/2021\/03\/5a61e0c2-d16f-4034-b282-be195af7e0a8.jpg 606w\" sizes=\"auto, (max-width: 300px) 100vw, 300px\" \/><\/a>\n\t\t\t\t<\/dt><\/dl><dl class='gallery-item'>\n\t\t\t\t<dt class='gallery-icon landscape'>\n\t\t\t\t\t<a class=\"rollover rollover-zoom dt-pswp-item\" title=\"c4d9292f-b889-45a8-a303-f7d607bf4e49\" data-dt-img-description=\"\" data-large_image_width=\"598\" data-large_image_height=\"355\"href='https:\/\/www.radiopiu.net\/wordpress\/wp-content\/uploads\/2021\/03\/c4d9292f-b889-45a8-a303-f7d607bf4e49.jpg'><img loading=\"lazy\" decoding=\"async\" width=\"300\" height=\"178\" src=\"https:\/\/www.radiopiu.net\/wordpress\/wp-content\/uploads\/2021\/03\/c4d9292f-b889-45a8-a303-f7d607bf4e49-300x178.jpg\" class=\"attachment-medium size-medium\" alt=\"\" srcset=\"https:\/\/www.radiopiu.net\/wordpress\/wp-content\/uploads\/2021\/03\/c4d9292f-b889-45a8-a303-f7d607bf4e49-300x178.jpg 300w, https:\/\/www.radiopiu.net\/wordpress\/wp-content\/uploads\/2021\/03\/c4d9292f-b889-45a8-a303-f7d607bf4e49.jpg 598w\" sizes=\"auto, (max-width: 300px) 100vw, 300px\" \/><\/a>\n\t\t\t\t<\/dt><\/dl><br style=\"clear: both\" \/>\n\t\t\t<\/div>\n\n<p>&nbsp;<\/p>\n<p>&nbsp;<\/p>\n<hr \/>\n<p>&nbsp;<\/p>\n<blockquote>\n<h2>LEGGI LA CONFERENZA STAMPA DI LUCA ZAIA<\/h2>\n<\/blockquote>\n<p><em>La differenza tra noi e chi parla per nulla? Che noi abbiamo i malati da guarire. <\/em>A quando il picco? Tra tre settimaneil 27 marzo? <em>Non abbiamo la sfera della verit\u00e0, dobbiamo accompagnare giorno dopo giorno, attivare i provvedimenti previsti dalla sanit\u00e0 pubblica, noi abbiamo i malati e la responsabilit\u00e0 delle cure<\/em>. Per Zaia difficile fare previsioni con il modello matematico. Per ora nessun provvedimenti restrittivo ulteriore.<\/p>\n<p><strong>VACCINAZIONE<\/strong> Sono arrivate 53mila dosi di vaccino Pfizer, stiamo spingendo molto sulla campagna vaccinale, ora il dottor Flor \u00e8 in video conferenza con tutti i direttori, ci sono 58 punti vaccinali in regione. Saranno ampliati con accordi fatti con i privati, le associazioni, diventer\u00e0 una chiamata di popolo perch\u00e9 i vaccini arriveranno. \u00a0Ci sar\u00e0 Johnson e Sputnik, e tutti gli altri. In Germania con 5 euro i cittadini si comprano il test fai da te al supermercato, purtroppo in Italia siamo ancora indietro <strong>RISCHIO COLLASSO PER GLI OSPEDALI\u00a0<\/strong> per l&#8217;incremento dei contagi non \u00e8 da poco, vediamo che \u00e8 pi\u00f9 che proporzionale di giorno in giorno ed \u00e8 un incremento alla base di una nuova infezione con 1459 pazienti in ospedale. Se arriva l&#8217;inda d&#8217;urto come novembre-dicembre si va a 5000 pazienti, insostenibile.\u00a0 Mi chiedo perch\u00e8 i vaccini devono essere\u00a0 autorizzati dalla Fda e\u00a0 avere il vaglio di Ema ed Aifa,\u00a0 perch\u00e9 dobbiamo perdere cos\u00ec tanto tempo in piena emergenza? <strong>OGGI INAUGURATI I NUOVI TRENI<\/strong> Puntiamo ad una regione libera dal virus, con i nuovi treni, con l&#8217;estate che arriver\u00e0, le Olimpiadi, il recovery&#8230; un sacco di soldi. Siamo l&#8221;unica realt\u00e0 italiana che avr\u00e0 tutti i treni nuovi. <strong>SCUOLA<\/strong> Sono 23 i distretti sotto controllo, automaticamente ai 250 contagi ogni 100 mila abitanti le scuole verranno chiuse, lo dice il DPCM nazionale se qualcuno si fosse perso. Oggi non ci sono scuole chiuse, per prudenza abbiamo detto che saranno chiuse da gioved\u00ec. <strong>DECESSI E POLEMICHE<\/strong>\u00a0 L&#8217;Italia\u00a0 ha superato i 100mila morti come nessun paese in Europa. La polemica politica in Veneto: sovrastima delle terapie intensive che avrebbe consentito alla regione di restare in giallo e la questione dell&#8217;efficacia dei tamponi rapidi. <em>&#8220;Credo che il mondo sia diviso fra quelli che hanno capito tutto e quelli che non hanno capito nulla, noi facciamo parte della seconda categoria &#8211;<\/em> ha sentenziato Zaia. <em>Credo sia superfluo rispondere, sono tutte scelte dei tecnici, sarebbe bene si facessero esposti in Procura se ci sono questi dubbi,<\/em> (come gi\u00e0 fatto in due occasioni), <em>la Regione \u00e8 a disposizione dell&#8217;autorit\u00e0 giudiziaria.\u00a0 Non commento il fatto perch\u00e9 non lo conosco nello specifico, non ho mai visto un esposto e non so chi firma. Anche per noi un singolo morto \u00e8 una tragedia<\/em> <strong>PREVISIONI IMPOSSIBILE, MA ALLO STATO ATTUALE C&#8217;E&#8217; IN PREVISIONE PROVVEDIMENTI RESTRITTIVI ULTERIORI?<\/strong> Nulla da segnalare neanche dalla Prevenzione. <strong>BANDI A SOSTENO OCCUPAZIONE CHE FINE HA FATTO?<\/strong> E&#8217; di competenza dell&#8217;assessore Donazzan e Marcato,\u00a0 sono arrivate 14.300 domande e la regione le sta vagliando.\u00a0 <strong>CTS SI CONFRONTERA&#8217; CON LE REGIONI?<\/strong> Credo di si, soprattutto se ci saranno ulteriori restrizioni, ci sono regioni in difficolt\u00e0 come Emilia e Umbria ma anche Toscana e Lomardia e noi che viviamo in una situazione che non \u00e8 rosea.<\/p>\n<p>&nbsp;<\/p>\n<p><a href=\"https:\/\/www.facebook.com\/zaiaufficiale\/videos\/491800428480443\">https:\/\/www.facebook.com\/zaiaufficiale\/videos\/491800428480443<\/a><\/p>\n<p>&nbsp;<\/p>\n<p><strong>L&#8217;ORDINANZA SULLE SCUOLE FIRMATA IERI DA ZAIA<\/strong><\/p>\n<a href=\"https:\/\/www.radiopiu.net\/wordpress\/wp-content\/uploads\/2021\/03\/OPGR-N.-36-del-9-marzo-2021-1.pdf\" class=\"pdfemb-viewer\" style=\"\" data-width=\"max\" data-height=\"max\" data-toolbar=\"top\" data-toolbar-fixed=\"on\">OPGR N. 36 del 9 marzo 2021 (1)<\/a>\n<p>&nbsp;<\/p>\n<p>&nbsp;<\/p>\n<hr \/>\n<p>&nbsp;<\/p>\n<blockquote>\n<h3>POSSAMAI (PD): &#8220;BENE L&#8217;ARRIVO DI 53 MILA DOSI DI VACCINO, MA ZAIA SPIEGHI PERCHE&#8217; SIAMO QUART&#8217;ULTIMI IN ITALIA PER NUMERO DI VACCINATI&#8221;<\/h3>\n<\/blockquote>\n<p><strong>VENEZIA<\/strong> \u201cBene l\u2019annuncio dell\u2019arrivo di 53 mila dosi Pfizer, ma il presidente Zaia, che ogni giorno declama la potenza di fuoco della macchina vaccinale veneta, ci deve spiegare come mai la nostra regione \u00e8 quartultima nella classifica nazionale per numero di persone vaccinate. Peggio di noi solo Umbria, Sardegna e Calabria\u201d.\u00a0Il capogruppo del Pd in Regione, Giacomo Possamai, insieme alla vice Vanessa Camani e alla consigliera Francesca Zottis, commenta cos\u00ec le dichiarazioni odierne del presidente Zaia nel consueto punto stampa.<\/p>\n<p>&nbsp;<\/p>\n<p>&nbsp;<\/p>\n<hr \/>\n<p>&nbsp;<\/p>\n<p><strong>LE DOMANDE DI BIGON\u00a0 (PD):<\/strong> <em>\u201cCon i contagi in crescita a causa delle varianti, vogliamo sapere se i tamponi rapidi sono ancora efficaci per il tracciamento. La Regione ci ha investito molto, ma in questa nuova fase non abbiamo certezze: adesso vogliamo vedere i dati per capire se ha senso insistere o se \u00e8 necessario cambiare strategia\u201d.<\/em>\u00a0 Secondo i consiglieri del PD Il sistema veneto \u00e8 saltato <em>&#8220;La situazione sta degenerando e la Regione ha deciso di accelerare con la stretta sulle scuole, chiudendole da gioved\u00ec. Restiamo perplesse sulla bont\u00e0 di alcune decisioni e soprattutto sulla mancanza di un reale piano di rilancio della sanit\u00e0 territoriale, ora in ginocchio&#8221;.<\/em><\/p>\n<p>&nbsp;<\/p>\n<hr \/>\n<p>&nbsp;<\/p>\n<blockquote>\n<h3>CONSEGNATI ALLA REGIONE SETTE NUOVI TRENI <em>POP<\/em> E <em>ROCK<\/em>. ZAIA: \u201cUNA QUALIT\u00c0 DEL SERVIZIO FERROVIARIO NEL VENETO IN CONTINUO CRESCENDO\u201d<\/h3>\n<\/blockquote>\n<p><strong><a href=\"https:\/\/www.radiopiu.net\/wordpress\/puntostampa27\/zaia-mascherina-2\/\" rel=\"attachment wp-att-175303\"><img loading=\"lazy\" decoding=\"async\" class=\"size-medium wp-image-175303 alignleft\" src=\"https:\/\/www.radiopiu.net\/wordpress\/wp-content\/uploads\/2020\/11\/ZAIA-MASCHERINA-300x166.png\" alt=\"\" width=\"300\" height=\"166\" \/><\/a>VENEZIA <\/strong>\u201c<em>Quando nel 2010 ho iniziato a guidare la Regione, avevo due problemi da affrontare prioritariamente, la sanit\u00e0 e i treni. Di questi ultimi, ogni giorno sui giornali si scriveva che erano in ritardo, sporchi e frequentemente guasti. Abbiamo deciso quindi di dare una svolta e ci siamo riusciti grazie all\u2019accordo tra la nostra Regione e Trenitalia, realizzando insieme un investimento che non ha precedenti e che ci ha consentito di migliorare costantemente la qualit\u00e0 del servizio regionale di trasporto pubblico su ferro in tutti i suoi aspetti, arrivando addirittura, attraverso la graduale sostituzione dei vecchi treni con i nuovi 47 Rock e 31 Pop, a portare entro il 2023 l\u2019et\u00e0 media della flotta da 16 a 4 anni. Se dovessi fare una sintesi di questo progresso, direi: benvenuti in Giappone<\/em>\u201d. Lo ha detto il presidente della Regione del Veneto, Luca Zaia, partecipando stamane, insieme alla vicepresidente e assessore ai trasporti, Elisa De Berti, alla cerimonia di consegna di sette nuovi convogli, tenutasi nell\u2019officina di Trenitalia di Marghera (Ve), alla quale erano presenti l\u2019amministratore delegato dell\u2019azienda, Luigi Corradi, il direttore della Divisione Passeggeri Regionale, Sabrina De Filippis e quello del Veneto, Tiziano Baggio. Con i sette consegnati oggi, sono 20 su 78 i nuovi treni <em>Rock<\/em> e <em>Pop<\/em> gi\u00e0 in circolazione in Veneto, ai quali entro la fine di marzo se ne aggiungeranno altri due. Tutti sono riconoscibili per la particolare livrea che ripropone la bandiera della Regione con il leone di San Marco, per dare, come ha sottolineato Zaia, \u201c<em>un segno dell\u2019identit\u00e0 veneta<\/em>\u201d.<\/p>\n<p>&nbsp;<\/p>\n<p>&nbsp;<\/p>\n<hr \/>\n<p>&nbsp;<\/p>\n<blockquote>\n<h3>BOTTACIN IN SOPRALLUOGO AI CANTIERI DELL\u2019ALPAGO: \u201cTANTI INTERVENTI FONDAMENTALI PER RIDURRE L\u2019IMPATTO DEGLI EVENTI CALAMITOSI\u201d<\/h3>\n<\/blockquote>\n<p class=\"p1\"><strong>VENEZIA<\/strong> L\u2019assessore al Dissesto Idrogeologico Gianpaolo Bottacin \u00e8 ritornato di persona a vedere i cantieri attivati a dicembre, immediatamente dopo il nubifragio che aveva provocato grandi danni in molti territori del Veneto, tra cui diversi e consistenti in Alpago. Nel suo giro Bottacin ha fatto innanzitutto tappa a Paludi. In zona sono stati stanziati ulteriori 600mila euro per un&#8217;opera di trattenuta lungo la Valcantuna, attualmente in fase di progettazione da parte dei Servizi Forestali regionali. L\u2019assessore si \u00e8 quindi spostato a<span class=\"Apple-converted-space\">\u00a0 <\/span>Vallone di Buscole dove sono stati avviati, per un importo di 500mila euro, una serie di lavori di ripristino della viabilit\u00e0 comunale, il rifacimento dei tombotti di attraversamento e la sistemazione del versante e fondo alveo. Salvo imprevisti si conta di ultimare tali interventi prima dell&#8217;estate. Bottacin si \u00e8 quindi recato in localit\u00e0 Molini, sul torrente Fermega, in Comune di Chies dove sono in corso diversi lavori di difesa idrogeologica, per un impegno di 500mila euro. Sempre a Chies sono stati inoltre appaltati i lavori, che prenderanno il via nelle prossime settimane, lungo l\u2019adiacente torrente Funesia in localit\u00e0 Stracadont, con un impegno di 400mila euro, dove sono previsti dei drenaggi del corpo di frana e il consolidamento della spalla sinistra della briglia con micropali e tiranti.<\/p>\n\n\t\t\t<style type='text\/css'>\n\t\t\t\t#gallery-4 {\n\t\t\t\t\tmargin: auto;\n\t\t\t\t}\n\t\t\t\t#gallery-4 .gallery-item {\n\t\t\t\t\tfloat: left;\n\t\t\t\t\tmargin-top: 10px;\n\t\t\t\t\ttext-align: center;\n\t\t\t\t\twidth: 25%;\n\t\t\t\t}\n\t\t\t\t#gallery-4 img {\n\t\t\t\t\tborder: 2px solid #cfcfcf;\n\t\t\t\t}\n\t\t\t\t#gallery-4 .gallery-caption {\n\t\t\t\t\tmargin-left: 0;\n\t\t\t\t}\n\t\t\t\t\/* see gallery_shortcode() in wp-includes\/media.php *\/\n\t\t\t<\/style>\n\t\t<div id='gallery-4' class='dt-gallery-container gallery galleryid-195939 gallery-columns-4 gallery-size-medium'><dl class='gallery-item'>\n\t\t\t\t<dt class='gallery-icon landscape'>\n\t\t\t\t\t<a class=\"rollover rollover-zoom dt-pswp-item\" title=\"cdef5089-78ea-4236-b8b8-0e491403b128\" data-dt-img-description=\"\" data-large_image_width=\"2048\" data-large_image_height=\"1536\"href='https:\/\/www.radiopiu.net\/wordpress\/wp-content\/uploads\/2021\/03\/cdef5089-78ea-4236-b8b8-0e491403b128.jpg'><img loading=\"lazy\" decoding=\"async\" width=\"300\" height=\"225\" src=\"https:\/\/www.radiopiu.net\/wordpress\/wp-content\/uploads\/2021\/03\/cdef5089-78ea-4236-b8b8-0e491403b128-300x225.jpg\" class=\"attachment-medium size-medium\" alt=\"\" srcset=\"https:\/\/www.radiopiu.net\/wordpress\/wp-content\/uploads\/2021\/03\/cdef5089-78ea-4236-b8b8-0e491403b128-300x225.jpg 300w, https:\/\/www.radiopiu.net\/wordpress\/wp-content\/uploads\/2021\/03\/cdef5089-78ea-4236-b8b8-0e491403b128-1024x768.jpg 1024w, https:\/\/www.radiopiu.net\/wordpress\/wp-content\/uploads\/2021\/03\/cdef5089-78ea-4236-b8b8-0e491403b128-768x576.jpg 768w, https:\/\/www.radiopiu.net\/wordpress\/wp-content\/uploads\/2021\/03\/cdef5089-78ea-4236-b8b8-0e491403b128-1536x1152.jpg 1536w, https:\/\/www.radiopiu.net\/wordpress\/wp-content\/uploads\/2021\/03\/cdef5089-78ea-4236-b8b8-0e491403b128.jpg 2048w\" sizes=\"auto, (max-width: 300px) 100vw, 300px\" \/><\/a>\n\t\t\t\t<\/dt><\/dl><dl class='gallery-item'>\n\t\t\t\t<dt class='gallery-icon landscape'>\n\t\t\t\t\t<a class=\"rollover rollover-zoom dt-pswp-item\" title=\"9a1f210b-bd40-4fac-b147-449d95420dc8\" data-dt-img-description=\"\" data-large_image_width=\"2048\" data-large_image_height=\"1536\"href='https:\/\/www.radiopiu.net\/wordpress\/wp-content\/uploads\/2021\/03\/9a1f210b-bd40-4fac-b147-449d95420dc8.jpg'><img loading=\"lazy\" decoding=\"async\" width=\"300\" height=\"225\" src=\"https:\/\/www.radiopiu.net\/wordpress\/wp-content\/uploads\/2021\/03\/9a1f210b-bd40-4fac-b147-449d95420dc8-300x225.jpg\" class=\"attachment-medium size-medium\" alt=\"\" srcset=\"https:\/\/www.radiopiu.net\/wordpress\/wp-content\/uploads\/2021\/03\/9a1f210b-bd40-4fac-b147-449d95420dc8-300x225.jpg 300w, https:\/\/www.radiopiu.net\/wordpress\/wp-content\/uploads\/2021\/03\/9a1f210b-bd40-4fac-b147-449d95420dc8-1024x768.jpg 1024w, https:\/\/www.radiopiu.net\/wordpress\/wp-content\/uploads\/2021\/03\/9a1f210b-bd40-4fac-b147-449d95420dc8-768x576.jpg 768w, https:\/\/www.radiopiu.net\/wordpress\/wp-content\/uploads\/2021\/03\/9a1f210b-bd40-4fac-b147-449d95420dc8-1536x1152.jpg 1536w, https:\/\/www.radiopiu.net\/wordpress\/wp-content\/uploads\/2021\/03\/9a1f210b-bd40-4fac-b147-449d95420dc8.jpg 2048w\" sizes=\"auto, (max-width: 300px) 100vw, 300px\" \/><\/a>\n\t\t\t\t<\/dt><\/dl><dl class='gallery-item'>\n\t\t\t\t<dt class='gallery-icon landscape'>\n\t\t\t\t\t<a class=\"rollover rollover-zoom dt-pswp-item\" title=\"7569fafc-7379-451c-9faf-50648ebdf505\" data-dt-img-description=\"\" data-large_image_width=\"2048\" data-large_image_height=\"1536\"href='https:\/\/www.radiopiu.net\/wordpress\/wp-content\/uploads\/2021\/03\/7569fafc-7379-451c-9faf-50648ebdf505.jpg'><img loading=\"lazy\" decoding=\"async\" width=\"300\" height=\"225\" src=\"https:\/\/www.radiopiu.net\/wordpress\/wp-content\/uploads\/2021\/03\/7569fafc-7379-451c-9faf-50648ebdf505-300x225.jpg\" class=\"attachment-medium size-medium\" alt=\"\" srcset=\"https:\/\/www.radiopiu.net\/wordpress\/wp-content\/uploads\/2021\/03\/7569fafc-7379-451c-9faf-50648ebdf505-300x225.jpg 300w, https:\/\/www.radiopiu.net\/wordpress\/wp-content\/uploads\/2021\/03\/7569fafc-7379-451c-9faf-50648ebdf505-1024x768.jpg 1024w, https:\/\/www.radiopiu.net\/wordpress\/wp-content\/uploads\/2021\/03\/7569fafc-7379-451c-9faf-50648ebdf505-768x576.jpg 768w, https:\/\/www.radiopiu.net\/wordpress\/wp-content\/uploads\/2021\/03\/7569fafc-7379-451c-9faf-50648ebdf505-1536x1152.jpg 1536w, https:\/\/www.radiopiu.net\/wordpress\/wp-content\/uploads\/2021\/03\/7569fafc-7379-451c-9faf-50648ebdf505.jpg 2048w\" sizes=\"auto, (max-width: 300px) 100vw, 300px\" \/><\/a>\n\t\t\t\t<\/dt><\/dl><dl class='gallery-item'>\n\t\t\t\t<dt class='gallery-icon landscape'>\n\t\t\t\t\t<a class=\"rollover rollover-zoom dt-pswp-item\" title=\"01d29c87-8492-4ed1-8e27-74f4517161e1\" data-dt-img-description=\"\" data-large_image_width=\"2048\" data-large_image_height=\"1536\"href='https:\/\/www.radiopiu.net\/wordpress\/wp-content\/uploads\/2021\/03\/01d29c87-8492-4ed1-8e27-74f4517161e1.jpg'><img loading=\"lazy\" decoding=\"async\" width=\"300\" height=\"225\" src=\"https:\/\/www.radiopiu.net\/wordpress\/wp-content\/uploads\/2021\/03\/01d29c87-8492-4ed1-8e27-74f4517161e1-300x225.jpg\" class=\"attachment-medium size-medium\" alt=\"\" srcset=\"https:\/\/www.radiopiu.net\/wordpress\/wp-content\/uploads\/2021\/03\/01d29c87-8492-4ed1-8e27-74f4517161e1-300x225.jpg 300w, https:\/\/www.radiopiu.net\/wordpress\/wp-content\/uploads\/2021\/03\/01d29c87-8492-4ed1-8e27-74f4517161e1-1024x768.jpg 1024w, https:\/\/www.radiopiu.net\/wordpress\/wp-content\/uploads\/2021\/03\/01d29c87-8492-4ed1-8e27-74f4517161e1-768x576.jpg 768w, https:\/\/www.radiopiu.net\/wordpress\/wp-content\/uploads\/2021\/03\/01d29c87-8492-4ed1-8e27-74f4517161e1-1536x1152.jpg 1536w, https:\/\/www.radiopiu.net\/wordpress\/wp-content\/uploads\/2021\/03\/01d29c87-8492-4ed1-8e27-74f4517161e1.jpg 2048w\" sizes=\"auto, (max-width: 300px) 100vw, 300px\" \/><\/a>\n\t\t\t\t<\/dt><\/dl><br style=\"clear: both\" \/>\n\t\t\t<\/div>\n\n<p>&nbsp;<\/p>\n<p class=\"p1\"><strong>L\u2019ASSESSORE REGIONALE GIANPAOLO BOTTACIN<\/strong><\/p>\n<div style=\"width: 640px;\" class=\"wp-video\"><video class=\"wp-video-shortcode\" id=\"video-195939-2\" width=\"640\" height=\"352\" preload=\"metadata\" controls=\"controls\"><source type=\"video\/mp4\" src=\"https:\/\/www.radiopiu.net\/wordpress\/wp-content\/uploads\/2021\/03\/WhatsApp-Video-2021-03-05-at-13.23.17-1.mp4?_=2\" \/><a href=\"https:\/\/www.radiopiu.net\/wordpress\/wp-content\/uploads\/2021\/03\/WhatsApp-Video-2021-03-05-at-13.23.17-1.mp4\">https:\/\/www.radiopiu.net\/wordpress\/wp-content\/uploads\/2021\/03\/WhatsApp-Video-2021-03-05-at-13.23.17-1.mp4<\/a><\/video><\/div>\n<p>&nbsp;<\/p>\n<hr \/>\n<p>&nbsp;<\/p>\n<blockquote>\n<h3>DOLOMITI UNESCO APRE I CORDONI DELLA BORSA, 10MILA EURO PER LA MOSTRA DELL&#8217;ARTIGIANATO<\/h3>\n<\/blockquote>\n<p>&nbsp;<\/p>\n<blockquote>\n<h3><strong style=\"font-size: 14px;\"><img loading=\"lazy\" decoding=\"async\" class=\"alignleft\" src=\"https:\/\/www.radiopiu.net\/wordpress\/wp-content\/uploads\/2021\/03\/th-6.jpg\" width=\"192\" height=\"144\" \/>FELTRE\u00a0<\/strong><span style=\"font-size: 14px; font-weight: normal;\">La 35esima edizione Mostra dell&#8217;Artigianato artistico della citt\u00e0 di Feltre avr\u00e0 al proprio fianco<\/span><span style=\"font-size: 14px; font-weight: normal;\"> la Fondazione Dolomiti Unesco, <\/span><span style=\"font-size: 14px; font-weight: normal;\">concorrer\u00e0 alla spesa di organizzazione degli eventi con un contributo pari a 10 mila euro.<\/span><em style=\"font-size: 14px; font-weight: normal;\"> \u201cLa sinergia con la Fondazione Dolomiti Unesco rappresenta un altro tassello di primaria importanza lungo il percorso di valorizzazione a 360 gradi della citt\u00e0 e del suo territorio che abbiamo intrapreso da alcuni anni\u201d<\/em><span style=\"font-size: 14px; font-weight: normal;\">, sottolineano l&#8217;assessore alla Cultura e al Turismo del Comune di Feltre Alessandro Del Bianco e il presidente della mostra dell&#8217;Artigianato Luciano Gesiot.<\/span><\/h3>\n<\/blockquote>\n<p><strong>L&#8217;ASSESSORE ALESSANDRO DEL BIANCO<\/strong><\/p>\n<audio class=\"wp-audio-shortcode\" id=\"audio-195939-4\" preload=\"none\" style=\"width: 100%;\" controls=\"controls\"><source type=\"audio\/mpeg\" src=\"https:\/\/www.radiopiu.net\/wordpress\/wp-content\/uploads\/2021\/03\/del-bianco.mp3?_=4\" \/><a href=\"https:\/\/www.radiopiu.net\/wordpress\/wp-content\/uploads\/2021\/03\/del-bianco.mp3\">https:\/\/www.radiopiu.net\/wordpress\/wp-content\/uploads\/2021\/03\/del-bianco.mp3<\/a><\/audio>\n<p>&nbsp;<\/p>\n<hr \/>\n<p>&nbsp;<\/p>\n<blockquote>\n<h3>NON AUTOSUFFICIENZA, GIOVEDI AUDIZIONI CON LE ASSOCIAZIONI DEI FAMILIARI<\/h3>\n<\/blockquote>\n<p><strong><a href=\"https:\/\/www.radiopiu.net\/wordpress\/?attachment_id=195997\" rel=\"attachment wp-att-195997\"><img loading=\"lazy\" decoding=\"async\" class=\"wp-image-195997 alignleft\" src=\"https:\/\/www.radiopiu.net\/wordpress\/wp-content\/uploads\/2021\/03\/anna-maria-bigon-300x300.jpg\" alt=\"\" width=\"190\" height=\"190\" srcset=\"https:\/\/www.radiopiu.net\/wordpress\/wp-content\/uploads\/2021\/03\/anna-maria-bigon-300x300.jpg 300w, https:\/\/www.radiopiu.net\/wordpress\/wp-content\/uploads\/2021\/03\/anna-maria-bigon-150x150.jpg 150w, https:\/\/www.radiopiu.net\/wordpress\/wp-content\/uploads\/2021\/03\/anna-maria-bigon.jpg 400w\" sizes=\"auto, (max-width: 190px) 100vw, 190px\" \/><\/a>VENEZIA<\/strong> <em>\u201cLa Regione deve rifinanziare in modo adeguato il Fondo per la non autosufficienza e aiutare economicamente i Comuni che altrimenti rischiano di andare in bancarotta a restituire quanto riscosso indebitamente. Gioved\u00ec in Quinta commissione abbiamo le ultime audizioni delle associazioni dei familiari dei disabili, la cui richiesta \u00e8 chiara: la legge sulla non autosufficienza va modificata\u201d<\/em>. A dichiararlo \u00e8 la vicepresidente della commissione Sanit\u00e0 Anna Maria Bigon. Per le amministrazioni locali adesso si pone un serio problema di sostenibilit\u00e0 <em>&#8220;Con riferimento alle rette le sentenze del Consiglio di Stato avranno inevitabilmente ripercussioni sulle casse dei Comuni: famiglie e amministratori di sostegno potranno chiedere indietro quanto indebitamente versato tra il 2016 e il 2020. <\/em><em>La Regione deve intervenire con risorse proprie assumendosi la responsabilit\u00e0 di quanto non fatto fin qui. Il Consiglio di Stato ha infatti ribadito come non ci possano essere disparit\u00e0 di trattamento tra singoli Comuni&#8221;<\/em>.<\/p>\n<p>&nbsp;<\/p>\n<p>&nbsp;<\/p>\n<hr \/>\n<p>&nbsp;<\/p>\n<blockquote>\n<h3>VACANZE COVID-TESTED, COMINCIAMO DALLA MONTAGNA<\/h3>\n<\/blockquote>\n<p><strong><a href=\"https:\/\/www.radiopiu.net\/wordpress\/lanno-nero-del-turismo-in-veneto-nel-2020-cala-il-numero-di-imprese-per-la-prima-volta-dal-2000-fondamentale-il-rilancio-degli-investimenti\/crisi-turismo\/\" rel=\"attachment wp-att-193487\"><img loading=\"lazy\" decoding=\"async\" class=\"wp-image-193487 alignleft\" src=\"https:\/\/www.radiopiu.net\/wordpress\/wp-content\/uploads\/2021\/02\/crisi-turismo-300x225.jpg\" alt=\"\" width=\"187\" height=\"140\" srcset=\"https:\/\/www.radiopiu.net\/wordpress\/wp-content\/uploads\/2021\/02\/crisi-turismo-300x225.jpg 300w, https:\/\/www.radiopiu.net\/wordpress\/wp-content\/uploads\/2021\/02\/crisi-turismo.jpg 626w\" sizes=\"auto, (max-width: 187px) 100vw, 187px\" \/><\/a>ROMA<\/strong>\u00a0<em>\u00abPer salvare il turismo estivo bisogna studiare modalit\u00e0 innovative e garantire gli spostamenti Covid-free, con test sui turisti all\u2019interno delle strutture e dei villaggi. Credo si possa cominciare dalla montagna, che dopo l\u2019inverno mancato si trova in una situazione drammatica\u00bb<\/em>. \u00c8 quanto afferma il deputato di Forza Italia Dario Bond, che propone di sperimentare vacanze Covid-tested, con tamponi in entrata e in uscita da alberghi, campeggi, rifugi e strutture ricettive. <em>&#8220;L&#8217;idea potrebbe essere quella di restringerla ai soggiorni in hotel, villaggi vacanze, camping e bed and breakfast superiori a una settimana. La montagna si presterebbe benissimo, per le dimensioni spesso ridotte delle strutture e anche per la salubrit\u00e0 dell\u2019aria e dell\u2019ambiente. Credo sia fondamentale lavorare a questa idea fin da subito, prima dell&#8217;estate dopo un inverno da dimenticare&#8221;.<\/em><\/p>\n<p><strong>IL DEPUTATO DI FORZA ITALIA DARIO BOND<\/strong><\/p>\n<audio class=\"wp-audio-shortcode\" id=\"audio-195939-5\" preload=\"none\" style=\"width: 100%;\" controls=\"controls\"><source type=\"audio\/mpeg\" src=\"https:\/\/www.radiopiu.net\/wordpress\/wp-content\/uploads\/2021\/03\/BOND-COVID-TEST.mp3?_=5\" \/><a href=\"https:\/\/www.radiopiu.net\/wordpress\/wp-content\/uploads\/2021\/03\/BOND-COVID-TEST.mp3\">https:\/\/www.radiopiu.net\/wordpress\/wp-content\/uploads\/2021\/03\/BOND-COVID-TEST.mp3<\/a><\/audio>\n<p>&nbsp;<\/p>\n<hr \/>\n<p>&nbsp;<\/p>\n<blockquote>\n<h3>ORGANICI DELLA POLIZIA STRADALE PER RESTITUIRE SICUREZZA AI CITTADINI<\/h3>\n<\/blockquote>\n<p><strong><a href=\"https:\/\/www.radiopiu.net\/wordpress\/giornale-radiopiu-17-gennaio-2019-direttore-mirko-mezzacasa\/stradale-belluno-4-1\/\" rel=\"attachment wp-att-73401\"><img loading=\"lazy\" decoding=\"async\" class=\"wp-image-73401 alignleft\" src=\"https:\/\/www.radiopiu.net\/wordpress\/wp-content\/uploads\/2019\/01\/stradale-belluno-4-1-300x189.jpg\" alt=\"\" width=\"210\" height=\"132\" srcset=\"https:\/\/www.radiopiu.net\/wordpress\/wp-content\/uploads\/2019\/01\/stradale-belluno-4-1-300x189.jpg 300w, https:\/\/www.radiopiu.net\/wordpress\/wp-content\/uploads\/2019\/01\/stradale-belluno-4-1.jpg 540w\" sizes=\"auto, (max-width: 210px) 100vw, 210px\" \/><\/a>ROMA<\/strong> <em>\u201cDopo i rinforzi per i Mondiali di Sci di Cortina, la Polizia Stradale di Belluno torna a scontrarsi con le annose difficolt\u00e0 di organico. In una provincia cos\u00ec estesa e con un sistema viario cos\u00ec delicato e complesso, il controllo e la sicurezza sulle strade sono fondamentali: bisogna restituire sicurezza ai cittadini, ai turisti e agli stessi agenti della Stradale\u201d:<\/em> il senatore di Fratelli d&#8217;Italia Luca De Carlo raccoglie cos\u00ec l&#8217;appello della FSP &#8211; Federazione Sindacale di Polizia bellunese.\u00a0 <em>\u201c\u00c8 inaccettabile che la normalit\u00e0 della Polizia Stradale bellunese significhi lavorare con 38 agenti in meno, il 42%, rispetto all&#8217;organico previsto. Una mancanza \u201cspalmata\u201d quasi uniformemente sulle tre sezioni di Belluno, Feltre e Valle di Cadore\u201d<\/em>, sottolinea De Carlo. <em>\u201c\u00c8 inutile dare il contentino, come i 40 agenti arrivati in occasione dei Mondiali di sci del mese scorso, per fare bella figura e poi lasciare la popolazione senza servizi e gli agenti in gravi difficolt\u00e0 di gestione e di copertura del territorio\u201d. <\/em>De Carlo annuncia un&#8217;interrogazione al Ministro dell&#8217;Interno.<\/p>\n<p>&nbsp;<\/p>\n<hr \/>\n<p>&nbsp;<\/p>\n<blockquote>\n<h3>SALTA L&#8217;ASSEMBLEA DEI SOCI DEL CAI DI AGORDO<\/h3>\n<\/blockquote>\n<p><strong><a href=\"https:\/\/www.radiopiu.net\/wordpress\/giornale-radiopiu-07-aprile\/cai-agordo-2\/\" rel=\"attachment wp-att-127841\"><img loading=\"lazy\" decoding=\"async\" class=\"size-full wp-image-127841 alignleft\" src=\"https:\/\/www.radiopiu.net\/wordpress\/wp-content\/uploads\/2020\/04\/cai-agordo.jpg\" alt=\"\" width=\"297\" height=\"170\" \/><\/a>AGORDO<\/strong><\/p>\n<p>di Gianni Santomaso<\/p>\n<audio class=\"wp-audio-shortcode\" id=\"audio-195939-6\" preload=\"none\" style=\"width: 100%;\" controls=\"controls\"><source type=\"audio\/mpeg\" src=\"https:\/\/www.radiopiu.net\/wordpress\/wp-content\/uploads\/2021\/03\/GIANNI-ASSMBLEA-CAI-SALTATA.mp3?_=6\" \/><a href=\"https:\/\/www.radiopiu.net\/wordpress\/wp-content\/uploads\/2021\/03\/GIANNI-ASSMBLEA-CAI-SALTATA.mp3\">https:\/\/www.radiopiu.net\/wordpress\/wp-content\/uploads\/2021\/03\/GIANNI-ASSMBLEA-CAI-SALTATA.mp3<\/a><\/audio>\n<p>&nbsp;<\/p>\n<hr \/>\n<p>&nbsp;<\/p>\n<blockquote>\n<h3>SETTIMANA MONDIALE DEL GLAUCOMA 8 \u2013 14 MARZO 2021<\/h3>\n<\/blockquote>\n<p><strong>BELLUNO <\/strong>L\u2019Unione Italiana dei Ciechi e degli Ipovedenti ONLUS APS sezione territoriale di Belluno da anni aderisce alle iniziative promosse dalla IAPB Italia Onlus (sezione italiana dell\u2019Agenzia Internazionale per la Prevenzione della Cecit\u00e0). La Settimana Mondiale del Glaucoma quest\u2019anno dall\u20198 al 14 marzo \u00e8 dedicata all\u2019informazione e alla prevenzione del glaucoma o \u201cladro della vista\u201d. Questa malattia cronica degenerativa \u00e8 spesso dovuta all\u2019aumento della pressione interna dell\u2019occhio, che pu\u00f2 danneggiare in modo progressivo e irreversibile il nervo ottico, ovvero il nervo responsabile della trasmissione delle informazioni visive al cervello. Si verifica cos\u00ec una perdita del campo visivo che inizia dalle porzioni pi\u00f9 periferiche coinvolgendo progressivamente quelle centrali. Il glaucoma pu\u00f2 manifestarsi con dolore all\u2019occhio, riduzione del visus, ma molto spesso insorge e progredisce senza che il soggetto avverta alcun disturbo, fino al momento in cui il danno al nervo ottico \u00e8 gi\u00e0 molto avanzato. Per questo, l\u2019unico reale ed efficace strumento di prevenzione \u00e8 la visita oculistica, che consente di diagnosticare la malattia in fase iniziale ancora non grave.<\/p>\n<p>&nbsp;<\/p>\n<p>&nbsp;<\/p>\n<hr \/>\n<p>&nbsp;<\/p>\n<blockquote>\n<h3>L\u2019EMIGRAZIONE DEGLI AGORDINI A BINGHAM CANYON UTAH (USA)<\/h3>\n<\/blockquote>\n<p><strong>di Renato Bona<\/strong><\/p>\n<p>Promossa per l\u2019anno accademico 1997-98 della sezione di Agordo dell\u2019Universit\u00e0 degli adulti di Belluno, una ricerca di Rita Fossen, Giovanni Riva e Paolo Laveder \u00e8 culminata con la stampa (Tipografia Piave Belluno, marzo 2001) di un volume dal titolo: \u201cL\u2019emigrazione degli agordini a Bingham Canyon Utah-Usa\u201d, presentato dall\u2019allora arcidiacono di Santa Maria Nascente nonch\u00e9 a capo della Sezione. Monsignor Lino Mottes sottolineava fra l\u2019altro che: \u201cIl merito principale di questo lavoro di ricerca paziente e diligente va ai nostri studenti Rita Fossen, Paolo Laveder, Giovanna Riva, i quali hanno inteso colmare un \u2018vuoto di memoria\u2019 per far conoscere meglio un\u2019importante e commovente pagina di storia e di laboriosit\u00e0 agordina con una testimonianza affettuosa, spontanea e ben documentata, pur se con comprensibili limiti. Si tratta comunque di una lodevolissima iniziativa che se non ha la pretesa di esaurire la vastit\u00e0 dell\u2019argomento, pu\u00f2 costituire una solida base per altre, auspicabili e pi\u00f9 approfondite analisi. Il grande impegno profuso dai nostri tre \u2018allievi\u2019 (della sezione agordina dell\u2019Universit\u00e0 degli anziani di Belluno \u2013 ndr.) \u00e8 peraltro degno della miglior considerazione e sono sicuro che avr\u00e0 positivi e favorevoli riscontri. Esprimo loro sincera gratitudine\u201d. A sua volta Rita Fossen in premessa precisava che \u201cL\u2019idea di una ricerca sugli emigrati a Bingham \u00e8 nata in seguito all\u2019interesse suscitato da una lezione di mons. Lino Mottes agli studenti dell\u2019Universit\u00e0 degli adulti-anziani di Agordo, quando parl\u00f2 dei Mormoni, la setta che si stanzi\u00f2 in Utah nel secolo scorso\u201d, aggiungendo: \u201cDa qui a parlare dell\u2019emigrazione il passo \u00e8 obbligato. In Utah, infatti, nella grande zona mineraria di Bingham Canyon approdarono tanti agordini in cerca di fortuna. Uomini sposati, giovani e anche famiglie affrontarono coraggiosamente questa strada nella speranza di migliorare le proprie condizioni di vita, e quelle future, in tempi difficili\u201d. Quindi aggiungeva: \u201cMolti fra i non pi\u00f9 giovani sanno di questo esodo verso quel lontano Paese del Far West, ma il trascorrere del tempo affievolisce i ricordi e non sappiano quasi nulla\u201d. Da qui il bisogno di conoscere, \u201cnon tanto attraversi i libri (se ve ne fossero!) quanto per le testimonianze dirette di chi ha vissuto tale profonda esperienza in quanto emigrato oppure figlio o nipote di emigrati a Bingham\u201d. Il risultato della ricerca che spazia dal 1895 al 1930 circa (preziosa la collaborazione fra le altre di due discendenti di emigrati che vivono in America: il professor John Riva, Canada, e il dott. Notarianni, Salt Lake City) \u00e8 stata la scoperta di \u201cun filone che \u00e8 ancora ben lungi dall\u2019esaurirsi! Ed \u00e8 stato bello contattare tante persone, sentirle parlare dei loro parenti, notare l\u2019emozione che via via le prendeva nel far rivivere quei ricordi, spesso dolorosi\u2026\u201d. Resta la convinzione della Fossen che \u201ci nostri incontri hanno suscitato in molti giovani discendenti di questi emigrati il desiderio di conoscere meglio i loro antenati di cui sanno troppo poco\u2026 Saremo lieti se questo nostro avvio servir\u00e0 ad altri come stimolo per procedere affinch\u00e9 si possa recuperare la memoria di un passato che merita di essere conosciuto e ricordato perch\u00e9 ricco di valori umani autentici e perch\u00e9 nostro\u201d. Precisando che torneremo senz\u2019altro sull\u2019argomento dobbiamo precisare che Giovanna Riva \u00e8 autrice del capitolo in cui rievoca la storia di suo padre Giovanni (ma non solo), partito da Voltago e approdato nel Far West dove fu assunto nelle miniere di rame a cielo aperto di Bingham prima di trasferirsi in altri stati Usa \u201cattratto da miglior fortuna\u201d\u2026\u201d. Mentre Paolo Laveder racconta del nonno Pietro Laveder, nato il 29 aprile 1869 e \u201cpartito per Bingham nel 1912, lasciando nel piccolo villaggio (Laveder) 4 figli: mia madre Corona (1898) che era la pi\u00f9 anziana, aveva 14 anni, mio zio Osvaldo di 9, mia zia Anna di 7 e infine mia zia Carolina di 5. Mia madre doveva lavorare la terra e accudire i suoi fratelli. Nel 1915 inizi\u00f2 la guerra e la vita gi\u00e0 grama divenne veramente tragica, specialmente con la scarsit\u00e0 di cibo\u2026\u201d. La parte del leone la fa Rita Fossen che espone una breve analisi dell\u2019emigrazione italiana tra \u2018800 e \u2018900; illustra sinteticamente lo stato dello Utah; cita, dalla relazione di mons. Mottes, la Setta religiosa dei Mormoni; scrive dell\u2019estrazione del rame nel Canyon di Bingham e della Situazione della miniera dal 1906 al 1998 e\u2026oltre; richiama uno sciopero del 1912 prima di qualche cenno dei ricordi lasciati nella comunit\u00e0 ospitante; si sofferma sulle \u201cCause dell\u2019emigrazione dei lavoratori del Basso Agordino e di Rivamonte in particolare verso Bingham Canyon e Utah; illustra le Organizzazioni sociali e fraternite, in particolare la Societ\u00e0 di mutuo soccorso di S. Antonio; non manca una citazione delle leggi restrittive sull\u2019immigrazione in Usa negli Anni \u201920, e sul \u201cCimitero degli agordini\u201d. Infine, significativa e toccante, la serie di \u201cTestimonianze di parenti o conoscenti di 95 emigranti\u201d.<\/p>\n\n\t\t\t<style type='text\/css'>\n\t\t\t\t#gallery-5 {\n\t\t\t\t\tmargin: auto;\n\t\t\t\t}\n\t\t\t\t#gallery-5 .gallery-item {\n\t\t\t\t\tfloat: left;\n\t\t\t\t\tmargin-top: 10px;\n\t\t\t\t\ttext-align: center;\n\t\t\t\t\twidth: 16%;\n\t\t\t\t}\n\t\t\t\t#gallery-5 img {\n\t\t\t\t\tborder: 2px solid #cfcfcf;\n\t\t\t\t}\n\t\t\t\t#gallery-5 .gallery-caption {\n\t\t\t\t\tmargin-left: 0;\n\t\t\t\t}\n\t\t\t\t\/* see gallery_shortcode() in wp-includes\/media.php *\/\n\t\t\t<\/style>\n\t\t<div id='gallery-5' class='dt-gallery-container gallery galleryid-195939 gallery-columns-6 gallery-size-thumbnail'><dl class='gallery-item'>\n\t\t\t\t<dt class='gallery-icon landscape'>\n\t\t\t\t\t<a class=\"rollover rollover-zoom dt-pswp-item\" title=\"158891400_1122328224875069_778930295543614873_n\" data-dt-img-description=\"\" data-large_image_width=\"2560\" data-large_image_height=\"1690\"href='https:\/\/www.radiopiu.net\/wordpress\/wp-content\/uploads\/2021\/03\/158891400_1122328224875069_778930295543614873_n-scaled.jpg'><img loading=\"lazy\" decoding=\"async\" width=\"150\" height=\"150\" src=\"https:\/\/www.radiopiu.net\/wordpress\/wp-content\/uploads\/2021\/03\/158891400_1122328224875069_778930295543614873_n-150x150.jpg\" class=\"attachment-thumbnail size-thumbnail\" alt=\"\" \/><\/a>\n\t\t\t\t<\/dt><\/dl><dl class='gallery-item'>\n\t\t\t\t<dt class='gallery-icon landscape'>\n\t\t\t\t\t<a class=\"rollover rollover-zoom dt-pswp-item\" title=\"158640662_129150472399725_5349137253521092054_n\" data-dt-img-description=\"\" data-large_image_width=\"2560\" data-large_image_height=\"1634\"href='https:\/\/www.radiopiu.net\/wordpress\/wp-content\/uploads\/2021\/03\/158640662_129150472399725_5349137253521092054_n-scaled.jpg'><img loading=\"lazy\" decoding=\"async\" width=\"150\" height=\"150\" src=\"https:\/\/www.radiopiu.net\/wordpress\/wp-content\/uploads\/2021\/03\/158640662_129150472399725_5349137253521092054_n-150x150.jpg\" class=\"attachment-thumbnail size-thumbnail\" alt=\"\" \/><\/a>\n\t\t\t\t<\/dt><\/dl><dl class='gallery-item'>\n\t\t\t\t<dt class='gallery-icon portrait'>\n\t\t\t\t\t<a class=\"rollover rollover-zoom dt-pswp-item\" title=\"159089229_189089842981316_822705796732636448_n\" data-dt-img-description=\"\" data-large_image_width=\"1793\" data-large_image_height=\"2560\"href='https:\/\/www.radiopiu.net\/wordpress\/wp-content\/uploads\/2021\/03\/159089229_189089842981316_822705796732636448_n-scaled.jpg'><img loading=\"lazy\" decoding=\"async\" width=\"150\" height=\"150\" src=\"https:\/\/www.radiopiu.net\/wordpress\/wp-content\/uploads\/2021\/03\/159089229_189089842981316_822705796732636448_n-150x150.jpg\" class=\"attachment-thumbnail size-thumbnail\" alt=\"\" \/><\/a>\n\t\t\t\t<\/dt><\/dl><dl class='gallery-item'>\n\t\t\t\t<dt class='gallery-icon landscape'>\n\t\t\t\t\t<a class=\"rollover rollover-zoom dt-pswp-item\" title=\"159091977_237399811395120_6289756014495754968_n\" data-dt-img-description=\"\" data-large_image_width=\"2560\" data-large_image_height=\"1596\"href='https:\/\/www.radiopiu.net\/wordpress\/wp-content\/uploads\/2021\/03\/159091977_237399811395120_6289756014495754968_n-scaled.jpg'><img loading=\"lazy\" decoding=\"async\" width=\"150\" height=\"150\" src=\"https:\/\/www.radiopiu.net\/wordpress\/wp-content\/uploads\/2021\/03\/159091977_237399811395120_6289756014495754968_n-150x150.jpg\" class=\"attachment-thumbnail size-thumbnail\" alt=\"\" \/><\/a>\n\t\t\t\t<\/dt><\/dl><dl class='gallery-item'>\n\t\t\t\t<dt class='gallery-icon portrait'>\n\t\t\t\t\t<a class=\"rollover rollover-zoom dt-pswp-item\" title=\"158998037_275559874150216_4894716133031893652_n\" data-dt-img-description=\"\" data-large_image_width=\"2236\" data-large_image_height=\"2307\"href='https:\/\/www.radiopiu.net\/wordpress\/wp-content\/uploads\/2021\/03\/158998037_275559874150216_4894716133031893652_n.jpg'><img loading=\"lazy\" decoding=\"async\" width=\"150\" height=\"150\" src=\"https:\/\/www.radiopiu.net\/wordpress\/wp-content\/uploads\/2021\/03\/158998037_275559874150216_4894716133031893652_n-150x150.jpg\" class=\"attachment-thumbnail size-thumbnail\" alt=\"\" \/><\/a>\n\t\t\t\t<\/dt><\/dl><dl class='gallery-item'>\n\t\t\t\t<dt class='gallery-icon portrait'>\n\t\t\t\t\t<a class=\"rollover rollover-zoom dt-pswp-item\" title=\"158967689_3579492598844418_3902667603423161536_n\" data-dt-img-description=\"\" data-large_image_width=\"1967\" data-large_image_height=\"2560\"href='https:\/\/www.radiopiu.net\/wordpress\/wp-content\/uploads\/2021\/03\/158967689_3579492598844418_3902667603423161536_n-scaled.jpg'><img loading=\"lazy\" decoding=\"async\" width=\"150\" height=\"150\" src=\"https:\/\/www.radiopiu.net\/wordpress\/wp-content\/uploads\/2021\/03\/158967689_3579492598844418_3902667603423161536_n-150x150.jpg\" class=\"attachment-thumbnail size-thumbnail\" alt=\"\" \/><\/a>\n\t\t\t\t<\/dt><\/dl><br style=\"clear: both\" \/><dl class='gallery-item'>\n\t\t\t\t<dt class='gallery-icon landscape'>\n\t\t\t\t\t<a class=\"rollover rollover-zoom dt-pswp-item\" title=\"158810144_3988170924582764_6870673751491168171_n\" data-dt-img-description=\"\" data-large_image_width=\"2560\" data-large_image_height=\"1200\"href='https:\/\/www.radiopiu.net\/wordpress\/wp-content\/uploads\/2021\/03\/158810144_3988170924582764_6870673751491168171_n-scaled.jpg'><img loading=\"lazy\" decoding=\"async\" width=\"150\" height=\"150\" src=\"https:\/\/www.radiopiu.net\/wordpress\/wp-content\/uploads\/2021\/03\/158810144_3988170924582764_6870673751491168171_n-150x150.jpg\" class=\"attachment-thumbnail size-thumbnail\" alt=\"\" \/><\/a>\n\t\t\t\t<\/dt><\/dl><dl class='gallery-item'>\n\t\t\t\t<dt class='gallery-icon landscape'>\n\t\t\t\t\t<a class=\"rollover rollover-zoom dt-pswp-item\" title=\"158931558_4132786383412827_8692787386524315081_n\" data-dt-img-description=\"\" data-large_image_width=\"2560\" data-large_image_height=\"1646\"href='https:\/\/www.radiopiu.net\/wordpress\/wp-content\/uploads\/2021\/03\/158931558_4132786383412827_8692787386524315081_n-scaled.jpg'><img loading=\"lazy\" decoding=\"async\" width=\"150\" height=\"150\" src=\"https:\/\/www.radiopiu.net\/wordpress\/wp-content\/uploads\/2021\/03\/158931558_4132786383412827_8692787386524315081_n-150x150.jpg\" class=\"attachment-thumbnail size-thumbnail\" alt=\"\" \/><\/a>\n\t\t\t\t<\/dt><\/dl><dl class='gallery-item'>\n\t\t\t\t<dt class='gallery-icon portrait'>\n\t\t\t\t\t<a class=\"rollover rollover-zoom dt-pswp-item\" title=\"158725526_425875712047418_8275621951722169094_n\" data-dt-img-description=\"\" data-large_image_width=\"1600\" data-large_image_height=\"2560\"href='https:\/\/www.radiopiu.net\/wordpress\/wp-content\/uploads\/2021\/03\/158725526_425875712047418_8275621951722169094_n-scaled.jpg'><img loading=\"lazy\" decoding=\"async\" width=\"150\" height=\"150\" src=\"https:\/\/www.radiopiu.net\/wordpress\/wp-content\/uploads\/2021\/03\/158725526_425875712047418_8275621951722169094_n-150x150.jpg\" class=\"attachment-thumbnail size-thumbnail\" alt=\"\" \/><\/a>\n\t\t\t\t<\/dt><\/dl><dl class='gallery-item'>\n\t\t\t\t<dt class='gallery-icon landscape'>\n\t\t\t\t\t<a class=\"rollover rollover-zoom dt-pswp-item\" title=\"159205261_437814240836484_636843994912642993_n\" data-dt-img-description=\"\" data-large_image_width=\"2560\" data-large_image_height=\"1752\"href='https:\/\/www.radiopiu.net\/wordpress\/wp-content\/uploads\/2021\/03\/159205261_437814240836484_636843994912642993_n-scaled.jpg'><img loading=\"lazy\" decoding=\"async\" width=\"150\" height=\"150\" src=\"https:\/\/www.radiopiu.net\/wordpress\/wp-content\/uploads\/2021\/03\/159205261_437814240836484_636843994912642993_n-150x150.jpg\" class=\"attachment-thumbnail size-thumbnail\" alt=\"\" \/><\/a>\n\t\t\t\t<\/dt><\/dl><dl class='gallery-item'>\n\t\t\t\t<dt class='gallery-icon landscape'>\n\t\t\t\t\t<a class=\"rollover rollover-zoom dt-pswp-item\" title=\"158846786_443070487010136_3830665264876665875_n\" data-dt-img-description=\"\" data-large_image_width=\"2560\" data-large_image_height=\"1298\"href='https:\/\/www.radiopiu.net\/wordpress\/wp-content\/uploads\/2021\/03\/158846786_443070487010136_3830665264876665875_n-scaled.jpg'><img loading=\"lazy\" decoding=\"async\" width=\"150\" height=\"150\" src=\"https:\/\/www.radiopiu.net\/wordpress\/wp-content\/uploads\/2021\/03\/158846786_443070487010136_3830665264876665875_n-150x150.jpg\" class=\"attachment-thumbnail size-thumbnail\" alt=\"\" \/><\/a>\n\t\t\t\t<\/dt><\/dl><dl class='gallery-item'>\n\t\t\t\t<dt class='gallery-icon landscape'>\n\t\t\t\t\t<a class=\"rollover rollover-zoom dt-pswp-item\" title=\"159228850_756381195020639_8830897515902981635_n\" data-dt-img-description=\"\" data-large_image_width=\"2560\" data-large_image_height=\"1848\"href='https:\/\/www.radiopiu.net\/wordpress\/wp-content\/uploads\/2021\/03\/159228850_756381195020639_8830897515902981635_n-scaled.jpg'><img loading=\"lazy\" decoding=\"async\" width=\"150\" height=\"150\" src=\"https:\/\/www.radiopiu.net\/wordpress\/wp-content\/uploads\/2021\/03\/159228850_756381195020639_8830897515902981635_n-150x150.jpg\" class=\"attachment-thumbnail size-thumbnail\" alt=\"\" \/><\/a>\n\t\t\t\t<\/dt><\/dl><br style=\"clear: both\" \/>\n\t\t\t<\/div>\n\n<p>NELLE FOTO (riproduzioni dal libro\u201dL\u2019emigrazione degli agordini a Bingham Canyon Utah-Usa\u201d): la copertina del prezioso volume edito dalla sezione agordina dell\u2019Universit\u00e0 degli anziani di Belluno; cartolina di inizio secolo di Bingham Canyon; la miniera nel cuore dei monti Oquirrh (foto di Celestina Scussel); la segheria della miniera; la tramoggia per il carico ed il trasporto del materiale (foto Franco Della Lucia); negozio e annesso saloon di John Scussel e figlio nella zona di Bingham (foto Giampietro Zanin di Rivamonte); 66 minatori italiani, probabilmente agordini dato che la foto \u00e8 di Egidio Della Lucia; dopo la parata nel \u201cGiorno di Colombo\u201d a Salt Lake City, il primo a destra in prima fila \u00e8 Egidio Della Lucia (foto Franco Della Lucia); la fanfara degli agordini; alcuni soci fondatori della Societ\u00e0 italiana di mutua beneficenza a Bingham (foto Soms); Rivamonte Agordino 27 luglio 1924: foto di gruppo per i soci della Societ\u00e0 operaia di mutuo soccorso \u201cSant\u2019Antonio\u201d (foto di Cesare Gnech di Rivamonte, concessa dalla Soms); un funerale a Bingham verso il 1910, il terzo della prima fila da destra \u00e8 Matteo Giusto di Rivamonte<\/p>\n<p>&nbsp;<\/p>\n<p>&nbsp;<\/p>\n<hr \/>\n<p>&nbsp;<\/p>\n<blockquote>\n<h3>JENNIFER ANTON E IL LIBRO AMBIENTATO A FONZASO<\/h3>\n<\/blockquote>\n<p><strong><a href=\"https:\/\/www.radiopiu.net\/wordpress\/lagordino-alex-rossi-sci-club-val-biois-bronzo-ai-campionati-italiani-ragazzi\/confidential-cover-under-the-light-of-the-italian-moon\/\" rel=\"attachment wp-att-195649\"><img loading=\"lazy\" decoding=\"async\" class=\"size-medium wp-image-195649 alignleft\" src=\"https:\/\/www.radiopiu.net\/wordpress\/wp-content\/uploads\/2021\/03\/Confidential-Cover-Under-the-Light-of-the-Italian-Moon-198x300.jpg\" alt=\"\" width=\"198\" height=\"300\" srcset=\"https:\/\/www.radiopiu.net\/wordpress\/wp-content\/uploads\/2021\/03\/Confidential-Cover-Under-the-Light-of-the-Italian-Moon-198x300.jpg 198w, https:\/\/www.radiopiu.net\/wordpress\/wp-content\/uploads\/2021\/03\/Confidential-Cover-Under-the-Light-of-the-Italian-Moon.jpg 673w\" sizes=\"auto, (max-width: 198px) 100vw, 198px\" \/><\/a>di Gianni Santomaso<\/strong><\/p>\n<audio class=\"wp-audio-shortcode\" id=\"audio-195939-7\" preload=\"none\" style=\"width: 100%;\" controls=\"controls\"><source type=\"audio\/mpeg\" src=\"https:\/\/www.radiopiu.net\/wordpress\/wp-content\/uploads\/2021\/03\/GIANNI-LIBRO.mp3?_=7\" \/><a href=\"https:\/\/www.radiopiu.net\/wordpress\/wp-content\/uploads\/2021\/03\/GIANNI-LIBRO.mp3\">https:\/\/www.radiopiu.net\/wordpress\/wp-content\/uploads\/2021\/03\/GIANNI-LIBRO.mp3<\/a><\/audio>\n<p>&nbsp;<\/p>\n\n\t\t\t<style type='text\/css'>\n\t\t\t\t#gallery-6 {\n\t\t\t\t\tmargin: auto;\n\t\t\t\t}\n\t\t\t\t#gallery-6 .gallery-item {\n\t\t\t\t\tfloat: left;\n\t\t\t\t\tmargin-top: 10px;\n\t\t\t\t\ttext-align: center;\n\t\t\t\t\twidth: 25%;\n\t\t\t\t}\n\t\t\t\t#gallery-6 img {\n\t\t\t\t\tborder: 2px solid #cfcfcf;\n\t\t\t\t}\n\t\t\t\t#gallery-6 .gallery-caption {\n\t\t\t\t\tmargin-left: 0;\n\t\t\t\t}\n\t\t\t\t\/* see gallery_shortcode() in wp-includes\/media.php *\/\n\t\t\t<\/style>\n\t\t<div id='gallery-6' class='dt-gallery-container gallery galleryid-195939 gallery-columns-4 gallery-size-thumbnail'><dl class='gallery-item'>\n\t\t\t\t<dt class='gallery-icon portrait'>\n\t\t\t\t\t<a class=\"rollover rollover-zoom dt-pswp-item\" title=\"maria and theodogio\" data-dt-img-description=\"\" data-large_image_width=\"1920\" data-large_image_height=\"2560\"href='https:\/\/www.radiopiu.net\/wordpress\/wp-content\/uploads\/2021\/03\/maria-and-theodogio-scaled.jpg'><img loading=\"lazy\" decoding=\"async\" width=\"150\" height=\"150\" src=\"https:\/\/www.radiopiu.net\/wordpress\/wp-content\/uploads\/2021\/03\/maria-and-theodogio-150x150.jpg\" class=\"attachment-thumbnail size-thumbnail\" alt=\"\" \/><\/a>\n\t\t\t\t<\/dt><\/dl><dl class='gallery-item'>\n\t\t\t\t<dt class='gallery-icon landscape'>\n\t\t\t\t\t<a class=\"rollover rollover-zoom dt-pswp-item\" title=\"Argenta family picture - no names\" data-dt-img-description=\"\" data-large_image_width=\"1777\" data-large_image_height=\"1197\"href='https:\/\/www.radiopiu.net\/wordpress\/wp-content\/uploads\/2021\/03\/Argenta-family-picture-no-names.jpg'><img loading=\"lazy\" decoding=\"async\" width=\"150\" height=\"150\" src=\"https:\/\/www.radiopiu.net\/wordpress\/wp-content\/uploads\/2021\/03\/Argenta-family-picture-no-names-150x150.jpg\" class=\"attachment-thumbnail size-thumbnail\" alt=\"\" \/><\/a>\n\t\t\t\t<\/dt><\/dl><dl class='gallery-item'>\n\t\t\t\t<dt class='gallery-icon portrait'>\n\t\t\t\t\t<a class=\"rollover rollover-zoom dt-pswp-item\" title=\"Ninetta and Lasia\" data-dt-img-description=\"\" data-large_image_width=\"1036\" data-large_image_height=\"1620\"href='https:\/\/www.radiopiu.net\/wordpress\/wp-content\/uploads\/2021\/03\/Ninetta-and-Lasia.jpg'><img loading=\"lazy\" decoding=\"async\" width=\"150\" height=\"150\" src=\"https:\/\/www.radiopiu.net\/wordpress\/wp-content\/uploads\/2021\/03\/Ninetta-and-Lasia-150x150.jpg\" class=\"attachment-thumbnail size-thumbnail\" alt=\"\" \/><\/a>\n\t\t\t\t<\/dt><\/dl><dl class='gallery-item'>\n\t\t\t\t<dt class='gallery-icon portrait'>\n\t\t\t\t\t<a class=\"rollover rollover-zoom dt-pswp-item\" title=\"Researching with aunt\" data-dt-img-description=\"\" data-large_image_width=\"750\" data-large_image_height=\"937\"href='https:\/\/www.radiopiu.net\/wordpress\/wp-content\/uploads\/2021\/03\/Researching-with-aunt.jpg'><img loading=\"lazy\" decoding=\"async\" width=\"150\" height=\"150\" src=\"https:\/\/www.radiopiu.net\/wordpress\/wp-content\/uploads\/2021\/03\/Researching-with-aunt-150x150.jpg\" class=\"attachment-thumbnail size-thumbnail\" alt=\"\" \/><\/a>\n\t\t\t\t<\/dt><\/dl><br style=\"clear: both\" \/><dl class='gallery-item'>\n\t\t\t\t<dt class='gallery-icon portrait'>\n\t\t\t\t\t<a class=\"rollover rollover-zoom dt-pswp-item\" title=\"Jennifer with Adelasia and Corrado\" data-dt-img-description=\"\" data-large_image_width=\"620\" data-large_image_height=\"749\"href='https:\/\/www.radiopiu.net\/wordpress\/wp-content\/uploads\/2021\/03\/Jennifer-with-Adelasia-and-Corrado.jpg'><img loading=\"lazy\" decoding=\"async\" width=\"150\" height=\"150\" src=\"https:\/\/www.radiopiu.net\/wordpress\/wp-content\/uploads\/2021\/03\/Jennifer-with-Adelasia-and-Corrado-150x150.jpg\" class=\"attachment-thumbnail size-thumbnail\" alt=\"\" \/><\/a>\n\t\t\t\t<\/dt><\/dl><dl class='gallery-item'>\n\t\t\t\t<dt class='gallery-icon landscape'>\n\t\t\t\t\t<a class=\"rollover rollover-zoom dt-pswp-item\" title=\"IMG_0885\" data-dt-img-description=\"\" data-large_image_width=\"640\" data-large_image_height=\"480\"href='https:\/\/www.radiopiu.net\/wordpress\/wp-content\/uploads\/2021\/03\/IMG_0885.jpg'><img loading=\"lazy\" decoding=\"async\" width=\"150\" height=\"150\" src=\"https:\/\/www.radiopiu.net\/wordpress\/wp-content\/uploads\/2021\/03\/IMG_0885-150x150.jpg\" class=\"attachment-thumbnail size-thumbnail\" alt=\"\" \/><\/a>\n\t\t\t\t<\/dt><\/dl><dl class='gallery-item'>\n\t\t\t\t<dt class='gallery-icon landscape'>\n\t\t\t\t\t<a class=\"rollover rollover-zoom dt-pswp-item\" title=\"BookBrushImage-2021-2-24-14-1431\" data-dt-img-description=\"\" data-large_image_width=\"1500\" data-large_image_height=\"1000\"href='https:\/\/www.radiopiu.net\/wordpress\/wp-content\/uploads\/2021\/03\/BookBrushImage-2021-2-24-14-1431.png'><img loading=\"lazy\" decoding=\"async\" width=\"150\" height=\"150\" src=\"https:\/\/www.radiopiu.net\/wordpress\/wp-content\/uploads\/2021\/03\/BookBrushImage-2021-2-24-14-1431-150x150.png\" class=\"attachment-thumbnail size-thumbnail\" alt=\"\" \/><\/a>\n\t\t\t\t<\/dt><\/dl><dl class='gallery-item'>\n\t\t\t\t<dt class='gallery-icon portrait'>\n\t\t\t\t\t<a class=\"rollover rollover-zoom dt-pswp-item\" title=\"IMG_5290 cut down\" data-dt-img-description=\"\" data-large_image_width=\"606\" data-large_image_height=\"761\"href='https:\/\/www.radiopiu.net\/wordpress\/wp-content\/uploads\/2021\/03\/IMG_5290-cut-down.jpg'><img loading=\"lazy\" decoding=\"async\" width=\"150\" height=\"150\" src=\"https:\/\/www.radiopiu.net\/wordpress\/wp-content\/uploads\/2021\/03\/IMG_5290-cut-down-150x150.jpg\" class=\"attachment-thumbnail size-thumbnail\" alt=\"\" \/><\/a>\n\t\t\t\t<\/dt><\/dl><br style=\"clear: both\" \/>\n\t\t\t<\/div>\n\n<p>&nbsp;<\/p>\n<hr \/>\n<p>&nbsp;<\/p>\n<h2><span style=\"color: #ff0000;\">ALLA RADIO\u00a0<\/span><\/h2>\n<h2>DAL 22 MARZO&#8230; CON CLAUDIO PRA, il nuovo programma un ciclo di 22 puntate dal lunedi al venerdi<\/h2>\n<div style=\"width: 854px;\" class=\"wp-video\"><video class=\"wp-video-shortcode\" id=\"video-195939-3\" width=\"854\" height=\"480\" preload=\"metadata\" controls=\"controls\"><source type=\"video\/mp4\" src=\"https:\/\/www.radiopiu.net\/wordpress\/wp-content\/uploads\/2021\/03\/WhatsApp-Video-2021-03-09-at-18.43.48.mp4?_=3\" \/><a href=\"https:\/\/www.radiopiu.net\/wordpress\/wp-content\/uploads\/2021\/03\/WhatsApp-Video-2021-03-09-at-18.43.48.mp4\">https:\/\/www.radiopiu.net\/wordpress\/wp-content\/uploads\/2021\/03\/WhatsApp-Video-2021-03-09-at-18.43.48.mp4<\/a><\/video><\/div>\n<p>&nbsp;<\/p>\n<hr \/>\n<p>&nbsp;<\/p>\n<blockquote class=\"wp-embedded-content\" data-secret=\"rLMmPLzrtn\"><p><a href=\"https:\/\/www.radiopiu.net\/wordpress\/corocaibelluno\/\">CONOSCIAMO I CORI DEL BELLUNESE  SESTA  PUNTATA CON IL CORO CAI DI BELLUNO<\/a><\/p><\/blockquote>\n<p><iframe loading=\"lazy\" class=\"wp-embedded-content\" sandbox=\"allow-scripts\" security=\"restricted\" style=\"position: absolute; clip: rect(1px, 1px, 1px, 1px);\" title=\"&#8220;CONOSCIAMO I CORI DEL BELLUNESE  SESTA  PUNTATA CON IL CORO CAI DI BELLUNO&#8221; &#8212; Radio Pi\u00f9\" src=\"https:\/\/www.radiopiu.net\/wordpress\/corocaibelluno\/embed\/#?secret=rLMmPLzrtn\" data-secret=\"rLMmPLzrtn\" width=\"600\" height=\"338\" frameborder=\"0\" marginwidth=\"0\" marginheight=\"0\" scrolling=\"no\"><\/iframe><\/p>\n<p>&nbsp;<\/p>\n<hr \/>\n<div>\n<h2><span style=\"color: #ff0000;\"><a href=\"https:\/\/www.radiopiu.net\/wordpress\/ieri-alla-radio-leggermente-bellunesi-di-luisa-alchini\/158286232_1602990903222304_8080828599590912308_o\/\" rel=\"attachment wp-att-195976\"><img loading=\"lazy\" decoding=\"async\" class=\"wp-image-195976 alignleft\" src=\"https:\/\/www.radiopiu.net\/wordpress\/wp-content\/uploads\/2021\/03\/158286232_1602990903222304_8080828599590912308_o-195x300.jpg\" alt=\"\" width=\"159\" height=\"245\" srcset=\"https:\/\/www.radiopiu.net\/wordpress\/wp-content\/uploads\/2021\/03\/158286232_1602990903222304_8080828599590912308_o-195x300.jpg 195w, https:\/\/www.radiopiu.net\/wordpress\/wp-content\/uploads\/2021\/03\/158286232_1602990903222304_8080828599590912308_o.jpg 526w\" sizes=\"auto, (max-width: 159px) 100vw, 159px\" \/><\/a>ALLA RADIO<\/span><\/h2>\n<\/div>\n<div>\n<h2><strong>LE\u00a0 PUNTATE di Luisa Alchini di Leggermente Bellunesi, la domenica alle 11, <span style=\"color: #0000ff;\">IL MARTEDI IN PRIMA EDIZIONE\u00a0<\/span> alle 10.30 e alle 19.00<\/strong><\/h2>\n<\/div>\n<div>\n<div dir=\"auto\">Una raccolta di testimonianze di giovani bellunesi che hanno deciso di fare le valigie per vivere un&#8217;esperienza professionale all&#8217;estero. Fanno parte della generazione &#8220;expat&#8221;. Benvenuti nell&#8217;emigrazione 2.0<\/div>\n<\/div>\n<div dir=\"auto\"><\/div>\n<div dir=\"auto\"><\/div>\n<div dir=\"auto\"><\/div>\n<div dir=\"auto\"><strong>AUDIO<\/strong><\/div>\n<div>\n<audio class=\"wp-audio-shortcode\" id=\"audio-195939-8\" preload=\"none\" style=\"width: 100%;\" controls=\"controls\"><source type=\"audio\/mpeg\" src=\"https:\/\/www.radiopiu.net\/wordpress\/wp-content\/uploads\/2021\/03\/21lebbermenteABMemigrazioneduepuntozero.mp3?_=8\" \/><a href=\"https:\/\/www.radiopiu.net\/wordpress\/wp-content\/uploads\/2021\/03\/21lebbermenteABMemigrazioneduepuntozero.mp3\">https:\/\/www.radiopiu.net\/wordpress\/wp-content\/uploads\/2021\/03\/21lebbermenteABMemigrazioneduepuntozero.mp3<\/a><\/audio>\n<p>&nbsp;<\/p>\n<\/div>\n<blockquote>\n<div>\n<h2><strong style=\"font-size: 14px;\"><span style=\"color: #000000;\">RACCOLTA COMPLETA<\/span><\/strong><\/h2>\n<\/div>\n<blockquote class=\"wp-embedded-content\" data-secret=\"t64aomO8mA\"><p><a href=\"https:\/\/www.radiopiu.net\/wordpress\/leggermente-20\/\">LEGGERmente&#8230;Bellunesi<\/a><\/p><\/blockquote>\n<p><iframe loading=\"lazy\" class=\"wp-embedded-content\" sandbox=\"allow-scripts\" security=\"restricted\" style=\"position: absolute; clip: rect(1px, 1px, 1px, 1px);\" title=\"&#8220;LEGGERmente&#8230;Bellunesi&#8221; &#8212; Radio Pi\u00f9\" src=\"https:\/\/www.radiopiu.net\/wordpress\/leggermente-20\/embed\/#?secret=t64aomO8mA\" data-secret=\"t64aomO8mA\" width=\"600\" height=\"338\" frameborder=\"0\" marginwidth=\"0\" marginheight=\"0\" scrolling=\"no\"><\/iframe><\/p>\n<p>&nbsp;<\/p><\/blockquote>\n<p>&nbsp;<\/p>\n<hr \/>\n<p>&nbsp;<\/p>\n<h2><span style=\"color: #ff0000;\"><img decoding=\"async\" class=\"alignleft\" src=\"https:\/\/www.radiopiu.net\/wordpress\/wp-content\/uploads\/2021\/03\/th-5.jpg\" \/><\/span><\/h2>\n<h2><\/h2>\n<h2><span style=\"color: #ff0000;\">ALLA RADIO<\/span><\/h2>\n<h2><span style=\"color: #008000;\">ERBE E PIANTE CURATIVE&#8230;IL\u00a0 PROGRAMMA DI PAOLA LANCIATO<\/span><\/h2>\n<p><strong>SESTA\u00a0 PUNTATA &#8211; L&#8217;AGRIFOGLIO<\/strong><\/p>\n<audio class=\"wp-audio-shortcode\" id=\"audio-195939-9\" preload=\"none\" style=\"width: 100%;\" controls=\"controls\"><source type=\"audio\/mpeg\" src=\"https:\/\/www.radiopiu.net\/wordpress\/wp-content\/uploads\/2021\/03\/6-LAgrifoglio-M.mp3?_=9\" \/><a href=\"https:\/\/www.radiopiu.net\/wordpress\/wp-content\/uploads\/2021\/03\/6-LAgrifoglio-M.mp3\">https:\/\/www.radiopiu.net\/wordpress\/wp-content\/uploads\/2021\/03\/6-LAgrifoglio-M.mp3<\/a><\/audio>\n<p>&nbsp;<\/p>\n<p><strong>LA RACCOLTA COMPLETA<\/strong><\/p>\n<blockquote class=\"wp-embedded-content\" data-secret=\"9DzGmzhJuR\"><p><a href=\"https:\/\/www.radiopiu.net\/wordpress\/erbe-e-piante-curative\/\">ERBE E PIANTE CURATIVE<\/a><\/p><\/blockquote>\n<p><iframe loading=\"lazy\" class=\"wp-embedded-content\" sandbox=\"allow-scripts\" security=\"restricted\" style=\"position: absolute; clip: rect(1px, 1px, 1px, 1px);\" title=\"&#8220;ERBE E PIANTE CURATIVE&#8221; &#8212; Radio Pi\u00f9\" src=\"https:\/\/www.radiopiu.net\/wordpress\/erbe-e-piante-curative\/embed\/#?secret=9DzGmzhJuR\" data-secret=\"9DzGmzhJuR\" width=\"600\" height=\"338\" frameborder=\"0\" marginwidth=\"0\" marginheight=\"0\" scrolling=\"no\"><\/iframe><\/p>\n<p>&nbsp;<\/p>\n<p>&nbsp;<\/p>\n<p>&nbsp;<\/p>\n<hr \/>\n<blockquote>\n<h3><a href=\"https:\/\/www.radiopiu.net\/wordpress\/almanacco-ladino-puntata-5-2020\/sn\/\" rel=\"attachment wp-att-180931\"><img loading=\"lazy\" decoding=\"async\" class=\"wp-image-180931 alignleft\" src=\"https:\/\/www.radiopiu.net\/wordpress\/wp-content\/uploads\/2020\/12\/sn-300x194.jpg\" alt=\"\" width=\"181\" height=\"117\" srcset=\"https:\/\/www.radiopiu.net\/wordpress\/wp-content\/uploads\/2020\/12\/sn-300x194.jpg 300w, https:\/\/www.radiopiu.net\/wordpress\/wp-content\/uploads\/2020\/12\/sn.jpg 626w\" sizes=\"auto, (max-width: 181px) 100vw, 181px\" \/><\/a>L&#8217;ALMANACCO LADINO CON L&#8217;ISTITUT CESA DE JAN QUINDICINALE APPUNTAMENTO. LA DOMENICA ALLE 9 IL LUNEDI ALLE 8.35 IL MARTEDI ALLE 12.35 IL MERCOLEDI ALLE 18.35. SECONDA STAGIONE.<\/h3>\n<\/blockquote>\n<p><strong>RACCOLTA COMPLETA\u00a0<\/strong><\/p>\n<blockquote class=\"wp-embedded-content\" data-secret=\"D4FF3RegRu\"><p><a href=\"https:\/\/www.radiopiu.net\/wordpress\/almanacco-ladino\/\">Almanacco Ladino<\/a><\/p><\/blockquote>\n<p><iframe loading=\"lazy\" class=\"wp-embedded-content\" sandbox=\"allow-scripts\" security=\"restricted\" style=\"position: absolute; clip: rect(1px, 1px, 1px, 1px);\" title=\"&#8220;Almanacco Ladino&#8221; &#8212; Radio Pi\u00f9\" src=\"https:\/\/www.radiopiu.net\/wordpress\/almanacco-ladino\/embed\/#?secret=D4FF3RegRu\" data-secret=\"D4FF3RegRu\" width=\"600\" height=\"338\" frameborder=\"0\" marginwidth=\"0\" marginheight=\"0\" scrolling=\"no\"><\/iframe><\/p>\n<hr \/>\n<p>&nbsp;<\/p>\n<blockquote>\n<h3>SALUTE E SOCIETA&#8217; IL LUNEDI ALLE 13.10 E ALLE 20.10, LA DOMENICA ALLE 10.30 A CURA DEL DOTTOR MARCO CARACCIOLO. QUINTA STAGIONE<\/h3>\n<\/blockquote>\n<p><strong>LA PUNTATA DELLA SETTIMANA <\/strong>La narcolessia \u00e8 una malattia neurologica rara che in Italia conta circa 2000 casi. E\u2019 una malattia sottodiagnosticata ed \u00e8 accompagnata da diversi sintomi che impattano fortemente sulla qualit\u00e0 della vita dei pazienti. Ne parliamo con il prof. Giuseppe Plazzi, Ordinario di Neuropsichiatria Infantile, Universit\u00e0 degli studi di Modena e Reggio Emilia; Responsabile scientifico e coordinatore Centro Narcolessia e disturbi del sonno, IRCCS, Istituto delle Scienze Neurologiche di Bologna; Presidente AIMS, Associazione Italiana di Medicina del Sonno<\/p>\n<audio class=\"wp-audio-shortcode\" id=\"audio-195939-10\" preload=\"none\" style=\"width: 100%;\" controls=\"controls\"><source type=\"audio\/mpeg\" src=\"https:\/\/www.radiopiu.net\/wordpress\/wp-content\/uploads\/2021\/03\/SALUTE.mp3?_=10\" \/><a href=\"https:\/\/www.radiopiu.net\/wordpress\/wp-content\/uploads\/2021\/03\/SALUTE.mp3\">https:\/\/www.radiopiu.net\/wordpress\/wp-content\/uploads\/2021\/03\/SALUTE.mp3<\/a><\/audio>\n<p>&nbsp;<\/p>\n<h3><strong>LA RACCOLTA COMPLETA\u00a0<\/strong><\/h3>\n<blockquote class=\"wp-embedded-content\" data-secret=\"UZ2YSNcGEQ\"><p><a href=\"https:\/\/www.radiopiu.net\/wordpress\/saluteesocieta\/\">Salute e Societ\u00e0<\/a><\/p><\/blockquote>\n<p><iframe loading=\"lazy\" class=\"wp-embedded-content\" sandbox=\"allow-scripts\" security=\"restricted\" style=\"position: absolute; clip: rect(1px, 1px, 1px, 1px);\" title=\"&#8220;Salute e Societ\u00e0&#8221; &#8212; Radio Pi\u00f9\" src=\"https:\/\/www.radiopiu.net\/wordpress\/saluteesocieta\/embed\/#?secret=UZ2YSNcGEQ\" data-secret=\"UZ2YSNcGEQ\" width=\"600\" height=\"338\" frameborder=\"0\" marginwidth=\"0\" marginheight=\"0\" scrolling=\"no\"><\/iframe><\/p>\n<hr \/>\n<p>&nbsp;<\/p>\n<p>&nbsp;<\/p>\n<h2><\/h2>\n<h2><span style=\"color: #ff0000;\"><a href=\"https:\/\/www.radiopiu.net\/wordpress\/giornale-radiopiu-05-gennaio-2021-direttore-mirko-mezzacasa\/133200401_100838761953611_1258544160541445132_o-2\/\" rel=\"attachment wp-att-183078\"><img loading=\"lazy\" decoding=\"async\" class=\" wp-image-183078 alignleft\" src=\"https:\/\/www.radiopiu.net\/wordpress\/wp-content\/uploads\/2021\/01\/133200401_100838761953611_1258544160541445132_o-1-300x157.jpg\" alt=\"\" width=\"192\" height=\"101\" srcset=\"https:\/\/www.radiopiu.net\/wordpress\/wp-content\/uploads\/2021\/01\/133200401_100838761953611_1258544160541445132_o-1-300x157.jpg 300w, https:\/\/www.radiopiu.net\/wordpress\/wp-content\/uploads\/2021\/01\/133200401_100838761953611_1258544160541445132_o-1.jpg 526w\" sizes=\"auto, (max-width: 192px) 100vw, 192px\" \/><\/a>GOCCE DI FILOSOFIA, CON CHIARA CAU, CON LISA DE LUCA. <\/span><\/h2>\n<h2><span style=\"color: #ff0000;\">TUTTI I GIORNI DAL LUNEDI AL VENERDI ALLE 6.55 E ALLE 18.55<\/span><\/h2>\n<p><strong>PUNTATA 47<\/strong><\/p>\n<audio class=\"wp-audio-shortcode\" id=\"audio-195939-11\" preload=\"none\" style=\"width: 100%;\" controls=\"controls\"><source type=\"audio\/mpeg\" src=\"https:\/\/www.radiopiu.net\/wordpress\/wp-content\/uploads\/2021\/03\/FI2.mp3?_=11\" \/><a href=\"https:\/\/www.radiopiu.net\/wordpress\/wp-content\/uploads\/2021\/03\/FI2.mp3\">https:\/\/www.radiopiu.net\/wordpress\/wp-content\/uploads\/2021\/03\/FI2.mp3<\/a><\/audio>\n<h3>LA RACCOLTA COMPLETA<\/h3>\n<blockquote class=\"wp-embedded-content\" data-secret=\"lNjxeJS6Ii\"><p><a href=\"https:\/\/www.radiopiu.net\/wordpress\/gocce-filosofia\/\">Gocce di filosofia<\/a><\/p><\/blockquote>\n<p><iframe loading=\"lazy\" class=\"wp-embedded-content\" sandbox=\"allow-scripts\" security=\"restricted\" style=\"position: absolute; clip: rect(1px, 1px, 1px, 1px);\" title=\"&#8220;Gocce di filosofia&#8221; &#8212; Radio Pi\u00f9\" src=\"https:\/\/www.radiopiu.net\/wordpress\/gocce-filosofia\/embed\/#?secret=lNjxeJS6Ii\" data-secret=\"lNjxeJS6Ii\" width=\"600\" height=\"338\" frameborder=\"0\" marginwidth=\"0\" marginheight=\"0\" scrolling=\"no\"><\/iframe><\/p>\n<p>&nbsp;<\/p>\n<hr \/>\n<div>\n<h2><span style=\"color: #000080;\"><a class=\"dt-pswp-item\" href=\"https:\/\/www.radiopiu.net\/wordpress\/wp-content\/uploads\/2020\/10\/pp.jpg\" data-dt-img-description=\"\" data-large_image_width=\"640\" data-large_image_height=\"640\"><img loading=\"lazy\" decoding=\"async\" class=\"wp-image-163678 alignleft\" src=\"https:\/\/www.radiopiu.net\/wordpress\/wp-content\/uploads\/2020\/10\/pp-300x300.jpg\" alt=\"\" width=\"106\" height=\"106\" srcset=\"https:\/\/www.radiopiu.net\/wordpress\/wp-content\/uploads\/2020\/10\/pp-300x300.jpg 300w, https:\/\/www.radiopiu.net\/wordpress\/wp-content\/uploads\/2020\/10\/pp-150x150.jpg 150w, https:\/\/www.radiopiu.net\/wordpress\/wp-content\/uploads\/2020\/10\/pp-125x125.jpg 125w, https:\/\/www.radiopiu.net\/wordpress\/wp-content\/uploads\/2020\/10\/pp-200x200.jpg 200w, https:\/\/www.radiopiu.net\/wordpress\/wp-content\/uploads\/2020\/10\/pp-80x80.jpg 80w, https:\/\/www.radiopiu.net\/wordpress\/wp-content\/uploads\/2020\/10\/pp-480x480.jpg 480w, https:\/\/www.radiopiu.net\/wordpress\/wp-content\/uploads\/2020\/10\/pp.jpg 640w\" sizes=\"auto, (max-width: 106px) 100vw, 106px\" \/><\/a><\/span><\/h2>\n<h2><span style=\"color: #000080;\">DON CESARE, IL PENSIERO DEL GIORNO. ALLA RADIO ALLE 7 DEL MATTINO E ALLE 19.30 DELLA SERA.\u00a0\u00a0<\/span><\/h2>\n<\/div>\n<p>&nbsp;<\/p>\n<p>&nbsp;<\/p>\n<audio class=\"wp-audio-shortcode\" id=\"audio-195939-12\" preload=\"none\" style=\"width: 100%;\" controls=\"controls\"><source type=\"audio\/mpeg\" src=\"https:\/\/www.radiopiu.net\/wordpress\/wp-content\/uploads\/2021\/03\/CESARE-5.mp3?_=12\" \/><a href=\"https:\/\/www.radiopiu.net\/wordpress\/wp-content\/uploads\/2021\/03\/CESARE-5.mp3\">https:\/\/www.radiopiu.net\/wordpress\/wp-content\/uploads\/2021\/03\/CESARE-5.mp3<\/a><\/audio>\n<p>&nbsp;<\/p>\n<hr \/>\n<p>&nbsp;<\/p>\n<p>&nbsp;<\/p>\n<div class=\"im_message_wrap clearfix\">\n<div class=\"im_content_message_wrap im_message_out\">\n<h2><span style=\"color: #ff0000;\">IN VIVO VERSO 2020-21<\/span><\/h2>\n<p><strong><span style=\"color: #0000ff;\">IN ONDA DAL LUNEDI AL VENERDI ALLE 7.10, 10.10, 18.50\u00a0 \u00a0<\/span><\/strong><\/p>\n<blockquote class=\"wp-embedded-content\" data-secret=\"0IM9vfvZOC\"><p><a href=\"https:\/\/www.radiopiu.net\/wordpress\/marzo-di-laura-dulivo\/\">MARZO di LAURA D&#8217;ULIVO<\/a><\/p><\/blockquote>\n<p><iframe loading=\"lazy\" class=\"wp-embedded-content\" sandbox=\"allow-scripts\" security=\"restricted\" style=\"position: absolute; clip: rect(1px, 1px, 1px, 1px);\" title=\"&#8220;MARZO di LAURA D&#8217;ULIVO&#8221; &#8212; Radio Pi\u00f9\" src=\"https:\/\/www.radiopiu.net\/wordpress\/marzo-di-laura-dulivo\/embed\/#?secret=0IM9vfvZOC\" data-secret=\"0IM9vfvZOC\" width=\"600\" height=\"338\" frameborder=\"0\" marginwidth=\"0\" marginheight=\"0\" scrolling=\"no\"><\/iframe><\/p>\n<p><strong>LA RACCOLTA<\/strong><\/p>\n<blockquote class=\"wp-embedded-content\" data-secret=\"PSkgbsFCPa\"><p><a href=\"https:\/\/www.radiopiu.net\/wordpress\/in-vivo-verso\/\">In Vivo Verso<\/a><\/p><\/blockquote>\n<p><iframe loading=\"lazy\" class=\"wp-embedded-content\" sandbox=\"allow-scripts\" security=\"restricted\" style=\"position: absolute; clip: rect(1px, 1px, 1px, 1px);\" title=\"&#8220;In Vivo Verso&#8221; &#8212; Radio Pi\u00f9\" src=\"https:\/\/www.radiopiu.net\/wordpress\/in-vivo-verso\/embed\/#?secret=PSkgbsFCPa\" data-secret=\"PSkgbsFCPa\" width=\"600\" height=\"338\" frameborder=\"0\" marginwidth=\"0\" marginheight=\"0\" scrolling=\"no\"><\/iframe><\/p>\n<p>&nbsp;<\/p>\n<hr \/>\n<p>&nbsp;<\/p>\n<\/div>\n<\/div>\n<h2><span style=\"color: #808000;\">DUE MINUTI UN LIBRO\u00a0 TUTTI I GIORNI ALLA RADIO ALLE 9.30 E ALLE 18. QUINTA STAGIONE\u00a0<\/span><\/h2>\n<blockquote class=\"wp-embedded-content\" data-secret=\"bi8vLnYkmZ\"><p><a href=\"https:\/\/www.radiopiu.net\/wordpress\/perdonami\/\">PERDONAMI!<\/a><\/p><\/blockquote>\n<p><iframe loading=\"lazy\" class=\"wp-embedded-content\" sandbox=\"allow-scripts\" security=\"restricted\" style=\"position: absolute; clip: rect(1px, 1px, 1px, 1px);\" title=\"&#8220;PERDONAMI!&#8221; &#8212; Radio Pi\u00f9\" src=\"https:\/\/www.radiopiu.net\/wordpress\/perdonami\/embed\/#?secret=bi8vLnYkmZ\" data-secret=\"bi8vLnYkmZ\" width=\"600\" height=\"338\" frameborder=\"0\" marginwidth=\"0\" marginheight=\"0\" scrolling=\"no\"><\/iframe><\/p>\n<h3><span style=\"color: #808000;\">\u00a0<\/span>LA RACCOLTA COMPLETA<\/h3>\n<blockquote class=\"wp-embedded-content\" data-secret=\"30Rz3MpLxO\"><p><a href=\"https:\/\/www.radiopiu.net\/wordpress\/due-minuti-un-libro\/\">Due minuti un libro<\/a><\/p><\/blockquote>\n<p><iframe loading=\"lazy\" class=\"wp-embedded-content\" sandbox=\"allow-scripts\" security=\"restricted\" style=\"position: absolute; clip: rect(1px, 1px, 1px, 1px);\" title=\"&#8220;Due minuti un libro&#8221; &#8212; Radio Pi\u00f9\" src=\"https:\/\/www.radiopiu.net\/wordpress\/due-minuti-un-libro\/embed\/#?secret=30Rz3MpLxO\" data-secret=\"30Rz3MpLxO\" width=\"600\" height=\"338\" frameborder=\"0\" marginwidth=\"0\" marginheight=\"0\" scrolling=\"no\"><\/iframe><\/p>\n<p>&nbsp;<\/p>\n<p>&nbsp;<\/p>\n<p>&nbsp;<\/p>\n<hr \/>\n<p>&nbsp;<\/p>\n<blockquote>\n<h3 class=\"kvgmc6g5 cxmmr5t8 oygrvhab hcukyx3x c1et5uql\"><span style=\"color: #0000ff;\">INFORMAZIONE il canale su TELEGRAM informazione di prima mano e in tempo reale. iscriviti ed aiutaci a farlo conoscere\u00a0<\/span><\/h3>\n<\/blockquote>\n<h2><img loading=\"lazy\" decoding=\"async\" class=\"alignleft\" src=\"https:\/\/www.radiopiu.net\/wordpress\/wp-content\/uploads\/2021\/03\/narr.jpg\" width=\"158\" height=\"105\" \/>007 IN CONDOTTA CON LA PROF. MARIA ROSA SALMAZO IL LUNEDI ALLE 10,30 E ALLE 19.00 LA DOMENICA ALLE 8 DEL MATTINO. NONA STAGIONE<\/h2>\n<p><span style=\"color: #ff0000;\"><strong>PUNTATA DEL 08 MARZO 2021<\/strong><\/span><\/p>\n<p>&nbsp;<\/p>\n<audio class=\"wp-audio-shortcode\" id=\"audio-195939-13\" preload=\"none\" style=\"width: 100%;\" controls=\"controls\"><source type=\"audio\/mpeg\" src=\"https:\/\/www.radiopiu.net\/wordpress\/wp-content\/uploads\/2021\/03\/007-condota-8-marzo.mp3?_=13\" \/><a href=\"https:\/\/www.radiopiu.net\/wordpress\/wp-content\/uploads\/2021\/03\/007-condota-8-marzo.mp3\">https:\/\/www.radiopiu.net\/wordpress\/wp-content\/uploads\/2021\/03\/007-condota-8-marzo.mp3<\/a><\/audio>\n<h2>LA RACCOLTA COMPLETA<\/h2>\n<blockquote class=\"wp-embedded-content\" data-secret=\"IaxEGORZfR\"><p><a href=\"https:\/\/www.radiopiu.net\/wordpress\/007incondotta-9\/\">007 in condotta<\/a><\/p><\/blockquote>\n<p><iframe loading=\"lazy\" class=\"wp-embedded-content\" sandbox=\"allow-scripts\" security=\"restricted\" style=\"position: absolute; clip: rect(1px, 1px, 1px, 1px);\" title=\"&#8220;007 in condotta&#8221; &#8212; Radio Pi\u00f9\" src=\"https:\/\/www.radiopiu.net\/wordpress\/007incondotta-9\/embed\/#?secret=IaxEGORZfR\" data-secret=\"IaxEGORZfR\" width=\"600\" height=\"338\" frameborder=\"0\" marginwidth=\"0\" marginheight=\"0\" scrolling=\"no\"><\/iframe><\/p>\n<blockquote><p>&nbsp;<\/p>\n<p>&nbsp;<\/p><\/blockquote>\n<hr \/>\n<p>&nbsp;<\/p>\n<p>&nbsp;<\/p>\n<div>\n<h2><span style=\"color: #33cccc;\">I RACCONTI DI PAOLO SOPPELSA il lunedi alle 9.30 e 18.30<\/span><\/h2>\n<blockquote class=\"wp-embedded-content\" data-secret=\"07mnN1zS7S\"><p><a href=\"https:\/\/www.radiopiu.net\/wordpress\/i-racconti-di-paolo-soppelsa-sessantacinquesima-puntata\/\">I RACCONTI DI PAOLO SOPPELSA SESSANTACINQUESIMA PUNTATA<\/a><\/p><\/blockquote>\n<p><iframe loading=\"lazy\" class=\"wp-embedded-content\" sandbox=\"allow-scripts\" security=\"restricted\" style=\"position: absolute; clip: rect(1px, 1px, 1px, 1px);\" title=\"&#8220;I RACCONTI DI PAOLO SOPPELSA SESSANTACINQUESIMA PUNTATA&#8221; &#8212; Radio Pi\u00f9\" src=\"https:\/\/www.radiopiu.net\/wordpress\/i-racconti-di-paolo-soppelsa-sessantacinquesima-puntata\/embed\/#?secret=07mnN1zS7S\" data-secret=\"07mnN1zS7S\" width=\"600\" height=\"338\" frameborder=\"0\" marginwidth=\"0\" marginheight=\"0\" scrolling=\"no\"><\/iframe><\/p>\n<h3 class=\"kvgmc6g5 cxmmr5t8 oygrvhab hcukyx3x c1et5uql\"><span style=\"color: #0000ff;\">INFORMAZIONE il canale su TELEGRAM informazione di prima mano e in tempo reale. iscriviti ed aiutaci a farlo conoscere\u00a0<\/span><\/h3>\n<h2><span style=\"color: #33cccc;\"><strong>RACCOLTA COMPLETA<\/strong><\/span><\/h2>\n<blockquote class=\"wp-embedded-content\" data-secret=\"HW7c4L1aCH\"><p><a href=\"https:\/\/www.radiopiu.net\/wordpress\/i-racconti-di-paolo-soppelsa\/\">I racconti di Paolo Soppelsa<\/a><\/p><\/blockquote>\n<p><iframe loading=\"lazy\" class=\"wp-embedded-content\" sandbox=\"allow-scripts\" security=\"restricted\" style=\"position: absolute; clip: rect(1px, 1px, 1px, 1px);\" title=\"&#8220;I racconti di Paolo Soppelsa&#8221; &#8212; Radio Pi\u00f9\" src=\"https:\/\/www.radiopiu.net\/wordpress\/i-racconti-di-paolo-soppelsa\/embed\/#?secret=HW7c4L1aCH\" data-secret=\"HW7c4L1aCH\" width=\"600\" height=\"338\" frameborder=\"0\" marginwidth=\"0\" marginheight=\"0\" scrolling=\"no\"><\/iframe><\/p>\n<\/div>\n<p>&nbsp;<\/p>\n<p>&nbsp;<\/p>\n<hr \/>\n<p>&nbsp;<\/p>\n<p>&nbsp;<\/p>\n<blockquote class=\"wp-embedded-content\" data-secret=\"idIVmmpSec\"><p><a href=\"https:\/\/www.radiopiu.net\/wordpress\/agora-agordina-la-nosta-piaza\/\">AGORA&#8217; AGORDINA&#8230; LA NOSTA PIAZA LADINA.  pagina in aggiornamento continuo<\/a><\/p><\/blockquote>\n<p><iframe loading=\"lazy\" class=\"wp-embedded-content\" sandbox=\"allow-scripts\" security=\"restricted\" style=\"position: absolute; clip: rect(1px, 1px, 1px, 1px);\" title=\"&#8220;AGORA&#8217; AGORDINA&#8230; LA NOSTA PIAZA LADINA.  pagina in aggiornamento continuo&#8221; &#8212; Radio Pi\u00f9\" src=\"https:\/\/www.radiopiu.net\/wordpress\/agora-agordina-la-nosta-piaza\/embed\/#?secret=idIVmmpSec\" data-secret=\"idIVmmpSec\" width=\"600\" height=\"338\" frameborder=\"0\" marginwidth=\"0\" marginheight=\"0\" scrolling=\"no\"><\/iframe><\/p>\n<p>&nbsp;<\/p>\n<hr \/>\n<p>&nbsp;<\/p>\n<p>&nbsp;<\/p>\n<blockquote>\n<h3><a href=\"https:\/\/www.radiopiu.net\/wordpress\/giornale-radiopiu-06-febbraio-2019-direttore-mirko-mezzacasa\/logo_spi-cgil-800x445\/\" rel=\"attachment wp-att-75538\"><img loading=\"lazy\" decoding=\"async\" class=\"wp-image-75538 alignleft\" src=\"https:\/\/www.radiopiu.net\/wordpress\/wp-content\/uploads\/2019\/02\/Logo_Spi-CGIL-800x445-300x167.jpg\" alt=\"\" width=\"210\" height=\"117\" srcset=\"https:\/\/www.radiopiu.net\/wordpress\/wp-content\/uploads\/2019\/02\/Logo_Spi-CGIL-800x445-300x167.jpg 300w, https:\/\/www.radiopiu.net\/wordpress\/wp-content\/uploads\/2019\/02\/Logo_Spi-CGIL-800x445-768x427.jpg 768w, https:\/\/www.radiopiu.net\/wordpress\/wp-content\/uploads\/2019\/02\/Logo_Spi-CGIL-800x445.jpg 800w\" sizes=\"auto, (max-width: 210px) 100vw, 210px\" \/><\/a>ALLA RADIO, APPUNTAMENTO QUINDICINALE CON SPI-CGIL BELLUNO, IN STUDIO MARIA RITA GENTILIN<\/h3>\n<\/blockquote>\n<p><strong>di Claudio Fontanive\u00a0<\/strong><\/p>\n<p>&nbsp;<\/p>\n<p><span style=\"color: #ff0000;\"><strong>PUNTATA DEL 04 MARZO 2021<\/strong><\/span><\/p>\n<audio class=\"wp-audio-shortcode\" id=\"audio-195939-14\" preload=\"none\" style=\"width: 100%;\" controls=\"controls\"><source type=\"audio\/mpeg\" src=\"https:\/\/www.radiopiu.net\/wordpress\/wp-content\/uploads\/2021\/03\/spi-cigil-4-marzo.mp3?_=14\" \/><a href=\"https:\/\/www.radiopiu.net\/wordpress\/wp-content\/uploads\/2021\/03\/spi-cigil-4-marzo.mp3\">https:\/\/www.radiopiu.net\/wordpress\/wp-content\/uploads\/2021\/03\/spi-cigil-4-marzo.mp3<\/a><\/audio>\n<p>&nbsp;<\/p>\n<p>&nbsp;<\/p>\n<hr \/>\n<p>&nbsp;<\/p>\n<div>\n<p>&nbsp;<\/p>\n<blockquote>\n<h2><a href=\"https:\/\/www.radiopiu.net\/wordpress\/speciale-solidarieta-veneto\/solidarieta-veneto-3\/\" rel=\"attachment wp-att-134366\"><img loading=\"lazy\" decoding=\"async\" class=\"wp-image-134366 alignleft\" src=\"https:\/\/www.radiopiu.net\/wordpress\/wp-content\/uploads\/2020\/05\/solidariet\u00e0-veneto-300x210.jpg\" alt=\"\" width=\"102\" height=\"71\" srcset=\"https:\/\/www.radiopiu.net\/wordpress\/wp-content\/uploads\/2020\/05\/solidariet\u00e0-veneto-300x210.jpg 300w, https:\/\/www.radiopiu.net\/wordpress\/wp-content\/uploads\/2020\/05\/solidariet\u00e0-veneto-1024x717.jpg 1024w, https:\/\/www.radiopiu.net\/wordpress\/wp-content\/uploads\/2020\/05\/solidariet\u00e0-veneto-768x538.jpg 768w, https:\/\/www.radiopiu.net\/wordpress\/wp-content\/uploads\/2020\/05\/solidariet\u00e0-veneto.jpg 1373w\" sizes=\"auto, (max-width: 102px) 100vw, 102px\" \/><\/a>SOLIDARIETA&#8217; VENETO FONDO PENSIONE, IN ONDA IL PRIMO VENERDI DEL MESE ALLE 10.30 E ALLE 19.00 QUINTA STAGIONE<\/h2>\n<\/blockquote>\n<p><strong>AUDIO MARZO 2021<\/strong><\/p>\n<audio class=\"wp-audio-shortcode\" id=\"audio-195939-15\" preload=\"none\" style=\"width: 100%;\" controls=\"controls\"><source type=\"audio\/mpeg\" src=\"https:\/\/www.radiopiu.net\/wordpress\/wp-content\/uploads\/2021\/03\/solidarieta-veneto-marzo.mp3?_=15\" \/><a href=\"https:\/\/www.radiopiu.net\/wordpress\/wp-content\/uploads\/2021\/03\/solidarieta-veneto-marzo.mp3\">https:\/\/www.radiopiu.net\/wordpress\/wp-content\/uploads\/2021\/03\/solidarieta-veneto-marzo.mp3<\/a><\/audio>\n<p>&nbsp;<\/p>\n<blockquote>\n<h2>RACCOLTA COMPLETA<\/h2>\n<\/blockquote>\n<blockquote class=\"wp-embedded-content\" data-secret=\"ilaPx6rHMG\"><p><a href=\"https:\/\/www.radiopiu.net\/wordpress\/solidarieta-veneto\/\">Solidariet\u00e0 Veneto<\/a><\/p><\/blockquote>\n<p><iframe loading=\"lazy\" class=\"wp-embedded-content\" sandbox=\"allow-scripts\" security=\"restricted\" style=\"position: absolute; clip: rect(1px, 1px, 1px, 1px);\" title=\"&#8220;Solidariet\u00e0 Veneto&#8221; &#8212; Radio Pi\u00f9\" src=\"https:\/\/www.radiopiu.net\/wordpress\/solidarieta-veneto\/embed\/#?secret=ilaPx6rHMG\" data-secret=\"ilaPx6rHMG\" width=\"600\" height=\"338\" frameborder=\"0\" marginwidth=\"0\" marginheight=\"0\" scrolling=\"no\"><\/iframe><\/p>\n<p>&nbsp;<\/p>\n<hr \/>\n<\/div>\n<p>&nbsp;<\/p>\n<blockquote><p>&nbsp;<\/p><\/blockquote>\n<div>\n<h2><span style=\"color: #ff0000;\">ALLA RADIO<\/span><\/h2>\n<\/div>\n<div>\n<h2><strong>LE\u00a0 PUNTATE di Luisa Alchini di Leggermente Bellunesi, la domenica alle 11, <span style=\"color: #0000ff;\">IL MARTEDI IN PRIMA EDIZIONE\u00a0<\/span> alle 10.30 e alle 19.00<\/strong><\/h2>\n<\/div>\n<div>\n<p><strong><a href=\"https:\/\/www.radiopiu.net\/wordpress\/legger-mente-bellunesi-02-marzo-2021\/156828176_1598288807025847_358448174778964781_o\/\" rel=\"attachment wp-att-194538\"><img loading=\"lazy\" decoding=\"async\" class=\" wp-image-194538 alignleft\" src=\"https:\/\/www.radiopiu.net\/wordpress\/wp-content\/uploads\/2021\/03\/156828176_1598288807025847_358448174778964781_o-206x300.jpg\" alt=\"\" width=\"86\" height=\"125\" srcset=\"https:\/\/www.radiopiu.net\/wordpress\/wp-content\/uploads\/2021\/03\/156828176_1598288807025847_358448174778964781_o-206x300.jpg 206w, https:\/\/www.radiopiu.net\/wordpress\/wp-content\/uploads\/2021\/03\/156828176_1598288807025847_358448174778964781_o.jpg 685w\" sizes=\"auto, (max-width: 86px) 100vw, 86px\" \/><\/a><\/strong><\/p>\n<\/div>\n<div>\n<h3>La gloriosa carriera del perito minerario Gianni Rivis raccontata nel libro di ricordi.<\/h3>\n<p>&nbsp;<\/p>\n<\/div>\n<h2><\/h2>\n<audio class=\"wp-audio-shortcode\" id=\"audio-195939-16\" preload=\"none\" style=\"width: 100%;\" controls=\"controls\"><source type=\"audio\/mpeg\" src=\"https:\/\/www.radiopiu.net\/wordpress\/wp-content\/uploads\/2021\/03\/20leggermentegiannirivis2021.mp3?_=16\" \/><a href=\"https:\/\/www.radiopiu.net\/wordpress\/wp-content\/uploads\/2021\/03\/20leggermentegiannirivis2021.mp3\">https:\/\/www.radiopiu.net\/wordpress\/wp-content\/uploads\/2021\/03\/20leggermentegiannirivis2021.mp3<\/a><\/audio>\n<blockquote>\n<div>\n<h2><strong style=\"font-size: 14px;\"><span style=\"color: #000000;\">RACCOLTA COMPLETA<\/span><\/strong><\/h2>\n<\/div>\n<blockquote class=\"wp-embedded-content\" data-secret=\"t64aomO8mA\"><p><a href=\"https:\/\/www.radiopiu.net\/wordpress\/leggermente-20\/\">LEGGERmente&#8230;Bellunesi<\/a><\/p><\/blockquote>\n<p><iframe loading=\"lazy\" class=\"wp-embedded-content\" sandbox=\"allow-scripts\" security=\"restricted\" style=\"position: absolute; clip: rect(1px, 1px, 1px, 1px);\" title=\"&#8220;LEGGERmente&#8230;Bellunesi&#8221; &#8212; Radio Pi\u00f9\" src=\"https:\/\/www.radiopiu.net\/wordpress\/leggermente-20\/embed\/#?secret=t64aomO8mA\" data-secret=\"t64aomO8mA\" width=\"600\" height=\"338\" frameborder=\"0\" marginwidth=\"0\" marginheight=\"0\" scrolling=\"no\"><\/iframe><\/p>\n<p>&nbsp;<\/p><\/blockquote>\n<p>&nbsp;<\/p>\n<hr \/>\n<h2><\/h2>\n<blockquote>\n<h2>CASSA SOLIDARIET\u00c0 LUXOTTICA<\/h2>\n<\/blockquote>\n<h3><strong><span style=\"color: #ff0000;\">IL NUMERO DI FEBBRAIO CON PAOLO CHISSALE&#8217; E FABRIZIO CAMPEDEL\u00a0\u00a0<\/span><\/strong><\/h3>\n<audio class=\"wp-audio-shortcode\" id=\"audio-195939-17\" preload=\"none\" style=\"width: 100%;\" controls=\"controls\"><source type=\"audio\/mpeg\" src=\"https:\/\/www.radiopiu.net\/wordpress\/wp-content\/uploads\/2021\/02\/ca-sol-lux-febbraio.mp3?_=17\" \/><a href=\"https:\/\/www.radiopiu.net\/wordpress\/wp-content\/uploads\/2021\/02\/ca-sol-lux-febbraio.mp3\">https:\/\/www.radiopiu.net\/wordpress\/wp-content\/uploads\/2021\/02\/ca-sol-lux-febbraio.mp3<\/a><\/audio>\n<blockquote>\n<h2>RACCOLTA COMPLETA<\/h2>\n<\/blockquote>\n<blockquote class=\"wp-embedded-content\" data-secret=\"PafoZQNZKq\"><p><a href=\"https:\/\/www.radiopiu.net\/wordpress\/cassa-solidarieta-luxottica-puntata-del-16-ottobre-2020\/\">CASSA SOLIDARIET\u00c0 LUXOTTICA &#8211; PUNTATA DEL 20 NOVEMBRE 2020<\/a><\/p><\/blockquote>\n<p><iframe loading=\"lazy\" class=\"wp-embedded-content\" sandbox=\"allow-scripts\" security=\"restricted\" style=\"position: absolute; clip: rect(1px, 1px, 1px, 1px);\" title=\"&#8220;CASSA SOLIDARIET\u00c0 LUXOTTICA &#8211; PUNTATA DEL 20 NOVEMBRE 2020&#8221; &#8212; Radio Pi\u00f9\" src=\"https:\/\/www.radiopiu.net\/wordpress\/cassa-solidarieta-luxottica-puntata-del-16-ottobre-2020\/embed\/#?secret=PafoZQNZKq\" data-secret=\"PafoZQNZKq\" width=\"600\" height=\"338\" frameborder=\"0\" marginwidth=\"0\" marginheight=\"0\" scrolling=\"no\"><\/iframe><\/p>\n<div>\n<p>&nbsp;<\/p>\n<\/div>\n<p>&nbsp;<\/p>\n<hr \/>\n<p>&nbsp;<\/p>\n<blockquote>\n<h2>FANTASTICHE DOLOMITI, NUOVA STAGIONE. APPUNTAMENTO QUINDICINALE IL GIOVEDI ALLE 10.30 E 19.00<\/h2>\n<\/blockquote>\n<p><span style=\"color: #000000;\"><strong><img loading=\"lazy\" decoding=\"async\" class=\"alignleft\" src=\"https:\/\/www.radiopiu.net\/wordpress\/wp-content\/uploads\/2017\/10\/logo-fantastiche-dolomiti-300x113.jpg\" width=\"181\" height=\"68\" \/>LA NUOVA PUNTATA i corsi di formazione della Fondazione 11 FEBBRAIO 2021<\/strong><\/span><\/p>\n<h2><span style=\"color: #ff0000;\">PUNTATA 10 ,<\/span><\/h2>\n<p><strong>OSPITE IL PRESIDENTE CLAUDIO CANOVA<\/strong><\/p>\n<audio class=\"wp-audio-shortcode\" id=\"audio-195939-18\" preload=\"none\" style=\"width: 100%;\" controls=\"controls\"><source type=\"audio\/mpeg\" src=\"https:\/\/www.radiopiu.net\/wordpress\/wp-content\/uploads\/2021\/02\/fantastiche-dolomiti-25-febbraio.mp3?_=18\" \/><a href=\"https:\/\/www.radiopiu.net\/wordpress\/wp-content\/uploads\/2021\/02\/fantastiche-dolomiti-25-febbraio.mp3\">https:\/\/www.radiopiu.net\/wordpress\/wp-content\/uploads\/2021\/02\/fantastiche-dolomiti-25-febbraio.mp3<\/a><\/audio>\n<h3>LA RACCOLTA COMPLETA<\/h3>\n<blockquote class=\"wp-embedded-content\" data-secret=\"P2Fgf6WvYj\"><p><a href=\"https:\/\/www.radiopiu.net\/wordpress\/raccolta-completa\/\">FANTASTICHE DOLOMITI 10^ PUNTATA: IL QUINDICINALE APPUNTAMENTO ALLA RADIO<\/a><\/p><\/blockquote>\n<p><iframe loading=\"lazy\" class=\"wp-embedded-content\" sandbox=\"allow-scripts\" security=\"restricted\" style=\"position: absolute; clip: rect(1px, 1px, 1px, 1px);\" title=\"&#8220;FANTASTICHE DOLOMITI 10^ PUNTATA: IL QUINDICINALE APPUNTAMENTO ALLA RADIO&#8221; &#8212; Radio Pi\u00f9\" src=\"https:\/\/www.radiopiu.net\/wordpress\/raccolta-completa\/embed\/#?secret=P2Fgf6WvYj\" data-secret=\"P2Fgf6WvYj\" width=\"600\" height=\"338\" frameborder=\"0\" marginwidth=\"0\" marginheight=\"0\" scrolling=\"no\"><\/iframe><\/p>\n<p>&nbsp;<\/p>\n<p>&nbsp;<\/p>\n<hr \/>\n<p>&nbsp;<\/p>\n<div dir=\"auto\">\n<div>\n<h2><span style=\"color: #800080;\"><strong>LA RASSEGNA STAMPA DA L&#8217;AMICO DEL POPOLO\u00a0<\/strong><\/span><\/h2>\n<h3 class=\"kvgmc6g5 cxmmr5t8 oygrvhab hcukyx3x c1et5uql\"><span style=\"color: #0000ff;\"> INFORMAZIONE il canale su TELEGRAM informazione di prima mano e in tempo reale. iscriviti ed aiutaci a farlo conoscere\u00a0<\/span><\/h3>\n<p><strong><a href=\"https:\/\/www.radiopiu.net\/wordpress\/odg-per-la-provincia-in-tutti-i-consigli-comunali-bard_zasso-e-chissale\/agordo-roberto-chissale-2\/\" rel=\"attachment wp-att-93612\"><img loading=\"lazy\" decoding=\"async\" class=\" wp-image-93612 alignleft\" src=\"https:\/\/www.radiopiu.net\/wordpress\/wp-content\/uploads\/2019\/07\/AGORDO-ROBERTO-CHISSALE-300x300.jpg\" alt=\"\" width=\"133\" height=\"133\" srcset=\"https:\/\/www.radiopiu.net\/wordpress\/wp-content\/uploads\/2019\/07\/AGORDO-ROBERTO-CHISSALE-300x300.jpg 300w, https:\/\/www.radiopiu.net\/wordpress\/wp-content\/uploads\/2019\/07\/AGORDO-ROBERTO-CHISSALE-150x150.jpg 150w, https:\/\/www.radiopiu.net\/wordpress\/wp-content\/uploads\/2019\/07\/AGORDO-ROBERTO-CHISSALE-768x768.jpg 768w, https:\/\/www.radiopiu.net\/wordpress\/wp-content\/uploads\/2019\/07\/AGORDO-ROBERTO-CHISSALE-1024x1024.jpg 1024w, https:\/\/www.radiopiu.net\/wordpress\/wp-content\/uploads\/2019\/07\/AGORDO-ROBERTO-CHISSALE.jpg 1600w\" sizes=\"auto, (max-width: 133px) 100vw, 133px\" \/><\/a>di Gianni Santomaso<\/strong><\/p>\n<p>OSPITE: Roberto Chissal\u00e8, Sindaco di Agordo<\/p>\n<audio class=\"wp-audio-shortcode\" id=\"audio-195939-19\" preload=\"none\" style=\"width: 100%;\" controls=\"controls\"><source type=\"audio\/mpeg\" src=\"https:\/\/www.radiopiu.net\/wordpress\/wp-content\/uploads\/2021\/03\/RASSEGNA-GIANNI.mp3?_=19\" \/><a href=\"https:\/\/www.radiopiu.net\/wordpress\/wp-content\/uploads\/2021\/03\/RASSEGNA-GIANNI.mp3\">https:\/\/www.radiopiu.net\/wordpress\/wp-content\/uploads\/2021\/03\/RASSEGNA-GIANNI.mp3<\/a><\/audio>\n<p>&nbsp;<\/p>\n<p><strong>LA RACCOLTA COMPLETA<\/strong><\/p>\n<blockquote class=\"wp-embedded-content\" data-secret=\"S2ALTXp5o2\"><p><a href=\"https:\/\/www.radiopiu.net\/wordpress\/rassegna-stampa-di-gianni-santomaso\/\">Rassegna stampa da l&#8217;amico del popolo &#8211; di Gianni Santomaso<\/a><\/p><\/blockquote>\n<p><iframe loading=\"lazy\" class=\"wp-embedded-content\" sandbox=\"allow-scripts\" security=\"restricted\" style=\"position: absolute; clip: rect(1px, 1px, 1px, 1px);\" title=\"&#8220;Rassegna stampa da l&#8217;amico del popolo &#8211; di Gianni Santomaso&#8221; &#8212; Radio Pi\u00f9\" src=\"https:\/\/www.radiopiu.net\/wordpress\/rassegna-stampa-di-gianni-santomaso\/embed\/#?secret=S2ALTXp5o2\" data-secret=\"S2ALTXp5o2\" width=\"600\" height=\"338\" frameborder=\"0\" marginwidth=\"0\" marginheight=\"0\" scrolling=\"no\"><\/iframe><\/p>\n<p>&nbsp;<\/p>\n<p>&nbsp;<\/p>\n<\/div>\n<\/div>\n<hr \/>\n<blockquote>\n<h2><\/h2>\n<h2><\/h2>\n<\/blockquote>\n<p>&nbsp;<\/p>\n<blockquote class=\"wp-embedded-content\" data-secret=\"0UahR5p7D0\"><p><a href=\"https:\/\/www.radiopiu.net\/wordpress\/ep-center-video-gallery\/\">EP CENTER video gallery<\/a><\/p><\/blockquote>\n<p><iframe loading=\"lazy\" class=\"wp-embedded-content\" sandbox=\"allow-scripts\" security=\"restricted\" style=\"position: absolute; clip: rect(1px, 1px, 1px, 1px);\" title=\"&#8220;EP CENTER video gallery&#8221; &#8212; Radio Pi\u00f9\" src=\"https:\/\/www.radiopiu.net\/wordpress\/ep-center-video-gallery\/embed\/#?secret=0UahR5p7D0\" data-secret=\"0UahR5p7D0\" width=\"600\" height=\"338\" frameborder=\"0\" marginwidth=\"0\" marginheight=\"0\" scrolling=\"no\"><\/iframe><\/p>\n<p>&nbsp;<\/p>\n<div dir=\"auto\">\n<p>&nbsp;<\/p>\n<hr \/>\n<p>&nbsp;<\/p>\n<div>\n<p class=\"photoswipe-wrapper\"><a class=\"dt-pswp-item pspw-wrap-ready\" href=\"https:\/\/i0.wp.com\/www.radiopiu.net\/wordpress\/wp-content\/uploads\/2018\/09\/viabilita.jpeg?ssl=1\" data-dt-img-description=\"\" data-large_image_width=\"800\" data-large_image_height=\"100\"><img loading=\"lazy\" decoding=\"async\" class=\"aligncenter wp-image-61954 size-full\" src=\"https:\/\/i0.wp.com\/www.radiopiu.net\/wordpress\/wp-content\/uploads\/2018\/09\/viabilita.jpeg?resize=800%2C100&amp;ssl=1\" sizes=\"auto, (max-width: 800px) 100vw, 800px\" srcset=\"https:\/\/i0.wp.com\/www.radiopiu.net\/wordpress\/wp-content\/uploads\/2018\/09\/viabilita.jpeg?w=800&amp;ssl=1 800w, https:\/\/i0.wp.com\/www.radiopiu.net\/wordpress\/wp-content\/uploads\/2018\/09\/viabilita.jpeg?resize=300%2C38&amp;ssl=1 300w, https:\/\/i0.wp.com\/www.radiopiu.net\/wordpress\/wp-content\/uploads\/2018\/09\/viabilita.jpeg?resize=768%2C96&amp;ssl=1 768w\" alt=\"\" width=\"800\" height=\"100\" \/><\/a><\/p>\n<\/div>\n<p>&nbsp;<\/p>\n<p><strong>SP 1 SINISTRA PIAVE\u00a0<\/strong>dall&#8217;8 al 12 marzo, dalle 7:30 alle 17:30, senso unico alternato regolato da impianto semaforico o movieri per di demolizione e ricostruzione cunetta in localit\u00e0 Rione Santa Caterina di Ponte Nelle Alpi<\/p>\n<p><strong>SP 251 DELLA VAL DI ZOLDO E CELLINA<\/strong> Istituzione di senso unico alternato regolato da semaforo nel comune di Val di Zoldo per messa in sicurezza della strada<\/p>\n<p><strong>SP 42 CAVALLERA<\/strong> fino a revoca, chiusura della strada nell&#8217;abitato di Perarolo per attivazione emergenza frana &#8220;Busa del Cristo&#8221;<\/p>\n<p><strong>S.P.2 DELLA VALLE DEL MIS\u00a0<\/strong>Interdizione totale al traffico fino a revoca dal km 14,920 (localit\u00e0 Gona Bassa) al km 20,650 (localit\u00e0 Titele) per cedimento della carreggiata<\/p>\n<p><strong>S.P. 5 DI LAMOSANO<\/strong>\u00a0Interdizione totale fino a revoca per presenza di materiale e alberi in strada.<\/p>\n<p><strong>SP 3 DELLA VAL IMPERINA<\/strong> fino a revoca, senso unico alternato regolato a vista in localit\u00e0 Gona di Conedera di Rivamonte per cedimento della carreggiata stradale<\/p>\n<p>&nbsp;<\/p>\n<p>&nbsp;<\/p>\n<hr \/>\n<p>&nbsp;<\/p>\n<div>\n<p class=\"photoswipe-wrapper\"><a class=\"dt-pswp-item pspw-wrap-ready\" href=\"https:\/\/i0.wp.com\/www.radiopiu.net\/wordpress\/wp-content\/uploads\/2018\/09\/WhatsApp-Image-2018-09-20-at-16.04.06.jpeg?ssl=1\" data-dt-img-description=\"\" data-large_image_width=\"800\" data-large_image_height=\"100\"><img loading=\"lazy\" decoding=\"async\" class=\"aligncenter wp-image-61378 size-full jetpack-lazy-image jetpack-lazy-image--handled\" src=\"https:\/\/i0.wp.com\/www.radiopiu.net\/wordpress\/wp-content\/uploads\/2018\/09\/WhatsApp-Image-2018-09-20-at-16.04.06.jpeg?resize=800%2C100&amp;ssl=1\" sizes=\"auto, (max-width: 800px) 100vw, 800px\" srcset=\"https:\/\/i0.wp.com\/www.radiopiu.net\/wordpress\/wp-content\/uploads\/2018\/09\/WhatsApp-Image-2018-09-20-at-16.04.06.jpeg?w=800&amp;ssl=1 800w, https:\/\/i0.wp.com\/www.radiopiu.net\/wordpress\/wp-content\/uploads\/2018\/09\/WhatsApp-Image-2018-09-20-at-16.04.06.jpeg?resize=300%2C38&amp;ssl=1 300w, https:\/\/i0.wp.com\/www.radiopiu.net\/wordpress\/wp-content\/uploads\/2018\/09\/WhatsApp-Image-2018-09-20-at-16.04.06.jpeg?resize=768%2C96&amp;ssl=1 768w\" alt=\"\" width=\"800\" height=\"100\" data-lazy-loaded=\"1\" \/><\/a><\/p>\n<\/div>\n<p>&nbsp;<\/p>\n<div><center><b>Mercoledi 10<\/b><\/center><b>Tempo atteso: <\/b>Tempo ben soleggiato con cielo sereno, aria tersa e ottima visibilit\u00e0, salvo qualche banco di nebbia notturna in alcune depressioni prealpine, in rapido dissolvimento dopo il sorgere del sole, e cumuli diurni sulle vette prealpine. Il freddo della notte si accentuer\u00e0 a tutte le quote e di giorno il contesto termico risulter\u00e0 assai fresco per il periodo, nonostante il buon soleggiamento.<br \/>\n<b>Precipitazioni: <\/b>Assenti (0%), eccetto debolissimi residui fenomeni notturni sulle Prealpi occidentali (20%), nevosi fino sui 1000 m.<br \/>\n<b>Temperature: <\/b>Minime in lieve calo a tutte le quote; massime in leggera ripresa in alta quota, altrove senza notevoli viariazioni o in leggera diminuzione, nonostante il buon soleggiamento. Sono previste punte di 8\/9\u00b0C nei fondovalle prealpini e di 3\/5\u00b0C a 1000\/1200 m. Su Prealpi a 1500 m min -2\u00b0C max 2\u00b0C, a 2000 m min -4\u00b0C max -1\u00b0C. Su Dolomiti a 2000 m min -9\u00b0C max -3\u00b0C, a 3000 m min -16\u00b0C max -9\u00b0C.<br \/>\n<b>Venti: <\/b>Nelle valli deboli di direzione variabile, eccetto locali rinforzi notturni su alcuni settori prealpini per brezze di monte; in quota moderati da nord-ovest, localmente e a tratti tesi sulle cime dolomitiche pi\u00f9 alte al mattino, a 10-15 km\/h a 2000 m e 20-30 km\/h a 3000 m.<\/p>\n<hr \/>\n<p><center><b>Giovedi 11<\/b><\/center><b>Tempo atteso: <\/b>Al mattino estese nubi alte in grado di velare il cielo, ma il sole sar\u00e0 visibile, seppur filtrato. Al pomeriggio intensificazione della nuvolosit\u00e0 alta per infittirsi dei cirrostrati fino a cielo molto nuvoloso\/coperto. Contesto termico ancora fresco per il periodo nelle valli, mentre il freddo si attenuer\u00e0 sensibilmente in quota.<br \/>\n<b>Precipitazioni: <\/b>Assenti (0%).<br \/>\n<b>Temperature: <\/b>Minime in generale aumento, eccetto stazionariet\u00e0 delle stesse nei fondovalle prealpini; massime in netta ripresa in quota, mentre il deficit di sole potrebbe andare incontro al rialzo termico diurno nelle valli, mantenendo i valori pressoch\u00e9 stazionari. Su Prealpi a 1500 m min -5\u00b0C max 1\u00b0C, a 2000 m min -8\u00b0C max -2\u00b0C. Su Dolomiti a 2000 m min -4\u00b0C max 0\u00b0C, a 3000 m min -8\u00b0C max -2\u00b0C.<br \/>\n<b>Venti: <\/b>Nelle valli deboli di direzione variabile, eccetto locali rinforzi notturni su alcuni settori prealpini per brezze di monte; in quota moderati\/tesi da nord-ovest al mattino e da ovest al pomeriggio, intensificandosi sulle cime dolomitiche pi\u00f9 alte, a 10-20 km\/h a 2000 m e 25-40 km\/h a 3000 m.<\/p>\n<hr \/>\n<p><center><b>Venerdi 12<\/b><\/center>Tratti di sereno e nuvolosit\u00e0 irregolare, pi\u00f9 intensa al pomeriggio e soprattutto in serata, quando essa potr\u00e0 essere associata a qualche precipitazione sparsa. Il limite della neve sar\u00e0 sui 1400\/1500 m, in abbassamento fino sui 1100 m alla sera. Temperature minime in leggero aumento e massime in calo. Venti moderati dai quadranti occidentali in quota, anche tesi da sud-ovest sulle vette pi\u00f9 alte tra la notte ed il mattino; deboli di direzione variabile nelle valli.<\/p>\n<hr \/>\n<p><center><b>Sabato 13<\/b><\/center>Al mattino ben soleggiato con cielo sereno e aria limpida, salvo effimeri banchi di nebbia notturna in alcune conche prealpine. Al pomeriggio riduzione del soleggiamento per graduale estensione delle nubi alte in grado di velare il cielo, senza nessun&#8217;altro effetto. Temperature in generale calo, eccetto lieve ripresa delle massime nelle valli. Venti in quota moderati\/tesi da nordovest nella notte e da ovest sud-ovest in giornata; nelle valli deboli di direzione variabile. Previsore: R.L.Th.<\/p>\n<\/div>\n<\/div>\n<p>&nbsp;<\/p>\n<hr \/>\n<p>&nbsp;<\/p>\n<p><a href=\"https:\/\/www.radiopiu.net\/wordpress\/giornale-radiopiu-15-settembre-2018-direttore-mirko-mezzacasa\/sport-7\/\" rel=\"attachment wp-att-60761\"><img loading=\"lazy\" decoding=\"async\" class=\"wp-image-60761 size-full aligncenter\" src=\"https:\/\/www.radiopiu.net\/wordpress\/wp-content\/uploads\/2018\/09\/sport.jpg\" alt=\"\" width=\"800\" height=\"100\" srcset=\"https:\/\/www.radiopiu.net\/wordpress\/wp-content\/uploads\/2018\/09\/sport.jpg 800w, https:\/\/www.radiopiu.net\/wordpress\/wp-content\/uploads\/2018\/09\/sport-300x38.jpg 300w, https:\/\/www.radiopiu.net\/wordpress\/wp-content\/uploads\/2018\/09\/sport-768x96.jpg 768w\" sizes=\"auto, (max-width: 800px) 100vw, 800px\" \/><\/a><\/p>\n<p>&nbsp;<\/p>\n<blockquote>\n<h3>VENERDI&#8217; E SABATO LE FINALI DI COPPA EUROPA DI SKICROSS A PASSO SAN PELLEGRINO<\/h3>\n<\/blockquote>\n<p><a href=\"https:\/\/www.radiopiu.net\/wordpress\/giornale-radiopiu-10-marzo-2021-direttore-mirko-mezzacasa\/attachment\/22170\/\" rel=\"attachment wp-att-196133\"><img loading=\"lazy\" decoding=\"async\" class=\"size-medium wp-image-196133 alignleft\" src=\"https:\/\/www.radiopiu.net\/wordpress\/wp-content\/uploads\/2021\/03\/22170-300x211.jpg\" alt=\"\" width=\"300\" height=\"211\" srcset=\"https:\/\/www.radiopiu.net\/wordpress\/wp-content\/uploads\/2021\/03\/22170-300x211.jpg 300w, https:\/\/www.radiopiu.net\/wordpress\/wp-content\/uploads\/2021\/03\/22170-1024x722.jpg 1024w, https:\/\/www.radiopiu.net\/wordpress\/wp-content\/uploads\/2021\/03\/22170-768x541.jpg 768w, https:\/\/www.radiopiu.net\/wordpress\/wp-content\/uploads\/2021\/03\/22170.jpg 1410w\" sizes=\"auto, (max-width: 300px) 100vw, 300px\" \/><\/a>Un altro appuntamento internazionale di assoluto livello sta per approdare in Trentino e in particolar modo sulle piste di Passo San Pellegrino, sulla pista Costabella si svolgeranno le finali di Coppa Europa di skicross. Il Comitato organizzatore sta lavorando alacremente in questi giorni per definire gli ultimi dettagli e, soprattutto, il tracciato di gara grazie allo staff che vede come direttore di gara Andreas Krautgasser, direttore di pista Dario Dellantonio coadiuvato da Loris Donei. \u00c8 stato ultimato il cancelletto di partenza e si \u00e8 conclusa la barratura in alcuni tratti per garantire un percorso di qualit\u00e0 internazionale. La pista, che ha uno sviluppo di 1200 metri con 170 metri di dislivello, \u00e8 da due anni centro federale di allenamento di tutte le nazionali italiane ed \u00e8 particolarmente apprezzata perch\u00e9 racchiude tutte le caratteristiche tecniche, e altres\u00ec ha tutti i requisiti in materia di sicurezza. Completa perch\u00e9 propone tutti i tipi di paraboliche, 3 negative, roller, salti, dragon e 4 jump ultimati proprio in questi giorni. In totale sono attesi 85 atleti da 12 nazioni. Il programma prevede una giornata dedicata al training gioved\u00ec 11 marzo a partire dalle 9 e subito dopo le qualifiche per la prima giornata. Quindi venerd\u00ec mattina alle 9 training e alle 11,30 la prima gara con batterie ad eliminazione diretta. Identico programma anche per sabato 13 marzo con la seconda giornata che assegner\u00e0 anche la Coppa Europa maschile e femminile (9 training e 11,30 la gara).<\/p>\n","protected":false},"excerpt":{"rendered":"<p>PER RICEVERE QUESTO NOTIZIARIO DIRETTAMENTE SUL TUO CELLULARE ISCRIVITI AL CANALE TELEGRAM \u201cRADIO PIU\u00a0 INFORMAZIONE&#8221;\u00a0 SUPERATI I 3000 ISCRITTI, il CANALE TELEGRAM&#8230; UNISCITI A: RADIO PIU INFORMAZIONE &nbsp; &nbsp; ATTENZIONE: LA NUOVA APP PER IOS-IPHONE di Nicola Vettorello https:\/\/apps.apple.com\/it\/app\/radio-pi%C3%B9-emittente-agordina\/id1515939845 ATTENZIONE: LA NUOVA APP RADIO\u00a0 PER ANDROID di Nicola Vettorello https:\/\/play.google.com\/store\/apps\/details?id=net.radiopiu.iniko\u00a0\u00a0 &nbsp; &nbsp; Il Presidente della&hellip;<\/p>\n","protected":false},"author":4,"featured_media":196130,"comment_status":"closed","ping_status":"closed","sticky":false,"template":"","format":"standard","meta":{"_monsterinsights_skip_tracking":false,"_monsterinsights_sitenote_active":false,"_monsterinsights_sitenote_note":"","_monsterinsights_sitenote_category":0,"footnotes":""},"categories":[1,51,86,49],"tags":[],"class_list":["post-195939","post","type-post","status-publish","format-standard","has-post-thumbnail","hentry","category-senza-categoria","category-evidenza-top","category-gr","category-news-18","category-1","category-51","category-86","category-49","description-off"],"img_url":"https:\/\/www.radiopiu.net\/wordpress\/wp-content\/uploads\/2021\/03\/51c63c6d-953f-404c-b0fa-eed5b288af34.jpg","_links":{"self":[{"href":"https:\/\/www.radiopiu.net\/wordpress\/wp-json\/wp\/v2\/posts\/195939","targetHints":{"allow":["GET"]}}],"collection":[{"href":"https:\/\/www.radiopiu.net\/wordpress\/wp-json\/wp\/v2\/posts"}],"about":[{"href":"https:\/\/www.radiopiu.net\/wordpress\/wp-json\/wp\/v2\/types\/post"}],"author":[{"embeddable":true,"href":"https:\/\/www.radiopiu.net\/wordpress\/wp-json\/wp\/v2\/users\/4"}],"replies":[{"embeddable":true,"href":"https:\/\/www.radiopiu.net\/wordpress\/wp-json\/wp\/v2\/comments?post=195939"}],"version-history":[{"count":0,"href":"https:\/\/www.radiopiu.net\/wordpress\/wp-json\/wp\/v2\/posts\/195939\/revisions"}],"wp:featuredmedia":[{"embeddable":true,"href":"https:\/\/www.radiopiu.net\/wordpress\/wp-json\/wp\/v2\/media\/196130"}],"wp:attachment":[{"href":"https:\/\/www.radiopiu.net\/wordpress\/wp-json\/wp\/v2\/media?parent=195939"}],"wp:term":[{"taxonomy":"category","embeddable":true,"href":"https:\/\/www.radiopiu.net\/wordpress\/wp-json\/wp\/v2\/categories?post=195939"},{"taxonomy":"post_tag","embeddable":true,"href":"https:\/\/www.radiopiu.net\/wordpress\/wp-json\/wp\/v2\/tags?post=195939"}],"curies":[{"name":"wp","href":"https:\/\/api.w.org\/{rel}","templated":true}]}}