{"id":195988,"date":"2021-03-10T05:55:42","date_gmt":"2021-03-10T04:55:42","guid":{"rendered":"https:\/\/www.radiopiu.net\/wordpress\/?p=195988"},"modified":"2021-03-10T06:08:09","modified_gmt":"2021-03-10T05:08:09","slug":"febbre39","status":"publish","type":"post","link":"https:\/\/www.radiopiu.net\/wordpress\/febbre39\/","title":{"rendered":"TRE ORE IN AUTO CON LA FEBBRE A 39, CHE SIA DA RIVEDERE I PROTOCOLLI?"},"content":{"rendered":"<h3>DILLO A RADIO PIU&#8217;&#8230;..<\/h3>\n<p>&nbsp;<\/p>\n<p><strong><img loading=\"lazy\" decoding=\"async\" class=\"alignleft\" src=\"https:\/\/www.radiopiu.net\/wordpress\/wp-content\/uploads\/2020\/05\/drivein3.jpg\" width=\"219\" height=\"164\" \/>AGORDO<\/strong> Chi ci scrive \u00e8 un nonno di Agordo, il figlio sposato ormai vive a Belluno anche con la piccola di 4 anni che in questo periodo non \u00e8 nelle migliori condizioni fisiche.<em> &#8220;Per questo &#8211; racconta il nonno &#8211; mio figlio l&#8217;ha portata dal medico di base che lo ha invitato a fare con urgenza un tampone al punto covid-free&#8221;. <\/em>Da Belluno il pap\u00e0 \u00e8 stato invitato a salire fino ad Agordo, fino al covid point di Tamonich.<em> &#8220;Quando mio figlio \u00e8 arrivato con la bambina febbricitante ha chiesto se era possibile poter accedere subito al test, ma la risposta \u00e8 stata negativa e la bambina \u00e8 rimasta in attesa per tre ore in auto, fino alle 17,45&#8221;<\/em> Quello che la famiglia chiede al Dipartimento di Prevenzione della Ulss1 \u00e8 se tutto questo rientra nei protocolli, se \u00e8 corretto, oppure se sia il caso di prevedere in questi casi l&#8217;urgenza del tampone. A proposito, la bella notizia: la bimba era negativa al tampone, quindi niente covid. <strong>Lettera Firmata<\/strong><\/p>\n<p>&nbsp;<\/p>\n<p>Abbiamo interpellato la Ulss1 per una risposta alle perplessit\u00e0 del lettore, ecco la risposta<\/p>\n<blockquote><p><em>Ringraziamo il gentile &#8220;nonno&#8221; Dino, con cui abbiamo approfondito alcuni aspetti, per la segnalazione. \u00c8 stata richiesta una verifica sull&#8217;accaduto, anche per migliorare eventualmente le procedure in atto.<\/em><\/p><\/blockquote>\n","protected":false},"excerpt":{"rendered":"<p>DILLO A RADIO PIU&#8217;&#8230;.. &nbsp; AGORDO Chi ci scrive \u00e8 un nonno di Agordo, il figlio sposato ormai vive a Belluno anche con la piccola di 4 anni che in questo periodo non \u00e8 nelle migliori condizioni fisiche. &#8220;Per questo &#8211; racconta il nonno &#8211; mio figlio l&#8217;ha portata dal medico di base che lo&hellip;<\/p>\n","protected":false},"author":4,"featured_media":137283,"comment_status":"closed","ping_status":"closed","sticky":false,"template":"","format":"standard","meta":{"_monsterinsights_skip_tracking":false,"_monsterinsights_sitenote_active":false,"_monsterinsights_sitenote_note":"","_monsterinsights_sitenote_category":0,"footnotes":""},"categories":[51,49],"tags":[],"class_list":["post-195988","post","type-post","status-publish","format-standard","has-post-thumbnail","hentry","category-evidenza-top","category-news-18","category-51","category-49","description-off"],"img_url":"https:\/\/www.radiopiu.net\/wordpress\/wp-content\/uploads\/2020\/05\/drivein3.jpg","_links":{"self":[{"href":"https:\/\/www.radiopiu.net\/wordpress\/wp-json\/wp\/v2\/posts\/195988","targetHints":{"allow":["GET"]}}],"collection":[{"href":"https:\/\/www.radiopiu.net\/wordpress\/wp-json\/wp\/v2\/posts"}],"about":[{"href":"https:\/\/www.radiopiu.net\/wordpress\/wp-json\/wp\/v2\/types\/post"}],"author":[{"embeddable":true,"href":"https:\/\/www.radiopiu.net\/wordpress\/wp-json\/wp\/v2\/users\/4"}],"replies":[{"embeddable":true,"href":"https:\/\/www.radiopiu.net\/wordpress\/wp-json\/wp\/v2\/comments?post=195988"}],"version-history":[{"count":0,"href":"https:\/\/www.radiopiu.net\/wordpress\/wp-json\/wp\/v2\/posts\/195988\/revisions"}],"wp:featuredmedia":[{"embeddable":true,"href":"https:\/\/www.radiopiu.net\/wordpress\/wp-json\/wp\/v2\/media\/137283"}],"wp:attachment":[{"href":"https:\/\/www.radiopiu.net\/wordpress\/wp-json\/wp\/v2\/media?parent=195988"}],"wp:term":[{"taxonomy":"category","embeddable":true,"href":"https:\/\/www.radiopiu.net\/wordpress\/wp-json\/wp\/v2\/categories?post=195988"},{"taxonomy":"post_tag","embeddable":true,"href":"https:\/\/www.radiopiu.net\/wordpress\/wp-json\/wp\/v2\/tags?post=195988"}],"curies":[{"name":"wp","href":"https:\/\/api.w.org\/{rel}","templated":true}]}}