{"id":196049,"date":"2021-03-10T05:49:26","date_gmt":"2021-03-10T04:49:26","guid":{"rendered":"https:\/\/www.radiopiu.net\/wordpress\/?p=196049"},"modified":"2021-03-10T06:10:18","modified_gmt":"2021-03-10T05:10:18","slug":"al-parco-col-cartoccio-in-un-giorno-di-sole-sul-sedile-dellauto-quando-piove","status":"publish","type":"post","link":"https:\/\/www.radiopiu.net\/wordpress\/al-parco-col-cartoccio-in-un-giorno-di-sole-sul-sedile-dellauto-quando-piove\/","title":{"rendered":"AL PARCO COL CARTOCCIO IN UN GIORNO DI SOLE, SUL SEDILE DELL&#8217;AUTO QUANDO PIOVE"},"content":{"rendered":"<p><strong>DILLO A RADIO PIU&#8217;<\/strong><\/p>\n<p><em>Caro Direttore<\/em><\/p>\n<blockquote><p><em><a href=\"https:\/\/www.radiopiu.net\/wordpress\/al-parco-col-cartoccio-in-un-giorno-di-sole-sul-sedile-dellauto-quando-piove\/parco-citta-bologna-a-belluno-2\/\" rel=\"attachment wp-att-196050\"><img loading=\"lazy\" decoding=\"async\" class=\"wp-image-196050 alignleft\" src=\"https:\/\/www.radiopiu.net\/wordpress\/wp-content\/uploads\/2021\/03\/parco-citta-bologna-a-belluno-300x171.jpg\" alt=\"\" width=\"230\" height=\"131\" srcset=\"https:\/\/www.radiopiu.net\/wordpress\/wp-content\/uploads\/2021\/03\/parco-citta-bologna-a-belluno-300x171.jpg 300w, https:\/\/www.radiopiu.net\/wordpress\/wp-content\/uploads\/2021\/03\/parco-citta-bologna-a-belluno.jpg 768w\" sizes=\"auto, (max-width: 230px) 100vw, 230px\" \/><\/a>Sono sempre stato convintamente ossequioso delle regole imposte dall&#8217;emergenza covid anzi in alcune situazioni a mio parere l&#8217;avrei pensata anche in maniera pi\u00f9 rigorosa ma oggi non posso non condividere con lei, sempre molto attento e presente, una grande perplessit\u00e0. Scopro oggi che a differenza della zona arancione di gennaio le nuove norme prevedono che possano recarsi ai ristoranti solo i dipendenti di ditte private mentre l&#8217;accesso \u00e8 vietato ai liberi professionisti o comunque ai lavoratori autonomi nonostante, come nel mio caso, siano in trasferta per attivit\u00e0 lavorative. Mi domando se un libero professionista possa essere pi\u00f9 contagioso o contagiante occupando solitamente da solo un tavolo rispetto a dipendenti che generalmente occupano un tavolo in quattro o pi\u00f9 e quando mangiano sono autorizzati a togliere la mascherina da seduti! O ancora rispetto ad utenti di mense interne. Mi sono chiesto: ci sar\u00e0 una buona motivazione dietro questa norma che appare cos\u00ec strampalata e discriminante! Cos\u00ec mi ritrovo su una panchina al freddo in un parco con un bel cartoccio di asporto a condividere il pranzo con altri sfortunati su altre panchine temendo che ci\u00f2 possa succedere anche in una giornata di pioggia! Mi resterebbe solo il sedile della mia auto&#8230; almeno l\u00e0 dentro comando io. Teniamo duro comunque che sar\u00e0 ancora lunga.\u00a0<\/em><\/p><\/blockquote>\n<p><strong>Gianniantonio Cassisi<\/strong><\/p>\n","protected":false},"excerpt":{"rendered":"<p>DILLO A RADIO PIU&#8217; Caro Direttore Sono sempre stato convintamente ossequioso delle regole imposte dall&#8217;emergenza covid anzi in alcune situazioni a mio parere l&#8217;avrei pensata anche in maniera pi\u00f9 rigorosa ma oggi non posso non condividere con lei, sempre molto attento e presente, una grande perplessit\u00e0. Scopro oggi che a differenza della zona arancione di&hellip;<\/p>\n","protected":false},"author":4,"featured_media":196050,"comment_status":"closed","ping_status":"closed","sticky":false,"template":"","format":"standard","meta":{"_monsterinsights_skip_tracking":false,"_monsterinsights_sitenote_active":false,"_monsterinsights_sitenote_note":"","_monsterinsights_sitenote_category":0,"footnotes":""},"categories":[51,49],"tags":[],"class_list":["post-196049","post","type-post","status-publish","format-standard","has-post-thumbnail","hentry","category-evidenza-top","category-news-18","category-51","category-49","description-off"],"img_url":"https:\/\/www.radiopiu.net\/wordpress\/wp-content\/uploads\/2021\/03\/parco-citta-bologna-a-belluno.jpg","_links":{"self":[{"href":"https:\/\/www.radiopiu.net\/wordpress\/wp-json\/wp\/v2\/posts\/196049","targetHints":{"allow":["GET"]}}],"collection":[{"href":"https:\/\/www.radiopiu.net\/wordpress\/wp-json\/wp\/v2\/posts"}],"about":[{"href":"https:\/\/www.radiopiu.net\/wordpress\/wp-json\/wp\/v2\/types\/post"}],"author":[{"embeddable":true,"href":"https:\/\/www.radiopiu.net\/wordpress\/wp-json\/wp\/v2\/users\/4"}],"replies":[{"embeddable":true,"href":"https:\/\/www.radiopiu.net\/wordpress\/wp-json\/wp\/v2\/comments?post=196049"}],"version-history":[{"count":0,"href":"https:\/\/www.radiopiu.net\/wordpress\/wp-json\/wp\/v2\/posts\/196049\/revisions"}],"wp:featuredmedia":[{"embeddable":true,"href":"https:\/\/www.radiopiu.net\/wordpress\/wp-json\/wp\/v2\/media\/196050"}],"wp:attachment":[{"href":"https:\/\/www.radiopiu.net\/wordpress\/wp-json\/wp\/v2\/media?parent=196049"}],"wp:term":[{"taxonomy":"category","embeddable":true,"href":"https:\/\/www.radiopiu.net\/wordpress\/wp-json\/wp\/v2\/categories?post=196049"},{"taxonomy":"post_tag","embeddable":true,"href":"https:\/\/www.radiopiu.net\/wordpress\/wp-json\/wp\/v2\/tags?post=196049"}],"curies":[{"name":"wp","href":"https:\/\/api.w.org\/{rel}","templated":true}]}}