{"id":196069,"date":"2021-03-10T05:59:40","date_gmt":"2021-03-10T04:59:40","guid":{"rendered":"https:\/\/www.radiopiu.net\/wordpress\/?p=196069"},"modified":"2021-03-10T11:58:05","modified_gmt":"2021-03-10T10:58:05","slug":"falcadesu","status":"publish","type":"post","link":"https:\/\/www.radiopiu.net\/wordpress\/falcadesu\/","title":{"rendered":"VALLE DEL BIOIS, IMPENNATA DI CONTAGI, +6 A FALCADE IN 24 ORE, LA VALLE COVID FREE"},"content":{"rendered":"<blockquote>\n<h3>\u00a0LA VALLE FUORI DAL VIRUS PREOCCUPANTE AUMENTO DI CONTAGI IN VALLE DEL BIOIS, 25 POSITIVI A FALCADE (+6)<\/h3>\n<\/blockquote>\n<p style=\"padding-left: 40px;\"><strong><img loading=\"lazy\" decoding=\"async\" class=\"alignleft\" src=\"https:\/\/www.radiopiu.net\/wordpress\/wp-content\/uploads\/2021\/02\/Liliana-e-Michela-madre-e-figlia-alla-fontana-sulla-piazza-della-chiesa-di-La-Valle-3.jpeg\" width=\"187\" height=\"140\" \/>LA VALLE<\/strong> E&#8217; il sindaco Ezio Zuanel a dare la notizia, finalmente una positiva tra le tante negativit\u00e0 del momento pur parlando di positivit\u00e0. Ed \u00e8 una notizia perch\u00e8 molti forse lo ricorderaranno lo scorso marzo, un anno fa, a La Valle furono riscontrati i primi due casi di contagio nell&#8217;Agordino, poi seguirono gli altri a valanga.<\/p>\n<p style=\"padding-left: 40px;\">La Valle Agordina da ieri mattina \u00e8 covid free, <em>&#8220;C&#8217;era ancora una persona positiva da oltre un mese in tabella &#8211; dice il sindaco &#8211; da ieri\u00a0 mattina non c&#8217;\u00e8 pi\u00f9, perch\u00e9 negativizzata. Per ora il Comune \u00e8 covid free, ma l&#8217;invito a non abbassare la guardia, quello rimane&#8221;.<\/em><\/p>\n<p style=\"padding-left: 40px;\"><em>Le notizie comunicate dal sindaco di Falcade Michele Costa e Canale d&#8217;Agordo Flavio Colcergnan vanno invece in tutt&#8217;altra direzione, a <strong>Falcade<\/strong> 6 contagi in pi\u00f9 in 24 ore che portano il totale di nuovo a 29 (13 persone in isolamento), a <strong>Canale d&#8217;Agordo<\/strong>\u00a0 da zero contagi di pochi giorni fa ai 5 di ieri, altrettante le persone in isolamento. Il sindaco di <strong>Agordo<\/strong> Roberto Chissal\u00e8 ha comunicato i 12 positivi e 4 persone in isolamento, quattro persone in quarantena in meno rispetto a ieri. Stabile la situazione a <strong>Rocca Pietore <\/strong><\/em>1 positivo, 1 isolamento <em>&#8220;Mentre la provincia va verso un aumento progressivo dei contagi &#8211; dice Andrea De Bernardin &#8211;\u00a0 noi siamo in un momento quasi di &#8220;Covid free&#8221;. Ma direi che \u00e8 preferibile non cantare vittoria&#8230;.&#8221; <\/em><em>\u00a0e <strong>San Tomaso<\/strong> (2-2)<\/em><\/p>\n<p>foto archivio, <a href=\"https:\/\/www.facebook.com\/nico.tancon.1\">Nilo Tancon\u00a0<\/a><\/p>\n","protected":false},"excerpt":{"rendered":"<p>\u00a0LA VALLE FUORI DAL VIRUS PREOCCUPANTE AUMENTO DI CONTAGI IN VALLE DEL BIOIS, 25 POSITIVI A FALCADE (+6) LA VALLE E&#8217; il sindaco Ezio Zuanel a dare la notizia, finalmente una positiva tra le tante negativit\u00e0 del momento pur parlando di positivit\u00e0. Ed \u00e8 una notizia perch\u00e8 molti forse lo ricorderaranno lo scorso marzo, un&hellip;<\/p>\n","protected":false},"author":4,"featured_media":159185,"comment_status":"closed","ping_status":"closed","sticky":false,"template":"","format":"standard","meta":{"_monsterinsights_skip_tracking":false,"_monsterinsights_sitenote_active":false,"_monsterinsights_sitenote_note":"","_monsterinsights_sitenote_category":0,"footnotes":""},"categories":[51,49],"tags":[],"class_list":["post-196069","post","type-post","status-publish","format-standard","has-post-thumbnail","hentry","category-evidenza-top","category-news-18","category-51","category-49","description-off"],"img_url":"https:\/\/www.radiopiu.net\/wordpress\/wp-content\/uploads\/2020\/09\/drive-in-cap.jpg","_links":{"self":[{"href":"https:\/\/www.radiopiu.net\/wordpress\/wp-json\/wp\/v2\/posts\/196069","targetHints":{"allow":["GET"]}}],"collection":[{"href":"https:\/\/www.radiopiu.net\/wordpress\/wp-json\/wp\/v2\/posts"}],"about":[{"href":"https:\/\/www.radiopiu.net\/wordpress\/wp-json\/wp\/v2\/types\/post"}],"author":[{"embeddable":true,"href":"https:\/\/www.radiopiu.net\/wordpress\/wp-json\/wp\/v2\/users\/4"}],"replies":[{"embeddable":true,"href":"https:\/\/www.radiopiu.net\/wordpress\/wp-json\/wp\/v2\/comments?post=196069"}],"version-history":[{"count":0,"href":"https:\/\/www.radiopiu.net\/wordpress\/wp-json\/wp\/v2\/posts\/196069\/revisions"}],"wp:featuredmedia":[{"embeddable":true,"href":"https:\/\/www.radiopiu.net\/wordpress\/wp-json\/wp\/v2\/media\/159185"}],"wp:attachment":[{"href":"https:\/\/www.radiopiu.net\/wordpress\/wp-json\/wp\/v2\/media?parent=196069"}],"wp:term":[{"taxonomy":"category","embeddable":true,"href":"https:\/\/www.radiopiu.net\/wordpress\/wp-json\/wp\/v2\/categories?post=196069"},{"taxonomy":"post_tag","embeddable":true,"href":"https:\/\/www.radiopiu.net\/wordpress\/wp-json\/wp\/v2\/tags?post=196069"}],"curies":[{"name":"wp","href":"https:\/\/api.w.org\/{rel}","templated":true}]}}