{"id":196151,"date":"2021-03-11T06:00:32","date_gmt":"2021-03-11T05:00:32","guid":{"rendered":"https:\/\/www.radiopiu.net\/wordpress\/?p=196151"},"modified":"2021-03-11T09:23:49","modified_gmt":"2021-03-11T08:23:49","slug":"giornale-radiopiu-11-marzo-2021-direttore-mirko-mezzacasa","status":"publish","type":"post","link":"https:\/\/www.radiopiu.net\/wordpress\/giornale-radiopiu-11-marzo-2021-direttore-mirko-mezzacasa\/","title":{"rendered":"GIORNALE RADIOPIU 11 MARZO 2021 DIRETTORE MIRKO MEZZACASA"},"content":{"rendered":"<h3><\/h3>\n<h3><a href=\"https:\/\/www.radiopiu.net\/wordpress\/giornale-radiopiu-24-gennaio-2021-direttore-mirko-mezzacasa\/141433770_171616291414874_2957460898102012198_n\/\" rel=\"attachment wp-att-186566\"><img loading=\"lazy\" decoding=\"async\" class=\"wp-image-186566 alignleft\" src=\"https:\/\/www.radiopiu.net\/wordpress\/wp-content\/uploads\/2021\/01\/141433770_171616291414874_2957460898102012198_n-300x300.jpg\" alt=\"\" width=\"144\" height=\"144\" srcset=\"https:\/\/www.radiopiu.net\/wordpress\/wp-content\/uploads\/2021\/01\/141433770_171616291414874_2957460898102012198_n-300x300.jpg 300w, https:\/\/www.radiopiu.net\/wordpress\/wp-content\/uploads\/2021\/01\/141433770_171616291414874_2957460898102012198_n-150x150.jpg 150w, https:\/\/www.radiopiu.net\/wordpress\/wp-content\/uploads\/2021\/01\/141433770_171616291414874_2957460898102012198_n-768x768.jpg 768w, https:\/\/www.radiopiu.net\/wordpress\/wp-content\/uploads\/2021\/01\/141433770_171616291414874_2957460898102012198_n.jpg 800w\" sizes=\"auto, (max-width: 144px) 100vw, 144px\" \/><\/a>PER<strong> RICEVERE QUESTO NOTIZIARIO DIRETTAMENTE SUL TUO CELLULARE ISCRIVITI AL CANALE TELEGRAM <\/strong><strong>\u201cRADIO PIU\u00a0 INFORMAZIONE&#8221;\u00a0<\/strong><\/h3>\n<h3>SUPERATI I 3000 ISCRITTI, il CANALE TELEGRAM&#8230; UNISCITI A: RADIO PIU INFORMAZIONE<\/h3>\n<p>&nbsp;<\/p>\n<p>&nbsp;<\/p>\n<p><em><a href=\"https:\/\/www.radiopiu.net\/wordpress\/giornale-radiopiu-24-gennaio-2021-direttore-mirko-mezzacasa\/79216601_126817312416448_708980208774483089_n\/\" rel=\"attachment wp-att-186567\"><img loading=\"lazy\" decoding=\"async\" class=\"size-medium wp-image-186567 alignright\" src=\"https:\/\/www.radiopiu.net\/wordpress\/wp-content\/uploads\/2021\/01\/79216601_126817312416448_708980208774483089_n-300x114.jpg\" alt=\"\" width=\"300\" height=\"114\" srcset=\"https:\/\/www.radiopiu.net\/wordpress\/wp-content\/uploads\/2021\/01\/79216601_126817312416448_708980208774483089_n-300x114.jpg 300w, https:\/\/www.radiopiu.net\/wordpress\/wp-content\/uploads\/2021\/01\/79216601_126817312416448_708980208774483089_n-768x292.jpg 768w, https:\/\/www.radiopiu.net\/wordpress\/wp-content\/uploads\/2021\/01\/79216601_126817312416448_708980208774483089_n.jpg 820w\" sizes=\"auto, (max-width: 300px) 100vw, 300px\" \/><\/a><span style=\"color: #ff0000;\">ATTENZIONE: LA NUOVA APP PER IOS-IPHONE di Nicola Vettorello <\/span><\/em><a href=\"https:\/\/apps.apple.com\/it\/app\/radio-pi%C3%B9-emittente-agordina\/id1515939845\">https:\/\/apps.apple.com\/it\/app\/radio-pi%C3%B9-emittente-agordina\/id1515939845<\/a><\/p>\n<p><em style=\"color: #ff0000;\">ATTENZIONE: LA NUOVA APP RADIO\u00a0 PER ANDROID di Nicola Vettorello<\/em><\/p>\n<p><a href=\"https:\/\/play.google.com\/store\/apps\/details?id=net.radiopiu.iniko\" target=\"_blank\" rel=\"noopener noreferrer\">https:\/\/play.google.com\/store\/apps\/details?id=net.radiopiu.iniko\u00a0\u00a0<\/a><\/p>\n<p>&nbsp;<\/p>\n<p>&nbsp;<\/p>\n<hr \/>\n<p>&nbsp;<\/p>\n<h1><span style=\"color: #ff0000;\">DILLO A RADIO PIU&#8217;<\/span><\/h1>\n<p><a href=\"https:\/\/www.radiopiu.net\/wordpress\/giornale-radiopiu-11-marzo-2021-direttore-mirko-mezzacasa\/25e1809f-6dfa-48f4-bd66-ce037681c0bd\/\" rel=\"attachment wp-att-196323\"><img loading=\"lazy\" decoding=\"async\" class=\" wp-image-196323 alignleft\" src=\"https:\/\/www.radiopiu.net\/wordpress\/wp-content\/uploads\/2021\/03\/25e1809f-6dfa-48f4-bd66-ce037681c0bd-169x300.jpg\" alt=\"\" width=\"111\" height=\"197\" srcset=\"https:\/\/www.radiopiu.net\/wordpress\/wp-content\/uploads\/2021\/03\/25e1809f-6dfa-48f4-bd66-ce037681c0bd-169x300.jpg 169w, https:\/\/www.radiopiu.net\/wordpress\/wp-content\/uploads\/2021\/03\/25e1809f-6dfa-48f4-bd66-ce037681c0bd.jpg 576w\" sizes=\"auto, (max-width: 111px) 100vw, 111px\" \/><\/a><\/p>\n<p>&nbsp;<\/p>\n<p class=\"p1\">La segnalazione da Taibon Agordino e un commento condivisibile<em> &#8220;Penso sia pericoloso, mi trovo in Via Caravaggio&#8221;-<\/em> Certi che gli operai comunali non mancheranno di risolvere un problema causato dal freddo inverno prima che qualche bimbo ci finisca dentro.<\/p>\n<p>&nbsp;<\/p>\n<p>&nbsp;<\/p>\n<p>&nbsp;<\/p>\n<p>&nbsp;<\/p>\n<p>&nbsp;<\/p>\n<blockquote>\n<h2>DILLO A RADIO PIU&#8230; VACCINAZIONI PERCHE&#8217; NON AL PALAFALCADE?<\/h2>\n<p>&nbsp;<\/p>\n<h4>DI SUSY DAN, FALCADE<\/h4>\n<p><a href=\"https:\/\/www.radiopiu.net\/wordpress\/giornale-radiopiu-11-marzo-2021-direttore-mirko-mezzacasa\/156161067_3445990938862792_122757768463495026_o\/\" rel=\"attachment wp-att-196364\"><img loading=\"lazy\" decoding=\"async\" class=\"wp-image-196364 alignleft\" src=\"https:\/\/www.radiopiu.net\/wordpress\/wp-content\/uploads\/2021\/03\/156161067_3445990938862792_122757768463495026_o-298x300.jpg\" alt=\"\" width=\"188\" height=\"189\" srcset=\"https:\/\/www.radiopiu.net\/wordpress\/wp-content\/uploads\/2021\/03\/156161067_3445990938862792_122757768463495026_o-298x300.jpg 298w, https:\/\/www.radiopiu.net\/wordpress\/wp-content\/uploads\/2021\/03\/156161067_3445990938862792_122757768463495026_o-1018x1024.jpg 1018w, https:\/\/www.radiopiu.net\/wordpress\/wp-content\/uploads\/2021\/03\/156161067_3445990938862792_122757768463495026_o-150x150.jpg 150w, https:\/\/www.radiopiu.net\/wordpress\/wp-content\/uploads\/2021\/03\/156161067_3445990938862792_122757768463495026_o-768x773.jpg 768w, https:\/\/www.radiopiu.net\/wordpress\/wp-content\/uploads\/2021\/03\/156161067_3445990938862792_122757768463495026_o-1527x1536.jpg 1527w, https:\/\/www.radiopiu.net\/wordpress\/wp-content\/uploads\/2021\/03\/156161067_3445990938862792_122757768463495026_o.jpg 2036w\" sizes=\"auto, (max-width: 188px) 100vw, 188px\" \/><\/a>Stupefacente la posizione di un sindaco del Comelico (teatro insieme al Cadore e alla Val Biois di nuovi focolai) che \u201cbolla\u201d l\u2019ipotesi di una vaccinazione di massa, affermando che darebbe l\u2019immagine negativa di un paese in cui c\u2019\u00e8 Covid. Che in effetti c\u2019\u00e8&#8230; Come massima autorit\u00e0 sanitaria del suo paese, nega ai suoi concittadini, un\u2019opportunit\u00e0 unica per arrestare la pandemia e sottovaluta i benefici che, dal punto di vista dell\u2019economia e del turismo, potrebbe avere un comune Covid-free. Credo che ben altra dovrebbe essere la posizione di sindaci ed amministratori, che anzi dovrebbero avere un ruolo proattivo, di primo piano e concreto nella promozione e realizzazione della campagna vaccinale. E\u2019 questo che mi aspetto anche dall\u2019Amministrazione di cui io stessa faccio parte. Siamo di fronte alla sfida pi\u00f9 difficile e dolorosa che il nostro paese abbia affrontato dal dopoguerra ed \u00e8 necessario che ognuno, individui e istituzioni, facciano la loro parte. In previsione della vaccinazione di massa che il governo intende effettuare nelle prossime settimane in tutto il paese, bisogner\u00e0 disporre, oltre che, ovviamente, di vaccini e vaccinatori&#8230;, anche di luoghi idonei, non facili da trovare in territori come il nostro. Il Comune di Falcade ha la fortuna di avere una struttura polifunzionale, la Sala Dolomiti, nota anche come Palafalcade, che ha tutti i requisiti di spazio, sicurezza e agibilit\u00e0 per poter ospitare un centro di vaccinazione a servizio non solo delle comunit\u00e0 della Val Biois ma anche, eventualmente, per funzionare come hub di vaccinazione per l\u2019alto Agordino. Avanzo in tal senso la mia proposta. Naturalmente, a titolo personale.<\/p><\/blockquote>\n<p>&nbsp;<\/p>\n<p>&nbsp;<\/p>\n<hr \/>\n<p>&nbsp;<\/p>\n<p>&nbsp;<\/p>\n<blockquote>\n<h2>GALLERIA COMELICO, PROROGATA L&#8217;ORDINANZA DI CHIUSURA NOTTURNA<\/h2>\n<\/blockquote>\n<blockquote>\n<h3><em><img loading=\"lazy\" decoding=\"async\" class=\"alignleft\" src=\"https:\/\/www.radiopiu.net\/wordpress\/wp-content\/uploads\/2020\/05\/VENETO-STRADE-300x300.png\" width=\"123\" height=\"123\" \/>PROCEDONO I RILIEVI\u00a0PRESSO LA GALLERIA COMELICO SULLA SS 52 IN PROVINCIA DI BELLUNO<\/em><\/h3>\n<\/blockquote>\n<p>Per consentire l\u2019avanzamento delle indagini geognostiche e geofisiche nella galleria Comelico, sono state programmate nuove limitazioni temporanee al transito lungo la strada statale 52 \u201cCarnica\u201d. Da oggi e fino a venerd\u00ec 19 marzo, nella fascia 21:15- 5:45, giorni festivi esclusi, sar\u00e0 chiusa al transito la galleria Comelico, dal km 81 al km 85. Il traffico veicolare sar\u00e0 deviato sulla SP 532 Passo S. Antonio; i mezzi pesanti trainanti un rimorchio saranno invece deviati sulla SR 48 delle Dolomiti e sulla SP 49 Misurina.<\/p>\n<p>&nbsp;<\/p>\n<p>&nbsp;<\/p>\n<hr \/>\n<p>&nbsp;<\/p>\n<p><strong>PROVINCIALE 2, VALLE DEL MIS KM 9 -14 SOSPIROLO<\/strong> Fino al 30 marzo dalle 7.30 alle 17.30, sabato e domenica esclusi, senso unico alternato regolato da movieri o a vista, tratti di 100 metri. Ripristino reti lato strada.<\/p>\n<p><strong>PROVINCIALE 8 DI SAN TOMASO<\/strong>,\u00a0 Fino al 18 marzo In localit\u00e0 Coi per la\u00a0 messa in sicurezza della strada, senso unico alternato regolato da movieri dalle 8 alle 17, dal lunedi al venerdi\u00a0 e brevi interruzioni fino a 20 minuti dalle 8 alle 12 e dalle 13.30 alle 17.<\/p>\n<p><strong>REGIONALE 203 AGORDINA, COLLE SANTA LUCIA <\/strong>dal 15 marzo al 02 aprile senso unico alternato semaforico. Esclusi festivi e prefestivi<\/p>\n<hr \/>\n<p>&nbsp;<\/p>\n<p><strong><a href=\"https:\/\/www.radiopiu.net\/wordpress\/giornale-radiopiu-09-agosto-2018-direttore-mirko-mezzacasa\/acqua\/\" rel=\"attachment wp-att-57052\"><img loading=\"lazy\" decoding=\"async\" class=\" wp-image-57052 alignleft\" src=\"https:\/\/www.radiopiu.net\/wordpress\/wp-content\/uploads\/2018\/08\/ACQUA-300x180.jpeg\" alt=\"\" width=\"155\" height=\"93\" srcset=\"https:\/\/www.radiopiu.net\/wordpress\/wp-content\/uploads\/2018\/08\/ACQUA-300x180.jpeg 300w, https:\/\/www.radiopiu.net\/wordpress\/wp-content\/uploads\/2018\/08\/ACQUA-768x461.jpeg 768w, https:\/\/www.radiopiu.net\/wordpress\/wp-content\/uploads\/2018\/08\/ACQUA-1024x614.jpeg 1024w, https:\/\/www.radiopiu.net\/wordpress\/wp-content\/uploads\/2018\/08\/ACQUA.jpeg 1280w\" sizes=\"auto, (max-width: 155px) 100vw, 155px\" \/><\/a>A GOSALDO \u00a0nelle LOCALITA\u2019\u00a0RENON, LAGON, DELUBI e SABE, l\u2019acqua erogata dall\u2019acquedotto non \u00e8 potabile e pu\u00f2 essere usata per scopi alimentari solo previa bollitura. Stessa situazione a\u00a0 <\/strong><strong>A RIVAMONTE AGORDINO nelle localit\u00e0 MIOTTE, ZENICH, MOTTES, ZEP-SCHENA, SARET, ROSTE, PALUCH, GONA DI CONEDERA, PONTE ALTO, LONIE, SANTEL, ROSSON, VIA ROMA, VILLAGRANDE E TOS.\u00a0<\/strong><\/p>\n<p>&nbsp;<\/p>\n<p>&nbsp;<\/p>\n<hr \/>\n<p>&nbsp;<\/p>\n<blockquote>\n<h3><a href=\"https:\/\/www.radiopiu.net\/wordpress\/giornale-radiopiu-11-marzo-2021-direttore-mirko-mezzacasa\/18b03f9d-0808-4423-8c96-abbb3bb231b3\/\" rel=\"attachment wp-att-196358\"><img loading=\"lazy\" decoding=\"async\" class=\"wp-image-196358 alignleft\" src=\"https:\/\/www.radiopiu.net\/wordpress\/wp-content\/uploads\/2021\/03\/18b03f9d-0808-4423-8c96-abbb3bb231b3-300x169.jpg\" alt=\"\" width=\"217\" height=\"122\" srcset=\"https:\/\/www.radiopiu.net\/wordpress\/wp-content\/uploads\/2021\/03\/18b03f9d-0808-4423-8c96-abbb3bb231b3-300x169.jpg 300w, https:\/\/www.radiopiu.net\/wordpress\/wp-content\/uploads\/2021\/03\/18b03f9d-0808-4423-8c96-abbb3bb231b3-1024x576.jpg 1024w, https:\/\/www.radiopiu.net\/wordpress\/wp-content\/uploads\/2021\/03\/18b03f9d-0808-4423-8c96-abbb3bb231b3-768x432.jpg 768w, https:\/\/www.radiopiu.net\/wordpress\/wp-content\/uploads\/2021\/03\/18b03f9d-0808-4423-8c96-abbb3bb231b3-1536x864.jpg 1536w, https:\/\/www.radiopiu.net\/wordpress\/wp-content\/uploads\/2021\/03\/18b03f9d-0808-4423-8c96-abbb3bb231b3.jpg 2000w\" sizes=\"auto, (max-width: 217px) 100vw, 217px\" \/><\/a> L&#8217;ULTIMO SALUTO A MIRCO<\/h3>\n<\/blockquote>\n<p><strong>CESIOMAGGIORE<\/strong> Celebrati ieri i funerali di\u00a0 Mirco Scquizzato, 73enne di Anzaven. <em>&#8220;Il nostro gigante buono ci ha lasciato portandosi via il profumo del suo spiedo che caratterizzava le manifestazioni culinarie e festose del paese&#8221;,<\/em> ricordano sulla pagina Facebook Pez Rulez.\u00a0 I suoi ultimi spiedi sono stati faticosi, conditi con l&#8217;amara sorte della salute avversa.<\/p>\n<p>&nbsp;<\/p>\n<p>&nbsp;<\/p>\n<blockquote>\n<hr \/>\n<h3><\/h3>\n<h3>IL VIRUS CORRE, IL PICCO DELLA TERZA ONDATA PREVISTO SOLO PER FINE MESE E DA LUNEDI L&#8217;ITALIA SI COLORA DI ROSSO. ALTO AGORDINO E CADORE SULLA SOGLIA DELLA TERZA ONDATA, CASI IN AUMENTO DA FALCADE A LIVINALLONGO<\/h3>\n<\/blockquote>\n<p><strong>IN ITALIA<\/strong> 22.409 positivi, 332 decessi per covid in un solo giorno (100811), +71 ricoveri in terapia intensiva\u00a0 (2827), gli attualmente positivi sono 487074, tasso di positivit\u00e0 6,2%. Da lunedi mezza Italia si colorer\u00e0 di rosso, domani il decreto legge che presenter\u00e0 ulteriori strette nelle zone che hanno superato i 250 contagi ogni 100mila abitanti, il Distretto 1 di Belluno ieri sera aveva superato i 260, per questo le scuole rimarranno sbarrare per 14 giorni\u00a0 da sabato e non pi\u00f9 da venerdi come inizialmente annunciato dall&#8217;assessore Manuela Lanzarin.<\/p>\n<p><strong>IN VENETO<\/strong> \u00a0Nelle ultime 24 ore si sono registrati 1.642 casi, attualmente positivi 30.700 (+624). Ieri 23 decessi\u00a0 (10.041).\u00a0 Negli ospedali regionali ci sono 1.336\u00a0 pazienti ricoverati in area non critica (+17 nelle 24 ore).\u00a0 Salgono anche i posti letto occupati nelle terapie intensive 168 (+6). Da inizio marzo, in area critica il numero di ricoveri \u00e8 salito di 25 unit\u00e0.\u00a0 Cinquanta ricoveri al giorno, il Veneto \u00e8 nel pieno della temuta terza ondata, chi pensava fosse gi\u00e0 passata a novembre e dicembre e spesso lo ha ripetuto, purtroppo si sbagliava. Questa \u00e8 la terza ondata, positivi, ricoveri, occupazione dei letti delle terapie intensive \u00e8 la conferma. L&#8217;obiettivo della Regione: vaccinare tutti entro settembre, gli over 80 entro la fine del mese di marzo almeno per la prima delle due dosi.<\/p>\n<p><strong>IN PROVINCIA<\/strong> Valle del Biois da attenzionare, Falcade e Canale d&#8217;Agordo in particolare ma anche in territorio Fodom dopo giorni di relativa tranquillit\u00e0 il contagio riprende forza. Il sindaco Michele Costa ieri sera ha comunicato i nuovi numeri per <strong>Falcade<\/strong>: 29 positivi e 13 persone in quarantena, ovvero 4 casi di positivit\u00e0 riscontrati nelle ultime 24 ore e una persona in pi\u00f9 in isolamento. Anche ad <strong>Agordo<\/strong>, ricorda il sindaco Roberto Chissal\u00e8 il contagio non si ferma, ieri sono raddoppiate le persone in quarantena (8) e ai positivi se n&#8217;\u00e8 aggiunto uno (13). A <strong>Livinallongo i<\/strong>n una settimana i casi di positivit\u00e0 sono passati da 2 a 15 e le persone in isolamento da 3 a 19.\u00a0 A <strong>Cortina,<\/strong> 50 gli attualmente positivi, con l&#8217;aumento di un caso negli ultimi giorni, le persone in isolamento sono 26 (-5). A <strong>San Vito<\/strong>\u00a0 \u00a0dai 4 casi del 22 febbraio ai 15 del 10 marzo, ci sono anche due persone ricoverate. A <strong>Borca<\/strong> i positivi sono 6, con dieci persone in <a class=\"dt-pswp-item\" href=\"https:\/\/www.radiopiu.net\/wordpress\/wp-content\/uploads\/2019\/05\/LIVINALLONGO-LEANDRO-GRONES.jpg\" data-dt-img-description=\"\" data-large_image_width=\"548\" data-large_image_height=\"768\"><img loading=\"lazy\" decoding=\"async\" class=\"wp-image-86470 alignleft\" src=\"https:\/\/www.radiopiu.net\/wordpress\/wp-content\/uploads\/2019\/05\/LIVINALLONGO-LEANDRO-GRONES-214x300.jpg\" alt=\"\" width=\"125\" height=\"175\" srcset=\"https:\/\/www.radiopiu.net\/wordpress\/wp-content\/uploads\/2019\/05\/LIVINALLONGO-LEANDRO-GRONES-214x300.jpg 214w, https:\/\/www.radiopiu.net\/wordpress\/wp-content\/uploads\/2019\/05\/LIVINALLONGO-LEANDRO-GRONES.jpg 548w\" sizes=\"auto, (max-width: 125px) 100vw, 125px\" \/><\/a>isolamento.\u00a0 A <strong>Valle di Cadore<\/strong> i positivi sono passati da 13 a 21 Ad <strong>Auronzo<\/strong>, dopo 18 giorni covid free,\u00a0 2 positivi. A <strong>Pieve di Cadore<\/strong> 78 positivi, il pi\u00f9 giovane ha cinque anni e il pi\u00f9 anziano 90. \u00a0 Calano i contagi a <strong>Lamon<\/strong> (11) e\u00a0 <strong>Arsi\u00e8<\/strong> (1).<\/p>\n<p>&nbsp;<\/p>\n<p>&nbsp;<\/p>\n<p>&nbsp;<\/p>\n<div dir=\"auto\"><strong>IL SINDACO LEANDRO GRONES ALCUNI GIORNI FA QUANDO PREVEDEVA IL PEGGIORAMENTO DELLA SITUAZIONE PUNTUALMENTE VERIFICATOSI\u00a0<\/strong><\/div>\n<div dir=\"auto\">\n<audio class=\"wp-audio-shortcode\" id=\"audio-196151-1\" preload=\"none\" style=\"width: 100%;\" controls=\"controls\"><source type=\"audio\/mpeg\" src=\"https:\/\/www.radiopiu.net\/wordpress\/wp-content\/uploads\/2021\/03\/leandro.mp3?_=1\" \/><a href=\"https:\/\/www.radiopiu.net\/wordpress\/wp-content\/uploads\/2021\/03\/leandro.mp3\">https:\/\/www.radiopiu.net\/wordpress\/wp-content\/uploads\/2021\/03\/leandro.mp3<\/a><\/audio>\n<\/div>\n<blockquote>\n<h3><\/h3>\n<h3><\/h3>\n<h3>COVID: NESSUN DECESSO IN ULSS 1 DOLOMITI, LA SITUAZIONE VACCINI IN PROVINCIA E LE NUOVE REGOLE DEL CONTACT TRACING<\/h3>\n<\/blockquote>\n<p><strong>BELLUNO<\/strong> Nelle ultime 24 ore non sono stati registrati decessi di persone covid positive in Ulss Dolomiti. Sono 58 le nuove positivit\u00e0 registrate, 964 i bellunesi attualmente positivi.<\/p>\n<p><strong>Ricoveri<\/strong><\/p>\n<p><em>(dato alle ore 17.00 fonte: Azienda Zero)<\/em><\/p>\n<p>Le persone attualmente POSITIVE ricoverate negli ospedali dell\u2019Ulss Dolomiti sono:<\/p>\n<table>\n<tbody>\n<tr>\n<td width=\"217\"><strong>\u00a0<\/strong><\/td>\n<td width=\"217\"><strong>Area NON CRITICA<\/strong><\/td>\n<td width=\"217\"><strong>Terapia Intensiva<\/strong><\/td>\n<\/tr>\n<tr>\n<td width=\"217\"><strong>Ospedale di Belluno <\/strong><\/td>\n<td width=\"217\">30<\/td>\n<td width=\"217\">3<\/td>\n<\/tr>\n<tr>\n<td width=\"217\"><strong>Ospedale di Feltre<\/strong><\/td>\n<td width=\"217\">12<\/td>\n<td width=\"217\">4<\/td>\n<\/tr>\n<\/tbody>\n<\/table>\n<p>&nbsp;<\/p>\n<p>Le persone attualmente POSITIVE ricoverate in Ospedale di Comunit\u00e0 sono:<\/p>\n<table>\n<tbody>\n<tr>\n<td width=\"326\"><strong>\u00a0<\/strong><\/td>\n<td width=\"326\"><strong>pazienti attualmente positivi<\/strong><\/td>\n<\/tr>\n<tr>\n<td width=\"326\"><strong>Ospedale di Comunit\u00e0 di BELLUNO<\/strong><\/td>\n<td width=\"326\">7<\/td>\n<\/tr>\n<tr>\n<td width=\"326\"><strong>Ospedale di Comunit\u00e0 di FELTRE<\/strong><\/td>\n<td width=\"326\">3<\/td>\n<\/tr>\n<\/tbody>\n<\/table>\n<p>&nbsp;<\/p>\n<p>Le nuove linee guida del contact tracing dicono che per i contatti stretti (e occasionali) di caso Covid viene disposta la quarantena di 14 giorni dall&#8217;ultimo contatto con il caso indice, con programmazione di test molecolare di controllo in 14^ giornata;\u00a0per i soggetti Covid positivi viene disposto l&#8217;Isolamento Domiciliare Fiduciario di 14 giorni dall&#8217;effettuazione del test antigenico\/molecolare positivo o dalla comparsa dei sintomi, con esecuzione di test molecolare di controllo in 14^ giornata. Si ricorda l\u2019importanza delle misure di prevenzione come il distanziamento, l\u2019igiene delle mani frequente, l\u2019uso della mascherina e arieggiare i locali.<\/p>\n<p>L\u2019Ulss Dolomiti, sulla base di indicazioni regionali derivanti da pi\u00f9 significative forniture previste nel mese di marzo ha riprogrammato la campagna vaccinale anti covid definita a met\u00e0 febbraio. In particolare saranno svolte le seguenti azioni di potenziamento: anticipazione della vaccinazione a favore dei soggetti di et\u00e0 superiore a 80 anni. Queste persone, che hanno ricevuto o riceveranno una lettera personale di invito saranno chiamate da una sezione dedicata del CUP aziendale per fissare un nuovo appuntamento entro il 22 marzo (la prima programmazione, impostata su minori forniture di vaccino e sulla non possibilit\u00e0 di utilizzare l\u2019Astrazeneca prevedeva convocazioni fino al 6 aprile). Completamento della vaccinazione del personale scolastico con giornate dedicate oggi e domani a Belluno e Feltre; la prossima settimana a Tai di Cadore e Agordo (tutti gli operatori della scuola che hanno aderito alla campagna vaccinale saranno convocati via mail). Prosegue con regolarit\u00e0, secondo le date concordate con la Prefettura, la vaccinazione delle Forze dell\u2019Ordine e dei Vigili del Fuoco, vaccinazione che verr\u00e0 estesa alla Polizia Locale. I reparti specialistici ospedalieri stanno completando la vaccinazione dei soggetti estremamente vulnerabile con patologie gravi caratterizzate da immunodepressione. Alle 12.00 di ieri sono state somministrate 20.700 dosi di vaccino, secondo la seguente distruzione: Il Dipartimento di Prevenzione ha riprogrammato l\u2019attivit\u00e0 vaccinale secondo il seguente cronoprogramma: 6700 persone dall\u20198 al 14 marzo; 6900 persone dal 15 al 21 marzo; 6700 persone dal 22 al 28 marzo.<\/p>\n<p>A causa si un incendio del datacenter a Strasburgo dove sono situati i server in cloud della ditta TEOM che gestisce i totem dei laboratori analisi e la prenotazione degli accessi attraverso il sito internet , al momento non \u00e8 possibile prenotare accessi ai laboratori analisi dell\u2019Ulss Dolomiti tramite il sito internet www.aulss1.veneto.it. Le prenotazioni gi\u00e0 effettuate per oggi e i giorni successivi sono gi\u00e0 sui nostri sistemi e quindi gli utenti potranno accedere regolarmente al laboratorio.<\/p>\n<p>&nbsp;<\/p>\n<p>&nbsp;<\/p>\n<hr \/>\n<p>&nbsp;<\/p>\n<blockquote>\n<h3>I CARABINIERI IDENTIFICANO E DENUNCIANO GLI AUTORI DEL FURTO A VILLA PATT<\/h3>\n<\/blockquote>\n<p><strong>SEDICO\u00a0<\/strong>Due giovani di Feltre, D.V.\u00a0 25 anni e M.M.\u00a0 27 sono stati denunciati alla Procura della Repubblica per il reato di furto aggravato in concorso. Lo scorso 8 marzo, se dopo le 22 in barba al coprifuoco, i due\u00a0 hanno pensato si fare una visita non gradita agli uffici di Veneto Strade a Villa Patt, l&#8217;elegante struttura fiore all&#8217;occhiello per Sedico sotto le cure dell&#8217;associazione Proloco. Una volta dentro si sono impossessati di due computer\u00a0 e via come il vento. Ma il vento si \u00e8 trasformato in tempesta solo 48 ore dopo, forse meno, quando i Carabinieri hanno bussato alla porta sventolando il <a href=\"https:\/\/www.radiopiu.net\/wordpress\/8marzo20201sssss\/578f53e7-ddb5-4be4-bb01-d31abb38d606\/\" rel=\"attachment wp-att-196215\"><img loading=\"lazy\" decoding=\"async\" class=\"size-medium wp-image-196215 alignright\" src=\"https:\/\/www.radiopiu.net\/wordpress\/wp-content\/uploads\/2021\/03\/578f53e7-ddb5-4be4-bb01-d31abb38d606-212x300.jpg\" alt=\"\" width=\"212\" height=\"300\" srcset=\"https:\/\/www.radiopiu.net\/wordpress\/wp-content\/uploads\/2021\/03\/578f53e7-ddb5-4be4-bb01-d31abb38d606-212x300.jpg 212w, https:\/\/www.radiopiu.net\/wordpress\/wp-content\/uploads\/2021\/03\/578f53e7-ddb5-4be4-bb01-d31abb38d606.jpg 226w\" sizes=\"auto, (max-width: 212px) 100vw, 212px\" \/><\/a>mandato di perquisizione. SI pu\u00f2 solo immaginare lo stupore di uno dei due, convinto che il berretto per coprire il volto fosse sufficiente a fargliela passare liscia. Ma erano vestiti, e quei vestiti sono stati riconosciuti dai Carabinieri di Sedico al termine di un attento controllo delle telecamere di sorveglianza. I Carabinieri hanno messo assieme fotogrammi e ricordi, e qui scatta la molla: \u00a0i due erano stati controllati nei giorni scorsi e guarda caso indossavano abiti\u00a0 simili a quelli delle due persone acchiappate dalle telecamere. La perquisizione ha portato diritto a due computer del valore di qualche migliaia di euro, la refurtiva del furto a Villa Patt lo scorso 8 marzo,<\/p>\n<blockquote><p><em>Le scarpe, il berretto, il giubbottino e poi guardando ancora meglio magari qualche pezzo di bigiotteria o magari il tatuaggio sul dito mignolo di una mano. Particolari che contano, non facili da trovare perch\u00e9 per l&#8217;uomo o la donna delle Forze dell&#8217;Ordine, in questo caso dei Carabinieri, significa centellinare i fotogrammi delle telecamere di sorveglianza, avanti, indietro, zoomando, spegnendo e accendendo la luce, facendo ricorso ad occhiali e se necessario lente di ingrandimento. Ma alla fine l&#8217;impegno ripaga, la soddisfazione di dare un nome all&#8217;indagato al termine dell&#8217;indagine che porta ad ottenere un mandato di perquisizione e gi\u00e0 questo non \u00e8 poco e poi scovare la refurtiva. In questo caso ci scappa pure il &#8220;bingo&#8221;.<\/em><\/p><\/blockquote>\n<p>&nbsp;<\/p>\n\n\t\t\t<style type='text\/css'>\n\t\t\t\t#gallery-1 {\n\t\t\t\t\tmargin: auto;\n\t\t\t\t}\n\t\t\t\t#gallery-1 .gallery-item {\n\t\t\t\t\tfloat: left;\n\t\t\t\t\tmargin-top: 10px;\n\t\t\t\t\ttext-align: center;\n\t\t\t\t\twidth: 50%;\n\t\t\t\t}\n\t\t\t\t#gallery-1 img {\n\t\t\t\t\tborder: 2px solid #cfcfcf;\n\t\t\t\t}\n\t\t\t\t#gallery-1 .gallery-caption {\n\t\t\t\t\tmargin-left: 0;\n\t\t\t\t}\n\t\t\t\t\/* see gallery_shortcode() in wp-includes\/media.php *\/\n\t\t\t<\/style>\n\t\t<div id='gallery-1' class='dt-gallery-container gallery galleryid-196151 gallery-columns-2 gallery-size-medium'><dl class='gallery-item'>\n\t\t\t\t<dt class='gallery-icon portrait'>\n\t\t\t\t\t<a class=\"rollover rollover-zoom dt-pswp-item\" title=\"578f53e7-ddb5-4be4-bb01-d31abb38d606\" data-dt-img-description=\"\" data-large_image_width=\"226\" data-large_image_height=\"320\"href='https:\/\/www.radiopiu.net\/wordpress\/wp-content\/uploads\/2021\/03\/578f53e7-ddb5-4be4-bb01-d31abb38d606.jpg'><img loading=\"lazy\" decoding=\"async\" width=\"212\" height=\"300\" src=\"https:\/\/www.radiopiu.net\/wordpress\/wp-content\/uploads\/2021\/03\/578f53e7-ddb5-4be4-bb01-d31abb38d606-212x300.jpg\" class=\"attachment-medium size-medium\" alt=\"\" srcset=\"https:\/\/www.radiopiu.net\/wordpress\/wp-content\/uploads\/2021\/03\/578f53e7-ddb5-4be4-bb01-d31abb38d606-212x300.jpg 212w, https:\/\/www.radiopiu.net\/wordpress\/wp-content\/uploads\/2021\/03\/578f53e7-ddb5-4be4-bb01-d31abb38d606.jpg 226w\" sizes=\"auto, (max-width: 212px) 100vw, 212px\" \/><\/a>\n\t\t\t\t<\/dt><\/dl><dl class='gallery-item'>\n\t\t\t\t<dt class='gallery-icon landscape'>\n\t\t\t\t\t<a class=\"rollover rollover-zoom dt-pswp-item\" title=\"2bb6b9b2-e646-45ba-a677-07b33d3b97a3\" data-dt-img-description=\"\" data-large_image_width=\"320\" data-large_image_height=\"320\"href='https:\/\/www.radiopiu.net\/wordpress\/wp-content\/uploads\/2021\/03\/2bb6b9b2-e646-45ba-a677-07b33d3b97a3.jpg'><img loading=\"lazy\" decoding=\"async\" width=\"300\" height=\"300\" src=\"https:\/\/www.radiopiu.net\/wordpress\/wp-content\/uploads\/2021\/03\/2bb6b9b2-e646-45ba-a677-07b33d3b97a3-300x300.jpg\" class=\"attachment-medium size-medium\" alt=\"\" srcset=\"https:\/\/www.radiopiu.net\/wordpress\/wp-content\/uploads\/2021\/03\/2bb6b9b2-e646-45ba-a677-07b33d3b97a3-300x300.jpg 300w, https:\/\/www.radiopiu.net\/wordpress\/wp-content\/uploads\/2021\/03\/2bb6b9b2-e646-45ba-a677-07b33d3b97a3-150x150.jpg 150w, https:\/\/www.radiopiu.net\/wordpress\/wp-content\/uploads\/2021\/03\/2bb6b9b2-e646-45ba-a677-07b33d3b97a3.jpg 320w\" sizes=\"auto, (max-width: 300px) 100vw, 300px\" \/><\/a>\n\t\t\t\t<\/dt><\/dl><br style=\"clear: both\" \/>\n\t\t\t<\/div>\n\n<p>&nbsp;<\/p>\n<hr \/>\n<p>&nbsp;<\/p>\n<blockquote>\n<h3>SCUOLE CHIUSE DA SABATO, COSI&#8217; DECIDE IL DIPARTIMENTO DI PREVENZIONE<\/h3>\n<\/blockquote>\n<p><strong>BELLUNO<\/strong> Da sabato scuole chiuse nel Distretto di Belluno, non pi\u00f9 da venerdi come aveva anticipato l&#8217;assessore Manuela Lanzarin &#8211; sottovoce &#8211; nella conferenza stampa di ieri.\u00a0Il Distretto 1 di Belluno registra un\u2019incidenza di 263,53 casi per 100 mila abitanti, quello 2 di Feltre di 130,09. Considerata che l\u2019incidenza del distretto di Belluno \u00e8 superiore a <a href=\"https:\/\/www.radiopiu.net\/wordpress\/covid-aumentano-i-contagi-in-valle-del-biois-il-punto-settimanale-in-provincia-di-belluno\/2-79\/\" rel=\"attachment wp-att-195916\"><img loading=\"lazy\" decoding=\"async\" class=\"size-medium wp-image-195916 alignleft\" src=\"https:\/\/www.radiopiu.net\/wordpress\/wp-content\/uploads\/2021\/03\/2-291x300.png\" alt=\"\" width=\"291\" height=\"300\" srcset=\"https:\/\/www.radiopiu.net\/wordpress\/wp-content\/uploads\/2021\/03\/2-291x300.png 291w, https:\/\/www.radiopiu.net\/wordpress\/wp-content\/uploads\/2021\/03\/2-768x792.png 768w, https:\/\/www.radiopiu.net\/wordpress\/wp-content\/uploads\/2021\/03\/2.png 966w\" sizes=\"auto, (max-width: 291px) 100vw, 291px\" \/><\/a>250 casi ogni 100 mila abitanti, il Servizio di Igiene e Sanit\u00e0 Pubblica dell\u2019Ulss Dolomiti <b>ha disposto la Didattica esclusivamente a distanza <\/b>a partire dal 2\u00b0 anno della scuola secondaria di 1\u00b0 grado degli istituti del <b>Distretto 1 di Belluno a partire da sabato 13 marzo 2021 per 14 giorni. Cio\u00e8 scuole chiuse dalla seconda media all&#8217;ultimo anno delle superiori.\u00a0<\/b><\/p>\n<blockquote><p><em>I comuni afferenti al\u00a0 <strong>Distretto 1 di Belluno <\/strong>1. Agordo 2. Alleghe 3. Alpago\u00a0 4. Auronzo di Cadore 5. Belluno 6. Borca di Cadore 7. Calazo di Cadore 8. Canale d&#8217;Agordo 9. Cencenighe Agordino 10. Chies D&#8217;Alpago <\/em><em>11. Cibiana di Cadore 12. Colle Santa Lucia 13. Comelico Superiore 14. Cortina D&#8217;Ampezzo 15. Danta Di Cadore <\/em><em>16. Domegge Di Cadore 17. Falcade 18. Gosaldo 19. La Valle Agordina 20. Limana 21. Livinallongo 22. Longarone <\/em><em>23. Lorenzago di Cadore 24. Lozzo di Cadore 25. Ospitale di Cadore 26. Perarolo di Cadore 27. Pieve di Cadore 28. Ponte nelle Alpi 29. Rivamonte Agordino 30. Rocca Pietore 31. San Nicol\u00f2 Comelico 32. San Pietro di Cadore 33. Santo Stefano di Cadore 34. San Tomaso Agordino 35. San Vito di Cadore 36. Selva di Cadore 37. Soverzene 38. Taibon Agordino 39. Tambre 40. Val di Zoldo 41. Vallada Agordina 42. Valle di Cadore 43. Vigo di Cadore 44. Vodo di Cadore 45. Voltago Agordino 46. Zopp\u00e8 di Cadore Belluno, 10 marzo 2021<\/em><\/p><\/blockquote>\n<p>&nbsp;<\/p>\n<a href=\"https:\/\/www.radiopiu.net\/wordpress\/wp-content\/uploads\/2021\/03\/MappaIncidenzaDistretti_20210310-1.pdf\" class=\"pdfemb-viewer\" style=\"\" data-width=\"max\" data-height=\"max\" data-toolbar=\"top\" data-toolbar-fixed=\"on\">MappaIncidenzaDistretti_20210310-1<\/a>\n<p>&nbsp;<\/p>\n<hr \/>\n<p>&nbsp;<\/p>\n<blockquote>\n<h3>AD AGORDO UN FURGONE IN RETROMARCIA INVESTE UN PEDONE<\/h3>\n<\/blockquote>\n<p><strong><a href=\"https:\/\/www.radiopiu.net\/wordpress\/una-semplice\/a6f2e1ab-3eee-4bd8-94c2-1e61077f1e91\/\" rel=\"attachment wp-att-151435\"><img loading=\"lazy\" decoding=\"async\" class=\"wp-image-151435 alignleft\" src=\"https:\/\/www.radiopiu.net\/wordpress\/wp-content\/uploads\/2020\/07\/a6f2e1ab-3eee-4bd8-94c2-1e61077f1e91-300x225.jpg\" alt=\"\" width=\"171\" height=\"128\" srcset=\"https:\/\/www.radiopiu.net\/wordpress\/wp-content\/uploads\/2020\/07\/a6f2e1ab-3eee-4bd8-94c2-1e61077f1e91-300x225.jpg 300w, https:\/\/www.radiopiu.net\/wordpress\/wp-content\/uploads\/2020\/07\/a6f2e1ab-3eee-4bd8-94c2-1e61077f1e91-768x576.jpg 768w, https:\/\/www.radiopiu.net\/wordpress\/wp-content\/uploads\/2020\/07\/a6f2e1ab-3eee-4bd8-94c2-1e61077f1e91.jpg 960w\" sizes=\"auto, (max-width: 171px) 100vw, 171px\" \/><\/a>AGORDO<\/strong> Fa retromarcia con il furgone ma non si accorge che in quel momento c&#8217;era una persona nelle vicinanze e lo investe. \u00c8 successo oggi pomeriggio ad Agordo in Viale Sommariva vicino all&#8217;ufficio postale. Un uomo residente in Alpago stava facendo retromarcia con un furgone quando ha urtato G.T. 74 anni di Agordo. L&#8217;agordino \u00e8 caduto a terra e dopo l&#8217;intervento dei sanitari \u00e8 stato ricoverato all&#8217;ospedale di Agordo. Non si conosce la prognosi ma le sue condizioni non erano gravi. Sul posto i Carabinieri.<\/p>\n<p>&nbsp;<\/p>\n<p>&nbsp;<\/p>\n<hr \/>\n<p>&nbsp;<\/p>\n<p>&nbsp;<\/p>\n<h2><a href=\"https:\/\/www.radiopiu.net\/wordpress\/giornale-radiopiu-03-dicembre-2020-direttore-mirko-mezzacasa\/d63f5994-bf40-4781-be5d-3cff45ef8267\/\" rel=\"attachment wp-att-176344\"><img loading=\"lazy\" decoding=\"async\" class=\"wp-image-176344 alignleft\" src=\"https:\/\/www.radiopiu.net\/wordpress\/wp-content\/uploads\/2020\/12\/d63f5994-bf40-4781-be5d-3cff45ef8267-268x300.jpg\" alt=\"\" width=\"150\" height=\"168\" srcset=\"https:\/\/www.radiopiu.net\/wordpress\/wp-content\/uploads\/2020\/12\/d63f5994-bf40-4781-be5d-3cff45ef8267-268x300.jpg 268w, https:\/\/www.radiopiu.net\/wordpress\/wp-content\/uploads\/2020\/12\/d63f5994-bf40-4781-be5d-3cff45ef8267-914x1024.jpg 914w, https:\/\/www.radiopiu.net\/wordpress\/wp-content\/uploads\/2020\/12\/d63f5994-bf40-4781-be5d-3cff45ef8267-768x860.jpg 768w, https:\/\/www.radiopiu.net\/wordpress\/wp-content\/uploads\/2020\/12\/d63f5994-bf40-4781-be5d-3cff45ef8267.jpg 1125w\" sizes=\"auto, (max-width: 150px) 100vw, 150px\" \/><\/a>LO SPOPOLAMENTO ACCELERA\u00a0&#8220;SERVE INVESTIRE&#8221; DICE PADRIN<\/h2>\n<p><strong>BELLUNO\u00a0<\/strong><\/p>\n<p><strong>\u00a0di Moreno Gioli<\/strong><\/p>\n<audio class=\"wp-audio-shortcode\" id=\"audio-196151-2\" preload=\"none\" style=\"width: 100%;\" controls=\"controls\"><source type=\"audio\/mpeg\" src=\"https:\/\/www.radiopiu.net\/wordpress\/wp-content\/uploads\/2021\/03\/MORENO-1.mp3?_=2\" \/><a href=\"https:\/\/www.radiopiu.net\/wordpress\/wp-content\/uploads\/2021\/03\/MORENO-1.mp3\">https:\/\/www.radiopiu.net\/wordpress\/wp-content\/uploads\/2021\/03\/MORENO-1.mp3<\/a><\/audio>\n<p>&nbsp;<\/p>\n<hr \/>\n<blockquote>\n<h3>AIUTI PER NCC E BUS OPERATOR, LA PROVINCIA PREPARA IL BANDO DA 100 MILA EURO<\/h3>\n<\/blockquote>\n<p><strong>ai microfoni di RADIO PIU dalla rassegna stampa il consigliere DARIO SCOPEL<\/strong><\/p>\n<audio class=\"wp-audio-shortcode\" id=\"audio-196151-3\" preload=\"none\" style=\"width: 100%;\" controls=\"controls\"><source type=\"audio\/mpeg\" src=\"https:\/\/www.radiopiu.net\/wordpress\/wp-content\/uploads\/2021\/03\/dario-scope.mp3?_=3\" \/><a href=\"https:\/\/www.radiopiu.net\/wordpress\/wp-content\/uploads\/2021\/03\/dario-scope.mp3\">https:\/\/www.radiopiu.net\/wordpress\/wp-content\/uploads\/2021\/03\/dario-scope.mp3<\/a><\/audio>\n<p>&nbsp;<\/p>\n<p><strong>BELLUNO<\/strong> Il<span style=\"-webkit-font-kerning: none; font-family: arial, helvetica, sans-serif; font-size: 13pt;\">\u00a0presidente Roberto Padrin e il consigliere delegato alla mobilit\u00e0 Dario Scopel hanno portato la solidariet\u00e0 della Provincia al sit-in organizzato dalle aziende di trasporto privato davanti <img loading=\"lazy\" decoding=\"async\" class=\"alignleft\" src=\"https:\/\/www.radiopiu.net\/wordpress\/wp-content\/uploads\/2021\/03\/IMG_9232.jpg\" width=\"347\" height=\"260\" \/>alla Prefettura. E sono saliti dal prefetto insieme a bus operator e Ncc per illustrare tutte le difficolt\u00e0 di un settore fermo da un anno.<\/span><\/p>\n<blockquote>\n<p style=\"margin: 0px; font-style: normal; font-variant-caps: normal; font-weight: normal; font-stretch: normal; font-size: 12px; line-height: normal; font-family: Helvetica; -webkit-text-stroke-width: initial; -webkit-text-stroke-color: #000000;\"><em><span style=\"-webkit-font-kerning: none; font-family: arial, helvetica, sans-serif; font-size: 13pt;\">\u00abAbbiamo ricevuto simbolicamente le chiavi dei mezzi dei bus operator, bloccati nei garage dal lockdown prima e dalle restrizioni anti-contagio poi &#8211; spiega il presidente Padrin -. La salute in questo momento ha la priorit\u00e0 su tutto, ma da parte nostra abbiamo voluto dimostrare la nostra vicinanza a questi imprenditori e lavoratori che si trovano in una situazione drammatica\u00bb.<\/span><\/em><\/p>\n<p style=\"margin: 0px; font-style: normal; font-variant-caps: normal; font-weight: normal; font-stretch: normal; font-size: 12px; line-height: normal; font-family: Helvetica; -webkit-text-stroke-width: initial; -webkit-text-stroke-color: #000000;\"><em><span style=\"-webkit-font-kerning: none; font-family: arial, helvetica, sans-serif; font-size: 13pt;\">La Provincia a dicembre nel cosiddetto \u201cpacchetto Covid\u201d aveva varato alcuni aiuti mirati alle categorie pi\u00f9 colpite dalla crisi. E per il settore del trasporto privato aveva inserito 100mila euro. \u00abOra stiamo predisponendo il bando per erogare quelle risorse &#8211; spiega il consigliere delegato Scopel -. Un aiuto concreto per tutto il settore dei bus operator e Ncc, per fare in modo che le imprese restino attive e si salvaguardino professionalit\u00e0 e posti di lavoro, in attesa di poter tornare presto alla normalit\u00e0\u00bb.<\/span><\/em><\/p>\n<\/blockquote>\n<p>&nbsp;<\/p>\n<hr \/>\n<p>&nbsp;<\/p>\n<blockquote>\n<h3>DOPO PIU&#8217; DI UN ANNO RITORNANO LE ASSEMBLEE SINDACALI IN PRESENZA ALLO STABILIMENTO LUXOTTICA DI AGORDO. LA FILCTEM CIGL FA IL PUNTO<\/h3>\n<\/blockquote>\n<p><strong><a href=\"https:\/\/www.radiopiu.net\/wordpress\/dopo-piu-di-un-anno-ritornano-le-assemblee-sindacali-in-presenza-allo-stabilimento-luxottica-di-agordo-la-filctem-cigl-fa-il-punto\/schermata-2021-03-10-alle-18-14-05\/\" rel=\"attachment wp-att-196312\"><img loading=\"lazy\" decoding=\"async\" class=\"size-full wp-image-196312 alignleft\" src=\"https:\/\/www.radiopiu.net\/wordpress\/wp-content\/uploads\/2021\/03\/Schermata-2021-03-10-alle-18.14.05.png\" alt=\"\" width=\"284\" height=\"278\" \/><\/a>BELLUNO\u00a0<\/strong>Dopo pi\u00f9 di un anno presso lo stabilimento Luxottica di Agordo le sigle sindacali sono ritornate a fare le assemblee in presenza presso la sala mensa. La Filctem CGIL fa il punto sui primi incontri con le maestranze.<\/p>\n<p><strong>IL COMUNICATO STAMPA<\/strong><\/p>\n<blockquote><p>Riccardo Colletti della Filctem Cgil nazionale, coordinatore del gruppo Luxottica, e Denise Casanova, segretaria generale della Filctem Belluno, impegnati in questi giorni nelle assemblee in tutti i siti produttivi della Luxottica per approvare e validare il nuovo contratto nazionale di lavoro del settore occhialeria, hanno dichiarato che \u201cCome Filctem Cgil teniamo a ribadire che, a livello nazionale e provinciale, abbiamo preteso e non con poca fatica di svolgere le assemblee in presenza dei lavoratori, ovviamente rispettando tutti i protocolli sanitari previsti. Questo per garantire la massima sicurezza. Le assemblee in presenza ci permettono una maggiore partecipazione delle lavoratrici e dei lavoratori ed hanno un imprescindibile valore democratico, come appunto quello del voto sul contratto di lavoro. Inoltre, ci permettono una vicinanza che consente di condividere con tutti, questioni e necessita\u0300 che in un ambito assembleare possono emergere\u201d. \u201c<em>Da tempo \u2013 proseguono i due sindacalisti &#8211; non avevamo avuto questa opportunita\u0300. La pandemia, infatti, ci ha opposto ostacoli, che all\u2019apparenza possono sembrare strumentali, ma che in realta\u0300 arrecano grandi difficolta\u0300 nei rapporti con i lavoratori che rappresentiamo. Le assemblee ora stanno registrando la massima partecipazione, soprattutto dei giovani, ed il riscontro sul voto e\u0300 positivo. Nei prossimi giorni, infatti, saremo in grado di sciogliere la riserva contrattuale<\/em>\u201d. \u201c<em>Una domanda che stiamo ricevendo da molti lavoratori \u2013 fanno presente Colletti e Casanova &#8211; si riferisce al premio di risultato per l\u2019anno 2021. Sappiamo che nei prossimi giorni l\u2019azienda presentera\u0300 il bilancio di gruppo con i dati definitivi dell\u2019anno 2020 e che oggi si terra\u0300 il consiglio di amministrazione dal quale sapremo gli indici di reddittivita\u0300 che saranno il riferimento per il calcolo del PDR. Possiamo immaginare che ci siano delle difficolta\u0300 dovute alla situazione contingente, ma dobbiamo considerare positivamente la grande partecipazione che sta consentendo il raggiungimento di obiettivi che non possono essere banalizzati e sottovalutati da semplici condizioni numeriche e matematiche\u201d. \u201cIl nostro obiettivo e\u0300 quello di confrontarci con l\u2019azienda nella ricerca di soluzioni che possano soddisfare, in un momento critico come questo, le aspettative dei lavoratori<\/em>\u201d.<\/p><\/blockquote>\n<p>&nbsp;<\/p>\n<hr \/>\n<p>&nbsp;<\/p>\n<blockquote>\n<h3>CISL, LA VOCE DEI LAVORATORI. IL CONTRATTO NAZIONALE NELLE ASSEMBLEE E IL PREMIO PRUDUZIONE<\/h3>\n<\/blockquote>\n<p><strong><a href=\"https:\/\/www.radiopiu.net\/wordpress\/cisl-fase-due-roffare-ripartire-dalla-sicurezza-e-dalla-contrattazione-aziendale\/cisl-belluno-ok\/\" rel=\"attachment wp-att-132184\"><img loading=\"lazy\" decoding=\"async\" class=\"wp-image-132184 alignleft\" src=\"https:\/\/www.radiopiu.net\/wordpress\/wp-content\/uploads\/2020\/04\/CISL-BELLUNO-OK-300x300.jpg\" alt=\"\" width=\"147\" height=\"147\" srcset=\"https:\/\/www.radiopiu.net\/wordpress\/wp-content\/uploads\/2020\/04\/CISL-BELLUNO-OK-300x300.jpg 300w, https:\/\/www.radiopiu.net\/wordpress\/wp-content\/uploads\/2020\/04\/CISL-BELLUNO-OK-150x150.jpg 150w, https:\/\/www.radiopiu.net\/wordpress\/wp-content\/uploads\/2020\/04\/CISL-BELLUNO-OK-768x769.jpg 768w, https:\/\/www.radiopiu.net\/wordpress\/wp-content\/uploads\/2020\/04\/CISL-BELLUNO-OK.jpg 909w\" sizes=\"auto, (max-width: 147px) 100vw, 147px\" \/><\/a>PUNTATA DEL 10 MARZO 2021<\/strong><\/p>\n<p>OSPITI: <strong>RAFFAELE SALVATONI,<\/strong> 50 anni Segretario nazionale della FEMCA CISL. Il numero uno dei tessili CISL bergamaschi\u00a0 ha assunto\u00a0 la responsabilit\u00e0 del settore moda.<strong> PAOLO CHISSALE&#8217;<\/strong> da qualche settimana in pensione, gi\u00e0 RSU Luxottica Agordo.<\/p>\n<p>audio<\/p>\n<audio class=\"wp-audio-shortcode\" id=\"audio-196151-4\" preload=\"none\" style=\"width: 100%;\" controls=\"controls\"><source type=\"audio\/mpeg\" src=\"https:\/\/www.radiopiu.net\/wordpress\/wp-content\/uploads\/2021\/03\/CISL.mp3?_=4\" \/><a href=\"https:\/\/www.radiopiu.net\/wordpress\/wp-content\/uploads\/2021\/03\/CISL.mp3\">https:\/\/www.radiopiu.net\/wordpress\/wp-content\/uploads\/2021\/03\/CISL.mp3<\/a><\/audio>\n<p>&nbsp;<\/p>\n\n\t\t\t<style type='text\/css'>\n\t\t\t\t#gallery-2 {\n\t\t\t\t\tmargin: auto;\n\t\t\t\t}\n\t\t\t\t#gallery-2 .gallery-item {\n\t\t\t\t\tfloat: left;\n\t\t\t\t\tmargin-top: 10px;\n\t\t\t\t\ttext-align: center;\n\t\t\t\t\twidth: 50%;\n\t\t\t\t}\n\t\t\t\t#gallery-2 img {\n\t\t\t\t\tborder: 2px solid #cfcfcf;\n\t\t\t\t}\n\t\t\t\t#gallery-2 .gallery-caption {\n\t\t\t\t\tmargin-left: 0;\n\t\t\t\t}\n\t\t\t\t\/* see gallery_shortcode() in wp-includes\/media.php *\/\n\t\t\t<\/style>\n\t\t<div id='gallery-2' class='dt-gallery-container gallery galleryid-196151 gallery-columns-2 gallery-size-thumbnail'><dl class='gallery-item'>\n\t\t\t\t<dt class='gallery-icon landscape'>\n\t\t\t\t\t<a class=\"rollover rollover-zoom dt-pswp-item\" title=\"th\" data-dt-img-description=\"\" data-large_image_width=\"300\" data-large_image_height=\"300\"href='https:\/\/www.radiopiu.net\/wordpress\/wp-content\/uploads\/2021\/03\/th-7.jpg'><img loading=\"lazy\" decoding=\"async\" width=\"150\" height=\"150\" src=\"https:\/\/www.radiopiu.net\/wordpress\/wp-content\/uploads\/2021\/03\/th-7-150x150.jpg\" class=\"attachment-thumbnail size-thumbnail\" alt=\"\" srcset=\"https:\/\/www.radiopiu.net\/wordpress\/wp-content\/uploads\/2021\/03\/th-7-150x150.jpg 150w, https:\/\/www.radiopiu.net\/wordpress\/wp-content\/uploads\/2021\/03\/th-7.jpg 300w\" sizes=\"auto, (max-width: 150px) 100vw, 150px\" \/><\/a>\n\t\t\t\t<\/dt><\/dl><dl class='gallery-item'>\n\t\t\t\t<dt class='gallery-icon landscape'>\n\t\t\t\t\t<a class=\"rollover rollover-zoom dt-pswp-item\" title=\"PAOLO CHISSALE\" data-dt-img-description=\"\" data-large_image_width=\"275\" data-large_image_height=\"183\"href='https:\/\/www.radiopiu.net\/wordpress\/wp-content\/uploads\/2018\/01\/PAOLO-CHISSALE.jpg'><img loading=\"lazy\" decoding=\"async\" width=\"150\" height=\"150\" src=\"https:\/\/www.radiopiu.net\/wordpress\/wp-content\/uploads\/2018\/01\/PAOLO-CHISSALE-150x150.jpg\" class=\"attachment-thumbnail size-thumbnail\" alt=\"\" \/><\/a>\n\t\t\t\t<\/dt><\/dl><br style=\"clear: both\" \/>\n\t\t\t<\/div>\n\n<p>&nbsp;<\/p>\n<p>&nbsp;<\/p>\n<hr \/>\n<p>&nbsp;<\/p>\n<blockquote>\n<h3>TRATTATIVE IN CORSO TRA COMUNE DI CANALE E BENCO PER LA PALAZZINA A PISOLIVA<\/h3>\n<\/blockquote>\n<p><strong><a href=\"https:\/\/www.radiopiu.net\/wordpress\/giornale-radiopiu-03-giugno-2020-direttore-mirko-mezzacasa\/canale-dagordo-6\/\" rel=\"attachment wp-att-142143\"><img loading=\"lazy\" decoding=\"async\" class=\"size-medium wp-image-142143 alignleft\" src=\"https:\/\/www.radiopiu.net\/wordpress\/wp-content\/uploads\/2020\/06\/CANALE-DAGORDO-6-300x225.jpg\" alt=\"\" width=\"300\" height=\"225\" srcset=\"https:\/\/www.radiopiu.net\/wordpress\/wp-content\/uploads\/2020\/06\/CANALE-DAGORDO-6-300x225.jpg 300w, https:\/\/www.radiopiu.net\/wordpress\/wp-content\/uploads\/2020\/06\/CANALE-DAGORDO-6-768x576.jpg 768w, https:\/\/www.radiopiu.net\/wordpress\/wp-content\/uploads\/2020\/06\/CANALE-DAGORDO-6.jpg 960w\" sizes=\"auto, (max-width: 300px) 100vw, 300px\" \/><\/a>CANALE D&#8217;AGORDO<\/strong><\/p>\n<p>di Gianni Santomaso<\/p>\n<audio class=\"wp-audio-shortcode\" id=\"audio-196151-5\" preload=\"none\" style=\"width: 100%;\" controls=\"controls\"><source type=\"audio\/mpeg\" src=\"https:\/\/www.radiopiu.net\/wordpress\/wp-content\/uploads\/2021\/03\/GIANNI-NUOVA-PALAZZINA-PISOLIVA.mp3?_=5\" \/><a href=\"https:\/\/www.radiopiu.net\/wordpress\/wp-content\/uploads\/2021\/03\/GIANNI-NUOVA-PALAZZINA-PISOLIVA.mp3\">https:\/\/www.radiopiu.net\/wordpress\/wp-content\/uploads\/2021\/03\/GIANNI-NUOVA-PALAZZINA-PISOLIVA.mp3<\/a><\/audio>\n<p>&nbsp;<\/p>\n<p>&nbsp;<\/p>\n<hr \/>\n<p>&nbsp;<\/p>\n<blockquote>\n<h3><a href=\"https:\/\/www.radiopiu.net\/wordpress\/alpago-buoni-spesa-per-lemergenza-covid-19-ad-oggi-accolte-circa-50-richieste-ed-erogati-quasi-16-mila-euro-ancora-alcuni-giorni-per-la-domanda-in-comune\/alpago-stemma\/\" rel=\"attachment wp-att-132463\"><img loading=\"lazy\" decoding=\"async\" class=\"wp-image-132463 alignleft\" src=\"https:\/\/www.radiopiu.net\/wordpress\/wp-content\/uploads\/2020\/04\/Alpago-Stemma-218x300.png\" alt=\"\" width=\"96\" height=\"132\" srcset=\"https:\/\/www.radiopiu.net\/wordpress\/wp-content\/uploads\/2020\/04\/Alpago-Stemma-218x300.png 218w, https:\/\/www.radiopiu.net\/wordpress\/wp-content\/uploads\/2020\/04\/Alpago-Stemma.png 364w\" sizes=\"auto, (max-width: 96px) 100vw, 96px\" \/><\/a>UN COMPUTER PER OGNI STUDENTE UNIVERSITARIO, PAGA IL COMUNE<\/h3>\n<\/blockquote>\n<p>&nbsp;<\/p>\n<p><strong>DI DAMIANO TORMEN<\/strong><\/p>\n<audio class=\"wp-audio-shortcode\" id=\"audio-196151-6\" preload=\"none\" style=\"width: 100%;\" controls=\"controls\"><source type=\"audio\/mpeg\" src=\"https:\/\/www.radiopiu.net\/wordpress\/wp-content\/uploads\/2021\/03\/DAMIANO-COMUNE.mp3?_=6\" \/><a href=\"https:\/\/www.radiopiu.net\/wordpress\/wp-content\/uploads\/2021\/03\/DAMIANO-COMUNE.mp3\">https:\/\/www.radiopiu.net\/wordpress\/wp-content\/uploads\/2021\/03\/DAMIANO-COMUNE.mp3<\/a><\/audio>\n<p>&nbsp;<\/p>\n<div class=\"wp-media-wrapper wp-audio\">\n<div id=\"mep_0\" class=\"mejs-container mejs-container-keyboard-inactive wp-audio-shortcode mejs-audio\" tabindex=\"0\" role=\"application\" aria-label=\"Audio Player\">\n<div class=\"mejs-inner\">\n<div class=\"mejs-controls\">\n<p>&nbsp;<\/p>\n<\/div>\n<\/div>\n<\/div>\n<\/div>\n<p>&nbsp;<\/p>\n<p>&nbsp;<\/p>\n<hr \/>\n<blockquote>\n<h3 class=\"articlePlainTitle\"><a href=\"https:\/\/www.radiopiu.net\/wordpress\/la-gestione-delle-emergenze-giovedi-ad-alleghe-con-il-rotary-club-di-belluno\/normal_lr_def_90_radioclub_cime_bianche_retro\/\" rel=\"attachment wp-att-76813\"><img loading=\"lazy\" decoding=\"async\" class=\"wp-image-76813 alignleft\" src=\"https:\/\/www.radiopiu.net\/wordpress\/wp-content\/uploads\/2019\/02\/normal_LR_Def_90_Radioclub_Cime_Bianche_retro-300x229.jpg\" alt=\"\" width=\"176\" height=\"134\" srcset=\"https:\/\/www.radiopiu.net\/wordpress\/wp-content\/uploads\/2019\/02\/normal_LR_Def_90_Radioclub_Cime_Bianche_retro-300x229.jpg 300w, https:\/\/www.radiopiu.net\/wordpress\/wp-content\/uploads\/2019\/02\/normal_LR_Def_90_Radioclub_Cime_Bianche_retro.jpg 400w\" sizes=\"auto, (max-width: 176px) 100vw, 176px\" \/><\/a>AGORDO E IL LEGAME CON IL RADIO CLUB CIME BIANCHE<\/h3>\n<\/blockquote>\n<div><\/div>\n<div><strong>AGORDO<\/strong>\u00a0 Il Comune ha confermato anche per quest&#8217;anno l&#8217;adesione come socio ordinario al radio club Bianche cime di Agordo. L&#8217;iniziativa \u00e8 stata ufficializzata con una delibera di giunta che ha disposto il pagamento della quota associativa, 15 euro, da parte del Comune. L&#8217;iscrizione permette all&#8217;ente locale di firmare il disciplinare per l&#8217;uso di apparati radio nella rete civile Vhf.<\/div>\n<p>&nbsp;<\/p>\n<p>&nbsp;<\/p>\n<hr \/>\n<p>&nbsp;<\/p>\n<p>&nbsp;<\/p>\n<blockquote class=\"wp-embedded-content\" data-secret=\"lLPiZgNNtR\"><p><a href=\"https:\/\/www.radiopiu.net\/wordpress\/rinnovato-il-consiglio-di-sezione-mario-zanetti-presidente\/\">RINNOVATO IL CONSIGLIO DI SEZIONE, MARIO ZANETTI PRESIDENTE<\/a><\/p><\/blockquote>\n<p><iframe loading=\"lazy\" class=\"wp-embedded-content\" sandbox=\"allow-scripts\" security=\"restricted\" style=\"position: absolute; clip: rect(1px, 1px, 1px, 1px);\" title=\"&#8220;RINNOVATO IL CONSIGLIO DI SEZIONE, MARIO ZANETTI PRESIDENTE&#8221; &#8212; Radio Pi\u00f9\" src=\"https:\/\/www.radiopiu.net\/wordpress\/rinnovato-il-consiglio-di-sezione-mario-zanetti-presidente\/embed\/#?secret=lLPiZgNNtR\" data-secret=\"lLPiZgNNtR\" width=\"600\" height=\"338\" frameborder=\"0\" marginwidth=\"0\" marginheight=\"0\" scrolling=\"no\"><\/iframe><\/p>\n<p>&nbsp;<\/p>\n<p>&nbsp;<\/p>\n<hr \/>\n<p>&nbsp;<\/p>\n<p>&nbsp;<\/p>\n<blockquote>\n<h2>Rinvio assemblea associativa 2021 di Nuovi Traguardi<\/h2>\n<p><em>Come gi\u00e0 successo per il 2020, anche per il 2021 la pandemia da covid-19 ci impone di rinviare l\u2019annuale <\/em><br \/>\n<em>assemblea dei soci a data da destinarsi. Per statuto l\u2019assemblea dovrebbe svolgersi entro la fine di marzo <\/em><br \/>\n<em>ma, visti i divieti in atto, quando sar\u00e0 nuovamente possibile comunicheremo a tutti i soci la nuova data con <\/em><br \/>\n<em>la consueta lettera di convocazione.<\/em><\/p><\/blockquote>\n<p>&nbsp;<\/p>\n<p>&nbsp;<\/p>\n<p>&nbsp;<\/p>\n<hr \/>\n<p>&nbsp;<\/p>\n<blockquote class=\"wp-embedded-content\" data-secret=\"DFVdi8nLmu\"><p><a href=\"https:\/\/www.radiopiu.net\/wordpress\/aggmar10\/\">CORONAVIRUS: AGGIORNAMENTO NAZIONALE 10 MARZO 2021<\/a><\/p><\/blockquote>\n<p><iframe loading=\"lazy\" class=\"wp-embedded-content\" sandbox=\"allow-scripts\" security=\"restricted\" style=\"position: absolute; clip: rect(1px, 1px, 1px, 1px);\" title=\"&#8220;CORONAVIRUS: AGGIORNAMENTO NAZIONALE 10 MARZO 2021&#8221; &#8212; Radio Pi\u00f9\" src=\"https:\/\/www.radiopiu.net\/wordpress\/aggmar10\/embed\/#?secret=DFVdi8nLmu\" data-secret=\"DFVdi8nLmu\" width=\"600\" height=\"338\" frameborder=\"0\" marginwidth=\"0\" marginheight=\"0\" scrolling=\"no\"><\/iframe><\/p>\n<p>&nbsp;<\/p>\n<hr \/>\n<p>&nbsp;<\/p>\n<blockquote class=\"wp-embedded-content\" data-secret=\"07YIX0x3YD\"><p><a href=\"https:\/\/www.radiopiu.net\/wordpress\/nelle-ultime-24-ore-1642-nuove-positivita-in-veneto-23-decessi-e-ricoveri-in-aumento-a-belluno-68-positivi-in-piu-ma-stabile-la-situazione-negli-ospedali-della-provincia\/\">NELLE ULTIME 24 ORE 1642 NUOVE POSITIVITA&#8217; IN VENETO, 23 DECESSI E RICOVERI IN AUMENTO. A BELLUNO 68 POSITIVI IN PIU&#8217; MA STABILE LA SITUAZIONE NEGLI OSPEDALI DELLA PROVINCIA<\/a><\/p><\/blockquote>\n<p><iframe loading=\"lazy\" class=\"wp-embedded-content\" sandbox=\"allow-scripts\" security=\"restricted\" style=\"position: absolute; clip: rect(1px, 1px, 1px, 1px);\" title=\"&#8220;NELLE ULTIME 24 ORE 1642 NUOVE POSITIVITA&#8217; IN VENETO, 23 DECESSI E RICOVERI IN AUMENTO. A BELLUNO 68 POSITIVI IN PIU&#8217; MA STABILE LA SITUAZIONE NEGLI OSPEDALI DELLA PROVINCIA&#8221; &#8212; Radio Pi\u00f9\" src=\"https:\/\/www.radiopiu.net\/wordpress\/nelle-ultime-24-ore-1642-nuove-positivita-in-veneto-23-decessi-e-ricoveri-in-aumento-a-belluno-68-positivi-in-piu-ma-stabile-la-situazione-negli-ospedali-della-provincia\/embed\/#?secret=07YIX0x3YD\" data-secret=\"07YIX0x3YD\" width=\"600\" height=\"338\" frameborder=\"0\" marginwidth=\"0\" marginheight=\"0\" scrolling=\"no\"><\/iframe><\/p>\n<p>&nbsp;<\/p>\n<hr \/>\n<p>&nbsp;<\/p>\n<blockquote>\n<h3>I GRAFICI DI TIZIANO DE COL<\/h3>\n<\/blockquote>\n\n\t\t\t<style type='text\/css'>\n\t\t\t\t#gallery-3 {\n\t\t\t\t\tmargin: auto;\n\t\t\t\t}\n\t\t\t\t#gallery-3 .gallery-item {\n\t\t\t\t\tfloat: left;\n\t\t\t\t\tmargin-top: 10px;\n\t\t\t\t\ttext-align: center;\n\t\t\t\t\twidth: 20%;\n\t\t\t\t}\n\t\t\t\t#gallery-3 img {\n\t\t\t\t\tborder: 2px solid #cfcfcf;\n\t\t\t\t}\n\t\t\t\t#gallery-3 .gallery-caption {\n\t\t\t\t\tmargin-left: 0;\n\t\t\t\t}\n\t\t\t\t\/* see gallery_shortcode() in wp-includes\/media.php *\/\n\t\t\t<\/style>\n\t\t<div id='gallery-3' class='dt-gallery-container gallery galleryid-196151 gallery-columns-5 gallery-size-medium'><dl class='gallery-item'>\n\t\t\t\t<dt class='gallery-icon landscape'>\n\t\t\t\t\t<a class=\"rollover rollover-zoom dt-pswp-item\" title=\"335a4921-d064-4040-aab3-375959590cae\" data-dt-img-description=\"\" data-large_image_width=\"614\" data-large_image_height=\"352\"href='https:\/\/www.radiopiu.net\/wordpress\/wp-content\/uploads\/2021\/03\/335a4921-d064-4040-aab3-375959590cae.jpg'><img loading=\"lazy\" decoding=\"async\" width=\"300\" height=\"172\" src=\"https:\/\/www.radiopiu.net\/wordpress\/wp-content\/uploads\/2021\/03\/335a4921-d064-4040-aab3-375959590cae-300x172.jpg\" class=\"attachment-medium size-medium\" alt=\"\" srcset=\"https:\/\/www.radiopiu.net\/wordpress\/wp-content\/uploads\/2021\/03\/335a4921-d064-4040-aab3-375959590cae-300x172.jpg 300w, https:\/\/www.radiopiu.net\/wordpress\/wp-content\/uploads\/2021\/03\/335a4921-d064-4040-aab3-375959590cae.jpg 614w\" sizes=\"auto, (max-width: 300px) 100vw, 300px\" \/><\/a>\n\t\t\t\t<\/dt><\/dl><dl class='gallery-item'>\n\t\t\t\t<dt class='gallery-icon landscape'>\n\t\t\t\t\t<a class=\"rollover rollover-zoom dt-pswp-item\" title=\"f0f34a25-5c93-4865-a77a-d023bd4750d3\" data-dt-img-description=\"\" data-large_image_width=\"614\" data-large_image_height=\"355\"href='https:\/\/www.radiopiu.net\/wordpress\/wp-content\/uploads\/2021\/03\/f0f34a25-5c93-4865-a77a-d023bd4750d3.jpg'><img loading=\"lazy\" decoding=\"async\" width=\"300\" height=\"173\" src=\"https:\/\/www.radiopiu.net\/wordpress\/wp-content\/uploads\/2021\/03\/f0f34a25-5c93-4865-a77a-d023bd4750d3-300x173.jpg\" class=\"attachment-medium size-medium\" alt=\"\" srcset=\"https:\/\/www.radiopiu.net\/wordpress\/wp-content\/uploads\/2021\/03\/f0f34a25-5c93-4865-a77a-d023bd4750d3-300x173.jpg 300w, https:\/\/www.radiopiu.net\/wordpress\/wp-content\/uploads\/2021\/03\/f0f34a25-5c93-4865-a77a-d023bd4750d3.jpg 614w\" sizes=\"auto, (max-width: 300px) 100vw, 300px\" \/><\/a>\n\t\t\t\t<\/dt><\/dl><dl class='gallery-item'>\n\t\t\t\t<dt class='gallery-icon landscape'>\n\t\t\t\t\t<a class=\"rollover rollover-zoom dt-pswp-item\" title=\"1cc182f8-85b8-436c-9a49-07466c25f026\" data-dt-img-description=\"\" data-large_image_width=\"608\" data-large_image_height=\"356\"href='https:\/\/www.radiopiu.net\/wordpress\/wp-content\/uploads\/2021\/03\/1cc182f8-85b8-436c-9a49-07466c25f026.jpg'><img loading=\"lazy\" decoding=\"async\" width=\"300\" height=\"176\" src=\"https:\/\/www.radiopiu.net\/wordpress\/wp-content\/uploads\/2021\/03\/1cc182f8-85b8-436c-9a49-07466c25f026-300x176.jpg\" class=\"attachment-medium size-medium\" alt=\"\" srcset=\"https:\/\/www.radiopiu.net\/wordpress\/wp-content\/uploads\/2021\/03\/1cc182f8-85b8-436c-9a49-07466c25f026-300x176.jpg 300w, https:\/\/www.radiopiu.net\/wordpress\/wp-content\/uploads\/2021\/03\/1cc182f8-85b8-436c-9a49-07466c25f026.jpg 608w\" sizes=\"auto, (max-width: 300px) 100vw, 300px\" \/><\/a>\n\t\t\t\t<\/dt><\/dl><dl class='gallery-item'>\n\t\t\t\t<dt class='gallery-icon landscape'>\n\t\t\t\t\t<a class=\"rollover rollover-zoom dt-pswp-item\" title=\"c3bdf782-879b-4738-8331-fd57b2aabf9e\" data-dt-img-description=\"\" data-large_image_width=\"606\" data-large_image_height=\"355\"href='https:\/\/www.radiopiu.net\/wordpress\/wp-content\/uploads\/2021\/03\/c3bdf782-879b-4738-8331-fd57b2aabf9e.jpg'><img loading=\"lazy\" decoding=\"async\" width=\"300\" height=\"176\" src=\"https:\/\/www.radiopiu.net\/wordpress\/wp-content\/uploads\/2021\/03\/c3bdf782-879b-4738-8331-fd57b2aabf9e-300x176.jpg\" class=\"attachment-medium size-medium\" alt=\"\" srcset=\"https:\/\/www.radiopiu.net\/wordpress\/wp-content\/uploads\/2021\/03\/c3bdf782-879b-4738-8331-fd57b2aabf9e-300x176.jpg 300w, https:\/\/www.radiopiu.net\/wordpress\/wp-content\/uploads\/2021\/03\/c3bdf782-879b-4738-8331-fd57b2aabf9e.jpg 606w\" sizes=\"auto, (max-width: 300px) 100vw, 300px\" \/><\/a>\n\t\t\t\t<\/dt><\/dl><dl class='gallery-item'>\n\t\t\t\t<dt class='gallery-icon landscape'>\n\t\t\t\t\t<a class=\"rollover rollover-zoom dt-pswp-item\" title=\"51026976-c617-43cb-a2a6-fc7fa9ea8954\" data-dt-img-description=\"\" data-large_image_width=\"584\" data-large_image_height=\"348\"href='https:\/\/www.radiopiu.net\/wordpress\/wp-content\/uploads\/2021\/03\/51026976-c617-43cb-a2a6-fc7fa9ea8954.jpg'><img loading=\"lazy\" decoding=\"async\" width=\"300\" height=\"179\" src=\"https:\/\/www.radiopiu.net\/wordpress\/wp-content\/uploads\/2021\/03\/51026976-c617-43cb-a2a6-fc7fa9ea8954-300x179.jpg\" class=\"attachment-medium size-medium\" alt=\"\" srcset=\"https:\/\/www.radiopiu.net\/wordpress\/wp-content\/uploads\/2021\/03\/51026976-c617-43cb-a2a6-fc7fa9ea8954-300x179.jpg 300w, https:\/\/www.radiopiu.net\/wordpress\/wp-content\/uploads\/2021\/03\/51026976-c617-43cb-a2a6-fc7fa9ea8954.jpg 584w\" sizes=\"auto, (max-width: 300px) 100vw, 300px\" \/><\/a>\n\t\t\t\t<\/dt><\/dl><br style=\"clear: both\" \/>\n\t\t\t<\/div>\n\n<p>&nbsp;<\/p>\n<p>&nbsp;<\/p>\n<hr \/>\n<p>&nbsp;<\/p>\n<blockquote>\n<h3>CONTAGI IN CRESCITA, PORTE APERTE IN OSPEDALE E SCUOLE SBARRATE IN PROVINCIA- DA VENEZIA MANUELA LANZARIN e LUCIANO FLOR<\/h3>\n<\/blockquote>\n<blockquote>\n<h2>assessore Manuela Lanzarin<\/h2>\n<p>Definito l&#8217;accordo con i medici di base per i vaccini\u00a0 che discende da un accordo nazionale\u00a0 come succede con i vaccini anti influenzali (oltre 3.100 in Veneto), marted\u00ec\u00a0 faremo la delibera di giunta se arriveranno, come credo, le firme. Abbiamo ragionato su tre tipologie di vaccinazione: a domicilio dei propri assistiti (18,90 euro pi\u00f9 il prezzo di 6,16 per l&#8217; inoculazione); presso l&#8217;ambulatorio (6,16 euro a incoculazione il doppio per le due dosi) con gli stessi prezzi la vaccinazione dei siti messi a disposizione dai comuni . <strong>UN ALTRO DISTRETTO<\/strong> oltre i 250 contagi ogni 100 mila abitanti, si tratta dell&#8217;Alto Vicentino (258) quindi entro le prossime 48 ore scatter\u00e0 la chiusura delle scuole dalle seconda media all&#8217;ultimo anno delle superiori come da ordinanza promulgata nella serata di ieri,<span style=\"color: #ff0000;\"> ,<span style=\"color: #000000;\">si aggiunge ai 5 che gi\u00e0 hanno chiuso, distretto 1 Belluno da venerdi<\/span>.\u00a0 CHIUSURA DELLE SCUOLE IN 48 ORE, FACCIAMO CHIAREZZA\u00a0 <\/span>Non sono operazioni semplici, sono numeri molto elevati che coinvolgono molte realt\u00e0. La circolare di lunedi pomeriggio ai direttori generali spiega le modalit\u00e0 con allegata la tabella dell&#8217;incidenza sui 100mila abitanti e prevede 48 ore per chiudere le scuole, 48 ore per permettere a scuole e famiglie di organizzarsi. Ieri l&#8217;ordinanza unica regionale che fa scattare automaticamente la chiusura in 48 ore. Affinata anche la procedura, il Ser che fa l&#8217;analisi della tabelle invia in giornata i numeri del contagio alle Ulss pregando di avviare la procedura per chiudere in 48ore. In questi primi giorni ci sono stati dei problemi ma con il provvedimento di ieri sera dovrebbe essere tutto chiaro. <strong>CON GLI STESSI PARAMETRI CI SARANNO ALTRE CHIUSURE DI ATTIVITA&#8217;?<\/strong> Non abbiamo notizie in proposito, non abbiamo nulla su cui basarci per una risposta.<\/p><\/blockquote>\n<p>&nbsp;<\/p>\n<h1><strong>MAPPA E TABELLE CONTAGI<\/strong><\/h1>\n<blockquote class=\"wp-embedded-content\" data-secret=\"eJw65uDtYt\"><p><a href=\"https:\/\/www.radiopiu.net\/wordpress\/da-sabato-chiudono-anche-le-scuole-dellalto-vicentino\/\">DA SABATO CHIUDONO ANCHE LE SCUOLE DELL&#8217;ALTO VICENTINO<\/a><\/p><\/blockquote>\n<p><iframe loading=\"lazy\" class=\"wp-embedded-content\" sandbox=\"allow-scripts\" security=\"restricted\" style=\"position: absolute; clip: rect(1px, 1px, 1px, 1px);\" title=\"&#8220;DA SABATO CHIUDONO ANCHE LE SCUOLE DELL&#8217;ALTO VICENTINO&#8221; &#8212; Radio Pi\u00f9\" src=\"https:\/\/www.radiopiu.net\/wordpress\/da-sabato-chiudono-anche-le-scuole-dellalto-vicentino\/embed\/#?secret=eJw65uDtYt\" data-secret=\"eJw65uDtYt\" width=\"600\" height=\"338\" frameborder=\"0\" marginwidth=\"0\" marginheight=\"0\" scrolling=\"no\"><\/iframe><\/p>\n<p>&nbsp;<\/p>\n<hr \/>\n<blockquote>\n<h2><strong>\u00a0<\/strong><\/h2>\n<h2><strong>DOTTOR LUCI<\/strong><strong>ANO FLOR<\/strong><\/h2>\n<\/blockquote>\n<p><em>La crescita non \u00e8 pi\u00f9 lenta, purtroppo. Siamo pronti a consegnare le dosi anche ai medici di base con Astrazeneca e si dovrebbe partire gi\u00e0 da sabato o al massimo da luned\u00ec negli ambulatori. Pfizer non ha ancora aumentato le dosi di fornitura e noi comunque ce ne teniamo una quota minima di riserva per i richiami. Con 50mila vaccini al giorno potremmo arrivare a vaccinare tutti i veneti in 6 mesi da aprile a fine ottobre, ma dipende dalle forniture del vaccino.\u00a0<\/em><\/p>\n<p>E&#8217; il secondo giorno che saliamo di 50 ricoveri al giorno, i numeri sono ora importanti perch\u00e9 si parla di aumento di 50 persone. Ci stiamo avviando verso la nuova ondata di malattia, lo si vede dai pazienti ricoverati, dai positivi, dai pazienti in rianimazione.\u00a0 Non serve nemmeno elaborare i dati, \u00e8 chiaro che il numero di malati sul territorio \u00e8 alto. Stiamo ragionando con le Ulss, abbiamo aperto nuovi reparti covid, rianimazioni e pensiamo di riproporre il piano di sanit\u00e0 pubblica con eventuali sospensione delle attivit\u00e0. Oggi i numeri per\u00a0 il momento ancora contenuti non lo richiedono. L&#8217;andamento \u00e8 per\u00f2 in crescita e dobbiamo preparaci per il fine settimana ad assicurare risposte a chi ha necessit\u00e0 di cure e ricoveri. Siamo quasi al 4% di positivi al tampone, pochi giorni fa era sotto il 2%, quindi il contagio galoppa. Avvertiamo qualche beneficio dall&#8217;avvio della vaccinazioni, in questa categoria abbiamo meno malati (personale servizio sanitario, ospiti e operatori RSA), la vaccinazione \u00e8 la strada obbligata dove andare e ci stiamo andando. Escluse le 7000 vaccinazione di oggi abbiamo vaccinato 446mila persone. Nel mese di marzo la previsione \u00e8 di fare 470mila vaccinazioni. Il piano che abbiamo prevedeva circa 15-17 mila persone al giorno, da domani, forse da oggi ne faremo 20mila. Oggi con le aziende discuteremo un piano da 50mila vaccini al giorno. Ci prepariamo ad essere pronti per l&#8217;ultima settimana di marzo in base ai vaccini che arriveranno, vaccineremo sette giorni su sette con prolungamento dell&#8217;orario serale per facilitare chi lavoro o deve accompagnare gli anziani. Siamo pronti ad interessare i medici di base con la vaccinazioni Astrazeneca, dalla prossima settimana. Siamo pronti inoltre ad interessare i medici specializzandi. Se arrivano i vaccini abbiamo pronta una macchina pronta a fare fronte alle esigenze, mi sono impegnato a creare un&#8217;organizzazione che garantisca oltre 1milione300mila vaccinazioni\/mese, ovvero in virtu&#8217; della doppia vaccinazione 750mila persone. Ora in casa abbiamo vaccini per operare fino a domenica, forse lunedi. Male che vada poi usiamo la scorta sapendo che i vaccini arriveranno martedi. <strong>MA IL VENETO E&#8217; SOTTO IL 10% RISPETTO AD ALTRE REGIONI PERCHE?<\/strong> La settimana scorsa abbiamo vaccinato meno della potenzialit\u00e0 per conservare i richiami <strong>CI SARA&#8217; UN RECUPERO?<\/strong> Si, con le forniture elevate di Astrezeneca cambier\u00e0 molto e andremo via con pi\u00f9 tranquillit\u00e0. Saremo in grado di dare 40-50 sodi al giorno ai medici di base.<strong> NEL FINE SETTIMANA SI VACCINA MOLTO MENO ANCHE FINO AL 50% IN MENO<\/strong> In Veneto c&#8217;\u00e8 stato un calo nell&#8217;ultimo fine settimana calcolato sulla quantit\u00e0 di vaccino disponibile, avremo un incremento nei prossimi fine settimana. Abbiamo gi\u00e0 pre allertato le persone per sabato e domenica. <strong>ALTRE VACCINAZIONI, TUTTO SERVE, ANCHE PERSONALE &#8220;FRESCO&#8221;<\/strong> Lavorano in proprio con vaccini forniti da Forze Armate e Universit\u00e0. A noi servono infermieri oltre che medici. Dovremo depotenziare alcune strutture ospedaliere riconvertendo il personale,\u00a0 sevogliamo\u00a0 arrivare a 50mila vaccini al giorno. <strong>ENTRO IL 25 MARZO SI PREVEDE DI VACCINARE (PRIMA DOSE ) TUTTI GLI OVER 80. <\/strong>Dobbiamo scongiurare i decessi e la categoria a maggior rischio\u00a0 \u00e8 quella degli over 80 e da l\u00ec partiamo anche se in questo momento si ammalano di pi\u00f9 i 40-50enni. Pensiamo a salvare le vite e non riempire ospedali e terapie intensive. Per questo come nel resto d&#8217;Italia le categorie produttive verranno dopo. <strong>FARMACISTI, SARANNO COINVOLTI NELLA CAMPAGNA VACCINALE?<\/strong>\u00a0 \u00e8 oggetto di una trattativa a livello nazionale ben voluta anche dal Veneto, l&#8217;intenzione:\u00a0 mettere in campo tutte le forze per vaccinare pi\u00f9 gente possibile.<\/p>\n<p><a href=\"https:\/\/www.facebook.com\/zaiaufficiale\/videos\/709530613062544\">https:\/\/www.facebook.com\/zaiaufficiale\/videos\/709530613062544<\/a><\/p>\n<p>&nbsp;<\/p>\n<p>&nbsp;<\/p>\n<p>&nbsp;<\/p>\n<p>&nbsp;<\/p>\n<hr \/>\n<p>&nbsp;<\/p>\n<blockquote>\n<h3>APPROVATO DEFINITIVAMENTE L\u2019AGGIORNAMENTO DELLA MAPPA E DELL\u2019ELENCO DELLE ZONE SISMICHE DEL VENETO<\/h3>\n<\/blockquote>\n<p><strong>VENEZIA <\/strong>Dopo aver acquisito il parere favorevole della competente Commissione del Consiglio regionale, la Giunta, su proposta della vicepresidente e assessore ai lavori pubblici, Elisa De Berti, ha definitivamente approvato la delibera di aggiornamento dell\u2019elenco delle zone sismiche del Veneto e una nuova mappa delle stesse, rilevante ai fini dell\u2019individuazione degli adempimenti amministrativi previsti dalla vigente normativa in materia, con particolare riguardo agli oneri di deposito e di verifica in capo agli Enti locali e agli uffici regionali. In considerazione dell\u2019impatto in termini organizzativi, l\u2019entrata in vigore della nuova zonazione sismica del territorio veneto avverr\u00e0 dopo 60 giorni dalla pubblicazione sul BUR del provvedimento, come richiesto dalla Commissione consiliare. Secondo tale nuova zonazione amministrativa, il territorio viene suddiviso in 3 zone sismiche (prima erano 4). \u201c<em>Il territorio \u2013 spiega De Berti \u2013 sar\u00e0 ora suddiviso in tre zone: nella prima sono stati inseriti 11 Comuni, alla seconda 247, alla terza 305. Questa suddivisione, \u00e8 innanzi tutto indispensabile per organizzare adeguatamente la prevenzione del rischio sismico e per garantire una maggior sicurezza alla nostra popolazione. Ma \u00e8 rilevante anche per gli aspetti amministrativi previsti dalla vigente normativa che disciplina l\u2019attivit\u00e0 edificatoria e per l\u2019applicazione dei benefici derivanti dall\u2019incentivazione fiscale finalizzata alla riduzione del rischio sismico delle costruzioni esistenti<\/em>\u201d.<\/p>\n<a href=\"https:\/\/www.radiopiu.net\/wordpress\/wp-content\/uploads\/2021\/03\/0407-2021-mappa-di-pericolosita-sismica-del-Veneto.pdf\" class=\"pdfemb-viewer\" style=\"\" data-width=\"max\" data-height=\"max\" data-toolbar=\"top\" data-toolbar-fixed=\"on\">0407-2021 \u2013 mappa di pericolosita\u2019 sismica del Veneto<\/a>\n<p>&nbsp;<\/p>\n<p>&nbsp;<\/p>\n<hr \/>\n<p>&nbsp;<\/p>\n<blockquote>\n<h3>AMBIENTE. RIUNIONE DEL COMITATO DI INDIRIZZO E SORVEGLIANZA (CIS) SULLE PROBLEMATICHE ARIA. ASSESSORE BOTTACIN, \u201cUTILE CONFRONTO CON LE AMMINISTRAZIONI LOCALI PER UN FONDAMENTALE GIOCO DI SQUADRA\u201d<\/h3>\n<\/blockquote>\n<p><strong><a href=\"https:\/\/www.radiopiu.net\/wordpress\/impianto-rifiuti-pedesalto-a-fonzaso-contributo-della-regione-di-340mila-euro-al-comune-bottacin-al-fianco-del-territorio-per-risolvere-un-grave-problema\/bottacin-57\/\" rel=\"attachment wp-att-179675\"><img loading=\"lazy\" decoding=\"async\" class=\"size-medium wp-image-179675 alignleft\" src=\"https:\/\/www.radiopiu.net\/wordpress\/wp-content\/uploads\/2020\/12\/BOTTACIN-300x165.png\" alt=\"\" width=\"300\" height=\"165\" srcset=\"https:\/\/www.radiopiu.net\/wordpress\/wp-content\/uploads\/2020\/12\/BOTTACIN-300x165.png 300w, https:\/\/www.radiopiu.net\/wordpress\/wp-content\/uploads\/2020\/12\/BOTTACIN-1024x563.png 1024w, https:\/\/www.radiopiu.net\/wordpress\/wp-content\/uploads\/2020\/12\/BOTTACIN-768x422.png 768w, https:\/\/www.radiopiu.net\/wordpress\/wp-content\/uploads\/2020\/12\/BOTTACIN.png 1240w\" sizes=\"auto, (max-width: 300px) 100vw, 300px\" \/><\/a>VENEZIA <\/strong>&#8220;<em>\u00c8 stata un&#8217;importante occasione per approfondire i dettagli della sentenza della Corte di Giustizia Europea, che ha condannato l&#8217;Italia in particolare per gli sforamenti di PM10, durante la quale abbiamo evidenziato le azioni messe in campo dal Veneto insieme anche alle altre Regioni del Pacino Padano. Nell\u2019occasione \u00e8 stato, inoltre, illustrato l&#8217;aggiornamento dello stato della qualit\u00e0 dell&#8217;aria dell&#8217;ultimo periodo<\/em>&#8220;. Sono parole dell\u2019assessore regionale all&#8217;Ambiente, Gianpaolo Bottacin, in relazione ai contenuti della riunione del Comitato di indirizzo e Sorveglianza (CIS) a cui prendono parte presidenti di provincia e sindaci dei capoluoghi. &#8220;<em>Pur conoscendo tutti i limiti del Bacino Padano dove c\u2019\u00e8 scarso ricambio d\u2019aria &#8211; sottolinea l&#8217;Assessore &#8211; le oltre settanta misure contenute nel nostro attuale piano regionale stanno portando riscontri positivi, tant\u2019\u00e8 che il valore medio \u00e8 al di sotto dei limiti imposti a livello europeo e il superamento si \u00e8 verificato per il solo valore limite giornaliero, non per il valore medio annuale che, ormai da anni, risulta ampiamente rispettato<\/em>&#8220;. Secondo i dati forniti da appositi studi, per il raggiungimento del rispetto dei valori limite delle concentrazioni in aria ambiente di PM10, sia primario che secondario, si \u00e8 stimato sia necessario ridurre le emissioni di PM 10 primario (derivante principalmente dalla combustione di biomasse) del 38%, degli ossidi di azoto (derivanti dai trasporti) del 39% e di ammoniaca (derivante principalmente dalle attivit\u00e0 agricole) del 22%. &#8220;<em>Fondamentale \u00e8, quindi, declinare le misure sulla base dei risultati da ottenere &#8211; aggiunge l&#8217;Assessore -. Cosa che insieme alle altre Regioni del Bacino Padano abbiamo fatto, per una visione d&#8217;insieme della problematica, e proposto al governo nazionale. Come Veneto, solo nella recente delibera, abbiamo immediatamente liberato risorse per quasi 180 milioni di euro per misure dedicate a trasporti, riscaldamento e azioni in agricoltura, che si sommano al quasi miliardo gi\u00e0 stanziato negli ultimi tre anni<\/em>&#8220;. &#8220;<em>Ognuno deve fare la propria parte, come ha recentemente evidenziato anche il nuovo ministro per la Transizione Ecologica &#8211; conclude Bottacin -. In tal senso credo sia fondamentale un vero gioco di squadra tra tutte le amministrazioni per la massima efficacia delle azioni in campo<\/em>&#8220;.<\/p>\n<p>&nbsp;<\/p>\n<p>&nbsp;<\/p>\n<hr \/>\n<p>&nbsp;<\/p>\n<blockquote>\n<h3 class=\"p1\"><span class=\"s1\">ACCESSIBILE, AGGIORNATO E APERTO A TUTTI: \u00c8 ONLINE IL NUOVO SITO DEL COMUNE DI PONTE NELLE ALPI<\/span><\/h3>\n<\/blockquote>\n<p class=\"p1\"><span class=\"s1\"><strong><a href=\"https:\/\/www.radiopiu.net\/wordpress\/giornale-radiopiu-11-marzo-2021-direttore-mirko-mezzacasa\/nuovo_sito_ponte_nelle_alpi\/\" rel=\"attachment wp-att-196251\"><img loading=\"lazy\" decoding=\"async\" class=\"size-medium wp-image-196251 alignleft\" src=\"https:\/\/www.radiopiu.net\/wordpress\/wp-content\/uploads\/2021\/03\/Nuovo_sito_Ponte_nelle_Alpi-300x161.jpg\" alt=\"\" width=\"300\" height=\"161\" srcset=\"https:\/\/www.radiopiu.net\/wordpress\/wp-content\/uploads\/2021\/03\/Nuovo_sito_Ponte_nelle_Alpi-300x161.jpg 300w, https:\/\/www.radiopiu.net\/wordpress\/wp-content\/uploads\/2021\/03\/Nuovo_sito_Ponte_nelle_Alpi-1024x551.jpg 1024w, https:\/\/www.radiopiu.net\/wordpress\/wp-content\/uploads\/2021\/03\/Nuovo_sito_Ponte_nelle_Alpi-768x413.jpg 768w, https:\/\/www.radiopiu.net\/wordpress\/wp-content\/uploads\/2021\/03\/Nuovo_sito_Ponte_nelle_Alpi-1536x826.jpg 1536w, https:\/\/www.radiopiu.net\/wordpress\/wp-content\/uploads\/2021\/03\/Nuovo_sito_Ponte_nelle_Alpi-2048x1102.jpg 2048w\" sizes=\"auto, (max-width: 300px) 100vw, 300px\" \/><\/a>PONTE NELLE ALPI <\/strong>\u00c8 online il nuovo sito ufficiale del Comune di Ponte nelle Alpi. Il portale, dalla grafica e dalla struttura completamente rinnovate, utilizza la piattaforma \u201cMyPortal 3\u201d della Regione del Veneto. Digitando l\u2019indirizzo <a href=\"http:\/\/www.comune.pontenellealpi.bl.it\/\"><span class=\"s2\">www.comune.pontenellealpi.bl.it<\/span><\/a>, si accede alla home page (pagina iniziale), arricchita da una serie di immagini del territorio. Non mancano poi le news e i servizi comunali, oltre alla modulistica e ai regolamenti. E, in fondo alla pagina, un\u2019utile agenda che evidenzia gli eventi e le manifestazioni. Il passaggio al nuovo sito con tecnologia MyPortal \u00e8 stato dettato dalla necessit\u00e0 di adeguamento agli standard nazionali di accessibilit\u00e0 e leggibilit\u00e0, secondo quanto previsto da AgID (Agenzia per l&#8217;Italia Digitale), oltre che dal desiderio di rinnovare contenuti e grafica. Costantemente aggiornato, il portale permette di trovare diverse informazioni utili.\u00a0 L\u2019auspicio dell\u2019amministrazione \u00e8 che diventi uno strumento grazie al quale i cittadini e i professionisti possano interagire con il Comune per diverse esigenze: dalla richiesta di servizi, all&#8217;espletamento delle procedure di pagamento. A tale proposito, il nuovo sito \u00e8 gi\u00e0 predisposto per l\u2019accesso diretto al sistema Pagopa, il portale per i pagamenti nei confronti della Pubblica amministrazione. E sar\u00e0 poi implementato nel tempo con i servizi personalizzati diretti al cittadino, a cui si accede tramite Spid (Sistema pubblico di identit\u00e0 digitale) o carta d\u2019identit\u00e0 elettronica. In questo senso, \u00e8 importante creare le condizioni per un&#8217;adozione diffusa delle tecnologie, in modo da garantire trasparenza, accessibilit\u00e0, fruibilit\u00e0 di dati e servizi a cittadini, imprese e associazioni.\u00a0Da qui, l\u2019invito alla collettivit\u00e0 di diventare parte attiva all\u2019interno del progetto, anche con segnalazioni sulle possibili migliorie da apportare al nuovo spazio web del Comune.\u00a0<\/span><\/p>\n<p>&nbsp;<\/p>\n<p>&nbsp;<\/p>\n<hr \/>\n<p>&nbsp;<\/p>\n<blockquote>\n<h3>PROSEGUE LA RACCOLTA FIRME PER LA LEGGE D&#8217;INIZIATIVA POPOLARE ANTIFASCISTA<\/h3>\n<\/blockquote>\n<p><strong><a href=\"https:\/\/www.radiopiu.net\/wordpress\/giornale-radiopiu-11-marzo-2021-direttore-mirko-mezzacasa\/raccolta-firme-pd-ponte-_-11-03-2021\/\" rel=\"attachment wp-att-196258\"><img loading=\"lazy\" decoding=\"async\" class=\"size-medium wp-image-196258 alignleft\" src=\"https:\/\/www.radiopiu.net\/wordpress\/wp-content\/uploads\/2021\/03\/Raccolta-firme-PD-Ponte-_-11.03.2021-300x300.png\" alt=\"\" width=\"300\" height=\"300\" srcset=\"https:\/\/www.radiopiu.net\/wordpress\/wp-content\/uploads\/2021\/03\/Raccolta-firme-PD-Ponte-_-11.03.2021-300x300.png 300w, https:\/\/www.radiopiu.net\/wordpress\/wp-content\/uploads\/2021\/03\/Raccolta-firme-PD-Ponte-_-11.03.2021-1024x1024.png 1024w, https:\/\/www.radiopiu.net\/wordpress\/wp-content\/uploads\/2021\/03\/Raccolta-firme-PD-Ponte-_-11.03.2021-150x150.png 150w, https:\/\/www.radiopiu.net\/wordpress\/wp-content\/uploads\/2021\/03\/Raccolta-firme-PD-Ponte-_-11.03.2021-768x768.png 768w, https:\/\/www.radiopiu.net\/wordpress\/wp-content\/uploads\/2021\/03\/Raccolta-firme-PD-Ponte-_-11.03.2021.png 1080w\" sizes=\"auto, (max-width: 300px) 100vw, 300px\" \/><\/a>PONTE NELLE ALPI <\/strong>Dopo il successo della prima giornata sar\u00e0 possibile sottoscrivere il progetto di legge d&#8217;iniziativa popolare \u201cNorme contro la propaganda e la diffusione di messaggi inneggianti al fascismo e nazismo e la vendita e produzione di oggetti con simboli fascisti e nazisti\u201d anche oggi dalle 17.30 alle 19.00 nella sede del Partito Democratico di Ponte nelle Alpi in piazza Arrigo Boito a Polpet, vicino alla chiesa, rispettando tutte le norme di sicurezza sanitaria. \u00ab<em>Per la comunit\u00e0 democratica l\u2019antifascismo \u00e8 un valore cardine; la nostra posizione \u00e8 chiara ed \u00e8 per questo che abbiamo deciso di sostenere attivamente quest\u2019iniziativa importantissima che mira a disciplinare pene e sanzioni verso coloro che attuano propaganda fascista e nazista con ogni mezzo, in particolare tramite la vendita di gadget e l&#8217;uso dei social network. <\/em><em>Come forza politica e come singoli cittadini e amministratori abbiamo il dovere di non dimenticare uno dei pi\u00f9 grandi orrori della storia, di parlare di lotta agli estremismi e di preservare il valore della memoria, per non ripetere gli errori e per promuovere una societ\u00e0 pi\u00f9 equa<\/em>\u00bb, sottolineano Monica Lotto, segretaria Pd provincia di Belluno, e Lucia Da Rold, vicesindaca di Ponte nelle Alpi.<\/p>\n<p>&nbsp;<\/p>\n<p>&nbsp;<\/p>\n<hr \/>\n<p>&nbsp;<\/p>\n<blockquote>\n<h3 class=\"xxmsonormal\" style=\"text-align: justify;\">NORD EST, ANAS: STIPULATO CONTRATTO PER 5 MILIONI DI EURO PER LAVORI DI SISTEMAZIONE VERSANTI ROCCIOSI E PROTEZIONE DEL CORPO STRADALE<\/h3>\n<\/blockquote>\n<p><strong><a href=\"https:\/\/www.radiopiu.net\/wordpress\/giornale-radiopiu-23-marzo-2017-direttore-mirko-mezzacasa\/anas\/\" rel=\"attachment wp-att-30103\"><img loading=\"lazy\" decoding=\"async\" class=\" wp-image-30103 alignleft\" src=\"https:\/\/www.radiopiu.net\/wordpress\/wp-content\/uploads\/2017\/03\/anas.jpg\" alt=\"\" width=\"103\" height=\"161\" \/><\/a>VENEZIA <\/strong>Anas ha stipulato il contratto &#8211; per 5 milioni di euro &#8211; per interventi di manutenzione straordinaria del corpo stradale lungo le strade statali nel Veneto e nel Friuli Venezia Giulia. Nel dettaglio, l\u2019appalto per l\u2019esecuzione dei lavori di sistemazione dei versanti rocciosi e protezione del corpo stradale \u00e8 stato aggiudicato all\u2019impresa Consorzio stabile Aurora scarl. L&#8217;iter per affidamento mediante procedure di Accordo Quadro garantisce la possibilit\u00e0 di eseguire i lavori con tempestivit\u00e0 nel momento in cui si manifesta il bisogno, senza dover espletare una nuova gara d&#8217;appalto, consentendo quindi risparmio di tempo e maggiore efficienza. La durata massima dell\u2019Accordo Quadro stipulato \u00e8 fissata in 48 mesi, ovvero fino all\u2019esaurimento del corrispettivo massimo previsto.<\/p>\n<p>&nbsp;<\/p>\n<p>&nbsp;<\/p>\n<hr \/>\n<p>&nbsp;<\/p>\n<blockquote>\n<h3>SVILUPPO TERRITORIALE DEI SERVIZI DIGITALI E DELLA BANDA ULTRALARGA 5G<\/h3>\n<\/blockquote>\n<p><strong><a href=\"https:\/\/www.radiopiu.net\/wordpress\/palaghiaccio-fredde-le-prime-risposte-alla-proposta-alleghese\/5g-antenna\/\" rel=\"attachment wp-att-110176\"><img loading=\"lazy\" decoding=\"async\" class=\"size-medium wp-image-110176 alignleft\" src=\"https:\/\/www.radiopiu.net\/wordpress\/wp-content\/uploads\/2019\/12\/5g-antenna-300x169.jpg\" alt=\"\" width=\"300\" height=\"169\" srcset=\"https:\/\/www.radiopiu.net\/wordpress\/wp-content\/uploads\/2019\/12\/5g-antenna-300x169.jpg 300w, https:\/\/www.radiopiu.net\/wordpress\/wp-content\/uploads\/2019\/12\/5g-antenna-1024x576.jpg 1024w, https:\/\/www.radiopiu.net\/wordpress\/wp-content\/uploads\/2019\/12\/5g-antenna-768x432.jpg 768w, https:\/\/www.radiopiu.net\/wordpress\/wp-content\/uploads\/2019\/12\/5g-antenna.jpg 1156w\" sizes=\"auto, (max-width: 300px) 100vw, 300px\" \/><\/a>ROMA<\/strong> ANFoV &#8211; Associazione per la Convergenza nei servizi di comunicazione &#8211; e UNCEM rinnovano l&#8217;accordo di collaborazione, nato nel 2018, volto a costruire e a diffondere attivit\u00e0 territoriali di divulgazione e formazione per gli Amministratori pubblici &#8211; locali in generale e rappresentanti le aree rurali o a deficit digitale in particolare &#8211; sulle opportunit\u00e0 derivanti dallo sviluppo di progetti di cablatura-interconnessione e di servizi per le telecomunicazioni digitali e a banda ultralarga e 5G. La collaborazione prevede la realizzazione di attivit\u00e0 informative e formative rivolte ai Comuni sui temi riguardanti i piani di digitalizzazione dei vari operatori ricadenti sul territorio e i loro effetti in termini di nuovi servizi sia per la pubblica amministrazione che per le imprese locali e i cittadini; l&#8217;analisi di soluzioni tecnologiche, operative e di partenariato pubblico-privato (con particolare riferimento a quelle inerenti la cosiddetta Internet of Things) mirate ad innalzare la qualit\u00e0 della relazione fra i Comuni e i fornitori di servizi ICT e la conseguente possibilit\u00e0 di accesso, per le amministrazioni, al livello pi\u00f9 avanzato dell&#8217;offerta di mercato.<\/p>\n<p>&nbsp;<\/p>\n<p>&nbsp;<\/p>\n<hr \/>\n<p>&nbsp;<\/p>\n<blockquote>\n<h3>SALTA L&#8217;ASSEMBLEA DEI SOCI DEL CAI DI AGORDO<\/h3>\n<\/blockquote>\n<p><strong><a href=\"https:\/\/www.radiopiu.net\/wordpress\/giornale-radiopiu-07-aprile\/cai-agordo-2\/\" rel=\"attachment wp-att-127841\"><img loading=\"lazy\" decoding=\"async\" class=\"size-full wp-image-127841 alignleft\" src=\"https:\/\/www.radiopiu.net\/wordpress\/wp-content\/uploads\/2020\/04\/cai-agordo.jpg\" alt=\"\" width=\"297\" height=\"170\" \/><\/a>AGORDO<\/strong><\/p>\n<p>di Gianni Santomaso<\/p>\n<audio class=\"wp-audio-shortcode\" id=\"audio-196151-7\" preload=\"none\" style=\"width: 100%;\" controls=\"controls\"><source type=\"audio\/mpeg\" src=\"https:\/\/www.radiopiu.net\/wordpress\/wp-content\/uploads\/2021\/03\/GIANNI-ASSMBLEA-CAI-SALTATA.mp3?_=7\" \/><a href=\"https:\/\/www.radiopiu.net\/wordpress\/wp-content\/uploads\/2021\/03\/GIANNI-ASSMBLEA-CAI-SALTATA.mp3\">https:\/\/www.radiopiu.net\/wordpress\/wp-content\/uploads\/2021\/03\/GIANNI-ASSMBLEA-CAI-SALTATA.mp3<\/a><\/audio>\n<p>&nbsp;<\/p>\n<hr \/>\n<p>&nbsp;<\/p>\n<blockquote>\n<h3>SETTIMANA MONDIALE DEL GLAUCOMA 8 \u2013 14 MARZO 2021<\/h3>\n<\/blockquote>\n<p><strong>BELLUNO <\/strong>L\u2019Unione Italiana dei Ciechi e degli Ipovedenti ONLUS APS sezione territoriale di Belluno da anni aderisce alle iniziative promosse dalla IAPB Italia Onlus (sezione italiana dell\u2019Agenzia Internazionale per la Prevenzione della Cecit\u00e0). La Settimana Mondiale del Glaucoma quest\u2019anno dall\u20198 al 14 marzo \u00e8 dedicata all\u2019informazione e alla prevenzione del glaucoma o \u201cladro della vista\u201d. Questa malattia cronica degenerativa \u00e8 spesso dovuta all\u2019aumento della pressione interna dell\u2019occhio, che pu\u00f2 danneggiare in modo progressivo e irreversibile il nervo ottico, ovvero il nervo responsabile della trasmissione delle informazioni visive al cervello. Si verifica cos\u00ec una perdita del campo visivo che inizia dalle porzioni pi\u00f9 periferiche coinvolgendo progressivamente quelle centrali. Il glaucoma pu\u00f2 manifestarsi con dolore all\u2019occhio, riduzione del visus, ma molto spesso insorge e progredisce senza che il soggetto avverta alcun disturbo, fino al momento in cui il danno al nervo ottico \u00e8 gi\u00e0 molto avanzato. Per questo, l\u2019unico reale ed efficace strumento di prevenzione \u00e8 la visita oculistica, che consente di diagnosticare la malattia in fase iniziale ancora non grave.<\/p>\n<p>&nbsp;<\/p>\n<hr \/>\n<p>&nbsp;<\/p>\n<blockquote>\n<h3>DOPO 14 ANNI SALTA LA GIORNATA PER LA VISTA, SE NE RIPARLERA&#8217; IN AUTUNNO PANDEMIA PERMETTENDO<\/h3>\n<\/blockquote>\n<p><strong><a href=\"https:\/\/www.radiopiu.net\/wordpress\/occhi-belli-controllo-gratuito-della-vista\/th-64\/\" rel=\"attachment wp-att-196305\"><img loading=\"lazy\" decoding=\"async\" class=\"size-medium wp-image-196305 alignleft\" src=\"https:\/\/www.radiopiu.net\/wordpress\/wp-content\/uploads\/2020\/01\/th-300x139.jpg\" alt=\"\" width=\"300\" height=\"139\" srcset=\"https:\/\/www.radiopiu.net\/wordpress\/wp-content\/uploads\/2020\/01\/th-300x139.jpg 300w, https:\/\/www.radiopiu.net\/wordpress\/wp-content\/uploads\/2020\/01\/th.jpg 375w\" sizes=\"auto, (max-width: 300px) 100vw, 300px\" \/><\/a>ALLEGHE<\/strong> Dopo 14 anni, per la prima volta ad Alleghe non si terr\u00e0 la giornata del controllo gratuito della vista. La pandemia s&#8217;impone e il dottor Taricisio Sibilla non salir\u00e0 da Castelfranco in riva al lago come ha fatto per tanti anni. Il pi\u00f9 dispiaciuto \u00e8 Virgilio De Biasio, l&#8217;uomo che ha fortemente voluto la prima giornata e poi ha sempre seguito con scrupolosa attenzione gli appuntamenti che si sono susseguiti nel tempo &#8220;Lo scorso anno &#8211; dice Virgilio &#8211; c&#8217;era andata bene, eravamo riusciti ad organizzare la giornata a gennaio, prima del lockdown. L&#8217;emergenza covid ci ferma, ma qualora le cose dovessero cambiare non \u00e8 escluso di poterlo fare in autunno&#8221; Un anno fa\u00a0 alle scuole elementari medici oculisti e ortottisti dell&#8217;ospedale di Castelfranco Veneto e Montebelluna\u00a0 hanno dato la possibilit\u00e0 a\u00a0 126 bambini di eseguire uno screening per la prevenzione dello strabismo ed ambliopia, occasione unica e gratuita per ottenere una valutazione preliminare.\u00a0 Negli anni scorsi del periodo invernale in concomitanza con la settimana bianca degli sciatori ciechi e ipovedenti che si svolgeva nell&#8217;Agordino, il Comune di Alleghe in collaborazione con L&#8217;Unione Italiana Ciechi e Ipovedenti, ma soprattutto con collaborazione con l&#8217;unit\u00e0 oculistica dell&#8217;Ospedale di Castelfranco Veneto, aveva promosso una giornata di sensibilizzazione per la prevenzione del glaucoma e la valutazione della presenza o meno della cataratta. In 14 anni si sono svolte le giornate con questo numero di visitatori: 157 (2007), 121 (2008), 124 (2009), 171 (2010), 174 (2011). 168 (2012), 97 (2013), 84 (2014), 121 (2015), 105 (2016), 106 (2017), 106 (2018), 83 (2019). Nel 2020 126 bambini.<\/p>\n<p>&nbsp;<\/p>\n<p>&nbsp;<\/p>\n<p>&nbsp;<\/p>\n<hr \/>\n<div class=\"wp-media-wrapper wp-audio\">\n<div id=\"mep_0\" class=\"mejs-container mejs-container-keyboard-inactive wp-audio-shortcode mejs-audio\" tabindex=\"0\" role=\"application\" aria-label=\"Audio Player\">\n<div class=\"mejs-inner\">\n<div class=\"mejs-controls\">\n<p>&nbsp;<\/p>\n<\/div>\n<\/div>\n<\/div>\n<\/div>\n<div class=\"details\">\n<h1 class=\"filename\">Pontada-2-Elo-che-l-LADIN<\/h1>\n<\/div>\n<audio class=\"wp-audio-shortcode\" id=\"audio-196151-8\" preload=\"none\" style=\"width: 100%;\" controls=\"controls\"><source type=\"audio\/mpeg\" src=\"https:\/\/www.radiopiu.net\/wordpress\/wp-content\/uploads\/2021\/03\/Pontada-2-Elo-che-l-LADIN.mp3?_=8\" \/><a href=\"https:\/\/www.radiopiu.net\/wordpress\/wp-content\/uploads\/2021\/03\/Pontada-2-Elo-che-l-LADIN.mp3\">https:\/\/www.radiopiu.net\/wordpress\/wp-content\/uploads\/2021\/03\/Pontada-2-Elo-che-l-LADIN.mp3<\/a><\/audio>\n<p>&nbsp;<\/p>\n<blockquote>\n<h2>LA RACCOLTA COMPLETA<\/h2>\n<\/blockquote>\n<blockquote class=\"wp-embedded-content\" data-secret=\"mwqFCC104G\"><p><a href=\"https:\/\/www.radiopiu.net\/wordpress\/agora-agordina-la-nosta-piaza\/\">AGORA&#8217; AGORDINA&#8230; LA NOSTA PIAZA LADINA.  pagina in aggiornamento continuo<\/a><\/p><\/blockquote>\n<p><iframe loading=\"lazy\" class=\"wp-embedded-content\" sandbox=\"allow-scripts\" security=\"restricted\" style=\"position: absolute; clip: rect(1px, 1px, 1px, 1px);\" title=\"&#8220;AGORA&#8217; AGORDINA&#8230; LA NOSTA PIAZA LADINA.  pagina in aggiornamento continuo&#8221; &#8212; Radio Pi\u00f9\" src=\"https:\/\/www.radiopiu.net\/wordpress\/agora-agordina-la-nosta-piaza\/embed\/#?secret=mwqFCC104G\" data-secret=\"mwqFCC104G\" width=\"600\" height=\"338\" frameborder=\"0\" marginwidth=\"0\" marginheight=\"0\" scrolling=\"no\"><\/iframe><\/p>\n<p>&nbsp;<\/p>\n<hr \/>\n<p>&nbsp;<\/p>\n<p>&nbsp;<\/p>\n<p>&nbsp;<\/p>\n<hr \/>\n<p>&nbsp;<\/p>\n<p>&nbsp;<\/p>\n<blockquote>\n<h3>&#8220;LA VITA CON IL PELMO&#8221;, IL GRANDE AMORE PER LA VAL FIORENTINA<\/h3>\n<\/blockquote>\n<p>&nbsp;<\/p>\n<p><strong>SELVA DI CADORE\u00a0<\/strong>Laura Dalla Torre racconta la sua terra in un libro di 120 pagine corredate di splendide immagini.<\/p>\n<p><strong>di Gianni Santomaso<\/strong><\/p>\n<p>&nbsp;<\/p>\n<audio class=\"wp-audio-shortcode\" id=\"audio-196151-9\" preload=\"none\" style=\"width: 100%;\" controls=\"controls\"><source type=\"audio\/mpeg\" src=\"https:\/\/www.radiopiu.net\/wordpress\/wp-content\/uploads\/2021\/03\/GIANNI-LIBRO-1.mp3?_=9\" \/><a href=\"https:\/\/www.radiopiu.net\/wordpress\/wp-content\/uploads\/2021\/03\/GIANNI-LIBRO-1.mp3\">https:\/\/www.radiopiu.net\/wordpress\/wp-content\/uploads\/2021\/03\/GIANNI-LIBRO-1.mp3<\/a><\/audio>\n<p>&nbsp;<\/p>\n\n\t\t\t<style type='text\/css'>\n\t\t\t\t#gallery-4 {\n\t\t\t\t\tmargin: auto;\n\t\t\t\t}\n\t\t\t\t#gallery-4 .gallery-item {\n\t\t\t\t\tfloat: left;\n\t\t\t\t\tmargin-top: 10px;\n\t\t\t\t\ttext-align: center;\n\t\t\t\t\twidth: 50%;\n\t\t\t\t}\n\t\t\t\t#gallery-4 img {\n\t\t\t\t\tborder: 2px solid #cfcfcf;\n\t\t\t\t}\n\t\t\t\t#gallery-4 .gallery-caption {\n\t\t\t\t\tmargin-left: 0;\n\t\t\t\t}\n\t\t\t\t\/* see gallery_shortcode() in wp-includes\/media.php *\/\n\t\t\t<\/style>\n\t\t<div id='gallery-4' class='dt-gallery-container gallery galleryid-196151 gallery-columns-2 gallery-size-medium'><dl class='gallery-item'>\n\t\t\t\t<dt class='gallery-icon portrait'>\n\t\t\t\t\t<a class=\"rollover rollover-zoom dt-pswp-item\" title=\"SelvadiCadore_Laura Dalla Torre\" data-dt-img-description=\"\" data-large_image_width=\"745\" data-large_image_height=\"940\"href='https:\/\/www.radiopiu.net\/wordpress\/wp-content\/uploads\/2021\/03\/SelvadiCadore_Laura-Dalla-Torre.jpg'><img loading=\"lazy\" decoding=\"async\" width=\"238\" height=\"300\" src=\"https:\/\/www.radiopiu.net\/wordpress\/wp-content\/uploads\/2021\/03\/SelvadiCadore_Laura-Dalla-Torre-238x300.jpg\" class=\"attachment-medium size-medium\" alt=\"\" aria-describedby=\"gallery-4-196197\" srcset=\"https:\/\/www.radiopiu.net\/wordpress\/wp-content\/uploads\/2021\/03\/SelvadiCadore_Laura-Dalla-Torre-238x300.jpg 238w, https:\/\/www.radiopiu.net\/wordpress\/wp-content\/uploads\/2021\/03\/SelvadiCadore_Laura-Dalla-Torre.jpg 745w\" sizes=\"auto, (max-width: 238px) 100vw, 238px\" \/><\/a>\n\t\t\t\t<\/dt>\n\t\t\t\t\t<dd class='wp-caption-text gallery-caption' id='gallery-4-196197'>\n\t\t\t\t\t?\n\t\t\t\t\t<\/dd><\/dl><dl class='gallery-item'>\n\t\t\t\t<dt class='gallery-icon portrait'>\n\t\t\t\t\t<a class=\"rollover rollover-zoom dt-pswp-item\" title=\"Copertina Pelmo Dalla Torre\" data-dt-img-description=\"\" data-large_image_width=\"1476\" data-large_image_height=\"1555\"href='https:\/\/www.radiopiu.net\/wordpress\/wp-content\/uploads\/2021\/03\/Copertina-Pelmo-Dalla-Torre.jpg'><img loading=\"lazy\" decoding=\"async\" width=\"285\" height=\"300\" src=\"https:\/\/www.radiopiu.net\/wordpress\/wp-content\/uploads\/2021\/03\/Copertina-Pelmo-Dalla-Torre-285x300.jpg\" class=\"attachment-medium size-medium\" alt=\"\" srcset=\"https:\/\/www.radiopiu.net\/wordpress\/wp-content\/uploads\/2021\/03\/Copertina-Pelmo-Dalla-Torre-285x300.jpg 285w, https:\/\/www.radiopiu.net\/wordpress\/wp-content\/uploads\/2021\/03\/Copertina-Pelmo-Dalla-Torre-972x1024.jpg 972w, https:\/\/www.radiopiu.net\/wordpress\/wp-content\/uploads\/2021\/03\/Copertina-Pelmo-Dalla-Torre-768x809.jpg 768w, https:\/\/www.radiopiu.net\/wordpress\/wp-content\/uploads\/2021\/03\/Copertina-Pelmo-Dalla-Torre-1458x1536.jpg 1458w, https:\/\/www.radiopiu.net\/wordpress\/wp-content\/uploads\/2021\/03\/Copertina-Pelmo-Dalla-Torre.jpg 1476w\" sizes=\"auto, (max-width: 285px) 100vw, 285px\" \/><\/a>\n\t\t\t\t<\/dt><\/dl><br style=\"clear: both\" \/>\n\t\t\t<\/div>\n\n<p>&nbsp;<\/p>\n<p>&nbsp;<\/p>\n<p>&nbsp;<\/p>\n<p>&nbsp;<\/p>\n<hr \/>\n<p>&nbsp;<\/p>\n<blockquote>\n<h3>LONGARONE: PURE LE VARIE FRAZIONI NEL LIBRO \u201cCOS\u00cc VICINO COS\u00cc LONTANO\u201d<\/h3>\n<\/blockquote>\n<p><strong>di Renato Bona<\/strong><\/p>\n<p>Dopo quelli intitolati \u201cSaluti e ricordi\u201d, \u201cLa ferrovia\u201d, \u201cLe vie e le piazze\u201d, \u201cGli alberghi\u201d, \u201cLe ville e i palazzi\u201d, \u201cIl lavoro\u201d, \u201cPanorami\u201d l\u2019ottavo capitolo del libro di Elda Deon Cardin, longaronese doc trapiantata a Belluno, \u201cCos\u00ec lontano, cos\u00ec vicino\u2026\u201d con cartoline di Longarone e dintorni dal 1890 al 1940, ci illustra con splendide immagini datate \u201cLe frazioni\u201d. Ed annotazioni &#8211; per dirla con l\u2019allora sindaco Gioacchino Bratti &#8211; che sono semplici, sempre appropriate, graziose, che vengono dal cuore e dallo spirito e nelle quali sentiamo trasparire l\u2019affetto e l\u2019immaginazione dell\u2019autrice, che, giova ricordarlo, le ha raccolte in qualcosa come sette lustri all\u2019indomani dalla sciagura del Vajont del 9 ottobre 1963 con le sue immani distruzioni e le sue duemila vittime. A proposito di Longarone: possiamo anticipare con piacere che avremo modo pi\u00f9 avanti di occuparci di due altre splendide raccolte di immagini di persone, cose, situazioni che sempre ad iniziativa di Elda Deon Cardin hanno dato corpo nel novembre 2008 al libro, patrocinato dal Comune (nel quarantacinquesimo anniversario della sciagura causata dalla frana del Monte Toc): \u201cIl lavoro nelle Valli del Piave e del Vajont prima del 9 ottobre 1963\u201d, e nel maggio 2015 al libro \u201cUna strada lunga cent\u2019anni (da Longarone a Cimolais\u201d, sempre stampati da Grafiche Longaronesi). Restiamo a \u201cCos\u00ec lontano, cos\u00ec vicino\u2026\u201d citando il compianto Giuseppe De Vecchi (a sua volta autore nel settembre 1981 del libro \u201cLongarone 1880-1940 \u2013 60 anni di storia per immagini\u201d stampato con la bellunese tipografia \u201cPiave\u201d) che rende omaggio a due autori di tante, bellissime immagini, Breveglieri e Recalchi, sottolineando a proposito dell\u2019autrice di quella che considerava la lodevole continuazione del suo lavoro: \u201c\u2026 Aver prediletto la produzione del grande fotografo bellunese Pompeo Breveglieri \u00e8 anche importante perch\u00e9 il vedutista artista merita un ricordo particolare dato il suo evidente attaccamento alla nostra terra\u201d. Ma: \u201cIn Longarone ha operato anche un altro grande fotografo professionista, Bruto Recalchi, che ora d\u00e0 il nome ad una attiva e intelligente associazione di fotografi dilettanti e non\u201d. E comunque \u201cil lavoro di Elda \u00e8 prezioso per il contributo dato alla conoscenza del paese scomparso e per la raccolta di dati e notizie storiche suffragate da testimonianze fotografiche\u201d. Il noto critico d\u2019arte Marino Perera, anch\u2019egli purtroppo scomparso, a sua volta sottolineava fra l\u2019altro che \u201cQuesta pubblicazione con tutte le vedute o particolari del paese e delle frazioni limitrofe, pensata e realizzata con passione e certosina pazienza da Elda Deon Cardin diventa un diario vero e proprio, che dona, anche a chi non \u00e8 di Longarone, tutta l\u2019emozione di un cammino nel tempo, fra mille vicissitudini, mille storie dolorose, tristi, ma anche gioiosi e spensierati momenti. Presi per mano, passo dopo passo si \u00e8 condotti lungo una strada tracciata dai ricordi e nei ricordi\u201d. Ed allora affrontiamolo, questo cammino, prendendo contatto con la realt\u00e0 delle frazioni longaronesi attraverso le immagini e le loro diciture: \u201c1913 &#8211; Belluno-Casere Palughet-Cime di Soffranco\u201d (foto O. Castellani, edizione U. Cavinato, collezione Gdb); \u201c1915 &#8211; Soffranco &#8211; Panorama\u201d (ed. P. Breveglieri Belluno, coll. Odb). Piccolo paese sopra il Ma\u00e8. Le case, addossate le une alle altre, cercano riparo dal vento che scende dalla gola del torrente; \u201c1915 &#8211; Igne &#8211; Panorama\u201d (ed. G. Facca Longarone, coll. Edc). Le case sono aggrappate al monte, i campi sono coltivati e pare di sentire nell\u2019aria i rintocchi dell\u2019orologio della chiesa; \u201c1915 &#8211; Longarone &#8211; Valle Zoldana\u201d (ed. Marina Borgo Longarone, coll. Gdb). In basso il torrente Ma\u00e8. Sul cucuzzolo del Colle Bez (gi\u00e0 della famiglia Celotto) spicca il roccolo che, quando il colle era rivestito di carpini, serviva da appostamento fisso di uccellagione; \u201c1915 &#8211; Saluti da Pirago presso Longarone\u201d (ed. Breveglieri, coll. Gdb). L\u2019immagine \u00e8 ripresa sulla strada che porta a Igne, sotto la Croda Alta. I bambini sono in passeggiata. In mezzo troneggia il fabbricato chiamato \u201cVaticano\u201d (si pensa che originariamente fosse un convento oppure una prigione); \u201c1923 &#8211; Dintorni di Longarone &#8211; Pirago\u201d (foto B. Recalchi, ed. G. Bertoja Longarone, coll. Edc). Nello sfondo la Valle del Ma\u00e8 in una foto invernale. In lontananza le montagne zoldane pure imbiancate; \u201c1926 &#8211; Dintorni di Longarone\u201d (casa editrice P. Breveglieri, coll. Edc). Il viadotto ferroviario sul Ma\u00e8 \u00e8 gi\u00e0 stato ricostruito, quello stradale \u00e8 ancora provvisorio. In fondo a destra la borgata di Pirago; \u201c1940 &#8211; Longarone (m. 474) &#8211; Panorama\u201d (foto Burloni Belluno, coll. Edc). In primo piano il borgo di Pirago. Sulla strada che porta al centro si notano il macello comunale e la casa di Tita Bez. In lontananza il fumo della cementeria di Castellavazzo; \u201c1923 &#8211; Longarone &#8211; Pirago\u201d (foto B. Recalchi, coll. Nrmp). A Pirago si inaugura il monumento ai Caduti della prima guerra mondiale; \u201c1923 &#8211; Pirago ai suoi 10 eroi\u201d (foto B. Recalchi, coll. Uf). La Grande Guerra si \u00e8 presa dieci Alpini e la piccola frazione vuole ricordare i suoi eroi; \u201c1926 &#8211; Longarone &#8211; Via Mezzaterra\u201d (ed. Marina Borgo, coll. Edc). A destra la si possono vedere la frazione di Rivalta ed il Ma\u00e8 che si immette nel Piave; \u201c1924 &#8211; Longarone &#8211; Panorama\u201d (ed. Matilde Nicola Longarone, coll. Edc). La frazione di \u201cRiva Alta\u201d \u00e8 formata da alcune case in pietra viva che sfiorano l\u2019acqua del Piave; \u201c1922 &#8211; Longarone &#8211; Rivalta\u201d (ed. Leonar, coll. Gdb). In ogni frazione c\u2019\u00e8 una piccola chiesetta e Rivalta la dedica a San Francesco; \u201c1908 &#8211; Fortogna &#8211; Panorama\u201d (foto O. Castellani, ed. U. Cavinato Belluno, coll. Edc). Questa frazione ha scelto un posto al sole per crescere. Sulla sinistra si nota la ciminiera di una fornace di coppi che ora non esiste pi\u00f9 e, sulla destra, vediamo lo stallaggio per il cambio dei cavalli; \u201c1940 &#8211; Fortogna (m. 435) &#8211; Panorama\u201d (foto G. Burloni, coll. Eo). La ferrovia costeggia la frazione: Fortogna \u00e8 una lunga lucertola stesa a prendere il sole.<\/p>\n\n\t\t\t<style type='text\/css'>\n\t\t\t\t#gallery-5 {\n\t\t\t\t\tmargin: auto;\n\t\t\t\t}\n\t\t\t\t#gallery-5 .gallery-item {\n\t\t\t\t\tfloat: left;\n\t\t\t\t\tmargin-top: 10px;\n\t\t\t\t\ttext-align: center;\n\t\t\t\t\twidth: 16%;\n\t\t\t\t}\n\t\t\t\t#gallery-5 img {\n\t\t\t\t\tborder: 2px solid #cfcfcf;\n\t\t\t\t}\n\t\t\t\t#gallery-5 .gallery-caption {\n\t\t\t\t\tmargin-left: 0;\n\t\t\t\t}\n\t\t\t\t\/* see gallery_shortcode() in wp-includes\/media.php *\/\n\t\t\t<\/style>\n\t\t<div id='gallery-5' class='dt-gallery-container gallery galleryid-196151 gallery-columns-6 gallery-size-thumbnail'><dl class='gallery-item'>\n\t\t\t\t<dt class='gallery-icon landscape'>\n\t\t\t\t\t<a class=\"rollover rollover-zoom dt-pswp-item\" title=\"159337879_1081325475701518_9212737279490665726_n\" data-dt-img-description=\"\" data-large_image_width=\"2560\" data-large_image_height=\"1678\"href='https:\/\/www.radiopiu.net\/wordpress\/wp-content\/uploads\/2021\/03\/159337879_1081325475701518_9212737279490665726_n-scaled.jpg'><img loading=\"lazy\" decoding=\"async\" width=\"150\" height=\"150\" src=\"https:\/\/www.radiopiu.net\/wordpress\/wp-content\/uploads\/2021\/03\/159337879_1081325475701518_9212737279490665726_n-150x150.jpg\" class=\"attachment-thumbnail size-thumbnail\" alt=\"\" \/><\/a>\n\t\t\t\t<\/dt><\/dl><dl class='gallery-item'>\n\t\t\t\t<dt class='gallery-icon landscape'>\n\t\t\t\t\t<a class=\"rollover rollover-zoom dt-pswp-item\" title=\"159152678_1139084066529584_6611887329897276459_n\" data-dt-img-description=\"\" data-large_image_width=\"2560\" data-large_image_height=\"1624\"href='https:\/\/www.radiopiu.net\/wordpress\/wp-content\/uploads\/2021\/03\/159152678_1139084066529584_6611887329897276459_n-scaled.jpg'><img loading=\"lazy\" decoding=\"async\" width=\"150\" height=\"150\" src=\"https:\/\/www.radiopiu.net\/wordpress\/wp-content\/uploads\/2021\/03\/159152678_1139084066529584_6611887329897276459_n-150x150.jpg\" class=\"attachment-thumbnail size-thumbnail\" alt=\"\" \/><\/a>\n\t\t\t\t<\/dt><\/dl><dl class='gallery-item'>\n\t\t\t\t<dt class='gallery-icon landscape'>\n\t\t\t\t\t<a class=\"rollover rollover-zoom dt-pswp-item\" title=\"159054572_137305278208456_302237373734069950_n\" data-dt-img-description=\"\" data-large_image_width=\"2560\" data-large_image_height=\"1609\"href='https:\/\/www.radiopiu.net\/wordpress\/wp-content\/uploads\/2021\/03\/159054572_137305278208456_302237373734069950_n-scaled.jpg'><img loading=\"lazy\" decoding=\"async\" width=\"150\" height=\"150\" src=\"https:\/\/www.radiopiu.net\/wordpress\/wp-content\/uploads\/2021\/03\/159054572_137305278208456_302237373734069950_n-150x150.jpg\" class=\"attachment-thumbnail size-thumbnail\" alt=\"\" \/><\/a>\n\t\t\t\t<\/dt><\/dl><dl class='gallery-item'>\n\t\t\t\t<dt class='gallery-icon landscape'>\n\t\t\t\t\t<a class=\"rollover rollover-zoom dt-pswp-item\" title=\"159867230_140348077894376_503452200709581629_n\" data-dt-img-description=\"\" data-large_image_width=\"2560\" data-large_image_height=\"1584\"href='https:\/\/www.radiopiu.net\/wordpress\/wp-content\/uploads\/2021\/03\/159867230_140348077894376_503452200709581629_n-scaled.jpg'><img loading=\"lazy\" decoding=\"async\" width=\"150\" height=\"150\" src=\"https:\/\/www.radiopiu.net\/wordpress\/wp-content\/uploads\/2021\/03\/159867230_140348077894376_503452200709581629_n-150x150.jpg\" class=\"attachment-thumbnail size-thumbnail\" alt=\"\" \/><\/a>\n\t\t\t\t<\/dt><\/dl><dl class='gallery-item'>\n\t\t\t\t<dt class='gallery-icon landscape'>\n\t\t\t\t\t<a class=\"rollover rollover-zoom dt-pswp-item\" title=\"159554282_170945784838873_4973407022446597261_n\" data-dt-img-description=\"\" data-large_image_width=\"2560\" data-large_image_height=\"1608\"href='https:\/\/www.radiopiu.net\/wordpress\/wp-content\/uploads\/2021\/03\/159554282_170945784838873_4973407022446597261_n-scaled.jpg'><img loading=\"lazy\" decoding=\"async\" width=\"150\" height=\"150\" src=\"https:\/\/www.radiopiu.net\/wordpress\/wp-content\/uploads\/2021\/03\/159554282_170945784838873_4973407022446597261_n-150x150.jpg\" class=\"attachment-thumbnail size-thumbnail\" alt=\"\" \/><\/a>\n\t\t\t\t<\/dt><\/dl><dl class='gallery-item'>\n\t\t\t\t<dt class='gallery-icon landscape'>\n\t\t\t\t\t<a class=\"rollover rollover-zoom dt-pswp-item\" title=\"159613804_1885202118308127_5259620743251115959_n\" data-dt-img-description=\"\" data-large_image_width=\"2560\" data-large_image_height=\"1691\"href='https:\/\/www.radiopiu.net\/wordpress\/wp-content\/uploads\/2021\/03\/159613804_1885202118308127_5259620743251115959_n-scaled.jpg'><img loading=\"lazy\" decoding=\"async\" width=\"150\" height=\"150\" src=\"https:\/\/www.radiopiu.net\/wordpress\/wp-content\/uploads\/2021\/03\/159613804_1885202118308127_5259620743251115959_n-150x150.jpg\" class=\"attachment-thumbnail size-thumbnail\" alt=\"\" \/><\/a>\n\t\t\t\t<\/dt><\/dl><br style=\"clear: both\" \/><dl class='gallery-item'>\n\t\t\t\t<dt class='gallery-icon landscape'>\n\t\t\t\t\t<a class=\"rollover rollover-zoom dt-pswp-item\" title=\"159208185_232130721943999_1530531833753300079_n\" data-dt-img-description=\"\" data-large_image_width=\"2560\" data-large_image_height=\"1814\"href='https:\/\/www.radiopiu.net\/wordpress\/wp-content\/uploads\/2021\/03\/159208185_232130721943999_1530531833753300079_n-scaled.jpg'><img loading=\"lazy\" decoding=\"async\" width=\"150\" height=\"150\" src=\"https:\/\/www.radiopiu.net\/wordpress\/wp-content\/uploads\/2021\/03\/159208185_232130721943999_1530531833753300079_n-150x150.jpg\" class=\"attachment-thumbnail size-thumbnail\" alt=\"\" \/><\/a>\n\t\t\t\t<\/dt><\/dl><dl class='gallery-item'>\n\t\t\t\t<dt class='gallery-icon portrait'>\n\t\t\t\t\t<a class=\"rollover rollover-zoom dt-pswp-item\" title=\"159433011_269515644804846_8603823518338329078_n\" data-dt-img-description=\"\" data-large_image_width=\"1601\" data-large_image_height=\"2560\"href='https:\/\/www.radiopiu.net\/wordpress\/wp-content\/uploads\/2021\/03\/159433011_269515644804846_8603823518338329078_n-scaled.jpg'><img loading=\"lazy\" decoding=\"async\" width=\"150\" height=\"150\" src=\"https:\/\/www.radiopiu.net\/wordpress\/wp-content\/uploads\/2021\/03\/159433011_269515644804846_8603823518338329078_n-150x150.jpg\" class=\"attachment-thumbnail size-thumbnail\" alt=\"\" \/><\/a>\n\t\t\t\t<\/dt><\/dl><dl class='gallery-item'>\n\t\t\t\t<dt class='gallery-icon landscape'>\n\t\t\t\t\t<a class=\"rollover rollover-zoom dt-pswp-item\" title=\"159102905_278308380398549_2294195431713733478_n\" data-dt-img-description=\"\" data-large_image_width=\"2560\" data-large_image_height=\"1575\"href='https:\/\/www.radiopiu.net\/wordpress\/wp-content\/uploads\/2021\/03\/159102905_278308380398549_2294195431713733478_n-scaled.jpg'><img loading=\"lazy\" decoding=\"async\" width=\"150\" height=\"150\" src=\"https:\/\/www.radiopiu.net\/wordpress\/wp-content\/uploads\/2021\/03\/159102905_278308380398549_2294195431713733478_n-150x150.jpg\" class=\"attachment-thumbnail size-thumbnail\" alt=\"\" \/><\/a>\n\t\t\t\t<\/dt><\/dl><dl class='gallery-item'>\n\t\t\t\t<dt class='gallery-icon portrait'>\n\t\t\t\t\t<a class=\"rollover rollover-zoom dt-pswp-item\" title=\"159818597_2815950358667054_5703256637204091004_n\" data-dt-img-description=\"\" data-large_image_width=\"1699\" data-large_image_height=\"2560\"href='https:\/\/www.radiopiu.net\/wordpress\/wp-content\/uploads\/2021\/03\/159818597_2815950358667054_5703256637204091004_n-scaled.jpg'><img loading=\"lazy\" decoding=\"async\" width=\"150\" height=\"150\" src=\"https:\/\/www.radiopiu.net\/wordpress\/wp-content\/uploads\/2021\/03\/159818597_2815950358667054_5703256637204091004_n-150x150.jpg\" class=\"attachment-thumbnail size-thumbnail\" alt=\"\" \/><\/a>\n\t\t\t\t<\/dt><\/dl><dl class='gallery-item'>\n\t\t\t\t<dt class='gallery-icon landscape'>\n\t\t\t\t\t<a class=\"rollover rollover-zoom dt-pswp-item\" title=\"159176309_424462868625476_2794632001805894017_n\" data-dt-img-description=\"\" data-large_image_width=\"2560\" data-large_image_height=\"1564\"href='https:\/\/www.radiopiu.net\/wordpress\/wp-content\/uploads\/2021\/03\/159176309_424462868625476_2794632001805894017_n-scaled.jpg'><img loading=\"lazy\" decoding=\"async\" width=\"150\" height=\"150\" src=\"https:\/\/www.radiopiu.net\/wordpress\/wp-content\/uploads\/2021\/03\/159176309_424462868625476_2794632001805894017_n-150x150.jpg\" class=\"attachment-thumbnail size-thumbnail\" alt=\"\" \/><\/a>\n\t\t\t\t<\/dt><\/dl><dl class='gallery-item'>\n\t\t\t\t<dt class='gallery-icon landscape'>\n\t\t\t\t\t<a class=\"rollover rollover-zoom dt-pswp-item\" title=\"159416972_434339441012354_8911536713787976669_n\" data-dt-img-description=\"\" data-large_image_width=\"2560\" data-large_image_height=\"1576\"href='https:\/\/www.radiopiu.net\/wordpress\/wp-content\/uploads\/2021\/03\/159416972_434339441012354_8911536713787976669_n-scaled.jpg'><img loading=\"lazy\" decoding=\"async\" width=\"150\" height=\"150\" src=\"https:\/\/www.radiopiu.net\/wordpress\/wp-content\/uploads\/2021\/03\/159416972_434339441012354_8911536713787976669_n-150x150.jpg\" class=\"attachment-thumbnail size-thumbnail\" alt=\"\" \/><\/a>\n\t\t\t\t<\/dt><\/dl><br style=\"clear: both\" \/><dl class='gallery-item'>\n\t\t\t\t<dt class='gallery-icon landscape'>\n\t\t\t\t\t<a class=\"rollover rollover-zoom dt-pswp-item\" title=\"159318446_456235492359109_2036770068685531789_n\" data-dt-img-description=\"\" data-large_image_width=\"2560\" data-large_image_height=\"1566\"href='https:\/\/www.radiopiu.net\/wordpress\/wp-content\/uploads\/2021\/03\/159318446_456235492359109_2036770068685531789_n-scaled.jpg'><img loading=\"lazy\" decoding=\"async\" width=\"150\" height=\"150\" src=\"https:\/\/www.radiopiu.net\/wordpress\/wp-content\/uploads\/2021\/03\/159318446_456235492359109_2036770068685531789_n-150x150.jpg\" class=\"attachment-thumbnail size-thumbnail\" alt=\"\" \/><\/a>\n\t\t\t\t<\/dt><\/dl><dl class='gallery-item'>\n\t\t\t\t<dt class='gallery-icon landscape'>\n\t\t\t\t\t<a class=\"rollover rollover-zoom dt-pswp-item\" title=\"159154121_457536795398953_767285648482485017_n\" data-dt-img-description=\"\" data-large_image_width=\"2560\" data-large_image_height=\"1670\"href='https:\/\/www.radiopiu.net\/wordpress\/wp-content\/uploads\/2021\/03\/159154121_457536795398953_767285648482485017_n-scaled.jpg'><img loading=\"lazy\" decoding=\"async\" width=\"150\" height=\"150\" src=\"https:\/\/www.radiopiu.net\/wordpress\/wp-content\/uploads\/2021\/03\/159154121_457536795398953_767285648482485017_n-150x150.jpg\" class=\"attachment-thumbnail size-thumbnail\" alt=\"\" \/><\/a>\n\t\t\t\t<\/dt><\/dl><dl class='gallery-item'>\n\t\t\t\t<dt class='gallery-icon landscape'>\n\t\t\t\t\t<a class=\"rollover rollover-zoom dt-pswp-item\" title=\"159843138_769333927315053_7718579106842584779_n\" data-dt-img-description=\"\" data-large_image_width=\"2560\" data-large_image_height=\"1643\"href='https:\/\/www.radiopiu.net\/wordpress\/wp-content\/uploads\/2021\/03\/159843138_769333927315053_7718579106842584779_n-scaled.jpg'><img loading=\"lazy\" decoding=\"async\" width=\"150\" height=\"150\" src=\"https:\/\/www.radiopiu.net\/wordpress\/wp-content\/uploads\/2021\/03\/159843138_769333927315053_7718579106842584779_n-150x150.jpg\" class=\"attachment-thumbnail size-thumbnail\" alt=\"\" \/><\/a>\n\t\t\t\t<\/dt><\/dl><dl class='gallery-item'>\n\t\t\t\t<dt class='gallery-icon landscape'>\n\t\t\t\t\t<a class=\"rollover rollover-zoom dt-pswp-item\" title=\"158693004_912913192875905_4359703013558022644_n\" data-dt-img-description=\"\" data-large_image_width=\"2560\" data-large_image_height=\"1597\"href='https:\/\/www.radiopiu.net\/wordpress\/wp-content\/uploads\/2021\/03\/158693004_912913192875905_4359703013558022644_n-scaled.jpg'><img loading=\"lazy\" decoding=\"async\" width=\"150\" height=\"150\" src=\"https:\/\/www.radiopiu.net\/wordpress\/wp-content\/uploads\/2021\/03\/158693004_912913192875905_4359703013558022644_n-150x150.jpg\" class=\"attachment-thumbnail size-thumbnail\" alt=\"\" \/><\/a>\n\t\t\t\t<\/dt><\/dl><dl class='gallery-item'>\n\t\t\t\t<dt class='gallery-icon landscape'>\n\t\t\t\t\t<a class=\"rollover rollover-zoom dt-pswp-item\" title=\"159548037_935176547226499_8052351401278016687_n\" data-dt-img-description=\"\" data-large_image_width=\"2560\" data-large_image_height=\"1602\"href='https:\/\/www.radiopiu.net\/wordpress\/wp-content\/uploads\/2021\/03\/159548037_935176547226499_8052351401278016687_n-scaled.jpg'><img loading=\"lazy\" decoding=\"async\" width=\"150\" height=\"150\" src=\"https:\/\/www.radiopiu.net\/wordpress\/wp-content\/uploads\/2021\/03\/159548037_935176547226499_8052351401278016687_n-150x150.jpg\" class=\"attachment-thumbnail size-thumbnail\" alt=\"\" \/><\/a>\n\t\t\t\t<\/dt><\/dl>\n\t\t\t\t<br style='clear: both' \/>\n\t\t\t<\/div>\n\n<p>&nbsp;<\/p>\n<div class=\"wp-media-wrapper wp-audio\">\n<div id=\"mep_0\" class=\"mejs-container mejs-container-keyboard-inactive wp-audio-shortcode mejs-audio\" tabindex=\"0\" role=\"application\" aria-label=\"Audio Player\">\n<div class=\"mejs-inner\">\n<div class=\"mejs-controls\">\n<p>&nbsp;<\/p>\n<\/div>\n<\/div>\n<\/div>\n<\/div>\n<p>&nbsp;<\/p>\n<p>&nbsp;<\/p>\n<hr \/>\n<h2><span style=\"color: #ff0000;\">\u00a0<\/span><\/h2>\n<h2><span style=\"color: #ff0000;\">prossimamente ALLA RADIO\u00a0<\/span><\/h2>\n<h2>DAL 22 MARZO&#8230; CON CLAUDIO PRA<\/h2>\n<div style=\"width: 854px;\" class=\"wp-video\"><video class=\"wp-video-shortcode\" id=\"video-196151-1\" width=\"854\" height=\"480\" preload=\"metadata\" controls=\"controls\"><source type=\"video\/mp4\" src=\"https:\/\/www.radiopiu.net\/wordpress\/wp-content\/uploads\/2021\/03\/WhatsApp-Video-2021-03-09-at-18.43.48.mp4?_=1\" \/><a href=\"https:\/\/www.radiopiu.net\/wordpress\/wp-content\/uploads\/2021\/03\/WhatsApp-Video-2021-03-09-at-18.43.48.mp4\">https:\/\/www.radiopiu.net\/wordpress\/wp-content\/uploads\/2021\/03\/WhatsApp-Video-2021-03-09-at-18.43.48.mp4<\/a><\/video><\/div>\n<p>&nbsp;<\/p>\n<p>&nbsp;<\/p>\n<p>&nbsp;<\/p>\n<p>&nbsp;<\/p>\n<p>&nbsp;<\/p>\n<p>&nbsp;<\/p>\n<hr \/>\n<div>\n<h2><span style=\"color: #ff0000;\"><a href=\"https:\/\/www.radiopiu.net\/wordpress\/ieri-alla-radio-leggermente-bellunesi-di-luisa-alchini\/158286232_1602990903222304_8080828599590912308_o\/\" rel=\"attachment wp-att-195976\"><img loading=\"lazy\" decoding=\"async\" class=\"wp-image-195976 alignleft\" src=\"https:\/\/www.radiopiu.net\/wordpress\/wp-content\/uploads\/2021\/03\/158286232_1602990903222304_8080828599590912308_o-195x300.jpg\" alt=\"\" width=\"159\" height=\"245\" srcset=\"https:\/\/www.radiopiu.net\/wordpress\/wp-content\/uploads\/2021\/03\/158286232_1602990903222304_8080828599590912308_o-195x300.jpg 195w, https:\/\/www.radiopiu.net\/wordpress\/wp-content\/uploads\/2021\/03\/158286232_1602990903222304_8080828599590912308_o.jpg 526w\" sizes=\"auto, (max-width: 159px) 100vw, 159px\" \/><\/a>ALLA RADIO<\/span><\/h2>\n<\/div>\n<div>\n<h2><strong>LE\u00a0 PUNTATE di Luisa Alchini di Leggermente Bellunesi, la domenica alle 11, <span style=\"color: #0000ff;\">IL MARTEDI IN PRIMA EDIZIONE\u00a0<\/span> alle 10.30 e alle 19.00<\/strong><\/h2>\n<\/div>\n<div>\n<div dir=\"auto\">Una raccolta di testimonianze di giovani bellunesi che hanno deciso di fare le valigie per vivere un&#8217;esperienza professionale all&#8217;estero. Fanno parte della generazione &#8220;expat&#8221;. Benvenuti nell&#8217;emigrazione 2.0<\/div>\n<\/div>\n<div dir=\"auto\"><\/div>\n<div dir=\"auto\"><\/div>\n<div dir=\"auto\"><\/div>\n<div dir=\"auto\"><strong>AUDIO<\/strong><\/div>\n<div>\n<audio class=\"wp-audio-shortcode\" id=\"audio-196151-10\" preload=\"none\" style=\"width: 100%;\" controls=\"controls\"><source type=\"audio\/mpeg\" src=\"https:\/\/www.radiopiu.net\/wordpress\/wp-content\/uploads\/2021\/03\/21lebbermenteABMemigrazioneduepuntozero.mp3?_=10\" \/><a href=\"https:\/\/www.radiopiu.net\/wordpress\/wp-content\/uploads\/2021\/03\/21lebbermenteABMemigrazioneduepuntozero.mp3\">https:\/\/www.radiopiu.net\/wordpress\/wp-content\/uploads\/2021\/03\/21lebbermenteABMemigrazioneduepuntozero.mp3<\/a><\/audio>\n<p>&nbsp;<\/p>\n<\/div>\n<blockquote>\n<div>\n<h2><strong style=\"font-size: 14px;\"><span style=\"color: #000000;\">RACCOLTA COMPLETA<\/span><\/strong><\/h2>\n<\/div>\n<blockquote class=\"wp-embedded-content\" data-secret=\"M06hMXadBk\"><p><a href=\"https:\/\/www.radiopiu.net\/wordpress\/leggermente-20\/\">LEGGERmente&#8230;Bellunesi<\/a><\/p><\/blockquote>\n<p><iframe loading=\"lazy\" class=\"wp-embedded-content\" sandbox=\"allow-scripts\" security=\"restricted\" style=\"position: absolute; clip: rect(1px, 1px, 1px, 1px);\" title=\"&#8220;LEGGERmente&#8230;Bellunesi&#8221; &#8212; Radio Pi\u00f9\" src=\"https:\/\/www.radiopiu.net\/wordpress\/leggermente-20\/embed\/#?secret=M06hMXadBk\" data-secret=\"M06hMXadBk\" width=\"600\" height=\"338\" frameborder=\"0\" marginwidth=\"0\" marginheight=\"0\" scrolling=\"no\"><\/iframe><\/p>\n<p>&nbsp;<\/p><\/blockquote>\n<p>&nbsp;<\/p>\n<hr \/>\n<p>&nbsp;<\/p>\n<h2><span style=\"color: #ff0000;\"><img decoding=\"async\" class=\"alignleft\" src=\"https:\/\/www.radiopiu.net\/wordpress\/wp-content\/uploads\/2021\/03\/th-5.jpg\" \/><\/span><\/h2>\n<h2><\/h2>\n<h2><span style=\"color: #ff0000;\">ALLA RADIO<\/span><\/h2>\n<h2><span style=\"color: #008000;\">ERBE E PIANTE CURATIVE&#8230;IL\u00a0 PROGRAMMA DI PAOLA LANCIATO<\/span><\/h2>\n<p><strong>SESTA\u00a0 PUNTATA &#8211; L&#8217;AGRIFOGLIO<\/strong><\/p>\n<audio class=\"wp-audio-shortcode\" id=\"audio-196151-11\" preload=\"none\" style=\"width: 100%;\" controls=\"controls\"><source type=\"audio\/mpeg\" src=\"https:\/\/www.radiopiu.net\/wordpress\/wp-content\/uploads\/2021\/03\/6-LAgrifoglio-M.mp3?_=11\" \/><a href=\"https:\/\/www.radiopiu.net\/wordpress\/wp-content\/uploads\/2021\/03\/6-LAgrifoglio-M.mp3\">https:\/\/www.radiopiu.net\/wordpress\/wp-content\/uploads\/2021\/03\/6-LAgrifoglio-M.mp3<\/a><\/audio>\n<p>&nbsp;<\/p>\n<p><strong>LA RACCOLTA COMPLETA<\/strong><\/p>\n<blockquote class=\"wp-embedded-content\" data-secret=\"viOYgvYkE6\"><p><a href=\"https:\/\/www.radiopiu.net\/wordpress\/erbe-e-piante-curative\/\">ERBE E PIANTE CURATIVE<\/a><\/p><\/blockquote>\n<p><iframe loading=\"lazy\" class=\"wp-embedded-content\" sandbox=\"allow-scripts\" security=\"restricted\" style=\"position: absolute; clip: rect(1px, 1px, 1px, 1px);\" title=\"&#8220;ERBE E PIANTE CURATIVE&#8221; &#8212; Radio Pi\u00f9\" src=\"https:\/\/www.radiopiu.net\/wordpress\/erbe-e-piante-curative\/embed\/#?secret=viOYgvYkE6\" data-secret=\"viOYgvYkE6\" width=\"600\" height=\"338\" frameborder=\"0\" marginwidth=\"0\" marginheight=\"0\" scrolling=\"no\"><\/iframe><\/p>\n<p>&nbsp;<\/p>\n<p>&nbsp;<\/p>\n<p>&nbsp;<\/p>\n<hr \/>\n<blockquote>\n<h3><a href=\"https:\/\/www.radiopiu.net\/wordpress\/almanacco-ladino-puntata-5-2020\/sn\/\" rel=\"attachment wp-att-180931\"><img loading=\"lazy\" decoding=\"async\" class=\"wp-image-180931 alignleft\" src=\"https:\/\/www.radiopiu.net\/wordpress\/wp-content\/uploads\/2020\/12\/sn-300x194.jpg\" alt=\"\" width=\"181\" height=\"117\" srcset=\"https:\/\/www.radiopiu.net\/wordpress\/wp-content\/uploads\/2020\/12\/sn-300x194.jpg 300w, https:\/\/www.radiopiu.net\/wordpress\/wp-content\/uploads\/2020\/12\/sn.jpg 626w\" sizes=\"auto, (max-width: 181px) 100vw, 181px\" \/><\/a>L&#8217;ALMANACCO LADINO CON L&#8217;ISTITUT CESA DE JAN QUINDICINALE APPUNTAMENTO. LA DOMENICA ALLE 9 IL LUNEDI ALLE 8.35 IL MARTEDI ALLE 12.35 IL MERCOLEDI ALLE 18.35. SECONDA STAGIONE.<\/h3>\n<\/blockquote>\n<p><strong>RACCOLTA COMPLETA\u00a0<\/strong><\/p>\n<blockquote class=\"wp-embedded-content\" data-secret=\"UYfs72kfxq\"><p><a href=\"https:\/\/www.radiopiu.net\/wordpress\/almanacco-ladino\/\">Almanacco Ladino<\/a><\/p><\/blockquote>\n<p><iframe loading=\"lazy\" class=\"wp-embedded-content\" sandbox=\"allow-scripts\" security=\"restricted\" style=\"position: absolute; clip: rect(1px, 1px, 1px, 1px);\" title=\"&#8220;Almanacco Ladino&#8221; &#8212; Radio Pi\u00f9\" src=\"https:\/\/www.radiopiu.net\/wordpress\/almanacco-ladino\/embed\/#?secret=UYfs72kfxq\" data-secret=\"UYfs72kfxq\" width=\"600\" height=\"338\" frameborder=\"0\" marginwidth=\"0\" marginheight=\"0\" scrolling=\"no\"><\/iframe><\/p>\n<hr \/>\n<p>&nbsp;<\/p>\n<blockquote>\n<h3>SALUTE E SOCIETA&#8217; IL LUNEDI ALLE 13.10 E ALLE 20.10, LA DOMENICA ALLE 10.30 A CURA DEL DOTTOR MARCO CARACCIOLO. QUINTA STAGIONE<\/h3>\n<\/blockquote>\n<p><strong>LA PUNTATA DELLA SETTIMANA <\/strong>La narcolessia \u00e8 una malattia neurologica rara che in Italia conta circa 2000 casi. E\u2019 una malattia sottodiagnosticata ed \u00e8 accompagnata da diversi sintomi che impattano fortemente sulla qualit\u00e0 della vita dei pazienti. Ne parliamo con il prof. Giuseppe Plazzi, Ordinario di Neuropsichiatria Infantile, Universit\u00e0 degli studi di Modena e Reggio Emilia; Responsabile scientifico e coordinatore Centro Narcolessia e disturbi del sonno, IRCCS, Istituto delle Scienze Neurologiche di Bologna; Presidente AIMS, Associazione Italiana di Medicina del Sonno<\/p>\n<audio class=\"wp-audio-shortcode\" id=\"audio-196151-12\" preload=\"none\" style=\"width: 100%;\" controls=\"controls\"><source type=\"audio\/mpeg\" src=\"https:\/\/www.radiopiu.net\/wordpress\/wp-content\/uploads\/2021\/03\/SALUTE.mp3?_=12\" \/><a href=\"https:\/\/www.radiopiu.net\/wordpress\/wp-content\/uploads\/2021\/03\/SALUTE.mp3\">https:\/\/www.radiopiu.net\/wordpress\/wp-content\/uploads\/2021\/03\/SALUTE.mp3<\/a><\/audio>\n<p>&nbsp;<\/p>\n<h3><strong>LA RACCOLTA COMPLETA\u00a0<\/strong><\/h3>\n<blockquote class=\"wp-embedded-content\" data-secret=\"YaypvIPIGJ\"><p><a href=\"https:\/\/www.radiopiu.net\/wordpress\/saluteesocieta\/\">Salute e Societ\u00e0<\/a><\/p><\/blockquote>\n<p><iframe loading=\"lazy\" class=\"wp-embedded-content\" sandbox=\"allow-scripts\" security=\"restricted\" style=\"position: absolute; clip: rect(1px, 1px, 1px, 1px);\" title=\"&#8220;Salute e Societ\u00e0&#8221; &#8212; Radio Pi\u00f9\" src=\"https:\/\/www.radiopiu.net\/wordpress\/saluteesocieta\/embed\/#?secret=YaypvIPIGJ\" data-secret=\"YaypvIPIGJ\" width=\"600\" height=\"338\" frameborder=\"0\" marginwidth=\"0\" marginheight=\"0\" scrolling=\"no\"><\/iframe><\/p>\n<hr \/>\n<p>&nbsp;<\/p>\n<p>&nbsp;<\/p>\n<h2><\/h2>\n<h2><span style=\"color: #ff0000;\"><a href=\"https:\/\/www.radiopiu.net\/wordpress\/giornale-radiopiu-05-gennaio-2021-direttore-mirko-mezzacasa\/133200401_100838761953611_1258544160541445132_o-2\/\" rel=\"attachment wp-att-183078\"><img loading=\"lazy\" decoding=\"async\" class=\" wp-image-183078 alignleft\" src=\"https:\/\/www.radiopiu.net\/wordpress\/wp-content\/uploads\/2021\/01\/133200401_100838761953611_1258544160541445132_o-1-300x157.jpg\" alt=\"\" width=\"192\" height=\"101\" srcset=\"https:\/\/www.radiopiu.net\/wordpress\/wp-content\/uploads\/2021\/01\/133200401_100838761953611_1258544160541445132_o-1-300x157.jpg 300w, https:\/\/www.radiopiu.net\/wordpress\/wp-content\/uploads\/2021\/01\/133200401_100838761953611_1258544160541445132_o-1.jpg 526w\" sizes=\"auto, (max-width: 192px) 100vw, 192px\" \/><\/a>GOCCE DI FILOSOFIA, CON CHIARA CAU, CON LISA DE LUCA. <\/span><\/h2>\n<h2><span style=\"color: #ff0000;\">TUTTI I GIORNI DAL LUNEDI AL VENERDI ALLE 6.55 E ALLE 18.55<\/span><\/h2>\n<p><strong>PUNTATA 48<\/strong><\/p>\n<audio class=\"wp-audio-shortcode\" id=\"audio-196151-13\" preload=\"none\" style=\"width: 100%;\" controls=\"controls\"><source type=\"audio\/mpeg\" src=\"https:\/\/www.radiopiu.net\/wordpress\/wp-content\/uploads\/2021\/03\/FI3.mp3?_=13\" \/><a href=\"https:\/\/www.radiopiu.net\/wordpress\/wp-content\/uploads\/2021\/03\/FI3.mp3\">https:\/\/www.radiopiu.net\/wordpress\/wp-content\/uploads\/2021\/03\/FI3.mp3<\/a><\/audio>\n<p>&nbsp;<\/p>\n<h3>LA RACCOLTA COMPLETA<\/h3>\n<blockquote class=\"wp-embedded-content\" data-secret=\"7reqsDKddg\"><p><a href=\"https:\/\/www.radiopiu.net\/wordpress\/gocce-filosofia\/\">Gocce di filosofia<\/a><\/p><\/blockquote>\n<p><iframe loading=\"lazy\" class=\"wp-embedded-content\" sandbox=\"allow-scripts\" security=\"restricted\" style=\"position: absolute; clip: rect(1px, 1px, 1px, 1px);\" title=\"&#8220;Gocce di filosofia&#8221; &#8212; Radio Pi\u00f9\" src=\"https:\/\/www.radiopiu.net\/wordpress\/gocce-filosofia\/embed\/#?secret=7reqsDKddg\" data-secret=\"7reqsDKddg\" width=\"600\" height=\"338\" frameborder=\"0\" marginwidth=\"0\" marginheight=\"0\" scrolling=\"no\"><\/iframe><\/p>\n<p>&nbsp;<\/p>\n<hr \/>\n<div>\n<h2><span style=\"color: #000080;\"><a class=\"dt-pswp-item\" href=\"https:\/\/www.radiopiu.net\/wordpress\/wp-content\/uploads\/2020\/10\/pp.jpg\" data-dt-img-description=\"\" data-large_image_width=\"640\" data-large_image_height=\"640\"><img loading=\"lazy\" decoding=\"async\" class=\"wp-image-163678 alignleft\" src=\"https:\/\/www.radiopiu.net\/wordpress\/wp-content\/uploads\/2020\/10\/pp-300x300.jpg\" alt=\"\" width=\"106\" height=\"106\" srcset=\"https:\/\/www.radiopiu.net\/wordpress\/wp-content\/uploads\/2020\/10\/pp-300x300.jpg 300w, https:\/\/www.radiopiu.net\/wordpress\/wp-content\/uploads\/2020\/10\/pp-150x150.jpg 150w, https:\/\/www.radiopiu.net\/wordpress\/wp-content\/uploads\/2020\/10\/pp-125x125.jpg 125w, https:\/\/www.radiopiu.net\/wordpress\/wp-content\/uploads\/2020\/10\/pp-200x200.jpg 200w, https:\/\/www.radiopiu.net\/wordpress\/wp-content\/uploads\/2020\/10\/pp-80x80.jpg 80w, https:\/\/www.radiopiu.net\/wordpress\/wp-content\/uploads\/2020\/10\/pp-480x480.jpg 480w, https:\/\/www.radiopiu.net\/wordpress\/wp-content\/uploads\/2020\/10\/pp.jpg 640w\" sizes=\"auto, (max-width: 106px) 100vw, 106px\" \/><\/a><\/span><\/h2>\n<h2><span style=\"color: #000080;\">DON CESARE, IL PENSIERO DEL GIORNO. ALLA RADIO ALLE 7 DEL MATTINO E ALLE 19.30 DELLA SERA.\u00a0\u00a0<\/span><\/h2>\n<\/div>\n<p>&nbsp;<\/p>\n<p>&nbsp;<\/p>\n<p>&nbsp;<\/p>\n<audio class=\"wp-audio-shortcode\" id=\"audio-196151-14\" preload=\"none\" style=\"width: 100%;\" controls=\"controls\"><source type=\"audio\/mpeg\" src=\"https:\/\/www.radiopiu.net\/wordpress\/wp-content\/uploads\/2021\/03\/CESARE-6.mp3?_=14\" \/><a href=\"https:\/\/www.radiopiu.net\/wordpress\/wp-content\/uploads\/2021\/03\/CESARE-6.mp3\">https:\/\/www.radiopiu.net\/wordpress\/wp-content\/uploads\/2021\/03\/CESARE-6.mp3<\/a><\/audio>\n<hr \/>\n<p>&nbsp;<\/p>\n<p>&nbsp;<\/p>\n<div class=\"im_message_wrap clearfix\">\n<div class=\"im_content_message_wrap im_message_out\">\n<h2><span style=\"color: #ff0000;\">IN VIVO VERSO 2020-21<\/span><\/h2>\n<p><strong><span style=\"color: #0000ff;\">IN ONDA DAL LUNEDI AL VENERDI ALLE 7.10, 10.10, 18.50\u00a0 \u00a0<\/span><\/strong><\/p>\n<blockquote class=\"wp-embedded-content\" data-secret=\"fdwCArlMHt\"><p><a href=\"https:\/\/www.radiopiu.net\/wordpress\/al-disgelo-una-donna-di-domenico-cassano\/\">AL DISGELO UNA DONNA di DOMENICO CASSANO<\/a><\/p><\/blockquote>\n<p><iframe loading=\"lazy\" class=\"wp-embedded-content\" sandbox=\"allow-scripts\" security=\"restricted\" style=\"position: absolute; clip: rect(1px, 1px, 1px, 1px);\" title=\"&#8220;AL DISGELO UNA DONNA di DOMENICO CASSANO&#8221; &#8212; Radio Pi\u00f9\" src=\"https:\/\/www.radiopiu.net\/wordpress\/al-disgelo-una-donna-di-domenico-cassano\/embed\/#?secret=fdwCArlMHt\" data-secret=\"fdwCArlMHt\" width=\"600\" height=\"338\" frameborder=\"0\" marginwidth=\"0\" marginheight=\"0\" scrolling=\"no\"><\/iframe><\/p>\n<p><strong>LA RACCOLTA<\/strong><\/p>\n<blockquote class=\"wp-embedded-content\" data-secret=\"hjaOpFfxge\"><p><a href=\"https:\/\/www.radiopiu.net\/wordpress\/in-vivo-verso\/\">In Vivo Verso<\/a><\/p><\/blockquote>\n<p><iframe loading=\"lazy\" class=\"wp-embedded-content\" sandbox=\"allow-scripts\" security=\"restricted\" style=\"position: absolute; clip: rect(1px, 1px, 1px, 1px);\" title=\"&#8220;In Vivo Verso&#8221; &#8212; Radio Pi\u00f9\" src=\"https:\/\/www.radiopiu.net\/wordpress\/in-vivo-verso\/embed\/#?secret=hjaOpFfxge\" data-secret=\"hjaOpFfxge\" width=\"600\" height=\"338\" frameborder=\"0\" marginwidth=\"0\" marginheight=\"0\" scrolling=\"no\"><\/iframe><\/p>\n<p>&nbsp;<\/p>\n<hr \/>\n<p>&nbsp;<\/p>\n<\/div>\n<\/div>\n<h2><span style=\"color: #808000;\">DUE MINUTI UN LIBRO\u00a0 TUTTI I GIORNI ALLA RADIO ALLE 9.30 E ALLE 18. QUINTA STAGIONE\u00a0<\/span><\/h2>\n<blockquote class=\"wp-embedded-content\" data-secret=\"TLUmzWv04I\"><p><a href=\"https:\/\/www.radiopiu.net\/wordpress\/gli-ultimi-giorni-di-quiete\/\">GLI ULTIMI GIORNI DI QUIETE<\/a><\/p><\/blockquote>\n<p><iframe loading=\"lazy\" class=\"wp-embedded-content\" sandbox=\"allow-scripts\" security=\"restricted\" style=\"position: absolute; clip: rect(1px, 1px, 1px, 1px);\" title=\"&#8220;GLI ULTIMI GIORNI DI QUIETE&#8221; &#8212; Radio Pi\u00f9\" src=\"https:\/\/www.radiopiu.net\/wordpress\/gli-ultimi-giorni-di-quiete\/embed\/#?secret=TLUmzWv04I\" data-secret=\"TLUmzWv04I\" width=\"600\" height=\"338\" frameborder=\"0\" marginwidth=\"0\" marginheight=\"0\" scrolling=\"no\"><\/iframe><\/p>\n<h3><span style=\"color: #808000;\">\u00a0<\/span>LA RACCOLTA COMPLETA<\/h3>\n<blockquote class=\"wp-embedded-content\" data-secret=\"6BWwxPfWRN\"><p><a href=\"https:\/\/www.radiopiu.net\/wordpress\/due-minuti-un-libro\/\">Due minuti un libro<\/a><\/p><\/blockquote>\n<p><iframe loading=\"lazy\" class=\"wp-embedded-content\" sandbox=\"allow-scripts\" security=\"restricted\" style=\"position: absolute; clip: rect(1px, 1px, 1px, 1px);\" title=\"&#8220;Due minuti un libro&#8221; &#8212; Radio Pi\u00f9\" src=\"https:\/\/www.radiopiu.net\/wordpress\/due-minuti-un-libro\/embed\/#?secret=6BWwxPfWRN\" data-secret=\"6BWwxPfWRN\" width=\"600\" height=\"338\" frameborder=\"0\" marginwidth=\"0\" marginheight=\"0\" scrolling=\"no\"><\/iframe><\/p>\n<p>&nbsp;<\/p>\n<p>&nbsp;<\/p>\n<p>&nbsp;<\/p>\n<hr \/>\n<p>&nbsp;<\/p>\n<blockquote>\n<h3 class=\"kvgmc6g5 cxmmr5t8 oygrvhab hcukyx3x c1et5uql\"><span style=\"color: #0000ff;\">INFORMAZIONE il canale su TELEGRAM informazione di prima mano e in tempo reale. iscriviti ed aiutaci a farlo conoscere\u00a0<\/span><\/h3>\n<\/blockquote>\n<h2><img loading=\"lazy\" decoding=\"async\" class=\"alignleft\" src=\"https:\/\/www.radiopiu.net\/wordpress\/wp-content\/uploads\/2021\/03\/narr.jpg\" width=\"158\" height=\"105\" \/>007 IN CONDOTTA CON LA PROF. MARIA ROSA SALMAZO IL LUNEDI ALLE 10,30 E ALLE 19.00 LA DOMENICA ALLE 8 DEL MATTINO. NONA STAGIONE<\/h2>\n<p><span style=\"color: #ff0000;\"><strong>PUNTATA DEL 08 MARZO 2021<\/strong><\/span><\/p>\n<p>&nbsp;<\/p>\n<audio class=\"wp-audio-shortcode\" id=\"audio-196151-15\" preload=\"none\" style=\"width: 100%;\" controls=\"controls\"><source type=\"audio\/mpeg\" src=\"https:\/\/www.radiopiu.net\/wordpress\/wp-content\/uploads\/2021\/03\/007-condota-8-marzo.mp3?_=15\" \/><a href=\"https:\/\/www.radiopiu.net\/wordpress\/wp-content\/uploads\/2021\/03\/007-condota-8-marzo.mp3\">https:\/\/www.radiopiu.net\/wordpress\/wp-content\/uploads\/2021\/03\/007-condota-8-marzo.mp3<\/a><\/audio>\n<h2>LA RACCOLTA COMPLETA<\/h2>\n<blockquote class=\"wp-embedded-content\" data-secret=\"3TsBUmtANI\"><p><a href=\"https:\/\/www.radiopiu.net\/wordpress\/007incondotta-9\/\">007 in condotta<\/a><\/p><\/blockquote>\n<p><iframe loading=\"lazy\" class=\"wp-embedded-content\" sandbox=\"allow-scripts\" security=\"restricted\" style=\"position: absolute; clip: rect(1px, 1px, 1px, 1px);\" title=\"&#8220;007 in condotta&#8221; &#8212; Radio Pi\u00f9\" src=\"https:\/\/www.radiopiu.net\/wordpress\/007incondotta-9\/embed\/#?secret=3TsBUmtANI\" data-secret=\"3TsBUmtANI\" width=\"600\" height=\"338\" frameborder=\"0\" marginwidth=\"0\" marginheight=\"0\" scrolling=\"no\"><\/iframe><\/p>\n<blockquote><p>&nbsp;<\/p>\n<p>&nbsp;<\/p><\/blockquote>\n<hr \/>\n<p>&nbsp;<\/p>\n<p>&nbsp;<\/p>\n<div>\n<h2><span style=\"color: #33cccc;\">I RACCONTI DI PAOLO SOPPELSA il lunedi alle 9.30 e 18.30<\/span><\/h2>\n<blockquote class=\"wp-embedded-content\" data-secret=\"BaAz6tx4OQ\"><p><a href=\"https:\/\/www.radiopiu.net\/wordpress\/i-racconti-di-paolo-soppelsa-sessantacinquesima-puntata\/\">I RACCONTI DI PAOLO SOPPELSA SESSANTACINQUESIMA PUNTATA<\/a><\/p><\/blockquote>\n<p><iframe loading=\"lazy\" class=\"wp-embedded-content\" sandbox=\"allow-scripts\" security=\"restricted\" style=\"position: absolute; clip: rect(1px, 1px, 1px, 1px);\" title=\"&#8220;I RACCONTI DI PAOLO SOPPELSA SESSANTACINQUESIMA PUNTATA&#8221; &#8212; Radio Pi\u00f9\" src=\"https:\/\/www.radiopiu.net\/wordpress\/i-racconti-di-paolo-soppelsa-sessantacinquesima-puntata\/embed\/#?secret=BaAz6tx4OQ\" data-secret=\"BaAz6tx4OQ\" width=\"600\" height=\"338\" frameborder=\"0\" marginwidth=\"0\" marginheight=\"0\" scrolling=\"no\"><\/iframe><\/p>\n<h3 class=\"kvgmc6g5 cxmmr5t8 oygrvhab hcukyx3x c1et5uql\"><span style=\"color: #0000ff;\">INFORMAZIONE il canale su TELEGRAM informazione di prima mano e in tempo reale. iscriviti ed aiutaci a farlo conoscere\u00a0<\/span><\/h3>\n<h2><span style=\"color: #33cccc;\"><strong>RACCOLTA COMPLETA<\/strong><\/span><\/h2>\n<blockquote class=\"wp-embedded-content\" data-secret=\"2LLpH2JCCy\"><p><a href=\"https:\/\/www.radiopiu.net\/wordpress\/i-racconti-di-paolo-soppelsa\/\">I racconti di Paolo Soppelsa<\/a><\/p><\/blockquote>\n<p><iframe loading=\"lazy\" class=\"wp-embedded-content\" sandbox=\"allow-scripts\" security=\"restricted\" style=\"position: absolute; clip: rect(1px, 1px, 1px, 1px);\" title=\"&#8220;I racconti di Paolo Soppelsa&#8221; &#8212; Radio Pi\u00f9\" src=\"https:\/\/www.radiopiu.net\/wordpress\/i-racconti-di-paolo-soppelsa\/embed\/#?secret=2LLpH2JCCy\" data-secret=\"2LLpH2JCCy\" width=\"600\" height=\"338\" frameborder=\"0\" marginwidth=\"0\" marginheight=\"0\" scrolling=\"no\"><\/iframe><\/p>\n<\/div>\n<p>&nbsp;<\/p>\n<p>&nbsp;<\/p>\n<hr \/>\n<p>&nbsp;<\/p>\n<p>&nbsp;<\/p>\n<blockquote>\n<h3><a href=\"https:\/\/www.radiopiu.net\/wordpress\/giornale-radiopiu-06-febbraio-2019-direttore-mirko-mezzacasa\/logo_spi-cgil-800x445\/\" rel=\"attachment wp-att-75538\"><img loading=\"lazy\" decoding=\"async\" class=\"wp-image-75538 alignleft\" src=\"https:\/\/www.radiopiu.net\/wordpress\/wp-content\/uploads\/2019\/02\/Logo_Spi-CGIL-800x445-300x167.jpg\" alt=\"\" width=\"210\" height=\"117\" srcset=\"https:\/\/www.radiopiu.net\/wordpress\/wp-content\/uploads\/2019\/02\/Logo_Spi-CGIL-800x445-300x167.jpg 300w, https:\/\/www.radiopiu.net\/wordpress\/wp-content\/uploads\/2019\/02\/Logo_Spi-CGIL-800x445-768x427.jpg 768w, https:\/\/www.radiopiu.net\/wordpress\/wp-content\/uploads\/2019\/02\/Logo_Spi-CGIL-800x445.jpg 800w\" sizes=\"auto, (max-width: 210px) 100vw, 210px\" \/><\/a>ALLA RADIO, APPUNTAMENTO QUINDICINALE CON SPI-CGIL BELLUNO, IN STUDIO MARIA RITA GENTILIN<\/h3>\n<\/blockquote>\n<p><strong>di Claudio Fontanive\u00a0<\/strong><\/p>\n<p>&nbsp;<\/p>\n<p><span style=\"color: #ff0000;\"><strong>PUNTATA DEL 04 MARZO 2021<\/strong><\/span><\/p>\n<audio class=\"wp-audio-shortcode\" id=\"audio-196151-16\" preload=\"none\" style=\"width: 100%;\" controls=\"controls\"><source type=\"audio\/mpeg\" src=\"https:\/\/www.radiopiu.net\/wordpress\/wp-content\/uploads\/2021\/03\/spi-cigil-4-marzo.mp3?_=16\" \/><a href=\"https:\/\/www.radiopiu.net\/wordpress\/wp-content\/uploads\/2021\/03\/spi-cigil-4-marzo.mp3\">https:\/\/www.radiopiu.net\/wordpress\/wp-content\/uploads\/2021\/03\/spi-cigil-4-marzo.mp3<\/a><\/audio>\n<p>&nbsp;<\/p>\n<p>&nbsp;<\/p>\n<hr \/>\n<p>&nbsp;<\/p>\n<div>\n<p>&nbsp;<\/p>\n<blockquote>\n<h2><a href=\"https:\/\/www.radiopiu.net\/wordpress\/speciale-solidarieta-veneto\/solidarieta-veneto-3\/\" rel=\"attachment wp-att-134366\"><img loading=\"lazy\" decoding=\"async\" class=\"wp-image-134366 alignleft\" src=\"https:\/\/www.radiopiu.net\/wordpress\/wp-content\/uploads\/2020\/05\/solidariet\u00e0-veneto-300x210.jpg\" alt=\"\" width=\"102\" height=\"71\" srcset=\"https:\/\/www.radiopiu.net\/wordpress\/wp-content\/uploads\/2020\/05\/solidariet\u00e0-veneto-300x210.jpg 300w, https:\/\/www.radiopiu.net\/wordpress\/wp-content\/uploads\/2020\/05\/solidariet\u00e0-veneto-1024x717.jpg 1024w, https:\/\/www.radiopiu.net\/wordpress\/wp-content\/uploads\/2020\/05\/solidariet\u00e0-veneto-768x538.jpg 768w, https:\/\/www.radiopiu.net\/wordpress\/wp-content\/uploads\/2020\/05\/solidariet\u00e0-veneto.jpg 1373w\" sizes=\"auto, (max-width: 102px) 100vw, 102px\" \/><\/a>SOLIDARIETA&#8217; VENETO FONDO PENSIONE, IN ONDA IL PRIMO VENERDI DEL MESE ALLE 10.30 E ALLE 19.00 QUINTA STAGIONE<\/h2>\n<\/blockquote>\n<p><strong>AUDIO MARZO 2021<\/strong><\/p>\n<audio class=\"wp-audio-shortcode\" id=\"audio-196151-17\" preload=\"none\" style=\"width: 100%;\" controls=\"controls\"><source type=\"audio\/mpeg\" src=\"https:\/\/www.radiopiu.net\/wordpress\/wp-content\/uploads\/2021\/03\/solidarieta-veneto-marzo.mp3?_=17\" \/><a href=\"https:\/\/www.radiopiu.net\/wordpress\/wp-content\/uploads\/2021\/03\/solidarieta-veneto-marzo.mp3\">https:\/\/www.radiopiu.net\/wordpress\/wp-content\/uploads\/2021\/03\/solidarieta-veneto-marzo.mp3<\/a><\/audio>\n<p>&nbsp;<\/p>\n<blockquote>\n<h2>RACCOLTA COMPLETA<\/h2>\n<\/blockquote>\n<blockquote class=\"wp-embedded-content\" data-secret=\"ePk8wgIyqx\"><p><a href=\"https:\/\/www.radiopiu.net\/wordpress\/solidarieta-veneto\/\">Solidariet\u00e0 Veneto<\/a><\/p><\/blockquote>\n<p><iframe loading=\"lazy\" class=\"wp-embedded-content\" sandbox=\"allow-scripts\" security=\"restricted\" style=\"position: absolute; clip: rect(1px, 1px, 1px, 1px);\" title=\"&#8220;Solidariet\u00e0 Veneto&#8221; &#8212; Radio Pi\u00f9\" src=\"https:\/\/www.radiopiu.net\/wordpress\/solidarieta-veneto\/embed\/#?secret=ePk8wgIyqx\" data-secret=\"ePk8wgIyqx\" width=\"600\" height=\"338\" frameborder=\"0\" marginwidth=\"0\" marginheight=\"0\" scrolling=\"no\"><\/iframe><\/p>\n<p>&nbsp;<\/p>\n<hr \/>\n<\/div>\n<p>&nbsp;<\/p>\n<blockquote><p>&nbsp;<\/p><\/blockquote>\n<div>\n<h2><span style=\"color: #ff0000;\">ALLA RADIO<\/span><\/h2>\n<\/div>\n<div>\n<h2><strong>LE\u00a0 PUNTATE di Luisa Alchini di Leggermente Bellunesi, la domenica alle 11, <span style=\"color: #0000ff;\">IL MARTEDI IN PRIMA EDIZIONE\u00a0<\/span> alle 10.30 e alle 19.00<\/strong><\/h2>\n<\/div>\n<div>\n<p><strong><a href=\"https:\/\/www.radiopiu.net\/wordpress\/legger-mente-bellunesi-02-marzo-2021\/156828176_1598288807025847_358448174778964781_o\/\" rel=\"attachment wp-att-194538\"><img loading=\"lazy\" decoding=\"async\" class=\" wp-image-194538 alignleft\" src=\"https:\/\/www.radiopiu.net\/wordpress\/wp-content\/uploads\/2021\/03\/156828176_1598288807025847_358448174778964781_o-206x300.jpg\" alt=\"\" width=\"86\" height=\"125\" srcset=\"https:\/\/www.radiopiu.net\/wordpress\/wp-content\/uploads\/2021\/03\/156828176_1598288807025847_358448174778964781_o-206x300.jpg 206w, https:\/\/www.radiopiu.net\/wordpress\/wp-content\/uploads\/2021\/03\/156828176_1598288807025847_358448174778964781_o.jpg 685w\" sizes=\"auto, (max-width: 86px) 100vw, 86px\" \/><\/a><\/strong><\/p>\n<\/div>\n<div>\n<h3>La gloriosa carriera del perito minerario Gianni Rivis raccontata nel libro di ricordi.<\/h3>\n<p>&nbsp;<\/p>\n<\/div>\n<h2><\/h2>\n<audio class=\"wp-audio-shortcode\" id=\"audio-196151-18\" preload=\"none\" style=\"width: 100%;\" controls=\"controls\"><source type=\"audio\/mpeg\" src=\"https:\/\/www.radiopiu.net\/wordpress\/wp-content\/uploads\/2021\/03\/20leggermentegiannirivis2021.mp3?_=18\" \/><a href=\"https:\/\/www.radiopiu.net\/wordpress\/wp-content\/uploads\/2021\/03\/20leggermentegiannirivis2021.mp3\">https:\/\/www.radiopiu.net\/wordpress\/wp-content\/uploads\/2021\/03\/20leggermentegiannirivis2021.mp3<\/a><\/audio>\n<blockquote>\n<div>\n<h2><strong style=\"font-size: 14px;\"><span style=\"color: #000000;\">RACCOLTA COMPLETA<\/span><\/strong><\/h2>\n<\/div>\n<blockquote class=\"wp-embedded-content\" data-secret=\"M06hMXadBk\"><p><a href=\"https:\/\/www.radiopiu.net\/wordpress\/leggermente-20\/\">LEGGERmente&#8230;Bellunesi<\/a><\/p><\/blockquote>\n<p><iframe loading=\"lazy\" class=\"wp-embedded-content\" sandbox=\"allow-scripts\" security=\"restricted\" style=\"position: absolute; clip: rect(1px, 1px, 1px, 1px);\" title=\"&#8220;LEGGERmente&#8230;Bellunesi&#8221; &#8212; Radio Pi\u00f9\" src=\"https:\/\/www.radiopiu.net\/wordpress\/leggermente-20\/embed\/#?secret=M06hMXadBk\" data-secret=\"M06hMXadBk\" width=\"600\" height=\"338\" frameborder=\"0\" marginwidth=\"0\" marginheight=\"0\" scrolling=\"no\"><\/iframe><\/p>\n<p>&nbsp;<\/p><\/blockquote>\n<p>&nbsp;<\/p>\n<hr \/>\n<h2><\/h2>\n<blockquote>\n<h2>CASSA SOLIDARIET\u00c0 LUXOTTICA<\/h2>\n<\/blockquote>\n<h3><strong><span style=\"color: #ff0000;\">IL NUMERO DI FEBBRAIO CON PAOLO CHISSALE&#8217; E FABRIZIO CAMPEDEL\u00a0\u00a0<\/span><\/strong><\/h3>\n<audio class=\"wp-audio-shortcode\" id=\"audio-196151-19\" preload=\"none\" style=\"width: 100%;\" controls=\"controls\"><source type=\"audio\/mpeg\" src=\"https:\/\/www.radiopiu.net\/wordpress\/wp-content\/uploads\/2021\/02\/ca-sol-lux-febbraio.mp3?_=19\" \/><a href=\"https:\/\/www.radiopiu.net\/wordpress\/wp-content\/uploads\/2021\/02\/ca-sol-lux-febbraio.mp3\">https:\/\/www.radiopiu.net\/wordpress\/wp-content\/uploads\/2021\/02\/ca-sol-lux-febbraio.mp3<\/a><\/audio>\n<blockquote>\n<h2>RACCOLTA COMPLETA<\/h2>\n<\/blockquote>\n<blockquote class=\"wp-embedded-content\" data-secret=\"vnSdqgIupW\"><p><a href=\"https:\/\/www.radiopiu.net\/wordpress\/cassa-solidarieta-luxottica-puntata-del-16-ottobre-2020\/\">CASSA SOLIDARIET\u00c0 LUXOTTICA &#8211; PUNTATA DEL 20 NOVEMBRE 2020<\/a><\/p><\/blockquote>\n<p><iframe loading=\"lazy\" class=\"wp-embedded-content\" sandbox=\"allow-scripts\" security=\"restricted\" style=\"position: absolute; clip: rect(1px, 1px, 1px, 1px);\" title=\"&#8220;CASSA SOLIDARIET\u00c0 LUXOTTICA &#8211; PUNTATA DEL 20 NOVEMBRE 2020&#8221; &#8212; Radio Pi\u00f9\" src=\"https:\/\/www.radiopiu.net\/wordpress\/cassa-solidarieta-luxottica-puntata-del-16-ottobre-2020\/embed\/#?secret=vnSdqgIupW\" data-secret=\"vnSdqgIupW\" width=\"600\" height=\"338\" frameborder=\"0\" marginwidth=\"0\" marginheight=\"0\" scrolling=\"no\"><\/iframe><\/p>\n<div>\n<p>&nbsp;<\/p>\n<\/div>\n<p>&nbsp;<\/p>\n<hr \/>\n<p>&nbsp;<\/p>\n<blockquote>\n<h2>FANTASTICHE DOLOMITI, NUOVA STAGIONE. APPUNTAMENTO QUINDICINALE IL GIOVEDI ALLE 10.30 E 19.00<\/h2>\n<\/blockquote>\n<p><span style=\"color: #000000;\"><strong><img loading=\"lazy\" decoding=\"async\" class=\"alignleft\" src=\"https:\/\/www.radiopiu.net\/wordpress\/wp-content\/uploads\/2017\/10\/logo-fantastiche-dolomiti-300x113.jpg\" width=\"181\" height=\"68\" \/>LA NUOVA PUNTATA i corsi di formazione della Fondazione 11 FEBBRAIO 2021<\/strong><\/span><\/p>\n<h2><span style=\"color: #ff0000;\">PUNTATA 10 ,<\/span><\/h2>\n<p><strong>OSPITE IL PRESIDENTE CLAUDIO CANOVA<\/strong><\/p>\n<audio class=\"wp-audio-shortcode\" id=\"audio-196151-20\" preload=\"none\" style=\"width: 100%;\" controls=\"controls\"><source type=\"audio\/mpeg\" src=\"https:\/\/www.radiopiu.net\/wordpress\/wp-content\/uploads\/2021\/02\/fantastiche-dolomiti-25-febbraio.mp3?_=20\" \/><a href=\"https:\/\/www.radiopiu.net\/wordpress\/wp-content\/uploads\/2021\/02\/fantastiche-dolomiti-25-febbraio.mp3\">https:\/\/www.radiopiu.net\/wordpress\/wp-content\/uploads\/2021\/02\/fantastiche-dolomiti-25-febbraio.mp3<\/a><\/audio>\n<h3>LA RACCOLTA COMPLETA<\/h3>\n<blockquote class=\"wp-embedded-content\" data-secret=\"1uZNkwk6Os\"><p><a href=\"https:\/\/www.radiopiu.net\/wordpress\/raccolta-completa\/\">FANTASTICHE DOLOMITI 10^ PUNTATA: IL QUINDICINALE APPUNTAMENTO ALLA RADIO<\/a><\/p><\/blockquote>\n<p><iframe loading=\"lazy\" class=\"wp-embedded-content\" sandbox=\"allow-scripts\" security=\"restricted\" style=\"position: absolute; clip: rect(1px, 1px, 1px, 1px);\" title=\"&#8220;FANTASTICHE DOLOMITI 10^ PUNTATA: IL QUINDICINALE APPUNTAMENTO ALLA RADIO&#8221; &#8212; Radio Pi\u00f9\" src=\"https:\/\/www.radiopiu.net\/wordpress\/raccolta-completa\/embed\/#?secret=1uZNkwk6Os\" data-secret=\"1uZNkwk6Os\" width=\"600\" height=\"338\" frameborder=\"0\" marginwidth=\"0\" marginheight=\"0\" scrolling=\"no\"><\/iframe><\/p>\n<p>&nbsp;<\/p>\n<p>&nbsp;<\/p>\n<hr \/>\n<p>&nbsp;<\/p>\n<div dir=\"auto\">\n<div>\n<h2><span style=\"color: #800080;\"><strong>LA RASSEGNA STAMPA DA L&#8217;AMICO DEL POPOLO\u00a0<\/strong><\/span><\/h2>\n<h3 class=\"kvgmc6g5 cxmmr5t8 oygrvhab hcukyx3x c1et5uql\"><span style=\"color: #0000ff;\"> INFORMAZIONE il canale su TELEGRAM informazione di prima mano e in tempo reale. iscriviti ed aiutaci a farlo conoscere\u00a0<\/span><\/h3>\n<p><strong><a href=\"https:\/\/www.radiopiu.net\/wordpress\/odg-per-la-provincia-in-tutti-i-consigli-comunali-bard_zasso-e-chissale\/agordo-roberto-chissale-2\/\" rel=\"attachment wp-att-93612\"><img loading=\"lazy\" decoding=\"async\" class=\" wp-image-93612 alignleft\" src=\"https:\/\/www.radiopiu.net\/wordpress\/wp-content\/uploads\/2019\/07\/AGORDO-ROBERTO-CHISSALE-300x300.jpg\" alt=\"\" width=\"133\" height=\"133\" srcset=\"https:\/\/www.radiopiu.net\/wordpress\/wp-content\/uploads\/2019\/07\/AGORDO-ROBERTO-CHISSALE-300x300.jpg 300w, https:\/\/www.radiopiu.net\/wordpress\/wp-content\/uploads\/2019\/07\/AGORDO-ROBERTO-CHISSALE-150x150.jpg 150w, https:\/\/www.radiopiu.net\/wordpress\/wp-content\/uploads\/2019\/07\/AGORDO-ROBERTO-CHISSALE-768x768.jpg 768w, https:\/\/www.radiopiu.net\/wordpress\/wp-content\/uploads\/2019\/07\/AGORDO-ROBERTO-CHISSALE-1024x1024.jpg 1024w, https:\/\/www.radiopiu.net\/wordpress\/wp-content\/uploads\/2019\/07\/AGORDO-ROBERTO-CHISSALE.jpg 1600w\" sizes=\"auto, (max-width: 133px) 100vw, 133px\" \/><\/a>di Gianni Santomaso<\/strong><\/p>\n<p>OSPITE: Roberto Chissal\u00e8, Sindaco di Agordo<\/p>\n<audio class=\"wp-audio-shortcode\" id=\"audio-196151-21\" preload=\"none\" style=\"width: 100%;\" controls=\"controls\"><source type=\"audio\/mpeg\" src=\"https:\/\/www.radiopiu.net\/wordpress\/wp-content\/uploads\/2021\/03\/RASSEGNA-GIANNI.mp3?_=21\" \/><a href=\"https:\/\/www.radiopiu.net\/wordpress\/wp-content\/uploads\/2021\/03\/RASSEGNA-GIANNI.mp3\">https:\/\/www.radiopiu.net\/wordpress\/wp-content\/uploads\/2021\/03\/RASSEGNA-GIANNI.mp3<\/a><\/audio>\n<p>&nbsp;<\/p>\n<p><strong>LA RACCOLTA COMPLETA<\/strong><\/p>\n<blockquote class=\"wp-embedded-content\" data-secret=\"DEFjpQ9fsD\"><p><a href=\"https:\/\/www.radiopiu.net\/wordpress\/rassegna-stampa-di-gianni-santomaso\/\">Rassegna stampa da l&#8217;amico del popolo &#8211; di Gianni Santomaso<\/a><\/p><\/blockquote>\n<p><iframe loading=\"lazy\" class=\"wp-embedded-content\" sandbox=\"allow-scripts\" security=\"restricted\" style=\"position: absolute; clip: rect(1px, 1px, 1px, 1px);\" title=\"&#8220;Rassegna stampa da l&#8217;amico del popolo &#8211; di Gianni Santomaso&#8221; &#8212; Radio Pi\u00f9\" src=\"https:\/\/www.radiopiu.net\/wordpress\/rassegna-stampa-di-gianni-santomaso\/embed\/#?secret=DEFjpQ9fsD\" data-secret=\"DEFjpQ9fsD\" width=\"600\" height=\"338\" frameborder=\"0\" marginwidth=\"0\" marginheight=\"0\" scrolling=\"no\"><\/iframe><\/p>\n<p>&nbsp;<\/p>\n<p>&nbsp;<\/p>\n<\/div>\n<\/div>\n<hr \/>\n<blockquote>\n<h2><\/h2>\n<h2><\/h2>\n<\/blockquote>\n<p>&nbsp;<\/p>\n<blockquote class=\"wp-embedded-content\" data-secret=\"MeEx2CwbNg\"><p><a href=\"https:\/\/www.radiopiu.net\/wordpress\/ep-center-video-gallery\/\">EP CENTER video gallery<\/a><\/p><\/blockquote>\n<p><iframe loading=\"lazy\" class=\"wp-embedded-content\" sandbox=\"allow-scripts\" security=\"restricted\" style=\"position: absolute; clip: rect(1px, 1px, 1px, 1px);\" title=\"&#8220;EP CENTER video gallery&#8221; &#8212; Radio Pi\u00f9\" src=\"https:\/\/www.radiopiu.net\/wordpress\/ep-center-video-gallery\/embed\/#?secret=MeEx2CwbNg\" data-secret=\"MeEx2CwbNg\" width=\"600\" height=\"338\" frameborder=\"0\" marginwidth=\"0\" marginheight=\"0\" scrolling=\"no\"><\/iframe><\/p>\n<p>&nbsp;<\/p>\n<div dir=\"auto\">\n<p>&nbsp;<\/p>\n<hr \/>\n<p>&nbsp;<\/p>\n<div>\n<p class=\"photoswipe-wrapper\"><a class=\"dt-pswp-item pspw-wrap-ready\" href=\"https:\/\/i0.wp.com\/www.radiopiu.net\/wordpress\/wp-content\/uploads\/2018\/09\/viabilita.jpeg?ssl=1\" data-dt-img-description=\"\" data-large_image_width=\"800\" data-large_image_height=\"100\"><img loading=\"lazy\" decoding=\"async\" class=\"aligncenter wp-image-61954 size-full\" src=\"https:\/\/i0.wp.com\/www.radiopiu.net\/wordpress\/wp-content\/uploads\/2018\/09\/viabilita.jpeg?resize=800%2C100&amp;ssl=1\" sizes=\"auto, (max-width: 800px) 100vw, 800px\" srcset=\"https:\/\/i0.wp.com\/www.radiopiu.net\/wordpress\/wp-content\/uploads\/2018\/09\/viabilita.jpeg?w=800&amp;ssl=1 800w, https:\/\/i0.wp.com\/www.radiopiu.net\/wordpress\/wp-content\/uploads\/2018\/09\/viabilita.jpeg?resize=300%2C38&amp;ssl=1 300w, https:\/\/i0.wp.com\/www.radiopiu.net\/wordpress\/wp-content\/uploads\/2018\/09\/viabilita.jpeg?resize=768%2C96&amp;ssl=1 768w\" alt=\"\" width=\"800\" height=\"100\" \/><\/a><\/p>\n<\/div>\n<p>&nbsp;<\/p>\n<p><strong>SP 1 SINISTRA PIAVE\u00a0<\/strong>dall&#8217;8 al 12 marzo, dalle 7:30 alle 17:30, senso unico alternato regolato da impianto semaforico o movieri per di demolizione e ricostruzione cunetta in localit\u00e0 Rione Santa Caterina di Ponte Nelle Alpi<\/p>\n<p><strong>SP 251 DELLA VAL DI ZOLDO E CELLINA<\/strong> Istituzione di senso unico alternato regolato da semaforo nel comune di Val di Zoldo per messa in sicurezza della strada<\/p>\n<p><strong>SP 42 CAVALLERA<\/strong> fino a revoca, chiusura della strada nell&#8217;abitato di Perarolo per attivazione emergenza frana &#8220;Busa del Cristo&#8221;<\/p>\n<p><strong>S.P.2 DELLA VALLE DEL MIS\u00a0<\/strong>Interdizione totale al traffico fino a revoca dal km 14,920 (localit\u00e0 Gona Bassa) al km 20,650 (localit\u00e0 Titele) per cedimento della carreggiata<\/p>\n<p><strong>S.P. 5 DI LAMOSANO<\/strong>\u00a0Interdizione totale fino a revoca per presenza di materiale e alberi in strada.<\/p>\n<p><strong>SP 3 DELLA VAL IMPERINA<\/strong> fino a revoca, senso unico alternato regolato a vista in localit\u00e0 Gona di Conedera di Rivamonte per cedimento della carreggiata stradale<\/p>\n<p>&nbsp;<\/p>\n<p>&nbsp;<\/p>\n<hr \/>\n<p>&nbsp;<\/p>\n<div>\n<p class=\"photoswipe-wrapper\"><a class=\"dt-pswp-item pspw-wrap-ready\" href=\"https:\/\/i0.wp.com\/www.radiopiu.net\/wordpress\/wp-content\/uploads\/2018\/09\/WhatsApp-Image-2018-09-20-at-16.04.06.jpeg?ssl=1\" data-dt-img-description=\"\" data-large_image_width=\"800\" data-large_image_height=\"100\"><img loading=\"lazy\" decoding=\"async\" class=\"aligncenter wp-image-61378 size-full jetpack-lazy-image jetpack-lazy-image--handled\" src=\"https:\/\/i0.wp.com\/www.radiopiu.net\/wordpress\/wp-content\/uploads\/2018\/09\/WhatsApp-Image-2018-09-20-at-16.04.06.jpeg?resize=800%2C100&amp;ssl=1\" sizes=\"auto, (max-width: 800px) 100vw, 800px\" srcset=\"https:\/\/i0.wp.com\/www.radiopiu.net\/wordpress\/wp-content\/uploads\/2018\/09\/WhatsApp-Image-2018-09-20-at-16.04.06.jpeg?w=800&amp;ssl=1 800w, https:\/\/i0.wp.com\/www.radiopiu.net\/wordpress\/wp-content\/uploads\/2018\/09\/WhatsApp-Image-2018-09-20-at-16.04.06.jpeg?resize=300%2C38&amp;ssl=1 300w, https:\/\/i0.wp.com\/www.radiopiu.net\/wordpress\/wp-content\/uploads\/2018\/09\/WhatsApp-Image-2018-09-20-at-16.04.06.jpeg?resize=768%2C96&amp;ssl=1 768w\" alt=\"\" width=\"800\" height=\"100\" data-lazy-loaded=\"1\" \/><\/a><\/p>\n<\/div>\n<p>&nbsp;<\/p>\n<div><b>Giovedi 11<\/b> <b>Tempo atteso: <\/b>Al mattino il sole filter\u00e0 dietro le estese velature del cielo per nubi alte. Al pomeriggio maggiore presenza ed infittirsi della nuvolosit\u00e0 alta fino a cielo pressoch\u00e9 coperto alla sera, anche per locali nubi basse. Contesto termico ancora fresco per il periodo nelle valli e forte attenuazione del freddo in quota.<br \/>\n<b>Precipitazioni: <\/b>Assenti (0%).<br \/>\n<b>Temperature: <\/b>Minime in generale aumento, eccetto stazionariet\u00e0 delle stesse nei fondovalle prealpini; massime in netta ripresa in quota, mentre il deficit di sole potrebbe mantenere una certa stazionariet\u00e0 dei valori diurni nelle valli. Su Prealpi a 1500 m min -2\u00b0C max 1\u00b0C, a 2000 m min -4\u00b0C max -1\u00b0C. Su Dolomiti a 2000 m min -5\u00b0C max -2\u00b0C, a 3000 m min -9\u00b0C max -2\u00b0C.<br \/>\n<b>Venti: <\/b>Nelle valli deboli di direzione variabile, eccetto locali rinforzi notturni su alcuni settori prealpini per brezze di monte; in quota moderati\/tesi da nord-ovest al mattino e da ovest sud-ovest al pomeriggio, intensificandosi fino a forti sulle cime dolomitiche pi\u00f9 alte, a 10-20 km\/h a 2000 m e 30-50 km\/h a 3000 m.<\/div>\n<\/div>\n<hr \/>\n<p><b>Venerdi 12<\/b> <b>Tempo atteso: <\/b>Residui e locali tratti di sereno e nuvolosit\u00e0 irregolare al mattino, pi\u00f9 presente e intensa al pomeriggio\/sera, quando il tempo peggiorer\u00e0 con fenomeni sparsi. Far\u00e0 pi\u00f9 freddo in quota, mentre il contesto termico sar\u00e0 mitigato dall&#8217;avvezione d&#8217;aria pi\u00f9 mite nei bassi strati, bench\u00e9 il sole sia assente.<br \/>\n<b>Precipitazioni: <\/b>Al mattino perlopi\u00f9 assenti (10%), salvo qualche goccia, assieme a fiocchi di neve sopra i 1400\/1500 m sulle Dolomiti. Al pomeriggio\/sera crescente probabilit\u00e0 di rovesci, soprattutto a fine giornata (70\/80%), nevosi oltre i 1400\/1500 m, in abbassamento fino sui 1100 m alla sera sulle Dolomiti e 1300\/1400 m sulle Prealpi. Gli apporti saranno perlopi\u00f9 modesti, tra 1 e 5 mm, localmente 5-10 mm, con altrettanti cm di neve sopra i 1500 m.<br \/>\n<b>Temperature: <\/b>Minime in generale aumento, eccetto calo delle stesse sulle cime dolomitiche pi\u00f9 alte, dove saranno osservate alla sera; massime in diminuzione oltre i 2500 m per avvezione d&#8217;aria fredda, in aumento alle quote medio-alte e nei fondovalle, nonostante il deficit di sole. Su Prealpi a 1500 m min 0\u00b0C max 3\u00b0C, a 2000 m min -2\u00b0C max 0\u00b0C. Su Dolomiti a 2000 m min -3\u00b0C max 0\u00b0C, a 3000 m min -10\u00b0C max -6\u00b0C.<br \/>\n<b>Venti: <\/b>Nelle valli deboli di direzione variabile; in quota moderati\/tesi da sud-ovest tra la notte ed il primo mattino, poi in graduale attenuazione girando da nord-ovest, prima di rafforzarsi di nuovo in serata, a 5-15 km\/h a 2000 m e 15-30 km\/h a 3000 m.<\/p>\n<hr \/>\n<p><b>Sabato 13<\/b>Al mattino ben soleggiato con cielo sereno e aria tersa, salvo banchi di nebbia o di nubi basse nelle ore pi\u00f9 fredde in alcune conche prealpine. Al pomeriggio riduzione del soleggiamento per graduale aumento delle nubi alte in grado di velare il cielo. Temperature in generale calo, eccetto stazionariet\u00e0 o lieve rialzo delle massime nelle valli. Venti in quota moderati\/tesi da nord-ovest nella notte e da ovest sud-ovest in giornata; nelle valli deboli di direzione variabile.<\/p>\n<hr \/>\n<p><b>Domenica 14<\/b>Cielo di nuovo molto nuvoloso con temporaneo peggioramento del tempo fino a risultare perturbato. Precipitazioni a tratti diffuse, specie nelle ore centrali del giorno, nevose oltre i 900\/1100 m. D\u00e0 met\u00e0 pomeriggio in poi esaurimento dei fenomeni e primi rasserenamenti. Temperature in generale calo, eccetto aumento delle minime nelle valli. In quota venti sud-occidentali al mattino, in rotazione da nord da met\u00e0 pomeriggio in poi; nelle valli deboli di direzione variabile. Previsore: R.L.Th.<\/p>\n<p>&nbsp;<\/p>\n<p>&nbsp;<\/p>\n<hr \/>\n<p>&nbsp;<\/p>\n<p><a href=\"https:\/\/www.radiopiu.net\/wordpress\/giornale-radiopiu-15-settembre-2018-direttore-mirko-mezzacasa\/sport-7\/\" rel=\"attachment wp-att-60761\"><img loading=\"lazy\" decoding=\"async\" class=\"wp-image-60761 size-full aligncenter\" src=\"https:\/\/www.radiopiu.net\/wordpress\/wp-content\/uploads\/2018\/09\/sport.jpg\" alt=\"\" width=\"800\" height=\"100\" srcset=\"https:\/\/www.radiopiu.net\/wordpress\/wp-content\/uploads\/2018\/09\/sport.jpg 800w, https:\/\/www.radiopiu.net\/wordpress\/wp-content\/uploads\/2018\/09\/sport-300x38.jpg 300w, https:\/\/www.radiopiu.net\/wordpress\/wp-content\/uploads\/2018\/09\/sport-768x96.jpg 768w\" sizes=\"auto, (max-width: 800px) 100vw, 800px\" \/><\/a><\/p>\n<p>&nbsp;<\/p>\n<blockquote>\n<h3>AL VIA LA STAGIONE DEL VOLLEY CLUB AGORDINO UNDER 15<\/h3>\n<\/blockquote>\n<p><strong><a href=\"https:\/\/www.radiopiu.net\/wordpress\/ancora-una-sconfitta-per-lunder-16-del-volley-agordino\/pallone-volley\/\" rel=\"attachment wp-att-64709\"><img loading=\"lazy\" decoding=\"async\" class=\"size-medium wp-image-64709 alignleft\" src=\"https:\/\/www.radiopiu.net\/wordpress\/wp-content\/uploads\/2018\/10\/PALLONE-VOLLEY-300x203.jpg\" alt=\"\" width=\"300\" height=\"203\" srcset=\"https:\/\/www.radiopiu.net\/wordpress\/wp-content\/uploads\/2018\/10\/PALLONE-VOLLEY-300x203.jpg 300w, https:\/\/www.radiopiu.net\/wordpress\/wp-content\/uploads\/2018\/10\/PALLONE-VOLLEY.jpg 696w\" sizes=\"auto, (max-width: 300px) 100vw, 300px\" \/><\/a>AGORDO<\/strong> Il Volley Club Agordino ha iniziato ufficialmente la sua stagione ed \u00e8 partita con la categoria Under 15. Nella serata di ieri la prima partita al PalaRova di Agordo dove le ragazze agordine hanno affrontato la Spes Belluno. Un inizio di campionato amaro per le giovani atlete di Agordo che hanno perso 3 a 0 all&#8217;esordio. Anche la seconda divisione si sta allenando ma al momento non ci sono date d&#8217;inizio per la stagione delle ragazze della prima squadra<\/p>\n<p><strong>AI MICROFONI DI RADIO PIU&#8217; LA GIOCATRICE DEL VOLLLEY CLUB AGORDINO ALESSIA FILAFERRO<\/strong><\/p>\n<audio class=\"wp-audio-shortcode\" id=\"audio-196151-22\" preload=\"none\" style=\"width: 100%;\" controls=\"controls\"><source type=\"audio\/mpeg\" src=\"https:\/\/www.radiopiu.net\/wordpress\/wp-content\/uploads\/2021\/03\/ALESSIA-VOLLEY-CLUB-AGORDINO.mp3?_=22\" \/><a href=\"https:\/\/www.radiopiu.net\/wordpress\/wp-content\/uploads\/2021\/03\/ALESSIA-VOLLEY-CLUB-AGORDINO.mp3\">https:\/\/www.radiopiu.net\/wordpress\/wp-content\/uploads\/2021\/03\/ALESSIA-VOLLEY-CLUB-AGORDINO.mp3<\/a><\/audio>\n<p>&nbsp;<\/p>\n","protected":false},"excerpt":{"rendered":"<p>PER RICEVERE QUESTO NOTIZIARIO DIRETTAMENTE SUL TUO CELLULARE ISCRIVITI AL CANALE TELEGRAM \u201cRADIO PIU\u00a0 INFORMAZIONE&#8221;\u00a0 SUPERATI I 3000 ISCRITTI, il CANALE TELEGRAM&#8230; UNISCITI A: RADIO PIU INFORMAZIONE &nbsp; &nbsp; ATTENZIONE: LA NUOVA APP PER IOS-IPHONE di Nicola Vettorello https:\/\/apps.apple.com\/it\/app\/radio-pi%C3%B9-emittente-agordina\/id1515939845 ATTENZIONE: LA NUOVA APP RADIO\u00a0 PER ANDROID di Nicola Vettorello https:\/\/play.google.com\/store\/apps\/details?id=net.radiopiu.iniko\u00a0\u00a0 &nbsp; &nbsp; &nbsp; DILLO A&hellip;<\/p>\n","protected":false},"author":4,"featured_media":196214,"comment_status":"closed","ping_status":"closed","sticky":false,"template":"","format":"standard","meta":{"_monsterinsights_skip_tracking":false,"_monsterinsights_sitenote_active":false,"_monsterinsights_sitenote_note":"","_monsterinsights_sitenote_category":0,"footnotes":""},"categories":[1,51,86],"tags":[],"class_list":["post-196151","post","type-post","status-publish","format-standard","has-post-thumbnail","hentry","category-senza-categoria","category-evidenza-top","category-gr","category-1","category-51","category-86","description-off"],"img_url":"https:\/\/www.radiopiu.net\/wordpress\/wp-content\/uploads\/2021\/03\/2bb6b9b2-e646-45ba-a677-07b33d3b97a3.jpg","_links":{"self":[{"href":"https:\/\/www.radiopiu.net\/wordpress\/wp-json\/wp\/v2\/posts\/196151","targetHints":{"allow":["GET"]}}],"collection":[{"href":"https:\/\/www.radiopiu.net\/wordpress\/wp-json\/wp\/v2\/posts"}],"about":[{"href":"https:\/\/www.radiopiu.net\/wordpress\/wp-json\/wp\/v2\/types\/post"}],"author":[{"embeddable":true,"href":"https:\/\/www.radiopiu.net\/wordpress\/wp-json\/wp\/v2\/users\/4"}],"replies":[{"embeddable":true,"href":"https:\/\/www.radiopiu.net\/wordpress\/wp-json\/wp\/v2\/comments?post=196151"}],"version-history":[{"count":0,"href":"https:\/\/www.radiopiu.net\/wordpress\/wp-json\/wp\/v2\/posts\/196151\/revisions"}],"wp:featuredmedia":[{"embeddable":true,"href":"https:\/\/www.radiopiu.net\/wordpress\/wp-json\/wp\/v2\/media\/196214"}],"wp:attachment":[{"href":"https:\/\/www.radiopiu.net\/wordpress\/wp-json\/wp\/v2\/media?parent=196151"}],"wp:term":[{"taxonomy":"category","embeddable":true,"href":"https:\/\/www.radiopiu.net\/wordpress\/wp-json\/wp\/v2\/categories?post=196151"},{"taxonomy":"post_tag","embeddable":true,"href":"https:\/\/www.radiopiu.net\/wordpress\/wp-json\/wp\/v2\/tags?post=196151"}],"curies":[{"name":"wp","href":"https:\/\/api.w.org\/{rel}","templated":true}]}}