{"id":196410,"date":"2021-03-11T12:26:24","date_gmt":"2021-03-11T11:26:24","guid":{"rendered":"https:\/\/www.radiopiu.net\/wordpress\/?p=196410"},"modified":"2021-03-11T17:17:09","modified_gmt":"2021-03-11T16:17:09","slug":"196410-21qaaa","status":"publish","type":"post","link":"https:\/\/www.radiopiu.net\/wordpress\/196410-21qaaa\/","title":{"rendered":"VENETO IN BILICO, VERSO IL  ROSSO &#8220;FINO AD OGGI NON E&#8217; SERVITO E SPERO NON SI ARRIVI A MISURE DURISSIME&#8221; AFFERMA ZAIA IN CONFERENZA STAMPA"},"content":{"rendered":"<p><strong>VENEZIA<\/strong> Conferenza stampa, aggiornamento covid19 da Marghera il Presidente Luca Zaia<\/p>\n<p><strong>I NUMERI<\/strong><\/p>\n<p>TAMPONI MOLECOLARI 4164210 TAMPONI RAPIDI 3402284 (oltre 7 milioni di tamponi da inizio epidemia) TAMPONI IERI 42994\u00a0 POSITIVI IERI + 1677 INCIDENZA POSTIVI-TAMPONI 3,90% POSITIVI DA INIZIO EPIDEMIA 348113 POSITIVI ATTUALI 31674 RICOVERI 1510 (+6) IN AREA NON CRITICA 1340 (+2) IN TERAPIA INTENSIVA 170 (+4)\u00a0 DECESSI 10045 (+22)\u00a0 DIMESSI 16642<\/p>\n<blockquote>\n<h2>LEGGI LA CONFERENZA STAMPA DI LUCA ZAIA, aggiornamento testo in tempo reale<\/h2>\n<p><em>Martedi presenteremo il protocollo per le vaccinazione aziendali creando un network.\u00a0I dati del Veneto propondono per la\u00a0 zona rossa, gi\u00e0 da luned\u00ec &#8220;noi siamo in bilico&#8221;. Sono orgoglioso dei sindaci veneti, viene fuori il veneto, ognuno che sale sulla barca e vede il remo libero inizia a remare. I sindaci sono bravi non c&#8217;\u00e8 niente da fare.\u00a0<\/em><\/p>\n<p>&nbsp;<\/p><\/blockquote>\n<p><strong>ZONA ROSSA eventuale da lunedi?<\/strong> Siamo sul filo del rasoio, con Rt 1,25 si va in zona rossa, quindi siamo al limite. Oggi il virus \u00e8 molto pi\u00f9 aggressivo, in 15 giorni tutta l&#8217;Italia si \u00e8 colorata in arancione virando verso il rosso. Non abbiamo titolo per aggiustare il tiro, speriamo di recuperare almeno un&#8217;altra settimana di arancione. L&#8217;Rt dell&#8217;Italia si avvicina al rosso. L&#8217;appello al Governo: segnare un cambio di passo per gli indennizzi. <strong>UNA SETTIMANA IN ARANCIONE E SI PROFILA IL ROSSO<\/strong> Spereri che tutti andassimo in bianco che a questo punto porta bene, siamo in arancione e c&#8217;\u00e8 un protocollo che parla di regressione di tre settimane. Spero che se non si torna in giallo (impossibile perch\u00e9 con Rt alto) recuperiamo una settimana di arancio, ma purtroppo le curve regionali e nazionali sono importanti con l&#8217;idice Rt che cresce (capacit\u00e0 di contagiare gli altri). Non conosco il nostro destino spero si rimanga arancione, rosso significa chiusura totale di tutte le scuole anche i nidi con difficolt\u00e0 di accudimento dei minori quindi ci vogliono congedi parentali e bonus baby sitter, spero che il Governo presenti queste misure che mi dicono stanno per essere finanziati. In zona rossa tra l&#8217;altro chiudono anche i negozi, parrucchieri, estetiste. <strong>LA RICHIESTA\u00a0<\/strong>Che si valuti un automatismo sub regionale, il problema \u00e8 l&#8217;Rt italiano che non \u00e8 basso, per assurdo a dicembre era molto pi\u00f9 basso, oggi \u00e8 abbondantemente sopra l&#8217;1, pesa molto di pi\u00f9 la regia nazionale. <strong>CONTAGI<\/strong>\u00a0 La media regionale \u00e8 di 190 contagi ogni 100 mila abitanti, per ora. Se supera di 250 ovviamente scatta il rosso. \u00a0<strong>L&#8217;INFEZIONE<\/strong> l&#8217;incremento \u00e8 quotidiano imputabile alla variante inglese che timidamente \u00e8 arrivata a dicembre con elevata trasmissibilit\u00e0 e di conseguenza davanti a questa variante ci sono due pericoli, un incremento di ricoveri, il vaccino funziona. oggi si calcola che il 70% dei tamponi possa avere questa mutazione. Fino ad oggi non sono serviti lockdown e spero non si arrivi a misure durissime, vedremo cosa decider\u00e0 il Governo dopo la relazione del Cts. <strong>SCUOLE<\/strong>\u00a0 Chiusi 6 distretti su 23 (Belluno 1 compreso), 4 sono vicini alla chiusura (Pieve di Soligo 203 contagi su 100 mila, Rovigo 212, Padova Bacchiglione &#8211; Piovese 214 Ovest Veronese 237)<strong> LA CURVA DELLA TERAPIA INTENSIVA<\/strong>\u00a0 14&amp; dopo la discesa durata due mesi assistiamo alla nuova risalita, le terapie in Veneto sono impegnate al 14%. L&#8217;inizio della crescita \u00e8 molto simile a quello della seconda ondata che in poco tempo si \u00e8 impennata. Si parte tra l&#8217;altro con 170 letti occupati in terapia intensiva \u00e8 il plateau di ripartenza per una nuova possibile risalita. <strong>PROTOCOLLO VACCINALE<\/strong> Ad oggi 457mila vaccinati, 150mila anche con la seconda dose. Sar\u00e0 approvato a breve dopo i vari confronti cercando di mettere ordine alla stagione vaccinale appena iniziata. I vaccini vanno fatti con criterio: fragilit\u00e0 patologiche, disabilit\u00e0, poi per fasce di et\u00e0\u00a0 (dai pi\u00f9 anziani ai pi\u00f9 giovani) evitando annessi e connessi. Martedi presenteremo il protocollo per le vaccinazione aziendali creando un network dove questa realt\u00e0 rispettando un protocollo lo faranno autonomamente con il loro medico del lavoro, o un medico in pensione e praticheranno le vaccinazione.<strong> ZAIA E IL VACCINO\u00a0<\/strong> Stiamo mettendo in piedi una piattaforma sperando che arrivino i vaccini che non rimarranno in magazzino. Io non ho fatto il vaccino non perch\u00e9 sono un &#8220;caca sotto&#8221; ma prima ci sono i pi\u00f9 anziani, se c&#8217;\u00e8 una chiamata di popolo lo facciamo e quando sar\u00e0 la nostra ora lo faremo pubblicamente anche per dare un segnale, comunque dalla nave il comandante esce per ultimo non \u00e8 bello che se lo faccia per primo. Che una virtuosit\u00e0 non diventi un problema, ho l&#8217;impressione che qualcuno stia un po&#8217; esagerando davanti alla nostra scelte di attendere il nostro turno. <strong>Grafica Veneta<\/strong> di Fabio Franceschi ha regalato un altro milione e mezzo di mascherine chirurgiche per le persone in difficolt\u00e0. Ad oggi ne ha donate almeno 15 milioni di mascherine per i veneti.<\/p>\n<h2><span style=\"color: #ff0000;\">DOMANDE<\/span><\/h2>\n<p><strong>SI E&#8217; VISTO IL CAMBIO DI PASSO DEL GOVERNO?\u00a0<\/strong> C&#8217;\u00e8 un confronto serrato, oggi alle 14.30 con il Ministro Speranza, domani con il Governo e spero che ci dicano quali saranno le misure che vengono ritenute necessarie con relativi ristori, le difficolt\u00e0 vanno riconosciute.<strong> L&#8217;EMILIA ROMAGNA E&#8217; PROSSIMA AL COLLASSO HA CHIESTO UNA MANO AL VENETO PER I RICOVERI?<\/strong> Per i ricoveri c&#8217;\u00e8 una struttura nazionale. Ho parlato con il Presidente, noi ufficialmente non ci risulta ci siano criticit\u00e0 o meglio non abbiamo avuto richieste, noi abbiamo comunque 1500 pazienti in ospedale e 500 in terapia intensiva (su 1000) non ci sono solo le terapie intensive covid. <strong>CRISANTI CRITICA LA REGIONE, I TEST RAPIDI NON INDIVIDUANO LE VARIANTI ED E&#8217; STATO CHIESTO IL RICORSO ALLA MAGISTRATURA<\/strong> Non commento, sono scelte tecniche di professionisti noti (Russo, Rigoli, Flor, direttori di sanit\u00e0, una squadra), pu\u00f2 anche essere che tutti siano stati abbagliati sulla via di Damasco, ma non so dire altro. Chiedere a me conto di come funziona un test rapido non fa certo parte del mio ruolo, prendo atto che tutto il mondo li usa. Ma non replico non avendo titolo per farlo. <strong>A SEDICO DA DOMANI GARA PATTINAGGIO SPETTACOLO CAMPIONATO REGIONALE NON SAREBBERO STATI FATTI I TAMPONI LE RISULTA?<\/strong> Non ne so nulla, ma ho firmato l&#8217;ordinanza che prevede l&#8217;obbligo di tamponi per le competizioni sportive. Se il direttore generale della Ulss1 di Belluno che provveda.<\/p>\n<p>&nbsp;<\/p>\n<p><a href=\"https:\/\/www.facebook.com\/zaiaufficiale\/videos\/926372294857388\">https:\/\/www.facebook.com\/zaiaufficiale\/videos\/926372294857388<\/a><\/p>\n<blockquote>\n<h1><\/h1>\n<\/blockquote>\n","protected":false},"excerpt":{"rendered":"<p>VENEZIA Conferenza stampa, aggiornamento covid19 da Marghera il Presidente Luca Zaia I NUMERI TAMPONI MOLECOLARI 4164210 TAMPONI RAPIDI 3402284 (oltre 7 milioni di tamponi da inizio epidemia) TAMPONI IERI 42994\u00a0 POSITIVI IERI + 1677 INCIDENZA POSTIVI-TAMPONI 3,90% POSITIVI DA INIZIO EPIDEMIA 348113 POSITIVI ATTUALI 31674 RICOVERI 1510 (+6) IN AREA NON CRITICA 1340 (+2) IN&hellip;<\/p>\n","protected":false},"author":4,"featured_media":176314,"comment_status":"closed","ping_status":"closed","sticky":false,"template":"","format":"standard","meta":{"_monsterinsights_skip_tracking":false,"_monsterinsights_sitenote_active":false,"_monsterinsights_sitenote_note":"","_monsterinsights_sitenote_category":0,"footnotes":""},"categories":[51,49],"tags":[],"class_list":["post-196410","post","type-post","status-publish","format-standard","has-post-thumbnail","hentry","category-evidenza-top","category-news-18","category-51","category-49","description-off"],"img_url":"https:\/\/www.radiopiu.net\/wordpress\/wp-content\/uploads\/2020\/12\/4ed7bd5f-bd17-4562-b382-bd3be9a6ea52.jpg","_links":{"self":[{"href":"https:\/\/www.radiopiu.net\/wordpress\/wp-json\/wp\/v2\/posts\/196410","targetHints":{"allow":["GET"]}}],"collection":[{"href":"https:\/\/www.radiopiu.net\/wordpress\/wp-json\/wp\/v2\/posts"}],"about":[{"href":"https:\/\/www.radiopiu.net\/wordpress\/wp-json\/wp\/v2\/types\/post"}],"author":[{"embeddable":true,"href":"https:\/\/www.radiopiu.net\/wordpress\/wp-json\/wp\/v2\/users\/4"}],"replies":[{"embeddable":true,"href":"https:\/\/www.radiopiu.net\/wordpress\/wp-json\/wp\/v2\/comments?post=196410"}],"version-history":[{"count":0,"href":"https:\/\/www.radiopiu.net\/wordpress\/wp-json\/wp\/v2\/posts\/196410\/revisions"}],"wp:featuredmedia":[{"embeddable":true,"href":"https:\/\/www.radiopiu.net\/wordpress\/wp-json\/wp\/v2\/media\/176314"}],"wp:attachment":[{"href":"https:\/\/www.radiopiu.net\/wordpress\/wp-json\/wp\/v2\/media?parent=196410"}],"wp:term":[{"taxonomy":"category","embeddable":true,"href":"https:\/\/www.radiopiu.net\/wordpress\/wp-json\/wp\/v2\/categories?post=196410"},{"taxonomy":"post_tag","embeddable":true,"href":"https:\/\/www.radiopiu.net\/wordpress\/wp-json\/wp\/v2\/tags?post=196410"}],"curies":[{"name":"wp","href":"https:\/\/api.w.org\/{rel}","templated":true}]}}