{"id":196551,"date":"2021-03-13T05:39:32","date_gmt":"2021-03-13T04:39:32","guid":{"rendered":"https:\/\/www.radiopiu.net\/wordpress\/?p=196551"},"modified":"2021-03-13T06:08:52","modified_gmt":"2021-03-13T05:08:52","slug":"giornale-radiopiu-13-marzo-2021-direttore-mirko-mezzacasa","status":"publish","type":"post","link":"https:\/\/www.radiopiu.net\/wordpress\/giornale-radiopiu-13-marzo-2021-direttore-mirko-mezzacasa\/","title":{"rendered":"GIORNALE RADIOPIU 13 MARZO 2021 DIRETTORE MIRKO MEZZACASA"},"content":{"rendered":"<h3><a href=\"https:\/\/www.radiopiu.net\/wordpress\/giornale-radiopiu-24-gennaio-2021-direttore-mirko-mezzacasa\/141433770_171616291414874_2957460898102012198_n\/\" rel=\"attachment wp-att-186566\"><img loading=\"lazy\" decoding=\"async\" class=\"wp-image-186566 alignleft\" src=\"https:\/\/www.radiopiu.net\/wordpress\/wp-content\/uploads\/2021\/01\/141433770_171616291414874_2957460898102012198_n-300x300.jpg\" alt=\"\" width=\"144\" height=\"144\" srcset=\"https:\/\/www.radiopiu.net\/wordpress\/wp-content\/uploads\/2021\/01\/141433770_171616291414874_2957460898102012198_n-300x300.jpg 300w, https:\/\/www.radiopiu.net\/wordpress\/wp-content\/uploads\/2021\/01\/141433770_171616291414874_2957460898102012198_n-150x150.jpg 150w, https:\/\/www.radiopiu.net\/wordpress\/wp-content\/uploads\/2021\/01\/141433770_171616291414874_2957460898102012198_n-768x768.jpg 768w, https:\/\/www.radiopiu.net\/wordpress\/wp-content\/uploads\/2021\/01\/141433770_171616291414874_2957460898102012198_n.jpg 800w\" sizes=\"auto, (max-width: 144px) 100vw, 144px\" \/><\/a>PER<strong> RICEVERE QUESTO NOTIZIARIO DIRETTAMENTE SUL TUO CELLULARE ISCRIVITI AL CANALE TELEGRAM <\/strong><strong>\u201cRADIO PIU\u00a0 INFORMAZIONE&#8221;\u00a0<\/strong><\/h3>\n<h3>SUPERATI I 3000 ISCRITTI, il CANALE TELEGRAM&#8230; UNISCITI A: RADIO PIU INFORMAZIONE<\/h3>\n<p>&nbsp;<\/p>\n<p>&nbsp;<\/p>\n<p><em><a href=\"https:\/\/www.radiopiu.net\/wordpress\/giornale-radiopiu-24-gennaio-2021-direttore-mirko-mezzacasa\/79216601_126817312416448_708980208774483089_n\/\" rel=\"attachment wp-att-186567\"><img loading=\"lazy\" decoding=\"async\" class=\"size-medium wp-image-186567 alignright\" src=\"https:\/\/www.radiopiu.net\/wordpress\/wp-content\/uploads\/2021\/01\/79216601_126817312416448_708980208774483089_n-300x114.jpg\" alt=\"\" width=\"300\" height=\"114\" srcset=\"https:\/\/www.radiopiu.net\/wordpress\/wp-content\/uploads\/2021\/01\/79216601_126817312416448_708980208774483089_n-300x114.jpg 300w, https:\/\/www.radiopiu.net\/wordpress\/wp-content\/uploads\/2021\/01\/79216601_126817312416448_708980208774483089_n-768x292.jpg 768w, https:\/\/www.radiopiu.net\/wordpress\/wp-content\/uploads\/2021\/01\/79216601_126817312416448_708980208774483089_n.jpg 820w\" sizes=\"auto, (max-width: 300px) 100vw, 300px\" \/><\/a><span style=\"color: #ff0000;\">ATTENZIONE: LA NUOVA APP PER IOS-IPHONE di Nicola Vettorello <\/span><\/em><a href=\"https:\/\/apps.apple.com\/it\/app\/radio-pi%C3%B9-emittente-agordina\/id1515939845\">https:\/\/apps.apple.com\/it\/app\/radio-pi%C3%B9-emittente-agordina\/id1515939845<\/a><\/p>\n<p><em style=\"color: #ff0000;\">ATTENZIONE: LA NUOVA APP RADIO\u00a0 PER ANDROID di Nicola Vettorello<\/em><\/p>\n<p><a href=\"https:\/\/play.google.com\/store\/apps\/details?id=net.radiopiu.iniko\" target=\"_blank\" rel=\"noopener noreferrer\">https:\/\/play.google.com\/store\/apps\/details?id=net.radiopiu.iniko<\/a><\/p>\n<p>&nbsp;<\/p>\n<hr \/>\n<p>&nbsp;<\/p>\n<blockquote>\n<h1 style=\"text-align: center;\">VENETO IN ROSSO DA LUNEDI&#8217;<\/h1>\n<h3>Il Veneto da lunedi\u00a0 si colora di rosso, scuole chiuse. Stop agli spostamenti se non per inderogabili motivi.<\/h3>\n<\/blockquote>\n<p><a href=\"https:\/\/www.radiopiu.net\/wordpress\/veneto-in-rosso-il-bianco-sardegna-lontano-lo-dice-lincide-rt\/schermata-2021-03-12-alle-17-08-55\/\" rel=\"attachment wp-att-196720\"><img loading=\"lazy\" decoding=\"async\" class=\"alignnone wp-image-196720 size-full\" src=\"https:\/\/www.radiopiu.net\/wordpress\/wp-content\/uploads\/2021\/03\/Schermata-2021-03-12-alle-17.08.55.png\" alt=\"\" width=\"1934\" height=\"340\" srcset=\"https:\/\/www.radiopiu.net\/wordpress\/wp-content\/uploads\/2021\/03\/Schermata-2021-03-12-alle-17.08.55.png 1934w, https:\/\/www.radiopiu.net\/wordpress\/wp-content\/uploads\/2021\/03\/Schermata-2021-03-12-alle-17.08.55-300x53.png 300w, https:\/\/www.radiopiu.net\/wordpress\/wp-content\/uploads\/2021\/03\/Schermata-2021-03-12-alle-17.08.55-1024x180.png 1024w, https:\/\/www.radiopiu.net\/wordpress\/wp-content\/uploads\/2021\/03\/Schermata-2021-03-12-alle-17.08.55-768x135.png 768w, https:\/\/www.radiopiu.net\/wordpress\/wp-content\/uploads\/2021\/03\/Schermata-2021-03-12-alle-17.08.55-1536x270.png 1536w\" sizes=\"auto, (max-width: 1934px) 100vw, 1934px\" \/><\/a><\/p>\n<p><strong>PER GLI SPOSTAMENTI OBBLIGO DI AUTOCERTIFICAZIONE CHE PUOI <a href=\"https:\/\/www.radiopiu.net\/wordpress\/veneto-in-rosso-il-bianco-sardegna-lontano-lo-dice-lincide-rt\/dpcm-autocertificazione-gennaio-2021\/\">SCARICARE QUI<\/a><\/strong><\/p>\n<p>&nbsp;<\/p>\n<blockquote>\n<h2>IN VALLE DEL BIOIS IL CONTAGIO AVANZA A FALCADE SUPERATI I 30 POSITIVI, 7 PERSONE IN PIU&#8217; IN ISOLAMENTO<\/h2>\n<\/blockquote>\n<blockquote>\n<h3><img loading=\"lazy\" decoding=\"async\" class=\"alignleft\" src=\"https:\/\/www.radiopiu.net\/wordpress\/wp-content\/uploads\/2021\/01\/th-3.jpg\" width=\"142\" height=\"149\" \/>L&#8217;ANDAMENTO DEL CONTAGIO NELL&#8217;AGORDINO<\/h3>\n<\/blockquote>\n<p>FALCADE 30 positivi 20 isolamento CANALE D&#8217;AGORDO 9 positivi 9 isolamento VALLADA 6 positivi 2 isolamento\u00a0 CENCENIGHE 4 positivi 3 isolamento SAN TOMASO 3 positivi 1 isolamento LIVINALLONGO 15 positivi 20 isolamento ALLEGHE 3 positivi 3 isolamento AGORDO 15 positivi 26 isolamento TAIBON 5 positivi 10 isolamento LA VALLE comune covid free 0 casi RIVAMONTE 5 positivi 2 isolamento GOSALDO 1 positivo 1 isolamento\u00a0 ROCCA PIETORE 2 positivi 2 isolamento <em>&#8220;Contrariamente a quello che ci succede attorno, siamo fortunati &#8211; dice il sindaco Andrea De Bernadin &#8211; ma\u00a0 non cantiamo vittoria. So di Comuni vicini dove a causa di festicciole, assembramenti, superficialit\u00e0, registrano ora impennate nei contagi. Vi esorto a stare attenti e a usare le consuete attenzioni.&#8221;.<\/em><\/p>\n<p>&nbsp;<\/p>\n<hr \/>\n<p><strong>\u00a0<\/strong><\/p>\n<p><strong>ALL&#8217;ORA DEL\u00a0 PRANZO ARRIVA IL CERVO<br \/>\nLo scorso anno la volpe che giornalmente sceglieva per il pranzo l&#8217;Hotel Aurora a Saviner di Rocca Pietore e la cucina di Jolanda. Probabilmente nel bosco s&#8217;\u00e8 sparsa la voce e\u00a0 Birillo il cervo ha scelto lo stesso luogo per pranzi e cene.<\/strong><\/p>\n<div style=\"width: 1200px;\" class=\"wp-video\"><video class=\"wp-video-shortcode\" id=\"video-196551-1\" width=\"1200\" height=\"675\" preload=\"metadata\" controls=\"controls\"><source type=\"video\/mp4\" src=\"https:\/\/www.radiopiu.net\/wordpress\/wp-content\/uploads\/2021\/03\/CERVO-CHE-MANGIA.mp4?_=1\" \/><a href=\"https:\/\/www.radiopiu.net\/wordpress\/wp-content\/uploads\/2021\/03\/CERVO-CHE-MANGIA.mp4\">https:\/\/www.radiopiu.net\/wordpress\/wp-content\/uploads\/2021\/03\/CERVO-CHE-MANGIA.mp4<\/a><\/video><\/div>\n<p>&nbsp;<\/p>\n<hr \/>\n<p>&nbsp;<\/p>\n<blockquote>\n<h2>RADIO PIU&#8217;&#8230; RINGRAZIA CROZZA PER L&#8217;INASPETTATA SORPRESA&#8230;<\/h2>\n<\/blockquote>\n<p>https:\/\/www.facebook.com\/radiopiu\/videos\/301337961333204<\/p>\n<p>&nbsp;<\/p>\n<p>&nbsp;<\/p>\n<p>&nbsp;<\/p>\n<hr \/>\n<p>&nbsp;<\/p>\n<h3><a href=\"https:\/\/www.radiopiu.net\/wordpress\/giornale-radiopiu-13-marzo-2021-direttore-mirko-mezzacasa\/spartan_race_alleghe-desktop-webp\/\" rel=\"attachment wp-att-196794\"><img loading=\"lazy\" decoding=\"async\" class=\"size-medium wp-image-196794 alignleft\" src=\"https:\/\/www.radiopiu.net\/wordpress\/wp-content\/uploads\/2021\/03\/spartan_race_alleghe-desktop-webp-300x169.jpg\" alt=\"\" width=\"300\" height=\"169\" srcset=\"https:\/\/www.radiopiu.net\/wordpress\/wp-content\/uploads\/2021\/03\/spartan_race_alleghe-desktop-webp-300x169.jpg 300w, https:\/\/www.radiopiu.net\/wordpress\/wp-content\/uploads\/2021\/03\/spartan_race_alleghe-desktop-webp-1024x576.jpg 1024w, https:\/\/www.radiopiu.net\/wordpress\/wp-content\/uploads\/2021\/03\/spartan_race_alleghe-desktop-webp-768x432.jpg 768w, https:\/\/www.radiopiu.net\/wordpress\/wp-content\/uploads\/2021\/03\/spartan_race_alleghe-desktop-webp.jpg 1280w\" sizes=\"auto, (max-width: 300px) 100vw, 300px\" \/><\/a>LA BELLA NOTIZIA: GUARDANDO ALL&#8217;ESTATE E ALLA SPARTAN RACE<\/h3>\n<p><strong>ALLEGHE<\/strong> Lo scorso anno l&#8217;evento era stato cancellato dopo il grande successo della stagione precedente. Per quest&#8217;anno l&#8217;organizzazione si \u00e8 gi\u00e0 mossa: Ai piedi del Monte Civetta a giugno si svolger\u00e0\u00a0 la seconda edizione della <strong>Spartan Race Dolomiti Alleghe\/Civetta<\/strong>. Appuntamento fissato per il 26 e 27 giugno 2021 ai\u00a0<strong>Piani di Pezz\u00e8 di Alleghe<\/strong>. La Spartan Race, arrivata in Italia solamente nel 2014, \u00e8 la corsa ad ostacoli numero 1 al mondo con le specialit\u00e0 principali: Beast, Super, Hurricane Heat e Sprint. Ai bambini \u00e8 riservata la categoria Kids. Per l&#8217;occasione \u00e8 stato organizzato il Trifecta Weekend che oltre alle due giornate di gare comprende anche il Festival Village ai Piani di Pezz\u00e8, nel comprensorio Ski Civetta.<\/p>\n<p>&nbsp;<\/p>\n<p>&nbsp;<\/p>\n<p>&nbsp;<\/p>\n<hr \/>\n<p>&nbsp;<\/p>\n<blockquote>\n<h2>GALLERIA COMELICO, PROROGATA L&#8217;ORDINANZA DI CHIUSURA NOTTURNA<\/h2>\n<\/blockquote>\n<blockquote>\n<h3><em><img loading=\"lazy\" decoding=\"async\" class=\"alignleft\" src=\"https:\/\/www.radiopiu.net\/wordpress\/wp-content\/uploads\/2020\/05\/VENETO-STRADE-300x300.png\" width=\"123\" height=\"123\" \/>PROCEDONO I RILIEVI\u00a0PRESSO LA GALLERIA COMELICO SULLA SS 52 IN PROVINCIA DI BELLUNO<\/em><\/h3>\n<\/blockquote>\n<p>Per consentire l\u2019avanzamento delle indagini geognostiche e geofisiche nella galleria Comelico, sono state programmate nuove limitazioni temporanee al transito lungo la strada statale 52 \u201cCarnica\u201d. Da oggi e fino a venerd\u00ec 19 marzo, nella fascia 21:15- 5:45, giorni festivi esclusi, sar\u00e0 chiusa al transito la galleria Comelico, dal km 81 al km 85. Il traffico veicolare sar\u00e0 deviato sulla SP 532 Passo S. Antonio; i mezzi pesanti trainanti un rimorchio saranno invece deviati sulla SR 48 delle Dolomiti e sulla SP 49 Misurina.<\/p>\n<p>&nbsp;<\/p>\n<p>&nbsp;<\/p>\n<hr \/>\n<p>&nbsp;<\/p>\n<p><strong>PROVINCIALE 2, VALLE DEL MIS KM 9 -14 SOSPIROLO DAL 10 AL 30 MARZO<\/strong> dalle 7.30 alle 17.30, sabato e domenica esclusi, senso unico alternato regolato da movieri o a vista, tratti di 100 metri. Ripristino reti lato strada.<\/p>\n<p><strong>PROVINCIALE 8 DI SAN TOMASO<\/strong>, \u00a0 Fino al 18 marzo in localit\u00e0 Coi per la\u00a0 messa in sicurezza della strada, senso unico alternato regolato da movieri dalle 8 alle 17, dal lunedi al venerdi\u00a0 e brevi interruzioni fino a 20 minuti dalle 8 alle 12 e dalle 13.30 alle 17.<\/p>\n<p><strong>REGIONALE 203 AGORDINA, COLLE SANTA LUCIA <\/strong>dal 15 marzo al 02 aprile senso unico alternato semaforico. Esclusi festivi e prefestiv<\/p>\n<p>&nbsp;<\/p>\n<p>&nbsp;<\/p>\n<hr \/>\n<p><strong><a href=\"https:\/\/www.radiopiu.net\/wordpress\/giornale-radiopiu-09-agosto-2018-direttore-mirko-mezzacasa\/acqua\/\" rel=\"attachment wp-att-57052\"><img loading=\"lazy\" decoding=\"async\" class=\" wp-image-57052 alignleft\" src=\"https:\/\/www.radiopiu.net\/wordpress\/wp-content\/uploads\/2018\/08\/ACQUA-300x180.jpeg\" alt=\"\" width=\"155\" height=\"93\" srcset=\"https:\/\/www.radiopiu.net\/wordpress\/wp-content\/uploads\/2018\/08\/ACQUA-300x180.jpeg 300w, https:\/\/www.radiopiu.net\/wordpress\/wp-content\/uploads\/2018\/08\/ACQUA-768x461.jpeg 768w, https:\/\/www.radiopiu.net\/wordpress\/wp-content\/uploads\/2018\/08\/ACQUA-1024x614.jpeg 1024w, https:\/\/www.radiopiu.net\/wordpress\/wp-content\/uploads\/2018\/08\/ACQUA.jpeg 1280w\" sizes=\"auto, (max-width: 155px) 100vw, 155px\" \/><\/a>A GOSALDO \u00a0nelle LOCALITA\u2019 RENON, LAGON, DELUBI e SABE, l\u2019acqua erogata dall\u2019acquedotto non \u00e8 potabile e pu\u00f2 essere usata per scopi alimentari solo previa bollitura.\u00a0 <\/strong><span style=\"color: #ff0000;\"><strong>A RIVAMONTE AGORDINO da ieri acqua potabile in tutto il Comune\u00a0<\/strong><\/span><\/p>\n<p>&nbsp;<\/p>\n<p>&nbsp;<\/p>\n<hr \/>\n<p>&nbsp;<\/p>\n<blockquote>\n<h3>STRADA DI SOCCOL CHIUSA A FASCE ORARIE PER LAVORI DI MESSA IN SICUREZZA DEI VERSANTI<\/h3>\n<\/blockquote>\n<p><strong>TAIBON<\/strong> Dal 16 al 20 marzo la strada comunale di Taibon che porta alla frazione di Soccol verr\u00e0 chiusa al transito in determinate fasce orarie per consentire i lavori di messa in sicurezza dei versanti a monte della strada. Quattro le fascie di chiusura: dalle 8 alle 10:30, dalle 10:45 alle 12, dalle 13:15 alle 15:30 e dalle 15:45 alle 17. La strada sar\u00e0 chiusa tra il bivio con Via Agner e Col Carrera.<\/p>\n<p>&nbsp;<\/p>\n<p>&nbsp;<\/p>\n<hr \/>\n<p>&nbsp;<\/p>\n<blockquote>\n<h3>LADRO BLOCCATO DAI CARABINIERI E IL FURTO FALLISCE<\/h3>\n<\/blockquote>\n<p><strong>FELTRE<\/strong> Ieri alle 12 un uomo ha tentato di entrare nell&#8217;abitazione di Patrizia Campanelli in via Rive Alte ma \u00e8\u00a0 andata male. Ne ha dato notizia la stessa proprietaria dell&#8217;abitazione\u00a0 su facebook\u00a0 <em>&#8220;Poco dopo mezzogiorno mi trovavo al piano di sopra e ho sentito un rumore,\u00a0 quando mi sono affacciata ho visto il ladro che stava rompendo la finestra cercando di intrufolarsi in casa. Quando mi ha vista \u00e8 scappato. Ho chiamato subito i carabinieri e le segnalazioni dei cittadini hanno permesso ai carabinieri di intercettarlo e identificarlo.\u00a0 L&#8217;uomo era gi\u00e0 stato notato dalla stessa donna alle 11 mentre con fare sospetto controllava via Biasuz.\u00a0 <\/em>Che sia la stessa persona\u00a0 che marted\u00ec ha aggredito Bruna De Paoli?.<\/p>\n<p>&nbsp;<\/p>\n<hr \/>\n<p>&nbsp;<\/p>\n<blockquote>\n<h3>L&#8217;INCENDIO DI ALLEGHE, SOLIDARIETA&#8217; A TOBIA<\/h3>\n<p><em>\u00c8 un mistero come abbia preso fuoco l&#8217;angolo di poggiolo sullo spigolo in alto della casa, insieme alla soffitta e a parte della copertura. L&#8217;allarme l&#8217;ha lanciato una signora di Selva di Cadore che a quell&#8217;ora passava in macchina lungo la strada .L&#8217;incendio ha interessato solo il piano disabitato: gli appartamenti sottostanti sono ancora agibili<\/em><\/p><\/blockquote>\n<p><strong>ALLEGHE<\/strong> Solidariet\u00e0 da tutti a Guerrino Bellenzier, che \u00e8 molto noto per il suo bar da Tobia e per l&#8217;impegno come consigliere comunale ad Alleghe.\u00a0 I vigili del fuoco sono intervenuti in Corso Italia ad Alleghe per l\u2019incendio di un\u2019abitazione disposta su quattro livelli: nessuna persona \u00e8 rimasta ferita. I pompieri arrivati da Agordo, Belluno e con i volontari di Caprile, Colle Santa Lucia, Canale d\u2019Agordo. L&#8217;incendio ha coinvolto il sottotetto adibito a deposito e la copertura dell\u2019abitazione. Danni di percolamento ai piani inferiori. Le cause dell\u2019incendio sono al vaglio dei tecnici dei vigili del fuoco. Le operazioni di completo spegnimento e messa in sicurezza sono terminate ieri mattina alle 8&#8243;.<\/p>\n\n\t\t\t<style type='text\/css'>\n\t\t\t\t#gallery-1 {\n\t\t\t\t\tmargin: auto;\n\t\t\t\t}\n\t\t\t\t#gallery-1 .gallery-item {\n\t\t\t\t\tfloat: left;\n\t\t\t\t\tmargin-top: 10px;\n\t\t\t\t\ttext-align: center;\n\t\t\t\t\twidth: 25%;\n\t\t\t\t}\n\t\t\t\t#gallery-1 img {\n\t\t\t\t\tborder: 2px solid #cfcfcf;\n\t\t\t\t}\n\t\t\t\t#gallery-1 .gallery-caption {\n\t\t\t\t\tmargin-left: 0;\n\t\t\t\t}\n\t\t\t\t\/* see gallery_shortcode() in wp-includes\/media.php *\/\n\t\t\t<\/style>\n\t\t<div id='gallery-1' class='dt-gallery-container gallery galleryid-196551 gallery-columns-4 gallery-size-thumbnail'><dl class='gallery-item'>\n\t\t\t\t<dt class='gallery-icon landscape'>\n\t\t\t\t\t<a class=\"rollover rollover-zoom dt-pswp-item\" title=\"e0a36f61-4d8a-4379-b540-3c5e89e766f4\" data-dt-img-description=\"\" data-large_image_width=\"1280\" data-large_image_height=\"876\"href='https:\/\/www.radiopiu.net\/wordpress\/wp-content\/uploads\/2021\/03\/e0a36f61-4d8a-4379-b540-3c5e89e766f4.jpg'><img loading=\"lazy\" decoding=\"async\" width=\"150\" height=\"150\" src=\"https:\/\/www.radiopiu.net\/wordpress\/wp-content\/uploads\/2021\/03\/e0a36f61-4d8a-4379-b540-3c5e89e766f4-150x150.jpg\" class=\"attachment-thumbnail size-thumbnail\" alt=\"\" \/><\/a>\n\t\t\t\t<\/dt><\/dl><dl class='gallery-item'>\n\t\t\t\t<dt class='gallery-icon landscape'>\n\t\t\t\t\t<a class=\"rollover rollover-zoom dt-pswp-item\" title=\"37ce2f19-884a-4b08-8f11-965cfdeba631\" data-dt-img-description=\"\" data-large_image_width=\"1280\" data-large_image_height=\"894\"href='https:\/\/www.radiopiu.net\/wordpress\/wp-content\/uploads\/2021\/03\/37ce2f19-884a-4b08-8f11-965cfdeba631.jpg'><img loading=\"lazy\" decoding=\"async\" width=\"150\" height=\"150\" src=\"https:\/\/www.radiopiu.net\/wordpress\/wp-content\/uploads\/2021\/03\/37ce2f19-884a-4b08-8f11-965cfdeba631-150x150.jpg\" class=\"attachment-thumbnail size-thumbnail\" alt=\"\" \/><\/a>\n\t\t\t\t<\/dt><\/dl><dl class='gallery-item'>\n\t\t\t\t<dt class='gallery-icon landscape'>\n\t\t\t\t\t<a class=\"rollover rollover-zoom dt-pswp-item\" title=\"1bbc7ea9-4b03-45c8-85bb-452b7f6f25a4\" data-dt-img-description=\"\" data-large_image_width=\"1280\" data-large_image_height=\"816\"href='https:\/\/www.radiopiu.net\/wordpress\/wp-content\/uploads\/2021\/03\/1bbc7ea9-4b03-45c8-85bb-452b7f6f25a4.jpg'><img loading=\"lazy\" decoding=\"async\" width=\"150\" height=\"150\" src=\"https:\/\/www.radiopiu.net\/wordpress\/wp-content\/uploads\/2021\/03\/1bbc7ea9-4b03-45c8-85bb-452b7f6f25a4-150x150.jpg\" class=\"attachment-thumbnail size-thumbnail\" alt=\"\" \/><\/a>\n\t\t\t\t<\/dt><\/dl><dl class='gallery-item'>\n\t\t\t\t<dt class='gallery-icon landscape'>\n\t\t\t\t\t<a class=\"rollover rollover-zoom dt-pswp-item\" title=\"beaa9c0d-c845-4df1-96bc-00cf096db95e\" data-dt-img-description=\"\" data-large_image_width=\"1280\" data-large_image_height=\"960\"href='https:\/\/www.radiopiu.net\/wordpress\/wp-content\/uploads\/2021\/03\/beaa9c0d-c845-4df1-96bc-00cf096db95e.jpg'><img loading=\"lazy\" decoding=\"async\" width=\"150\" height=\"150\" src=\"https:\/\/www.radiopiu.net\/wordpress\/wp-content\/uploads\/2021\/03\/beaa9c0d-c845-4df1-96bc-00cf096db95e-150x150.jpg\" class=\"attachment-thumbnail size-thumbnail\" alt=\"\" \/><\/a>\n\t\t\t\t<\/dt><\/dl><br style=\"clear: both\" \/><dl class='gallery-item'>\n\t\t\t\t<dt class='gallery-icon landscape'>\n\t\t\t\t\t<a class=\"rollover rollover-zoom dt-pswp-item\" title=\"159830519_1123191288108951_7150364453230574859_o\" data-dt-img-description=\"\" data-large_image_width=\"720\" data-large_image_height=\"540\"href='https:\/\/www.radiopiu.net\/wordpress\/wp-content\/uploads\/2021\/03\/159830519_1123191288108951_7150364453230574859_o.jpg'><img loading=\"lazy\" decoding=\"async\" width=\"150\" height=\"150\" src=\"https:\/\/www.radiopiu.net\/wordpress\/wp-content\/uploads\/2021\/03\/159830519_1123191288108951_7150364453230574859_o-150x150.jpg\" class=\"attachment-thumbnail size-thumbnail\" alt=\"\" \/><\/a>\n\t\t\t\t<\/dt><\/dl><dl class='gallery-item'>\n\t\t\t\t<dt class='gallery-icon portrait'>\n\t\t\t\t\t<a class=\"rollover rollover-zoom dt-pswp-item\" title=\"0842f03a-bea6-47eb-bfed-f3da2b43f853\" data-dt-img-description=\"\" data-large_image_width=\"1512\" data-large_image_height=\"2016\"href='https:\/\/www.radiopiu.net\/wordpress\/wp-content\/uploads\/2021\/03\/0842f03a-bea6-47eb-bfed-f3da2b43f853.jpg'><img loading=\"lazy\" decoding=\"async\" width=\"150\" height=\"150\" src=\"https:\/\/www.radiopiu.net\/wordpress\/wp-content\/uploads\/2021\/03\/0842f03a-bea6-47eb-bfed-f3da2b43f853-150x150.jpg\" class=\"attachment-thumbnail size-thumbnail\" alt=\"\" \/><\/a>\n\t\t\t\t<\/dt><\/dl><dl class='gallery-item'>\n\t\t\t\t<dt class='gallery-icon landscape'>\n\t\t\t\t\t<a class=\"rollover rollover-zoom dt-pswp-item\" title=\"8aba6df7-246f-424a-a50f-fb14c253ca3b\" data-dt-img-description=\"\" data-large_image_width=\"1600\" data-large_image_height=\"1582\"href='https:\/\/www.radiopiu.net\/wordpress\/wp-content\/uploads\/2021\/03\/8aba6df7-246f-424a-a50f-fb14c253ca3b.jpg'><img loading=\"lazy\" decoding=\"async\" width=\"150\" height=\"150\" src=\"https:\/\/www.radiopiu.net\/wordpress\/wp-content\/uploads\/2021\/03\/8aba6df7-246f-424a-a50f-fb14c253ca3b-150x150.jpg\" class=\"attachment-thumbnail size-thumbnail\" alt=\"\" srcset=\"https:\/\/www.radiopiu.net\/wordpress\/wp-content\/uploads\/2021\/03\/8aba6df7-246f-424a-a50f-fb14c253ca3b-150x150.jpg 150w, https:\/\/www.radiopiu.net\/wordpress\/wp-content\/uploads\/2021\/03\/8aba6df7-246f-424a-a50f-fb14c253ca3b-300x297.jpg 300w\" sizes=\"auto, (max-width: 150px) 100vw, 150px\" \/><\/a>\n\t\t\t\t<\/dt><\/dl><dl class='gallery-item'>\n\t\t\t\t<dt class='gallery-icon portrait'>\n\t\t\t\t\t<a class=\"rollover rollover-zoom dt-pswp-item\" title=\"17ea3802-e7aa-4fb2-b93c-1a1c72630888\" data-dt-img-description=\"\" data-large_image_width=\"1363\" data-large_image_height=\"1600\"href='https:\/\/www.radiopiu.net\/wordpress\/wp-content\/uploads\/2021\/03\/17ea3802-e7aa-4fb2-b93c-1a1c72630888.jpg'><img loading=\"lazy\" decoding=\"async\" width=\"150\" height=\"150\" src=\"https:\/\/www.radiopiu.net\/wordpress\/wp-content\/uploads\/2021\/03\/17ea3802-e7aa-4fb2-b93c-1a1c72630888-150x150.jpg\" class=\"attachment-thumbnail size-thumbnail\" alt=\"\" \/><\/a>\n\t\t\t\t<\/dt><\/dl><br style=\"clear: both\" \/>\n\t\t\t<\/div>\n\n<p>&nbsp;<\/p>\n<hr \/>\n<p>&nbsp;<\/p>\n<blockquote>\n<h1><span style=\"color: #ff0000;\">SIAMO IN ROSSO, IN TUTTI I SENSI<\/span><\/h1>\n<\/blockquote>\n<p>Contagi in aumento, Veneto come gran parte del resto d&#8217;Italia in rosso, l&#8217;indice Rt \u00e8 schizzato a 1,28. Il presidente del Veneto Luca Zaia ha chiesto aiuti immediati per le famiglie,\u00a0 che il governo introduca in automatico i congedi parentali e il bonus baby sitter. Per le aziende: <em>&#8220;Abbiamo chiesto che ci siano gli aiuti per le imprese, che siano concreti e visibili da subito, sulla base del fatturato&#8221;.\u00a0<\/em>In Veneto ieri\u00a0 alle 17 sono saliti a 351.210 (+2.569), gli attualmente positivi a 33.097 (+1.432), i ricoverati per Covid a 1.386 (+23), quelli in terapia intensiva a 181 (+10), le vittime totali a 10.082 (+17).<\/p>\n<blockquote>\n<h3>DUE DECESSI COVID IN ULSS 1 DOLOMITI, 101 I NUOVI POSITIVI IN PROVINCIA<\/h3>\n<\/blockquote>\n<p><strong>BELLUNO <\/strong>Nelle ultime 24 ore\u00a0 sono stati registrati due decessi di persone covid positive in Ulss Dolomiti: un uomo\u00a0 di 78\u00a0 anni e un uomo di 72 anni ricoverati in pneumologia covid a Belluno. Sono 101 le nuove positivit\u00e0 registrate in provincia di Belluno, 1083 le persone attualmente positive.<\/p>\n<p><strong>Ricoveri \u00a0\u00a0\u00a0\u00a0\u00a0\u00a0\u00a0\u00a0\u00a0\u00a0\u00a0\u00a0\u00a0\u00a0\u00a0\u00a0\u00a0\u00a0\u00a0\u00a0\u00a0\u00a0\u00a0\u00a0\u00a0\u00a0\u00a0\u00a0\u00a0\u00a0\u00a0\u00a0\u00a0 <\/strong><\/p>\n<p><em>(dato alle ore 17.00 fonte: Azienda Zero)<\/em><\/p>\n<p>Le persone attualmente POSITIVE ricoverate negli ospedali dell\u2019Ulss Dolomiti sono:<\/p>\n<table>\n<tbody>\n<tr>\n<td width=\"217\"><strong>\u00a0<\/strong><\/td>\n<td width=\"217\"><strong>Area NON CRITICA<\/strong><\/td>\n<td width=\"217\"><strong>Terapia Intensiva<\/strong><\/td>\n<\/tr>\n<tr>\n<td width=\"217\"><strong>Ospedale di Belluno <\/strong><\/td>\n<td width=\"217\">32<\/td>\n<td width=\"217\">5<\/td>\n<\/tr>\n<tr>\n<td width=\"217\"><strong>Ospedale di Feltre<\/strong><\/td>\n<td width=\"217\">12<\/td>\n<td width=\"217\">3<\/td>\n<\/tr>\n<\/tbody>\n<\/table>\n<p>&nbsp;<\/p>\n<p>Le persone attualmente POSITIVE ricoverate in Ospedale di Comunit\u00e0 sono:<\/p>\n<table>\n<tbody>\n<tr>\n<td width=\"326\"><strong>\u00a0<\/strong><\/td>\n<td width=\"326\"><strong>pazienti attualmente positivi<\/strong><\/td>\n<\/tr>\n<tr>\n<td width=\"326\"><strong>Ospedale di Comunit\u00e0 di BELLUNO<\/strong><\/td>\n<td width=\"326\">8<\/td>\n<\/tr>\n<tr>\n<td width=\"326\"><strong>Ospedale di Comunit\u00e0 di FELTRE<\/strong><\/td>\n<td width=\"326\">3<\/td>\n<\/tr>\n<\/tbody>\n<\/table>\n<p>&nbsp;<\/p>\n<p>L\u2019Ulss Dolomiti, considerato l\u2019atteso grande afflusso al drive in di Feltre oggi per le vaccinazioni anti covid ad accesso libero per i nati nel 1938 e 1939, suggerisce di utilizzare prioritariamente per l\u2019esecuzione di tamponi il drive in attivo a Paludi (via delle Industrie, 10) operativo sia sabato che domenica dalle 8.30 alle 12.30.<\/p>\n<p>&nbsp;<\/p>\n<p>&nbsp;<\/p>\n<hr \/>\n<p>&nbsp;<\/p>\n<blockquote>\n<h3>AGGIORNATA LA TABELLA SUDDIVISA PER DISTRETTI SANITARI IN RELAZIONE AL TASSO D\u2019INCIDENZA DEL 250 PER 100.000 ABITANTI<\/h3>\n<\/blockquote>\n<p><strong>VENEZIA <\/strong>La tabella sulla situazione dei contagi da Covid 19 nei distretti sanitari del Veneto. La tabella contiene per ogni distretto l\u2019indicazione dei casi relativamente al tasso d\u2019incidenza del 250 per 100.000 abitanti fissata a livello nazionale, oltre la quale risultano necessarie misure riguardanti il setting scolastico.<\/p>\n<p><a href=\"https:\/\/www.radiopiu.net\/wordpress\/aggiornata-la-tabella-suddivisa-per-distretti-sanitari-in-relazione-al-tasso-dincidenza-del-250-per-100-000-abitanti\/schermata-2021-03-12-alle-15-49-45\/\" rel=\"attachment wp-att-196709\"><img loading=\"lazy\" decoding=\"async\" class=\"alignnone wp-image-196709 size-large\" src=\"https:\/\/www.radiopiu.net\/wordpress\/wp-content\/uploads\/2021\/03\/Schermata-2021-03-12-alle-15.49.45-1024x609.png\" alt=\"\" width=\"1024\" height=\"609\" srcset=\"https:\/\/www.radiopiu.net\/wordpress\/wp-content\/uploads\/2021\/03\/Schermata-2021-03-12-alle-15.49.45-1024x609.png 1024w, https:\/\/www.radiopiu.net\/wordpress\/wp-content\/uploads\/2021\/03\/Schermata-2021-03-12-alle-15.49.45-300x178.png 300w, https:\/\/www.radiopiu.net\/wordpress\/wp-content\/uploads\/2021\/03\/Schermata-2021-03-12-alle-15.49.45-768x457.png 768w, https:\/\/www.radiopiu.net\/wordpress\/wp-content\/uploads\/2021\/03\/Schermata-2021-03-12-alle-15.49.45-1536x914.png 1536w, https:\/\/www.radiopiu.net\/wordpress\/wp-content\/uploads\/2021\/03\/Schermata-2021-03-12-alle-15.49.45.png 1930w\" sizes=\"auto, (max-width: 1024px) 100vw, 1024px\" \/><\/a><\/p>\n<p>&nbsp;<\/p>\n<hr \/>\n<p>&nbsp;<\/p>\n<blockquote>\n<h3>CI RISIAMO: &#8220;DAMMI I SOLDI&#8221;, I CARABINIERI SULLE TRACCE DEI DUE MALVIVENTI<\/h3>\n<\/blockquote>\n<p><strong>FELTRE<\/strong> I Carabinieri di Feltre sono al lavoro per dare una precisa identit\u00e0 a due persone al momento ignote,\u00a0 nella giornata di ieri si sono presentati alla Tabaccheria &#8220;Delaito&#8221; e contemporaneamente nella vicina &#8220;Casa del Principe del Burro&#8221; di via Monte Cauriol. Una volta nell&#8217;esercizio non si sono comportati da clienti, ma da malviventi, si sono fatti consegnare somme in contanti per oltre 250 euro. Poi si sono dileguati. I Carabinieri stanno cercando di capire se i due fossero in accordo.<\/p>\n<p>&nbsp;<\/p>\n<hr \/>\n<blockquote>\n<h2><\/h2>\n<h2>LUXOTTICA: VERSO UNA FORTE RIPRESA, SOLIDA BASE PER IL FUTURO<\/h2>\n<\/blockquote>\n<blockquote><p><em>\u201cRingrazio l\u2019attuale management per gli importanti risultati ottenuti in un anno molto difficile. Alla luce di <\/em><em>questi risultati intendo proporre al nuovo Consiglio di confermare Francesco Milleri nel ruolo di Capo <\/em><em>Azienda e Paul du Saillant come suo Vice\u201d, <\/em>dichiara Leonardo Del Vecchio, Presidente di EssilorLuxottica.<\/p><\/blockquote>\n<p>&nbsp;<\/p>\n<p><strong><img loading=\"lazy\" decoding=\"async\" class=\"alignleft\" src=\"https:\/\/www.radiopiu.net\/wordpress\/wp-content\/uploads\/2021\/02\/ESSILORLUXOTTICA.png\" width=\"278\" height=\"157\" \/>AGORDO<\/strong> Il Consiglio di Amministrazione di EssilorLuxottica ha approvato il\u00a0 progetto di bilancio consolidato per l\u2019esercizio chiuso al 31 dicembre 2020: FATTURATO -14,6%, UTILE LORDO -19,3% EssilorLuxottica ha registrato ricavi per 14.429 milioni di Euro, in calo del 17,0% a cambi correnti e del 14,6% a cambi costanti1, rispetto al 2019. Queste riduzioni sono state il risultato diretto delle misure di lockdown messe in atto in tutti i mercati nella prima parte dell\u2019anno per fronteggiare la pandemia di COVID-19. L\u2019utile lordo e adjusted della Societ\u00e0 si attestano rispettivamente al 58,7% e al 58,9% delle vendite, mentre l\u2019utile operativo reported3 e adjusted2 \u00e8 stato rispettivamente del 3,1% e del 9,5% delle vendite. L&#8217;utile netto\u00a0 e adjusted attribuibile agli azionisti della capogruppo \u00e8 pari a 85 milioni di Euro e 788 milioni di Euro rispettivamente (i dati reported3 riflettono anche l\u2019impatto negativo non monetario della PPA pari a 528 milioni di Euro relativo alla combinazione di Essilor e Luxottica)<\/p>\n<p>&nbsp;<\/p>\n<blockquote><p><span style=\"color: #ff0000;\">Nel secondo semestre: fatturato +0,3%, utile lordo -2,3%, utile operativo +39,9% utile netto attribuibile agli azionisti +32,2%.\u00a0 Solida ripresa a \u201cV\u201d dal mese di maggio. Il business vista, che rappresenta il 75% del fatturato, ha sostenuto lo slancio delle vendite dopo i lockdown. I ricavi del quarto trimestre e del secondo semestre sono aumentati rispettivamente dell&#8217;1,7% e dello 0,3% a cambi costanti.<\/span><\/p><\/blockquote>\n<p>La Societ\u00e0 ha chiuso l&#8217;anno con 8,9 miliardi di Euro di liquidit\u00e0 e investimenti a breve termine e un indebitamento finanziario netto di 3,0 miliardi di Euro (comprese le passivit\u00e0 per leasing) rispetto a un indebitamento netto5 di 4,0 miliardi di Euro alla fine del 2019. Inoltre, la Societ\u00e0 dispone di linee di credito committed non utilizzate per 5,1 miliardi di Euro. Il solido bilancio riflette anche la forte generazione di cassa4 dell&#8217;anno, grazie alle misure di controllo dei costi e di tutela della liquidit\u00e0. Il 28 dicembre 2020 \u00e8 stato pagato un acconto sul dividendo di Euro 1,15 per azione per l&#8217;esercizio 2020. Tale decisione \u00e8 stata supportata dall&#8217;efficacia delle misure adottate per contenere i costi e preservare la liquidit\u00e0 e dalla solida ripresa del business osservata nella seconda met\u00e0 dell&#8217;anno.<\/p>\n<blockquote>\n<h3><strong>IL COMMENTO:<\/strong> Francesco Milleri e Paul du Saillant, rispettivamente Amministratore Delegato e Vice Amministratore Delegato di EssilorLuxottica.<\/h3>\n<\/blockquote>\n<p><em>\u201cPer capire veramente le qualit\u00e0 di EssilorLuxottica, basta guardare a come abbiamo affrontato le <\/em><em>difficolt\u00e0 dello scorso anno e il modo in cui abbiamo trasformato le avversit\u00e0 in opportunit\u00e0 per il 2021. Nella prima parte dell\u2019anno, la Societ\u00e0 e le nostre persone hanno dato prova di grande resilienza, stringendo relazioni ancora pi\u00f9 forti con i clienti. Nella seconda met\u00e0, abbiamo cambiato passo e investito sulla ripresa continuando a garantire alle nostre organizzazioni, ai partner e ai clienti le risorse e il supporto di cui avevano bisogno per tornare a crescere. \u00c8 questo il segno distintivo di un\u2019azienda di riferimento per l\u2019intero settore, che mette a disposizione le sue caratteristiche e capacit\u00e0 a beneficio di <\/em><em>tutti gli stakeholder: una Mission coinvolgente, la partecipazione azionaria dei dipendenti, le relazioni consolidate con i clienti, la digitalizzazione del business, una supply chain flessibile e l\u2019innovazione di prodotto e a supporto dei marchi. I solidi risultati dimostrano la qualit\u00e0 del nostro modello di business e i benefici del processo di integrazione. La domanda strutturale di prodotti e servizi per la correzione visiva e i nostri marchi riconosciuti in tutto il mondo, unitamente all\u2019integrazione verticale, ll\u2019innovazione e al controllo attendo dei costi hanno sostenuto la redditivit\u00e0. EssilorLuxottica \u00e8 oggi in una posizione unica per sostenere l\u2019evoluzione del settore dell\u2019eyewear e dell\u2019eyecare, con risorse e nuove categorie di prodotto come le lenti per il contrasto della miopia o il paio di occhiali completo tra montature e lenti per creare valore nel lungo periodo&#8221;<\/em><\/p>\n<p>&nbsp;<\/p>\n<p>&nbsp;<\/p>\n<hr \/>\n<p>&nbsp;<\/p>\n<blockquote>\n<h2>LUXOTTICA, PREMIO DI RISULTATO SINDACATI OTTIMISTI<\/h2>\n<\/blockquote>\n<p><strong><img loading=\"lazy\" decoding=\"async\" class=\"alignleft\" src=\"https:\/\/www.radiopiu.net\/wordpress\/wp-content\/uploads\/2020\/03\/SINDACATI-300x300.jpg\" width=\"116\" height=\"116\" \/>AGORDO<\/strong> Ieri la comunicazione sul risultato di Bilancio Essilor Luxottica anno 2020 importanti ai fini del Premio di Produzione. In una nota unitaria delle segreterie sindacali si legge: <em>&#8220;In base ai dati ufficiali pubblicati nel comunicato stampa dell\u2019azienda si evince che l\u2019indice di Utile netto \u00e8 pari al 5,5% (dato sul Quale viene calcolato il PDR in base al CIA) <\/em><em>Il dato \u00e8 migliorativo rispetto alle aspettative avendo l\u2019azienda nel secondo semestre 2020 recuperato l\u2019andamento negativo del primo semestre. Dal 5,5% scaturir\u00e0 l\u2019importo relativo ai dati di Bilancio ai fini del PDR che definiremo con l\u2019azienda nella prossima settimana e che verr\u00e0 pagato a giugno 2021&#8243;<\/em><\/p>\n<p>&nbsp;<\/p>\n<hr \/>\n<p>&nbsp;<\/p>\n<blockquote>\n<h3>IERI SU COLLETTIVA.IT<\/h3>\n<\/blockquote>\n<p class=\"overtitle\"><strong><a href=\"https:\/\/www.radiopiu.net\/wordpress\/giornale-radiopiu-13-marzo-2021-direttore-mirko-mezzacasa\/161812058-b2ff39f8-d7a0-4e80-b667-6264c15fd063\/\" rel=\"attachment wp-att-196684\"><img loading=\"lazy\" decoding=\"async\" class=\"wp-image-196684 alignleft\" src=\"https:\/\/www.radiopiu.net\/wordpress\/wp-content\/uploads\/2021\/03\/161812058-b2ff39f8-d7a0-4e80-b667-6264c15fd063-300x168.jpg\" alt=\"\" width=\"223\" height=\"125\" srcset=\"https:\/\/www.radiopiu.net\/wordpress\/wp-content\/uploads\/2021\/03\/161812058-b2ff39f8-d7a0-4e80-b667-6264c15fd063-300x168.jpg 300w, https:\/\/www.radiopiu.net\/wordpress\/wp-content\/uploads\/2021\/03\/161812058-b2ff39f8-d7a0-4e80-b667-6264c15fd063.jpg 513w\" sizes=\"auto, (max-width: 223px) 100vw, 223px\" \/><\/a>Acc Wanbao: orgoglio e resistenza operaia di\u00a0 Giorgio Sbordoni\u00a0<\/strong><\/p>\n<p><strong>BORGO VALBELLUNA<\/strong> Il tempo stringe e il progetto Italcomp, che coinvolgerebbe l&#8217;ex Embraco di Riva di Chieri, appare come l\u2019unica salvezza possibile. I sindacati chiedono un tavolo al governo che deve sciogliere la riserva. Parla Stefano Bona, segretario generale della Fiom Cgil territoriale.<br \/>\nPER LEGGERE L&#8217;INTERO ARTICOLO <span style=\"color: #0000ff;\"><a style=\"color: #0000ff;\" href=\"https:\/\/www.collettiva.it\/copertine\/lavoro\/2021\/03\/11\/news\/acc_wanbao_mel_belluno_una_storia_di_orgoglio_e_resistenza_operaia-902282\/\">CLICCA QUI<\/a><\/span><\/p>\n<p>&nbsp;<\/p>\n<p>&nbsp;<\/p>\n<hr \/>\n<blockquote>\n<h3><\/h3>\n<h3>OLIMPIADI 2026, GIOCO DI SQUADRA CONFARTIGIANATO-FONDAZIONE MILANO\/CORTINA PER IL RILANCIO DELLE IMPRESE<\/h3>\n<p><em>Scarzanella: \u00abOccasione unica per far lavorare le nostre imprese e<\/em><em>costruire il futuro del territorio bellunese\u00bb<\/em><br \/>\n<em>Nel perimetro delle attivit\u00e0 operanti nei settori a maggiore vicinanza al turismo, sono<\/em><em>potenzialmente coinvolte quasi 16.300 imprese venete, l\u201911% di tutte le attivit\u00e0 artigianali <\/em><em>bellunesi<\/em><\/p><\/blockquote>\n<p><img loading=\"lazy\" decoding=\"async\" class=\"alignleft\" src=\"https:\/\/www.radiopiu.net\/wordpress\/wp-content\/uploads\/2020\/12\/CLAUDIA-SCARZANELLA-CONFARTIGIANATO.png\" width=\"121\" height=\"95\" \/>Olimpiadi 2026, gioco di squadra Confartigianato-Fondazione Milano Cortina per il rilancio delle imprese (foto la Presidente Claudia Scarzanella)<\/p>\n<p><strong>BELLUNO<\/strong><\/p>\n<p><strong>di Moreno Gioli<\/strong><\/p>\n<audio class=\"wp-audio-shortcode\" id=\"audio-196551-1\" preload=\"none\" style=\"width: 100%;\" controls=\"controls\"><source type=\"audio\/mpeg\" src=\"https:\/\/www.radiopiu.net\/wordpress\/wp-content\/uploads\/2021\/03\/MORENO-CONF.mp3?_=1\" \/><a href=\"https:\/\/www.radiopiu.net\/wordpress\/wp-content\/uploads\/2021\/03\/MORENO-CONF.mp3\">https:\/\/www.radiopiu.net\/wordpress\/wp-content\/uploads\/2021\/03\/MORENO-CONF.mp3<\/a><\/audio>\n<p>&nbsp;<\/p>\n<blockquote><p>&nbsp;<\/p><\/blockquote>\n<hr \/>\n<blockquote>\n<h3><\/h3>\n<h3>CAMPER PER I VACCINI, UNCEM: NEL PIANO NAZIONALE CI SONO, COME RICHIESTI DA UNCEM A DICEMBRE. COSI&#8217; SI RAGGIUNGONO TUTTI I COMUNI MONTANI E LE PERSONE PIU&#8217; FRAGILI<\/h3>\n<\/blockquote>\n<p><strong>ROMA<\/strong> Marco Bussone, presidente Uncem\u00a0 accoglie \u00a0con favore la decisione del Governo di inserire nel Piano Vaccini dei punti di somministrazione mobili per raggiungere i piccoli Comuni nelle aree montane. Uncem ha proposto i camper per la campagna vaccinale il 13 dicembre 2020. Le unit\u00e0 mobili, i camper, possono raggiungere tutti i Comuni montani e in particolare le persone <a href=\"https:\/\/www.radiopiu.net\/wordpress\/giornale-radiopiu-06-novembre-2020-direttore-mirko-mezzacasa\/logouncem_no_scritta-wdtr\/\" rel=\"attachment wp-att-170846\"><img loading=\"lazy\" decoding=\"async\" class=\" wp-image-170846 alignleft\" src=\"https:\/\/www.radiopiu.net\/wordpress\/wp-content\/uploads\/2020\/11\/logoUNCEM_no_scritta-wdtr-300x300.jpg\" alt=\"\" width=\"99\" height=\"99\" srcset=\"https:\/\/www.radiopiu.net\/wordpress\/wp-content\/uploads\/2020\/11\/logoUNCEM_no_scritta-wdtr-300x300.jpg 300w, https:\/\/www.radiopiu.net\/wordpress\/wp-content\/uploads\/2020\/11\/logoUNCEM_no_scritta-wdtr-150x150.jpg 150w, https:\/\/www.radiopiu.net\/wordpress\/wp-content\/uploads\/2020\/11\/logoUNCEM_no_scritta-wdtr.jpg 640w\" sizes=\"auto, (max-width: 99px) 100vw, 99px\" \/><\/a>pi\u00f9 fragili, anziani e disabili che avrebbero pi\u00f9 difficolt\u00e0 a spostarsi.<\/p>\n<blockquote>\n<h3>VACCINO PER I SINDACI, UNCEM: NO ALLE POLEMICHE. SONO AUTORITA&#8217; SANITARIA E RESPONSABILI DELLA PROTEZIONE CIVILE<\/h3>\n<\/blockquote>\n<p><strong>ROMA<\/strong>\u00a0 Nelle ultime ore stiamo assistendo a una polemica sul vaccino ai Sindaci, da somministrare in questa prima fase del Piano.<em> &#8220;Uncem a gennaio 2021\u00a0 &#8211; dice il presidente Marco Bussone &#8211;\u00a0 aveva chiesto per i Sindaci il vaccino. Sono infatti autorit\u00e0 sanitaria e responsabili della Protezione civile. La loro esposizione al rischio \u00e8 forte. Sono 7900 in Italia e non credo le polemiche e le contrapposizioni siano utili per un percorso che di fatto riconosce pienamente le funzioni del Sindaco, ogni giorno impegnato in mezzo alla sua comunit\u00e0&#8221;.<\/em><\/p>\n<p>&nbsp;<\/p>\n<p>&nbsp;<\/p>\n<hr \/>\n<p>&nbsp;<\/p>\n<blockquote class=\"wp-embedded-content\" data-secret=\"x6ZsybA5jE\"><p><a href=\"https:\/\/www.radiopiu.net\/wordpress\/aggmar12\/\">CORONAVIRUS: AGGIORNAMENTO NAZIONALE 12 MARZO 2021<\/a><\/p><\/blockquote>\n<p><iframe loading=\"lazy\" class=\"wp-embedded-content\" sandbox=\"allow-scripts\" security=\"restricted\" style=\"position: absolute; clip: rect(1px, 1px, 1px, 1px);\" title=\"&#8220;CORONAVIRUS: AGGIORNAMENTO NAZIONALE 12 MARZO 2021&#8221; &#8212; Radio Pi\u00f9\" src=\"https:\/\/www.radiopiu.net\/wordpress\/aggmar12\/embed\/#?secret=x6ZsybA5jE\" data-secret=\"x6ZsybA5jE\" width=\"600\" height=\"338\" frameborder=\"0\" marginwidth=\"0\" marginheight=\"0\" scrolling=\"no\"><\/iframe><\/p>\n<p>&nbsp;<\/p>\n<hr \/>\n<p>&nbsp;<\/p>\n<blockquote class=\"wp-embedded-content\" data-secret=\"g9uGYK6ox6\"><p><a href=\"https:\/\/www.radiopiu.net\/wordpress\/in-veneto-2569-nuove-positivita-nelle-ultime-24-ore-17-decessi-e-ricoveri-in-netto-aumento-a-belluno-101-positivi-in-piu-ma-situazione-stabile-negli-ospedali\/\">IN VENETO 2569 NUOVE POSITIVITA&#8217; NELLE ULTIME 24 ORE, 17 DECESSI E RICOVERI IN NETTO AUMENTO. A BELLUNO 101 POSITIVI IN PIU&#8217; MA SITUAZIONE STABILE NEGLI OSPEDALI<\/a><\/p><\/blockquote>\n<p><iframe loading=\"lazy\" class=\"wp-embedded-content\" sandbox=\"allow-scripts\" security=\"restricted\" style=\"position: absolute; clip: rect(1px, 1px, 1px, 1px);\" title=\"&#8220;IN VENETO 2569 NUOVE POSITIVITA&#8217; NELLE ULTIME 24 ORE, 17 DECESSI E RICOVERI IN NETTO AUMENTO. A BELLUNO 101 POSITIVI IN PIU&#8217; MA SITUAZIONE STABILE NEGLI OSPEDALI&#8221; &#8212; Radio Pi\u00f9\" src=\"https:\/\/www.radiopiu.net\/wordpress\/in-veneto-2569-nuove-positivita-nelle-ultime-24-ore-17-decessi-e-ricoveri-in-netto-aumento-a-belluno-101-positivi-in-piu-ma-situazione-stabile-negli-ospedali\/embed\/#?secret=g9uGYK6ox6\" data-secret=\"g9uGYK6ox6\" width=\"600\" height=\"338\" frameborder=\"0\" marginwidth=\"0\" marginheight=\"0\" scrolling=\"no\"><\/iframe><\/p>\n<p>&nbsp;<\/p>\n<hr \/>\n<p>&nbsp;<\/p>\n<blockquote>\n<h3>I GRAFICI DI TIZIANO DE COL<\/h3>\n<\/blockquote>\n\n\t\t\t<style type='text\/css'>\n\t\t\t\t#gallery-2 {\n\t\t\t\t\tmargin: auto;\n\t\t\t\t}\n\t\t\t\t#gallery-2 .gallery-item {\n\t\t\t\t\tfloat: left;\n\t\t\t\t\tmargin-top: 10px;\n\t\t\t\t\ttext-align: center;\n\t\t\t\t\twidth: 20%;\n\t\t\t\t}\n\t\t\t\t#gallery-2 img {\n\t\t\t\t\tborder: 2px solid #cfcfcf;\n\t\t\t\t}\n\t\t\t\t#gallery-2 .gallery-caption {\n\t\t\t\t\tmargin-left: 0;\n\t\t\t\t}\n\t\t\t\t\/* see gallery_shortcode() in wp-includes\/media.php *\/\n\t\t\t<\/style>\n\t\t<div id='gallery-2' class='dt-gallery-container gallery galleryid-196551 gallery-columns-5 gallery-size-medium'><dl class='gallery-item'>\n\t\t\t\t<dt class='gallery-icon landscape'>\n\t\t\t\t\t<a class=\"rollover rollover-zoom dt-pswp-item\" title=\"c9267c54-381f-4cfb-a323-1b830d8c1636\" data-dt-img-description=\"\" data-large_image_width=\"587\" data-large_image_height=\"355\"href='https:\/\/www.radiopiu.net\/wordpress\/wp-content\/uploads\/2021\/03\/c9267c54-381f-4cfb-a323-1b830d8c1636.jpg'><img loading=\"lazy\" decoding=\"async\" width=\"300\" height=\"181\" src=\"https:\/\/www.radiopiu.net\/wordpress\/wp-content\/uploads\/2021\/03\/c9267c54-381f-4cfb-a323-1b830d8c1636-300x181.jpg\" class=\"attachment-medium size-medium\" alt=\"\" srcset=\"https:\/\/www.radiopiu.net\/wordpress\/wp-content\/uploads\/2021\/03\/c9267c54-381f-4cfb-a323-1b830d8c1636-300x181.jpg 300w, https:\/\/www.radiopiu.net\/wordpress\/wp-content\/uploads\/2021\/03\/c9267c54-381f-4cfb-a323-1b830d8c1636.jpg 587w\" sizes=\"auto, (max-width: 300px) 100vw, 300px\" \/><\/a>\n\t\t\t\t<\/dt><\/dl><dl class='gallery-item'>\n\t\t\t\t<dt class='gallery-icon landscape'>\n\t\t\t\t\t<a class=\"rollover rollover-zoom dt-pswp-item\" title=\"505f6ddd-7eb3-48be-bea9-8054ab20ae35\" data-dt-img-description=\"\" data-large_image_width=\"610\" data-large_image_height=\"354\"href='https:\/\/www.radiopiu.net\/wordpress\/wp-content\/uploads\/2021\/03\/505f6ddd-7eb3-48be-bea9-8054ab20ae35.jpg'><img loading=\"lazy\" decoding=\"async\" width=\"300\" height=\"174\" src=\"https:\/\/www.radiopiu.net\/wordpress\/wp-content\/uploads\/2021\/03\/505f6ddd-7eb3-48be-bea9-8054ab20ae35-300x174.jpg\" class=\"attachment-medium size-medium\" alt=\"\" srcset=\"https:\/\/www.radiopiu.net\/wordpress\/wp-content\/uploads\/2021\/03\/505f6ddd-7eb3-48be-bea9-8054ab20ae35-300x174.jpg 300w, https:\/\/www.radiopiu.net\/wordpress\/wp-content\/uploads\/2021\/03\/505f6ddd-7eb3-48be-bea9-8054ab20ae35.jpg 610w\" sizes=\"auto, (max-width: 300px) 100vw, 300px\" \/><\/a>\n\t\t\t\t<\/dt><\/dl><dl class='gallery-item'>\n\t\t\t\t<dt class='gallery-icon landscape'>\n\t\t\t\t\t<a class=\"rollover rollover-zoom dt-pswp-item\" title=\"c0305e05-6411-443e-96a9-c03f5e82820c\" data-dt-img-description=\"\" data-large_image_width=\"610\" data-large_image_height=\"351\"href='https:\/\/www.radiopiu.net\/wordpress\/wp-content\/uploads\/2021\/03\/c0305e05-6411-443e-96a9-c03f5e82820c.jpg'><img loading=\"lazy\" decoding=\"async\" width=\"300\" height=\"173\" src=\"https:\/\/www.radiopiu.net\/wordpress\/wp-content\/uploads\/2021\/03\/c0305e05-6411-443e-96a9-c03f5e82820c-300x173.jpg\" class=\"attachment-medium size-medium\" alt=\"\" srcset=\"https:\/\/www.radiopiu.net\/wordpress\/wp-content\/uploads\/2021\/03\/c0305e05-6411-443e-96a9-c03f5e82820c-300x173.jpg 300w, https:\/\/www.radiopiu.net\/wordpress\/wp-content\/uploads\/2021\/03\/c0305e05-6411-443e-96a9-c03f5e82820c.jpg 610w\" sizes=\"auto, (max-width: 300px) 100vw, 300px\" \/><\/a>\n\t\t\t\t<\/dt><\/dl><dl class='gallery-item'>\n\t\t\t\t<dt class='gallery-icon landscape'>\n\t\t\t\t\t<a class=\"rollover rollover-zoom dt-pswp-item\" title=\"867a9077-80f8-4d98-9c10-4b2a91cf6c1d\" data-dt-img-description=\"\" data-large_image_width=\"604\" data-large_image_height=\"356\"href='https:\/\/www.radiopiu.net\/wordpress\/wp-content\/uploads\/2021\/03\/867a9077-80f8-4d98-9c10-4b2a91cf6c1d.jpg'><img loading=\"lazy\" decoding=\"async\" width=\"300\" height=\"177\" src=\"https:\/\/www.radiopiu.net\/wordpress\/wp-content\/uploads\/2021\/03\/867a9077-80f8-4d98-9c10-4b2a91cf6c1d-300x177.jpg\" class=\"attachment-medium size-medium\" alt=\"\" srcset=\"https:\/\/www.radiopiu.net\/wordpress\/wp-content\/uploads\/2021\/03\/867a9077-80f8-4d98-9c10-4b2a91cf6c1d-300x177.jpg 300w, https:\/\/www.radiopiu.net\/wordpress\/wp-content\/uploads\/2021\/03\/867a9077-80f8-4d98-9c10-4b2a91cf6c1d.jpg 604w\" sizes=\"auto, (max-width: 300px) 100vw, 300px\" \/><\/a>\n\t\t\t\t<\/dt><\/dl><dl class='gallery-item'>\n\t\t\t\t<dt class='gallery-icon landscape'>\n\t\t\t\t\t<a class=\"rollover rollover-zoom dt-pswp-item\" title=\"9b0fad15-6e0f-444e-8589-0884068398ff\" data-dt-img-description=\"\" data-large_image_width=\"600\" data-large_image_height=\"366\"href='https:\/\/www.radiopiu.net\/wordpress\/wp-content\/uploads\/2021\/03\/9b0fad15-6e0f-444e-8589-0884068398ff.jpg'><img loading=\"lazy\" decoding=\"async\" width=\"300\" height=\"183\" src=\"https:\/\/www.radiopiu.net\/wordpress\/wp-content\/uploads\/2021\/03\/9b0fad15-6e0f-444e-8589-0884068398ff-300x183.jpg\" class=\"attachment-medium size-medium\" alt=\"\" srcset=\"https:\/\/www.radiopiu.net\/wordpress\/wp-content\/uploads\/2021\/03\/9b0fad15-6e0f-444e-8589-0884068398ff-300x183.jpg 300w, https:\/\/www.radiopiu.net\/wordpress\/wp-content\/uploads\/2021\/03\/9b0fad15-6e0f-444e-8589-0884068398ff.jpg 600w\" sizes=\"auto, (max-width: 300px) 100vw, 300px\" \/><\/a>\n\t\t\t\t<\/dt><\/dl><br style=\"clear: both\" \/>\n\t\t\t<\/div>\n\n<p>&nbsp;<\/p>\n<p>&nbsp;<\/p>\n<hr \/>\n<p>&nbsp;<\/p>\n<blockquote>\n<h3><span style=\"color: #0000ff;\">LOTTO ASTRAZENECA A RISCHIO: IN VENETO SOMMINISTRATE 17MILA DOSI<\/span><\/h3>\n<\/blockquote>\n<blockquote>\n<blockquote>\n<h2>LEGGI LA CONFERENZA STAMPA DI LUCA ZAIA , AGGIORNANDO LA PAGINA IN TEMPO REALE<\/h2>\n<p><em>Siamo nel contingente nutrito di REGIONI\u00a0 che passano al rosso, qualcuna direttamente dal giallo al rosso. La classificazione dei colori la fanno a livello nazionale e non regionale meglio ripeterlo. Loro hanno dati che noi non abbiamo e vengono fatte le classificazioni. Se passiamo in rosso ed \u00e8 verosimile accada, quanto durer\u00e0? Due-tre settimane, fino a Pasqua quando si sovraporr\u00e0 il decreto che imporr\u00e0 zona rossa su tutto il territorio nazionale e chiusura di tutte le scuole.\u00a0 Se avessimo adottato il modello nostro, con una prudenza maggiore nelle scuole, magari adesso avremmo potuto chiudere di meno&#8230;<\/em><\/p><\/blockquote>\n<\/blockquote>\n<p>Oggi daremo anche le informazioni su Astrazeneca in Veneto. Stamane importante riunione con il Governo. <strong>SITUAZIONE<\/strong> E&#8217; innegabile che il contagio stia crescendo e non ci divertiamo nel comunicarlo. Stamane il prof. Brusaferro ha parlato di un Rt di 1,16 a livello nazionale, il nostro dato \u00e8 1,28, pare di capire che un bel po&#8217; di regioni passano al rosso e noi siamo sul filo del rasoio, non ci resta che capire ma soprattutto attendere quali sono le decisioni che saranno prese dagli scienziati. <strong>VENETO IN PEGGIORAMENTO<\/strong> In questa settimana la situazione \u00e8 sempre peggiorata anche quando il Veneto mostrava dati in calo. Le terapia intensive in Italia sono sopra il 30%, significa che \u00e8 ulteriore elemento di preoccupazione. Coinvolgono quasi 3000 pazienti ed \u00e8 il dato di ieri con 25mila nuovi casi e 373 morti. Ieri in Italia l&#8217;incidenza era di poco meno del 7%. <strong>LE VARIANTI<\/strong> Temiamo la totalitaria variante inglese (70% in veneto) ma siamo preoccupati anche per le altre varianti che conosciamo meno e che hanno massacrato il centro Italia con i colleghi che hanno fatto restrizioni importanti, urgenti e profonde come Umbria, Toscana, Abruzzo. <strong>VACCINI<\/strong> In tutto questo contesto c&#8217;\u00e8 un dato positivo di oggi il vaccino Johnson&amp;Johnson avr\u00e0 le autorizzazioni. <strong>ZAIA E L&#8217;INCONTRO CON IL GOVERNO<\/strong> Cosa ho detto al Governo: intanto non c&#8217;\u00e8 pi\u00f9 il clima di un anno fa, i cittadini sono stremati, il Veneto ha perso 60mila posti di lavoro e poi c&#8217;\u00e8 una pletora di attivit\u00e0 che non ha visto luce. Ho chiesto che si faccia una comunicazione istituzionale che diano prospettive ai cittadini. Che il nuovo decreto legge dica dove inizia e dove si finisce. Dobbiamo dare una prospettiva di programmazione. il Governo vuole usare il modello di dicembre, zona rossa nei giorni festivi (pasqua-pasquetta). Ho chiesto che davanti a queste misure (zone rosse) che il Governo introduca il tema congedo parentale e bonus baby sitter perch\u00e9 in zona rossa chiudono tutte le scuole, nessuna esclusa e i genitori sono in difficolt\u00e0. <strong>RISTORI<\/strong> Abbiamo chiesto rassicurazione per le nostre imprese, sono stati assicurati i ristori ma attendiamo i fatti concreti. Ho chiesto inoltre che ci siano misure automatiche e che ci sia la possibilit\u00e0 di introdurre (ed \u00e8 la seconda volta) une speaker per le istituzioni che rappresenti la posizione scientifica, cio\u00e8 una voce ufficiale, poi gli altri possono dire quello che vogliono perch\u00e9 siamo in democrazia. Ultimo esempio <strong>CASO ASTRAZENECA<\/strong>, ci sono grandi perplessit\u00e0 ai punti di vaccinazioni. Rassicuro i cittadini su un fatto unico e scientifico: si deve dimostrare la correlazione tra la morte e la somministrazione di un vaccino, non sappiamo ancora se c&#8217;\u00e8 correlazione, bene la prudenza. <strong>TAMPONI<\/strong>\u00a0 ho detto che una regione virtuosa come il Veneto monitora il territorio con 50mila tamponi al giorno, noi ne facciamo. Chiedo al Governo che venga fissata una percentuale di tamponi da fare sulla popolazione per misurare la circolazione. E&#8217; inevitabile che se il Friuli fa bene i tamponi e il Veneto non ne fa non \u00e8 proprio vero che non c&#8217;entra niente con i vicini, il contagio passa i confini. Non \u00e8 che abbiamo le restrizioni in Veneto perch\u00e9 facciamo tanti tamponi, noi guardiamo gli ospedali che non sono vuoti, se continua cos\u00ec tra una settimana dovremo di nuovo ridurre le prestazioni.\u00a0 <strong>VACCINI IN AZIENDA<\/strong> Abbiamo deciso in urgenza questa mattina di approva il protocollo per le vaccinazioni aziendali. Spero che gi\u00e0 da subito in accordo con le Ulss di organizzare l&#8217;offerta (in base alla disponibilit\u00e0 dei vaccini) non avendo disponibilit\u00e0 infinita di vaccini la cosa si vedr\u00e0 a macchie di leopardo. Oltre ai lavoratori bisogna dare la possibilit\u00e0 di vaccinare gli over 60 famigliari, il target pi\u00f9 fragile, importante welfare sociale. Stiamo preparando la culla per il neonato e le imprese hanno chiesto di essere coinvolte. <strong>MEDICI DI BASE<\/strong> Luned\u00ec verr\u00e0 presentato l&#8217;accordo, fronte vaccinale non indifferente. <span style=\"color: #ff0000;\"><strong>COME AL SOLITO NOTIZIE AL VENERDI SERA PER IL LUNEDI NESSUN CAMBIO DI PASSO COME INVECE ERA STATO PREANNUNCIATO\u00a0<\/strong><span style=\"color: #000000;\">Condivido ma dipende da Roma e non da noi.<\/span><\/span><\/p>\n<blockquote>\n<h2>DOTTORESSA FRANCESCA RUSSO Direzione Prevenzione<\/h2>\n<\/blockquote>\n<p><strong>IERI CON ASTRAZENECA&#8230;<\/strong> Ieri pomeriggio siamo stati informati di bloccare il lotto. Abbiamo telefonicamente avvisato le Ulss che avevano il vaccino e da questo momento abbiamo imposto il blocco totale. Prima per telefono, poi via mail. Abbiamo verificato le Ulss che avevano avuto la distribuzione e abbiamo fornito le informazioni. Bloccato in via precauzionale l&#8217;utilizzo. Quindi ritiro precauzionale del lotto legato ad accertamenti.\u00a0 In Veneto di questo lotto ne avevamo 20500 dosi di cui 17mila somministrate. Tremila sono bloccate in magazzino. Ieri si \u00e8 interrotta la somministrazione. In totale di Astrazeneca ne abbiamo inoculate 48500mila in Veneto. A ieri sono state segnalate 348 reazioni lievi (febbre, stanchezza, cefalea)\u00a0 al vaccino astrazeneca, a parte 12 con reazioni pi\u00f9 importanti con febbre alta, dolori articolari, cefalea cio\u00e8 reazioni sistemiche pi\u00f9 complesse. Due di queste 12 hanno dato reazioni allergiche risolte. Di queste 12 pi\u00f9 rilevanti sono 7\u00a0 quelle associate al lotto indagato. I PAZIENTI COME REAGISCONO?\u00a0 Non ho evidenza di rifiuti del vaccino ad oggi. I sintomi locali appaiono entro le 24 ore. Fino a un massimo di 72 ore per altri sintomi. <strong>UN VACCINATO PUO&#8217; ESSERE INFETTATO? <\/strong>Anche un vaccino pari al 95% di efficacia indica che c&#8217;\u00e8 una piccola percentuale che potrebbe non sviluppare anticorpi e reinfettarsi. AstraZeneca \u00e8 vicino al 100% come efficacia contro le forme pi\u00f9 gravi di Covid,\u00a0 nessun vaccino ha una protezione\u00a0 totale. <strong>PER CHI HA DUBBI<\/strong> \u00a0Nel certificato di vaccinazione \u00e8 presente il numero di lotto del vaccino. Qualsiasi evento deve essere segnalato, ma valuter\u00e0 il medico di famiglia che eventualmente far\u00e0 la segnalazione.<\/p>\n<p><a href=\"https:\/\/www.radiopiu.net\/wordpress\/giornale-radiopiu-13-marzo-2021-direttore-mirko-mezzacasa\/schermata-2021-03-12-alle-16-16-50\/\" rel=\"attachment wp-att-196715\"><img loading=\"lazy\" decoding=\"async\" class=\"alignnone wp-image-196715 size-large\" src=\"https:\/\/www.radiopiu.net\/wordpress\/wp-content\/uploads\/2021\/03\/Schermata-2021-03-12-alle-16.16.50-1024x287.png\" alt=\"\" width=\"1024\" height=\"287\" srcset=\"https:\/\/www.radiopiu.net\/wordpress\/wp-content\/uploads\/2021\/03\/Schermata-2021-03-12-alle-16.16.50-1024x287.png 1024w, https:\/\/www.radiopiu.net\/wordpress\/wp-content\/uploads\/2021\/03\/Schermata-2021-03-12-alle-16.16.50-300x84.png 300w, https:\/\/www.radiopiu.net\/wordpress\/wp-content\/uploads\/2021\/03\/Schermata-2021-03-12-alle-16.16.50-768x215.png 768w, https:\/\/www.radiopiu.net\/wordpress\/wp-content\/uploads\/2021\/03\/Schermata-2021-03-12-alle-16.16.50.png 1528w\" sizes=\"auto, (max-width: 1024px) 100vw, 1024px\" \/><\/a><\/p>\n<p>&nbsp;<\/p>\n<p><a href=\"https:\/\/www.facebook.com\/zaiaufficiale\/videos\/1554769821396202\">https:\/\/www.facebook.com\/zaiaufficiale\/videos\/1554769821396202<\/a><\/p>\n<p>&nbsp;<\/p>\n<hr \/>\n<p>&nbsp;<\/p>\n<h1><span style=\"color: #ff0000;\">NERO SU BIANCO<\/span><\/h1>\n<a href=\"https:\/\/www.radiopiu.net\/wordpress\/wp-content\/uploads\/2021\/03\/DPAScan0000.pdf\" class=\"pdfemb-viewer\" style=\"\" data-width=\"max\" data-height=\"max\" data-toolbar=\"top\" data-toolbar-fixed=\"on\">DPAScan0000<\/a>\n<p>&nbsp;<\/p>\n<hr \/>\n<blockquote>\n<h3><\/h3>\n<h3>ASTRAZENECA: NON RILEVATE REAZIONI AVVERSE IMPORTANTI IN ULSS 1 DOLOMITI<\/h3>\n<\/blockquote>\n<p><strong><a href=\"https:\/\/www.radiopiu.net\/wordpress\/giornale-radiopiu-13-giugno-2020-direttore-mirko-mezzacasa\/vaccino\/\" rel=\"attachment wp-att-143923\"><img loading=\"lazy\" decoding=\"async\" class=\"size-medium wp-image-143923 alignleft\" src=\"https:\/\/www.radiopiu.net\/wordpress\/wp-content\/uploads\/2020\/06\/vaccino-300x200.jpg\" alt=\"\" width=\"300\" height=\"200\" srcset=\"https:\/\/www.radiopiu.net\/wordpress\/wp-content\/uploads\/2020\/06\/vaccino-300x200.jpg 300w, https:\/\/www.radiopiu.net\/wordpress\/wp-content\/uploads\/2020\/06\/vaccino-1024x683.jpg 1024w, https:\/\/www.radiopiu.net\/wordpress\/wp-content\/uploads\/2020\/06\/vaccino-768x512.jpg 768w, https:\/\/www.radiopiu.net\/wordpress\/wp-content\/uploads\/2020\/06\/vaccino-1536x1024.jpg 1536w, https:\/\/www.radiopiu.net\/wordpress\/wp-content\/uploads\/2020\/06\/vaccino.jpg 1920w\" sizes=\"auto, (max-width: 300px) 100vw, 300px\" \/><\/a>BELLUNO <\/strong>Dopo la decisione dell&#8217;Aifa di vietare l&#8217;utilizzo sul territorio nazionale delle dosi del lotto ABV2856 del vaccino AstraZeneca, la Regione del Veneto ha\u00a0 bloccato l\u2019utilizzo di tale lotto in via precauzionale. Il lotto indicato \u00e8 stato utilizzato anche in Ulss Dolomiti con 1.655 dosi, somministrate tra il\u00a0 21 febbraio e il 10 marzo a categorie di servizi essenziali (personale della scuola, forze dell\u2019ordine, etc) Al momento non sono state segnalate reazioni avverse di rilievo, ma solo eventi minori (dolore locale, cefalea, stanchezza, febbre) In totale,\u00a0 sulle oltre 22 mila dosi di vaccino somministrate, di cui circa 2.300 di Astrazeneca, le segnalazioni formali di reazioni avverse sono state 142 di cui 18 riferibili ad Astrazeneca. Sono in corso da parte delle strutture tecniche regionali preposte tutte le verifiche farmacologiche del caso. Il comunicato di Aifa precisa che: \u201c<em>non \u00e8 stato stabilito alcun nesso di causalit\u00e0 tra la somministrazione del vaccino e gli eventi segnalati<\/em>\u201d. Il ritiro precauzionale del prodotto rappresenta una procedura ordinaria nelle fasi di approfondimento dettate dai protocolli di farmacovigilanza.<\/p>\n<p>&nbsp;<\/p>\n<p>&nbsp;<\/p>\n<hr \/>\n<p>&nbsp;<\/p>\n<blockquote>\n<h3>COVID: LA REGIONE VENETO HA APPROVATO IL PROTOCOLLO PER LE VACCINAZIONI IN AZIENDE<\/h3>\n<\/blockquote>\n<p><strong>VENEZIA<\/strong> La regione Veneto ha approvato il protocollo per consentire di effettuare le vaccinazioni anti-covid nelle aziende.<\/p>\n<p><strong>IL DOCUMENTO INTEGRALE (5 pagine)<\/strong><\/p>\n<a href=\"https:\/\/www.radiopiu.net\/wordpress\/wp-content\/uploads\/2021\/03\/PROTOCOLLO-VACCINI-AZIENDE.pdf\" class=\"pdfemb-viewer\" style=\"\" data-width=\"max\" data-height=\"max\" data-toolbar=\"top\" data-toolbar-fixed=\"on\">PROTOCOLLO VACCINI AZIENDE<\/a>\n<p>&nbsp;<\/p>\n<p>&nbsp;<\/p>\n<hr \/>\n<p>&nbsp;<\/p>\n<blockquote>\n<h3>IL PD CHIEDE MASCHERINE FFP2 OBBLIGATORIE SUI MEZZI PUBBLICI E NEGLI ESERCIZI COMMERCIALI<\/h3>\n<\/blockquote>\n<p><strong>VENEZIA<\/strong> Obbligo di mascherine Ffp2 sui mezzi di trasporto e negli esercizi commerciali. A chiederlo \u00e8 una mozione presentata dai consiglieri del Partito Democratico Anna Maria Bigon e Andrea Zanoni, insieme alla collega Cristina Guarda di Europa Verde.\u00a0\u201cI numeri del contagio continuano a crescere, le scuole chiudono e torna a esserci pressione sugli ospedali. Fino a quando non si sar\u00e0 conclusa la vaccinazione di massa \u00e8 indispensabile rafforzare le protezioni basilari, visto il diffondersi di varianti particolarmente aggressive e il ritardo nella somministrazione delle dosi: distanziamento sociale, lavarsi spesso le mani e uso della mascherina, utilizzando le Ffp2 almeno in determinati contesti poich\u00e9 hanno un maggior potere filtrante\u201d, spiegano i tre consiglieri di opposizione. \u201cUna scelta gi\u00e0 fatta ad esempio dalla Provincia autonoma di Bolzano, dalla Baviera e dall\u2019Austria e avanzata anche da molti esperti, almeno nelle situazioni pi\u00f9 a rischio. Come bus, treni e supermercati\u201d.<\/p>\n<p>&nbsp;<\/p>\n<p>&nbsp;<\/p>\n<hr \/>\n<p>&nbsp;<\/p>\n<blockquote>\n<h3>IL REPORT SETTIMANALE SULLA SITUAZIONE COVID NELLE SCUOLE IN PROVINCIA DI BELLUNO<\/h3>\n<\/blockquote>\n<p><strong>BELLUNO <\/strong>Il Team scuole del Dipartimento di Prevenzione fa il punto settimanale sulla situazione dei contagi nelle scuole della provincia. Dal 14 settembre 2020 ad oggi sono state prese in carico 669 classi.<\/p>\n<p>Classi attualmente in carico al Dipartimento (almeno un positivo):<\/p>\n<table width=\"643\">\n<tbody>\n<tr>\n<td width=\"214\">Ordine e grado<\/td>\n<td width=\"214\">Numero classi<\/td>\n<td width=\"214\">Variazione rispetto alla settimana precedente<\/td>\n<\/tr>\n<tr>\n<td width=\"214\"><strong>infanzia<\/strong><\/td>\n<td width=\"214\">2<\/td>\n<td width=\"214\">0<\/td>\n<\/tr>\n<tr>\n<td width=\"214\"><strong>primaria<\/strong><\/td>\n<td width=\"214\">10<\/td>\n<td width=\"214\">+1<\/td>\n<\/tr>\n<tr>\n<td width=\"214\"><strong>Secondaria primo grado<\/strong><\/td>\n<td width=\"214\">9<\/td>\n<td width=\"214\">+5<\/td>\n<\/tr>\n<tr>\n<td width=\"214\"><strong>Secondaria secondo grado<\/strong><\/td>\n<td width=\"214\">15<\/td>\n<td width=\"214\">+5<\/td>\n<\/tr>\n<tr>\n<td width=\"214\"><strong>TOTALE<\/strong><\/td>\n<td width=\"214\"><strong>36<\/strong><\/td>\n<td width=\"214\"><strong>+11<\/strong><\/td>\n<\/tr>\n<\/tbody>\n<\/table>\n<p>&nbsp;<\/p>\n<p>Di cui, classi attualmente in isolamento:<\/p>\n<table width=\"643\">\n<tbody>\n<tr>\n<td width=\"214\">Ordine e grado<\/td>\n<td width=\"214\">Numero classi<\/td>\n<td width=\"214\">Variazione rispetto alla settimana precedente<\/td>\n<\/tr>\n<tr>\n<td width=\"214\"><strong>infanzia<\/strong><\/td>\n<td width=\"214\">2<\/td>\n<td width=\"214\">0<\/td>\n<\/tr>\n<tr>\n<td width=\"214\"><strong>primaria<\/strong><\/td>\n<td width=\"214\">3<\/td>\n<td width=\"214\">-3<\/td>\n<\/tr>\n<tr>\n<td width=\"214\"><strong>Secondaria primo grado<\/strong><\/td>\n<td width=\"214\">1<\/td>\n<td width=\"214\">-2<\/td>\n<\/tr>\n<tr>\n<td width=\"214\"><strong>Secondaria secondo grado<\/strong><\/td>\n<td width=\"214\">4<\/td>\n<td width=\"214\">+3<\/td>\n<\/tr>\n<tr>\n<td width=\"214\"><strong>TOTALE<\/strong><\/td>\n<td width=\"214\"><strong>10<\/strong><\/td>\n<td width=\"214\"><strong>-2<\/strong><\/td>\n<\/tr>\n<\/tbody>\n<\/table>\n<p>Si ricorda che da oggi il Servizio di Igiene e Sanit\u00e0 Pubblica dell\u2019Ulss Dolomiti ha disposto la DIDATTICA ESCLUSIVAMENTE A DISTANZA a partire dal II anno della scuola secondaria di 1\u00b0 grado degli istituti del Distretto 1 di Belluno per 14 giorni.<\/p>\n<p>&nbsp;<\/p>\n<p>&nbsp;<\/p>\n<hr \/>\n<p>&nbsp;<\/p>\n<blockquote>\n<h3 class=\"p1\"><span class=\"s1\">SCUOLA, D\u2019INC\u00c0: \u201cAL VENETO 87 MILIONI PER SICUREZZA E RIQUALIFICAZIONE ENERGETICA\u201d<\/span><\/h3>\n<\/blockquote>\n<p class=\"p1\"><span class=\"s1\"><strong><a href=\"https:\/\/www.radiopiu.net\/wordpress\/giornale-radiopiu-13-febbraio-2021-direttore-mirko-mezzacasa\/dinca-5\/\" rel=\"attachment wp-att-190918\"><img loading=\"lazy\" decoding=\"async\" class=\"size-medium wp-image-190918 alignleft\" src=\"https:\/\/www.radiopiu.net\/wordpress\/wp-content\/uploads\/2021\/02\/dinca-300x300.jpg\" alt=\"\" width=\"300\" height=\"300\" srcset=\"https:\/\/www.radiopiu.net\/wordpress\/wp-content\/uploads\/2021\/02\/dinca-300x300.jpg 300w, https:\/\/www.radiopiu.net\/wordpress\/wp-content\/uploads\/2021\/02\/dinca-1024x1024.jpg 1024w, https:\/\/www.radiopiu.net\/wordpress\/wp-content\/uploads\/2021\/02\/dinca-150x150.jpg 150w, https:\/\/www.radiopiu.net\/wordpress\/wp-content\/uploads\/2021\/02\/dinca-768x767.jpg 768w, https:\/\/www.radiopiu.net\/wordpress\/wp-content\/uploads\/2021\/02\/dinca.jpg 1080w\" sizes=\"auto, (max-width: 300px) 100vw, 300px\" \/><\/a>ROMA<\/strong> \u201cIl Veneto ricever\u00e0 quasi 87 milioni di euro per la messa in sicurezza e la riqualificazione energetica delle scuole secondarie di secondo grado. \u00c8 un ulteriore passo in avanti per la sicurezza dei nostri ragazzi, dei docenti e del personale impegnato nella scuola, un settore strategico su cui si continuer\u00e0 ad investire con forte determinazione\u201d.<span class=\"Apple-converted-space\">\u00a0 <\/span>Lo afferma Federico D\u2019Inc\u00e0, Ministro per i Rapporti con il Parlamento, in merito allo stanziamento di 86.703.670 euro per il Veneto, dal 2021 al 2024, previsti dal Dl \u2018Agosto\u2019. \u201cLe somme stanziate \u2013 prosegue il Ministro D\u2019Inc\u00e0 \u2013 saranno attribuite direttamente alle Province, alle Citt\u00e0 metropolitane e agli enti di decentramento territoriale e serviranno a rendere pi\u00f9 sicuri i nostri istituti scolastici. In particolare, a livello territoriale la provincia di Belluno ricever\u00e0 4.465.027 euro; quella di Padova 17.075.731 euro; la provincia di Rovigo 6.338.235 euro; quella di Treviso 17.393.602 euro; quella di Venezia 13.120.597; quella di Verona 12.264.630 euro e la provincia di Vicenza 16.045.847 euro. Si tratta di risorse importanti per il nostro territorio e, come ha sottolineato il Ministro dell\u2019Istruzione Patrizio Bianchi, presto si sbloccheranno ulteriori investimenti&#8221;.<span class=\"Apple-converted-space\">\u00a0 <\/span>&#8220;Il Governo, quindi, continua a lavorare con estrema attenzione per la scuola. Il Movimento 5 Stelle mantiene il proprio obiettivo per garantire un&#8217;adeguata formazione nei confronti dei nostri giovani \u2013 conclude il Ministro per i Rapporti con il Parlamento\u201d.<\/span><\/p>\n<blockquote><p><strong>Intanto il Ministro per i rapporti con il Parlamento Federico D\u2019Inc\u00e0 ha ricevuto la delega alle riforme istituzionali. Il conferimento dell\u2019incarico \u00e8 stato formalizzato in occasione del Consiglio dei Ministri.<\/strong><\/p><\/blockquote>\n<p>&nbsp;<\/p>\n<p>&nbsp;<\/p>\n<hr \/>\n<p>&nbsp;<\/p>\n<blockquote>\n<h3>I BUONI UFFICI DELLA FEMCA CISL, E DOLOMITIBUS RIVEDE GLI ORARI<\/h3>\n<\/blockquote>\n<p><strong><img loading=\"lazy\" decoding=\"async\" class=\"alignleft\" src=\"https:\/\/www.radiopiu.net\/wordpress\/wp-content\/uploads\/2020\/07\/814ace46-a8a2-4c2d-a100-4d87aa509ef3.jpg\" width=\"199\" height=\"149\" \/>AGORDO<\/strong>\u00a0 Dopo settimane di richieste\u00a0 i delegati Femca Cisl della Luxottica di Agordo di richieste sono finalmente riusciti a far anticipare le corriere di ritorno del turno notte, riportando la partenza 7 minuti dopo la fine del turno. Questo nuovo orario partir\u00e0 marted\u00ec 16 marzo.\u00a0 &#8220;Ci dispiace\u00a0 invece\u00a0 comunicare &#8211; dicono i delegati &#8211;\u00a0 che per oggi non sono stati raggiunti i numeri di adesioni necessari per assiccurare le corriere, pertanto il servizio non ci sar\u00e0&#8221;.<\/p>\n<p>&nbsp;<\/p>\n<a href=\"https:\/\/www.radiopiu.net\/wordpress\/wp-content\/uploads\/2021\/03\/ora-notte-Agordo-da-16-mar-2021.pdf\" class=\"pdfemb-viewer\" style=\"\" data-width=\"max\" data-height=\"max\" data-toolbar=\"top\" data-toolbar-fixed=\"on\">ora-notte-Agordo-da-16-mar-2021<\/a>\n<p>&nbsp;<\/p>\n<hr \/>\n<p>&nbsp;<\/p>\n<blockquote>\n<h3>PRENOTAZIONI LABORATORI ANALISI ULSS 1: RIPRISTINATO TOTALMENTE IL SERVIZIO ONLINE<\/h3>\n<\/blockquote>\n<p><strong><a href=\"https:\/\/www.radiopiu.net\/wordpress\/aggiornamenti-organizzativi-ulss-1-dolomiti-del-9-marzo-2020-la-situazione-dei-servizi-rimane-invariata\/ulss-1-dolomiti-logo\/\" rel=\"attachment wp-att-121256\"><img loading=\"lazy\" decoding=\"async\" class=\" wp-image-121256 alignleft\" src=\"https:\/\/www.radiopiu.net\/wordpress\/wp-content\/uploads\/2020\/03\/ULSS-1-DOLOMITI-LOGO.jpg\" alt=\"\" width=\"193\" height=\"142\" \/><\/a>BELLUNO <\/strong>La ditta TEOM, che gestisce i totem dei laboratori analisi, ha\u00a0 totalmente ripristinato il servizio di prenotazione online dal sito <a href=\"http:\/\/www.aulss1.veneto.it\/\">www.aulss1.veneto.it<\/a> degli accessi ai laboratori analisi dell\u2019ulss Dolomiti. Il guasto si era verificato a causa si un incendio del datacenter a Strasburgo dove sono situati i server in cloud della ditta TEOM. Le prenotazioni per questi giorni erano gi\u00e0 inserite e sono state garantite le urgenze, come di consuetudine, con accesso libero. L\u2019Ulss Dolomiti si scusa per il disagio dovuto a cause esterne.<\/p>\n<p>&nbsp;<\/p>\n<p>&nbsp;<\/p>\n<hr \/>\n<p>&nbsp;<\/p>\n<blockquote>\n<h2><img loading=\"lazy\" decoding=\"async\" class=\"alignleft\" src=\"https:\/\/www.radiopiu.net\/wordpress\/wp-content\/uploads\/2021\/03\/IMG_20210104_113301892.jpg\" width=\"140\" height=\"118\" \/>DA TRE GIORNI CERCASI MUNU&#8217;<\/h2>\n<\/blockquote>\n<p><strong>AGORDO<\/strong> \u00a0Da 3 giorni il gatto, Mun\u00f9, non \u00e8 tornato. Il gatto ha 5 anni, maschio, sterilizzato, con microchip, ma senza collare. Tigrato con il mento bianco, magro, socievole. Telefono <strong>\u00a03349718606 <\/strong>Carmen<\/p>\n<p>&nbsp;<\/p>\n<p>&nbsp;<\/p>\n<hr \/>\n<blockquote>\n<h3><\/h3>\n<h3>UOMO, LUPO E IL PARCO PER LA POSSIBILE CONVIVENZA<\/h3>\n<\/blockquote>\n<p><strong><a href=\"https:\/\/www.radiopiu.net\/wordpress\/allarme-lupi-guerriero-confindustria-belluno-dolomiti-serve-una-gestione-sostenibile-vicenda-emblematica-del-vivere-in-montagna\/lupo-3\/\" rel=\"attachment wp-att-152444\"><img loading=\"lazy\" decoding=\"async\" class=\"size-medium wp-image-152444 alignleft\" src=\"https:\/\/www.radiopiu.net\/wordpress\/wp-content\/uploads\/2020\/07\/LUPO-e1596200814836-300x199.jpg\" alt=\"\" width=\"300\" height=\"199\" srcset=\"https:\/\/www.radiopiu.net\/wordpress\/wp-content\/uploads\/2020\/07\/LUPO-e1596200814836-300x199.jpg 300w, https:\/\/www.radiopiu.net\/wordpress\/wp-content\/uploads\/2020\/07\/LUPO-e1596200814836-1024x678.jpg 1024w, https:\/\/www.radiopiu.net\/wordpress\/wp-content\/uploads\/2020\/07\/LUPO-e1596200814836-768x508.jpg 768w, https:\/\/www.radiopiu.net\/wordpress\/wp-content\/uploads\/2020\/07\/LUPO-e1596200814836-1536x1017.jpg 1536w, https:\/\/www.radiopiu.net\/wordpress\/wp-content\/uploads\/2020\/07\/LUPO-e1596200814836.jpg 1920w\" sizes=\"auto, (max-width: 300px) 100vw, 300px\" \/><\/a>FELTRE<\/strong>\u00a0 Il Parco Nazionale delle Dolomiti Bellunesi \u00e8 uno dei 19 partner del progetto LIFE Wolfalps EU che, come recita il titolo stesso del progetto, nasce per realizzare \u201cazioni coordinate per migliorare la coesistenza fra lupo e attivit\u00e0 umane a livello di popolazione alpina\u201d. Il budget a disposizione del Parco \u00e8 di 251.000 euro in 5 anni e il 45 % di questi fondi \u00e8 utilizzato per azioni di assistenza tecnica agli allevatori, per fornire e installare recinzioni elettrificate per prevenire i possibili attacchi al bestiame domestico, oltre naturalmente che per risarcire rapidamente gli eventuali danni subiti in caso di predazione. Nel corso dell\u2019estate del 2020 all\u2019interno del Parco hanno pascolato 200 bovini, circa 1800 ovini e una ventina tra asini e cavalli. Grazie all\u2019installazione di recinti elettrificati di propriet\u00e0 dei pastori o forniti dal Parco e alla stretta collaborazione con gli allevatori, sono stati predati dal lupo 5 capi ovini, prontamente risarciti dal Parco ai proprietari. L\u2019assistenza agli allevatori e la prevenzione dei danni da predazione sono il nucleo fondamentale delle azioni del LIFE Wolfalps EU, e nel corso del 2020 \u00e8 stata attivata una specifica squadra di supporto per il posizionamento e il controllo dei recinti elettrificati e per la consulenza agli allevatori. Nel corso della stagione tutti gli alpeggi sono stati raggiunti direttamente o telefonicamente ed \u00e8 stata prestata l\u2019assistenza richiesta. <em>\u201cLa posizione del Parco sul tema lupo &#8211; ha dichiarato il Presidente Ennio Vigne \u2013 \u00e8 chiara e definita da tempo. Il nostro impegno \u00e8 quello di conciliare la conservazione della biodiversit\u00e0, della quale il lupo costituisce un tassello fondamentale e insostituibile, con il mantenimento delle attivit\u00e0 di alpeggio. Le risorse finanziarie del progetto LIFE Wolfalps ci consentono di dare concreta attuazione a questo obiettivo. La convivenza tra uomo e lupo \u00e8 possibile, come testimonia l\u2019esperienza di questi anni all\u2019interno del Parco, ma richiede impegno e piena collaborazione tra Ente pubblico e soggetti privati&#8221;<\/em>.<\/p>\n<p>&nbsp;<\/p>\n<hr \/>\n<p>&nbsp;<\/p>\n<blockquote>\n<h3>BOND (FI): Liberalizziamo i vaccini, i cittadini devono poter scegliere<\/h3>\n<\/blockquote>\n<p><strong><a href=\"https:\/\/www.radiopiu.net\/wordpress\/ritirati-in-tutto-il-veneto-i-flaconi-di-astrazeneca\/images-301\/\" rel=\"attachment wp-att-196523\"><img loading=\"lazy\" decoding=\"async\" class=\" wp-image-196523 alignleft\" src=\"https:\/\/www.radiopiu.net\/wordpress\/wp-content\/uploads\/2021\/03\/images.jpg\" alt=\"\" width=\"236\" height=\"157\" \/><\/a>ROMA<\/strong> \u201cAl di l\u00e0 della questione Astrazeneca che sta ponendo diversi dubbi, probabilmente infondati, sarebbe comunque cosa buona e giusta lasciare ai cittadini la possibilit\u00e0 di scegliere la somministrazione del vaccino dell\u2019una o dell\u2019altra azienda. Per ottenere questo, occorre liberalizzare i vaccini. Condivido in pieno l&#8217;approccio al tema della leader di Fratelli d&#8217;Italia, Giorgia Meloni. Dovrebbe diventare l&#8217;approccio di tutti. Proprio perch\u00e9 il vaccino \u00e8 un bene comune ed \u00e8 prioritario che ad accedere sia il numero pi\u00f9 alto possibile di persone. E\u2019 assurdo avere diverse tipologie di vaccino salva vita e non poterle utilizzare tutte, a scelta del cittadino, perch\u00e9 non si ha la disponibilit\u00e0 sul mercato nazionale necessaria a coprirne il fabbisogno. Il Governo ha gli strumenti e soprattutto il dovere di promuovere accordi tra le aziende farmaceutiche per garantire un aumento di produzione anche grazie alla licenza temporanea del brevetto. Solo liberalizzando la produzione e dando ai cittadini maggiori possibilit\u00e0 di scelta, si possono aumentare i numeri e raggiungere l\u2019immunit\u00e0 di gregge. E\u2019 un dovere che abbiamo nei confronti dei cittadini\u201d.<\/p>\n<p>&nbsp;<\/p>\n<hr \/>\n<p>&nbsp;<\/p>\n<blockquote>\n<h3>Bando comunale per la mobilit\u00e0 sostenibile: circa 300 le domande gi\u00e0 ammesse a contributo per l\u2019acquisto di bicilette a pedalata muscolare o assistita. Nei prossimi giorni il via all\u2019erogazione dei pagamenti.<\/h3>\n<\/blockquote>\n<p><strong><a href=\"https:\/\/www.radiopiu.net\/wordpress\/giornale-radiopiu-26-11-direttore-mirko-mezzacasa\/mtb-marco-sponga-discesa-marmolada-avventura-bicicletta-neve-sport-3\/\" rel=\"attachment wp-att-13377\"><img loading=\"lazy\" decoding=\"async\" class=\"wp-image-13377 alignleft\" src=\"https:\/\/www.radiopiu.net\/wordpress\/wp-content\/uploads\/2015\/11\/Mtb-Marco-Sponga-discesa-Marmolada-avventura-bicicletta-neve-sport-3-300x200.jpg\" alt=\"\" width=\"179\" height=\"119\" \/><\/a>FELTRE\u00a0<\/strong>Sono circa 300 le domande dei cittadini gi\u00e0 ammesse a contributo per l\u2019acquisto di una bicicletta a pedalata muscolare o assistita, in relazione al bando comunale emesso alcuni mesi fa per favorire la mobilit\u00e0 sostenibile. Le domande complessive presentate sono state\u00a0 384; le conferme d\u2019acquisto pervenute nei termini previsti e corredate dalla corretta documentazione sono state 232: 122 relative a biciclette a pedalata assistita e 110 a quelle a pedalata muscolare, (una cinquantina riguardano l\u2019acquisto di biciclette destinate a bambini e ragazzi), per un finanziamento comunale complessivo pari a oltre 68 mila euro. Lo stanziamento totale del bando prevedeva circa 89 mila euro; con la cifra residua (circa 21 mila euro) sar\u00e0 ora possibile esaminare e soddisfare anche le prime 67 richieste \u201cin lista d\u2019attesa\u201d, portando quindi il numero totale delle domande evase a circa 300.<\/p>\n<p>&nbsp;<\/p>\n<hr \/>\n<p>&nbsp;<\/p>\n<blockquote>\n<h3>LAVORI DI ASFALTATURA IN VIA NASSA A FELTRE<\/h3>\n<\/blockquote>\n<p><strong>FELTRE <\/strong>Dal 15 marzo al 2 aprile lavori in corso in via Nassa a Feltre dove sono previsti degli interventi straordinari di asfaltatura. Dalle 8 alle 18 sar\u00e0 vietato il transito a tutti i veicoli, cicli e motocicli. Il passaggio sar\u00e0 consentito solo ed esclusivamente ai residenti nei tratti non soggetti ai lavori. Sar\u00e0 garantito il transito pedonale in sicurezza.<\/p>\n<p>&nbsp;<\/p>\n<p>&nbsp;<\/p>\n<hr \/>\n<p>&nbsp;<\/p>\n<blockquote>\n<h3>CARMELO DINOTO DIVENTA PRESIDENTE DEL CNCT DEL TRIVENETO BERTON: \u201cPANDEMIA E TRANSIZIONE 4.0, SVOLTA EPOCALE\u201d<\/h3>\n<\/blockquote>\n<p><strong>BELLUNO<\/strong> Carmelo Dinoto, attualmente alla guida della Sezione Servizi Innovativi e Tecnologici di Confindustria Belluno Dolomiti, \u00e8 stato eletto presidente triveneto del CNCT, il Comitato nazionale di coordinamento territoriale, che \u2013 all\u2019interno dell\u2019Associazione degli Industriali &#8211; si occupa di coordinare sul territorio le iniziative a sostegno del multiforme settore dei servizi per l\u2019innovazione: un mondo in continua evoluzione che va dalle imprese di software, cloud e servizi energetici a quello del marketing e della creativit\u00e0. Medico e titolare della Sma Service di Belluno \u2013 azienda leader nel settore della medicina aziendale \u2013 Dinoto rappresenter\u00e0 centinaia di aziende del Veneto e Friuli Venezia Giulia. <em>\u201cSi tratta di una nomina strategica in un momento delicatissimo per l\u2019economia e il settore dei servizi in particolare, alle prese con cambiamenti tecnologici radicali e accelerati proprio dalla pandemia. La stessa rivoluzione 4.0 ha anticipato i tempi\u201d, commenta Lorraine Berton, presidente di Confindustria Belluno Dolomiti. \u201cSono certa che Dinoto porter\u00e0 le sue competenze e la sua energia\u201d. <\/em><\/p>\n<p>&nbsp;<\/p>\n<hr \/>\n<p>&nbsp;<\/p>\n<blockquote>\n<h3>\u00a0IL CONSIGLIO COMUNALE PRONTO PER APPROVARE IL\u00a0 DUP<\/h3>\n<\/blockquote>\n<p><strong>TAIBON<\/strong> Venerdi alle 18 si terr\u00e0 il consiglio comunale in modalit\u00e0 telematica. All&#8217;ordine del giorno: approvazione bilancio di previsione 2021, approvazione bilancio previsionale e relazione di bilancio della Azienda Speciale Consortile Agordina, servizio associato tributi convenzione con l&#8217;Unione Montana; Approvazione del Documento Unico di Programmazione <a href=\"https:\/\/www.radiopiu.net\/wordpress\/stefano-da-zanche-sindaco-di-gosaldo-ha-giurato-inizia-la-legislatura\/79c9f1e1-b965-41be-9cbf-10134d99e6d6\/\" rel=\"attachment wp-att-164723\"><img loading=\"lazy\" decoding=\"async\" class=\"size-medium wp-image-164723 alignleft\" src=\"https:\/\/www.radiopiu.net\/wordpress\/wp-content\/uploads\/2020\/10\/79c9f1e1-b965-41be-9cbf-10134d99e6d6-300x150.jpg\" alt=\"\" width=\"300\" height=\"150\" srcset=\"https:\/\/www.radiopiu.net\/wordpress\/wp-content\/uploads\/2020\/10\/79c9f1e1-b965-41be-9cbf-10134d99e6d6-300x150.jpg 300w, https:\/\/www.radiopiu.net\/wordpress\/wp-content\/uploads\/2020\/10\/79c9f1e1-b965-41be-9cbf-10134d99e6d6-1024x512.jpg 1024w, https:\/\/www.radiopiu.net\/wordpress\/wp-content\/uploads\/2020\/10\/79c9f1e1-b965-41be-9cbf-10134d99e6d6-768x384.jpg 768w, https:\/\/www.radiopiu.net\/wordpress\/wp-content\/uploads\/2020\/10\/79c9f1e1-b965-41be-9cbf-10134d99e6d6-1536x768.jpg 1536w, https:\/\/www.radiopiu.net\/wordpress\/wp-content\/uploads\/2020\/10\/79c9f1e1-b965-41be-9cbf-10134d99e6d6.jpg 2048w\" sizes=\"auto, (max-width: 300px) 100vw, 300px\" \/><\/a>(diretta canali RADIO PIU facebook, youtube, telegram)<\/p>\n<p>&nbsp;<\/p>\n<p>&nbsp;<\/p>\n<p>&nbsp;<\/p>\n<p>&nbsp;<\/p>\n<p><strong>DI GIANNI SANTOMASO <\/strong><\/p>\n<audio class=\"wp-audio-shortcode\" id=\"audio-196551-2\" preload=\"none\" style=\"width: 100%;\" controls=\"controls\"><source type=\"audio\/mpeg\" src=\"https:\/\/www.radiopiu.net\/wordpress\/wp-content\/uploads\/2021\/03\/GIANNI-CONSIGLIO-TAIBON.mp3?_=2\" \/><a href=\"https:\/\/www.radiopiu.net\/wordpress\/wp-content\/uploads\/2021\/03\/GIANNI-CONSIGLIO-TAIBON.mp3\">https:\/\/www.radiopiu.net\/wordpress\/wp-content\/uploads\/2021\/03\/GIANNI-CONSIGLIO-TAIBON.mp3<\/a><\/audio>\n<p>\u200b<\/p>\n<blockquote>\n<h3>IL COMUNE ALIENA IL TERRENO A SARASIN<\/h3>\n<\/blockquote>\n<p><strong>GOSALDO<\/strong> Mercoledi alle 18 consiglio comunale convocato dal sindaco Stefano Da Zanche, all&#8217;ordine del giorno la variazione al bilancio, variazione di cassa approvata dalla Giunta; servizio associato tributi e riscossione; alienazione terreno in localit\u00e0 Sarasin. (diretta canali RADIO PIU facebook, youtube, telegram)<\/p>\n<p>&nbsp;<\/p>\n<hr \/>\n<blockquote>\n<h3><\/h3>\n<h3>SOTTOCOPERTA&#8230; IN STREAMING, ultimo appuntamento<\/h3>\n<\/blockquote>\n<p><strong>LIMANA<\/strong> Sabato alle 21 concerto in musica e parole &#8220;La citt\u00e0 della gioia&#8221;, con Erika Boschiero voce e chitarra e Sergio Marchesini fisarmonica.\u00a0 I due artisti proporranno un viaggio intenso e delicato attraverso ci\u00f2 che siamo stati, che siamo e potremo essere come individui e come societ\u00e0, nelle nostre contraddizioni, nelle nostre relazioni, fino alle tensioni pi\u00f9 universali e collettive. Per seguire la diretta streaming del concerto prenotate il vostro link a questo indirizzo mail: sbogo.limana@valbelluna.bl.it entro le\u00a0 12 di sabato indicando nome, cognome e recapito telefonico. Dopo le 12 di sabato sar\u00f2 possibile prenotare il\u00a0 link mandando la mail con un messaggio Whatsapp al\u00a0 3518478653.<\/p>\n<p>&nbsp;<\/p>\n<hr \/>\n<p>&nbsp;<\/p>\n<blockquote>\n<h3>SERSA CERCA INFERMIERI<\/h3>\n<\/blockquote>\n<p><strong>BELLUNO<\/strong>\u00a0 Ser.S.A. Srl avvia una selezione pubblica per la predisposizione di una graduatoria di idoneit\u00e0 per<br \/>\nl\u2019assunzione di personale con titolo di Infermiere con contratto a tempo indeterminato e determinato. La domanda va presentata \u00a0direttamente presso gli Uffici Amministrativi di SerSa Srl, in via Andrea Alpago a Belluno telefono\u00a0 0437\/273511; \u00a0tramite PEC (posta elettronica certificata) all\u2019indirizzo sersa@pec.sersa.it; \u00a0mediante raccomandata con avviso di ricevimento indirizzata a SERSA Srl.<\/p>\n<p>&nbsp;<\/p>\n<hr \/>\n<p>&nbsp;<\/p>\n<blockquote>\n<h3>LA LAVORAZIONE DELL\u2019OCCHIALE AL CENTRO DEL NUOVO CORSO GRATUITO PROMOSSO DA CERTOTTICA<\/h3>\n<\/blockquote>\n<p><strong><a href=\"https:\/\/www.radiopiu.net\/wordpress\/giornale-radiopiu-12-marzo-2021-direttore-mirko-mezzacasa\/corso-lavorazioni\/\" rel=\"attachment wp-att-196448\"><img loading=\"lazy\" decoding=\"async\" class=\"wp-image-196448 alignleft\" src=\"https:\/\/www.radiopiu.net\/wordpress\/wp-content\/uploads\/2021\/03\/corso-lavorazioni-300x211.jpg\" alt=\"\" width=\"164\" height=\"115\" srcset=\"https:\/\/www.radiopiu.net\/wordpress\/wp-content\/uploads\/2021\/03\/corso-lavorazioni-300x211.jpg 300w, https:\/\/www.radiopiu.net\/wordpress\/wp-content\/uploads\/2021\/03\/corso-lavorazioni-1024x722.jpg 1024w, https:\/\/www.radiopiu.net\/wordpress\/wp-content\/uploads\/2021\/03\/corso-lavorazioni-768x541.jpg 768w, https:\/\/www.radiopiu.net\/wordpress\/wp-content\/uploads\/2021\/03\/corso-lavorazioni-1536x1083.jpg 1536w, https:\/\/www.radiopiu.net\/wordpress\/wp-content\/uploads\/2021\/03\/corso-lavorazioni-2048x1444.jpg 2048w\" sizes=\"auto, (max-width: 164px) 100vw, 164px\" \/><\/a>LONGARONE<\/strong> Nuova esperienza lavorativa\u00a0 in partenza a fine mese a Certottica\u00a0 per\u00a0 9 disoccupati. L\u2019obiettivo \u00e8 quello di formare l\u2019\u201cAddetto alle lavorazioni per il settore occhialeria\u201d, un profilo che va incontro alle esigenze concrete manifestate dalle aziende, grazie a 200 ore di formazione specialistica in aula, 8 ore di orientamento al ruolo (individuale e di gruppo), 16 ore di visita di studio e ben 320 ore di tirocinio nelle realt\u00e0 del Distretto. Le selezioni sono fissate per il 25 marzo e l\u2019inizio del corso per il 31. Gli interessati\u00a0 consultino\u00a0 il sito www.certottica.it per approfondire tutti i dettagli o a contattare l\u2019Area Formazione di Certottica (formazione@certottica.it, 0437 573157).<\/p>\n<p>&nbsp;<\/p>\n<p>&nbsp;<\/p>\n<hr \/>\n<p>&nbsp;<\/p>\n<blockquote>\n<h3>SETTIMANA MONDIALE DEL GLAUCOMA 8 \u2013 14 MARZO 2021<\/h3>\n<\/blockquote>\n<p><strong>BELLUNO <\/strong>L\u2019Unione Italiana dei Ciechi e degli Ipovedenti ONLUS APS sezione territoriale di Belluno da anni aderisce alle iniziative promosse dalla IAPB Italia Onlus (sezione italiana dell\u2019Agenzia Internazionale per la Prevenzione della Cecit\u00e0). La Settimana Mondiale del Glaucoma quest\u2019anno dall\u20198 al 14 marzo \u00e8 dedicata all\u2019informazione e alla prevenzione del glaucoma o \u201cladro della vista\u201d. Questa malattia cronica degenerativa \u00e8 spesso dovuta all\u2019aumento della pressione interna dell\u2019occhio, che pu\u00f2 danneggiare in modo progressivo e irreversibile il nervo ottico, ovvero il nervo responsabile della trasmissione delle informazioni visive al cervello. Si verifica cos\u00ec una perdita del campo visivo che inizia dalle porzioni pi\u00f9 periferiche coinvolgendo progressivamente quelle centrali. Il glaucoma pu\u00f2 manifestarsi con dolore all\u2019occhio, riduzione del visus, ma molto spesso insorge e progredisce senza che il soggetto avverta alcun disturbo, fino al momento in cui il danno al nervo ottico \u00e8 gi\u00e0 molto avanzato. Per questo, l\u2019unico reale ed efficace strumento di prevenzione \u00e8 la visita oculistica, che consente di diagnosticare la malattia in fase iniziale ancora non grave.<\/p>\n<p>&nbsp;<\/p>\n<hr \/>\n<p>&nbsp;<\/p>\n<p>&nbsp;<\/p>\n<blockquote>\n<h3>INVERNO CONTRASTATO, FEBBRAIO ALTALENANTE<\/h3>\n<\/blockquote>\n<p><strong><img loading=\"lazy\" decoding=\"async\" class=\"alignleft\" src=\"https:\/\/www.radiopiu.net\/wordpress\/wp-content\/uploads\/2016\/04\/meteo_script.gif\" width=\"162\" height=\"162\" \/>PADOVA<\/strong>\u00a0 L\u2019ultimo mese dell\u2019inverno meteorologico 2020\/2021 appena concluso si \u00e8 dimostrato, al contrario dei due mesi precedenti, generalmente pi\u00f9 siccitoso (in media -35% rispetto alla norma) e caldo (in media +2\u00b0C). La caratteristica meteorologica saliente di febbraio \u00e8 stata per\u00f2 il suo andamento fortemente contrastato, con una prima parte piuttosto calda e a tratti umida, in cui si sono concentrate la maggior parte delle precipitazioni mensili, una parte centrale contrassegnata da un improvviso e marcato calo termico associato a giornate stabili e soleggiate di stampo invernale, un\u2019ultima parte con il ritorno di masse d\u2019aria anormalmente miti, che hanno favorito una nuova risalita delle temperature su valori tipici di primavera inoltrata. Le precipitazioni si sono in prevalenza concentrate in dicembre e gennaio, con apporti record soprattutto in montagna nel primo mese (fino a 5-7 volte la media nel Bellunese) e quantitativi tra i pi\u00f9 elevati degli ultimi 30 anni nel secondo. Gli eventi pi\u00f9 importanti si sono registrati in occasione di alcune fasi molto perturbate che hanno interessato la regione in particolare: &#8211; nella prima decade di dicembre, con un evento alluvionale tra il 2 e il 6, &#8211; a fine dicembre con copiose nevicate fino ai fondovalle prealpini il 28-29 dicembre, &#8211; a inizio gennaio con ulteriori nevicate fino a quote basse il giorno 2 &#8211; verso fine gennaio, tra il 21 e il 23, con precipitazioni ancora molto abbondanti in montagna.<\/p>\n<p><strong>TUTTI I DATI E I CONFRONTI COL PASSATO<\/strong><\/p>\n<a href=\"https:\/\/www.radiopiu.net\/wordpress\/wp-content\/uploads\/2021\/03\/Notizia-meteo_inverno-2020-2021.pdf\" class=\"pdfemb-viewer\" style=\"\" data-width=\"max\" data-height=\"max\" data-toolbar=\"top\" data-toolbar-fixed=\"on\">Notizia meteo_inverno 2020-2021<\/a>\n<p>&nbsp;<\/p>\n<p>&nbsp;<\/p>\n<hr \/>\n<p>&nbsp;<\/p>\n<blockquote>\n<h3>FELTRINO. SERNAGIOTTO ILLUSTRA \u201cLA CITT\u00c0 E UN TERRITORIO PONTE\u201d<\/h3>\n<\/blockquote>\n<p><strong>di Renato Bona<\/strong><\/p>\n<p>Si deve al medico e pubblicista Adriano Sernagiotto l\u2019esaustivo capitolo dedicato a Feltre e al Feltrino del libro \u201cBelluno. Viaggio intorno a una provincia\u201d voluto dall\u2019Amministrazione provinciale di Belluno ed edito nel 1989, per il coordinamento di Maurizio Busatta, dalla feltrina Libreria Pilotto per i tipi della Graphic Group pure di Feltre, fotolito Eurocrom di Villorba, composizione tipografia Piave di Belluno. Sotto il titolo \u201cFeltrino. Una citt\u00e0 e un territorio ponte\u201d Sernagiotto richiama subito una mirabile descrizione di Piazza Maggiore: il cuore di Feltre, la \u201cchiave di lettura\u201d della storia e della vita della citt\u00e0, scritta da Giovanni Comisso: \u201cSotto il cielo arioso, come sulla cima di un monte, le logge delle case, le terrazze, le balaustre, le gradinate fanno di questa Piazza uno stupendo teatro all\u2019aperto\u201d. Ricorda quindi che \u201cPer quasi quattro secoli le vicende della citt\u00e0 si intersecarono con quelle di Venezia. Furono legami che consentirono certamente a Feltre di crescere, caratterizzati tuttavia da un sistematico sfruttamento delle risorse della citt\u00e0 e da una severa politica fiscale. N\u00e9 mancarono, in questo lungo periodo, drammatici eventi come le distruzioni del 1509, 1510 e 1511 nel corso della guerra cambraica\u201d e nopn trascura di dire che \u201cA questa dipendenza dalla Serenissima si riferisce il caratteristico Palio\u201d. Impossibile qui l\u2019esposizione di tutti i \u201cgioielli\u201d che connotano la \u201cPiccola citt\u00e0 degli uomini grandi\u201d ci limitiamo a citare il richiamo dell\u2019autore al 1729 anno in cui \u201cun oscuro coadiutore di cancelleria, Carlo Goldoni, iniziava la sua grande stagione di commediografo con \u2018Il Buon vecchio e La Cantatatrice\u2019\u201d con una lapide che ricorda: \u201cI primi applausi salutarono qui il giovane poeta della commedia italiana\u201d. Dopo aver detto che a sud della Piazza Maggiore, dietro un porticato palladiano, vi \u00e8 il Teatro \u201cpiccolo gioiello, con palchi lignei e soffitti istoriati\u201d dove appunto esord\u00ec Goldoni, aggiunge che: \u201cA pochi passi dalla piazza sulla via Paradiso, l\u2019antico palazzo Cumano, galleria unica nel suo genere, raccoglie le opere di Carlo Rizzarda, il mago del ferro battuto\u201d e quindi, dopo un riferimento all\u2019arte e spiritualit\u00e0 col ricordo che:\u201dSotto il piazzale antistante la Cattedrale ed il vicino Battistero antica testimonianza di una comunit\u00e0 religiosa dalle origini antichissime, scavi archeologici intrapresi nel 1970 hanno riportato alla luce i resti di un battistero paleocristiano, Sernagiotto si sofferma su quella che definisce l\u2019altra citt\u00e0 della provincia \u201cpoco o nulla legata al capoluogo, protesa verso la pianura, affacciata alla \u2018Marca zoiosa\u2019 intravista ed imitata, eppur lontana (le carrozze omnibus che sul finire del secolo scorso la univano a Treviso, impiegavano sei ore di viaggio) e non dimentica di ricordare che nel passato fu centro di importanti attivit\u00e0 manifatturiere legate alle risorse del suo vasto territorio. Altra citt\u00e0 nettamente diversa nella struttura urbanistica e nella vita socio-economica da Belluno, centro di una zona complessa in cui lo sviluppo sembra aver trovato altre direttrici, diversi punti di aggregazione\u201d. Ma: \u201cLe grandi speranze degli anni Sessanta di una crescita produttiva si sono infatti parzialmente arenate sulle secche di una industrializzazione per certi aspetti ancora incerta\u2026\u201d. A Feltre resta allora da recuperare in pieno il ruolo di altra citt\u00e0 non in termini di contrapposizione rispetto a Belluno, bens\u00ec come espressione e sintesi di quelle peculiarit\u00e0 storiche e culturali che distinguono il Feltrino dalla restante provincia. Peculiarit\u00e0 che salvaguardando interessi e aspettative dei singoli comuni, richiamano la necessit\u00e0 di una crescita unitaria di tutta la comunit\u00e0 locale, seguendo un modello di sviluppo che riconosce una matrice comune ed un unico cammino\u201d. Seguono &#8211; in questa sede per evidenti ragioni di spazio, a volo d\u2019uccello &#8211; giusti riferimenti a Pedavena &#8211; con i boschi ed i prati del Col Melon e del Monte Avena che richiamano villeggianti alla ricerca di una vacanza a stretto contatto con la natura non inquinata dai clamori del turismo di massa e nuove prospettive che si sono aperte con gli impianti di risalita &#8211; che \u201cnel nome della tradizione \u00e8 stata da sempre associata alla birra\u201d (e non solo, aggiungiamo noi . ndr.); a Seren del Grappa \u201cpiccolo comune con qualche speranza artigianale e industriale cercata nell\u2019unico tratto pianeggiante di un tormentato territorio allo sbocco della valle dello Stizzon\u2026 dove tutto parla ancora della Grande Guerra\u2026\u201d; al \u201ccontado\u201d, interfaccia tra il Feltrino ed il Bellunese, con Cesiomaggiore, Santa Giustina, San Gregorio nelle Alpi, \u201cterra ricca di prodotti dell\u2019agricoltura, residenza di campagna dei patrizi feltrini come testimoniano le belle ville che si possono ancor oggi ammirare\u2026\u201d; e poi Arsi\u00e8, il cui territorio \u201c\u00e8 punteggiato da molte contrade sparse, dalla tipologia caratteristica come i Solivi di Fastro, complesso rustico di case in pietra dalle lunghe balconate di legno, immerso tra il verde dei vigneti\u2026\u201d: e prima ancora Fonzaso dove \u201csono sorti i primi capannoni in un tentativo di industrializzazione che sta gradualmente cambiando il volto paesaggistico ed economico di questa zona\u201d\u2026. E Lamon? Per Sernagiotto \u00e8 \u201cterra di confine, momento di demarcazione tra la realt\u00e0 veneta e quella trentina, forse il meno feltrino di tutti i Comuni della zona, il pi\u00f9 diverso per cultura, tradizioni, dialetto, mentalit\u00e0 della popolazione, isolato tra le sue valli, orgoglioso della propria identit\u00e0\u2026\u201d. E la dirimpettaia Sovramonte? \u201cLa sua \u00e8 storia di rinunce, sacrifici, di tentativi di rompere un isolamento sempre pi\u00f9 pesante, come quando sul finire dell\u2019Ottocento, i sovramontini decisero di costruire una strada da soli, a \u2018pioveghi\u2019 (con prestazione gratuita di manodopera), senza il permesso del governo, sul tracciato dell\u2019attuale Sorriva-Ponte Oltra per cercare uno sbocco sulle tracce dell\u2019antica Altinate, ormai abbandonata come via di grande comunicazione\u2026\u201d. E siamo giunti nel Basso Feltrino con Quero, Vas e Alano che, lontani dai centri di sviluppo economico della Val Belluna, \u201channo visto in questi ultimi anni sorgere una nuova imprenditorialit\u00e0 che ha creato occasioni occupazionali nella carpenteria, nella lavorazione dei metalli, dei lampadari, degli occhiali\u2026\u201d.<\/p>\n\n\t\t\t<style type='text\/css'>\n\t\t\t\t#gallery-3 {\n\t\t\t\t\tmargin: auto;\n\t\t\t\t}\n\t\t\t\t#gallery-3 .gallery-item {\n\t\t\t\t\tfloat: left;\n\t\t\t\t\tmargin-top: 10px;\n\t\t\t\t\ttext-align: center;\n\t\t\t\t\twidth: 12%;\n\t\t\t\t}\n\t\t\t\t#gallery-3 img {\n\t\t\t\t\tborder: 2px solid #cfcfcf;\n\t\t\t\t}\n\t\t\t\t#gallery-3 .gallery-caption {\n\t\t\t\t\tmargin-left: 0;\n\t\t\t\t}\n\t\t\t\t\/* see gallery_shortcode() in wp-includes\/media.php *\/\n\t\t\t<\/style>\n\t\t<div id='gallery-3' class='dt-gallery-container gallery galleryid-196551 gallery-columns-8 gallery-size-thumbnail'><dl class='gallery-item'>\n\t\t\t\t<dt class='gallery-icon landscape'>\n\t\t\t\t\t<a class=\"rollover rollover-zoom dt-pswp-item\" title=\"160392145_1003613840045798_1246944596276491262_n\" data-dt-img-description=\"\" data-large_image_width=\"2107\" data-large_image_height=\"1591\"href='https:\/\/www.radiopiu.net\/wordpress\/wp-content\/uploads\/2021\/03\/160392145_1003613840045798_1246944596276491262_n.jpg'><img loading=\"lazy\" decoding=\"async\" width=\"150\" height=\"150\" src=\"https:\/\/www.radiopiu.net\/wordpress\/wp-content\/uploads\/2021\/03\/160392145_1003613840045798_1246944596276491262_n-150x150.jpg\" class=\"attachment-thumbnail size-thumbnail\" alt=\"\" \/><\/a>\n\t\t\t\t<\/dt><\/dl><dl class='gallery-item'>\n\t\t\t\t<dt class='gallery-icon portrait'>\n\t\t\t\t\t<a class=\"rollover rollover-zoom dt-pswp-item\" title=\"160214761_131919715521176_4537787461964475445_n\" data-dt-img-description=\"\" data-large_image_width=\"1624\" data-large_image_height=\"2560\"href='https:\/\/www.radiopiu.net\/wordpress\/wp-content\/uploads\/2021\/03\/160214761_131919715521176_4537787461964475445_n-scaled.jpg'><img loading=\"lazy\" decoding=\"async\" width=\"150\" height=\"150\" src=\"https:\/\/www.radiopiu.net\/wordpress\/wp-content\/uploads\/2021\/03\/160214761_131919715521176_4537787461964475445_n-150x150.jpg\" class=\"attachment-thumbnail size-thumbnail\" alt=\"\" \/><\/a>\n\t\t\t\t<\/dt><\/dl><dl class='gallery-item'>\n\t\t\t\t<dt class='gallery-icon landscape'>\n\t\t\t\t\t<a class=\"rollover rollover-zoom dt-pswp-item\" title=\"160381911_344579740224896_7593729603929003487_n\" data-dt-img-description=\"\" data-large_image_width=\"2064\" data-large_image_height=\"1223\"href='https:\/\/www.radiopiu.net\/wordpress\/wp-content\/uploads\/2021\/03\/160381911_344579740224896_7593729603929003487_n.jpg'><img loading=\"lazy\" decoding=\"async\" width=\"150\" height=\"150\" src=\"https:\/\/www.radiopiu.net\/wordpress\/wp-content\/uploads\/2021\/03\/160381911_344579740224896_7593729603929003487_n-150x150.jpg\" class=\"attachment-thumbnail size-thumbnail\" alt=\"\" \/><\/a>\n\t\t\t\t<\/dt><\/dl><dl class='gallery-item'>\n\t\t\t\t<dt class='gallery-icon portrait'>\n\t\t\t\t\t<a class=\"rollover rollover-zoom dt-pswp-item\" title=\"160166454_256606292759535_9147859841831697478_n\" data-dt-img-description=\"\" data-large_image_width=\"1786\" data-large_image_height=\"2560\"href='https:\/\/www.radiopiu.net\/wordpress\/wp-content\/uploads\/2021\/03\/160166454_256606292759535_9147859841831697478_n-scaled.jpg'><img loading=\"lazy\" decoding=\"async\" width=\"150\" height=\"150\" src=\"https:\/\/www.radiopiu.net\/wordpress\/wp-content\/uploads\/2021\/03\/160166454_256606292759535_9147859841831697478_n-150x150.jpg\" class=\"attachment-thumbnail size-thumbnail\" alt=\"\" \/><\/a>\n\t\t\t\t<\/dt><\/dl><dl class='gallery-item'>\n\t\t\t\t<dt class='gallery-icon portrait'>\n\t\t\t\t\t<a class=\"rollover rollover-zoom dt-pswp-item\" title=\"159998903_2885629351724800_5111288338926064654_n\" data-dt-img-description=\"\" data-large_image_width=\"2035\" data-large_image_height=\"2560\"href='https:\/\/www.radiopiu.net\/wordpress\/wp-content\/uploads\/2021\/03\/159998903_2885629351724800_5111288338926064654_n-scaled.jpg'><img loading=\"lazy\" decoding=\"async\" width=\"150\" height=\"150\" src=\"https:\/\/www.radiopiu.net\/wordpress\/wp-content\/uploads\/2021\/03\/159998903_2885629351724800_5111288338926064654_n-150x150.jpg\" class=\"attachment-thumbnail size-thumbnail\" alt=\"\" \/><\/a>\n\t\t\t\t<\/dt><\/dl><dl class='gallery-item'>\n\t\t\t\t<dt class='gallery-icon landscape'>\n\t\t\t\t\t<a class=\"rollover rollover-zoom dt-pswp-item\" title=\"159959599_624593195041713_6320359683440172069_n\" data-dt-img-description=\"\" data-large_image_width=\"2560\" data-large_image_height=\"1609\"href='https:\/\/www.radiopiu.net\/wordpress\/wp-content\/uploads\/2021\/03\/159959599_624593195041713_6320359683440172069_n-scaled.jpg'><img loading=\"lazy\" decoding=\"async\" width=\"150\" height=\"150\" src=\"https:\/\/www.radiopiu.net\/wordpress\/wp-content\/uploads\/2021\/03\/159959599_624593195041713_6320359683440172069_n-150x150.jpg\" class=\"attachment-thumbnail size-thumbnail\" alt=\"\" \/><\/a>\n\t\t\t\t<\/dt><\/dl><dl class='gallery-item'>\n\t\t\t\t<dt class='gallery-icon landscape'>\n\t\t\t\t\t<a class=\"rollover rollover-zoom dt-pswp-item\" title=\"160468434_195844908546210_8422837474376095263_n\" data-dt-img-description=\"\" data-large_image_width=\"2187\" data-large_image_height=\"1571\"href='https:\/\/www.radiopiu.net\/wordpress\/wp-content\/uploads\/2021\/03\/160468434_195844908546210_8422837474376095263_n.jpg'><img loading=\"lazy\" decoding=\"async\" width=\"150\" height=\"150\" src=\"https:\/\/www.radiopiu.net\/wordpress\/wp-content\/uploads\/2021\/03\/160468434_195844908546210_8422837474376095263_n-150x150.jpg\" class=\"attachment-thumbnail size-thumbnail\" alt=\"\" \/><\/a>\n\t\t\t\t<\/dt><\/dl><dl class='gallery-item'>\n\t\t\t\t<dt class='gallery-icon portrait'>\n\t\t\t\t\t<a class=\"rollover rollover-zoom dt-pswp-item\" title=\"159920227_137740221579210_8133016143255853302_n\" data-dt-img-description=\"\" data-large_image_width=\"1954\" data-large_image_height=\"2447\"href='https:\/\/www.radiopiu.net\/wordpress\/wp-content\/uploads\/2021\/03\/159920227_137740221579210_8133016143255853302_n.jpg'><img loading=\"lazy\" decoding=\"async\" width=\"150\" height=\"150\" src=\"https:\/\/www.radiopiu.net\/wordpress\/wp-content\/uploads\/2021\/03\/159920227_137740221579210_8133016143255853302_n-150x150.jpg\" class=\"attachment-thumbnail size-thumbnail\" alt=\"\" \/><\/a>\n\t\t\t\t<\/dt><\/dl><br style=\"clear: both\" \/><dl class='gallery-item'>\n\t\t\t\t<dt class='gallery-icon landscape'>\n\t\t\t\t\t<a class=\"rollover rollover-zoom dt-pswp-item\" title=\"159844762_700689990610238_7665749195655143769_n\" data-dt-img-description=\"\" data-large_image_width=\"2301\" data-large_image_height=\"1779\"href='https:\/\/www.radiopiu.net\/wordpress\/wp-content\/uploads\/2021\/03\/159844762_700689990610238_7665749195655143769_n.jpg'><img loading=\"lazy\" decoding=\"async\" width=\"150\" height=\"150\" src=\"https:\/\/www.radiopiu.net\/wordpress\/wp-content\/uploads\/2021\/03\/159844762_700689990610238_7665749195655143769_n-150x150.jpg\" class=\"attachment-thumbnail size-thumbnail\" alt=\"\" \/><\/a>\n\t\t\t\t<\/dt><\/dl><dl class='gallery-item'>\n\t\t\t\t<dt class='gallery-icon landscape'>\n\t\t\t\t\t<a class=\"rollover rollover-zoom dt-pswp-item\" title=\"160612457_494145398263851_7226039972998056004_n\" data-dt-img-description=\"\" data-large_image_width=\"2560\" data-large_image_height=\"1698\"href='https:\/\/www.radiopiu.net\/wordpress\/wp-content\/uploads\/2021\/03\/160612457_494145398263851_7226039972998056004_n-scaled.jpg'><img loading=\"lazy\" decoding=\"async\" width=\"150\" height=\"150\" src=\"https:\/\/www.radiopiu.net\/wordpress\/wp-content\/uploads\/2021\/03\/160612457_494145398263851_7226039972998056004_n-150x150.jpg\" class=\"attachment-thumbnail size-thumbnail\" alt=\"\" \/><\/a>\n\t\t\t\t<\/dt><\/dl><dl class='gallery-item'>\n\t\t\t\t<dt class='gallery-icon landscape'>\n\t\t\t\t\t<a class=\"rollover rollover-zoom dt-pswp-item\" title=\"159856688_394587761976374_1766815721057747104_n\" data-dt-img-description=\"\" data-large_image_width=\"2486\" data-large_image_height=\"1471\"href='https:\/\/www.radiopiu.net\/wordpress\/wp-content\/uploads\/2021\/03\/159856688_394587761976374_1766815721057747104_n.jpg'><img loading=\"lazy\" decoding=\"async\" width=\"150\" height=\"150\" src=\"https:\/\/www.radiopiu.net\/wordpress\/wp-content\/uploads\/2021\/03\/159856688_394587761976374_1766815721057747104_n-150x150.jpg\" class=\"attachment-thumbnail size-thumbnail\" alt=\"\" \/><\/a>\n\t\t\t\t<\/dt><\/dl><dl class='gallery-item'>\n\t\t\t\t<dt class='gallery-icon landscape'>\n\t\t\t\t\t<a class=\"rollover rollover-zoom dt-pswp-item\" title=\"159859915_242601300830380_7996862616538253970_n\" data-dt-img-description=\"\" data-large_image_width=\"2560\" data-large_image_height=\"1629\"href='https:\/\/www.radiopiu.net\/wordpress\/wp-content\/uploads\/2021\/03\/159859915_242601300830380_7996862616538253970_n-scaled.jpg'><img loading=\"lazy\" decoding=\"async\" width=\"150\" height=\"150\" src=\"https:\/\/www.radiopiu.net\/wordpress\/wp-content\/uploads\/2021\/03\/159859915_242601300830380_7996862616538253970_n-150x150.jpg\" class=\"attachment-thumbnail size-thumbnail\" alt=\"\" \/><\/a>\n\t\t\t\t<\/dt><\/dl><dl class='gallery-item'>\n\t\t\t\t<dt class='gallery-icon portrait'>\n\t\t\t\t\t<a class=\"rollover rollover-zoom dt-pswp-item\" title=\"160163313_248484753596903_6245036557125691807_n\" data-dt-img-description=\"\" data-large_image_width=\"1779\" data-large_image_height=\"2560\"href='https:\/\/www.radiopiu.net\/wordpress\/wp-content\/uploads\/2021\/03\/160163313_248484753596903_6245036557125691807_n-scaled.jpg'><img loading=\"lazy\" decoding=\"async\" width=\"150\" height=\"150\" src=\"https:\/\/www.radiopiu.net\/wordpress\/wp-content\/uploads\/2021\/03\/160163313_248484753596903_6245036557125691807_n-150x150.jpg\" class=\"attachment-thumbnail size-thumbnail\" alt=\"\" \/><\/a>\n\t\t\t\t<\/dt><\/dl><dl class='gallery-item'>\n\t\t\t\t<dt class='gallery-icon portrait'>\n\t\t\t\t\t<a class=\"rollover rollover-zoom dt-pswp-item\" title=\"159880316_935346200570754_6729782890762163861_n\" data-dt-img-description=\"\" data-large_image_width=\"1793\" data-large_image_height=\"2560\"href='https:\/\/www.radiopiu.net\/wordpress\/wp-content\/uploads\/2021\/03\/159880316_935346200570754_6729782890762163861_n-scaled.jpg'><img loading=\"lazy\" decoding=\"async\" width=\"150\" height=\"150\" src=\"https:\/\/www.radiopiu.net\/wordpress\/wp-content\/uploads\/2021\/03\/159880316_935346200570754_6729782890762163861_n-150x150.jpg\" class=\"attachment-thumbnail size-thumbnail\" alt=\"\" \/><\/a>\n\t\t\t\t<\/dt><\/dl><dl class='gallery-item'>\n\t\t\t\t<dt class='gallery-icon landscape'>\n\t\t\t\t\t<a class=\"rollover rollover-zoom dt-pswp-item\" title=\"159873067_429857098295086_3785766648470542558_n\" data-dt-img-description=\"\" data-large_image_width=\"2560\" data-large_image_height=\"1771\"href='https:\/\/www.radiopiu.net\/wordpress\/wp-content\/uploads\/2021\/03\/159873067_429857098295086_3785766648470542558_n-scaled.jpg'><img loading=\"lazy\" decoding=\"async\" width=\"150\" height=\"150\" src=\"https:\/\/www.radiopiu.net\/wordpress\/wp-content\/uploads\/2021\/03\/159873067_429857098295086_3785766648470542558_n-150x150.jpg\" class=\"attachment-thumbnail size-thumbnail\" alt=\"\" \/><\/a>\n\t\t\t\t<\/dt><\/dl><dl class='gallery-item'>\n\t\t\t\t<dt class='gallery-icon portrait'>\n\t\t\t\t\t<a class=\"rollover rollover-zoom dt-pswp-item\" title=\"159900540_138265604778610_3974268351173588767_n\" data-dt-img-description=\"\" data-large_image_width=\"1859\" data-large_image_height=\"2560\"href='https:\/\/www.radiopiu.net\/wordpress\/wp-content\/uploads\/2021\/03\/159900540_138265604778610_3974268351173588767_n-scaled.jpg'><img loading=\"lazy\" decoding=\"async\" width=\"150\" height=\"150\" src=\"https:\/\/www.radiopiu.net\/wordpress\/wp-content\/uploads\/2021\/03\/159900540_138265604778610_3974268351173588767_n-150x150.jpg\" class=\"attachment-thumbnail size-thumbnail\" alt=\"\" \/><\/a>\n\t\t\t\t<\/dt><\/dl><br style=\"clear: both\" \/>\n\t\t\t<\/div>\n\n<p>NELLE FOTO (riproduzioni dal libro \u201cBelluno. Viaggio intorno a una provincia\u201d): la prima immagine proposta per il capitolo su Feltre e il Feltrino: \u201cCitt\u00e0 dipinta\u201d, Feltre \u00e8 una galleria d\u2019arte all\u2019aperto e casa Aldovini Mezzanotte propone affreschi cinquecenteschi con scene che si rifanno alla storia romana; scorcio notturno di Piazza Maggiore; le \u201cscalette vecchie\u201d che da Porta Pusterla portano alla piazzetta delle Biade e sulla destra la loggetta del Palazzo Pretorio; un\u2019istantanea giustamente riservata al Palio; la sala delle caldaie di produzione della birra, a Pedavena; due scorci da Valle di Seren; la tavolozza di colori offerta da Anzaven di Cesiomaggiore; Lattebusche esempio di efficienza e qualit\u00e0; un rustico della frazione Fumach di San Gregorio; la pianura di Fonzaso; il curioso \u201cportale d\u2019ingresso\u201d del ponte della Vittoria sul lago del Corlo, inaugurato nel 1928 e sulla destra la frazione di Rocca; Arina di Lamon con la neve; San Giorgio a Sorriva di Sovramonte; la piazza di Alano; le nuove industrie di Quero; la cartiera di Vas ormai solo elemento di archeologia industriale.<\/p>\n<p>&nbsp;<\/p>\n<p>&nbsp;<\/p>\n<hr \/>\n<p>&nbsp;<\/p>\n<h1><span style=\"color: #ff0000;\">IERI ALLA RADIO<\/span><\/h1>\n<h2><strong><a href=\"https:\/\/www.radiopiu.net\/wordpress\/asca-allarga-lo-smart-working\/smart-working\/\" rel=\"attachment wp-att-120941\"><img loading=\"lazy\" decoding=\"async\" class=\"size-medium wp-image-120941 alignleft\" src=\"https:\/\/www.radiopiu.net\/wordpress\/wp-content\/uploads\/2020\/03\/SMART-WORKING-300x211.jpg\" alt=\"\" width=\"300\" height=\"211\" srcset=\"https:\/\/www.radiopiu.net\/wordpress\/wp-content\/uploads\/2020\/03\/SMART-WORKING-300x211.jpg 300w, https:\/\/www.radiopiu.net\/wordpress\/wp-content\/uploads\/2020\/03\/SMART-WORKING-1024x721.jpg 1024w, https:\/\/www.radiopiu.net\/wordpress\/wp-content\/uploads\/2020\/03\/SMART-WORKING-768x541.jpg 768w, https:\/\/www.radiopiu.net\/wordpress\/wp-content\/uploads\/2020\/03\/SMART-WORKING.jpg 1198w\" sizes=\"auto, (max-width: 300px) 100vw, 300px\" \/><\/a><span style=\"color: #800080;\">DA BERLINO AD AGORDO, CARLO BORTOLINI E LA SUA ESPERIENZA LAVORATIVA<\/span><\/strong><\/h2>\n<p><strong>di Claudio Fontanive<\/strong><\/p>\n<audio class=\"wp-audio-shortcode\" id=\"audio-196551-3\" preload=\"none\" style=\"width: 100%;\" controls=\"controls\"><source type=\"audio\/mpeg\" src=\"https:\/\/www.radiopiu.net\/wordpress\/wp-content\/uploads\/2021\/03\/carlo-bortolini.mp3?_=3\" \/><a href=\"https:\/\/www.radiopiu.net\/wordpress\/wp-content\/uploads\/2021\/03\/carlo-bortolini.mp3\">https:\/\/www.radiopiu.net\/wordpress\/wp-content\/uploads\/2021\/03\/carlo-bortolini.mp3<\/a><\/audio>\n<p>&nbsp;<\/p>\n<p>&nbsp;<\/p>\n<hr \/>\n<p>&nbsp;<\/p>\n<h2><strong><a href=\"https:\/\/www.radiopiu.net\/wordpress\/un-fine-settimana-da-dimenticare-per-marco-tormen-ad-adria\/tormen-adria-1\/\" rel=\"attachment wp-att-93334\"><img loading=\"lazy\" decoding=\"async\" class=\"size-medium wp-image-93334 alignleft\" src=\"https:\/\/www.radiopiu.net\/wordpress\/wp-content\/uploads\/2019\/07\/TORMEN-ADRIA-1-300x200.jpeg\" alt=\"\" width=\"300\" height=\"200\" srcset=\"https:\/\/www.radiopiu.net\/wordpress\/wp-content\/uploads\/2019\/07\/TORMEN-ADRIA-1-300x200.jpeg 300w, https:\/\/www.radiopiu.net\/wordpress\/wp-content\/uploads\/2019\/07\/TORMEN-ADRIA-1-768x512.jpeg 768w, https:\/\/www.radiopiu.net\/wordpress\/wp-content\/uploads\/2019\/07\/TORMEN-ADRIA-1-1024x682.jpeg 1024w, https:\/\/www.radiopiu.net\/wordpress\/wp-content\/uploads\/2019\/07\/TORMEN-ADRIA-1.jpeg 1600w\" sizes=\"auto, (max-width: 300px) 100vw, 300px\" \/><\/a><span style=\"color: #ff6600;\">NUOVO TEAM PER MARCO TORMEN. IL PILOTA DI KART A RADIO PIU&#8217;<\/span><\/strong><\/h2>\n<p><strong>TAIBON<\/strong> Ospite degli studi di Radio Pi\u00f9\u00a0 il pilota di kart Marco Tormen. Il ragazzo di Voltago dopo alcuni anni passati nel Team Praga, a partire da questa stagione si vestir\u00e0 di rosso per approdare nel Modena Kart. Un&#8217;intervista a 360 gradi con Marco che spiegher\u00e0 quali saranno i cambiamenti a partire da questo 2021 con tanti impegni in programma, dal Campionato Italiano al Mondiale che quest&#8217;anno sar\u00e0 disputato in Svezia.<\/p>\n<p><strong>L&#8217;INTERVISTA A MARCO TORMEN<\/strong><\/p>\n<audio class=\"wp-audio-shortcode\" id=\"audio-196551-4\" preload=\"none\" style=\"width: 100%;\" controls=\"controls\"><source type=\"audio\/mpeg\" src=\"https:\/\/www.radiopiu.net\/wordpress\/wp-content\/uploads\/2021\/03\/MARCO-TORMEN-OK.mp3?_=4\" \/><a href=\"https:\/\/www.radiopiu.net\/wordpress\/wp-content\/uploads\/2021\/03\/MARCO-TORMEN-OK.mp3\">https:\/\/www.radiopiu.net\/wordpress\/wp-content\/uploads\/2021\/03\/MARCO-TORMEN-OK.mp3<\/a><\/audio>\n<p>&nbsp;<\/p>\n<hr \/>\n<p>&nbsp;<\/p>\n<h2><\/h2>\n<h2><span style=\"color: #ff0000;\"><a href=\"https:\/\/www.radiopiu.net\/wordpress\/giornale-radiopiu-05-gennaio-2021-direttore-mirko-mezzacasa\/133200401_100838761953611_1258544160541445132_o-2\/\" rel=\"attachment wp-att-183078\"><img loading=\"lazy\" decoding=\"async\" class=\" wp-image-183078 alignleft\" src=\"https:\/\/www.radiopiu.net\/wordpress\/wp-content\/uploads\/2021\/01\/133200401_100838761953611_1258544160541445132_o-1-300x157.jpg\" alt=\"\" width=\"192\" height=\"101\" srcset=\"https:\/\/www.radiopiu.net\/wordpress\/wp-content\/uploads\/2021\/01\/133200401_100838761953611_1258544160541445132_o-1-300x157.jpg 300w, https:\/\/www.radiopiu.net\/wordpress\/wp-content\/uploads\/2021\/01\/133200401_100838761953611_1258544160541445132_o-1.jpg 526w\" sizes=\"auto, (max-width: 192px) 100vw, 192px\" \/><\/a>GOCCE DI FILOSOFIA, CON CHIARA CAU, CON LISA DE LUCA. <\/span><\/h2>\n<h2><span style=\"color: #ff0000;\">TUTTI I GIORNI DAL LUNEDI AL VENERDI ALLE 6.55 E ALLE 18.55<\/span><\/h2>\n<p><strong>PUNTATA 50<\/strong><\/p>\n<audio class=\"wp-audio-shortcode\" id=\"audio-196551-5\" preload=\"none\" style=\"width: 100%;\" controls=\"controls\"><source type=\"audio\/mpeg\" src=\"https:\/\/www.radiopiu.net\/wordpress\/wp-content\/uploads\/2021\/03\/FI5.mp3?_=5\" \/><a href=\"https:\/\/www.radiopiu.net\/wordpress\/wp-content\/uploads\/2021\/03\/FI5.mp3\">https:\/\/www.radiopiu.net\/wordpress\/wp-content\/uploads\/2021\/03\/FI5.mp3<\/a><\/audio>\n<h3>LA RACCOLTA COMPLETA<\/h3>\n<blockquote class=\"wp-embedded-content\" data-secret=\"ToUfwwNOpe\"><p><a href=\"https:\/\/www.radiopiu.net\/wordpress\/gocce-filosofia\/\">Gocce di filosofia<\/a><\/p><\/blockquote>\n<p><iframe loading=\"lazy\" class=\"wp-embedded-content\" sandbox=\"allow-scripts\" security=\"restricted\" style=\"position: absolute; clip: rect(1px, 1px, 1px, 1px);\" title=\"&#8220;Gocce di filosofia&#8221; &#8212; Radio Pi\u00f9\" src=\"https:\/\/www.radiopiu.net\/wordpress\/gocce-filosofia\/embed\/#?secret=ToUfwwNOpe\" data-secret=\"ToUfwwNOpe\" width=\"600\" height=\"338\" frameborder=\"0\" marginwidth=\"0\" marginheight=\"0\" scrolling=\"no\"><\/iframe><\/p>\n<p>&nbsp;<\/p>\n<p>&nbsp;<\/p>\n<hr \/>\n<h2><span style=\"color: #ff0000;\">\u00a0ALLA RADIO<\/span><\/h2>\n<blockquote><p><strong>CONOSCIAMO I CORI DELLA PROVINCIA, IL CORO ALPINO DI ALLEGHE. INTERVISTA DI SILVIA BALDO, CORALE DI LIMANA.<\/strong><\/p><\/blockquote>\n<p>&nbsp;<\/p>\n<div style=\"width: 640px;\" class=\"wp-video\"><video class=\"wp-video-shortcode\" id=\"video-196551-2\" width=\"640\" height=\"360\" preload=\"metadata\" controls=\"controls\"><source type=\"video\/mp4\" src=\"https:\/\/www.radiopiu.net\/wordpress\/wp-content\/uploads\/2021\/03\/WhatsApp-Video-2021-03-11-at-08.43.52.mp4?_=2\" \/><a href=\"https:\/\/www.radiopiu.net\/wordpress\/wp-content\/uploads\/2021\/03\/WhatsApp-Video-2021-03-11-at-08.43.52.mp4\">https:\/\/www.radiopiu.net\/wordpress\/wp-content\/uploads\/2021\/03\/WhatsApp-Video-2021-03-11-at-08.43.52.mp4<\/a><\/video><\/div>\n<p><strong><span style=\"color: #0000ff;\">6 CORO CAI DI BELLUNO\u00a0 ROBERTO TORMEN\u00a0 E MARINO\u00a0 CASAGRANDE<\/span><\/strong><\/p>\n<h1>LA RACCOLTA COMPLETA<\/h1>\n<p>https:\/\/www.radiopiu.net\/wordpress\/corocaibelluno\/<\/p>\n<p>&nbsp;<\/p>\n<p>&nbsp;<\/p>\n<p>&nbsp;<\/p>\n<hr \/>\n<p>&nbsp;<\/p>\n<blockquote>\n<h2>FANTASTICHE DOLOMITI, NUOVA STAGIONE. APPUNTAMENTO QUINDICINALE IL GIOVEDI ALLE 10.30 E 19.00<\/h2>\n<\/blockquote>\n<h2><span style=\"color: #ff0000;\">LA UNDICESIMA PUNTATA dell&#8217;11marzo2021<\/span><\/h2>\n<p><strong><a href=\"https:\/\/www.radiopiu.net\/wordpress\/raccolta-completa\/121869645_648442942701436_4748562330148520081_n-2\/\" rel=\"attachment wp-att-196402\"><img loading=\"lazy\" decoding=\"async\" class=\"wp-image-196402 alignleft\" src=\"https:\/\/www.radiopiu.net\/wordpress\/wp-content\/uploads\/2021\/02\/121869645_648442942701436_4748562330148520081_n-1-300x169.jpg\" alt=\"\" width=\"160\" height=\"90\" srcset=\"https:\/\/www.radiopiu.net\/wordpress\/wp-content\/uploads\/2021\/02\/121869645_648442942701436_4748562330148520081_n-1-300x169.jpg 300w, https:\/\/www.radiopiu.net\/wordpress\/wp-content\/uploads\/2021\/02\/121869645_648442942701436_4748562330148520081_n-1-1024x576.jpg 1024w, https:\/\/www.radiopiu.net\/wordpress\/wp-content\/uploads\/2021\/02\/121869645_648442942701436_4748562330148520081_n-1-768x432.jpg 768w, https:\/\/www.radiopiu.net\/wordpress\/wp-content\/uploads\/2021\/02\/121869645_648442942701436_4748562330148520081_n-1-1536x864.jpg 1536w, https:\/\/www.radiopiu.net\/wordpress\/wp-content\/uploads\/2021\/02\/121869645_648442942701436_4748562330148520081_n-1.jpg 1707w\" sizes=\"auto, (max-width: 160px) 100vw, 160px\" \/><\/a>OSPITE IL PRESIDENTE CLAUDIO CANOVA, due giovani veterinari Michele e Maria investono nell&#8217;attivit\u00e0 sostenibile, l&#8217;allevamento delle trote a Piz di Sospirolo<\/strong><\/p>\n<audio class=\"wp-audio-shortcode\" id=\"audio-196551-6\" preload=\"none\" style=\"width: 100%;\" controls=\"controls\"><source type=\"audio\/mpeg\" src=\"https:\/\/www.radiopiu.net\/wordpress\/wp-content\/uploads\/2021\/03\/fantastiche-dolomiti-11-mazo.mp3?_=6\" \/><a href=\"https:\/\/www.radiopiu.net\/wordpress\/wp-content\/uploads\/2021\/03\/fantastiche-dolomiti-11-mazo.mp3\">https:\/\/www.radiopiu.net\/wordpress\/wp-content\/uploads\/2021\/03\/fantastiche-dolomiti-11-mazo.mp3<\/a><\/audio>\n<p>&nbsp;<\/p>\n<h3>LA RACCOLTA COMPLETA<\/h3>\n<p>https:\/\/www.radiopiu.net\/wordpress\/raccolta-completa\/<\/p>\n<p>&nbsp;<\/p>\n<p>&nbsp;<\/p>\n<p>&nbsp;<\/p>\n<hr \/>\n<blockquote>\n<h3><\/h3>\n<h3>CISL, LA VOCE DEI LAVORATORI. IL CONTRATTO NAZIONALE NELLE ASSEMBLEE E IL PREMIO PRUDUZIONE<\/h3>\n<\/blockquote>\n<p><strong>PUNTATA DEL 10 MARZO 2021<\/strong><\/p>\n<p>OSPITI: <strong>RAFFAELE SALVATONI,<\/strong> 50 anni Segretario nazionale della FEMCA CISL. Il numero uno dei tessili CISL bergamaschi\u00a0 ha assunto\u00a0 la responsabilit\u00e0 del settore moda.<strong> PAOLO CHISSALE&#8217;<\/strong> da qualche settimana in pensione, gi\u00e0 RSU Luxottica Agordo.<\/p>\n<p>audio<\/p>\n<audio class=\"wp-audio-shortcode\" id=\"audio-196551-7\" preload=\"none\" style=\"width: 100%;\" controls=\"controls\"><source type=\"audio\/mpeg\" src=\"https:\/\/www.radiopiu.net\/wordpress\/wp-content\/uploads\/2021\/03\/CISL.mp3?_=7\" \/><a href=\"https:\/\/www.radiopiu.net\/wordpress\/wp-content\/uploads\/2021\/03\/CISL.mp3\">https:\/\/www.radiopiu.net\/wordpress\/wp-content\/uploads\/2021\/03\/CISL.mp3<\/a><\/audio>\n<p>&nbsp;<\/p>\n\n\t\t\t<style type='text\/css'>\n\t\t\t\t#gallery-4 {\n\t\t\t\t\tmargin: auto;\n\t\t\t\t}\n\t\t\t\t#gallery-4 .gallery-item {\n\t\t\t\t\tfloat: left;\n\t\t\t\t\tmargin-top: 10px;\n\t\t\t\t\ttext-align: center;\n\t\t\t\t\twidth: 50%;\n\t\t\t\t}\n\t\t\t\t#gallery-4 img {\n\t\t\t\t\tborder: 2px solid #cfcfcf;\n\t\t\t\t}\n\t\t\t\t#gallery-4 .gallery-caption {\n\t\t\t\t\tmargin-left: 0;\n\t\t\t\t}\n\t\t\t\t\/* see gallery_shortcode() in wp-includes\/media.php *\/\n\t\t\t<\/style>\n\t\t<div id='gallery-4' class='dt-gallery-container gallery galleryid-196551 gallery-columns-2 gallery-size-thumbnail'><dl class='gallery-item'>\n\t\t\t\t<dt class='gallery-icon landscape'>\n\t\t\t\t\t<a class=\"rollover rollover-zoom dt-pswp-item\" title=\"th\" data-dt-img-description=\"\" data-large_image_width=\"300\" data-large_image_height=\"300\"href='https:\/\/www.radiopiu.net\/wordpress\/wp-content\/uploads\/2021\/03\/th-7.jpg'><img loading=\"lazy\" decoding=\"async\" width=\"150\" height=\"150\" src=\"https:\/\/www.radiopiu.net\/wordpress\/wp-content\/uploads\/2021\/03\/th-7-150x150.jpg\" class=\"attachment-thumbnail size-thumbnail\" alt=\"\" srcset=\"https:\/\/www.radiopiu.net\/wordpress\/wp-content\/uploads\/2021\/03\/th-7-150x150.jpg 150w, https:\/\/www.radiopiu.net\/wordpress\/wp-content\/uploads\/2021\/03\/th-7.jpg 300w\" sizes=\"auto, (max-width: 150px) 100vw, 150px\" \/><\/a>\n\t\t\t\t<\/dt><\/dl><dl class='gallery-item'>\n\t\t\t\t<dt class='gallery-icon landscape'>\n\t\t\t\t\t<a class=\"rollover rollover-zoom dt-pswp-item\" title=\"PAOLO CHISSALE\" data-dt-img-description=\"\" data-large_image_width=\"275\" data-large_image_height=\"183\"href='https:\/\/www.radiopiu.net\/wordpress\/wp-content\/uploads\/2018\/01\/PAOLO-CHISSALE.jpg'><img loading=\"lazy\" decoding=\"async\" width=\"150\" height=\"150\" src=\"https:\/\/www.radiopiu.net\/wordpress\/wp-content\/uploads\/2018\/01\/PAOLO-CHISSALE-150x150.jpg\" class=\"attachment-thumbnail size-thumbnail\" alt=\"\" \/><\/a>\n\t\t\t\t<\/dt><\/dl><br style=\"clear: both\" \/>\n\t\t\t<\/div>\n\n<p>&nbsp;<\/p>\n<p>&nbsp;<\/p>\n<hr \/>\n<p>&nbsp;<\/p>\n<h2><span style=\"color: #ff0000;\">prossimamente ALLA RADIO\u00a0<\/span><\/h2>\n<h2>DAL 22 MARZO&#8230; CON CLAUDIO PRA<\/h2>\n<div style=\"width: 854px;\" class=\"wp-video\"><video class=\"wp-video-shortcode\" id=\"video-196551-3\" width=\"854\" height=\"480\" preload=\"metadata\" controls=\"controls\"><source type=\"video\/mp4\" src=\"https:\/\/www.radiopiu.net\/wordpress\/wp-content\/uploads\/2021\/03\/WhatsApp-Video-2021-03-09-at-18.43.48.mp4?_=3\" \/><a href=\"https:\/\/www.radiopiu.net\/wordpress\/wp-content\/uploads\/2021\/03\/WhatsApp-Video-2021-03-09-at-18.43.48.mp4\">https:\/\/www.radiopiu.net\/wordpress\/wp-content\/uploads\/2021\/03\/WhatsApp-Video-2021-03-09-at-18.43.48.mp4<\/a><\/video><\/div>\n<div class=\"wp-media-wrapper wp-audio\">\n<div id=\"mep_0\" class=\"mejs-container mejs-container-keyboard-inactive wp-audio-shortcode mejs-audio\" tabindex=\"0\" role=\"application\" aria-label=\"Audio Player\">\n<div class=\"mejs-inner\">\n<div class=\"mejs-controls\">\n<p>&nbsp;<\/p>\n<p><a class=\"mejs-horizontal-volume-slider\" role=\"slider\" aria-label=\"Cursore del volume\" aria-valuemin=\"0\" aria-valuemax=\"100\" aria-valuenow=\"100\"><span class=\"mejs-offscreen\">.\u00a0<\/span><\/a><\/p>\n<hr \/>\n<div class=\"mejs-horizontal-volume-total\">\n<div class=\"mejs-horizontal-volume-current\"><\/div>\n<div><\/div>\n<\/div>\n<\/div>\n<div><span style=\"color: #ff0000;\">MUSLA, IL NUOVO PROGRAMMA<\/span><\/div>\n<\/div>\n<\/div>\n<\/div>\n<div class=\"details\">\n<h1 class=\"filename\">Pontada-2-Elo-che-l-LADIN<\/h1>\n<\/div>\n<audio class=\"wp-audio-shortcode\" id=\"audio-196551-8\" preload=\"none\" style=\"width: 100%;\" controls=\"controls\"><source type=\"audio\/mpeg\" src=\"https:\/\/www.radiopiu.net\/wordpress\/wp-content\/uploads\/2021\/03\/Pontada-2-Elo-che-l-LADIN.mp3?_=8\" \/><a href=\"https:\/\/www.radiopiu.net\/wordpress\/wp-content\/uploads\/2021\/03\/Pontada-2-Elo-che-l-LADIN.mp3\">https:\/\/www.radiopiu.net\/wordpress\/wp-content\/uploads\/2021\/03\/Pontada-2-Elo-che-l-LADIN.mp3<\/a><\/audio>\n<p>&nbsp;<\/p>\n<blockquote>\n<h2>LA RACCOLTA COMPLETA<\/h2>\n<\/blockquote>\n<blockquote class=\"wp-embedded-content\" data-secret=\"9auCMjU9Tm\"><p><a href=\"https:\/\/www.radiopiu.net\/wordpress\/agora-agordina-la-nosta-piaza\/\">AGORA&#8217; AGORDINA&#8230; LA NOSTA PIAZA LADINA.  pagina in aggiornamento continuo<\/a><\/p><\/blockquote>\n<p><iframe loading=\"lazy\" class=\"wp-embedded-content\" sandbox=\"allow-scripts\" security=\"restricted\" style=\"position: absolute; clip: rect(1px, 1px, 1px, 1px);\" title=\"&#8220;AGORA&#8217; AGORDINA&#8230; LA NOSTA PIAZA LADINA.  pagina in aggiornamento continuo&#8221; &#8212; Radio Pi\u00f9\" src=\"https:\/\/www.radiopiu.net\/wordpress\/agora-agordina-la-nosta-piaza\/embed\/#?secret=9auCMjU9Tm\" data-secret=\"9auCMjU9Tm\" width=\"600\" height=\"338\" frameborder=\"0\" marginwidth=\"0\" marginheight=\"0\" scrolling=\"no\"><\/iframe><\/p>\n<p>&nbsp;<\/p>\n<p>&nbsp;<\/p>\n<hr \/>\n<div>\n<h2><span style=\"color: #ff0000;\"><a href=\"https:\/\/www.radiopiu.net\/wordpress\/ieri-alla-radio-leggermente-bellunesi-di-luisa-alchini\/158286232_1602990903222304_8080828599590912308_o\/\" rel=\"attachment wp-att-195976\"><img loading=\"lazy\" decoding=\"async\" class=\"wp-image-195976 alignleft\" src=\"https:\/\/www.radiopiu.net\/wordpress\/wp-content\/uploads\/2021\/03\/158286232_1602990903222304_8080828599590912308_o-195x300.jpg\" alt=\"\" width=\"159\" height=\"245\" srcset=\"https:\/\/www.radiopiu.net\/wordpress\/wp-content\/uploads\/2021\/03\/158286232_1602990903222304_8080828599590912308_o-195x300.jpg 195w, https:\/\/www.radiopiu.net\/wordpress\/wp-content\/uploads\/2021\/03\/158286232_1602990903222304_8080828599590912308_o.jpg 526w\" sizes=\"auto, (max-width: 159px) 100vw, 159px\" \/><\/a>ALLA RADIO<\/span><\/h2>\n<\/div>\n<div>\n<h2><strong>LE\u00a0 PUNTATE di Luisa Alchini di Leggermente Bellunesi, la domenica alle 11, <span style=\"color: #0000ff;\">IL MARTEDI IN PRIMA EDIZIONE\u00a0<\/span> alle 10.30 e alle 19.00<\/strong><\/h2>\n<\/div>\n<div>\n<div dir=\"auto\">Una raccolta di testimonianze di giovani bellunesi che hanno deciso di fare le valigie per vivere un&#8217;esperienza professionale all&#8217;estero. Fanno parte della generazione &#8220;expat&#8221;. Benvenuti nell&#8217;emigrazione 2.0<\/div>\n<\/div>\n<div dir=\"auto\"><\/div>\n<div dir=\"auto\"><\/div>\n<div dir=\"auto\"><\/div>\n<div dir=\"auto\"><strong>AUDIO<\/strong><\/div>\n<div>\n<audio class=\"wp-audio-shortcode\" id=\"audio-196551-9\" preload=\"none\" style=\"width: 100%;\" controls=\"controls\"><source type=\"audio\/mpeg\" src=\"https:\/\/www.radiopiu.net\/wordpress\/wp-content\/uploads\/2021\/03\/21lebbermenteABMemigrazioneduepuntozero.mp3?_=9\" \/><a href=\"https:\/\/www.radiopiu.net\/wordpress\/wp-content\/uploads\/2021\/03\/21lebbermenteABMemigrazioneduepuntozero.mp3\">https:\/\/www.radiopiu.net\/wordpress\/wp-content\/uploads\/2021\/03\/21lebbermenteABMemigrazioneduepuntozero.mp3<\/a><\/audio>\n<\/div>\n<blockquote>\n<div>\n<h2><strong style=\"font-size: 14px;\"><span style=\"color: #000000;\">RACCOLTA COMPLETA<\/span><\/strong><\/h2>\n<\/div>\n<blockquote class=\"wp-embedded-content\" data-secret=\"NOjI8sBQb9\"><p><a href=\"https:\/\/www.radiopiu.net\/wordpress\/leggermente-20\/\">LEGGERmente&#8230;Bellunesi<\/a><\/p><\/blockquote>\n<p><iframe loading=\"lazy\" class=\"wp-embedded-content\" sandbox=\"allow-scripts\" security=\"restricted\" style=\"position: absolute; clip: rect(1px, 1px, 1px, 1px);\" title=\"&#8220;LEGGERmente&#8230;Bellunesi&#8221; &#8212; Radio Pi\u00f9\" src=\"https:\/\/www.radiopiu.net\/wordpress\/leggermente-20\/embed\/#?secret=NOjI8sBQb9\" data-secret=\"NOjI8sBQb9\" width=\"600\" height=\"338\" frameborder=\"0\" marginwidth=\"0\" marginheight=\"0\" scrolling=\"no\"><\/iframe><\/p>\n<p>&nbsp;<\/p><\/blockquote>\n<p>&nbsp;<\/p>\n<hr \/>\n<p>&nbsp;<\/p>\n<h2><span style=\"color: #ff0000;\"><img decoding=\"async\" class=\"alignleft\" src=\"https:\/\/www.radiopiu.net\/wordpress\/wp-content\/uploads\/2021\/03\/th-5.jpg\" \/><\/span><\/h2>\n<h2><\/h2>\n<h2><span style=\"color: #ff0000;\">ALLA RADIO<\/span><\/h2>\n<h2><span style=\"color: #008000;\">ERBE E PIANTE CURATIVE&#8230;IL\u00a0 PROGRAMMA DI PAOLA LANCIATO<\/span><\/h2>\n<p><strong>SESTA\u00a0 PUNTATA &#8211; L&#8217;AGRIFOGLIO<\/strong><\/p>\n<audio class=\"wp-audio-shortcode\" id=\"audio-196551-10\" preload=\"none\" style=\"width: 100%;\" controls=\"controls\"><source type=\"audio\/mpeg\" src=\"https:\/\/www.radiopiu.net\/wordpress\/wp-content\/uploads\/2021\/03\/6-LAgrifoglio-M.mp3?_=10\" \/><a href=\"https:\/\/www.radiopiu.net\/wordpress\/wp-content\/uploads\/2021\/03\/6-LAgrifoglio-M.mp3\">https:\/\/www.radiopiu.net\/wordpress\/wp-content\/uploads\/2021\/03\/6-LAgrifoglio-M.mp3<\/a><\/audio>\n<p>&nbsp;<\/p>\n<p><strong>LA RACCOLTA COMPLETA<\/strong><\/p>\n<blockquote class=\"wp-embedded-content\" data-secret=\"P9PPVzAeTn\"><p><a href=\"https:\/\/www.radiopiu.net\/wordpress\/erbe-e-piante-curative\/\">ERBE E PIANTE CURATIVE<\/a><\/p><\/blockquote>\n<p><iframe loading=\"lazy\" class=\"wp-embedded-content\" sandbox=\"allow-scripts\" security=\"restricted\" style=\"position: absolute; clip: rect(1px, 1px, 1px, 1px);\" title=\"&#8220;ERBE E PIANTE CURATIVE&#8221; &#8212; Radio Pi\u00f9\" src=\"https:\/\/www.radiopiu.net\/wordpress\/erbe-e-piante-curative\/embed\/#?secret=P9PPVzAeTn\" data-secret=\"P9PPVzAeTn\" width=\"600\" height=\"338\" frameborder=\"0\" marginwidth=\"0\" marginheight=\"0\" scrolling=\"no\"><\/iframe><\/p>\n<p>&nbsp;<\/p>\n<p>&nbsp;<\/p>\n<p>&nbsp;<\/p>\n<hr \/>\n<blockquote>\n<h3><a href=\"https:\/\/www.radiopiu.net\/wordpress\/almanacco-ladino-puntata-5-2020\/sn\/\" rel=\"attachment wp-att-180931\"><img loading=\"lazy\" decoding=\"async\" class=\"wp-image-180931 alignleft\" src=\"https:\/\/www.radiopiu.net\/wordpress\/wp-content\/uploads\/2020\/12\/sn-300x194.jpg\" alt=\"\" width=\"181\" height=\"117\" srcset=\"https:\/\/www.radiopiu.net\/wordpress\/wp-content\/uploads\/2020\/12\/sn-300x194.jpg 300w, https:\/\/www.radiopiu.net\/wordpress\/wp-content\/uploads\/2020\/12\/sn.jpg 626w\" sizes=\"auto, (max-width: 181px) 100vw, 181px\" \/><\/a>L&#8217;ALMANACCO LADINO CON L&#8217;ISTITUT CESA DE JAN QUINDICINALE APPUNTAMENTO. LA DOMENICA ALLE 9 IL LUNEDI ALLE 8.35 IL MARTEDI ALLE 12.35 IL MERCOLEDI ALLE 18.35. SECONDA STAGIONE.<\/h3>\n<\/blockquote>\n<p><strong>RACCOLTA COMPLETA\u00a0<\/strong><\/p>\n<blockquote class=\"wp-embedded-content\" data-secret=\"t8Y6jB0CET\"><p><a href=\"https:\/\/www.radiopiu.net\/wordpress\/almanacco-ladino\/\">Almanacco Ladino<\/a><\/p><\/blockquote>\n<p><iframe loading=\"lazy\" class=\"wp-embedded-content\" sandbox=\"allow-scripts\" security=\"restricted\" style=\"position: absolute; clip: rect(1px, 1px, 1px, 1px);\" title=\"&#8220;Almanacco Ladino&#8221; &#8212; Radio Pi\u00f9\" src=\"https:\/\/www.radiopiu.net\/wordpress\/almanacco-ladino\/embed\/#?secret=t8Y6jB0CET\" data-secret=\"t8Y6jB0CET\" width=\"600\" height=\"338\" frameborder=\"0\" marginwidth=\"0\" marginheight=\"0\" scrolling=\"no\"><\/iframe><\/p>\n<hr \/>\n<p>&nbsp;<\/p>\n<blockquote>\n<h3>SALUTE E SOCIETA&#8217; IL LUNEDI ALLE 13.10 E ALLE 20.10, LA DOMENICA ALLE 10.30 A CURA DEL DOTTOR MARCO CARACCIOLO. QUINTA STAGIONE<\/h3>\n<\/blockquote>\n<p><strong>LA PUNTATA DELLA SETTIMANA <\/strong>La narcolessia \u00e8 una malattia neurologica rara che in Italia conta circa 2000 casi. E\u2019 una malattia sottodiagnosticata ed \u00e8 accompagnata da diversi sintomi che impattano fortemente sulla qualit\u00e0 della vita dei pazienti. Ne parliamo con il prof. Giuseppe Plazzi, Ordinario di Neuropsichiatria Infantile, Universit\u00e0 degli studi di Modena e Reggio Emilia; Responsabile scientifico e coordinatore Centro Narcolessia e disturbi del sonno, IRCCS, Istituto delle Scienze Neurologiche di Bologna; Presidente AIMS, Associazione Italiana di Medicina del Sonno<\/p>\n<audio class=\"wp-audio-shortcode\" id=\"audio-196551-11\" preload=\"none\" style=\"width: 100%;\" controls=\"controls\"><source type=\"audio\/mpeg\" src=\"https:\/\/www.radiopiu.net\/wordpress\/wp-content\/uploads\/2021\/03\/SALUTE.mp3?_=11\" \/><a href=\"https:\/\/www.radiopiu.net\/wordpress\/wp-content\/uploads\/2021\/03\/SALUTE.mp3\">https:\/\/www.radiopiu.net\/wordpress\/wp-content\/uploads\/2021\/03\/SALUTE.mp3<\/a><\/audio>\n<p>&nbsp;<\/p>\n<h3><strong>LA RACCOLTA COMPLETA\u00a0<\/strong><\/h3>\n<blockquote class=\"wp-embedded-content\" data-secret=\"e1uktxTRRZ\"><p><a href=\"https:\/\/www.radiopiu.net\/wordpress\/saluteesocieta\/\">Salute e Societ\u00e0<\/a><\/p><\/blockquote>\n<p><iframe loading=\"lazy\" class=\"wp-embedded-content\" sandbox=\"allow-scripts\" security=\"restricted\" style=\"position: absolute; clip: rect(1px, 1px, 1px, 1px);\" title=\"&#8220;Salute e Societ\u00e0&#8221; &#8212; Radio Pi\u00f9\" src=\"https:\/\/www.radiopiu.net\/wordpress\/saluteesocieta\/embed\/#?secret=e1uktxTRRZ\" data-secret=\"e1uktxTRRZ\" width=\"600\" height=\"338\" frameborder=\"0\" marginwidth=\"0\" marginheight=\"0\" scrolling=\"no\"><\/iframe><\/p>\n<p>&nbsp;<\/p>\n<hr \/>\n<div>\n<h2><span style=\"color: #000080;\"><a class=\"dt-pswp-item\" href=\"https:\/\/www.radiopiu.net\/wordpress\/wp-content\/uploads\/2020\/10\/pp.jpg\" data-dt-img-description=\"\" data-large_image_width=\"640\" data-large_image_height=\"640\"><img loading=\"lazy\" decoding=\"async\" class=\"wp-image-163678 alignleft\" src=\"https:\/\/www.radiopiu.net\/wordpress\/wp-content\/uploads\/2020\/10\/pp-300x300.jpg\" alt=\"\" width=\"106\" height=\"106\" srcset=\"https:\/\/www.radiopiu.net\/wordpress\/wp-content\/uploads\/2020\/10\/pp-300x300.jpg 300w, https:\/\/www.radiopiu.net\/wordpress\/wp-content\/uploads\/2020\/10\/pp-150x150.jpg 150w, https:\/\/www.radiopiu.net\/wordpress\/wp-content\/uploads\/2020\/10\/pp-125x125.jpg 125w, https:\/\/www.radiopiu.net\/wordpress\/wp-content\/uploads\/2020\/10\/pp-200x200.jpg 200w, https:\/\/www.radiopiu.net\/wordpress\/wp-content\/uploads\/2020\/10\/pp-80x80.jpg 80w, https:\/\/www.radiopiu.net\/wordpress\/wp-content\/uploads\/2020\/10\/pp-480x480.jpg 480w, https:\/\/www.radiopiu.net\/wordpress\/wp-content\/uploads\/2020\/10\/pp.jpg 640w\" sizes=\"auto, (max-width: 106px) 100vw, 106px\" \/><\/a><\/span><\/h2>\n<h2><span style=\"color: #000080;\">DON CESARE, IL PENSIERO DEL GIORNO. ALLA RADIO ALLE 7 DEL MATTINO E ALLE 19.30 DELLA SERA.\u00a0\u00a0<\/span><\/h2>\n<\/div>\n<p>&nbsp;<\/p>\n<p>&nbsp;<\/p>\n<audio class=\"wp-audio-shortcode\" id=\"audio-196551-12\" preload=\"none\" style=\"width: 100%;\" controls=\"controls\"><source type=\"audio\/mpeg\" src=\"https:\/\/www.radiopiu.net\/wordpress\/wp-content\/uploads\/2021\/03\/cesare-4.mp3?_=12\" \/><a href=\"https:\/\/www.radiopiu.net\/wordpress\/wp-content\/uploads\/2021\/03\/cesare-4.mp3\">https:\/\/www.radiopiu.net\/wordpress\/wp-content\/uploads\/2021\/03\/cesare-4.mp3<\/a><\/audio>\n<p>&nbsp;<\/p>\n<hr \/>\n<p>&nbsp;<\/p>\n<p>&nbsp;<\/p>\n<div class=\"im_message_wrap clearfix\">\n<div class=\"im_content_message_wrap im_message_out\">\n<h2><span style=\"color: #ff0000;\">IN VIVO VERSO 2020-21<\/span><\/h2>\n<p><strong><span style=\"color: #0000ff;\">IN ONDA DAL LUNEDI AL VENERDI ALLE 7.10, 10.10, 18.50\u00a0 \u00a0<\/span><\/strong><\/p>\n<blockquote class=\"wp-embedded-content\" data-secret=\"WQTILAq6zB\"><p><a href=\"https:\/\/www.radiopiu.net\/wordpress\/venezia-di-alessandra-servi\/\">VENEZIA di ALESSANDRA SERVI<\/a><\/p><\/blockquote>\n<p><iframe loading=\"lazy\" class=\"wp-embedded-content\" sandbox=\"allow-scripts\" security=\"restricted\" style=\"position: absolute; clip: rect(1px, 1px, 1px, 1px);\" title=\"&#8220;VENEZIA di ALESSANDRA SERVI&#8221; &#8212; Radio Pi\u00f9\" src=\"https:\/\/www.radiopiu.net\/wordpress\/venezia-di-alessandra-servi\/embed\/#?secret=WQTILAq6zB\" data-secret=\"WQTILAq6zB\" width=\"600\" height=\"338\" frameborder=\"0\" marginwidth=\"0\" marginheight=\"0\" scrolling=\"no\"><\/iframe><\/p>\n<p><strong>LA RACCOLTA<\/strong><\/p>\n<blockquote class=\"wp-embedded-content\" data-secret=\"euSt85o3s4\"><p><a href=\"https:\/\/www.radiopiu.net\/wordpress\/in-vivo-verso\/\">In Vivo Verso<\/a><\/p><\/blockquote>\n<p><iframe loading=\"lazy\" class=\"wp-embedded-content\" sandbox=\"allow-scripts\" security=\"restricted\" style=\"position: absolute; clip: rect(1px, 1px, 1px, 1px);\" title=\"&#8220;In Vivo Verso&#8221; &#8212; Radio Pi\u00f9\" src=\"https:\/\/www.radiopiu.net\/wordpress\/in-vivo-verso\/embed\/#?secret=euSt85o3s4\" data-secret=\"euSt85o3s4\" width=\"600\" height=\"338\" frameborder=\"0\" marginwidth=\"0\" marginheight=\"0\" scrolling=\"no\"><\/iframe><\/p>\n<p>&nbsp;<\/p>\n<hr \/>\n<p>&nbsp;<\/p>\n<\/div>\n<\/div>\n<h2><span style=\"color: #808000;\">DUE MINUTI UN LIBRO\u00a0 TUTTI I GIORNI ALLA RADIO ALLE 9.30 E ALLE 18. QUINTA STAGIONE\u00a0<\/span><\/h2>\n<blockquote class=\"wp-embedded-content\" data-secret=\"4m2aNsnrmg\"><p><a href=\"https:\/\/www.radiopiu.net\/wordpress\/fessbuc-facebook-faccebbu\/\">FESSBUC, FACEBOOK, FACCEBBU&#8217;<\/a><\/p><\/blockquote>\n<p><iframe loading=\"lazy\" class=\"wp-embedded-content\" sandbox=\"allow-scripts\" security=\"restricted\" style=\"position: absolute; clip: rect(1px, 1px, 1px, 1px);\" title=\"&#8220;FESSBUC, FACEBOOK, FACCEBBU&#8217;&#8221; &#8212; Radio Pi\u00f9\" src=\"https:\/\/www.radiopiu.net\/wordpress\/fessbuc-facebook-faccebbu\/embed\/#?secret=4m2aNsnrmg\" data-secret=\"4m2aNsnrmg\" width=\"600\" height=\"338\" frameborder=\"0\" marginwidth=\"0\" marginheight=\"0\" scrolling=\"no\"><\/iframe><\/p>\n<h3><span style=\"color: #808000;\">\u00a0<\/span>LA RACCOLTA COMPLETA<\/h3>\n<blockquote class=\"wp-embedded-content\" data-secret=\"yj9WOMYZQI\"><p><a href=\"https:\/\/www.radiopiu.net\/wordpress\/due-minuti-un-libro\/\">Due minuti un libro<\/a><\/p><\/blockquote>\n<p><iframe loading=\"lazy\" class=\"wp-embedded-content\" sandbox=\"allow-scripts\" security=\"restricted\" style=\"position: absolute; clip: rect(1px, 1px, 1px, 1px);\" title=\"&#8220;Due minuti un libro&#8221; &#8212; Radio Pi\u00f9\" src=\"https:\/\/www.radiopiu.net\/wordpress\/due-minuti-un-libro\/embed\/#?secret=yj9WOMYZQI\" data-secret=\"yj9WOMYZQI\" width=\"600\" height=\"338\" frameborder=\"0\" marginwidth=\"0\" marginheight=\"0\" scrolling=\"no\"><\/iframe><\/p>\n<p>&nbsp;<\/p>\n<p>&nbsp;<\/p>\n<p>&nbsp;<\/p>\n<hr \/>\n<p>&nbsp;<\/p>\n<blockquote>\n<h3 class=\"kvgmc6g5 cxmmr5t8 oygrvhab hcukyx3x c1et5uql\"><span style=\"color: #0000ff;\">INFORMAZIONE il canale su TELEGRAM informazione di prima mano e in tempo reale. iscriviti ed aiutaci a farlo conoscere\u00a0<\/span><\/h3>\n<\/blockquote>\n<h2><img loading=\"lazy\" decoding=\"async\" class=\"alignleft\" src=\"https:\/\/www.radiopiu.net\/wordpress\/wp-content\/uploads\/2021\/03\/narr.jpg\" width=\"158\" height=\"105\" \/>007 IN CONDOTTA CON LA PROF. MARIA ROSA SALMAZO IL LUNEDI ALLE 10,30 E ALLE 19.00 LA DOMENICA ALLE 8 DEL MATTINO. NONA STAGIONE<\/h2>\n<p><span style=\"color: #ff0000;\"><strong>PUNTATA DEL 08 MARZO 2021<\/strong><\/span><\/p>\n<p>&nbsp;<\/p>\n<audio class=\"wp-audio-shortcode\" id=\"audio-196551-13\" preload=\"none\" style=\"width: 100%;\" controls=\"controls\"><source type=\"audio\/mpeg\" src=\"https:\/\/www.radiopiu.net\/wordpress\/wp-content\/uploads\/2021\/03\/007-condota-8-marzo.mp3?_=13\" \/><a href=\"https:\/\/www.radiopiu.net\/wordpress\/wp-content\/uploads\/2021\/03\/007-condota-8-marzo.mp3\">https:\/\/www.radiopiu.net\/wordpress\/wp-content\/uploads\/2021\/03\/007-condota-8-marzo.mp3<\/a><\/audio>\n<h2>LA RACCOLTA COMPLETA<\/h2>\n<blockquote class=\"wp-embedded-content\" data-secret=\"CUoOQelnPE\"><p><a href=\"https:\/\/www.radiopiu.net\/wordpress\/007incondotta-9\/\">007 in condotta<\/a><\/p><\/blockquote>\n<p><iframe loading=\"lazy\" class=\"wp-embedded-content\" sandbox=\"allow-scripts\" security=\"restricted\" style=\"position: absolute; clip: rect(1px, 1px, 1px, 1px);\" title=\"&#8220;007 in condotta&#8221; &#8212; Radio Pi\u00f9\" src=\"https:\/\/www.radiopiu.net\/wordpress\/007incondotta-9\/embed\/#?secret=CUoOQelnPE\" data-secret=\"CUoOQelnPE\" width=\"600\" height=\"338\" frameborder=\"0\" marginwidth=\"0\" marginheight=\"0\" scrolling=\"no\"><\/iframe><\/p>\n<blockquote><p>&nbsp;<\/p>\n<p>&nbsp;<\/p><\/blockquote>\n<hr \/>\n<p>&nbsp;<\/p>\n<p>&nbsp;<\/p>\n<div>\n<h2><span style=\"color: #33cccc;\">I RACCONTI DI PAOLO SOPPELSA il lunedi alle 9.30 e 18.30<\/span><\/h2>\n<blockquote class=\"wp-embedded-content\" data-secret=\"854B5rlq15\"><p><a href=\"https:\/\/www.radiopiu.net\/wordpress\/i-racconti-di-paolo-soppelsa-sessantacinquesima-puntata\/\">I RACCONTI DI PAOLO SOPPELSA SESSANTACINQUESIMA PUNTATA<\/a><\/p><\/blockquote>\n<p><iframe loading=\"lazy\" class=\"wp-embedded-content\" sandbox=\"allow-scripts\" security=\"restricted\" style=\"position: absolute; clip: rect(1px, 1px, 1px, 1px);\" title=\"&#8220;I RACCONTI DI PAOLO SOPPELSA SESSANTACINQUESIMA PUNTATA&#8221; &#8212; Radio Pi\u00f9\" src=\"https:\/\/www.radiopiu.net\/wordpress\/i-racconti-di-paolo-soppelsa-sessantacinquesima-puntata\/embed\/#?secret=854B5rlq15\" data-secret=\"854B5rlq15\" width=\"600\" height=\"338\" frameborder=\"0\" marginwidth=\"0\" marginheight=\"0\" scrolling=\"no\"><\/iframe><\/p>\n<h3 class=\"kvgmc6g5 cxmmr5t8 oygrvhab hcukyx3x c1et5uql\"><span style=\"color: #0000ff;\">INFORMAZIONE il canale su TELEGRAM informazione di prima mano e in tempo reale. iscriviti ed aiutaci a farlo conoscere\u00a0<\/span><\/h3>\n<h2><span style=\"color: #33cccc;\"><strong>RACCOLTA COMPLETA<\/strong><\/span><\/h2>\n<blockquote class=\"wp-embedded-content\" data-secret=\"r9QTAYvJvl\"><p><a href=\"https:\/\/www.radiopiu.net\/wordpress\/i-racconti-di-paolo-soppelsa\/\">I racconti di Paolo Soppelsa<\/a><\/p><\/blockquote>\n<p><iframe loading=\"lazy\" class=\"wp-embedded-content\" sandbox=\"allow-scripts\" security=\"restricted\" style=\"position: absolute; clip: rect(1px, 1px, 1px, 1px);\" title=\"&#8220;I racconti di Paolo Soppelsa&#8221; &#8212; Radio Pi\u00f9\" src=\"https:\/\/www.radiopiu.net\/wordpress\/i-racconti-di-paolo-soppelsa\/embed\/#?secret=r9QTAYvJvl\" data-secret=\"r9QTAYvJvl\" width=\"600\" height=\"338\" frameborder=\"0\" marginwidth=\"0\" marginheight=\"0\" scrolling=\"no\"><\/iframe><\/p>\n<\/div>\n<p>&nbsp;<\/p>\n<p>&nbsp;<\/p>\n<hr \/>\n<p>&nbsp;<\/p>\n<p>&nbsp;<\/p>\n<blockquote>\n<h3><a href=\"https:\/\/www.radiopiu.net\/wordpress\/giornale-radiopiu-06-febbraio-2019-direttore-mirko-mezzacasa\/logo_spi-cgil-800x445\/\" rel=\"attachment wp-att-75538\"><img loading=\"lazy\" decoding=\"async\" class=\"wp-image-75538 alignleft\" src=\"https:\/\/www.radiopiu.net\/wordpress\/wp-content\/uploads\/2019\/02\/Logo_Spi-CGIL-800x445-300x167.jpg\" alt=\"\" width=\"210\" height=\"117\" srcset=\"https:\/\/www.radiopiu.net\/wordpress\/wp-content\/uploads\/2019\/02\/Logo_Spi-CGIL-800x445-300x167.jpg 300w, https:\/\/www.radiopiu.net\/wordpress\/wp-content\/uploads\/2019\/02\/Logo_Spi-CGIL-800x445-768x427.jpg 768w, https:\/\/www.radiopiu.net\/wordpress\/wp-content\/uploads\/2019\/02\/Logo_Spi-CGIL-800x445.jpg 800w\" sizes=\"auto, (max-width: 210px) 100vw, 210px\" \/><\/a>ALLA RADIO, APPUNTAMENTO QUINDICINALE CON SPI-CGIL BELLUNO, IN STUDIO MARIA RITA GENTILIN<\/h3>\n<\/blockquote>\n<p><strong>di Claudio Fontanive\u00a0<\/strong><\/p>\n<p>&nbsp;<\/p>\n<p><span style=\"color: #ff0000;\"><strong>PUNTATA DEL 04 MARZO 2021<\/strong><\/span><\/p>\n<audio class=\"wp-audio-shortcode\" id=\"audio-196551-14\" preload=\"none\" style=\"width: 100%;\" controls=\"controls\"><source type=\"audio\/mpeg\" src=\"https:\/\/www.radiopiu.net\/wordpress\/wp-content\/uploads\/2021\/03\/spi-cigil-4-marzo.mp3?_=14\" \/><a href=\"https:\/\/www.radiopiu.net\/wordpress\/wp-content\/uploads\/2021\/03\/spi-cigil-4-marzo.mp3\">https:\/\/www.radiopiu.net\/wordpress\/wp-content\/uploads\/2021\/03\/spi-cigil-4-marzo.mp3<\/a><\/audio>\n<p>&nbsp;<\/p>\n<p>&nbsp;<\/p>\n<hr \/>\n<p>&nbsp;<\/p>\n<div>\n<p>&nbsp;<\/p>\n<blockquote>\n<h2><a href=\"https:\/\/www.radiopiu.net\/wordpress\/speciale-solidarieta-veneto\/solidarieta-veneto-3\/\" rel=\"attachment wp-att-134366\"><img loading=\"lazy\" decoding=\"async\" class=\"wp-image-134366 alignleft\" src=\"https:\/\/www.radiopiu.net\/wordpress\/wp-content\/uploads\/2020\/05\/solidariet\u00e0-veneto-300x210.jpg\" alt=\"\" width=\"102\" height=\"71\" srcset=\"https:\/\/www.radiopiu.net\/wordpress\/wp-content\/uploads\/2020\/05\/solidariet\u00e0-veneto-300x210.jpg 300w, https:\/\/www.radiopiu.net\/wordpress\/wp-content\/uploads\/2020\/05\/solidariet\u00e0-veneto-1024x717.jpg 1024w, https:\/\/www.radiopiu.net\/wordpress\/wp-content\/uploads\/2020\/05\/solidariet\u00e0-veneto-768x538.jpg 768w, https:\/\/www.radiopiu.net\/wordpress\/wp-content\/uploads\/2020\/05\/solidariet\u00e0-veneto.jpg 1373w\" sizes=\"auto, (max-width: 102px) 100vw, 102px\" \/><\/a>SOLIDARIETA&#8217; VENETO FONDO PENSIONE, IN ONDA IL PRIMO VENERDI DEL MESE ALLE 10.30 E ALLE 19.00 QUINTA STAGIONE<\/h2>\n<\/blockquote>\n<p><strong>AUDIO MARZO 2021<\/strong><\/p>\n<audio class=\"wp-audio-shortcode\" id=\"audio-196551-15\" preload=\"none\" style=\"width: 100%;\" controls=\"controls\"><source type=\"audio\/mpeg\" src=\"https:\/\/www.radiopiu.net\/wordpress\/wp-content\/uploads\/2021\/03\/solidarieta-veneto-marzo.mp3?_=15\" \/><a href=\"https:\/\/www.radiopiu.net\/wordpress\/wp-content\/uploads\/2021\/03\/solidarieta-veneto-marzo.mp3\">https:\/\/www.radiopiu.net\/wordpress\/wp-content\/uploads\/2021\/03\/solidarieta-veneto-marzo.mp3<\/a><\/audio>\n<p>&nbsp;<\/p>\n<blockquote>\n<h2>RACCOLTA COMPLETA<\/h2>\n<\/blockquote>\n<blockquote class=\"wp-embedded-content\" data-secret=\"4UNdnGAE5X\"><p><a href=\"https:\/\/www.radiopiu.net\/wordpress\/solidarieta-veneto\/\">Solidariet\u00e0 Veneto<\/a><\/p><\/blockquote>\n<p><iframe loading=\"lazy\" class=\"wp-embedded-content\" sandbox=\"allow-scripts\" security=\"restricted\" style=\"position: absolute; clip: rect(1px, 1px, 1px, 1px);\" title=\"&#8220;Solidariet\u00e0 Veneto&#8221; &#8212; Radio Pi\u00f9\" src=\"https:\/\/www.radiopiu.net\/wordpress\/solidarieta-veneto\/embed\/#?secret=4UNdnGAE5X\" data-secret=\"4UNdnGAE5X\" width=\"600\" height=\"338\" frameborder=\"0\" marginwidth=\"0\" marginheight=\"0\" scrolling=\"no\"><\/iframe><\/p>\n<p>&nbsp;<\/p>\n<hr \/>\n<\/div>\n<p>&nbsp;<\/p>\n<blockquote><p>&nbsp;<\/p><\/blockquote>\n<div>\n<h2><span style=\"color: #ff0000;\">ALLA RADIO<\/span><\/h2>\n<\/div>\n<div>\n<h2><strong>LE\u00a0 PUNTATE di Luisa Alchini di Leggermente Bellunesi, la domenica alle 11, <span style=\"color: #0000ff;\">IL MARTEDI IN PRIMA EDIZIONE\u00a0<\/span> alle 10.30 e alle 19.00<\/strong><\/h2>\n<\/div>\n<div>\n<p><strong><a href=\"https:\/\/www.radiopiu.net\/wordpress\/legger-mente-bellunesi-02-marzo-2021\/156828176_1598288807025847_358448174778964781_o\/\" rel=\"attachment wp-att-194538\"><img loading=\"lazy\" decoding=\"async\" class=\" wp-image-194538 alignleft\" src=\"https:\/\/www.radiopiu.net\/wordpress\/wp-content\/uploads\/2021\/03\/156828176_1598288807025847_358448174778964781_o-206x300.jpg\" alt=\"\" width=\"86\" height=\"125\" srcset=\"https:\/\/www.radiopiu.net\/wordpress\/wp-content\/uploads\/2021\/03\/156828176_1598288807025847_358448174778964781_o-206x300.jpg 206w, https:\/\/www.radiopiu.net\/wordpress\/wp-content\/uploads\/2021\/03\/156828176_1598288807025847_358448174778964781_o.jpg 685w\" sizes=\"auto, (max-width: 86px) 100vw, 86px\" \/><\/a><\/strong><\/p>\n<\/div>\n<div>\n<h3>La gloriosa carriera del perito minerario Gianni Rivis raccontata nel libro di ricordi.<\/h3>\n<p>&nbsp;<\/p>\n<\/div>\n<h2><\/h2>\n<audio class=\"wp-audio-shortcode\" id=\"audio-196551-16\" preload=\"none\" style=\"width: 100%;\" controls=\"controls\"><source type=\"audio\/mpeg\" src=\"https:\/\/www.radiopiu.net\/wordpress\/wp-content\/uploads\/2021\/03\/20leggermentegiannirivis2021.mp3?_=16\" \/><a href=\"https:\/\/www.radiopiu.net\/wordpress\/wp-content\/uploads\/2021\/03\/20leggermentegiannirivis2021.mp3\">https:\/\/www.radiopiu.net\/wordpress\/wp-content\/uploads\/2021\/03\/20leggermentegiannirivis2021.mp3<\/a><\/audio>\n<blockquote>\n<div>\n<h2><strong style=\"font-size: 14px;\"><span style=\"color: #000000;\">RACCOLTA COMPLETA<\/span><\/strong><\/h2>\n<\/div>\n<blockquote class=\"wp-embedded-content\" data-secret=\"NOjI8sBQb9\"><p><a href=\"https:\/\/www.radiopiu.net\/wordpress\/leggermente-20\/\">LEGGERmente&#8230;Bellunesi<\/a><\/p><\/blockquote>\n<p><iframe loading=\"lazy\" class=\"wp-embedded-content\" sandbox=\"allow-scripts\" security=\"restricted\" style=\"position: absolute; clip: rect(1px, 1px, 1px, 1px);\" title=\"&#8220;LEGGERmente&#8230;Bellunesi&#8221; &#8212; Radio Pi\u00f9\" src=\"https:\/\/www.radiopiu.net\/wordpress\/leggermente-20\/embed\/#?secret=NOjI8sBQb9\" data-secret=\"NOjI8sBQb9\" width=\"600\" height=\"338\" frameborder=\"0\" marginwidth=\"0\" marginheight=\"0\" scrolling=\"no\"><\/iframe><\/p>\n<p>&nbsp;<\/p><\/blockquote>\n<p>&nbsp;<\/p>\n<hr \/>\n<h2><\/h2>\n<blockquote>\n<h2>CASSA SOLIDARIET\u00c0 LUXOTTICA<\/h2>\n<\/blockquote>\n<h3><strong><span style=\"color: #ff0000;\">IL NUMERO DI FEBBRAIO CON PAOLO CHISSALE&#8217; E FABRIZIO CAMPEDEL\u00a0\u00a0<\/span><\/strong><\/h3>\n<audio class=\"wp-audio-shortcode\" id=\"audio-196551-17\" preload=\"none\" style=\"width: 100%;\" controls=\"controls\"><source type=\"audio\/mpeg\" src=\"https:\/\/www.radiopiu.net\/wordpress\/wp-content\/uploads\/2021\/02\/ca-sol-lux-febbraio.mp3?_=17\" \/><a href=\"https:\/\/www.radiopiu.net\/wordpress\/wp-content\/uploads\/2021\/02\/ca-sol-lux-febbraio.mp3\">https:\/\/www.radiopiu.net\/wordpress\/wp-content\/uploads\/2021\/02\/ca-sol-lux-febbraio.mp3<\/a><\/audio>\n<blockquote>\n<h2>RACCOLTA COMPLETA<\/h2>\n<\/blockquote>\n<blockquote class=\"wp-embedded-content\" data-secret=\"6gUs3hie8c\"><p><a href=\"https:\/\/www.radiopiu.net\/wordpress\/cassa-solidarieta-luxottica-puntata-del-16-ottobre-2020\/\">CASSA SOLIDARIET\u00c0 LUXOTTICA &#8211; PUNTATA DEL 20 NOVEMBRE 2020<\/a><\/p><\/blockquote>\n<p><iframe loading=\"lazy\" class=\"wp-embedded-content\" sandbox=\"allow-scripts\" security=\"restricted\" style=\"position: absolute; clip: rect(1px, 1px, 1px, 1px);\" title=\"&#8220;CASSA SOLIDARIET\u00c0 LUXOTTICA &#8211; PUNTATA DEL 20 NOVEMBRE 2020&#8221; &#8212; Radio Pi\u00f9\" src=\"https:\/\/www.radiopiu.net\/wordpress\/cassa-solidarieta-luxottica-puntata-del-16-ottobre-2020\/embed\/#?secret=6gUs3hie8c\" data-secret=\"6gUs3hie8c\" width=\"600\" height=\"338\" frameborder=\"0\" marginwidth=\"0\" marginheight=\"0\" scrolling=\"no\"><\/iframe><\/p>\n<div>\n<p>&nbsp;<\/p>\n<\/div>\n<p>&nbsp;<\/p>\n<p>&nbsp;<\/p>\n<hr \/>\n<p>&nbsp;<\/p>\n<div dir=\"auto\">\n<div>\n<h2><span style=\"color: #800080;\"><strong>LA RASSEGNA STAMPA DA L&#8217;AMICO DEL POPOLO\u00a0<\/strong><\/span><\/h2>\n<h3 class=\"kvgmc6g5 cxmmr5t8 oygrvhab hcukyx3x c1et5uql\"><span style=\"color: #0000ff;\"> INFORMAZIONE il canale su TELEGRAM informazione di prima mano e in tempo reale. iscriviti ed aiutaci a farlo conoscere\u00a0<\/span><\/h3>\n<p><strong><a href=\"https:\/\/www.radiopiu.net\/wordpress\/odg-per-la-provincia-in-tutti-i-consigli-comunali-bard_zasso-e-chissale\/agordo-roberto-chissale-2\/\" rel=\"attachment wp-att-93612\"><img loading=\"lazy\" decoding=\"async\" class=\" wp-image-93612 alignleft\" src=\"https:\/\/www.radiopiu.net\/wordpress\/wp-content\/uploads\/2019\/07\/AGORDO-ROBERTO-CHISSALE-300x300.jpg\" alt=\"\" width=\"133\" height=\"133\" srcset=\"https:\/\/www.radiopiu.net\/wordpress\/wp-content\/uploads\/2019\/07\/AGORDO-ROBERTO-CHISSALE-300x300.jpg 300w, https:\/\/www.radiopiu.net\/wordpress\/wp-content\/uploads\/2019\/07\/AGORDO-ROBERTO-CHISSALE-150x150.jpg 150w, https:\/\/www.radiopiu.net\/wordpress\/wp-content\/uploads\/2019\/07\/AGORDO-ROBERTO-CHISSALE-768x768.jpg 768w, https:\/\/www.radiopiu.net\/wordpress\/wp-content\/uploads\/2019\/07\/AGORDO-ROBERTO-CHISSALE-1024x1024.jpg 1024w, https:\/\/www.radiopiu.net\/wordpress\/wp-content\/uploads\/2019\/07\/AGORDO-ROBERTO-CHISSALE.jpg 1600w\" sizes=\"auto, (max-width: 133px) 100vw, 133px\" \/><\/a>di Gianni Santomaso<\/strong><\/p>\n<p>OSPITE: Roberto Chissal\u00e8, Sindaco di Agordo<\/p>\n<audio class=\"wp-audio-shortcode\" id=\"audio-196551-18\" preload=\"none\" style=\"width: 100%;\" controls=\"controls\"><source type=\"audio\/mpeg\" src=\"https:\/\/www.radiopiu.net\/wordpress\/wp-content\/uploads\/2021\/03\/RASSEGNA-GIANNI.mp3?_=18\" \/><a href=\"https:\/\/www.radiopiu.net\/wordpress\/wp-content\/uploads\/2021\/03\/RASSEGNA-GIANNI.mp3\">https:\/\/www.radiopiu.net\/wordpress\/wp-content\/uploads\/2021\/03\/RASSEGNA-GIANNI.mp3<\/a><\/audio>\n<p>&nbsp;<\/p>\n<p><strong>LA RACCOLTA COMPLETA<\/strong><\/p>\n<blockquote class=\"wp-embedded-content\" data-secret=\"bzAsudtgxa\"><p><a href=\"https:\/\/www.radiopiu.net\/wordpress\/rassegna-stampa-di-gianni-santomaso\/\">Rassegna stampa da l&#8217;amico del popolo &#8211; di Gianni Santomaso<\/a><\/p><\/blockquote>\n<p><iframe loading=\"lazy\" class=\"wp-embedded-content\" sandbox=\"allow-scripts\" security=\"restricted\" style=\"position: absolute; clip: rect(1px, 1px, 1px, 1px);\" title=\"&#8220;Rassegna stampa da l&#8217;amico del popolo &#8211; di Gianni Santomaso&#8221; &#8212; Radio Pi\u00f9\" src=\"https:\/\/www.radiopiu.net\/wordpress\/rassegna-stampa-di-gianni-santomaso\/embed\/#?secret=bzAsudtgxa\" data-secret=\"bzAsudtgxa\" width=\"600\" height=\"338\" frameborder=\"0\" marginwidth=\"0\" marginheight=\"0\" scrolling=\"no\"><\/iframe><\/p>\n<p>&nbsp;<\/p>\n<p>&nbsp;<\/p>\n<\/div>\n<\/div>\n<hr \/>\n<blockquote>\n<h2><\/h2>\n<h2><\/h2>\n<\/blockquote>\n<p>&nbsp;<\/p>\n<blockquote class=\"wp-embedded-content\" data-secret=\"lj23igZVLY\"><p><a href=\"https:\/\/www.radiopiu.net\/wordpress\/ep-center-video-gallery\/\">EP CENTER video gallery<\/a><\/p><\/blockquote>\n<p><iframe loading=\"lazy\" class=\"wp-embedded-content\" sandbox=\"allow-scripts\" security=\"restricted\" style=\"position: absolute; clip: rect(1px, 1px, 1px, 1px);\" title=\"&#8220;EP CENTER video gallery&#8221; &#8212; Radio Pi\u00f9\" src=\"https:\/\/www.radiopiu.net\/wordpress\/ep-center-video-gallery\/embed\/#?secret=lj23igZVLY\" data-secret=\"lj23igZVLY\" width=\"600\" height=\"338\" frameborder=\"0\" marginwidth=\"0\" marginheight=\"0\" scrolling=\"no\"><\/iframe><\/p>\n<p>&nbsp;<\/p>\n<div dir=\"auto\">\n<p>&nbsp;<\/p>\n<hr \/>\n<p>&nbsp;<\/p>\n<div>\n<p class=\"photoswipe-wrapper\"><a class=\"dt-pswp-item pspw-wrap-ready\" href=\"https:\/\/i0.wp.com\/www.radiopiu.net\/wordpress\/wp-content\/uploads\/2018\/09\/viabilita.jpeg?ssl=1\" data-dt-img-description=\"\" data-large_image_width=\"800\" data-large_image_height=\"100\"><img loading=\"lazy\" decoding=\"async\" class=\"aligncenter wp-image-61954 size-full\" src=\"https:\/\/i0.wp.com\/www.radiopiu.net\/wordpress\/wp-content\/uploads\/2018\/09\/viabilita.jpeg?resize=800%2C100&amp;ssl=1\" sizes=\"auto, (max-width: 800px) 100vw, 800px\" srcset=\"https:\/\/i0.wp.com\/www.radiopiu.net\/wordpress\/wp-content\/uploads\/2018\/09\/viabilita.jpeg?w=800&amp;ssl=1 800w, https:\/\/i0.wp.com\/www.radiopiu.net\/wordpress\/wp-content\/uploads\/2018\/09\/viabilita.jpeg?resize=300%2C38&amp;ssl=1 300w, https:\/\/i0.wp.com\/www.radiopiu.net\/wordpress\/wp-content\/uploads\/2018\/09\/viabilita.jpeg?resize=768%2C96&amp;ssl=1 768w\" alt=\"\" width=\"800\" height=\"100\" \/><\/a><\/p>\n<\/div>\n<p><strong>203 AGORDINA, SEDICO <\/strong>dal 17 al 19 marzo senso unico con movieri<\/p>\n<p><strong>203 AGORDINA LIVINALLONGO <\/strong>dal 15 marzo per un mese (inclusi festivi e prefestivi) senso unico in localit\u00e0 Ponte Pignazza<\/p>\n<p><strong>SP 251 DELLA VAL DI ZOLDO E CELLINA<\/strong> Istituzione di senso unico alternato regolato da semaforo nel comune di Val di Zoldo per messa in sicurezza della strada<\/p>\n<p><strong>SP 42 CAVALLERA<\/strong> fino a revoca, chiusura della strada nell&#8217;abitato di Perarolo per attivazione emergenza frana &#8220;Busa del Cristo&#8221;<\/p>\n<p><strong>S.P.2 DELLA VALLE DEL MIS\u00a0<\/strong>Interdizione totale al traffico fino a revoca dal km 14,920 (localit\u00e0 Gona Bassa) al km 20,650 (localit\u00e0 Titele) per cedimento della carreggiata<\/p>\n<p><strong>S.P. 5 DI LAMOSANO<\/strong>\u00a0Interdizione totale fino a revoca per presenza di materiale e alberi in strada.<\/p>\n<p><strong>SP 3 DELLA VAL IMPERINA<\/strong> fino a revoca, senso unico alternato regolato a vista in localit\u00e0 Gona di Conedera di Rivamonte per cedimento della carreggiata stradale<\/p>\n<p>&nbsp;<\/p>\n<p>&nbsp;<\/p>\n<hr \/>\n<p>&nbsp;<\/p>\n<div>\n<p class=\"photoswipe-wrapper\"><a class=\"dt-pswp-item pspw-wrap-ready\" href=\"https:\/\/i0.wp.com\/www.radiopiu.net\/wordpress\/wp-content\/uploads\/2018\/09\/WhatsApp-Image-2018-09-20-at-16.04.06.jpeg?ssl=1\" data-dt-img-description=\"\" data-large_image_width=\"800\" data-large_image_height=\"100\"><img loading=\"lazy\" decoding=\"async\" class=\"aligncenter wp-image-61378 size-full jetpack-lazy-image jetpack-lazy-image--handled\" src=\"https:\/\/i0.wp.com\/www.radiopiu.net\/wordpress\/wp-content\/uploads\/2018\/09\/WhatsApp-Image-2018-09-20-at-16.04.06.jpeg?resize=800%2C100&amp;ssl=1\" sizes=\"auto, (max-width: 800px) 100vw, 800px\" srcset=\"https:\/\/i0.wp.com\/www.radiopiu.net\/wordpress\/wp-content\/uploads\/2018\/09\/WhatsApp-Image-2018-09-20-at-16.04.06.jpeg?w=800&amp;ssl=1 800w, https:\/\/i0.wp.com\/www.radiopiu.net\/wordpress\/wp-content\/uploads\/2018\/09\/WhatsApp-Image-2018-09-20-at-16.04.06.jpeg?resize=300%2C38&amp;ssl=1 300w, https:\/\/i0.wp.com\/www.radiopiu.net\/wordpress\/wp-content\/uploads\/2018\/09\/WhatsApp-Image-2018-09-20-at-16.04.06.jpeg?resize=768%2C96&amp;ssl=1 768w\" alt=\"\" width=\"800\" height=\"100\" data-lazy-loaded=\"1\" \/><\/a><\/p>\n<\/div>\n<p>&nbsp;<\/p>\n<\/div>\n<p><b>Sabato 13<\/b> <b>Tempo atteso: <\/b>Al mattino in parte soleggiato con qualche velatura del cielo per nubi alte. Al pomeriggio ulteriore riduzione del soleggiamento per graduale aumento della nuvolosit\u00e0, dapprima alta, successivamente media stratiforme fino a cielo coperto alla sera. Contesto termico di nuovo assai freddo in quota e fresco nelle valli.<br \/>\n<b>Precipitazioni: <\/b>Assenti (0%).<br \/>\n<b>Temperature: <\/b>In generale lieve calo a tutte le quote, pi\u00f9 marcato per le minime in caso di cielo sereno durante la notte. Sono previste punte di 10\/11\u00b0C nei fondovalle prealpini e di 6\/8\u00b0C a 1000\/1200 m. Su Prealpi a 1500 m min -1\u00b0C max 2\u00b0C, a 2000 m min -3\u00b0C max -1\u00b0C. Su Dolomiti a 2000 m min -4\u00b0C max -1\u00b0C, a 3000 m min -11\u00b0C max -9\u00b0C.<br \/>\n<b>Venti: <\/b>Nelle valli deboli di direzione variabile, con locali rinforzi notturni su alcuni settori prealpini per brezze di monte; in quota moderati\/tesi da nord-ovest al mattino e da ovest sud-ovest in giornata, a 10-20 km\/h a 2000 m e 25-35 km\/h a 3000 m.<\/p>\n<hr \/>\n<p><b>Domenica 14<\/b> <b>Tempo atteso: <\/b>Lieve peggioramento del tempo nella prima parte del giorno, anche parziale in quanto gli effetti precipitativi saranno sparsi e su alcuni settori non accadr\u00e0 niente al di fuori del transito di nubi irregolari. Nel corso del pomeriggio miglioramento del tempo con primi rasserenamenti a partire da nord, in estensione verso sud. L&#8217;atmosfera sar\u00e0 pi\u00f9 fredda e assai ventilata in quota, mentre s&#8217;instaurer\u00e0 una situazione di favonio nelle valli.<br \/>\n<b>Precipitazioni: <\/b>A fine nottata ed al mattino probabilit\u00e0 medio-bassa di deboli o debolissime precipitazioni sparse (30\/50%), nevose oltre i 1000\/1200 m. Sono previsti cumuli irrisori e discontinui nello spazio. Al pomeriggio precipitazioni in esaurimento fino a risultare del tutto assenti (0%).<br \/>\n<b>Temperature: <\/b>In generale calo, eccetto aumento delle minime nelle valli. Su Prealpi a 1500 m min -2\u00b0C max 0\u00b0C, a 2000 m min -6\u00b0C max -3\u00b0C. Su Dolomiti a 2000 m min -7\u00b0C max -4\u00b0C, a 3000 m min -15\u00b0C max -12\u00b0C.<br \/>\n<b>Venti: <\/b>Nelle valli deboli di direzione variabile al mattino, in rinforzo per episodi di Foehn, specie nelle valli dolomitiche; in quota tesi sud-occidentali al mattino e da nord, rafforzandosi fino a forti oltre i 2200\/2400 m dal pomeriggio in poi, a 15-30 km\/h a 2000 m e 35-60 km\/h a 3000 m.<\/p>\n<hr \/>\n<p><b>Lunedi 15<\/b>Miglioramento del tempo con sole e temporanei annuvolamenti per il formarsi di nubi medio-alte di sottovento (lee clouds). Aria tersa e ottima visibilit\u00e0 ovunque. Temperature minime in calo e massime in ripresa, almeno nelle valli interessate dal Foehn e in quelle pi\u00f9 assolate. Nelle valli venti deboli di direzione variabile, eccetto locali rinforzi per brezze notturne su alcuni settori prealpini e per qualche episodio di Foehn pomerifdiano nelle valli dolomitiche; in quota tesi\/forti da nord nord-ovest, in temporanea attenuazione nelle ore centrali.<\/p>\n<hr \/>\n<p><b>Martedi 16<\/b>Tempo ben soleggiato con cielo sereno, eccetto qualche temporaneo e irregolare annuvolamento sui settori pi\u00f9 settentrionali, aria tersa ed ottima visibilit\u00e0. Temperature senza notevoli variazioni sia in quota che nelle valli, eccetto scarti legati a improvvisi sbalzi termici nei settori interessati dal favonio. In quota e sulle dorsali prealpine venti forti o molto forti da nord; nelle valli moderati dai quadranti settentrionali con improvvise e forti raffiche di Foehn. Previsore: R.L.Th.<\/p>\n<p>&nbsp;<\/p>\n<hr \/>\n<p>&nbsp;<\/p>\n<p><a href=\"https:\/\/www.radiopiu.net\/wordpress\/giornale-radiopiu-15-settembre-2018-direttore-mirko-mezzacasa\/sport-7\/\" rel=\"attachment wp-att-60761\"><img loading=\"lazy\" decoding=\"async\" class=\"wp-image-60761 size-full aligncenter\" src=\"https:\/\/www.radiopiu.net\/wordpress\/wp-content\/uploads\/2018\/09\/sport.jpg\" alt=\"\" width=\"800\" height=\"100\" srcset=\"https:\/\/www.radiopiu.net\/wordpress\/wp-content\/uploads\/2018\/09\/sport.jpg 800w, https:\/\/www.radiopiu.net\/wordpress\/wp-content\/uploads\/2018\/09\/sport-300x38.jpg 300w, https:\/\/www.radiopiu.net\/wordpress\/wp-content\/uploads\/2018\/09\/sport-768x96.jpg 768w\" sizes=\"auto, (max-width: 800px) 100vw, 800px\" \/><\/a><\/p>\n<p>&nbsp;<\/p>\n<blockquote>\n<h3>L&#8217;ARBITRO ALBERTO GAZ DIVENTA COMPONENTE DELLA PROCURA ARBITRALE NAZIONALE<\/h3>\n<\/blockquote>\n<p><strong><a href=\"https:\/\/www.radiopiu.net\/wordpress\/larbitro-alberto-gaz-diventa-componente-della-procura-arbitrale-nazionale\/alberto-gaz-arbitro\/\" rel=\"attachment wp-att-196752\"><img loading=\"lazy\" decoding=\"async\" class=\"size-medium wp-image-196752 alignleft\" src=\"https:\/\/www.radiopiu.net\/wordpress\/wp-content\/uploads\/2021\/03\/ALBERTO-GAZ-ARBITRO-300x160.png\" alt=\"\" width=\"300\" height=\"160\" srcset=\"https:\/\/www.radiopiu.net\/wordpress\/wp-content\/uploads\/2021\/03\/ALBERTO-GAZ-ARBITRO-300x160.png 300w, https:\/\/www.radiopiu.net\/wordpress\/wp-content\/uploads\/2021\/03\/ALBERTO-GAZ-ARBITRO.png 638w\" sizes=\"auto, (max-width: 300px) 100vw, 300px\" \/><\/a>BELLUNO<\/strong> Per la prima volta nella storia dell&#8217;Associazione Italiana Arbitri un bellunese entra a far parte della Procura Arbitrale nazionale. Si tratta di Alberto Gaz, arbitro bellunese, che pochi giorni fa gli \u00e8 stato conferita la nomina di componente della Procura Arbitrale. Per Gaz, primo bellunese a ricoprire una carica nazionale, un incarico importante e dalla sezione di Belluno arrivano le pi\u00f9 vive felicitazioni e i migliori auguri per un proficuo lavoro.<\/p>\n<p>&nbsp;<\/p>\n<p>&nbsp;<\/p>\n<hr \/>\n<p>&nbsp;<\/p>\n<blockquote>\n<h3>CONTO ALLA ROVESCIA PER L&#8217;ALLEGHE HOCKEY CHE AFFRONTERA&#8217; IL MERANO NEI QUARTI DI FINALE IHL<\/h3>\n<\/blockquote>\n<p><strong><a href=\"https:\/\/www.radiopiu.net\/wordpress\/il-calendario-ufficiale-dellitalian-hockey-league\/logo-alleghe-hockey\/\" rel=\"attachment wp-att-95699\"><img loading=\"lazy\" decoding=\"async\" class=\" wp-image-95699 alignleft\" src=\"https:\/\/www.radiopiu.net\/wordpress\/wp-content\/uploads\/2019\/08\/logo-alleghe-hockey-300x281.png\" alt=\"\" width=\"131\" height=\"123\" srcset=\"https:\/\/www.radiopiu.net\/wordpress\/wp-content\/uploads\/2019\/08\/logo-alleghe-hockey-300x281.png 300w, https:\/\/www.radiopiu.net\/wordpress\/wp-content\/uploads\/2019\/08\/logo-alleghe-hockey.png 547w\" sizes=\"auto, (max-width: 131px) 100vw, 131px\" \/><\/a>ALLEGHE<\/strong> Marted\u00ec prossimo inizieranno i playoff della IHL e l&#8217;Alleghe sar\u00e0 chiamato ad una impresa contro il Merano. La squadra agordina \u00e8 pronta per iniziare la serie che partir\u00e0 da gara 1 in terra altoatesina marted\u00ec alle 20:30. Gioved\u00ec al De Toni gara 2 sempre alle 20:30 e sabato 20 marzo gara 3 ancora in casa del Merano alle 19:30. Si gioca la serie al meglio delle 5 gare, le eventuali 2 partite necessarie per decidere la squadra che approder\u00e0 alla semifinale saranno giocate il 23 (ad Alleghe) e il 25 marzo. Radio Pi\u00f9 seguir\u00e0 in diretta le partite con &#8220;Hockey al Punto Giusto&#8221;.<\/p>\n<p>&nbsp;<\/p>\n<p>&nbsp;<\/p>\n<hr \/>\n<p>&nbsp;<\/p>\n<blockquote>\n<h2>IL CROSS DELLA RIPARTENZA<\/h2>\n<\/blockquote>\n<p>Il centro sportivo italiano ha reso noto il regolamento del Cross della Ripartenza, evento in programma il prossimo 28 marzo.\u00a0 La manifestazione \u00e8 riservata ai soli tesserati Csi in quanto la normativa vigente prevede che le manifestazioni territoriali si possano svolgere esclusivamente come prova di qualificazione per eventi nazionali e il Cross della Ripartenza \u00e8 valido come qualificazione per il Gran premio nazionale Csi in programma il 17 e 18 aprile a Cesenatico. L&#8217;eventuale annullamento del Cross della Ripartenza, possibilit\u00e0 da non escludere considerata l&#8217;attuale situazione sanitaria, verr\u00e0 comunicato il pi\u00f9 tempestivamente possibile. Ovviamente, l&#8217;auspicio \u00e8 che tutto si possa svolgere regolarmente per, finalmente, ripartire.<\/p>\n<a href=\"https:\/\/www.radiopiu.net\/wordpress\/wp-content\/uploads\/2021\/03\/CSI-Campestre-2021-2-1.pdf\" class=\"pdfemb-viewer\" style=\"\" data-width=\"max\" data-height=\"max\" data-toolbar=\"top\" data-toolbar-fixed=\"on\">CSI Campestre 2021 (2)-1<\/a>\n<p>&nbsp;<\/p>\n<hr \/>\n<p>&nbsp;<\/p>\n<blockquote>\n<h3>MANUELA BULF ALLA FESTA DEL CROSS IN TOSCANA<\/h3>\n<\/blockquote>\n<p><strong><a href=\"https:\/\/www.radiopiu.net\/wordpress\/manuela-bulf-alla-festa-del-cross-in-toscana\/8702f780-0a43-4ba8-9f27-62f57fe7bc74\/\" rel=\"attachment wp-att-196743\"><img loading=\"lazy\" decoding=\"async\" class=\"size-full wp-image-196743 alignleft\" src=\"https:\/\/www.radiopiu.net\/wordpress\/wp-content\/uploads\/2021\/03\/8702f780-0a43-4ba8-9f27-62f57fe7bc74.jpg\" alt=\"\" width=\"225\" height=\"225\" srcset=\"https:\/\/www.radiopiu.net\/wordpress\/wp-content\/uploads\/2021\/03\/8702f780-0a43-4ba8-9f27-62f57fe7bc74.jpg 225w, https:\/\/www.radiopiu.net\/wordpress\/wp-content\/uploads\/2021\/03\/8702f780-0a43-4ba8-9f27-62f57fe7bc74-150x150.jpg 150w\" sizes=\"auto, (max-width: 225px) 100vw, 225px\" \/><\/a>AGORDO<\/strong> Sar\u00e0 un fine settimana in trasferta per Manuela Bulf. La ragazza dell&#8217;Atletica Agordina parteciper\u00e0 alla Festa del Cross a Campi Bisenzio in provincia di Firenze. Dopo le brillanti prestazioni di inizio anno nelle prove regionali, Manuela far\u00e0 la gara valida per il Campionato Italiano assoluto di corsa campestre dove ci saranno le pi\u00f9 forti interpreti a livello nazionale della specialit\u00e0.<\/p>\n","protected":false},"excerpt":{"rendered":"<p>PER RICEVERE QUESTO NOTIZIARIO DIRETTAMENTE SUL TUO CELLULARE ISCRIVITI AL CANALE TELEGRAM \u201cRADIO PIU\u00a0 INFORMAZIONE&#8221;\u00a0 SUPERATI I 3000 ISCRITTI, il CANALE TELEGRAM&#8230; UNISCITI A: RADIO PIU INFORMAZIONE &nbsp; &nbsp; ATTENZIONE: LA NUOVA APP PER IOS-IPHONE di Nicola Vettorello https:\/\/apps.apple.com\/it\/app\/radio-pi%C3%B9-emittente-agordina\/id1515939845 ATTENZIONE: LA NUOVA APP RADIO\u00a0 PER ANDROID di Nicola Vettorello https:\/\/play.google.com\/store\/apps\/details?id=net.radiopiu.iniko &nbsp; &nbsp; VENETO IN ROSSO&hellip;<\/p>\n","protected":false},"author":4,"featured_media":196794,"comment_status":"closed","ping_status":"closed","sticky":false,"template":"","format":"standard","meta":{"_monsterinsights_skip_tracking":false,"_monsterinsights_sitenote_active":false,"_monsterinsights_sitenote_note":"","_monsterinsights_sitenote_category":0,"footnotes":""},"categories":[1,51,86,49],"tags":[],"class_list":["post-196551","post","type-post","status-publish","format-standard","has-post-thumbnail","hentry","category-senza-categoria","category-evidenza-top","category-gr","category-news-18","category-1","category-51","category-86","category-49","description-off"],"img_url":"https:\/\/www.radiopiu.net\/wordpress\/wp-content\/uploads\/2021\/03\/spartan_race_alleghe-desktop-webp.jpg","_links":{"self":[{"href":"https:\/\/www.radiopiu.net\/wordpress\/wp-json\/wp\/v2\/posts\/196551","targetHints":{"allow":["GET"]}}],"collection":[{"href":"https:\/\/www.radiopiu.net\/wordpress\/wp-json\/wp\/v2\/posts"}],"about":[{"href":"https:\/\/www.radiopiu.net\/wordpress\/wp-json\/wp\/v2\/types\/post"}],"author":[{"embeddable":true,"href":"https:\/\/www.radiopiu.net\/wordpress\/wp-json\/wp\/v2\/users\/4"}],"replies":[{"embeddable":true,"href":"https:\/\/www.radiopiu.net\/wordpress\/wp-json\/wp\/v2\/comments?post=196551"}],"version-history":[{"count":0,"href":"https:\/\/www.radiopiu.net\/wordpress\/wp-json\/wp\/v2\/posts\/196551\/revisions"}],"wp:featuredmedia":[{"embeddable":true,"href":"https:\/\/www.radiopiu.net\/wordpress\/wp-json\/wp\/v2\/media\/196794"}],"wp:attachment":[{"href":"https:\/\/www.radiopiu.net\/wordpress\/wp-json\/wp\/v2\/media?parent=196551"}],"wp:term":[{"taxonomy":"category","embeddable":true,"href":"https:\/\/www.radiopiu.net\/wordpress\/wp-json\/wp\/v2\/categories?post=196551"},{"taxonomy":"post_tag","embeddable":true,"href":"https:\/\/www.radiopiu.net\/wordpress\/wp-json\/wp\/v2\/tags?post=196551"}],"curies":[{"name":"wp","href":"https:\/\/api.w.org\/{rel}","templated":true}]}}