{"id":196615,"date":"2021-03-12T10:58:43","date_gmt":"2021-03-12T09:58:43","guid":{"rendered":"https:\/\/www.radiopiu.net\/wordpress\/?p=196615"},"modified":"2021-03-12T14:01:42","modified_gmt":"2021-03-12T13:01:42","slug":"luxottica-verso-una-forte-ripresa-solida-base-per-il-futuro","status":"publish","type":"post","link":"https:\/\/www.radiopiu.net\/wordpress\/luxottica-verso-una-forte-ripresa-solida-base-per-il-futuro\/","title":{"rendered":"LUXOTTICA: VERSO UNA FORTE RIPRESA, SOLIDA BASE PER IL FUTURO"},"content":{"rendered":"<blockquote><p><em>\u201cRingrazio l\u2019attuale management per gli importanti risultati ottenuti in un anno molto difficile. Alla luce di <\/em><em>questi risultati intendo proporre al nuovo Consiglio di confermare Francesco Milleri nel ruolo di Capo <\/em><em>Azienda e Paul du Saillant come suo Vice\u201d, <\/em>dichiara Leonardo Del Vecchio, Presidente di EssilorLuxottica.<\/p><\/blockquote>\n<p>&nbsp;<\/p>\n<p><strong>AGORDO<\/strong> Il Consiglio di Amministrazione di EssilorLuxottica ha approvato il\u00a0 progetto di bilancio consolidato per l\u2019esercizio chiuso al 31 dicembre 2020: FATTURATO -14,6%, UTILE LORDO -19,3% EssilorLuxottica ha registrato ricavi per 14.429 milioni di Euro, in calo del 17,0% a cambi correnti e del 14,6% a cambi costanti1, rispetto al 2019. Queste riduzioni sono state il risultato diretto delle misure di lockdown messe in atto in tutti i mercati nella prima parte dell\u2019anno per fronteggiare la pandemia di COVID-19. L\u2019utile lordo e adjusted della Societ\u00e0 si attestano rispettivamente al 58,7% e al 58,9% delle vendite, mentre l\u2019utile operativo reported3 e adjusted2 \u00e8 stato rispettivamente del 3,1% e del 9,5% delle vendite. L&#8217;utile netto\u00a0 e adjusted attribuibile agli azionisti della capogruppo \u00e8 pari a 85 milioni di Euro e 788 milioni di Euro rispettivamente (i dati reported3 riflettono anche l\u2019impatto negativo non monetario della PPA pari a 528 milioni di Euro relativo alla combinazione di Essilor e Luxottica)<\/p>\n<p>&nbsp;<\/p>\n<blockquote><p><span style=\"color: #ff0000;\">Nel secondo semestre: fatturato +0,3%, utile lordo -2,3%, utile operativo +39,9% utile netto attribuibile agli azionisti +32,2%.\u00a0 Solida ripresa a \u201cV\u201d dal mese di maggio. Il business vista, che rappresenta il 75% del fatturato, ha sostenuto lo slancio delle vendite dopo i lockdown. I ricavi del quarto trimestre e del secondo semestre sono aumentati rispettivamente dell&#8217;1,7% e dello 0,3% a cambi costanti.<\/span><\/p><\/blockquote>\n<p>La Societ\u00e0 ha chiuso l&#8217;anno con 8,9 miliardi di Euro di liquidit\u00e0 e investimenti a breve termine e un indebitamento finanziario netto di 3,0 miliardi di Euro (comprese le passivit\u00e0 per leasing) rispetto a un indebitamento netto5 di 4,0 miliardi di Euro alla fine del 2019. Inoltre, la Societ\u00e0 dispone di linee di credito committed non utilizzate per 5,1 miliardi di Euro. Il solido bilancio riflette anche la forte generazione di cassa4 dell&#8217;anno, grazie alle misure di controllo dei costi e di tutela della liquidit\u00e0. Il 28 dicembre 2020 \u00e8 stato pagato un acconto sul dividendo di Euro 1,15 per azione per l&#8217;esercizio 2020. Tale decisione \u00e8 stata supportata dall&#8217;efficacia delle misure adottate per contenere i costi e preservare la liquidit\u00e0 e dalla solida ripresa del business osservata nella seconda met\u00e0 dell&#8217;anno.<\/p>\n<blockquote>\n<h3><strong>IL COMMENTO:<\/strong> Francesco Milleri e Paul du Saillant, rispettivamente Amministratore Delegato e Vice Amministratore Delegato di EssilorLuxottica.<\/h3>\n<\/blockquote>\n<p><em>\u201cPer capire veramente le qualit\u00e0 di EssilorLuxottica, basta guardare a come abbiamo affrontato le <\/em><em>difficolt\u00e0 dello scorso anno e il modo in cui abbiamo trasformato le avversit\u00e0 in opportunit\u00e0 per il 2021. Nella prima parte dell\u2019anno, la Societ\u00e0 e le nostre persone hanno dato prova di grande resilienza, stringendo relazioni ancora pi\u00f9 forti con i clienti. Nella seconda met\u00e0, abbiamo cambiato passo e investito sulla ripresa continuando a garantire alle nostre organizzazioni, ai partner e ai clienti le risorse e il supporto di cui avevano bisogno per tornare a crescere. \u00c8 questo il segno distintivo di un\u2019azienda di riferimento per l\u2019intero settore, che mette a disposizione le sue caratteristiche e capacit\u00e0 a beneficio di <\/em><em>tutti gli stakeholder: una Mission coinvolgente, la partecipazione azionaria dei dipendenti, le relazioni consolidate con i clienti, la digitalizzazione del business, una supply chain flessibile e l\u2019innovazione di prodotto e a supporto dei marchi. I solidi risultati dimostrano la qualit\u00e0 del nostro modello di business e i benefici del processo di integrazione. La domanda strutturale di prodotti e servizi per la correzione visiva e i nostri marchi riconosciuti in tutto il mondo, unitamente all\u2019integrazione verticale, ll\u2019innovazione e al controllo attendo dei costi hanno sostenuto la redditivit\u00e0. EssilorLuxottica \u00e8 oggi in una posizione unica per sostenere l\u2019evoluzione del settore dell\u2019eyewear e dell\u2019eyecare, con risorse e nuove categorie di prodotto come le lenti per il contrasto della miopia o il paio di occhiali completo tra montature e lenti per creare valore nel lungo periodo&#8221;<\/em><\/p>\n<p>Rapida reazione alla pandemia di COVID-19 con adozione di misure a favore di dipendenti, clienti e della societ\u00e0 in senso ampio \u25cf Ricavi in costante recupero tra il primo ed il secondo semestre dell\u2019anno \u25cf La divisione Lenses &amp; Optical Instruments, il Retail e l\u2019e-commerce guidano la ripresa \u25cf La pipeline di prodotti innovativi e gli investimenti sui marchi posizionano la Societ\u00e0 in modo ottimale per il futuro \u25cf Forte rimbalzo del margine operativo, in termini sia reported sia adjusted nel secondo semestre \u25cf La generazione di cassa4 supera quella dello scorso anno, sinergie e processo di integrazione in linea con i tempi previsti<\/p>\n","protected":false},"excerpt":{"rendered":"<p>\u201cRingrazio l\u2019attuale management per gli importanti risultati ottenuti in un anno molto difficile. Alla luce di questi risultati intendo proporre al nuovo Consiglio di confermare Francesco Milleri nel ruolo di Capo Azienda e Paul du Saillant come suo Vice\u201d, dichiara Leonardo Del Vecchio, Presidente di EssilorLuxottica. &nbsp; AGORDO Il Consiglio di Amministrazione di EssilorLuxottica ha&hellip;<\/p>\n","protected":false},"author":4,"featured_media":193540,"comment_status":"closed","ping_status":"closed","sticky":false,"template":"","format":"standard","meta":{"_monsterinsights_skip_tracking":false,"_monsterinsights_sitenote_active":false,"_monsterinsights_sitenote_note":"","_monsterinsights_sitenote_category":0,"footnotes":""},"categories":[1,51,49],"tags":[],"class_list":["post-196615","post","type-post","status-publish","format-standard","has-post-thumbnail","hentry","category-senza-categoria","category-evidenza-top","category-news-18","category-1","category-51","category-49","description-off"],"img_url":"https:\/\/www.radiopiu.net\/wordpress\/wp-content\/uploads\/2021\/02\/ESSILORLUXOTTICA.png","_links":{"self":[{"href":"https:\/\/www.radiopiu.net\/wordpress\/wp-json\/wp\/v2\/posts\/196615","targetHints":{"allow":["GET"]}}],"collection":[{"href":"https:\/\/www.radiopiu.net\/wordpress\/wp-json\/wp\/v2\/posts"}],"about":[{"href":"https:\/\/www.radiopiu.net\/wordpress\/wp-json\/wp\/v2\/types\/post"}],"author":[{"embeddable":true,"href":"https:\/\/www.radiopiu.net\/wordpress\/wp-json\/wp\/v2\/users\/4"}],"replies":[{"embeddable":true,"href":"https:\/\/www.radiopiu.net\/wordpress\/wp-json\/wp\/v2\/comments?post=196615"}],"version-history":[{"count":0,"href":"https:\/\/www.radiopiu.net\/wordpress\/wp-json\/wp\/v2\/posts\/196615\/revisions"}],"wp:featuredmedia":[{"embeddable":true,"href":"https:\/\/www.radiopiu.net\/wordpress\/wp-json\/wp\/v2\/media\/193540"}],"wp:attachment":[{"href":"https:\/\/www.radiopiu.net\/wordpress\/wp-json\/wp\/v2\/media?parent=196615"}],"wp:term":[{"taxonomy":"category","embeddable":true,"href":"https:\/\/www.radiopiu.net\/wordpress\/wp-json\/wp\/v2\/categories?post=196615"},{"taxonomy":"post_tag","embeddable":true,"href":"https:\/\/www.radiopiu.net\/wordpress\/wp-json\/wp\/v2\/tags?post=196615"}],"curies":[{"name":"wp","href":"https:\/\/api.w.org\/{rel}","templated":true}]}}