{"id":196632,"date":"2021-03-12T11:49:01","date_gmt":"2021-03-12T10:49:01","guid":{"rendered":"https:\/\/www.radiopiu.net\/wordpress\/?p=196632"},"modified":"2021-03-12T11:49:01","modified_gmt":"2021-03-12T10:49:01","slug":"la-guardia-di-finanza-sequestra-200-mila-occhiali-non-a-norma","status":"publish","type":"post","link":"https:\/\/www.radiopiu.net\/wordpress\/la-guardia-di-finanza-sequestra-200-mila-occhiali-non-a-norma\/","title":{"rendered":"LA GUARDIA DI FINANZA SEQUESTRA 200 MILA OCCHIALI NON A NORMA"},"content":{"rendered":"<p><strong><img loading=\"lazy\" decoding=\"async\" class=\"alignleft\" src=\"https:\/\/www.radiopiu.net\/wordpress\/wp-content\/uploads\/2016\/04\/occhiali-occhialeria.jpg\" width=\"249\" height=\"166\" \/>PADOVA<\/strong> <em>Occhiali fuori norma non sono solo una frode commerciale, ma anche un pericolo per la salute di chi dovesse indossarli. Complimenti alla Guardia di Finanza di Padova per averne sequestrate una grande quantit\u00e0 che, se introdotta sul mercato avrebbe creato danni ai commercianti onesti e anche agli acquirenti\u201d.<\/em> Con queste parole, il Presidente della Regione Veneto, Luca Zaia, esprime la sua soddisfazione per l\u2019operazione delle Fiamme Gialle patavine che hanno sottoposto a sequestro quasi 200 mila paia di occhiali da sole prodotti in Cina, sui quali era stata posta illecitamente la marcatura &#8220;CE&#8221;, che potrebbero risultare potenzialmente pericolosi per i consumatori. <em>\u201cIl fenomeno della contraffazione \u2013 aggiunge Zaia \u2013 \u00e8 una piaga da combattere con ogni energia, perch\u00e9 crea gravi danni economici agli operatori onesti e si sviluppa in un sottobosco carico di negativit\u00e0. Il caso in questione \u2013 conclude il Governatore \u2013 \u00e8 ancora pi\u00f9 grave per gli effetti pericolosi che si sarebbero innescati per un bene prezioso come la vista delle persone\u201d.<\/em><\/p>\n","protected":false},"excerpt":{"rendered":"<p>PADOVA Occhiali fuori norma non sono solo una frode commerciale, ma anche un pericolo per la salute di chi dovesse indossarli. Complimenti alla Guardia di Finanza di Padova per averne sequestrate una grande quantit\u00e0 che, se introdotta sul mercato avrebbe creato danni ai commercianti onesti e anche agli acquirenti\u201d. Con queste parole, il Presidente della&hellip;<\/p>\n","protected":false},"author":4,"featured_media":0,"comment_status":"closed","ping_status":"closed","sticky":false,"template":"","format":"standard","meta":{"_monsterinsights_skip_tracking":false,"_monsterinsights_sitenote_active":false,"_monsterinsights_sitenote_note":"","_monsterinsights_sitenote_category":0,"footnotes":""},"categories":[49],"tags":[],"class_list":["post-196632","post","type-post","status-publish","format-standard","hentry","category-news-18","category-49","description-off"],"img_url":false,"_links":{"self":[{"href":"https:\/\/www.radiopiu.net\/wordpress\/wp-json\/wp\/v2\/posts\/196632","targetHints":{"allow":["GET"]}}],"collection":[{"href":"https:\/\/www.radiopiu.net\/wordpress\/wp-json\/wp\/v2\/posts"}],"about":[{"href":"https:\/\/www.radiopiu.net\/wordpress\/wp-json\/wp\/v2\/types\/post"}],"author":[{"embeddable":true,"href":"https:\/\/www.radiopiu.net\/wordpress\/wp-json\/wp\/v2\/users\/4"}],"replies":[{"embeddable":true,"href":"https:\/\/www.radiopiu.net\/wordpress\/wp-json\/wp\/v2\/comments?post=196632"}],"version-history":[{"count":0,"href":"https:\/\/www.radiopiu.net\/wordpress\/wp-json\/wp\/v2\/posts\/196632\/revisions"}],"wp:attachment":[{"href":"https:\/\/www.radiopiu.net\/wordpress\/wp-json\/wp\/v2\/media?parent=196632"}],"wp:term":[{"taxonomy":"category","embeddable":true,"href":"https:\/\/www.radiopiu.net\/wordpress\/wp-json\/wp\/v2\/categories?post=196632"},{"taxonomy":"post_tag","embeddable":true,"href":"https:\/\/www.radiopiu.net\/wordpress\/wp-json\/wp\/v2\/tags?post=196632"}],"curies":[{"name":"wp","href":"https:\/\/api.w.org\/{rel}","templated":true}]}}