{"id":196637,"date":"2021-03-12T12:25:59","date_gmt":"2021-03-12T11:25:59","guid":{"rendered":"https:\/\/www.radiopiu.net\/wordpress\/?p=196637"},"modified":"2021-03-12T13:53:58","modified_gmt":"2021-03-12T12:53:58","slug":"veneto-in-rosso-a-pasqua-senza-dubbio-come-tutta-italia-le-ultime-da-venezia-la-conferenza-stampa-delle-12-30","status":"publish","type":"post","link":"https:\/\/www.radiopiu.net\/wordpress\/veneto-in-rosso-a-pasqua-senza-dubbio-come-tutta-italia-le-ultime-da-venezia-la-conferenza-stampa-delle-12-30\/","title":{"rendered":"VENETO IN ROSSO? A PASQUA SENZA DUBBIO COME TUTTA ITALIA.  LE ULTIME DA VENEZIA. LOTTO ASTRAZENECA A RISCHIO: IN VENETO SOMMINISTRATE 17MILA DOSI"},"content":{"rendered":"<blockquote><p><strong>VENEZIA<\/strong> Consueto punto stampa delle 12.30 dalla sede\u00a0 della protezione civile di Marghera nel giorno in cui a Roma decideranno la colorazione delle regioni, Veneto compreso. Le sensazioni che si vada sempre pi\u00f9 verso il rosso alla luce dei numeri del contagio dell&#8217;ultima settimana. \u00a0 Rosso significa restrizioni e soprattutto\u00a0didattica a distanza per tutti gli studenti. E sembra sempre pi\u00f9 concreta anche l&#8217;ipotesi di un lockdown nazionale nel fine settimana pasquale.<\/p>\n<p><strong>I NUMERI<\/strong><\/p>\n<p>TAMPONI MOLECOLARI 4182000 TAMPONI RAPIDI 3430000 (oltre 7 milioni in totale) TAMPONI IERI 46146 POSITIVI IERI +1932 (il pi\u00f9 alto degli ultimi giorni)\u00a0 INCIDENZA POSITIVI TAMPONI 4,19%\u00a0 POSITIVI DA INIZIO EPIDEMIA 350045 POSITIVI ATTUALI 32550 RICOVERI 1538 (+2)\u00a0 IN AREA NON CRITICA 1369 ( +29 ) IN TERAPIA INTENSIVA\u00a0 169 (-1 ) ALTRI PAZIENTI NON COVID in terapia intensiva: 297 DECESSI 1074 (+29)\u00a0 \u00a0 \u00a0DIMESSI 16696<\/p>\n<blockquote>\n<h2>LEGGI LA CONFERENZA STAMPA DI LUCA ZAIA , AGGIORNANDO LA PAGINA IN TEMPO REALE<\/h2>\n<p><em>Siamo nel contingente nutrito di REGIONI\u00a0 che passano al rosso, qualcuna direttamente dal giallo al rosso. La classificazione dei colori la fanno a livello nazionale e non regionale meglio ripeterlo. Loro hanno dati che noi non abbiamo e vengono fatte le classificazioni. Se passiamo in rosso ed \u00e8 verosimile accada, quanto durer\u00e0? Due-tre settimane, fino a Pasqua quando si sovraporr\u00e0 il decreto che imporr\u00e0 zona rossa su tutto il territorio nazionale e chiusura di tutte le scuole.\u00a0 Se avessimo adottato il modello nostro, con una prudenza maggiore nelle scuole, magari adesso avremmo potuto chiudere di meno&#8230;<\/em><\/p><\/blockquote>\n<\/blockquote>\n<p>Oggi daremo anche le informazioni su Astrazeneca in Veneto. Stamane importante riunione con il Governo. <strong>SITUAZIONE<\/strong> E&#8217; innegabile che il contagio stia crescendo e non ci divertiamo nel comunicarlo. Stamane il prof. Brusaferro ha parlato di un Rt di 1,16 a livello nazionale, il nostro dato \u00e8 1,28, pare di capire che un bel po&#8217; di regioni passano al rosso e noi siamo sul filo del rasoio, non ci resta che capire ma soprattutto attendere quali sono le decisioni che saranno prese dagli scienziati. <strong>VENETO IN PEGGIORAMENTO<\/strong> In questa settimana la situazione \u00e8 sempre peggiorata anche quando il Veneto mostrava dati in calo. Le terapia intensive in Italia sono sopra il 30%, significa che \u00e8 ulteriore elemento di preoccupazione. Coinvolgono quasi 3000 pazienti ed \u00e8 il dato di ieri con 25mila nuovi casi e 373 morti. Ieri in Italia l&#8217;incidenza era di poco meno del 7%. <strong>LE VARIANTI<\/strong> Temiamo la totalitaria variante inglese (70% in veneto) ma siamo preoccupati anche per le altre varianti che conosciamo meno e che hanno massacrato il centro Italia con i colleghi che hanno fatto restrizioni importanti, urgenti e profonde come Umbria, Toscana, Abruzzo. <strong>VACCINI<\/strong> In tutto questo contesto c&#8217;\u00e8 un dato positivo di oggi il vaccino Johnson&amp;Johnson avr\u00e0 le autorizzazioni. <strong>ZAIA E L&#8217;INCONTRO CON IL GOVERNO<\/strong> Cosa ho detto al Governo: intanto non c&#8217;\u00e8 pi\u00f9 il clima di un anno fa, i cittadini sono stremati, il Veneto ha perso 60mila posti di lavoro e poi c&#8217;\u00e8 una pletora di attivit\u00e0 che non ha visto luce. Ho chiesto che si faccia una comunicazione istituzionale che diano prospettive ai cittadini. Che il nuovo decreto legge dica dove inizia e dove si finisce. Dobbiamo dare una prospettiva di programmazione. il Governo vuole usare il modello di dicembre, zona rossa nei giorni festivi (pasqua-pasquetta). Ho chiesto che davanti a queste misure (zone rosse) che il Governo introduca il tema congedo parentale e bonus baby sitter perch\u00e9 in zona rossa chiudono tutte le scuole, nessuna esclusa e i genitori sono in difficolt\u00e0. <strong>RISTORI<\/strong> Abbiamo chiesto rassicurazione per le nostre imprese, sono stati assicurati i ristori ma attendiamo i fatti concreti. Ho chiesto inoltre che ci siano misure automatiche e che ci sia la possibilit\u00e0 di introdurre (ed \u00e8 la seconda volta) une speaker per le istituzioni che rappresenti la posizione scientifica, cio\u00e8 una voce ufficiale, poi gli altri possono dire quello che vogliono perch\u00e9 siamo in democrazia. Ultimo esempio <strong>CASO ASTRAZENECA<\/strong>, ci sono grandi perplessit\u00e0 ai punti di vaccinazioni. Rassicuro i cittadini su un fatto unico e scientifico: si deve dimostrare la correlazione tra la morte e la somministrazione di un vaccino, non sappiamo ancora se c&#8217;\u00e8 correlazione, bene la prudenza. <strong>TAMPONI<\/strong>\u00a0 ho detto che una regione virtuosa come il Veneto monitora il territorio con 50mila tamponi al giorno, noi ne facciamo. Chiedo al Governo che venga fissata una percentuale di tamponi da fare sulla popolazione per misurare la circolazione. E&#8217; inevitabile che se il Friuli fa bene i tamponi e il Veneto non ne fa non \u00e8 proprio vero che non c&#8217;entra niente con i vicini, il contagio passa i confini. Non \u00e8 che abbiamo le restrizioni in Veneto perch\u00e9 facciamo tanti tamponi, noi guardiamo gli ospedali che non sono vuoti, se continua cos\u00ec tra una settimana dovremo di nuovo ridurre le prestazioni.\u00a0 <strong>VACCINI IN AZIENDA<\/strong> Abbiamo deciso in urgenza questa mattina di approva il protocollo per le vaccinazioni aziendali. Spero che gi\u00e0 da subito in accordo con le Ulss di organizzare l&#8217;offerta (in base alla disponibilit\u00e0 dei vaccini) non avendo disponibilit\u00e0 infinita di vaccini la cosa si vedr\u00e0 a macchie di leopardo. Oltre ai lavoratori bisogna dare la possibilit\u00e0 di vaccinare gli over 60 famigliari, il target pi\u00f9 fragile, importante welfare sociale. Stiamo preparando la culla per il neonato e le imprese hanno chiesto di essere coinvolte. <strong>MEDICI DI BASE<\/strong> Luned\u00ec verr\u00e0 presentato l&#8217;accordo, fronte vaccinale non indifferente. <span style=\"color: #ff0000;\"><strong>COME AL SOLITO NOTIZIE AL VENERDI SERA PER IL LUNEDI NESSUN CAMBIO DI PASSO COME INVECE ERA STATO PREANNUNCIATO\u00a0<\/strong><span style=\"color: #000000;\">Condivido ma dipende da Roma e non da noi.<\/span><\/span><\/p>\n<blockquote>\n<h2>DOTTORESSA FRANCESCA RUSSO Direzione Prevenzione<\/h2>\n<\/blockquote>\n<p><strong>IERI CON ASTRAZENECA&#8230;<\/strong> Ieri pomeriggio siamo stati informati di bloccare il lotto. Abbiamo telefonicamente avvisato le Ulss che avevano il vaccino e da questo momento abbiamo imposto il blocco totale. Prima per telefono, poi via mail. Abbiamo verificato le Ulss che avevano avuto la distribuzione e abbiamo fornito le informazioni. Bloccato in via precauzionale l&#8217;utilizzo. Quindi ritiro precauzionale del lotto legato ad accertamenti.\u00a0 In Veneto di questo lotto ne avevamo 20500 dosi di cui 17mila somministrate. Tremila sono bloccate in magazzino. Ieri si \u00e8 interrotta la somministrazione. In totale di Astrazeneca ne abbiamo inoculate 48500mila in Veneto. A ieri sono state segnalate 348 reazioni lievi (febbre, stanchezza, cefalea)\u00a0 al vaccino astrazeneca, a parte 12 con reazioni pi\u00f9 importanti con febbre alta, dolori articolari, cefalea cio\u00e8 reazioni sistemiche pi\u00f9 complesse. Due di queste 12 hanno dato reazioni allergiche risolte. Di queste 12 pi\u00f9 rilevanti sono 7\u00a0 quelle associate al lotto indagato. I PAZIENTI COME REAGISCONO?\u00a0 Non ho evidenza di rifiuti del vaccino ad oggi. I sintomi locali appaiono entro le 24 ore. Fino a un massimo di 72 ore per altri sintomi. <strong>UN VACCINATO PUO&#8217; ESSERE INFETTATO? <\/strong>Anche un vaccino pari al 95% di efficacia indica che c&#8217;\u00e8 una piccola percentuale che potrebbe non sviluppare anticorpi e reinfettarsi. AstraZeneca \u00e8 vicino al 100% come efficacia contro le forme pi\u00f9 gravi di Covid,\u00a0 nessun vaccino ha una protezione\u00a0 totale. <strong>PER CHI HA DUBBI<\/strong> \u00a0Nel certificato di vaccinazione \u00e8 presente il numero di lotto del vaccino. Qualsiasi evento deve essere segnalato, ma valuter\u00e0 il medico di famiglia che eventualmente far\u00e0 la segnalazione.<\/p>\n<p>&nbsp;<\/p>\n<p><a href=\"https:\/\/www.facebook.com\/zaiaufficiale\/videos\/1554769821396202\">https:\/\/www.facebook.com\/zaiaufficiale\/videos\/1554769821396202<\/a><\/p>\n<p>&nbsp;<\/p>\n","protected":false},"excerpt":{"rendered":"<p>VENEZIA Consueto punto stampa delle 12.30 dalla sede\u00a0 della protezione civile di Marghera nel giorno in cui a Roma decideranno la colorazione delle regioni, Veneto compreso. Le sensazioni che si vada sempre pi\u00f9 verso il rosso alla luce dei numeri del contagio dell&#8217;ultima settimana. \u00a0 Rosso significa restrizioni e soprattutto\u00a0didattica a distanza per tutti gli&hellip;<\/p>\n","protected":false},"author":4,"featured_media":173171,"comment_status":"closed","ping_status":"closed","sticky":false,"template":"","format":"standard","meta":{"_monsterinsights_skip_tracking":false,"_monsterinsights_sitenote_active":false,"_monsterinsights_sitenote_note":"","_monsterinsights_sitenote_category":0,"footnotes":""},"categories":[51,49],"tags":[],"class_list":["post-196637","post","type-post","status-publish","format-standard","has-post-thumbnail","hentry","category-evidenza-top","category-news-18","category-51","category-49","description-off"],"img_url":"https:\/\/www.radiopiu.net\/wordpress\/wp-content\/uploads\/2020\/11\/ZAIA-TEST.jpg","_links":{"self":[{"href":"https:\/\/www.radiopiu.net\/wordpress\/wp-json\/wp\/v2\/posts\/196637","targetHints":{"allow":["GET"]}}],"collection":[{"href":"https:\/\/www.radiopiu.net\/wordpress\/wp-json\/wp\/v2\/posts"}],"about":[{"href":"https:\/\/www.radiopiu.net\/wordpress\/wp-json\/wp\/v2\/types\/post"}],"author":[{"embeddable":true,"href":"https:\/\/www.radiopiu.net\/wordpress\/wp-json\/wp\/v2\/users\/4"}],"replies":[{"embeddable":true,"href":"https:\/\/www.radiopiu.net\/wordpress\/wp-json\/wp\/v2\/comments?post=196637"}],"version-history":[{"count":0,"href":"https:\/\/www.radiopiu.net\/wordpress\/wp-json\/wp\/v2\/posts\/196637\/revisions"}],"wp:featuredmedia":[{"embeddable":true,"href":"https:\/\/www.radiopiu.net\/wordpress\/wp-json\/wp\/v2\/media\/173171"}],"wp:attachment":[{"href":"https:\/\/www.radiopiu.net\/wordpress\/wp-json\/wp\/v2\/media?parent=196637"}],"wp:term":[{"taxonomy":"category","embeddable":true,"href":"https:\/\/www.radiopiu.net\/wordpress\/wp-json\/wp\/v2\/categories?post=196637"},{"taxonomy":"post_tag","embeddable":true,"href":"https:\/\/www.radiopiu.net\/wordpress\/wp-json\/wp\/v2\/tags?post=196637"}],"curies":[{"name":"wp","href":"https:\/\/api.w.org\/{rel}","templated":true}]}}