{"id":196742,"date":"2021-03-12T23:59:22","date_gmt":"2021-03-12T22:59:22","guid":{"rendered":"https:\/\/www.radiopiu.net\/wordpress\/?p=196742"},"modified":"2021-03-13T06:12:54","modified_gmt":"2021-03-13T05:12:54","slug":"manuela-bulf-alla-festa-del-cross-in-toscana","status":"publish","type":"post","link":"https:\/\/www.radiopiu.net\/wordpress\/manuela-bulf-alla-festa-del-cross-in-toscana\/","title":{"rendered":"MANUELA BULF ALLA FESTA DEL CROSS IN TOSCANA"},"content":{"rendered":"<p><strong><a href=\"https:\/\/www.radiopiu.net\/wordpress\/manuela-bulf-alla-festa-del-cross-in-toscana\/8702f780-0a43-4ba8-9f27-62f57fe7bc74\/\" rel=\"attachment wp-att-196743\"><img loading=\"lazy\" decoding=\"async\" class=\"size-full wp-image-196743 alignleft\" src=\"https:\/\/www.radiopiu.net\/wordpress\/wp-content\/uploads\/2021\/03\/8702f780-0a43-4ba8-9f27-62f57fe7bc74.jpg\" alt=\"\" width=\"225\" height=\"225\" srcset=\"https:\/\/www.radiopiu.net\/wordpress\/wp-content\/uploads\/2021\/03\/8702f780-0a43-4ba8-9f27-62f57fe7bc74.jpg 225w, https:\/\/www.radiopiu.net\/wordpress\/wp-content\/uploads\/2021\/03\/8702f780-0a43-4ba8-9f27-62f57fe7bc74-150x150.jpg 150w\" sizes=\"auto, (max-width: 225px) 100vw, 225px\" \/><\/a>AGORDO<\/strong> Sar\u00e0 un fine settimana in trasferta per Manuela Bulf. La ragazza dell&#8217;Atletica Agordina parteciper\u00e0 alla Festa del Cross a Campi Bisenzio in provincia di Firenze. Dopo le brillanti prestazioni di inizio anno nelle prove regionali, Manuela far\u00e0 la gara valida per il Campionato Italiano assoluto di corsa campestre dove ci saranno le pi\u00f9 forti interpreti a livello nazionale della specialit\u00e0.<\/p>\n","protected":false},"excerpt":{"rendered":"<p>AGORDO Sar\u00e0 un fine settimana in trasferta per Manuela Bulf. La ragazza dell&#8217;Atletica Agordina parteciper\u00e0 alla Festa del Cross a Campi Bisenzio in provincia di Firenze. Dopo le brillanti prestazioni di inizio anno nelle prove regionali, Manuela far\u00e0 la gara valida per il Campionato Italiano assoluto di corsa campestre dove ci saranno le pi\u00f9 forti&hellip;<\/p>\n","protected":false},"author":4,"featured_media":196743,"comment_status":"closed","ping_status":"closed","sticky":false,"template":"","format":"standard","meta":{"_monsterinsights_skip_tracking":false,"_monsterinsights_sitenote_active":false,"_monsterinsights_sitenote_note":"","_monsterinsights_sitenote_category":0,"footnotes":""},"categories":[104,49,72],"tags":[],"class_list":["post-196742","post","type-post","status-publish","format-standard","has-post-thumbnail","hentry","category-evidenza_3","category-news-18","category-sport","category-104","category-49","category-72","description-off"],"img_url":"https:\/\/www.radiopiu.net\/wordpress\/wp-content\/uploads\/2021\/03\/8702f780-0a43-4ba8-9f27-62f57fe7bc74.jpg","_links":{"self":[{"href":"https:\/\/www.radiopiu.net\/wordpress\/wp-json\/wp\/v2\/posts\/196742","targetHints":{"allow":["GET"]}}],"collection":[{"href":"https:\/\/www.radiopiu.net\/wordpress\/wp-json\/wp\/v2\/posts"}],"about":[{"href":"https:\/\/www.radiopiu.net\/wordpress\/wp-json\/wp\/v2\/types\/post"}],"author":[{"embeddable":true,"href":"https:\/\/www.radiopiu.net\/wordpress\/wp-json\/wp\/v2\/users\/4"}],"replies":[{"embeddable":true,"href":"https:\/\/www.radiopiu.net\/wordpress\/wp-json\/wp\/v2\/comments?post=196742"}],"version-history":[{"count":0,"href":"https:\/\/www.radiopiu.net\/wordpress\/wp-json\/wp\/v2\/posts\/196742\/revisions"}],"wp:featuredmedia":[{"embeddable":true,"href":"https:\/\/www.radiopiu.net\/wordpress\/wp-json\/wp\/v2\/media\/196743"}],"wp:attachment":[{"href":"https:\/\/www.radiopiu.net\/wordpress\/wp-json\/wp\/v2\/media?parent=196742"}],"wp:term":[{"taxonomy":"category","embeddable":true,"href":"https:\/\/www.radiopiu.net\/wordpress\/wp-json\/wp\/v2\/categories?post=196742"},{"taxonomy":"post_tag","embeddable":true,"href":"https:\/\/www.radiopiu.net\/wordpress\/wp-json\/wp\/v2\/tags?post=196742"}],"curies":[{"name":"wp","href":"https:\/\/api.w.org\/{rel}","templated":true}]}}