{"id":196765,"date":"2021-03-12T23:59:42","date_gmt":"2021-03-12T22:59:42","guid":{"rendered":"https:\/\/www.radiopiu.net\/wordpress\/?p=196765"},"modified":"2021-03-13T06:12:38","modified_gmt":"2021-03-13T05:12:38","slug":"feltrino-sernagiotto-illustra-la-citta-e-un-territorio-ponte","status":"publish","type":"post","link":"https:\/\/www.radiopiu.net\/wordpress\/feltrino-sernagiotto-illustra-la-citta-e-un-territorio-ponte\/","title":{"rendered":"FELTRINO. SERNAGIOTTO ILLUSTRA  \u201cLA CITT\u00c0 E UN TERRITORIO PONTE\u201d"},"content":{"rendered":"<p><strong>di Renato Bona<\/strong><\/p>\n<p>Si deve al medico e pubblicista Adriano Sernagiotto l\u2019esaustivo capitolo dedicato a Feltre e al Feltrino del libro \u201cBelluno. Viaggio intorno a una provincia\u201d voluto dall\u2019Amministrazione provinciale di Belluno ed edito nel 1989, per il coordinamento di Maurizio Busatta, dalla feltrina Libreria Pilotto per i tipi della Graphic Group pure di Feltre, fotolito Eurocrom di Villorba, composizione tipografia Piave di Belluno. Sotto il titolo \u201cFeltrino. Una citt\u00e0 e un territorio ponte\u201d Sernagiotto richiama subito una mirabile descrizione di Piazza Maggiore: il cuore di Feltre, la \u201cchiave di lettura\u201d della storia e della vita della citt\u00e0, scritta da Giovanni Comisso: \u201cSotto il cielo arioso, come sulla cima di un monte, le logge delle case, le terrazze, le balaustre, le gradinate fanno di questa Piazza uno stupendo teatro all\u2019aperto\u201d. Ricorda quindi che \u201cPer quasi quattro secoli le vicende della citt\u00e0 si intersecarono con quelle di Venezia. Furono legami che consentirono certamente a Feltre di crescere, caratterizzati tuttavia da un sistematico sfruttamento delle risorse della citt\u00e0 e da una severa politica fiscale. N\u00e9 mancarono, in questo lungo periodo, drammatici eventi come le distruzioni del 1509, 1510 e 1511 nel corso della guerra cambraica\u201d e nopn trascura di dire che \u201cA questa dipendenza dalla Serenissima si riferisce il caratteristico Palio\u201d. Impossibile qui l\u2019esposizione di tutti i \u201cgioielli\u201d che connotano la \u201cPiccola citt\u00e0 degli uomini grandi\u201d ci limitiamo a citare il richiamo dell\u2019autore al 1729 anno in cui \u201cun oscuro coadiutore di cancelleria, Carlo Goldoni, iniziava la sua grande stagione di commediografo con \u2018Il Buon vecchio e La Cantatatrice\u2019\u201d con una lapide che ricorda: \u201cI primi applausi salutarono qui il giovane poeta della commedia italiana\u201d. Dopo aver detto che a sud della Piazza Maggiore, dietro un porticato palladiano, vi \u00e8 il Teatro \u201cpiccolo gioiello, con palchi lignei e soffitti istoriati\u201d dove appunto esord\u00ec Goldoni, aggiunge che: \u201cA pochi passi dalla piazza sulla via Paradiso, l\u2019antico palazzo Cumano, galleria unica nel suo genere, raccoglie le opere di Carlo Rizzarda, il mago del ferro battuto\u201d e quindi, dopo un riferimento all\u2019arte e spiritualit\u00e0 col ricordo che:\u201dSotto il piazzale antistante la Cattedrale ed il vicino Battistero antica testimonianza di una comunit\u00e0 religiosa dalle origini antichissime, scavi archeologici intrapresi nel 1970 hanno riportato alla luce i resti di un battistero paleocristiano, Sernagiotto si sofferma su quella che definisce l\u2019altra citt\u00e0 della provincia \u201cpoco o nulla legata al capoluogo, protesa verso la pianura, affacciata alla \u2018Marca zoiosa\u2019 intravista ed imitata, eppur lontana (le carrozze omnibus che sul finire del secolo scorso la univano a Treviso, impiegavano sei ore di viaggio) e non dimentica di ricordare che nel passato fu centro di importanti attivit\u00e0 manifatturiere legate alle risorse del suo vasto territorio. Altra citt\u00e0 nettamente diversa nella struttura urbanistica e nella vita socio-economica da Belluno, centro di una zona complessa in cui lo sviluppo sembra aver trovato altre direttrici, diversi punti di aggregazione\u201d. Ma: \u201cLe grandi speranze degli anni Sessanta di una crescita produttiva si sono infatti parzialmente arenate sulle secche di una industrializzazione per certi aspetti ancora incerta\u2026\u201d. A Feltre resta allora da recuperare in pieno il ruolo di altra citt\u00e0 non in termini di contrapposizione rispetto a Belluno, bens\u00ec come espressione e sintesi di quelle peculiarit\u00e0 storiche e culturali che distinguono il Feltrino dalla restante provincia. Peculiarit\u00e0 che salvaguardando interessi e aspettative dei singoli comuni, richiamano la necessit\u00e0 di una crescita unitaria di tutta la comunit\u00e0 locale, seguendo un modello di sviluppo che riconosce una matrice comune ed un unico cammino\u201d. Seguono &#8211; in questa sede per evidenti ragioni di spazio, a volo d\u2019uccello &#8211; giusti riferimenti a Pedavena &#8211; con i boschi ed i prati del Col Melon e del Monte Avena che richiamano villeggianti alla ricerca di una vacanza a stretto contatto con la natura non inquinata dai clamori del turismo di massa e nuove prospettive che si sono aperte con gli impianti di risalita &#8211; che \u201cnel nome della tradizione \u00e8 stata da sempre associata alla birra\u201d (e non solo, aggiungiamo noi . ndr.); a Seren del Grappa \u201cpiccolo comune con qualche speranza artigianale e industriale cercata nell\u2019unico tratto pianeggiante di un tormentato territorio allo sbocco della valle dello Stizzon\u2026 dove tutto parla ancora della Grande Guerra\u2026\u201d; al \u201ccontado\u201d, interfaccia tra il Feltrino ed il Bellunese, con Cesiomaggiore, Santa Giustina, San Gregorio nelle Alpi, \u201cterra ricca di prodotti dell\u2019agricoltura, residenza di campagna dei patrizi feltrini come testimoniano le belle ville che si possono ancor oggi ammirare\u2026\u201d; e poi Arsi\u00e8, il cui territorio \u201c\u00e8 punteggiato da molte contrade sparse, dalla tipologia caratteristica come i Solivi di Fastro, complesso rustico di case in pietra dalle lunghe balconate di legno, immerso tra il verde dei vigneti\u2026\u201d: e prima ancora Fonzaso dove \u201csono sorti i primi capannoni in un tentativo di industrializzazione che sta gradualmente cambiando il volto paesaggistico ed economico di questa zona\u201d\u2026. E Lamon? Per Sernagiotto \u00e8 \u201cterra di confine, momento di demarcazione tra la realt\u00e0 veneta e quella trentina, forse il meno feltrino di tutti i Comuni della zona, il pi\u00f9 diverso per cultura, tradizioni, dialetto, mentalit\u00e0 della popolazione, isolato tra le sue valli, orgoglioso della propria identit\u00e0\u2026\u201d. E la dirimpettaia Sovramonte? \u201cLa sua \u00e8 storia di rinunce, sacrifici, di tentativi di rompere un isolamento sempre pi\u00f9 pesante, come quando sul finire dell\u2019Ottocento, i sovramontini decisero di costruire una strada da soli, a \u2018pioveghi\u2019 (con prestazione gratuita di manodopera), senza il permesso del governo, sul tracciato dell\u2019attuale Sorriva-Ponte Oltra per cercare uno sbocco sulle tracce dell\u2019antica Altinate, ormai abbandonata come via di grande comunicazione\u2026\u201d. E siamo giunti nel Basso Feltrino con Quero, Vas e Alano che, lontani dai centri di sviluppo economico della Val Belluna, \u201channo visto in questi ultimi anni sorgere una nuova imprenditorialit\u00e0 che ha creato occasioni occupazionali nella carpenteria, nella lavorazione dei metalli, dei lampadari, degli occhiali\u2026\u201d.<\/p>\n\n\t\t\t<style type='text\/css'>\n\t\t\t\t#gallery-1 {\n\t\t\t\t\tmargin: auto;\n\t\t\t\t}\n\t\t\t\t#gallery-1 .gallery-item {\n\t\t\t\t\tfloat: left;\n\t\t\t\t\tmargin-top: 10px;\n\t\t\t\t\ttext-align: center;\n\t\t\t\t\twidth: 12%;\n\t\t\t\t}\n\t\t\t\t#gallery-1 img {\n\t\t\t\t\tborder: 2px solid #cfcfcf;\n\t\t\t\t}\n\t\t\t\t#gallery-1 .gallery-caption {\n\t\t\t\t\tmargin-left: 0;\n\t\t\t\t}\n\t\t\t\t\/* see gallery_shortcode() in wp-includes\/media.php *\/\n\t\t\t<\/style>\n\t\t<div id='gallery-1' class='dt-gallery-container gallery galleryid-196765 gallery-columns-8 gallery-size-thumbnail'><dl class='gallery-item'>\n\t\t\t\t<dt class='gallery-icon landscape'>\n\t\t\t\t\t<a class=\"rollover rollover-zoom dt-pswp-item\" title=\"160392145_1003613840045798_1246944596276491262_n\" data-dt-img-description=\"\" data-large_image_width=\"2107\" data-large_image_height=\"1591\"href='https:\/\/www.radiopiu.net\/wordpress\/wp-content\/uploads\/2021\/03\/160392145_1003613840045798_1246944596276491262_n.jpg'><img loading=\"lazy\" decoding=\"async\" width=\"150\" height=\"150\" src=\"https:\/\/www.radiopiu.net\/wordpress\/wp-content\/uploads\/2021\/03\/160392145_1003613840045798_1246944596276491262_n-150x150.jpg\" class=\"attachment-thumbnail size-thumbnail\" alt=\"\" \/><\/a>\n\t\t\t\t<\/dt><\/dl><dl class='gallery-item'>\n\t\t\t\t<dt class='gallery-icon portrait'>\n\t\t\t\t\t<a class=\"rollover rollover-zoom dt-pswp-item\" title=\"160214761_131919715521176_4537787461964475445_n\" data-dt-img-description=\"\" data-large_image_width=\"1624\" data-large_image_height=\"2560\"href='https:\/\/www.radiopiu.net\/wordpress\/wp-content\/uploads\/2021\/03\/160214761_131919715521176_4537787461964475445_n-scaled.jpg'><img loading=\"lazy\" decoding=\"async\" width=\"150\" height=\"150\" src=\"https:\/\/www.radiopiu.net\/wordpress\/wp-content\/uploads\/2021\/03\/160214761_131919715521176_4537787461964475445_n-150x150.jpg\" class=\"attachment-thumbnail size-thumbnail\" alt=\"\" \/><\/a>\n\t\t\t\t<\/dt><\/dl><dl class='gallery-item'>\n\t\t\t\t<dt class='gallery-icon landscape'>\n\t\t\t\t\t<a class=\"rollover rollover-zoom dt-pswp-item\" title=\"160381911_344579740224896_7593729603929003487_n\" data-dt-img-description=\"\" data-large_image_width=\"2064\" data-large_image_height=\"1223\"href='https:\/\/www.radiopiu.net\/wordpress\/wp-content\/uploads\/2021\/03\/160381911_344579740224896_7593729603929003487_n.jpg'><img loading=\"lazy\" decoding=\"async\" width=\"150\" height=\"150\" src=\"https:\/\/www.radiopiu.net\/wordpress\/wp-content\/uploads\/2021\/03\/160381911_344579740224896_7593729603929003487_n-150x150.jpg\" class=\"attachment-thumbnail size-thumbnail\" alt=\"\" \/><\/a>\n\t\t\t\t<\/dt><\/dl><dl class='gallery-item'>\n\t\t\t\t<dt class='gallery-icon portrait'>\n\t\t\t\t\t<a class=\"rollover rollover-zoom dt-pswp-item\" title=\"160166454_256606292759535_9147859841831697478_n\" data-dt-img-description=\"\" data-large_image_width=\"1786\" data-large_image_height=\"2560\"href='https:\/\/www.radiopiu.net\/wordpress\/wp-content\/uploads\/2021\/03\/160166454_256606292759535_9147859841831697478_n-scaled.jpg'><img loading=\"lazy\" decoding=\"async\" width=\"150\" height=\"150\" src=\"https:\/\/www.radiopiu.net\/wordpress\/wp-content\/uploads\/2021\/03\/160166454_256606292759535_9147859841831697478_n-150x150.jpg\" class=\"attachment-thumbnail size-thumbnail\" alt=\"\" \/><\/a>\n\t\t\t\t<\/dt><\/dl><dl class='gallery-item'>\n\t\t\t\t<dt class='gallery-icon portrait'>\n\t\t\t\t\t<a class=\"rollover rollover-zoom dt-pswp-item\" title=\"159998903_2885629351724800_5111288338926064654_n\" data-dt-img-description=\"\" data-large_image_width=\"2035\" data-large_image_height=\"2560\"href='https:\/\/www.radiopiu.net\/wordpress\/wp-content\/uploads\/2021\/03\/159998903_2885629351724800_5111288338926064654_n-scaled.jpg'><img loading=\"lazy\" decoding=\"async\" width=\"150\" height=\"150\" src=\"https:\/\/www.radiopiu.net\/wordpress\/wp-content\/uploads\/2021\/03\/159998903_2885629351724800_5111288338926064654_n-150x150.jpg\" class=\"attachment-thumbnail size-thumbnail\" alt=\"\" \/><\/a>\n\t\t\t\t<\/dt><\/dl><dl class='gallery-item'>\n\t\t\t\t<dt class='gallery-icon landscape'>\n\t\t\t\t\t<a class=\"rollover rollover-zoom dt-pswp-item\" title=\"159959599_624593195041713_6320359683440172069_n\" data-dt-img-description=\"\" data-large_image_width=\"2560\" data-large_image_height=\"1609\"href='https:\/\/www.radiopiu.net\/wordpress\/wp-content\/uploads\/2021\/03\/159959599_624593195041713_6320359683440172069_n-scaled.jpg'><img loading=\"lazy\" decoding=\"async\" width=\"150\" height=\"150\" src=\"https:\/\/www.radiopiu.net\/wordpress\/wp-content\/uploads\/2021\/03\/159959599_624593195041713_6320359683440172069_n-150x150.jpg\" class=\"attachment-thumbnail size-thumbnail\" alt=\"\" \/><\/a>\n\t\t\t\t<\/dt><\/dl><dl class='gallery-item'>\n\t\t\t\t<dt class='gallery-icon landscape'>\n\t\t\t\t\t<a class=\"rollover rollover-zoom dt-pswp-item\" title=\"160468434_195844908546210_8422837474376095263_n\" data-dt-img-description=\"\" data-large_image_width=\"2187\" data-large_image_height=\"1571\"href='https:\/\/www.radiopiu.net\/wordpress\/wp-content\/uploads\/2021\/03\/160468434_195844908546210_8422837474376095263_n.jpg'><img loading=\"lazy\" decoding=\"async\" width=\"150\" height=\"150\" src=\"https:\/\/www.radiopiu.net\/wordpress\/wp-content\/uploads\/2021\/03\/160468434_195844908546210_8422837474376095263_n-150x150.jpg\" class=\"attachment-thumbnail size-thumbnail\" alt=\"\" \/><\/a>\n\t\t\t\t<\/dt><\/dl><dl class='gallery-item'>\n\t\t\t\t<dt class='gallery-icon portrait'>\n\t\t\t\t\t<a class=\"rollover rollover-zoom dt-pswp-item\" title=\"159920227_137740221579210_8133016143255853302_n\" data-dt-img-description=\"\" data-large_image_width=\"1954\" data-large_image_height=\"2447\"href='https:\/\/www.radiopiu.net\/wordpress\/wp-content\/uploads\/2021\/03\/159920227_137740221579210_8133016143255853302_n.jpg'><img loading=\"lazy\" decoding=\"async\" width=\"150\" height=\"150\" src=\"https:\/\/www.radiopiu.net\/wordpress\/wp-content\/uploads\/2021\/03\/159920227_137740221579210_8133016143255853302_n-150x150.jpg\" class=\"attachment-thumbnail size-thumbnail\" alt=\"\" \/><\/a>\n\t\t\t\t<\/dt><\/dl><br style=\"clear: both\" \/><dl class='gallery-item'>\n\t\t\t\t<dt class='gallery-icon landscape'>\n\t\t\t\t\t<a class=\"rollover rollover-zoom dt-pswp-item\" title=\"159844762_700689990610238_7665749195655143769_n\" data-dt-img-description=\"\" data-large_image_width=\"2301\" data-large_image_height=\"1779\"href='https:\/\/www.radiopiu.net\/wordpress\/wp-content\/uploads\/2021\/03\/159844762_700689990610238_7665749195655143769_n.jpg'><img loading=\"lazy\" decoding=\"async\" width=\"150\" height=\"150\" src=\"https:\/\/www.radiopiu.net\/wordpress\/wp-content\/uploads\/2021\/03\/159844762_700689990610238_7665749195655143769_n-150x150.jpg\" class=\"attachment-thumbnail size-thumbnail\" alt=\"\" \/><\/a>\n\t\t\t\t<\/dt><\/dl><dl class='gallery-item'>\n\t\t\t\t<dt class='gallery-icon landscape'>\n\t\t\t\t\t<a class=\"rollover rollover-zoom dt-pswp-item\" title=\"160612457_494145398263851_7226039972998056004_n\" data-dt-img-description=\"\" data-large_image_width=\"2560\" data-large_image_height=\"1698\"href='https:\/\/www.radiopiu.net\/wordpress\/wp-content\/uploads\/2021\/03\/160612457_494145398263851_7226039972998056004_n-scaled.jpg'><img loading=\"lazy\" decoding=\"async\" width=\"150\" height=\"150\" src=\"https:\/\/www.radiopiu.net\/wordpress\/wp-content\/uploads\/2021\/03\/160612457_494145398263851_7226039972998056004_n-150x150.jpg\" class=\"attachment-thumbnail size-thumbnail\" alt=\"\" \/><\/a>\n\t\t\t\t<\/dt><\/dl><dl class='gallery-item'>\n\t\t\t\t<dt class='gallery-icon landscape'>\n\t\t\t\t\t<a class=\"rollover rollover-zoom dt-pswp-item\" title=\"159856688_394587761976374_1766815721057747104_n\" data-dt-img-description=\"\" data-large_image_width=\"2486\" data-large_image_height=\"1471\"href='https:\/\/www.radiopiu.net\/wordpress\/wp-content\/uploads\/2021\/03\/159856688_394587761976374_1766815721057747104_n.jpg'><img loading=\"lazy\" decoding=\"async\" width=\"150\" height=\"150\" src=\"https:\/\/www.radiopiu.net\/wordpress\/wp-content\/uploads\/2021\/03\/159856688_394587761976374_1766815721057747104_n-150x150.jpg\" class=\"attachment-thumbnail size-thumbnail\" alt=\"\" \/><\/a>\n\t\t\t\t<\/dt><\/dl><dl class='gallery-item'>\n\t\t\t\t<dt class='gallery-icon landscape'>\n\t\t\t\t\t<a class=\"rollover rollover-zoom dt-pswp-item\" title=\"159859915_242601300830380_7996862616538253970_n\" data-dt-img-description=\"\" data-large_image_width=\"2560\" data-large_image_height=\"1629\"href='https:\/\/www.radiopiu.net\/wordpress\/wp-content\/uploads\/2021\/03\/159859915_242601300830380_7996862616538253970_n-scaled.jpg'><img loading=\"lazy\" decoding=\"async\" width=\"150\" height=\"150\" src=\"https:\/\/www.radiopiu.net\/wordpress\/wp-content\/uploads\/2021\/03\/159859915_242601300830380_7996862616538253970_n-150x150.jpg\" class=\"attachment-thumbnail size-thumbnail\" alt=\"\" \/><\/a>\n\t\t\t\t<\/dt><\/dl><dl class='gallery-item'>\n\t\t\t\t<dt class='gallery-icon portrait'>\n\t\t\t\t\t<a class=\"rollover rollover-zoom dt-pswp-item\" title=\"160163313_248484753596903_6245036557125691807_n\" data-dt-img-description=\"\" data-large_image_width=\"1779\" data-large_image_height=\"2560\"href='https:\/\/www.radiopiu.net\/wordpress\/wp-content\/uploads\/2021\/03\/160163313_248484753596903_6245036557125691807_n-scaled.jpg'><img loading=\"lazy\" decoding=\"async\" width=\"150\" height=\"150\" src=\"https:\/\/www.radiopiu.net\/wordpress\/wp-content\/uploads\/2021\/03\/160163313_248484753596903_6245036557125691807_n-150x150.jpg\" class=\"attachment-thumbnail size-thumbnail\" alt=\"\" \/><\/a>\n\t\t\t\t<\/dt><\/dl><dl class='gallery-item'>\n\t\t\t\t<dt class='gallery-icon portrait'>\n\t\t\t\t\t<a class=\"rollover rollover-zoom dt-pswp-item\" title=\"159880316_935346200570754_6729782890762163861_n\" data-dt-img-description=\"\" data-large_image_width=\"1793\" data-large_image_height=\"2560\"href='https:\/\/www.radiopiu.net\/wordpress\/wp-content\/uploads\/2021\/03\/159880316_935346200570754_6729782890762163861_n-scaled.jpg'><img loading=\"lazy\" decoding=\"async\" width=\"150\" height=\"150\" src=\"https:\/\/www.radiopiu.net\/wordpress\/wp-content\/uploads\/2021\/03\/159880316_935346200570754_6729782890762163861_n-150x150.jpg\" class=\"attachment-thumbnail size-thumbnail\" alt=\"\" \/><\/a>\n\t\t\t\t<\/dt><\/dl><dl class='gallery-item'>\n\t\t\t\t<dt class='gallery-icon landscape'>\n\t\t\t\t\t<a class=\"rollover rollover-zoom dt-pswp-item\" title=\"159873067_429857098295086_3785766648470542558_n\" data-dt-img-description=\"\" data-large_image_width=\"2560\" data-large_image_height=\"1771\"href='https:\/\/www.radiopiu.net\/wordpress\/wp-content\/uploads\/2021\/03\/159873067_429857098295086_3785766648470542558_n-scaled.jpg'><img loading=\"lazy\" decoding=\"async\" width=\"150\" height=\"150\" src=\"https:\/\/www.radiopiu.net\/wordpress\/wp-content\/uploads\/2021\/03\/159873067_429857098295086_3785766648470542558_n-150x150.jpg\" class=\"attachment-thumbnail size-thumbnail\" alt=\"\" \/><\/a>\n\t\t\t\t<\/dt><\/dl><dl class='gallery-item'>\n\t\t\t\t<dt class='gallery-icon portrait'>\n\t\t\t\t\t<a class=\"rollover rollover-zoom dt-pswp-item\" title=\"159900540_138265604778610_3974268351173588767_n\" data-dt-img-description=\"\" data-large_image_width=\"1859\" data-large_image_height=\"2560\"href='https:\/\/www.radiopiu.net\/wordpress\/wp-content\/uploads\/2021\/03\/159900540_138265604778610_3974268351173588767_n-scaled.jpg'><img loading=\"lazy\" decoding=\"async\" width=\"150\" height=\"150\" src=\"https:\/\/www.radiopiu.net\/wordpress\/wp-content\/uploads\/2021\/03\/159900540_138265604778610_3974268351173588767_n-150x150.jpg\" class=\"attachment-thumbnail size-thumbnail\" alt=\"\" \/><\/a>\n\t\t\t\t<\/dt><\/dl><br style=\"clear: both\" \/>\n\t\t\t<\/div>\n\n<p>NELLE FOTO (riproduzioni dal libro \u201cBelluno. Viaggio intorno a una provincia\u201d): la prima immagine proposta per il capitolo su Feltre e il Feltrino: \u201cCitt\u00e0 dipinta\u201d, Feltre \u00e8 una galleria d\u2019arte all\u2019aperto e casa Aldovini Mezzanotte propone affreschi cinquecenteschi con scene che si rifanno alla storia romana; scorcio notturno di Piazza Maggiore; le \u201cscalette vecchie\u201d che da Porta Pusterla portano alla piazzetta delle Biade e sulla destra la loggetta del Palazzo Pretorio; un\u2019istantanea giustamente riservata al Palio; la sala delle caldaie di produzione della birra, a Pedavena; due scorci da Valle di Seren; la tavolozza di colori offerta da Anzaven di Cesiomaggiore; Lattebusche esempio di efficienza e qualit\u00e0; un rustico della frazione Fumach di San Gregorio; la pianura di Fonzaso; il curioso \u201cportale d\u2019ingresso\u201d del ponte della Vittoria sul lago del Corlo, inaugurato nel 1928 e sulla destra la frazione di Rocca; Arina di Lamon con la neve; San Giorgio a Sorriva di Sovramonte; la piazza di Alano; le nuove industrie di Quero; la cartiera di Vas ormai solo elemento di archeologia industriale.<\/p>\n","protected":false},"excerpt":{"rendered":"<p>di Renato Bona Si deve al medico e pubblicista Adriano Sernagiotto l\u2019esaustivo capitolo dedicato a Feltre e al Feltrino del libro \u201cBelluno. Viaggio intorno a una provincia\u201d voluto dall\u2019Amministrazione provinciale di Belluno ed edito nel 1989, per il coordinamento di Maurizio Busatta, dalla feltrina Libreria Pilotto per i tipi della Graphic Group pure di Feltre,&hellip;<\/p>\n","protected":false},"author":4,"featured_media":196773,"comment_status":"closed","ping_status":"closed","sticky":false,"template":"","format":"standard","meta":{"_monsterinsights_skip_tracking":false,"_monsterinsights_sitenote_active":false,"_monsterinsights_sitenote_note":"","_monsterinsights_sitenote_category":0,"footnotes":""},"categories":[104,49],"tags":[],"class_list":["post-196765","post","type-post","status-publish","format-standard","has-post-thumbnail","hentry","category-evidenza_3","category-news-18","category-104","category-49","description-off"],"img_url":"https:\/\/www.radiopiu.net\/wordpress\/wp-content\/uploads\/2021\/03\/160392145_1003613840045798_1246944596276491262_n.jpg","_links":{"self":[{"href":"https:\/\/www.radiopiu.net\/wordpress\/wp-json\/wp\/v2\/posts\/196765","targetHints":{"allow":["GET"]}}],"collection":[{"href":"https:\/\/www.radiopiu.net\/wordpress\/wp-json\/wp\/v2\/posts"}],"about":[{"href":"https:\/\/www.radiopiu.net\/wordpress\/wp-json\/wp\/v2\/types\/post"}],"author":[{"embeddable":true,"href":"https:\/\/www.radiopiu.net\/wordpress\/wp-json\/wp\/v2\/users\/4"}],"replies":[{"embeddable":true,"href":"https:\/\/www.radiopiu.net\/wordpress\/wp-json\/wp\/v2\/comments?post=196765"}],"version-history":[{"count":0,"href":"https:\/\/www.radiopiu.net\/wordpress\/wp-json\/wp\/v2\/posts\/196765\/revisions"}],"wp:featuredmedia":[{"embeddable":true,"href":"https:\/\/www.radiopiu.net\/wordpress\/wp-json\/wp\/v2\/media\/196773"}],"wp:attachment":[{"href":"https:\/\/www.radiopiu.net\/wordpress\/wp-json\/wp\/v2\/media?parent=196765"}],"wp:term":[{"taxonomy":"category","embeddable":true,"href":"https:\/\/www.radiopiu.net\/wordpress\/wp-json\/wp\/v2\/categories?post=196765"},{"taxonomy":"post_tag","embeddable":true,"href":"https:\/\/www.radiopiu.net\/wordpress\/wp-json\/wp\/v2\/tags?post=196765"}],"curies":[{"name":"wp","href":"https:\/\/api.w.org\/{rel}","templated":true}]}}