{"id":196832,"date":"2021-03-13T13:50:55","date_gmt":"2021-03-13T12:50:55","guid":{"rendered":"https:\/\/www.radiopiu.net\/wordpress\/?p=196832"},"modified":"2021-03-13T13:50:55","modified_gmt":"2021-03-13T12:50:55","slug":"scialpinista-cade-in-fase-di-discesa-il-soccorso-alpino-interviene","status":"publish","type":"post","link":"https:\/\/www.radiopiu.net\/wordpress\/scialpinista-cade-in-fase-di-discesa-il-soccorso-alpino-interviene\/","title":{"rendered":"SCIALPINISTA CADE IN FASE DI DISCESA, IL SOCCORSO ALPINO INTERVIENE"},"content":{"rendered":"<p><strong><a href=\"https:\/\/www.radiopiu.net\/wordpress\/si-perdono-nella-neve\/salt_20201211_172947_111\/\" rel=\"attachment wp-att-178918\"><img loading=\"lazy\" decoding=\"async\" class=\" wp-image-178918 alignleft\" src=\"https:\/\/www.radiopiu.net\/wordpress\/wp-content\/uploads\/2020\/12\/salt_20201211_172947_111-300x225.jpg\" alt=\"\" width=\"184\" height=\"138\" srcset=\"https:\/\/www.radiopiu.net\/wordpress\/wp-content\/uploads\/2020\/12\/salt_20201211_172947_111-300x225.jpg 300w, https:\/\/www.radiopiu.net\/wordpress\/wp-content\/uploads\/2020\/12\/salt_20201211_172947_111-1024x768.jpg 1024w, https:\/\/www.radiopiu.net\/wordpress\/wp-content\/uploads\/2020\/12\/salt_20201211_172947_111-768x576.jpg 768w, https:\/\/www.radiopiu.net\/wordpress\/wp-content\/uploads\/2020\/12\/salt_20201211_172947_111-1536x1152.jpg 1536w, https:\/\/www.radiopiu.net\/wordpress\/wp-content\/uploads\/2020\/12\/salt_20201211_172947_111-2048x1536.jpg 2048w\" sizes=\"auto, (max-width: 184px) 100vw, 184px\" \/><\/a>TAMBRE<\/strong> Alle 11.30 circa la Centrale del Suem \u00e8 stata allertata per uno scialpinista che era caduto in fase di discesa in localit\u00e0 Baracche Mognol, infortunandosi a una spalla, sul posto un soccorritore dell&#8217;Alpago. Poich\u00e9 G.S., 20 anni, di Tambre (BL), si trovava sotto i cavi della teleferica, l&#8217;elicottero del Suem di Pieve di Cadore ha sbarcato il tecnico di elisoccorso a una cinquantina di metri di distanza. Il ragazzo \u00e8 stato quindi raggiunto e aiutato a spostarsi in un luogo adatto al recupero avvenuto con il verricello. Lo sciatore \u00e8 stato poi trasportato all&#8217;ospedale di Belluno.<\/p>\n","protected":false},"excerpt":{"rendered":"<p>TAMBRE Alle 11.30 circa la Centrale del Suem \u00e8 stata allertata per uno scialpinista che era caduto in fase di discesa in localit\u00e0 Baracche Mognol, infortunandosi a una spalla, sul posto un soccorritore dell&#8217;Alpago. Poich\u00e9 G.S., 20 anni, di Tambre (BL), si trovava sotto i cavi della teleferica, l&#8217;elicottero del Suem di Pieve di Cadore&hellip;<\/p>\n","protected":false},"author":4,"featured_media":178918,"comment_status":"closed","ping_status":"closed","sticky":false,"template":"","format":"standard","meta":{"_monsterinsights_skip_tracking":false,"_monsterinsights_sitenote_active":false,"_monsterinsights_sitenote_note":"","_monsterinsights_sitenote_category":0,"footnotes":""},"categories":[51,49],"tags":[],"class_list":["post-196832","post","type-post","status-publish","format-standard","has-post-thumbnail","hentry","category-evidenza-top","category-news-18","category-51","category-49","description-off"],"img_url":"https:\/\/www.radiopiu.net\/wordpress\/wp-content\/uploads\/2020\/12\/salt_20201211_172947_111.jpg","_links":{"self":[{"href":"https:\/\/www.radiopiu.net\/wordpress\/wp-json\/wp\/v2\/posts\/196832","targetHints":{"allow":["GET"]}}],"collection":[{"href":"https:\/\/www.radiopiu.net\/wordpress\/wp-json\/wp\/v2\/posts"}],"about":[{"href":"https:\/\/www.radiopiu.net\/wordpress\/wp-json\/wp\/v2\/types\/post"}],"author":[{"embeddable":true,"href":"https:\/\/www.radiopiu.net\/wordpress\/wp-json\/wp\/v2\/users\/4"}],"replies":[{"embeddable":true,"href":"https:\/\/www.radiopiu.net\/wordpress\/wp-json\/wp\/v2\/comments?post=196832"}],"version-history":[{"count":0,"href":"https:\/\/www.radiopiu.net\/wordpress\/wp-json\/wp\/v2\/posts\/196832\/revisions"}],"wp:featuredmedia":[{"embeddable":true,"href":"https:\/\/www.radiopiu.net\/wordpress\/wp-json\/wp\/v2\/media\/178918"}],"wp:attachment":[{"href":"https:\/\/www.radiopiu.net\/wordpress\/wp-json\/wp\/v2\/media?parent=196832"}],"wp:term":[{"taxonomy":"category","embeddable":true,"href":"https:\/\/www.radiopiu.net\/wordpress\/wp-json\/wp\/v2\/categories?post=196832"},{"taxonomy":"post_tag","embeddable":true,"href":"https:\/\/www.radiopiu.net\/wordpress\/wp-json\/wp\/v2\/tags?post=196832"}],"curies":[{"name":"wp","href":"https:\/\/api.w.org\/{rel}","templated":true}]}}