{"id":196852,"date":"2021-03-13T15:19:20","date_gmt":"2021-03-13T14:19:20","guid":{"rendered":"https:\/\/www.radiopiu.net\/wordpress\/?p=196852"},"modified":"2021-03-13T16:11:05","modified_gmt":"2021-03-13T15:11:05","slug":"lautore-delle-rapine-ha-un-nome-tenta-lennesima-e-finisce-diritto-nelle-mani-de-carabinieri","status":"publish","type":"post","link":"https:\/\/www.radiopiu.net\/wordpress\/lautore-delle-rapine-ha-un-nome-tenta-lennesima-e-finisce-diritto-nelle-mani-de-carabinieri\/","title":{"rendered":"L&#8217;AUTORE DELLE RAPINE HA UN NOME, TENTA L&#8217;ENNESIMA  E FINISCE DIRITTO NELLE MANI DEI CARABINIERI"},"content":{"rendered":"<p><strong>FELTRE<\/strong> Dalla prima rapina del 6 marzo a quella pi\u00f9 recente l&#8217;altra sera in centro storico, passo dopo passo\u00a0 per finire tra la mani dei Carabinieri che nel frattempo hanno studiato le mosse del 36 enne originario di Gorizia ma senza fissa dimora. E&#8217; lui l&#8217;indagato per le rapine nel feltrino che hanno scosso la comunit\u00e0 ed esortato ad un intervento puntuale delle Forze dell&#8217;Ordine, come \u00e8 stato. Ieri l&#8217;uomo stato fermato. L&#8217;attivit\u00e0 di indagine\u00a0 ha permesso di acquisire una serie di elementi che hanno trovato maggior forza con il ripetersi degli episodi. Attraverso il sistema di videosorveglianza cittadino, di privati. Importante il ricorso alla immagini delle telecamere di Trenitalia , perch\u00e9 il rapinatore a Feltre c&#8217;\u00e8 arrivato in treno. Tutto questo ha permesso di focalizzare i particolari:\u00a0 fisico del soggetto,\u00a0 \u00a0abbigliamento fino all&#8217;identit\u00e0. Nel curriculum del 36enne\u00a0 diversi precedenti, da alcune settimane si trovava a Feltre, alloggiato presso strutture turistiche nelle quali, peraltro, non aveva destato alcun sospetto per correttezza e garbo comportamentale. Venerd\u00ec,\u00a0 all&#8217;ora del pranzo un nuovo tentativo di rapina a Foen, e qui casca l&#8217;asino. L&#8217;uomo \u00e8 stato individuato grazie anche all&#8217;intuizione di un cittadino che aveva notato una persona sospetta; l&#8217;elevato numero di pattuglie dei Carabinieri sia in uniforme che in borghese, \u00e8 stato determinante per chiudere le ricerche. E&#8217; stato infatti individuato\u00a0 in un casolare disabitato nella\u00a0 zona\u00a0 dell&#8217;spedale. Il\u00a0 personale del Nucleo Operativo e Radiomobile di Feltre lo ha perquisito\u00a0 e dalle tasche \u00e8 uscito il coltello\u00a0 e una buona parte della refurtiva, il resto \u00e8 stato rinvenuto nei bagagli ancora in deposito presso l&#8217;ultimo B&amp;B ove aveva alloggiato. L&#8217;antitesi dell&#8217; Arsenio Lupin della situazione era organizzato con\u00a0 uno schizzo topografico di una zona urbana su cui son in corso accertamenti, stava probabilmente predisponendo altri colpi da mettere a segno nella zona. Sono gi\u00e0 stati trovati concreti indizi per le due rapine dell&#8217;11 sera in centro a Feltre, per la rapina in orario di pranzo del 9 a Foen in casa, nonch\u00e9 di un furto in abitazione del 6 marzo sempre in Feltre ove, sorpreso dalla figlia dei proprietari di casa, si era fatto consegnare qualche avere per poi dileguarsi.<\/p>\n\n\t\t\t<style type='text\/css'>\n\t\t\t\t#gallery-1 {\n\t\t\t\t\tmargin: auto;\n\t\t\t\t}\n\t\t\t\t#gallery-1 .gallery-item {\n\t\t\t\t\tfloat: left;\n\t\t\t\t\tmargin-top: 10px;\n\t\t\t\t\ttext-align: center;\n\t\t\t\t\twidth: 33%;\n\t\t\t\t}\n\t\t\t\t#gallery-1 img {\n\t\t\t\t\tborder: 2px solid #cfcfcf;\n\t\t\t\t}\n\t\t\t\t#gallery-1 .gallery-caption {\n\t\t\t\t\tmargin-left: 0;\n\t\t\t\t}\n\t\t\t\t\/* see gallery_shortcode() in wp-includes\/media.php *\/\n\t\t\t<\/style>\n\t\t<div id='gallery-1' class='dt-gallery-container gallery galleryid-196852 gallery-columns-3 gallery-size-thumbnail'><dl class='gallery-item'>\n\t\t\t\t<dt class='gallery-icon landscape'>\n\t\t\t\t\t<a class=\"rollover\" href='https:\/\/www.radiopiu.net\/wordpress\/lautore-delle-rapine-ha-un-nome-tenta-lennesima-e-finisce-diritto-nelle-mani-de-carabinieri\/feb275e0-79d7-45e2-9215-df04c8e0ed45\/'><img loading=\"lazy\" decoding=\"async\" width=\"150\" height=\"150\" src=\"https:\/\/www.radiopiu.net\/wordpress\/wp-content\/uploads\/2021\/03\/feb275e0-79d7-45e2-9215-df04c8e0ed45-150x150.jpg\" class=\"attachment-thumbnail size-thumbnail\" alt=\"\" \/><\/a>\n\t\t\t\t<\/dt><\/dl><dl class='gallery-item'>\n\t\t\t\t<dt class='gallery-icon landscape'>\n\t\t\t\t\t<a class=\"rollover\" href='https:\/\/www.radiopiu.net\/wordpress\/lautore-delle-rapine-ha-un-nome-tenta-lennesima-e-finisce-diritto-nelle-mani-de-carabinieri\/ee159eef-7d8d-4b19-a8b7-1260ff1552c0\/'><img loading=\"lazy\" decoding=\"async\" width=\"150\" height=\"150\" src=\"https:\/\/www.radiopiu.net\/wordpress\/wp-content\/uploads\/2021\/03\/ee159eef-7d8d-4b19-a8b7-1260ff1552c0-150x150.jpg\" class=\"attachment-thumbnail size-thumbnail\" alt=\"\" \/><\/a>\n\t\t\t\t<\/dt><\/dl><dl class='gallery-item'>\n\t\t\t\t<dt class='gallery-icon portrait'>\n\t\t\t\t\t<a class=\"rollover\" href='https:\/\/www.radiopiu.net\/wordpress\/lautore-delle-rapine-ha-un-nome-tenta-lennesima-e-finisce-diritto-nelle-mani-de-carabinieri\/ac647d0f-02c9-403e-8df4-c6834b607a76\/'><img loading=\"lazy\" decoding=\"async\" width=\"150\" height=\"150\" src=\"https:\/\/www.radiopiu.net\/wordpress\/wp-content\/uploads\/2021\/03\/ac647d0f-02c9-403e-8df4-c6834b607a76-150x150.jpg\" class=\"attachment-thumbnail size-thumbnail\" alt=\"\" \/><\/a>\n\t\t\t\t<\/dt><\/dl><br style=\"clear: both\" \/>\n\t\t\t<\/div>\n\n","protected":false},"excerpt":{"rendered":"<p>FELTRE Dalla prima rapina del 6 marzo a quella pi\u00f9 recente l&#8217;altra sera in centro storico, passo dopo passo\u00a0 per finire tra la mani dei Carabinieri che nel frattempo hanno studiato le mosse del 36 enne originario di Gorizia ma senza fissa dimora. E&#8217; lui l&#8217;indagato per le rapine nel feltrino che hanno scosso la&hellip;<\/p>\n","protected":false},"author":4,"featured_media":196855,"comment_status":"closed","ping_status":"closed","sticky":false,"template":"","format":"standard","meta":{"_monsterinsights_skip_tracking":false,"_monsterinsights_sitenote_active":false,"_monsterinsights_sitenote_note":"","_monsterinsights_sitenote_category":0,"footnotes":""},"categories":[51,49],"tags":[],"class_list":["post-196852","post","type-post","status-publish","format-standard","has-post-thumbnail","hentry","category-evidenza-top","category-news-18","category-51","category-49","description-off"],"img_url":"https:\/\/www.radiopiu.net\/wordpress\/wp-content\/uploads\/2021\/03\/ee159eef-7d8d-4b19-a8b7-1260ff1552c0.jpg","_links":{"self":[{"href":"https:\/\/www.radiopiu.net\/wordpress\/wp-json\/wp\/v2\/posts\/196852","targetHints":{"allow":["GET"]}}],"collection":[{"href":"https:\/\/www.radiopiu.net\/wordpress\/wp-json\/wp\/v2\/posts"}],"about":[{"href":"https:\/\/www.radiopiu.net\/wordpress\/wp-json\/wp\/v2\/types\/post"}],"author":[{"embeddable":true,"href":"https:\/\/www.radiopiu.net\/wordpress\/wp-json\/wp\/v2\/users\/4"}],"replies":[{"embeddable":true,"href":"https:\/\/www.radiopiu.net\/wordpress\/wp-json\/wp\/v2\/comments?post=196852"}],"version-history":[{"count":0,"href":"https:\/\/www.radiopiu.net\/wordpress\/wp-json\/wp\/v2\/posts\/196852\/revisions"}],"wp:featuredmedia":[{"embeddable":true,"href":"https:\/\/www.radiopiu.net\/wordpress\/wp-json\/wp\/v2\/media\/196855"}],"wp:attachment":[{"href":"https:\/\/www.radiopiu.net\/wordpress\/wp-json\/wp\/v2\/media?parent=196852"}],"wp:term":[{"taxonomy":"category","embeddable":true,"href":"https:\/\/www.radiopiu.net\/wordpress\/wp-json\/wp\/v2\/categories?post=196852"},{"taxonomy":"post_tag","embeddable":true,"href":"https:\/\/www.radiopiu.net\/wordpress\/wp-json\/wp\/v2\/tags?post=196852"}],"curies":[{"name":"wp","href":"https:\/\/api.w.org\/{rel}","templated":true}]}}