{"id":196945,"date":"2021-03-15T13:30:11","date_gmt":"2021-03-15T12:30:11","guid":{"rendered":"https:\/\/www.radiopiu.net\/wordpress\/?p=196945"},"modified":"2021-03-16T06:18:32","modified_gmt":"2021-03-16T05:18:32","slug":"i-racconti-di-paolo-soppelsa-sessantaseiesima-puntata","status":"publish","type":"post","link":"https:\/\/www.radiopiu.net\/wordpress\/i-racconti-di-paolo-soppelsa-sessantaseiesima-puntata\/","title":{"rendered":"I RACCONTI DI PAOLO SOPPELSA SESSANTASEIESIMA PUNTATA"},"content":{"rendered":"<p><strong>VENTO DI MARZO<\/strong><\/p>\n<p><em><strong>AUDIO<\/strong><\/em><\/p>\n<audio class=\"wp-audio-shortcode\" id=\"audio-196945-1\" preload=\"none\" style=\"width: 100%;\" controls=\"controls\"><source type=\"audio\/mpeg\" src=\"https:\/\/www.radiopiu.net\/wordpress\/wp-content\/uploads\/2021\/03\/PAOLO-SOPPELSA-VENTO-DI-MARZO.mp3?_=1\" \/><a href=\"https:\/\/www.radiopiu.net\/wordpress\/wp-content\/uploads\/2021\/03\/PAOLO-SOPPELSA-VENTO-DI-MARZO.mp3\">https:\/\/www.radiopiu.net\/wordpress\/wp-content\/uploads\/2021\/03\/PAOLO-SOPPELSA-VENTO-DI-MARZO.mp3<\/a><\/audio>\n<p>&nbsp;<\/p>\n<p><a href=\"https:\/\/www.radiopiu.net\/wordpress\/i-racconti-di-paolo-soppelsa-sessantaseiesima-puntata\/fd017f7b-c7d5-44bd-a078-83127cbd1032\/\" rel=\"attachment wp-att-196949\"><img loading=\"lazy\" decoding=\"async\" class=\"size-medium wp-image-196949 alignleft\" src=\"https:\/\/www.radiopiu.net\/wordpress\/wp-content\/uploads\/2021\/03\/fd017f7b-c7d5-44bd-a078-83127cbd1032-300x225.jpg\" alt=\"\" width=\"300\" height=\"225\" srcset=\"https:\/\/www.radiopiu.net\/wordpress\/wp-content\/uploads\/2021\/03\/fd017f7b-c7d5-44bd-a078-83127cbd1032-300x225.jpg 300w, https:\/\/www.radiopiu.net\/wordpress\/wp-content\/uploads\/2021\/03\/fd017f7b-c7d5-44bd-a078-83127cbd1032-1024x768.jpg 1024w, https:\/\/www.radiopiu.net\/wordpress\/wp-content\/uploads\/2021\/03\/fd017f7b-c7d5-44bd-a078-83127cbd1032-768x576.jpg 768w, https:\/\/www.radiopiu.net\/wordpress\/wp-content\/uploads\/2021\/03\/fd017f7b-c7d5-44bd-a078-83127cbd1032-1536x1152.jpg 1536w, https:\/\/www.radiopiu.net\/wordpress\/wp-content\/uploads\/2021\/03\/fd017f7b-c7d5-44bd-a078-83127cbd1032.jpg 1600w\" sizes=\"auto, (max-width: 300px) 100vw, 300px\" \/><\/a>Mentre la campana batteva due rintocchi ho aperto il cigolante cancello di ferro. Sono sceso lungo la scalinata e ho girato a destra trovando subito i visi dei nonni. Un saluto ed un mettere in ordine i fiori smossi dal vento di marzo. Anche allora era di marzo, esattamente trent&#8217;anni fa, quando la nonna scese questi stessi scalini dentro una bara di legno chiaro che scelsi io. C&#8217;era vento anche quel pomeriggio, ma non c&#8217;era il sereno. Il cielo era cosparso di nuvole inquiete che correvano sopra il Pelsa. Poi ho girato l&#8217;angolo: tombe silenti emergevano dalla neve ancora tenace. Quasi un ritrovare l&#8217;inverno in quel campo di marmi e silenzi. Spirava forte il vento fra le lapidi di quelle persone nate vissute e poi morte di fronte alla Grande Montagna. La nord del Civetta si alza maestosa e severa aldil\u00e0 della Val Cordevole, a vegliare questo piccolo cimitero abbarbicato sul ripido prato che scende verso la Val dela Ger. Visi, occhi, nomi incisi sul marmo oppure composti da lettere di ottone. Donne e uomini, con le loro storie, con un vissuto che il vento di quasi primavera sembra voler raccontare. Persone che ora sono racconti e volti immortalati in fotografie ovali poste sulle lapidi appese ai muri. I loro resti, ormai, &#8220;i e stai tirai su tanti ani fa&#8221;. Sono rimaste quelle foto antiche, quei baffi improbabili e quelle frasi auliche che si intravedono appena sul marmo consumato dal tempo. Immagini in bianco e nero di gente vecchia a cinquant&#8217;anni. Espressioni severe di donne &#8220;&#8230;col fazolet negher su la testa\u2026&#8221; Uomini impettiti ed eleganti nel loro unico &#8220;&#8230;vest\u00ec de la festa\u2026&#8221;. Alcuni, forse, nemmeno possedevano &#8220;&#8230;el vest\u00ec bon, chel par i funerai\u2026&#8221; Ed allora abili fotografi d&#8217;epoca si ingegnavano a disegnare quegli abiti eleganti. Vestiti e sfondi finti, un tavolino di legno per darsi un tono nella foto che qualcuno avrebbe guardato e forse pianto. Poi, sotto le antiche<br \/>\nlapidi appese ai muri di pietra, le piccole fotografie, quelle che straziano anima e cuore. &#8220;&#8230; Mamma e Pap\u00e0 ti piangono\u2026&#8221;. A volte sono soltanto nomi incisi tanti anni fa, spesso sono foto &#8220;de fantolin&#8221; vissuti il tempo di un soffio di vento. Immagini che fanno male, che fanno uscire un &#8220;&#8230;no le giust\u2026&#8221; pronunciato sottovoce. Perch\u00e9 nei cimiteri si parla sempre sottovoce. Poi, nell&#8217;angolo del camposanto, quella frase antica, carica di dignitoso dolore &#8220;&#8230;la famiglia dolente pose\u2026&#8221;. Ed erano gli anni &#8217;10 del secolo scorso. Frusciare dei mazzi di fiori posti sulle colombaie, scricchiolare della neve ancora ghiacciata. Poi il rintocco della campana che batte la mezza. Il cigolante cancello che si richiude dietro le spalle.Il ritornare nel mondo dei vivi dopo aver letto ancora una volta quelle parole severe &#8220;Anch&#8217;io ero come sei tu. E tu verrai come sono io&#8221;. Camminando verso la macchina rammento le frasi rassegnate che udivo da quelle persone che ormai sono ricordi&#8221;&#8230;polver se era e polver se tornar\u00e0\u2026&#8221;. Quando ritorner\u00f2 non ci sar\u00e0 pi\u00f9 la neve ed i larici avranno colorato i costoni del Pelsa di un verde nuovo. Ma ci saranno ancora quei visi e quegli occhi vegliati dalla Grande Montagna.<\/p>\n","protected":false},"excerpt":{"rendered":"<p>VENTO DI MARZO AUDIO &nbsp; Mentre la campana batteva due rintocchi ho aperto il cigolante cancello di ferro. Sono sceso lungo la scalinata e ho girato a destra trovando subito i visi dei nonni. Un saluto ed un mettere in ordine i fiori smossi dal vento di marzo. Anche allora era di marzo, esattamente trent&#8217;anni&hellip;<\/p>\n","protected":false},"author":4,"featured_media":196949,"comment_status":"closed","ping_status":"closed","sticky":false,"template":"","format":"standard","meta":{"_monsterinsights_skip_tracking":false,"_monsterinsights_sitenote_active":false,"_monsterinsights_sitenote_note":"","_monsterinsights_sitenote_category":0,"footnotes":""},"categories":[104,49,112],"tags":[],"class_list":["post-196945","post","type-post","status-publish","format-standard","has-post-thumbnail","hentry","category-evidenza_3","category-news-18","category-racconti-soppelsa","category-104","category-49","category-112","description-off"],"img_url":"https:\/\/www.radiopiu.net\/wordpress\/wp-content\/uploads\/2021\/03\/fd017f7b-c7d5-44bd-a078-83127cbd1032.jpg","_links":{"self":[{"href":"https:\/\/www.radiopiu.net\/wordpress\/wp-json\/wp\/v2\/posts\/196945","targetHints":{"allow":["GET"]}}],"collection":[{"href":"https:\/\/www.radiopiu.net\/wordpress\/wp-json\/wp\/v2\/posts"}],"about":[{"href":"https:\/\/www.radiopiu.net\/wordpress\/wp-json\/wp\/v2\/types\/post"}],"author":[{"embeddable":true,"href":"https:\/\/www.radiopiu.net\/wordpress\/wp-json\/wp\/v2\/users\/4"}],"replies":[{"embeddable":true,"href":"https:\/\/www.radiopiu.net\/wordpress\/wp-json\/wp\/v2\/comments?post=196945"}],"version-history":[{"count":0,"href":"https:\/\/www.radiopiu.net\/wordpress\/wp-json\/wp\/v2\/posts\/196945\/revisions"}],"wp:featuredmedia":[{"embeddable":true,"href":"https:\/\/www.radiopiu.net\/wordpress\/wp-json\/wp\/v2\/media\/196949"}],"wp:attachment":[{"href":"https:\/\/www.radiopiu.net\/wordpress\/wp-json\/wp\/v2\/media?parent=196945"}],"wp:term":[{"taxonomy":"category","embeddable":true,"href":"https:\/\/www.radiopiu.net\/wordpress\/wp-json\/wp\/v2\/categories?post=196945"},{"taxonomy":"post_tag","embeddable":true,"href":"https:\/\/www.radiopiu.net\/wordpress\/wp-json\/wp\/v2\/tags?post=196945"}],"curies":[{"name":"wp","href":"https:\/\/api.w.org\/{rel}","templated":true}]}}