{"id":197011,"date":"2021-03-16T06:11:59","date_gmt":"2021-03-16T05:11:59","guid":{"rendered":"https:\/\/www.radiopiu.net\/wordpress\/?p=197011"},"modified":"2021-03-16T09:43:43","modified_gmt":"2021-03-16T08:43:43","slug":"giornale-radiopiu-16-marzo-2021-direttore-mirko-mezzacasa","status":"publish","type":"post","link":"https:\/\/www.radiopiu.net\/wordpress\/giornale-radiopiu-16-marzo-2021-direttore-mirko-mezzacasa\/","title":{"rendered":"GIORNALE RADIOPIU 16 MARZO 2021 DIRETTORE MIRKO MEZZACASA"},"content":{"rendered":"<h3><a href=\"https:\/\/www.radiopiu.net\/wordpress\/giornale-radiopiu-24-gennaio-2021-direttore-mirko-mezzacasa\/141433770_171616291414874_2957460898102012198_n\/\" rel=\"attachment wp-att-186566\"><img loading=\"lazy\" decoding=\"async\" class=\"wp-image-186566 alignleft\" src=\"https:\/\/www.radiopiu.net\/wordpress\/wp-content\/uploads\/2021\/01\/141433770_171616291414874_2957460898102012198_n-300x300.jpg\" alt=\"\" width=\"144\" height=\"144\" srcset=\"https:\/\/www.radiopiu.net\/wordpress\/wp-content\/uploads\/2021\/01\/141433770_171616291414874_2957460898102012198_n-300x300.jpg 300w, https:\/\/www.radiopiu.net\/wordpress\/wp-content\/uploads\/2021\/01\/141433770_171616291414874_2957460898102012198_n-150x150.jpg 150w, https:\/\/www.radiopiu.net\/wordpress\/wp-content\/uploads\/2021\/01\/141433770_171616291414874_2957460898102012198_n-768x768.jpg 768w, https:\/\/www.radiopiu.net\/wordpress\/wp-content\/uploads\/2021\/01\/141433770_171616291414874_2957460898102012198_n.jpg 800w\" sizes=\"auto, (max-width: 144px) 100vw, 144px\" \/><\/a>PER<strong> RICEVERE QUESTO NOTIZIARIO DIRETTAMENTE SUL TUO CELLULARE ISCRIVITI AL CANALE TELEGRAM <\/strong><strong>\u201cRADIO PIU\u00a0 INFORMAZIONE&#8221;\u00a0<\/strong><\/h3>\n<h3>SUPERATI I 3000 ISCRITTI, il CANALE TELEGRAM&#8230; UNISCITI A: RADIO PIU INFORMAZIONE<\/h3>\n<p>&nbsp;<\/p>\n<p>&nbsp;<\/p>\n<p><em><a href=\"https:\/\/www.radiopiu.net\/wordpress\/giornale-radiopiu-24-gennaio-2021-direttore-mirko-mezzacasa\/79216601_126817312416448_708980208774483089_n\/\" rel=\"attachment wp-att-186567\"><img loading=\"lazy\" decoding=\"async\" class=\"size-medium wp-image-186567 alignright\" src=\"https:\/\/www.radiopiu.net\/wordpress\/wp-content\/uploads\/2021\/01\/79216601_126817312416448_708980208774483089_n-300x114.jpg\" alt=\"\" width=\"300\" height=\"114\" srcset=\"https:\/\/www.radiopiu.net\/wordpress\/wp-content\/uploads\/2021\/01\/79216601_126817312416448_708980208774483089_n-300x114.jpg 300w, https:\/\/www.radiopiu.net\/wordpress\/wp-content\/uploads\/2021\/01\/79216601_126817312416448_708980208774483089_n-768x292.jpg 768w, https:\/\/www.radiopiu.net\/wordpress\/wp-content\/uploads\/2021\/01\/79216601_126817312416448_708980208774483089_n.jpg 820w\" sizes=\"auto, (max-width: 300px) 100vw, 300px\" \/><\/a><span style=\"color: #ff0000;\">ATTENZIONE: LA NUOVA APP PER IOS-IPHONE di Nicola Vettorello <\/span><\/em><a href=\"https:\/\/apps.apple.com\/it\/app\/radio-pi%C3%B9-emittente-agordina\/id1515939845\">https:\/\/apps.apple.com\/it\/app\/radio-pi%C3%B9-emittente-agordina\/id1515939845<\/a><\/p>\n<p><em style=\"color: #ff0000;\">ATTENZIONE: LA NUOVA APP RADIO\u00a0 PER ANDROID di Nicola Vettorello<\/em><\/p>\n<p><a href=\"https:\/\/play.google.com\/store\/apps\/details?id=net.radiopiu.iniko\" target=\"_blank\" rel=\"noopener noreferrer\">https:\/\/play.google.com\/store\/apps\/details?id=net.radiopiu.iniko<\/a><\/p>\n<p>&nbsp;<\/p>\n<blockquote>\n<h3>&#8230;e poi c&#8217;\u00e8 la volpe di Alfauro (Livinallongo) che scorazza tra gli informatori di Viabilit\u00e0 Provincia di Belluno (by Telegram)<\/h3>\n<\/blockquote>\n\n\t\t\t<style type='text\/css'>\n\t\t\t\t#gallery-1 {\n\t\t\t\t\tmargin: auto;\n\t\t\t\t}\n\t\t\t\t#gallery-1 .gallery-item {\n\t\t\t\t\tfloat: left;\n\t\t\t\t\tmargin-top: 10px;\n\t\t\t\t\ttext-align: center;\n\t\t\t\t\twidth: 50%;\n\t\t\t\t}\n\t\t\t\t#gallery-1 img {\n\t\t\t\t\tborder: 2px solid #cfcfcf;\n\t\t\t\t}\n\t\t\t\t#gallery-1 .gallery-caption {\n\t\t\t\t\tmargin-left: 0;\n\t\t\t\t}\n\t\t\t\t\/* see gallery_shortcode() in wp-includes\/media.php *\/\n\t\t\t<\/style>\n\t\t<div id='gallery-1' class='dt-gallery-container gallery galleryid-197011 gallery-columns-2 gallery-size-medium'><dl class='gallery-item'>\n\t\t\t\t<dt class='gallery-icon portrait'>\n\t\t\t\t\t<a class=\"rollover rollover-zoom dt-pswp-item\" title=\"ac5e26cd-1716-4770-a88a-ec2c00e96260\" data-dt-img-description=\"\" data-large_image_width=\"240\" data-large_image_height=\"320\"href='https:\/\/www.radiopiu.net\/wordpress\/wp-content\/uploads\/2021\/03\/ac5e26cd-1716-4770-a88a-ec2c00e96260.jpg'><img loading=\"lazy\" decoding=\"async\" width=\"225\" height=\"300\" src=\"https:\/\/www.radiopiu.net\/wordpress\/wp-content\/uploads\/2021\/03\/ac5e26cd-1716-4770-a88a-ec2c00e96260-225x300.jpg\" class=\"attachment-medium size-medium\" alt=\"\" srcset=\"https:\/\/www.radiopiu.net\/wordpress\/wp-content\/uploads\/2021\/03\/ac5e26cd-1716-4770-a88a-ec2c00e96260-225x300.jpg 225w, https:\/\/www.radiopiu.net\/wordpress\/wp-content\/uploads\/2021\/03\/ac5e26cd-1716-4770-a88a-ec2c00e96260.jpg 240w\" sizes=\"auto, (max-width: 225px) 100vw, 225px\" \/><\/a>\n\t\t\t\t<\/dt><\/dl><dl class='gallery-item'>\n\t\t\t\t<dt class='gallery-icon portrait'>\n\t\t\t\t\t<a class=\"rollover rollover-zoom dt-pswp-item\" title=\"f2d64988-bae9-4c70-a199-9cb78cfc4142\" data-dt-img-description=\"\" data-large_image_width=\"240\" data-large_image_height=\"320\"href='https:\/\/www.radiopiu.net\/wordpress\/wp-content\/uploads\/2021\/03\/f2d64988-bae9-4c70-a199-9cb78cfc4142.jpg'><img loading=\"lazy\" decoding=\"async\" width=\"225\" height=\"300\" src=\"https:\/\/www.radiopiu.net\/wordpress\/wp-content\/uploads\/2021\/03\/f2d64988-bae9-4c70-a199-9cb78cfc4142-225x300.jpg\" class=\"attachment-medium size-medium\" alt=\"\" srcset=\"https:\/\/www.radiopiu.net\/wordpress\/wp-content\/uploads\/2021\/03\/f2d64988-bae9-4c70-a199-9cb78cfc4142-225x300.jpg 225w, https:\/\/www.radiopiu.net\/wordpress\/wp-content\/uploads\/2021\/03\/f2d64988-bae9-4c70-a199-9cb78cfc4142.jpg 240w\" sizes=\"auto, (max-width: 225px) 100vw, 225px\" \/><\/a>\n\t\t\t\t<\/dt><\/dl><br style=\"clear: both\" \/>\n\t\t\t<\/div>\n\n<p>&nbsp;<\/p>\n<hr \/>\n<blockquote>\n<h2><\/h2>\n<h2>LA BELLA NOTIZIA&#8230;.sempre da Arabba<\/h2>\n<\/blockquote>\n<p><strong>LIVINALLONGO<\/strong> I Vigili del fuoco di Arabba\u00a0 hanno messo in servizio il loro Pick-up Mercedes-Benz X 350 d 4MATIC con aumento portata a 3.500 kg. La vettura d\u00e0 spazio fino a 5 operatori ed \u00e8 allestita con modulo scarrabile per motopompa ed attrezzatura su slitte e nei lati. La torre fari pneumatica sul tetto garantisce massima illuminazione e sicurezza in tutte le condizioni. Auguriamo buon viaggio. (FOTO facebook Rosenbauer Group)<\/p>\n<p>&nbsp;<\/p>\n\n\t\t\t<style type='text\/css'>\n\t\t\t\t#gallery-2 {\n\t\t\t\t\tmargin: auto;\n\t\t\t\t}\n\t\t\t\t#gallery-2 .gallery-item {\n\t\t\t\t\tfloat: left;\n\t\t\t\t\tmargin-top: 10px;\n\t\t\t\t\ttext-align: center;\n\t\t\t\t\twidth: 25%;\n\t\t\t\t}\n\t\t\t\t#gallery-2 img {\n\t\t\t\t\tborder: 2px solid #cfcfcf;\n\t\t\t\t}\n\t\t\t\t#gallery-2 .gallery-caption {\n\t\t\t\t\tmargin-left: 0;\n\t\t\t\t}\n\t\t\t\t\/* see gallery_shortcode() in wp-includes\/media.php *\/\n\t\t\t<\/style>\n\t\t<div id='gallery-2' class='dt-gallery-container gallery galleryid-197011 gallery-columns-4 gallery-size-thumbnail'><dl class='gallery-item'>\n\t\t\t\t<dt class='gallery-icon landscape'>\n\t\t\t\t\t<a class=\"rollover rollover-zoom dt-pswp-item\" title=\"159695708_3833025183423118_2362732043428393930_o\" data-dt-img-description=\"\" data-large_image_width=\"600\" data-large_image_height=\"450\"href='https:\/\/www.radiopiu.net\/wordpress\/wp-content\/uploads\/2021\/03\/159695708_3833025183423118_2362732043428393930_o.jpg'><img loading=\"lazy\" decoding=\"async\" width=\"150\" height=\"150\" src=\"https:\/\/www.radiopiu.net\/wordpress\/wp-content\/uploads\/2021\/03\/159695708_3833025183423118_2362732043428393930_o-150x150.jpg\" class=\"attachment-thumbnail size-thumbnail\" alt=\"\" \/><\/a>\n\t\t\t\t<\/dt><\/dl><dl class='gallery-item'>\n\t\t\t\t<dt class='gallery-icon landscape'>\n\t\t\t\t\t<a class=\"rollover rollover-zoom dt-pswp-item\" title=\"159575844_3833025386756431_7294968295808292114_o\" data-dt-img-description=\"\" data-large_image_width=\"600\" data-large_image_height=\"450\"href='https:\/\/www.radiopiu.net\/wordpress\/wp-content\/uploads\/2021\/03\/159575844_3833025386756431_7294968295808292114_o.jpg'><img loading=\"lazy\" decoding=\"async\" width=\"150\" height=\"150\" src=\"https:\/\/www.radiopiu.net\/wordpress\/wp-content\/uploads\/2021\/03\/159575844_3833025386756431_7294968295808292114_o-150x150.jpg\" class=\"attachment-thumbnail size-thumbnail\" alt=\"\" \/><\/a>\n\t\t\t\t<\/dt><\/dl><dl class='gallery-item'>\n\t\t\t\t<dt class='gallery-icon landscape'>\n\t\t\t\t\t<a class=\"rollover rollover-zoom dt-pswp-item\" title=\"159712031_3833025836756386_7657291777843923756_o\" data-dt-img-description=\"\" data-large_image_width=\"600\" data-large_image_height=\"450\"href='https:\/\/www.radiopiu.net\/wordpress\/wp-content\/uploads\/2021\/03\/159712031_3833025836756386_7657291777843923756_o.jpg'><img loading=\"lazy\" decoding=\"async\" width=\"150\" height=\"150\" src=\"https:\/\/www.radiopiu.net\/wordpress\/wp-content\/uploads\/2021\/03\/159712031_3833025836756386_7657291777843923756_o-150x150.jpg\" class=\"attachment-thumbnail size-thumbnail\" alt=\"\" \/><\/a>\n\t\t\t\t<\/dt><\/dl><dl class='gallery-item'>\n\t\t\t\t<dt class='gallery-icon landscape'>\n\t\t\t\t\t<a class=\"rollover rollover-zoom dt-pswp-item\" title=\"159374293_3833025680089735_1583270918017133264_o\" data-dt-img-description=\"\" data-large_image_width=\"600\" data-large_image_height=\"450\"href='https:\/\/www.radiopiu.net\/wordpress\/wp-content\/uploads\/2021\/03\/159374293_3833025680089735_1583270918017133264_o.jpg'><img loading=\"lazy\" decoding=\"async\" width=\"150\" height=\"150\" src=\"https:\/\/www.radiopiu.net\/wordpress\/wp-content\/uploads\/2021\/03\/159374293_3833025680089735_1583270918017133264_o-150x150.jpg\" class=\"attachment-thumbnail size-thumbnail\" alt=\"\" \/><\/a>\n\t\t\t\t<\/dt><\/dl><br style=\"clear: both\" \/>\n\t\t\t<\/div>\n\n<p>&nbsp;<\/p>\n<p>&nbsp;<\/p>\n<p>&nbsp;<\/p>\n<hr \/>\n<p>&nbsp;<\/p>\n<h2><span style=\"color: #ff0000;\">prossimamente ALLA RADIO\u00a0<\/span><\/h2>\n<h2>DAL 22 MARZO&#8230; CON CLAUDIO PRA<\/h2>\n<div style=\"width: 854px;\" class=\"wp-video\"><video class=\"wp-video-shortcode\" id=\"video-197011-1\" width=\"854\" height=\"480\" preload=\"metadata\" controls=\"controls\"><source type=\"video\/mp4\" src=\"https:\/\/www.radiopiu.net\/wordpress\/wp-content\/uploads\/2021\/03\/WhatsApp-Video-2021-03-15-at-14.02.30.mp4?_=1\" \/><a href=\"https:\/\/www.radiopiu.net\/wordpress\/wp-content\/uploads\/2021\/03\/WhatsApp-Video-2021-03-15-at-14.02.30.mp4\">https:\/\/www.radiopiu.net\/wordpress\/wp-content\/uploads\/2021\/03\/WhatsApp-Video-2021-03-15-at-14.02.30.mp4<\/a><\/video><\/div>\n<div class=\"wp-media-wrapper wp-audio\">\n<div id=\"mep_0\" class=\"mejs-container mejs-container-keyboard-inactive wp-audio-shortcode mejs-audio\" tabindex=\"0\" role=\"application\" aria-label=\"Audio Player\">\n<div class=\"mejs-inner\">\n<div class=\"mejs-controls\">\n<p>&nbsp;<\/p>\n<\/div>\n<\/div>\n<\/div>\n<\/div>\n<p>&nbsp;<\/p>\n<hr \/>\n<p>&nbsp;<\/p>\n<blockquote>\n<h1 style=\"text-align: center;\">VENETO IN ROSSO<\/h1>\n<h3>Il Veneto si colora di rosso, scuole chiuse. Stop agli spostamenti se non per inderogabili motivi.<\/h3>\n<\/blockquote>\n<p><a href=\"https:\/\/www.radiopiu.net\/wordpress\/veneto-in-rosso-il-bianco-sardegna-lontano-lo-dice-lincide-rt\/schermata-2021-03-12-alle-17-08-55\/\" rel=\"attachment wp-att-196720\"><img loading=\"lazy\" decoding=\"async\" class=\"alignnone wp-image-196720 size-full\" src=\"https:\/\/www.radiopiu.net\/wordpress\/wp-content\/uploads\/2021\/03\/Schermata-2021-03-12-alle-17.08.55.png\" alt=\"\" width=\"1934\" height=\"340\" srcset=\"https:\/\/www.radiopiu.net\/wordpress\/wp-content\/uploads\/2021\/03\/Schermata-2021-03-12-alle-17.08.55.png 1934w, https:\/\/www.radiopiu.net\/wordpress\/wp-content\/uploads\/2021\/03\/Schermata-2021-03-12-alle-17.08.55-300x53.png 300w, https:\/\/www.radiopiu.net\/wordpress\/wp-content\/uploads\/2021\/03\/Schermata-2021-03-12-alle-17.08.55-1024x180.png 1024w, https:\/\/www.radiopiu.net\/wordpress\/wp-content\/uploads\/2021\/03\/Schermata-2021-03-12-alle-17.08.55-768x135.png 768w, https:\/\/www.radiopiu.net\/wordpress\/wp-content\/uploads\/2021\/03\/Schermata-2021-03-12-alle-17.08.55-1536x270.png 1536w\" sizes=\"auto, (max-width: 1934px) 100vw, 1934px\" \/><\/a><\/p>\n<p><strong>PER GLI SPOSTAMENTI OBBLIGO DI AUTOCERTIFICAZIONE CHE PUOI <a href=\"https:\/\/www.radiopiu.net\/wordpress\/veneto-in-rosso-il-bianco-sardegna-lontano-lo-dice-lincide-rt\/dpcm-autocertificazione-gennaio-2021\/\">SCARICARE QUI<\/a><\/strong><\/p>\n<p>&nbsp;<\/p>\n<p><a href=\"https:\/\/www.radiopiu.net\/wordpress\/giornale-radiopiu-16-marzo-2021-direttore-mirko-mezzacasa\/88f26839-89e1-4ddd-93a7-727a86805930\/\" rel=\"attachment wp-att-197216\"><img loading=\"lazy\" decoding=\"async\" class=\"size-medium wp-image-197216 aligncenter\" src=\"https:\/\/www.radiopiu.net\/wordpress\/wp-content\/uploads\/2021\/03\/88f26839-89e1-4ddd-93a7-727a86805930-300x191.jpg\" alt=\"\" width=\"300\" height=\"191\" srcset=\"https:\/\/www.radiopiu.net\/wordpress\/wp-content\/uploads\/2021\/03\/88f26839-89e1-4ddd-93a7-727a86805930-300x191.jpg 300w, https:\/\/www.radiopiu.net\/wordpress\/wp-content\/uploads\/2021\/03\/88f26839-89e1-4ddd-93a7-727a86805930-768x488.jpg 768w, https:\/\/www.radiopiu.net\/wordpress\/wp-content\/uploads\/2021\/03\/88f26839-89e1-4ddd-93a7-727a86805930.jpg 828w\" sizes=\"auto, (max-width: 300px) 100vw, 300px\" \/><\/a><\/p>\n<p>&nbsp;<\/p>\n<hr \/>\n<p>&nbsp;<\/p>\n<blockquote>\n<h2>AGORDINO PREDA DEL VIRUS, PEGGIO A FALCADE E LIVINALLONGO<\/h2>\n<\/blockquote>\n<blockquote>\n<h3><img loading=\"lazy\" decoding=\"async\" class=\"alignleft\" src=\"https:\/\/www.radiopiu.net\/wordpress\/wp-content\/uploads\/2021\/01\/th-3.jpg\" width=\"142\" height=\"149\" \/>L&#8217;ANDAMENTO DEL CONTAGIO NELL&#8217;AGORDINO<\/h3>\n<p>L&#8217;aggiornamento d&#8217;inizio settimana mette in evidenza un altro aumento di casi e persone in isolamento a Falcade in Valle del Biois, cos\u00ec come in territorio Fodom a Livinallongo del Col di Lana, ma anche Rocca Pietore si conta il raddoppio dei casi, in crescita pure ad Alleghe. Scendono a Canale d&#8217;Agordo ma il virus si fa rivedere tanto a Colle Santa Lucia che La Valle per giorni comuni covid free. Nessun territorio \u00e8 immune dal covid 19<\/p><\/blockquote>\n<p>FALCADE 38 positivi\u00a0 (+8) 28 isolamento (+8) CANALE D&#8217;AGORDO 7 positivi (-2) 11 isolamento (+2) VALLADA 5 positivi (-2) 4 isolamento (+2)\u00a0 CENCENIGHE 4 positivi 3 isolamento SAN TOMASO 5 positivi (+2) 1 isolamento LIVINALLONGO 21\u00a0 positivi (+6) 19 isolamento (-2) ALLEGHE 5 positivi (+2) 6 isolamento (+3) AGORDO 14 positivi (-1)\u00a0 29 isolamento (+3) TAIBON 6 positivi (+1) 15 isolamento (+5) LA VALLE 1 positivi 8 isolamento RIVAMONTE 5 positivi 2 isolamento GOSALDO 1 positivo 1 isolamento\u00a0 ROCCA PIETORE 5 positivi (+3) 5 isolamento (+3) COLLE SANTA LUCIA 1 positivo 1 isolamento<\/p>\n<p>&nbsp;<\/p>\n<hr \/>\n<p>&nbsp;<\/p>\n<blockquote>\n<h2>ULSS1 PUNTO COVID SETTIMANALE, DATI E GRAFICI<\/h2>\n<\/blockquote>\n<p>&nbsp;<\/p>\n<p><span style=\"font-size: medium;\"><strong>BELLUNO<\/strong> Come rappresentato dal grafico sotto riportato della curva epidemica della seconda fase dello sviluppo pandemico nel nostro territorio, l\u2019andamento dei nuovi contagi \u00e8 in crescita. <\/span><span style=\"font-size: medium;\">A questa mattina alle 8, dall\u2019inizio dell\u2019epidemia, sono stati effettuati: <\/span><span style=\"font-size: medium;\">21<\/span><span style=\"color: #00000a;\"><span style=\"font-size: medium;\"><span lang=\"it-IT\">7<\/span><\/span><\/span><span style=\"font-size: medium;\"> mila tamponi molecolari <\/span><span style=\"font-size: medium;\">15<\/span><span style=\"color: #00000a;\"><span style=\"font-size: medium;\"><span lang=\"it-IT\">9<\/span><\/span><\/span><span style=\"font-size: medium;\"> mila tamponi antigenici. <\/span><span style=\"font-size: large;\"><u><b>Incidenza settimanale per comune <\/b><\/u><\/span><span style=\"font-size: medium;\">\u00a0mappa dell\u2019incidenza settimanale per comune su mille abitanti nell\u2019ultima settimana di rilevazione (08-14 marzo 2021).\u00a0<\/span><\/p>\n\n\t\t\t<style type='text\/css'>\n\t\t\t\t#gallery-3 {\n\t\t\t\t\tmargin: auto;\n\t\t\t\t}\n\t\t\t\t#gallery-3 .gallery-item {\n\t\t\t\t\tfloat: left;\n\t\t\t\t\tmargin-top: 10px;\n\t\t\t\t\ttext-align: center;\n\t\t\t\t\twidth: 50%;\n\t\t\t\t}\n\t\t\t\t#gallery-3 img {\n\t\t\t\t\tborder: 2px solid #cfcfcf;\n\t\t\t\t}\n\t\t\t\t#gallery-3 .gallery-caption {\n\t\t\t\t\tmargin-left: 0;\n\t\t\t\t}\n\t\t\t\t\/* see gallery_shortcode() in wp-includes\/media.php *\/\n\t\t\t<\/style>\n\t\t<div id='gallery-3' class='dt-gallery-container gallery galleryid-197011 gallery-columns-2 gallery-size-medium'><dl class='gallery-item'>\n\t\t\t\t<dt class='gallery-icon landscape'>\n\t\t\t\t\t<a class=\"rollover\" href='https:\/\/www.radiopiu.net\/wordpress\/ulss1-punto-covid-settimanale-dati-e-grafici\/4a6e5d30-3e74-4c36-be29-527452117dd4\/'><img loading=\"lazy\" decoding=\"async\" width=\"300\" height=\"128\" src=\"https:\/\/www.radiopiu.net\/wordpress\/wp-content\/uploads\/2021\/03\/4a6e5d30-3e74-4c36-be29-527452117dd4-300x128.jpg\" class=\"attachment-medium size-medium\" alt=\"\" srcset=\"https:\/\/www.radiopiu.net\/wordpress\/wp-content\/uploads\/2021\/03\/4a6e5d30-3e74-4c36-be29-527452117dd4-300x128.jpg 300w, https:\/\/www.radiopiu.net\/wordpress\/wp-content\/uploads\/2021\/03\/4a6e5d30-3e74-4c36-be29-527452117dd4-768x329.jpg 768w, https:\/\/www.radiopiu.net\/wordpress\/wp-content\/uploads\/2021\/03\/4a6e5d30-3e74-4c36-be29-527452117dd4.jpg 1024w\" sizes=\"auto, (max-width: 300px) 100vw, 300px\" \/><\/a>\n\t\t\t\t<\/dt><\/dl><dl class='gallery-item'>\n\t\t\t\t<dt class='gallery-icon portrait'>\n\t\t\t\t\t<a class=\"rollover\" href='https:\/\/www.radiopiu.net\/wordpress\/ulss1-punto-covid-settimanale-dati-e-grafici\/cd7dab49-fb82-4e18-b976-b9c13a9d834d\/'><img loading=\"lazy\" decoding=\"async\" width=\"292\" height=\"300\" src=\"https:\/\/www.radiopiu.net\/wordpress\/wp-content\/uploads\/2021\/03\/cd7dab49-fb82-4e18-b976-b9c13a9d834d-292x300.jpg\" class=\"attachment-medium size-medium\" alt=\"\" srcset=\"https:\/\/www.radiopiu.net\/wordpress\/wp-content\/uploads\/2021\/03\/cd7dab49-fb82-4e18-b976-b9c13a9d834d-292x300.jpg 292w, https:\/\/www.radiopiu.net\/wordpress\/wp-content\/uploads\/2021\/03\/cd7dab49-fb82-4e18-b976-b9c13a9d834d-768x790.jpg 768w, https:\/\/www.radiopiu.net\/wordpress\/wp-content\/uploads\/2021\/03\/cd7dab49-fb82-4e18-b976-b9c13a9d834d.jpg 996w\" sizes=\"auto, (max-width: 292px) 100vw, 292px\" \/><\/a>\n\t\t\t\t<\/dt><\/dl><br style=\"clear: both\" \/>\n\t\t\t<\/div>\n\n<p><span style=\"font-size: medium;\"><b>Ricoveri<\/b><\/span><\/p>\n<p><span style=\"font-size: medium;\">Il grafico complessivo sotto riportato specifica, in rapporto all\u2019andamento epidemico dei contagi, le curve relative ai ricoveri ospedalieri per grado di intensit\u00e0 assistenziale, oltre alla curva dei decessi. <\/span><span style=\"font-size: medium;\">La pressione sulle strutture ospedaliere risulta sostanzialmente invariata rispetto alla scorsa settimana\u00a0<\/span><\/p>\n\n\t\t\t<style type='text\/css'>\n\t\t\t\t#gallery-4 {\n\t\t\t\t\tmargin: auto;\n\t\t\t\t}\n\t\t\t\t#gallery-4 .gallery-item {\n\t\t\t\t\tfloat: left;\n\t\t\t\t\tmargin-top: 10px;\n\t\t\t\t\ttext-align: center;\n\t\t\t\t\twidth: 50%;\n\t\t\t\t}\n\t\t\t\t#gallery-4 img {\n\t\t\t\t\tborder: 2px solid #cfcfcf;\n\t\t\t\t}\n\t\t\t\t#gallery-4 .gallery-caption {\n\t\t\t\t\tmargin-left: 0;\n\t\t\t\t}\n\t\t\t\t\/* see gallery_shortcode() in wp-includes\/media.php *\/\n\t\t\t<\/style>\n\t\t<div id='gallery-4' class='dt-gallery-container gallery galleryid-197011 gallery-columns-2 gallery-size-medium'><dl class='gallery-item'>\n\t\t\t\t<dt class='gallery-icon landscape'>\n\t\t\t\t\t<a class=\"rollover rollover-zoom dt-pswp-item\" title=\"c458a9c7-1f28-4b18-98a9-cd24903d784a\" data-dt-img-description=\"\" data-large_image_width=\"1024\" data-large_image_height=\"488\"href='https:\/\/www.radiopiu.net\/wordpress\/wp-content\/uploads\/2021\/03\/c458a9c7-1f28-4b18-98a9-cd24903d784a.jpg'><img loading=\"lazy\" decoding=\"async\" width=\"300\" height=\"143\" src=\"https:\/\/www.radiopiu.net\/wordpress\/wp-content\/uploads\/2021\/03\/c458a9c7-1f28-4b18-98a9-cd24903d784a-300x143.jpg\" class=\"attachment-medium size-medium\" alt=\"\" srcset=\"https:\/\/www.radiopiu.net\/wordpress\/wp-content\/uploads\/2021\/03\/c458a9c7-1f28-4b18-98a9-cd24903d784a-300x143.jpg 300w, https:\/\/www.radiopiu.net\/wordpress\/wp-content\/uploads\/2021\/03\/c458a9c7-1f28-4b18-98a9-cd24903d784a-768x366.jpg 768w, https:\/\/www.radiopiu.net\/wordpress\/wp-content\/uploads\/2021\/03\/c458a9c7-1f28-4b18-98a9-cd24903d784a.jpg 1024w\" sizes=\"auto, (max-width: 300px) 100vw, 300px\" \/><\/a>\n\t\t\t\t<\/dt><\/dl><dl class='gallery-item'>\n\t\t\t\t<dt class='gallery-icon landscape'>\n\t\t\t\t\t<a class=\"rollover rollover-zoom dt-pswp-item\" title=\"18f12138-4b23-4a9e-b3a4-3f64a6448f2b\" data-dt-img-description=\"\" data-large_image_width=\"1024\" data-large_image_height=\"829\"href='https:\/\/www.radiopiu.net\/wordpress\/wp-content\/uploads\/2021\/03\/18f12138-4b23-4a9e-b3a4-3f64a6448f2b.jpg'><img loading=\"lazy\" decoding=\"async\" width=\"300\" height=\"243\" src=\"https:\/\/www.radiopiu.net\/wordpress\/wp-content\/uploads\/2021\/03\/18f12138-4b23-4a9e-b3a4-3f64a6448f2b-300x243.jpg\" class=\"attachment-medium size-medium\" alt=\"\" srcset=\"https:\/\/www.radiopiu.net\/wordpress\/wp-content\/uploads\/2021\/03\/18f12138-4b23-4a9e-b3a4-3f64a6448f2b-300x243.jpg 300w, https:\/\/www.radiopiu.net\/wordpress\/wp-content\/uploads\/2021\/03\/18f12138-4b23-4a9e-b3a4-3f64a6448f2b-768x622.jpg 768w, https:\/\/www.radiopiu.net\/wordpress\/wp-content\/uploads\/2021\/03\/18f12138-4b23-4a9e-b3a4-3f64a6448f2b.jpg 1024w\" sizes=\"auto, (max-width: 300px) 100vw, 300px\" \/><\/a>\n\t\t\t\t<\/dt><\/dl><br style=\"clear: both\" \/>\n\t\t\t<\/div>\n\n<p>&nbsp;<\/p>\n<hr \/>\n<p>&nbsp;<\/p>\n<blockquote>\n<h3>UN ALTRO BALCONE AVVOLTO DALLE FIAMME<\/h3>\n<\/blockquote>\n<p><strong>VAL DI ZOLDO<\/strong> Alle 13:50, i vigili del fuoco sono intervenuti in Via dei Fogher, a Zoldo Alto per l\u2019incendio divampato nel balcone di un\u2019abitazione dove erano posti i contenitori dei rifiuti. I pompieri arrivati tempestivamente dal locale distaccamento volontario con un\u2019autopompa e un\u2019autobotte e 10 operatori hanno subito spento le fiamme, che sono state circoscritte all\u2019esterno ai soli contenitori, danneggiata una porta finestra in legno. Sul posto nel frattempo anche la prima partenza dei vigili del fuoco di Belluno. Le cause dell\u2019incendio sono al vaglio delle squadre intervenute. Le operazioni di soccorso e messa in sicurezza dell\u2019abitazione sono terminate dopo due ore circa.<\/p>\n\n\t\t\t<style type='text\/css'>\n\t\t\t\t#gallery-5 {\n\t\t\t\t\tmargin: auto;\n\t\t\t\t}\n\t\t\t\t#gallery-5 .gallery-item {\n\t\t\t\t\tfloat: left;\n\t\t\t\t\tmargin-top: 10px;\n\t\t\t\t\ttext-align: center;\n\t\t\t\t\twidth: 50%;\n\t\t\t\t}\n\t\t\t\t#gallery-5 img {\n\t\t\t\t\tborder: 2px solid #cfcfcf;\n\t\t\t\t}\n\t\t\t\t#gallery-5 .gallery-caption {\n\t\t\t\t\tmargin-left: 0;\n\t\t\t\t}\n\t\t\t\t\/* see gallery_shortcode() in wp-includes\/media.php *\/\n\t\t\t<\/style>\n\t\t<div id='gallery-5' class='dt-gallery-container gallery galleryid-197011 gallery-columns-2 gallery-size-medium'><dl class='gallery-item'>\n\t\t\t\t<dt class='gallery-icon portrait'>\n\t\t\t\t\t<a class=\"rollover rollover-zoom dt-pswp-item\" title=\"d65dd79a-55fc-4a6b-8522-9bd285d23f35\" data-dt-img-description=\"\" data-large_image_width=\"765\" data-large_image_height=\"814\"href='https:\/\/www.radiopiu.net\/wordpress\/wp-content\/uploads\/2021\/03\/d65dd79a-55fc-4a6b-8522-9bd285d23f35.jpg'><img loading=\"lazy\" decoding=\"async\" width=\"282\" height=\"300\" src=\"https:\/\/www.radiopiu.net\/wordpress\/wp-content\/uploads\/2021\/03\/d65dd79a-55fc-4a6b-8522-9bd285d23f35-282x300.jpg\" class=\"attachment-medium size-medium\" alt=\"\" srcset=\"https:\/\/www.radiopiu.net\/wordpress\/wp-content\/uploads\/2021\/03\/d65dd79a-55fc-4a6b-8522-9bd285d23f35-282x300.jpg 282w, https:\/\/www.radiopiu.net\/wordpress\/wp-content\/uploads\/2021\/03\/d65dd79a-55fc-4a6b-8522-9bd285d23f35.jpg 765w\" sizes=\"auto, (max-width: 282px) 100vw, 282px\" \/><\/a>\n\t\t\t\t<\/dt><\/dl><dl class='gallery-item'>\n\t\t\t\t<dt class='gallery-icon landscape'>\n\t\t\t\t\t<a class=\"rollover rollover-zoom dt-pswp-item\" title=\"4ea92cb9-573d-4730-862b-74bcf723ab43\" data-dt-img-description=\"\" data-large_image_width=\"960\" data-large_image_height=\"720\"href='https:\/\/www.radiopiu.net\/wordpress\/wp-content\/uploads\/2021\/03\/4ea92cb9-573d-4730-862b-74bcf723ab43.jpg'><img loading=\"lazy\" decoding=\"async\" width=\"300\" height=\"225\" src=\"https:\/\/www.radiopiu.net\/wordpress\/wp-content\/uploads\/2021\/03\/4ea92cb9-573d-4730-862b-74bcf723ab43-300x225.jpg\" class=\"attachment-medium size-medium\" alt=\"\" srcset=\"https:\/\/www.radiopiu.net\/wordpress\/wp-content\/uploads\/2021\/03\/4ea92cb9-573d-4730-862b-74bcf723ab43-300x225.jpg 300w, https:\/\/www.radiopiu.net\/wordpress\/wp-content\/uploads\/2021\/03\/4ea92cb9-573d-4730-862b-74bcf723ab43-768x576.jpg 768w, https:\/\/www.radiopiu.net\/wordpress\/wp-content\/uploads\/2021\/03\/4ea92cb9-573d-4730-862b-74bcf723ab43.jpg 960w\" sizes=\"auto, (max-width: 300px) 100vw, 300px\" \/><\/a>\n\t\t\t\t<\/dt><\/dl><br style=\"clear: both\" \/><dl class='gallery-item'>\n\t\t\t\t<dt class='gallery-icon landscape'>\n\t\t\t\t\t<a class=\"rollover rollover-zoom dt-pswp-item\" title=\"b809fe83-f188-4d0c-9b31-b96cbab53715\" data-dt-img-description=\"\" data-large_image_width=\"960\" data-large_image_height=\"720\"href='https:\/\/www.radiopiu.net\/wordpress\/wp-content\/uploads\/2021\/03\/b809fe83-f188-4d0c-9b31-b96cbab53715.jpg'><img loading=\"lazy\" decoding=\"async\" width=\"300\" height=\"225\" src=\"https:\/\/www.radiopiu.net\/wordpress\/wp-content\/uploads\/2021\/03\/b809fe83-f188-4d0c-9b31-b96cbab53715-300x225.jpg\" class=\"attachment-medium size-medium\" alt=\"\" srcset=\"https:\/\/www.radiopiu.net\/wordpress\/wp-content\/uploads\/2021\/03\/b809fe83-f188-4d0c-9b31-b96cbab53715-300x225.jpg 300w, https:\/\/www.radiopiu.net\/wordpress\/wp-content\/uploads\/2021\/03\/b809fe83-f188-4d0c-9b31-b96cbab53715-768x576.jpg 768w, https:\/\/www.radiopiu.net\/wordpress\/wp-content\/uploads\/2021\/03\/b809fe83-f188-4d0c-9b31-b96cbab53715.jpg 960w\" sizes=\"auto, (max-width: 300px) 100vw, 300px\" \/><\/a>\n\t\t\t\t<\/dt><\/dl><dl class='gallery-item'>\n\t\t\t\t<dt class='gallery-icon portrait'>\n\t\t\t\t\t<a class=\"rollover rollover-zoom dt-pswp-item\" title=\"7d829d85-a0f8-48a7-84fd-ffe1d988d078\" data-dt-img-description=\"\" data-large_image_width=\"591\" data-large_image_height=\"1044\"href='https:\/\/www.radiopiu.net\/wordpress\/wp-content\/uploads\/2021\/03\/7d829d85-a0f8-48a7-84fd-ffe1d988d078.jpg'><img loading=\"lazy\" decoding=\"async\" width=\"170\" height=\"300\" src=\"https:\/\/www.radiopiu.net\/wordpress\/wp-content\/uploads\/2021\/03\/7d829d85-a0f8-48a7-84fd-ffe1d988d078-170x300.jpg\" class=\"attachment-medium size-medium\" alt=\"\" srcset=\"https:\/\/www.radiopiu.net\/wordpress\/wp-content\/uploads\/2021\/03\/7d829d85-a0f8-48a7-84fd-ffe1d988d078-170x300.jpg 170w, https:\/\/www.radiopiu.net\/wordpress\/wp-content\/uploads\/2021\/03\/7d829d85-a0f8-48a7-84fd-ffe1d988d078-580x1024.jpg 580w, https:\/\/www.radiopiu.net\/wordpress\/wp-content\/uploads\/2021\/03\/7d829d85-a0f8-48a7-84fd-ffe1d988d078.jpg 591w\" sizes=\"auto, (max-width: 170px) 100vw, 170px\" \/><\/a>\n\t\t\t\t<\/dt><\/dl><br style=\"clear: both\" \/>\n\t\t\t<\/div>\n\n<p>&nbsp;<\/p>\n<p>&nbsp;<\/p>\n<hr \/>\n<h2><\/h2>\n<h2><\/h2>\n<h2>L&#8217;INCHIODATA. STOP AD ASTRAZENECA E LA CAMPAGNA VACCINALE RALLENTA<\/h2>\n<p>I piani vaccinali andranno riscritti, \u00e8 il primo effetto a valanga sulla Ulss1 dopo lo stop per il vaccino AstraZeneca, dopo 194mila dosi a disposizione dei veneti, quasi 70mila incoculate a personale delle Forze dell&#8217;Ordine e delle scuole. L&#8217;altra notizia \u00e8 invece quella relativa agli anticorpi monoclonali per la cura precoce del covid, oggi il Ministero invia le prime 245 dosi in 11 centri di riferimento. ieri in VENETO 418 nuovi casi (35.453 da inizio pandemia), ieri altri 36 decessi (10.147). In 24 ore si sono riempiti altri 87\u00a0 letti d&#8217;ospedale in area non critica 2 in\u00a0 in terapia intensiva.<\/p>\n<p>&nbsp;<\/p>\n<blockquote>\n<h3>MUOIONO TRE DONNE ANZIANE A FELTRE E BELLUNO, 1168 GLI ATTUALMENTE POSITIVI<\/h3>\n<\/blockquote>\n<p><strong>BELLUNO Nelle ultime 24 ore tre decessi : una donna di \u00a072 anni\u00a0 presso Rianimazione covid a Feltre,\u00a0 una donna di\u00a0 80 anni\u00a0 presso geriatria covid a Feltre e una donna di 82 anni ricoverata in Geriatria a Belluno.<br \/>\nieri 36 POSITIVI IN PIU&#8217;, 1168 GLI ATTUALI POSITIVI\u00a0<\/strong><\/p>\n<p><strong>Ricoveri \u00a0\u00a0\u00a0\u00a0\u00a0\u00a0\u00a0\u00a0\u00a0\u00a0\u00a0\u00a0\u00a0\u00a0\u00a0\u00a0\u00a0\u00a0\u00a0\u00a0\u00a0\u00a0\u00a0\u00a0\u00a0\u00a0\u00a0\u00a0\u00a0\u00a0\u00a0\u00a0\u00a0 <\/strong><\/p>\n<p><em>(dato alle ore 17.00 fonte: Azienda Zero)<\/em><\/p>\n<p>Le persone attualmente POSITIVE ricoverate negli ospedali dell\u2019Ulss Dolomiti sono:<\/p>\n<table>\n<tbody>\n<tr>\n<td width=\"217\"><strong>\u00a0<\/strong><\/td>\n<td width=\"217\"><strong>Area NON CRITICA<\/strong><\/td>\n<td width=\"217\"><strong>Terapia Intensiva<\/strong><\/td>\n<\/tr>\n<tr>\n<td width=\"217\"><strong>Ospedale di Belluno <\/strong><\/td>\n<td width=\"217\">36<\/td>\n<td width=\"217\">4<\/td>\n<\/tr>\n<tr>\n<td width=\"217\"><strong>Ospedale di Feltre<\/strong><\/td>\n<td width=\"217\">12<\/td>\n<td width=\"217\">2<\/td>\n<\/tr>\n<\/tbody>\n<\/table>\n<p>&nbsp;<\/p>\n<p>Le persone attualmente POSITIVE ricoverate in Ospedale di Comunit\u00e0 sono:<\/p>\n<table>\n<tbody>\n<tr>\n<td width=\"326\"><strong>\u00a0<\/strong><\/td>\n<td width=\"326\"><strong>pazienti attualmente positivi<\/strong><\/td>\n<\/tr>\n<tr>\n<td width=\"326\"><strong>Ospedale di Comunit\u00e0 di BELLUNO<\/strong><\/td>\n<td width=\"326\">7<\/td>\n<\/tr>\n<tr>\n<td width=\"326\"><strong>Ospedale di Comunit\u00e0 di FELTRE<\/strong><\/td>\n<td width=\"326\">3<\/td>\n<\/tr>\n<\/tbody>\n<\/table>\n<p>&nbsp;<\/p>\n<p>&nbsp;<\/p>\n<p align=\"CENTER\"><span style=\"color: #000000;\"><span style=\"font-size: x-large;\"><b>Sospeso utilizzo vaccino Astrazeneca, <\/b><\/span><\/span><\/p>\n<p align=\"CENTER\"><span style=\"color: #000000;\"><span style=\"font-size: x-large;\"><b>confermate sedute per ultraottantenni e vulnerabili<\/b><\/span><\/span><\/p>\n<p align=\"LEFT\"><span style=\"color: #000000;\"><span style=\"font-size: medium;\"><span lang=\"it-IT\">L\u2019<\/span><\/span><\/span><span style=\"color: #000000;\"><span style=\"font-size: medium;\">Ulss Dolomiti ha sospeso l\u2019utilizzo del vaccino nelle sedute in corso e sono state <\/span><\/span><span style=\"color: #000000;\"><span style=\"font-size: medium;\"><b>sospese le sedute programmate con il vaccino Astrazeneca. <\/b><\/span><\/span><span style=\"color: #000000;\"><span style=\"font-size: medium;\"><b>Saranno regolarmente effettuate le vaccinazioni <\/b><\/span><\/span><span style=\"color: #000000;\"><span style=\"font-size: medium;\"><span lang=\"it-IT\"><b>gi\u00e0 programmate<\/b><\/span><\/span><\/span><span style=\"color: #000000;\"><span style=\"font-size: medium;\"><b> con vaccino Pfizer <\/b><\/span><\/span><span style=\"color: #000000;\"><span style=\"font-size: medium;\">nei prossimi giorni <\/span><\/span><span style=\"color: #000000;\"><span style=\"font-size: medium;\"><b>per gli ultraottantenni e i soggetti vulnerabili<\/b><\/span><\/span><span style=\"color: #000000;\"><span style=\"font-size: medium;\"> (ad esempio, oggi classe 1940 in programma ad Agordo). <\/span><\/span><span style=\"font-size: medium; color: #000000;\">Complessivamente, ad oggi, in Ulss Dolomiti sono state somministrate 3.439 dosi di vaccino AstraZeneca, di cui circa 200 ieri. <\/span><span style=\"color: #000000;\"><span style=\"font-size: medium;\">Nei prossimi giorni sar\u00e0 ridefinito il programma vaccinale.<\/span><\/span><\/p>\n<p>&nbsp;<\/p>\n<p>&nbsp;<\/p>\n<hr \/>\n<div class=\"page-title-head hgroup\">\n<blockquote>\n<h3 class=\"entry-title\"><\/h3>\n<h3 class=\"entry-title\">COVID. BLOCCATA EROGAZIONE VACCINO ASTRAZENECA IN VENETO<\/h3>\n<\/blockquote>\n<p><span style=\"font-size: medium;\"><b>\u00a0SINORA ARRIVATE 194.000 DOSI. EROGATE 68.154<\/b><\/span><\/p>\n<p align=\"JUSTIFY\"><span style=\"color: #000000;\"><span style=\"font-size: medium;\"><strong><img loading=\"lazy\" decoding=\"async\" class=\"alignleft\" src=\"https:\/\/www.radiopiu.net\/wordpress\/wp-content\/uploads\/2020\/12\/VACCINO-COVID.jpg\" width=\"264\" height=\"187\" \/>VENEZIA<\/strong> <\/span><\/span><span style=\"color: #000000;\"><span style=\"font-size: medium;\">L\u2019Agenzia Italiana del Farmaco, in linea con analoghi provvedimenti adottati da altri Paesi europei, ha deciso di estendere in via precauzionale e temporanea il divieto di utilizzo del vaccino AstraZeneca su tutto il territorio nazionale. Sono in corso ulteriori approfondimenti. <\/span><\/span><span style=\"font-size: medium; color: #000000;\">Pertanto, la Regione del Veneto ha tempestivamente disposto il divieto di utilizzo del vaccino AstraZeneca con effetto immediato, fino a diverse determinazioni da parte degli organi centrali. <\/span><span style=\"color: #000000;\"><span style=\"font-size: medium;\">La programmazione dei prossimi giorni che prevedeva l\u2019utilizzo del vaccino di AstraZeneca \u00e8 stata annullata al fine di consentire una nuova pianificazione dell\u2019offerta. Saranno regolarmente effettuate le vaccinazioni previste con gli altri vaccini disponibili (Pfizer e Moderna), con priorit\u00e0 per soggetti anziani e ad elevata fragilit\u00e0. <\/span><\/span><span style=\"color: #000000;\"><span style=\"font-size: medium;\">E\u2019 opportuno precisare che a livello regionale sono state distribuite 194.000 dosi totali di AstraZeneca, di cui sono ad oggi state somministrate 68.154 dosi di vaccini AstraZeneca. Inoltre \u00e8 attivo un monitoraggio costante delle reazioni avverse che, finora, non ha fatto registrare episodi di rilievo, ma solo eventi non rilevanti e attesi dopo la somministrazione di un vaccino. <\/span><\/span><span style=\"color: #000000;\"><span style=\"font-size: medium;\">A.I.F.A. render\u00e0 nota tempestivamente ogni ulteriore informazione che dovesse rendersi disponibile, incluse le ulteriori modalit\u00e0 di completamento del ciclo vaccinale per coloro che hanno gi\u00e0 ricevuto la prima dose.<\/span><\/span><\/p>\n<\/div>\n<div class=\"page-title-breadcrumbs\"><\/div>\n<p>&nbsp;<\/p>\n<p>&nbsp;<\/p>\n<hr \/>\n<p>&nbsp;<\/p>\n<blockquote>\n<h3>DILLO\u00a0 A RADIO PIU&#8230; MA VI SEMBRA GIUSTO?<\/h3>\n<p>Riceviamo e volentieri pubblichiamo<\/p>\n<p><strong><a href=\"https:\/\/www.radiopiu.net\/wordpress\/giornale-radiopiu-16-marzo-2021-direttore-mirko-mezzacasa\/drivein3-2\/\" rel=\"attachment wp-att-197275\"><img loading=\"lazy\" decoding=\"async\" class=\"wp-image-197275 alignleft\" src=\"https:\/\/www.radiopiu.net\/wordpress\/wp-content\/uploads\/2021\/03\/drivein3-300x225.jpg\" alt=\"\" width=\"153\" height=\"115\" srcset=\"https:\/\/www.radiopiu.net\/wordpress\/wp-content\/uploads\/2021\/03\/drivein3-300x225.jpg 300w, https:\/\/www.radiopiu.net\/wordpress\/wp-content\/uploads\/2021\/03\/drivein3-1024x768.jpg 1024w, https:\/\/www.radiopiu.net\/wordpress\/wp-content\/uploads\/2021\/03\/drivein3-768x576.jpg 768w, https:\/\/www.radiopiu.net\/wordpress\/wp-content\/uploads\/2021\/03\/drivein3-1536x1152.jpg 1536w, https:\/\/www.radiopiu.net\/wordpress\/wp-content\/uploads\/2021\/03\/drivein3.jpg 1600w\" sizes=\"auto, (max-width: 153px) 100vw, 153px\" \/><\/a>SEDICO<\/strong> Con la presente a segnalare l&#8217;episodio accaduto nel pomeriggio odierno luned\u00ec 15 marzo presso il centro vaccinazioni di Feltre. Mia mamma classe 1937 nella giornata di ieri domenica, veniva convocata per essere vaccinata per l&#8217;appunto nel pomeriggio di oggi con il vaccino Pfizer moderna (almeno dalle nostre informazioni). Mi assento dal lavoro un&#8217;ora prima dal lavoro per accompagnarla a Feltre, arriviamo ci mettiamo in coda e dopo quasi un ora di attesa ci comunicano che le vaccinazioni sono sospese e ci mandano a casa. Senza polemiche ma vi sembra normale far correre in giro la gente per nulla 40 km un ora di lavoro persa e soprattutto l&#8217;avvilimento di questi poveri anziani gi\u00e0 fragili sia nel fisico che nella mente?<\/p><\/blockquote>\n<p><strong> Doriano Sponga. Mas di Sedico\u00a0<\/strong><\/p>\n<p>&nbsp;<\/p>\n<p>&nbsp;<\/p>\n<hr \/>\n<p>&nbsp;<\/p>\n<blockquote>\n<blockquote>\n<h3><a href=\"https:\/\/www.radiopiu.net\/wordpress\/giornale-radiopiu-16-marzo-2021-direttore-mirko-mezzacasa\/160921251_10164820720955641_8521417748396268844_o\/\" rel=\"attachment wp-att-197298\"><img loading=\"lazy\" decoding=\"async\" class=\"wp-image-197298 alignleft\" src=\"https:\/\/www.radiopiu.net\/wordpress\/wp-content\/uploads\/2021\/03\/160921251_10164820720955641_8521417748396268844_o-300x300.jpg\" alt=\"\" width=\"202\" height=\"202\" srcset=\"https:\/\/www.radiopiu.net\/wordpress\/wp-content\/uploads\/2021\/03\/160921251_10164820720955641_8521417748396268844_o-300x300.jpg 300w, https:\/\/www.radiopiu.net\/wordpress\/wp-content\/uploads\/2021\/03\/160921251_10164820720955641_8521417748396268844_o-150x150.jpg 150w, https:\/\/www.radiopiu.net\/wordpress\/wp-content\/uploads\/2021\/03\/160921251_10164820720955641_8521417748396268844_o.jpg 526w\" sizes=\"auto, (max-width: 202px) 100vw, 202px\" \/><\/a>&#8230;ma ci riprenderemo anche questa volta<\/h3>\n<\/blockquote>\n<p><strong>PASSO VALLES<\/strong> Il messaggio che arriva dalla montagna, riassume le sofferenze, le paure per un futuro nebuloso. Ci sembra che quanto riassumono gli amici di Passo Valles possa essere calato sull&#8217;intero territorio montano, con un in bocca la lupo a noi tutti della&#8230;partita iva.<\/p>\n<div class=\"kvgmc6g5 cxmmr5t8 oygrvhab hcukyx3x c1et5uql ii04i59q\">\n<div dir=\"auto\"><em>Abbiamo provato ad adeguarci, prima solo come bar, poi abbiamo aperto l&#8217;albergo, il ristorante solo 2 settimane e infine con l&#8217;asporto. \u00c8 arrivato per\u00f2 il momento di chiudere tutto (per la terza volta in tre mesi) sperando di poter riaprire il prima possibile. Ringraziamo i nostri collaboratori per averci creduto assieme a noi. Ci dispiace di non poter dare accoglienza, una bevanda calda o il bagno a chi valica il Passo.<\/em><\/div>\n<\/div>\n<\/blockquote>\n<p>&nbsp;<\/p>\n<p>&nbsp;<\/p>\n<hr \/>\n<p>&nbsp;<\/p>\n<blockquote>\n<h2><\/h2>\n<\/blockquote>\n<blockquote>\n<h3><em><img loading=\"lazy\" decoding=\"async\" class=\"alignleft\" src=\"https:\/\/www.radiopiu.net\/wordpress\/wp-content\/uploads\/2020\/05\/VENETO-STRADE-300x300.png\" width=\"123\" height=\"123\" \/> GALLERIA COMELICO<\/em><\/h3>\n<\/blockquote>\n<p>Per consentire l\u2019avanzamento delle indagini geognostiche e geofisiche nella galleria Comelico, sono state programmate nuove limitazioni temporanee al transito lungo la strada statale 52 \u201cCarnica\u201d. Da oggi e fino a venerd\u00ec 19 marzo, nella fascia 21:15- 5:45, giorni festivi esclusi, sar\u00e0 chiusa al transito la galleria Comelico, dal km 81 al km 85. Il traffico veicolare sar\u00e0 deviato sulla SP 532 Passo S. Antonio; i mezzi pesanti trainanti un rimorchio saranno invece deviati sulla SR 48 delle Dolomiti e sulla SP 49 Misurina.<\/p>\n<p>&nbsp;<\/p>\n<p>&nbsp;<\/p>\n<hr \/>\n<p>&nbsp;<\/p>\n<p><strong>PROVINCIALE 2, VALLE DEL MIS KM 9 -14 SOSPIROLO DAL 10 AL 30 MARZO<\/strong> dalle 7.30 alle 17.30, sabato e domenica esclusi, senso unico alternato regolato da movieri o a vista, tratti di 100 metri. Ripristino reti lato strada.<\/p>\n<p><strong>PROVINCIALE 8 DI SAN TOMASO<\/strong>, \u00a0 Fino al 18 marzo in localit\u00e0 Coi per la\u00a0 messa in sicurezza della strada, senso unico alternato regolato da movieri dalle 8 alle 17, dal lunedi al venerdi\u00a0 e brevi interruzioni fino a 20 minuti dalle 8 alle 12 e dalle 13.30 alle 17.<\/p>\n<p><strong>REGIONALE 203 AGORDINA, COLLE SANTA LUCIA <\/strong>fino al 02 aprile senso unico alternato semaforico. Esclusi festivi e prefestivi<\/p>\n<p><strong>SP 26 DI DIGOMAN<\/strong> fino al 15 aprile, sabato domenica e festivi inclusi, senso unico alternato regolato da impianto semaforico per la realizzazione di una nuova muratura di sostegno stradale<\/p>\n<p>&nbsp;<\/p>\n<hr \/>\n<p>&nbsp;<\/p>\n<p><strong><a href=\"https:\/\/www.radiopiu.net\/wordpress\/giornale-radiopiu-09-agosto-2018-direttore-mirko-mezzacasa\/acqua\/\" rel=\"attachment wp-att-57052\"><img loading=\"lazy\" decoding=\"async\" class=\" wp-image-57052 alignleft\" src=\"https:\/\/www.radiopiu.net\/wordpress\/wp-content\/uploads\/2018\/08\/ACQUA-300x180.jpeg\" alt=\"\" width=\"150\" height=\"90\" srcset=\"https:\/\/www.radiopiu.net\/wordpress\/wp-content\/uploads\/2018\/08\/ACQUA-300x180.jpeg 300w, https:\/\/www.radiopiu.net\/wordpress\/wp-content\/uploads\/2018\/08\/ACQUA-768x461.jpeg 768w, https:\/\/www.radiopiu.net\/wordpress\/wp-content\/uploads\/2018\/08\/ACQUA-1024x614.jpeg 1024w, https:\/\/www.radiopiu.net\/wordpress\/wp-content\/uploads\/2018\/08\/ACQUA.jpeg 1280w\" sizes=\"auto, (max-width: 150px) 100vw, 150px\" \/><\/a>\u00a0<\/strong><\/p>\n<p><strong>A GOSALDO \u00a0nelle LOCALITA\u2019 RENON, LAGON, DELUBI e SABE, l\u2019acqua erogata\u00a0 <\/strong><strong>dall\u2019acquedotto non \u00e8 potabile e pu\u00f2 essere usata per scopi alimentari solo previa bollitura.\u00a0\u00a0<\/strong><\/p>\n<p>&nbsp;<\/p>\n<p>&nbsp;<\/p>\n<hr \/>\n<p>&nbsp;<\/p>\n<blockquote>\n<h3>STRADA DI SOCCOL CHIUSA A FASCE ORARIE PER LAVORI DI MESSA IN SICUREZZA DEI VERSANTI<\/h3>\n<\/blockquote>\n<p><strong>TAIBON<\/strong> fino al 20 marzo la strada comunale di Taibon che porta alla frazione di Soccol verr\u00e0 chiusa al transito in determinate fasce orarie per consentire i lavori di messa in sicurezza dei versanti a monte della strada. Quattro le fascie di chiusura: dalle 8 alle 10:30, dalle 10:45 alle 12, dalle 13:15 alle 15:30 e dalle 15:45 alle 17. La strada sar\u00e0 chiusa tra il bivio con Via Agner e Col Carrera.<\/p>\n<p>&nbsp;<\/p>\n<p>&nbsp;<\/p>\n<hr \/>\n<p>&nbsp;<\/p>\n<blockquote class=\"wp-embedded-content\" data-secret=\"n0YsmgS17H\"><p><a href=\"https:\/\/www.radiopiu.net\/wordpress\/il-bollettino-neve-al-suolo-15-marzo-2021\/\">IL BOLLETTINO NEVE AL SUOLO &#8211; 15 MARZO 2021<\/a><\/p><\/blockquote>\n<p><iframe loading=\"lazy\" class=\"wp-embedded-content\" sandbox=\"allow-scripts\" security=\"restricted\" style=\"position: absolute; clip: rect(1px, 1px, 1px, 1px);\" title=\"&#8220;IL BOLLETTINO NEVE AL SUOLO &#8211; 15 MARZO 2021&#8221; &#8212; Radio Pi\u00f9\" src=\"https:\/\/www.radiopiu.net\/wordpress\/il-bollettino-neve-al-suolo-15-marzo-2021\/embed\/#?secret=n0YsmgS17H\" data-secret=\"n0YsmgS17H\" width=\"600\" height=\"338\" frameborder=\"0\" marginwidth=\"0\" marginheight=\"0\" scrolling=\"no\"><\/iframe><\/p>\n<p>&nbsp;<\/p>\n<hr \/>\n<p>&nbsp;<\/p>\n<blockquote>\n<h3>IL RAPINATORE VACANZIERO RIMANE IN CARCERE<\/h3>\n<\/blockquote>\n<p><strong><a href=\"https:\/\/www.radiopiu.net\/wordpress\/omaggi-a-feltre-dallalto\/3e7be193-53c9-4876-94ca-d11c734b2d00\/\" rel=\"attachment wp-att-145787\"><img loading=\"lazy\" decoding=\"async\" class=\"wp-image-145787 alignleft\" src=\"https:\/\/www.radiopiu.net\/wordpress\/wp-content\/uploads\/2020\/06\/3e7be193-53c9-4876-94ca-d11c734b2d00-300x225.jpg\" alt=\"\" width=\"204\" height=\"153\" srcset=\"https:\/\/www.radiopiu.net\/wordpress\/wp-content\/uploads\/2020\/06\/3e7be193-53c9-4876-94ca-d11c734b2d00-300x225.jpg 300w, https:\/\/www.radiopiu.net\/wordpress\/wp-content\/uploads\/2020\/06\/3e7be193-53c9-4876-94ca-d11c734b2d00-768x576.jpg 768w, https:\/\/www.radiopiu.net\/wordpress\/wp-content\/uploads\/2020\/06\/3e7be193-53c9-4876-94ca-d11c734b2d00.jpg 960w\" sizes=\"auto, (max-width: 204px) 100vw, 204px\" \/><\/a>FELTRE<\/strong> Da Gorizia a Feltre in treno per rubare, coltello alla mano. Nelle ore libere relax nei B&amp;B della citt\u00e0. Dopo le prime rapine riuscite l&#8217;uomo, 37 anni \u00e8 stato arrestato dai Carabinieri e il Giudice per le indagini Preliminari della Procura di Belluno ha deciso che rimane in custodia cautelare in carcere. Il sindaco Paolo Perenzin:<em> &#8220;Esprimo ai Carabinieri del Nucleo Operativo e Radiomobile e della Stazione di Feltre il plauso e i ringraziamenti, a nome mio personale e della cittadinanza, per la positiva conclusione delle indagini che hanno portato al fermo dell&#8217;autore dei colpi verificatisi in citt\u00e0 nei giorni scorsi. Voglio altres\u00ec ringraziare i cittadini che con le loro segnalazioni hanno contribuito al buon esito delle indagini&#8221;.<\/em><\/p>\n<p>&nbsp;<\/p>\n<p>&nbsp;<\/p>\n<p>&nbsp;<\/p>\n<hr \/>\n<p>&nbsp;<\/p>\n<blockquote>\n<h3>L&#8217;ULSS 1 ACCELLERA SULLA CAMPAGNA VACCINALE. ANCHE DI NOTTE SE NECESSARIO<\/h3>\n<\/blockquote>\n<p><strong><a href=\"https:\/\/www.radiopiu.net\/wordpress\/intervistaduesculss1genterz\/cinquetti-3\/\" rel=\"attachment wp-att-171790\"><img loading=\"lazy\" decoding=\"async\" class=\" wp-image-171790 alignleft\" src=\"https:\/\/www.radiopiu.net\/wordpress\/wp-content\/uploads\/2020\/11\/cinquetti-225x300.jpg\" alt=\"\" width=\"126\" height=\"168\" srcset=\"https:\/\/www.radiopiu.net\/wordpress\/wp-content\/uploads\/2020\/11\/cinquetti-225x300.jpg 225w, https:\/\/www.radiopiu.net\/wordpress\/wp-content\/uploads\/2020\/11\/cinquetti.jpg 600w\" sizes=\"auto, (max-width: 126px) 100vw, 126px\" \/><\/a>BELLUNO <\/strong><\/p>\n<p>di Moreno Gioli<\/p>\n<audio class=\"wp-audio-shortcode\" id=\"audio-197011-1\" preload=\"none\" style=\"width: 100%;\" controls=\"controls\"><source type=\"audio\/mpeg\" src=\"https:\/\/www.radiopiu.net\/wordpress\/wp-content\/uploads\/2021\/03\/GIOLI-VACCINI.mp3?_=1\" \/><a href=\"https:\/\/www.radiopiu.net\/wordpress\/wp-content\/uploads\/2021\/03\/GIOLI-VACCINI.mp3\">https:\/\/www.radiopiu.net\/wordpress\/wp-content\/uploads\/2021\/03\/GIOLI-VACCINI.mp3<\/a><\/audio>\n<p><strong>IL DIRETTORE DEL SERVIZIO IGIENE E SANITA&#8217; PUBBLICA DELLA ULSS 1 DOLOMITI SANDRO CINQUETTI<\/strong><\/p>\n<audio class=\"wp-audio-shortcode\" id=\"audio-197011-2\" preload=\"none\" style=\"width: 100%;\" controls=\"controls\"><source type=\"audio\/mpeg\" src=\"https:\/\/www.radiopiu.net\/wordpress\/wp-content\/uploads\/2021\/03\/CINQUETTI.mp3?_=2\" \/><a href=\"https:\/\/www.radiopiu.net\/wordpress\/wp-content\/uploads\/2021\/03\/CINQUETTI.mp3\">https:\/\/www.radiopiu.net\/wordpress\/wp-content\/uploads\/2021\/03\/CINQUETTI.mp3<\/a><\/audio>\n<p>&nbsp;<\/p>\n<hr \/>\n<p>&nbsp;<\/p>\n<p>&nbsp;<\/p>\n<blockquote>\n<h3>CONTRO LA POVERTA EDUCATIVA UN NUOVO PROGETTO DEI VOLONTARI DEL COMITATO D&#8217;INTESA<\/h3>\n<\/blockquote>\n<p><strong><a href=\"https:\/\/www.radiopiu.net\/wordpress\/giornale-radiopiu-16-marzo-2021-direttore-mirko-mezzacasa\/logo-46\/\" rel=\"attachment wp-att-197276\"><img loading=\"lazy\" decoding=\"async\" class=\"wp-image-197276 alignleft\" src=\"https:\/\/www.radiopiu.net\/wordpress\/wp-content\/uploads\/2021\/03\/logo-300x300.gif\" alt=\"\" width=\"145\" height=\"145\" srcset=\"https:\/\/www.radiopiu.net\/wordpress\/wp-content\/uploads\/2021\/03\/logo-300x300.gif 300w, https:\/\/www.radiopiu.net\/wordpress\/wp-content\/uploads\/2021\/03\/logo-150x150.gif 150w\" sizes=\"auto, (max-width: 145px) 100vw, 145px\" \/><\/a>BELLUNO<\/strong><\/p>\n<p><strong>DI DAMIANO TORMEN\u00a0<\/strong><\/p>\n<audio class=\"wp-audio-shortcode\" id=\"audio-197011-3\" preload=\"none\" style=\"width: 100%;\" controls=\"controls\"><source type=\"audio\/mpeg\" src=\"https:\/\/www.radiopiu.net\/wordpress\/wp-content\/uploads\/2021\/03\/DAMIANO-1.mp3?_=3\" \/><a href=\"https:\/\/www.radiopiu.net\/wordpress\/wp-content\/uploads\/2021\/03\/DAMIANO-1.mp3\">https:\/\/www.radiopiu.net\/wordpress\/wp-content\/uploads\/2021\/03\/DAMIANO-1.mp3<\/a><\/audio>\n<p>&nbsp;<\/p>\n<p>&nbsp;<\/p>\n<hr \/>\n<blockquote>\n<h3>BIBLIOTECHE APERTE IN ZONA ROSSA ANCHE AD AGORDO<\/h3>\n<\/blockquote>\n<p><img loading=\"lazy\" decoding=\"async\" class=\"alignleft\" src=\"https:\/\/www.radiopiu.net\/wordpress\/wp-content\/uploads\/2020\/01\/bibliostudenti.jpg\" width=\"170\" height=\"141\" \/><strong>AGORDO<\/strong><\/p>\n<p><strong>di GIANNI SANTOMASO<\/strong><\/p>\n<audio class=\"wp-audio-shortcode\" id=\"audio-197011-4\" preload=\"none\" style=\"width: 100%;\" controls=\"controls\"><source type=\"audio\/mpeg\" src=\"https:\/\/www.radiopiu.net\/wordpress\/wp-content\/uploads\/2021\/03\/GIANNI-AGORDO.mp3?_=4\" \/><a href=\"https:\/\/www.radiopiu.net\/wordpress\/wp-content\/uploads\/2021\/03\/GIANNI-AGORDO.mp3\">https:\/\/www.radiopiu.net\/wordpress\/wp-content\/uploads\/2021\/03\/GIANNI-AGORDO.mp3<\/a><\/audio>\n<p>&nbsp;<\/p>\n<hr \/>\n<p>&nbsp;<\/p>\n<p>&nbsp;<\/p>\n<p>&nbsp;<\/p>\n<blockquote>\n<h3>L&#8217;ARROGANZA RESTI IN CITTA&#8217; E CHI VIENE SI RIMBOCCHI LE MANICHE<\/h3>\n<\/blockquote>\n<p><strong><img loading=\"lazy\" decoding=\"async\" class=\"alignleft\" src=\"https:\/\/www.radiopiu.net\/wordpress\/wp-content\/uploads\/2015\/10\/300px-San_Tomaso_Ag.jpg\" width=\"188\" height=\"141\" \/>SAN TOMASO<\/strong><\/p>\n<p><strong>DI GIANNI SANTOMASO<\/strong><\/p>\n<audio class=\"wp-audio-shortcode\" id=\"audio-197011-5\" preload=\"none\" style=\"width: 100%;\" controls=\"controls\"><source type=\"audio\/mpeg\" src=\"https:\/\/www.radiopiu.net\/wordpress\/wp-content\/uploads\/2021\/03\/GIANNI-SANTOMASO.mp3?_=5\" \/><a href=\"https:\/\/www.radiopiu.net\/wordpress\/wp-content\/uploads\/2021\/03\/GIANNI-SANTOMASO.mp3\">https:\/\/www.radiopiu.net\/wordpress\/wp-content\/uploads\/2021\/03\/GIANNI-SANTOMASO.mp3<\/a><\/audio>\n<p>&nbsp;<\/p>\n<h2>VISTO DA FUORI, di Paolo Soppelsa<\/h2>\n\n\t\t\t<style type='text\/css'>\n\t\t\t\t#gallery-6 {\n\t\t\t\t\tmargin: auto;\n\t\t\t\t}\n\t\t\t\t#gallery-6 .gallery-item {\n\t\t\t\t\tfloat: left;\n\t\t\t\t\tmargin-top: 10px;\n\t\t\t\t\ttext-align: center;\n\t\t\t\t\twidth: 50%;\n\t\t\t\t}\n\t\t\t\t#gallery-6 img {\n\t\t\t\t\tborder: 2px solid #cfcfcf;\n\t\t\t\t}\n\t\t\t\t#gallery-6 .gallery-caption {\n\t\t\t\t\tmargin-left: 0;\n\t\t\t\t}\n\t\t\t\t\/* see gallery_shortcode() in wp-includes\/media.php *\/\n\t\t\t<\/style>\n\t\t<div id='gallery-6' class='dt-gallery-container gallery galleryid-197011 gallery-columns-2 gallery-size-medium'><dl class='gallery-item'>\n\t\t\t\t<dt class='gallery-icon portrait'>\n\t\t\t\t\t<a class=\"rollover\" href='https:\/\/www.radiopiu.net\/wordpress\/i-cantieri-post-vaia-disturbano-la-quiete-del-turista-della-seconda-casa\/4e3b0924-9920-49b6-9deb-651becd26db2\/'><img loading=\"lazy\" decoding=\"async\" width=\"225\" height=\"300\" src=\"https:\/\/www.radiopiu.net\/wordpress\/wp-content\/uploads\/2021\/03\/4e3b0924-9920-49b6-9deb-651becd26db2-225x300.jpg\" class=\"attachment-medium size-medium\" alt=\"\" srcset=\"https:\/\/www.radiopiu.net\/wordpress\/wp-content\/uploads\/2021\/03\/4e3b0924-9920-49b6-9deb-651becd26db2-225x300.jpg 225w, https:\/\/www.radiopiu.net\/wordpress\/wp-content\/uploads\/2021\/03\/4e3b0924-9920-49b6-9deb-651becd26db2.jpg 768w\" sizes=\"auto, (max-width: 225px) 100vw, 225px\" \/><\/a>\n\t\t\t\t<\/dt><\/dl><dl class='gallery-item'>\n\t\t\t\t<dt class='gallery-icon landscape'>\n\t\t\t\t\t<a class=\"rollover\" href='https:\/\/www.radiopiu.net\/wordpress\/i-cantieri-post-vaia-disturbano-la-quiete-del-turista-della-seconda-casa\/c7eb3be5-c014-4f58-ab23-191ed57bcefc\/'><img loading=\"lazy\" decoding=\"async\" width=\"300\" height=\"191\" src=\"https:\/\/www.radiopiu.net\/wordpress\/wp-content\/uploads\/2021\/03\/c7eb3be5-c014-4f58-ab23-191ed57bcefc-300x191.jpg\" class=\"attachment-medium size-medium\" alt=\"\" srcset=\"https:\/\/www.radiopiu.net\/wordpress\/wp-content\/uploads\/2021\/03\/c7eb3be5-c014-4f58-ab23-191ed57bcefc-300x191.jpg 300w, https:\/\/www.radiopiu.net\/wordpress\/wp-content\/uploads\/2021\/03\/c7eb3be5-c014-4f58-ab23-191ed57bcefc-768x488.jpg 768w, https:\/\/www.radiopiu.net\/wordpress\/wp-content\/uploads\/2021\/03\/c7eb3be5-c014-4f58-ab23-191ed57bcefc.jpg 1024w\" sizes=\"auto, (max-width: 300px) 100vw, 300px\" \/><\/a>\n\t\t\t\t<\/dt><\/dl><br style=\"clear: both\" \/>\n\t\t\t<\/div>\n\n<blockquote>\n<div dir=\"auto\">Sar\u00e0 che sono cresciuto con il mantra che almeno un paio di volte al giorno ripeteva mia mamma, peraltro nata a poche centinaia di metri in linea d&#8217;aria da Canacede: &#8220;&#8230;l&#8217;erba voglio non cresce neanche nel giardino del re&#8230;&#8221;. E quel &#8220;voglio&#8221; era meglio evitarlo altrimenti giungeva puntuale la minaccia di finire nella terrificante &#8220;Casa de Correzion&#8221;. Che chiss\u00e0 com&#8217;era questa &#8220;Casa de Correzion&#8221;. Tutto questo per dire che io una lettera di questo tenore non mi sarei mai permesso di scriverla e tantomeno di recapitarla presso gli uffici del municipio di un paese di montagna. Per la cronaca, il paese \u00e8 San Tomaso Agordino, uno dei miei luoghi del cuore. A mio modesto parere, queste righe denotano molta supponenza e arroganza da parte di persone che pensano che a loro tutto sia dovuto. E m&#8217;interessa poco che queste persone siano &#8220;foresti&#8221;. Che &#8220;foresti&#8221; \u00e8 un termine che non mi piace e non mi \u00e8 mai piaciuto. La Montagna \u00e8 di chi la ama, la cura e la racconta. P.S&#8230;il 13 dicembre scorso era domenica. C&#8217;era un bel p\u00f2 di neve a San Tomaso ed in generale su tutta la montagna bellunese. Quella domenica la ditta che ha installato i paravalanghe sopra la frazione di Canacede era operativa con elicottero e personale a terra. Questo per dire che quel cantiere andava avanti nonostante le condizioni difficili di lavoro e la giornata festiva.<\/div>\n<\/blockquote>\n<h2><strong>IERI ALLA RADIO\u00a0<\/strong><\/h2>\n<blockquote>\n<h3>I CANTIERI POST VAIA DISTURBANO LA QUIETE DEL TURISTA DELLA SECONDA CASA<\/h3>\n<\/blockquote>\n<blockquote>\n<h3><em>Il sindaco Moreno De Val &#8220;Volevo ignorare la lettera, ma rispondo per rispetto di chi li&#8217; ci abita tutto l&#8217;anno. Abbiate rispetto di noi che qui ci viviamo. Ho sempre sostenuto le seconde case e i loro proprietari, ma tutto ha un limite&#8221;<\/em><\/h3>\n<\/blockquote>\n<p><strong>SAN TOMASO\u00a0<\/strong> I propietari di un fienile a Canacede, ristrutturato nel 2011 hanno criticato il sindaco Moreno De Val e anche il tecnico comunale. I turisti ospiti del paese da una decina d&#8217;anni,\u00a0 lamentano che nei loro periodi di ferie sono alla ricerca di tranquillit\u00e0 minacciata da cantieri invasivi secondo i proprietari della seconda casa &#8220;lunghi e inconcludenti&#8221;. Viene citata l&#8217;apertura di una strada temporanea, il taglio e trasporto del legname schiantato da Vaia. &#8220;Nessuno dei cantieri \u00e8 giunto a conclusione &#8211; scrivono &#8211; ci rendiamo conto delle necessit\u00e0 di seguire lavori di manutenzione ma chiediamo che entro la prossima estate vengano completati i cantieri&#8230;&#8221;<\/p>\n<p><strong>IL SINDACO MORENO DE VAL\u00a0<\/strong><\/p>\n<audio class=\"wp-audio-shortcode\" id=\"audio-197011-6\" preload=\"none\" style=\"width: 100%;\" controls=\"controls\"><source type=\"audio\/mpeg\" src=\"https:\/\/www.radiopiu.net\/wordpress\/wp-content\/uploads\/2021\/03\/mpreno-2.mp3?_=6\" \/><a href=\"https:\/\/www.radiopiu.net\/wordpress\/wp-content\/uploads\/2021\/03\/mpreno-2.mp3\">https:\/\/www.radiopiu.net\/wordpress\/wp-content\/uploads\/2021\/03\/mpreno-2.mp3<\/a><\/audio>\n<p>&nbsp;<\/p>\n<hr \/>\n<p>&nbsp;<\/p>\n<blockquote>\n<h3><\/h3>\n<\/blockquote>\n<blockquote>\n<h3><a href=\"https:\/\/www.radiopiu.net\/wordpress\/stefano-da-zanche-sindaco-di-gosaldo-ha-giurato-inizia-la-legislatura\/79c9f1e1-b965-41be-9cbf-10134d99e6d6\/\" rel=\"attachment wp-att-164723\"><img loading=\"lazy\" decoding=\"async\" class=\"wp-image-164723 alignleft\" src=\"https:\/\/www.radiopiu.net\/wordpress\/wp-content\/uploads\/2020\/10\/79c9f1e1-b965-41be-9cbf-10134d99e6d6-300x150.jpg\" alt=\"\" width=\"214\" height=\"107\" srcset=\"https:\/\/www.radiopiu.net\/wordpress\/wp-content\/uploads\/2020\/10\/79c9f1e1-b965-41be-9cbf-10134d99e6d6-300x150.jpg 300w, https:\/\/www.radiopiu.net\/wordpress\/wp-content\/uploads\/2020\/10\/79c9f1e1-b965-41be-9cbf-10134d99e6d6-1024x512.jpg 1024w, https:\/\/www.radiopiu.net\/wordpress\/wp-content\/uploads\/2020\/10\/79c9f1e1-b965-41be-9cbf-10134d99e6d6-768x384.jpg 768w, https:\/\/www.radiopiu.net\/wordpress\/wp-content\/uploads\/2020\/10\/79c9f1e1-b965-41be-9cbf-10134d99e6d6-1536x768.jpg 1536w, https:\/\/www.radiopiu.net\/wordpress\/wp-content\/uploads\/2020\/10\/79c9f1e1-b965-41be-9cbf-10134d99e6d6.jpg 2048w\" sizes=\"auto, (max-width: 214px) 100vw, 214px\" \/><\/a>IL COMUNE ALIENA IL TERRENO A SARASIN<\/h3>\n<\/blockquote>\n<p><strong>GOSALDO<\/strong> Mercoledi alle 18 consiglio comunale convocato dal sindaco Stefano Da Zanche, all&#8217;ordine del giorno la variazione al bilancio, variazione di cassa approvata dalla Giunta; servizio associato tributi e riscossione; alienazione terreno in localit\u00e0 Sarasin. (diretta canali RADIO PIU facebook, youtube, telegram)<\/p>\n<p>&nbsp;<\/p>\n<blockquote>\n<h2>UNA RACCOLTA FIRME PER TENERE I CARABINIERI IN PAESE<\/h2>\n<\/blockquote>\n<p><img loading=\"lazy\" decoding=\"async\" class=\"alignleft\" src=\"https:\/\/www.radiopiu.net\/wordpress\/wp-content\/uploads\/2021\/03\/fa2b79e2-f2fc-4300-95e9-050926fec414.jpg\" width=\"213\" height=\"160\" \/><strong>GOSALDO<\/strong><\/p>\n<p><strong>DI GIANNI SANTOMASO<\/strong><\/p>\n<audio class=\"wp-audio-shortcode\" id=\"audio-197011-7\" preload=\"none\" style=\"width: 100%;\" controls=\"controls\"><source type=\"audio\/mpeg\" src=\"https:\/\/www.radiopiu.net\/wordpress\/wp-content\/uploads\/2021\/03\/GIANNI-GOSALDO.mp3?_=7\" \/><a href=\"https:\/\/www.radiopiu.net\/wordpress\/wp-content\/uploads\/2021\/03\/GIANNI-GOSALDO.mp3\">https:\/\/www.radiopiu.net\/wordpress\/wp-content\/uploads\/2021\/03\/GIANNI-GOSALDO.mp3<\/a><\/audio>\n<p>&nbsp;<\/p>\n<p>&nbsp;<\/p>\n<p>&nbsp;<\/p>\n<p>&nbsp;<\/p>\n<hr \/>\n<p>&nbsp;<\/p>\n<blockquote class=\"wp-embedded-content\" data-secret=\"BKU7DNEOgk\"><p><a href=\"https:\/\/www.radiopiu.net\/wordpress\/aggmar15\/\">CORONAVIRUS: AGGIORNAMENTO NAZIONALE 14 MARZO 2021<\/a><\/p><\/blockquote>\n<p><iframe loading=\"lazy\" class=\"wp-embedded-content\" sandbox=\"allow-scripts\" security=\"restricted\" style=\"position: absolute; clip: rect(1px, 1px, 1px, 1px);\" title=\"&#8220;CORONAVIRUS: AGGIORNAMENTO NAZIONALE 14 MARZO 2021&#8221; &#8212; Radio Pi\u00f9\" src=\"https:\/\/www.radiopiu.net\/wordpress\/aggmar15\/embed\/#?secret=BKU7DNEOgk\" data-secret=\"BKU7DNEOgk\" width=\"600\" height=\"338\" frameborder=\"0\" marginwidth=\"0\" marginheight=\"0\" scrolling=\"no\"><\/iframe><\/p>\n<p>&nbsp;<\/p>\n<hr \/>\n<p>&nbsp;<\/p>\n<blockquote class=\"wp-embedded-content\" data-secret=\"8uHLSuqnFb\"><p><a href=\"https:\/\/www.radiopiu.net\/wordpress\/aggazzero15\/\">201 PAZIENTI IN TERAPIA INTENSIVA, NELLE ULTIME 24 ORE I POSITIVI SONO 418 IN PIU&#8217;<\/a><\/p><\/blockquote>\n<p><iframe loading=\"lazy\" class=\"wp-embedded-content\" sandbox=\"allow-scripts\" security=\"restricted\" style=\"position: absolute; clip: rect(1px, 1px, 1px, 1px);\" title=\"&#8220;201 PAZIENTI IN TERAPIA INTENSIVA, NELLE ULTIME 24 ORE I POSITIVI SONO 418 IN PIU&#8217;&#8221; &#8212; Radio Pi\u00f9\" src=\"https:\/\/www.radiopiu.net\/wordpress\/aggazzero15\/embed\/#?secret=8uHLSuqnFb\" data-secret=\"8uHLSuqnFb\" width=\"600\" height=\"338\" frameborder=\"0\" marginwidth=\"0\" marginheight=\"0\" scrolling=\"no\"><\/iframe><\/p>\n<p>&nbsp;<\/p>\n<hr \/>\n<p>&nbsp;<\/p>\n<h1>I GRAFICI DI TIZIANO DE COL<\/h1>\n\n\t\t\t<style type='text\/css'>\n\t\t\t\t#gallery-7 {\n\t\t\t\t\tmargin: auto;\n\t\t\t\t}\n\t\t\t\t#gallery-7 .gallery-item {\n\t\t\t\t\tfloat: left;\n\t\t\t\t\tmargin-top: 10px;\n\t\t\t\t\ttext-align: center;\n\t\t\t\t\twidth: 20%;\n\t\t\t\t}\n\t\t\t\t#gallery-7 img {\n\t\t\t\t\tborder: 2px solid #cfcfcf;\n\t\t\t\t}\n\t\t\t\t#gallery-7 .gallery-caption {\n\t\t\t\t\tmargin-left: 0;\n\t\t\t\t}\n\t\t\t\t\/* see gallery_shortcode() in wp-includes\/media.php *\/\n\t\t\t<\/style>\n\t\t<div id='gallery-7' class='dt-gallery-container gallery galleryid-197011 gallery-columns-5 gallery-size-thumbnail'><dl class='gallery-item'>\n\t\t\t\t<dt class='gallery-icon landscape'>\n\t\t\t\t\t<a class=\"rollover\" href='https:\/\/www.radiopiu.net\/wordpress\/giornale-radiopiu-16-marzo-2021-direttore-mirko-mezzacasa\/4e5cf47a-2bad-48ae-8c37-5210c4b0b036\/'><img loading=\"lazy\" decoding=\"async\" width=\"150\" height=\"150\" src=\"https:\/\/www.radiopiu.net\/wordpress\/wp-content\/uploads\/2021\/03\/4e5cf47a-2bad-48ae-8c37-5210c4b0b036-150x150.jpg\" class=\"attachment-thumbnail size-thumbnail\" alt=\"\" \/><\/a>\n\t\t\t\t<\/dt><\/dl><dl class='gallery-item'>\n\t\t\t\t<dt class='gallery-icon landscape'>\n\t\t\t\t\t<a class=\"rollover\" href='https:\/\/www.radiopiu.net\/wordpress\/giornale-radiopiu-16-marzo-2021-direttore-mirko-mezzacasa\/df739157-2f74-40eb-ac17-3fd295b8df0f\/'><img loading=\"lazy\" decoding=\"async\" width=\"150\" height=\"150\" src=\"https:\/\/www.radiopiu.net\/wordpress\/wp-content\/uploads\/2021\/03\/df739157-2f74-40eb-ac17-3fd295b8df0f-150x150.jpg\" class=\"attachment-thumbnail size-thumbnail\" alt=\"\" \/><\/a>\n\t\t\t\t<\/dt><\/dl><dl class='gallery-item'>\n\t\t\t\t<dt class='gallery-icon landscape'>\n\t\t\t\t\t<a class=\"rollover\" href='https:\/\/www.radiopiu.net\/wordpress\/giornale-radiopiu-16-marzo-2021-direttore-mirko-mezzacasa\/12e95486-9687-46aa-8991-1501ff46e27d\/'><img loading=\"lazy\" decoding=\"async\" width=\"150\" height=\"150\" src=\"https:\/\/www.radiopiu.net\/wordpress\/wp-content\/uploads\/2021\/03\/12e95486-9687-46aa-8991-1501ff46e27d-150x150.jpg\" class=\"attachment-thumbnail size-thumbnail\" alt=\"\" \/><\/a>\n\t\t\t\t<\/dt><\/dl><dl class='gallery-item'>\n\t\t\t\t<dt class='gallery-icon landscape'>\n\t\t\t\t\t<a class=\"rollover\" href='https:\/\/www.radiopiu.net\/wordpress\/giornale-radiopiu-16-marzo-2021-direttore-mirko-mezzacasa\/6ecd77e8-3135-4d88-adb5-c2defa65d196\/'><img loading=\"lazy\" decoding=\"async\" width=\"150\" height=\"150\" src=\"https:\/\/www.radiopiu.net\/wordpress\/wp-content\/uploads\/2021\/03\/6ecd77e8-3135-4d88-adb5-c2defa65d196-150x150.jpg\" class=\"attachment-thumbnail size-thumbnail\" alt=\"\" \/><\/a>\n\t\t\t\t<\/dt><\/dl><dl class='gallery-item'>\n\t\t\t\t<dt class='gallery-icon landscape'>\n\t\t\t\t\t<a class=\"rollover\" href='https:\/\/www.radiopiu.net\/wordpress\/giornale-radiopiu-16-marzo-2021-direttore-mirko-mezzacasa\/f0a03d2f-3b1b-47ce-a34f-2b864dff6030\/'><img loading=\"lazy\" decoding=\"async\" width=\"150\" height=\"150\" src=\"https:\/\/www.radiopiu.net\/wordpress\/wp-content\/uploads\/2021\/03\/f0a03d2f-3b1b-47ce-a34f-2b864dff6030-150x150.jpg\" class=\"attachment-thumbnail size-thumbnail\" alt=\"\" \/><\/a>\n\t\t\t\t<\/dt><\/dl><br style=\"clear: both\" \/>\n\t\t\t<\/div>\n\n<p>&nbsp;<\/p>\n<hr \/>\n<p>&nbsp;<\/p>\n<blockquote>\n<h3>L&#8217;OBIETTIVO DEL ROSSO VENETO: VACCINI A MANETTA INCIDENZA OLTRE IL 7% IN CRESCITA<\/h3>\n<\/blockquote>\n<blockquote><p><strong><span style=\"color: #ff0000;\">DA BIELLA LA PROCURA ORDINA IL SEQUESTRO DI UN ALTRO LOTTO DEL VACCINO ASTRAZENECA ANCHE IN VENETO COSI&#8217; COME NEL RESTO D&#8217;ITALIA DOPO I DECESSI IN PIEMONTE.\u00a0<\/span><\/strong><\/p><\/blockquote>\n<blockquote>\n<h2><\/h2>\n<h2>LEGGI LA CONFERENZA STAMPA DI LUCA ZAIA, aggiornamento in tempo reale<\/h2>\n<p><em>Uno scenario di guerra mentre il virus sta attaccando, questa \u00e8 una sfida da vincere tutti assieme. La politica delle restrizioni non si puo&#8217; portare avanti all&#8217;infinito, ma la Germania \u00e8 ormai al terzo lockdown, due in Portogallo e molte altre comunit\u00e0 sono in difficolt\u00e0 come noi, chi avrebbe mai pensato di vedere le fosse comuni a New York. Anche la Svezia sembrava non aver problemi invece ha dovuto ricorrere a tutte le restrizioni.\u00a0<\/em><\/p><\/blockquote>\n<p><strong>DA OGGI IN ROSSO<\/strong> Le misure che sono in atto da oggi richiedono importanti sacrifici a tutte le famiglie. Penso a tutte le attivit\u00e0 commerciali chiuse o comunque in difficolt\u00e0 ma la zona rossa non \u00e8 una legge regionale, piuttosto sono le conseguenze delle decisioni del comitato tecnici scientifico, i migliori luminari. A dicembre non siamo andati in zona rossa perch\u00e9 c&#8217;era un gran dibattito che ha prodotto la modifica dei parametri. Quanto durer\u00e0 la zona rossa? Per la legge due settimane, questo dice oggi. Auspico possano bastare. <strong>SCUOLE<\/strong>\u00a0 Il Veneto non ha deciso di chiudere le scuole, io ho sempre sostenuto che siano oggetto di verifica. Quando abbiamo potuto avere discrezionalit\u00e0 (zona arancione) li si la Regione ha chiuso le scuole dalla seconda media in su per non creare problemi alle famiglie. In zona rossa per la legge scatta in automatico la chiusura di tutto. Gli atti eroici si fanno con certezza di risultato.<strong> SOSTEGNI<\/strong> Sembra che ci siano aiuti importanti con una mole di risorse che eguaglier\u00e0 tutte quelle stanziate fino ad oggi, vedremo se corrisponde al vero. <span style=\"color: #ff0000;\"><strong>LA BRUTTA NOTIZIA<\/strong> <\/span>La Procura di Biella ha bloccato un secondo lotto si Astrazeneca, riguarda tutta Italia. Bisogna chiarire velocemente de il vaccino \u00e8 o no causa di morte. Intanto la campagna vaccinale viene messe a dura prova. VACCINO <strong>JOHNSON&amp;JOHNSON \u00a0<\/strong>arriver\u00e0 per i primi di aprile.<strong> SERVE O NON SERVE IL VACCINO?<\/strong> Il vaccino non \u00e8 obbligatorio, ma dei 30mila ospiti delle case di riposo, a dicembre 3.500 erano contagiati ora sono poco pi\u00f9 di un centinaio.<\/p>\n<h2>DOMANDE<\/h2>\n<p><strong>IL LOTTO SEQUESTRATO\u00a0 <span style=\"color: #ff0000;\">AZ5811<\/span><\/strong> <strong>QUANTI VACCINI?<\/strong> di 41300 dosi, usate 20952 nei restano 20348, usato in tutte le Ulss1. Ora 20mila dosi sono ferme, sperando non ne arrivino altre dello stesso. A Regime l&#8217;obiettivo e&#8217; di 50mila persone al giorno da vaccinare con una forza di 1300 persone alle siringhe. Il Lotto \u00e8 stata consegnato a tutte le ulss <strong><span style=\"color: #0000ff;\">ECCETTO LA ULSS1 DOLOMITI E LA ULSS SCALIGERA <\/span><\/strong><strong>BONUS BABY SITTER<\/strong> Sono previsti 100 euro ben poca cosa, che si mettano d&#8217;impegno e facciano qualche cosa di meglio. <strong>GRANDE MOLTE DI RISORSE PER LE IMPRESE HA DETTO<\/strong> Si non c&#8217;\u00e8 altra via d&#8217;uscita. Spero che il Primo Ministro Draghi ci metta tutto il suo impegno cosi&#8217; come il Ministro Daniele Franco. La platea di aventi diritto dovr\u00e0 essere pi\u00f9 ampia delle precedenti. Le famiglie vanno aiutate. <strong>50% DI DEFEZIONI ALLE VACCINAZIONI<\/strong> Che almeno la gente chiami e ci informi. Sono defezioni diffuse un po&#8217; ovunque, succede da sabato. L&#8217;appuntamento va disdetto c&#8217;\u00e8 anche chi vuol farsi il vaccino. Adesso ci sono gli snob che non avvisano nemmeno. Sabato abbiamo rischiato di dover buttar via un migliaio di dosi, sono stati fatti miracoli andando a vaccinare gente fuori agenda.<\/p>\n<h2>ASSESSORE MANUELA LANZARIN<\/h2>\n<p>Stamane \u00e8 stato convocato il tavolo con\u00a0 le associazioni di categorie per effettuare le vaccinazioni all&#8217;interno delle aziende qualora ci fossero disponibili i vaccini.\u00a0 Ci sar\u00e0 una cabina di regia che verr\u00e0 convocata in settimana. Si dovrebbe iniziare da aprile.<\/p>\n<h2>DOTTORESSA SCROCCARO SUL PROTOCOLLO FARMACI<\/h2>\n<p>Nel caso in cui un medico voglia utilizzare l&#8217;idrossiclorochina fa firmare il consenso al paziente, questo per smentire\u00a0 che in Veneto non si possa usare questo farmaco come da voci ricorrenti. La met\u00e0 dei pazienti, quindi circa 150mila persone, sono stati trattati a domicilio dai medici di famiglia. Stanno per arrivare 245 dosi\u00a0 di anticorpi monoclonali ( da fine marzo ne dovrebbero arrivare altre) per altrettanti pazienti veneti da curare, \u00e8 sufficiente una dose. Sono 4mila su base nazionale le dosi disponibili.<\/p>\n<p>&nbsp;<\/p>\n<p>&nbsp;<\/p>\n<p><a href=\"https:\/\/www.facebook.com\/zaiaufficiale\/videos\/969047940296732\">https:\/\/www.facebook.com\/zaiaufficiale\/videos\/969047940296732<\/a><\/p>\n<p>&nbsp;<\/p>\n<a href=\"https:\/\/www.radiopiu.net\/wordpress\/wp-content\/uploads\/2021\/03\/Centri-di-Riferimento-per-la-prescrizione-e-somministrazione-dei-farmaci-anticorpi-monoclonali-COVID.pdf\" class=\"pdfemb-viewer\" style=\"\" data-width=\"max\" data-height=\"max\" data-toolbar=\"top\" data-toolbar-fixed=\"on\">Centri di Riferimento per la prescrizione e somministrazione dei farmaci anticorpi monoclonali COVID<\/a>\n<p>&nbsp;<\/p>\n<hr \/>\n<p>&nbsp;<\/p>\n<blockquote>\n<h3>SPOSTAMENTI NEI 30KM DA UN PICCOLO COMUNE, BUSSONE (UNCEM): &#8220;RIMOSSA LA POSSIBILITA&#8217; NELLE ULTIME FAQ. REVISIONE DEL PROVVEDIMENTO NECESSARIA&#8221;<\/h3>\n<\/blockquote>\n<p><strong><a href=\"https:\/\/www.radiopiu.net\/wordpress\/giornale-radiopiu-06-novembre-2020-direttore-mirko-mezzacasa\/logouncem_no_scritta-wdtr\/\" rel=\"attachment wp-att-170846\"><img loading=\"lazy\" decoding=\"async\" class=\"wp-image-170846 alignleft\" src=\"https:\/\/www.radiopiu.net\/wordpress\/wp-content\/uploads\/2020\/11\/logoUNCEM_no_scritta-wdtr-300x300.jpg\" alt=\"\" width=\"122\" height=\"122\" srcset=\"https:\/\/www.radiopiu.net\/wordpress\/wp-content\/uploads\/2020\/11\/logoUNCEM_no_scritta-wdtr-300x300.jpg 300w, https:\/\/www.radiopiu.net\/wordpress\/wp-content\/uploads\/2020\/11\/logoUNCEM_no_scritta-wdtr-150x150.jpg 150w, https:\/\/www.radiopiu.net\/wordpress\/wp-content\/uploads\/2020\/11\/logoUNCEM_no_scritta-wdtr.jpg 640w\" sizes=\"auto, (max-width: 122px) 100vw, 122px\" \/><\/a>ROMA<\/strong> Dalle ultime FAQ, ai sensi degli ultimi provvedimenti, \u00e8 sparita, nella sezione &#8220;spostamenti&#8221; per le &#8220;zone rosse&#8221;, la possibilit\u00e0 per chi vive in un piccolo Comune con meno di 5mila abitanti di spostarsi nel raggio di 30 chilometri. &#8220;<em>Riteniamo che questa modifica rispetto ai giorni scorsi vada rivista &#8211; spiega Marco Bussone, Presidente Uncem &#8211; Si permette di andare nelle seconde case e si limita chi deve spostarsi tra piccoli e piccolissimi Comuni, in una valle ad esempio. Chiedo al Viminale un chiarimento e una revisione della decisione. Servono regole e buonsenso, ma lo spostamento tra piccoli Comuni deve essere consentito sia in zona rossa, sia in zona arancione<\/em>&#8220;.<\/p>\n<p>&nbsp;<\/p>\n<p>&nbsp;<\/p>\n<hr \/>\n<p>&nbsp;<\/p>\n<blockquote>\n<h3>USCIRE DALLA CRISI, LA RICETTA DI PAGLINI<\/h3>\n<\/blockquote>\n<p><a href=\"https:\/\/www.radiopiu.net\/wordpress\/cisl-belluno-treviso-deleghe-collegate-per-la-nuova-squadra\/massimiliano-paglini-2020-min\/\" rel=\"attachment wp-att-175135\"><img loading=\"lazy\" decoding=\"async\" class=\"wp-image-175135 alignleft\" src=\"https:\/\/www.radiopiu.net\/wordpress\/wp-content\/uploads\/2020\/11\/Massimiliano-Paglini-2020-min-300x225.jpg\" alt=\"\" width=\"207\" height=\"155\" srcset=\"https:\/\/www.radiopiu.net\/wordpress\/wp-content\/uploads\/2020\/11\/Massimiliano-Paglini-2020-min-300x225.jpg 300w, https:\/\/www.radiopiu.net\/wordpress\/wp-content\/uploads\/2020\/11\/Massimiliano-Paglini-2020-min-1024x768.jpg 1024w, https:\/\/www.radiopiu.net\/wordpress\/wp-content\/uploads\/2020\/11\/Massimiliano-Paglini-2020-min-768x576.jpg 768w, https:\/\/www.radiopiu.net\/wordpress\/wp-content\/uploads\/2020\/11\/Massimiliano-Paglini-2020-min-1536x1152.jpg 1536w, https:\/\/www.radiopiu.net\/wordpress\/wp-content\/uploads\/2020\/11\/Massimiliano-Paglini-2020-min-2048x1536.jpg 2048w\" sizes=\"auto, (max-width: 207px) 100vw, 207px\" \/><\/a><\/p>\n<p><strong>BELLUNO<\/strong> Diversificazione, innovazione tecnologica e formazione. Sono queste per il segretario generale della Cisl Belluno Treviso Massimiliano Paglini le tre chiavi da cui ripartire per affrontare la crisi senza precedenti che sta colpendo il tessuto economico e l\u2019occupazione in provincia di Belluno.<br \/>\n<em>\u201cLa dinamica dell\u2019occupazionale \u00e8 sostanzialmente uniforme su tutto il territorio regionale &#8211; commenta Paglini-\u00a0 Belluno riteniamo che sia stato l\u2019evento straordinario dei Mondiali di Cortina di febbraio ad aver richiesto occupazione aggiuntiva temporanea \u2018falsando\u2019 il dato\u201d.<\/em><br \/>\nLa grave crisi\u00a0 ha colpito il turismo\u00a0 bloccato dalla pandemia e alcune vertenze &#8211; Acc, Ideal Standard e Safilo mettono a rischio un migliaio di posti di lavoro. Il 65% delle esportazioni\u00a0 \u00e8 legato all\u2019occhialeria e la debolezza di questo comparto rischia di trascinare gi\u00f9 l\u2019intera provincia. <em>&#8220;Da qui bisogna ripartire &#8211; dice Paglini-\u00a0 per recuperare competitivit\u00e0 \u00e8 necessario diversificare\u00a0 e al contempo mettere in campo percorsi virtuosi per la riqualificazione e la ricollocazione del personale&#8221;.\u00a0<\/em>Da qui prende le mosse la richiesta alle Istituzioni di convocare un tavolo per la progettazione di un nuovo modello di sviluppo con idee nuove, innovative e competitive che agganci il treno del Next Generation EU cos\u00ec da far rifiorire l\u2019intero territorio.<\/p>\n<p>&nbsp;<\/p>\n<hr \/>\n<p>&nbsp;<\/p>\n<blockquote>\n<h2>LAVORI DI SPONDA E SULLA BRIGLIA A MASARE&#8217;<\/h2>\n<\/blockquote>\n<div dir=\"auto\"><strong>ALLEGHE<\/strong> La Regione ha consegnato i lavori per la realizzazione di un tratto di spondae rifacimento della briglia sul torrente Cordevole \u00a0a le Foppe di\u00a0 Masar\u00e9. Lo scorso 11 febbraio il sopralluogo in cui \u00e8 stato accertato il collassamento della briglia in calcestruzzo e la conseguente aumentata pericolosit\u00e0 dovuta all&#8217;elevata pendenza del torrente in quel punto, che in assenza di tali opere sarebbe in grado di favorire fenomeni erosivi sia in corrispondenza delle sponde che sul fondo alveo <em>&#8220;Il nostro Genio Belluno &#8211; spiega l&#8217;assessore Gianpaolo Bottacin &#8211;\u00a0 ha\u00a0 avviato la consegna dei lavori che partiranno entro il mese di\u00a0 aprile, intervento da 1 milione di euro che, meteo permettendo, sar\u00e0 completato entro ottobre&#8221;<\/em><\/div>\n<div dir=\"auto\"><\/div>\n<div dir=\"auto\">\n\n\t\t\t<style type='text\/css'>\n\t\t\t\t#gallery-8 {\n\t\t\t\t\tmargin: auto;\n\t\t\t\t}\n\t\t\t\t#gallery-8 .gallery-item {\n\t\t\t\t\tfloat: left;\n\t\t\t\t\tmargin-top: 10px;\n\t\t\t\t\ttext-align: center;\n\t\t\t\t\twidth: 50%;\n\t\t\t\t}\n\t\t\t\t#gallery-8 img {\n\t\t\t\t\tborder: 2px solid #cfcfcf;\n\t\t\t\t}\n\t\t\t\t#gallery-8 .gallery-caption {\n\t\t\t\t\tmargin-left: 0;\n\t\t\t\t}\n\t\t\t\t\/* see gallery_shortcode() in wp-includes\/media.php *\/\n\t\t\t<\/style>\n\t\t<div id='gallery-8' class='dt-gallery-container gallery galleryid-197011 gallery-columns-2 gallery-size-thumbnail'><dl class='gallery-item'>\n\t\t\t\t<dt class='gallery-icon landscape'>\n\t\t\t\t\t<a class=\"rollover rollover-zoom dt-pswp-item\" title=\"160913159_10158056717067544_5943655624839930101_n\" data-dt-img-description=\"\" data-large_image_width=\"960\" data-large_image_height=\"631\"href='https:\/\/www.radiopiu.net\/wordpress\/wp-content\/uploads\/2021\/03\/160913159_10158056717067544_5943655624839930101_n.jpg'><img loading=\"lazy\" decoding=\"async\" width=\"150\" height=\"150\" src=\"https:\/\/www.radiopiu.net\/wordpress\/wp-content\/uploads\/2021\/03\/160913159_10158056717067544_5943655624839930101_n-150x150.jpg\" class=\"attachment-thumbnail size-thumbnail\" alt=\"\" \/><\/a>\n\t\t\t\t<\/dt><\/dl><dl class='gallery-item'>\n\t\t\t\t<dt class='gallery-icon landscape'>\n\t\t\t\t\t<a class=\"rollover rollover-zoom dt-pswp-item\" title=\"160757894_10158056716997544_7350931231528504361_n\" data-dt-img-description=\"\" data-large_image_width=\"960\" data-large_image_height=\"721\"href='https:\/\/www.radiopiu.net\/wordpress\/wp-content\/uploads\/2021\/03\/160757894_10158056716997544_7350931231528504361_n.jpg'><img loading=\"lazy\" decoding=\"async\" width=\"150\" height=\"150\" src=\"https:\/\/www.radiopiu.net\/wordpress\/wp-content\/uploads\/2021\/03\/160757894_10158056716997544_7350931231528504361_n-150x150.jpg\" class=\"attachment-thumbnail size-thumbnail\" alt=\"\" \/><\/a>\n\t\t\t\t<\/dt><\/dl><br style=\"clear: both\" \/><dl class='gallery-item'>\n\t\t\t\t<dt class='gallery-icon portrait'>\n\t\t\t\t\t<a class=\"rollover rollover-zoom dt-pswp-item\" title=\"160901983_10158056717167544_6105310910899809885_n\" data-dt-img-description=\"\" data-large_image_width=\"720\" data-large_image_height=\"960\"href='https:\/\/www.radiopiu.net\/wordpress\/wp-content\/uploads\/2021\/03\/160901983_10158056717167544_6105310910899809885_n.jpg'><img loading=\"lazy\" decoding=\"async\" width=\"150\" height=\"150\" src=\"https:\/\/www.radiopiu.net\/wordpress\/wp-content\/uploads\/2021\/03\/160901983_10158056717167544_6105310910899809885_n-150x150.jpg\" class=\"attachment-thumbnail size-thumbnail\" alt=\"\" \/><\/a>\n\t\t\t\t<\/dt><\/dl><dl class='gallery-item'>\n\t\t\t\t<dt class='gallery-icon landscape'>\n\t\t\t\t\t<a class=\"rollover rollover-zoom dt-pswp-item\" title=\"160765560_10158056716937544_1722208085127067782_n\" data-dt-img-description=\"\" data-large_image_width=\"960\" data-large_image_height=\"720\"href='https:\/\/www.radiopiu.net\/wordpress\/wp-content\/uploads\/2021\/03\/160765560_10158056716937544_1722208085127067782_n.jpg'><img loading=\"lazy\" decoding=\"async\" width=\"150\" height=\"150\" src=\"https:\/\/www.radiopiu.net\/wordpress\/wp-content\/uploads\/2021\/03\/160765560_10158056716937544_1722208085127067782_n-150x150.jpg\" class=\"attachment-thumbnail size-thumbnail\" alt=\"\" \/><\/a>\n\t\t\t\t<\/dt><\/dl><br style=\"clear: both\" \/>\n\t\t\t<\/div>\n\n<p>&nbsp;<\/p>\n<p>&nbsp;<\/p>\n<hr \/>\n<\/div>\n<p>&nbsp;<\/p>\n<div dir=\"auto\">\n<blockquote>\n<h3>VIA AI LAVORI ANCHE SUL PIAVE, PER LA SICUREZZA 6 MILIONI DI EURO<\/h3>\n<\/blockquote>\n<div dir=\"auto\"><strong>BELLUNO<\/strong> Riprendono gli imponenti lavori regionali sul Piave a Belluno, dove gi\u00e0 nel 2020 erano stati investiti oltre 2 milioni di euro \u201cQui i lavori, per i quali abbiamo messo a disposizione\u00a0 altri 3 milioni di euro \u2013 dettaglia l\u2019assessore al Dissesto Idrogeologico Gianpaolo Bottacin &#8211; e che sono curati dai nostri uffici regionali del Genio Civile, prevedono un sovralzo di 1,15 metri dell\u2019argine esistente in sponda destra del fiume Piave a valle della confluenza con il torrente Ardo, cosa che ci permetter\u00e0 di poter garantire il franco idraulico che risulta attualmente insufficiente dagli studi idrodinamici eseguiti dal professor D&#8217;Alpaos. Una volta terminato questo intervento (estate 2022), abbiamo in programma un&#8217;ultima opera che prevede la prosecuzione del sovralzo verso valle fino al Pontet. Un altro cantiere da un milione di euro&#8221;<\/div>\n<\/div>\n<div dir=\"auto\">\n\n\t\t\t<style type='text\/css'>\n\t\t\t\t#gallery-9 {\n\t\t\t\t\tmargin: auto;\n\t\t\t\t}\n\t\t\t\t#gallery-9 .gallery-item {\n\t\t\t\t\tfloat: left;\n\t\t\t\t\tmargin-top: 10px;\n\t\t\t\t\ttext-align: center;\n\t\t\t\t\twidth: 33%;\n\t\t\t\t}\n\t\t\t\t#gallery-9 img {\n\t\t\t\t\tborder: 2px solid #cfcfcf;\n\t\t\t\t}\n\t\t\t\t#gallery-9 .gallery-caption {\n\t\t\t\t\tmargin-left: 0;\n\t\t\t\t}\n\t\t\t\t\/* see gallery_shortcode() in wp-includes\/media.php *\/\n\t\t\t<\/style>\n\t\t<div id='gallery-9' class='dt-gallery-container gallery galleryid-197011 gallery-columns-3 gallery-size-thumbnail'><dl class='gallery-item'>\n\t\t\t\t<dt class='gallery-icon landscape'>\n\t\t\t\t\t<a class=\"rollover rollover-zoom dt-pswp-item\" title=\"160906091_10158057059517544_2714865838335865962_o\" data-dt-img-description=\"\" data-large_image_width=\"593\" data-large_image_height=\"395\"href='https:\/\/www.radiopiu.net\/wordpress\/wp-content\/uploads\/2021\/03\/160906091_10158057059517544_2714865838335865962_o.jpg'><img loading=\"lazy\" decoding=\"async\" width=\"150\" height=\"150\" src=\"https:\/\/www.radiopiu.net\/wordpress\/wp-content\/uploads\/2021\/03\/160906091_10158057059517544_2714865838335865962_o-150x150.jpg\" class=\"attachment-thumbnail size-thumbnail\" alt=\"\" \/><\/a>\n\t\t\t\t<\/dt><\/dl><dl class='gallery-item'>\n\t\t\t\t<dt class='gallery-icon landscape'>\n\t\t\t\t\t<a class=\"rollover rollover-zoom dt-pswp-item\" title=\"160947609_10158057048612544_861727279389295685_o\" data-dt-img-description=\"\" data-large_image_width=\"600\" data-large_image_height=\"450\"href='https:\/\/www.radiopiu.net\/wordpress\/wp-content\/uploads\/2021\/03\/160947609_10158057048612544_861727279389295685_o.jpg'><img loading=\"lazy\" decoding=\"async\" width=\"150\" height=\"150\" src=\"https:\/\/www.radiopiu.net\/wordpress\/wp-content\/uploads\/2021\/03\/160947609_10158057048612544_861727279389295685_o-150x150.jpg\" class=\"attachment-thumbnail size-thumbnail\" alt=\"\" \/><\/a>\n\t\t\t\t<\/dt><\/dl><dl class='gallery-item'>\n\t\t\t\t<dt class='gallery-icon landscape'>\n\t\t\t\t\t<a class=\"rollover rollover-zoom dt-pswp-item\" title=\"161319263_10158057041122544_19811736399635100_o\" data-dt-img-description=\"\" data-large_image_width=\"1187\" data-large_image_height=\"890\"href='https:\/\/www.radiopiu.net\/wordpress\/wp-content\/uploads\/2021\/03\/161319263_10158057041122544_19811736399635100_o.jpg'><img loading=\"lazy\" decoding=\"async\" width=\"150\" height=\"150\" src=\"https:\/\/www.radiopiu.net\/wordpress\/wp-content\/uploads\/2021\/03\/161319263_10158057041122544_19811736399635100_o-150x150.jpg\" class=\"attachment-thumbnail size-thumbnail\" alt=\"\" \/><\/a>\n\t\t\t\t<\/dt><\/dl><br style=\"clear: both\" \/>\n\t\t\t<\/div>\n\n<\/div>\n<div dir=\"auto\">\n<p>&nbsp;<\/p>\n<p>&nbsp;<\/p>\n<\/div>\n<p>&nbsp;<\/p>\n<hr \/>\n<blockquote>\n<h3 class=\"p1\"><span class=\"s1\">\u00a0<\/span><\/h3>\n<h3 class=\"p1\"><span class=\"s1\">RITARDI PESANTI NELL&#8217;EROGAZIONE DEL FONDO RISTORAZIONE . DE CARLO E OSNATO: \u201cPAGAMENTI ATTESI DA MESI E SCARICABARILE DEL GOVERNO&#8221;<\/span><\/h3>\n<\/blockquote>\n<p class=\"p1\"><span class=\"s1\"><strong><a href=\"https:\/\/www.radiopiu.net\/wordpress\/giornale-radiopiu-19-maggio-2020-direttore-mirko-mezzacasa\/luca-de-carlo-8\/\" rel=\"attachment wp-att-138787\"><img loading=\"lazy\" decoding=\"async\" class=\"size-full wp-image-138787 alignleft\" src=\"https:\/\/www.radiopiu.net\/wordpress\/wp-content\/uploads\/2020\/05\/Luca-De-Carlo.jpg\" alt=\"\" width=\"165\" height=\"228\" \/><\/a>ROMA <\/strong>\u201c<em>I pesanti ritardi nell&#8217;erogazione del Fondo Ristorazione istituito dal precedente governo sono l&#8217;ennesima presa in giro che devono subire i nostri imprenditori. Invece che cimentarsi nello scaricabarile, che si rivela poi un clamoroso autogol, il Governo si impegni a versare i contributi ai richiedenti e a utilizzare il resto del fondo per aiutare direttamente i produttori agricoli e alimentari italiani<\/em>\u201d: il senatore e responsabile del Dipartimento Agricoltura di Fratelli d&#8217;Italia Luca De Carlo presenta cos\u00ec l&#8217;interrogazione al Ministro delle Politiche Agricole, Alimentari e Forestali Stefano Patuanelli sul destino dei fondi a sostegno delle filiere agricole e alimentari italiane introdotti dal Decreto Agosto. <\/span><span class=\"s1\">\u201c<em>Gi\u00e0 all&#8217;epoca avevamo descritto il provvedimento come una vera e propria genialata: come altro definire un provvedimento che erogava a ristoranti, catering, alberghi e altre strutture contributi a fondo perduto per acquisti di prodotti alimentari italiani, mentre nello stesso momento lo stesso governo chiudeva le stesse attivit\u00e0?\u201d, si domanda De Carlo. \u201cNon \u00e8 un caso che ci siano state solo 46mila domande a livello nazionale, che impegnano 345 milioni di euro sui 600 complessivi del Fondo<\/em>\u201d.<\/span><\/p>\n<p>&nbsp;<\/p>\n<p>&nbsp;<\/p>\n<hr \/>\n<p>&nbsp;<\/p>\n<blockquote>\n<h3 class=\"p1\"><span class=\"s1\">MADE IN ITALY, BOND (FI): NIENTE FUTURISMI O INUTILI ALLARMISMI, MA IL SISTEMA PRODUTTIVO ITALIANO VA RAFFORZATO E DIFESO<\/span><\/h3>\n<\/blockquote>\n<p><strong><a href=\"https:\/\/www.radiopiu.net\/wordpress\/giornale-radiopiu-20-maggio-2020-direttore-mirko-mezzacasa\/dario-bond-11\/\" rel=\"attachment wp-att-138833\"><img loading=\"lazy\" decoding=\"async\" class=\"size-full wp-image-138833 alignleft\" src=\"https:\/\/www.radiopiu.net\/wordpress\/wp-content\/uploads\/2020\/05\/Dario-Bond.jpg\" alt=\"\" width=\"165\" height=\"228\" \/><\/a>ROMA <\/strong><span class=\"s1\">\u201c<em>Dal Governo politiche incisive per difendere e stimolare l\u2019indipendenza tecnologica dell\u2019Italia, occorre osare\u201d. <\/em>In una nota Dario Bond, deputato di Forza Italia, interviene sul tema del made in Italy, un sistema produttivo e imprenditoriale che la crisi pandemica, anche nei casi di aziende con patrimonio produttivo consolidato e portafoglio clienti consistente, rischia di indebolendo<em>. \u201cAutomotive, meccanica e made in Italy in generale fanno gola agli imprenditori esteri. Ce lo confermano anche gli scenari di previsione sul golden power (e cio\u00e8 i poteri speciali del governo sulle operazioni societarie nei settori strategici) dei quali tanto si parla in questi ultimi giorni. E\u2019 quadruplicato, dal 2019 ad oggi, il \u00a0numero di richieste di valutazione provenienti dall\u2019estero e finalizzate ad ottenere posizioni di controllo tecnologico ed economico delle aziende italiane. Ora \u2013 sottolinea il deputato azzurro &#8211; \u00e8 chiaro che il golden power si attiva solo quando i fatti avvengono, e qui oggi siamo solo alle previsioni. Senza fare tuttavia congetture, \u00e8 fondamentale che il nostro made in Italy non venga assediato<\/em>\u201d. \u201c<em>Occorre per questo definire subito priorit\u00e0 e soprattutto attivare maggiori incentivi e sistemi di sostegno affinch\u00e9 le aziende italiane si rafforzino \u2018in casa\u2019.\u00a0 L\u2019Italia sia solidale con\u00a0l\u2019estero, non ingenua<\/em>\u201d conclude Bond.<\/span><\/p>\n<p>&nbsp;<\/p>\n<p>&nbsp;<\/p>\n<p>&nbsp;<\/p>\n<p>&nbsp;<\/p>\n<hr \/>\n<p>&nbsp;<\/p>\n<blockquote>\n<h3>EDUCAZIONE CIVICA, LEGALITA&#8217;, STORIE DELLE MAFIE. INCONTRO CON GUIDO PAPALIA<\/h3>\n<\/blockquote>\n<p><strong><a href=\"https:\/\/www.radiopiu.net\/wordpress\/giornale-radiopiu-16-marzo-2021-direttore-mirko-mezzacasa\/unknown-5\/\" rel=\"attachment wp-att-197161\"><img loading=\"lazy\" decoding=\"async\" class=\"size-medium wp-image-197161 alignleft\" src=\"https:\/\/www.radiopiu.net\/wordpress\/wp-content\/uploads\/2021\/03\/Unknown-212x300.jpeg\" alt=\"\" width=\"212\" height=\"300\" srcset=\"https:\/\/www.radiopiu.net\/wordpress\/wp-content\/uploads\/2021\/03\/Unknown-212x300.jpeg 212w, https:\/\/www.radiopiu.net\/wordpress\/wp-content\/uploads\/2021\/03\/Unknown-724x1024.jpeg 724w, https:\/\/www.radiopiu.net\/wordpress\/wp-content\/uploads\/2021\/03\/Unknown-768x1086.jpeg 768w, https:\/\/www.radiopiu.net\/wordpress\/wp-content\/uploads\/2021\/03\/Unknown-1086x1536.jpeg 1086w, https:\/\/www.radiopiu.net\/wordpress\/wp-content\/uploads\/2021\/03\/Unknown-1448x2048.jpeg 1448w, https:\/\/www.radiopiu.net\/wordpress\/wp-content\/uploads\/2021\/03\/Unknown-scaled.jpeg 1810w\" sizes=\"auto, (max-width: 212px) 100vw, 212px\" \/><\/a>BELLUNO <\/strong>Si comunica che le Scuole in Rete per un Mondo di Solidariet\u00e0 e Pace organizzano per il sabato 20 marzo dalle 9, in contiguit\u00e0 con il 21 marzo, ricorrenza ufficiale della giornata della Memoria e dell&#8217;Impegno per le vittime delle mafie promossa da \u201cLibera, associazioni, nomi e numeri contro le mafie\u201d e divenuta giornata nazionale con la legge 20\/2017, un incontro tra gli studenti bellunesi e l&#8217;ex procuratore capo di Verona Guido Papalia dal titolo: Storia delle Mafie. Guido Papalia \u00e8 stato impegnato Caltanissetta, Reggio Calabria, Brescia e Verona in grandi e famose inchieste su terrorismo (Cesare Battisti, caso Dozier), tangentopoli, narcotraffico e mafia. Tra le pi\u00f9 famose\u00a0 quelle relative al rapimento del generale americano James Lee Dozier rapito dalle Brigate Rosse e liberato a Padova dopo tre mesi, l&#8217;arresto e la condanna per rapina di Cesare Battisti, le inchieste che smantellarono il narcotraffico a Verona, soprannominata allora la Bangkok d&#8217;Italia. Il procuratore tratter\u00e0 della storia della mafia, vecchia e nuova, della legalit\u00e0, delle regole, della scuola e della cultura, come antidoto alle mafie, nel solco del tema proposto quest&#8217;anno anche da libera, perch\u00e9, come disse\u00a0 Antonino Caponnetto, la mafia teme pi\u00f9 la scuola della giustizia.<\/p>\n<p>&nbsp;<\/p>\n<hr \/>\n<p>&nbsp;<\/p>\n<blockquote>\n<h2>\u201cCOLLE S. LUCIA VITA E COSTUME\u201d di RENATO BONA<\/h2>\n<\/blockquote>\n<p><strong>BELLUNO\u00a0<\/strong> Nel luglio del 1978 l\u2019Istituto bellunese di ricerche sociali e culturali dava alle stampe (tipografia Piave di Belluno, fotoliti colore di Eurocrom di Treviso), per la serie \u201cStoria\u201d, le trecento pagine del volume \u201cColle S. Lucia. Vita e costume\u201d curato da Vito Pallabazzer e Floriano Chizzali e dedicato \u201cagli emigranti di Colle Santa Lucia\u201d; in copertina un\u2019immagine con il Pelmo sullo sfondo (di Foto Riva Alleghe). Nella presentazione il glottologo Giovan Battista Pellegrini spiegava che \u201cL\u2019opera che ho il piacere di presentare, nata dalla collaborazione di due appassionati cultori di memorie locali (ma di vaste esperienze umane e scientifiche: l\u2019uno specialista di studi toponomastici, l\u2019altro esperto di agricoltura, foreste e di turismo) si configura come un eccellente contributo allo studio della storia e delle tradizioni e del costume di una minuscola comunit\u00e0 montana dolomitica\u201d. In realt\u00e0 \u2013 proseguiva \u2013 la ricerca rappresenta un modello di descrizione di un microcosmo alpino, ultimo lembo di terra soggetta all\u2019Austria asburgica fino al 1918, ma largamente aperto ad influssi veneti fin dal medioevo; essa offre ben di pi\u00f9 di un attestato di amore, di attaccamento al campanile o di conoscenze ambientali. E\u2019 poi precipuo merito degli autori di aver saputo utilizzare tutte le fonti storiche, geografiche, etnografiche, demologiche, linguistiche e toponomastiche che in qualche modo potessero avere riferimento al paese illustrato in tutti i suoi aspetti. Essi si sono avvalsi di bibliografia italiana e tedesca, ma in molte sezioni della loro accurata descrizione di usi e costumi o di avvenimenti recenti che hanno toccato il paese, hanno fatto ricorso all\u2019informazione dei locali o alla loro particolare esperienza\u201d. Ricordato che Colle Santa Lucia, come il pi\u00f9 vasto comune di Livinallongo di cui \u00e8 un\u2019appendice, \u00e8 geograficamente valle del Cordevole, mentre per lunghi secoli ha continuato ad essere legato ad enti politici ed ecclesiastici tedeschi con una demarcazione confinaria, nei confronti del Veneto, veramente assurda e impercettibile, conseguenza di vicende storiche che ci riportano ai primi insediamenti dell\u2019uomo nelle valli dolomitiche \u201catesine\u201d, al travalicamento dei passi alpini e all\u2019arroccamento dei primi coloni in posizioni di pi\u00f9 comoda difesa per chi proveniva dal Nord: una delle tante prove che, pel passato l\u2019unit\u00e0 geografica non corrispondeva a circoscrizione amministrativa, Pellegrini aggiunge che: \u201cIl nome di Colle e del Livinallongo era legato pel passato soprattutto al Castello di Andraz e alla miniera del Fursil che per tanti secoli (dal 1177 al 1753) ha fornito materiali ferrosi ai vari forni fusori dell\u2019alto Bellunese, venendo a costituire tale attivit\u00e0 mineraria, un aspetto fondamentale dell\u2019economia dell\u2019Agordino (e dello Zoldano) gi\u00e0 ricco di altri filoni minerari, di \u2018buse\u2019, a lungo sfruttati\u201d. Un altro passaggio sempre dalla presentazione: \u201cPur inclusa per secoli in una circoscrizione amministrativa appartenente a signorie feudali, politiche ed ecclesiatiche tirolesi, Colle di S. Lucia ha risentito dell\u2019influsso cadorino attraverso il contiguo comune di Selva di Cadore donde \u00e8 penetrato l\u2019ordinamento pi\u00f9 liberale delle Regole, sia pure in forma promiscua con le vicinie e con consuetudini germaniche che non autorizzarono il collettivismo dei boschi e ls spartizione della propriet\u00e0 privata. Solo da alcuni decenni l\u2019anomalia geografica \u00e8 stata rettificata concedendo a Belluno ci\u00f2 che la natura le aveva assegnato secondo confini meno illogici\u201d. Sottolineava quindi, il glottologo, che la monografia di Pallabazzer-Chizzali indaga tutti gli aspetti dell\u2019ambiente geografico, del paesaggio con cenni storici anche alle calamit\u00e0 naturali cui fu sottoposto nel corso dei secoli il piccolo paese; ne esamina la flora, la fauna per le quali \u00e8 di grande giovamento anche lo studio dei nomi locali ove sono contenuti evidenti menzioni di piante ormai rare o di lupi, orsi ecc. (la cui presenza non era ancora tanto rara nel secolo passato). D\u2019interesse anche naturalistico \u00e8 la descrizione che dette del Livinallongo ai primi del 1600 Marx Sittich von Wolkenstein riportata dagli Autori nel testo tirolese originario e in traduzione. L\u2019ottima conoscenza dei problemi toponomastici e botanici del Pallabazzer (autore di tre volumi in codesto settore degli studi linguistici) e del Chizzali, ha consentito agli autori di trarre profitto per vari capitoli d\u2019interesse storico o di storia delle culture agrarie o di rilevanza demologica (si pensi ai rimedi nella medicina popolare). Ma grande attenzione \u00e8 stata riservata a problemi antropogeografici con la relativa descrizione della casa antica, dei fienili tradizionali che si accordano, ma pi\u00f9 spesso divergono per l\u2019ovvio influsso tirolese, da quelli agordini. Concludeva affermando che: \u201clo spazio pi\u00f9 ampio del volume \u00e8 stato destinato ad un rilevamento ed esposizione delle tradizioni popolari, del costume in generale e delle usanze calendariali, dalla nascita alla morte, ai proverbi, alle superstizioni ecc. che avevano gi\u00e0 attirato l\u2019attenzione di una benemerita insegnante locale, Luigia Lez\u00f9o, ai cui appunti gli autori hanno giustamente attinto in pi\u00f9 parti\u2026\u201d. E sottolineando che \u201cSe l\u2019opera ha in prima linea lo scopo di evocare la storia e le consuetudini di una piccola comunit\u00e0 dolomitica, in realt\u00e0 essa \u00e8 soltanto apparentemente d\u2019interesse unicamente locale poich\u00e9 tutti gli studiosi del mondo alpino in generale potranno ricavarne dalla lettura molti insegnamenti e di varia natura; ad essa potr\u00e0 attingere con profitto tanto l\u2019etnografo quanto il linguista. I dati raccolti sono infatti ben vagliati e sicuri, tanto che accanto all\u2019impegno affettivo verso la propria piccola patria, gli autori hanno reso anche un valido servigio alla scienza\u201d. Resta da dire, dopo cotanta efficacissima illustrazione di Pellegrini, che il libro della coppia Pallabazzer-Chizzali (sul quale sar\u00e0 piacevolmente inevitabile ritornare) si articola nei seguenti capitoli: \u201cL\u2019ambiente geografico\u201d, \u201cColle s. Lucia attraverso il tempo\u201d, \u201cDocumenti storici\u201d, \u201cI \u2018segni\u2019 di casa\u201d, \u201cCasati e cognomi\u201d, \u201cLe attivit\u00e0 economiche\u201d, \u201cTradizioni e costumanze\u201d, \u201cProverbi e modi di dire\u201d, \u201cQuale futuro? &#8211; \u201cLa \u2018cianzon de chi da Col\u2019 di Luigi Lezuo\u201d.<\/p>\n\n\t\t\t<style type='text\/css'>\n\t\t\t\t#gallery-10 {\n\t\t\t\t\tmargin: auto;\n\t\t\t\t}\n\t\t\t\t#gallery-10 .gallery-item {\n\t\t\t\t\tfloat: left;\n\t\t\t\t\tmargin-top: 10px;\n\t\t\t\t\ttext-align: center;\n\t\t\t\t\twidth: 14%;\n\t\t\t\t}\n\t\t\t\t#gallery-10 img {\n\t\t\t\t\tborder: 2px solid #cfcfcf;\n\t\t\t\t}\n\t\t\t\t#gallery-10 .gallery-caption {\n\t\t\t\t\tmargin-left: 0;\n\t\t\t\t}\n\t\t\t\t\/* see gallery_shortcode() in wp-includes\/media.php *\/\n\t\t\t<\/style>\n\t\t<div id='gallery-10' class='dt-gallery-container gallery galleryid-197011 gallery-columns-7 gallery-size-thumbnail'><dl class='gallery-item'>\n\t\t\t\t<dt class='gallery-icon landscape'>\n\t\t\t\t\t<a class=\"rollover rollover-zoom dt-pswp-item\" title=\"161713068_1265619683834718_7466947750651994784_n\" data-dt-img-description=\"\" data-large_image_width=\"206\" data-large_image_height=\"200\"href='https:\/\/www.radiopiu.net\/wordpress\/wp-content\/uploads\/2021\/03\/161713068_1265619683834718_7466947750651994784_n.jpg'><img loading=\"lazy\" decoding=\"async\" width=\"150\" height=\"150\" src=\"https:\/\/www.radiopiu.net\/wordpress\/wp-content\/uploads\/2021\/03\/161713068_1265619683834718_7466947750651994784_n-150x150.jpg\" class=\"attachment-thumbnail size-thumbnail\" alt=\"\" \/><\/a>\n\t\t\t\t<\/dt><\/dl><dl class='gallery-item'>\n\t\t\t\t<dt class='gallery-icon portrait'>\n\t\t\t\t\t<a class=\"rollover rollover-zoom dt-pswp-item\" title=\"161000658_268172371500379_386344095350938509_n\" data-dt-img-description=\"\" data-large_image_width=\"152\" data-large_image_height=\"260\"href='https:\/\/www.radiopiu.net\/wordpress\/wp-content\/uploads\/2021\/03\/161000658_268172371500379_386344095350938509_n.jpg'><img loading=\"lazy\" decoding=\"async\" width=\"150\" height=\"150\" src=\"https:\/\/www.radiopiu.net\/wordpress\/wp-content\/uploads\/2021\/03\/161000658_268172371500379_386344095350938509_n-150x150.jpg\" class=\"attachment-thumbnail size-thumbnail\" alt=\"\" \/><\/a>\n\t\t\t\t<\/dt><\/dl><dl class='gallery-item'>\n\t\t\t\t<dt class='gallery-icon landscape'>\n\t\t\t\t\t<a class=\"rollover rollover-zoom dt-pswp-item\" title=\"161019485_2893110380977356_7205230102586136745_n\" data-dt-img-description=\"\" data-large_image_width=\"218\" data-large_image_height=\"206\"href='https:\/\/www.radiopiu.net\/wordpress\/wp-content\/uploads\/2021\/03\/161019485_2893110380977356_7205230102586136745_n.jpg'><img loading=\"lazy\" decoding=\"async\" width=\"150\" height=\"150\" src=\"https:\/\/www.radiopiu.net\/wordpress\/wp-content\/uploads\/2021\/03\/161019485_2893110380977356_7205230102586136745_n-150x150.jpg\" class=\"attachment-thumbnail size-thumbnail\" alt=\"\" \/><\/a>\n\t\t\t\t<\/dt><\/dl><dl class='gallery-item'>\n\t\t\t\t<dt class='gallery-icon portrait'>\n\t\t\t\t\t<a class=\"rollover rollover-zoom dt-pswp-item\" title=\"161503581_299966928216279_7341318937306908359_n\" data-dt-img-description=\"\" data-large_image_width=\"197\" data-large_image_height=\"206\"href='https:\/\/www.radiopiu.net\/wordpress\/wp-content\/uploads\/2021\/03\/161503581_299966928216279_7341318937306908359_n.jpg'><img loading=\"lazy\" decoding=\"async\" width=\"150\" height=\"150\" src=\"https:\/\/www.radiopiu.net\/wordpress\/wp-content\/uploads\/2021\/03\/161503581_299966928216279_7341318937306908359_n-150x150.jpg\" class=\"attachment-thumbnail size-thumbnail\" alt=\"\" \/><\/a>\n\t\t\t\t<\/dt><\/dl><dl class='gallery-item'>\n\t\t\t\t<dt class='gallery-icon portrait'>\n\t\t\t\t\t<a class=\"rollover rollover-zoom dt-pswp-item\" title=\"160904747_3579875188903663_1689828033404460813_n\" data-dt-img-description=\"\" data-large_image_width=\"160\" data-large_image_height=\"199\"href='https:\/\/www.radiopiu.net\/wordpress\/wp-content\/uploads\/2021\/03\/160904747_3579875188903663_1689828033404460813_n.jpg'><img loading=\"lazy\" decoding=\"async\" width=\"150\" height=\"150\" src=\"https:\/\/www.radiopiu.net\/wordpress\/wp-content\/uploads\/2021\/03\/160904747_3579875188903663_1689828033404460813_n-150x150.jpg\" class=\"attachment-thumbnail size-thumbnail\" alt=\"\" \/><\/a>\n\t\t\t\t<\/dt><\/dl><dl class='gallery-item'>\n\t\t\t\t<dt class='gallery-icon portrait'>\n\t\t\t\t\t<a class=\"rollover rollover-zoom dt-pswp-item\" title=\"161371317_3833727443380219_1831473005432017003_n\" data-dt-img-description=\"\" data-large_image_width=\"156\" data-large_image_height=\"225\"href='https:\/\/www.radiopiu.net\/wordpress\/wp-content\/uploads\/2021\/03\/161371317_3833727443380219_1831473005432017003_n.jpg'><img loading=\"lazy\" decoding=\"async\" width=\"150\" height=\"150\" src=\"https:\/\/www.radiopiu.net\/wordpress\/wp-content\/uploads\/2021\/03\/161371317_3833727443380219_1831473005432017003_n-150x150.jpg\" class=\"attachment-thumbnail size-thumbnail\" alt=\"\" \/><\/a>\n\t\t\t\t<\/dt><\/dl><dl class='gallery-item'>\n\t\t\t\t<dt class='gallery-icon portrait'>\n\t\t\t\t\t<a class=\"rollover rollover-zoom dt-pswp-item\" title=\"161106609_444951086723709_4122978924517907358_n\" data-dt-img-description=\"\" data-large_image_width=\"203\" data-large_image_height=\"206\"href='https:\/\/www.radiopiu.net\/wordpress\/wp-content\/uploads\/2021\/03\/161106609_444951086723709_4122978924517907358_n.jpg'><img loading=\"lazy\" decoding=\"async\" width=\"150\" height=\"150\" src=\"https:\/\/www.radiopiu.net\/wordpress\/wp-content\/uploads\/2021\/03\/161106609_444951086723709_4122978924517907358_n-150x150.jpg\" class=\"attachment-thumbnail size-thumbnail\" alt=\"\" \/><\/a>\n\t\t\t\t<\/dt><\/dl><br style=\"clear: both\" \/><dl class='gallery-item'>\n\t\t\t\t<dt class='gallery-icon landscape'>\n\t\t\t\t\t<a class=\"rollover rollover-zoom dt-pswp-item\" title=\"160997779_491881895304613_7275326577365054796_n\" data-dt-img-description=\"\" data-large_image_width=\"320\" data-large_image_height=\"202\"href='https:\/\/www.radiopiu.net\/wordpress\/wp-content\/uploads\/2021\/03\/160997779_491881895304613_7275326577365054796_n.jpg'><img loading=\"lazy\" decoding=\"async\" width=\"150\" height=\"150\" src=\"https:\/\/www.radiopiu.net\/wordpress\/wp-content\/uploads\/2021\/03\/160997779_491881895304613_7275326577365054796_n-150x150.jpg\" class=\"attachment-thumbnail size-thumbnail\" alt=\"\" \/><\/a>\n\t\t\t\t<\/dt><\/dl><dl class='gallery-item'>\n\t\t\t\t<dt class='gallery-icon portrait'>\n\t\t\t\t\t<a class=\"rollover rollover-zoom dt-pswp-item\" title=\"160765441_506072357233265_1109318078669325979_n\" data-dt-img-description=\"\" data-large_image_width=\"151\" data-large_image_height=\"260\"href='https:\/\/www.radiopiu.net\/wordpress\/wp-content\/uploads\/2021\/03\/160765441_506072357233265_1109318078669325979_n.jpg'><img loading=\"lazy\" decoding=\"async\" width=\"150\" height=\"150\" src=\"https:\/\/www.radiopiu.net\/wordpress\/wp-content\/uploads\/2021\/03\/160765441_506072357233265_1109318078669325979_n-150x150.jpg\" class=\"attachment-thumbnail size-thumbnail\" alt=\"\" \/><\/a>\n\t\t\t\t<\/dt><\/dl><dl class='gallery-item'>\n\t\t\t\t<dt class='gallery-icon portrait'>\n\t\t\t\t\t<a class=\"rollover rollover-zoom dt-pswp-item\" title=\"161267650_506552803665249_3015635670360232684_n\" data-dt-img-description=\"\" data-large_image_width=\"152\" data-large_image_height=\"225\"href='https:\/\/www.radiopiu.net\/wordpress\/wp-content\/uploads\/2021\/03\/161267650_506552803665249_3015635670360232684_n.jpg'><img loading=\"lazy\" decoding=\"async\" width=\"150\" height=\"150\" src=\"https:\/\/www.radiopiu.net\/wordpress\/wp-content\/uploads\/2021\/03\/161267650_506552803665249_3015635670360232684_n-150x150.jpg\" class=\"attachment-thumbnail size-thumbnail\" alt=\"\" \/><\/a>\n\t\t\t\t<\/dt><\/dl><dl class='gallery-item'>\n\t\t\t\t<dt class='gallery-icon landscape'>\n\t\t\t\t\t<a class=\"rollover rollover-zoom dt-pswp-item\" title=\"161237962_714960025841148_4411981197738243772_n\" data-dt-img-description=\"\" data-large_image_width=\"318\" data-large_image_height=\"206\"href='https:\/\/www.radiopiu.net\/wordpress\/wp-content\/uploads\/2021\/03\/161237962_714960025841148_4411981197738243772_n.jpg'><img loading=\"lazy\" decoding=\"async\" width=\"150\" height=\"150\" src=\"https:\/\/www.radiopiu.net\/wordpress\/wp-content\/uploads\/2021\/03\/161237962_714960025841148_4411981197738243772_n-150x150.jpg\" class=\"attachment-thumbnail size-thumbnail\" alt=\"\" \/><\/a>\n\t\t\t\t<\/dt><\/dl><dl class='gallery-item'>\n\t\t\t\t<dt class='gallery-icon landscape'>\n\t\t\t\t\t<a class=\"rollover rollover-zoom dt-pswp-item\" title=\"161458163_733595377547445_671904960635148261_n\" data-dt-img-description=\"\" data-large_image_width=\"296\" data-large_image_height=\"200\"href='https:\/\/www.radiopiu.net\/wordpress\/wp-content\/uploads\/2021\/03\/161458163_733595377547445_671904960635148261_n.jpg'><img loading=\"lazy\" decoding=\"async\" width=\"150\" height=\"150\" src=\"https:\/\/www.radiopiu.net\/wordpress\/wp-content\/uploads\/2021\/03\/161458163_733595377547445_671904960635148261_n-150x150.jpg\" class=\"attachment-thumbnail size-thumbnail\" alt=\"\" \/><\/a>\n\t\t\t\t<\/dt><\/dl><dl class='gallery-item'>\n\t\t\t\t<dt class='gallery-icon landscape'>\n\t\t\t\t\t<a class=\"rollover rollover-zoom dt-pswp-item\" title=\"160800155_826329774894591_6367180245787150476_n\" data-dt-img-description=\"\" data-large_image_width=\"206\" data-large_image_height=\"200\"href='https:\/\/www.radiopiu.net\/wordpress\/wp-content\/uploads\/2021\/03\/160800155_826329774894591_6367180245787150476_n.jpg'><img loading=\"lazy\" decoding=\"async\" width=\"150\" height=\"150\" src=\"https:\/\/www.radiopiu.net\/wordpress\/wp-content\/uploads\/2021\/03\/160800155_826329774894591_6367180245787150476_n-150x150.jpg\" class=\"attachment-thumbnail size-thumbnail\" alt=\"\" \/><\/a>\n\t\t\t\t<\/dt><\/dl>\n\t\t\t\t<br style='clear: both' \/>\n\t\t\t<\/div>\n\n<p>NELLE FOTO (riproduzioni dal libro \u201cColle S. Lucia. Vita e costume\u201d, sito lauscdi ladins, wikipedia): la copertina del prezioso volume; uno degli autori, Vito Pallabazzer; il glottologo G.B. Pellegrini che ha curato la presentazione; fienile in localit\u00e0 Villagrande (foto G. Bagnariol); faggeta a Posalz con esemplari fino alla quota 1700 (Bagnariol); affresco nella casa di Guido Codalunga a Rucav\u00e0 (foto G. Codalunga); stemma della famiglia Conti Piazza (foto R. Pallua); stemma dei nobili Chizzali-Bonfadini; gruppo folkloristico che rappresenta la partenza per la fienagione in alta montagna; l\u2019Averau con il Nuvolau e la Gusela (foto Riva, Alleghe); pianta plurisecolare di larice in localit\u00e0 La Fraina, circonferenza del tronco 5 metri all\u2019altezza del petto (foto R. Pallua); impianto di risalita a Passo Giau (Riva); seggiovia da Feder a Forcella Nuvolau (Riva)<\/p>\n<p>&nbsp;<\/p>\n<p>&nbsp;<\/p>\n<hr \/>\n<p>&nbsp;<\/p>\n<blockquote>\n<h2><a href=\"https:\/\/www.radiopiu.net\/wordpress\/giornale-radiopiu-16-marzo-2021-direttore-mirko-mezzacasa\/arto-fantasma-cover\/\" rel=\"attachment wp-att-197291\"><img loading=\"lazy\" decoding=\"async\" class=\"wp-image-197291 alignleft\" src=\"https:\/\/www.radiopiu.net\/wordpress\/wp-content\/uploads\/2021\/03\/arto-fantasma-cover-212x300.jpg\" alt=\"\" width=\"148\" height=\"209\" srcset=\"https:\/\/www.radiopiu.net\/wordpress\/wp-content\/uploads\/2021\/03\/arto-fantasma-cover-212x300.jpg 212w, https:\/\/www.radiopiu.net\/wordpress\/wp-content\/uploads\/2021\/03\/arto-fantasma-cover.jpg 494w\" sizes=\"auto, (max-width: 148px) 100vw, 148px\" \/><\/a>IL LIBRO DI MORENO PESCE<\/h2>\n<\/blockquote>\n<p><strong>2021, \u00a9Michael Edizioni \u2013 Pagine: 224 \u2013 ISBN 978-88-96913-75-8<\/strong><\/p>\n<p>La volont\u00e0, la forza e la tenacia sono mezzi per raggiungere gli obiettivi, le mete prefissate.<br \/>\nNemmeno l\u2019amputazione di una gamba riesce a fermare l\u2019autore che, giorno dopo giorno, si cimenta in percorsi, trails, Vertical, gare anche estenuanti e faticose al limite delle possibilit\u00e0. Vuole vivere ogni istante al meglio, godere del silenzio intimo della montagna, respirare il profumo della \u201cquota\u201d. Ogni sua impresa significa Vita, nutrimento per il corpo e per il suo essere, sentirsi partecipe, condividere.<\/p>\n<p><strong>MORENO A RADIO PIU\u00a0<\/strong><\/p>\n<audio class=\"wp-audio-shortcode\" id=\"audio-197011-8\" preload=\"none\" style=\"width: 100%;\" controls=\"controls\"><source type=\"audio\/mpeg\" src=\"https:\/\/www.radiopiu.net\/wordpress\/wp-content\/uploads\/2021\/03\/moreno-fish-1.mp3?_=8\" \/><a href=\"https:\/\/www.radiopiu.net\/wordpress\/wp-content\/uploads\/2021\/03\/moreno-fish-1.mp3\">https:\/\/www.radiopiu.net\/wordpress\/wp-content\/uploads\/2021\/03\/moreno-fish-1.mp3<\/a><\/audio>\n<p>&nbsp;<\/p>\n<p><strong>6 AGOSTO 2020, ARCHIVIO RADIO PIU, Moreno Pesce \u00e8 salito &#8220;al Cor&#8221; con Antonello Cibien<\/strong><\/p>\n<p><a class=\"dt-pswp-item\" href=\"https:\/\/www.radiopiu.net\/wordpress\/wp-content\/uploads\/2020\/08\/WhatsApp-Image-2020-08-06-at-16.58.52.jpeg\" data-dt-img-description=\"\" data-large_image_width=\"2016\" data-large_image_height=\"1134\"><img loading=\"lazy\" decoding=\"async\" class=\"size-medium wp-image-153694 alignleft\" src=\"https:\/\/www.radiopiu.net\/wordpress\/wp-content\/uploads\/2020\/08\/WhatsApp-Image-2020-08-06-at-16.58.52-300x169.jpeg\" alt=\"\" width=\"300\" height=\"169\" srcset=\"https:\/\/www.radiopiu.net\/wordpress\/wp-content\/uploads\/2020\/08\/WhatsApp-Image-2020-08-06-at-16.58.52-300x169.jpeg 300w, https:\/\/www.radiopiu.net\/wordpress\/wp-content\/uploads\/2020\/08\/WhatsApp-Image-2020-08-06-at-16.58.52-1024x576.jpeg 1024w, https:\/\/www.radiopiu.net\/wordpress\/wp-content\/uploads\/2020\/08\/WhatsApp-Image-2020-08-06-at-16.58.52-768x432.jpeg 768w, https:\/\/www.radiopiu.net\/wordpress\/wp-content\/uploads\/2020\/08\/WhatsApp-Image-2020-08-06-at-16.58.52-1536x864.jpeg 1536w, https:\/\/www.radiopiu.net\/wordpress\/wp-content\/uploads\/2020\/08\/WhatsApp-Image-2020-08-06-at-16.58.52.jpeg 2016w\" sizes=\"auto, (max-width: 300px) 100vw, 300px\" \/><\/a><strong>TAIBON<\/strong> Moreno Pesce 42 anni, di Noale residente ad Auronzo di Cadore, \u00e8&#8217; un atleta, uno sportivo, che ha trovato la forza, dopo un grave incidente in moto, di rialzarsi e compiere imprese di tutto rispetto anche senza l&#8217;arto sinistro. La sua protesi in titanio e carbonio unita alla sua volont\u00e0 e passione gli hanno permesso, nel tempo, di diventare famoso e apprezzatissimo nel mondo del trail e del vertical race, sport non certo semplici, e faticosi, sport in cui ci vuole tenacia, quella che ha da vendere.<\/p>\n<blockquote><p><strong>Oggi Moreno \u00e8 arrivato sul Cor accompagnato dall&#8217;amico Antonello Cibien, ascoltiamo le sue parole e il suo entusiasmo<\/strong><\/p><\/blockquote>\n<audio class=\"wp-audio-shortcode\" id=\"audio-197011-9\" preload=\"none\" style=\"width: 100%;\" controls=\"controls\"><source type=\"audio\/ogg\" src=\"https:\/\/www.radiopiu.net\/wordpress\/wp-content\/uploads\/2020\/08\/WhatsApp-Audio-2020-08-06-at-16.58.52.ogg?_=9\" \/><a href=\"https:\/\/www.radiopiu.net\/wordpress\/wp-content\/uploads\/2020\/08\/WhatsApp-Audio-2020-08-06-at-16.58.52.ogg\">https:\/\/www.radiopiu.net\/wordpress\/wp-content\/uploads\/2020\/08\/WhatsApp-Audio-2020-08-06-at-16.58.52.ogg<\/a><\/audio>\n<p>&nbsp;<\/p>\n<p>&nbsp;<\/p>\n<hr \/>\n<blockquote>\n<h3><\/h3>\n<h3>LAVORI DI ASFALTATURA IN VIA NASSA A FELTRE<\/h3>\n<\/blockquote>\n<p><strong>FELTRE <\/strong>Da oggi e fino al 2 aprile lavori in corso in via Nassa a Feltre dove sono previsti degli interventi straordinari di asfaltatura. Dalle 8 alle 18 sar\u00e0 vietato il transito a tutti i veicoli, cicli e motocicli. Il passaggio sar\u00e0 consentito solo ed esclusivamente ai residenti nei tratti non soggetti ai lavori. Sar\u00e0 garantito il transito pedonale in sicurezza.<\/p>\n<p>&nbsp;<\/p>\n<p>&nbsp;<\/p>\n<hr \/>\n<p>&nbsp;<\/p>\n<blockquote>\n<h3>IL DUP IN CONSIGLIO COMUNALE<\/h3>\n<\/blockquote>\n<p><strong>TAIBON<\/strong> Venerdi alle 18 si terr\u00e0 il consiglio comunale in modalit\u00e0 telematica. All&#8217;ordine del giorno: approvazione bilancio di previsione 2021, approvazione bilancio previsionale e relazione di bilancio della Azienda Speciale Consortile Agordina, servizio associato tributi convenzione con l&#8217;Unione Montana; Approvazione del Documento Unico di Programmazione (diretta canali RADIO PIU facebook, youtube, telegram)<\/p>\n<p><strong>DI GIANNI SANTOMASO<\/strong><\/p>\n<audio class=\"wp-audio-shortcode\" id=\"audio-197011-10\" preload=\"none\" style=\"width: 100%;\" controls=\"controls\"><source type=\"audio\/mpeg\" src=\"https:\/\/www.radiopiu.net\/wordpress\/wp-content\/uploads\/2021\/03\/GIANNI-CONSIGLIO-TAIBON.mp3?_=10\" \/><a href=\"https:\/\/www.radiopiu.net\/wordpress\/wp-content\/uploads\/2021\/03\/GIANNI-CONSIGLIO-TAIBON.mp3\">https:\/\/www.radiopiu.net\/wordpress\/wp-content\/uploads\/2021\/03\/GIANNI-CONSIGLIO-TAIBON.mp3<\/a><\/audio>\n<p>&nbsp;<\/p>\n<hr \/>\n<p>&nbsp;<\/p>\n<blockquote>\n<h3>OGGI ALLE 12 IN PROVINCIA&#8230; LA CORALE DI LIMANA PRESENTA L&#8217;INIZIATIVA SOLIDALE PASQUALE&#8230;..un uovo di squisito cioccolato con sorpresa, una pennetta usb con 15 cante dei nostri cori della provincia, parte del ricavato verr\u00e0 devoluto alla scuola primaria di Trichiana-Cavassico-Asilo di Tambre<\/h3>\n<div dir=\"auto\"><a class=\"dt-pswp-item\" href=\"https:\/\/www.radiopiu.net\/wordpress\/wp-content\/uploads\/2021\/03\/160562938_256658426099002_1669353430576900927_o.jpg\" data-dt-img-description=\"\" data-large_image_width=\"526\" data-large_image_height=\"916\"><img loading=\"lazy\" decoding=\"async\" class=\"wp-image-197080 alignleft\" src=\"https:\/\/www.radiopiu.net\/wordpress\/wp-content\/uploads\/2021\/03\/160562938_256658426099002_1669353430576900927_o-172x300.jpg\" alt=\"\" width=\"106\" height=\"185\" srcset=\"https:\/\/www.radiopiu.net\/wordpress\/wp-content\/uploads\/2021\/03\/160562938_256658426099002_1669353430576900927_o-172x300.jpg 172w, https:\/\/www.radiopiu.net\/wordpress\/wp-content\/uploads\/2021\/03\/160562938_256658426099002_1669353430576900927_o.jpg 526w\" sizes=\"auto, (max-width: 106px) 100vw, 106px\" \/><\/a>A RADIO PIU&#8217; E&#8217; ARRIVATO CON IL Coro Agordo l&#8217;uovo di Pasqua 2021, bigusto dei cori bellunesi&#8230; e all&#8217;interno i canti del Coro Arcobaleno&#8230;. pagina facebook Corale di Limana telefono 348 8834610 per informazioni, per prenotarlo. &#8230;. RINASCERE IN MUSICA<\/div>\n<div dir=\"auto\"><\/div>\n<div dir=\"auto\"><\/div>\n<div dir=\"auto\"><\/div>\n<div dir=\"auto\"><\/div>\n<div dir=\"auto\"><\/div>\n<\/blockquote>\n<div dir=\"auto\">\n<div style=\"width: 640px;\" class=\"wp-video\"><video class=\"wp-video-shortcode\" id=\"video-197011-2\" width=\"640\" height=\"352\" preload=\"metadata\" controls=\"controls\"><source type=\"video\/mp4\" src=\"https:\/\/www.radiopiu.net\/wordpress\/wp-content\/uploads\/2021\/03\/silia-baldo.mp4?_=2\" \/><a href=\"https:\/\/www.radiopiu.net\/wordpress\/wp-content\/uploads\/2021\/03\/silia-baldo.mp4\">https:\/\/www.radiopiu.net\/wordpress\/wp-content\/uploads\/2021\/03\/silia-baldo.mp4<\/a><\/video><\/div>\n<\/div>\n<div dir=\"auto\"><\/div>\n<h3><\/h3>\n<p>&nbsp;<\/p>\n<hr \/>\n<blockquote>\n<h3><\/h3>\n<h3>SERSA CERCA INFERMIERI<\/h3>\n<\/blockquote>\n<p><strong>BELLUNO<\/strong>\u00a0 Ser.S.A. Srl avvia una selezione pubblica per la predisposizione di una graduatoria di idoneit\u00e0 per<br \/>\nl\u2019assunzione di personale con titolo di Infermiere con contratto a tempo indeterminato e determinato. La domanda va presentata \u00a0direttamente presso gli Uffici Amministrativi di SerSa Srl, in via Andrea Alpago a Belluno telefono\u00a0 0437\/273511; \u00a0tramite PEC (posta elettronica certificata) all\u2019indirizzo sersa@pec.sersa.it; \u00a0mediante raccomandata con avviso di ricevimento indirizzata a SERSA Srl.<\/p>\n<p>&nbsp;<\/p>\n<hr \/>\n<p>&nbsp;<\/p>\n<blockquote>\n<h3>LA LAVORAZIONE DELL\u2019OCCHIALE AL CENTRO DEL NUOVO CORSO GRATUITO PROMOSSO DA CERTOTTICA<\/h3>\n<\/blockquote>\n<p><strong><a href=\"https:\/\/www.radiopiu.net\/wordpress\/giornale-radiopiu-12-marzo-2021-direttore-mirko-mezzacasa\/corso-lavorazioni\/\" rel=\"attachment wp-att-196448\"><img loading=\"lazy\" decoding=\"async\" class=\"wp-image-196448 alignleft\" src=\"https:\/\/www.radiopiu.net\/wordpress\/wp-content\/uploads\/2021\/03\/corso-lavorazioni-300x211.jpg\" alt=\"\" width=\"164\" height=\"115\" srcset=\"https:\/\/www.radiopiu.net\/wordpress\/wp-content\/uploads\/2021\/03\/corso-lavorazioni-300x211.jpg 300w, https:\/\/www.radiopiu.net\/wordpress\/wp-content\/uploads\/2021\/03\/corso-lavorazioni-1024x722.jpg 1024w, https:\/\/www.radiopiu.net\/wordpress\/wp-content\/uploads\/2021\/03\/corso-lavorazioni-768x541.jpg 768w, https:\/\/www.radiopiu.net\/wordpress\/wp-content\/uploads\/2021\/03\/corso-lavorazioni-1536x1083.jpg 1536w, https:\/\/www.radiopiu.net\/wordpress\/wp-content\/uploads\/2021\/03\/corso-lavorazioni-2048x1444.jpg 2048w\" sizes=\"auto, (max-width: 164px) 100vw, 164px\" \/><\/a>LONGARONE<\/strong> Nuova esperienza lavorativa\u00a0 in partenza a fine mese a Certottica\u00a0 per\u00a0 9 disoccupati. L\u2019obiettivo \u00e8 quello di formare l\u2019\u201cAddetto alle lavorazioni per il settore occhialeria\u201d, un profilo che va incontro alle esigenze concrete manifestate dalle aziende, grazie a 200 ore di formazione specialistica in aula, 8 ore di orientamento al ruolo (individuale e di gruppo), 16 ore di visita di studio e ben 320 ore di tirocinio nelle realt\u00e0 del Distretto. Le selezioni sono fissate per il 25 marzo e l\u2019inizio del corso per il 31. Gli interessati\u00a0 consultino\u00a0 il sito www.certottica.it per approfondire tutti i dettagli o a contattare l\u2019Area Formazione di Certottica (formazione@certottica.it, 0437 573157).<\/p>\n<p>&nbsp;<\/p>\n<p>&nbsp;<\/p>\n<hr \/>\n<p>&nbsp;<\/p>\n<p>&nbsp;<\/p>\n<blockquote>\n<h3>FOSSALI CON LA SUA ARTE SALE SULLA TOUR EIFFEL<\/h3>\n<\/blockquote>\n<p><strong>PONTE NELLE ALPI<\/strong> <span style=\"font-family: Times New Roman, serif;\"><span style=\"font-size: medium;\">Il bar pasticceria \u201cLa Tour Eiffel\u201d di Ponte nelle Alpi \u201csfida\u201d i nuovi restringimenti ed ancora una volta ospita nei suoi locali un evento artistico. Ovviamente lo fa nell\u2019osservanza del contenimento dell\u2019emergenza Covid-19. <\/span><\/span><span style=\"font-family: Times New Roman, serif;\"><span style=\"font-size: medium;\">Dal 13 marzo e sino al 17 aprile sar\u00e0 allestita la mostra \u201cRetr\u00f2: immagini fotografiche in bianco e nero\u201d con gli scatti proposti da Beniamino Fossali. <\/span><\/span><span style=\"font-family: Times New Roman, serif;\"><span style=\"font-size: medium;\">L\u2019iniziativa \u00e8 del Circolo Fotografico Bellunese \u201cMario De Biasi\u201d che annovera lo stesso Fossali tra i suoi associati e che affida alla suggestione ed al fascino del bianco e nero i soggetti \u201ccatturati\u201d dal suo obiettivo.<\/span><\/span><\/p>\n<p>&nbsp;<\/p>\n<p>&nbsp;<\/p>\n<p>&nbsp;<\/p>\n<hr \/>\n<p>&nbsp;<\/p>\n<div dir=\"auto\">\n<div>\n<h2><span style=\"color: #800080;\"><strong>LA RASSEGNA STAMPA DA L&#8217;AMICO DEL POPOLO\u00a0<\/strong><\/span><\/h2>\n<h3 class=\"kvgmc6g5 cxmmr5t8 oygrvhab hcukyx3x c1et5uql\"><span style=\"color: #0000ff;\"> INFORMAZIONE il canale su TELEGRAM informazione di prima mano e in tempo reale. iscriviti ed aiutaci a farlo conoscere\u00a0<\/span><\/h3>\n<p><strong><a href=\"https:\/\/www.radiopiu.net\/wordpress\/il-comune-si-organizza-per-distribuire-i-buoni-spesa-ok\/federica-zasso\/\" rel=\"attachment wp-att-127029\"><img loading=\"lazy\" decoding=\"async\" class=\" wp-image-127029 alignleft\" src=\"https:\/\/www.radiopiu.net\/wordpress\/wp-content\/uploads\/2020\/04\/FEDERICA-ZASSO-222x300.jpg\" alt=\"\" width=\"124\" height=\"168\" srcset=\"https:\/\/www.radiopiu.net\/wordpress\/wp-content\/uploads\/2020\/04\/FEDERICA-ZASSO-222x300.jpg 222w, https:\/\/www.radiopiu.net\/wordpress\/wp-content\/uploads\/2020\/04\/FEDERICA-ZASSO.jpg 235w\" sizes=\"auto, (max-width: 124px) 100vw, 124px\" \/><\/a>di Gianni Santomaso<\/strong><\/p>\n<p>OSPITE: Federica Zasso<\/p>\n<audio class=\"wp-audio-shortcode\" id=\"audio-197011-11\" preload=\"none\" style=\"width: 100%;\" controls=\"controls\"><source type=\"audio\/mpeg\" src=\"https:\/\/www.radiopiu.net\/wordpress\/wp-content\/uploads\/2021\/03\/RASSEGNA-GIANNI-1.mp3?_=11\" \/><a href=\"https:\/\/www.radiopiu.net\/wordpress\/wp-content\/uploads\/2021\/03\/RASSEGNA-GIANNI-1.mp3\">https:\/\/www.radiopiu.net\/wordpress\/wp-content\/uploads\/2021\/03\/RASSEGNA-GIANNI-1.mp3<\/a><\/audio>\n<p><strong>LA RACCOLTA COMPLETA<\/strong><\/p>\n<blockquote class=\"wp-embedded-content\" data-secret=\"tQuSvQE2de\"><p><a href=\"https:\/\/www.radiopiu.net\/wordpress\/rassegna-stampa-di-gianni-santomaso\/\">Rassegna stampa da l&#8217;amico del popolo &#8211; di Gianni Santomaso<\/a><\/p><\/blockquote>\n<p><iframe loading=\"lazy\" class=\"wp-embedded-content\" sandbox=\"allow-scripts\" security=\"restricted\" style=\"position: absolute; clip: rect(1px, 1px, 1px, 1px);\" title=\"&#8220;Rassegna stampa da l&#8217;amico del popolo &#8211; di Gianni Santomaso&#8221; &#8212; Radio Pi\u00f9\" src=\"https:\/\/www.radiopiu.net\/wordpress\/rassegna-stampa-di-gianni-santomaso\/embed\/#?secret=tQuSvQE2de\" data-secret=\"tQuSvQE2de\" width=\"600\" height=\"338\" frameborder=\"0\" marginwidth=\"0\" marginheight=\"0\" scrolling=\"no\"><\/iframe><\/p>\n<p>&nbsp;<\/p>\n<hr \/>\n<blockquote>\n<h3><a href=\"https:\/\/www.radiopiu.net\/wordpress\/almanacco-ladino-puntata-5-2020\/sn\/\" rel=\"attachment wp-att-180931\"><img loading=\"lazy\" decoding=\"async\" class=\"wp-image-180931 alignleft\" src=\"https:\/\/www.radiopiu.net\/wordpress\/wp-content\/uploads\/2020\/12\/sn-300x194.jpg\" alt=\"\" width=\"181\" height=\"117\" srcset=\"https:\/\/www.radiopiu.net\/wordpress\/wp-content\/uploads\/2020\/12\/sn-300x194.jpg 300w, https:\/\/www.radiopiu.net\/wordpress\/wp-content\/uploads\/2020\/12\/sn.jpg 626w\" sizes=\"auto, (max-width: 181px) 100vw, 181px\" \/><\/a>L&#8217;ALMANACCO LADINO CON L&#8217;ISTITUT CESA DE JAN QUINDICINALE APPUNTAMENTO. LA DOMENICA ALLE 9 IL LUNEDI ALLE 8.35 IL MARTEDI ALLE 12.35 IL MERCOLEDI ALLE 18.35. SECONDA STAGIONE.<\/h3>\n<p><strong>LA PUNTATA DELLA SETTIMANA<\/strong><\/p><\/blockquote>\n<audio class=\"wp-audio-shortcode\" id=\"audio-197011-12\" preload=\"none\" style=\"width: 100%;\" controls=\"controls\"><source type=\"audio\/mpeg\" src=\"https:\/\/www.radiopiu.net\/wordpress\/wp-content\/uploads\/2021\/03\/54\u00b0Almanacco-Ladino_Col-1.mp3?_=12\" \/><a href=\"https:\/\/www.radiopiu.net\/wordpress\/wp-content\/uploads\/2021\/03\/54\u00b0Almanacco-Ladino_Col-1.mp3\">https:\/\/www.radiopiu.net\/wordpress\/wp-content\/uploads\/2021\/03\/54\u00b0Almanacco-Ladino_Col-1.mp3<\/a><\/audio>\n<p>&nbsp;<\/p>\n<p><strong>RACCOLTA COMPLETA\u00a0<\/strong><\/p>\n<blockquote class=\"wp-embedded-content\" data-secret=\"mCUYzv902w\"><p><a href=\"https:\/\/www.radiopiu.net\/wordpress\/almanacco-ladino\/\">Almanacco Ladino<\/a><\/p><\/blockquote>\n<p><iframe loading=\"lazy\" class=\"wp-embedded-content\" sandbox=\"allow-scripts\" security=\"restricted\" style=\"position: absolute; clip: rect(1px, 1px, 1px, 1px);\" title=\"&#8220;Almanacco Ladino&#8221; &#8212; Radio Pi\u00f9\" src=\"https:\/\/www.radiopiu.net\/wordpress\/almanacco-ladino\/embed\/#?secret=mCUYzv902w\" data-secret=\"mCUYzv902w\" width=\"600\" height=\"338\" frameborder=\"0\" marginwidth=\"0\" marginheight=\"0\" scrolling=\"no\"><\/iframe><\/p>\n<hr \/>\n<p>&nbsp;<\/p>\n<blockquote>\n<h3>SALUTE E SOCIETA&#8217; IL LUNEDI ALLE 13.10 E ALLE 20.10, LA DOMENICA ALLE 10.30 A CURA DEL DOTTOR MARCO CARACCIOLO. QUINTA STAGIONE<\/h3>\n<\/blockquote>\n<p><strong><a href=\"https:\/\/www.radiopiu.net\/wordpress\/giornale-radiopiu-16-marzo-2021-direttore-mirko-mezzacasa\/ba741df3-66d4-42a4-992b-1ea24faa47d8\/\" rel=\"attachment wp-att-197176\"><img loading=\"lazy\" decoding=\"async\" class=\"wp-image-197176 alignleft\" src=\"https:\/\/www.radiopiu.net\/wordpress\/wp-content\/uploads\/2021\/03\/ba741df3-66d4-42a4-992b-1ea24faa47d8-300x167.jpg\" alt=\"\" width=\"237\" height=\"132\" srcset=\"https:\/\/www.radiopiu.net\/wordpress\/wp-content\/uploads\/2021\/03\/ba741df3-66d4-42a4-992b-1ea24faa47d8-300x167.jpg 300w, https:\/\/www.radiopiu.net\/wordpress\/wp-content\/uploads\/2021\/03\/ba741df3-66d4-42a4-992b-1ea24faa47d8-768x427.jpg 768w, https:\/\/www.radiopiu.net\/wordpress\/wp-content\/uploads\/2021\/03\/ba741df3-66d4-42a4-992b-1ea24faa47d8.jpg 800w\" sizes=\"auto, (max-width: 237px) 100vw, 237px\" \/><\/a>LA PUNTATA DELLA SETTIMANA <\/strong>Colpisce circa 2 milioni di italiani ma \u00e8 ancora poco conosciuta. La sua diagnosi avviene con difficolt\u00e0 e spesso in ritardo. E\u2019 la fibromialgia, patologia che letteralmente significa dolore nei muscoli. Ad essa \u00e8 dedicato l\u2019instant book realizzato da Aisf-Odv, Associazione italiana Sindrome fibromialgica e scaricabile garatuitamente dal sito www.sindromefibromialgica.it Emilia Vaccaro ne ha parlato con Piercarlo Sarzi Puttini, presidente Aisf-Odv e Professore Ordinario di Reumatologia-Universit\u00e0 di Milano, Laura Bazzichi, Reumatologa dell\u2019AOU Pisana, Giusy Fabio vicepresidente Associazione Italiana Sindrome Fibromialgica<\/p>\n<audio class=\"wp-audio-shortcode\" id=\"audio-197011-13\" preload=\"none\" style=\"width: 100%;\" controls=\"controls\"><source type=\"audio\/mpeg\" src=\"https:\/\/www.radiopiu.net\/wordpress\/wp-content\/uploads\/2021\/03\/salute.mp3?_=13\" \/><a href=\"https:\/\/www.radiopiu.net\/wordpress\/wp-content\/uploads\/2021\/03\/salute.mp3\">https:\/\/www.radiopiu.net\/wordpress\/wp-content\/uploads\/2021\/03\/salute.mp3<\/a><\/audio>\n<h3><strong>LA RACCOLTA COMPLETA\u00a0<\/strong><\/h3>\n<blockquote class=\"wp-embedded-content\" data-secret=\"KXb19cXw3R\"><p><a href=\"https:\/\/www.radiopiu.net\/wordpress\/saluteesocieta\/\">Salute e Societ\u00e0<\/a><\/p><\/blockquote>\n<p><iframe loading=\"lazy\" class=\"wp-embedded-content\" sandbox=\"allow-scripts\" security=\"restricted\" style=\"position: absolute; clip: rect(1px, 1px, 1px, 1px);\" title=\"&#8220;Salute e Societ\u00e0&#8221; &#8212; Radio Pi\u00f9\" src=\"https:\/\/www.radiopiu.net\/wordpress\/saluteesocieta\/embed\/#?secret=KXb19cXw3R\" data-secret=\"KXb19cXw3R\" width=\"600\" height=\"338\" frameborder=\"0\" marginwidth=\"0\" marginheight=\"0\" scrolling=\"no\"><\/iframe><\/p>\n<p>&nbsp;<\/p>\n<\/div>\n<\/div>\n<hr \/>\n<blockquote>\n<h2><\/h2>\n<\/blockquote>\n<h2><span style=\"color: #ff0000;\"><a href=\"https:\/\/www.radiopiu.net\/wordpress\/giornale-radiopiu-05-gennaio-2021-direttore-mirko-mezzacasa\/133200401_100838761953611_1258544160541445132_o-2\/\" rel=\"attachment wp-att-183078\"><img loading=\"lazy\" decoding=\"async\" class=\" wp-image-183078 alignleft\" src=\"https:\/\/www.radiopiu.net\/wordpress\/wp-content\/uploads\/2021\/01\/133200401_100838761953611_1258544160541445132_o-1-300x157.jpg\" alt=\"\" width=\"192\" height=\"101\" srcset=\"https:\/\/www.radiopiu.net\/wordpress\/wp-content\/uploads\/2021\/01\/133200401_100838761953611_1258544160541445132_o-1-300x157.jpg 300w, https:\/\/www.radiopiu.net\/wordpress\/wp-content\/uploads\/2021\/01\/133200401_100838761953611_1258544160541445132_o-1.jpg 526w\" sizes=\"auto, (max-width: 192px) 100vw, 192px\" \/><\/a>GOCCE DI FILOSOFIA, CON CHIARA CAU, CON LISA DE LUCA. <\/span><\/h2>\n<h2><span style=\"color: #ff0000;\">TUTTI I GIORNI DAL LUNEDI AL VENERDI ALLE 6.55 E ALLE 18.55<\/span><\/h2>\n<p><strong>PUNTATA 51<\/strong><\/p>\n<audio class=\"wp-audio-shortcode\" id=\"audio-197011-14\" preload=\"none\" style=\"width: 100%;\" controls=\"controls\"><source type=\"audio\/mpeg\" src=\"https:\/\/www.radiopiu.net\/wordpress\/wp-content\/uploads\/2021\/03\/FI1-1.mp3?_=14\" \/><a href=\"https:\/\/www.radiopiu.net\/wordpress\/wp-content\/uploads\/2021\/03\/FI1-1.mp3\">https:\/\/www.radiopiu.net\/wordpress\/wp-content\/uploads\/2021\/03\/FI1-1.mp3<\/a><\/audio>\n<p>&nbsp;<\/p>\n<h3>LA RACCOLTA COMPLETA<\/h3>\n<blockquote class=\"wp-embedded-content\" data-secret=\"sbFLRx4vtW\"><p><a href=\"https:\/\/www.radiopiu.net\/wordpress\/gocce-filosofia\/\">Gocce di filosofia<\/a><\/p><\/blockquote>\n<p><iframe loading=\"lazy\" class=\"wp-embedded-content\" sandbox=\"allow-scripts\" security=\"restricted\" style=\"position: absolute; clip: rect(1px, 1px, 1px, 1px);\" title=\"&#8220;Gocce di filosofia&#8221; &#8212; Radio Pi\u00f9\" src=\"https:\/\/www.radiopiu.net\/wordpress\/gocce-filosofia\/embed\/#?secret=sbFLRx4vtW\" data-secret=\"sbFLRx4vtW\" width=\"600\" height=\"338\" frameborder=\"0\" marginwidth=\"0\" marginheight=\"0\" scrolling=\"no\"><\/iframe><\/p>\n<p>&nbsp;<\/p>\n<p>&nbsp;<\/p>\n<hr \/>\n<h2><\/h2>\n<p>&nbsp;<\/p>\n<h2><span style=\"color: #ff0000;\">\u00a0<\/span><\/h2>\n<h2><span style=\"color: #ff0000;\">ALLA RADIO<\/span><\/h2>\n<blockquote><p><strong>CONOSCIAMO I CORI DELLA PROVINCIA, IL CORO ALPINO DI ALLEGHE. INTERVISTA DI SILVIA BALDO, CORALE DI LIMANA.<\/strong><\/p><\/blockquote>\n<p>&nbsp;<\/p>\n<div style=\"width: 640px;\" class=\"wp-video\"><video class=\"wp-video-shortcode\" id=\"video-197011-3\" width=\"640\" height=\"360\" preload=\"metadata\" controls=\"controls\"><source type=\"video\/mp4\" src=\"https:\/\/www.radiopiu.net\/wordpress\/wp-content\/uploads\/2021\/03\/WhatsApp-Video-2021-03-11-at-08.43.52.mp4?_=3\" \/><a href=\"https:\/\/www.radiopiu.net\/wordpress\/wp-content\/uploads\/2021\/03\/WhatsApp-Video-2021-03-11-at-08.43.52.mp4\">https:\/\/www.radiopiu.net\/wordpress\/wp-content\/uploads\/2021\/03\/WhatsApp-Video-2021-03-11-at-08.43.52.mp4<\/a><\/video><\/div>\n<p><strong><span style=\"color: #0000ff;\">6 CORO CAI DI BELLUNO\u00a0 ROBERTO TORMEN\u00a0 E MARINO\u00a0 CASAGRANDE<\/span><\/strong><\/p>\n<h1>LA RACCOLTA COMPLETA<\/h1>\n<p>https:\/\/www.radiopiu.net\/wordpress\/corocaibelluno\/<\/p>\n<p>&nbsp;<\/p>\n<p>&nbsp;<\/p>\n<p>&nbsp;<\/p>\n<hr \/>\n<p>&nbsp;<\/p>\n<blockquote>\n<h2>FANTASTICHE DOLOMITI, NUOVA STAGIONE. APPUNTAMENTO QUINDICINALE IL GIOVEDI ALLE 10.30 E 19.00<\/h2>\n<\/blockquote>\n<h2><span style=\"color: #ff0000;\">LA UNDICESIMA PUNTATA dell&#8217;11marzo2021<\/span><\/h2>\n<p><strong><a href=\"https:\/\/www.radiopiu.net\/wordpress\/raccolta-completa\/121869645_648442942701436_4748562330148520081_n-2\/\" rel=\"attachment wp-att-196402\"><img loading=\"lazy\" decoding=\"async\" class=\"wp-image-196402 alignleft\" src=\"https:\/\/www.radiopiu.net\/wordpress\/wp-content\/uploads\/2021\/02\/121869645_648442942701436_4748562330148520081_n-1-300x169.jpg\" alt=\"\" width=\"160\" height=\"90\" srcset=\"https:\/\/www.radiopiu.net\/wordpress\/wp-content\/uploads\/2021\/02\/121869645_648442942701436_4748562330148520081_n-1-300x169.jpg 300w, https:\/\/www.radiopiu.net\/wordpress\/wp-content\/uploads\/2021\/02\/121869645_648442942701436_4748562330148520081_n-1-1024x576.jpg 1024w, https:\/\/www.radiopiu.net\/wordpress\/wp-content\/uploads\/2021\/02\/121869645_648442942701436_4748562330148520081_n-1-768x432.jpg 768w, https:\/\/www.radiopiu.net\/wordpress\/wp-content\/uploads\/2021\/02\/121869645_648442942701436_4748562330148520081_n-1-1536x864.jpg 1536w, https:\/\/www.radiopiu.net\/wordpress\/wp-content\/uploads\/2021\/02\/121869645_648442942701436_4748562330148520081_n-1.jpg 1707w\" sizes=\"auto, (max-width: 160px) 100vw, 160px\" \/><\/a>OSPITE IL PRESIDENTE CLAUDIO CANOVA, due giovani veterinari Michele e Maria investono nell&#8217;attivit\u00e0 sostenibile, l&#8217;allevamento delle trote a Piz di Sospirolo<\/strong><\/p>\n<audio class=\"wp-audio-shortcode\" id=\"audio-197011-15\" preload=\"none\" style=\"width: 100%;\" controls=\"controls\"><source type=\"audio\/mpeg\" src=\"https:\/\/www.radiopiu.net\/wordpress\/wp-content\/uploads\/2021\/03\/fantastiche-dolomiti-11-mazo.mp3?_=15\" \/><a href=\"https:\/\/www.radiopiu.net\/wordpress\/wp-content\/uploads\/2021\/03\/fantastiche-dolomiti-11-mazo.mp3\">https:\/\/www.radiopiu.net\/wordpress\/wp-content\/uploads\/2021\/03\/fantastiche-dolomiti-11-mazo.mp3<\/a><\/audio>\n<p>&nbsp;<\/p>\n<h3>LA RACCOLTA COMPLETA<\/h3>\n<p>https:\/\/www.radiopiu.net\/wordpress\/raccolta-completa\/<\/p>\n<p>&nbsp;<\/p>\n<p>&nbsp;<\/p>\n<p>&nbsp;<\/p>\n<hr \/>\n<blockquote>\n<h3><\/h3>\n<h3>CISL, LA VOCE DEI LAVORATORI. IL CONTRATTO NAZIONALE NELLE ASSEMBLEE E IL PREMIO PRUDUZIONE<\/h3>\n<\/blockquote>\n<p><strong>PUNTATA DEL 10 MARZO 2021<\/strong><\/p>\n<p>OSPITI: <strong>RAFFAELE SALVATONI,<\/strong> 50 anni Segretario nazionale della FEMCA CISL. Il numero uno dei tessili CISL bergamaschi\u00a0 ha assunto\u00a0 la responsabilit\u00e0 del settore moda.<strong> PAOLO CHISSALE&#8217;<\/strong> da qualche settimana in pensione, gi\u00e0 RSU Luxottica Agordo.<\/p>\n<p>audio<\/p>\n<audio class=\"wp-audio-shortcode\" id=\"audio-197011-16\" preload=\"none\" style=\"width: 100%;\" controls=\"controls\"><source type=\"audio\/mpeg\" src=\"https:\/\/www.radiopiu.net\/wordpress\/wp-content\/uploads\/2021\/03\/CISL.mp3?_=16\" \/><a href=\"https:\/\/www.radiopiu.net\/wordpress\/wp-content\/uploads\/2021\/03\/CISL.mp3\">https:\/\/www.radiopiu.net\/wordpress\/wp-content\/uploads\/2021\/03\/CISL.mp3<\/a><\/audio>\n<p>&nbsp;<\/p>\n\n\t\t\t<style type='text\/css'>\n\t\t\t\t#gallery-11 {\n\t\t\t\t\tmargin: auto;\n\t\t\t\t}\n\t\t\t\t#gallery-11 .gallery-item {\n\t\t\t\t\tfloat: left;\n\t\t\t\t\tmargin-top: 10px;\n\t\t\t\t\ttext-align: center;\n\t\t\t\t\twidth: 50%;\n\t\t\t\t}\n\t\t\t\t#gallery-11 img {\n\t\t\t\t\tborder: 2px solid #cfcfcf;\n\t\t\t\t}\n\t\t\t\t#gallery-11 .gallery-caption {\n\t\t\t\t\tmargin-left: 0;\n\t\t\t\t}\n\t\t\t\t\/* see gallery_shortcode() in wp-includes\/media.php *\/\n\t\t\t<\/style>\n\t\t<div id='gallery-11' class='dt-gallery-container gallery galleryid-197011 gallery-columns-2 gallery-size-thumbnail'><dl class='gallery-item'>\n\t\t\t\t<dt class='gallery-icon landscape'>\n\t\t\t\t\t<a class=\"rollover rollover-zoom dt-pswp-item\" title=\"th\" data-dt-img-description=\"\" data-large_image_width=\"300\" data-large_image_height=\"300\"href='https:\/\/www.radiopiu.net\/wordpress\/wp-content\/uploads\/2021\/03\/th-7.jpg'><img loading=\"lazy\" decoding=\"async\" width=\"150\" height=\"150\" src=\"https:\/\/www.radiopiu.net\/wordpress\/wp-content\/uploads\/2021\/03\/th-7-150x150.jpg\" class=\"attachment-thumbnail size-thumbnail\" alt=\"\" srcset=\"https:\/\/www.radiopiu.net\/wordpress\/wp-content\/uploads\/2021\/03\/th-7-150x150.jpg 150w, https:\/\/www.radiopiu.net\/wordpress\/wp-content\/uploads\/2021\/03\/th-7.jpg 300w\" sizes=\"auto, (max-width: 150px) 100vw, 150px\" \/><\/a>\n\t\t\t\t<\/dt><\/dl><dl class='gallery-item'>\n\t\t\t\t<dt class='gallery-icon landscape'>\n\t\t\t\t\t<a class=\"rollover rollover-zoom dt-pswp-item\" title=\"PAOLO CHISSALE\" data-dt-img-description=\"\" data-large_image_width=\"275\" data-large_image_height=\"183\"href='https:\/\/www.radiopiu.net\/wordpress\/wp-content\/uploads\/2018\/01\/PAOLO-CHISSALE.jpg'><img loading=\"lazy\" decoding=\"async\" width=\"150\" height=\"150\" src=\"https:\/\/www.radiopiu.net\/wordpress\/wp-content\/uploads\/2018\/01\/PAOLO-CHISSALE-150x150.jpg\" class=\"attachment-thumbnail size-thumbnail\" alt=\"\" \/><\/a>\n\t\t\t\t<\/dt><\/dl><br style=\"clear: both\" \/>\n\t\t\t<\/div>\n\n<p>&nbsp;<\/p>\n<p><a class=\"mejs-horizontal-volume-slider\" role=\"slider\" aria-label=\"Cursore del volume\" aria-valuemin=\"0\" aria-valuemax=\"100\" aria-valuenow=\"100\"><span class=\"mejs-offscreen\">.\u00a0<\/span><\/a><\/p>\n<div class=\"wp-media-wrapper wp-audio\">\n<div id=\"mep_0\" class=\"mejs-container mejs-container-keyboard-inactive wp-audio-shortcode mejs-audio\" tabindex=\"0\" role=\"application\" aria-label=\"Audio Player\">\n<div class=\"mejs-inner\">\n<div class=\"mejs-controls\">\n<hr \/>\n<div class=\"mejs-horizontal-volume-total\">\n<div class=\"mejs-horizontal-volume-current\"><\/div>\n<div><\/div>\n<\/div>\n<\/div>\n<div><span style=\"color: #ff0000;\">MUSLA, IL NUOVO PROGRAMMA<\/span><\/div>\n<\/div>\n<\/div>\n<\/div>\n<div class=\"details\">\n<h1 class=\"filename\">Pontada-2-Elo-che-l-LADIN<\/h1>\n<\/div>\n<audio class=\"wp-audio-shortcode\" id=\"audio-197011-17\" preload=\"none\" style=\"width: 100%;\" controls=\"controls\"><source type=\"audio\/mpeg\" src=\"https:\/\/www.radiopiu.net\/wordpress\/wp-content\/uploads\/2021\/03\/Pontada-2-Elo-che-l-LADIN.mp3?_=17\" \/><a href=\"https:\/\/www.radiopiu.net\/wordpress\/wp-content\/uploads\/2021\/03\/Pontada-2-Elo-che-l-LADIN.mp3\">https:\/\/www.radiopiu.net\/wordpress\/wp-content\/uploads\/2021\/03\/Pontada-2-Elo-che-l-LADIN.mp3<\/a><\/audio>\n<p>&nbsp;<\/p>\n<blockquote>\n<h2>LA RACCOLTA COMPLETA<\/h2>\n<\/blockquote>\n<blockquote class=\"wp-embedded-content\" data-secret=\"bf2vWVVB9s\"><p><a href=\"https:\/\/www.radiopiu.net\/wordpress\/agora-agordina-la-nosta-piaza\/\">AGORA&#8217; AGORDINA&#8230; LA NOSTA PIAZA LADINA.  pagina in aggiornamento continuo<\/a><\/p><\/blockquote>\n<p><iframe loading=\"lazy\" class=\"wp-embedded-content\" sandbox=\"allow-scripts\" security=\"restricted\" style=\"position: absolute; clip: rect(1px, 1px, 1px, 1px);\" title=\"&#8220;AGORA&#8217; AGORDINA&#8230; LA NOSTA PIAZA LADINA.  pagina in aggiornamento continuo&#8221; &#8212; Radio Pi\u00f9\" src=\"https:\/\/www.radiopiu.net\/wordpress\/agora-agordina-la-nosta-piaza\/embed\/#?secret=bf2vWVVB9s\" data-secret=\"bf2vWVVB9s\" width=\"600\" height=\"338\" frameborder=\"0\" marginwidth=\"0\" marginheight=\"0\" scrolling=\"no\"><\/iframe><\/p>\n<p>&nbsp;<\/p>\n<p>&nbsp;<\/p>\n<hr \/>\n<div>\n<h2><span style=\"color: #ff0000;\"><a href=\"https:\/\/www.radiopiu.net\/wordpress\/ieri-alla-radio-leggermente-bellunesi-di-luisa-alchini\/158286232_1602990903222304_8080828599590912308_o\/\" rel=\"attachment wp-att-195976\"><img loading=\"lazy\" decoding=\"async\" class=\"wp-image-195976 alignleft\" src=\"https:\/\/www.radiopiu.net\/wordpress\/wp-content\/uploads\/2021\/03\/158286232_1602990903222304_8080828599590912308_o-195x300.jpg\" alt=\"\" width=\"159\" height=\"245\" srcset=\"https:\/\/www.radiopiu.net\/wordpress\/wp-content\/uploads\/2021\/03\/158286232_1602990903222304_8080828599590912308_o-195x300.jpg 195w, https:\/\/www.radiopiu.net\/wordpress\/wp-content\/uploads\/2021\/03\/158286232_1602990903222304_8080828599590912308_o.jpg 526w\" sizes=\"auto, (max-width: 159px) 100vw, 159px\" \/><\/a>ALLA RADIO<\/span><\/h2>\n<\/div>\n<div>\n<h2><strong>LE\u00a0 PUNTATE di Luisa Alchini di Leggermente Bellunesi, la domenica alle 11, <span style=\"color: #0000ff;\">IL MARTEDI IN PRIMA EDIZIONE\u00a0<\/span> alle 10.30 e alle 19.00<\/strong><\/h2>\n<\/div>\n<div>\n<div dir=\"auto\">Una raccolta di testimonianze di giovani bellunesi che hanno deciso di fare le valigie per vivere un&#8217;esperienza professionale all&#8217;estero. Fanno parte della generazione &#8220;expat&#8221;. Benvenuti nell&#8217;emigrazione 2.0<\/div>\n<\/div>\n<div dir=\"auto\"><\/div>\n<div dir=\"auto\"><\/div>\n<div dir=\"auto\"><\/div>\n<div dir=\"auto\"><strong>AUDIO<\/strong><\/div>\n<div>\n<audio class=\"wp-audio-shortcode\" id=\"audio-197011-18\" preload=\"none\" style=\"width: 100%;\" controls=\"controls\"><source type=\"audio\/mpeg\" src=\"https:\/\/www.radiopiu.net\/wordpress\/wp-content\/uploads\/2021\/03\/21lebbermenteABMemigrazioneduepuntozero.mp3?_=18\" \/><a href=\"https:\/\/www.radiopiu.net\/wordpress\/wp-content\/uploads\/2021\/03\/21lebbermenteABMemigrazioneduepuntozero.mp3\">https:\/\/www.radiopiu.net\/wordpress\/wp-content\/uploads\/2021\/03\/21lebbermenteABMemigrazioneduepuntozero.mp3<\/a><\/audio>\n<\/div>\n<blockquote>\n<div>\n<h2><strong style=\"font-size: 14px;\"><span style=\"color: #000000;\">RACCOLTA COMPLETA<\/span><\/strong><\/h2>\n<\/div>\n<blockquote class=\"wp-embedded-content\" data-secret=\"iTJrSXfQ37\"><p><a href=\"https:\/\/www.radiopiu.net\/wordpress\/leggermente-20\/\">LEGGERmente&#8230;Bellunesi<\/a><\/p><\/blockquote>\n<p><iframe loading=\"lazy\" class=\"wp-embedded-content\" sandbox=\"allow-scripts\" security=\"restricted\" style=\"position: absolute; clip: rect(1px, 1px, 1px, 1px);\" title=\"&#8220;LEGGERmente&#8230;Bellunesi&#8221; &#8212; Radio Pi\u00f9\" src=\"https:\/\/www.radiopiu.net\/wordpress\/leggermente-20\/embed\/#?secret=iTJrSXfQ37\" data-secret=\"iTJrSXfQ37\" width=\"600\" height=\"338\" frameborder=\"0\" marginwidth=\"0\" marginheight=\"0\" scrolling=\"no\"><\/iframe><\/p>\n<p>&nbsp;<\/p><\/blockquote>\n<p>&nbsp;<\/p>\n<hr \/>\n<p>&nbsp;<\/p>\n<h2><span style=\"color: #ff0000;\"><img decoding=\"async\" class=\"alignleft\" src=\"https:\/\/www.radiopiu.net\/wordpress\/wp-content\/uploads\/2021\/03\/th-5.jpg\" \/><\/span><\/h2>\n<h2><\/h2>\n<h2><span style=\"color: #ff0000;\">ALLA RADIO<\/span><\/h2>\n<h2><span style=\"color: #008000;\">ERBE E PIANTE CURATIVE&#8230;IL\u00a0 PROGRAMMA DI PAOLA LANCIATO<\/span><\/h2>\n<p><strong>SESTA\u00a0 PUNTATA &#8211; L&#8217;AGRIFOGLIO<\/strong><\/p>\n<audio class=\"wp-audio-shortcode\" id=\"audio-197011-19\" preload=\"none\" style=\"width: 100%;\" controls=\"controls\"><source type=\"audio\/mpeg\" src=\"https:\/\/www.radiopiu.net\/wordpress\/wp-content\/uploads\/2021\/03\/6-LAgrifoglio-M.mp3?_=19\" \/><a href=\"https:\/\/www.radiopiu.net\/wordpress\/wp-content\/uploads\/2021\/03\/6-LAgrifoglio-M.mp3\">https:\/\/www.radiopiu.net\/wordpress\/wp-content\/uploads\/2021\/03\/6-LAgrifoglio-M.mp3<\/a><\/audio>\n<p>&nbsp;<\/p>\n<p><strong>LA RACCOLTA COMPLETA<\/strong><\/p>\n<blockquote class=\"wp-embedded-content\" data-secret=\"t9IBFPB6zx\"><p><a href=\"https:\/\/www.radiopiu.net\/wordpress\/erbe-e-piante-curative\/\">ERBE E PIANTE CURATIVE<\/a><\/p><\/blockquote>\n<p><iframe loading=\"lazy\" class=\"wp-embedded-content\" sandbox=\"allow-scripts\" security=\"restricted\" style=\"position: absolute; clip: rect(1px, 1px, 1px, 1px);\" title=\"&#8220;ERBE E PIANTE CURATIVE&#8221; &#8212; Radio Pi\u00f9\" src=\"https:\/\/www.radiopiu.net\/wordpress\/erbe-e-piante-curative\/embed\/#?secret=t9IBFPB6zx\" data-secret=\"t9IBFPB6zx\" width=\"600\" height=\"338\" frameborder=\"0\" marginwidth=\"0\" marginheight=\"0\" scrolling=\"no\"><\/iframe><\/p>\n<p>&nbsp;<\/p>\n<p>&nbsp;<\/p>\n<p>&nbsp;<\/p>\n<hr \/>\n<div>\n<h2><span style=\"color: #000080;\"><a class=\"dt-pswp-item\" href=\"https:\/\/www.radiopiu.net\/wordpress\/wp-content\/uploads\/2020\/10\/pp.jpg\" data-dt-img-description=\"\" data-large_image_width=\"640\" data-large_image_height=\"640\"><img loading=\"lazy\" decoding=\"async\" class=\"wp-image-163678 alignleft\" src=\"https:\/\/www.radiopiu.net\/wordpress\/wp-content\/uploads\/2020\/10\/pp-300x300.jpg\" alt=\"\" width=\"106\" height=\"106\" srcset=\"https:\/\/www.radiopiu.net\/wordpress\/wp-content\/uploads\/2020\/10\/pp-300x300.jpg 300w, https:\/\/www.radiopiu.net\/wordpress\/wp-content\/uploads\/2020\/10\/pp-150x150.jpg 150w, https:\/\/www.radiopiu.net\/wordpress\/wp-content\/uploads\/2020\/10\/pp-125x125.jpg 125w, https:\/\/www.radiopiu.net\/wordpress\/wp-content\/uploads\/2020\/10\/pp-200x200.jpg 200w, https:\/\/www.radiopiu.net\/wordpress\/wp-content\/uploads\/2020\/10\/pp-80x80.jpg 80w, https:\/\/www.radiopiu.net\/wordpress\/wp-content\/uploads\/2020\/10\/pp-480x480.jpg 480w, https:\/\/www.radiopiu.net\/wordpress\/wp-content\/uploads\/2020\/10\/pp.jpg 640w\" sizes=\"auto, (max-width: 106px) 100vw, 106px\" \/><\/a><\/span><\/h2>\n<h2><span style=\"color: #000080;\">DON CESARE, IL PENSIERO DEL GIORNO. ALLA RADIO ALLE 7 DEL MATTINO E ALLE 19.30 DELLA SERA.\u00a0\u00a0<\/span><\/h2>\n<\/div>\n<p>&nbsp;<\/p>\n<p>&nbsp;<\/p>\n<audio class=\"wp-audio-shortcode\" id=\"audio-197011-20\" preload=\"none\" style=\"width: 100%;\" controls=\"controls\"><source type=\"audio\/mpeg\" src=\"https:\/\/www.radiopiu.net\/wordpress\/wp-content\/uploads\/2021\/03\/CESARE-9.mp3?_=20\" \/><a href=\"https:\/\/www.radiopiu.net\/wordpress\/wp-content\/uploads\/2021\/03\/CESARE-9.mp3\">https:\/\/www.radiopiu.net\/wordpress\/wp-content\/uploads\/2021\/03\/CESARE-9.mp3<\/a><\/audio>\n<p>&nbsp;<\/p>\n<p>&nbsp;<\/p>\n<p>&nbsp;<\/p>\n<hr \/>\n<p>&nbsp;<\/p>\n<p>&nbsp;<\/p>\n<div class=\"im_message_wrap clearfix\">\n<div class=\"im_content_message_wrap im_message_out\">\n<h2><span style=\"color: #ff0000;\">IN VIVO VERSO 2020-21<\/span><\/h2>\n<p><strong><span style=\"color: #0000ff;\">IN ONDA DAL LUNEDI AL VENERDI ALLE 7.10, 10.10, 18.50\u00a0 \u00a0<\/span><\/strong><\/p>\n<blockquote class=\"wp-embedded-content\" data-secret=\"jHcuP3RzOA\"><p><a href=\"https:\/\/www.radiopiu.net\/wordpress\/scabrosi-mondi-di-michela-epifani\/\">SCABROSI MONDI di MICHELA EPIFANI<\/a><\/p><\/blockquote>\n<p><iframe loading=\"lazy\" class=\"wp-embedded-content\" sandbox=\"allow-scripts\" security=\"restricted\" style=\"position: absolute; clip: rect(1px, 1px, 1px, 1px);\" title=\"&#8220;SCABROSI MONDI di MICHELA EPIFANI&#8221; &#8212; Radio Pi\u00f9\" src=\"https:\/\/www.radiopiu.net\/wordpress\/scabrosi-mondi-di-michela-epifani\/embed\/#?secret=jHcuP3RzOA\" data-secret=\"jHcuP3RzOA\" width=\"600\" height=\"338\" frameborder=\"0\" marginwidth=\"0\" marginheight=\"0\" scrolling=\"no\"><\/iframe><\/p>\n<p><strong>LA RACCOLTA<\/strong><\/p>\n<blockquote class=\"wp-embedded-content\" data-secret=\"r3qjgGsYPj\"><p><a href=\"https:\/\/www.radiopiu.net\/wordpress\/in-vivo-verso\/\">In Vivo Verso<\/a><\/p><\/blockquote>\n<p><iframe loading=\"lazy\" class=\"wp-embedded-content\" sandbox=\"allow-scripts\" security=\"restricted\" style=\"position: absolute; clip: rect(1px, 1px, 1px, 1px);\" title=\"&#8220;In Vivo Verso&#8221; &#8212; Radio Pi\u00f9\" src=\"https:\/\/www.radiopiu.net\/wordpress\/in-vivo-verso\/embed\/#?secret=r3qjgGsYPj\" data-secret=\"r3qjgGsYPj\" width=\"600\" height=\"338\" frameborder=\"0\" marginwidth=\"0\" marginheight=\"0\" scrolling=\"no\"><\/iframe><\/p>\n<p>&nbsp;<\/p>\n<hr \/>\n<p>&nbsp;<\/p>\n<\/div>\n<\/div>\n<h2><span style=\"color: #808000;\">DUE MINUTI UN LIBRO\u00a0 TUTTI I GIORNI ALLA RADIO ALLE 9.30 E ALLE 18. QUINTA STAGIONE\u00a0<\/span><\/h2>\n<blockquote class=\"wp-embedded-content\" data-secret=\"nqQCTkfhqN\"><p><a href=\"https:\/\/www.radiopiu.net\/wordpress\/larte-di-legare-le-persone\/\">L&#8217;ARTE DI LEGARE LE PERSONE<\/a><\/p><\/blockquote>\n<p><iframe loading=\"lazy\" class=\"wp-embedded-content\" sandbox=\"allow-scripts\" security=\"restricted\" style=\"position: absolute; clip: rect(1px, 1px, 1px, 1px);\" title=\"&#8220;L&#8217;ARTE DI LEGARE LE PERSONE&#8221; &#8212; Radio Pi\u00f9\" src=\"https:\/\/www.radiopiu.net\/wordpress\/larte-di-legare-le-persone\/embed\/#?secret=nqQCTkfhqN\" data-secret=\"nqQCTkfhqN\" width=\"600\" height=\"338\" frameborder=\"0\" marginwidth=\"0\" marginheight=\"0\" scrolling=\"no\"><\/iframe><\/p>\n<h3><span style=\"color: #808000;\">\u00a0<\/span>LA RACCOLTA COMPLETA<\/h3>\n<blockquote class=\"wp-embedded-content\" data-secret=\"jhWJhq4oSS\"><p><a href=\"https:\/\/www.radiopiu.net\/wordpress\/due-minuti-un-libro\/\">Due minuti un libro<\/a><\/p><\/blockquote>\n<p><iframe loading=\"lazy\" class=\"wp-embedded-content\" sandbox=\"allow-scripts\" security=\"restricted\" style=\"position: absolute; clip: rect(1px, 1px, 1px, 1px);\" title=\"&#8220;Due minuti un libro&#8221; &#8212; Radio Pi\u00f9\" src=\"https:\/\/www.radiopiu.net\/wordpress\/due-minuti-un-libro\/embed\/#?secret=jhWJhq4oSS\" data-secret=\"jhWJhq4oSS\" width=\"600\" height=\"338\" frameborder=\"0\" marginwidth=\"0\" marginheight=\"0\" scrolling=\"no\"><\/iframe><\/p>\n<p>&nbsp;<\/p>\n<p>&nbsp;<\/p>\n<p>&nbsp;<\/p>\n<hr \/>\n<p>&nbsp;<\/p>\n<blockquote>\n<h3 class=\"kvgmc6g5 cxmmr5t8 oygrvhab hcukyx3x c1et5uql\"><span style=\"color: #0000ff;\">INFORMAZIONE il canale su TELEGRAM informazione di prima mano e in tempo reale. iscriviti ed aiutaci a farlo conoscere\u00a0<\/span><\/h3>\n<\/blockquote>\n<h2><img loading=\"lazy\" decoding=\"async\" class=\"alignleft\" src=\"https:\/\/www.radiopiu.net\/wordpress\/wp-content\/uploads\/2021\/03\/narr.jpg\" width=\"158\" height=\"105\" \/>007 IN CONDOTTA CON LA PROF. MARIA ROSA SALMAZO IL LUNEDI ALLE 10,30 E ALLE 19.00 LA DOMENICA ALLE 8 DEL MATTINO. NONA STAGIONE<\/h2>\n<p><span style=\"color: #ff0000;\"><strong>PUNTATA DEL 15 MARZO 2021<\/strong><\/span><\/p>\n<audio class=\"wp-audio-shortcode\" id=\"audio-197011-21\" preload=\"none\" style=\"width: 100%;\" controls=\"controls\"><source type=\"audio\/mpeg\" src=\"https:\/\/www.radiopiu.net\/wordpress\/wp-content\/uploads\/2021\/03\/007-15-marzo.mp3?_=21\" \/><a href=\"https:\/\/www.radiopiu.net\/wordpress\/wp-content\/uploads\/2021\/03\/007-15-marzo.mp3\">https:\/\/www.radiopiu.net\/wordpress\/wp-content\/uploads\/2021\/03\/007-15-marzo.mp3<\/a><\/audio>\n<p>&nbsp;<\/p>\n<h2>LA RACCOLTA COMPLETA<\/h2>\n<blockquote class=\"wp-embedded-content\" data-secret=\"ENtJsAtITF\"><p><a href=\"https:\/\/www.radiopiu.net\/wordpress\/007incondotta-9\/\">007 in condotta<\/a><\/p><\/blockquote>\n<p><iframe loading=\"lazy\" class=\"wp-embedded-content\" sandbox=\"allow-scripts\" security=\"restricted\" style=\"position: absolute; clip: rect(1px, 1px, 1px, 1px);\" title=\"&#8220;007 in condotta&#8221; &#8212; Radio Pi\u00f9\" src=\"https:\/\/www.radiopiu.net\/wordpress\/007incondotta-9\/embed\/#?secret=ENtJsAtITF\" data-secret=\"ENtJsAtITF\" width=\"600\" height=\"338\" frameborder=\"0\" marginwidth=\"0\" marginheight=\"0\" scrolling=\"no\"><\/iframe><\/p>\n<blockquote><p>&nbsp;<\/p>\n<p>&nbsp;<\/p><\/blockquote>\n<hr \/>\n<p>&nbsp;<\/p>\n<p>&nbsp;<\/p>\n<div>\n<h2><span style=\"color: #33cccc;\">I RACCONTI DI PAOLO SOPPELSA il lunedi alle 9.30 e 18.30<\/span><\/h2>\n<p><strong>VENTO DI MARZO<\/strong><\/p>\n<p><em><strong>AUDIO<\/strong><\/em><\/p>\n<audio class=\"wp-audio-shortcode\" id=\"audio-197011-22\" preload=\"none\" style=\"width: 100%;\" controls=\"controls\"><source type=\"audio\/mpeg\" src=\"https:\/\/www.radiopiu.net\/wordpress\/wp-content\/uploads\/2021\/03\/PAOLO-SOPPELSA-VENTO-DI-MARZO.mp3?_=22\" \/><a href=\"https:\/\/www.radiopiu.net\/wordpress\/wp-content\/uploads\/2021\/03\/PAOLO-SOPPELSA-VENTO-DI-MARZO.mp3\">https:\/\/www.radiopiu.net\/wordpress\/wp-content\/uploads\/2021\/03\/PAOLO-SOPPELSA-VENTO-DI-MARZO.mp3<\/a><\/audio>\n<p>&nbsp;<\/p>\n<p><a href=\"https:\/\/www.radiopiu.net\/wordpress\/i-racconti-di-paolo-soppelsa-sessantaseiesima-puntata\/fd017f7b-c7d5-44bd-a078-83127cbd1032\/\" rel=\"attachment wp-att-196949\"><img loading=\"lazy\" decoding=\"async\" class=\"size-medium wp-image-196949 alignleft\" src=\"https:\/\/www.radiopiu.net\/wordpress\/wp-content\/uploads\/2021\/03\/fd017f7b-c7d5-44bd-a078-83127cbd1032-300x225.jpg\" alt=\"\" width=\"300\" height=\"225\" srcset=\"https:\/\/www.radiopiu.net\/wordpress\/wp-content\/uploads\/2021\/03\/fd017f7b-c7d5-44bd-a078-83127cbd1032-300x225.jpg 300w, https:\/\/www.radiopiu.net\/wordpress\/wp-content\/uploads\/2021\/03\/fd017f7b-c7d5-44bd-a078-83127cbd1032-1024x768.jpg 1024w, https:\/\/www.radiopiu.net\/wordpress\/wp-content\/uploads\/2021\/03\/fd017f7b-c7d5-44bd-a078-83127cbd1032-768x576.jpg 768w, https:\/\/www.radiopiu.net\/wordpress\/wp-content\/uploads\/2021\/03\/fd017f7b-c7d5-44bd-a078-83127cbd1032-1536x1152.jpg 1536w, https:\/\/www.radiopiu.net\/wordpress\/wp-content\/uploads\/2021\/03\/fd017f7b-c7d5-44bd-a078-83127cbd1032.jpg 1600w\" sizes=\"auto, (max-width: 300px) 100vw, 300px\" \/><\/a>Mentre la campana batteva due rintocchi ho aperto il cigolante cancello di ferro. Sono sceso lungo la scalinata e ho girato a destra trovando subito i visi dei nonni. Un saluto ed un mettere in ordine i fiori smossi dal vento di marzo. Anche allora era di marzo, esattamente trent&#8217;anni fa, quando la nonna scese questi stessi scalini dentro una bara di legno chiaro che scelsi io. C&#8217;era vento anche quel pomeriggio, ma non c&#8217;era il sereno. Il cielo era cosparso di nuvole inquiete che correvano sopra il Pelsa. Poi ho girato l&#8217;angolo: tombe silenti emergevano dalla neve ancora tenace. Quasi un ritrovare l&#8217;inverno in quel campo di marmi e silenzi. Spirava forte il vento fra le lapidi di quelle persone nate vissute e poi morte di fronte alla Grande Montagna. La nord del Civetta si alza maestosa e severa aldil\u00e0 della Val Cordevole, a vegliare questo piccolo cimitero abbarbicato sul ripido prato che scende verso la Val dela Ger. Visi, occhi, nomi incisi sul marmo oppure composti da lettere di ottone. Donne e uomini, con le loro storie, con un vissuto che il vento di quasi primavera sembra voler raccontare. Persone che ora sono racconti e volti immortalati in fotografie ovali poste sulle lapidi appese ai muri. I loro resti, ormai, &#8220;i e stai tirai su tanti ani fa&#8221;. Sono rimaste quelle foto antiche, quei baffi improbabili e quelle frasi auliche che si intravedono appena sul marmo consumato dal tempo. Immagini in bianco e nero di gente vecchia a cinquant&#8217;anni. Espressioni severe di donne &#8220;&#8230;col fazolet negher su la testa\u2026&#8221; Uomini impettiti ed eleganti nel loro unico &#8220;&#8230;vest\u00ec de la festa\u2026&#8221;. Alcuni, forse, nemmeno possedevano &#8220;&#8230;el vest\u00ec bon, chel par i funerai\u2026&#8221; Ed allora abili fotografi d&#8217;epoca si ingegnavano a disegnare quegli abiti eleganti. Vestiti e sfondi finti, un tavolino di legno per darsi un tono nella foto che qualcuno avrebbe guardato e forse pianto. Poi, sotto le antiche<br \/>\nlapidi appese ai muri di pietra, le piccole fotografie, quelle che straziano anima e cuore. &#8220;&#8230; Mamma e Pap\u00e0 ti piangono\u2026&#8221;. A volte sono soltanto nomi incisi tanti anni fa, spesso sono foto &#8220;de fantolin&#8221; vissuti il tempo di un soffio di vento. Immagini che fanno male, che fanno uscire un &#8220;&#8230;no le giust\u2026&#8221; pronunciato sottovoce. Perch\u00e9 nei cimiteri si parla sempre sottovoce. Poi, nell&#8217;angolo del camposanto, quella frase antica, carica di dignitoso dolore &#8220;&#8230;la famiglia dolente pose\u2026&#8221;. Ed erano gli anni &#8217;10 del secolo scorso. Frusciare dei mazzi di fiori posti sulle colombaie, scricchiolare della neve ancora ghiacciata. Poi il rintocco della campana che batte la mezza. Il cigolante cancello che si richiude dietro le spalle.Il ritornare nel mondo dei vivi dopo aver letto ancora una volta quelle parole severe &#8220;Anch&#8217;io ero come sei tu. E tu verrai come sono io&#8221;. Camminando verso la macchina rammento le frasi rassegnate che udivo da quelle persone che ormai sono ricordi&#8221;&#8230;polver se era e polver se tornar\u00e0\u2026&#8221;. Quando ritorner\u00f2 non ci sar\u00e0 pi\u00f9 la neve ed i larici avranno colorato i costoni del Pelsa di un verde nuovo. Ma ci saranno ancora quei visi e quegli occhi vegliati dalla Grande Montagna.<\/p>\n<h3 class=\"kvgmc6g5 cxmmr5t8 oygrvhab hcukyx3x c1et5uql\"><span style=\"color: #0000ff;\">INFORMAZIONE il canale su TELEGRAM informazione di prima mano e in tempo reale. iscriviti ed aiutaci a farlo conoscere\u00a0<\/span><\/h3>\n<h2><span style=\"color: #33cccc;\"><strong>RACCOLTA COMPLETA<\/strong><\/span><\/h2>\n<blockquote class=\"wp-embedded-content\" data-secret=\"OGHLBO8Bhq\"><p><a href=\"https:\/\/www.radiopiu.net\/wordpress\/i-racconti-di-paolo-soppelsa\/\">I racconti di Paolo Soppelsa<\/a><\/p><\/blockquote>\n<p><iframe loading=\"lazy\" class=\"wp-embedded-content\" sandbox=\"allow-scripts\" security=\"restricted\" style=\"position: absolute; clip: rect(1px, 1px, 1px, 1px);\" title=\"&#8220;I racconti di Paolo Soppelsa&#8221; &#8212; Radio Pi\u00f9\" src=\"https:\/\/www.radiopiu.net\/wordpress\/i-racconti-di-paolo-soppelsa\/embed\/#?secret=OGHLBO8Bhq\" data-secret=\"OGHLBO8Bhq\" width=\"600\" height=\"338\" frameborder=\"0\" marginwidth=\"0\" marginheight=\"0\" scrolling=\"no\"><\/iframe><\/p>\n<\/div>\n<p>&nbsp;<\/p>\n<p>&nbsp;<\/p>\n<hr \/>\n<p>&nbsp;<\/p>\n<p>&nbsp;<\/p>\n<blockquote>\n<h3><a href=\"https:\/\/www.radiopiu.net\/wordpress\/giornale-radiopiu-06-febbraio-2019-direttore-mirko-mezzacasa\/logo_spi-cgil-800x445\/\" rel=\"attachment wp-att-75538\"><img loading=\"lazy\" decoding=\"async\" class=\"wp-image-75538 alignleft\" src=\"https:\/\/www.radiopiu.net\/wordpress\/wp-content\/uploads\/2019\/02\/Logo_Spi-CGIL-800x445-300x167.jpg\" alt=\"\" width=\"210\" height=\"117\" srcset=\"https:\/\/www.radiopiu.net\/wordpress\/wp-content\/uploads\/2019\/02\/Logo_Spi-CGIL-800x445-300x167.jpg 300w, https:\/\/www.radiopiu.net\/wordpress\/wp-content\/uploads\/2019\/02\/Logo_Spi-CGIL-800x445-768x427.jpg 768w, https:\/\/www.radiopiu.net\/wordpress\/wp-content\/uploads\/2019\/02\/Logo_Spi-CGIL-800x445.jpg 800w\" sizes=\"auto, (max-width: 210px) 100vw, 210px\" \/><\/a>ALLA RADIO, APPUNTAMENTO QUINDICINALE CON SPI-CGIL BELLUNO, IN STUDIO MARIA RITA GENTILIN<\/h3>\n<\/blockquote>\n<p><strong>di Claudio Fontanive\u00a0<\/strong><\/p>\n<p>&nbsp;<\/p>\n<p><span style=\"color: #ff0000;\"><strong>PUNTATA DEL 04 MARZO 2021<\/strong><\/span><\/p>\n<audio class=\"wp-audio-shortcode\" id=\"audio-197011-23\" preload=\"none\" style=\"width: 100%;\" controls=\"controls\"><source type=\"audio\/mpeg\" src=\"https:\/\/www.radiopiu.net\/wordpress\/wp-content\/uploads\/2021\/03\/spi-cigil-4-marzo.mp3?_=23\" \/><a href=\"https:\/\/www.radiopiu.net\/wordpress\/wp-content\/uploads\/2021\/03\/spi-cigil-4-marzo.mp3\">https:\/\/www.radiopiu.net\/wordpress\/wp-content\/uploads\/2021\/03\/spi-cigil-4-marzo.mp3<\/a><\/audio>\n<p>&nbsp;<\/p>\n<p>&nbsp;<\/p>\n<hr \/>\n<p>&nbsp;<\/p>\n<div>\n<p>&nbsp;<\/p>\n<blockquote>\n<h2><a href=\"https:\/\/www.radiopiu.net\/wordpress\/speciale-solidarieta-veneto\/solidarieta-veneto-3\/\" rel=\"attachment wp-att-134366\"><img loading=\"lazy\" decoding=\"async\" class=\"wp-image-134366 alignleft\" src=\"https:\/\/www.radiopiu.net\/wordpress\/wp-content\/uploads\/2020\/05\/solidariet\u00e0-veneto-300x210.jpg\" alt=\"\" width=\"102\" height=\"71\" srcset=\"https:\/\/www.radiopiu.net\/wordpress\/wp-content\/uploads\/2020\/05\/solidariet\u00e0-veneto-300x210.jpg 300w, https:\/\/www.radiopiu.net\/wordpress\/wp-content\/uploads\/2020\/05\/solidariet\u00e0-veneto-1024x717.jpg 1024w, https:\/\/www.radiopiu.net\/wordpress\/wp-content\/uploads\/2020\/05\/solidariet\u00e0-veneto-768x538.jpg 768w, https:\/\/www.radiopiu.net\/wordpress\/wp-content\/uploads\/2020\/05\/solidariet\u00e0-veneto.jpg 1373w\" sizes=\"auto, (max-width: 102px) 100vw, 102px\" \/><\/a>SOLIDARIETA&#8217; VENETO FONDO PENSIONE, IN ONDA IL PRIMO VENERDI DEL MESE ALLE 10.30 E ALLE 19.00 QUINTA STAGIONE<\/h2>\n<\/blockquote>\n<p><strong>AUDIO MARZO 2021<\/strong><\/p>\n<audio class=\"wp-audio-shortcode\" id=\"audio-197011-24\" preload=\"none\" style=\"width: 100%;\" controls=\"controls\"><source type=\"audio\/mpeg\" src=\"https:\/\/www.radiopiu.net\/wordpress\/wp-content\/uploads\/2021\/03\/solidarieta-veneto-marzo.mp3?_=24\" \/><a href=\"https:\/\/www.radiopiu.net\/wordpress\/wp-content\/uploads\/2021\/03\/solidarieta-veneto-marzo.mp3\">https:\/\/www.radiopiu.net\/wordpress\/wp-content\/uploads\/2021\/03\/solidarieta-veneto-marzo.mp3<\/a><\/audio>\n<p>&nbsp;<\/p>\n<blockquote>\n<h2>RACCOLTA COMPLETA<\/h2>\n<\/blockquote>\n<blockquote class=\"wp-embedded-content\" data-secret=\"au5SH1HCT6\"><p><a href=\"https:\/\/www.radiopiu.net\/wordpress\/solidarieta-veneto\/\">Solidariet\u00e0 Veneto<\/a><\/p><\/blockquote>\n<p><iframe loading=\"lazy\" class=\"wp-embedded-content\" sandbox=\"allow-scripts\" security=\"restricted\" style=\"position: absolute; clip: rect(1px, 1px, 1px, 1px);\" title=\"&#8220;Solidariet\u00e0 Veneto&#8221; &#8212; Radio Pi\u00f9\" src=\"https:\/\/www.radiopiu.net\/wordpress\/solidarieta-veneto\/embed\/#?secret=au5SH1HCT6\" data-secret=\"au5SH1HCT6\" width=\"600\" height=\"338\" frameborder=\"0\" marginwidth=\"0\" marginheight=\"0\" scrolling=\"no\"><\/iframe><\/p>\n<p>&nbsp;<\/p>\n<hr \/>\n<\/div>\n<p>&nbsp;<\/p>\n<blockquote><p>&nbsp;<\/p><\/blockquote>\n<div>\n<h2><span style=\"color: #ff0000;\">ALLA RADIO<\/span><\/h2>\n<\/div>\n<div>\n<h2><strong>LE\u00a0 PUNTATE di Luisa Alchini di Leggermente Bellunesi, la domenica alle 11, <span style=\"color: #0000ff;\">IL MARTEDI IN PRIMA EDIZIONE\u00a0<\/span> alle 10.30 e alle 19.00<\/strong><\/h2>\n<\/div>\n<div>\n<p><strong><a href=\"https:\/\/www.radiopiu.net\/wordpress\/legger-mente-bellunesi-02-marzo-2021\/156828176_1598288807025847_358448174778964781_o\/\" rel=\"attachment wp-att-194538\"><img loading=\"lazy\" decoding=\"async\" class=\" wp-image-194538 alignleft\" src=\"https:\/\/www.radiopiu.net\/wordpress\/wp-content\/uploads\/2021\/03\/156828176_1598288807025847_358448174778964781_o-206x300.jpg\" alt=\"\" width=\"86\" height=\"125\" srcset=\"https:\/\/www.radiopiu.net\/wordpress\/wp-content\/uploads\/2021\/03\/156828176_1598288807025847_358448174778964781_o-206x300.jpg 206w, https:\/\/www.radiopiu.net\/wordpress\/wp-content\/uploads\/2021\/03\/156828176_1598288807025847_358448174778964781_o.jpg 685w\" sizes=\"auto, (max-width: 86px) 100vw, 86px\" \/><\/a><\/strong><\/p>\n<\/div>\n<div>\n<h3>La gloriosa carriera del perito minerario Gianni Rivis raccontata nel libro di ricordi.<\/h3>\n<p>&nbsp;<\/p>\n<\/div>\n<h2><\/h2>\n<audio class=\"wp-audio-shortcode\" id=\"audio-197011-25\" preload=\"none\" style=\"width: 100%;\" controls=\"controls\"><source type=\"audio\/mpeg\" src=\"https:\/\/www.radiopiu.net\/wordpress\/wp-content\/uploads\/2021\/03\/20leggermentegiannirivis2021.mp3?_=25\" \/><a href=\"https:\/\/www.radiopiu.net\/wordpress\/wp-content\/uploads\/2021\/03\/20leggermentegiannirivis2021.mp3\">https:\/\/www.radiopiu.net\/wordpress\/wp-content\/uploads\/2021\/03\/20leggermentegiannirivis2021.mp3<\/a><\/audio>\n<blockquote>\n<div>\n<h2><strong style=\"font-size: 14px;\"><span style=\"color: #000000;\">RACCOLTA COMPLETA<\/span><\/strong><\/h2>\n<\/div>\n<blockquote class=\"wp-embedded-content\" data-secret=\"iTJrSXfQ37\"><p><a href=\"https:\/\/www.radiopiu.net\/wordpress\/leggermente-20\/\">LEGGERmente&#8230;Bellunesi<\/a><\/p><\/blockquote>\n<p><iframe loading=\"lazy\" class=\"wp-embedded-content\" sandbox=\"allow-scripts\" security=\"restricted\" style=\"position: absolute; clip: rect(1px, 1px, 1px, 1px);\" title=\"&#8220;LEGGERmente&#8230;Bellunesi&#8221; &#8212; Radio Pi\u00f9\" src=\"https:\/\/www.radiopiu.net\/wordpress\/leggermente-20\/embed\/#?secret=iTJrSXfQ37\" data-secret=\"iTJrSXfQ37\" width=\"600\" height=\"338\" frameborder=\"0\" marginwidth=\"0\" marginheight=\"0\" scrolling=\"no\"><\/iframe><\/p>\n<p>&nbsp;<\/p><\/blockquote>\n<p>&nbsp;<\/p>\n<hr \/>\n<h2><\/h2>\n<blockquote>\n<h2>CASSA SOLIDARIET\u00c0 LUXOTTICA<\/h2>\n<\/blockquote>\n<h3><strong><span style=\"color: #ff0000;\">IL NUMERO DI FEBBRAIO CON PAOLO CHISSALE&#8217; E FABRIZIO CAMPEDEL\u00a0\u00a0<\/span><\/strong><\/h3>\n<audio class=\"wp-audio-shortcode\" id=\"audio-197011-26\" preload=\"none\" style=\"width: 100%;\" controls=\"controls\"><source type=\"audio\/mpeg\" src=\"https:\/\/www.radiopiu.net\/wordpress\/wp-content\/uploads\/2021\/02\/ca-sol-lux-febbraio.mp3?_=26\" \/><a href=\"https:\/\/www.radiopiu.net\/wordpress\/wp-content\/uploads\/2021\/02\/ca-sol-lux-febbraio.mp3\">https:\/\/www.radiopiu.net\/wordpress\/wp-content\/uploads\/2021\/02\/ca-sol-lux-febbraio.mp3<\/a><\/audio>\n<blockquote>\n<h2>RACCOLTA COMPLETA<\/h2>\n<\/blockquote>\n<blockquote class=\"wp-embedded-content\" data-secret=\"HLz4N9XjRW\"><p><a href=\"https:\/\/www.radiopiu.net\/wordpress\/cassa-solidarieta-luxottica-puntata-del-16-ottobre-2020\/\">CASSA SOLIDARIET\u00c0 LUXOTTICA &#8211; PUNTATA DEL 20 NOVEMBRE 2020<\/a><\/p><\/blockquote>\n<p><iframe loading=\"lazy\" class=\"wp-embedded-content\" sandbox=\"allow-scripts\" security=\"restricted\" style=\"position: absolute; clip: rect(1px, 1px, 1px, 1px);\" title=\"&#8220;CASSA SOLIDARIET\u00c0 LUXOTTICA &#8211; PUNTATA DEL 20 NOVEMBRE 2020&#8221; &#8212; Radio Pi\u00f9\" src=\"https:\/\/www.radiopiu.net\/wordpress\/cassa-solidarieta-luxottica-puntata-del-16-ottobre-2020\/embed\/#?secret=HLz4N9XjRW\" data-secret=\"HLz4N9XjRW\" width=\"600\" height=\"338\" frameborder=\"0\" marginwidth=\"0\" marginheight=\"0\" scrolling=\"no\"><\/iframe><\/p>\n<div>\n<p>&nbsp;<\/p>\n<\/div>\n<p>&nbsp;<\/p>\n<hr \/>\n<h2><\/h2>\n<p>&nbsp;<\/p>\n<blockquote class=\"wp-embedded-content\" data-secret=\"4SS0u0QUfZ\"><p><a href=\"https:\/\/www.radiopiu.net\/wordpress\/ep-center-video-gallery\/\">EP CENTER video gallery<\/a><\/p><\/blockquote>\n<p><iframe loading=\"lazy\" class=\"wp-embedded-content\" sandbox=\"allow-scripts\" security=\"restricted\" style=\"position: absolute; clip: rect(1px, 1px, 1px, 1px);\" title=\"&#8220;EP CENTER video gallery&#8221; &#8212; Radio Pi\u00f9\" src=\"https:\/\/www.radiopiu.net\/wordpress\/ep-center-video-gallery\/embed\/#?secret=4SS0u0QUfZ\" data-secret=\"4SS0u0QUfZ\" width=\"600\" height=\"338\" frameborder=\"0\" marginwidth=\"0\" marginheight=\"0\" scrolling=\"no\"><\/iframe><\/p>\n<p>&nbsp;<\/p>\n<div dir=\"auto\">\n<p>&nbsp;<\/p>\n<hr \/>\n<p>&nbsp;<\/p>\n<div>\n<p class=\"photoswipe-wrapper\"><a class=\"dt-pswp-item pspw-wrap-ready\" href=\"https:\/\/i0.wp.com\/www.radiopiu.net\/wordpress\/wp-content\/uploads\/2018\/09\/viabilita.jpeg?ssl=1\" data-dt-img-description=\"\" data-large_image_width=\"800\" data-large_image_height=\"100\"><img loading=\"lazy\" decoding=\"async\" class=\"aligncenter wp-image-61954 size-full\" src=\"https:\/\/i0.wp.com\/www.radiopiu.net\/wordpress\/wp-content\/uploads\/2018\/09\/viabilita.jpeg?resize=800%2C100&amp;ssl=1\" sizes=\"auto, (max-width: 800px) 100vw, 800px\" srcset=\"https:\/\/i0.wp.com\/www.radiopiu.net\/wordpress\/wp-content\/uploads\/2018\/09\/viabilita.jpeg?w=800&amp;ssl=1 800w, https:\/\/i0.wp.com\/www.radiopiu.net\/wordpress\/wp-content\/uploads\/2018\/09\/viabilita.jpeg?resize=300%2C38&amp;ssl=1 300w, https:\/\/i0.wp.com\/www.radiopiu.net\/wordpress\/wp-content\/uploads\/2018\/09\/viabilita.jpeg?resize=768%2C96&amp;ssl=1 768w\" alt=\"\" width=\"800\" height=\"100\" \/><\/a><\/p>\n<\/div>\n<p><strong>203 AGORDINA, SEDICO <\/strong>dal 17 al 19 marzo senso unico con movieri<\/p>\n<p><strong>203 AGORDINA LIVINALLONGO <\/strong>dal 15 marzo per un mese (inclusi festivi e prefestivi) senso unico in localit\u00e0 Ponte Pignazza<\/p>\n<p><strong>SP 251 DELLA VAL DI ZOLDO E CELLINA<\/strong> Istituzione di senso unico alternato regolato da semaforo nel comune di Val di Zoldo per messa in sicurezza della strada<\/p>\n<p><strong>SP 42 CAVALLERA<\/strong> fino a revoca, chiusura della strada nell&#8217;abitato di Perarolo per attivazione emergenza frana &#8220;Busa del Cristo&#8221;<\/p>\n<p><strong>S.P.2 DELLA VALLE DEL MIS\u00a0<\/strong>Interdizione totale al traffico fino a revoca dal km 14,920 (localit\u00e0 Gona Bassa) al km 20,650 (localit\u00e0 Titele) per cedimento della carreggiata<\/p>\n<p><strong>S.P. 5 DI LAMOSANO<\/strong>\u00a0Interdizione totale fino a revoca per presenza di materiale e alberi in strada.<\/p>\n<p><strong>SP 3 DELLA VAL IMPERINA<\/strong> fino a revoca, senso unico alternato regolato a vista in localit\u00e0 Gona di Conedera di Rivamonte per cedimento della carreggiata stradale<\/p>\n<p>&nbsp;<\/p>\n<p>&nbsp;<\/p>\n<hr \/>\n<p>&nbsp;<\/p>\n<div>\n<p class=\"photoswipe-wrapper\"><a class=\"dt-pswp-item pspw-wrap-ready\" href=\"https:\/\/i0.wp.com\/www.radiopiu.net\/wordpress\/wp-content\/uploads\/2018\/09\/WhatsApp-Image-2018-09-20-at-16.04.06.jpeg?ssl=1\" data-dt-img-description=\"\" data-large_image_width=\"800\" data-large_image_height=\"100\"><img loading=\"lazy\" decoding=\"async\" class=\"aligncenter wp-image-61378 size-full jetpack-lazy-image jetpack-lazy-image--handled\" src=\"https:\/\/i0.wp.com\/www.radiopiu.net\/wordpress\/wp-content\/uploads\/2018\/09\/WhatsApp-Image-2018-09-20-at-16.04.06.jpeg?resize=800%2C100&amp;ssl=1\" sizes=\"auto, (max-width: 800px) 100vw, 800px\" srcset=\"https:\/\/i0.wp.com\/www.radiopiu.net\/wordpress\/wp-content\/uploads\/2018\/09\/WhatsApp-Image-2018-09-20-at-16.04.06.jpeg?w=800&amp;ssl=1 800w, https:\/\/i0.wp.com\/www.radiopiu.net\/wordpress\/wp-content\/uploads\/2018\/09\/WhatsApp-Image-2018-09-20-at-16.04.06.jpeg?resize=300%2C38&amp;ssl=1 300w, https:\/\/i0.wp.com\/www.radiopiu.net\/wordpress\/wp-content\/uploads\/2018\/09\/WhatsApp-Image-2018-09-20-at-16.04.06.jpeg?resize=768%2C96&amp;ssl=1 768w\" alt=\"\" width=\"800\" height=\"100\" data-lazy-loaded=\"1\" \/><\/a><\/p>\n<\/div>\n<p>&nbsp;<\/p>\n<\/div>\n<p><center><b>Martedi 16<\/b><\/center><b>Tempo atteso: <\/b>Tempo ben soleggiato con cielo sereno, salvo temporanei e irregolari annuvolamenti pomeridiani sulle creste di confine. Aria tersa e ottima visibilit\u00e0 ovunque. Il freddo e i venti si accentueranno in quota con crescente wind chill, mentre il Foehn tender\u00e0 a generalizzarsi in molte valli.<br \/>\n<b>Precipitazioni: <\/b>Assenti (0%), eccetto un po&#8217; di neve burrascosa sulle cime delle Dolomiti centro-settentrionali nel corso della prossima notte (10%).<br \/>\n<b>Temperature: <\/b>In diminuzione in quota, mentre saranno soggette a variazioni locali per favonio nelle valli, anche se complessivamente in calo con gelate notturne pi\u00f9 marcate. Sono previste punte di 8\/9\u00b0C nei fondovalle prealpini e di 4\/6\u00b0C a 1000\/1200 m. Su Prealpi a 1500 m min -4\u00b0C max -1\u00b0C, a 2000 m min -8\u00b0C max -5\u00b0C. Su Dolomiti a 2000 m min -9\u00b0C max -6\u00b0C, a 3000 m min -16\u00b0C max -15\u00b0C.<br \/>\n<b>Venti: <\/b>Nelle valli deboli\/moderati con improvvisi rinforzi per episodi di Foehn; in quota e sulle dorsali prealpine venti forti da nord, a tratti molto forti, a 20-40 km\/h a 2000 m e 50-80 km\/h a 3000 m.(Raffiche sui 90\/100 km\/h sulle cime).<\/p>\n<hr \/>\n<p><center><b>Mercoledi 17<\/b><\/center><b>Tempo atteso: <\/b>In prevalenza soleggiato con cielo sereno, aria tersa ed ottima visibilit\u00e0, eccetto il formarsi di qualche modesto cumulo nelle ore pomeridiane, specie sulle Prealpi. Il freddo si manterr\u00e0 tutto il giorno in alta quota e di notte nelle valli, mentre il sole mitigher\u00e0 leggermente l&#8217;ambiente diurno nelle valli pi\u00f9 assolate.<br \/>\n<b>Precipitazioni: <\/b>Assenti (0%).<br \/>\n<b>Temperature: <\/b>In ulteriore lieve diminuzione in quota; anche nelle valli, dove le situazioni di favonio saranno sempre pi\u00f9 sporadiche. Sono previste punte di 6\/8\u00b0C nei fondovalle prealpini e di 2\/5\u00b0C a 1000\/1200 m. Su Prealpi a 1500 m min -5\u00b0C max -2\u00b0C, a 2000 m min -8\u00b0C max -6\u00b0C. Su Dolomiti a 2000 m min -9\u00b0C max -7\u00b0C, a 3000 m min -17\u00b0C max -16\u00b0C.<br \/>\n<b>Venti: <\/b>Nelle valli deboli\/moderati di direzione variabile, salvo locali rinforzi per residuo Foehn; in quota moderati\/tesi da nord, a 10-20 km\/h a 2000 m e 25-35 km\/h a 3000 m.<\/p>\n<hr \/>\n<p><center><b>Giovedi 18<\/b><\/center>Residui squarci di sereno e nuvolosit\u00e0 irregolare al mattino, poi crescente nuvolosit\u00e0 fino a cielo molto nuvoloso Non escluso qualche goccia sulle Prealpi ed eventuali fiocchi di neve sopra i 700\/800 m. Temperature in generale diminuzione, perlopi\u00f9 di stampo invernale oltre i 1000 m. Atmosfera addirittura gelida in alta montagna. Nelle valli venti deboli di direzione variabile; in quota perlopi\u00f9 deboli, solo a tratti moderati, da ovest e da nord al mattino, in rotazione dai quadranti meridionali al pomeriggio\/sera.<\/p>\n<hr \/>\n<p><center><b>Venerdi 19<\/b><\/center>Iniziale lieve peggioramento del tempo con cielo molto nuvoloso\/coperto associato a deboli o debolissime precipitazioni perlopi\u00f9 sparse. Il limite neve sar\u00e0 tra i 400 e i 700 m. Al pomeriggio graduale miglioramento con rasserenamenti. Temperature in rialzo, eccetto lieve flessione delle massime nelle valli. Venti deboli\/moderati dai quadranti meridionali in quota, in rotazione da nord alla sera; deboli di direzione variabile nelle valli. Previsore: R.L.Th.<\/p>\n<p>&nbsp;<\/p>\n<hr \/>\n<p>&nbsp;<\/p>\n<p><a href=\"https:\/\/www.radiopiu.net\/wordpress\/giornale-radiopiu-15-settembre-2018-direttore-mirko-mezzacasa\/sport-7\/\" rel=\"attachment wp-att-60761\"><img loading=\"lazy\" decoding=\"async\" class=\"wp-image-60761 size-full aligncenter\" src=\"https:\/\/www.radiopiu.net\/wordpress\/wp-content\/uploads\/2018\/09\/sport.jpg\" alt=\"\" width=\"800\" height=\"100\" srcset=\"https:\/\/www.radiopiu.net\/wordpress\/wp-content\/uploads\/2018\/09\/sport.jpg 800w, https:\/\/www.radiopiu.net\/wordpress\/wp-content\/uploads\/2018\/09\/sport-300x38.jpg 300w, https:\/\/www.radiopiu.net\/wordpress\/wp-content\/uploads\/2018\/09\/sport-768x96.jpg 768w\" sizes=\"auto, (max-width: 800px) 100vw, 800px\" \/><\/a><\/p>\n<p>&nbsp;<\/p>\n<blockquote>\n<h3>INIZIANO I QUARTI DI FINALE DELLA IHL. ALLEGHE A MERANO PER GARA 1<\/h3>\n<\/blockquote>\n<p><strong><a href=\"https:\/\/www.radiopiu.net\/wordpress\/alleghe-hockey-confermati-manuel-da-tos-nicola-soppelsa-e-david-malaj\/alleghe-hockey-gruppo\/\" rel=\"attachment wp-att-156065\"><img loading=\"lazy\" decoding=\"async\" class=\"size-medium wp-image-156065 alignleft\" src=\"https:\/\/www.radiopiu.net\/wordpress\/wp-content\/uploads\/2020\/08\/ALLEGHE-HOCKEY-GRUPPO-300x200.jpg\" alt=\"\" width=\"300\" height=\"200\" srcset=\"https:\/\/www.radiopiu.net\/wordpress\/wp-content\/uploads\/2020\/08\/ALLEGHE-HOCKEY-GRUPPO-300x200.jpg 300w, https:\/\/www.radiopiu.net\/wordpress\/wp-content\/uploads\/2020\/08\/ALLEGHE-HOCKEY-GRUPPO-1024x681.jpg 1024w, https:\/\/www.radiopiu.net\/wordpress\/wp-content\/uploads\/2020\/08\/ALLEGHE-HOCKEY-GRUPPO-768x511.jpg 768w, https:\/\/www.radiopiu.net\/wordpress\/wp-content\/uploads\/2020\/08\/ALLEGHE-HOCKEY-GRUPPO-1536x1022.jpg 1536w, https:\/\/www.radiopiu.net\/wordpress\/wp-content\/uploads\/2020\/08\/ALLEGHE-HOCKEY-GRUPPO-2048x1363.jpg 2048w\" sizes=\"auto, (max-width: 300px) 100vw, 300px\" \/><\/a>ALLEGHE<\/strong> Stasera alle 20:30 si gioca gara 1 dei quarti di finale di Italian Hockey League tra Merano ed Alleghe. Per il quarto anno consecutivo ai quarti di finale playoff si ripropone la sfida tra Civette e Aquile. Anche in questa stagione la sfida si presenta impari, contro un Merano favorito. Quest\u2019anno, nell\u2019incrocio con gli Agordini, le Aquile hanno vinto tutte e tre le gare disputate: due di regular season (5-2 a Merano e 4-0 ad Alleghe) e la semifinale di Coppa Italia giocata alla Meranarena (5-1).I precedenti in Italian Hockey League tra Alleghe e Merano sono a senso unico: in 27 partite disputate, 24 vittorie Altoatesine e 3 Agordine. Per quanto riguarda le reti totali sono 157 delle Aquile e 53 delle Civette. L\u2019ultima curiosit\u00e0 riguarda un tab\u00f9 da sfatare che resiste da sei anni: dalla stagione 2014\/2015, da quando le due formazioni si incontrano in IHL, i Bellunesi non hanno mai vinto sul ghiaccio della Meranarena. L&#8217;appuntamento \u00e8 per oggi alle 20:30 su Radio Pi\u00f9 con &#8220;Hockey Al Punto Giusto&#8221;. Dalla MeranArena Federico Paganin ci racconter\u00e0 la partita.<\/p>\n<p><strong>LA PRESENTAZIONE DELLA PARTITA A CURA DI ROBERTO MIANA<\/strong><\/p>\n<audio class=\"wp-audio-shortcode\" id=\"audio-197011-27\" preload=\"none\" style=\"width: 100%;\" controls=\"controls\"><source type=\"audio\/mpeg\" src=\"https:\/\/www.radiopiu.net\/wordpress\/wp-content\/uploads\/2021\/03\/ROBERTO-MIANA-QUARTI-GARA-1.mp3?_=27\" \/><a href=\"https:\/\/www.radiopiu.net\/wordpress\/wp-content\/uploads\/2021\/03\/ROBERTO-MIANA-QUARTI-GARA-1.mp3\">https:\/\/www.radiopiu.net\/wordpress\/wp-content\/uploads\/2021\/03\/ROBERTO-MIANA-QUARTI-GARA-1.mp3<\/a><\/audio>\n<p>&nbsp;<\/p>\n<hr \/>\n<p>&nbsp;<\/p>\n<blockquote>\n<h3>FINE SETTIMANA DA DIMENTICARE PER MANUELA BULF IN TOSCANA<\/h3>\n<\/blockquote>\n<p><strong><a href=\"https:\/\/www.radiopiu.net\/wordpress\/giornale-radiopiu-17-febbraio-2020-direttore-mirko-mezzacasa\/mel_manuela-bulf_b\/\" rel=\"attachment wp-att-117880\"><img loading=\"lazy\" decoding=\"async\" class=\" wp-image-117880 alignleft\" src=\"https:\/\/www.radiopiu.net\/wordpress\/wp-content\/uploads\/2020\/02\/Mel_Manuela-Bulf_b-225x300.jpg\" alt=\"\" width=\"112\" height=\"149\" srcset=\"https:\/\/www.radiopiu.net\/wordpress\/wp-content\/uploads\/2020\/02\/Mel_Manuela-Bulf_b-225x300.jpg 225w, https:\/\/www.radiopiu.net\/wordpress\/wp-content\/uploads\/2020\/02\/Mel_Manuela-Bulf_b.jpg 768w\" sizes=\"auto, (max-width: 112px) 100vw, 112px\" \/><\/a>AGORDO\u00a0<\/strong>Manuela Bulf, l&#8217;atleta dell&#8217;Atletica Agordina, ha partecipato nel fine settimana alla Festa Del Cross a Campi Bisenzio in Toscana. Nella gara valida per i campionati italiani di corsa campestre, l&#8217;agordina non \u00e8 riuscita a dare il meglio di se. Dopo una bella partenza non \u00e8 riuscita ad esprimersi al meglio ed ha concluso la gara al 38\u00ba posto nella classifica individuale, 54\u00ba in quella assoluta, concludendo la gara di 8 km con il tempo di 32&#8217;13&#8221; in una gara di alto livello dominata da un terzetto africano.<\/p>\n","protected":false},"excerpt":{"rendered":"<p>PER RICEVERE QUESTO NOTIZIARIO DIRETTAMENTE SUL TUO CELLULARE ISCRIVITI AL CANALE TELEGRAM \u201cRADIO PIU\u00a0 INFORMAZIONE&#8221;\u00a0 SUPERATI I 3000 ISCRITTI, il CANALE TELEGRAM&#8230; UNISCITI A: RADIO PIU INFORMAZIONE &nbsp; &nbsp; ATTENZIONE: LA NUOVA APP PER IOS-IPHONE di Nicola Vettorello https:\/\/apps.apple.com\/it\/app\/radio-pi%C3%B9-emittente-agordina\/id1515939845 ATTENZIONE: LA NUOVA APP RADIO\u00a0 PER ANDROID di Nicola Vettorello https:\/\/play.google.com\/store\/apps\/details?id=net.radiopiu.iniko &nbsp; &#8230;e poi c&#8217;\u00e8 la&hellip;<\/p>\n","protected":false},"author":4,"featured_media":197027,"comment_status":"closed","ping_status":"closed","sticky":false,"template":"","format":"standard","meta":{"_monsterinsights_skip_tracking":false,"_monsterinsights_sitenote_active":false,"_monsterinsights_sitenote_note":"","_monsterinsights_sitenote_category":0,"footnotes":""},"categories":[1,51,86,49],"tags":[],"class_list":["post-197011","post","type-post","status-publish","format-standard","has-post-thumbnail","hentry","category-senza-categoria","category-evidenza-top","category-gr","category-news-18","category-1","category-51","category-86","category-49","description-off"],"img_url":"https:\/\/www.radiopiu.net\/wordpress\/wp-content\/uploads\/2021\/03\/160313276_466055197917040_5318671337054942404_n.jpg","_links":{"self":[{"href":"https:\/\/www.radiopiu.net\/wordpress\/wp-json\/wp\/v2\/posts\/197011","targetHints":{"allow":["GET"]}}],"collection":[{"href":"https:\/\/www.radiopiu.net\/wordpress\/wp-json\/wp\/v2\/posts"}],"about":[{"href":"https:\/\/www.radiopiu.net\/wordpress\/wp-json\/wp\/v2\/types\/post"}],"author":[{"embeddable":true,"href":"https:\/\/www.radiopiu.net\/wordpress\/wp-json\/wp\/v2\/users\/4"}],"replies":[{"embeddable":true,"href":"https:\/\/www.radiopiu.net\/wordpress\/wp-json\/wp\/v2\/comments?post=197011"}],"version-history":[{"count":0,"href":"https:\/\/www.radiopiu.net\/wordpress\/wp-json\/wp\/v2\/posts\/197011\/revisions"}],"wp:featuredmedia":[{"embeddable":true,"href":"https:\/\/www.radiopiu.net\/wordpress\/wp-json\/wp\/v2\/media\/197027"}],"wp:attachment":[{"href":"https:\/\/www.radiopiu.net\/wordpress\/wp-json\/wp\/v2\/media?parent=197011"}],"wp:term":[{"taxonomy":"category","embeddable":true,"href":"https:\/\/www.radiopiu.net\/wordpress\/wp-json\/wp\/v2\/categories?post=197011"},{"taxonomy":"post_tag","embeddable":true,"href":"https:\/\/www.radiopiu.net\/wordpress\/wp-json\/wp\/v2\/tags?post=197011"}],"curies":[{"name":"wp","href":"https:\/\/api.w.org\/{rel}","templated":true}]}}